{"id":30292,"date":"2016-10-30T14:17:58","date_gmt":"2016-10-30T16:17:58","guid":{"rendered":"http:\/\/blogdoprosperi.com\/?p=30292"},"modified":"2016-10-30T14:25:45","modified_gmt":"2016-10-30T16:25:45","slug":"cuca-nao-tem-tempo-para-recuperar-gabriel-jesus","status":"publish","type":"post","link":"https:\/\/blogdoprosperi.com\/?p=30292","title":{"rendered":"Cuca n\u00e3o tem tempo para recuperar Gabriel Jesus"},"content":{"rendered":"<p><span class=\"alignnone\"><img data-recalc-dims=\"1\" loading=\"lazy\" decoding=\"async\" data-attachment-id=\"30270\" data-permalink=\"https:\/\/blogdoprosperi.com\/?attachment_id=30270\" data-orig-file=\"https:\/\/i0.wp.com\/blogdoprosperi.com\/wp-content\/uploads\/2016\/10\/pro3-22.jpg?fit=2581%2C1721&amp;ssl=1\" data-orig-size=\"2581,1721\" data-comments-opened=\"1\" data-image-meta=\"{&quot;aperture&quot;:&quot;2.8&quot;,&quot;credit&quot;:&quot;&quot;,&quot;camera&quot;:&quot;Canon EOS-1D X&quot;,&quot;caption&quot;:&quot;&quot;,&quot;created_timestamp&quot;:&quot;1477766746&quot;,&quot;copyright&quot;:&quot;ALEX SILVA\/ESTADAO&quot;,&quot;focal_length&quot;:&quot;400&quot;,&quot;iso&quot;:&quot;4000&quot;,&quot;shutter_speed&quot;:&quot;0.001&quot;,&quot;title&quot;:&quot;&quot;,&quot;orientation&quot;:&quot;1&quot;}\" data-image-title=\"pro3-22\" data-image-description=\"\" data-image-caption=\"\" data-large-file=\"https:\/\/i0.wp.com\/blogdoprosperi.com\/wp-content\/uploads\/2016\/10\/pro3-22.jpg?fit=940%2C627&amp;ssl=1\" class=\"alignnone size-full wp-image-30270\" src=\"https:\/\/i0.wp.com\/blogdoprosperi.com\/wp-content\/uploads\/2016\/10\/pro3-22.jpg?resize=940%2C627&#038;ssl=1\" alt=\"pro3-22\" width=\"940\" height=\"627\" \/><\/span>Cuca assumiu o compromisso p\u00fablico de recuperar o futebol de Gabriel Jesus, <a href=\"http:\/\/blogdoprosperi.com\/2016\/10\/29\/palmeiras-joga-de-olho-no-empate-e-paga-caro-com-derrota-na-vila-belmiro\/\">ap\u00f3s derrota (1 a 0) diante do Santos s\u00e1bado na Vila.<\/a> Disse que esta \u00e9 uma de suas miss\u00f5es na reta final do Campeonato Brasileiro &#8211; restam cinco rodadas. N\u00e3o parece uma tarefa f\u00e1cil. Treinador do Palmeiras n\u00e3o ter\u00e1 tempo para devolver o garoto aos seus dias de encanto. <a href=\"http:\/\/blogdoprosperi.com\/2016\/09\/01\/tite-estreia-com-vitoria-na-selecao-e-lanca-ao-mundo-um-novo-fenomeno-do-futebol-brasileiro-gabriel-jesus\/\">Jesus, depois do jogo contra o Inter no domingo (06\/11), vai servir a Sele\u00e7\u00e3o Brasileira <\/a>e s\u00f3 deve voltar no dia 17\/11 na partida contra o Atl\u00e9tico-MG no Mineir\u00e3o.<!--more--><\/p>\n<p>Gabriel Jesus vai ficar com Cuca apenas nesta primeira semana de novembro, apontada como crucial para o Palmeiras n\u00e3o deixar escapar o t\u00edtulo do Brasileir\u00e3o. Ser\u00e3o dias de concentra\u00e7\u00e3o intensa em que n\u00e3o se vai falar em outra coisa do que a obriga\u00e7\u00e3o de vencer o Inter no Allianz Parque.<\/p>\n<blockquote><p>&#8220;\u00c9 uma oscila\u00e7\u00e3o. Ele est\u00e1 sendo muito marcado. Come\u00e7amos com ele de centroavante (<em>contra o Santos<\/em>), depois o coloquei na esquerda e na sequ\u00eancia na direita. Ele n\u00e3o conseguiu encontrar seu espa\u00e7o. Tem dia que \u00e9 assim. N\u00e3o foi um dia feliz. Acontece com qualquer jogador. Ele continua sendo fundamental para n\u00f3s. Cabe a mim recuper\u00e1-lo nessa reta final de campeonato&#8221;, disse Cuca.<\/p><\/blockquote>\n<p>Ap\u00f3s a partida contra o time ga\u00facho, o garoto embarca no domingo \u00e0 noite com destino a Belo Horizonte, onde vai ficar aos cuidados de Tite. Mudan\u00e7a radical de ambiente. Sai o Brasileir\u00e3o entram as Eliminat\u00f3rias da Copa de 2018.<\/p>\n<p><span class=\"alignnone\"><img data-recalc-dims=\"1\" loading=\"lazy\" decoding=\"async\" data-attachment-id=\"28199\" data-permalink=\"https:\/\/blogdoprosperi.com\/?attachment_id=28199\" data-orig-file=\"https:\/\/i0.wp.com\/blogdoprosperi.com\/wp-content\/uploads\/2016\/10\/1476220170_792041_1476234049_noticia_normal_recorte1.jpg?fit=1960%2C1024&amp;ssl=1\" data-orig-size=\"1960,1024\" data-comments-opened=\"1\" data-image-meta=\"{&quot;aperture&quot;:&quot;0&quot;,&quot;credit&quot;:&quot;&quot;,&quot;camera&quot;:&quot;&quot;,&quot;caption&quot;:&quot;&quot;,&quot;created_timestamp&quot;:&quot;0&quot;,&quot;copyright&quot;:&quot;&quot;,&quot;focal_length&quot;:&quot;0&quot;,&quot;iso&quot;:&quot;0&quot;,&quot;shutter_speed&quot;:&quot;0&quot;,&quot;title&quot;:&quot;&quot;,&quot;orientation&quot;:&quot;0&quot;}\" data-image-title=\"1476220170_792041_1476234049_noticia_normal_recorte1\" data-image-description=\"\" data-image-caption=\"\" data-large-file=\"https:\/\/i0.wp.com\/blogdoprosperi.com\/wp-content\/uploads\/2016\/10\/1476220170_792041_1476234049_noticia_normal_recorte1.jpg?fit=940%2C491&amp;ssl=1\" class=\"alignnone size-full wp-image-28199\" src=\"https:\/\/i0.wp.com\/blogdoprosperi.com\/wp-content\/uploads\/2016\/10\/1476220170_792041_1476234049_noticia_normal_recorte1.jpg?resize=940%2C491&#038;ssl=1\" alt=\"1476220170_792041_1476234049_noticia_normal_recorte1\" width=\"940\" height=\"491\" \/><\/span>O assunto ser\u00e1 Sele\u00e7\u00e3o Brasileira contra Argentina de Lionel Messi. N\u00e3o fosse a rivalidade entre as duas esquadras tem ainda o fator Mineir\u00e3o. <a href=\"http:\/\/blogdoprosperi.com\/2016\/09\/27\/dunga-vai-para-china-e-felipao-nao-volta-ao-futebol-brasileiro\/\">O jogo vai marcar a volta do Brasil ao palco do 7 a 1 para Alemanha <\/a>na semifinal da Copa de 2014. \u00c9 mais press\u00e3o no garoto em clima totalmente adverso ao do Palmeiras.<\/p>\n<p>Em seguida ao jogo da Argentina, dia 10\/11, a Sele\u00e7\u00e3o embarca com destino a Lima para enfrentar o Peru na madrugada (meia-noite e cinco) de 15 para 16 de novembro. No dia seguinte (17\/11), \u00e0s 21h, o Palmeiras visita o Atl\u00e9tico-MG no Mineir\u00e3o, pela 35.\u00aa rodada do Brasileir\u00e3o, partida das mais importantes do time paulista na briga pela ta\u00e7a.<\/p>\n<p>\u00c9 bem prov\u00e1vel que o clube, leia-se o presidente Paulo Nobre, possa emprestar seu jatinho para levar Jesus de Lima at\u00e9 Belo Horizonte. A conferir.<\/p>\n<p>O fato \u00e9 que Cuca sabe da import\u00e2ncia do seu craque nesta reta final de campeonato. O problema \u00e9 como encontrar tempo e jeito de fazer o menino voltar a jogar o futebol que o levou \u00e0 Sele\u00e7\u00e3o e ao <a href=\"http:\/\/blogdoprosperi.com\/2016\/08\/03\/manchester-city-confirma-contratacao-de-gabriel-jesus\/\">Manchester City por 32 milh\u00f5es de euros<\/a>.<\/p>\n<p><span class=\"alignnone\"><img data-recalc-dims=\"1\" loading=\"lazy\" decoding=\"async\" data-attachment-id=\"25475\" data-permalink=\"https:\/\/blogdoprosperi.com\/?attachment_id=25475\" data-orig-file=\"https:\/\/i0.wp.com\/blogdoprosperi.com\/wp-content\/uploads\/2016\/09\/16152430.jpeg?fit=620%2C420&amp;ssl=1\" data-orig-size=\"620,420\" data-comments-opened=\"1\" data-image-meta=\"{&quot;aperture&quot;:&quot;0&quot;,&quot;credit&quot;:&quot;&quot;,&quot;camera&quot;:&quot;&quot;,&quot;caption&quot;:&quot;&quot;,&quot;created_timestamp&quot;:&quot;0&quot;,&quot;copyright&quot;:&quot;&quot;,&quot;focal_length&quot;:&quot;0&quot;,&quot;iso&quot;:&quot;0&quot;,&quot;shutter_speed&quot;:&quot;0&quot;,&quot;title&quot;:&quot;&quot;,&quot;orientation&quot;:&quot;0&quot;}\" data-image-title=\"16152430\" data-image-description=\"\" data-image-caption=\"\" data-large-file=\"https:\/\/i0.wp.com\/blogdoprosperi.com\/wp-content\/uploads\/2016\/09\/16152430.jpeg?fit=620%2C420&amp;ssl=1\" class=\"alignnone size-full wp-image-25475\" src=\"https:\/\/i0.wp.com\/blogdoprosperi.com\/wp-content\/uploads\/2016\/09\/16152430.jpeg?resize=620%2C420&#038;ssl=1\" alt=\"16152430\" width=\"620\" height=\"420\" \/><\/span><\/p>\n<p>Gabriel Jesus n\u00e3o faz um gol para o Palmeiras a sete jogos. <a href=\"http:\/\/blogdoprosperi.com\/2016\/09\/15\/palmeiras-se-sufoca-no-aroma-do-flamengo-e-corre-risco-de-perder-a-lideranca\/\">Marcou o \u00faltimo no empate (1 a 1) contra o Flamengo e parou a\u00ed.<\/a> Na Sele\u00e7\u00e3o de Tite, em quatro partidas fez quatro gols &#8211; m\u00e9dia dos grandes craques.<\/p>\n<p>Seus n\u00fameros no Brasileir\u00e3o, antes espetaculares at\u00e9 a Olimp\u00edada do Rio, indicam uma queda t\u00e9cnica acentuada. Jesus disputou 23 das 35 partidas do Palmeiras. Marcou 11 gols e deu quatro assist\u00eancias e recebeu 10 cart\u00f5es amarelos &#8211; a maioria por reclama\u00e7\u00e3o contra os \u00e1rbitros.<\/p>\n<p>Se quiser se firmar como grande \u00eddolo do clube que o revelou ao futebol, Gabriel Jesus vai ter de se matar em campo nessas \u00faltimas cinco rodadas. E deixar Manchester City e Guardiola para janeiro.<\/p>\n<p>Veja o que disse <a href=\"http:\/\/blogdoprosperi.com\/2016\/07\/22\/entenda-como-gabriel-jesus-escolheu-manchester-city-para-jogar-na-europa\/\">Guardiola sobre Jesus <\/a>na v\u00e9spera do cl\u00e1ssico contra o United h\u00e1 uma semana:<\/p>\n<blockquote><p><span class=\"alignnone\"><img data-recalc-dims=\"1\" loading=\"lazy\" decoding=\"async\" data-attachment-id=\"30382\" data-permalink=\"https:\/\/blogdoprosperi.com\/?attachment_id=30382\" data-orig-file=\"https:\/\/i0.wp.com\/blogdoprosperi.com\/wp-content\/uploads\/2016\/10\/article-2439949-18257f2700000578-56_634x404.jpg?fit=634%2C404&amp;ssl=1\" data-orig-size=\"634,404\" data-comments-opened=\"1\" data-image-meta=\"{&quot;aperture&quot;:&quot;0&quot;,&quot;credit&quot;:&quot;\\u00a9 AP&quot;,&quot;camera&quot;:&quot;&quot;,&quot;caption&quot;:&quot;&quot;,&quot;created_timestamp&quot;:&quot;0&quot;,&quot;copyright&quot;:&quot;&quot;,&quot;focal_length&quot;:&quot;0&quot;,&quot;iso&quot;:&quot;0&quot;,&quot;shutter_speed&quot;:&quot;0&quot;,&quot;title&quot;:&quot;&quot;,&quot;orientation&quot;:&quot;0&quot;}\" data-image-title=\"article-2439949-18257f2700000578-56_634x404\" data-image-description=\"\" data-image-caption=\"\" data-large-file=\"https:\/\/i0.wp.com\/blogdoprosperi.com\/wp-content\/uploads\/2016\/10\/article-2439949-18257f2700000578-56_634x404.jpg?fit=634%2C404&amp;ssl=1\" class=\"alignnone size-full wp-image-30382\" src=\"https:\/\/i0.wp.com\/blogdoprosperi.com\/wp-content\/uploads\/2016\/10\/article-2439949-18257f2700000578-56_634x404.jpg?resize=634%2C404&#038;ssl=1\" alt=\"article-2439949-18257f2700000578-56_634x404\" width=\"634\" height=\"404\" \/><\/span>\u201cCom 19 anos, ele \u00a0(<em>Gabriel Jesus<\/em>) \u00e9 o camisa 9 do Brasil, isso \u00e9 muita coisa. Estamos muito felizes por contrat\u00e1-lo, e vamos fazer de tudo para que se adapte rapidamente. Espero contar com a ajuda dos outros brasileiros, Fernando e Fernandinho, nessa hora.\u201d<\/p><\/blockquote>\n<p>Veja o que disse Gabriel Jesus h\u00e1 pouco mais de um m\u00eas ao <em>The Guardian<\/em>, de Londres:<\/p>\n<blockquote><p>&#8220;Toda essa mudan\u00e7a n\u00e3o me assusta. Minha vida sempre foi cheia de desafios. Obviamente este \u00e9 um maior, mas as melhores batalhas s\u00e3o dadas para os melhores guerreiros. Vou ouvir a opini\u00e3o do treinador (<em>Guardiola<\/em>) e seu conselho, a fim de melhorar e adaptar o mais r\u00e1pido que eu puder &#8220;.<\/p><\/blockquote>\n","protected":false},"excerpt":{"rendered":"<p>Cuca assumiu o compromisso p\u00fablico de recuperar o futebol de Gabriel Jesus, ap\u00f3s derrota (1 a 0) diante [&hellip;]<\/p>\n","protected":false},"author":102107496,"featured_media":0,"comment_status":"open","ping_status":"open","sticky":false,"template":"","format":"standard","meta":{"_coblocks_attr":"","_coblocks_dimensions":"","_coblocks_responsive_height":"","_coblocks_accordion_ie_support":"","_jetpack_newsletter_access":"","_jetpack_dont_email_post_to_subs":false,"_jetpack_newsletter_tier_id":0,"_jetpack_memberships_contains_paywalled_content":false,"_wpcom_ai_launchpad_first_post":false,"_jetpack_feature_clip_id":0,"_jetpack_memberships_contains_paid_content":false,"footnotes":"","jetpack_publicize_message":"","jetpack_publicize_feature_enabled":true,"jetpack_social_post_already_shared":false,"jetpack_social_options":{"image_generator_settings":{"template":"highway","default_image_id":0,"font":"","enabled":false},"version":2},"jetpack_post_was_ever_published":false},"categories":[355071,53870],"tags":[7303303,471113831,789560560,232826435,2313775,409523,8328841,789560562,1814220],"class_list":["post-30292","post","type-post","status-publish","format-standard","hentry","category-campeonato-brasileiro","category-futebol","tag-brasil-x-argentina","tag-cuca-palmeiras","tag-futebol","tag-gabriel-jesus","tag-guardiola","tag-manchester-city","tag-palmeiras-clube","tag-selecao-brasileira","tag-tite"],"yoast_head":"<!-- This site is optimized with the Yoast SEO plugin v28.3 - https:\/\/yoast.com\/product\/yoast-seo-wordpress\/ -->\n<title>Cuca n\u00e3o tem tempo para recuperar Gabriel Jesus - PR\u00d3SPERI NEWS<\/title>\n<meta name=\"robots\" content=\"index, follow, max-snippet:-1, max-image-preview:large, max-video-preview:-1\" \/>\n<link rel=\"canonical\" href=\"https:\/\/blogdoprosperi.com\/?p=30292\" \/>\n<meta property=\"og:locale\" content=\"pt_BR\" \/>\n<meta property=\"og:type\" content=\"article\" \/>\n<meta property=\"og:title\" content=\"Cuca n\u00e3o tem tempo para recuperar Gabriel Jesus - PR\u00d3SPERI NEWS\" \/>\n<meta property=\"og:description\" content=\"Cuca assumiu o compromisso p\u00fablico de recuperar o futebol de Gabriel Jesus, ap\u00f3s derrota (1 a 0) diante [&hellip;]\" \/>\n<meta property=\"og:url\" content=\"https:\/\/blogdoprosperi.com\/?p=30292\" \/>\n<meta property=\"og:site_name\" content=\"PR\u00d3SPERI NEWS\" \/>\n<meta property=\"article:publisher\" content=\"Luiz Pr\u00f3speri\" \/>\n<meta property=\"article:author\" content=\"Luiz Pr\u00f3speri\" \/>\n<meta property=\"article:published_time\" content=\"2016-10-30T16:17:58+00:00\" \/>\n<meta property=\"article:modified_time\" content=\"2016-10-30T16:25:45+00:00\" \/>\n<meta property=\"og:image\" content=\"https:\/\/blogdoprosperi.com\/wp-content\/uploads\/2016\/10\/pro3-22.jpg\" \/>\n<meta name=\"author\" content=\"Luiz Ant\u00f4nio Pr\u00f3speri\" \/>\n<meta name=\"twitter:card\" content=\"summary_large_image\" \/>\n<meta name=\"twitter:creator\" content=\"@Luizprosperi\" \/>\n<meta name=\"twitter:site\" content=\"@Luizprosperi\" \/>\n<meta name=\"twitter:label1\" content=\"Escrito por\" \/>\n\t<meta name=\"twitter:data1\" content=\"Luiz Ant\u00f4nio Pr\u00f3speri\" \/>\n\t<meta name=\"twitter:label2\" content=\"Est. tempo de leitura\" \/>\n\t<meta name=\"twitter:data2\" content=\"4 minutos\" \/>\n<script type=\"application\/ld+json\" class=\"yoast-schema-graph\">{\"@context\":\"https:\\\/\\\/schema.org\",\"@graph\":[{\"@type\":\"Article\",\"@id\":\"https:\\\/\\\/blogdoprosperi.com\\\/?p=30292#article\",\"isPartOf\":{\"@id\":\"https:\\\/\\\/blogdoprosperi.com\\\/?p=30292\"},\"author\":{\"name\":\"Luiz Ant\u00f4nio Pr\u00f3speri\",\"@id\":\"https:\\\/\\\/blogdoprosperi.com\\\/#\\\/schema\\\/person\\\/38100755ce3601861ee4fab9b5aa78e9\"},\"headline\":\"Cuca n\u00e3o tem tempo para recuperar Gabriel Jesus\",\"datePublished\":\"2016-10-30T16:17:58+00:00\",\"dateModified\":\"2016-10-30T16:25:45+00:00\",\"mainEntityOfPage\":{\"@id\":\"https:\\\/\\\/blogdoprosperi.com\\\/?p=30292\"},\"wordCount\":716,\"commentCount\":1,\"publisher\":{\"@id\":\"https:\\\/\\\/blogdoprosperi.com\\\/#\\\/schema\\\/person\\\/38100755ce3601861ee4fab9b5aa78e9\"},\"image\":{\"@id\":\"https:\\\/\\\/blogdoprosperi.com\\\/?p=30292#primaryimage\"},\"thumbnailUrl\":\"https:\\\/\\\/blogdoprosperi.com\\\/wp-content\\\/uploads\\\/2016\\\/10\\\/pro3-22.jpg\",\"keywords\":[\"Brasil x Argentina\",\"Cuca Palmeiras\",\"futebol\",\"Gabriel Jesus\",\"Guardiola\",\"Manchester City\",\"Palmeiras Clube\",\"Sele\u00e7\u00e3o Brasileira\",\"Tite\"],\"articleSection\":[\"Campeonato Brasileiro\",\"futebol\"],\"inLanguage\":\"pt-BR\",\"potentialAction\":[{\"@type\":\"CommentAction\",\"name\":\"Comment\",\"target\":[\"https:\\\/\\\/blogdoprosperi.com\\\/?p=30292#respond\"]}]},{\"@type\":\"WebPage\",\"@id\":\"https:\\\/\\\/blogdoprosperi.com\\\/?p=30292\",\"url\":\"https:\\\/\\\/blogdoprosperi.com\\\/?p=30292\",\"name\":\"Cuca n\u00e3o tem tempo para recuperar Gabriel Jesus - PR\u00d3SPERI NEWS\",\"isPartOf\":{\"@id\":\"https:\\\/\\\/blogdoprosperi.com\\\/#website\"},\"primaryImageOfPage\":{\"@id\":\"https:\\\/\\\/blogdoprosperi.com\\\/?p=30292#primaryimage\"},\"image\":{\"@id\":\"https:\\\/\\\/blogdoprosperi.com\\\/?p=30292#primaryimage\"},\"thumbnailUrl\":\"https:\\\/\\\/blogdoprosperi.com\\\/wp-content\\\/uploads\\\/2016\\\/10\\\/pro3-22.jpg\",\"datePublished\":\"2016-10-30T16:17:58+00:00\",\"dateModified\":\"2016-10-30T16:25:45+00:00\",\"breadcrumb\":{\"@id\":\"https:\\\/\\\/blogdoprosperi.com\\\/?p=30292#breadcrumb\"},\"inLanguage\":\"pt-BR\",\"potentialAction\":[{\"@type\":\"ReadAction\",\"target\":[\"https:\\\/\\\/blogdoprosperi.com\\\/?p=30292\"]}]},{\"@type\":\"ImageObject\",\"inLanguage\":\"pt-BR\",\"@id\":\"https:\\\/\\\/blogdoprosperi.com\\\/?p=30292#primaryimage\",\"url\":\"https:\\\/\\\/i0.wp.com\\\/blogdoprosperi.com\\\/wp-content\\\/uploads\\\/2016\\\/10\\\/pro3-22.jpg?fit=2581%2C1721&ssl=1\",\"contentUrl\":\"https:\\\/\\\/i0.wp.com\\\/blogdoprosperi.com\\\/wp-content\\\/uploads\\\/2016\\\/10\\\/pro3-22.jpg?fit=2581%2C1721&ssl=1\",\"width\":2581,\"height\":1721},{\"@type\":\"BreadcrumbList\",\"@id\":\"https:\\\/\\\/blogdoprosperi.com\\\/?p=30292#breadcrumb\",\"itemListElement\":[{\"@type\":\"ListItem\",\"position\":1,\"name\":\"In\u00edcio\",\"item\":\"https:\\\/\\\/blogdoprosperi.com\\\/\"},{\"@type\":\"ListItem\",\"position\":2,\"name\":\"Cuca n\u00e3o tem tempo para recuperar Gabriel Jesus\"}]},{\"@type\":\"WebSite\",\"@id\":\"https:\\\/\\\/blogdoprosperi.com\\\/#website\",\"url\":\"https:\\\/\\\/blogdoprosperi.com\\\/\",\"name\":\"PR\u00d3SPERI NEWS\",\"description\":\"TUDO \u00c9  FUTEBOL\",\"publisher\":{\"@id\":\"https:\\\/\\\/blogdoprosperi.com\\\/#\\\/schema\\\/person\\\/38100755ce3601861ee4fab9b5aa78e9\"},\"alternateName\":\"blogdoprosperi.com\",\"potentialAction\":[{\"@type\":\"SearchAction\",\"target\":{\"@type\":\"EntryPoint\",\"urlTemplate\":\"https:\\\/\\\/blogdoprosperi.com\\\/?s={search_term_string}\"},\"query-input\":{\"@type\":\"PropertyValueSpecification\",\"valueRequired\":true,\"valueName\":\"search_term_string\"}}],\"inLanguage\":\"pt-BR\"},{\"@type\":[\"Person\",\"Organization\"],\"@id\":\"https:\\\/\\\/blogdoprosperi.com\\\/#\\\/schema\\\/person\\\/38100755ce3601861ee4fab9b5aa78e9\",\"name\":\"Luiz Ant\u00f4nio Pr\u00f3speri\",\"pronouns\":\"ele\",\"image\":{\"@type\":\"ImageObject\",\"inLanguage\":\"pt-BR\",\"@id\":\"https:\\\/\\\/i0.wp.com\\\/blogdoprosperi.com\\\/wp-content\\\/uploads\\\/2026\\\/05\\\/cropped-8059e613-6002-42fa-961e-8e275f575d71-2-5.jpg?fit=1360%2C931&ssl=1\",\"url\":\"https:\\\/\\\/i0.wp.com\\\/blogdoprosperi.com\\\/wp-content\\\/uploads\\\/2026\\\/05\\\/cropped-8059e613-6002-42fa-961e-8e275f575d71-2-5.jpg?fit=1360%2C931&ssl=1\",\"contentUrl\":\"https:\\\/\\\/i0.wp.com\\\/blogdoprosperi.com\\\/wp-content\\\/uploads\\\/2026\\\/05\\\/cropped-8059e613-6002-42fa-961e-8e275f575d71-2-5.jpg?fit=1360%2C931&ssl=1\",\"width\":1360,\"height\":931,\"caption\":\"Luiz Ant\u00f4nio Pr\u00f3speri\"},\"logo\":{\"@id\":\"https:\\\/\\\/i0.wp.com\\\/blogdoprosperi.com\\\/wp-content\\\/uploads\\\/2026\\\/05\\\/cropped-8059e613-6002-42fa-961e-8e275f575d71-2-5.jpg?fit=1360%2C931&ssl=1\"},\"description\":\"Jornalista com carreira dedicada ao esporte. Cobriu 9 Copas do Mundo in loco, 1990 na It\u00e1lia, 1994 nos EUA, 1998 na Fran\u00e7a, 2002 na Coreia do Sul e Jap\u00e3o, 2006 na Alemanha, 2010 na \u00c1frica do Sul, 2014 no Brasil, 2018 na R\u00fassia e 2022 no Qatar. Eurocopas, 1992 na Su\u00e9cia e 1996 na Inglaterra. Copa das Confedera\u00e7\u00f5es de 2005 na Alemanha e 2009 na \u00c1frica do Sul. Rep\u00f3rter e Editor, trabalhou no Jornal da Tarde e Estad\u00e3o, de 1984 a fevereiro de 2016. Colunista, blogueiro. E comentarista de futebol na R\u00e1dio Estad\u00e3o, de 2013 a fevereiro de 2016. Jornalista respons\u00e1vel do \\\"Pr\u00f3speri News\\\" (blogdoprosperi.com).\",\"sameAs\":[\"http:\\\/\\\/blogdoprosperi.com\",\"Luiz Pr\u00f3speri\",\"@luiz_prosperi\",\"https:\\\/\\\/x.com\\\/Luizprosperi\",\"@prosperinacopa\",\"luiz.prosperi@icloud.com\"],\"url\":\"https:\\\/\\\/blogdoprosperi.com\\\/?author=102107496\"}]}<\/script>\n<!-- \/ Yoast SEO plugin. -->","yoast_head_json":{"title":"Cuca n\u00e3o tem tempo para recuperar Gabriel Jesus - PR\u00d3SPERI NEWS","robots":{"index":"index","follow":"follow","max-snippet":"max-snippet:-1","max-image-preview":"max-image-preview:large","max-video-preview":"max-video-preview:-1"},"canonical":"https:\/\/blogdoprosperi.com\/?p=30292","og_locale":"pt_BR","og_type":"article","og_title":"Cuca n\u00e3o tem tempo para recuperar Gabriel Jesus - PR\u00d3SPERI NEWS","og_description":"Cuca assumiu o compromisso p\u00fablico de recuperar o futebol de Gabriel Jesus, ap\u00f3s derrota (1 a 0) diante [&hellip;]","og_url":"https:\/\/blogdoprosperi.com\/?p=30292","og_site_name":"PR\u00d3SPERI NEWS","article_publisher":"Luiz Pr\u00f3speri","article_author":"Luiz Pr\u00f3speri","article_published_time":"2016-10-30T16:17:58+00:00","article_modified_time":"2016-10-30T16:25:45+00:00","og_image":[{"url":"https:\/\/blogdoprosperi.com\/wp-content\/uploads\/2016\/10\/pro3-22.jpg","type":"","width":"","height":""}],"author":"Luiz Ant\u00f4nio Pr\u00f3speri","twitter_card":"summary_large_image","twitter_creator":"@Luizprosperi","twitter_site":"@Luizprosperi","twitter_misc":{"Escrito por":"Luiz Ant\u00f4nio Pr\u00f3speri","Est. tempo de leitura":"4 minutos"},"schema":{"@context":"https:\/\/schema.org","@graph":[{"@type":"Article","@id":"https:\/\/blogdoprosperi.com\/?p=30292#article","isPartOf":{"@id":"https:\/\/blogdoprosperi.com\/?p=30292"},"author":{"name":"Luiz Ant\u00f4nio Pr\u00f3speri","@id":"https:\/\/blogdoprosperi.com\/#\/schema\/person\/38100755ce3601861ee4fab9b5aa78e9"},"headline":"Cuca n\u00e3o tem tempo para recuperar Gabriel Jesus","datePublished":"2016-10-30T16:17:58+00:00","dateModified":"2016-10-30T16:25:45+00:00","mainEntityOfPage":{"@id":"https:\/\/blogdoprosperi.com\/?p=30292"},"wordCount":716,"commentCount":1,"publisher":{"@id":"https:\/\/blogdoprosperi.com\/#\/schema\/person\/38100755ce3601861ee4fab9b5aa78e9"},"image":{"@id":"https:\/\/blogdoprosperi.com\/?p=30292#primaryimage"},"thumbnailUrl":"https:\/\/blogdoprosperi.com\/wp-content\/uploads\/2016\/10\/pro3-22.jpg","keywords":["Brasil x Argentina","Cuca Palmeiras","futebol","Gabriel Jesus","Guardiola","Manchester City","Palmeiras Clube","Sele\u00e7\u00e3o Brasileira","Tite"],"articleSection":["Campeonato Brasileiro","futebol"],"inLanguage":"pt-BR","potentialAction":[{"@type":"CommentAction","name":"Comment","target":["https:\/\/blogdoprosperi.com\/?p=30292#respond"]}]},{"@type":"WebPage","@id":"https:\/\/blogdoprosperi.com\/?p=30292","url":"https:\/\/blogdoprosperi.com\/?p=30292","name":"Cuca n\u00e3o tem tempo para recuperar Gabriel Jesus - PR\u00d3SPERI NEWS","isPartOf":{"@id":"https:\/\/blogdoprosperi.com\/#website"},"primaryImageOfPage":{"@id":"https:\/\/blogdoprosperi.com\/?p=30292#primaryimage"},"image":{"@id":"https:\/\/blogdoprosperi.com\/?p=30292#primaryimage"},"thumbnailUrl":"https:\/\/blogdoprosperi.com\/wp-content\/uploads\/2016\/10\/pro3-22.jpg","datePublished":"2016-10-30T16:17:58+00:00","dateModified":"2016-10-30T16:25:45+00:00","breadcrumb":{"@id":"https:\/\/blogdoprosperi.com\/?p=30292#breadcrumb"},"inLanguage":"pt-BR","potentialAction":[{"@type":"ReadAction","target":["https:\/\/blogdoprosperi.com\/?p=30292"]}]},{"@type":"ImageObject","inLanguage":"pt-BR","@id":"https:\/\/blogdoprosperi.com\/?p=30292#primaryimage","url":"https:\/\/i0.wp.com\/blogdoprosperi.com\/wp-content\/uploads\/2016\/10\/pro3-22.jpg?fit=2581%2C1721&ssl=1","contentUrl":"https:\/\/i0.wp.com\/blogdoprosperi.com\/wp-content\/uploads\/2016\/10\/pro3-22.jpg?fit=2581%2C1721&ssl=1","width":2581,"height":1721},{"@type":"BreadcrumbList","@id":"https:\/\/blogdoprosperi.com\/?p=30292#breadcrumb","itemListElement":[{"@type":"ListItem","position":1,"name":"In\u00edcio","item":"https:\/\/blogdoprosperi.com\/"},{"@type":"ListItem","position":2,"name":"Cuca n\u00e3o tem tempo para recuperar Gabriel Jesus"}]},{"@type":"WebSite","@id":"https:\/\/blogdoprosperi.com\/#website","url":"https:\/\/blogdoprosperi.com\/","name":"PR\u00d3SPERI NEWS","description":"TUDO \u00c9  FUTEBOL","publisher":{"@id":"https:\/\/blogdoprosperi.com\/#\/schema\/person\/38100755ce3601861ee4fab9b5aa78e9"},"alternateName":"blogdoprosperi.com","potentialAction":[{"@type":"SearchAction","target":{"@type":"EntryPoint","urlTemplate":"https:\/\/blogdoprosperi.com\/?s={search_term_string}"},"query-input":{"@type":"PropertyValueSpecification","valueRequired":true,"valueName":"search_term_string"}}],"inLanguage":"pt-BR"},{"@type":["Person","Organization"],"@id":"https:\/\/blogdoprosperi.com\/#\/schema\/person\/38100755ce3601861ee4fab9b5aa78e9","name":"Luiz Ant\u00f4nio Pr\u00f3speri","pronouns":"ele","image":{"@type":"ImageObject","inLanguage":"pt-BR","@id":"https:\/\/i0.wp.com\/blogdoprosperi.com\/wp-content\/uploads\/2026\/05\/cropped-8059e613-6002-42fa-961e-8e275f575d71-2-5.jpg?fit=1360%2C931&ssl=1","url":"https:\/\/i0.wp.com\/blogdoprosperi.com\/wp-content\/uploads\/2026\/05\/cropped-8059e613-6002-42fa-961e-8e275f575d71-2-5.jpg?fit=1360%2C931&ssl=1","contentUrl":"https:\/\/i0.wp.com\/blogdoprosperi.com\/wp-content\/uploads\/2026\/05\/cropped-8059e613-6002-42fa-961e-8e275f575d71-2-5.jpg?fit=1360%2C931&ssl=1","width":1360,"height":931,"caption":"Luiz Ant\u00f4nio Pr\u00f3speri"},"logo":{"@id":"https:\/\/i0.wp.com\/blogdoprosperi.com\/wp-content\/uploads\/2026\/05\/cropped-8059e613-6002-42fa-961e-8e275f575d71-2-5.jpg?fit=1360%2C931&ssl=1"},"description":"Jornalista com carreira dedicada ao esporte. Cobriu 9 Copas do Mundo in loco, 1990 na It\u00e1lia, 1994 nos EUA, 1998 na Fran\u00e7a, 2002 na Coreia do Sul e Jap\u00e3o, 2006 na Alemanha, 2010 na \u00c1frica do Sul, 2014 no Brasil, 2018 na R\u00fassia e 2022 no Qatar. Eurocopas, 1992 na Su\u00e9cia e 1996 na Inglaterra. Copa das Confedera\u00e7\u00f5es de 2005 na Alemanha e 2009 na \u00c1frica do Sul. Rep\u00f3rter e Editor, trabalhou no Jornal da Tarde e Estad\u00e3o, de 1984 a fevereiro de 2016. Colunista, blogueiro. E comentarista de futebol na R\u00e1dio Estad\u00e3o, de 2013 a fevereiro de 2016. Jornalista respons\u00e1vel do \"Pr\u00f3speri News\" (blogdoprosperi.com).","sameAs":["http:\/\/blogdoprosperi.com","Luiz Pr\u00f3speri","@luiz_prosperi","https:\/\/x.com\/Luizprosperi","@prosperinacopa","luiz.prosperi@icloud.com"],"url":"https:\/\/blogdoprosperi.com\/?author=102107496"}]}},"jetpack_publicize_connections":[],"jetpack_likes_enabled":false,"jetpack_sharing_enabled":true,"jetpack_shortlink":"https:\/\/wp.me\/p7jvdk-7SA","jetpack-related-posts":[{"id":7808,"url":"https:\/\/blogdoprosperi.com\/?p=7808","url_meta":{"origin":30292,"position":0},"title":"Palmeiras e Gabriel Jesus batem cabe\u00e7a e garoto fica fora da Sele\u00e7\u00e3o Brasileira","author":"Luiz Ant\u00f4nio Pr\u00f3speri","date":"31 de maio de 2016","format":false,"excerpt":"\u00a0 Gabriel Jesus estava convocado por Dunga na vaga de Rafinha, meia do Barcelona, para disputar a Copa Am\u00e9rica Centen\u00e1rio, nos Estados Unidos. Faltava apenas a confirma\u00e7\u00e3o do Palmeiras sobre o visto do jogador para viajar aos EUA. Como o clube demorou a providenciar a documenta\u00e7\u00e3o, o treinador desistiu de\u2026","rel":"","context":"Em &quot;Campeonato Brasileiro&quot;","block_context":{"text":"Campeonato Brasileiro","link":"https:\/\/blogdoprosperi.com\/?cat=355071"},"img":{"alt_text":"622_ae5174ba-5d8a-3e57-8174-0f9646fe4844","src":"https:\/\/i0.wp.com\/blogdoprosperi.com\/wp-content\/uploads\/2016\/05\/622_ae5174ba-5d8a-3e57-8174-0f9646fe4844.jpg?resize=350%2C200&ssl=1","width":350,"height":200,"srcset":"https:\/\/i0.wp.com\/blogdoprosperi.com\/wp-content\/uploads\/2016\/05\/622_ae5174ba-5d8a-3e57-8174-0f9646fe4844.jpg?resize=350%2C200&ssl=1 1x, https:\/\/i0.wp.com\/blogdoprosperi.com\/wp-content\/uploads\/2016\/05\/622_ae5174ba-5d8a-3e57-8174-0f9646fe4844.jpg?resize=525%2C300&ssl=1 1.5x"},"classes":[]},{"id":17544,"url":"https:\/\/blogdoprosperi.com\/?p=17544","url_meta":{"origin":30292,"position":1},"title":"Palmeiras se rende \u00e0 for\u00e7a do Atl\u00e9tico-MG e sente falta de Gabriel Jesus","author":"Luiz Ant\u00f4nio Pr\u00f3speri","date":"24 de julho de 2016","format":false,"excerpt":"Palmeiras conheceu um rival de quilate na sua corrida em busca do t\u00edtulo do Campeonato Brasileiro. Pragm\u00e1tico, o Atl\u00e9tico-MG soube se defender a dar uma \u00fanica e mortal ferroada no at\u00e9 ent\u00e3o imbat\u00edvel time de Cuca em sua casa. Venceu por 1 a 0 neste domingo (24\/7) no Allianz Parque\u2026","rel":"","context":"Em &quot;Campeonato Brasileiro&quot;","block_context":{"text":"Campeonato Brasileiro","link":"https:\/\/blogdoprosperi.com\/?cat=355071"},"img":{"alt_text":"","src":"https:\/\/i0.wp.com\/blogdoprosperi.com\/wp-content\/uploads\/2016\/07\/622_847c1ecc-d8b6-320b-8d2b-25e2fed659df.jpg?resize=350%2C200&ssl=1","width":350,"height":200,"srcset":"https:\/\/i0.wp.com\/blogdoprosperi.com\/wp-content\/uploads\/2016\/07\/622_847c1ecc-d8b6-320b-8d2b-25e2fed659df.jpg?resize=350%2C200&ssl=1 1x, https:\/\/i0.wp.com\/blogdoprosperi.com\/wp-content\/uploads\/2016\/07\/622_847c1ecc-d8b6-320b-8d2b-25e2fed659df.jpg?resize=525%2C300&ssl=1 1.5x"},"classes":[]},{"id":6838,"url":"https:\/\/blogdoprosperi.com\/?p=6838","url_meta":{"origin":30292,"position":2},"title":"Palmeiras decepciona e Cuca admite recorrer a Dudu","author":"Luiz Ant\u00f4nio Pr\u00f3speri","date":"21 de maio de 2016","format":false,"excerpt":"\u00a0 A derrota diante da Ponte Preta por 2 a 1 neste s\u00e1bado leva Cuca a refletir sobre o tamanho deste Palmeiras\u00a0no\u00a0Campeonato Brasileiro.\u00a0De imediato, o treinador percebeu que o ataque precisa de mais velocidade. Nem Barrios, de boa atua\u00e7\u00e3o na primeira rodada, muito menos Alecsandro, apagado no jogo em Campinas,\u2026","rel":"","context":"Em &quot;Campeonato Brasileiro&quot;","block_context":{"text":"Campeonato Brasileiro","link":"https:\/\/blogdoprosperi.com\/?cat=355071"},"img":{"alt_text":"","src":"https:\/\/i0.wp.com\/blogdoprosperi.com\/wp-content\/uploads\/2016\/05\/622_59cbc892-299c-33ce-95de-18e7a40c8bf7.jpg?resize=350%2C200&ssl=1","width":350,"height":200,"srcset":"https:\/\/i0.wp.com\/blogdoprosperi.com\/wp-content\/uploads\/2016\/05\/622_59cbc892-299c-33ce-95de-18e7a40c8bf7.jpg?resize=350%2C200&ssl=1 1x, https:\/\/i0.wp.com\/blogdoprosperi.com\/wp-content\/uploads\/2016\/05\/622_59cbc892-299c-33ce-95de-18e7a40c8bf7.jpg?resize=525%2C300&ssl=1 1.5x"},"classes":[]},{"id":25120,"url":"https:\/\/blogdoprosperi.com\/?p=25120","url_meta":{"origin":30292,"position":3},"title":"Palmeiras segura Gr\u00eamio e pode perder Gabriel Jesus na &#8216;decis\u00e3o&#8217; contra Flamengo","author":"Luiz Ant\u00f4nio Pr\u00f3speri","date":"11 de setembro de 2016","format":false,"excerpt":"Palmeiras volta do Sul com um empate sem gols de extrema import\u00e2ncia na briga pelo t\u00edtulo do Brasileir\u00e3o. Jogou para o gasto e teve um pouco de sorte ao n\u00e3o ser derrotado pelo Gr\u00eamio. Cuca arriscou na escala\u00e7\u00e3o ao improvisar Gabriel na fun\u00e7\u00e3o de lateral e tomou decis\u00f5es equivocadas nas\u2026","rel":"","context":"Em &quot;Campeonato Brasileiro&quot;","block_context":{"text":"Campeonato Brasileiro","link":"https:\/\/blogdoprosperi.com\/?cat=355071"},"img":{"alt_text":"","src":"https:\/\/i0.wp.com\/blogdoprosperi.com\/wp-content\/uploads\/2016\/09\/douglas-edu-dracena-gremio-palmeiras-brasileirao-11092016_1hmh1mapxqf2x11qqvj6x5krt3.jpg?resize=350%2C200&ssl=1","width":350,"height":200},"classes":[]},{"id":12237,"url":"https:\/\/blogdoprosperi.com\/?p=12237","url_meta":{"origin":30292,"position":4},"title":"Gabriel Jesus leva Palmeiras a vencer o Am\u00e9rica-MG e encanta emiss\u00e1rio do Barcelona","author":"Luiz Ant\u00f4nio Pr\u00f3speri","date":"22 de junho de 2016","format":false,"excerpt":"Barcelona e Palmeiras n\u00e3o escondem mais a negocia\u00e7\u00e3o de Gabriel Jesus. O clube espanhol quer o craque do Palmeiras a qualquer pre\u00e7o. N\u00e3o por acaso Raul Sanlleh\u00ed, homem das compras do Bar\u00e7a, se deixou mostrar nos camarotes do Allianz Parque nesta noite de ter\u00e7a-feira (21\/6) durante o jogo em que\u2026","rel":"","context":"Em &quot;Campeonato Brasileiro&quot;","block_context":{"text":"Campeonato Brasileiro","link":"https:\/\/blogdoprosperi.com\/?cat=355071"},"img":{"alt_text":"","src":"https:\/\/i0.wp.com\/blogdoprosperi.com\/wp-content\/uploads\/2016\/06\/roger-guedes-domina-a-bola-durante-a-partida-entre-palmeiras-e-america-mg-1466560880372_615x300-1.jpg?resize=350%2C200&ssl=1","width":350,"height":200,"srcset":"https:\/\/i0.wp.com\/blogdoprosperi.com\/wp-content\/uploads\/2016\/06\/roger-guedes-domina-a-bola-durante-a-partida-entre-palmeiras-e-america-mg-1466560880372_615x300-1.jpg?resize=350%2C200&ssl=1 1x, https:\/\/i0.wp.com\/blogdoprosperi.com\/wp-content\/uploads\/2016\/06\/roger-guedes-domina-a-bola-durante-a-partida-entre-palmeiras-e-america-mg-1466560880372_615x300-1.jpg?resize=525%2C300&ssl=1 1.5x"},"classes":[]},{"id":28817,"url":"https:\/\/blogdoprosperi.com\/?p=28817","url_meta":{"origin":30292,"position":5},"title":"Palmeiras abre quatro pontos na lideran\u00e7a e Flamengo reclama de suposto favorecimento da arbitragem ao time paulista","author":"Luiz Ant\u00f4nio Pr\u00f3speri","date":"16 de outubro de 2016","format":false,"excerpt":"Palmeiras estava pressionado ao abrir a rodada deste domingo. Distante apenas um ponto do vice-l\u00edder Flamengo, ainda no epicentro do furac\u00e3o da pol\u00eamica da arbitragem, a ponto de o presidente Paulo Nobre afirmar que \"ningu\u00e9m vai ganhar o Brasileir\u00e3o na m\u00e3o grande\", o time de Cuca venceu o Figueirense por\u2026","rel":"","context":"Em &quot;Campeonato Brasileiro&quot;","block_context":{"text":"Campeonato Brasileiro","link":"https:\/\/blogdoprosperi.com\/?cat=355071"},"img":{"alt_text":"","src":"https:\/\/i0.wp.com\/blogdoprosperi.com\/wp-content\/uploads\/2016\/10\/5380885.jpeg?resize=350%2C200&ssl=1","width":350,"height":200,"srcset":"https:\/\/i0.wp.com\/blogdoprosperi.com\/wp-content\/uploads\/2016\/10\/5380885.jpeg?resize=350%2C200&ssl=1 1x, https:\/\/i0.wp.com\/blogdoprosperi.com\/wp-content\/uploads\/2016\/10\/5380885.jpeg?resize=525%2C300&ssl=1 1.5x"},"classes":[]}],"jetpack_featured_media_url":"","_links":{"self":[{"href":"https:\/\/blogdoprosperi.com\/index.php?rest_route=\/wp\/v2\/posts\/30292","targetHints":{"allow":["GET"]}}],"collection":[{"href":"https:\/\/blogdoprosperi.com\/index.php?rest_route=\/wp\/v2\/posts"}],"about":[{"href":"https:\/\/blogdoprosperi.com\/index.php?rest_route=\/wp\/v2\/types\/post"}],"author":[{"embeddable":true,"href":"https:\/\/blogdoprosperi.com\/index.php?rest_route=\/wp\/v2\/users\/102107496"}],"replies":[{"embeddable":true,"href":"https:\/\/blogdoprosperi.com\/index.php?rest_route=%2Fwp%2Fv2%2Fcomments&post=30292"}],"version-history":[{"count":25,"href":"https:\/\/blogdoprosperi.com\/index.php?rest_route=\/wp\/v2\/posts\/30292\/revisions"}],"predecessor-version":[{"id":30398,"href":"https:\/\/blogdoprosperi.com\/index.php?rest_route=\/wp\/v2\/posts\/30292\/revisions\/30398"}],"wp:attachment":[{"href":"https:\/\/blogdoprosperi.com\/index.php?rest_route=%2Fwp%2Fv2%2Fmedia&parent=30292"}],"wp:term":[{"taxonomy":"category","embeddable":true,"href":"https:\/\/blogdoprosperi.com\/index.php?rest_route=%2Fwp%2Fv2%2Fcategories&post=30292"},{"taxonomy":"post_tag","embeddable":true,"href":"https:\/\/blogdoprosperi.com\/index.php?rest_route=%2Fwp%2Fv2%2Ftags&post=30292"}],"curies":[{"name":"wp","href":"https:\/\/api.w.org\/{rel}","templated":true}]}}