{"id":30399,"date":"2016-10-31T17:58:20","date_gmt":"2016-10-31T19:58:20","guid":{"rendered":"http:\/\/blogdoprosperi.com\/?p=30399"},"modified":"2016-10-31T18:19:57","modified_gmt":"2016-10-31T20:19:57","slug":"fifa-estraga-eleicao-do-melhor-jogador-do-mundo","status":"publish","type":"post","link":"https:\/\/blogdoprosperi.com\/?p=30399","title":{"rendered":"Fifa estraga elei\u00e7\u00e3o do melhor jogador do mundo"},"content":{"rendered":"<p><span class=\"alignnone\"><img data-recalc-dims=\"1\" loading=\"lazy\" decoding=\"async\" data-attachment-id=\"30464\" data-permalink=\"https:\/\/blogdoprosperi.com\/?attachment_id=30464\" data-orig-file=\"https:\/\/i0.wp.com\/blogdoprosperi.com\/wp-content\/uploads\/2016\/10\/messi-quinta-bola-de-ouro-2015-11012016-610x330.jpg?fit=610%2C330&amp;ssl=1\" data-orig-size=\"610,330\" data-comments-opened=\"1\" data-image-meta=\"{&quot;aperture&quot;:&quot;0&quot;,&quot;credit&quot;:&quot;&quot;,&quot;camera&quot;:&quot;&quot;,&quot;caption&quot;:&quot;&quot;,&quot;created_timestamp&quot;:&quot;0&quot;,&quot;copyright&quot;:&quot;&quot;,&quot;focal_length&quot;:&quot;0&quot;,&quot;iso&quot;:&quot;0&quot;,&quot;shutter_speed&quot;:&quot;0&quot;,&quot;title&quot;:&quot;&quot;,&quot;orientation&quot;:&quot;0&quot;}\" data-image-title=\"messi-quinta-bola-de-ouro-2015-11012016-610&amp;#215;330\" data-image-description=\"\" data-image-caption=\"\" data-large-file=\"https:\/\/i0.wp.com\/blogdoprosperi.com\/wp-content\/uploads\/2016\/10\/messi-quinta-bola-de-ouro-2015-11012016-610x330.jpg?fit=610%2C330&amp;ssl=1\" class=\"alignnone size-full wp-image-30464\" src=\"https:\/\/i0.wp.com\/blogdoprosperi.com\/wp-content\/uploads\/2016\/10\/messi-quinta-bola-de-ouro-2015-11012016-610x330.jpg?resize=610%2C330&#038;ssl=1\" alt=\"messi-quinta-bola-de-ouro-2015-11012016-610x330\" width=\"610\" height=\"330\" \/><\/span><\/p>\n<p>Fifa acaba de esculhambar a escolha do melhor jogador do mundo ao abrir a vota\u00e7\u00e3o, por meio da internet, aos torcedores. N\u00e3o que a torcida n\u00e3o tenha de ser consultada, o que pesa contra s\u00e3o os crit\u00e9rios subjetivos na hora de votar. Participa\u00e7\u00e3o democr\u00e1tica sempre \u00e9 bem-vinda. O problema \u00e9 que, em elei\u00e7\u00f5es desse tipo, nem sempre se escolhe aquele jogador que tem mais bola. Prevalece a paix\u00e3o, idolatria. Nesse caso, por ser calad\u00e3o e introspectivo, <a href=\"http:\/\/blogdoprosperi.com\/2016\/06\/27\/a-terceira-morte-de-lionel-messi\/\">Lionel Messi corre grande risco de ficar fora da lista <\/a>dos tr\u00eas mais votados em 2016. O craque argentino tem cinco bolas de ouro na sua cole\u00e7\u00e3o.<!--more--><\/p>\n<p>De acordo com a decis\u00e3o da Fifa, torcedores ter\u00e3o peso significativo na escolha do jogador bola de ouro ao dar a eles 50% dos votos junto com 200 jornalistas de pa\u00edses filiados \u00e0 entidade. Os outros 50% ser\u00e3o votos de t\u00e9cnicos de sele\u00e7\u00f5es nacionais e respectivos capit\u00e3es.<\/p>\n<p>A elei\u00e7\u00e3o pode se transformar em uma guerra de torcidas de clubes. Comunidades, por exemplo, do <a href=\"http:\/\/blogdoprosperi.com\/2016\/07\/10\/portugal-entrega-a-taca-a-cristiano-ronaldo\/\">Real Madrid querendo esmagar a do Barcelona despejando seus votos em Cristiano Ronaldo<\/a> contra Lionel Messi.<\/p>\n<p>Vai pesar, e muito, a capacidade de mobiliza\u00e7\u00e3o das torcidas em cima de um nome para prevalecer a paix\u00e3o por determinado jogador e n\u00e3o pelo seu desempenho em campo.<\/p>\n<p>O caso do gol mais bonito da temporada passada, vencido pelo brasileiro Wendel Lira, \u00e9 bem ilustrativo. Ele s\u00f3 ganhou a elei\u00e7\u00e3o por uma mobiliza\u00e7\u00e3o fora do comum nas redes sociais pedindo voto ao seu gol.<\/p>\n<p>No futebol a paix\u00e3o manda. Daqui para frente, candidatos a melhor do mundo ser\u00e3o obrigados a jogar muita bola e cativar torcedores. Messi, eleito cinco vezes o bola de ouro, que se cuide. Seu neg\u00f3cio \u00e9 n\u00e3o ocupar as redes sociais e sim encantar multid\u00f5es com a bola nos p\u00e9s. N\u00e3o precisa de m\u00eddia para aparecer.<\/p>\n<p>Na sexta-feira (05\/11), a Fifa vai divulgar a lista dos 23 concorrentes a melhor do mundo, trof\u00e9u agora batizado de\u00a0<a href=\"http:\/\/blogdoprosperi.com\/2016\/08\/09\/neymar-nao-e-o-culpado\/\">&#8220;The Best Football Awards&#8221;.<\/a> Neste mesmo dia, a entidade abre vota\u00e7\u00e3o online que se estender\u00e1 at\u00e9 22 de novembro.<\/p>\n<p><span class=\"alignnone\"><img data-recalc-dims=\"1\" loading=\"lazy\" decoding=\"async\" data-attachment-id=\"30462\" data-permalink=\"https:\/\/blogdoprosperi.com\/?attachment_id=30462\" data-orig-file=\"https:\/\/i0.wp.com\/blogdoprosperi.com\/wp-content\/uploads\/2016\/10\/selecao-do-ano-da-fifa-foi-premiada-durante-a-cerimonia-da-bola-de-ouro-1452535453881_956x500.jpg?fit=956%2C500&amp;ssl=1\" data-orig-size=\"956,500\" data-comments-opened=\"1\" data-image-meta=\"{&quot;aperture&quot;:&quot;0&quot;,&quot;credit&quot;:&quot;&quot;,&quot;camera&quot;:&quot;&quot;,&quot;caption&quot;:&quot;&quot;,&quot;created_timestamp&quot;:&quot;0&quot;,&quot;copyright&quot;:&quot;&quot;,&quot;focal_length&quot;:&quot;0&quot;,&quot;iso&quot;:&quot;0&quot;,&quot;shutter_speed&quot;:&quot;0&quot;,&quot;title&quot;:&quot;&quot;,&quot;orientation&quot;:&quot;0&quot;}\" data-image-title=\"selecao-do-ano-da-fifa-foi-premiada-durante-a-cerimonia-da-bola-de-ouro-1452535453881_956x500\" data-image-description=\"\" data-image-caption=\"\" data-large-file=\"https:\/\/i0.wp.com\/blogdoprosperi.com\/wp-content\/uploads\/2016\/10\/selecao-do-ano-da-fifa-foi-premiada-durante-a-cerimonia-da-bola-de-ouro-1452535453881_956x500.jpg?fit=940%2C492&amp;ssl=1\" class=\"alignnone size-full wp-image-30462\" src=\"https:\/\/i0.wp.com\/blogdoprosperi.com\/wp-content\/uploads\/2016\/10\/selecao-do-ano-da-fifa-foi-premiada-durante-a-cerimonia-da-bola-de-ouro-1452535453881_956x500.jpg?resize=940%2C492&#038;ssl=1\" alt=\"selecao-do-ano-da-fifa-foi-premiada-durante-a-cerimonia-da-bola-de-ouro-1452535453881_956x500\" width=\"940\" height=\"492\" \/><\/span>A premia\u00e7\u00e3o est\u00e1 prevista para dia 9 de janeiro 2017 em oito categorias diferentes:\u00a0melhor jogador e a melhor jogadora, o melhor t\u00e9cnico de time masculino, o melhor treinador de equipe feminina, o gol mais bonito (Pr\u00eamio Puskas), o pr\u00eamio Fair\u00a0Play e a sele\u00e7\u00e3o do ano &#8211; com os 11 jogadores eleitos apenas pela comunidade de jogadores.<\/p>\n<p>Outra novidade \u00e9 um trof\u00e9u destinado \u00e0s torcidas (Fan Award), que tamb\u00e9m ser\u00e1 decidido com voto do p\u00fablico. Neste caso, um grupo de analistas vai escolher momentos de intensa paix\u00e3o de torcedores e submeter ao voto online.<\/p>\n<blockquote><p><span class=\"alignnone\"><img data-recalc-dims=\"1\" loading=\"lazy\" decoding=\"async\" data-attachment-id=\"30463\" data-permalink=\"https:\/\/blogdoprosperi.com\/?attachment_id=30463\" data-orig-file=\"https:\/\/i0.wp.com\/blogdoprosperi.com\/wp-content\/uploads\/2016\/10\/600.jpg?fit=600%2C450&amp;ssl=1\" data-orig-size=\"600,450\" data-comments-opened=\"1\" data-image-meta=\"{&quot;aperture&quot;:&quot;0&quot;,&quot;credit&quot;:&quot;&quot;,&quot;camera&quot;:&quot;&quot;,&quot;caption&quot;:&quot;&quot;,&quot;created_timestamp&quot;:&quot;0&quot;,&quot;copyright&quot;:&quot;&quot;,&quot;focal_length&quot;:&quot;0&quot;,&quot;iso&quot;:&quot;0&quot;,&quot;shutter_speed&quot;:&quot;0&quot;,&quot;title&quot;:&quot;&quot;,&quot;orientation&quot;:&quot;0&quot;}\" data-image-title=\"600\" data-image-description=\"\" data-image-caption=\"\" data-large-file=\"https:\/\/i0.wp.com\/blogdoprosperi.com\/wp-content\/uploads\/2016\/10\/600.jpg?fit=600%2C450&amp;ssl=1\" class=\"alignnone size-full wp-image-30463\" src=\"https:\/\/i0.wp.com\/blogdoprosperi.com\/wp-content\/uploads\/2016\/10\/600.jpg?resize=600%2C450&#038;ssl=1\" alt=\"600\" width=\"600\" height=\"450\" \/><\/span><\/p>\n<p>&#8220;Este evento ser\u00e1 sobre futebol e seus participantes mais apaixonados &#8211; jogadores, treinadores e torcedores. \u00c9 um novo evento, com novas abordagens para celebrar o jogo que todos n\u00f3s amamos&#8221;, disse Gianni Infantino, presidente da Fifa.<\/p><\/blockquote>\n<p>Quando re\u00fane jogadores e torcedores em uma premia\u00e7\u00e3o, a entidade quer na verdade \u00e9 se tornar um pouco mais popular. Mergulhada at\u00e9 o pesco\u00e7o em esc\u00e2ndalos de corrup\u00e7\u00e3o, com troca de comando nos \u00faltimos dois anos e <a href=\"http:\/\/blogdoprosperi.com\/2016\/06\/03\/comeca-a-copa-america-dos-craques-e-das-propinas\/\">dirigentes do alto escal\u00e3o puxando cana, a Fifa espera tirar um pouco da lama <\/a>que encobre seu nome neste momento. Da\u00ed essa iniciativa de atrair a participa\u00e7\u00e3o popular na escolha dos melhores do mundo do futebol.<\/p>\n","protected":false},"excerpt":{"rendered":"<p>Fifa acaba de esculhambar a escolha do melhor jogador do mundo ao abrir a vota\u00e7\u00e3o, por meio da [&hellip;]<\/p>\n","protected":false},"author":102107496,"featured_media":0,"comment_status":"open","ping_status":"open","sticky":false,"template":"","format":"standard","meta":{"_coblocks_attr":"","_coblocks_dimensions":"","_coblocks_responsive_height":"","_coblocks_accordion_ie_support":"","_jetpack_newsletter_access":"","_jetpack_dont_email_post_to_subs":false,"_jetpack_newsletter_tier_id":0,"_jetpack_memberships_contains_paywalled_content":false,"_wpcom_ai_launchpad_first_post":false,"_jetpack_feature_clip_id":0,"_jetpack_memberships_contains_paid_content":false,"footnotes":"","jetpack_publicize_message":"","jetpack_publicize_feature_enabled":true,"jetpack_social_post_already_shared":false,"jetpack_social_options":{"image_generator_settings":{"template":"highway","default_image_id":0,"font":"","enabled":false},"version":2},"jetpack_post_was_ever_published":false},"categories":[53870],"tags":[546106340,536594,66172,50408,789560563,789560560,13490,2113441,78820],"class_list":["post-30399","post","type-post","status-publish","format-standard","hentry","category-futebol","tag-the-best-football-awards","tag-bola-de-ouro","tag-cristiano-ronaldo","tag-fc-barcelona","tag-fifa","tag-futebol","tag-lionel-messi","tag-melhor-do-mundo","tag-real-madrid"],"yoast_head":"<!-- This site is optimized with the Yoast SEO plugin v28.3 - https:\/\/yoast.com\/product\/yoast-seo-wordpress\/ -->\n<title>Fifa estraga elei\u00e7\u00e3o do melhor jogador do mundo - PR\u00d3SPERI NEWS<\/title>\n<meta name=\"robots\" content=\"index, follow, max-snippet:-1, max-image-preview:large, max-video-preview:-1\" \/>\n<link rel=\"canonical\" href=\"https:\/\/blogdoprosperi.com\/?p=30399\" \/>\n<meta property=\"og:locale\" content=\"pt_BR\" \/>\n<meta property=\"og:type\" content=\"article\" \/>\n<meta property=\"og:title\" content=\"Fifa estraga elei\u00e7\u00e3o do melhor jogador do mundo - PR\u00d3SPERI NEWS\" \/>\n<meta property=\"og:description\" content=\"Fifa acaba de esculhambar a escolha do melhor jogador do mundo ao abrir a vota\u00e7\u00e3o, por meio da [&hellip;]\" \/>\n<meta property=\"og:url\" content=\"https:\/\/blogdoprosperi.com\/?p=30399\" \/>\n<meta property=\"og:site_name\" content=\"PR\u00d3SPERI NEWS\" \/>\n<meta property=\"article:publisher\" content=\"Luiz Pr\u00f3speri\" \/>\n<meta property=\"article:author\" content=\"Luiz Pr\u00f3speri\" \/>\n<meta property=\"article:published_time\" content=\"2016-10-31T19:58:20+00:00\" \/>\n<meta property=\"article:modified_time\" content=\"2016-10-31T20:19:57+00:00\" \/>\n<meta property=\"og:image\" content=\"https:\/\/blogdoprosperi.com\/wp-content\/uploads\/2016\/10\/messi-quinta-bola-de-ouro-2015-11012016-610x330.jpg\" \/>\n<meta name=\"author\" content=\"Luiz Ant\u00f4nio Pr\u00f3speri\" \/>\n<meta name=\"twitter:card\" content=\"summary_large_image\" \/>\n<meta name=\"twitter:creator\" content=\"@Luizprosperi\" \/>\n<meta name=\"twitter:site\" content=\"@Luizprosperi\" \/>\n<meta name=\"twitter:label1\" content=\"Escrito por\" \/>\n\t<meta name=\"twitter:data1\" content=\"Luiz Ant\u00f4nio Pr\u00f3speri\" \/>\n\t<meta name=\"twitter:label2\" content=\"Est. tempo de leitura\" \/>\n\t<meta name=\"twitter:data2\" content=\"3 minutos\" \/>\n<script type=\"application\/ld+json\" class=\"yoast-schema-graph\">{\"@context\":\"https:\\\/\\\/schema.org\",\"@graph\":[{\"@type\":\"Article\",\"@id\":\"https:\\\/\\\/blogdoprosperi.com\\\/?p=30399#article\",\"isPartOf\":{\"@id\":\"https:\\\/\\\/blogdoprosperi.com\\\/?p=30399\"},\"author\":{\"name\":\"Luiz Ant\u00f4nio Pr\u00f3speri\",\"@id\":\"https:\\\/\\\/blogdoprosperi.com\\\/#\\\/schema\\\/person\\\/38100755ce3601861ee4fab9b5aa78e9\"},\"headline\":\"Fifa estraga elei\u00e7\u00e3o do melhor jogador do mundo\",\"datePublished\":\"2016-10-31T19:58:20+00:00\",\"dateModified\":\"2016-10-31T20:19:57+00:00\",\"mainEntityOfPage\":{\"@id\":\"https:\\\/\\\/blogdoprosperi.com\\\/?p=30399\"},\"wordCount\":589,\"commentCount\":8,\"publisher\":{\"@id\":\"https:\\\/\\\/blogdoprosperi.com\\\/#\\\/schema\\\/person\\\/38100755ce3601861ee4fab9b5aa78e9\"},\"image\":{\"@id\":\"https:\\\/\\\/blogdoprosperi.com\\\/?p=30399#primaryimage\"},\"thumbnailUrl\":\"https:\\\/\\\/blogdoprosperi.com\\\/wp-content\\\/uploads\\\/2016\\\/10\\\/messi-quinta-bola-de-ouro-2015-11012016-610x330.jpg\",\"keywords\":[\"\\\"The Best Football Awards\\\"\",\"bola de ouro\",\"Cristiano Ronaldo\",\"FC Barcelona\",\"Fifa\",\"futebol\",\"Lionel Messi\",\"melhor do mundo\",\"Real Madrid\"],\"articleSection\":[\"futebol\"],\"inLanguage\":\"pt-BR\",\"potentialAction\":[{\"@type\":\"CommentAction\",\"name\":\"Comment\",\"target\":[\"https:\\\/\\\/blogdoprosperi.com\\\/?p=30399#respond\"]}]},{\"@type\":\"WebPage\",\"@id\":\"https:\\\/\\\/blogdoprosperi.com\\\/?p=30399\",\"url\":\"https:\\\/\\\/blogdoprosperi.com\\\/?p=30399\",\"name\":\"Fifa estraga elei\u00e7\u00e3o do melhor jogador do mundo - PR\u00d3SPERI NEWS\",\"isPartOf\":{\"@id\":\"https:\\\/\\\/blogdoprosperi.com\\\/#website\"},\"primaryImageOfPage\":{\"@id\":\"https:\\\/\\\/blogdoprosperi.com\\\/?p=30399#primaryimage\"},\"image\":{\"@id\":\"https:\\\/\\\/blogdoprosperi.com\\\/?p=30399#primaryimage\"},\"thumbnailUrl\":\"https:\\\/\\\/blogdoprosperi.com\\\/wp-content\\\/uploads\\\/2016\\\/10\\\/messi-quinta-bola-de-ouro-2015-11012016-610x330.jpg\",\"datePublished\":\"2016-10-31T19:58:20+00:00\",\"dateModified\":\"2016-10-31T20:19:57+00:00\",\"breadcrumb\":{\"@id\":\"https:\\\/\\\/blogdoprosperi.com\\\/?p=30399#breadcrumb\"},\"inLanguage\":\"pt-BR\",\"potentialAction\":[{\"@type\":\"ReadAction\",\"target\":[\"https:\\\/\\\/blogdoprosperi.com\\\/?p=30399\"]}]},{\"@type\":\"ImageObject\",\"inLanguage\":\"pt-BR\",\"@id\":\"https:\\\/\\\/blogdoprosperi.com\\\/?p=30399#primaryimage\",\"url\":\"https:\\\/\\\/blogdoprosperi.com\\\/wp-content\\\/uploads\\\/2016\\\/10\\\/messi-quinta-bola-de-ouro-2015-11012016-610x330.jpg\",\"contentUrl\":\"https:\\\/\\\/blogdoprosperi.com\\\/wp-content\\\/uploads\\\/2016\\\/10\\\/messi-quinta-bola-de-ouro-2015-11012016-610x330.jpg\"},{\"@type\":\"BreadcrumbList\",\"@id\":\"https:\\\/\\\/blogdoprosperi.com\\\/?p=30399#breadcrumb\",\"itemListElement\":[{\"@type\":\"ListItem\",\"position\":1,\"name\":\"In\u00edcio\",\"item\":\"https:\\\/\\\/blogdoprosperi.com\\\/\"},{\"@type\":\"ListItem\",\"position\":2,\"name\":\"Fifa estraga elei\u00e7\u00e3o do melhor jogador do mundo\"}]},{\"@type\":\"WebSite\",\"@id\":\"https:\\\/\\\/blogdoprosperi.com\\\/#website\",\"url\":\"https:\\\/\\\/blogdoprosperi.com\\\/\",\"name\":\"PR\u00d3SPERI NEWS\",\"description\":\"TUDO \u00c9  FUTEBOL\",\"publisher\":{\"@id\":\"https:\\\/\\\/blogdoprosperi.com\\\/#\\\/schema\\\/person\\\/38100755ce3601861ee4fab9b5aa78e9\"},\"alternateName\":\"blogdoprosperi.com\",\"potentialAction\":[{\"@type\":\"SearchAction\",\"target\":{\"@type\":\"EntryPoint\",\"urlTemplate\":\"https:\\\/\\\/blogdoprosperi.com\\\/?s={search_term_string}\"},\"query-input\":{\"@type\":\"PropertyValueSpecification\",\"valueRequired\":true,\"valueName\":\"search_term_string\"}}],\"inLanguage\":\"pt-BR\"},{\"@type\":[\"Person\",\"Organization\"],\"@id\":\"https:\\\/\\\/blogdoprosperi.com\\\/#\\\/schema\\\/person\\\/38100755ce3601861ee4fab9b5aa78e9\",\"name\":\"Luiz Ant\u00f4nio Pr\u00f3speri\",\"pronouns\":\"ele\",\"image\":{\"@type\":\"ImageObject\",\"inLanguage\":\"pt-BR\",\"@id\":\"https:\\\/\\\/i0.wp.com\\\/blogdoprosperi.com\\\/wp-content\\\/uploads\\\/2026\\\/05\\\/cropped-8059e613-6002-42fa-961e-8e275f575d71-2-5.jpg?fit=1360%2C931&ssl=1\",\"url\":\"https:\\\/\\\/i0.wp.com\\\/blogdoprosperi.com\\\/wp-content\\\/uploads\\\/2026\\\/05\\\/cropped-8059e613-6002-42fa-961e-8e275f575d71-2-5.jpg?fit=1360%2C931&ssl=1\",\"contentUrl\":\"https:\\\/\\\/i0.wp.com\\\/blogdoprosperi.com\\\/wp-content\\\/uploads\\\/2026\\\/05\\\/cropped-8059e613-6002-42fa-961e-8e275f575d71-2-5.jpg?fit=1360%2C931&ssl=1\",\"width\":1360,\"height\":931,\"caption\":\"Luiz Ant\u00f4nio Pr\u00f3speri\"},\"logo\":{\"@id\":\"https:\\\/\\\/i0.wp.com\\\/blogdoprosperi.com\\\/wp-content\\\/uploads\\\/2026\\\/05\\\/cropped-8059e613-6002-42fa-961e-8e275f575d71-2-5.jpg?fit=1360%2C931&ssl=1\"},\"description\":\"Jornalista com carreira dedicada ao esporte. Cobriu 9 Copas do Mundo in loco, 1990 na It\u00e1lia, 1994 nos EUA, 1998 na Fran\u00e7a, 2002 na Coreia do Sul e Jap\u00e3o, 2006 na Alemanha, 2010 na \u00c1frica do Sul, 2014 no Brasil, 2018 na R\u00fassia e 2022 no Qatar. Eurocopas, 1992 na Su\u00e9cia e 1996 na Inglaterra. Copa das Confedera\u00e7\u00f5es de 2005 na Alemanha e 2009 na \u00c1frica do Sul. Rep\u00f3rter e Editor, trabalhou no Jornal da Tarde e Estad\u00e3o, de 1984 a fevereiro de 2016. Colunista, blogueiro. E comentarista de futebol na R\u00e1dio Estad\u00e3o, de 2013 a fevereiro de 2016. Jornalista respons\u00e1vel do \\\"Pr\u00f3speri News\\\" (blogdoprosperi.com).\",\"sameAs\":[\"http:\\\/\\\/blogdoprosperi.com\",\"Luiz Pr\u00f3speri\",\"@luiz_prosperi\",\"https:\\\/\\\/x.com\\\/Luizprosperi\",\"@prosperinacopa\",\"luiz.prosperi@icloud.com\"],\"url\":\"https:\\\/\\\/blogdoprosperi.com\\\/?author=102107496\"}]}<\/script>\n<!-- \/ Yoast SEO plugin. -->","yoast_head_json":{"title":"Fifa estraga elei\u00e7\u00e3o do melhor jogador do mundo - PR\u00d3SPERI NEWS","robots":{"index":"index","follow":"follow","max-snippet":"max-snippet:-1","max-image-preview":"max-image-preview:large","max-video-preview":"max-video-preview:-1"},"canonical":"https:\/\/blogdoprosperi.com\/?p=30399","og_locale":"pt_BR","og_type":"article","og_title":"Fifa estraga elei\u00e7\u00e3o do melhor jogador do mundo - PR\u00d3SPERI NEWS","og_description":"Fifa acaba de esculhambar a escolha do melhor jogador do mundo ao abrir a vota\u00e7\u00e3o, por meio da [&hellip;]","og_url":"https:\/\/blogdoprosperi.com\/?p=30399","og_site_name":"PR\u00d3SPERI NEWS","article_publisher":"Luiz Pr\u00f3speri","article_author":"Luiz Pr\u00f3speri","article_published_time":"2016-10-31T19:58:20+00:00","article_modified_time":"2016-10-31T20:19:57+00:00","og_image":[{"url":"https:\/\/blogdoprosperi.com\/wp-content\/uploads\/2016\/10\/messi-quinta-bola-de-ouro-2015-11012016-610x330.jpg","type":"","width":"","height":""}],"author":"Luiz Ant\u00f4nio Pr\u00f3speri","twitter_card":"summary_large_image","twitter_creator":"@Luizprosperi","twitter_site":"@Luizprosperi","twitter_misc":{"Escrito por":"Luiz Ant\u00f4nio Pr\u00f3speri","Est. tempo de leitura":"3 minutos"},"schema":{"@context":"https:\/\/schema.org","@graph":[{"@type":"Article","@id":"https:\/\/blogdoprosperi.com\/?p=30399#article","isPartOf":{"@id":"https:\/\/blogdoprosperi.com\/?p=30399"},"author":{"name":"Luiz Ant\u00f4nio Pr\u00f3speri","@id":"https:\/\/blogdoprosperi.com\/#\/schema\/person\/38100755ce3601861ee4fab9b5aa78e9"},"headline":"Fifa estraga elei\u00e7\u00e3o do melhor jogador do mundo","datePublished":"2016-10-31T19:58:20+00:00","dateModified":"2016-10-31T20:19:57+00:00","mainEntityOfPage":{"@id":"https:\/\/blogdoprosperi.com\/?p=30399"},"wordCount":589,"commentCount":8,"publisher":{"@id":"https:\/\/blogdoprosperi.com\/#\/schema\/person\/38100755ce3601861ee4fab9b5aa78e9"},"image":{"@id":"https:\/\/blogdoprosperi.com\/?p=30399#primaryimage"},"thumbnailUrl":"https:\/\/blogdoprosperi.com\/wp-content\/uploads\/2016\/10\/messi-quinta-bola-de-ouro-2015-11012016-610x330.jpg","keywords":["\"The Best Football Awards\"","bola de ouro","Cristiano Ronaldo","FC Barcelona","Fifa","futebol","Lionel Messi","melhor do mundo","Real Madrid"],"articleSection":["futebol"],"inLanguage":"pt-BR","potentialAction":[{"@type":"CommentAction","name":"Comment","target":["https:\/\/blogdoprosperi.com\/?p=30399#respond"]}]},{"@type":"WebPage","@id":"https:\/\/blogdoprosperi.com\/?p=30399","url":"https:\/\/blogdoprosperi.com\/?p=30399","name":"Fifa estraga elei\u00e7\u00e3o do melhor jogador do mundo - PR\u00d3SPERI NEWS","isPartOf":{"@id":"https:\/\/blogdoprosperi.com\/#website"},"primaryImageOfPage":{"@id":"https:\/\/blogdoprosperi.com\/?p=30399#primaryimage"},"image":{"@id":"https:\/\/blogdoprosperi.com\/?p=30399#primaryimage"},"thumbnailUrl":"https:\/\/blogdoprosperi.com\/wp-content\/uploads\/2016\/10\/messi-quinta-bola-de-ouro-2015-11012016-610x330.jpg","datePublished":"2016-10-31T19:58:20+00:00","dateModified":"2016-10-31T20:19:57+00:00","breadcrumb":{"@id":"https:\/\/blogdoprosperi.com\/?p=30399#breadcrumb"},"inLanguage":"pt-BR","potentialAction":[{"@type":"ReadAction","target":["https:\/\/blogdoprosperi.com\/?p=30399"]}]},{"@type":"ImageObject","inLanguage":"pt-BR","@id":"https:\/\/blogdoprosperi.com\/?p=30399#primaryimage","url":"https:\/\/blogdoprosperi.com\/wp-content\/uploads\/2016\/10\/messi-quinta-bola-de-ouro-2015-11012016-610x330.jpg","contentUrl":"https:\/\/blogdoprosperi.com\/wp-content\/uploads\/2016\/10\/messi-quinta-bola-de-ouro-2015-11012016-610x330.jpg"},{"@type":"BreadcrumbList","@id":"https:\/\/blogdoprosperi.com\/?p=30399#breadcrumb","itemListElement":[{"@type":"ListItem","position":1,"name":"In\u00edcio","item":"https:\/\/blogdoprosperi.com\/"},{"@type":"ListItem","position":2,"name":"Fifa estraga elei\u00e7\u00e3o do melhor jogador do mundo"}]},{"@type":"WebSite","@id":"https:\/\/blogdoprosperi.com\/#website","url":"https:\/\/blogdoprosperi.com\/","name":"PR\u00d3SPERI NEWS","description":"TUDO \u00c9  FUTEBOL","publisher":{"@id":"https:\/\/blogdoprosperi.com\/#\/schema\/person\/38100755ce3601861ee4fab9b5aa78e9"},"alternateName":"blogdoprosperi.com","potentialAction":[{"@type":"SearchAction","target":{"@type":"EntryPoint","urlTemplate":"https:\/\/blogdoprosperi.com\/?s={search_term_string}"},"query-input":{"@type":"PropertyValueSpecification","valueRequired":true,"valueName":"search_term_string"}}],"inLanguage":"pt-BR"},{"@type":["Person","Organization"],"@id":"https:\/\/blogdoprosperi.com\/#\/schema\/person\/38100755ce3601861ee4fab9b5aa78e9","name":"Luiz Ant\u00f4nio Pr\u00f3speri","pronouns":"ele","image":{"@type":"ImageObject","inLanguage":"pt-BR","@id":"https:\/\/i0.wp.com\/blogdoprosperi.com\/wp-content\/uploads\/2026\/05\/cropped-8059e613-6002-42fa-961e-8e275f575d71-2-5.jpg?fit=1360%2C931&ssl=1","url":"https:\/\/i0.wp.com\/blogdoprosperi.com\/wp-content\/uploads\/2026\/05\/cropped-8059e613-6002-42fa-961e-8e275f575d71-2-5.jpg?fit=1360%2C931&ssl=1","contentUrl":"https:\/\/i0.wp.com\/blogdoprosperi.com\/wp-content\/uploads\/2026\/05\/cropped-8059e613-6002-42fa-961e-8e275f575d71-2-5.jpg?fit=1360%2C931&ssl=1","width":1360,"height":931,"caption":"Luiz Ant\u00f4nio Pr\u00f3speri"},"logo":{"@id":"https:\/\/i0.wp.com\/blogdoprosperi.com\/wp-content\/uploads\/2026\/05\/cropped-8059e613-6002-42fa-961e-8e275f575d71-2-5.jpg?fit=1360%2C931&ssl=1"},"description":"Jornalista com carreira dedicada ao esporte. Cobriu 9 Copas do Mundo in loco, 1990 na It\u00e1lia, 1994 nos EUA, 1998 na Fran\u00e7a, 2002 na Coreia do Sul e Jap\u00e3o, 2006 na Alemanha, 2010 na \u00c1frica do Sul, 2014 no Brasil, 2018 na R\u00fassia e 2022 no Qatar. Eurocopas, 1992 na Su\u00e9cia e 1996 na Inglaterra. Copa das Confedera\u00e7\u00f5es de 2005 na Alemanha e 2009 na \u00c1frica do Sul. Rep\u00f3rter e Editor, trabalhou no Jornal da Tarde e Estad\u00e3o, de 1984 a fevereiro de 2016. Colunista, blogueiro. E comentarista de futebol na R\u00e1dio Estad\u00e3o, de 2013 a fevereiro de 2016. Jornalista respons\u00e1vel do \"Pr\u00f3speri News\" (blogdoprosperi.com).","sameAs":["http:\/\/blogdoprosperi.com","Luiz Pr\u00f3speri","@luiz_prosperi","https:\/\/x.com\/Luizprosperi","@prosperinacopa","luiz.prosperi@icloud.com"],"url":"https:\/\/blogdoprosperi.com\/?author=102107496"}]}},"jetpack_publicize_connections":[],"jetpack_likes_enabled":false,"jetpack_sharing_enabled":true,"jetpack_shortlink":"https:\/\/wp.me\/p7jvdk-7Uj","jetpack-related-posts":[{"id":34001,"url":"https:\/\/blogdoprosperi.com\/?p=34001","url_meta":{"origin":30399,"position":0},"title":"Bola de Ouro, de Cristiano Ronaldo a  Gabriel Jesus","author":"Luiz Ant\u00f4nio Pr\u00f3speri","date":"12 de dezembro de 2016","format":false,"excerpt":"Cristiano Ronaldo \u00e9 eleito o Bola de Ouro da France Football. Falta ainda o pr\u00eamio de melhor do mundo a ser concedido pela Fifa em janeiro de 2017. At\u00e9 a temporada passada, a vota\u00e7\u00e3o era conjunta entre a revista e entidade na parceria firmada em 2010. De 1956 a 2009,\u2026","rel":"","context":"Em &quot;Campeonato Brasileiro&quot;","block_context":{"text":"Campeonato Brasileiro","link":"https:\/\/blogdoprosperi.com\/?cat=355071"},"img":{"alt_text":"","src":"https:\/\/i0.wp.com\/blogdoprosperi.com\/wp-content\/uploads\/2016\/12\/622_1ea51cc0-6e58-34ed-af09-4e09563980e5.jpg?resize=350%2C200&ssl=1","width":350,"height":200,"srcset":"https:\/\/i0.wp.com\/blogdoprosperi.com\/wp-content\/uploads\/2016\/12\/622_1ea51cc0-6e58-34ed-af09-4e09563980e5.jpg?resize=350%2C200&ssl=1 1x, https:\/\/i0.wp.com\/blogdoprosperi.com\/wp-content\/uploads\/2016\/12\/622_1ea51cc0-6e58-34ed-af09-4e09563980e5.jpg?resize=525%2C300&ssl=1 1.5x"},"classes":[]},{"id":5986,"url":"https:\/\/blogdoprosperi.com\/?p=5986","url_meta":{"origin":30399,"position":1},"title":"Neymar desiste de concorrer a melhor do mundo em 2016","author":"Luiz Ant\u00f4nio Pr\u00f3speri","date":"17 de maio de 2016","format":false,"excerpt":"\u00a0 Craque sai de cena em junho, ao aceitar pedido da CBF para disputar a Olimp\u00edada do Rio, e v\u00ea distante projeto de ser eleito o Bola de Ouro da Fifa no fim do ano Neymar desistiu de se credenciar a melhor jogador do mundo nesta temporada de 2016, na\u2026","rel":"","context":"Em &quot;futebol&quot;","block_context":{"text":"futebol","link":"https:\/\/blogdoprosperi.com\/?cat=53870"},"img":{"alt_text":"","src":"https:\/\/i0.wp.com\/blogdoprosperi.com\/wp-content\/uploads\/2016\/05\/16085103.jpeg?resize=350%2C200&ssl=1","width":350,"height":200,"srcset":"https:\/\/i0.wp.com\/blogdoprosperi.com\/wp-content\/uploads\/2016\/05\/16085103.jpeg?resize=350%2C200&ssl=1 1x, https:\/\/i0.wp.com\/blogdoprosperi.com\/wp-content\/uploads\/2016\/05\/16085103.jpeg?resize=525%2C300&ssl=1 1.5x"},"classes":[]},{"id":34598,"url":"https:\/\/blogdoprosperi.com\/?p=34598","url_meta":{"origin":30399,"position":2},"title":"Futebol brasileiro perde prest\u00edgio na elei\u00e7\u00e3o dos melhores do mundo da Fifa","author":"Luiz Ant\u00f4nio Pr\u00f3speri","date":"9 de janeiro de 2017","format":false,"excerpt":"Futebol brasileiro perde prest\u00edgio na elei\u00e7\u00e3o dos melhores do mundo com chancela da Fifa. Desde 2007, quando Kak\u00e1 levou a Bola de Ouro, nenhum jogador do Pa\u00eds desbancou a dupla Cristiano Ronaldo e Messi. Neymar chegou perto em 2015. Acabou na terceira coloca\u00e7\u00e3o. Minguaram as estrelas.\u00a0Outro dado interessante se nota\u2026","rel":"","context":"Em &quot;futebol&quot;","block_context":{"text":"futebol","link":"https:\/\/blogdoprosperi.com\/?cat=53870"},"img":{"alt_text":"","src":"https:\/\/i0.wp.com\/blogdoprosperi.com\/wp-content\/uploads\/2017\/01\/cuu5hu4uwae4xze.png?resize=350%2C200&ssl=1","width":350,"height":200,"srcset":"https:\/\/i0.wp.com\/blogdoprosperi.com\/wp-content\/uploads\/2017\/01\/cuu5hu4uwae4xze.png?resize=350%2C200&ssl=1 1x, https:\/\/i0.wp.com\/blogdoprosperi.com\/wp-content\/uploads\/2017\/01\/cuu5hu4uwae4xze.png?resize=525%2C300&ssl=1 1.5x"},"classes":[]},{"id":30842,"url":"https:\/\/blogdoprosperi.com\/?p=30842","url_meta":{"origin":30399,"position":3},"title":"Neymar, estrela solit\u00e1ria do Brasil na lista dos 23 melhores do mundo da Fifa, n\u00e3o vai ficar entre os tr\u00eas finalistas","author":"Luiz Ant\u00f4nio Pr\u00f3speri","date":"4 de novembro de 2016","format":false,"excerpt":"Neymar vai pagar um pre\u00e7o alto na corrida para ser o melhor do mundo na elei\u00e7\u00e3o da Fifa. Pesa contra o craque brasileiro sua op\u00e7\u00e3o de n\u00e3o disputar a Copa Am\u00e9rica Centen\u00e1rio nos Estados Unidos. Preferiu jogar a Olimp\u00edada do Rio, quando conquistou a medalha de ouro, que tem valor\u2026","rel":"","context":"Em &quot;futebol&quot;","block_context":{"text":"futebol","link":"https:\/\/blogdoprosperi.com\/?cat=53870"},"img":{"alt_text":"","src":"https:\/\/i0.wp.com\/blogdoprosperi.com\/wp-content\/uploads\/2016\/11\/cwa5a6cxeau2vj6.jpg?resize=350%2C200&ssl=1","width":350,"height":200,"srcset":"https:\/\/i0.wp.com\/blogdoprosperi.com\/wp-content\/uploads\/2016\/11\/cwa5a6cxeau2vj6.jpg?resize=350%2C200&ssl=1 1x, https:\/\/i0.wp.com\/blogdoprosperi.com\/wp-content\/uploads\/2016\/11\/cwa5a6cxeau2vj6.jpg?resize=525%2C300&ssl=1 1.5x, https:\/\/i0.wp.com\/blogdoprosperi.com\/wp-content\/uploads\/2016\/11\/cwa5a6cxeau2vj6.jpg?resize=700%2C400&ssl=1 2x"},"classes":[]},{"id":46066,"url":"https:\/\/blogdoprosperi.com\/?p=46066","url_meta":{"origin":30399,"position":4},"title":"Bola de Ouro | Sem Vini Jr, Come\u00e7a Nova Era no Cen\u00e1rio p\u00f3s-Messi e Cristiano Ronaldo","author":"Luiz Ant\u00f4nio Pr\u00f3speri","date":"28 de outubro de 2024","format":false,"excerpt":"A vez de Vini Jr? Enfim, ter\u00edamos um jogador brasileiro favorito a melhor do mundo no trof\u00e9u Bola de Ouro 2023\/2024, criado pela revista France Football em 1956. Acontece que Vini Jr desistiu de ir \u00e0 cerim\u00f4nia de entrega do trof\u00e9u em Paris, nessa segunda-feira (28\/10). Sem Vini Jr, o\u2026","rel":"","context":"Em &quot;futebol&quot;","block_context":{"text":"futebol","link":"https:\/\/blogdoprosperi.com\/?cat=53870"},"img":{"alt_text":"Quem leva Bola de Ouro?","src":"https:\/\/i0.wp.com\/blogdoprosperi.com\/wp-content\/uploads\/2024\/10\/captura-de-tela-2024-10-28-as-10.27.05.png?fit=1200%2C714&ssl=1&resize=350%2C200","width":350,"height":200,"srcset":"https:\/\/i0.wp.com\/blogdoprosperi.com\/wp-content\/uploads\/2024\/10\/captura-de-tela-2024-10-28-as-10.27.05.png?fit=1200%2C714&ssl=1&resize=350%2C200 1x, https:\/\/i0.wp.com\/blogdoprosperi.com\/wp-content\/uploads\/2024\/10\/captura-de-tela-2024-10-28-as-10.27.05.png?fit=1200%2C714&ssl=1&resize=525%2C300 1.5x, https:\/\/i0.wp.com\/blogdoprosperi.com\/wp-content\/uploads\/2024\/10\/captura-de-tela-2024-10-28-as-10.27.05.png?fit=1200%2C714&ssl=1&resize=700%2C400 2x, https:\/\/i0.wp.com\/blogdoprosperi.com\/wp-content\/uploads\/2024\/10\/captura-de-tela-2024-10-28-as-10.27.05.png?fit=1200%2C714&ssl=1&resize=1050%2C600 3x"},"classes":[]},{"id":60833,"url":"https:\/\/blogdoprosperi.com\/?p=60833","url_meta":{"origin":30399,"position":5},"title":"Final da Copa 2026: Argentina joga para coroar Messi, Espanha para mudar o futebol","author":"Luiz Ant\u00f4nio Pr\u00f3speri","date":"19 de julho de 2026","format":false,"excerpt":"Luiz Ant\u00f4nio Pr\u00f3speri \u2013 19 julho 2026 (10h55) Espanha e Argentina jogam a final da Copa do Mundo 2026 neste domingo (19\/7), \u00e0s 16h (hor\u00e1rio de Bras\u00edlia), no est\u00e1dio MetLife. Os argentinos querem o bi consecutivo, o tetra na soma de t\u00edtulos, e coroar Lionel Messi no novo Rei do\u2026","rel":"","context":"Em &quot;copa 2026&quot;","block_context":{"text":"copa 2026","link":"https:\/\/blogdoprosperi.com\/?cat=36820279"},"img":{"alt_text":"","src":"https:\/\/i0.wp.com\/blogdoprosperi.com\/wp-content\/uploads\/2026\/07\/Captura-de-Tela-2026-07-19-as-11.10.00.png?fit=968%2C840&ssl=1&resize=350%2C200","width":350,"height":200,"srcset":"https:\/\/i0.wp.com\/blogdoprosperi.com\/wp-content\/uploads\/2026\/07\/Captura-de-Tela-2026-07-19-as-11.10.00.png?fit=968%2C840&ssl=1&resize=350%2C200 1x, https:\/\/i0.wp.com\/blogdoprosperi.com\/wp-content\/uploads\/2026\/07\/Captura-de-Tela-2026-07-19-as-11.10.00.png?fit=968%2C840&ssl=1&resize=525%2C300 1.5x, https:\/\/i0.wp.com\/blogdoprosperi.com\/wp-content\/uploads\/2026\/07\/Captura-de-Tela-2026-07-19-as-11.10.00.png?fit=968%2C840&ssl=1&resize=700%2C400 2x"},"classes":[]}],"jetpack_featured_media_url":"","_links":{"self":[{"href":"https:\/\/blogdoprosperi.com\/index.php?rest_route=\/wp\/v2\/posts\/30399","targetHints":{"allow":["GET"]}}],"collection":[{"href":"https:\/\/blogdoprosperi.com\/index.php?rest_route=\/wp\/v2\/posts"}],"about":[{"href":"https:\/\/blogdoprosperi.com\/index.php?rest_route=\/wp\/v2\/types\/post"}],"author":[{"embeddable":true,"href":"https:\/\/blogdoprosperi.com\/index.php?rest_route=\/wp\/v2\/users\/102107496"}],"replies":[{"embeddable":true,"href":"https:\/\/blogdoprosperi.com\/index.php?rest_route=%2Fwp%2Fv2%2Fcomments&post=30399"}],"version-history":[{"count":25,"href":"https:\/\/blogdoprosperi.com\/index.php?rest_route=\/wp\/v2\/posts\/30399\/revisions"}],"predecessor-version":[{"id":30470,"href":"https:\/\/blogdoprosperi.com\/index.php?rest_route=\/wp\/v2\/posts\/30399\/revisions\/30470"}],"wp:attachment":[{"href":"https:\/\/blogdoprosperi.com\/index.php?rest_route=%2Fwp%2Fv2%2Fmedia&parent=30399"}],"wp:term":[{"taxonomy":"category","embeddable":true,"href":"https:\/\/blogdoprosperi.com\/index.php?rest_route=%2Fwp%2Fv2%2Fcategories&post=30399"},{"taxonomy":"post_tag","embeddable":true,"href":"https:\/\/blogdoprosperi.com\/index.php?rest_route=%2Fwp%2Fv2%2Ftags&post=30399"}],"curies":[{"name":"wp","href":"https:\/\/api.w.org\/{rel}","templated":true}]}}