{"id":30562,"date":"2016-11-01T18:11:19","date_gmt":"2016-11-01T20:11:19","guid":{"rendered":"http:\/\/blogdoprosperi.com\/?p=30562"},"modified":"2016-11-01T20:31:54","modified_gmt":"2016-11-01T22:31:54","slug":"itaquerao-corre-risco-de-ser-interditado-conheca-a-historia-da-arena-do-corinthians","status":"publish","type":"post","link":"https:\/\/blogdoprosperi.com\/?p=30562","title":{"rendered":"Itaquer\u00e3o corre risco de ser interditado. Conhe\u00e7a a hist\u00f3ria da Arena Corinthians"},"content":{"rendered":"<p><span class=\"alignnone\"><img data-recalc-dims=\"1\" loading=\"lazy\" decoding=\"async\" data-attachment-id=\"30655\" data-permalink=\"https:\/\/blogdoprosperi.com\/?attachment_id=30655\" data-orig-file=\"https:\/\/i0.wp.com\/blogdoprosperi.com\/wp-content\/uploads\/2016\/11\/20140519205208486067u.jpg?fit=750%2C500&amp;ssl=1\" data-orig-size=\"750,500\" data-comments-opened=\"1\" data-image-meta=\"{&quot;aperture&quot;:&quot;0&quot;,&quot;credit&quot;:&quot;&quot;,&quot;camera&quot;:&quot;&quot;,&quot;caption&quot;:&quot;&quot;,&quot;created_timestamp&quot;:&quot;0&quot;,&quot;copyright&quot;:&quot;&quot;,&quot;focal_length&quot;:&quot;0&quot;,&quot;iso&quot;:&quot;0&quot;,&quot;shutter_speed&quot;:&quot;0&quot;,&quot;title&quot;:&quot;&quot;,&quot;orientation&quot;:&quot;0&quot;}\" data-image-title=\"20140519205208486067u\" data-image-description=\"\" data-image-caption=\"\" data-large-file=\"https:\/\/i0.wp.com\/blogdoprosperi.com\/wp-content\/uploads\/2016\/11\/20140519205208486067u.jpg?fit=750%2C500&amp;ssl=1\" class=\"alignnone size-full wp-image-30655\" src=\"https:\/\/i0.wp.com\/blogdoprosperi.com\/wp-content\/uploads\/2016\/11\/20140519205208486067u.jpg?resize=750%2C500&#038;ssl=1\" alt=\"20140519205208486067u\" width=\"750\" height=\"500\" \/><\/span><\/p>\n<p>Itaquer\u00e3o pode ser interditado por causa de um vazamento de 10,1 milh\u00f5es de litros de \u00e1gua na \u00e1rea de parte do estacionamento da arena do <a href=\"http:\/\/blogdoprosperi.com\/2016\/10\/29\/corinthians-volta-a-triste-realidade\/\">Corinthians<\/a>. Roberto Andrade, presidente do clube, disse nesta ter\u00e7a-feira que &#8220;caso exista qualquer percentual de risco, n\u00f3s n\u00e3o usaremos o est\u00e1dio. Isso quem vai atestar \u00e9 a construtora (<em>Odebrecht<\/em>)&#8221;.<!--more--><\/p>\n<p>A palavra est\u00e1 com a empreiteira. Toda conclus\u00e3o sobre os motivos do vazamento \u00a0deve passar por especialistas. \u00c9 prematuro dizer agora que o est\u00e1dio foi conclu\u00eddo \u00e0s pressas para abrir a Copa do Mundo de 2014 e por isso setores da obra est\u00e3o comprometidos.<\/p>\n<blockquote><p>&#8220;Acho que \u00e9 muito prematuro falar sobre isso. A construtora que \u00e9 a respons\u00e1vel pela obra. At\u00e9 pelo fato de a obra ainda n\u00e3o estar conclu\u00edda. A gente j\u00e1 est\u00e1 acionando a construtora para que ela fa\u00e7a toda a verifica\u00e7\u00e3o, nos d\u00ea um laudo e que tenha toda condi\u00e7\u00e3o para ser usado. Caso exista qualquer percentual de risco, n\u00f3s n\u00e3o usaremos o est\u00e1dio. Isso quem vai atestar \u00e9 a construtora&#8221;, disse Roberto Andrade ao SporTV sobre a reportagem de Juca Kfouri publicada na<em> Folha<\/em> desta ter\u00e7a-feira (01\/11).<\/p><\/blockquote>\n<p>O vazamento n\u00e3o \u00e9 o \u00fanico entrave no Itaquer\u00e3o. Buracos no piso do estacionamento, rachaduras em paredes do Setor Norte e placas da cobertura, que se soltaram, tamb\u00e9m entram no pacote dos problemas do est\u00e1dio.<\/p>\n<p>Diante dessa deteriora\u00e7\u00e3o das obras na arena, come\u00e7am a aparecer den\u00fancias de irregularidades, interesses pol\u00edticos e financeiros sobre a constru\u00e7\u00e3o da arena inaugurada em maio de 2014.<\/p>\n<p>Jornalista do <em>Estad\u00e3o<\/em> na \u00e9poca, acompanhei de perto como nasceu o est\u00e1dio do Corinthians em Itaquera. Veja:<\/p>\n<p><strong>Agosto de 2007<\/strong><br \/>\n<span class=\"alignnone\"><img data-recalc-dims=\"1\" loading=\"lazy\" decoding=\"async\" data-attachment-id=\"30663\" data-permalink=\"https:\/\/blogdoprosperi.com\/?attachment_id=30663\" data-orig-file=\"https:\/\/i0.wp.com\/blogdoprosperi.com\/wp-content\/uploads\/2016\/11\/129_1621-alt-serra-kassab.jpg?fit=500%2C376&amp;ssl=1\" data-orig-size=\"500,376\" data-comments-opened=\"1\" data-image-meta=\"{&quot;aperture&quot;:&quot;0&quot;,&quot;credit&quot;:&quot;&quot;,&quot;camera&quot;:&quot;&quot;,&quot;caption&quot;:&quot;&quot;,&quot;created_timestamp&quot;:&quot;0&quot;,&quot;copyright&quot;:&quot;&quot;,&quot;focal_length&quot;:&quot;0&quot;,&quot;iso&quot;:&quot;0&quot;,&quot;shutter_speed&quot;:&quot;0&quot;,&quot;title&quot;:&quot;&quot;,&quot;orientation&quot;:&quot;0&quot;}\" data-image-title=\"129_1621-alt-serra-kassab\" data-image-description=\"\" data-image-caption=\"\" data-large-file=\"https:\/\/i0.wp.com\/blogdoprosperi.com\/wp-content\/uploads\/2016\/11\/129_1621-alt-serra-kassab.jpg?fit=500%2C376&amp;ssl=1\" class=\"alignnone size-full wp-image-30663\" src=\"https:\/\/i0.wp.com\/blogdoprosperi.com\/wp-content\/uploads\/2016\/11\/129_1621-alt-serra-kassab.jpg?resize=500%2C376&#038;ssl=1\" alt=\"129_1621-alt-serra-kassab\" width=\"500\" height=\"376\" \/><\/span><\/p>\n<p>Em reuni\u00e3o no Pal\u00e1cio dos Bandeirantes, sede do governo de S\u00e3o Paulo, Jos\u00e9 Serra, ent\u00e3o governador do estado, Ricardo Teixeira e inspetores da Fifa convocaram uma coletiva com a imprensa. Este blogueiro, na \u00e9poca rep\u00f3rter do <em>JT e Estad\u00e3o<\/em>, estava l\u00e1.<\/p>\n<blockquote><p>&#8220;Chegamos a um acordo (<em>com CBF e Fifa<\/em>). S\u00e3o Paulo faz a abertura da Copa e o Rio faz a final&#8221;, disse Serra.<\/p><\/blockquote>\n<p>Serra n\u00e3o garantiu que a sede da Copa em S\u00e3o Paulo seria no Morumbi, o maior est\u00e1dio da cidade na ocasi\u00e3o &#8211; capacidade para 60 mil torcedores.<\/p>\n<p>Alguns meses depois, o ent\u00e3o presidente Lula desceu de helic\u00f3ptero no campo do Morumbi, se reuniu com Juvenal Juv\u00eancio, na \u00e9poca presidente do S\u00e3o Paulo, e disse que o est\u00e1dio do Tricolor era o mais indicado para abrir a Copa.<\/p>\n<p>Juvenal correu atr\u00e1s de arquitetos para encomendar a reforma do Morumbi. Quando as plantas ficaram prontas, Juvenal entregou a Ricardo Teixeira e, por tabela, \u00e0 Fifa, leia-se J\u00e9r\u00f4me Valcke, secret\u00e1rio-geral da entidade e homem forte na Copa de 2014. Os dois enrolaram Juvenal.<\/p>\n<p>Gilberto Kassab, prefeito de S\u00e3o Paulo, tamb\u00e9m torcia o nariz contra o Morumbi. Assim como o governador Serra.<\/p>\n<p>Veja o que disse Juvenal Juv\u00eancio neste esclarecedor v\u00eddeo abaixo&#8221;<\/p>\n<div class=\"jetpack-video-wrapper\"><span class=\"embed-youtube\" style=\"text-align:center; display: block;\"><iframe loading=\"lazy\" class=\"youtube-player\" width=\"560\" height=\"315\" src=\"https:\/\/www.youtube.com\/embed\/rN3a4DfBUy0?version=3&#038;rel=1&#038;showsearch=0&#038;showinfo=1&#038;iv_load_policy=1&#038;fs=1&#038;hl=pt-BR&#038;autohide=2&#038;wmode=transparent\" allowfullscreen=\"true\" style=\"border:0;\" sandbox=\"allow-scripts allow-same-origin allow-popups allow-presentation allow-popups-to-escape-sandbox\"><\/iframe><\/span><\/div>\n<p><strong>Janeiro 2008<\/strong><br \/>\nAt\u00e9 a CBF e a Fifa vetarem o Morumbi, em julho de 2010, muita articula\u00e7\u00e3o foi feita nos bastidores. Com apoio de Serra, Kassab tentava convencer Ricardo Teixeira e Valcke de que a prefeitura poderia construir um est\u00e1dio em Pirituba. A Fifa queria a constru\u00e7\u00e3o de um novo est\u00e1dio e rejeitava as reformas do Morumbi.<\/p>\n<p>Reuni\u00f5es aconteciam na fazenda de Ricardo Teixeira, no interior do Rio, com Valcke e Kassab. Naquele momento era importante vetar o Morumbi, cujo projeto n\u00e3o atendia \u00e0s exig\u00eancias da Fifa.<\/p>\n<p>Enquanto isso, Andr\u00e9s Sanchez tocava seu projeto de erguer uma arena para 45 mil torcedores, em Itaquera onde funcionava o Centro de Treinamentos das categorias de base do Corinthians. Andr\u00e9s tinha aval do presidente Lula, que iria convencer executivos da Odebrecht a participar da empreitada.<\/p>\n<p><strong>Junho de 2009<\/strong><br \/>\nSerra intensifica sua campanha a candidato \u00e0 presid\u00eancia da Rep\u00fablica contra Dilma Rousseff, indicada por Lula. CBF e Fifa continuam reticentes com a possibilidade de o Morumbi ser a sede da Copa em S\u00e3o Paulo. Exigem novo projeto e garantias financeiras.<\/p>\n<p><strong>Junho de 2010<\/strong><br \/>\nSe esgota o prazo da Fifa dado ao S\u00e3o Paulo, que n\u00e3o havia conseguido garantias banc\u00e1rias para bancar as reformas no Morumbi. Teixeira diz a este blogueiro e rep\u00f3rteres do Estad\u00e3o, em Johannesburgo, durante a Copa da \u00c1frica do Sul, que o Morumbi estava fora da Copa do Mundo de 2014.<\/p>\n<p><strong>Agosto de 2010<\/strong><br \/>\n<span class=\"alignnone\"><img data-recalc-dims=\"1\" loading=\"lazy\" decoding=\"async\" data-attachment-id=\"30666\" data-permalink=\"https:\/\/blogdoprosperi.com\/?attachment_id=30666\" data-orig-file=\"https:\/\/i0.wp.com\/blogdoprosperi.com\/wp-content\/uploads\/2016\/11\/pres210710.jpg?fit=900%2C600&amp;ssl=1\" data-orig-size=\"900,600\" data-comments-opened=\"1\" data-image-meta=\"{&quot;aperture&quot;:&quot;0&quot;,&quot;credit&quot;:&quot;JOSE LUIS DA CONCEICAO&quot;,&quot;camera&quot;:&quot;&quot;,&quot;caption&quot;:&quot;&quot;,&quot;created_timestamp&quot;:&quot;0&quot;,&quot;copyright&quot;:&quot;&quot;,&quot;focal_length&quot;:&quot;0&quot;,&quot;iso&quot;:&quot;0&quot;,&quot;shutter_speed&quot;:&quot;0&quot;,&quot;title&quot;:&quot;&quot;,&quot;orientation&quot;:&quot;0&quot;}\" data-image-title=\"pres210710\" data-image-description=\"\" data-image-caption=\"\" data-large-file=\"https:\/\/i0.wp.com\/blogdoprosperi.com\/wp-content\/uploads\/2016\/11\/pres210710.jpg?fit=900%2C600&amp;ssl=1\" class=\"alignnone size-full wp-image-30666\" src=\"https:\/\/i0.wp.com\/blogdoprosperi.com\/wp-content\/uploads\/2016\/11\/pres210710.jpg?resize=900%2C600&#038;ssl=1\" alt=\"pres210710\" width=\"900\" height=\"600\" \/><\/span>Em reuni\u00e3o no Pal\u00e1cio dos Bandeirantes, o governador de S\u00e3o Paulo, Alberto Goldman (Serra havia se licenciado para disputar as elei\u00e7\u00f5es presidenciais em outubro), o prefeito de S\u00e3o Paulo, Gilberto Kassab e Ricardo Teixeira, presidente da CBF e tamb\u00e9m do Comit\u00ea Organizador Local do Mundial, bateram o martelo: o novo est\u00e1dio do Corinthians, ainda na planta, seria a sede da Copa de 2014.<\/p>\n<p>Havia um problema. O Corinthians queria uma arena para 45 mil torcedores. A Fifa exigia no m\u00ednimo 60 mil de capacidade, o que faria a arena pular de algo em torno de R$ 480 milh\u00f5es para R$ 820 milh\u00f5es. De onde viria o dinheiro?<\/p>\n<p>O BNDES tinha linha aberta de cr\u00e9dito de R$ 420 milh\u00f5es aos est\u00e1dios da Copa. Faltavam mais R$ 400 milh\u00f5es. Kassab ofereceu os R$ 400 milh\u00f5es em CDI, certificados que seriam comprados por empres\u00e1rios que investiriam na Zona Leste da capital em troca de b\u00f4nus nos impostos.<\/p>\n<p><strong><span class=\"alignnone\"><img data-recalc-dims=\"1\" loading=\"lazy\" decoding=\"async\" data-attachment-id=\"30653\" data-permalink=\"https:\/\/blogdoprosperi.com\/?attachment_id=30653\" data-orig-file=\"https:\/\/i0.wp.com\/blogdoprosperi.com\/wp-content\/uploads\/2016\/11\/13122013-governo-federal-divulgou-imagens-da-obra-do-itaquerao-estadio-de-sao-paulo-para-a-copa-1386950190450_956x500.jpg?fit=956%2C500&amp;ssl=1\" data-orig-size=\"956,500\" data-comments-opened=\"1\" data-image-meta=\"{&quot;aperture&quot;:&quot;0&quot;,&quot;credit&quot;:&quot;&quot;,&quot;camera&quot;:&quot;&quot;,&quot;caption&quot;:&quot;&quot;,&quot;created_timestamp&quot;:&quot;0&quot;,&quot;copyright&quot;:&quot;&quot;,&quot;focal_length&quot;:&quot;0&quot;,&quot;iso&quot;:&quot;0&quot;,&quot;shutter_speed&quot;:&quot;0&quot;,&quot;title&quot;:&quot;&quot;,&quot;orientation&quot;:&quot;0&quot;}\" data-image-title=\"13122013-governo-federal-divulgou-imagens-da-obra-do-itaquerao-estadio-de-sao-paulo-para-a-copa-1386950190450_956x500\" data-image-description=\"\" data-image-caption=\"\" data-large-file=\"https:\/\/i0.wp.com\/blogdoprosperi.com\/wp-content\/uploads\/2016\/11\/13122013-governo-federal-divulgou-imagens-da-obra-do-itaquerao-estadio-de-sao-paulo-para-a-copa-1386950190450_956x500.jpg?fit=940%2C492&amp;ssl=1\" class=\"alignnone size-full wp-image-30653\" src=\"https:\/\/i0.wp.com\/blogdoprosperi.com\/wp-content\/uploads\/2016\/11\/13122013-governo-federal-divulgou-imagens-da-obra-do-itaquerao-estadio-de-sao-paulo-para-a-copa-1386950190450_956x500.jpg?resize=940%2C492&#038;ssl=1\" alt=\"13122013-governo-federal-divulgou-imagens-da-obra-do-itaquerao-estadio-de-sao-paulo-para-a-copa-1386950190450_956x500\" width=\"940\" height=\"492\" \/><\/span>Maio de 2011<\/strong><br \/>\nCome\u00e7am as obras do Itaquer\u00e3o de responsabilidade de um cons\u00f3rcio entre Corinthians e Odebrecht. Em poucos meses, com novas exig\u00eancias da Fifa e pitacos dos dirigentes do clube e empreiteira, a obra passaria dos R$ 820 milh\u00f5es a R$ 1,6 bilh\u00e3o.<\/p>\n<p><strong>Maio de 2014<\/strong><br \/>\nItaquer\u00e3o fica pronto, ap\u00f3s tr\u00eas anos de constru\u00e7\u00e3o e atropelos com um acidente que matou tr\u00eas oper\u00e1rios. O est\u00e1dio abriu a Copa com jogo Brasil x Cro\u00e1cia em junho. Dali para frente o cons\u00f3rcio teria de correr atr\u00e1s da grana para quitar o enorme papagaio. Engenharias financeiras foram feitas pelo clube e seus parceiros. Mas a conta ainda n\u00e3o fechou. E j\u00e1 estamos em novembro de 2016.<\/p>\n<p><span class=\"alignnone\"><img data-recalc-dims=\"1\" loading=\"lazy\" decoding=\"async\" data-attachment-id=\"30652\" data-permalink=\"https:\/\/blogdoprosperi.com\/?attachment_id=30652\" data-orig-file=\"https:\/\/i0.wp.com\/blogdoprosperi.com\/wp-content\/uploads\/2016\/11\/grupo-selecao-brasileira-itaquera-ivan-07-original.jpeg?fit=928%2C585&amp;ssl=1\" data-orig-size=\"928,585\" data-comments-opened=\"1\" data-image-meta=\"{&quot;aperture&quot;:&quot;0&quot;,&quot;credit&quot;:&quot;&quot;,&quot;camera&quot;:&quot;&quot;,&quot;caption&quot;:&quot;&quot;,&quot;created_timestamp&quot;:&quot;0&quot;,&quot;copyright&quot;:&quot;&quot;,&quot;focal_length&quot;:&quot;0&quot;,&quot;iso&quot;:&quot;0&quot;,&quot;shutter_speed&quot;:&quot;0&quot;,&quot;title&quot;:&quot;&quot;,&quot;orientation&quot;:&quot;0&quot;}\" data-image-title=\"grupo-selecao-brasileira-itaquera-ivan-07-original\" data-image-description=\"\" data-image-caption=\"\" data-large-file=\"https:\/\/i0.wp.com\/blogdoprosperi.com\/wp-content\/uploads\/2016\/11\/grupo-selecao-brasileira-itaquera-ivan-07-original.jpeg?fit=928%2C585&amp;ssl=1\" class=\"alignnone size-full wp-image-30652\" src=\"https:\/\/i0.wp.com\/blogdoprosperi.com\/wp-content\/uploads\/2016\/11\/grupo-selecao-brasileira-itaquera-ivan-07-original.jpeg?resize=928%2C585&#038;ssl=1\" alt=\"grupo-selecao-brasileira-itaquera-ivan-07-original\" width=\"928\" height=\"585\" \/><\/span>Quanto aos problemas de estrutura, como esse vazamento de 10,1 milh\u00f5es de litros de \u00e1gua, quem vai apontar a causa e respons\u00e1veis s\u00e3o os especialistas. A este <strong>Blog do Pr\u00f3speri<\/strong> coube contar apenas como nasceu e cresceu o Itaquer\u00e3o, o est\u00e1dio do Corinthians.<\/p>\n","protected":false},"excerpt":{"rendered":"<p>Itaquer\u00e3o pode ser interditado por causa de um vazamento de 10,1 milh\u00f5es de litros de \u00e1gua na \u00e1rea [&hellip;]<\/p>\n","protected":false},"author":102107496,"featured_media":0,"comment_status":"open","ping_status":"open","sticky":false,"template":"","format":"standard","meta":{"_coblocks_attr":"","_coblocks_dimensions":"","_coblocks_responsive_height":"","_coblocks_accordion_ie_support":"","_jetpack_newsletter_access":"","_jetpack_dont_email_post_to_subs":false,"_jetpack_newsletter_tier_id":0,"_jetpack_memberships_contains_paywalled_content":false,"_wpcom_ai_launchpad_first_post":false,"_jetpack_feature_clip_id":0,"_jetpack_memberships_contains_paid_content":false,"footnotes":"","jetpack_publicize_message":"","jetpack_publicize_feature_enabled":true,"jetpack_social_post_already_shared":false,"jetpack_social_options":{"image_generator_settings":{"template":"highway","default_image_id":0,"font":"","enabled":false},"version":2},"jetpack_post_was_ever_published":false},"categories":[53870],"tags":[2113440,789560569,2506689,177066,789560563,789560560,162620,41381665,11794530,370132,1739728,2436675],"class_list":["post-30562","post","type-post","status-publish","format-standard","hentry","category-futebol","tag-andres-sanchez","tag-cbf","tag-copa-do-mundo-de-2014","tag-corinthians","tag-fifa","tag-futebol","tag-gilberto-kassab","tag-itaquerao","tag-jerome-valcke","tag-jose-serra","tag-presidente-lula","tag-ricardo-teixeira"],"yoast_head":"<!-- This site is optimized with the Yoast SEO plugin v28.3 - https:\/\/yoast.com\/product\/yoast-seo-wordpress\/ -->\n<title>Itaquer\u00e3o corre risco de ser interditado. Conhe\u00e7a a hist\u00f3ria da Arena Corinthians - PR\u00d3SPERI NEWS<\/title>\n<meta name=\"robots\" content=\"index, follow, max-snippet:-1, max-image-preview:large, max-video-preview:-1\" \/>\n<link rel=\"canonical\" href=\"https:\/\/blogdoprosperi.com\/?p=30562\" \/>\n<meta property=\"og:locale\" content=\"pt_BR\" \/>\n<meta property=\"og:type\" content=\"article\" \/>\n<meta property=\"og:title\" content=\"Itaquer\u00e3o corre risco de ser interditado. Conhe\u00e7a a hist\u00f3ria da Arena Corinthians - PR\u00d3SPERI NEWS\" \/>\n<meta property=\"og:description\" content=\"Itaquer\u00e3o pode ser interditado por causa de um vazamento de 10,1 milh\u00f5es de litros de \u00e1gua na \u00e1rea [&hellip;]\" \/>\n<meta property=\"og:url\" content=\"https:\/\/blogdoprosperi.com\/?p=30562\" \/>\n<meta property=\"og:site_name\" content=\"PR\u00d3SPERI NEWS\" \/>\n<meta property=\"article:publisher\" content=\"Luiz Pr\u00f3speri\" \/>\n<meta property=\"article:author\" content=\"Luiz Pr\u00f3speri\" \/>\n<meta property=\"article:published_time\" content=\"2016-11-01T20:11:19+00:00\" \/>\n<meta property=\"article:modified_time\" content=\"2016-11-01T22:31:54+00:00\" \/>\n<meta property=\"og:image\" content=\"https:\/\/blogdoprosperi.com\/wp-content\/uploads\/2016\/11\/20140519205208486067u.jpg\" \/>\n<meta name=\"author\" content=\"Luiz Ant\u00f4nio Pr\u00f3speri\" \/>\n<meta name=\"twitter:card\" content=\"summary_large_image\" \/>\n<meta name=\"twitter:creator\" content=\"@Luizprosperi\" \/>\n<meta name=\"twitter:site\" content=\"@Luizprosperi\" \/>\n<meta name=\"twitter:label1\" content=\"Escrito por\" \/>\n\t<meta name=\"twitter:data1\" content=\"Luiz Ant\u00f4nio Pr\u00f3speri\" \/>\n\t<meta name=\"twitter:label2\" content=\"Est. tempo de leitura\" \/>\n\t<meta name=\"twitter:data2\" content=\"6 minutos\" \/>\n<script type=\"application\/ld+json\" class=\"yoast-schema-graph\">{\"@context\":\"https:\\\/\\\/schema.org\",\"@graph\":[{\"@type\":\"Article\",\"@id\":\"https:\\\/\\\/blogdoprosperi.com\\\/?p=30562#article\",\"isPartOf\":{\"@id\":\"https:\\\/\\\/blogdoprosperi.com\\\/?p=30562\"},\"author\":{\"name\":\"Luiz Ant\u00f4nio Pr\u00f3speri\",\"@id\":\"https:\\\/\\\/blogdoprosperi.com\\\/#\\\/schema\\\/person\\\/38100755ce3601861ee4fab9b5aa78e9\"},\"headline\":\"Itaquer\u00e3o corre risco de ser interditado. Conhe\u00e7a a hist\u00f3ria da Arena Corinthians\",\"datePublished\":\"2016-11-01T20:11:19+00:00\",\"dateModified\":\"2016-11-01T22:31:54+00:00\",\"mainEntityOfPage\":{\"@id\":\"https:\\\/\\\/blogdoprosperi.com\\\/?p=30562\"},\"wordCount\":1118,\"commentCount\":1,\"publisher\":{\"@id\":\"https:\\\/\\\/blogdoprosperi.com\\\/#\\\/schema\\\/person\\\/38100755ce3601861ee4fab9b5aa78e9\"},\"image\":{\"@id\":\"https:\\\/\\\/blogdoprosperi.com\\\/?p=30562#primaryimage\"},\"thumbnailUrl\":\"https:\\\/\\\/blogdoprosperi.com\\\/wp-content\\\/uploads\\\/2016\\\/11\\\/20140519205208486067u.jpg\",\"keywords\":[\"Andr\u00e9s Sanchez\",\"CBF\",\"Copa do Mundo de 2014\",\"Corinthians\",\"Fifa\",\"futebol\",\"Gilberto Kassab\",\"Itaquer\u00e3o\",\"J\u00e9r\u00f4me Valcke\",\"Jos\u00e9 Serra\",\"presidente Lula\",\"Ricardo Teixeira\"],\"articleSection\":[\"futebol\"],\"inLanguage\":\"pt-BR\",\"potentialAction\":[{\"@type\":\"CommentAction\",\"name\":\"Comment\",\"target\":[\"https:\\\/\\\/blogdoprosperi.com\\\/?p=30562#respond\"]}]},{\"@type\":\"WebPage\",\"@id\":\"https:\\\/\\\/blogdoprosperi.com\\\/?p=30562\",\"url\":\"https:\\\/\\\/blogdoprosperi.com\\\/?p=30562\",\"name\":\"Itaquer\u00e3o corre risco de ser interditado. Conhe\u00e7a a hist\u00f3ria da Arena Corinthians - PR\u00d3SPERI NEWS\",\"isPartOf\":{\"@id\":\"https:\\\/\\\/blogdoprosperi.com\\\/#website\"},\"primaryImageOfPage\":{\"@id\":\"https:\\\/\\\/blogdoprosperi.com\\\/?p=30562#primaryimage\"},\"image\":{\"@id\":\"https:\\\/\\\/blogdoprosperi.com\\\/?p=30562#primaryimage\"},\"thumbnailUrl\":\"https:\\\/\\\/blogdoprosperi.com\\\/wp-content\\\/uploads\\\/2016\\\/11\\\/20140519205208486067u.jpg\",\"datePublished\":\"2016-11-01T20:11:19+00:00\",\"dateModified\":\"2016-11-01T22:31:54+00:00\",\"breadcrumb\":{\"@id\":\"https:\\\/\\\/blogdoprosperi.com\\\/?p=30562#breadcrumb\"},\"inLanguage\":\"pt-BR\",\"potentialAction\":[{\"@type\":\"ReadAction\",\"target\":[\"https:\\\/\\\/blogdoprosperi.com\\\/?p=30562\"]}]},{\"@type\":\"ImageObject\",\"inLanguage\":\"pt-BR\",\"@id\":\"https:\\\/\\\/blogdoprosperi.com\\\/?p=30562#primaryimage\",\"url\":\"https:\\\/\\\/i0.wp.com\\\/blogdoprosperi.com\\\/wp-content\\\/uploads\\\/2016\\\/11\\\/20140519205208486067u.jpg?fit=750%2C500&ssl=1\",\"contentUrl\":\"https:\\\/\\\/i0.wp.com\\\/blogdoprosperi.com\\\/wp-content\\\/uploads\\\/2016\\\/11\\\/20140519205208486067u.jpg?fit=750%2C500&ssl=1\",\"width\":750,\"height\":500},{\"@type\":\"BreadcrumbList\",\"@id\":\"https:\\\/\\\/blogdoprosperi.com\\\/?p=30562#breadcrumb\",\"itemListElement\":[{\"@type\":\"ListItem\",\"position\":1,\"name\":\"In\u00edcio\",\"item\":\"https:\\\/\\\/blogdoprosperi.com\\\/\"},{\"@type\":\"ListItem\",\"position\":2,\"name\":\"Itaquer\u00e3o corre risco de ser interditado. Conhe\u00e7a a hist\u00f3ria da Arena Corinthians\"}]},{\"@type\":\"WebSite\",\"@id\":\"https:\\\/\\\/blogdoprosperi.com\\\/#website\",\"url\":\"https:\\\/\\\/blogdoprosperi.com\\\/\",\"name\":\"PR\u00d3SPERI NEWS\",\"description\":\"TUDO \u00c9  FUTEBOL\",\"publisher\":{\"@id\":\"https:\\\/\\\/blogdoprosperi.com\\\/#\\\/schema\\\/person\\\/38100755ce3601861ee4fab9b5aa78e9\"},\"alternateName\":\"blogdoprosperi.com\",\"potentialAction\":[{\"@type\":\"SearchAction\",\"target\":{\"@type\":\"EntryPoint\",\"urlTemplate\":\"https:\\\/\\\/blogdoprosperi.com\\\/?s={search_term_string}\"},\"query-input\":{\"@type\":\"PropertyValueSpecification\",\"valueRequired\":true,\"valueName\":\"search_term_string\"}}],\"inLanguage\":\"pt-BR\"},{\"@type\":[\"Person\",\"Organization\"],\"@id\":\"https:\\\/\\\/blogdoprosperi.com\\\/#\\\/schema\\\/person\\\/38100755ce3601861ee4fab9b5aa78e9\",\"name\":\"Luiz Ant\u00f4nio Pr\u00f3speri\",\"pronouns\":\"ele\",\"image\":{\"@type\":\"ImageObject\",\"inLanguage\":\"pt-BR\",\"@id\":\"https:\\\/\\\/i0.wp.com\\\/blogdoprosperi.com\\\/wp-content\\\/uploads\\\/2026\\\/05\\\/cropped-8059e613-6002-42fa-961e-8e275f575d71-2-5.jpg?fit=1360%2C931&ssl=1\",\"url\":\"https:\\\/\\\/i0.wp.com\\\/blogdoprosperi.com\\\/wp-content\\\/uploads\\\/2026\\\/05\\\/cropped-8059e613-6002-42fa-961e-8e275f575d71-2-5.jpg?fit=1360%2C931&ssl=1\",\"contentUrl\":\"https:\\\/\\\/i0.wp.com\\\/blogdoprosperi.com\\\/wp-content\\\/uploads\\\/2026\\\/05\\\/cropped-8059e613-6002-42fa-961e-8e275f575d71-2-5.jpg?fit=1360%2C931&ssl=1\",\"width\":1360,\"height\":931,\"caption\":\"Luiz Ant\u00f4nio Pr\u00f3speri\"},\"logo\":{\"@id\":\"https:\\\/\\\/i0.wp.com\\\/blogdoprosperi.com\\\/wp-content\\\/uploads\\\/2026\\\/05\\\/cropped-8059e613-6002-42fa-961e-8e275f575d71-2-5.jpg?fit=1360%2C931&ssl=1\"},\"description\":\"Jornalista com carreira dedicada ao esporte. Cobriu 9 Copas do Mundo in loco, 1990 na It\u00e1lia, 1994 nos EUA, 1998 na Fran\u00e7a, 2002 na Coreia do Sul e Jap\u00e3o, 2006 na Alemanha, 2010 na \u00c1frica do Sul, 2014 no Brasil, 2018 na R\u00fassia e 2022 no Qatar. Eurocopas, 1992 na Su\u00e9cia e 1996 na Inglaterra. Copa das Confedera\u00e7\u00f5es de 2005 na Alemanha e 2009 na \u00c1frica do Sul. Rep\u00f3rter e Editor, trabalhou no Jornal da Tarde e Estad\u00e3o, de 1984 a fevereiro de 2016. Colunista, blogueiro. E comentarista de futebol na R\u00e1dio Estad\u00e3o, de 2013 a fevereiro de 2016. Jornalista respons\u00e1vel do \\\"Pr\u00f3speri News\\\" (blogdoprosperi.com).\",\"sameAs\":[\"http:\\\/\\\/blogdoprosperi.com\",\"Luiz Pr\u00f3speri\",\"@luiz_prosperi\",\"https:\\\/\\\/x.com\\\/Luizprosperi\",\"@prosperinacopa\",\"luiz.prosperi@icloud.com\"],\"url\":\"https:\\\/\\\/blogdoprosperi.com\\\/?author=102107496\"}]}<\/script>\n<!-- \/ Yoast SEO plugin. -->","yoast_head_json":{"title":"Itaquer\u00e3o corre risco de ser interditado. Conhe\u00e7a a hist\u00f3ria da Arena Corinthians - PR\u00d3SPERI NEWS","robots":{"index":"index","follow":"follow","max-snippet":"max-snippet:-1","max-image-preview":"max-image-preview:large","max-video-preview":"max-video-preview:-1"},"canonical":"https:\/\/blogdoprosperi.com\/?p=30562","og_locale":"pt_BR","og_type":"article","og_title":"Itaquer\u00e3o corre risco de ser interditado. Conhe\u00e7a a hist\u00f3ria da Arena Corinthians - PR\u00d3SPERI NEWS","og_description":"Itaquer\u00e3o pode ser interditado por causa de um vazamento de 10,1 milh\u00f5es de litros de \u00e1gua na \u00e1rea [&hellip;]","og_url":"https:\/\/blogdoprosperi.com\/?p=30562","og_site_name":"PR\u00d3SPERI NEWS","article_publisher":"Luiz Pr\u00f3speri","article_author":"Luiz Pr\u00f3speri","article_published_time":"2016-11-01T20:11:19+00:00","article_modified_time":"2016-11-01T22:31:54+00:00","og_image":[{"url":"https:\/\/blogdoprosperi.com\/wp-content\/uploads\/2016\/11\/20140519205208486067u.jpg","type":"","width":"","height":""}],"author":"Luiz Ant\u00f4nio Pr\u00f3speri","twitter_card":"summary_large_image","twitter_creator":"@Luizprosperi","twitter_site":"@Luizprosperi","twitter_misc":{"Escrito por":"Luiz Ant\u00f4nio Pr\u00f3speri","Est. tempo de leitura":"6 minutos"},"schema":{"@context":"https:\/\/schema.org","@graph":[{"@type":"Article","@id":"https:\/\/blogdoprosperi.com\/?p=30562#article","isPartOf":{"@id":"https:\/\/blogdoprosperi.com\/?p=30562"},"author":{"name":"Luiz Ant\u00f4nio Pr\u00f3speri","@id":"https:\/\/blogdoprosperi.com\/#\/schema\/person\/38100755ce3601861ee4fab9b5aa78e9"},"headline":"Itaquer\u00e3o corre risco de ser interditado. Conhe\u00e7a a hist\u00f3ria da Arena Corinthians","datePublished":"2016-11-01T20:11:19+00:00","dateModified":"2016-11-01T22:31:54+00:00","mainEntityOfPage":{"@id":"https:\/\/blogdoprosperi.com\/?p=30562"},"wordCount":1118,"commentCount":1,"publisher":{"@id":"https:\/\/blogdoprosperi.com\/#\/schema\/person\/38100755ce3601861ee4fab9b5aa78e9"},"image":{"@id":"https:\/\/blogdoprosperi.com\/?p=30562#primaryimage"},"thumbnailUrl":"https:\/\/blogdoprosperi.com\/wp-content\/uploads\/2016\/11\/20140519205208486067u.jpg","keywords":["Andr\u00e9s Sanchez","CBF","Copa do Mundo de 2014","Corinthians","Fifa","futebol","Gilberto Kassab","Itaquer\u00e3o","J\u00e9r\u00f4me Valcke","Jos\u00e9 Serra","presidente Lula","Ricardo Teixeira"],"articleSection":["futebol"],"inLanguage":"pt-BR","potentialAction":[{"@type":"CommentAction","name":"Comment","target":["https:\/\/blogdoprosperi.com\/?p=30562#respond"]}]},{"@type":"WebPage","@id":"https:\/\/blogdoprosperi.com\/?p=30562","url":"https:\/\/blogdoprosperi.com\/?p=30562","name":"Itaquer\u00e3o corre risco de ser interditado. Conhe\u00e7a a hist\u00f3ria da Arena Corinthians - PR\u00d3SPERI NEWS","isPartOf":{"@id":"https:\/\/blogdoprosperi.com\/#website"},"primaryImageOfPage":{"@id":"https:\/\/blogdoprosperi.com\/?p=30562#primaryimage"},"image":{"@id":"https:\/\/blogdoprosperi.com\/?p=30562#primaryimage"},"thumbnailUrl":"https:\/\/blogdoprosperi.com\/wp-content\/uploads\/2016\/11\/20140519205208486067u.jpg","datePublished":"2016-11-01T20:11:19+00:00","dateModified":"2016-11-01T22:31:54+00:00","breadcrumb":{"@id":"https:\/\/blogdoprosperi.com\/?p=30562#breadcrumb"},"inLanguage":"pt-BR","potentialAction":[{"@type":"ReadAction","target":["https:\/\/blogdoprosperi.com\/?p=30562"]}]},{"@type":"ImageObject","inLanguage":"pt-BR","@id":"https:\/\/blogdoprosperi.com\/?p=30562#primaryimage","url":"https:\/\/i0.wp.com\/blogdoprosperi.com\/wp-content\/uploads\/2016\/11\/20140519205208486067u.jpg?fit=750%2C500&ssl=1","contentUrl":"https:\/\/i0.wp.com\/blogdoprosperi.com\/wp-content\/uploads\/2016\/11\/20140519205208486067u.jpg?fit=750%2C500&ssl=1","width":750,"height":500},{"@type":"BreadcrumbList","@id":"https:\/\/blogdoprosperi.com\/?p=30562#breadcrumb","itemListElement":[{"@type":"ListItem","position":1,"name":"In\u00edcio","item":"https:\/\/blogdoprosperi.com\/"},{"@type":"ListItem","position":2,"name":"Itaquer\u00e3o corre risco de ser interditado. Conhe\u00e7a a hist\u00f3ria da Arena Corinthians"}]},{"@type":"WebSite","@id":"https:\/\/blogdoprosperi.com\/#website","url":"https:\/\/blogdoprosperi.com\/","name":"PR\u00d3SPERI NEWS","description":"TUDO \u00c9  FUTEBOL","publisher":{"@id":"https:\/\/blogdoprosperi.com\/#\/schema\/person\/38100755ce3601861ee4fab9b5aa78e9"},"alternateName":"blogdoprosperi.com","potentialAction":[{"@type":"SearchAction","target":{"@type":"EntryPoint","urlTemplate":"https:\/\/blogdoprosperi.com\/?s={search_term_string}"},"query-input":{"@type":"PropertyValueSpecification","valueRequired":true,"valueName":"search_term_string"}}],"inLanguage":"pt-BR"},{"@type":["Person","Organization"],"@id":"https:\/\/blogdoprosperi.com\/#\/schema\/person\/38100755ce3601861ee4fab9b5aa78e9","name":"Luiz Ant\u00f4nio Pr\u00f3speri","pronouns":"ele","image":{"@type":"ImageObject","inLanguage":"pt-BR","@id":"https:\/\/i0.wp.com\/blogdoprosperi.com\/wp-content\/uploads\/2026\/05\/cropped-8059e613-6002-42fa-961e-8e275f575d71-2-5.jpg?fit=1360%2C931&ssl=1","url":"https:\/\/i0.wp.com\/blogdoprosperi.com\/wp-content\/uploads\/2026\/05\/cropped-8059e613-6002-42fa-961e-8e275f575d71-2-5.jpg?fit=1360%2C931&ssl=1","contentUrl":"https:\/\/i0.wp.com\/blogdoprosperi.com\/wp-content\/uploads\/2026\/05\/cropped-8059e613-6002-42fa-961e-8e275f575d71-2-5.jpg?fit=1360%2C931&ssl=1","width":1360,"height":931,"caption":"Luiz Ant\u00f4nio Pr\u00f3speri"},"logo":{"@id":"https:\/\/i0.wp.com\/blogdoprosperi.com\/wp-content\/uploads\/2026\/05\/cropped-8059e613-6002-42fa-961e-8e275f575d71-2-5.jpg?fit=1360%2C931&ssl=1"},"description":"Jornalista com carreira dedicada ao esporte. Cobriu 9 Copas do Mundo in loco, 1990 na It\u00e1lia, 1994 nos EUA, 1998 na Fran\u00e7a, 2002 na Coreia do Sul e Jap\u00e3o, 2006 na Alemanha, 2010 na \u00c1frica do Sul, 2014 no Brasil, 2018 na R\u00fassia e 2022 no Qatar. Eurocopas, 1992 na Su\u00e9cia e 1996 na Inglaterra. Copa das Confedera\u00e7\u00f5es de 2005 na Alemanha e 2009 na \u00c1frica do Sul. Rep\u00f3rter e Editor, trabalhou no Jornal da Tarde e Estad\u00e3o, de 1984 a fevereiro de 2016. Colunista, blogueiro. E comentarista de futebol na R\u00e1dio Estad\u00e3o, de 2013 a fevereiro de 2016. Jornalista respons\u00e1vel do \"Pr\u00f3speri News\" (blogdoprosperi.com).","sameAs":["http:\/\/blogdoprosperi.com","Luiz Pr\u00f3speri","@luiz_prosperi","https:\/\/x.com\/Luizprosperi","@prosperinacopa","luiz.prosperi@icloud.com"],"url":"https:\/\/blogdoprosperi.com\/?author=102107496"}]}},"jetpack_publicize_connections":[],"jetpack_likes_enabled":false,"jetpack_sharing_enabled":true,"jetpack_shortlink":"https:\/\/wp.me\/p7jvdk-7WW","jetpack-related-posts":[{"id":30744,"url":"https:\/\/blogdoprosperi.com\/?p=30744","url_meta":{"origin":30562,"position":0},"title":"Itaquer\u00e3o n\u00e3o corre risco de cair, diz empreiteira Odebrecht","author":"Luiz Ant\u00f4nio Pr\u00f3speri","date":"2 de novembro de 2016","format":false,"excerpt":"Este Blog do Pr\u00f3speri contou em post publicado na ter\u00e7a-feira (01\/11) como nasceu a Arena Corinthians, inaugurada em maio de 2014. Hist\u00f3ria necess\u00e1ria para entender a enorme press\u00e3o pol\u00edtica na constru\u00e7\u00e3o de um est\u00e1dio por uma empreiteira atolada na Opera\u00e7\u00e3o Lava Jato. Necess\u00e1ria ainda a partir da informa\u00e7\u00e3o publicada pelo\u2026","rel":"","context":"Em &quot;Campeonato Brasileiro&quot;","block_context":{"text":"Campeonato Brasileiro","link":"https:\/\/blogdoprosperi.com\/?cat=355071"},"img":{"alt_text":"","src":"https:\/\/i0.wp.com\/blogdoprosperi.com\/wp-content\/uploads\/2016\/11\/8lco530w.jpg?resize=350%2C200&ssl=1","width":350,"height":200,"srcset":"https:\/\/i0.wp.com\/blogdoprosperi.com\/wp-content\/uploads\/2016\/11\/8lco530w.jpg?resize=350%2C200&ssl=1 1x, https:\/\/i0.wp.com\/blogdoprosperi.com\/wp-content\/uploads\/2016\/11\/8lco530w.jpg?resize=525%2C300&ssl=1 1.5x, https:\/\/i0.wp.com\/blogdoprosperi.com\/wp-content\/uploads\/2016\/11\/8lco530w.jpg?resize=700%2C400&ssl=1 2x"},"classes":[]},{"id":26907,"url":"https:\/\/blogdoprosperi.com\/?p=26907","url_meta":{"origin":30562,"position":1},"title":"Corinthians vence Cruzeiro e perde prest\u00edgio da Fiel no Itaquer\u00e3o","author":"Luiz Ant\u00f4nio Pr\u00f3speri","date":"29 de setembro de 2016","format":false,"excerpt":"Corinthians entra naquele per\u00edodo de mais d\u00favidas do que certezas. Patina no Brasileir\u00e3o, continua sob comando de t\u00e9cnico interino, sempre \u00e0 espera da espada a cortar sua cabe\u00e7a, e come\u00e7a a se sentir abandonado por sua torcida. E o futuro na Copa do Brasil, poss\u00edvel salva\u00e7\u00e3o da temporada, tamb\u00e9m provoca\u2026","rel":"","context":"Em &quot;futebol&quot;","block_context":{"text":"futebol","link":"https:\/\/blogdoprosperi.com\/?cat=53870"},"img":{"alt_text":"","src":"https:\/\/i0.wp.com\/blogdoprosperi.com\/wp-content\/uploads\/2016\/09\/ctfxgmpwgaa8f3k.jpg?resize=350%2C200&ssl=1","width":350,"height":200,"srcset":"https:\/\/i0.wp.com\/blogdoprosperi.com\/wp-content\/uploads\/2016\/09\/ctfxgmpwgaa8f3k.jpg?resize=350%2C200&ssl=1 1x, https:\/\/i0.wp.com\/blogdoprosperi.com\/wp-content\/uploads\/2016\/09\/ctfxgmpwgaa8f3k.jpg?resize=525%2C300&ssl=1 1.5x, https:\/\/i0.wp.com\/blogdoprosperi.com\/wp-content\/uploads\/2016\/09\/ctfxgmpwgaa8f3k.jpg?resize=700%2C400&ssl=1 2x, https:\/\/i0.wp.com\/blogdoprosperi.com\/wp-content\/uploads\/2016\/09\/ctfxgmpwgaa8f3k.jpg?resize=1050%2C600&ssl=1 3x"},"classes":[]},{"id":26218,"url":"https:\/\/blogdoprosperi.com\/?p=26218","url_meta":{"origin":30562,"position":2},"title":"Corinthians tira um p\u00e9 da lama ao derrotar Fluminense e avan\u00e7ar na Copa do Brasil","author":"Luiz Ant\u00f4nio Pr\u00f3speri","date":"22 de setembro de 2016","format":false,"excerpt":"Corinthians precisava voltar \u00e0 respira\u00e7\u00e3o normal ap\u00f3s a sequ\u00eancia de desastres no Brasileir\u00e3o, com direito a demiss\u00e3o de treinador, torcedores em guerra com dirigentes e jogadores perdidos sem saber que rumo tomar. Por isso era mais do que necess\u00e1rio avan\u00e7ar \u00e0s quartas de final da Copa do Brasil. A vit\u00f3ria,\u2026","rel":"","context":"Em &quot;futebol&quot;","block_context":{"text":"futebol","link":"https:\/\/blogdoprosperi.com\/?cat=53870"},"img":{"alt_text":"","src":"https:\/\/i0.wp.com\/blogdoprosperi.com\/wp-content\/uploads\/2016\/09\/pro8-16.jpg?resize=350%2C200","width":350,"height":200,"srcset":"https:\/\/i0.wp.com\/blogdoprosperi.com\/wp-content\/uploads\/2016\/09\/pro8-16.jpg?resize=350%2C200 1x, https:\/\/i0.wp.com\/blogdoprosperi.com\/wp-content\/uploads\/2016\/09\/pro8-16.jpg?resize=525%2C300 1.5x, https:\/\/i0.wp.com\/blogdoprosperi.com\/wp-content\/uploads\/2016\/09\/pro8-16.jpg?resize=700%2C400 2x, https:\/\/i0.wp.com\/blogdoprosperi.com\/wp-content\/uploads\/2016\/09\/pro8-16.jpg?resize=1050%2C600 3x, https:\/\/i0.wp.com\/blogdoprosperi.com\/wp-content\/uploads\/2016\/09\/pro8-16.jpg?resize=1400%2C800 4x"},"classes":[]},{"id":35148,"url":"https:\/\/blogdoprosperi.com\/?p=35148","url_meta":{"origin":30562,"position":3},"title":"\u00c1rbitro do cl\u00e1ssico Corinthians x Palmeiras paga caro por seu erro","author":"Luiz Ant\u00f4nio Pr\u00f3speri","date":"24 de fevereiro de 2017","format":false,"excerpt":"Tiago Duarte Peixoto, \u00e1rbitro da trapalhada no cl\u00e1ssico entre Corinthians x Palmeiras, vive dias de linchamento moral e profissional. Espica\u00e7ado nas redes sociais, programas de televis\u00e3o e por toda a comunidade do futebol, sofreu uma dura puni\u00e7\u00e3o da Federa\u00e7\u00e3o Paulista e n\u00e3o poder\u00e1 apitar mais nenhum jogo por tempo indeterminado\u2026","rel":"","context":"Em &quot;futebol&quot;","block_context":{"text":"futebol","link":"https:\/\/blogdoprosperi.com\/?cat=53870"},"img":{"alt_text":"","src":"https:\/\/i0.wp.com\/blogdoprosperi.com\/wp-content\/uploads\/2017\/02\/thiagoduartepeixotoarbitrocorinthianspalmeiraspaulista22022017fernandodantasgazetapress.jpg?resize=350%2C200&ssl=1","width":350,"height":200},"classes":[]},{"id":36778,"url":"https:\/\/blogdoprosperi.com\/?p=36778","url_meta":{"origin":30562,"position":4},"title":"Arena do Corinthians n\u00e3o \u00e9 do povo","author":"Luiz Ant\u00f4nio Pr\u00f3speri","date":"3 de outubro de 2017","format":false,"excerpt":"Quem imagina que Arena Corinthians, constru\u00edda em 2014, \u00e9 um est\u00e1dio popular, se engana. Pesquisa divulgada nesta ter\u00e7a-feira (03\/10) mostra que o est\u00e1dio \u00e9 elitizado, muito por culpa do clube que cobra ingressos caros, inibindo a presen\u00e7a do torcedor menos abastado. Veja a faixa et\u00e1ria dos torcedores com dados do\u2026","rel":"","context":"Em &quot;futebol&quot;","block_context":{"text":"futebol","link":"https:\/\/blogdoprosperi.com\/?cat=53870"},"img":{"alt_text":"Itaquer\u00e3o n\u00e3o \u00e9 do povo","src":"https:\/\/i0.wp.com\/blogdoprosperi.com\/wp-content\/uploads\/2017\/10\/arena-corinthians-62.jpg?fit=1200%2C800&ssl=1&resize=350%2C200","width":350,"height":200,"srcset":"https:\/\/i0.wp.com\/blogdoprosperi.com\/wp-content\/uploads\/2017\/10\/arena-corinthians-62.jpg?fit=1200%2C800&ssl=1&resize=350%2C200 1x, https:\/\/i0.wp.com\/blogdoprosperi.com\/wp-content\/uploads\/2017\/10\/arena-corinthians-62.jpg?fit=1200%2C800&ssl=1&resize=525%2C300 1.5x, https:\/\/i0.wp.com\/blogdoprosperi.com\/wp-content\/uploads\/2017\/10\/arena-corinthians-62.jpg?fit=1200%2C800&ssl=1&resize=700%2C400 2x, https:\/\/i0.wp.com\/blogdoprosperi.com\/wp-content\/uploads\/2017\/10\/arena-corinthians-62.jpg?fit=1200%2C800&ssl=1&resize=1050%2C600 3x"},"classes":[]},{"id":27409,"url":"https:\/\/blogdoprosperi.com\/?p=27409","url_meta":{"origin":30562,"position":5},"title":"Palmeiras e Corinthians, entre o c\u00e9u e o inferno","author":"Luiz Ant\u00f4nio Pr\u00f3speri","date":"4 de outubro de 2016","format":false,"excerpt":"\u00a0 Presidentes de Palmeiras e Corinthians concederam entrevistas coletivas neste in\u00edcio de noite de ter\u00e7a-feira (04\/11). Paulo Nobre, sereno, discorreu sobre a vit\u00f3ria do clube na corte arbitral contra a WTorre na venda de cadeiras do Allianz Parque, da paz pol\u00edtica no Palestra e do bom futebol do time de\u2026","rel":"","context":"Em &quot;Campeonato Brasileiro&quot;","block_context":{"text":"Campeonato Brasileiro","link":"https:\/\/blogdoprosperi.com\/?cat=355071"},"img":{"alt_text":"","src":"https:\/\/i0.wp.com\/blogdoprosperi.com\/wp-content\/uploads\/2016\/10\/elv20160615030.jpg?resize=350%2C200","width":350,"height":200,"srcset":"https:\/\/i0.wp.com\/blogdoprosperi.com\/wp-content\/uploads\/2016\/10\/elv20160615030.jpg?resize=350%2C200 1x, https:\/\/i0.wp.com\/blogdoprosperi.com\/wp-content\/uploads\/2016\/10\/elv20160615030.jpg?resize=525%2C300 1.5x"},"classes":[]}],"jetpack_featured_media_url":"","_links":{"self":[{"href":"https:\/\/blogdoprosperi.com\/index.php?rest_route=\/wp\/v2\/posts\/30562","targetHints":{"allow":["GET"]}}],"collection":[{"href":"https:\/\/blogdoprosperi.com\/index.php?rest_route=\/wp\/v2\/posts"}],"about":[{"href":"https:\/\/blogdoprosperi.com\/index.php?rest_route=\/wp\/v2\/types\/post"}],"author":[{"embeddable":true,"href":"https:\/\/blogdoprosperi.com\/index.php?rest_route=\/wp\/v2\/users\/102107496"}],"replies":[{"embeddable":true,"href":"https:\/\/blogdoprosperi.com\/index.php?rest_route=%2Fwp%2Fv2%2Fcomments&post=30562"}],"version-history":[{"count":25,"href":"https:\/\/blogdoprosperi.com\/index.php?rest_route=\/wp\/v2\/posts\/30562\/revisions"}],"predecessor-version":[{"id":30741,"href":"https:\/\/blogdoprosperi.com\/index.php?rest_route=\/wp\/v2\/posts\/30562\/revisions\/30741"}],"wp:attachment":[{"href":"https:\/\/blogdoprosperi.com\/index.php?rest_route=%2Fwp%2Fv2%2Fmedia&parent=30562"}],"wp:term":[{"taxonomy":"category","embeddable":true,"href":"https:\/\/blogdoprosperi.com\/index.php?rest_route=%2Fwp%2Fv2%2Fcategories&post=30562"},{"taxonomy":"post_tag","embeddable":true,"href":"https:\/\/blogdoprosperi.com\/index.php?rest_route=%2Fwp%2Fv2%2Ftags&post=30562"}],"curies":[{"name":"wp","href":"https:\/\/api.w.org\/{rel}","templated":true}]}}