{"id":30744,"date":"2016-11-02T18:53:23","date_gmt":"2016-11-02T20:53:23","guid":{"rendered":"http:\/\/blogdoprosperi.com\/?p=30744"},"modified":"2016-11-02T18:56:37","modified_gmt":"2016-11-02T20:56:37","slug":"itaquerao-nao-corre-risco-de-cair-diz-empreiteira-odebrecht","status":"publish","type":"post","link":"https:\/\/blogdoprosperi.com\/?p=30744","title":{"rendered":"Itaquer\u00e3o n\u00e3o corre risco de cair, diz empreiteira Odebrecht"},"content":{"rendered":"<p><span class=\"alignnone\"><img data-recalc-dims=\"1\" loading=\"lazy\" decoding=\"async\" data-attachment-id=\"30775\" data-permalink=\"https:\/\/blogdoprosperi.com\/?attachment_id=30775\" data-orig-file=\"https:\/\/i0.wp.com\/blogdoprosperi.com\/wp-content\/uploads\/2016\/11\/8lco530w.jpg?fit=994%2C720&amp;ssl=1\" data-orig-size=\"994,720\" data-comments-opened=\"1\" data-image-meta=\"{&quot;aperture&quot;:&quot;0&quot;,&quot;credit&quot;:&quot;&quot;,&quot;camera&quot;:&quot;&quot;,&quot;caption&quot;:&quot;&quot;,&quot;created_timestamp&quot;:&quot;0&quot;,&quot;copyright&quot;:&quot;&quot;,&quot;focal_length&quot;:&quot;0&quot;,&quot;iso&quot;:&quot;0&quot;,&quot;shutter_speed&quot;:&quot;0&quot;,&quot;title&quot;:&quot;&quot;,&quot;orientation&quot;:&quot;0&quot;}\" data-image-title=\"8lco530w\" data-image-description=\"\" data-image-caption=\"\" data-large-file=\"https:\/\/i0.wp.com\/blogdoprosperi.com\/wp-content\/uploads\/2016\/11\/8lco530w.jpg?fit=940%2C681&amp;ssl=1\" class=\"alignnone size-full wp-image-30775\" src=\"https:\/\/i0.wp.com\/blogdoprosperi.com\/wp-content\/uploads\/2016\/11\/8lco530w.jpg?resize=940%2C681&#038;ssl=1\" alt=\"8lco530w.jpg\" width=\"940\" height=\"681\" \/><\/span><\/p>\n<p>Este <strong>Blog do Pr\u00f3speri<\/strong> contou em post publicado na ter\u00e7a-feira (01\/11) como <a href=\"http:\/\/blogdoprosperi.com\/2016\/11\/01\/itaquerao-corre-risco-de-ser-interditado-conheca-a-historia-da-arena-do-corinthians\/\">nasceu a Arena Corinthians<\/a>, inaugurada em maio de 2014. Hist\u00f3ria necess\u00e1ria para entender a enorme press\u00e3o pol\u00edtica na constru\u00e7\u00e3o de um est\u00e1dio por uma empreiteira atolada na Opera\u00e7\u00e3o Lava Jato. Necess\u00e1ria ainda a partir da informa\u00e7\u00e3o publicada pelo jornalista Juca Kfouri na <em>Folha de S. Paulo (<\/em>edi\u00e7\u00e3o de 01\/11) dando conta de problemas estruturais no est\u00e1dio, em especial com o vazamento de 10,1 milh\u00f5es de litros de \u00e1gua que poderia comprometer a arena. No mesmo dia, Roberto Andrade, presidente do Corinthians, afirmou que se risco houvesse aos torcedores o est\u00e1dio seria interditado de imediato. Nesta quarta-feira (02\/11), enfim, a Odebrecht, respons\u00e1vel pela constru\u00e7\u00e3o do est\u00e1dio, emitiu nota oficial dando garantias que o Itaquer\u00e3o n\u00e3o corre risco de cair.<!--more--><\/p>\n<p><strong>Veja o comunicado da Odebrecht na \u00edntegra:<\/strong><\/p>\n<p><em>&#8216;A Construtora Norberto Odebrecht, em face de not\u00edcias sem fundamentos sobre a constru\u00e7\u00e3o da Arena Corinthians, vem esclarecer que sempre\u00a0prezou pela qualidade dos seus trabalhos, utilizando as melhores e mais modernas t\u00e9cnicas construtivas em todos os seus neg\u00f3cios, n\u00e3o s\u00f3 no Brasil como em mais de 20 pa\u00edses onde tem presen\u00e7a.<\/em><\/p>\n<p><em>A Arena, inaugurada em maio de 2014, sediou com sucesso grandes eventos internacionais, como a Copa do Mundo 2014 e jogos da Olimp\u00edada 2016. Ao longo destes dois anos e meio de opera\u00e7\u00e3o, dezenas de partidas de futebol e diversos outros eventos foram realizados, sem oferecer qualquer risco aos usu\u00e1rios.<\/em><\/p>\n<p><em><strong>Tanto que o est\u00e1dio possui alvar\u00e1 de funcionamento e todos os demais laudos de seguran\u00e7a necess\u00e1rios a sua opera\u00e7\u00e3o, emitidos pelos \u00f3rg\u00e3os p\u00fablicos que fiscalizam periodicamente as instala\u00e7\u00f5es locais, n\u00e3o apontam nenhuma restri\u00e7\u00e3o.<\/strong>\u00a0<\/em><\/p>\n<p><em>Quanto \u00e0s inconsist\u00eancias do notici\u00e1rio recente, vale apontar que:<\/em><\/p>\n<p><em>\u2013 O referido vazamento de \u00e1gua constatado pela Sabesp ocorreu no in\u00edcio de 2015 e n\u00e3o tem rela\u00e7\u00e3o com a eros\u00e3o ocorrida um ano depois no estacionamento.<\/em><\/p>\n<p><em>\u2013<strong> O vazamento, de 2015, foi devido a um problema detectado em um registro localizado dentro de uma caixa de passagem, que fez a \u00e1gua escoar por uma tubula\u00e7\u00e3o de esgoto, instalada no mesmo local. Ou seja,\u00a0n\u00e3o houve infiltra\u00e7\u00e3o no solo.\u00a0\u00a0Em nota, a Sabesp informou\u00a0em 01\/11\/2016\u00a0que\u00a0\u201cesteve no local para inspe\u00e7\u00e3o e os t\u00e9cnicos constataram que a tubula\u00e7\u00e3o da Sabesp est\u00e1 em perfeito estado\u201d.<\/strong><\/em><\/p>\n<p><em>\u2013 A eros\u00e3o, de 2016, foi ocasionada por chuvas torrenciais e acima de qualquer expectativa na regi\u00e3o, tanto assim que a seguradora do est\u00e1dio foi acionada e ressarciu parte dos danos.<\/em><\/p>\n<p><em>\u2013 Tamb\u00e9m n\u00e3o \u00e9 verdade que exista um c\u00f3rrego passando por baixo do pr\u00e9dio, sem canaliza\u00e7\u00e3o. Foi executada uma rede de drenagem especifica para esse fim e est\u00e1 em projeto As Built (como constru\u00eddo) que foi entregue ao Fundo Imobili\u00e1rio ainda no ano de 2015.<\/em><\/p>\n<p><em>\u00a0\u2013 <strong>Quanto aos pontuais descolamentos de placas de granito das paredes,\u00a0est\u00e3o sendo avaliadas as reais causas de modo a impedir novas ocorr\u00eancias dessa natureza.\u00a0A construtora instalou mais de 30 mil metros quadrados desse material em pisos e paredes do est\u00e1dio, sem o registro de nenhum problema relacionado \u00e0 m\u00e1 instala\u00e7\u00e3o.<\/strong><\/em><\/p>\n<p><em>\u2013 Houve sim, h\u00e1 mais de um ano, queda de parte do forro em \u00e1rea restrita da Arena, e a Construtora tomou todas as medidas necess\u00e1rias para corrigir o fato e garantir o acesso dos torcedores ao local sem quaisquer riscos.<\/em><\/p>\n<p><em><strong>\u2013 N\u00e3o procede a informa\u00e7\u00e3o de queda de placas de Techlan das fachadas no gramado ou na arquibancada.<\/strong>\u00a0<\/em><\/p>\n<p><em>\u00a0Todos os trabalhos realizados na Arena tem as respectivas ARTs (Anota\u00e7\u00f5es de Responsabilidade T\u00e9cnica), que servem par atestar a responsabilidade do executor. O CREA fazia visitas quinzenais \u00e0 obra, verificando inclusive as mais de 200 ARTs assinadas por engenheiros ou arquitetos<\/em><\/p>\n<p><em>\u00a0<strong>Por fim, \u00e9\u00a0preciso ainda esclarecer que a CNO garante a qualidade da constru\u00e7\u00e3o, sendo responsabilidade do Clube a sua manuten\u00e7\u00e3o&#8221;, encerra o comunicado da empreiteira.<\/strong><\/em><\/p>\n<div class=\"tags\">\n<p><span class=\"alignnone\"><img data-recalc-dims=\"1\" loading=\"lazy\" decoding=\"async\" data-attachment-id=\"30655\" data-permalink=\"https:\/\/blogdoprosperi.com\/?attachment_id=30655\" data-orig-file=\"https:\/\/i0.wp.com\/blogdoprosperi.com\/wp-content\/uploads\/2016\/11\/20140519205208486067u.jpg?fit=750%2C500&amp;ssl=1\" data-orig-size=\"750,500\" data-comments-opened=\"1\" data-image-meta=\"{&quot;aperture&quot;:&quot;0&quot;,&quot;credit&quot;:&quot;&quot;,&quot;camera&quot;:&quot;&quot;,&quot;caption&quot;:&quot;&quot;,&quot;created_timestamp&quot;:&quot;0&quot;,&quot;copyright&quot;:&quot;&quot;,&quot;focal_length&quot;:&quot;0&quot;,&quot;iso&quot;:&quot;0&quot;,&quot;shutter_speed&quot;:&quot;0&quot;,&quot;title&quot;:&quot;&quot;,&quot;orientation&quot;:&quot;0&quot;}\" data-image-title=\"20140519205208486067u\" data-image-description=\"\" data-image-caption=\"\" data-large-file=\"https:\/\/i0.wp.com\/blogdoprosperi.com\/wp-content\/uploads\/2016\/11\/20140519205208486067u.jpg?fit=750%2C500&amp;ssl=1\" class=\"alignnone size-full wp-image-30655\" src=\"https:\/\/i0.wp.com\/blogdoprosperi.com\/wp-content\/uploads\/2016\/11\/20140519205208486067u.jpg?resize=750%2C500&#038;ssl=1\" alt=\"20140519205208486067u\" width=\"750\" height=\"500\" \/><\/span>Antes de Odebrecht emitir essa nota, o Corinthians havia dito que a responsabilidade por eventuais danos no est\u00e1dio era de total responsabilidade da empreiteira e cobraria provid\u00eancias.<\/p>\n<p><a href=\"http:\/\/blogdoprosperi.com\/2016\/10\/16\/corinthians-continua-sem-paz-mesmo-com-boa-estreia-de-oswaldo-de-oliveira\/\">Itaquer\u00e3o, com apenas tr\u00eas anos de vida, continua no centro do debate dentro e fora do Corinthians<\/a>. Seu custo de R$ 1,6 bilh\u00e3o est\u00e1 longe de ser pago, na d\u00edvida com 12 anos de car\u00eancia.<\/p>\n<p>Resta saber se essa \u00faltima pol\u00eamica do vazamento de 10,1 milh\u00f5es de litros de \u00e1gua vai afugentar a torcida da arena. Seria um enorme preju\u00edzo financeiro ao clube.<\/p>\n<\/div>\n","protected":false},"excerpt":{"rendered":"<p>Este Blog do Pr\u00f3speri contou em post publicado na ter\u00e7a-feira (01\/11) como nasceu a Arena Corinthians, inaugurada em [&hellip;]<\/p>\n","protected":false},"author":102107496,"featured_media":0,"comment_status":"open","ping_status":"open","sticky":false,"template":"","format":"standard","meta":{"_coblocks_attr":"","_coblocks_dimensions":"","_coblocks_responsive_height":"","_coblocks_accordion_ie_support":"","_jetpack_newsletter_access":"","_jetpack_dont_email_post_to_subs":false,"_jetpack_newsletter_tier_id":0,"_jetpack_memberships_contains_paywalled_content":false,"_wpcom_ai_launchpad_first_post":false,"_jetpack_feature_clip_id":0,"_jetpack_memberships_contains_paid_content":false,"footnotes":"","jetpack_publicize_message":"","jetpack_publicize_feature_enabled":true,"jetpack_social_post_already_shared":false,"jetpack_social_options":{"image_generator_settings":{"template":"highway","default_image_id":0,"font":"","enabled":false},"version":2},"jetpack_post_was_ever_published":false},"categories":[355071,53870],"tags":[67102754,1058693,177066,789560560,41381665,580607,10021936,219043320,38229360,980691],"class_list":["post-30744","post","type-post","status-publish","format-standard","hentry","category-campeonato-brasileiro","category-futebol","tag-arena-corinthians","tag-copa-do-mundo-2014","tag-corinthians","tag-futebol","tag-itaquerao","tag-juca-kfouri","tag-olimpiada-2016","tag-operacao-lava-jato","tag-roberto-andrade","tag-sabesp"],"yoast_head":"<!-- This site is optimized with the Yoast SEO plugin v28.4 - https:\/\/yoast.com\/product\/yoast-seo-wordpress\/ -->\n<title>Itaquer\u00e3o n\u00e3o corre risco de cair, diz empreiteira Odebrecht - PR\u00d3SPERI NEWS<\/title>\n<meta name=\"robots\" content=\"index, follow, max-snippet:-1, max-image-preview:large, max-video-preview:-1\" \/>\n<link rel=\"canonical\" href=\"https:\/\/blogdoprosperi.com\/?p=30744\" \/>\n<meta property=\"og:locale\" content=\"pt_BR\" \/>\n<meta property=\"og:type\" content=\"article\" \/>\n<meta property=\"og:title\" content=\"Itaquer\u00e3o n\u00e3o corre risco de cair, diz empreiteira Odebrecht - PR\u00d3SPERI NEWS\" \/>\n<meta property=\"og:description\" content=\"Este Blog do Pr\u00f3speri contou em post publicado na ter\u00e7a-feira (01\/11) como nasceu a Arena Corinthians, inaugurada em [&hellip;]\" \/>\n<meta property=\"og:url\" content=\"https:\/\/blogdoprosperi.com\/?p=30744\" \/>\n<meta property=\"og:site_name\" content=\"PR\u00d3SPERI NEWS\" \/>\n<meta property=\"article:publisher\" content=\"Luiz Pr\u00f3speri\" \/>\n<meta property=\"article:author\" content=\"Luiz Pr\u00f3speri\" \/>\n<meta property=\"article:published_time\" content=\"2016-11-02T20:53:23+00:00\" \/>\n<meta property=\"article:modified_time\" content=\"2016-11-02T20:56:37+00:00\" \/>\n<meta property=\"og:image\" content=\"https:\/\/blogdoprosperi.com\/wp-content\/uploads\/2016\/11\/8lco530w.jpg\" \/>\n<meta name=\"author\" content=\"Luiz Ant\u00f4nio Pr\u00f3speri\" \/>\n<meta name=\"twitter:card\" content=\"summary_large_image\" \/>\n<meta name=\"twitter:creator\" content=\"@Luizprosperi\" \/>\n<meta name=\"twitter:site\" content=\"@Luizprosperi\" \/>\n<meta name=\"twitter:label1\" content=\"Escrito por\" \/>\n\t<meta name=\"twitter:data1\" content=\"Luiz Ant\u00f4nio Pr\u00f3speri\" \/>\n\t<meta name=\"twitter:label2\" content=\"Est. tempo de leitura\" \/>\n\t<meta name=\"twitter:data2\" content=\"4 minutos\" \/>\n<script type=\"application\/ld+json\" class=\"yoast-schema-graph\">{\"@context\":\"https:\\\/\\\/schema.org\",\"@graph\":[{\"@type\":\"Article\",\"@id\":\"https:\\\/\\\/blogdoprosperi.com\\\/?p=30744#article\",\"isPartOf\":{\"@id\":\"https:\\\/\\\/blogdoprosperi.com\\\/?p=30744\"},\"author\":{\"name\":\"Luiz Ant\u00f4nio Pr\u00f3speri\",\"@id\":\"https:\\\/\\\/blogdoprosperi.com\\\/#\\\/schema\\\/person\\\/38100755ce3601861ee4fab9b5aa78e9\"},\"headline\":\"Itaquer\u00e3o n\u00e3o corre risco de cair, diz empreiteira Odebrecht\",\"datePublished\":\"2016-11-02T20:53:23+00:00\",\"dateModified\":\"2016-11-02T20:56:37+00:00\",\"mainEntityOfPage\":{\"@id\":\"https:\\\/\\\/blogdoprosperi.com\\\/?p=30744\"},\"wordCount\":783,\"commentCount\":2,\"publisher\":{\"@id\":\"https:\\\/\\\/blogdoprosperi.com\\\/#\\\/schema\\\/person\\\/38100755ce3601861ee4fab9b5aa78e9\"},\"image\":{\"@id\":\"https:\\\/\\\/blogdoprosperi.com\\\/?p=30744#primaryimage\"},\"thumbnailUrl\":\"https:\\\/\\\/blogdoprosperi.com\\\/wp-content\\\/uploads\\\/2016\\\/11\\\/8lco530w.jpg\",\"keywords\":[\"Arena Corinthians\",\"Copa do Mundo 2014\",\"Corinthians\",\"futebol\",\"Itaquer\u00e3o\",\"Juca Kfouri\",\"Olimp\u00edada 2016\",\"Opera\u00e7\u00e3o Lava Jato\",\"Roberto Andrade\",\"Sabesp\"],\"articleSection\":[\"Campeonato Brasileiro\",\"futebol\"],\"inLanguage\":\"pt-BR\",\"potentialAction\":[{\"@type\":\"CommentAction\",\"name\":\"Comment\",\"target\":[\"https:\\\/\\\/blogdoprosperi.com\\\/?p=30744#respond\"]}]},{\"@type\":\"WebPage\",\"@id\":\"https:\\\/\\\/blogdoprosperi.com\\\/?p=30744\",\"url\":\"https:\\\/\\\/blogdoprosperi.com\\\/?p=30744\",\"name\":\"Itaquer\u00e3o n\u00e3o corre risco de cair, diz empreiteira Odebrecht - PR\u00d3SPERI NEWS\",\"isPartOf\":{\"@id\":\"https:\\\/\\\/blogdoprosperi.com\\\/#website\"},\"primaryImageOfPage\":{\"@id\":\"https:\\\/\\\/blogdoprosperi.com\\\/?p=30744#primaryimage\"},\"image\":{\"@id\":\"https:\\\/\\\/blogdoprosperi.com\\\/?p=30744#primaryimage\"},\"thumbnailUrl\":\"https:\\\/\\\/blogdoprosperi.com\\\/wp-content\\\/uploads\\\/2016\\\/11\\\/8lco530w.jpg\",\"datePublished\":\"2016-11-02T20:53:23+00:00\",\"dateModified\":\"2016-11-02T20:56:37+00:00\",\"breadcrumb\":{\"@id\":\"https:\\\/\\\/blogdoprosperi.com\\\/?p=30744#breadcrumb\"},\"inLanguage\":\"pt-BR\",\"potentialAction\":[{\"@type\":\"ReadAction\",\"target\":[\"https:\\\/\\\/blogdoprosperi.com\\\/?p=30744\"]}]},{\"@type\":\"ImageObject\",\"inLanguage\":\"pt-BR\",\"@id\":\"https:\\\/\\\/blogdoprosperi.com\\\/?p=30744#primaryimage\",\"url\":\"https:\\\/\\\/i0.wp.com\\\/blogdoprosperi.com\\\/wp-content\\\/uploads\\\/2016\\\/11\\\/8lco530w.jpg?fit=994%2C720&ssl=1\",\"contentUrl\":\"https:\\\/\\\/i0.wp.com\\\/blogdoprosperi.com\\\/wp-content\\\/uploads\\\/2016\\\/11\\\/8lco530w.jpg?fit=994%2C720&ssl=1\",\"width\":994,\"height\":720},{\"@type\":\"BreadcrumbList\",\"@id\":\"https:\\\/\\\/blogdoprosperi.com\\\/?p=30744#breadcrumb\",\"itemListElement\":[{\"@type\":\"ListItem\",\"position\":1,\"name\":\"In\u00edcio\",\"item\":\"https:\\\/\\\/blogdoprosperi.com\\\/\"},{\"@type\":\"ListItem\",\"position\":2,\"name\":\"Itaquer\u00e3o n\u00e3o corre risco de cair, diz empreiteira Odebrecht\"}]},{\"@type\":\"WebSite\",\"@id\":\"https:\\\/\\\/blogdoprosperi.com\\\/#website\",\"url\":\"https:\\\/\\\/blogdoprosperi.com\\\/\",\"name\":\"PR\u00d3SPERI NEWS\",\"description\":\"TUDO \u00c9  FUTEBOL\",\"publisher\":{\"@id\":\"https:\\\/\\\/blogdoprosperi.com\\\/#\\\/schema\\\/person\\\/38100755ce3601861ee4fab9b5aa78e9\"},\"alternateName\":\"blogdoprosperi.com\",\"potentialAction\":[{\"@type\":\"SearchAction\",\"target\":{\"@type\":\"EntryPoint\",\"urlTemplate\":\"https:\\\/\\\/blogdoprosperi.com\\\/?s={search_term_string}\"},\"query-input\":{\"@type\":\"PropertyValueSpecification\",\"valueRequired\":true,\"valueName\":\"search_term_string\"}}],\"inLanguage\":\"pt-BR\"},{\"@type\":[\"Person\",\"Organization\"],\"@id\":\"https:\\\/\\\/blogdoprosperi.com\\\/#\\\/schema\\\/person\\\/38100755ce3601861ee4fab9b5aa78e9\",\"name\":\"Luiz Ant\u00f4nio Pr\u00f3speri\",\"pronouns\":\"ele\",\"image\":{\"@type\":\"ImageObject\",\"inLanguage\":\"pt-BR\",\"@id\":\"https:\\\/\\\/i0.wp.com\\\/blogdoprosperi.com\\\/wp-content\\\/uploads\\\/2026\\\/05\\\/cropped-8059e613-6002-42fa-961e-8e275f575d71-2-5.jpg?fit=1360%2C931&ssl=1\",\"url\":\"https:\\\/\\\/i0.wp.com\\\/blogdoprosperi.com\\\/wp-content\\\/uploads\\\/2026\\\/05\\\/cropped-8059e613-6002-42fa-961e-8e275f575d71-2-5.jpg?fit=1360%2C931&ssl=1\",\"contentUrl\":\"https:\\\/\\\/i0.wp.com\\\/blogdoprosperi.com\\\/wp-content\\\/uploads\\\/2026\\\/05\\\/cropped-8059e613-6002-42fa-961e-8e275f575d71-2-5.jpg?fit=1360%2C931&ssl=1\",\"width\":1360,\"height\":931,\"caption\":\"Luiz Ant\u00f4nio Pr\u00f3speri\"},\"logo\":{\"@id\":\"https:\\\/\\\/i0.wp.com\\\/blogdoprosperi.com\\\/wp-content\\\/uploads\\\/2026\\\/05\\\/cropped-8059e613-6002-42fa-961e-8e275f575d71-2-5.jpg?fit=1360%2C931&ssl=1\"},\"description\":\"Jornalista com carreira dedicada ao esporte. Cobriu 9 Copas do Mundo in loco, 1990 na It\u00e1lia, 1994 nos EUA, 1998 na Fran\u00e7a, 2002 na Coreia do Sul e Jap\u00e3o, 2006 na Alemanha, 2010 na \u00c1frica do Sul, 2014 no Brasil, 2018 na R\u00fassia e 2022 no Qatar. Eurocopas, 1992 na Su\u00e9cia e 1996 na Inglaterra. Copa das Confedera\u00e7\u00f5es de 2005 na Alemanha e 2009 na \u00c1frica do Sul. Rep\u00f3rter e Editor, trabalhou no Jornal da Tarde e Estad\u00e3o, de 1984 a fevereiro de 2016. Colunista, blogueiro. E comentarista de futebol na R\u00e1dio Estad\u00e3o, de 2013 a fevereiro de 2016. Jornalista respons\u00e1vel do \\\"Pr\u00f3speri News\\\" (blogdoprosperi.com).\",\"sameAs\":[\"http:\\\/\\\/blogdoprosperi.com\",\"Luiz Pr\u00f3speri\",\"@luiz_prosperi\",\"https:\\\/\\\/x.com\\\/Luizprosperi\",\"@prosperinacopa\",\"luiz.prosperi@icloud.com\"],\"url\":\"https:\\\/\\\/blogdoprosperi.com\\\/?author=102107496\"}]}<\/script>\n<!-- \/ Yoast SEO plugin. -->","yoast_head_json":{"title":"Itaquer\u00e3o n\u00e3o corre risco de cair, diz empreiteira Odebrecht - PR\u00d3SPERI NEWS","robots":{"index":"index","follow":"follow","max-snippet":"max-snippet:-1","max-image-preview":"max-image-preview:large","max-video-preview":"max-video-preview:-1"},"canonical":"https:\/\/blogdoprosperi.com\/?p=30744","og_locale":"pt_BR","og_type":"article","og_title":"Itaquer\u00e3o n\u00e3o corre risco de cair, diz empreiteira Odebrecht - PR\u00d3SPERI NEWS","og_description":"Este Blog do Pr\u00f3speri contou em post publicado na ter\u00e7a-feira (01\/11) como nasceu a Arena Corinthians, inaugurada em [&hellip;]","og_url":"https:\/\/blogdoprosperi.com\/?p=30744","og_site_name":"PR\u00d3SPERI NEWS","article_publisher":"Luiz Pr\u00f3speri","article_author":"Luiz Pr\u00f3speri","article_published_time":"2016-11-02T20:53:23+00:00","article_modified_time":"2016-11-02T20:56:37+00:00","og_image":[{"url":"https:\/\/blogdoprosperi.com\/wp-content\/uploads\/2016\/11\/8lco530w.jpg","type":"","width":"","height":""}],"author":"Luiz Ant\u00f4nio Pr\u00f3speri","twitter_card":"summary_large_image","twitter_creator":"@Luizprosperi","twitter_site":"@Luizprosperi","twitter_misc":{"Escrito por":"Luiz Ant\u00f4nio Pr\u00f3speri","Est. tempo de leitura":"4 minutos"},"schema":{"@context":"https:\/\/schema.org","@graph":[{"@type":"Article","@id":"https:\/\/blogdoprosperi.com\/?p=30744#article","isPartOf":{"@id":"https:\/\/blogdoprosperi.com\/?p=30744"},"author":{"name":"Luiz Ant\u00f4nio Pr\u00f3speri","@id":"https:\/\/blogdoprosperi.com\/#\/schema\/person\/38100755ce3601861ee4fab9b5aa78e9"},"headline":"Itaquer\u00e3o n\u00e3o corre risco de cair, diz empreiteira Odebrecht","datePublished":"2016-11-02T20:53:23+00:00","dateModified":"2016-11-02T20:56:37+00:00","mainEntityOfPage":{"@id":"https:\/\/blogdoprosperi.com\/?p=30744"},"wordCount":783,"commentCount":2,"publisher":{"@id":"https:\/\/blogdoprosperi.com\/#\/schema\/person\/38100755ce3601861ee4fab9b5aa78e9"},"image":{"@id":"https:\/\/blogdoprosperi.com\/?p=30744#primaryimage"},"thumbnailUrl":"https:\/\/blogdoprosperi.com\/wp-content\/uploads\/2016\/11\/8lco530w.jpg","keywords":["Arena Corinthians","Copa do Mundo 2014","Corinthians","futebol","Itaquer\u00e3o","Juca Kfouri","Olimp\u00edada 2016","Opera\u00e7\u00e3o Lava Jato","Roberto Andrade","Sabesp"],"articleSection":["Campeonato Brasileiro","futebol"],"inLanguage":"pt-BR","potentialAction":[{"@type":"CommentAction","name":"Comment","target":["https:\/\/blogdoprosperi.com\/?p=30744#respond"]}]},{"@type":"WebPage","@id":"https:\/\/blogdoprosperi.com\/?p=30744","url":"https:\/\/blogdoprosperi.com\/?p=30744","name":"Itaquer\u00e3o n\u00e3o corre risco de cair, diz empreiteira Odebrecht - PR\u00d3SPERI NEWS","isPartOf":{"@id":"https:\/\/blogdoprosperi.com\/#website"},"primaryImageOfPage":{"@id":"https:\/\/blogdoprosperi.com\/?p=30744#primaryimage"},"image":{"@id":"https:\/\/blogdoprosperi.com\/?p=30744#primaryimage"},"thumbnailUrl":"https:\/\/blogdoprosperi.com\/wp-content\/uploads\/2016\/11\/8lco530w.jpg","datePublished":"2016-11-02T20:53:23+00:00","dateModified":"2016-11-02T20:56:37+00:00","breadcrumb":{"@id":"https:\/\/blogdoprosperi.com\/?p=30744#breadcrumb"},"inLanguage":"pt-BR","potentialAction":[{"@type":"ReadAction","target":["https:\/\/blogdoprosperi.com\/?p=30744"]}]},{"@type":"ImageObject","inLanguage":"pt-BR","@id":"https:\/\/blogdoprosperi.com\/?p=30744#primaryimage","url":"https:\/\/i0.wp.com\/blogdoprosperi.com\/wp-content\/uploads\/2016\/11\/8lco530w.jpg?fit=994%2C720&ssl=1","contentUrl":"https:\/\/i0.wp.com\/blogdoprosperi.com\/wp-content\/uploads\/2016\/11\/8lco530w.jpg?fit=994%2C720&ssl=1","width":994,"height":720},{"@type":"BreadcrumbList","@id":"https:\/\/blogdoprosperi.com\/?p=30744#breadcrumb","itemListElement":[{"@type":"ListItem","position":1,"name":"In\u00edcio","item":"https:\/\/blogdoprosperi.com\/"},{"@type":"ListItem","position":2,"name":"Itaquer\u00e3o n\u00e3o corre risco de cair, diz empreiteira Odebrecht"}]},{"@type":"WebSite","@id":"https:\/\/blogdoprosperi.com\/#website","url":"https:\/\/blogdoprosperi.com\/","name":"PR\u00d3SPERI NEWS","description":"TUDO \u00c9  FUTEBOL","publisher":{"@id":"https:\/\/blogdoprosperi.com\/#\/schema\/person\/38100755ce3601861ee4fab9b5aa78e9"},"alternateName":"blogdoprosperi.com","potentialAction":[{"@type":"SearchAction","target":{"@type":"EntryPoint","urlTemplate":"https:\/\/blogdoprosperi.com\/?s={search_term_string}"},"query-input":{"@type":"PropertyValueSpecification","valueRequired":true,"valueName":"search_term_string"}}],"inLanguage":"pt-BR"},{"@type":["Person","Organization"],"@id":"https:\/\/blogdoprosperi.com\/#\/schema\/person\/38100755ce3601861ee4fab9b5aa78e9","name":"Luiz Ant\u00f4nio Pr\u00f3speri","pronouns":"ele","image":{"@type":"ImageObject","inLanguage":"pt-BR","@id":"https:\/\/i0.wp.com\/blogdoprosperi.com\/wp-content\/uploads\/2026\/05\/cropped-8059e613-6002-42fa-961e-8e275f575d71-2-5.jpg?fit=1360%2C931&ssl=1","url":"https:\/\/i0.wp.com\/blogdoprosperi.com\/wp-content\/uploads\/2026\/05\/cropped-8059e613-6002-42fa-961e-8e275f575d71-2-5.jpg?fit=1360%2C931&ssl=1","contentUrl":"https:\/\/i0.wp.com\/blogdoprosperi.com\/wp-content\/uploads\/2026\/05\/cropped-8059e613-6002-42fa-961e-8e275f575d71-2-5.jpg?fit=1360%2C931&ssl=1","width":1360,"height":931,"caption":"Luiz Ant\u00f4nio Pr\u00f3speri"},"logo":{"@id":"https:\/\/i0.wp.com\/blogdoprosperi.com\/wp-content\/uploads\/2026\/05\/cropped-8059e613-6002-42fa-961e-8e275f575d71-2-5.jpg?fit=1360%2C931&ssl=1"},"description":"Jornalista com carreira dedicada ao esporte. Cobriu 9 Copas do Mundo in loco, 1990 na It\u00e1lia, 1994 nos EUA, 1998 na Fran\u00e7a, 2002 na Coreia do Sul e Jap\u00e3o, 2006 na Alemanha, 2010 na \u00c1frica do Sul, 2014 no Brasil, 2018 na R\u00fassia e 2022 no Qatar. Eurocopas, 1992 na Su\u00e9cia e 1996 na Inglaterra. Copa das Confedera\u00e7\u00f5es de 2005 na Alemanha e 2009 na \u00c1frica do Sul. Rep\u00f3rter e Editor, trabalhou no Jornal da Tarde e Estad\u00e3o, de 1984 a fevereiro de 2016. Colunista, blogueiro. E comentarista de futebol na R\u00e1dio Estad\u00e3o, de 2013 a fevereiro de 2016. Jornalista respons\u00e1vel do \"Pr\u00f3speri News\" (blogdoprosperi.com).","sameAs":["http:\/\/blogdoprosperi.com","Luiz Pr\u00f3speri","@luiz_prosperi","https:\/\/x.com\/Luizprosperi","@prosperinacopa","luiz.prosperi@icloud.com"],"url":"https:\/\/blogdoprosperi.com\/?author=102107496"}]}},"jetpack_publicize_connections":[],"jetpack_likes_enabled":false,"jetpack_sharing_enabled":true,"jetpack_shortlink":"https:\/\/wp.me\/p7jvdk-7ZS","jetpack-related-posts":[{"id":30562,"url":"https:\/\/blogdoprosperi.com\/?p=30562","url_meta":{"origin":30744,"position":0},"title":"Itaquer\u00e3o corre risco de ser interditado. Conhe\u00e7a a hist\u00f3ria da Arena Corinthians","author":"Luiz Ant\u00f4nio Pr\u00f3speri","date":"1 de novembro de 2016","format":false,"excerpt":"Itaquer\u00e3o pode ser interditado por causa de um vazamento de 10,1 milh\u00f5es de litros de \u00e1gua na \u00e1rea de parte do estacionamento da arena do Corinthians. Roberto Andrade, presidente do clube, disse nesta ter\u00e7a-feira que \"caso exista qualquer percentual de risco, n\u00f3s n\u00e3o usaremos o est\u00e1dio. Isso quem vai atestar\u2026","rel":"","context":"Em &quot;futebol&quot;","block_context":{"text":"futebol","link":"https:\/\/blogdoprosperi.com\/?cat=53870"},"img":{"alt_text":"","src":"https:\/\/i0.wp.com\/blogdoprosperi.com\/wp-content\/uploads\/2016\/11\/pres210710.jpg?resize=350%2C200&ssl=1","width":350,"height":200,"srcset":"https:\/\/i0.wp.com\/blogdoprosperi.com\/wp-content\/uploads\/2016\/11\/pres210710.jpg?resize=350%2C200&ssl=1 1x, https:\/\/i0.wp.com\/blogdoprosperi.com\/wp-content\/uploads\/2016\/11\/pres210710.jpg?resize=525%2C300&ssl=1 1.5x, https:\/\/i0.wp.com\/blogdoprosperi.com\/wp-content\/uploads\/2016\/11\/pres210710.jpg?resize=700%2C400&ssl=1 2x"},"classes":[]},{"id":35080,"url":"https:\/\/blogdoprosperi.com\/?p=35080","url_meta":{"origin":30744,"position":1},"title":"Andr\u00e9s Sanchez prepara sua volta ao comando do Corinthians","author":"Luiz Ant\u00f4nio Pr\u00f3speri","date":"21 de fevereiro de 2017","format":false,"excerpt":"Corinthians n\u00e3o levou adiante o impeachment do presidente Roberto Andrade. Por decis\u00e3o do seu Conselho Deliberativo, com 183 votos a favor de Andrade e 81 contra, n\u00e3o foi admitida a possibilidade de afastar o dirigente\u00a0nesta noite de segunda-feira (20\/2). O processo se arrastava h\u00e1 quatro meses. Nos bastidores do Parque\u2026","rel":"","context":"Em &quot;futebol&quot;","block_context":{"text":"futebol","link":"https:\/\/blogdoprosperi.com\/?cat=53870"},"img":{"alt_text":"","src":"https:\/\/i0.wp.com\/blogdoprosperi.com\/wp-content\/uploads\/2017\/02\/roberto-de-andrade-1.jpg?resize=350%2C200&ssl=1","width":350,"height":200,"srcset":"https:\/\/i0.wp.com\/blogdoprosperi.com\/wp-content\/uploads\/2017\/02\/roberto-de-andrade-1.jpg?resize=350%2C200&ssl=1 1x, https:\/\/i0.wp.com\/blogdoprosperi.com\/wp-content\/uploads\/2017\/02\/roberto-de-andrade-1.jpg?resize=525%2C300&ssl=1 1.5x"},"classes":[]},{"id":35148,"url":"https:\/\/blogdoprosperi.com\/?p=35148","url_meta":{"origin":30744,"position":2},"title":"\u00c1rbitro do cl\u00e1ssico Corinthians x Palmeiras paga caro por seu erro","author":"Luiz Ant\u00f4nio Pr\u00f3speri","date":"24 de fevereiro de 2017","format":false,"excerpt":"Tiago Duarte Peixoto, \u00e1rbitro da trapalhada no cl\u00e1ssico entre Corinthians x Palmeiras, vive dias de linchamento moral e profissional. Espica\u00e7ado nas redes sociais, programas de televis\u00e3o e por toda a comunidade do futebol, sofreu uma dura puni\u00e7\u00e3o da Federa\u00e7\u00e3o Paulista e n\u00e3o poder\u00e1 apitar mais nenhum jogo por tempo indeterminado\u2026","rel":"","context":"Em &quot;futebol&quot;","block_context":{"text":"futebol","link":"https:\/\/blogdoprosperi.com\/?cat=53870"},"img":{"alt_text":"","src":"https:\/\/i0.wp.com\/blogdoprosperi.com\/wp-content\/uploads\/2017\/02\/thiagoduartepeixotoarbitrocorinthianspalmeiraspaulista22022017fernandodantasgazetapress.jpg?resize=350%2C200&ssl=1","width":350,"height":200},"classes":[]},{"id":27409,"url":"https:\/\/blogdoprosperi.com\/?p=27409","url_meta":{"origin":30744,"position":3},"title":"Palmeiras e Corinthians, entre o c\u00e9u e o inferno","author":"Luiz Ant\u00f4nio Pr\u00f3speri","date":"4 de outubro de 2016","format":false,"excerpt":"\u00a0 Presidentes de Palmeiras e Corinthians concederam entrevistas coletivas neste in\u00edcio de noite de ter\u00e7a-feira (04\/11). Paulo Nobre, sereno, discorreu sobre a vit\u00f3ria do clube na corte arbitral contra a WTorre na venda de cadeiras do Allianz Parque, da paz pol\u00edtica no Palestra e do bom futebol do time de\u2026","rel":"","context":"Em &quot;Campeonato Brasileiro&quot;","block_context":{"text":"Campeonato Brasileiro","link":"https:\/\/blogdoprosperi.com\/?cat=355071"},"img":{"alt_text":"","src":"https:\/\/i0.wp.com\/blogdoprosperi.com\/wp-content\/uploads\/2016\/10\/elv20160615030.jpg?resize=350%2C200","width":350,"height":200,"srcset":"https:\/\/i0.wp.com\/blogdoprosperi.com\/wp-content\/uploads\/2016\/10\/elv20160615030.jpg?resize=350%2C200 1x, https:\/\/i0.wp.com\/blogdoprosperi.com\/wp-content\/uploads\/2016\/10\/elv20160615030.jpg?resize=525%2C300 1.5x"},"classes":[]},{"id":30784,"url":"https:\/\/blogdoprosperi.com\/?p=30784","url_meta":{"origin":30744,"position":4},"title":"S\u00e3o Paulo e Corinthians jogam cl\u00e1ssico de fim de feira neste s\u00e1bado","author":"Luiz Ant\u00f4nio Pr\u00f3speri","date":"3 de novembro de 2016","format":false,"excerpt":"S\u00e3o Paulo e Corinthians se enfrentam neste s\u00e1bado no Morumbi no pior momento dos dois times na temporada. O primeiro briga para n\u00e3o ser rebaixado \u00e0 S\u00e9rie B. O segundo finca unhas na rocha em busca da salvadora vaga na Copa Libertadores. Desespero resume bem a situa\u00e7\u00e3o desses gigantes no\u2026","rel":"","context":"Em &quot;Campeonato Brasileiro&quot;","block_context":{"text":"Campeonato Brasileiro","link":"https:\/\/blogdoprosperi.com\/?cat=355071"},"img":{"alt_text":"","src":"https:\/\/i0.wp.com\/blogdoprosperi.com\/wp-content\/uploads\/2016\/11\/luis-fabiano.jpg?resize=350%2C200&ssl=1","width":350,"height":200,"srcset":"https:\/\/i0.wp.com\/blogdoprosperi.com\/wp-content\/uploads\/2016\/11\/luis-fabiano.jpg?resize=350%2C200&ssl=1 1x, https:\/\/i0.wp.com\/blogdoprosperi.com\/wp-content\/uploads\/2016\/11\/luis-fabiano.jpg?resize=525%2C300&ssl=1 1.5x, https:\/\/i0.wp.com\/blogdoprosperi.com\/wp-content\/uploads\/2016\/11\/luis-fabiano.jpg?resize=700%2C400&ssl=1 2x"},"classes":[]},{"id":36778,"url":"https:\/\/blogdoprosperi.com\/?p=36778","url_meta":{"origin":30744,"position":5},"title":"Arena do Corinthians n\u00e3o \u00e9 do povo","author":"Luiz Ant\u00f4nio Pr\u00f3speri","date":"3 de outubro de 2017","format":false,"excerpt":"Quem imagina que Arena Corinthians, constru\u00edda em 2014, \u00e9 um est\u00e1dio popular, se engana. Pesquisa divulgada nesta ter\u00e7a-feira (03\/10) mostra que o est\u00e1dio \u00e9 elitizado, muito por culpa do clube que cobra ingressos caros, inibindo a presen\u00e7a do torcedor menos abastado. Veja a faixa et\u00e1ria dos torcedores com dados do\u2026","rel":"","context":"Em &quot;futebol&quot;","block_context":{"text":"futebol","link":"https:\/\/blogdoprosperi.com\/?cat=53870"},"img":{"alt_text":"Itaquer\u00e3o n\u00e3o \u00e9 do povo","src":"https:\/\/i0.wp.com\/blogdoprosperi.com\/wp-content\/uploads\/2017\/10\/arena-corinthians-62.jpg?fit=1200%2C800&ssl=1&resize=350%2C200","width":350,"height":200,"srcset":"https:\/\/i0.wp.com\/blogdoprosperi.com\/wp-content\/uploads\/2017\/10\/arena-corinthians-62.jpg?fit=1200%2C800&ssl=1&resize=350%2C200 1x, https:\/\/i0.wp.com\/blogdoprosperi.com\/wp-content\/uploads\/2017\/10\/arena-corinthians-62.jpg?fit=1200%2C800&ssl=1&resize=525%2C300 1.5x, https:\/\/i0.wp.com\/blogdoprosperi.com\/wp-content\/uploads\/2017\/10\/arena-corinthians-62.jpg?fit=1200%2C800&ssl=1&resize=700%2C400 2x, https:\/\/i0.wp.com\/blogdoprosperi.com\/wp-content\/uploads\/2017\/10\/arena-corinthians-62.jpg?fit=1200%2C800&ssl=1&resize=1050%2C600 3x"},"classes":[]}],"jetpack_featured_media_url":"","_links":{"self":[{"href":"https:\/\/blogdoprosperi.com\/index.php?rest_route=\/wp\/v2\/posts\/30744","targetHints":{"allow":["GET"]}}],"collection":[{"href":"https:\/\/blogdoprosperi.com\/index.php?rest_route=\/wp\/v2\/posts"}],"about":[{"href":"https:\/\/blogdoprosperi.com\/index.php?rest_route=\/wp\/v2\/types\/post"}],"author":[{"embeddable":true,"href":"https:\/\/blogdoprosperi.com\/index.php?rest_route=\/wp\/v2\/users\/102107496"}],"replies":[{"embeddable":true,"href":"https:\/\/blogdoprosperi.com\/index.php?rest_route=%2Fwp%2Fv2%2Fcomments&post=30744"}],"version-history":[{"count":25,"href":"https:\/\/blogdoprosperi.com\/index.php?rest_route=\/wp\/v2\/posts\/30744\/revisions"}],"predecessor-version":[{"id":30783,"href":"https:\/\/blogdoprosperi.com\/index.php?rest_route=\/wp\/v2\/posts\/30744\/revisions\/30783"}],"wp:attachment":[{"href":"https:\/\/blogdoprosperi.com\/index.php?rest_route=%2Fwp%2Fv2%2Fmedia&parent=30744"}],"wp:term":[{"taxonomy":"category","embeddable":true,"href":"https:\/\/blogdoprosperi.com\/index.php?rest_route=%2Fwp%2Fv2%2Fcategories&post=30744"},{"taxonomy":"post_tag","embeddable":true,"href":"https:\/\/blogdoprosperi.com\/index.php?rest_route=%2Fwp%2Fv2%2Ftags&post=30744"}],"curies":[{"name":"wp","href":"https:\/\/api.w.org\/{rel}","templated":true}]}}