{"id":30784,"date":"2016-11-03T19:14:46","date_gmt":"2016-11-03T21:14:46","guid":{"rendered":"http:\/\/blogdoprosperi.com\/?p=30784"},"modified":"2016-11-03T19:39:22","modified_gmt":"2016-11-03T21:39:22","slug":"sao-paulo-e-corinthians-jogam-classico-de-fim-de-feira-neste-sabado","status":"publish","type":"post","link":"https:\/\/blogdoprosperi.com\/?p=30784","title":{"rendered":"S\u00e3o Paulo e Corinthians jogam cl\u00e1ssico de fim de feira neste s\u00e1bado"},"content":{"rendered":"<p><span class=\"alignnone\"><img data-recalc-dims=\"1\" loading=\"lazy\" decoding=\"async\" data-attachment-id=\"30832\" data-permalink=\"https:\/\/blogdoprosperi.com\/?attachment_id=30832\" data-orig-file=\"https:\/\/i0.wp.com\/blogdoprosperi.com\/wp-content\/uploads\/2016\/11\/587630-970x600-1.jpeg?fit=970%2C600&amp;ssl=1\" data-orig-size=\"970,600\" data-comments-opened=\"1\" data-image-meta=\"{&quot;aperture&quot;:&quot;0&quot;,&quot;credit&quot;:&quot;&quot;,&quot;camera&quot;:&quot;&quot;,&quot;caption&quot;:&quot;&quot;,&quot;created_timestamp&quot;:&quot;0&quot;,&quot;copyright&quot;:&quot;&quot;,&quot;focal_length&quot;:&quot;0&quot;,&quot;iso&quot;:&quot;0&quot;,&quot;shutter_speed&quot;:&quot;0&quot;,&quot;title&quot;:&quot;&quot;,&quot;orientation&quot;:&quot;0&quot;}\" data-image-title=\"587630-970&amp;#215;600-1\" data-image-description=\"\" data-image-caption=\"\" data-large-file=\"https:\/\/i0.wp.com\/blogdoprosperi.com\/wp-content\/uploads\/2016\/11\/587630-970x600-1.jpeg?fit=940%2C581&amp;ssl=1\" class=\"alignnone size-full wp-image-30832\" src=\"https:\/\/i0.wp.com\/blogdoprosperi.com\/wp-content\/uploads\/2016\/11\/587630-970x600-1.jpeg?resize=940%2C581&#038;ssl=1\" alt=\"587630-970x600-1\" width=\"940\" height=\"581\" \/><\/span>S\u00e3o Paulo e Corinthians se enfrentam neste s\u00e1bado no Morumbi no pior momento dos dois times na temporada. O primeiro briga para n\u00e3o ser rebaixado \u00e0 S\u00e9rie B. O segundo finca unhas na rocha em busca da salvadora vaga na Copa Libertadores. Desespero resume bem a situa\u00e7\u00e3o desses gigantes no cl\u00e1ssico de torcida \u00fanica, que ter\u00e1 casa cheia de s\u00e3o-paulinos &#8211; at\u00e9 esta quinta-feira (03\/11), 45 mil ingressos haviam sido vendidos.<!--more--><\/p>\n<p>N\u00e3o era nem de longe o que os dois clubes projetavam no in\u00edcio da temporada. Por erros grosseiros de gest\u00e3o e alguns imprevistos, os dois barcos chegam na reta final \u00e0 deriva.<\/p>\n<p>Se recuarmos um pouquinho no tempo, vamos ver o <a href=\"http:\/\/blogdoprosperi.com\/2016\/10\/31\/sao-paulo-perde-do-lanterna-e-ainda-nao-fecha-conta-na-corrida-contra-rebaixamento\/\">S\u00e3o Paulo iludido <\/a>por ter aportado \u00e0 semifinal da Libertadores, depois de gastar R$ 22 milh\u00f5es no zagueiro Maicon. <a href=\"http:\/\/blogdoprosperi.com\/2016\/11\/02\/itaquerao-nao-corre-risco-de-cair-diz-empreiteira-odebrecht\/\">No Corinthians,<\/a> se esperava que Tite fosse levar o time ao t\u00edtulo do Brasileir\u00e3o depois de quedas desastrosas no Paulist\u00e3o e Libertadores.<\/p>\n<p>N\u00e3o tiveram \u00eaxito.<\/p>\n<p>Eliminado na semifinal, muito em fun\u00e7\u00e3o da expuls\u00e3o de Maicon, o Tricolor ainda perdeu o t\u00e9cnico <a href=\"http:\/\/blogdoprosperi.com\/2016\/08\/01\/sao-paulo-corre-atras-de-um-novo-tecnico-edgardo-bauza-assume-argentina\/\">Edgardo Bauza <\/a>para Sele\u00e7\u00e3o Argentina. Casa caiu de vez a partir de agosto.<\/p>\n<p>Quase no mesmo per\u00edodo, o claudicante Alvinegro se viu obrigado a entregar <a href=\"http:\/\/blogdoprosperi.com\/2016\/06\/15\/corinthians-se-sente-traido-por-tite-e-presidente-rompe-com-a-cbf\/\">Tite<\/a> e boa parte de seus comiss\u00e1rios \u00e0 Sele\u00e7\u00e3o Brasileira, ent\u00e3o esfarelada na gest\u00e3o <a href=\"http:\/\/blogdoprosperi.com\/2016\/10\/06\/dunga-assina-com-beijing-guoan-da-china-e-vai-levar-diego-tardelli\/\">Dunga.<\/a><\/p>\n<p><span class=\"alignnone\"><img data-recalc-dims=\"1\" loading=\"lazy\" decoding=\"async\" data-attachment-id=\"30837\" data-permalink=\"https:\/\/blogdoprosperi.com\/?attachment_id=30837\" data-orig-file=\"https:\/\/i0.wp.com\/blogdoprosperi.com\/wp-content\/uploads\/2016\/11\/56c0d24245b97.jpeg?fit=746%2C475&amp;ssl=1\" data-orig-size=\"746,475\" data-comments-opened=\"1\" data-image-meta=\"{&quot;aperture&quot;:&quot;0&quot;,&quot;credit&quot;:&quot;&quot;,&quot;camera&quot;:&quot;&quot;,&quot;caption&quot;:&quot;&quot;,&quot;created_timestamp&quot;:&quot;0&quot;,&quot;copyright&quot;:&quot;&quot;,&quot;focal_length&quot;:&quot;0&quot;,&quot;iso&quot;:&quot;0&quot;,&quot;shutter_speed&quot;:&quot;0&quot;,&quot;title&quot;:&quot;&quot;,&quot;orientation&quot;:&quot;0&quot;}\" data-image-title=\"56c0d24245b97\" data-image-description=\"\" data-image-caption=\"\" data-large-file=\"https:\/\/i0.wp.com\/blogdoprosperi.com\/wp-content\/uploads\/2016\/11\/56c0d24245b97.jpeg?fit=746%2C475&amp;ssl=1\" class=\"alignnone size-full wp-image-30837\" src=\"https:\/\/i0.wp.com\/blogdoprosperi.com\/wp-content\/uploads\/2016\/11\/56c0d24245b97.jpeg?resize=746%2C475&#038;ssl=1\" alt=\"56c0d24245b97\" width=\"746\" height=\"475\" \/><\/span><\/p>\n<p>Sem seus mentores, os dois clubes foram em busca de novos treinadores. E erraram o alvo. Nem Ricardo Gomes no Morumbi nem Crist\u00f3v\u00e3o Borges e Fabio Carille no Itaquer\u00e3o conseguiram mudar o curso do rio. E <a href=\"http:\/\/blogdoprosperi.com\/2016\/10\/29\/corinthians-volta-a-triste-realidade\/\">Oswaldo de Oliveira j\u00e1 pisa em ovos.<\/a><\/p>\n<p>Enquanto os dois times continuam invertebrados, dirigentes se debatem em busca de uma rota segura.<\/p>\n<p>No S\u00e3o Paulo, o presidente Leco, herdeiro da gest\u00e3o Carlos Miguel Aidar, que sofreu um impeachment, vive dias de pen\u00faria sem caixa &#8211; talvez tenha se arrependido do investimento de R$ 22 milh\u00f5es em Maicon.<\/p>\n<p>No Corinthians, o presidente Roberto Andrade, herdeiro da gest\u00e3o Andr\u00e9s Sanchez e Mario Gobbi, est\u00e1 isolado no clube e corre risco de sofrer impeachment. N\u00e3o tem recursos e v\u00ea a receita de bilheteria do Itaquer\u00e3o minguar. Segundo o site <em>globoesporte<\/em>, o clube deve arrecadar R$ 90 milh\u00f5es de uma meta estimada em R$ 127 milh\u00f5es.<\/p>\n<p><span class=\"alignnone\"><img data-recalc-dims=\"1\" loading=\"lazy\" decoding=\"async\" data-attachment-id=\"30838\" data-permalink=\"https:\/\/blogdoprosperi.com\/?attachment_id=30838\" data-orig-file=\"https:\/\/i0.wp.com\/blogdoprosperi.com\/wp-content\/uploads\/2016\/11\/apos_apresentacao_jo_falou_sobre_experiencia_zv.jpg?fit=614%2C409&amp;ssl=1\" data-orig-size=\"614,409\" data-comments-opened=\"1\" data-image-meta=\"{&quot;aperture&quot;:&quot;0&quot;,&quot;credit&quot;:&quot;&quot;,&quot;camera&quot;:&quot;&quot;,&quot;caption&quot;:&quot;&quot;,&quot;created_timestamp&quot;:&quot;0&quot;,&quot;copyright&quot;:&quot;&quot;,&quot;focal_length&quot;:&quot;0&quot;,&quot;iso&quot;:&quot;0&quot;,&quot;shutter_speed&quot;:&quot;0&quot;,&quot;title&quot;:&quot;&quot;,&quot;orientation&quot;:&quot;0&quot;}\" data-image-title=\"apos_apresentacao_jo_falou_sobre_experiencia_zv\" data-image-description=\"\" data-image-caption=\"\" data-large-file=\"https:\/\/i0.wp.com\/blogdoprosperi.com\/wp-content\/uploads\/2016\/11\/apos_apresentacao_jo_falou_sobre_experiencia_zv.jpg?fit=614%2C409&amp;ssl=1\" class=\"alignnone size-full wp-image-30838\" src=\"https:\/\/i0.wp.com\/blogdoprosperi.com\/wp-content\/uploads\/2016\/11\/apos_apresentacao_jo_falou_sobre_experiencia_zv.jpg?resize=614%2C409&#038;ssl=1\" alt=\"apos_apresentacao_jo_falou_sobre_experiencia_zv\" width=\"614\" height=\"409\" \/><\/span><\/p>\n<p>Sem muitas alternativas, os dois cartolas buscam no passado um alento ao futuro. Andrade apresentou nesta quinta-feira o novo refor\u00e7o do time: o atacante J\u00f4, nascido e criado nas categorias de base do clube no in\u00edcio dos anos 2000.<\/p>\n<p>Leco, com aux\u00edlio do executivo de futebol, Marco Aur\u00e9lio Cunha, resgatado h\u00e1 pouco para ajudar a puxar a boia de um time \u00e0 beira do naufr\u00e1gio, abre as portas do Morumbi a Luis Fabiano, que volta do futebol chin\u00eas. E, tacada definitiva, <a href=\"http:\/\/blogdoprosperi.com\/2016\/10\/27\/presidente-do-sao-paulo-admite-fechar-com-rogerio-ceni-em-dezembro\/\">dar ao ex-goleiro Rogerio Ceni o comando t\u00e9cnico em 2017<\/a>.<\/p>\n<p><span class=\"alignnone\"><img data-recalc-dims=\"1\" loading=\"lazy\" decoding=\"async\" data-attachment-id=\"30839\" data-permalink=\"https:\/\/blogdoprosperi.com\/?attachment_id=30839\" data-orig-file=\"https:\/\/i0.wp.com\/blogdoprosperi.com\/wp-content\/uploads\/2016\/11\/luis-fabiano.jpg?fit=800%2C515&amp;ssl=1\" data-orig-size=\"800,515\" data-comments-opened=\"1\" data-image-meta=\"{&quot;aperture&quot;:&quot;0&quot;,&quot;credit&quot;:&quot;&quot;,&quot;camera&quot;:&quot;&quot;,&quot;caption&quot;:&quot;&quot;,&quot;created_timestamp&quot;:&quot;0&quot;,&quot;copyright&quot;:&quot;&quot;,&quot;focal_length&quot;:&quot;0&quot;,&quot;iso&quot;:&quot;0&quot;,&quot;shutter_speed&quot;:&quot;0&quot;,&quot;title&quot;:&quot;&quot;,&quot;orientation&quot;:&quot;0&quot;}\" data-image-title=\"luis-fabiano\" data-image-description=\"\" data-image-caption=\"\" data-large-file=\"https:\/\/i0.wp.com\/blogdoprosperi.com\/wp-content\/uploads\/2016\/11\/luis-fabiano.jpg?fit=800%2C515&amp;ssl=1\" class=\"alignnone size-full wp-image-30839\" src=\"https:\/\/i0.wp.com\/blogdoprosperi.com\/wp-content\/uploads\/2016\/11\/luis-fabiano.jpg?resize=800%2C515&#038;ssl=1\" alt=\"luis-fabiano\" width=\"800\" height=\"515\" \/><\/span><\/p>\n<p>Como se v\u00ea, nem S\u00e3o Paulo nem Corinthians t\u00eam muita coisa a contar aos seus torcedores.<\/p>\n<p>No cl\u00e1ssico deste s\u00e1bado, o Tricolor corre por tr\u00eas pontos que podem tirar o time da ciranda do rebaixamento &#8211; tem 42, na 12.\u00aa coloca\u00e7\u00e3o, seis a mais que o Vit\u00f3ria, o 17.\u00ba. E o Alvinegro precisa vencer para entrar no G-6, grupo dos que se classificam \u00e0 Libertadores. Por enquanto, \u00e9 o 7.\u00ba, com 50 pontos, um a menos que o Atl\u00e9tico-PR, o 6.\u00ba colocado.<\/p>\n<p>Jogo no Morumbi promete. O time que tremer menos as pernas vai sair vencedor. A conferir.<\/p>\n","protected":false},"excerpt":{"rendered":"<p>S\u00e3o Paulo e Corinthians se enfrentam neste s\u00e1bado no Morumbi no pior momento dos dois times na temporada. [&hellip;]<\/p>\n","protected":false},"author":102107496,"featured_media":0,"comment_status":"open","ping_status":"open","sticky":false,"template":"","format":"standard","meta":{"_coblocks_attr":"","_coblocks_dimensions":"","_coblocks_responsive_height":"","_coblocks_accordion_ie_support":"","_jetpack_newsletter_access":"","_jetpack_dont_email_post_to_subs":false,"_jetpack_newsletter_tier_id":0,"_jetpack_memberships_contains_paywalled_content":false,"_wpcom_ai_launchpad_first_post":false,"_jetpack_feature_clip_id":0,"_jetpack_memberships_contains_paid_content":false,"footnotes":"","jetpack_publicize_message":"","jetpack_publicize_feature_enabled":true,"jetpack_social_post_already_shared":false,"jetpack_social_options":{"image_generator_settings":{"template":"highway","default_image_id":0,"font":"","enabled":false},"version":2},"jetpack_post_was_ever_published":false},"categories":[355071,53870],"tags":[177066,97160998,789560560,41381665,21021,1026327,527567775,38229360,1181872,972018,1814220],"class_list":["post-30784","post","type-post","status-publish","format-standard","hentry","category-campeonato-brasileiro","category-futebol","tag-corinthians","tag-eduardo-bauza","tag-futebol","tag-itaquerao","tag-jo","tag-morumbi","tag-presidente-leco","tag-roberto-andrade","tag-rogerio-ceni","tag-sao-paulo-fc","tag-tite"],"yoast_head":"<!-- This site is optimized with the Yoast SEO plugin v28.3 - https:\/\/yoast.com\/product\/yoast-seo-wordpress\/ -->\n<title>S\u00e3o Paulo e Corinthians jogam cl\u00e1ssico de fim de feira neste s\u00e1bado - PR\u00d3SPERI NEWS<\/title>\n<meta name=\"robots\" content=\"index, follow, max-snippet:-1, max-image-preview:large, max-video-preview:-1\" \/>\n<link rel=\"canonical\" href=\"https:\/\/blogdoprosperi.com\/?p=30784\" \/>\n<meta property=\"og:locale\" content=\"pt_BR\" \/>\n<meta property=\"og:type\" content=\"article\" \/>\n<meta property=\"og:title\" content=\"S\u00e3o Paulo e Corinthians jogam cl\u00e1ssico de fim de feira neste s\u00e1bado - PR\u00d3SPERI NEWS\" \/>\n<meta property=\"og:description\" content=\"S\u00e3o Paulo e Corinthians se enfrentam neste s\u00e1bado no Morumbi no pior momento dos dois times na temporada. [&hellip;]\" \/>\n<meta property=\"og:url\" content=\"https:\/\/blogdoprosperi.com\/?p=30784\" \/>\n<meta property=\"og:site_name\" content=\"PR\u00d3SPERI NEWS\" \/>\n<meta property=\"article:publisher\" content=\"Luiz Pr\u00f3speri\" \/>\n<meta property=\"article:author\" content=\"Luiz Pr\u00f3speri\" \/>\n<meta property=\"article:published_time\" content=\"2016-11-03T21:14:46+00:00\" \/>\n<meta property=\"article:modified_time\" content=\"2016-11-03T21:39:22+00:00\" \/>\n<meta property=\"og:image\" content=\"https:\/\/blogdoprosperi.com\/wp-content\/uploads\/2016\/11\/587630-970x600-1.jpeg\" \/>\n<meta name=\"author\" content=\"Luiz Ant\u00f4nio Pr\u00f3speri\" \/>\n<meta name=\"twitter:card\" content=\"summary_large_image\" \/>\n<meta name=\"twitter:creator\" content=\"@Luizprosperi\" \/>\n<meta name=\"twitter:site\" content=\"@Luizprosperi\" \/>\n<meta name=\"twitter:label1\" content=\"Escrito por\" \/>\n\t<meta name=\"twitter:data1\" content=\"Luiz Ant\u00f4nio Pr\u00f3speri\" \/>\n\t<meta name=\"twitter:label2\" content=\"Est. tempo de leitura\" \/>\n\t<meta name=\"twitter:data2\" content=\"3 minutos\" \/>\n<script type=\"application\/ld+json\" class=\"yoast-schema-graph\">{\"@context\":\"https:\\\/\\\/schema.org\",\"@graph\":[{\"@type\":\"Article\",\"@id\":\"https:\\\/\\\/blogdoprosperi.com\\\/?p=30784#article\",\"isPartOf\":{\"@id\":\"https:\\\/\\\/blogdoprosperi.com\\\/?p=30784\"},\"author\":{\"name\":\"Luiz Ant\u00f4nio Pr\u00f3speri\",\"@id\":\"https:\\\/\\\/blogdoprosperi.com\\\/#\\\/schema\\\/person\\\/38100755ce3601861ee4fab9b5aa78e9\"},\"headline\":\"S\u00e3o Paulo e Corinthians jogam cl\u00e1ssico de fim de feira neste s\u00e1bado\",\"datePublished\":\"2016-11-03T21:14:46+00:00\",\"dateModified\":\"2016-11-03T21:39:22+00:00\",\"mainEntityOfPage\":{\"@id\":\"https:\\\/\\\/blogdoprosperi.com\\\/?p=30784\"},\"wordCount\":596,\"commentCount\":0,\"publisher\":{\"@id\":\"https:\\\/\\\/blogdoprosperi.com\\\/#\\\/schema\\\/person\\\/38100755ce3601861ee4fab9b5aa78e9\"},\"image\":{\"@id\":\"https:\\\/\\\/blogdoprosperi.com\\\/?p=30784#primaryimage\"},\"thumbnailUrl\":\"https:\\\/\\\/blogdoprosperi.com\\\/wp-content\\\/uploads\\\/2016\\\/11\\\/587630-970x600-1.jpeg\",\"keywords\":[\"Corinthians\",\"Eduardo Bauza\",\"futebol\",\"Itaquer\u00e3o\",\"J\u00f4\",\"Morumbi\",\"Presidente Leco\",\"Roberto Andrade\",\"Rog\u00e9rio Ceni\",\"S\u00e3o Paulo FC\",\"Tite\"],\"articleSection\":[\"Campeonato Brasileiro\",\"futebol\"],\"inLanguage\":\"pt-BR\",\"potentialAction\":[{\"@type\":\"CommentAction\",\"name\":\"Comment\",\"target\":[\"https:\\\/\\\/blogdoprosperi.com\\\/?p=30784#respond\"]}]},{\"@type\":\"WebPage\",\"@id\":\"https:\\\/\\\/blogdoprosperi.com\\\/?p=30784\",\"url\":\"https:\\\/\\\/blogdoprosperi.com\\\/?p=30784\",\"name\":\"S\u00e3o Paulo e Corinthians jogam cl\u00e1ssico de fim de feira neste s\u00e1bado - PR\u00d3SPERI NEWS\",\"isPartOf\":{\"@id\":\"https:\\\/\\\/blogdoprosperi.com\\\/#website\"},\"primaryImageOfPage\":{\"@id\":\"https:\\\/\\\/blogdoprosperi.com\\\/?p=30784#primaryimage\"},\"image\":{\"@id\":\"https:\\\/\\\/blogdoprosperi.com\\\/?p=30784#primaryimage\"},\"thumbnailUrl\":\"https:\\\/\\\/blogdoprosperi.com\\\/wp-content\\\/uploads\\\/2016\\\/11\\\/587630-970x600-1.jpeg\",\"datePublished\":\"2016-11-03T21:14:46+00:00\",\"dateModified\":\"2016-11-03T21:39:22+00:00\",\"breadcrumb\":{\"@id\":\"https:\\\/\\\/blogdoprosperi.com\\\/?p=30784#breadcrumb\"},\"inLanguage\":\"pt-BR\",\"potentialAction\":[{\"@type\":\"ReadAction\",\"target\":[\"https:\\\/\\\/blogdoprosperi.com\\\/?p=30784\"]}]},{\"@type\":\"ImageObject\",\"inLanguage\":\"pt-BR\",\"@id\":\"https:\\\/\\\/blogdoprosperi.com\\\/?p=30784#primaryimage\",\"url\":\"https:\\\/\\\/i0.wp.com\\\/blogdoprosperi.com\\\/wp-content\\\/uploads\\\/2016\\\/11\\\/587630-970x600-1.jpeg?fit=970%2C600&ssl=1\",\"contentUrl\":\"https:\\\/\\\/i0.wp.com\\\/blogdoprosperi.com\\\/wp-content\\\/uploads\\\/2016\\\/11\\\/587630-970x600-1.jpeg?fit=970%2C600&ssl=1\",\"width\":970,\"height\":600},{\"@type\":\"BreadcrumbList\",\"@id\":\"https:\\\/\\\/blogdoprosperi.com\\\/?p=30784#breadcrumb\",\"itemListElement\":[{\"@type\":\"ListItem\",\"position\":1,\"name\":\"In\u00edcio\",\"item\":\"https:\\\/\\\/blogdoprosperi.com\\\/\"},{\"@type\":\"ListItem\",\"position\":2,\"name\":\"S\u00e3o Paulo e Corinthians jogam cl\u00e1ssico de fim de feira neste s\u00e1bado\"}]},{\"@type\":\"WebSite\",\"@id\":\"https:\\\/\\\/blogdoprosperi.com\\\/#website\",\"url\":\"https:\\\/\\\/blogdoprosperi.com\\\/\",\"name\":\"PR\u00d3SPERI NEWS\",\"description\":\"TUDO \u00c9  FUTEBOL\",\"publisher\":{\"@id\":\"https:\\\/\\\/blogdoprosperi.com\\\/#\\\/schema\\\/person\\\/38100755ce3601861ee4fab9b5aa78e9\"},\"alternateName\":\"blogdoprosperi.com\",\"potentialAction\":[{\"@type\":\"SearchAction\",\"target\":{\"@type\":\"EntryPoint\",\"urlTemplate\":\"https:\\\/\\\/blogdoprosperi.com\\\/?s={search_term_string}\"},\"query-input\":{\"@type\":\"PropertyValueSpecification\",\"valueRequired\":true,\"valueName\":\"search_term_string\"}}],\"inLanguage\":\"pt-BR\"},{\"@type\":[\"Person\",\"Organization\"],\"@id\":\"https:\\\/\\\/blogdoprosperi.com\\\/#\\\/schema\\\/person\\\/38100755ce3601861ee4fab9b5aa78e9\",\"name\":\"Luiz Ant\u00f4nio Pr\u00f3speri\",\"pronouns\":\"ele\",\"image\":{\"@type\":\"ImageObject\",\"inLanguage\":\"pt-BR\",\"@id\":\"https:\\\/\\\/i0.wp.com\\\/blogdoprosperi.com\\\/wp-content\\\/uploads\\\/2026\\\/05\\\/cropped-8059e613-6002-42fa-961e-8e275f575d71-2-5.jpg?fit=1360%2C931&ssl=1\",\"url\":\"https:\\\/\\\/i0.wp.com\\\/blogdoprosperi.com\\\/wp-content\\\/uploads\\\/2026\\\/05\\\/cropped-8059e613-6002-42fa-961e-8e275f575d71-2-5.jpg?fit=1360%2C931&ssl=1\",\"contentUrl\":\"https:\\\/\\\/i0.wp.com\\\/blogdoprosperi.com\\\/wp-content\\\/uploads\\\/2026\\\/05\\\/cropped-8059e613-6002-42fa-961e-8e275f575d71-2-5.jpg?fit=1360%2C931&ssl=1\",\"width\":1360,\"height\":931,\"caption\":\"Luiz Ant\u00f4nio Pr\u00f3speri\"},\"logo\":{\"@id\":\"https:\\\/\\\/i0.wp.com\\\/blogdoprosperi.com\\\/wp-content\\\/uploads\\\/2026\\\/05\\\/cropped-8059e613-6002-42fa-961e-8e275f575d71-2-5.jpg?fit=1360%2C931&ssl=1\"},\"description\":\"Jornalista com carreira dedicada ao esporte. Cobriu 9 Copas do Mundo in loco, 1990 na It\u00e1lia, 1994 nos EUA, 1998 na Fran\u00e7a, 2002 na Coreia do Sul e Jap\u00e3o, 2006 na Alemanha, 2010 na \u00c1frica do Sul, 2014 no Brasil, 2018 na R\u00fassia e 2022 no Qatar. Eurocopas, 1992 na Su\u00e9cia e 1996 na Inglaterra. Copa das Confedera\u00e7\u00f5es de 2005 na Alemanha e 2009 na \u00c1frica do Sul. Rep\u00f3rter e Editor, trabalhou no Jornal da Tarde e Estad\u00e3o, de 1984 a fevereiro de 2016. Colunista, blogueiro. E comentarista de futebol na R\u00e1dio Estad\u00e3o, de 2013 a fevereiro de 2016. Jornalista respons\u00e1vel do \\\"Pr\u00f3speri News\\\" (blogdoprosperi.com).\",\"sameAs\":[\"http:\\\/\\\/blogdoprosperi.com\",\"Luiz Pr\u00f3speri\",\"@luiz_prosperi\",\"https:\\\/\\\/x.com\\\/Luizprosperi\",\"@prosperinacopa\",\"luiz.prosperi@icloud.com\"],\"url\":\"https:\\\/\\\/blogdoprosperi.com\\\/?author=102107496\"}]}<\/script>\n<!-- \/ Yoast SEO plugin. -->","yoast_head_json":{"title":"S\u00e3o Paulo e Corinthians jogam cl\u00e1ssico de fim de feira neste s\u00e1bado - PR\u00d3SPERI NEWS","robots":{"index":"index","follow":"follow","max-snippet":"max-snippet:-1","max-image-preview":"max-image-preview:large","max-video-preview":"max-video-preview:-1"},"canonical":"https:\/\/blogdoprosperi.com\/?p=30784","og_locale":"pt_BR","og_type":"article","og_title":"S\u00e3o Paulo e Corinthians jogam cl\u00e1ssico de fim de feira neste s\u00e1bado - PR\u00d3SPERI NEWS","og_description":"S\u00e3o Paulo e Corinthians se enfrentam neste s\u00e1bado no Morumbi no pior momento dos dois times na temporada. [&hellip;]","og_url":"https:\/\/blogdoprosperi.com\/?p=30784","og_site_name":"PR\u00d3SPERI NEWS","article_publisher":"Luiz Pr\u00f3speri","article_author":"Luiz Pr\u00f3speri","article_published_time":"2016-11-03T21:14:46+00:00","article_modified_time":"2016-11-03T21:39:22+00:00","og_image":[{"url":"https:\/\/blogdoprosperi.com\/wp-content\/uploads\/2016\/11\/587630-970x600-1.jpeg","type":"","width":"","height":""}],"author":"Luiz Ant\u00f4nio Pr\u00f3speri","twitter_card":"summary_large_image","twitter_creator":"@Luizprosperi","twitter_site":"@Luizprosperi","twitter_misc":{"Escrito por":"Luiz Ant\u00f4nio Pr\u00f3speri","Est. tempo de leitura":"3 minutos"},"schema":{"@context":"https:\/\/schema.org","@graph":[{"@type":"Article","@id":"https:\/\/blogdoprosperi.com\/?p=30784#article","isPartOf":{"@id":"https:\/\/blogdoprosperi.com\/?p=30784"},"author":{"name":"Luiz Ant\u00f4nio Pr\u00f3speri","@id":"https:\/\/blogdoprosperi.com\/#\/schema\/person\/38100755ce3601861ee4fab9b5aa78e9"},"headline":"S\u00e3o Paulo e Corinthians jogam cl\u00e1ssico de fim de feira neste s\u00e1bado","datePublished":"2016-11-03T21:14:46+00:00","dateModified":"2016-11-03T21:39:22+00:00","mainEntityOfPage":{"@id":"https:\/\/blogdoprosperi.com\/?p=30784"},"wordCount":596,"commentCount":0,"publisher":{"@id":"https:\/\/blogdoprosperi.com\/#\/schema\/person\/38100755ce3601861ee4fab9b5aa78e9"},"image":{"@id":"https:\/\/blogdoprosperi.com\/?p=30784#primaryimage"},"thumbnailUrl":"https:\/\/blogdoprosperi.com\/wp-content\/uploads\/2016\/11\/587630-970x600-1.jpeg","keywords":["Corinthians","Eduardo Bauza","futebol","Itaquer\u00e3o","J\u00f4","Morumbi","Presidente Leco","Roberto Andrade","Rog\u00e9rio Ceni","S\u00e3o Paulo FC","Tite"],"articleSection":["Campeonato Brasileiro","futebol"],"inLanguage":"pt-BR","potentialAction":[{"@type":"CommentAction","name":"Comment","target":["https:\/\/blogdoprosperi.com\/?p=30784#respond"]}]},{"@type":"WebPage","@id":"https:\/\/blogdoprosperi.com\/?p=30784","url":"https:\/\/blogdoprosperi.com\/?p=30784","name":"S\u00e3o Paulo e Corinthians jogam cl\u00e1ssico de fim de feira neste s\u00e1bado - PR\u00d3SPERI NEWS","isPartOf":{"@id":"https:\/\/blogdoprosperi.com\/#website"},"primaryImageOfPage":{"@id":"https:\/\/blogdoprosperi.com\/?p=30784#primaryimage"},"image":{"@id":"https:\/\/blogdoprosperi.com\/?p=30784#primaryimage"},"thumbnailUrl":"https:\/\/blogdoprosperi.com\/wp-content\/uploads\/2016\/11\/587630-970x600-1.jpeg","datePublished":"2016-11-03T21:14:46+00:00","dateModified":"2016-11-03T21:39:22+00:00","breadcrumb":{"@id":"https:\/\/blogdoprosperi.com\/?p=30784#breadcrumb"},"inLanguage":"pt-BR","potentialAction":[{"@type":"ReadAction","target":["https:\/\/blogdoprosperi.com\/?p=30784"]}]},{"@type":"ImageObject","inLanguage":"pt-BR","@id":"https:\/\/blogdoprosperi.com\/?p=30784#primaryimage","url":"https:\/\/i0.wp.com\/blogdoprosperi.com\/wp-content\/uploads\/2016\/11\/587630-970x600-1.jpeg?fit=970%2C600&ssl=1","contentUrl":"https:\/\/i0.wp.com\/blogdoprosperi.com\/wp-content\/uploads\/2016\/11\/587630-970x600-1.jpeg?fit=970%2C600&ssl=1","width":970,"height":600},{"@type":"BreadcrumbList","@id":"https:\/\/blogdoprosperi.com\/?p=30784#breadcrumb","itemListElement":[{"@type":"ListItem","position":1,"name":"In\u00edcio","item":"https:\/\/blogdoprosperi.com\/"},{"@type":"ListItem","position":2,"name":"S\u00e3o Paulo e Corinthians jogam cl\u00e1ssico de fim de feira neste s\u00e1bado"}]},{"@type":"WebSite","@id":"https:\/\/blogdoprosperi.com\/#website","url":"https:\/\/blogdoprosperi.com\/","name":"PR\u00d3SPERI NEWS","description":"TUDO \u00c9  FUTEBOL","publisher":{"@id":"https:\/\/blogdoprosperi.com\/#\/schema\/person\/38100755ce3601861ee4fab9b5aa78e9"},"alternateName":"blogdoprosperi.com","potentialAction":[{"@type":"SearchAction","target":{"@type":"EntryPoint","urlTemplate":"https:\/\/blogdoprosperi.com\/?s={search_term_string}"},"query-input":{"@type":"PropertyValueSpecification","valueRequired":true,"valueName":"search_term_string"}}],"inLanguage":"pt-BR"},{"@type":["Person","Organization"],"@id":"https:\/\/blogdoprosperi.com\/#\/schema\/person\/38100755ce3601861ee4fab9b5aa78e9","name":"Luiz Ant\u00f4nio Pr\u00f3speri","pronouns":"ele","image":{"@type":"ImageObject","inLanguage":"pt-BR","@id":"https:\/\/i0.wp.com\/blogdoprosperi.com\/wp-content\/uploads\/2026\/05\/cropped-8059e613-6002-42fa-961e-8e275f575d71-2-5.jpg?fit=1360%2C931&ssl=1","url":"https:\/\/i0.wp.com\/blogdoprosperi.com\/wp-content\/uploads\/2026\/05\/cropped-8059e613-6002-42fa-961e-8e275f575d71-2-5.jpg?fit=1360%2C931&ssl=1","contentUrl":"https:\/\/i0.wp.com\/blogdoprosperi.com\/wp-content\/uploads\/2026\/05\/cropped-8059e613-6002-42fa-961e-8e275f575d71-2-5.jpg?fit=1360%2C931&ssl=1","width":1360,"height":931,"caption":"Luiz Ant\u00f4nio Pr\u00f3speri"},"logo":{"@id":"https:\/\/i0.wp.com\/blogdoprosperi.com\/wp-content\/uploads\/2026\/05\/cropped-8059e613-6002-42fa-961e-8e275f575d71-2-5.jpg?fit=1360%2C931&ssl=1"},"description":"Jornalista com carreira dedicada ao esporte. Cobriu 9 Copas do Mundo in loco, 1990 na It\u00e1lia, 1994 nos EUA, 1998 na Fran\u00e7a, 2002 na Coreia do Sul e Jap\u00e3o, 2006 na Alemanha, 2010 na \u00c1frica do Sul, 2014 no Brasil, 2018 na R\u00fassia e 2022 no Qatar. Eurocopas, 1992 na Su\u00e9cia e 1996 na Inglaterra. Copa das Confedera\u00e7\u00f5es de 2005 na Alemanha e 2009 na \u00c1frica do Sul. Rep\u00f3rter e Editor, trabalhou no Jornal da Tarde e Estad\u00e3o, de 1984 a fevereiro de 2016. Colunista, blogueiro. E comentarista de futebol na R\u00e1dio Estad\u00e3o, de 2013 a fevereiro de 2016. Jornalista respons\u00e1vel do \"Pr\u00f3speri News\" (blogdoprosperi.com).","sameAs":["http:\/\/blogdoprosperi.com","Luiz Pr\u00f3speri","@luiz_prosperi","https:\/\/x.com\/Luizprosperi","@prosperinacopa","luiz.prosperi@icloud.com"],"url":"https:\/\/blogdoprosperi.com\/?author=102107496"}]}},"jetpack_publicize_connections":[],"jetpack_likes_enabled":false,"jetpack_sharing_enabled":true,"jetpack_shortlink":"https:\/\/wp.me\/p7jvdk-80w","jetpack-related-posts":[{"id":28666,"url":"https:\/\/blogdoprosperi.com\/?p=28666","url_meta":{"origin":30784,"position":0},"title":"Corinthians, S\u00e3o Paulo, Inter&#8230; quando o passado me condena","author":"Luiz Ant\u00f4nio Pr\u00f3speri","date":"15 de outubro de 2016","format":false,"excerpt":"Oswaldo de Oliveira assumiu o comando do time do Corinthians nesta sexta-feira (14\/10) falando grosso. Disse que quem ama n\u00e3o vaia, em busca do apoio da torcida. Voltou ao passado, fim dos anos 90 e come\u00e7o dos 2000, quando ganhou tudo no time da Fiel. H\u00e1 pouco mais de um\u2026","rel":"","context":"Em &quot;Campeonato Brasileiro&quot;","block_context":{"text":"Campeonato Brasileiro","link":"https:\/\/blogdoprosperi.com\/?cat=355071"},"img":{"alt_text":"","src":"https:\/\/i0.wp.com\/blogdoprosperi.com\/wp-content\/uploads\/2016\/10\/101214tristeza_inter_f_020.jpg?resize=350%2C200","width":350,"height":200,"srcset":"https:\/\/i0.wp.com\/blogdoprosperi.com\/wp-content\/uploads\/2016\/10\/101214tristeza_inter_f_020.jpg?resize=350%2C200 1x, https:\/\/i0.wp.com\/blogdoprosperi.com\/wp-content\/uploads\/2016\/10\/101214tristeza_inter_f_020.jpg?resize=525%2C300 1.5x, https:\/\/i0.wp.com\/blogdoprosperi.com\/wp-content\/uploads\/2016\/10\/101214tristeza_inter_f_020.jpg?resize=700%2C400 2x"},"classes":[]},{"id":35503,"url":"https:\/\/blogdoprosperi.com\/?p=35503","url_meta":{"origin":30784,"position":1},"title":"Clubes querem fim da torcida \u00fanica nos cl\u00e1ssicos das semifinais do Paulist\u00e3o","author":"Luiz Ant\u00f4nio Pr\u00f3speri","date":"11 de abril de 2017","format":false,"excerpt":"Campeonato Paulista 2017 chega \u00e0s semifinais com a Federa\u00e7\u00e3o Paulista de Futebol faturando e alto e a maioria dos clubes do interior com baixa arrecada\u00e7\u00e3o. A not\u00edcia mais relevante \u00e9 que os presidentes dos clubes semifinalistas v\u00e3o pedir \u00e0s autoridades ainda nesta ter\u00e7a-feira o fim da torcida \u00fanica nessa fase\u2026","rel":"","context":"Em &quot;futebol&quot;","block_context":{"text":"futebol","link":"https:\/\/blogdoprosperi.com\/?cat=53870"},"img":{"alt_text":"","src":"https:\/\/i0.wp.com\/blogdoprosperi.com\/wp-content\/uploads\/2017\/04\/alex1605.jpg?resize=350%2C200","width":350,"height":200,"srcset":"https:\/\/i0.wp.com\/blogdoprosperi.com\/wp-content\/uploads\/2017\/04\/alex1605.jpg?resize=350%2C200 1x, https:\/\/i0.wp.com\/blogdoprosperi.com\/wp-content\/uploads\/2017\/04\/alex1605.jpg?resize=525%2C300 1.5x, https:\/\/i0.wp.com\/blogdoprosperi.com\/wp-content\/uploads\/2017\/04\/alex1605.jpg?resize=700%2C400 2x, https:\/\/i0.wp.com\/blogdoprosperi.com\/wp-content\/uploads\/2017\/04\/alex1605.jpg?resize=1050%2C600 3x, https:\/\/i0.wp.com\/blogdoprosperi.com\/wp-content\/uploads\/2017\/04\/alex1605.jpg?resize=1400%2C800 4x"},"classes":[]},{"id":23329,"url":"https:\/\/blogdoprosperi.com\/?p=23329","url_meta":{"origin":30784,"position":2},"title":"S\u00e3o Paulo entra na contagem regressiva contra zona do rebaixamento","author":"Luiz Ant\u00f4nio Pr\u00f3speri","date":"28 de agosto de 2016","format":false,"excerpt":"Ch\u00e1vez n\u00e3o \u00e9 Calleri e o time no Campeonato Brasileiro n\u00e3o \u00e9 o mesmo da Copa Libertadores. Dois detalhes ilustram bem o S\u00e3o Paulo neste momento de turbul\u00eancia em pleno voo sobre o oceano. Se Ch\u00e1vez fosse Calleri provavelmente n\u00e3o teria perdido os dois gols mais incr\u00edveis desta rodada do\u2026","rel":"","context":"Em &quot;Campeonato Brasileiro&quot;","block_context":{"text":"Campeonato Brasileiro","link":"https:\/\/blogdoprosperi.com\/?cat=355071"},"img":{"alt_text":"","src":"https:\/\/i0.wp.com\/blogdoprosperi.com\/wp-content\/uploads\/2016\/08\/rib_5264_bqtufpd.jpg?resize=350%2C200&ssl=1","width":350,"height":200,"srcset":"https:\/\/i0.wp.com\/blogdoprosperi.com\/wp-content\/uploads\/2016\/08\/rib_5264_bqtufpd.jpg?resize=350%2C200&ssl=1 1x, https:\/\/i0.wp.com\/blogdoprosperi.com\/wp-content\/uploads\/2016\/08\/rib_5264_bqtufpd.jpg?resize=525%2C300&ssl=1 1.5x"},"classes":[]},{"id":35589,"url":"https:\/\/blogdoprosperi.com\/?p=35589","url_meta":{"origin":30784,"position":3},"title":"Rogerio Ceni se fortalece e Carille se enfraquece na queda de Corinthians e S\u00e3o Paulo","author":"Luiz Ant\u00f4nio Pr\u00f3speri","date":"20 de abril de 2017","format":false,"excerpt":"Corinthians e S\u00e3o Paulo est\u00e3o fora da Copa do Brasil, antes mesmo das oitavas de final. Ca\u00edram de m\u00e3os dadas nos confrontos contra Internacional e Cruzeiro nesta quarta-feira. No domingo, decidem vaga \u00e0 final do Campeonato Paulista no Itaquer\u00e3o. Vai sobreviver quem assimilar com mais naturalidade o desastre que colheram\u2026","rel":"","context":"Em &quot;futebol&quot;","block_context":{"text":"futebol","link":"https:\/\/blogdoprosperi.com\/?cat=53870"},"img":{"alt_text":"Carille sem problemas no Corinthians","src":"https:\/\/i0.wp.com\/blogdoprosperi.com\/wp-content\/uploads\/2017\/04\/a3363f115083_8numj4t.jpg?resize=350%2C200","width":350,"height":200,"srcset":"https:\/\/i0.wp.com\/blogdoprosperi.com\/wp-content\/uploads\/2017\/04\/a3363f115083_8numj4t.jpg?resize=350%2C200 1x, https:\/\/i0.wp.com\/blogdoprosperi.com\/wp-content\/uploads\/2017\/04\/a3363f115083_8numj4t.jpg?resize=525%2C300 1.5x"},"classes":[]},{"id":35661,"url":"https:\/\/blogdoprosperi.com\/?p=35661","url_meta":{"origin":30784,"position":4},"title":"J\u00f4 aparece de novo e leva Corinthians a reviver uma hist\u00f3ria de 40 anos","author":"Luiz Ant\u00f4nio Pr\u00f3speri","date":"23 de abril de 2017","format":false,"excerpt":"Futebol \u00e9 carregado de enigmas como nenhum outro esporte. N\u00e3o fosse assim, n\u00e3o ter\u00edamos como contar a hist\u00f3ria dos confrontos entre Corinthians e S\u00e3o Paulo nas semifinais do Paulist\u00e3o 2017. No primeiro jogo, a honestidade de\u00a0Rodrigo Caio permitiu a J\u00f4 disputar o segundo cl\u00e1ssico. O S\u00e3o Paulo perdeu por 2\u2026","rel":"","context":"Em &quot;futebol&quot;","block_context":{"text":"futebol","link":"https:\/\/blogdoprosperi.com\/?cat=53870"},"img":{"alt_text":"","src":"https:\/\/i0.wp.com\/blogdoprosperi.com\/wp-content\/uploads\/2017\/04\/jc3b4-png.jpg?resize=350%2C200&ssl=1","width":350,"height":200},"classes":[]},{"id":25986,"url":"https:\/\/blogdoprosperi.com\/?p=25986","url_meta":{"origin":30784,"position":5},"title":"An\u00e1lise da 26\u00aa rodada em 5 temas: Palmeiras e Flamengo n\u00e3o se suportam; Santos n\u00e3o desiste da briga; S\u00e3o Paulo e Corinthians se esfarelam","author":"Luiz Ant\u00f4nio Pr\u00f3speri","date":"18 de setembro de 2016","format":false,"excerpt":"Palmeiras e Flamengo se consolidam como postulantes ao t\u00edtulo e se distanciam, com a bola que t\u00eam jogado, de Atl\u00e9tico-MG e Santos, dois times com um pouco de soberba nos momentos decisivos. Corinthians, em queda livre, parece ter abandonado a peleja ao demitir Crist\u00f3v\u00e3o Borges ap\u00f3s derrota no cl\u00e1ssico no\u2026","rel":"","context":"Em &quot;Campeonato Brasileiro&quot;","block_context":{"text":"Campeonato Brasileiro","link":"https:\/\/blogdoprosperi.com\/?cat=355071"},"img":{"alt_text":"","src":"https:\/\/i0.wp.com\/blogdoprosperi.com\/wp-content\/uploads\/2016\/09\/pro7-15.jpg?resize=350%2C200","width":350,"height":200,"srcset":"https:\/\/i0.wp.com\/blogdoprosperi.com\/wp-content\/uploads\/2016\/09\/pro7-15.jpg?resize=350%2C200 1x, https:\/\/i0.wp.com\/blogdoprosperi.com\/wp-content\/uploads\/2016\/09\/pro7-15.jpg?resize=525%2C300 1.5x, https:\/\/i0.wp.com\/blogdoprosperi.com\/wp-content\/uploads\/2016\/09\/pro7-15.jpg?resize=700%2C400 2x, https:\/\/i0.wp.com\/blogdoprosperi.com\/wp-content\/uploads\/2016\/09\/pro7-15.jpg?resize=1050%2C600 3x, https:\/\/i0.wp.com\/blogdoprosperi.com\/wp-content\/uploads\/2016\/09\/pro7-15.jpg?resize=1400%2C800 4x"},"classes":[]}],"jetpack_featured_media_url":"","_links":{"self":[{"href":"https:\/\/blogdoprosperi.com\/index.php?rest_route=\/wp\/v2\/posts\/30784","targetHints":{"allow":["GET"]}}],"collection":[{"href":"https:\/\/blogdoprosperi.com\/index.php?rest_route=\/wp\/v2\/posts"}],"about":[{"href":"https:\/\/blogdoprosperi.com\/index.php?rest_route=\/wp\/v2\/types\/post"}],"author":[{"embeddable":true,"href":"https:\/\/blogdoprosperi.com\/index.php?rest_route=\/wp\/v2\/users\/102107496"}],"replies":[{"embeddable":true,"href":"https:\/\/blogdoprosperi.com\/index.php?rest_route=%2Fwp%2Fv2%2Fcomments&post=30784"}],"version-history":[{"count":25,"href":"https:\/\/blogdoprosperi.com\/index.php?rest_route=\/wp\/v2\/posts\/30784\/revisions"}],"predecessor-version":[{"id":30841,"href":"https:\/\/blogdoprosperi.com\/index.php?rest_route=\/wp\/v2\/posts\/30784\/revisions\/30841"}],"wp:attachment":[{"href":"https:\/\/blogdoprosperi.com\/index.php?rest_route=%2Fwp%2Fv2%2Fmedia&parent=30784"}],"wp:term":[{"taxonomy":"category","embeddable":true,"href":"https:\/\/blogdoprosperi.com\/index.php?rest_route=%2Fwp%2Fv2%2Fcategories&post=30784"},{"taxonomy":"post_tag","embeddable":true,"href":"https:\/\/blogdoprosperi.com\/index.php?rest_route=%2Fwp%2Fv2%2Ftags&post=30784"}],"curies":[{"name":"wp","href":"https:\/\/api.w.org\/{rel}","templated":true}]}}