{"id":30842,"date":"2016-11-04T12:28:29","date_gmt":"2016-11-04T14:28:29","guid":{"rendered":"http:\/\/blogdoprosperi.com\/?p=30842"},"modified":"2016-11-04T20:49:21","modified_gmt":"2016-11-04T22:49:21","slug":"neymar-estrela-solitaria-do-brasil-na-lista-dos-23-melhores-do-mundo-da-fifa-nao-vai-ficar-entre-os-tres-finalistas","status":"publish","type":"post","link":"https:\/\/blogdoprosperi.com\/?p=30842","title":{"rendered":"Neymar, estrela solit\u00e1ria do Brasil na lista dos 23 melhores do mundo da Fifa, n\u00e3o vai ficar entre os tr\u00eas finalistas"},"content":{"rendered":"<p><span class=\"alignnone\"><img data-recalc-dims=\"1\" loading=\"lazy\" decoding=\"async\" data-attachment-id=\"22015\" data-permalink=\"https:\/\/blogdoprosperi.com\/?attachment_id=22015\" data-orig-file=\"https:\/\/i0.wp.com\/blogdoprosperi.com\/wp-content\/uploads\/2016\/08\/neymar-ap2.jpg?fit=640%2C443&amp;ssl=1\" data-orig-size=\"640,443\" data-comments-opened=\"1\" data-image-meta=\"{&quot;aperture&quot;:&quot;0&quot;,&quot;credit&quot;:&quot;&quot;,&quot;camera&quot;:&quot;&quot;,&quot;caption&quot;:&quot;&quot;,&quot;created_timestamp&quot;:&quot;0&quot;,&quot;copyright&quot;:&quot;&quot;,&quot;focal_length&quot;:&quot;0&quot;,&quot;iso&quot;:&quot;0&quot;,&quot;shutter_speed&quot;:&quot;0&quot;,&quot;title&quot;:&quot;&quot;,&quot;orientation&quot;:&quot;0&quot;}\" data-image-title=\"neymar-ap2\" data-image-description=\"\" data-image-caption=\"\" data-large-file=\"https:\/\/i0.wp.com\/blogdoprosperi.com\/wp-content\/uploads\/2016\/08\/neymar-ap2.jpg?fit=640%2C443&amp;ssl=1\" class=\"alignnone size-full wp-image-22015\" src=\"https:\/\/i0.wp.com\/blogdoprosperi.com\/wp-content\/uploads\/2016\/08\/neymar-ap2.jpg?resize=640%2C443&#038;ssl=1\" alt=\"neymar-ap2\" width=\"640\" height=\"443\" \/><\/span><\/p>\n<p>Neymar vai pagar um pre\u00e7o alto na corrida para ser o melhor do mundo na elei\u00e7\u00e3o da Fifa. Pesa contra o craque brasileiro sua op\u00e7\u00e3o de n\u00e3o disputar a Copa Am\u00e9rica Centen\u00e1rio nos Estados Unidos. Preferiu jogar a Olimp\u00edada do Rio, quando conquistou a medalha de ouro, que tem valor zero na hora de se escolher o bola de ouro da temporada 2016. Outra fator negativo na avalia\u00e7\u00e3o de Neymar \u00e9 o seu comportamento no campo em desabafos contra torcedores e desaven\u00e7as diante de advers\u00e1rios.<!--more--><\/p>\n<p>Ainda entra nessa conta a queda do Barcelona nas quartas de final da Champions League ao ser eliminado pelo Atl\u00e9tico de Madrid. Fora da principal competi\u00e7\u00e3o da Europa, <a href=\"http:\/\/blogdoprosperi.com\/2016\/04\/14\/o-enigma-neymar\/\">Neymar perdeu terreno <\/a>na disputa com jogadores em alta como Griezmann (Atl\u00e9tico de Madrid e Sele\u00e7\u00e3o Francesa) e Gareth Bale (Real Madrid e Sele\u00e7\u00e3o Pa\u00eds de Gales), dois expoentes na Eurocopa disputada na Fran\u00e7a que consagrou Portugal, de Cristiano Ronaldo, campe\u00e3o.<\/p>\n<p>Na Sele\u00e7\u00e3o Brasileira, apesar de protagonista, Neymar acumulou uma s\u00e9rie de cart\u00f5es amarelos. Cresceu com a chegada de <a href=\"http:\/\/blogdoprosperi.com\/2016\/09\/06\/veja-como-a-selecao-brasileira-mudou-com-a-troca-dunga-por-tite\/\">Tite<\/a> ao comando, mas ainda sem tempo de convencer a maioria dos eleitores da bola de ouro.<\/p>\n<p>Cabe lembrar que a Fifa mudou crit\u00e9rios da elei\u00e7\u00e3o do melhor jogador do ano. Treinadores e capit\u00e3es de sele\u00e7\u00f5es nacionais ter\u00e3o direito a 50% dos votos. Os outros 50% ficam com 200 jornalistas de pa\u00edses filiados \u00e0 entidade e vota\u00e7\u00e3o aberta online de torcedores.<\/p>\n<p>Neymar s\u00f3 tem chance de ficar entre os tr\u00eas finalistas se conseguir convencer seus milh\u00f5es de seguidores nas redes sociais a declarar voto a seu favor. Na bola, ele n\u00e3o leva.<\/p>\n<p>Veja a lista dos 23 finalistas divulgada nesta sexta-feira (04\/11). Apenas Neymar representa o futebol brasileiro, outro indicativo da decad\u00eancia dos pentacampe\u00f5es do mundo.<\/p>\n<p><span class=\"alignnone\"><img data-recalc-dims=\"1\" loading=\"lazy\" decoding=\"async\" data-attachment-id=\"30872\" data-permalink=\"https:\/\/blogdoprosperi.com\/?attachment_id=30872\" data-orig-file=\"https:\/\/i0.wp.com\/blogdoprosperi.com\/wp-content\/uploads\/2016\/11\/cwa5a6cxeau2vj6.jpg?fit=1024%2C512&amp;ssl=1\" data-orig-size=\"1024,512\" data-comments-opened=\"1\" data-image-meta=\"{&quot;aperture&quot;:&quot;0&quot;,&quot;credit&quot;:&quot;&quot;,&quot;camera&quot;:&quot;&quot;,&quot;caption&quot;:&quot;&quot;,&quot;created_timestamp&quot;:&quot;0&quot;,&quot;copyright&quot;:&quot;&quot;,&quot;focal_length&quot;:&quot;0&quot;,&quot;iso&quot;:&quot;0&quot;,&quot;shutter_speed&quot;:&quot;0&quot;,&quot;title&quot;:&quot;&quot;,&quot;orientation&quot;:&quot;0&quot;}\" data-image-title=\"cwa5a6cxeau2vj6\" data-image-description=\"\" data-image-caption=\"\" data-large-file=\"https:\/\/i0.wp.com\/blogdoprosperi.com\/wp-content\/uploads\/2016\/11\/cwa5a6cxeau2vj6.jpg?fit=940%2C470&amp;ssl=1\" class=\"alignnone size-full wp-image-30872\" src=\"https:\/\/i0.wp.com\/blogdoprosperi.com\/wp-content\/uploads\/2016\/11\/cwa5a6cxeau2vj6.jpg?resize=940%2C470&#038;ssl=1\" alt=\"cwa5a6cxeau2vj6\" width=\"940\" height=\"470\" \/><\/span><\/p>\n<p><span class=\"alignnone\"><img data-recalc-dims=\"1\" loading=\"lazy\" decoding=\"async\" data-attachment-id=\"30871\" data-permalink=\"https:\/\/blogdoprosperi.com\/?attachment_id=30871\" data-orig-file=\"https:\/\/i0.wp.com\/blogdoprosperi.com\/wp-content\/uploads\/2016\/11\/2847811_xbig-lnd.jpg?fit=988%2C556&amp;ssl=1\" data-orig-size=\"988,556\" data-comments-opened=\"1\" data-image-meta=\"{&quot;aperture&quot;:&quot;0&quot;,&quot;credit&quot;:&quot;&quot;,&quot;camera&quot;:&quot;&quot;,&quot;caption&quot;:&quot;&quot;,&quot;created_timestamp&quot;:&quot;0&quot;,&quot;copyright&quot;:&quot;&quot;,&quot;focal_length&quot;:&quot;0&quot;,&quot;iso&quot;:&quot;0&quot;,&quot;shutter_speed&quot;:&quot;0&quot;,&quot;title&quot;:&quot;&quot;,&quot;orientation&quot;:&quot;0&quot;}\" data-image-title=\"2847811_xbig-lnd\" data-image-description=\"\" data-image-caption=\"\" data-large-file=\"https:\/\/i0.wp.com\/blogdoprosperi.com\/wp-content\/uploads\/2016\/11\/2847811_xbig-lnd.jpg?fit=940%2C529&amp;ssl=1\" class=\"alignnone size-full wp-image-30871\" src=\"https:\/\/i0.wp.com\/blogdoprosperi.com\/wp-content\/uploads\/2016\/11\/2847811_xbig-lnd.jpg?resize=940%2C529&#038;ssl=1\" alt=\"2847811_xbig-lnd\" width=\"940\" height=\"529\" \/><\/span><\/p>\n","protected":false},"excerpt":{"rendered":"<p>Neymar vai pagar um pre\u00e7o alto na corrida para ser o melhor do mundo na elei\u00e7\u00e3o da Fifa. [&hellip;]<\/p>\n","protected":false},"author":102107496,"featured_media":0,"comment_status":"open","ping_status":"open","sticky":false,"template":"","format":"standard","meta":{"_coblocks_attr":"","_coblocks_dimensions":"","_coblocks_responsive_height":"","_coblocks_accordion_ie_support":"","_jetpack_newsletter_access":"","_jetpack_dont_email_post_to_subs":false,"_jetpack_newsletter_tier_id":0,"_jetpack_memberships_contains_paywalled_content":false,"_wpcom_ai_launchpad_first_post":false,"_jetpack_feature_clip_id":0,"_jetpack_memberships_contains_paid_content":false,"footnotes":"","jetpack_publicize_message":"","jetpack_publicize_feature_enabled":true,"jetpack_social_post_already_shared":false,"jetpack_social_options":{"image_generator_settings":{"template":"highway","default_image_id":0,"font":"","enabled":false},"version":2},"jetpack_post_was_ever_published":false},"categories":[53870],"tags":[536594,789560563,789560560,673394,37601428,4112146,789560562,1814220],"class_list":["post-30842","post","type-post","status-publish","format-standard","hentry","category-futebol","tag-bola-de-ouro","tag-fifa","tag-futebol","tag-gareth-bale","tag-griezmann","tag-neymar","tag-selecao-brasileira","tag-tite"],"yoast_head":"<!-- This site is optimized with the Yoast SEO plugin v28.4 - https:\/\/yoast.com\/product\/yoast-seo-wordpress\/ -->\n<title>Neymar, estrela solit\u00e1ria do Brasil na lista dos 23 melhores do mundo da Fifa, n\u00e3o vai ficar entre os tr\u00eas finalistas - PR\u00d3SPERI NEWS<\/title>\n<meta name=\"robots\" content=\"index, follow, max-snippet:-1, max-image-preview:large, max-video-preview:-1\" \/>\n<link rel=\"canonical\" href=\"https:\/\/blogdoprosperi.com\/?p=30842\" \/>\n<meta property=\"og:locale\" content=\"pt_BR\" \/>\n<meta property=\"og:type\" content=\"article\" \/>\n<meta property=\"og:title\" content=\"Neymar, estrela solit\u00e1ria do Brasil na lista dos 23 melhores do mundo da Fifa, n\u00e3o vai ficar entre os tr\u00eas finalistas - PR\u00d3SPERI NEWS\" \/>\n<meta property=\"og:description\" content=\"Neymar vai pagar um pre\u00e7o alto na corrida para ser o melhor do mundo na elei\u00e7\u00e3o da Fifa. [&hellip;]\" \/>\n<meta property=\"og:url\" content=\"https:\/\/blogdoprosperi.com\/?p=30842\" \/>\n<meta property=\"og:site_name\" content=\"PR\u00d3SPERI NEWS\" \/>\n<meta property=\"article:publisher\" content=\"Luiz Pr\u00f3speri\" \/>\n<meta property=\"article:author\" content=\"Luiz Pr\u00f3speri\" \/>\n<meta property=\"article:published_time\" content=\"2016-11-04T14:28:29+00:00\" \/>\n<meta property=\"article:modified_time\" content=\"2016-11-04T22:49:21+00:00\" \/>\n<meta property=\"og:image\" content=\"https:\/\/blogdoprosperi.com\/wp-content\/uploads\/2016\/08\/neymar-ap2.jpg\" \/>\n<meta name=\"author\" content=\"Luiz Ant\u00f4nio Pr\u00f3speri\" \/>\n<meta name=\"twitter:card\" content=\"summary_large_image\" \/>\n<meta name=\"twitter:creator\" content=\"@Luizprosperi\" \/>\n<meta name=\"twitter:site\" content=\"@Luizprosperi\" \/>\n<meta name=\"twitter:label1\" content=\"Escrito por\" \/>\n\t<meta name=\"twitter:data1\" content=\"Luiz Ant\u00f4nio Pr\u00f3speri\" \/>\n\t<meta name=\"twitter:label2\" content=\"Est. tempo de leitura\" \/>\n\t<meta name=\"twitter:data2\" content=\"2 minutos\" \/>\n<script type=\"application\/ld+json\" class=\"yoast-schema-graph\">{\"@context\":\"https:\\\/\\\/schema.org\",\"@graph\":[{\"@type\":\"Article\",\"@id\":\"https:\\\/\\\/blogdoprosperi.com\\\/?p=30842#article\",\"isPartOf\":{\"@id\":\"https:\\\/\\\/blogdoprosperi.com\\\/?p=30842\"},\"author\":{\"name\":\"Luiz Ant\u00f4nio Pr\u00f3speri\",\"@id\":\"https:\\\/\\\/blogdoprosperi.com\\\/#\\\/schema\\\/person\\\/38100755ce3601861ee4fab9b5aa78e9\"},\"headline\":\"Neymar, estrela solit\u00e1ria do Brasil na lista dos 23 melhores do mundo da Fifa, n\u00e3o vai ficar entre os tr\u00eas finalistas\",\"datePublished\":\"2016-11-04T14:28:29+00:00\",\"dateModified\":\"2016-11-04T22:49:21+00:00\",\"mainEntityOfPage\":{\"@id\":\"https:\\\/\\\/blogdoprosperi.com\\\/?p=30842\"},\"wordCount\":336,\"commentCount\":4,\"publisher\":{\"@id\":\"https:\\\/\\\/blogdoprosperi.com\\\/#\\\/schema\\\/person\\\/38100755ce3601861ee4fab9b5aa78e9\"},\"image\":{\"@id\":\"https:\\\/\\\/blogdoprosperi.com\\\/?p=30842#primaryimage\"},\"thumbnailUrl\":\"https:\\\/\\\/blogdoprosperi.com\\\/wp-content\\\/uploads\\\/2016\\\/08\\\/neymar-ap2.jpg\",\"keywords\":[\"bola de ouro\",\"Fifa\",\"futebol\",\"Gareth Bale\",\"Griezmann\",\"Neymar\",\"Sele\u00e7\u00e3o Brasileira\",\"Tite\"],\"articleSection\":[\"futebol\"],\"inLanguage\":\"pt-BR\",\"potentialAction\":[{\"@type\":\"CommentAction\",\"name\":\"Comment\",\"target\":[\"https:\\\/\\\/blogdoprosperi.com\\\/?p=30842#respond\"]}]},{\"@type\":\"WebPage\",\"@id\":\"https:\\\/\\\/blogdoprosperi.com\\\/?p=30842\",\"url\":\"https:\\\/\\\/blogdoprosperi.com\\\/?p=30842\",\"name\":\"Neymar, estrela solit\u00e1ria do Brasil na lista dos 23 melhores do mundo da Fifa, n\u00e3o vai ficar entre os tr\u00eas finalistas - PR\u00d3SPERI NEWS\",\"isPartOf\":{\"@id\":\"https:\\\/\\\/blogdoprosperi.com\\\/#website\"},\"primaryImageOfPage\":{\"@id\":\"https:\\\/\\\/blogdoprosperi.com\\\/?p=30842#primaryimage\"},\"image\":{\"@id\":\"https:\\\/\\\/blogdoprosperi.com\\\/?p=30842#primaryimage\"},\"thumbnailUrl\":\"https:\\\/\\\/blogdoprosperi.com\\\/wp-content\\\/uploads\\\/2016\\\/08\\\/neymar-ap2.jpg\",\"datePublished\":\"2016-11-04T14:28:29+00:00\",\"dateModified\":\"2016-11-04T22:49:21+00:00\",\"breadcrumb\":{\"@id\":\"https:\\\/\\\/blogdoprosperi.com\\\/?p=30842#breadcrumb\"},\"inLanguage\":\"pt-BR\",\"potentialAction\":[{\"@type\":\"ReadAction\",\"target\":[\"https:\\\/\\\/blogdoprosperi.com\\\/?p=30842\"]}]},{\"@type\":\"ImageObject\",\"inLanguage\":\"pt-BR\",\"@id\":\"https:\\\/\\\/blogdoprosperi.com\\\/?p=30842#primaryimage\",\"url\":\"https:\\\/\\\/i0.wp.com\\\/blogdoprosperi.com\\\/wp-content\\\/uploads\\\/2016\\\/08\\\/neymar-ap2.jpg?fit=640%2C443&ssl=1\",\"contentUrl\":\"https:\\\/\\\/i0.wp.com\\\/blogdoprosperi.com\\\/wp-content\\\/uploads\\\/2016\\\/08\\\/neymar-ap2.jpg?fit=640%2C443&ssl=1\",\"width\":640,\"height\":443},{\"@type\":\"BreadcrumbList\",\"@id\":\"https:\\\/\\\/blogdoprosperi.com\\\/?p=30842#breadcrumb\",\"itemListElement\":[{\"@type\":\"ListItem\",\"position\":1,\"name\":\"In\u00edcio\",\"item\":\"https:\\\/\\\/blogdoprosperi.com\\\/\"},{\"@type\":\"ListItem\",\"position\":2,\"name\":\"Neymar, estrela solit\u00e1ria do Brasil na lista dos 23 melhores do mundo da Fifa, n\u00e3o vai ficar entre os tr\u00eas finalistas\"}]},{\"@type\":\"WebSite\",\"@id\":\"https:\\\/\\\/blogdoprosperi.com\\\/#website\",\"url\":\"https:\\\/\\\/blogdoprosperi.com\\\/\",\"name\":\"PR\u00d3SPERI NEWS\",\"description\":\"TUDO \u00c9  FUTEBOL\",\"publisher\":{\"@id\":\"https:\\\/\\\/blogdoprosperi.com\\\/#\\\/schema\\\/person\\\/38100755ce3601861ee4fab9b5aa78e9\"},\"alternateName\":\"blogdoprosperi.com\",\"potentialAction\":[{\"@type\":\"SearchAction\",\"target\":{\"@type\":\"EntryPoint\",\"urlTemplate\":\"https:\\\/\\\/blogdoprosperi.com\\\/?s={search_term_string}\"},\"query-input\":{\"@type\":\"PropertyValueSpecification\",\"valueRequired\":true,\"valueName\":\"search_term_string\"}}],\"inLanguage\":\"pt-BR\"},{\"@type\":[\"Person\",\"Organization\"],\"@id\":\"https:\\\/\\\/blogdoprosperi.com\\\/#\\\/schema\\\/person\\\/38100755ce3601861ee4fab9b5aa78e9\",\"name\":\"Luiz Ant\u00f4nio Pr\u00f3speri\",\"pronouns\":\"ele\",\"image\":{\"@type\":\"ImageObject\",\"inLanguage\":\"pt-BR\",\"@id\":\"https:\\\/\\\/i0.wp.com\\\/blogdoprosperi.com\\\/wp-content\\\/uploads\\\/2026\\\/05\\\/cropped-8059e613-6002-42fa-961e-8e275f575d71-2-5.jpg?fit=1360%2C931&ssl=1\",\"url\":\"https:\\\/\\\/i0.wp.com\\\/blogdoprosperi.com\\\/wp-content\\\/uploads\\\/2026\\\/05\\\/cropped-8059e613-6002-42fa-961e-8e275f575d71-2-5.jpg?fit=1360%2C931&ssl=1\",\"contentUrl\":\"https:\\\/\\\/i0.wp.com\\\/blogdoprosperi.com\\\/wp-content\\\/uploads\\\/2026\\\/05\\\/cropped-8059e613-6002-42fa-961e-8e275f575d71-2-5.jpg?fit=1360%2C931&ssl=1\",\"width\":1360,\"height\":931,\"caption\":\"Luiz Ant\u00f4nio Pr\u00f3speri\"},\"logo\":{\"@id\":\"https:\\\/\\\/i0.wp.com\\\/blogdoprosperi.com\\\/wp-content\\\/uploads\\\/2026\\\/05\\\/cropped-8059e613-6002-42fa-961e-8e275f575d71-2-5.jpg?fit=1360%2C931&ssl=1\"},\"description\":\"Jornalista com carreira dedicada ao esporte. Cobriu 9 Copas do Mundo in loco, 1990 na It\u00e1lia, 1994 nos EUA, 1998 na Fran\u00e7a, 2002 na Coreia do Sul e Jap\u00e3o, 2006 na Alemanha, 2010 na \u00c1frica do Sul, 2014 no Brasil, 2018 na R\u00fassia e 2022 no Qatar. Eurocopas, 1992 na Su\u00e9cia e 1996 na Inglaterra. Copa das Confedera\u00e7\u00f5es de 2005 na Alemanha e 2009 na \u00c1frica do Sul. Rep\u00f3rter e Editor, trabalhou no Jornal da Tarde e Estad\u00e3o, de 1984 a fevereiro de 2016. Colunista, blogueiro. E comentarista de futebol na R\u00e1dio Estad\u00e3o, de 2013 a fevereiro de 2016. Jornalista respons\u00e1vel do \\\"Pr\u00f3speri News\\\" (blogdoprosperi.com).\",\"sameAs\":[\"http:\\\/\\\/blogdoprosperi.com\",\"Luiz Pr\u00f3speri\",\"@luiz_prosperi\",\"https:\\\/\\\/x.com\\\/Luizprosperi\",\"@prosperinacopa\",\"luiz.prosperi@icloud.com\"],\"url\":\"https:\\\/\\\/blogdoprosperi.com\\\/?author=102107496\"}]}<\/script>\n<!-- \/ Yoast SEO plugin. -->","yoast_head_json":{"title":"Neymar, estrela solit\u00e1ria do Brasil na lista dos 23 melhores do mundo da Fifa, n\u00e3o vai ficar entre os tr\u00eas finalistas - PR\u00d3SPERI NEWS","robots":{"index":"index","follow":"follow","max-snippet":"max-snippet:-1","max-image-preview":"max-image-preview:large","max-video-preview":"max-video-preview:-1"},"canonical":"https:\/\/blogdoprosperi.com\/?p=30842","og_locale":"pt_BR","og_type":"article","og_title":"Neymar, estrela solit\u00e1ria do Brasil na lista dos 23 melhores do mundo da Fifa, n\u00e3o vai ficar entre os tr\u00eas finalistas - PR\u00d3SPERI NEWS","og_description":"Neymar vai pagar um pre\u00e7o alto na corrida para ser o melhor do mundo na elei\u00e7\u00e3o da Fifa. [&hellip;]","og_url":"https:\/\/blogdoprosperi.com\/?p=30842","og_site_name":"PR\u00d3SPERI NEWS","article_publisher":"Luiz Pr\u00f3speri","article_author":"Luiz Pr\u00f3speri","article_published_time":"2016-11-04T14:28:29+00:00","article_modified_time":"2016-11-04T22:49:21+00:00","og_image":[{"url":"https:\/\/blogdoprosperi.com\/wp-content\/uploads\/2016\/08\/neymar-ap2.jpg","type":"","width":"","height":""}],"author":"Luiz Ant\u00f4nio Pr\u00f3speri","twitter_card":"summary_large_image","twitter_creator":"@Luizprosperi","twitter_site":"@Luizprosperi","twitter_misc":{"Escrito por":"Luiz Ant\u00f4nio Pr\u00f3speri","Est. tempo de leitura":"2 minutos"},"schema":{"@context":"https:\/\/schema.org","@graph":[{"@type":"Article","@id":"https:\/\/blogdoprosperi.com\/?p=30842#article","isPartOf":{"@id":"https:\/\/blogdoprosperi.com\/?p=30842"},"author":{"name":"Luiz Ant\u00f4nio Pr\u00f3speri","@id":"https:\/\/blogdoprosperi.com\/#\/schema\/person\/38100755ce3601861ee4fab9b5aa78e9"},"headline":"Neymar, estrela solit\u00e1ria do Brasil na lista dos 23 melhores do mundo da Fifa, n\u00e3o vai ficar entre os tr\u00eas finalistas","datePublished":"2016-11-04T14:28:29+00:00","dateModified":"2016-11-04T22:49:21+00:00","mainEntityOfPage":{"@id":"https:\/\/blogdoprosperi.com\/?p=30842"},"wordCount":336,"commentCount":4,"publisher":{"@id":"https:\/\/blogdoprosperi.com\/#\/schema\/person\/38100755ce3601861ee4fab9b5aa78e9"},"image":{"@id":"https:\/\/blogdoprosperi.com\/?p=30842#primaryimage"},"thumbnailUrl":"https:\/\/blogdoprosperi.com\/wp-content\/uploads\/2016\/08\/neymar-ap2.jpg","keywords":["bola de ouro","Fifa","futebol","Gareth Bale","Griezmann","Neymar","Sele\u00e7\u00e3o Brasileira","Tite"],"articleSection":["futebol"],"inLanguage":"pt-BR","potentialAction":[{"@type":"CommentAction","name":"Comment","target":["https:\/\/blogdoprosperi.com\/?p=30842#respond"]}]},{"@type":"WebPage","@id":"https:\/\/blogdoprosperi.com\/?p=30842","url":"https:\/\/blogdoprosperi.com\/?p=30842","name":"Neymar, estrela solit\u00e1ria do Brasil na lista dos 23 melhores do mundo da Fifa, n\u00e3o vai ficar entre os tr\u00eas finalistas - PR\u00d3SPERI NEWS","isPartOf":{"@id":"https:\/\/blogdoprosperi.com\/#website"},"primaryImageOfPage":{"@id":"https:\/\/blogdoprosperi.com\/?p=30842#primaryimage"},"image":{"@id":"https:\/\/blogdoprosperi.com\/?p=30842#primaryimage"},"thumbnailUrl":"https:\/\/blogdoprosperi.com\/wp-content\/uploads\/2016\/08\/neymar-ap2.jpg","datePublished":"2016-11-04T14:28:29+00:00","dateModified":"2016-11-04T22:49:21+00:00","breadcrumb":{"@id":"https:\/\/blogdoprosperi.com\/?p=30842#breadcrumb"},"inLanguage":"pt-BR","potentialAction":[{"@type":"ReadAction","target":["https:\/\/blogdoprosperi.com\/?p=30842"]}]},{"@type":"ImageObject","inLanguage":"pt-BR","@id":"https:\/\/blogdoprosperi.com\/?p=30842#primaryimage","url":"https:\/\/i0.wp.com\/blogdoprosperi.com\/wp-content\/uploads\/2016\/08\/neymar-ap2.jpg?fit=640%2C443&ssl=1","contentUrl":"https:\/\/i0.wp.com\/blogdoprosperi.com\/wp-content\/uploads\/2016\/08\/neymar-ap2.jpg?fit=640%2C443&ssl=1","width":640,"height":443},{"@type":"BreadcrumbList","@id":"https:\/\/blogdoprosperi.com\/?p=30842#breadcrumb","itemListElement":[{"@type":"ListItem","position":1,"name":"In\u00edcio","item":"https:\/\/blogdoprosperi.com\/"},{"@type":"ListItem","position":2,"name":"Neymar, estrela solit\u00e1ria do Brasil na lista dos 23 melhores do mundo da Fifa, n\u00e3o vai ficar entre os tr\u00eas finalistas"}]},{"@type":"WebSite","@id":"https:\/\/blogdoprosperi.com\/#website","url":"https:\/\/blogdoprosperi.com\/","name":"PR\u00d3SPERI NEWS","description":"TUDO \u00c9  FUTEBOL","publisher":{"@id":"https:\/\/blogdoprosperi.com\/#\/schema\/person\/38100755ce3601861ee4fab9b5aa78e9"},"alternateName":"blogdoprosperi.com","potentialAction":[{"@type":"SearchAction","target":{"@type":"EntryPoint","urlTemplate":"https:\/\/blogdoprosperi.com\/?s={search_term_string}"},"query-input":{"@type":"PropertyValueSpecification","valueRequired":true,"valueName":"search_term_string"}}],"inLanguage":"pt-BR"},{"@type":["Person","Organization"],"@id":"https:\/\/blogdoprosperi.com\/#\/schema\/person\/38100755ce3601861ee4fab9b5aa78e9","name":"Luiz Ant\u00f4nio Pr\u00f3speri","pronouns":"ele","image":{"@type":"ImageObject","inLanguage":"pt-BR","@id":"https:\/\/i0.wp.com\/blogdoprosperi.com\/wp-content\/uploads\/2026\/05\/cropped-8059e613-6002-42fa-961e-8e275f575d71-2-5.jpg?fit=1360%2C931&ssl=1","url":"https:\/\/i0.wp.com\/blogdoprosperi.com\/wp-content\/uploads\/2026\/05\/cropped-8059e613-6002-42fa-961e-8e275f575d71-2-5.jpg?fit=1360%2C931&ssl=1","contentUrl":"https:\/\/i0.wp.com\/blogdoprosperi.com\/wp-content\/uploads\/2026\/05\/cropped-8059e613-6002-42fa-961e-8e275f575d71-2-5.jpg?fit=1360%2C931&ssl=1","width":1360,"height":931,"caption":"Luiz Ant\u00f4nio Pr\u00f3speri"},"logo":{"@id":"https:\/\/i0.wp.com\/blogdoprosperi.com\/wp-content\/uploads\/2026\/05\/cropped-8059e613-6002-42fa-961e-8e275f575d71-2-5.jpg?fit=1360%2C931&ssl=1"},"description":"Jornalista com carreira dedicada ao esporte. Cobriu 9 Copas do Mundo in loco, 1990 na It\u00e1lia, 1994 nos EUA, 1998 na Fran\u00e7a, 2002 na Coreia do Sul e Jap\u00e3o, 2006 na Alemanha, 2010 na \u00c1frica do Sul, 2014 no Brasil, 2018 na R\u00fassia e 2022 no Qatar. Eurocopas, 1992 na Su\u00e9cia e 1996 na Inglaterra. Copa das Confedera\u00e7\u00f5es de 2005 na Alemanha e 2009 na \u00c1frica do Sul. Rep\u00f3rter e Editor, trabalhou no Jornal da Tarde e Estad\u00e3o, de 1984 a fevereiro de 2016. Colunista, blogueiro. E comentarista de futebol na R\u00e1dio Estad\u00e3o, de 2013 a fevereiro de 2016. Jornalista respons\u00e1vel do \"Pr\u00f3speri News\" (blogdoprosperi.com).","sameAs":["http:\/\/blogdoprosperi.com","Luiz Pr\u00f3speri","@luiz_prosperi","https:\/\/x.com\/Luizprosperi","@prosperinacopa","luiz.prosperi@icloud.com"],"url":"https:\/\/blogdoprosperi.com\/?author=102107496"}]}},"jetpack_publicize_connections":[],"jetpack_likes_enabled":false,"jetpack_sharing_enabled":true,"jetpack_shortlink":"https:\/\/wp.me\/p7jvdk-81s","jetpack-related-posts":[{"id":5986,"url":"https:\/\/blogdoprosperi.com\/?p=5986","url_meta":{"origin":30842,"position":0},"title":"Neymar desiste de concorrer a melhor do mundo em 2016","author":"Luiz Ant\u00f4nio Pr\u00f3speri","date":"17 de maio de 2016","format":false,"excerpt":"\u00a0 Craque sai de cena em junho, ao aceitar pedido da CBF para disputar a Olimp\u00edada do Rio, e v\u00ea distante projeto de ser eleito o Bola de Ouro da Fifa no fim do ano Neymar desistiu de se credenciar a melhor jogador do mundo nesta temporada de 2016, na\u2026","rel":"","context":"Em &quot;futebol&quot;","block_context":{"text":"futebol","link":"https:\/\/blogdoprosperi.com\/?cat=53870"},"img":{"alt_text":"","src":"https:\/\/i0.wp.com\/blogdoprosperi.com\/wp-content\/uploads\/2016\/05\/16085103.jpeg?resize=350%2C200&ssl=1","width":350,"height":200,"srcset":"https:\/\/i0.wp.com\/blogdoprosperi.com\/wp-content\/uploads\/2016\/05\/16085103.jpeg?resize=350%2C200&ssl=1 1x, https:\/\/i0.wp.com\/blogdoprosperi.com\/wp-content\/uploads\/2016\/05\/16085103.jpeg?resize=525%2C300&ssl=1 1.5x"},"classes":[]},{"id":34001,"url":"https:\/\/blogdoprosperi.com\/?p=34001","url_meta":{"origin":30842,"position":1},"title":"Bola de Ouro, de Cristiano Ronaldo a  Gabriel Jesus","author":"Luiz Ant\u00f4nio Pr\u00f3speri","date":"12 de dezembro de 2016","format":false,"excerpt":"Cristiano Ronaldo \u00e9 eleito o Bola de Ouro da France Football. Falta ainda o pr\u00eamio de melhor do mundo a ser concedido pela Fifa em janeiro de 2017. At\u00e9 a temporada passada, a vota\u00e7\u00e3o era conjunta entre a revista e entidade na parceria firmada em 2010. De 1956 a 2009,\u2026","rel":"","context":"Em &quot;Campeonato Brasileiro&quot;","block_context":{"text":"Campeonato Brasileiro","link":"https:\/\/blogdoprosperi.com\/?cat=355071"},"img":{"alt_text":"","src":"https:\/\/i0.wp.com\/blogdoprosperi.com\/wp-content\/uploads\/2016\/12\/622_1ea51cc0-6e58-34ed-af09-4e09563980e5.jpg?resize=350%2C200&ssl=1","width":350,"height":200,"srcset":"https:\/\/i0.wp.com\/blogdoprosperi.com\/wp-content\/uploads\/2016\/12\/622_1ea51cc0-6e58-34ed-af09-4e09563980e5.jpg?resize=350%2C200&ssl=1 1x, https:\/\/i0.wp.com\/blogdoprosperi.com\/wp-content\/uploads\/2016\/12\/622_1ea51cc0-6e58-34ed-af09-4e09563980e5.jpg?resize=525%2C300&ssl=1 1.5x"},"classes":[]},{"id":47031,"url":"https:\/\/blogdoprosperi.com\/?p=47031","url_meta":{"origin":30842,"position":2},"title":"Vini Jr, The Best |  Brasil tem o Melhor do Mundo ap\u00f3s 17 Anos","author":"Luiz Ant\u00f4nio Pr\u00f3speri","date":"17 de dezembro de 2024","format":false,"excerpt":"Vini Jr eleito com justi\u00e7a melhor jogador do mundo temporada 2023\/2024. Desde 2007, quando Kak\u00e1 subiu ao p\u00f3dio, Brasil n\u00e3o emplacava um The Best. Que seja uma nova era do nosso futebol. \"Tenho de agradecer a todo mundo que votou em mim, todos os jogadores, treinadores, jornalistas e meus f\u00e3s.\u2026","rel":"","context":"Em &quot;futebol&quot;","block_context":{"text":"futebol","link":"https:\/\/blogdoprosperi.com\/?cat=53870"},"img":{"alt_text":"","src":"https:\/\/i0.wp.com\/blogdoprosperi.com\/wp-content\/uploads\/2024\/12\/captura-de-tela-2024-12-18-as-11.00.18.png?fit=1200%2C923&ssl=1&resize=350%2C200","width":350,"height":200,"srcset":"https:\/\/i0.wp.com\/blogdoprosperi.com\/wp-content\/uploads\/2024\/12\/captura-de-tela-2024-12-18-as-11.00.18.png?fit=1200%2C923&ssl=1&resize=350%2C200 1x, https:\/\/i0.wp.com\/blogdoprosperi.com\/wp-content\/uploads\/2024\/12\/captura-de-tela-2024-12-18-as-11.00.18.png?fit=1200%2C923&ssl=1&resize=525%2C300 1.5x, https:\/\/i0.wp.com\/blogdoprosperi.com\/wp-content\/uploads\/2024\/12\/captura-de-tela-2024-12-18-as-11.00.18.png?fit=1200%2C923&ssl=1&resize=700%2C400 2x, https:\/\/i0.wp.com\/blogdoprosperi.com\/wp-content\/uploads\/2024\/12\/captura-de-tela-2024-12-18-as-11.00.18.png?fit=1200%2C923&ssl=1&resize=1050%2C600 3x"},"classes":[]},{"id":21847,"url":"https:\/\/blogdoprosperi.com\/?p=21847","url_meta":{"origin":30842,"position":3},"title":"Medalha de ouro n\u00e3o vai transformar Neymar em \u00eddolo nacional","author":"Luiz Ant\u00f4nio Pr\u00f3speri","date":"19 de agosto de 2016","format":false,"excerpt":"Neymar est\u00e1 longe de ser Rom\u00e1rio e muito distante do carisma de Ronaldo Fen\u00f4meno quando esses dois eram protagonistas em seus clubes e na Sele\u00e7\u00e3o Brasileira. Eles n\u00e3o foram moldados e tiveram intelig\u00eancia suficiente para conciliar idolatria e bola. N\u00e3o vai ser a conquista da medalha de ouro nos Jogos\u2026","rel":"","context":"Em &quot;futebol&quot;","block_context":{"text":"futebol","link":"https:\/\/blogdoprosperi.com\/?cat=53870"},"img":{"alt_text":"","src":"https:\/\/i0.wp.com\/blogdoprosperi.com\/wp-content\/uploads\/2016\/08\/44248b25912ca6823a79284bd155ec97.jpg?resize=350%2C200","width":350,"height":200},"classes":[]},{"id":38120,"url":"https:\/\/blogdoprosperi.com\/?p=38120","url_meta":{"origin":30842,"position":4},"title":"Comunidade do futebol europeu n\u00e3o gosta de Neymar","author":"Luiz Ant\u00f4nio Pr\u00f3speri","date":"11 de dezembro de 2020","format":false,"excerpt":"Neymar n\u00e3o \u00e9 bem-visto na comunidade do futebol europeu. Apenas uma vez se deram o respeito ao craque brasileiro. Quando jogava no Barcelona ao lado de Messi. E olha l\u00e1. Por isso n\u00e3o \u00e9 um absurdo Neymar ficar fora do pr\u00eamio \"The Best\" da Fifa, melhor jogador do mundo na\u2026","rel":"","context":"Em &quot;Champions League&quot;","block_context":{"text":"Champions League","link":"https:\/\/blogdoprosperi.com\/?cat=9107"},"img":{"alt_text":"Neymar fora do pr\u00eamio Fifa","src":"https:\/\/i0.wp.com\/blogdoprosperi.com\/wp-content\/uploads\/2020\/12\/neymar-psg-x-bayern-champions-2020-23082020181716143.jpeg?fit=660%2C476&ssl=1&resize=350%2C200","width":350,"height":200,"srcset":"https:\/\/i0.wp.com\/blogdoprosperi.com\/wp-content\/uploads\/2020\/12\/neymar-psg-x-bayern-champions-2020-23082020181716143.jpeg?fit=660%2C476&ssl=1&resize=350%2C200 1x, https:\/\/i0.wp.com\/blogdoprosperi.com\/wp-content\/uploads\/2020\/12\/neymar-psg-x-bayern-champions-2020-23082020181716143.jpeg?fit=660%2C476&ssl=1&resize=525%2C300 1.5x"},"classes":[]},{"id":34598,"url":"https:\/\/blogdoprosperi.com\/?p=34598","url_meta":{"origin":30842,"position":5},"title":"Futebol brasileiro perde prest\u00edgio na elei\u00e7\u00e3o dos melhores do mundo da Fifa","author":"Luiz Ant\u00f4nio Pr\u00f3speri","date":"9 de janeiro de 2017","format":false,"excerpt":"Futebol brasileiro perde prest\u00edgio na elei\u00e7\u00e3o dos melhores do mundo com chancela da Fifa. Desde 2007, quando Kak\u00e1 levou a Bola de Ouro, nenhum jogador do Pa\u00eds desbancou a dupla Cristiano Ronaldo e Messi. Neymar chegou perto em 2015. Acabou na terceira coloca\u00e7\u00e3o. Minguaram as estrelas.\u00a0Outro dado interessante se nota\u2026","rel":"","context":"Em &quot;futebol&quot;","block_context":{"text":"futebol","link":"https:\/\/blogdoprosperi.com\/?cat=53870"},"img":{"alt_text":"","src":"https:\/\/i0.wp.com\/blogdoprosperi.com\/wp-content\/uploads\/2017\/01\/cuu5hu4uwae4xze.png?resize=350%2C200&ssl=1","width":350,"height":200,"srcset":"https:\/\/i0.wp.com\/blogdoprosperi.com\/wp-content\/uploads\/2017\/01\/cuu5hu4uwae4xze.png?resize=350%2C200&ssl=1 1x, https:\/\/i0.wp.com\/blogdoprosperi.com\/wp-content\/uploads\/2017\/01\/cuu5hu4uwae4xze.png?resize=525%2C300&ssl=1 1.5x"},"classes":[]}],"jetpack_featured_media_url":"","_links":{"self":[{"href":"https:\/\/blogdoprosperi.com\/index.php?rest_route=\/wp\/v2\/posts\/30842","targetHints":{"allow":["GET"]}}],"collection":[{"href":"https:\/\/blogdoprosperi.com\/index.php?rest_route=\/wp\/v2\/posts"}],"about":[{"href":"https:\/\/blogdoprosperi.com\/index.php?rest_route=\/wp\/v2\/types\/post"}],"author":[{"embeddable":true,"href":"https:\/\/blogdoprosperi.com\/index.php?rest_route=\/wp\/v2\/users\/102107496"}],"replies":[{"embeddable":true,"href":"https:\/\/blogdoprosperi.com\/index.php?rest_route=%2Fwp%2Fv2%2Fcomments&post=30842"}],"version-history":[{"count":25,"href":"https:\/\/blogdoprosperi.com\/index.php?rest_route=\/wp\/v2\/posts\/30842\/revisions"}],"predecessor-version":[{"id":30882,"href":"https:\/\/blogdoprosperi.com\/index.php?rest_route=\/wp\/v2\/posts\/30842\/revisions\/30882"}],"wp:attachment":[{"href":"https:\/\/blogdoprosperi.com\/index.php?rest_route=%2Fwp%2Fv2%2Fmedia&parent=30842"}],"wp:term":[{"taxonomy":"category","embeddable":true,"href":"https:\/\/blogdoprosperi.com\/index.php?rest_route=%2Fwp%2Fv2%2Fcategories&post=30842"},{"taxonomy":"post_tag","embeddable":true,"href":"https:\/\/blogdoprosperi.com\/index.php?rest_route=%2Fwp%2Fv2%2Ftags&post=30842"}],"curies":[{"name":"wp","href":"https:\/\/api.w.org\/{rel}","templated":true}]}}