{"id":31142,"date":"2016-11-06T19:48:51","date_gmt":"2016-11-06T21:48:51","guid":{"rendered":"http:\/\/blogdoprosperi.com\/?p=31142"},"modified":"2016-11-07T01:47:52","modified_gmt":"2016-11-07T03:47:52","slug":"palmeiras-troca-futebol-bonito-por-coracao-e-mantem-hierarquia-no-brasileirao","status":"publish","type":"post","link":"https:\/\/blogdoprosperi.com\/?p=31142","title":{"rendered":"Palmeiras troca futebol bonito por cora\u00e7\u00e3o e mant\u00e9m hierarquia no Brasileir\u00e3o"},"content":{"rendered":"<p><span class=\"alignnone\"><img data-recalc-dims=\"1\" loading=\"lazy\" decoding=\"async\" data-attachment-id=\"31234\" data-permalink=\"https:\/\/blogdoprosperi.com\/?attachment_id=31234\" data-orig-file=\"https:\/\/i0.wp.com\/blogdoprosperi.com\/wp-content\/uploads\/2016\/11\/gol_palmeiras_corinthians_brasileirao.jpg?fit=600%2C338&amp;ssl=1\" data-orig-size=\"600,338\" data-comments-opened=\"1\" data-image-meta=\"{&quot;aperture&quot;:&quot;0&quot;,&quot;credit&quot;:&quot;&quot;,&quot;camera&quot;:&quot;&quot;,&quot;caption&quot;:&quot;&quot;,&quot;created_timestamp&quot;:&quot;0&quot;,&quot;copyright&quot;:&quot;&quot;,&quot;focal_length&quot;:&quot;0&quot;,&quot;iso&quot;:&quot;0&quot;,&quot;shutter_speed&quot;:&quot;0&quot;,&quot;title&quot;:&quot;&quot;,&quot;orientation&quot;:&quot;0&quot;}\" data-image-title=\"gol_palmeiras_corinthians_brasileirao\" data-image-description=\"\" data-image-caption=\"\" data-large-file=\"https:\/\/i0.wp.com\/blogdoprosperi.com\/wp-content\/uploads\/2016\/11\/gol_palmeiras_corinthians_brasileirao.jpg?fit=600%2C338&amp;ssl=1\" class=\"alignnone size-full wp-image-31234\" src=\"https:\/\/i0.wp.com\/blogdoprosperi.com\/wp-content\/uploads\/2016\/11\/gol_palmeiras_corinthians_brasileirao.jpg?resize=600%2C338&#038;ssl=1\" alt=\"gol_palmeiras_corinthians_brasileirao\" width=\"600\" height=\"338\" \/><\/span><\/p>\n<p>Palmeiras nadou contra correnteza diante de um Internacional aguerrido em busca da salva\u00e7\u00e3o. Desde a <a href=\"http:\/\/blogdoprosperi.com\/2016\/11\/06\/santos-se-reinventa-com-dorival-junior-vira-em-cima-da-ponte-e-se-candidata-ao-titulo-do-brasileirao\/\">vit\u00f3ria do Santos contra a Ponte Preta<\/a> de manh\u00e3, assumindo o segundo lugar, se esperava um jogo de alta tens\u00e3o no Allianz Parque. O l\u00edder n\u00e3o tinha outra alternativa a n\u00e3o ser vencer a todo custo o time ga\u00facho. Era quase uma decis\u00e3o de campeonato.<!--more--><\/p>\n<p>N\u00e3o havia espa\u00e7o para tr\u00e9gua. Nem apelar a um jogo de seguran\u00e7a. Tinha de ser pelejado. Ao apito final, com o placar apontando 1 a 0, jogadores palmeirense ajoelharam, rezaram e agradeceram \u00e0 recompensa do sacrif\u00edcio. Nas arquibancadas da arena, l\u00e1grimas de al\u00edvio e a sensa\u00e7\u00e3o de que o <a href=\"http:\/\/blogdoprosperi.com\/2016\/11\/05\/flamengo-perde-aroma-entra-no-labirinto-e-facilita-a-vida-do-palmeiras\/\">Palmeiras encaminhou, e muito, a conquista do Brasileir\u00e3o 2016<\/a>. A quatro rodadas do fim, tem seis pontos de vantagem sobre o Santos, segundo colocado.<\/p>\n<p>Ora\u00e7\u00f5es e vibra\u00e7\u00e3o intensa tomaram conta do Allianz Parque. N\u00e3o se poderia esperar outra coisa. A vit\u00f3ria, de peso imensur\u00e1vel, saiu de um jogo duro, de pouca t\u00e9cnica e muito f\u00edsico. \u00a0De um time que se multiplica quando parece batido. E n\u00e3o cede um palmo de ch\u00e3o ao advers\u00e1rio.<\/p>\n<p>Palmeiras encontrou uma marca\u00e7\u00e3o muito forte, corpo a corpo, desde o primeiro tempo. N\u00e3o havia tempo nem espa\u00e7o para receber a bola no ataque e ensaiar uma troca de passes. A ordem no Inter era grudar em quem estivesse de camisa verde. Respirar no cangote. Diante de um advers\u00e1rio rigoroso, com faca nos dentes, atacantes e meias de Cuca n\u00e3o evolu\u00edram com a bola nos p\u00e9s.<\/p>\n<p>A sa\u00edda passava pelo jogo a\u00e9reo ou a bola parada. Insistir no contato f\u00edsico era pedir para perder. Perigo ao time ga\u00facho vinha mesmo do alto. E de uma sequ\u00eancia de escanteio, Thiago Santos escorou de cabe\u00e7a e o contestado Cleiton Xavier, surpresa de Cuca na escala\u00e7\u00e3o na vaga do suspenso Mois\u00e9s, emendou leve de primeira para vencer Danilo Fernandes: 1 a 0, aos 17.<\/p>\n<p><span class=\"alignnone\"><img data-recalc-dims=\"1\" loading=\"lazy\" decoding=\"async\" data-attachment-id=\"31242\" data-permalink=\"https:\/\/blogdoprosperi.com\/?attachment_id=31242\" data-orig-file=\"https:\/\/i0.wp.com\/blogdoprosperi.com\/wp-content\/uploads\/2016\/11\/8f3d2f0b424d0e939138a2895c1b449a.jpg?fit=1920%2C1081&amp;ssl=1\" data-orig-size=\"1920,1081\" data-comments-opened=\"1\" data-image-meta=\"{&quot;aperture&quot;:&quot;0&quot;,&quot;credit&quot;:&quot;&quot;,&quot;camera&quot;:&quot;&quot;,&quot;caption&quot;:&quot;&quot;,&quot;created_timestamp&quot;:&quot;0&quot;,&quot;copyright&quot;:&quot;&quot;,&quot;focal_length&quot;:&quot;0&quot;,&quot;iso&quot;:&quot;0&quot;,&quot;shutter_speed&quot;:&quot;0&quot;,&quot;title&quot;:&quot;&quot;,&quot;orientation&quot;:&quot;0&quot;}\" data-image-title=\"8f3d2f0b424d0e939138a2895c1b449a\" data-image-description=\"\" data-image-caption=\"\" data-large-file=\"https:\/\/i0.wp.com\/blogdoprosperi.com\/wp-content\/uploads\/2016\/11\/8f3d2f0b424d0e939138a2895c1b449a.jpg?fit=940%2C529&amp;ssl=1\" class=\"alignnone size-full wp-image-31242\" src=\"https:\/\/i0.wp.com\/blogdoprosperi.com\/wp-content\/uploads\/2016\/11\/8f3d2f0b424d0e939138a2895c1b449a.jpg?resize=940%2C529&#038;ssl=1\" alt=\"8f3d2f0b424d0e939138a2895c1b449a\" width=\"940\" height=\"529\" \/><\/span><\/p>\n<p>Gol deu tranquilidade ao l\u00edder do campeonato. Quebrou ansiedade na arquibancada e reordenou os jogadores no esquema imaginado pelo treinador palmeirense. Era n\u00e3o descuidar na defesa e evitar o jogo duro, f\u00edsico, t\u00e3o ao gosto do Inter.<\/p>\n<p>No segundo tempo, j\u00e1 sem o inc\u00f4modo da chuva, Cuca voltou com Alecsandro no lugar do lesionado Roger Guedes. Assim, Gabriel Jesus caiu mais na ponta-direita. A mudan\u00e7a for\u00e7ada tirou do <a href=\"http:\/\/blogdoprosperi.com\/2016\/10\/23\/palmeiras-faz-sua-parte-e-com-ajuda-do-corinthians-abre-seis-pontos-do-flamengo\/\">Palmeiras <\/a>a possibilidade de controlar o jogo. O Inter n\u00e3o mudou o estilo, continuou com a m\u00e3o pesada, mas sem arrojo no ataque. Brigava pela bola e esticava aos homens de frente. Repert\u00f3rio fraco.<\/p>\n<p>Complicou mais ainda ao dono casa quando Cleiton Xavier saiu machucado. Time perdia na cria\u00e7\u00e3o e passava a ser mais f\u00edsico. \u00a0Sem Xavier, o time assumiu confronto direto, no corpo, e n\u00e3o afinou. Enlameou o uniforme e n\u00e3o perdeu a concentra\u00e7\u00e3o at\u00e9 o fim. <a href=\"http:\/\/blogdoprosperi.com\/2016\/10\/30\/cuca-nao-tem-tempo-para-recuperar-gabriel-jesus\/\">Gabriel Jesus <\/a>ainda carimbou o p\u00e9 da trave, em chute colocado e com leve desvio de Danilo Fernandes.<\/p>\n<p>Cada bola era disputada com intensidade absurda, seja com o velho Z\u00e9 Roberto ou com o impetuoso Mina. Ningu\u00e9m esmoreceu. Palmeiras ganhou mais for\u00e7a com a vibra\u00e7\u00e3o incans\u00e1vel e contagiante das arquibancadas at\u00e9 o apito final. Torcedores em \u00eaxtase sabiam naquele momento que a celebra\u00e7\u00e3o final est\u00e1 logo ali.<\/p>\n<div class=\"jetpack-video-wrapper\"><span class=\"embed-youtube\" style=\"text-align:center; display: block;\"><iframe loading=\"lazy\" class=\"youtube-player\" width=\"560\" height=\"315\" src=\"https:\/\/www.youtube.com\/embed\/XLeJQeqJaMs?version=3&#038;rel=1&#038;showsearch=0&#038;showinfo=1&#038;iv_load_policy=1&#038;fs=1&#038;hl=pt-BR&#038;autohide=2&#038;wmode=transparent\" allowfullscreen=\"true\" style=\"border:0;\" sandbox=\"allow-scripts allow-same-origin allow-popups allow-presentation allow-popups-to-escape-sandbox\"><\/iframe><\/span><\/div>\n<p><strong>FICHA DO JOGO<\/strong><\/p>\n<p><strong>Palmeiras 1 x 0 Internacional<\/strong><\/p>\n<p><strong>Gols<\/strong>: Cleiton Xavier, aos 17 minutos do primeiro tempo<\/p>\n<p><strong>Palmeiras<\/strong>: Jailson, Jean (Fabiano), Mina, Vitor Hugo e Z\u00e9 Roberto; Thiago Santos \u00a0 (Gabriel), Tch\u00ea Tch\u00ea e Cleiton Xavier; Roger Guedes (Alecsandro), Gabriel Jesus e Dudu. <strong>T\u00e9cnico<\/strong>: Cuca<\/p>\n<p><strong>Internacional:<\/strong> Danilo Fernandes, Cear\u00e1 (Sacha), Paul\u00e3o, Ernando e Geferson; Anselmo, Rodrigo Dourado e Willian; Anderson, Aylon (Diego) e Alex (Valdivia). <strong>T\u00e9cnico<\/strong>: Celso Roth<\/p>\n<p><strong>Juiz<\/strong>: Pericles Bassol<br \/>\n<strong>Renda<\/strong>: R$ 2.112.466,12<br \/>\n<strong>P\u00fablico<\/strong>: 31.967 pagantes<br \/>\n<strong>Local<\/strong>: Allianz Parque<\/p>\n","protected":false},"excerpt":{"rendered":"<p>Palmeiras nadou contra correnteza diante de um Internacional aguerrido em busca da salva\u00e7\u00e3o. Desde a vit\u00f3ria do Santos [&hellip;]<\/p>\n","protected":false},"author":102107496,"featured_media":0,"comment_status":"open","ping_status":"open","sticky":false,"template":"","format":"standard","meta":{"_coblocks_attr":"","_coblocks_dimensions":"","_coblocks_responsive_height":"","_coblocks_accordion_ie_support":"","_jetpack_newsletter_access":"","_jetpack_dont_email_post_to_subs":false,"_jetpack_newsletter_tier_id":0,"_jetpack_memberships_contains_paywalled_content":false,"_wpcom_ai_launchpad_first_post":false,"_jetpack_feature_clip_id":0,"_jetpack_memberships_contains_paid_content":false,"footnotes":"","jetpack_publicize_message":"","jetpack_publicize_feature_enabled":true,"jetpack_social_post_already_shared":false,"jetpack_social_options":{"image_generator_settings":{"template":"highway","default_image_id":0,"font":"","enabled":false},"version":2},"jetpack_post_was_ever_published":false},"categories":[355071,53870],"tags":[789560566,10170941,471113831,789560560,232826435,287104,8328841,24313394],"class_list":["post-31142","post","type-post","status-publish","format-standard","hentry","category-campeonato-brasileiro","category-futebol","tag-campeonato-brasileiro","tag-cleiton-xavier","tag-cuca-palmeiras","tag-futebol","tag-gabriel-jesus","tag-palmeiras","tag-palmeiras-clube","tag-palmeiras-x-internacional"],"yoast_head":"<!-- This site is optimized with the Yoast SEO plugin v28.4 - https:\/\/yoast.com\/product\/yoast-seo-wordpress\/ -->\n<title>Palmeiras troca futebol bonito por cora\u00e7\u00e3o e mant\u00e9m hierarquia no Brasileir\u00e3o - PR\u00d3SPERI NEWS<\/title>\n<meta name=\"robots\" content=\"index, follow, max-snippet:-1, max-image-preview:large, max-video-preview:-1\" \/>\n<link rel=\"canonical\" href=\"https:\/\/blogdoprosperi.com\/?p=31142\" \/>\n<meta property=\"og:locale\" content=\"pt_BR\" \/>\n<meta property=\"og:type\" content=\"article\" \/>\n<meta property=\"og:title\" content=\"Palmeiras troca futebol bonito por cora\u00e7\u00e3o e mant\u00e9m hierarquia no Brasileir\u00e3o - PR\u00d3SPERI NEWS\" \/>\n<meta property=\"og:description\" content=\"Palmeiras nadou contra correnteza diante de um Internacional aguerrido em busca da salva\u00e7\u00e3o. Desde a vit\u00f3ria do Santos [&hellip;]\" \/>\n<meta property=\"og:url\" content=\"https:\/\/blogdoprosperi.com\/?p=31142\" \/>\n<meta property=\"og:site_name\" content=\"PR\u00d3SPERI NEWS\" \/>\n<meta property=\"article:publisher\" content=\"Luiz Pr\u00f3speri\" \/>\n<meta property=\"article:author\" content=\"Luiz Pr\u00f3speri\" \/>\n<meta property=\"article:published_time\" content=\"2016-11-06T21:48:51+00:00\" \/>\n<meta property=\"article:modified_time\" content=\"2016-11-07T03:47:52+00:00\" \/>\n<meta property=\"og:image\" content=\"https:\/\/blogdoprosperi.com\/wp-content\/uploads\/2016\/11\/gol_palmeiras_corinthians_brasileirao.jpg\" \/>\n<meta name=\"author\" content=\"Luiz Ant\u00f4nio Pr\u00f3speri\" \/>\n<meta name=\"twitter:card\" content=\"summary_large_image\" \/>\n<meta name=\"twitter:creator\" content=\"@Luizprosperi\" \/>\n<meta name=\"twitter:site\" content=\"@Luizprosperi\" \/>\n<meta name=\"twitter:label1\" content=\"Escrito por\" \/>\n\t<meta name=\"twitter:data1\" content=\"Luiz Ant\u00f4nio Pr\u00f3speri\" \/>\n\t<meta name=\"twitter:label2\" content=\"Est. tempo de leitura\" \/>\n\t<meta name=\"twitter:data2\" content=\"3 minutos\" \/>\n<script type=\"application\/ld+json\" class=\"yoast-schema-graph\">{\"@context\":\"https:\\\/\\\/schema.org\",\"@graph\":[{\"@type\":\"Article\",\"@id\":\"https:\\\/\\\/blogdoprosperi.com\\\/?p=31142#article\",\"isPartOf\":{\"@id\":\"https:\\\/\\\/blogdoprosperi.com\\\/?p=31142\"},\"author\":{\"name\":\"Luiz Ant\u00f4nio Pr\u00f3speri\",\"@id\":\"https:\\\/\\\/blogdoprosperi.com\\\/#\\\/schema\\\/person\\\/38100755ce3601861ee4fab9b5aa78e9\"},\"headline\":\"Palmeiras troca futebol bonito por cora\u00e7\u00e3o e mant\u00e9m hierarquia no Brasileir\u00e3o\",\"datePublished\":\"2016-11-06T21:48:51+00:00\",\"dateModified\":\"2016-11-07T03:47:52+00:00\",\"mainEntityOfPage\":{\"@id\":\"https:\\\/\\\/blogdoprosperi.com\\\/?p=31142\"},\"wordCount\":685,\"commentCount\":3,\"publisher\":{\"@id\":\"https:\\\/\\\/blogdoprosperi.com\\\/#\\\/schema\\\/person\\\/38100755ce3601861ee4fab9b5aa78e9\"},\"image\":{\"@id\":\"https:\\\/\\\/blogdoprosperi.com\\\/?p=31142#primaryimage\"},\"thumbnailUrl\":\"https:\\\/\\\/blogdoprosperi.com\\\/wp-content\\\/uploads\\\/2016\\\/11\\\/gol_palmeiras_corinthians_brasileirao.jpg\",\"keywords\":[\"Campeonato Brasileiro\",\"Cleiton Xavier\",\"Cuca Palmeiras\",\"futebol\",\"Gabriel Jesus\",\"Palmeiras\",\"Palmeiras Clube\",\"Palmeiras x Internacional\"],\"articleSection\":[\"Campeonato Brasileiro\",\"futebol\"],\"inLanguage\":\"pt-BR\",\"potentialAction\":[{\"@type\":\"CommentAction\",\"name\":\"Comment\",\"target\":[\"https:\\\/\\\/blogdoprosperi.com\\\/?p=31142#respond\"]}]},{\"@type\":\"WebPage\",\"@id\":\"https:\\\/\\\/blogdoprosperi.com\\\/?p=31142\",\"url\":\"https:\\\/\\\/blogdoprosperi.com\\\/?p=31142\",\"name\":\"Palmeiras troca futebol bonito por cora\u00e7\u00e3o e mant\u00e9m hierarquia no Brasileir\u00e3o - PR\u00d3SPERI NEWS\",\"isPartOf\":{\"@id\":\"https:\\\/\\\/blogdoprosperi.com\\\/#website\"},\"primaryImageOfPage\":{\"@id\":\"https:\\\/\\\/blogdoprosperi.com\\\/?p=31142#primaryimage\"},\"image\":{\"@id\":\"https:\\\/\\\/blogdoprosperi.com\\\/?p=31142#primaryimage\"},\"thumbnailUrl\":\"https:\\\/\\\/blogdoprosperi.com\\\/wp-content\\\/uploads\\\/2016\\\/11\\\/gol_palmeiras_corinthians_brasileirao.jpg\",\"datePublished\":\"2016-11-06T21:48:51+00:00\",\"dateModified\":\"2016-11-07T03:47:52+00:00\",\"breadcrumb\":{\"@id\":\"https:\\\/\\\/blogdoprosperi.com\\\/?p=31142#breadcrumb\"},\"inLanguage\":\"pt-BR\",\"potentialAction\":[{\"@type\":\"ReadAction\",\"target\":[\"https:\\\/\\\/blogdoprosperi.com\\\/?p=31142\"]}]},{\"@type\":\"ImageObject\",\"inLanguage\":\"pt-BR\",\"@id\":\"https:\\\/\\\/blogdoprosperi.com\\\/?p=31142#primaryimage\",\"url\":\"https:\\\/\\\/i0.wp.com\\\/blogdoprosperi.com\\\/wp-content\\\/uploads\\\/2016\\\/11\\\/gol_palmeiras_corinthians_brasileirao.jpg?fit=600%2C338&ssl=1\",\"contentUrl\":\"https:\\\/\\\/i0.wp.com\\\/blogdoprosperi.com\\\/wp-content\\\/uploads\\\/2016\\\/11\\\/gol_palmeiras_corinthians_brasileirao.jpg?fit=600%2C338&ssl=1\",\"width\":600,\"height\":338},{\"@type\":\"BreadcrumbList\",\"@id\":\"https:\\\/\\\/blogdoprosperi.com\\\/?p=31142#breadcrumb\",\"itemListElement\":[{\"@type\":\"ListItem\",\"position\":1,\"name\":\"In\u00edcio\",\"item\":\"https:\\\/\\\/blogdoprosperi.com\\\/\"},{\"@type\":\"ListItem\",\"position\":2,\"name\":\"Palmeiras troca futebol bonito por cora\u00e7\u00e3o e mant\u00e9m hierarquia no Brasileir\u00e3o\"}]},{\"@type\":\"WebSite\",\"@id\":\"https:\\\/\\\/blogdoprosperi.com\\\/#website\",\"url\":\"https:\\\/\\\/blogdoprosperi.com\\\/\",\"name\":\"PR\u00d3SPERI NEWS\",\"description\":\"TUDO \u00c9  FUTEBOL\",\"publisher\":{\"@id\":\"https:\\\/\\\/blogdoprosperi.com\\\/#\\\/schema\\\/person\\\/38100755ce3601861ee4fab9b5aa78e9\"},\"alternateName\":\"blogdoprosperi.com\",\"potentialAction\":[{\"@type\":\"SearchAction\",\"target\":{\"@type\":\"EntryPoint\",\"urlTemplate\":\"https:\\\/\\\/blogdoprosperi.com\\\/?s={search_term_string}\"},\"query-input\":{\"@type\":\"PropertyValueSpecification\",\"valueRequired\":true,\"valueName\":\"search_term_string\"}}],\"inLanguage\":\"pt-BR\"},{\"@type\":[\"Person\",\"Organization\"],\"@id\":\"https:\\\/\\\/blogdoprosperi.com\\\/#\\\/schema\\\/person\\\/38100755ce3601861ee4fab9b5aa78e9\",\"name\":\"Luiz Ant\u00f4nio Pr\u00f3speri\",\"pronouns\":\"ele\",\"image\":{\"@type\":\"ImageObject\",\"inLanguage\":\"pt-BR\",\"@id\":\"https:\\\/\\\/i0.wp.com\\\/blogdoprosperi.com\\\/wp-content\\\/uploads\\\/2026\\\/05\\\/cropped-8059e613-6002-42fa-961e-8e275f575d71-2-5.jpg?fit=1360%2C931&ssl=1\",\"url\":\"https:\\\/\\\/i0.wp.com\\\/blogdoprosperi.com\\\/wp-content\\\/uploads\\\/2026\\\/05\\\/cropped-8059e613-6002-42fa-961e-8e275f575d71-2-5.jpg?fit=1360%2C931&ssl=1\",\"contentUrl\":\"https:\\\/\\\/i0.wp.com\\\/blogdoprosperi.com\\\/wp-content\\\/uploads\\\/2026\\\/05\\\/cropped-8059e613-6002-42fa-961e-8e275f575d71-2-5.jpg?fit=1360%2C931&ssl=1\",\"width\":1360,\"height\":931,\"caption\":\"Luiz Ant\u00f4nio Pr\u00f3speri\"},\"logo\":{\"@id\":\"https:\\\/\\\/i0.wp.com\\\/blogdoprosperi.com\\\/wp-content\\\/uploads\\\/2026\\\/05\\\/cropped-8059e613-6002-42fa-961e-8e275f575d71-2-5.jpg?fit=1360%2C931&ssl=1\"},\"description\":\"Jornalista com carreira dedicada ao esporte. Cobriu 9 Copas do Mundo in loco, 1990 na It\u00e1lia, 1994 nos EUA, 1998 na Fran\u00e7a, 2002 na Coreia do Sul e Jap\u00e3o, 2006 na Alemanha, 2010 na \u00c1frica do Sul, 2014 no Brasil, 2018 na R\u00fassia e 2022 no Qatar. Eurocopas, 1992 na Su\u00e9cia e 1996 na Inglaterra. Copa das Confedera\u00e7\u00f5es de 2005 na Alemanha e 2009 na \u00c1frica do Sul. Rep\u00f3rter e Editor, trabalhou no Jornal da Tarde e Estad\u00e3o, de 1984 a fevereiro de 2016. Colunista, blogueiro. E comentarista de futebol na R\u00e1dio Estad\u00e3o, de 2013 a fevereiro de 2016. Jornalista respons\u00e1vel do \\\"Pr\u00f3speri News\\\" (blogdoprosperi.com).\",\"sameAs\":[\"http:\\\/\\\/blogdoprosperi.com\",\"Luiz Pr\u00f3speri\",\"@luiz_prosperi\",\"https:\\\/\\\/x.com\\\/Luizprosperi\",\"@prosperinacopa\",\"luiz.prosperi@icloud.com\"],\"url\":\"https:\\\/\\\/blogdoprosperi.com\\\/?author=102107496\"}]}<\/script>\n<!-- \/ Yoast SEO plugin. -->","yoast_head_json":{"title":"Palmeiras troca futebol bonito por cora\u00e7\u00e3o e mant\u00e9m hierarquia no Brasileir\u00e3o - PR\u00d3SPERI NEWS","robots":{"index":"index","follow":"follow","max-snippet":"max-snippet:-1","max-image-preview":"max-image-preview:large","max-video-preview":"max-video-preview:-1"},"canonical":"https:\/\/blogdoprosperi.com\/?p=31142","og_locale":"pt_BR","og_type":"article","og_title":"Palmeiras troca futebol bonito por cora\u00e7\u00e3o e mant\u00e9m hierarquia no Brasileir\u00e3o - PR\u00d3SPERI NEWS","og_description":"Palmeiras nadou contra correnteza diante de um Internacional aguerrido em busca da salva\u00e7\u00e3o. Desde a vit\u00f3ria do Santos [&hellip;]","og_url":"https:\/\/blogdoprosperi.com\/?p=31142","og_site_name":"PR\u00d3SPERI NEWS","article_publisher":"Luiz Pr\u00f3speri","article_author":"Luiz Pr\u00f3speri","article_published_time":"2016-11-06T21:48:51+00:00","article_modified_time":"2016-11-07T03:47:52+00:00","og_image":[{"url":"https:\/\/blogdoprosperi.com\/wp-content\/uploads\/2016\/11\/gol_palmeiras_corinthians_brasileirao.jpg","type":"","width":"","height":""}],"author":"Luiz Ant\u00f4nio Pr\u00f3speri","twitter_card":"summary_large_image","twitter_creator":"@Luizprosperi","twitter_site":"@Luizprosperi","twitter_misc":{"Escrito por":"Luiz Ant\u00f4nio Pr\u00f3speri","Est. tempo de leitura":"3 minutos"},"schema":{"@context":"https:\/\/schema.org","@graph":[{"@type":"Article","@id":"https:\/\/blogdoprosperi.com\/?p=31142#article","isPartOf":{"@id":"https:\/\/blogdoprosperi.com\/?p=31142"},"author":{"name":"Luiz Ant\u00f4nio Pr\u00f3speri","@id":"https:\/\/blogdoprosperi.com\/#\/schema\/person\/38100755ce3601861ee4fab9b5aa78e9"},"headline":"Palmeiras troca futebol bonito por cora\u00e7\u00e3o e mant\u00e9m hierarquia no Brasileir\u00e3o","datePublished":"2016-11-06T21:48:51+00:00","dateModified":"2016-11-07T03:47:52+00:00","mainEntityOfPage":{"@id":"https:\/\/blogdoprosperi.com\/?p=31142"},"wordCount":685,"commentCount":3,"publisher":{"@id":"https:\/\/blogdoprosperi.com\/#\/schema\/person\/38100755ce3601861ee4fab9b5aa78e9"},"image":{"@id":"https:\/\/blogdoprosperi.com\/?p=31142#primaryimage"},"thumbnailUrl":"https:\/\/blogdoprosperi.com\/wp-content\/uploads\/2016\/11\/gol_palmeiras_corinthians_brasileirao.jpg","keywords":["Campeonato Brasileiro","Cleiton Xavier","Cuca Palmeiras","futebol","Gabriel Jesus","Palmeiras","Palmeiras Clube","Palmeiras x Internacional"],"articleSection":["Campeonato Brasileiro","futebol"],"inLanguage":"pt-BR","potentialAction":[{"@type":"CommentAction","name":"Comment","target":["https:\/\/blogdoprosperi.com\/?p=31142#respond"]}]},{"@type":"WebPage","@id":"https:\/\/blogdoprosperi.com\/?p=31142","url":"https:\/\/blogdoprosperi.com\/?p=31142","name":"Palmeiras troca futebol bonito por cora\u00e7\u00e3o e mant\u00e9m hierarquia no Brasileir\u00e3o - PR\u00d3SPERI NEWS","isPartOf":{"@id":"https:\/\/blogdoprosperi.com\/#website"},"primaryImageOfPage":{"@id":"https:\/\/blogdoprosperi.com\/?p=31142#primaryimage"},"image":{"@id":"https:\/\/blogdoprosperi.com\/?p=31142#primaryimage"},"thumbnailUrl":"https:\/\/blogdoprosperi.com\/wp-content\/uploads\/2016\/11\/gol_palmeiras_corinthians_brasileirao.jpg","datePublished":"2016-11-06T21:48:51+00:00","dateModified":"2016-11-07T03:47:52+00:00","breadcrumb":{"@id":"https:\/\/blogdoprosperi.com\/?p=31142#breadcrumb"},"inLanguage":"pt-BR","potentialAction":[{"@type":"ReadAction","target":["https:\/\/blogdoprosperi.com\/?p=31142"]}]},{"@type":"ImageObject","inLanguage":"pt-BR","@id":"https:\/\/blogdoprosperi.com\/?p=31142#primaryimage","url":"https:\/\/i0.wp.com\/blogdoprosperi.com\/wp-content\/uploads\/2016\/11\/gol_palmeiras_corinthians_brasileirao.jpg?fit=600%2C338&ssl=1","contentUrl":"https:\/\/i0.wp.com\/blogdoprosperi.com\/wp-content\/uploads\/2016\/11\/gol_palmeiras_corinthians_brasileirao.jpg?fit=600%2C338&ssl=1","width":600,"height":338},{"@type":"BreadcrumbList","@id":"https:\/\/blogdoprosperi.com\/?p=31142#breadcrumb","itemListElement":[{"@type":"ListItem","position":1,"name":"In\u00edcio","item":"https:\/\/blogdoprosperi.com\/"},{"@type":"ListItem","position":2,"name":"Palmeiras troca futebol bonito por cora\u00e7\u00e3o e mant\u00e9m hierarquia no Brasileir\u00e3o"}]},{"@type":"WebSite","@id":"https:\/\/blogdoprosperi.com\/#website","url":"https:\/\/blogdoprosperi.com\/","name":"PR\u00d3SPERI NEWS","description":"TUDO \u00c9  FUTEBOL","publisher":{"@id":"https:\/\/blogdoprosperi.com\/#\/schema\/person\/38100755ce3601861ee4fab9b5aa78e9"},"alternateName":"blogdoprosperi.com","potentialAction":[{"@type":"SearchAction","target":{"@type":"EntryPoint","urlTemplate":"https:\/\/blogdoprosperi.com\/?s={search_term_string}"},"query-input":{"@type":"PropertyValueSpecification","valueRequired":true,"valueName":"search_term_string"}}],"inLanguage":"pt-BR"},{"@type":["Person","Organization"],"@id":"https:\/\/blogdoprosperi.com\/#\/schema\/person\/38100755ce3601861ee4fab9b5aa78e9","name":"Luiz Ant\u00f4nio Pr\u00f3speri","pronouns":"ele","image":{"@type":"ImageObject","inLanguage":"pt-BR","@id":"https:\/\/i0.wp.com\/blogdoprosperi.com\/wp-content\/uploads\/2026\/05\/cropped-8059e613-6002-42fa-961e-8e275f575d71-2-5.jpg?fit=1360%2C931&ssl=1","url":"https:\/\/i0.wp.com\/blogdoprosperi.com\/wp-content\/uploads\/2026\/05\/cropped-8059e613-6002-42fa-961e-8e275f575d71-2-5.jpg?fit=1360%2C931&ssl=1","contentUrl":"https:\/\/i0.wp.com\/blogdoprosperi.com\/wp-content\/uploads\/2026\/05\/cropped-8059e613-6002-42fa-961e-8e275f575d71-2-5.jpg?fit=1360%2C931&ssl=1","width":1360,"height":931,"caption":"Luiz Ant\u00f4nio Pr\u00f3speri"},"logo":{"@id":"https:\/\/i0.wp.com\/blogdoprosperi.com\/wp-content\/uploads\/2026\/05\/cropped-8059e613-6002-42fa-961e-8e275f575d71-2-5.jpg?fit=1360%2C931&ssl=1"},"description":"Jornalista com carreira dedicada ao esporte. Cobriu 9 Copas do Mundo in loco, 1990 na It\u00e1lia, 1994 nos EUA, 1998 na Fran\u00e7a, 2002 na Coreia do Sul e Jap\u00e3o, 2006 na Alemanha, 2010 na \u00c1frica do Sul, 2014 no Brasil, 2018 na R\u00fassia e 2022 no Qatar. Eurocopas, 1992 na Su\u00e9cia e 1996 na Inglaterra. Copa das Confedera\u00e7\u00f5es de 2005 na Alemanha e 2009 na \u00c1frica do Sul. Rep\u00f3rter e Editor, trabalhou no Jornal da Tarde e Estad\u00e3o, de 1984 a fevereiro de 2016. Colunista, blogueiro. E comentarista de futebol na R\u00e1dio Estad\u00e3o, de 2013 a fevereiro de 2016. Jornalista respons\u00e1vel do \"Pr\u00f3speri News\" (blogdoprosperi.com).","sameAs":["http:\/\/blogdoprosperi.com","Luiz Pr\u00f3speri","@luiz_prosperi","https:\/\/x.com\/Luizprosperi","@prosperinacopa","luiz.prosperi@icloud.com"],"url":"https:\/\/blogdoprosperi.com\/?author=102107496"}]}},"jetpack_publicize_connections":[],"jetpack_likes_enabled":false,"jetpack_sharing_enabled":true,"jetpack_shortlink":"https:\/\/wp.me\/p7jvdk-86i","jetpack-related-posts":[{"id":25288,"url":"https:\/\/blogdoprosperi.com\/?p=25288","url_meta":{"origin":31142,"position":0},"title":"\u00c1rbitro de Palmeiras x Flamengo n\u00e3o \u00e9 maior que Gabriel Jesus e Diego","author":"Luiz Ant\u00f4nio Pr\u00f3speri","date":"12 de setembro de 2016","format":false,"excerpt":"Quando antes de um jogo do quilate de Palmeiras x Flamengo, nesta quarta-feira, se fala muito no \u00e1rbitro eleito pela CBF para apitar a partida \u00e9 porque o futebol perdeu a raz\u00e3o. \u00c9 triste. Um campeonato com 38 rodadas, sempre sob o manto da desconfian\u00e7a, n\u00e3o tem \u00a0sentido. N\u00e3o \u00e9\u2026","rel":"","context":"Em &quot;Campeonato Brasileiro&quot;","block_context":{"text":"Campeonato Brasileiro","link":"https:\/\/blogdoprosperi.com\/?cat=355071"},"img":{"alt_text":"","src":"https:\/\/i0.wp.com\/blogdoprosperi.com\/wp-content\/uploads\/2016\/09\/gabriel-jesus-palmeiras-x-figueirense-3006_1q9xheoznipa1k9aaygnk5bdl.jpg?resize=350%2C200","width":350,"height":200,"srcset":"https:\/\/i0.wp.com\/blogdoprosperi.com\/wp-content\/uploads\/2016\/09\/gabriel-jesus-palmeiras-x-figueirense-3006_1q9xheoznipa1k9aaygnk5bdl.jpg?resize=350%2C200 1x, https:\/\/i0.wp.com\/blogdoprosperi.com\/wp-content\/uploads\/2016\/09\/gabriel-jesus-palmeiras-x-figueirense-3006_1q9xheoznipa1k9aaygnk5bdl.jpg?resize=525%2C300 1.5x"},"classes":[]},{"id":37243,"url":"https:\/\/blogdoprosperi.com\/?p=37243","url_meta":{"origin":31142,"position":1},"title":"Vit\u00f3rias em cima do Palmeiras elevam  Carille na conquista do Brasileir\u00e3o","author":"Luiz Ant\u00f4nio Pr\u00f3speri","date":"16 de novembro de 2017","format":false,"excerpt":"Fabio Carille, de aprendiz a campe\u00e3o brasileiro em apenas uma temporada, n\u00e3o esconde de ningu\u00e9m que as tr\u00eas vit\u00f3rias contra o Palmeiras foram fundamentais para se fortalecer no comando do time. E, por tabela, levantar a ta\u00e7a do Brasileir\u00e3o 2017. L\u00e1 no come\u00e7o do ano, quando ainda era uma inc\u00f3gnita,\u2026","rel":"","context":"Em &quot;Campeonato Brasileiro&quot;","block_context":{"text":"Campeonato Brasileiro","link":"https:\/\/blogdoprosperi.com\/?cat=355071"},"img":{"alt_text":"","src":"https:\/\/i0.wp.com\/blogdoprosperi.com\/wp-content\/uploads\/2017\/11\/pro9-51.jpg?fit=1200%2C800&ssl=1&resize=350%2C200","width":350,"height":200,"srcset":"https:\/\/i0.wp.com\/blogdoprosperi.com\/wp-content\/uploads\/2017\/11\/pro9-51.jpg?fit=1200%2C800&ssl=1&resize=350%2C200 1x, https:\/\/i0.wp.com\/blogdoprosperi.com\/wp-content\/uploads\/2017\/11\/pro9-51.jpg?fit=1200%2C800&ssl=1&resize=525%2C300 1.5x, https:\/\/i0.wp.com\/blogdoprosperi.com\/wp-content\/uploads\/2017\/11\/pro9-51.jpg?fit=1200%2C800&ssl=1&resize=700%2C400 2x, https:\/\/i0.wp.com\/blogdoprosperi.com\/wp-content\/uploads\/2017\/11\/pro9-51.jpg?fit=1200%2C800&ssl=1&resize=1050%2C600 3x"},"classes":[]},{"id":33314,"url":"https:\/\/blogdoprosperi.com\/?p=33314","url_meta":{"origin":31142,"position":2},"title":"Roger Machado, ex-t\u00e9cnico do Gr\u00eamio e sem curr\u00edculo, vira objeto do desejo no Atl\u00e9tico-MG, Fluminense e Palmeiras","author":"Luiz Ant\u00f4nio Pr\u00f3speri","date":"28 de novembro de 2016","format":false,"excerpt":"Roger Machado apareceu como t\u00e9cnico de time grande no ano passado, ao substituir Felip\u00e3o no Gr\u00eamio na primeira rodada do Brasileir\u00e3o de 2015. Fez um bom campeonato e levou o clube ga\u00facho \u00e0 Copa Libertadores. Na temporada de 2016, n\u00e3o foi campe\u00e3o estadual, vacilou na metade do campeonato nacional e\u2026","rel":"","context":"Em &quot;Campeonato Brasileiro&quot;","block_context":{"text":"Campeonato Brasileiro","link":"https:\/\/blogdoprosperi.com\/?cat=355071"},"img":{"alt_text":"","src":"https:\/\/i0.wp.com\/blogdoprosperi.com\/wp-content\/uploads\/2016\/11\/17424185.jpg?resize=350%2C200&ssl=1","width":350,"height":200,"srcset":"https:\/\/i0.wp.com\/blogdoprosperi.com\/wp-content\/uploads\/2016\/11\/17424185.jpg?resize=350%2C200&ssl=1 1x, https:\/\/i0.wp.com\/blogdoprosperi.com\/wp-content\/uploads\/2016\/11\/17424185.jpg?resize=525%2C300&ssl=1 1.5x"},"classes":[]},{"id":24138,"url":"https:\/\/blogdoprosperi.com\/?p=24138","url_meta":{"origin":31142,"position":3},"title":"Ricardo Gomes escala S\u00e3o Paulo com medo do Palmeiras no cl\u00e1ssico","author":"Luiz Ant\u00f4nio Pr\u00f3speri","date":"5 de setembro de 2016","format":false,"excerpt":"Ricardo Gomes ensaia o S\u00e3o Paulo com tr\u00eas volantes e uma zaga lenta no cl\u00e1ssico contra o Palmeiras nesta quarta-feira (07\/9) no Allianz Parque. A d\u00favida: o treinador do Tricolor vai jogar na retranca com medo do l\u00edder ou n\u00e3o tem outra op\u00e7\u00e3o diante dos desfalques? \u00c0 dist\u00e2ncia, parece que\u2026","rel":"","context":"Em &quot;Campeonato Brasileiro&quot;","block_context":{"text":"Campeonato Brasileiro","link":"https:\/\/blogdoprosperi.com\/?cat=355071"},"img":{"alt_text":"","src":"https:\/\/i0.wp.com\/blogdoprosperi.com\/wp-content\/uploads\/2016\/09\/apresentac3a7c3a3o-do-tc3a9cnico-ricardo-gomes-no-spfc-02.jpg?resize=350%2C200&ssl=1","width":350,"height":200,"srcset":"https:\/\/i0.wp.com\/blogdoprosperi.com\/wp-content\/uploads\/2016\/09\/apresentac3a7c3a3o-do-tc3a9cnico-ricardo-gomes-no-spfc-02.jpg?resize=350%2C200&ssl=1 1x, https:\/\/i0.wp.com\/blogdoprosperi.com\/wp-content\/uploads\/2016\/09\/apresentac3a7c3a3o-do-tc3a9cnico-ricardo-gomes-no-spfc-02.jpg?resize=525%2C300&ssl=1 1.5x, https:\/\/i0.wp.com\/blogdoprosperi.com\/wp-content\/uploads\/2016\/09\/apresentac3a7c3a3o-do-tc3a9cnico-ricardo-gomes-no-spfc-02.jpg?resize=700%2C400&ssl=1 2x"},"classes":[]},{"id":42292,"url":"https:\/\/blogdoprosperi.com\/?p=42292","url_meta":{"origin":31142,"position":4},"title":"CBF deve adiar Brasileir\u00e3o at\u00e9 Textor apresentar provas de manipula\u00e7\u00e3o","author":"Luiz Ant\u00f4nio Pr\u00f3speri","date":"2 de abril de 2024","format":false,"excerpt":"John Textor volta a denunciar manipula\u00e7\u00e3o de resultados a favor do Palmeiras no Brasileir\u00e3o 2023. Tiroteio do milion\u00e1rio americano dono do Botafogo mira cinco (5, isso mesmo) jogadores do S\u00e3o Paulo, apontados como suspeitos de facilitar a goleada (5 a 0) do Palmeiras no campeonato do ano passado. Textor n\u00e3o\u2026","rel":"","context":"Em &quot;futebol&quot;","block_context":{"text":"futebol","link":"https:\/\/blogdoprosperi.com\/?cat=53870"},"img":{"alt_text":"","src":"https:\/\/i0.wp.com\/blogdoprosperi.com\/wp-content\/uploads\/2024\/04\/20240401-221313_1729296_2871_2.jpg_554688468.webp?fit=1200%2C675&ssl=1&resize=350%2C200","width":350,"height":200,"srcset":"https:\/\/i0.wp.com\/blogdoprosperi.com\/wp-content\/uploads\/2024\/04\/20240401-221313_1729296_2871_2.jpg_554688468.webp?fit=1200%2C675&ssl=1&resize=350%2C200 1x, https:\/\/i0.wp.com\/blogdoprosperi.com\/wp-content\/uploads\/2024\/04\/20240401-221313_1729296_2871_2.jpg_554688468.webp?fit=1200%2C675&ssl=1&resize=525%2C300 1.5x, https:\/\/i0.wp.com\/blogdoprosperi.com\/wp-content\/uploads\/2024\/04\/20240401-221313_1729296_2871_2.jpg_554688468.webp?fit=1200%2C675&ssl=1&resize=700%2C400 2x, https:\/\/i0.wp.com\/blogdoprosperi.com\/wp-content\/uploads\/2024\/04\/20240401-221313_1729296_2871_2.jpg_554688468.webp?fit=1200%2C675&ssl=1&resize=1050%2C600 3x"},"classes":[]},{"id":16524,"url":"https:\/\/blogdoprosperi.com\/?p=16524","url_meta":{"origin":31142,"position":5},"title":"Palmeiras se fortalece em busca da ta\u00e7a do Brasileir\u00e3o","author":"Luiz Ant\u00f4nio Pr\u00f3speri","date":"17 de julho de 2016","format":false,"excerpt":"Palmeiras n\u00e3o respeita a estreia de Paulo Roberto Falc\u00e3o, derrota o Inter e pulveriza um jejum de 19 anos sem vencer no Beira-Rio. Mais que o simbolismo da vit\u00f3ria, manda um forte recado aos concorrentes de que embicou na trilha certa do t\u00edtulo a quatro rodadas do encerramento do primeiro\u2026","rel":"","context":"Em &quot;Campeonato Brasileiro&quot;","block_context":{"text":"Campeonato Brasileiro","link":"https:\/\/blogdoprosperi.com\/?cat=355071"},"img":{"alt_text":"","src":"https:\/\/i0.wp.com\/blogdoprosperi.com\/wp-content\/uploads\/2016\/07\/20154566.jpg?resize=350%2C200&ssl=1","width":350,"height":200,"srcset":"https:\/\/i0.wp.com\/blogdoprosperi.com\/wp-content\/uploads\/2016\/07\/20154566.jpg?resize=350%2C200&ssl=1 1x, https:\/\/i0.wp.com\/blogdoprosperi.com\/wp-content\/uploads\/2016\/07\/20154566.jpg?resize=525%2C300&ssl=1 1.5x"},"classes":[]}],"jetpack_featured_media_url":"","_links":{"self":[{"href":"https:\/\/blogdoprosperi.com\/index.php?rest_route=\/wp\/v2\/posts\/31142","targetHints":{"allow":["GET"]}}],"collection":[{"href":"https:\/\/blogdoprosperi.com\/index.php?rest_route=\/wp\/v2\/posts"}],"about":[{"href":"https:\/\/blogdoprosperi.com\/index.php?rest_route=\/wp\/v2\/types\/post"}],"author":[{"embeddable":true,"href":"https:\/\/blogdoprosperi.com\/index.php?rest_route=\/wp\/v2\/users\/102107496"}],"replies":[{"embeddable":true,"href":"https:\/\/blogdoprosperi.com\/index.php?rest_route=%2Fwp%2Fv2%2Fcomments&post=31142"}],"version-history":[{"count":25,"href":"https:\/\/blogdoprosperi.com\/index.php?rest_route=\/wp\/v2\/posts\/31142\/revisions"}],"predecessor-version":[{"id":31249,"href":"https:\/\/blogdoprosperi.com\/index.php?rest_route=\/wp\/v2\/posts\/31142\/revisions\/31249"}],"wp:attachment":[{"href":"https:\/\/blogdoprosperi.com\/index.php?rest_route=%2Fwp%2Fv2%2Fmedia&parent=31142"}],"wp:term":[{"taxonomy":"category","embeddable":true,"href":"https:\/\/blogdoprosperi.com\/index.php?rest_route=%2Fwp%2Fv2%2Fcategories&post=31142"},{"taxonomy":"post_tag","embeddable":true,"href":"https:\/\/blogdoprosperi.com\/index.php?rest_route=%2Fwp%2Fv2%2Ftags&post=31142"}],"curies":[{"name":"wp","href":"https:\/\/api.w.org\/{rel}","templated":true}]}}