{"id":31254,"date":"2016-11-07T21:33:16","date_gmt":"2016-11-07T23:33:16","guid":{"rendered":"http:\/\/blogdoprosperi.com\/?p=31254"},"modified":"2016-11-07T23:45:10","modified_gmt":"2016-11-08T01:45:10","slug":"entenda-as-diferencas-do-palmeiras-e-da-concorrencia-na-briga-pela-taca","status":"publish","type":"post","link":"https:\/\/blogdoprosperi.com\/?p=31254","title":{"rendered":"Entenda como Palmeiras supera concorr\u00eancia na briga pela ta\u00e7a"},"content":{"rendered":"<p><span class=\"alignnone\"><img data-recalc-dims=\"1\" loading=\"lazy\" decoding=\"async\" data-attachment-id=\"31345\" data-permalink=\"https:\/\/blogdoprosperi.com\/?attachment_id=31345\" data-orig-file=\"https:\/\/i0.wp.com\/blogdoprosperi.com\/wp-content\/uploads\/2016\/11\/26411418633_7a2551a277_o.jpg?fit=1000%2C633&amp;ssl=1\" data-orig-size=\"1000,633\" data-comments-opened=\"1\" data-image-meta=\"{&quot;aperture&quot;:&quot;3.2&quot;,&quot;credit&quot;:&quot;(5) Cesar Greco \/ Fotoarena&quot;,&quot;camera&quot;:&quot;Canon EOS-1D X&quot;,&quot;caption&quot;:&quot;S\\u00c3O PAULO, SP - 14.05.2016: PALMEIRAS X ATL\\u00c9TICO PR - O jogador R\\u00f3ger Guedes, da SE Palmeiras, comemora seu gol contra a equipe do C Atl\\u00e9tico Paranaense, durante partida v\\u00e1lida pela primeira rodada, do Campeonato Brasileiro, S\\u00e9rie A, na Arena Allianz Parque. (Foto: Cesar Greco \/ Fotoarena)&quot;,&quot;created_timestamp&quot;:&quot;1463242816&quot;,&quot;copyright&quot;:&quot;Cesar Greco&quot;,&quot;focal_length&quot;:&quot;400&quot;,&quot;iso&quot;:&quot;1000&quot;,&quot;shutter_speed&quot;:&quot;0.00125&quot;,&quot;title&quot;:&quot;&quot;,&quot;orientation&quot;:&quot;0&quot;}\" data-image-title=\"26411418633_7a2551a277_o\" data-image-description=\"\" data-image-caption=\"&lt;p&gt;S\u00c3O PAULO, SP &amp;#8211; 14.05.2016: PALMEIRAS X ATL\u00c9TICO PR &amp;#8211; O jogador R\u00f3ger Guedes, da SE Palmeiras, comemora seu gol contra a equipe do C Atl\u00e9tico Paranaense, durante partida v\u00e1lida pela primeira rodada, do Campeonato Brasileiro, S\u00e9rie A, na Arena Allianz Parque. (Foto: Cesar Greco \/ Fotoarena)&lt;\/p&gt;\n\" data-large-file=\"https:\/\/i0.wp.com\/blogdoprosperi.com\/wp-content\/uploads\/2016\/11\/26411418633_7a2551a277_o.jpg?fit=940%2C595&amp;ssl=1\" class=\"alignnone size-full wp-image-31345\" src=\"https:\/\/i0.wp.com\/blogdoprosperi.com\/wp-content\/uploads\/2016\/11\/26411418633_7a2551a277_o.jpg?resize=940%2C595&#038;ssl=1\" alt=\"26411418633_7a2551a277_o\" width=\"940\" height=\"595\" \/><\/span>Palmeiras est\u00e1 no centro da discuss\u00e3o nesta reta final do Brasileir\u00e3o. Alvo preferido da pol\u00eamica de que vai ser campe\u00e3o, apesar de n\u00e3o jogar um futebol empolgante, bonito de se ver. Ou n\u00e3o tem sido t\u00e3o brilhante como o Corinthians, dono inconteste da ta\u00e7a em 2015. Alguns colegas jornalistas t\u00eam desmentido essa &#8220;verdade&#8221; comparando n\u00fameros da <a href=\"http:\/\/blogdoprosperi.com\/2016\/11\/06\/palmeiras-troca-futebol-bonito-por-coracao-e-mantem-hierarquia-no-brasileirao\/\">campanha do Palmeiras de 2016 <\/a>com os mais recentes campe\u00f5es desde a implanta\u00e7\u00e3o dos pontos corridos o Brasileir\u00e3o em 2003. Este <strong>Blog do Pr\u00f3speri<\/strong>, n\u00e3o afeito \u00e0 numeralha, vai por outro caminho na tentativa de desmitificar a tese de que o time de Cuca s\u00f3 vai levantar a ta\u00e7a por ser estar um pouquinho acima da mediocridade geral de seus advers\u00e1rios.<!--more--><\/p>\n<p>Vamos analisar alguns aspectos que diferenciam o <a href=\"http:\/\/blogdoprosperi.com\/2016\/11\/06\/palmeiras-troca-futebol-bonito-por-coracao-e-mantem-hierarquia-no-brasileirao\/\">Palmeiras<\/a> dos seus concorrentes ao t\u00edtulo.<\/p>\n<p><strong>Vai ser campe\u00e3o por que tem mais dinheiro, investiu mais?<\/strong><\/p>\n<p>N\u00e3o \u00e9 verdade. O maior investimento do clube em contrata\u00e7\u00f5es nesta temporada foi no zagueiro Mina &#8211; US$ 5 milh\u00f5es. Outros contratados de mais relevancia foram Mois\u00e9s, Tch\u00ea Tch\u00ea e Roger Guedes, de custo baixo. A base vem de 2015.<\/p>\n<p><span class=\"alignnone\"><img data-recalc-dims=\"1\" loading=\"lazy\" decoding=\"async\" data-attachment-id=\"30959\" data-permalink=\"https:\/\/blogdoprosperi.com\/?attachment_id=30959\" data-orig-file=\"https:\/\/i0.wp.com\/blogdoprosperi.com\/wp-content\/uploads\/2016\/11\/20.jpg?fit=640%2C360&amp;ssl=1\" data-orig-size=\"640,360\" data-comments-opened=\"1\" data-image-meta=\"{&quot;aperture&quot;:&quot;0&quot;,&quot;credit&quot;:&quot;&quot;,&quot;camera&quot;:&quot;&quot;,&quot;caption&quot;:&quot;&quot;,&quot;created_timestamp&quot;:&quot;0&quot;,&quot;copyright&quot;:&quot;&quot;,&quot;focal_length&quot;:&quot;0&quot;,&quot;iso&quot;:&quot;0&quot;,&quot;shutter_speed&quot;:&quot;0&quot;,&quot;title&quot;:&quot;&quot;,&quot;orientation&quot;:&quot;0&quot;}\" data-image-title=\"20\" data-image-description=\"\" data-image-caption=\"\" data-large-file=\"https:\/\/i0.wp.com\/blogdoprosperi.com\/wp-content\/uploads\/2016\/11\/20.jpg?fit=640%2C360&amp;ssl=1\" class=\"alignnone size-full wp-image-30959\" src=\"https:\/\/i0.wp.com\/blogdoprosperi.com\/wp-content\/uploads\/2016\/11\/20.jpg?resize=640%2C360&#038;ssl=1\" alt=\"20\" width=\"640\" height=\"360\" \/><\/span>Enquanto isso, o Atl\u00e9tico-MG gastou alto com sal\u00e1rios de Fred e Robinho, adquiridos na metade da temporada, e mais boa grana com Otero, Casares e Clayton. O mesmo fez o Flamengo, com Diego Ribas e Leandro Dami\u00e3o. E j\u00e1 pagava alto por m\u00eas a Guerrero.<\/p>\n<p><strong>N\u00e3o sofreu desmanche na janela de transfer\u00eancia e por isso tem mais elenco?<\/strong><\/p>\n<p>Outro an\u00e1lise equivocada. Palmeiras vendeu apenas Gabriel Jesus, assim mesmo para entregar apenas depois do Brasileir\u00e3o, em dezembro. <a href=\"http:\/\/blogdoprosperi.com\/2016\/08\/28\/santos-perde-folego-no-brasileirao-na-despedida-de-gabigol\/\">Santos vendeu Gabigol<\/a>, tamb\u00e9m ap\u00f3s a Olimp\u00edada do Rio, mas errou ao entregar a mercadoria antes. Fez a mesma coisa com o jovem Geuv\u00e2nio em fevereiro.<\/p>\n<p><span class=\"alignnone\"><img data-recalc-dims=\"1\" loading=\"lazy\" decoding=\"async\" data-attachment-id=\"21628\" data-permalink=\"https:\/\/blogdoprosperi.com\/?attachment_id=21628\" data-orig-file=\"https:\/\/i0.wp.com\/blogdoprosperi.com\/wp-content\/uploads\/2016\/08\/gabrieljesus-afp.jpg?fit=640%2C360&amp;ssl=1\" data-orig-size=\"640,360\" data-comments-opened=\"1\" data-image-meta=\"{&quot;aperture&quot;:&quot;0&quot;,&quot;credit&quot;:&quot;&quot;,&quot;camera&quot;:&quot;&quot;,&quot;caption&quot;:&quot;&quot;,&quot;created_timestamp&quot;:&quot;0&quot;,&quot;copyright&quot;:&quot;&quot;,&quot;focal_length&quot;:&quot;0&quot;,&quot;iso&quot;:&quot;0&quot;,&quot;shutter_speed&quot;:&quot;0&quot;,&quot;title&quot;:&quot;&quot;,&quot;orientation&quot;:&quot;0&quot;}\" data-image-title=\"gabrieljesus-afp\" data-image-description=\"\" data-image-caption=\"\" data-large-file=\"https:\/\/i0.wp.com\/blogdoprosperi.com\/wp-content\/uploads\/2016\/08\/gabrieljesus-afp.jpg?fit=640%2C360&amp;ssl=1\" class=\"alignnone size-full wp-image-21628\" src=\"https:\/\/i0.wp.com\/blogdoprosperi.com\/wp-content\/uploads\/2016\/08\/gabrieljesus-afp.jpg?resize=640%2C360&#038;ssl=1\" alt=\"gabrieljesus-afp\" width=\"640\" height=\"360\" \/><\/span>Gr\u00eamio, at\u00e9 ent\u00e3o concorrente ao t\u00edtulo, n\u00e3o vendeu sua joia, o garoto Luan, mas despachou Giuliano ao futebol russo &#8211; Giuliano tem sido convocado por Tite. E o Atl\u00e9tico-MG n\u00e3o quis vender Lucas Prato ao futebol da China.<\/p>\n<p>Por erro de gest\u00e3o, <a href=\"http:\/\/blogdoprosperi.com\/2016\/10\/20\/corinthians-sai-da-copa-do-brasil-uma-resposta-de-mano-menezes-ao-presidente-roberto-andrade\/\">Corinthians se desfez do time campe\u00e3o de 2015 <\/a>no in\u00edcio e meio da temporada com as vendas de Renato Augusto, Jadson, Ralf, Felipe, Gil, Vagner Love e Elias. Vendeu caro, gastou em refor\u00e7os caros tamb\u00e9m e n\u00e3o montou um time decente.<\/p>\n<p><strong>N\u00e3o perdeu jogadores para Sele\u00e7\u00e3o Brasileira e estrangeiras, e se manteve forte contra os concorrentes?<\/strong><\/p>\n<p>Cedeu Fernando Prass e Gabriel Jesus por 20 dias \u00e0 Sele\u00e7\u00e3o Ol\u00edmpica &#8211; perdeu Prass, machucado, para o resto da temporada. <a href=\"http:\/\/blogdoprosperi.com\/2016\/09\/01\/tite-estreia-com-vitoria-na-selecao-e-lanca-ao-mundo-um-novo-fenomeno-do-futebol-brasileiro-gabriel-jesus\/\">E viu Jesus virar titular com Tite na Sele\u00e7\u00e3o<\/a>. Barrios algumas vezes foi chamado a defender a sele\u00e7\u00e3o paraguaia. O mais prejudicado neste item foi Santos, ao entregar Zeca, Thiago Maia e Gabigol ao time da Olimp\u00edada e, um pouco antes, Lucas Lima e Gabigol a <a href=\"http:\/\/blogdoprosperi.com\/2016\/10\/06\/dunga-assina-com-beijing-guoan-da-china-e-vai-levar-diego-tardelli\/\">Dunga <\/a>na Copa Am\u00e9rica Centen\u00e1rio. Flamengo e Atl\u00e9tico-MG n\u00e3o perderam jogadores para a Sele\u00e7\u00e3o.<\/p>\n<p><strong>N\u00e3o ter trocado o t\u00e9cnico ao ser eliminado na Libertadores ajudou?<\/strong><\/p>\n<p><span class=\"alignnone\"><img data-recalc-dims=\"1\" loading=\"lazy\" decoding=\"async\" data-attachment-id=\"11570\" data-permalink=\"https:\/\/blogdoprosperi.com\/?attachment_id=11570\" data-orig-file=\"https:\/\/i0.wp.com\/blogdoprosperi.com\/wp-content\/uploads\/2016\/06\/cuca-298x186.jpg?fit=298%2C186&amp;ssl=1\" data-orig-size=\"298,186\" data-comments-opened=\"1\" data-image-meta=\"{&quot;aperture&quot;:&quot;0&quot;,&quot;credit&quot;:&quot;&quot;,&quot;camera&quot;:&quot;&quot;,&quot;caption&quot;:&quot;&quot;,&quot;created_timestamp&quot;:&quot;0&quot;,&quot;copyright&quot;:&quot;&quot;,&quot;focal_length&quot;:&quot;0&quot;,&quot;iso&quot;:&quot;0&quot;,&quot;shutter_speed&quot;:&quot;0&quot;,&quot;title&quot;:&quot;&quot;,&quot;orientation&quot;:&quot;0&quot;}\" data-image-title=\"cuca-298&amp;#215;186\" data-image-description=\"\" data-image-caption=\"\" data-large-file=\"https:\/\/i0.wp.com\/blogdoprosperi.com\/wp-content\/uploads\/2016\/06\/cuca-298x186.jpg?fit=298%2C186&amp;ssl=1\" class=\"alignnone size-full wp-image-11570 alignleft\" src=\"https:\/\/i0.wp.com\/blogdoprosperi.com\/wp-content\/uploads\/2016\/06\/cuca-298x186.jpg?resize=298%2C186&#038;ssl=1\" alt=\"cuca-298x186\" width=\"298\" height=\"186\" \/><\/span>Em tese sim. Cuca, mesmo com resultados ruins na primeira fase do Paulist\u00e3o e na de grupos da Libertadores, foi mantido. Atl\u00e9tico-MG trocou Diego Aguirre por Marcelo Oliveira. Santos sustentou Dorival J\u00fanior. <a href=\"http:\/\/blogdoprosperi.com\/2016\/11\/05\/flamengo-perde-aroma-entra-no-labirinto-e-facilita-a-vida-do-palmeiras\/\">Flamengo, ao perder Muricy Ramalho por problemas de sa\u00fade no in\u00edcio do ano, efetivou Z\u00e9 Ricardo.<\/a> Gr\u00eamio e Corinthians trocaram de treinadores.<\/p>\n<p><strong>Vai ser campe\u00e3o por ter adotado o futebol de resultados, pragm\u00e1tico?<\/strong><\/p>\n<p>N\u00e3o \u00e9 bem assim. Jogou bem e com beleza no primeiro turno. Foi cascudo quando teve de ser, como nas partidas contra Internacional no domingo e Sport, por exemplo. Inteligente contra <a href=\"http:\/\/blogdoprosperi.com\/2016\/11\/02\/itaquerao-nao-corre-risco-de-cair-diz-empreiteira-odebrecht\/\">Corinthians no Itaquer\u00e3o<\/a>. Amoleceu ao enfrentar Atl\u00e9tico-MG e Flamengo no Allianz. E se mostrou impiedoso diante dos times da parte de baixo da tabela. Muito bem em casa e eficiente fora.<\/p>\n<p>N\u00e3o viveu apenas de uma <a href=\"http:\/\/blogdoprosperi.com\/2016\/11\/05\/sao-paulo-pulveriza-corinthians-caca-fantasmas-do-rebaixamento-e-afunda-rival-na-crise\/\">partida perfeita, em 34 rodadas, como, por exemplo, o S\u00e3o Paulo fez contra o Corinthians <\/a>ou o pr\u00f3prio Corinthians diante do Flamengo.<\/p>\n<p><span class=\"alignnone\"><img data-recalc-dims=\"1\" loading=\"lazy\" decoding=\"async\" data-attachment-id=\"28999\" data-permalink=\"https:\/\/blogdoprosperi.com\/?attachment_id=28999\" data-orig-file=\"https:\/\/i0.wp.com\/blogdoprosperi.com\/wp-content\/uploads\/2016\/10\/figueiraantoniocarlosmafaldamafaldapressgp.jpg?fit=460%2C306&amp;ssl=1\" data-orig-size=\"460,306\" data-comments-opened=\"1\" data-image-meta=\"{&quot;aperture&quot;:&quot;3.2&quot;,&quot;credit&quot;:&quot;Antonio C Mafalda&quot;,&quot;camera&quot;:&quot;NIKON D4S&quot;,&quot;caption&quot;:&quot;Florian\\u00f3polis\/SC - Gol do Palmeiras, Jean. Figueirense enfrenta o Palmeiras neste domingo no Est\\u00e1dio Orlando Scarpelli. Fotos: Antonio Carlos Mafalda\/Mafalda Press&quot;,&quot;created_timestamp&quot;:&quot;1476638868&quot;,&quot;copyright&quot;:&quot;MAFALDA PRESS&quot;,&quot;focal_length&quot;:&quot;300&quot;,&quot;iso&quot;:&quot;1000&quot;,&quot;shutter_speed&quot;:&quot;0.001&quot;,&quot;title&quot;:&quot;&quot;,&quot;orientation&quot;:&quot;1&quot;}\" data-image-title=\"figueiraantoniocarlosmafaldamafaldapressgp\" data-image-description=\"\" data-image-caption=\"&lt;p&gt;Florian\u00f3polis\/SC &amp;#8211; Gol do Palmeiras, Jean. Figueirense enfrenta o Palmeiras neste domingo no Est\u00e1dio Orlando Scarpelli. Fotos: Antonio Carlos Mafalda\/Mafalda Press&lt;\/p&gt;\n\" data-large-file=\"https:\/\/i0.wp.com\/blogdoprosperi.com\/wp-content\/uploads\/2016\/10\/figueiraantoniocarlosmafaldamafaldapressgp.jpg?fit=460%2C306&amp;ssl=1\" class=\"alignnone size-full wp-image-28999 alignright\" src=\"https:\/\/i0.wp.com\/blogdoprosperi.com\/wp-content\/uploads\/2016\/10\/figueiraantoniocarlosmafaldamafaldapressgp.jpg?resize=460%2C306&#038;ssl=1\" alt=\"figueiraantoniocarlosmafaldamafaldapressgp\" width=\"460\" height=\"306\" \/><\/span>Caiu eliminado na primeira fase da Libertadores. Flamengo, Atl\u00e9tico-MG, Gr\u00eamio e Corinthians sa\u00edram fora um pouco depois e o S\u00e3o Paulo parou nas semifinais. Na Copa do Brasil, n\u00e3o foi al\u00e9m \u00a0das quartas de final, como <a href=\"http:\/\/blogdoprosperi.com\/2016\/11\/06\/santos-se-reinventa-com-dorival-junior-vira-em-cima-da-ponte-e-se-candidata-ao-titulo-do-brasileirao\/\">Santos,<\/a> Corinthians e S\u00e3o Paulo.<\/p>\n<p style=\"text-align:left;\">Dessa forma, n\u00e3o se desagastou em duas competi\u00e7\u00f5es duras assim como n\u00e3o se desgastaram seus concorrentes no Brasileir\u00e3o.<\/p>\n<p>Quanto aos n\u00fameros, caro leitor, fa\u00e7a voc\u00ea mesmo as contas. \u00c9 s\u00f3 debru\u00e7ar na tabela do <a href=\"http:\/\/blogdoprosperi.com\/2016\/10\/15\/tv-globo-se-quiser-pode-amenizar-crise-na-arbitragem-do-brasileirao\/\">Campeonato Brasileiro<\/a> e comparar.<\/p>\n","protected":false},"excerpt":{"rendered":"<p>Palmeiras est\u00e1 no centro da discuss\u00e3o nesta reta final do Brasileir\u00e3o. Alvo preferido da pol\u00eamica de que vai [&hellip;]<\/p>\n","protected":false},"author":102107496,"featured_media":0,"comment_status":"open","ping_status":"open","sticky":false,"template":"","format":"standard","meta":{"_coblocks_attr":"","_coblocks_dimensions":"","_coblocks_responsive_height":"","_coblocks_accordion_ie_support":"","wpai_generated_summary":"","_jetpack_newsletter_access":"","_jetpack_dont_email_post_to_subs":false,"_jetpack_newsletter_tier_id":0,"_jetpack_memberships_contains_paywalled_content":false,"_wpcom_ai_launchpad_first_post":false,"_jetpack_feature_clip_id":0,"_jetpack_memberships_contains_paid_content":false,"footnotes":"","jetpack_publicize_message":"","jetpack_publicize_feature_enabled":true,"jetpack_social_post_already_shared":false,"jetpack_social_options":{"image_generator_settings":{"template":"highway","default_image_id":0,"font":"","enabled":false},"version":2},"jetpack_post_was_ever_published":false},"categories":[355071,53870],"tags":[366291,362595295,371205735,377350705,177066,3020742,789560560,232826435,8328841,2588859],"class_list":["post-31254","post","type-post","status-publish","format-standard","hentry","category-campeonato-brasileiro","category-futebol","tag-atletico-mg","tag-brasileirao-2016","tag-copa-do-brasil-2016","tag-copa-libertadores-2016","tag-corinthians","tag-cr-flamengo","tag-futebol","tag-gabriel-jesus","tag-palmeiras-clube","tag-santos-fc"],"yoast_head":"<!-- This site is optimized with the Yoast SEO plugin v28.4 - https:\/\/yoast.com\/product\/yoast-seo-wordpress\/ -->\n<title>Entenda como Palmeiras supera concorr\u00eancia na briga pela ta\u00e7a - PR\u00d3SPERI NEWS<\/title>\n<meta name=\"robots\" content=\"index, follow, max-snippet:-1, max-image-preview:large, max-video-preview:-1\" \/>\n<link rel=\"canonical\" href=\"https:\/\/blogdoprosperi.com\/?p=31254\" \/>\n<meta property=\"og:locale\" content=\"pt_BR\" \/>\n<meta property=\"og:type\" content=\"article\" \/>\n<meta property=\"og:title\" content=\"Entenda como Palmeiras supera concorr\u00eancia na briga pela ta\u00e7a - PR\u00d3SPERI NEWS\" \/>\n<meta property=\"og:description\" content=\"Palmeiras est\u00e1 no centro da discuss\u00e3o nesta reta final do Brasileir\u00e3o. Alvo preferido da pol\u00eamica de que vai [&hellip;]\" \/>\n<meta property=\"og:url\" content=\"https:\/\/blogdoprosperi.com\/?p=31254\" \/>\n<meta property=\"og:site_name\" content=\"PR\u00d3SPERI NEWS\" \/>\n<meta property=\"article:publisher\" content=\"Luiz Pr\u00f3speri\" \/>\n<meta property=\"article:author\" content=\"Luiz Pr\u00f3speri\" \/>\n<meta property=\"article:published_time\" content=\"2016-11-07T23:33:16+00:00\" \/>\n<meta property=\"article:modified_time\" content=\"2016-11-08T01:45:10+00:00\" \/>\n<meta property=\"og:image\" content=\"https:\/\/blogdoprosperi.com\/wp-content\/uploads\/2016\/11\/26411418633_7a2551a277_o.jpg\" \/>\n<meta name=\"author\" content=\"Luiz Ant\u00f4nio Pr\u00f3speri\" \/>\n<meta name=\"twitter:card\" content=\"summary_large_image\" \/>\n<meta name=\"twitter:creator\" content=\"@Luizprosperi\" \/>\n<meta name=\"twitter:site\" content=\"@Luizprosperi\" \/>\n<meta name=\"twitter:label1\" content=\"Escrito por\" \/>\n\t<meta name=\"twitter:data1\" content=\"Luiz Ant\u00f4nio Pr\u00f3speri\" \/>\n\t<meta name=\"twitter:label2\" content=\"Est. tempo de leitura\" \/>\n\t<meta name=\"twitter:data2\" content=\"4 minutos\" \/>\n<script type=\"application\/ld+json\" class=\"yoast-schema-graph\">{\"@context\":\"https:\\\/\\\/schema.org\",\"@graph\":[{\"@type\":\"Article\",\"@id\":\"https:\\\/\\\/blogdoprosperi.com\\\/?p=31254#article\",\"isPartOf\":{\"@id\":\"https:\\\/\\\/blogdoprosperi.com\\\/?p=31254\"},\"author\":{\"name\":\"Luiz Ant\u00f4nio Pr\u00f3speri\",\"@id\":\"https:\\\/\\\/blogdoprosperi.com\\\/#\\\/schema\\\/person\\\/38100755ce3601861ee4fab9b5aa78e9\"},\"headline\":\"Entenda como Palmeiras supera concorr\u00eancia na briga pela ta\u00e7a\",\"datePublished\":\"2016-11-07T23:33:16+00:00\",\"dateModified\":\"2016-11-08T01:45:10+00:00\",\"mainEntityOfPage\":{\"@id\":\"https:\\\/\\\/blogdoprosperi.com\\\/?p=31254\"},\"wordCount\":792,\"commentCount\":3,\"publisher\":{\"@id\":\"https:\\\/\\\/blogdoprosperi.com\\\/#\\\/schema\\\/person\\\/38100755ce3601861ee4fab9b5aa78e9\"},\"image\":{\"@id\":\"https:\\\/\\\/blogdoprosperi.com\\\/?p=31254#primaryimage\"},\"thumbnailUrl\":\"https:\\\/\\\/blogdoprosperi.com\\\/wp-content\\\/uploads\\\/2016\\\/11\\\/26411418633_7a2551a277_o.jpg\",\"keywords\":[\"Atl\u00e9tico-MG\",\"Brasileir\u00e3o-2016\",\"Copa do Brasil 2016\",\"Copa Libertadores 2016\",\"Corinthians\",\"CR Flamengo\",\"futebol\",\"Gabriel Jesus\",\"Palmeiras Clube\",\"Santos FC\"],\"articleSection\":[\"Campeonato Brasileiro\",\"futebol\"],\"inLanguage\":\"pt-BR\",\"potentialAction\":[{\"@type\":\"CommentAction\",\"name\":\"Comment\",\"target\":[\"https:\\\/\\\/blogdoprosperi.com\\\/?p=31254#respond\"]}]},{\"@type\":\"WebPage\",\"@id\":\"https:\\\/\\\/blogdoprosperi.com\\\/?p=31254\",\"url\":\"https:\\\/\\\/blogdoprosperi.com\\\/?p=31254\",\"name\":\"Entenda como Palmeiras supera concorr\u00eancia na briga pela ta\u00e7a - PR\u00d3SPERI NEWS\",\"isPartOf\":{\"@id\":\"https:\\\/\\\/blogdoprosperi.com\\\/#website\"},\"primaryImageOfPage\":{\"@id\":\"https:\\\/\\\/blogdoprosperi.com\\\/?p=31254#primaryimage\"},\"image\":{\"@id\":\"https:\\\/\\\/blogdoprosperi.com\\\/?p=31254#primaryimage\"},\"thumbnailUrl\":\"https:\\\/\\\/blogdoprosperi.com\\\/wp-content\\\/uploads\\\/2016\\\/11\\\/26411418633_7a2551a277_o.jpg\",\"datePublished\":\"2016-11-07T23:33:16+00:00\",\"dateModified\":\"2016-11-08T01:45:10+00:00\",\"breadcrumb\":{\"@id\":\"https:\\\/\\\/blogdoprosperi.com\\\/?p=31254#breadcrumb\"},\"inLanguage\":\"pt-BR\",\"potentialAction\":[{\"@type\":\"ReadAction\",\"target\":[\"https:\\\/\\\/blogdoprosperi.com\\\/?p=31254\"]}]},{\"@type\":\"ImageObject\",\"inLanguage\":\"pt-BR\",\"@id\":\"https:\\\/\\\/blogdoprosperi.com\\\/?p=31254#primaryimage\",\"url\":\"https:\\\/\\\/i0.wp.com\\\/blogdoprosperi.com\\\/wp-content\\\/uploads\\\/2016\\\/11\\\/26411418633_7a2551a277_o.jpg?fit=1000%2C633&ssl=1\",\"contentUrl\":\"https:\\\/\\\/i0.wp.com\\\/blogdoprosperi.com\\\/wp-content\\\/uploads\\\/2016\\\/11\\\/26411418633_7a2551a277_o.jpg?fit=1000%2C633&ssl=1\",\"width\":1000,\"height\":633,\"caption\":\"S\u00c3O PAULO, SP - 14.05.2016: PALMEIRAS X ATL\u00c9TICO PR - O jogador R\u00f3ger Guedes, da SE Palmeiras, comemora seu gol contra a equipe do C Atl\u00e9tico Paranaense, durante partida v\u00e1lida pela primeira rodada, do Campeonato Brasileiro, S\u00e9rie A, na Arena Allianz Parque. (Foto: Cesar Greco \\\/ Fotoarena)\"},{\"@type\":\"BreadcrumbList\",\"@id\":\"https:\\\/\\\/blogdoprosperi.com\\\/?p=31254#breadcrumb\",\"itemListElement\":[{\"@type\":\"ListItem\",\"position\":1,\"name\":\"In\u00edcio\",\"item\":\"https:\\\/\\\/blogdoprosperi.com\\\/\"},{\"@type\":\"ListItem\",\"position\":2,\"name\":\"Entenda como Palmeiras supera concorr\u00eancia na briga pela ta\u00e7a\"}]},{\"@type\":\"WebSite\",\"@id\":\"https:\\\/\\\/blogdoprosperi.com\\\/#website\",\"url\":\"https:\\\/\\\/blogdoprosperi.com\\\/\",\"name\":\"PR\u00d3SPERI NEWS\",\"description\":\"TUDO \u00c9  FUTEBOL\",\"publisher\":{\"@id\":\"https:\\\/\\\/blogdoprosperi.com\\\/#\\\/schema\\\/person\\\/38100755ce3601861ee4fab9b5aa78e9\"},\"alternateName\":\"blogdoprosperi.com\",\"potentialAction\":[{\"@type\":\"SearchAction\",\"target\":{\"@type\":\"EntryPoint\",\"urlTemplate\":\"https:\\\/\\\/blogdoprosperi.com\\\/?s={search_term_string}\"},\"query-input\":{\"@type\":\"PropertyValueSpecification\",\"valueRequired\":true,\"valueName\":\"search_term_string\"}}],\"inLanguage\":\"pt-BR\"},{\"@type\":[\"Person\",\"Organization\"],\"@id\":\"https:\\\/\\\/blogdoprosperi.com\\\/#\\\/schema\\\/person\\\/38100755ce3601861ee4fab9b5aa78e9\",\"name\":\"Luiz Ant\u00f4nio Pr\u00f3speri\",\"pronouns\":\"ele\",\"image\":{\"@type\":\"ImageObject\",\"inLanguage\":\"pt-BR\",\"@id\":\"https:\\\/\\\/i0.wp.com\\\/blogdoprosperi.com\\\/wp-content\\\/uploads\\\/2026\\\/05\\\/cropped-8059e613-6002-42fa-961e-8e275f575d71-2-5.jpg?fit=1360%2C931&ssl=1\",\"url\":\"https:\\\/\\\/i0.wp.com\\\/blogdoprosperi.com\\\/wp-content\\\/uploads\\\/2026\\\/05\\\/cropped-8059e613-6002-42fa-961e-8e275f575d71-2-5.jpg?fit=1360%2C931&ssl=1\",\"contentUrl\":\"https:\\\/\\\/i0.wp.com\\\/blogdoprosperi.com\\\/wp-content\\\/uploads\\\/2026\\\/05\\\/cropped-8059e613-6002-42fa-961e-8e275f575d71-2-5.jpg?fit=1360%2C931&ssl=1\",\"width\":1360,\"height\":931,\"caption\":\"Luiz Ant\u00f4nio Pr\u00f3speri\"},\"logo\":{\"@id\":\"https:\\\/\\\/i0.wp.com\\\/blogdoprosperi.com\\\/wp-content\\\/uploads\\\/2026\\\/05\\\/cropped-8059e613-6002-42fa-961e-8e275f575d71-2-5.jpg?fit=1360%2C931&ssl=1\"},\"description\":\"Jornalista com carreira dedicada ao esporte. Cobriu 9 Copas do Mundo in loco, 1990 na It\u00e1lia, 1994 nos EUA, 1998 na Fran\u00e7a, 2002 na Coreia do Sul e Jap\u00e3o, 2006 na Alemanha, 2010 na \u00c1frica do Sul, 2014 no Brasil, 2018 na R\u00fassia e 2022 no Qatar. Eurocopas, 1992 na Su\u00e9cia e 1996 na Inglaterra. Copa das Confedera\u00e7\u00f5es de 2005 na Alemanha e 2009 na \u00c1frica do Sul. Rep\u00f3rter e Editor, trabalhou no Jornal da Tarde e Estad\u00e3o, de 1984 a fevereiro de 2016. Colunista, blogueiro. E comentarista de futebol na R\u00e1dio Estad\u00e3o, de 2013 a fevereiro de 2016. Jornalista respons\u00e1vel do \\\"Pr\u00f3speri News\\\" (blogdoprosperi.com).\",\"sameAs\":[\"http:\\\/\\\/blogdoprosperi.com\",\"Luiz Pr\u00f3speri\",\"@luiz_prosperi\",\"https:\\\/\\\/x.com\\\/Luizprosperi\",\"@prosperinacopa\",\"luiz.prosperi@icloud.com\"],\"url\":\"https:\\\/\\\/blogdoprosperi.com\\\/?author=102107496\"}]}<\/script>\n<!-- \/ Yoast SEO plugin. -->","yoast_head_json":{"title":"Entenda como Palmeiras supera concorr\u00eancia na briga pela ta\u00e7a - PR\u00d3SPERI NEWS","robots":{"index":"index","follow":"follow","max-snippet":"max-snippet:-1","max-image-preview":"max-image-preview:large","max-video-preview":"max-video-preview:-1"},"canonical":"https:\/\/blogdoprosperi.com\/?p=31254","og_locale":"pt_BR","og_type":"article","og_title":"Entenda como Palmeiras supera concorr\u00eancia na briga pela ta\u00e7a - PR\u00d3SPERI NEWS","og_description":"Palmeiras est\u00e1 no centro da discuss\u00e3o nesta reta final do Brasileir\u00e3o. Alvo preferido da pol\u00eamica de que vai [&hellip;]","og_url":"https:\/\/blogdoprosperi.com\/?p=31254","og_site_name":"PR\u00d3SPERI NEWS","article_publisher":"Luiz Pr\u00f3speri","article_author":"Luiz Pr\u00f3speri","article_published_time":"2016-11-07T23:33:16+00:00","article_modified_time":"2016-11-08T01:45:10+00:00","og_image":[{"url":"https:\/\/blogdoprosperi.com\/wp-content\/uploads\/2016\/11\/26411418633_7a2551a277_o.jpg","type":"","width":"","height":""}],"author":"Luiz Ant\u00f4nio Pr\u00f3speri","twitter_card":"summary_large_image","twitter_creator":"@Luizprosperi","twitter_site":"@Luizprosperi","twitter_misc":{"Escrito por":"Luiz Ant\u00f4nio Pr\u00f3speri","Est. tempo de leitura":"4 minutos"},"schema":{"@context":"https:\/\/schema.org","@graph":[{"@type":"Article","@id":"https:\/\/blogdoprosperi.com\/?p=31254#article","isPartOf":{"@id":"https:\/\/blogdoprosperi.com\/?p=31254"},"author":{"name":"Luiz Ant\u00f4nio Pr\u00f3speri","@id":"https:\/\/blogdoprosperi.com\/#\/schema\/person\/38100755ce3601861ee4fab9b5aa78e9"},"headline":"Entenda como Palmeiras supera concorr\u00eancia na briga pela ta\u00e7a","datePublished":"2016-11-07T23:33:16+00:00","dateModified":"2016-11-08T01:45:10+00:00","mainEntityOfPage":{"@id":"https:\/\/blogdoprosperi.com\/?p=31254"},"wordCount":792,"commentCount":3,"publisher":{"@id":"https:\/\/blogdoprosperi.com\/#\/schema\/person\/38100755ce3601861ee4fab9b5aa78e9"},"image":{"@id":"https:\/\/blogdoprosperi.com\/?p=31254#primaryimage"},"thumbnailUrl":"https:\/\/blogdoprosperi.com\/wp-content\/uploads\/2016\/11\/26411418633_7a2551a277_o.jpg","keywords":["Atl\u00e9tico-MG","Brasileir\u00e3o-2016","Copa do Brasil 2016","Copa Libertadores 2016","Corinthians","CR Flamengo","futebol","Gabriel Jesus","Palmeiras Clube","Santos FC"],"articleSection":["Campeonato Brasileiro","futebol"],"inLanguage":"pt-BR","potentialAction":[{"@type":"CommentAction","name":"Comment","target":["https:\/\/blogdoprosperi.com\/?p=31254#respond"]}]},{"@type":"WebPage","@id":"https:\/\/blogdoprosperi.com\/?p=31254","url":"https:\/\/blogdoprosperi.com\/?p=31254","name":"Entenda como Palmeiras supera concorr\u00eancia na briga pela ta\u00e7a - PR\u00d3SPERI NEWS","isPartOf":{"@id":"https:\/\/blogdoprosperi.com\/#website"},"primaryImageOfPage":{"@id":"https:\/\/blogdoprosperi.com\/?p=31254#primaryimage"},"image":{"@id":"https:\/\/blogdoprosperi.com\/?p=31254#primaryimage"},"thumbnailUrl":"https:\/\/blogdoprosperi.com\/wp-content\/uploads\/2016\/11\/26411418633_7a2551a277_o.jpg","datePublished":"2016-11-07T23:33:16+00:00","dateModified":"2016-11-08T01:45:10+00:00","breadcrumb":{"@id":"https:\/\/blogdoprosperi.com\/?p=31254#breadcrumb"},"inLanguage":"pt-BR","potentialAction":[{"@type":"ReadAction","target":["https:\/\/blogdoprosperi.com\/?p=31254"]}]},{"@type":"ImageObject","inLanguage":"pt-BR","@id":"https:\/\/blogdoprosperi.com\/?p=31254#primaryimage","url":"https:\/\/i0.wp.com\/blogdoprosperi.com\/wp-content\/uploads\/2016\/11\/26411418633_7a2551a277_o.jpg?fit=1000%2C633&ssl=1","contentUrl":"https:\/\/i0.wp.com\/blogdoprosperi.com\/wp-content\/uploads\/2016\/11\/26411418633_7a2551a277_o.jpg?fit=1000%2C633&ssl=1","width":1000,"height":633,"caption":"S\u00c3O PAULO, SP - 14.05.2016: PALMEIRAS X ATL\u00c9TICO PR - O jogador R\u00f3ger Guedes, da SE Palmeiras, comemora seu gol contra a equipe do C Atl\u00e9tico Paranaense, durante partida v\u00e1lida pela primeira rodada, do Campeonato Brasileiro, S\u00e9rie A, na Arena Allianz Parque. (Foto: Cesar Greco \/ Fotoarena)"},{"@type":"BreadcrumbList","@id":"https:\/\/blogdoprosperi.com\/?p=31254#breadcrumb","itemListElement":[{"@type":"ListItem","position":1,"name":"In\u00edcio","item":"https:\/\/blogdoprosperi.com\/"},{"@type":"ListItem","position":2,"name":"Entenda como Palmeiras supera concorr\u00eancia na briga pela ta\u00e7a"}]},{"@type":"WebSite","@id":"https:\/\/blogdoprosperi.com\/#website","url":"https:\/\/blogdoprosperi.com\/","name":"PR\u00d3SPERI NEWS","description":"TUDO \u00c9  FUTEBOL","publisher":{"@id":"https:\/\/blogdoprosperi.com\/#\/schema\/person\/38100755ce3601861ee4fab9b5aa78e9"},"alternateName":"blogdoprosperi.com","potentialAction":[{"@type":"SearchAction","target":{"@type":"EntryPoint","urlTemplate":"https:\/\/blogdoprosperi.com\/?s={search_term_string}"},"query-input":{"@type":"PropertyValueSpecification","valueRequired":true,"valueName":"search_term_string"}}],"inLanguage":"pt-BR"},{"@type":["Person","Organization"],"@id":"https:\/\/blogdoprosperi.com\/#\/schema\/person\/38100755ce3601861ee4fab9b5aa78e9","name":"Luiz Ant\u00f4nio Pr\u00f3speri","pronouns":"ele","image":{"@type":"ImageObject","inLanguage":"pt-BR","@id":"https:\/\/i0.wp.com\/blogdoprosperi.com\/wp-content\/uploads\/2026\/05\/cropped-8059e613-6002-42fa-961e-8e275f575d71-2-5.jpg?fit=1360%2C931&ssl=1","url":"https:\/\/i0.wp.com\/blogdoprosperi.com\/wp-content\/uploads\/2026\/05\/cropped-8059e613-6002-42fa-961e-8e275f575d71-2-5.jpg?fit=1360%2C931&ssl=1","contentUrl":"https:\/\/i0.wp.com\/blogdoprosperi.com\/wp-content\/uploads\/2026\/05\/cropped-8059e613-6002-42fa-961e-8e275f575d71-2-5.jpg?fit=1360%2C931&ssl=1","width":1360,"height":931,"caption":"Luiz Ant\u00f4nio Pr\u00f3speri"},"logo":{"@id":"https:\/\/i0.wp.com\/blogdoprosperi.com\/wp-content\/uploads\/2026\/05\/cropped-8059e613-6002-42fa-961e-8e275f575d71-2-5.jpg?fit=1360%2C931&ssl=1"},"description":"Jornalista com carreira dedicada ao esporte. Cobriu 9 Copas do Mundo in loco, 1990 na It\u00e1lia, 1994 nos EUA, 1998 na Fran\u00e7a, 2002 na Coreia do Sul e Jap\u00e3o, 2006 na Alemanha, 2010 na \u00c1frica do Sul, 2014 no Brasil, 2018 na R\u00fassia e 2022 no Qatar. Eurocopas, 1992 na Su\u00e9cia e 1996 na Inglaterra. Copa das Confedera\u00e7\u00f5es de 2005 na Alemanha e 2009 na \u00c1frica do Sul. Rep\u00f3rter e Editor, trabalhou no Jornal da Tarde e Estad\u00e3o, de 1984 a fevereiro de 2016. Colunista, blogueiro. E comentarista de futebol na R\u00e1dio Estad\u00e3o, de 2013 a fevereiro de 2016. Jornalista respons\u00e1vel do \"Pr\u00f3speri News\" (blogdoprosperi.com).","sameAs":["http:\/\/blogdoprosperi.com","Luiz Pr\u00f3speri","@luiz_prosperi","https:\/\/x.com\/Luizprosperi","@prosperinacopa","luiz.prosperi@icloud.com"],"url":"https:\/\/blogdoprosperi.com\/?author=102107496"}]}},"jetpack_publicize_connections":[],"jetpack_likes_enabled":false,"jetpack_sharing_enabled":true,"jetpack_shortlink":"https:\/\/wp.me\/p7jvdk-886","jetpack-related-posts":[{"id":26425,"url":"https:\/\/blogdoprosperi.com\/?p=26425","url_meta":{"origin":31254,"position":0},"title":"Palmeiras, Cruzeiro, Santos e Atl\u00e9tico-MG partem como favoritos na Copa do Brasil","author":"Luiz Ant\u00f4nio Pr\u00f3speri","date":"23 de setembro de 2016","format":false,"excerpt":"Palmeiras, Cruzeiro,\u00a0Juventude e Internacional decidem em casa os confrontos das quartas de final da Copa do Brasil, como mostrou o sorteio dos jogos na CBF nesta sexta-feira (23\/9). Trata-se de uma vantagem consider\u00e1vel em uma competi\u00e7\u00e3o que leva o campe\u00e3o \u00e0 Copa Libertadores de 2017 e ainda paga ao vencedor\u2026","rel":"","context":"Em &quot;futebol&quot;","block_context":{"text":"futebol","link":"https:\/\/blogdoprosperi.com\/?cat=53870"},"img":{"alt_text":"","src":"https:\/\/i0.wp.com\/blogdoprosperi.com\/wp-content\/uploads\/2016\/09\/20160725124331694215a.jpg?resize=350%2C200","width":350,"height":200,"srcset":"https:\/\/i0.wp.com\/blogdoprosperi.com\/wp-content\/uploads\/2016\/09\/20160725124331694215a.jpg?resize=350%2C200 1x, https:\/\/i0.wp.com\/blogdoprosperi.com\/wp-content\/uploads\/2016\/09\/20160725124331694215a.jpg?resize=525%2C300 1.5x, https:\/\/i0.wp.com\/blogdoprosperi.com\/wp-content\/uploads\/2016\/09\/20160725124331694215a.jpg?resize=700%2C400 2x"},"classes":[]},{"id":26621,"url":"https:\/\/blogdoprosperi.com\/?p=26621","url_meta":{"origin":31254,"position":1},"title":"Flamengo sai da Sul-Americana e leva vantagem contra Palmeiras no Brasileir\u00e3o","author":"Luiz Ant\u00f4nio Pr\u00f3speri","date":"29 de setembro de 2016","format":false,"excerpt":"Flamengo eliminado em casa diante do modesto Palestino do Chile e Palmeiras com chance de avan\u00e7ar \u00e0 semifinal da Copa do Brasil contra Corinthians ou Cruzeiro. Quem leva vantagem entre os dois mais fortes concorrentes ao t\u00edtulo do Brasileir\u00e3o? Evidente que \u00e9 o Flamengo. O time carioca n\u00e3o ter\u00e1 de\u2026","rel":"","context":"Em &quot;Campeonato Brasileiro&quot;","block_context":{"text":"Campeonato Brasileiro","link":"https:\/\/blogdoprosperi.com\/?cat=355071"},"img":{"alt_text":"","src":"https:\/\/i0.wp.com\/blogdoprosperi.com\/wp-content\/uploads\/2016\/09\/29883808522_ccdcfe1cbd_o.jpg?resize=350%2C200&ssl=1","width":350,"height":200,"srcset":"https:\/\/i0.wp.com\/blogdoprosperi.com\/wp-content\/uploads\/2016\/09\/29883808522_ccdcfe1cbd_o.jpg?resize=350%2C200&ssl=1 1x, https:\/\/i0.wp.com\/blogdoprosperi.com\/wp-content\/uploads\/2016\/09\/29883808522_ccdcfe1cbd_o.jpg?resize=525%2C300&ssl=1 1.5x, https:\/\/i0.wp.com\/blogdoprosperi.com\/wp-content\/uploads\/2016\/09\/29883808522_ccdcfe1cbd_o.jpg?resize=700%2C400&ssl=1 2x"},"classes":[]},{"id":36457,"url":"https:\/\/blogdoprosperi.com\/?p=36457","url_meta":{"origin":31254,"position":2},"title":"Palmeiras e a Libertadores obsess\u00e3o","author":"Luiz Ant\u00f4nio Pr\u00f3speri","date":"27 de julho de 2017","format":false,"excerpt":"Palmeiras e Adidas lan\u00e7aram uma camisa quase retr\u00f4, gola V, escudo enorme, e cor esmeralda, h\u00e1 pouco mais de tr\u00eas meses. Atr\u00e1s da gola est\u00e1 a inscri\u00e7\u00e3o \"obsess\u00e3o\", uma homenagem aos c\u00e2nticos dos torcedores que entoam \"Libertadores obsess\u00e3o\", a cada jornada do time. Esse lema ultrapassou a paix\u00e3o da torcida\u2026","rel":"","context":"Em &quot;futebol&quot;","block_context":{"text":"futebol","link":"https:\/\/blogdoprosperi.com\/?cat=53870"},"img":{"alt_text":"","src":"https:\/\/i0.wp.com\/blogdoprosperi.com\/wp-content\/uploads\/2017\/07\/palmeiras-2017-limited-edition-adidas-kit-5.jpg?fit=900%2C841&ssl=1&resize=350%2C200","width":350,"height":200,"srcset":"https:\/\/i0.wp.com\/blogdoprosperi.com\/wp-content\/uploads\/2017\/07\/palmeiras-2017-limited-edition-adidas-kit-5.jpg?fit=900%2C841&ssl=1&resize=350%2C200 1x, https:\/\/i0.wp.com\/blogdoprosperi.com\/wp-content\/uploads\/2017\/07\/palmeiras-2017-limited-edition-adidas-kit-5.jpg?fit=900%2C841&ssl=1&resize=525%2C300 1.5x, https:\/\/i0.wp.com\/blogdoprosperi.com\/wp-content\/uploads\/2017\/07\/palmeiras-2017-limited-edition-adidas-kit-5.jpg?fit=900%2C841&ssl=1&resize=700%2C400 2x"},"classes":[]},{"id":38294,"url":"https:\/\/blogdoprosperi.com\/?p=38294","url_meta":{"origin":31254,"position":3},"title":"Dona da Crefisa vai assumir comando do Palmeiras em dezembro 2021","author":"Luiz Ant\u00f4nio Pr\u00f3speri","date":"10 de mar\u00e7o de 2021","format":false,"excerpt":"Desde domingo (07\/3), ap\u00f3s Felipe Melo erguer a ta\u00e7a da Copa do Brasil 2021, Leila repete aos ve\u00edculos de imprensa sua disposi\u00e7\u00e3o em ser a nova presidenta do Palmeiras","rel":"","context":"Em &quot;futebol&quot;","block_context":{"text":"futebol","link":"https:\/\/blogdoprosperi.com\/?cat=53870"},"img":{"alt_text":"","src":"https:\/\/i0.wp.com\/blogdoprosperi.com\/wp-content\/uploads\/2021\/03\/dxm1s5jwoaaj1kc.jpg?fit=1024%2C576&ssl=1&resize=350%2C200","width":350,"height":200,"srcset":"https:\/\/i0.wp.com\/blogdoprosperi.com\/wp-content\/uploads\/2021\/03\/dxm1s5jwoaaj1kc.jpg?fit=1024%2C576&ssl=1&resize=350%2C200 1x, https:\/\/i0.wp.com\/blogdoprosperi.com\/wp-content\/uploads\/2021\/03\/dxm1s5jwoaaj1kc.jpg?fit=1024%2C576&ssl=1&resize=525%2C300 1.5x, https:\/\/i0.wp.com\/blogdoprosperi.com\/wp-content\/uploads\/2021\/03\/dxm1s5jwoaaj1kc.jpg?fit=1024%2C576&ssl=1&resize=700%2C400 2x"},"classes":[]},{"id":6644,"url":"https:\/\/blogdoprosperi.com\/?p=6644","url_meta":{"origin":31254,"position":4},"title":"Cinco an\u00e1lises de futebol para voc\u00ea ler nesta sexta-feira (20\/5) antes de dormir","author":"Luiz Ant\u00f4nio Pr\u00f3speri","date":"21 de maio de 2016","format":false,"excerpt":"No meio da tarde desta sexta-feira (20\/5), o Atl\u00e9tico-MG anunciou a contrata\u00e7\u00e3o do t\u00e9cnico Marcelo Oliveira, ex-Palmeiras e Cruzeiro. Ainda em Minas, o treinador portugu\u00eas Paulo Bento faz sua estreia no Cruzeiro, neste s\u00e1bado, no Mineir\u00e3o. Em S\u00e3o Paulo, alguns jogadores do Corinthians estranharam a obriga\u00e7\u00e3o de dar explica\u00e7\u00f5es \u00e0\u2026","rel":"","context":"Em &quot;Campeonato Brasileiro&quot;","block_context":{"text":"Campeonato Brasileiro","link":"https:\/\/blogdoprosperi.com\/?cat=355071"},"img":{"alt_text":"24984734501_4a4c3cb056_o","src":"https:\/\/i0.wp.com\/blogdoprosperi.com\/wp-content\/uploads\/2016\/04\/24984734501_4a4c3cb056_o.jpg?resize=350%2C200&ssl=1","width":350,"height":200,"srcset":"https:\/\/i0.wp.com\/blogdoprosperi.com\/wp-content\/uploads\/2016\/04\/24984734501_4a4c3cb056_o.jpg?resize=350%2C200&ssl=1 1x, https:\/\/i0.wp.com\/blogdoprosperi.com\/wp-content\/uploads\/2016\/04\/24984734501_4a4c3cb056_o.jpg?resize=525%2C300&ssl=1 1.5x"},"classes":[]},{"id":25986,"url":"https:\/\/blogdoprosperi.com\/?p=25986","url_meta":{"origin":31254,"position":5},"title":"An\u00e1lise da 26\u00aa rodada em 5 temas: Palmeiras e Flamengo n\u00e3o se suportam; Santos n\u00e3o desiste da briga; S\u00e3o Paulo e Corinthians se esfarelam","author":"Luiz Ant\u00f4nio Pr\u00f3speri","date":"18 de setembro de 2016","format":false,"excerpt":"Palmeiras e Flamengo se consolidam como postulantes ao t\u00edtulo e se distanciam, com a bola que t\u00eam jogado, de Atl\u00e9tico-MG e Santos, dois times com um pouco de soberba nos momentos decisivos. Corinthians, em queda livre, parece ter abandonado a peleja ao demitir Crist\u00f3v\u00e3o Borges ap\u00f3s derrota no cl\u00e1ssico no\u2026","rel":"","context":"Em &quot;Campeonato Brasileiro&quot;","block_context":{"text":"Campeonato Brasileiro","link":"https:\/\/blogdoprosperi.com\/?cat=355071"},"img":{"alt_text":"","src":"https:\/\/i0.wp.com\/blogdoprosperi.com\/wp-content\/uploads\/2016\/09\/pro7-15.jpg?resize=350%2C200","width":350,"height":200,"srcset":"https:\/\/i0.wp.com\/blogdoprosperi.com\/wp-content\/uploads\/2016\/09\/pro7-15.jpg?resize=350%2C200 1x, https:\/\/i0.wp.com\/blogdoprosperi.com\/wp-content\/uploads\/2016\/09\/pro7-15.jpg?resize=525%2C300 1.5x, https:\/\/i0.wp.com\/blogdoprosperi.com\/wp-content\/uploads\/2016\/09\/pro7-15.jpg?resize=700%2C400 2x, https:\/\/i0.wp.com\/blogdoprosperi.com\/wp-content\/uploads\/2016\/09\/pro7-15.jpg?resize=1050%2C600 3x, https:\/\/i0.wp.com\/blogdoprosperi.com\/wp-content\/uploads\/2016\/09\/pro7-15.jpg?resize=1400%2C800 4x"},"classes":[]}],"jetpack_featured_media_url":"","_links":{"self":[{"href":"https:\/\/blogdoprosperi.com\/index.php?rest_route=\/wp\/v2\/posts\/31254","targetHints":{"allow":["GET"]}}],"collection":[{"href":"https:\/\/blogdoprosperi.com\/index.php?rest_route=\/wp\/v2\/posts"}],"about":[{"href":"https:\/\/blogdoprosperi.com\/index.php?rest_route=\/wp\/v2\/types\/post"}],"author":[{"embeddable":true,"href":"https:\/\/blogdoprosperi.com\/index.php?rest_route=\/wp\/v2\/users\/102107496"}],"replies":[{"embeddable":true,"href":"https:\/\/blogdoprosperi.com\/index.php?rest_route=%2Fwp%2Fv2%2Fcomments&post=31254"}],"version-history":[{"count":25,"href":"https:\/\/blogdoprosperi.com\/index.php?rest_route=\/wp\/v2\/posts\/31254\/revisions"}],"predecessor-version":[{"id":31368,"href":"https:\/\/blogdoprosperi.com\/index.php?rest_route=\/wp\/v2\/posts\/31254\/revisions\/31368"}],"wp:attachment":[{"href":"https:\/\/blogdoprosperi.com\/index.php?rest_route=%2Fwp%2Fv2%2Fmedia&parent=31254"}],"wp:term":[{"taxonomy":"category","embeddable":true,"href":"https:\/\/blogdoprosperi.com\/index.php?rest_route=%2Fwp%2Fv2%2Fcategories&post=31254"},{"taxonomy":"post_tag","embeddable":true,"href":"https:\/\/blogdoprosperi.com\/index.php?rest_route=%2Fwp%2Fv2%2Ftags&post=31254"}],"curies":[{"name":"wp","href":"https:\/\/api.w.org\/{rel}","templated":true}]}}