{"id":31707,"date":"2016-11-10T00:14:00","date_gmt":"2016-11-10T02:14:00","guid":{"rendered":"http:\/\/blogdoprosperi.com\/?p=31707"},"modified":"2016-11-10T00:20:01","modified_gmt":"2016-11-10T02:20:01","slug":"rogerio-ceni-nao-desgruda-do-sao-paulo-e-faz-do-clube-seu-refem","status":"publish","type":"post","link":"https:\/\/blogdoprosperi.com\/?p=31707","title":{"rendered":"Rogerio Ceni n\u00e3o desgruda do S\u00e3o Paulo e faz do clube seu ref\u00e9m"},"content":{"rendered":"<p><span class=\"alignnone\"><img data-recalc-dims=\"1\" loading=\"lazy\" decoding=\"async\" data-attachment-id=\"31746\" data-permalink=\"https:\/\/blogdoprosperi.com\/?attachment_id=31746\" data-orig-file=\"https:\/\/i0.wp.com\/blogdoprosperi.com\/wp-content\/uploads\/2016\/11\/cwx1ybkwqayhog_.jpg?fit=1200%2C798&amp;ssl=1\" data-orig-size=\"1200,798\" data-comments-opened=\"1\" data-image-meta=\"{&quot;aperture&quot;:&quot;0&quot;,&quot;credit&quot;:&quot;&quot;,&quot;camera&quot;:&quot;&quot;,&quot;caption&quot;:&quot;&quot;,&quot;created_timestamp&quot;:&quot;0&quot;,&quot;copyright&quot;:&quot;&quot;,&quot;focal_length&quot;:&quot;0&quot;,&quot;iso&quot;:&quot;0&quot;,&quot;shutter_speed&quot;:&quot;0&quot;,&quot;title&quot;:&quot;&quot;,&quot;orientation&quot;:&quot;0&quot;}\" data-image-title=\"cwx1ybkwqayhog_\" data-image-description=\"\" data-image-caption=\"\" data-large-file=\"https:\/\/i0.wp.com\/blogdoprosperi.com\/wp-content\/uploads\/2016\/11\/cwx1ybkwqayhog_.jpg?fit=940%2C625&amp;ssl=1\" class=\"alignnone size-full wp-image-31746\" src=\"https:\/\/i0.wp.com\/blogdoprosperi.com\/wp-content\/uploads\/2016\/11\/cwx1ybkwqayhog_.jpg?resize=940%2C625&#038;ssl=1\" alt=\"cwx1ybkwqayhog_\" width=\"940\" height=\"625\" \/><\/span><\/p>\n<p>Quando Marcos pediu arrego no Palmeiras, cheio de dores espalhadas por seu corpo, tirou as luvas e guardou tudo num arm\u00e1rio. Era un\u00e2nime o fim de sua carreira. Futebol seria um instant\u00e2neo na sua vida, entre p\u00f4steres na parede, fotos nas redes sociais, idolatria nas ruas, est\u00e1dios e a gl\u00f3ria eterna de campe\u00e3o do mundo em 2002 com a Sele\u00e7\u00e3o Brasileira e santo no Palestra. Com Rogerio Ceni \u00e9 diferente. O ex-goleiro entende que pode ir mais longe. J\u00e1 fez tudo o que Marcos fez, falta algo mais. Por isso faz do S\u00e3o Paulo, sua p\u00e1tria e sua l\u00edngua, ref\u00e9m de seus desejos.<!--more--><\/p>\n<p>Ceni n\u00e3o quer ser Marcos. Quando o santo do Palmeiras se despediu do futebol, passou a vagar entre a\u00e7\u00f5es obrigat\u00f3rias de marketing ligadas ao clube e sua hist\u00f3ria. Quando n\u00e3o tinha de dar satisfa\u00e7\u00e3o a ningu\u00e9m, n\u00e3o raro era visto sentado num banco de uma pra\u00e7a perto do Palestra It\u00e1lia a curtir a aposentadoria. Meu canto, minha vida. Ningu\u00e9m enche meu saco.<\/p>\n<p>Com Rogerio Ceni isso n\u00e3o funciona. O ex-goleiro, mito eterno no clube, enfiou na sua cabe\u00e7a que vai ser t\u00e9cnico do S\u00e3o Paulo, logo ali em janeiro 2017 ou em meados do ano que vem. N\u00e3o h\u00e1 um Cristo que o demova dessa ideia.<\/p>\n<p>\u00c9 como se o Tricolor tivesse a obriga\u00e7\u00e3o de atender aos seus desejos.<\/p>\n<p>N\u00e3o fosse assim, que diabos fazia Rogerio Ceni no Morumbi nesta noite chuvosa de quarta-feira (09\/11) no jogo do Sub-20 do S\u00e3o Paulo contra o Sport Recife pela Copa do Brasil da categoria?<\/p>\n<p>Estava l\u00e1 ao lado de assessores e gente da diretoria do S\u00e3o Paulo. N\u00e3o foi ao est\u00e1dio apenas para dar for\u00e7a aos meninos. At\u00e9 que ele mesmo esclare\u00e7a, foi \u00a0at\u00e9 l\u00e1 para mostrar aos dirigentes e presidente do clube que, pode sim, iniciar sua carreira de treinador nas categorias de base do Tricolor, apesar de querer, j\u00e1, o time profissional.<\/p>\n<p>Por mais que possa alegar que estava ali por amor ao clube, soa como uma press\u00e3o aos cartolas.<\/p>\n<p><span class=\"alignnone\"><img data-recalc-dims=\"1\" loading=\"lazy\" decoding=\"async\" data-attachment-id=\"31756\" data-permalink=\"https:\/\/blogdoprosperi.com\/?attachment_id=31756\" data-orig-file=\"https:\/\/i0.wp.com\/blogdoprosperi.com\/wp-content\/uploads\/2016\/11\/1reproducao.jpg?fit=810%2C540&amp;ssl=1\" data-orig-size=\"810,540\" data-comments-opened=\"1\" data-image-meta=\"{&quot;aperture&quot;:&quot;4&quot;,&quot;credit&quot;:&quot;Tom Dib\/Lancepress&quot;,&quot;camera&quot;:&quot;Canon EOS 5D Mark III&quot;,&quot;caption&quot;:&quot;LANCEPRESS! - S\\u00e3o Paulo - 11.12.2012 - Foto de Tom Dib\/Ag\\u00eancia Lance - Jogo Despedida do goleiro Marcos jogo Palmeiras de 1999 x Sele\\u00e7\\u00e3o Brasileira de 2002 - Local: Estadio Paulo Machado de Carvalho - Pacaembu - Na foto o goleiro Marcos se despede da trocida&quot;,&quot;created_timestamp&quot;:&quot;1355267630&quot;,&quot;copyright&quot;:&quot;Ag\\u00eancia Lancepress&quot;,&quot;focal_length&quot;:&quot;60&quot;,&quot;iso&quot;:&quot;6400&quot;,&quot;shutter_speed&quot;:&quot;0.005&quot;,&quot;title&quot;:&quot;Jogo Despedida do goleiro Marcos&quot;,&quot;orientation&quot;:&quot;1&quot;}\" data-image-title=\"Jogo Despedida do goleiro Marcos\" data-image-description=\"\" data-image-caption=\"&lt;p&gt;LANCEPRESS! &amp;#8211; S\u00e3o Paulo &amp;#8211; 11.12.2012 &amp;#8211; Foto de Tom Dib\/Ag\u00eancia Lance &amp;#8211; Jogo Despedida do goleiro Marcos jogo Palmeiras de 1999 x Sele\u00e7\u00e3o Brasileira de 2002 &amp;#8211; Local: Estadio Paulo Machado de Carvalho &amp;#8211; Pacaembu &amp;#8211; Na foto o goleiro Marcos se despede da trocida&lt;\/p&gt;\n\" data-large-file=\"https:\/\/i0.wp.com\/blogdoprosperi.com\/wp-content\/uploads\/2016\/11\/1reproducao.jpg?fit=810%2C540&amp;ssl=1\" class=\"alignnone size-full wp-image-31756\" src=\"https:\/\/i0.wp.com\/blogdoprosperi.com\/wp-content\/uploads\/2016\/11\/1reproducao.jpg?resize=810%2C540&#038;ssl=1\" alt=\"Jogo Despedida do goleiro Marcos\" width=\"810\" height=\"540\" \/><\/span>Rogerio Ceni tem todo o direito, como todos ligados umbilicalmente ao S\u00e3o Paulo, de frequentar o Morumbi, os jogos dos profissionais e dos meninos da base. O problema \u00e9 que, ao declarar em p\u00fablico com certa insist\u00eancia que vai ser treinador do Tricolor, sua presen\u00e7a nas tribunas do est\u00e1dio \u00e9 traduzida como press\u00e3o.<\/p>\n<p>Como diz Cristiano Ronaldo ao comemorar seus gols, \u00a0Ceni tamb\u00e9m grita: &#8220;Eu Estou Aqui&#8221;.<\/p>\n<p>Enquanto isso, Marcos cochila num banco de uma pra\u00e7a nas Perdizes.<\/p>\n","protected":false},"excerpt":{"rendered":"<p>Quando Marcos pediu arrego no Palmeiras, cheio de dores espalhadas por seu corpo, tirou as luvas e guardou [&hellip;]<\/p>\n","protected":false},"author":102107496,"featured_media":0,"comment_status":"open","ping_status":"open","sticky":false,"template":"","format":"standard","meta":{"_coblocks_attr":"","_coblocks_dimensions":"","_coblocks_responsive_height":"","_coblocks_accordion_ie_support":"","_jetpack_newsletter_access":"","_jetpack_dont_email_post_to_subs":false,"_jetpack_newsletter_tier_id":0,"_jetpack_memberships_contains_paywalled_content":false,"_wpcom_ai_launchpad_first_post":false,"_jetpack_feature_clip_id":0,"_jetpack_memberships_contains_paid_content":false,"footnotes":"","jetpack_publicize_message":"","jetpack_publicize_feature_enabled":true,"jetpack_social_post_already_shared":false,"jetpack_social_options":{"image_generator_settings":{"template":"highway","default_image_id":0,"font":"","enabled":false},"version":2},"jetpack_post_was_ever_published":false},"categories":[53870],"tags":[789560560],"class_list":["post-31707","post","type-post","status-publish","format-standard","hentry","category-futebol","tag-futebol"],"yoast_head":"<!-- This site is optimized with the Yoast SEO plugin v28.3 - https:\/\/yoast.com\/product\/yoast-seo-wordpress\/ -->\n<title>Rogerio Ceni n\u00e3o desgruda do S\u00e3o Paulo e faz do clube seu ref\u00e9m - PR\u00d3SPERI NEWS<\/title>\n<meta name=\"robots\" content=\"index, follow, max-snippet:-1, max-image-preview:large, max-video-preview:-1\" \/>\n<link rel=\"canonical\" href=\"https:\/\/blogdoprosperi.com\/?p=31707\" \/>\n<meta property=\"og:locale\" content=\"pt_BR\" \/>\n<meta property=\"og:type\" content=\"article\" \/>\n<meta property=\"og:title\" content=\"Rogerio Ceni n\u00e3o desgruda do S\u00e3o Paulo e faz do clube seu ref\u00e9m - PR\u00d3SPERI NEWS\" \/>\n<meta property=\"og:description\" content=\"Quando Marcos pediu arrego no Palmeiras, cheio de dores espalhadas por seu corpo, tirou as luvas e guardou [&hellip;]\" \/>\n<meta property=\"og:url\" content=\"https:\/\/blogdoprosperi.com\/?p=31707\" \/>\n<meta property=\"og:site_name\" content=\"PR\u00d3SPERI NEWS\" \/>\n<meta property=\"article:publisher\" content=\"Luiz Pr\u00f3speri\" \/>\n<meta property=\"article:author\" content=\"Luiz Pr\u00f3speri\" \/>\n<meta property=\"article:published_time\" content=\"2016-11-10T02:14:00+00:00\" \/>\n<meta property=\"article:modified_time\" content=\"2016-11-10T02:20:01+00:00\" \/>\n<meta property=\"og:image\" content=\"https:\/\/blogdoprosperi.com\/wp-content\/uploads\/2016\/11\/cwx1ybkwqayhog_.jpg\" \/>\n<meta name=\"author\" content=\"Luiz Ant\u00f4nio Pr\u00f3speri\" \/>\n<meta name=\"twitter:card\" content=\"summary_large_image\" \/>\n<meta name=\"twitter:creator\" content=\"@Luizprosperi\" \/>\n<meta name=\"twitter:site\" content=\"@Luizprosperi\" \/>\n<meta name=\"twitter:label1\" content=\"Escrito por\" \/>\n\t<meta name=\"twitter:data1\" content=\"Luiz Ant\u00f4nio Pr\u00f3speri\" \/>\n\t<meta name=\"twitter:label2\" content=\"Est. tempo de leitura\" \/>\n\t<meta name=\"twitter:data2\" content=\"2 minutos\" \/>\n<script type=\"application\/ld+json\" class=\"yoast-schema-graph\">{\"@context\":\"https:\\\/\\\/schema.org\",\"@graph\":[{\"@type\":\"Article\",\"@id\":\"https:\\\/\\\/blogdoprosperi.com\\\/?p=31707#article\",\"isPartOf\":{\"@id\":\"https:\\\/\\\/blogdoprosperi.com\\\/?p=31707\"},\"author\":{\"name\":\"Luiz Ant\u00f4nio Pr\u00f3speri\",\"@id\":\"https:\\\/\\\/blogdoprosperi.com\\\/#\\\/schema\\\/person\\\/38100755ce3601861ee4fab9b5aa78e9\"},\"headline\":\"Rogerio Ceni n\u00e3o desgruda do S\u00e3o Paulo e faz do clube seu ref\u00e9m\",\"datePublished\":\"2016-11-10T02:14:00+00:00\",\"dateModified\":\"2016-11-10T02:20:01+00:00\",\"mainEntityOfPage\":{\"@id\":\"https:\\\/\\\/blogdoprosperi.com\\\/?p=31707\"},\"wordCount\":465,\"commentCount\":0,\"publisher\":{\"@id\":\"https:\\\/\\\/blogdoprosperi.com\\\/#\\\/schema\\\/person\\\/38100755ce3601861ee4fab9b5aa78e9\"},\"image\":{\"@id\":\"https:\\\/\\\/blogdoprosperi.com\\\/?p=31707#primaryimage\"},\"thumbnailUrl\":\"https:\\\/\\\/blogdoprosperi.com\\\/wp-content\\\/uploads\\\/2016\\\/11\\\/cwx1ybkwqayhog_.jpg\",\"keywords\":[\"futebol\"],\"articleSection\":[\"futebol\"],\"inLanguage\":\"pt-BR\",\"potentialAction\":[{\"@type\":\"CommentAction\",\"name\":\"Comment\",\"target\":[\"https:\\\/\\\/blogdoprosperi.com\\\/?p=31707#respond\"]}]},{\"@type\":\"WebPage\",\"@id\":\"https:\\\/\\\/blogdoprosperi.com\\\/?p=31707\",\"url\":\"https:\\\/\\\/blogdoprosperi.com\\\/?p=31707\",\"name\":\"Rogerio Ceni n\u00e3o desgruda do S\u00e3o Paulo e faz do clube seu ref\u00e9m - PR\u00d3SPERI NEWS\",\"isPartOf\":{\"@id\":\"https:\\\/\\\/blogdoprosperi.com\\\/#website\"},\"primaryImageOfPage\":{\"@id\":\"https:\\\/\\\/blogdoprosperi.com\\\/?p=31707#primaryimage\"},\"image\":{\"@id\":\"https:\\\/\\\/blogdoprosperi.com\\\/?p=31707#primaryimage\"},\"thumbnailUrl\":\"https:\\\/\\\/blogdoprosperi.com\\\/wp-content\\\/uploads\\\/2016\\\/11\\\/cwx1ybkwqayhog_.jpg\",\"datePublished\":\"2016-11-10T02:14:00+00:00\",\"dateModified\":\"2016-11-10T02:20:01+00:00\",\"breadcrumb\":{\"@id\":\"https:\\\/\\\/blogdoprosperi.com\\\/?p=31707#breadcrumb\"},\"inLanguage\":\"pt-BR\",\"potentialAction\":[{\"@type\":\"ReadAction\",\"target\":[\"https:\\\/\\\/blogdoprosperi.com\\\/?p=31707\"]}]},{\"@type\":\"ImageObject\",\"inLanguage\":\"pt-BR\",\"@id\":\"https:\\\/\\\/blogdoprosperi.com\\\/?p=31707#primaryimage\",\"url\":\"https:\\\/\\\/i0.wp.com\\\/blogdoprosperi.com\\\/wp-content\\\/uploads\\\/2016\\\/11\\\/cwx1ybkwqayhog_.jpg?fit=1200%2C798&ssl=1\",\"contentUrl\":\"https:\\\/\\\/i0.wp.com\\\/blogdoprosperi.com\\\/wp-content\\\/uploads\\\/2016\\\/11\\\/cwx1ybkwqayhog_.jpg?fit=1200%2C798&ssl=1\",\"width\":1200,\"height\":798},{\"@type\":\"BreadcrumbList\",\"@id\":\"https:\\\/\\\/blogdoprosperi.com\\\/?p=31707#breadcrumb\",\"itemListElement\":[{\"@type\":\"ListItem\",\"position\":1,\"name\":\"In\u00edcio\",\"item\":\"https:\\\/\\\/blogdoprosperi.com\\\/\"},{\"@type\":\"ListItem\",\"position\":2,\"name\":\"Rogerio Ceni n\u00e3o desgruda do S\u00e3o Paulo e faz do clube seu ref\u00e9m\"}]},{\"@type\":\"WebSite\",\"@id\":\"https:\\\/\\\/blogdoprosperi.com\\\/#website\",\"url\":\"https:\\\/\\\/blogdoprosperi.com\\\/\",\"name\":\"PR\u00d3SPERI NEWS\",\"description\":\"TUDO \u00c9  FUTEBOL\",\"publisher\":{\"@id\":\"https:\\\/\\\/blogdoprosperi.com\\\/#\\\/schema\\\/person\\\/38100755ce3601861ee4fab9b5aa78e9\"},\"alternateName\":\"blogdoprosperi.com\",\"potentialAction\":[{\"@type\":\"SearchAction\",\"target\":{\"@type\":\"EntryPoint\",\"urlTemplate\":\"https:\\\/\\\/blogdoprosperi.com\\\/?s={search_term_string}\"},\"query-input\":{\"@type\":\"PropertyValueSpecification\",\"valueRequired\":true,\"valueName\":\"search_term_string\"}}],\"inLanguage\":\"pt-BR\"},{\"@type\":[\"Person\",\"Organization\"],\"@id\":\"https:\\\/\\\/blogdoprosperi.com\\\/#\\\/schema\\\/person\\\/38100755ce3601861ee4fab9b5aa78e9\",\"name\":\"Luiz Ant\u00f4nio Pr\u00f3speri\",\"pronouns\":\"ele\",\"image\":{\"@type\":\"ImageObject\",\"inLanguage\":\"pt-BR\",\"@id\":\"https:\\\/\\\/i0.wp.com\\\/blogdoprosperi.com\\\/wp-content\\\/uploads\\\/2026\\\/05\\\/cropped-8059e613-6002-42fa-961e-8e275f575d71-2-5.jpg?fit=1360%2C931&ssl=1\",\"url\":\"https:\\\/\\\/i0.wp.com\\\/blogdoprosperi.com\\\/wp-content\\\/uploads\\\/2026\\\/05\\\/cropped-8059e613-6002-42fa-961e-8e275f575d71-2-5.jpg?fit=1360%2C931&ssl=1\",\"contentUrl\":\"https:\\\/\\\/i0.wp.com\\\/blogdoprosperi.com\\\/wp-content\\\/uploads\\\/2026\\\/05\\\/cropped-8059e613-6002-42fa-961e-8e275f575d71-2-5.jpg?fit=1360%2C931&ssl=1\",\"width\":1360,\"height\":931,\"caption\":\"Luiz Ant\u00f4nio Pr\u00f3speri\"},\"logo\":{\"@id\":\"https:\\\/\\\/i0.wp.com\\\/blogdoprosperi.com\\\/wp-content\\\/uploads\\\/2026\\\/05\\\/cropped-8059e613-6002-42fa-961e-8e275f575d71-2-5.jpg?fit=1360%2C931&ssl=1\"},\"description\":\"Jornalista com carreira dedicada ao esporte. Cobriu 9 Copas do Mundo in loco, 1990 na It\u00e1lia, 1994 nos EUA, 1998 na Fran\u00e7a, 2002 na Coreia do Sul e Jap\u00e3o, 2006 na Alemanha, 2010 na \u00c1frica do Sul, 2014 no Brasil, 2018 na R\u00fassia e 2022 no Qatar. Eurocopas, 1992 na Su\u00e9cia e 1996 na Inglaterra. Copa das Confedera\u00e7\u00f5es de 2005 na Alemanha e 2009 na \u00c1frica do Sul. Rep\u00f3rter e Editor, trabalhou no Jornal da Tarde e Estad\u00e3o, de 1984 a fevereiro de 2016. Colunista, blogueiro. E comentarista de futebol na R\u00e1dio Estad\u00e3o, de 2013 a fevereiro de 2016. Jornalista respons\u00e1vel do \\\"Pr\u00f3speri News\\\" (blogdoprosperi.com).\",\"sameAs\":[\"http:\\\/\\\/blogdoprosperi.com\",\"Luiz Pr\u00f3speri\",\"@luiz_prosperi\",\"https:\\\/\\\/x.com\\\/Luizprosperi\",\"@prosperinacopa\",\"luiz.prosperi@icloud.com\"],\"url\":\"https:\\\/\\\/blogdoprosperi.com\\\/?author=102107496\"}]}<\/script>\n<!-- \/ Yoast SEO plugin. -->","yoast_head_json":{"title":"Rogerio Ceni n\u00e3o desgruda do S\u00e3o Paulo e faz do clube seu ref\u00e9m - PR\u00d3SPERI NEWS","robots":{"index":"index","follow":"follow","max-snippet":"max-snippet:-1","max-image-preview":"max-image-preview:large","max-video-preview":"max-video-preview:-1"},"canonical":"https:\/\/blogdoprosperi.com\/?p=31707","og_locale":"pt_BR","og_type":"article","og_title":"Rogerio Ceni n\u00e3o desgruda do S\u00e3o Paulo e faz do clube seu ref\u00e9m - PR\u00d3SPERI NEWS","og_description":"Quando Marcos pediu arrego no Palmeiras, cheio de dores espalhadas por seu corpo, tirou as luvas e guardou [&hellip;]","og_url":"https:\/\/blogdoprosperi.com\/?p=31707","og_site_name":"PR\u00d3SPERI NEWS","article_publisher":"Luiz Pr\u00f3speri","article_author":"Luiz Pr\u00f3speri","article_published_time":"2016-11-10T02:14:00+00:00","article_modified_time":"2016-11-10T02:20:01+00:00","og_image":[{"url":"https:\/\/blogdoprosperi.com\/wp-content\/uploads\/2016\/11\/cwx1ybkwqayhog_.jpg","type":"","width":"","height":""}],"author":"Luiz Ant\u00f4nio Pr\u00f3speri","twitter_card":"summary_large_image","twitter_creator":"@Luizprosperi","twitter_site":"@Luizprosperi","twitter_misc":{"Escrito por":"Luiz Ant\u00f4nio Pr\u00f3speri","Est. tempo de leitura":"2 minutos"},"schema":{"@context":"https:\/\/schema.org","@graph":[{"@type":"Article","@id":"https:\/\/blogdoprosperi.com\/?p=31707#article","isPartOf":{"@id":"https:\/\/blogdoprosperi.com\/?p=31707"},"author":{"name":"Luiz Ant\u00f4nio Pr\u00f3speri","@id":"https:\/\/blogdoprosperi.com\/#\/schema\/person\/38100755ce3601861ee4fab9b5aa78e9"},"headline":"Rogerio Ceni n\u00e3o desgruda do S\u00e3o Paulo e faz do clube seu ref\u00e9m","datePublished":"2016-11-10T02:14:00+00:00","dateModified":"2016-11-10T02:20:01+00:00","mainEntityOfPage":{"@id":"https:\/\/blogdoprosperi.com\/?p=31707"},"wordCount":465,"commentCount":0,"publisher":{"@id":"https:\/\/blogdoprosperi.com\/#\/schema\/person\/38100755ce3601861ee4fab9b5aa78e9"},"image":{"@id":"https:\/\/blogdoprosperi.com\/?p=31707#primaryimage"},"thumbnailUrl":"https:\/\/blogdoprosperi.com\/wp-content\/uploads\/2016\/11\/cwx1ybkwqayhog_.jpg","keywords":["futebol"],"articleSection":["futebol"],"inLanguage":"pt-BR","potentialAction":[{"@type":"CommentAction","name":"Comment","target":["https:\/\/blogdoprosperi.com\/?p=31707#respond"]}]},{"@type":"WebPage","@id":"https:\/\/blogdoprosperi.com\/?p=31707","url":"https:\/\/blogdoprosperi.com\/?p=31707","name":"Rogerio Ceni n\u00e3o desgruda do S\u00e3o Paulo e faz do clube seu ref\u00e9m - PR\u00d3SPERI NEWS","isPartOf":{"@id":"https:\/\/blogdoprosperi.com\/#website"},"primaryImageOfPage":{"@id":"https:\/\/blogdoprosperi.com\/?p=31707#primaryimage"},"image":{"@id":"https:\/\/blogdoprosperi.com\/?p=31707#primaryimage"},"thumbnailUrl":"https:\/\/blogdoprosperi.com\/wp-content\/uploads\/2016\/11\/cwx1ybkwqayhog_.jpg","datePublished":"2016-11-10T02:14:00+00:00","dateModified":"2016-11-10T02:20:01+00:00","breadcrumb":{"@id":"https:\/\/blogdoprosperi.com\/?p=31707#breadcrumb"},"inLanguage":"pt-BR","potentialAction":[{"@type":"ReadAction","target":["https:\/\/blogdoprosperi.com\/?p=31707"]}]},{"@type":"ImageObject","inLanguage":"pt-BR","@id":"https:\/\/blogdoprosperi.com\/?p=31707#primaryimage","url":"https:\/\/i0.wp.com\/blogdoprosperi.com\/wp-content\/uploads\/2016\/11\/cwx1ybkwqayhog_.jpg?fit=1200%2C798&ssl=1","contentUrl":"https:\/\/i0.wp.com\/blogdoprosperi.com\/wp-content\/uploads\/2016\/11\/cwx1ybkwqayhog_.jpg?fit=1200%2C798&ssl=1","width":1200,"height":798},{"@type":"BreadcrumbList","@id":"https:\/\/blogdoprosperi.com\/?p=31707#breadcrumb","itemListElement":[{"@type":"ListItem","position":1,"name":"In\u00edcio","item":"https:\/\/blogdoprosperi.com\/"},{"@type":"ListItem","position":2,"name":"Rogerio Ceni n\u00e3o desgruda do S\u00e3o Paulo e faz do clube seu ref\u00e9m"}]},{"@type":"WebSite","@id":"https:\/\/blogdoprosperi.com\/#website","url":"https:\/\/blogdoprosperi.com\/","name":"PR\u00d3SPERI NEWS","description":"TUDO \u00c9  FUTEBOL","publisher":{"@id":"https:\/\/blogdoprosperi.com\/#\/schema\/person\/38100755ce3601861ee4fab9b5aa78e9"},"alternateName":"blogdoprosperi.com","potentialAction":[{"@type":"SearchAction","target":{"@type":"EntryPoint","urlTemplate":"https:\/\/blogdoprosperi.com\/?s={search_term_string}"},"query-input":{"@type":"PropertyValueSpecification","valueRequired":true,"valueName":"search_term_string"}}],"inLanguage":"pt-BR"},{"@type":["Person","Organization"],"@id":"https:\/\/blogdoprosperi.com\/#\/schema\/person\/38100755ce3601861ee4fab9b5aa78e9","name":"Luiz Ant\u00f4nio Pr\u00f3speri","pronouns":"ele","image":{"@type":"ImageObject","inLanguage":"pt-BR","@id":"https:\/\/i0.wp.com\/blogdoprosperi.com\/wp-content\/uploads\/2026\/05\/cropped-8059e613-6002-42fa-961e-8e275f575d71-2-5.jpg?fit=1360%2C931&ssl=1","url":"https:\/\/i0.wp.com\/blogdoprosperi.com\/wp-content\/uploads\/2026\/05\/cropped-8059e613-6002-42fa-961e-8e275f575d71-2-5.jpg?fit=1360%2C931&ssl=1","contentUrl":"https:\/\/i0.wp.com\/blogdoprosperi.com\/wp-content\/uploads\/2026\/05\/cropped-8059e613-6002-42fa-961e-8e275f575d71-2-5.jpg?fit=1360%2C931&ssl=1","width":1360,"height":931,"caption":"Luiz Ant\u00f4nio Pr\u00f3speri"},"logo":{"@id":"https:\/\/i0.wp.com\/blogdoprosperi.com\/wp-content\/uploads\/2026\/05\/cropped-8059e613-6002-42fa-961e-8e275f575d71-2-5.jpg?fit=1360%2C931&ssl=1"},"description":"Jornalista com carreira dedicada ao esporte. Cobriu 9 Copas do Mundo in loco, 1990 na It\u00e1lia, 1994 nos EUA, 1998 na Fran\u00e7a, 2002 na Coreia do Sul e Jap\u00e3o, 2006 na Alemanha, 2010 na \u00c1frica do Sul, 2014 no Brasil, 2018 na R\u00fassia e 2022 no Qatar. Eurocopas, 1992 na Su\u00e9cia e 1996 na Inglaterra. Copa das Confedera\u00e7\u00f5es de 2005 na Alemanha e 2009 na \u00c1frica do Sul. Rep\u00f3rter e Editor, trabalhou no Jornal da Tarde e Estad\u00e3o, de 1984 a fevereiro de 2016. Colunista, blogueiro. E comentarista de futebol na R\u00e1dio Estad\u00e3o, de 2013 a fevereiro de 2016. Jornalista respons\u00e1vel do \"Pr\u00f3speri News\" (blogdoprosperi.com).","sameAs":["http:\/\/blogdoprosperi.com","Luiz Pr\u00f3speri","@luiz_prosperi","https:\/\/x.com\/Luizprosperi","@prosperinacopa","luiz.prosperi@icloud.com"],"url":"https:\/\/blogdoprosperi.com\/?author=102107496"}]}},"jetpack_publicize_connections":[],"jetpack_likes_enabled":false,"jetpack_sharing_enabled":true,"jetpack_shortlink":"https:\/\/wp.me\/p7jvdk-8fp","jetpack-related-posts":[{"id":32929,"url":"https:\/\/blogdoprosperi.com\/?p=32929","url_meta":{"origin":31707,"position":0},"title":"S\u00e3o Paulo demite Ricardo Gomes e abre as portas a Rogerio Ceni","author":"Luiz Ant\u00f4nio Pr\u00f3speri","date":"23 de novembro de 2016","format":false,"excerpt":"\u00a0 S\u00e3o Paulo demitiu Ricardo Gomes nesta quarta-feira quando teve certeza de que o time n\u00e3o seria rebaixado \u00e0 S\u00e9rie B. A matem\u00e1tica dos pontos fechou com a derrota do Inter ao Corinthians - clube ga\u00facho pode alcan\u00e7ar no m\u00e1ximo 45 pontos nas duas \u00faltimas rodadas, S\u00e3o Paulo j\u00e1 tem\u2026","rel":"","context":"Em &quot;futebol&quot;","block_context":{"text":"futebol","link":"https:\/\/blogdoprosperi.com\/?cat=53870"},"img":{"alt_text":"rogerio_ceni_sao_paulo-284752-511562fbca901","src":"https:\/\/i0.wp.com\/blogdoprosperi.com\/wp-content\/uploads\/2016\/10\/rogerio_ceni_sao_paulo-284752-511562fbca901.jpg?resize=350%2C200&ssl=1","width":350,"height":200,"srcset":"https:\/\/i0.wp.com\/blogdoprosperi.com\/wp-content\/uploads\/2016\/10\/rogerio_ceni_sao_paulo-284752-511562fbca901.jpg?resize=350%2C200&ssl=1 1x, https:\/\/i0.wp.com\/blogdoprosperi.com\/wp-content\/uploads\/2016\/10\/rogerio_ceni_sao_paulo-284752-511562fbca901.jpg?resize=525%2C300&ssl=1 1.5x, https:\/\/i0.wp.com\/blogdoprosperi.com\/wp-content\/uploads\/2016\/10\/rogerio_ceni_sao_paulo-284752-511562fbca901.jpg?resize=700%2C400&ssl=1 2x"},"classes":[]},{"id":37118,"url":"https:\/\/blogdoprosperi.com\/?p=37118","url_meta":{"origin":31707,"position":1},"title":"Rogerio Ceni acerta o passo ao assinar com o Fortaleza","author":"Luiz Ant\u00f4nio Pr\u00f3speri","date":"10 de novembro de 2017","format":false,"excerpt":"Rogerio Ceni quis dar um passo maior do que as pernas quando assumiu o time do S\u00e3o Paulo no in\u00edcio de janeiro. Por ser um mito e fazer parte da hist\u00f3ria do clube, imaginou que seria um treinador quase intoc\u00e1vel no Morumbi. Se equivocou. Alguns meses ap\u00f3s ser demitido do\u2026","rel":"","context":"Em &quot;Campeonato Brasileiro&quot;","block_context":{"text":"Campeonato Brasileiro","link":"https:\/\/blogdoprosperi.com\/?cat=355071"},"img":{"alt_text":"Ceni no Fortaleza EC","src":"https:\/\/i0.wp.com\/blogdoprosperi.com\/wp-content\/uploads\/2017\/05\/pro5-3.jpg?fit=1200%2C802&ssl=1&resize=350%2C200","width":350,"height":200,"srcset":"https:\/\/i0.wp.com\/blogdoprosperi.com\/wp-content\/uploads\/2017\/05\/pro5-3.jpg?fit=1200%2C802&ssl=1&resize=350%2C200 1x, https:\/\/i0.wp.com\/blogdoprosperi.com\/wp-content\/uploads\/2017\/05\/pro5-3.jpg?fit=1200%2C802&ssl=1&resize=525%2C300 1.5x, https:\/\/i0.wp.com\/blogdoprosperi.com\/wp-content\/uploads\/2017\/05\/pro5-3.jpg?fit=1200%2C802&ssl=1&resize=700%2C400 2x, https:\/\/i0.wp.com\/blogdoprosperi.com\/wp-content\/uploads\/2017\/05\/pro5-3.jpg?fit=1200%2C802&ssl=1&resize=1050%2C600 3x"},"classes":[]},{"id":35242,"url":"https:\/\/blogdoprosperi.com\/?p=35242","url_meta":{"origin":31707,"position":2},"title":"Palmeiras aniquila S\u00e3o Paulo e manda duro recado a Rogerio Ceni","author":"Luiz Ant\u00f4nio Pr\u00f3speri","date":"11 de mar\u00e7o de 2017","format":false,"excerpt":"Palmeiras est\u00e1 de volta e mostrou que pode muito mais ao despachar o S\u00e3o Paulo por 3 a 0 no Allianz Parque diante de 36 mil torcedores. Em nenhum momento do cl\u00e1ssico deixou o advers\u00e1rio respirar. Apresentou bom repert\u00f3rio, obedi\u00eancia t\u00e1tica e um entusiasmo acima do normal. Quanto ao time\u2026","rel":"","context":"Em &quot;futebol&quot;","block_context":{"text":"futebol","link":"https:\/\/blogdoprosperi.com\/?cat=53870"},"img":{"alt_text":"imagem_2616_zybtj2tsvsrp_original","src":"https:\/\/i0.wp.com\/www.chuteirafc.com.br\/wp-content\/uploads\/2017\/03\/imagem_2616_zybTJ2TSVsRp_original.jpg?resize=350%2C200","width":350,"height":200,"srcset":"https:\/\/i0.wp.com\/www.chuteirafc.com.br\/wp-content\/uploads\/2017\/03\/imagem_2616_zybTJ2TSVsRp_original.jpg?resize=350%2C200 1x, https:\/\/i0.wp.com\/www.chuteirafc.com.br\/wp-content\/uploads\/2017\/03\/imagem_2616_zybTJ2TSVsRp_original.jpg?resize=525%2C300 1.5x, https:\/\/i0.wp.com\/www.chuteirafc.com.br\/wp-content\/uploads\/2017\/03\/imagem_2616_zybTJ2TSVsRp_original.jpg?resize=700%2C400 2x"},"classes":[]},{"id":34969,"url":"https:\/\/blogdoprosperi.com\/?p=34969","url_meta":{"origin":31707,"position":3},"title":"Santos impressiona, Palmeiras e Corinthians n\u00e3o encantam e S\u00e3o Paulo patina na estreia","author":"Luiz Ant\u00f4nio Pr\u00f3speri","date":"6 de fevereiro de 2017","format":false,"excerpt":"Rodada de abertura do Paulist\u00e3o 2017 deixa claro a disparidade entre as quatro grandes for\u00e7as do campeonato. Santos se imp\u00f4s com uma arrojada nova proposta de jogo. Palmeiras lutou muito para vencer em casa. Corinthians deu um passo como se n\u00e3o tivesse sa\u00eddo do lugar. E o S\u00e3o Paulo\u2026. Rog\u00e9rio\u2026","rel":"","context":"Em &quot;futebol&quot;","block_context":{"text":"futebol","link":"https:\/\/blogdoprosperi.com\/?cat=53870"},"img":{"alt_text":"32571089791_bf779395d6_z","src":"https:\/\/i0.wp.com\/www.chuteirafc.com.br\/wp-content\/uploads\/2017\/02\/32571089791_bf779395d6_z.jpg?resize=350%2C200","width":350,"height":200,"srcset":"https:\/\/i0.wp.com\/www.chuteirafc.com.br\/wp-content\/uploads\/2017\/02\/32571089791_bf779395d6_z.jpg?resize=350%2C200 1x, https:\/\/i0.wp.com\/www.chuteirafc.com.br\/wp-content\/uploads\/2017\/02\/32571089791_bf779395d6_z.jpg?resize=525%2C300 1.5x"},"classes":[]},{"id":29971,"url":"https:\/\/blogdoprosperi.com\/?p=29971","url_meta":{"origin":31707,"position":4},"title":"S\u00e3o Paulo erra se apostar em Rogerio Ceni na temporada 2017","author":"Luiz Ant\u00f4nio Pr\u00f3speri","date":"26 de outubro de 2016","format":false,"excerpt":"S\u00e3o Paulo ainda n\u00e3o sabe o que fazer na pr\u00f3xima temporada. Um pouco mais tranquilo com duas vit\u00f3rias consecutivas no Brasileir\u00e3o, o comando do clube elogia Ricardo Gomes por aproveitar garotos da base nessa reta final do campeonato. Decis\u00e3o aprovada por unanimidade que encaminharia o treinador a permanecer no Morumbi\u2026","rel":"","context":"Em &quot;Campeonato Brasileiro&quot;","block_context":{"text":"Campeonato Brasileiro","link":"https:\/\/blogdoprosperi.com\/?cat=355071"},"img":{"alt_text":"","src":"https:\/\/i0.wp.com\/blogdoprosperi.com\/wp-content\/uploads\/2016\/10\/tele-santana-comanda-treino-observado-por-muricy-ramalho-em-1995-1393371946821_956x500.jpg?resize=350%2C200&ssl=1","width":350,"height":200,"srcset":"https:\/\/i0.wp.com\/blogdoprosperi.com\/wp-content\/uploads\/2016\/10\/tele-santana-comanda-treino-observado-por-muricy-ramalho-em-1995-1393371946821_956x500.jpg?resize=350%2C200&ssl=1 1x, https:\/\/i0.wp.com\/blogdoprosperi.com\/wp-content\/uploads\/2016\/10\/tele-santana-comanda-treino-observado-por-muricy-ramalho-em-1995-1393371946821_956x500.jpg?resize=525%2C300&ssl=1 1.5x, https:\/\/i0.wp.com\/blogdoprosperi.com\/wp-content\/uploads\/2016\/10\/tele-santana-comanda-treino-observado-por-muricy-ramalho-em-1995-1393371946821_956x500.jpg?resize=700%2C400&ssl=1 2x"},"classes":[]},{"id":36228,"url":"https:\/\/blogdoprosperi.com\/?p=36228","url_meta":{"origin":31707,"position":5},"title":"Lucas Pratto manda um recado. Para Rogerio Ceni?","author":"Luiz Ant\u00f4nio Pr\u00f3speri","date":"23 de junho de 2017","format":false,"excerpt":"Lucas Pratto \u00e9 um dos jogadores mais caros e com mais recursos t\u00e9cnicos nesse grupo de atletas do S\u00e3o Paulo. N\u00e3o se omite e sempre que \u00e9 chamado a dizer o que pensa, fala com sinceridade. Nesses dias de incertezas no Morumbi, Pratto parece que perdeu a paci\u00eancia. Contratado por\u2026","rel":"","context":"Em &quot;Campeonato Brasileiro&quot;","block_context":{"text":"Campeonato Brasileiro","link":"https:\/\/blogdoprosperi.com\/?cat=355071"},"img":{"alt_text":"","src":"https:\/\/i0.wp.com\/blogdoprosperi.com\/wp-content\/uploads\/2017\/06\/pro14-3.jpg?fit=1200%2C800&ssl=1&resize=350%2C200","width":350,"height":200,"srcset":"https:\/\/i0.wp.com\/blogdoprosperi.com\/wp-content\/uploads\/2017\/06\/pro14-3.jpg?fit=1200%2C800&ssl=1&resize=350%2C200 1x, https:\/\/i0.wp.com\/blogdoprosperi.com\/wp-content\/uploads\/2017\/06\/pro14-3.jpg?fit=1200%2C800&ssl=1&resize=525%2C300 1.5x, https:\/\/i0.wp.com\/blogdoprosperi.com\/wp-content\/uploads\/2017\/06\/pro14-3.jpg?fit=1200%2C800&ssl=1&resize=700%2C400 2x, https:\/\/i0.wp.com\/blogdoprosperi.com\/wp-content\/uploads\/2017\/06\/pro14-3.jpg?fit=1200%2C800&ssl=1&resize=1050%2C600 3x"},"classes":[]}],"jetpack_featured_media_url":"","_links":{"self":[{"href":"https:\/\/blogdoprosperi.com\/index.php?rest_route=\/wp\/v2\/posts\/31707","targetHints":{"allow":["GET"]}}],"collection":[{"href":"https:\/\/blogdoprosperi.com\/index.php?rest_route=\/wp\/v2\/posts"}],"about":[{"href":"https:\/\/blogdoprosperi.com\/index.php?rest_route=\/wp\/v2\/types\/post"}],"author":[{"embeddable":true,"href":"https:\/\/blogdoprosperi.com\/index.php?rest_route=\/wp\/v2\/users\/102107496"}],"replies":[{"embeddable":true,"href":"https:\/\/blogdoprosperi.com\/index.php?rest_route=%2Fwp%2Fv2%2Fcomments&post=31707"}],"version-history":[{"count":25,"href":"https:\/\/blogdoprosperi.com\/index.php?rest_route=\/wp\/v2\/posts\/31707\/revisions"}],"predecessor-version":[{"id":31758,"href":"https:\/\/blogdoprosperi.com\/index.php?rest_route=\/wp\/v2\/posts\/31707\/revisions\/31758"}],"wp:attachment":[{"href":"https:\/\/blogdoprosperi.com\/index.php?rest_route=%2Fwp%2Fv2%2Fmedia&parent=31707"}],"wp:term":[{"taxonomy":"category","embeddable":true,"href":"https:\/\/blogdoprosperi.com\/index.php?rest_route=%2Fwp%2Fv2%2Fcategories&post=31707"},{"taxonomy":"post_tag","embeddable":true,"href":"https:\/\/blogdoprosperi.com\/index.php?rest_route=%2Fwp%2Fv2%2Ftags&post=31707"}],"curies":[{"name":"wp","href":"https:\/\/api.w.org\/{rel}","templated":true}]}}