{"id":31989,"date":"2016-11-11T02:16:28","date_gmt":"2016-11-11T04:16:28","guid":{"rendered":"http:\/\/blogdoprosperi.com\/?p=31989"},"modified":"2016-11-11T07:15:56","modified_gmt":"2016-11-11T09:15:56","slug":"brasil-3-x-0-argentina-confira-analise-de-desempenho-dos-jogadores-da-selecao","status":"publish","type":"post","link":"https:\/\/blogdoprosperi.com\/?p=31989","title":{"rendered":"An\u00e1lise e notas dos jogadores do Brasil na vit\u00f3ria por 3 a 0 contra Argentina"},"content":{"rendered":"<p><span class=\"alignnone\"><img data-recalc-dims=\"1\" loading=\"lazy\" decoding=\"async\" data-attachment-id=\"32039\" data-permalink=\"https:\/\/blogdoprosperi.com\/?attachment_id=32039\" data-orig-file=\"https:\/\/i0.wp.com\/blogdoprosperi.com\/wp-content\/uploads\/2016\/11\/neymar-messi-brasil-argentina-eliminatorias-2018-10112016_y83bp52rzqtw10enop535lqk8.jpg?fit=1920%2C1080&amp;ssl=1\" data-orig-size=\"1920,1080\" data-comments-opened=\"1\" data-image-meta=\"{&quot;aperture&quot;:&quot;2.8&quot;,&quot;credit&quot;:&quot;Thomas Santos \/ Mowa Press&quot;,&quot;camera&quot;:&quot;Canon EOS 7D Mark II&quot;,&quot;caption&quot;:&quot;durante jogo da Selecao Brasileira contra a Argentina pela decima primeira rodada das eliminatorias sul-americanas para a Copa da Russia de 2018 no Mineirao em Belo Horizonte&quot;,&quot;created_timestamp&quot;:&quot;1478811049&quot;,&quot;copyright&quot;:&quot;Thomas Santos \/ Mowa Press&quot;,&quot;focal_length&quot;:&quot;300&quot;,&quot;iso&quot;:&quot;3200&quot;,&quot;shutter_speed&quot;:&quot;0.00025&quot;,&quot;title&quot;:&quot;&quot;,&quot;orientation&quot;:&quot;0&quot;}\" data-image-title=\"neymar-messi-brasil-argentina-eliminatorias-2018-10112016_y83bp52rzqtw10enop535lqk8\" data-image-description=\"\" data-image-caption=\"&lt;p&gt;durante jogo da Selecao Brasileira contra a Argentina pela decima primeira rodada das eliminatorias sul-americanas para a Copa da Russia de 2018 no Mineirao em Belo Horizonte&lt;\/p&gt;\n\" data-large-file=\"https:\/\/i0.wp.com\/blogdoprosperi.com\/wp-content\/uploads\/2016\/11\/neymar-messi-brasil-argentina-eliminatorias-2018-10112016_y83bp52rzqtw10enop535lqk8.jpg?fit=940%2C529&amp;ssl=1\" class=\"alignnone size-full wp-image-32039\" src=\"https:\/\/i0.wp.com\/blogdoprosperi.com\/wp-content\/uploads\/2016\/11\/neymar-messi-brasil-argentina-eliminatorias-2018-10112016_y83bp52rzqtw10enop535lqk8.jpg?resize=940%2C529&#038;ssl=1\" alt=\"neymar-messi-brasil-argentina-eliminatorias-2018-10112016_y83bp52rzqtw10enop535lqk8\" width=\"940\" height=\"529\" \/><\/span><\/p>\n<p>Atua\u00e7\u00e3o uniforme consolida o estilo Tite de governar um time. Nenhum jogador levou nota baixa na vit\u00f3ria com certa folga contra o time de Lionel Messi, anulado no Mineir\u00e3o. Neymar, como sempre, destoou. Coutinho e Paulinho tamb\u00e9m convenceram com futebol de primeira linha. Sele\u00e7\u00e3o Brasileira cresce e j\u00e1 est\u00e1 bem perto da R\u00fassia 2018.<!--more--><\/p>\n<p>Veja an\u00e1lise dos jogadores da Sele\u00e7\u00e3o na vit\u00f3ria no Mineir\u00e3o:<\/p>\n<p><strong>Alisson<\/strong><br \/>\nFez uma grande defesa no primeiro tempo, em chute de P\u00e9rez, quando estava com o campo de vis\u00e3o encoberto. N\u00e3o teve muito trabalho no segundo tempo. <strong>Nota 7<\/strong><\/p>\n<p><strong>Daniel Alves<\/strong><br \/>\nSe preservou na primeira parte do jogo dedicando\u2013se apenas \u00e0 marca\u00e7\u00e3o de Di Mar\u00eda. No segundo tempo, apareceu com vigor nas a\u00e7\u00f5es defensivas e ofensivas. <strong>Nota 6<\/strong><\/p>\n<p><strong>Marquinhos<\/strong><br \/>\nDiscreto, enquadrou Higua\u00edn &#8211; o que n\u00e3o \u00e9 muito dif\u00edcil. N\u00e3o perdeu um lance no alto e deus suporte a Miranda, que saiu para o confronto direto com os argentinos. <strong>Nota 6<\/strong><\/p>\n<p><strong>Miranda<\/strong><br \/>\nCir\u00fargico nas interven\u00e7\u00f5es fora da \u00e1rea. Quando Aguero entrou no segundo tempo, teve mais trabalho, mas n\u00e3o deu espa\u00e7o ao atacante argentino. E liderou o time em momentos de embate com o \u00e1rbitro e advers\u00e1rios. <strong>Nota 7<\/strong><\/p>\n<p><strong>(Thiago Silva)<\/strong><br \/>\nJogou pouco tempo. Entrou nos minutos finais da partida para ter o gostinho de \u00a0jogar nessa sua volta \u00e0 Sele\u00e7\u00e3o. <strong>Sem nota.<\/strong><\/p>\n<p><span class=\"alignnone\"><img data-recalc-dims=\"1\" loading=\"lazy\" decoding=\"async\" data-attachment-id=\"32035\" data-permalink=\"https:\/\/blogdoprosperi.com\/?attachment_id=32035\" data-orig-file=\"https:\/\/i0.wp.com\/blogdoprosperi.com\/wp-content\/uploads\/2016\/11\/f8fa7b167e859dc51e2ee323b22742ee792704ce.jpeg?fit=2348%2C1717&amp;ssl=1\" data-orig-size=\"2348,1717\" data-comments-opened=\"1\" data-image-meta=\"{&quot;aperture&quot;:&quot;0&quot;,&quot;credit&quot;:&quot;&quot;,&quot;camera&quot;:&quot;&quot;,&quot;caption&quot;:&quot;&quot;,&quot;created_timestamp&quot;:&quot;0&quot;,&quot;copyright&quot;:&quot;&quot;,&quot;focal_length&quot;:&quot;0&quot;,&quot;iso&quot;:&quot;0&quot;,&quot;shutter_speed&quot;:&quot;0&quot;,&quot;title&quot;:&quot;&quot;,&quot;orientation&quot;:&quot;0&quot;}\" data-image-title=\"f8fa7b167e859dc51e2ee323b22742ee792704ce\" data-image-description=\"\" data-image-caption=\"\" data-large-file=\"https:\/\/i0.wp.com\/blogdoprosperi.com\/wp-content\/uploads\/2016\/11\/f8fa7b167e859dc51e2ee323b22742ee792704ce.jpeg?fit=940%2C687&amp;ssl=1\" class=\"alignnone size-full wp-image-32035\" src=\"https:\/\/i0.wp.com\/blogdoprosperi.com\/wp-content\/uploads\/2016\/11\/f8fa7b167e859dc51e2ee323b22742ee792704ce.jpeg?resize=940%2C687&#038;ssl=1\" alt=\"f8fa7b167e859dc51e2ee323b22742ee792704ce\" width=\"940\" height=\"687\" \/><\/span><\/p>\n<p><strong>Marcelo<\/strong><br \/>\nSofreu muito, com mais dor no segundo tempo, e muitas vezes pediu socorro a Miranda. No segundo tempo, fez o seu jogo e desceu f\u00e1cil ao campo do inimigo. <strong>Nota 6<\/strong><\/p>\n<p><strong>Fernandinho<\/strong><br \/>\nSua miss\u00e3o era n\u00e3o deixar Messi transitar na zona intermedi\u00e1ria. Ao levar cart\u00e3o amarelo, com seis minutos de jogo, passou a jogar como um terceiro zagueiro e a se revezar com Paulinho na persegui\u00e7\u00e3o ao craque. <strong>Nota 6<\/strong><\/p>\n<p><strong>Paulinho<\/strong><br \/>\nUma atua\u00e7\u00e3o para remarcar seu espa\u00e7o na Sele\u00e7\u00e3o. Cumpriu com rigor todas as fun\u00e7\u00f5es designadas por Tite. Marcou, mais no setor esquerdo, trocou de papel com Fernandinho e, como nos bons tempos de Corinthians, apareceu com regularidade na \u00e1rea argentina e foi premiado com um gol.<strong> Nota 8<\/strong><\/p>\n<p><strong>Renato Augusto<\/strong><br \/>\nOper\u00e1rio nos seus movimentos e solidariedade. Teve de inverter de setor com Paulinho e, mesmo assim, se deu bem na marca\u00e7\u00e3o e sa\u00edda de bola. <strong>Nota 7<\/strong><\/p>\n<p><strong><span class=\"alignnone\"><img data-recalc-dims=\"1\" loading=\"lazy\" decoding=\"async\" data-attachment-id=\"32038\" data-permalink=\"https:\/\/blogdoprosperi.com\/?attachment_id=32038\" data-orig-file=\"https:\/\/i0.wp.com\/blogdoprosperi.com\/wp-content\/uploads\/2016\/11\/20161110231125_58251abd221df-1024x6391.jpg?fit=1024%2C639&amp;ssl=1\" data-orig-size=\"1024,639\" data-comments-opened=\"1\" data-image-meta=\"{&quot;aperture&quot;:&quot;0&quot;,&quot;credit&quot;:&quot;&quot;,&quot;camera&quot;:&quot;&quot;,&quot;caption&quot;:&quot;&quot;,&quot;created_timestamp&quot;:&quot;0&quot;,&quot;copyright&quot;:&quot;&quot;,&quot;focal_length&quot;:&quot;0&quot;,&quot;iso&quot;:&quot;0&quot;,&quot;shutter_speed&quot;:&quot;0&quot;,&quot;title&quot;:&quot;&quot;,&quot;orientation&quot;:&quot;0&quot;}\" data-image-title=\"20161110231125_58251abd221df-1024&amp;#215;639\" data-image-description=\"\" data-image-caption=\"\" data-large-file=\"https:\/\/i0.wp.com\/blogdoprosperi.com\/wp-content\/uploads\/2016\/11\/20161110231125_58251abd221df-1024x6391.jpg?fit=940%2C587&amp;ssl=1\" class=\"alignnone size-full wp-image-32038\" src=\"https:\/\/i0.wp.com\/blogdoprosperi.com\/wp-content\/uploads\/2016\/11\/20161110231125_58251abd221df-1024x6391.jpg?resize=940%2C587&#038;ssl=1\" alt=\"20161110231125_58251abd221df-1024x639\" width=\"940\" height=\"587\" \/><\/span><\/strong><\/p>\n<p><strong>Philippe Coutinho<\/strong><br \/>\nGanhou pontos preciosos na briga por uma vaga de titular no time. R\u00e1pido, de chutes mortais, ajudou a destruir a marca\u00e7\u00e3o argentina com movimenta\u00e7\u00e3o, bons passes e dribles. Tem vida longa na Sele\u00e7\u00e3o. Fez um gola\u00e7o. <strong>Nota 8<\/strong><\/p>\n<p><strong>(Douglas Costa)<\/strong><br \/>\nN\u00e3o teve muito tempo para apresentar suas credenciais. Mas conseguiu chegar forte na \u00e1rea argentina. Quando estiver em boas condi\u00e7\u00f5es f\u00edsicas e mais ritmo, vai ser uma dor de cabe\u00e7a a Tite para arrumar um lugar no time. <strong>Nota 6<\/strong><\/p>\n<p><strong>Gabriel Jesus<\/strong><br \/>\nEmparedado entre os zagueiros, teve papel de destaque ao se solidarizar com Neymar na hora de recompor o time. Arisco, criou dificuldades aos beques. Saiu com mais um b\u00f4nus ao inventar a bela jogada e servir Neymar no segundo gol do Brasil. \u00c9 outro que vai longe com Tite. <strong>Nota 7<\/strong><\/p>\n<p><strong>(Roberto Firmino)<\/strong><br \/>\nTeve uns 15 minutos para mostrar servi\u00e7o. Apesar do pouco tempo, deixou claro como \u00e9 insinuante e gosta de chutar ao gol. Pode crescer nessa nova arruma\u00e7\u00e3o da Sele\u00e7\u00e3o. <strong>Nota 6<\/strong><\/p>\n<p><strong><span class=\"alignnone\"><img data-recalc-dims=\"1\" loading=\"lazy\" decoding=\"async\" data-attachment-id=\"32037\" data-permalink=\"https:\/\/blogdoprosperi.com\/?attachment_id=32037\" data-orig-file=\"https:\/\/i0.wp.com\/blogdoprosperi.com\/wp-content\/uploads\/2016\/11\/brasil-3-x-0-argentina-melhores-momentos.jpg?fit=1200%2C800&amp;ssl=1\" data-orig-size=\"1200,800\" data-comments-opened=\"1\" data-image-meta=\"{&quot;aperture&quot;:&quot;0&quot;,&quot;credit&quot;:&quot;&quot;,&quot;camera&quot;:&quot;&quot;,&quot;caption&quot;:&quot;&quot;,&quot;created_timestamp&quot;:&quot;0&quot;,&quot;copyright&quot;:&quot;&quot;,&quot;focal_length&quot;:&quot;0&quot;,&quot;iso&quot;:&quot;0&quot;,&quot;shutter_speed&quot;:&quot;0&quot;,&quot;title&quot;:&quot;&quot;,&quot;orientation&quot;:&quot;0&quot;}\" data-image-title=\"brasil-3-x-0-argentina-melhores-momentos\" data-image-description=\"\" data-image-caption=\"\" data-large-file=\"https:\/\/i0.wp.com\/blogdoprosperi.com\/wp-content\/uploads\/2016\/11\/brasil-3-x-0-argentina-melhores-momentos.jpg?fit=940%2C627&amp;ssl=1\" class=\"alignnone size-full wp-image-32037\" src=\"https:\/\/i0.wp.com\/blogdoprosperi.com\/wp-content\/uploads\/2016\/11\/brasil-3-x-0-argentina-melhores-momentos.jpg?resize=940%2C627&#038;ssl=1\" alt=\"brasil-3-x-0-argentina-melhores-momentos\" width=\"940\" height=\"627\" \/><\/span><\/strong><\/p>\n<p><strong>Neymar<\/strong><br \/>\nVenceu o desafio particular com Messi no cl\u00e1ssico. Com dribles, jogadas de efeito e solidariedade ajudou a demolir os argentinos. Fez um belo gol, o de n\u00famero 50 com a camisa da Sele\u00e7\u00e3o. Indispens\u00e1vel. <strong>Nota 8<\/strong><\/p>\n<p><strong>Tite<\/strong><br \/>\nFez boa leitura do jogo da Argentina e encontrou as solu\u00e7\u00f5es adequadas para n\u00e3o deixar Messi jogar. Em nenhum momento deixou a Sele\u00e7\u00e3o perder o controle do jogo. Suas substitui\u00e7\u00f5es, com a entrada de Douglas Costa e Firmino, foram no sentido de ampliar o massacre. Saiu do Mineir\u00e3o com a sensa\u00e7\u00e3o de que a goleada poderia ter sido mais ampla. <strong>Nota 8<\/strong><\/p>\n<p><strong><span class=\"alignnone\"><img data-recalc-dims=\"1\" loading=\"lazy\" decoding=\"async\" data-attachment-id=\"31985\" data-permalink=\"https:\/\/blogdoprosperi.com\/?attachment_id=31985\" data-orig-file=\"https:\/\/i0.wp.com\/blogdoprosperi.com\/wp-content\/uploads\/2016\/11\/2299991h765.jpg?fit=1360%2C765&amp;ssl=1\" data-orig-size=\"1360,765\" data-comments-opened=\"1\" data-image-meta=\"{&quot;aperture&quot;:&quot;0&quot;,&quot;credit&quot;:&quot;&quot;,&quot;camera&quot;:&quot;&quot;,&quot;caption&quot;:&quot;&quot;,&quot;created_timestamp&quot;:&quot;0&quot;,&quot;copyright&quot;:&quot;&quot;,&quot;focal_length&quot;:&quot;0&quot;,&quot;iso&quot;:&quot;0&quot;,&quot;shutter_speed&quot;:&quot;0&quot;,&quot;title&quot;:&quot;&quot;,&quot;orientation&quot;:&quot;0&quot;}\" data-image-title=\"2299991h765\" data-image-description=\"\" data-image-caption=\"\" data-large-file=\"https:\/\/i0.wp.com\/blogdoprosperi.com\/wp-content\/uploads\/2016\/11\/2299991h765.jpg?fit=940%2C529&amp;ssl=1\" class=\"alignnone size-full wp-image-31985\" src=\"https:\/\/i0.wp.com\/blogdoprosperi.com\/wp-content\/uploads\/2016\/11\/2299991h765.jpg?resize=940%2C529&#038;ssl=1\" alt=\"2299991h765\" width=\"940\" height=\"529\" \/><\/span><\/strong><\/p>\n","protected":false},"excerpt":{"rendered":"<p>Atua\u00e7\u00e3o uniforme consolida o estilo Tite de governar um time. Nenhum jogador levou nota baixa na vit\u00f3ria com [&hellip;]<\/p>\n","protected":false},"author":102107496,"featured_media":0,"comment_status":"open","ping_status":"open","sticky":false,"template":"","format":"standard","meta":{"_coblocks_attr":"","_coblocks_dimensions":"","_coblocks_responsive_height":"","_coblocks_accordion_ie_support":"","_jetpack_newsletter_access":"","_jetpack_dont_email_post_to_subs":false,"_jetpack_newsletter_tier_id":0,"_jetpack_memberships_contains_paywalled_content":false,"_wpcom_ai_launchpad_first_post":false,"_jetpack_feature_clip_id":0,"_jetpack_memberships_contains_paid_content":false,"footnotes":"","jetpack_publicize_message":"","jetpack_publicize_feature_enabled":true,"jetpack_social_post_already_shared":false,"jetpack_social_options":{"image_generator_settings":{"template":"highway","default_image_id":0,"font":"","enabled":false},"version":2},"jetpack_post_was_ever_published":false},"categories":[53870],"tags":[158024,18939,789560560,81750,4112146,4799649,9148444,789560562,1814220],"class_list":["post-31989","post","type-post","status-publish","format-standard","hentry","category-futebol","tag-analise","tag-argentina","tag-futebol","tag-messi","tag-neymar","tag-paulinho","tag-philippe-coutinho","tag-selecao-brasileira","tag-tite"],"yoast_head":"<!-- This site is optimized with the Yoast SEO plugin v28.4 - https:\/\/yoast.com\/product\/yoast-seo-wordpress\/ -->\n<title>An\u00e1lise e notas dos jogadores do Brasil na vit\u00f3ria por 3 a 0 contra Argentina - PR\u00d3SPERI NEWS<\/title>\n<meta name=\"robots\" content=\"index, follow, max-snippet:-1, max-image-preview:large, max-video-preview:-1\" \/>\n<link rel=\"canonical\" href=\"https:\/\/blogdoprosperi.com\/?p=31989\" \/>\n<meta property=\"og:locale\" content=\"pt_BR\" \/>\n<meta property=\"og:type\" content=\"article\" \/>\n<meta property=\"og:title\" content=\"An\u00e1lise e notas dos jogadores do Brasil na vit\u00f3ria por 3 a 0 contra Argentina - PR\u00d3SPERI NEWS\" \/>\n<meta property=\"og:description\" content=\"Atua\u00e7\u00e3o uniforme consolida o estilo Tite de governar um time. Nenhum jogador levou nota baixa na vit\u00f3ria com [&hellip;]\" \/>\n<meta property=\"og:url\" content=\"https:\/\/blogdoprosperi.com\/?p=31989\" \/>\n<meta property=\"og:site_name\" content=\"PR\u00d3SPERI NEWS\" \/>\n<meta property=\"article:publisher\" content=\"Luiz Pr\u00f3speri\" \/>\n<meta property=\"article:author\" content=\"Luiz Pr\u00f3speri\" \/>\n<meta property=\"article:published_time\" content=\"2016-11-11T04:16:28+00:00\" \/>\n<meta property=\"article:modified_time\" content=\"2016-11-11T09:15:56+00:00\" \/>\n<meta property=\"og:image\" content=\"https:\/\/blogdoprosperi.com\/wp-content\/uploads\/2016\/11\/neymar-messi-brasil-argentina-eliminatorias-2018-10112016_y83bp52rzqtw10enop535lqk8.jpg\" \/>\n<meta name=\"author\" content=\"Luiz Ant\u00f4nio Pr\u00f3speri\" \/>\n<meta name=\"twitter:card\" content=\"summary_large_image\" \/>\n<meta name=\"twitter:creator\" content=\"@Luizprosperi\" \/>\n<meta name=\"twitter:site\" content=\"@Luizprosperi\" \/>\n<meta name=\"twitter:label1\" content=\"Escrito por\" \/>\n\t<meta name=\"twitter:data1\" content=\"Luiz Ant\u00f4nio Pr\u00f3speri\" \/>\n\t<meta name=\"twitter:label2\" content=\"Est. tempo de leitura\" \/>\n\t<meta name=\"twitter:data2\" content=\"3 minutos\" \/>\n<script type=\"application\/ld+json\" class=\"yoast-schema-graph\">{\"@context\":\"https:\\\/\\\/schema.org\",\"@graph\":[{\"@type\":\"Article\",\"@id\":\"https:\\\/\\\/blogdoprosperi.com\\\/?p=31989#article\",\"isPartOf\":{\"@id\":\"https:\\\/\\\/blogdoprosperi.com\\\/?p=31989\"},\"author\":{\"name\":\"Luiz Ant\u00f4nio Pr\u00f3speri\",\"@id\":\"https:\\\/\\\/blogdoprosperi.com\\\/#\\\/schema\\\/person\\\/38100755ce3601861ee4fab9b5aa78e9\"},\"headline\":\"An\u00e1lise e notas dos jogadores do Brasil na vit\u00f3ria por 3 a 0 contra Argentina\",\"datePublished\":\"2016-11-11T04:16:28+00:00\",\"dateModified\":\"2016-11-11T09:15:56+00:00\",\"mainEntityOfPage\":{\"@id\":\"https:\\\/\\\/blogdoprosperi.com\\\/?p=31989\"},\"wordCount\":690,\"commentCount\":1,\"publisher\":{\"@id\":\"https:\\\/\\\/blogdoprosperi.com\\\/#\\\/schema\\\/person\\\/38100755ce3601861ee4fab9b5aa78e9\"},\"image\":{\"@id\":\"https:\\\/\\\/blogdoprosperi.com\\\/?p=31989#primaryimage\"},\"thumbnailUrl\":\"https:\\\/\\\/blogdoprosperi.com\\\/wp-content\\\/uploads\\\/2016\\\/11\\\/neymar-messi-brasil-argentina-eliminatorias-2018-10112016_y83bp52rzqtw10enop535lqk8.jpg\",\"keywords\":[\"An\u00e1lise\",\"Argentina\",\"futebol\",\"Messi\",\"Neymar\",\"Paulinho\",\"Philippe Coutinho\",\"Sele\u00e7\u00e3o Brasileira\",\"Tite\"],\"articleSection\":[\"futebol\"],\"inLanguage\":\"pt-BR\",\"potentialAction\":[{\"@type\":\"CommentAction\",\"name\":\"Comment\",\"target\":[\"https:\\\/\\\/blogdoprosperi.com\\\/?p=31989#respond\"]}]},{\"@type\":\"WebPage\",\"@id\":\"https:\\\/\\\/blogdoprosperi.com\\\/?p=31989\",\"url\":\"https:\\\/\\\/blogdoprosperi.com\\\/?p=31989\",\"name\":\"An\u00e1lise e notas dos jogadores do Brasil na vit\u00f3ria por 3 a 0 contra Argentina - PR\u00d3SPERI NEWS\",\"isPartOf\":{\"@id\":\"https:\\\/\\\/blogdoprosperi.com\\\/#website\"},\"primaryImageOfPage\":{\"@id\":\"https:\\\/\\\/blogdoprosperi.com\\\/?p=31989#primaryimage\"},\"image\":{\"@id\":\"https:\\\/\\\/blogdoprosperi.com\\\/?p=31989#primaryimage\"},\"thumbnailUrl\":\"https:\\\/\\\/blogdoprosperi.com\\\/wp-content\\\/uploads\\\/2016\\\/11\\\/neymar-messi-brasil-argentina-eliminatorias-2018-10112016_y83bp52rzqtw10enop535lqk8.jpg\",\"datePublished\":\"2016-11-11T04:16:28+00:00\",\"dateModified\":\"2016-11-11T09:15:56+00:00\",\"breadcrumb\":{\"@id\":\"https:\\\/\\\/blogdoprosperi.com\\\/?p=31989#breadcrumb\"},\"inLanguage\":\"pt-BR\",\"potentialAction\":[{\"@type\":\"ReadAction\",\"target\":[\"https:\\\/\\\/blogdoprosperi.com\\\/?p=31989\"]}]},{\"@type\":\"ImageObject\",\"inLanguage\":\"pt-BR\",\"@id\":\"https:\\\/\\\/blogdoprosperi.com\\\/?p=31989#primaryimage\",\"url\":\"https:\\\/\\\/i0.wp.com\\\/blogdoprosperi.com\\\/wp-content\\\/uploads\\\/2016\\\/11\\\/neymar-messi-brasil-argentina-eliminatorias-2018-10112016_y83bp52rzqtw10enop535lqk8.jpg?fit=1920%2C1080&ssl=1\",\"contentUrl\":\"https:\\\/\\\/i0.wp.com\\\/blogdoprosperi.com\\\/wp-content\\\/uploads\\\/2016\\\/11\\\/neymar-messi-brasil-argentina-eliminatorias-2018-10112016_y83bp52rzqtw10enop535lqk8.jpg?fit=1920%2C1080&ssl=1\",\"width\":1920,\"height\":1080,\"caption\":\"durante jogo da Selecao Brasileira contra a Argentina pela decima primeira rodada das eliminatorias sul-americanas para a Copa da Russia de 2018 no Mineirao em Belo Horizonte\"},{\"@type\":\"BreadcrumbList\",\"@id\":\"https:\\\/\\\/blogdoprosperi.com\\\/?p=31989#breadcrumb\",\"itemListElement\":[{\"@type\":\"ListItem\",\"position\":1,\"name\":\"In\u00edcio\",\"item\":\"https:\\\/\\\/blogdoprosperi.com\\\/\"},{\"@type\":\"ListItem\",\"position\":2,\"name\":\"An\u00e1lise e notas dos jogadores do Brasil na vit\u00f3ria por 3 a 0 contra Argentina\"}]},{\"@type\":\"WebSite\",\"@id\":\"https:\\\/\\\/blogdoprosperi.com\\\/#website\",\"url\":\"https:\\\/\\\/blogdoprosperi.com\\\/\",\"name\":\"PR\u00d3SPERI NEWS\",\"description\":\"TUDO \u00c9  FUTEBOL\",\"publisher\":{\"@id\":\"https:\\\/\\\/blogdoprosperi.com\\\/#\\\/schema\\\/person\\\/38100755ce3601861ee4fab9b5aa78e9\"},\"alternateName\":\"blogdoprosperi.com\",\"potentialAction\":[{\"@type\":\"SearchAction\",\"target\":{\"@type\":\"EntryPoint\",\"urlTemplate\":\"https:\\\/\\\/blogdoprosperi.com\\\/?s={search_term_string}\"},\"query-input\":{\"@type\":\"PropertyValueSpecification\",\"valueRequired\":true,\"valueName\":\"search_term_string\"}}],\"inLanguage\":\"pt-BR\"},{\"@type\":[\"Person\",\"Organization\"],\"@id\":\"https:\\\/\\\/blogdoprosperi.com\\\/#\\\/schema\\\/person\\\/38100755ce3601861ee4fab9b5aa78e9\",\"name\":\"Luiz Ant\u00f4nio Pr\u00f3speri\",\"pronouns\":\"ele\",\"image\":{\"@type\":\"ImageObject\",\"inLanguage\":\"pt-BR\",\"@id\":\"https:\\\/\\\/i0.wp.com\\\/blogdoprosperi.com\\\/wp-content\\\/uploads\\\/2026\\\/05\\\/cropped-8059e613-6002-42fa-961e-8e275f575d71-2-5.jpg?fit=1360%2C931&ssl=1\",\"url\":\"https:\\\/\\\/i0.wp.com\\\/blogdoprosperi.com\\\/wp-content\\\/uploads\\\/2026\\\/05\\\/cropped-8059e613-6002-42fa-961e-8e275f575d71-2-5.jpg?fit=1360%2C931&ssl=1\",\"contentUrl\":\"https:\\\/\\\/i0.wp.com\\\/blogdoprosperi.com\\\/wp-content\\\/uploads\\\/2026\\\/05\\\/cropped-8059e613-6002-42fa-961e-8e275f575d71-2-5.jpg?fit=1360%2C931&ssl=1\",\"width\":1360,\"height\":931,\"caption\":\"Luiz Ant\u00f4nio Pr\u00f3speri\"},\"logo\":{\"@id\":\"https:\\\/\\\/i0.wp.com\\\/blogdoprosperi.com\\\/wp-content\\\/uploads\\\/2026\\\/05\\\/cropped-8059e613-6002-42fa-961e-8e275f575d71-2-5.jpg?fit=1360%2C931&ssl=1\"},\"description\":\"Jornalista com carreira dedicada ao esporte. Cobriu 9 Copas do Mundo in loco, 1990 na It\u00e1lia, 1994 nos EUA, 1998 na Fran\u00e7a, 2002 na Coreia do Sul e Jap\u00e3o, 2006 na Alemanha, 2010 na \u00c1frica do Sul, 2014 no Brasil, 2018 na R\u00fassia e 2022 no Qatar. Eurocopas, 1992 na Su\u00e9cia e 1996 na Inglaterra. Copa das Confedera\u00e7\u00f5es de 2005 na Alemanha e 2009 na \u00c1frica do Sul. Rep\u00f3rter e Editor, trabalhou no Jornal da Tarde e Estad\u00e3o, de 1984 a fevereiro de 2016. Colunista, blogueiro. E comentarista de futebol na R\u00e1dio Estad\u00e3o, de 2013 a fevereiro de 2016. Jornalista respons\u00e1vel do \\\"Pr\u00f3speri News\\\" (blogdoprosperi.com).\",\"sameAs\":[\"http:\\\/\\\/blogdoprosperi.com\",\"Luiz Pr\u00f3speri\",\"@luiz_prosperi\",\"https:\\\/\\\/x.com\\\/Luizprosperi\",\"@prosperinacopa\",\"luiz.prosperi@icloud.com\"],\"url\":\"https:\\\/\\\/blogdoprosperi.com\\\/?author=102107496\"}]}<\/script>\n<!-- \/ Yoast SEO plugin. -->","yoast_head_json":{"title":"An\u00e1lise e notas dos jogadores do Brasil na vit\u00f3ria por 3 a 0 contra Argentina - PR\u00d3SPERI NEWS","robots":{"index":"index","follow":"follow","max-snippet":"max-snippet:-1","max-image-preview":"max-image-preview:large","max-video-preview":"max-video-preview:-1"},"canonical":"https:\/\/blogdoprosperi.com\/?p=31989","og_locale":"pt_BR","og_type":"article","og_title":"An\u00e1lise e notas dos jogadores do Brasil na vit\u00f3ria por 3 a 0 contra Argentina - PR\u00d3SPERI NEWS","og_description":"Atua\u00e7\u00e3o uniforme consolida o estilo Tite de governar um time. Nenhum jogador levou nota baixa na vit\u00f3ria com [&hellip;]","og_url":"https:\/\/blogdoprosperi.com\/?p=31989","og_site_name":"PR\u00d3SPERI NEWS","article_publisher":"Luiz Pr\u00f3speri","article_author":"Luiz Pr\u00f3speri","article_published_time":"2016-11-11T04:16:28+00:00","article_modified_time":"2016-11-11T09:15:56+00:00","og_image":[{"url":"https:\/\/blogdoprosperi.com\/wp-content\/uploads\/2016\/11\/neymar-messi-brasil-argentina-eliminatorias-2018-10112016_y83bp52rzqtw10enop535lqk8.jpg","type":"","width":"","height":""}],"author":"Luiz Ant\u00f4nio Pr\u00f3speri","twitter_card":"summary_large_image","twitter_creator":"@Luizprosperi","twitter_site":"@Luizprosperi","twitter_misc":{"Escrito por":"Luiz Ant\u00f4nio Pr\u00f3speri","Est. tempo de leitura":"3 minutos"},"schema":{"@context":"https:\/\/schema.org","@graph":[{"@type":"Article","@id":"https:\/\/blogdoprosperi.com\/?p=31989#article","isPartOf":{"@id":"https:\/\/blogdoprosperi.com\/?p=31989"},"author":{"name":"Luiz Ant\u00f4nio Pr\u00f3speri","@id":"https:\/\/blogdoprosperi.com\/#\/schema\/person\/38100755ce3601861ee4fab9b5aa78e9"},"headline":"An\u00e1lise e notas dos jogadores do Brasil na vit\u00f3ria por 3 a 0 contra Argentina","datePublished":"2016-11-11T04:16:28+00:00","dateModified":"2016-11-11T09:15:56+00:00","mainEntityOfPage":{"@id":"https:\/\/blogdoprosperi.com\/?p=31989"},"wordCount":690,"commentCount":1,"publisher":{"@id":"https:\/\/blogdoprosperi.com\/#\/schema\/person\/38100755ce3601861ee4fab9b5aa78e9"},"image":{"@id":"https:\/\/blogdoprosperi.com\/?p=31989#primaryimage"},"thumbnailUrl":"https:\/\/blogdoprosperi.com\/wp-content\/uploads\/2016\/11\/neymar-messi-brasil-argentina-eliminatorias-2018-10112016_y83bp52rzqtw10enop535lqk8.jpg","keywords":["An\u00e1lise","Argentina","futebol","Messi","Neymar","Paulinho","Philippe Coutinho","Sele\u00e7\u00e3o Brasileira","Tite"],"articleSection":["futebol"],"inLanguage":"pt-BR","potentialAction":[{"@type":"CommentAction","name":"Comment","target":["https:\/\/blogdoprosperi.com\/?p=31989#respond"]}]},{"@type":"WebPage","@id":"https:\/\/blogdoprosperi.com\/?p=31989","url":"https:\/\/blogdoprosperi.com\/?p=31989","name":"An\u00e1lise e notas dos jogadores do Brasil na vit\u00f3ria por 3 a 0 contra Argentina - PR\u00d3SPERI NEWS","isPartOf":{"@id":"https:\/\/blogdoprosperi.com\/#website"},"primaryImageOfPage":{"@id":"https:\/\/blogdoprosperi.com\/?p=31989#primaryimage"},"image":{"@id":"https:\/\/blogdoprosperi.com\/?p=31989#primaryimage"},"thumbnailUrl":"https:\/\/blogdoprosperi.com\/wp-content\/uploads\/2016\/11\/neymar-messi-brasil-argentina-eliminatorias-2018-10112016_y83bp52rzqtw10enop535lqk8.jpg","datePublished":"2016-11-11T04:16:28+00:00","dateModified":"2016-11-11T09:15:56+00:00","breadcrumb":{"@id":"https:\/\/blogdoprosperi.com\/?p=31989#breadcrumb"},"inLanguage":"pt-BR","potentialAction":[{"@type":"ReadAction","target":["https:\/\/blogdoprosperi.com\/?p=31989"]}]},{"@type":"ImageObject","inLanguage":"pt-BR","@id":"https:\/\/blogdoprosperi.com\/?p=31989#primaryimage","url":"https:\/\/i0.wp.com\/blogdoprosperi.com\/wp-content\/uploads\/2016\/11\/neymar-messi-brasil-argentina-eliminatorias-2018-10112016_y83bp52rzqtw10enop535lqk8.jpg?fit=1920%2C1080&ssl=1","contentUrl":"https:\/\/i0.wp.com\/blogdoprosperi.com\/wp-content\/uploads\/2016\/11\/neymar-messi-brasil-argentina-eliminatorias-2018-10112016_y83bp52rzqtw10enop535lqk8.jpg?fit=1920%2C1080&ssl=1","width":1920,"height":1080,"caption":"durante jogo da Selecao Brasileira contra a Argentina pela decima primeira rodada das eliminatorias sul-americanas para a Copa da Russia de 2018 no Mineirao em Belo Horizonte"},{"@type":"BreadcrumbList","@id":"https:\/\/blogdoprosperi.com\/?p=31989#breadcrumb","itemListElement":[{"@type":"ListItem","position":1,"name":"In\u00edcio","item":"https:\/\/blogdoprosperi.com\/"},{"@type":"ListItem","position":2,"name":"An\u00e1lise e notas dos jogadores do Brasil na vit\u00f3ria por 3 a 0 contra Argentina"}]},{"@type":"WebSite","@id":"https:\/\/blogdoprosperi.com\/#website","url":"https:\/\/blogdoprosperi.com\/","name":"PR\u00d3SPERI NEWS","description":"TUDO \u00c9  FUTEBOL","publisher":{"@id":"https:\/\/blogdoprosperi.com\/#\/schema\/person\/38100755ce3601861ee4fab9b5aa78e9"},"alternateName":"blogdoprosperi.com","potentialAction":[{"@type":"SearchAction","target":{"@type":"EntryPoint","urlTemplate":"https:\/\/blogdoprosperi.com\/?s={search_term_string}"},"query-input":{"@type":"PropertyValueSpecification","valueRequired":true,"valueName":"search_term_string"}}],"inLanguage":"pt-BR"},{"@type":["Person","Organization"],"@id":"https:\/\/blogdoprosperi.com\/#\/schema\/person\/38100755ce3601861ee4fab9b5aa78e9","name":"Luiz Ant\u00f4nio Pr\u00f3speri","pronouns":"ele","image":{"@type":"ImageObject","inLanguage":"pt-BR","@id":"https:\/\/i0.wp.com\/blogdoprosperi.com\/wp-content\/uploads\/2026\/05\/cropped-8059e613-6002-42fa-961e-8e275f575d71-2-5.jpg?fit=1360%2C931&ssl=1","url":"https:\/\/i0.wp.com\/blogdoprosperi.com\/wp-content\/uploads\/2026\/05\/cropped-8059e613-6002-42fa-961e-8e275f575d71-2-5.jpg?fit=1360%2C931&ssl=1","contentUrl":"https:\/\/i0.wp.com\/blogdoprosperi.com\/wp-content\/uploads\/2026\/05\/cropped-8059e613-6002-42fa-961e-8e275f575d71-2-5.jpg?fit=1360%2C931&ssl=1","width":1360,"height":931,"caption":"Luiz Ant\u00f4nio Pr\u00f3speri"},"logo":{"@id":"https:\/\/i0.wp.com\/blogdoprosperi.com\/wp-content\/uploads\/2026\/05\/cropped-8059e613-6002-42fa-961e-8e275f575d71-2-5.jpg?fit=1360%2C931&ssl=1"},"description":"Jornalista com carreira dedicada ao esporte. Cobriu 9 Copas do Mundo in loco, 1990 na It\u00e1lia, 1994 nos EUA, 1998 na Fran\u00e7a, 2002 na Coreia do Sul e Jap\u00e3o, 2006 na Alemanha, 2010 na \u00c1frica do Sul, 2014 no Brasil, 2018 na R\u00fassia e 2022 no Qatar. Eurocopas, 1992 na Su\u00e9cia e 1996 na Inglaterra. Copa das Confedera\u00e7\u00f5es de 2005 na Alemanha e 2009 na \u00c1frica do Sul. Rep\u00f3rter e Editor, trabalhou no Jornal da Tarde e Estad\u00e3o, de 1984 a fevereiro de 2016. Colunista, blogueiro. E comentarista de futebol na R\u00e1dio Estad\u00e3o, de 2013 a fevereiro de 2016. Jornalista respons\u00e1vel do \"Pr\u00f3speri News\" (blogdoprosperi.com).","sameAs":["http:\/\/blogdoprosperi.com","Luiz Pr\u00f3speri","@luiz_prosperi","https:\/\/x.com\/Luizprosperi","@prosperinacopa","luiz.prosperi@icloud.com"],"url":"https:\/\/blogdoprosperi.com\/?author=102107496"}]}},"jetpack_publicize_connections":[],"jetpack_likes_enabled":false,"jetpack_sharing_enabled":true,"jetpack_shortlink":"https:\/\/wp.me\/p7jvdk-8jX","jetpack-related-posts":[{"id":31893,"url":"https:\/\/blogdoprosperi.com\/?p=31893","url_meta":{"origin":31989,"position":0},"title":"Sele\u00e7\u00e3o Brasileira mostra sua identidade e deixa Argentina mais longe da R\u00fassia","author":"Luiz Ant\u00f4nio Pr\u00f3speri","date":"11 de novembro de 2016","format":false,"excerpt":"Sele\u00e7\u00e3o Brasileira resgatou sua identidade com uma vit\u00f3ria categ\u00f3rica por 3 a 0 contra Argentina no Mineir\u00e3o. Quando se enquadra um rival de tradi\u00e7\u00e3o, de camisa, \u00e9 sinal de que est\u00e1 no caminho certo. Brasil de Tite se fez presente no momento de dificuldade e se imp\u00f4s com autoridade ao\u2026","rel":"","context":"Em &quot;futebol&quot;","block_context":{"text":"futebol","link":"https:\/\/blogdoprosperi.com\/?cat=53870"},"img":{"alt_text":"","src":"https:\/\/i0.wp.com\/blogdoprosperi.com\/wp-content\/uploads\/2016\/11\/hi-res-4f0f6ac59400c008cabfd17b7340b772_crop_north.jpg?resize=350%2C200&ssl=1","width":350,"height":200,"srcset":"https:\/\/i0.wp.com\/blogdoprosperi.com\/wp-content\/uploads\/2016\/11\/hi-res-4f0f6ac59400c008cabfd17b7340b772_crop_north.jpg?resize=350%2C200&ssl=1 1x, https:\/\/i0.wp.com\/blogdoprosperi.com\/wp-content\/uploads\/2016\/11\/hi-res-4f0f6ac59400c008cabfd17b7340b772_crop_north.jpg?resize=525%2C300&ssl=1 1.5x"},"classes":[]},{"id":24382,"url":"https:\/\/blogdoprosperi.com\/?p=24382","url_meta":{"origin":31989,"position":1},"title":"An\u00e1lise dos jogadores da Sele\u00e7\u00e3o: Casemiro diminui a Col\u00f4mbia e Coutinho  renasce com Tite","author":"Luiz Ant\u00f4nio Pr\u00f3speri","date":"7 de setembro de 2016","format":false,"excerpt":"Brasil vence Col\u00f4mbia em casa por 2 a 1 no segundo jogo sob o comando de Tite, entra na zona de classifica\u00e7\u00e3o da Copa do Mundo de 2018 e consolida alguns jogadores at\u00e9 ent\u00e3o fora do primeiro escal\u00e3o nos tempos de Dunga. Nesta partida em Manaus, Casemiro e Philipe Coutinho\u2026","rel":"","context":"Em &quot;futebol&quot;","block_context":{"text":"futebol","link":"https:\/\/blogdoprosperi.com\/?cat=53870"},"img":{"alt_text":"","src":"https:\/\/i0.wp.com\/blogdoprosperi.com\/wp-content\/uploads\/2016\/09\/20160906233620_57cf7d2401a32.jpg?resize=350%2C200","width":350,"height":200,"srcset":"https:\/\/i0.wp.com\/blogdoprosperi.com\/wp-content\/uploads\/2016\/09\/20160906233620_57cf7d2401a32.jpg?resize=350%2C200 1x, https:\/\/i0.wp.com\/blogdoprosperi.com\/wp-content\/uploads\/2016\/09\/20160906233620_57cf7d2401a32.jpg?resize=525%2C300 1.5x, https:\/\/i0.wp.com\/blogdoprosperi.com\/wp-content\/uploads\/2016\/09\/20160906233620_57cf7d2401a32.jpg?resize=700%2C400 2x, https:\/\/i0.wp.com\/blogdoprosperi.com\/wp-content\/uploads\/2016\/09\/20160906233620_57cf7d2401a32.jpg?resize=1050%2C600 3x, https:\/\/i0.wp.com\/blogdoprosperi.com\/wp-content\/uploads\/2016\/09\/20160906233620_57cf7d2401a32.jpg?resize=1400%2C800 4x"},"classes":[]},{"id":24298,"url":"https:\/\/blogdoprosperi.com\/?p=24298","url_meta":{"origin":31989,"position":2},"title":"Philipe Coutinho muda o jogo e Tite alcan\u00e7a segunda vit\u00f3ria consecutiva com a Sele\u00e7\u00e3o","author":"Luiz Ant\u00f4nio Pr\u00f3speri","date":"7 de setembro de 2016","format":false,"excerpt":"Se Gabriel Jesus fez a diferen\u00e7a na estreia de Tite no comando da Sele\u00e7\u00e3o Brasileira contra o Equador, Philipe Coutinho mudou o rumo do jogo na vit\u00f3ria diante da Col\u00f4mbia por 2 a 1 nesta ter\u00e7a-feira (06\/9), em Manaus, pelas Eliminat\u00f3rias da Copa de 2018. O meia do Liverpool entrou\u2026","rel":"","context":"Em &quot;futebol&quot;","block_context":{"text":"futebol","link":"https:\/\/blogdoprosperi.com\/?cat=53870"},"img":{"alt_text":"","src":"https:\/\/i0.wp.com\/blogdoprosperi.com\/wp-content\/uploads\/2016\/09\/20160906233731_57cf7d6b04778.jpg?resize=350%2C200&ssl=1","width":350,"height":200,"srcset":"https:\/\/i0.wp.com\/blogdoprosperi.com\/wp-content\/uploads\/2016\/09\/20160906233731_57cf7d6b04778.jpg?resize=350%2C200&ssl=1 1x, https:\/\/i0.wp.com\/blogdoprosperi.com\/wp-content\/uploads\/2016\/09\/20160906233731_57cf7d6b04778.jpg?resize=525%2C300&ssl=1 1.5x, https:\/\/i0.wp.com\/blogdoprosperi.com\/wp-content\/uploads\/2016\/09\/20160906233731_57cf7d6b04778.jpg?resize=700%2C400&ssl=1 2x, https:\/\/i0.wp.com\/blogdoprosperi.com\/wp-content\/uploads\/2016\/09\/20160906233731_57cf7d6b04778.jpg?resize=1050%2C600&ssl=1 3x, https:\/\/i0.wp.com\/blogdoprosperi.com\/wp-content\/uploads\/2016\/09\/20160906233731_57cf7d6b04778.jpg?resize=1400%2C800&ssl=1 4x"},"classes":[]},{"id":23972,"url":"https:\/\/blogdoprosperi.com\/?p=23972","url_meta":{"origin":31989,"position":3},"title":"Tite estreia com vit\u00f3ria na Sele\u00e7\u00e3o e lan\u00e7a ao mundo um novo fen\u00f4meno do futebol brasileiro: Gabriel Jesus","author":"Luiz Ant\u00f4nio Pr\u00f3speri","date":"1 de setembro de 2016","format":false,"excerpt":"Quando dirigia o Corinthians Tite se impressionou com Gabriel Jesus, ainda na temporada de 2015. Em conversas reservadas repetia que o garoto do Palmeiras estava pronto, era diferente. Pep Guardiola, depois de sacramentada a contrata\u00e7\u00e3o do atacante pelo Manchester City, disse assim: \"Compramos gols, Jesus \u00e9 fazedor de gols\".\u00a0Na sua\u2026","rel":"","context":"Em &quot;futebol&quot;","block_context":{"text":"futebol","link":"https:\/\/blogdoprosperi.com\/?cat=53870"},"img":{"alt_text":"","src":"https:\/\/i0.wp.com\/blogdoprosperi.com\/wp-content\/uploads\/2016\/09\/brasil-x-equador-20160901-0017.jpg?resize=350%2C200&ssl=1","width":350,"height":200,"srcset":"https:\/\/i0.wp.com\/blogdoprosperi.com\/wp-content\/uploads\/2016\/09\/brasil-x-equador-20160901-0017.jpg?resize=350%2C200&ssl=1 1x, https:\/\/i0.wp.com\/blogdoprosperi.com\/wp-content\/uploads\/2016\/09\/brasil-x-equador-20160901-0017.jpg?resize=525%2C300&ssl=1 1.5x, https:\/\/i0.wp.com\/blogdoprosperi.com\/wp-content\/uploads\/2016\/09\/brasil-x-equador-20160901-0017.jpg?resize=700%2C400&ssl=1 2x, https:\/\/i0.wp.com\/blogdoprosperi.com\/wp-content\/uploads\/2016\/09\/brasil-x-equador-20160901-0017.jpg?resize=1050%2C600&ssl=1 3x, https:\/\/i0.wp.com\/blogdoprosperi.com\/wp-content\/uploads\/2016\/09\/brasil-x-equador-20160901-0017.jpg?resize=1400%2C800&ssl=1 4x"},"classes":[]},{"id":28148,"url":"https:\/\/blogdoprosperi.com\/?p=28148","url_meta":{"origin":31989,"position":4},"title":"Al\u00f4 Neymar, Sele\u00e7\u00e3o Brasileira sabe vencer sem voc\u00ea","author":"Luiz Ant\u00f4nio Pr\u00f3speri","date":"11 de outubro de 2016","format":false,"excerpt":"Sele\u00e7\u00e3o Brasileira n\u00e3o sentiu a falta de Neymar para assumir a lideran\u00e7a das Eliminat\u00f3rias da Copa de 2018. Sem grandes sustos, derrotou a fraca Venezuela por 2 a 0 em M\u00e9rida. Sem o craque, o time fez tudo certo. Tudo bem que sem muito lustro, sem nada de muito especial,\u2026","rel":"","context":"Em &quot;futebol&quot;","block_context":{"text":"futebol","link":"https:\/\/blogdoprosperi.com\/?cat=53870"},"img":{"alt_text":"","src":"https:\/\/i0.wp.com\/blogdoprosperi.com\/wp-content\/uploads\/2016\/10\/soccer-worldcup-ven-bra_-ghf2v00n7-1.jpg?resize=350%2C200&ssl=1","width":350,"height":200,"srcset":"https:\/\/i0.wp.com\/blogdoprosperi.com\/wp-content\/uploads\/2016\/10\/soccer-worldcup-ven-bra_-ghf2v00n7-1.jpg?resize=350%2C200&ssl=1 1x, https:\/\/i0.wp.com\/blogdoprosperi.com\/wp-content\/uploads\/2016\/10\/soccer-worldcup-ven-bra_-ghf2v00n7-1.jpg?resize=525%2C300&ssl=1 1.5x, https:\/\/i0.wp.com\/blogdoprosperi.com\/wp-content\/uploads\/2016\/10\/soccer-worldcup-ven-bra_-ghf2v00n7-1.jpg?resize=700%2C400&ssl=1 2x, https:\/\/i0.wp.com\/blogdoprosperi.com\/wp-content\/uploads\/2016\/10\/soccer-worldcup-ven-bra_-ghf2v00n7-1.jpg?resize=1050%2C600&ssl=1 3x"},"classes":[]},{"id":31793,"url":"https:\/\/blogdoprosperi.com\/?p=31793","url_meta":{"origin":31989,"position":5},"title":"Neymar desafia seu parceiro Messi","author":"Luiz Ant\u00f4nio Pr\u00f3speri","date":"10 de novembro de 2016","format":false,"excerpt":"Sele\u00e7\u00e3o Brasileira volta ao Mineir\u00e3o do 7 a 1 com outra cara no duelo contra rival Argentina. Craque brasileiro vive expectativa de enquadrar na bola seu companheiro de Barcelona Neymar recebe Messi no Mineir\u00e3o de amarga lembran\u00e7a. Leais companheiros de Barcelona e letais aos advers\u00e1rios, s\u00e3o chamados ao duelo neste\u2026","rel":"","context":"Em &quot;Campeonato Brasileiro&quot;","block_context":{"text":"Campeonato Brasileiro","link":"https:\/\/blogdoprosperi.com\/?cat=355071"},"img":{"alt_text":"","src":"https:\/\/i0.wp.com\/blogdoprosperi.com\/wp-content\/uploads\/2016\/11\/neymessi.jpg?resize=350%2C200&ssl=1","width":350,"height":200,"srcset":"https:\/\/i0.wp.com\/blogdoprosperi.com\/wp-content\/uploads\/2016\/11\/neymessi.jpg?resize=350%2C200&ssl=1 1x, https:\/\/i0.wp.com\/blogdoprosperi.com\/wp-content\/uploads\/2016\/11\/neymessi.jpg?resize=525%2C300&ssl=1 1.5x"},"classes":[]}],"jetpack_featured_media_url":"","_links":{"self":[{"href":"https:\/\/blogdoprosperi.com\/index.php?rest_route=\/wp\/v2\/posts\/31989","targetHints":{"allow":["GET"]}}],"collection":[{"href":"https:\/\/blogdoprosperi.com\/index.php?rest_route=\/wp\/v2\/posts"}],"about":[{"href":"https:\/\/blogdoprosperi.com\/index.php?rest_route=\/wp\/v2\/types\/post"}],"author":[{"embeddable":true,"href":"https:\/\/blogdoprosperi.com\/index.php?rest_route=\/wp\/v2\/users\/102107496"}],"replies":[{"embeddable":true,"href":"https:\/\/blogdoprosperi.com\/index.php?rest_route=%2Fwp%2Fv2%2Fcomments&post=31989"}],"version-history":[{"count":25,"href":"https:\/\/blogdoprosperi.com\/index.php?rest_route=\/wp\/v2\/posts\/31989\/revisions"}],"predecessor-version":[{"id":32059,"href":"https:\/\/blogdoprosperi.com\/index.php?rest_route=\/wp\/v2\/posts\/31989\/revisions\/32059"}],"wp:attachment":[{"href":"https:\/\/blogdoprosperi.com\/index.php?rest_route=%2Fwp%2Fv2%2Fmedia&parent=31989"}],"wp:term":[{"taxonomy":"category","embeddable":true,"href":"https:\/\/blogdoprosperi.com\/index.php?rest_route=%2Fwp%2Fv2%2Fcategories&post=31989"},{"taxonomy":"post_tag","embeddable":true,"href":"https:\/\/blogdoprosperi.com\/index.php?rest_route=%2Fwp%2Fv2%2Ftags&post=31989"}],"curies":[{"name":"wp","href":"https:\/\/api.w.org\/{rel}","templated":true}]}}