{"id":32107,"date":"2016-11-15T01:03:38","date_gmt":"2016-11-15T03:03:38","guid":{"rendered":"http:\/\/blogdoprosperi.com\/?p=32107"},"modified":"2016-11-16T16:19:57","modified_gmt":"2016-11-16T18:19:57","slug":"tche-tche-aquele-gigante-pequenininho","status":"publish","type":"post","link":"https:\/\/blogdoprosperi.com\/?p=32107","title":{"rendered":"Tch\u00ea Tch\u00ea, aquele gigante pequenininho"},"content":{"rendered":"<h5>Personagens do Brasileir\u00e3o 2016 &#8211; perfil (3)<br \/>\nMeio-campista pulou do Audax ao Palmeiras, n\u00e3o se intimidou e n\u00e3o chama aten\u00e7\u00e3o dos catedr\u00e1ticos do futebol. Azar deles<\/h5>\n<p><span class=\"alignnone\"><img data-recalc-dims=\"1\" loading=\"lazy\" decoding=\"async\" data-attachment-id=\"29816\" data-permalink=\"https:\/\/blogdoprosperi.com\/?attachment_id=29816\" data-orig-file=\"https:\/\/i0.wp.com\/blogdoprosperi.com\/wp-content\/uploads\/2016\/10\/pro1-171.jpg?fit=2500%2C1667&amp;ssl=1\" data-orig-size=\"2500,1667\" data-comments-opened=\"1\" data-image-meta=\"{&quot;aperture&quot;:&quot;3.5&quot;,&quot;credit&quot;:&quot;ESTADAO CONTEUDO&quot;,&quot;camera&quot;:&quot;Canon EOS-1D X&quot;,&quot;caption&quot;:&quot;S\\u00c3O PAULO 23\/10\/2016 PALMEIRAS X SPORT RECIFE CAMPEONATO BRASILEIRO \\r2016 -partida valida pela 32 no estadio allianz park  comemora\\u00e7\\u00e3o gol che che   FOTO ALEX SILVA\/ESTADAO&quot;,&quot;created_timestamp&quot;:&quot;1477241301&quot;,&quot;copyright&quot;:&quot;ESTADAO&quot;,&quot;focal_length&quot;:&quot;400&quot;,&quot;iso&quot;:&quot;800&quot;,&quot;shutter_speed&quot;:&quot;0.001&quot;,&quot;title&quot;:&quot;S\\u00c3O PAULO 23\/10\/2016 PALMEIRAS X SPORT RECIFE CAMPEONATO BRASILEIRO \\r2016&quot;,&quot;orientation&quot;:&quot;1&quot;}\" data-image-title=\"S\u00c3O PAULO 23\/10\/2016 PALMEIRAS X SPORT RECIFE CAMPEONATO BRASILEIRO \r2016\" data-image-description=\"\" data-image-caption=\"&lt;p&gt;S\u00c3O PAULO 23\/10\/2016 PALMEIRAS X SPORT RECIFE CAMPEONATO BRASILEIRO&lt;br \/&gt;\n2016 -partida valida pela 32 no estadio allianz park  comemora\u00e7\u00e3o gol che che   FOTO ALEX SILVA\/ESTADAO&lt;\/p&gt;\n\" data-large-file=\"https:\/\/i0.wp.com\/blogdoprosperi.com\/wp-content\/uploads\/2016\/10\/pro1-171.jpg?fit=940%2C627&amp;ssl=1\" class=\"alignnone size-full wp-image-29816\" src=\"https:\/\/i0.wp.com\/blogdoprosperi.com\/wp-content\/uploads\/2016\/10\/pro1-171.jpg?resize=940%2C627&#038;ssl=1\" alt=\"S\u00c3O PAULO 23\/10\/2016 PALMEIRAS X SPORT RECIFE CAMPEONATO BRASILEIRO  2016\" width=\"940\" height=\"627\" \/><\/span><\/p>\n<p>Tch\u00ea Tch\u00ea chama-se Danilo. Nesse neg\u00f3cio de futebol globalizado, em que jogadores t\u00eam de ter nome e sobrenome ou dois nomes, esse sujeitinho, com cara de menino sem medo, n\u00e3o quer ser reconhecido pelo RG. Prefere seguir sua carreira como foi batizado num campo de futebol. Nem importa se agora \u00e9 do <a href=\"http:\/\/blogdoprosperi.com\/2016\/11\/06\/palmeiras-troca-futebol-bonito-por-coracao-e-mantem-hierarquia-no-brasileirao\/\">Palmeiras <\/a>e um dia saiu do Audax. At\u00e9 porque na hora de pesquisar se ele joga bola, como poucos, ningu\u00e9m vai se lembrar se \u00e9 Tch\u00ea Tch\u00ea ou Danilo. Vai guardar na mente como esse jogador pequenininho vira um gigante diante de todos advers\u00e1rios e arrebata multid\u00f5es de torcedores.<!--more--><\/p>\n<p>Isso mesmo, todos advers\u00e1rios. <a href=\"http:\/\/blogdoprosperi.com\/2016\/11\/07\/entenda-as-diferencas-do-palmeiras-e-da-concorrencia-na-briga-pela-taca\/\">Tch\u00ea Tch\u00ea<\/a>, com a permiss\u00e3o da hist\u00f3ria e atrevimento, \u00e9 um Garrincha desses dias de 2016. Evidente, n\u00e3o com a bola do craque do passado, mas com a indiferen\u00e7a. Raro ver esse novato, coisa de 23 anos, se desesperar. Seja conta o Corinthians ou o Luverdense. Tudo se resume na mesma coisa.<\/p>\n<div class=\"jetpack-video-wrapper\"><span class=\"embed-youtube\" style=\"text-align:center; display: block;\"><iframe loading=\"lazy\" class=\"youtube-player\" width=\"940\" height=\"529\" src=\"https:\/\/www.youtube.com\/embed\/Z_EWX4px0Q8?version=3&#038;rel=1&#038;showsearch=0&#038;showinfo=1&#038;iv_load_policy=1&#038;fs=1&#038;hl=pt-BR&#038;autohide=2&#038;wmode=transparent\" allowfullscreen=\"true\" style=\"border:0;\" sandbox=\"allow-scripts allow-same-origin allow-popups allow-presentation allow-popups-to-escape-sandbox\"><\/iframe><\/span><\/div>\n<p>E o que \u00e9 essa mesma coisa? Marca, desarma, passa, se apresenta, destr\u00f3i e constr\u00f3i, chuta forte, chuta errado, chuta fraco, faz o gol &#8211; poucos, \u00e9 verdade, mas de figurinha carimbada.<\/p>\n<p>Passadas curtas e r\u00e1pidas, no limite de suas pernas. Ligeiro como uma lebre, cerebral como um coruja, joga seu jogo e incomoda quem aparece a sua frente ou quem ele tem a marcar. \u00c9 adorado por Cuca, seu mentor no Palmeiras, por dar aquela famosa &#8220;din\u00e2mica&#8221; ao time.<\/p>\n<p>\u00c9 um leva e traz, como sugere seu apelido. \u00c9 um Tch\u00ea e outro Tch\u00ea. \u00c9 um dos pilares desse Palmeiras, que estendeu um imp\u00e9rio no Campeonato Brasileiro. \u00c9 t\u00e3o simples como a bola e t\u00e3o entrela\u00e7ado como a grama. Sofisticado e irris\u00f3rio, como se fosse poss\u00edvel juntar tudo isso.<\/p>\n<p>Cuca, s\u00f3 ele, pode desmistificar Tch\u00ea Tch\u00ea, o gigante pequenininho desse Brasileir\u00e3o.<\/p>\n<p><strong>Veja outros perfis do Brasileir\u00e3o 2016:<\/strong><\/p>\n<p><a href=\"http:\/\/blogdoprosperi.com\/2016\/11\/08\/diego-souza-o-gol-beleza\/\">Diego Souza, gol beleza<\/a><\/p>\n<p><a href=\"http:\/\/blogdoprosperi.com\/2016\/11\/10\/marinho-abstrato-do-futebol\/\">Marinho, abstrato do futebol<\/a><\/p>\n","protected":false},"excerpt":{"rendered":"<p>Personagens do Brasileir\u00e3o 2016 &#8211; perfil (3) Meio-campista pulou do Audax ao Palmeiras, n\u00e3o se intimidou e n\u00e3o [&hellip;]<\/p>\n","protected":false},"author":102107496,"featured_media":0,"comment_status":"open","ping_status":"open","sticky":false,"template":"","format":"standard","meta":{"_coblocks_attr":"","_coblocks_dimensions":"","_coblocks_responsive_height":"","_coblocks_accordion_ie_support":"","_jetpack_newsletter_access":"","_jetpack_dont_email_post_to_subs":false,"_jetpack_newsletter_tier_id":0,"_jetpack_memberships_contains_paywalled_content":false,"_wpcom_ai_launchpad_first_post":false,"_jetpack_feature_clip_id":0,"_jetpack_memberships_contains_paid_content":false,"footnotes":"","jetpack_publicize_message":"","jetpack_publicize_feature_enabled":true,"jetpack_social_post_already_shared":false,"jetpack_social_options":{"image_generator_settings":{"template":"highway","default_image_id":0,"font":"","enabled":false},"version":2},"jetpack_post_was_ever_published":false},"categories":[355071,53870],"tags":[362595295,471113831,789560560,597757,8328841,7294505],"class_list":["post-32107","post","type-post","status-publish","format-standard","hentry","category-campeonato-brasileiro","category-futebol","tag-brasileirao-2016","tag-cuca-palmeiras","tag-futebol","tag-garrincha","tag-palmeiras-clube","tag-tche-tche"],"yoast_head":"<!-- This site is optimized with the Yoast SEO plugin v28.3 - https:\/\/yoast.com\/product\/yoast-seo-wordpress\/ -->\n<title>Tch\u00ea Tch\u00ea, aquele gigante pequenininho - PR\u00d3SPERI NEWS<\/title>\n<meta name=\"robots\" content=\"index, follow, max-snippet:-1, max-image-preview:large, max-video-preview:-1\" \/>\n<link rel=\"canonical\" href=\"https:\/\/blogdoprosperi.com\/?p=32107\" \/>\n<meta property=\"og:locale\" content=\"pt_BR\" \/>\n<meta property=\"og:type\" content=\"article\" \/>\n<meta property=\"og:title\" content=\"Tch\u00ea Tch\u00ea, aquele gigante pequenininho - PR\u00d3SPERI NEWS\" \/>\n<meta property=\"og:description\" content=\"Personagens do Brasileir\u00e3o 2016 &#8211; perfil (3) Meio-campista pulou do Audax ao Palmeiras, n\u00e3o se intimidou e n\u00e3o [&hellip;]\" \/>\n<meta property=\"og:url\" content=\"https:\/\/blogdoprosperi.com\/?p=32107\" \/>\n<meta property=\"og:site_name\" content=\"PR\u00d3SPERI NEWS\" \/>\n<meta property=\"article:publisher\" content=\"Luiz Pr\u00f3speri\" \/>\n<meta property=\"article:author\" content=\"Luiz Pr\u00f3speri\" \/>\n<meta property=\"article:published_time\" content=\"2016-11-15T03:03:38+00:00\" \/>\n<meta property=\"article:modified_time\" content=\"2016-11-16T18:19:57+00:00\" \/>\n<meta property=\"og:image\" content=\"https:\/\/blogdoprosperi.com\/wp-content\/uploads\/2016\/10\/pro1-171.jpg\" \/>\n<meta name=\"author\" content=\"Luiz Ant\u00f4nio Pr\u00f3speri\" \/>\n<meta name=\"twitter:card\" content=\"summary_large_image\" \/>\n<meta name=\"twitter:creator\" content=\"@Luizprosperi\" \/>\n<meta name=\"twitter:site\" content=\"@Luizprosperi\" \/>\n<meta name=\"twitter:label1\" content=\"Escrito por\" \/>\n\t<meta name=\"twitter:data1\" content=\"Luiz Ant\u00f4nio Pr\u00f3speri\" \/>\n\t<meta name=\"twitter:label2\" content=\"Est. tempo de leitura\" \/>\n\t<meta name=\"twitter:data2\" content=\"2 minutos\" \/>\n<script type=\"application\/ld+json\" class=\"yoast-schema-graph\">{\"@context\":\"https:\\\/\\\/schema.org\",\"@graph\":[{\"@type\":\"Article\",\"@id\":\"https:\\\/\\\/blogdoprosperi.com\\\/?p=32107#article\",\"isPartOf\":{\"@id\":\"https:\\\/\\\/blogdoprosperi.com\\\/?p=32107\"},\"author\":{\"name\":\"Luiz Ant\u00f4nio Pr\u00f3speri\",\"@id\":\"https:\\\/\\\/blogdoprosperi.com\\\/#\\\/schema\\\/person\\\/38100755ce3601861ee4fab9b5aa78e9\"},\"headline\":\"Tch\u00ea Tch\u00ea, aquele gigante pequenininho\",\"datePublished\":\"2016-11-15T03:03:38+00:00\",\"dateModified\":\"2016-11-16T18:19:57+00:00\",\"mainEntityOfPage\":{\"@id\":\"https:\\\/\\\/blogdoprosperi.com\\\/?p=32107\"},\"wordCount\":364,\"commentCount\":0,\"publisher\":{\"@id\":\"https:\\\/\\\/blogdoprosperi.com\\\/#\\\/schema\\\/person\\\/38100755ce3601861ee4fab9b5aa78e9\"},\"image\":{\"@id\":\"https:\\\/\\\/blogdoprosperi.com\\\/?p=32107#primaryimage\"},\"thumbnailUrl\":\"https:\\\/\\\/blogdoprosperi.com\\\/wp-content\\\/uploads\\\/2016\\\/10\\\/pro1-171.jpg\",\"keywords\":[\"Brasileir\u00e3o-2016\",\"Cuca Palmeiras\",\"futebol\",\"Garrincha\",\"Palmeiras Clube\",\"Tch\u00ea Tch\u00ea\"],\"articleSection\":[\"Campeonato Brasileiro\",\"futebol\"],\"inLanguage\":\"pt-BR\",\"potentialAction\":[{\"@type\":\"CommentAction\",\"name\":\"Comment\",\"target\":[\"https:\\\/\\\/blogdoprosperi.com\\\/?p=32107#respond\"]}]},{\"@type\":\"WebPage\",\"@id\":\"https:\\\/\\\/blogdoprosperi.com\\\/?p=32107\",\"url\":\"https:\\\/\\\/blogdoprosperi.com\\\/?p=32107\",\"name\":\"Tch\u00ea Tch\u00ea, aquele gigante pequenininho - PR\u00d3SPERI NEWS\",\"isPartOf\":{\"@id\":\"https:\\\/\\\/blogdoprosperi.com\\\/#website\"},\"primaryImageOfPage\":{\"@id\":\"https:\\\/\\\/blogdoprosperi.com\\\/?p=32107#primaryimage\"},\"image\":{\"@id\":\"https:\\\/\\\/blogdoprosperi.com\\\/?p=32107#primaryimage\"},\"thumbnailUrl\":\"https:\\\/\\\/blogdoprosperi.com\\\/wp-content\\\/uploads\\\/2016\\\/10\\\/pro1-171.jpg\",\"datePublished\":\"2016-11-15T03:03:38+00:00\",\"dateModified\":\"2016-11-16T18:19:57+00:00\",\"breadcrumb\":{\"@id\":\"https:\\\/\\\/blogdoprosperi.com\\\/?p=32107#breadcrumb\"},\"inLanguage\":\"pt-BR\",\"potentialAction\":[{\"@type\":\"ReadAction\",\"target\":[\"https:\\\/\\\/blogdoprosperi.com\\\/?p=32107\"]}]},{\"@type\":\"ImageObject\",\"inLanguage\":\"pt-BR\",\"@id\":\"https:\\\/\\\/blogdoprosperi.com\\\/?p=32107#primaryimage\",\"url\":\"https:\\\/\\\/i0.wp.com\\\/blogdoprosperi.com\\\/wp-content\\\/uploads\\\/2016\\\/10\\\/pro1-171.jpg?fit=2500%2C1667&ssl=1\",\"contentUrl\":\"https:\\\/\\\/i0.wp.com\\\/blogdoprosperi.com\\\/wp-content\\\/uploads\\\/2016\\\/10\\\/pro1-171.jpg?fit=2500%2C1667&ssl=1\",\"width\":2500,\"height\":1667,\"caption\":\"S\u00c3O PAULO 23\\\/10\\\/2016 PALMEIRAS X SPORT RECIFE CAMPEONATO BRASILEIRO 2016 -partida valida pela 32 no estadio allianz park comemora\u00e7\u00e3o gol che che FOTO ALEX SILVA\\\/ESTADAO\"},{\"@type\":\"BreadcrumbList\",\"@id\":\"https:\\\/\\\/blogdoprosperi.com\\\/?p=32107#breadcrumb\",\"itemListElement\":[{\"@type\":\"ListItem\",\"position\":1,\"name\":\"In\u00edcio\",\"item\":\"https:\\\/\\\/blogdoprosperi.com\\\/\"},{\"@type\":\"ListItem\",\"position\":2,\"name\":\"Tch\u00ea Tch\u00ea, aquele gigante pequenininho\"}]},{\"@type\":\"WebSite\",\"@id\":\"https:\\\/\\\/blogdoprosperi.com\\\/#website\",\"url\":\"https:\\\/\\\/blogdoprosperi.com\\\/\",\"name\":\"PR\u00d3SPERI NEWS\",\"description\":\"TUDO \u00c9  FUTEBOL\",\"publisher\":{\"@id\":\"https:\\\/\\\/blogdoprosperi.com\\\/#\\\/schema\\\/person\\\/38100755ce3601861ee4fab9b5aa78e9\"},\"alternateName\":\"blogdoprosperi.com\",\"potentialAction\":[{\"@type\":\"SearchAction\",\"target\":{\"@type\":\"EntryPoint\",\"urlTemplate\":\"https:\\\/\\\/blogdoprosperi.com\\\/?s={search_term_string}\"},\"query-input\":{\"@type\":\"PropertyValueSpecification\",\"valueRequired\":true,\"valueName\":\"search_term_string\"}}],\"inLanguage\":\"pt-BR\"},{\"@type\":[\"Person\",\"Organization\"],\"@id\":\"https:\\\/\\\/blogdoprosperi.com\\\/#\\\/schema\\\/person\\\/38100755ce3601861ee4fab9b5aa78e9\",\"name\":\"Luiz Ant\u00f4nio Pr\u00f3speri\",\"pronouns\":\"ele\",\"image\":{\"@type\":\"ImageObject\",\"inLanguage\":\"pt-BR\",\"@id\":\"https:\\\/\\\/i0.wp.com\\\/blogdoprosperi.com\\\/wp-content\\\/uploads\\\/2026\\\/05\\\/cropped-8059e613-6002-42fa-961e-8e275f575d71-2-5.jpg?fit=1360%2C931&ssl=1\",\"url\":\"https:\\\/\\\/i0.wp.com\\\/blogdoprosperi.com\\\/wp-content\\\/uploads\\\/2026\\\/05\\\/cropped-8059e613-6002-42fa-961e-8e275f575d71-2-5.jpg?fit=1360%2C931&ssl=1\",\"contentUrl\":\"https:\\\/\\\/i0.wp.com\\\/blogdoprosperi.com\\\/wp-content\\\/uploads\\\/2026\\\/05\\\/cropped-8059e613-6002-42fa-961e-8e275f575d71-2-5.jpg?fit=1360%2C931&ssl=1\",\"width\":1360,\"height\":931,\"caption\":\"Luiz Ant\u00f4nio Pr\u00f3speri\"},\"logo\":{\"@id\":\"https:\\\/\\\/i0.wp.com\\\/blogdoprosperi.com\\\/wp-content\\\/uploads\\\/2026\\\/05\\\/cropped-8059e613-6002-42fa-961e-8e275f575d71-2-5.jpg?fit=1360%2C931&ssl=1\"},\"description\":\"Jornalista com carreira dedicada ao esporte. Cobriu 9 Copas do Mundo in loco, 1990 na It\u00e1lia, 1994 nos EUA, 1998 na Fran\u00e7a, 2002 na Coreia do Sul e Jap\u00e3o, 2006 na Alemanha, 2010 na \u00c1frica do Sul, 2014 no Brasil, 2018 na R\u00fassia e 2022 no Qatar. Eurocopas, 1992 na Su\u00e9cia e 1996 na Inglaterra. Copa das Confedera\u00e7\u00f5es de 2005 na Alemanha e 2009 na \u00c1frica do Sul. Rep\u00f3rter e Editor, trabalhou no Jornal da Tarde e Estad\u00e3o, de 1984 a fevereiro de 2016. Colunista, blogueiro. E comentarista de futebol na R\u00e1dio Estad\u00e3o, de 2013 a fevereiro de 2016. Jornalista respons\u00e1vel do \\\"Pr\u00f3speri News\\\" (blogdoprosperi.com).\",\"sameAs\":[\"http:\\\/\\\/blogdoprosperi.com\",\"Luiz Pr\u00f3speri\",\"@luiz_prosperi\",\"https:\\\/\\\/x.com\\\/Luizprosperi\",\"@prosperinacopa\",\"luiz.prosperi@icloud.com\"],\"url\":\"https:\\\/\\\/blogdoprosperi.com\\\/?author=102107496\"}]}<\/script>\n<!-- \/ Yoast SEO plugin. -->","yoast_head_json":{"title":"Tch\u00ea Tch\u00ea, aquele gigante pequenininho - PR\u00d3SPERI NEWS","robots":{"index":"index","follow":"follow","max-snippet":"max-snippet:-1","max-image-preview":"max-image-preview:large","max-video-preview":"max-video-preview:-1"},"canonical":"https:\/\/blogdoprosperi.com\/?p=32107","og_locale":"pt_BR","og_type":"article","og_title":"Tch\u00ea Tch\u00ea, aquele gigante pequenininho - PR\u00d3SPERI NEWS","og_description":"Personagens do Brasileir\u00e3o 2016 &#8211; perfil (3) Meio-campista pulou do Audax ao Palmeiras, n\u00e3o se intimidou e n\u00e3o [&hellip;]","og_url":"https:\/\/blogdoprosperi.com\/?p=32107","og_site_name":"PR\u00d3SPERI NEWS","article_publisher":"Luiz Pr\u00f3speri","article_author":"Luiz Pr\u00f3speri","article_published_time":"2016-11-15T03:03:38+00:00","article_modified_time":"2016-11-16T18:19:57+00:00","og_image":[{"url":"https:\/\/blogdoprosperi.com\/wp-content\/uploads\/2016\/10\/pro1-171.jpg","type":"","width":"","height":""}],"author":"Luiz Ant\u00f4nio Pr\u00f3speri","twitter_card":"summary_large_image","twitter_creator":"@Luizprosperi","twitter_site":"@Luizprosperi","twitter_misc":{"Escrito por":"Luiz Ant\u00f4nio Pr\u00f3speri","Est. tempo de leitura":"2 minutos"},"schema":{"@context":"https:\/\/schema.org","@graph":[{"@type":"Article","@id":"https:\/\/blogdoprosperi.com\/?p=32107#article","isPartOf":{"@id":"https:\/\/blogdoprosperi.com\/?p=32107"},"author":{"name":"Luiz Ant\u00f4nio Pr\u00f3speri","@id":"https:\/\/blogdoprosperi.com\/#\/schema\/person\/38100755ce3601861ee4fab9b5aa78e9"},"headline":"Tch\u00ea Tch\u00ea, aquele gigante pequenininho","datePublished":"2016-11-15T03:03:38+00:00","dateModified":"2016-11-16T18:19:57+00:00","mainEntityOfPage":{"@id":"https:\/\/blogdoprosperi.com\/?p=32107"},"wordCount":364,"commentCount":0,"publisher":{"@id":"https:\/\/blogdoprosperi.com\/#\/schema\/person\/38100755ce3601861ee4fab9b5aa78e9"},"image":{"@id":"https:\/\/blogdoprosperi.com\/?p=32107#primaryimage"},"thumbnailUrl":"https:\/\/blogdoprosperi.com\/wp-content\/uploads\/2016\/10\/pro1-171.jpg","keywords":["Brasileir\u00e3o-2016","Cuca Palmeiras","futebol","Garrincha","Palmeiras Clube","Tch\u00ea Tch\u00ea"],"articleSection":["Campeonato Brasileiro","futebol"],"inLanguage":"pt-BR","potentialAction":[{"@type":"CommentAction","name":"Comment","target":["https:\/\/blogdoprosperi.com\/?p=32107#respond"]}]},{"@type":"WebPage","@id":"https:\/\/blogdoprosperi.com\/?p=32107","url":"https:\/\/blogdoprosperi.com\/?p=32107","name":"Tch\u00ea Tch\u00ea, aquele gigante pequenininho - PR\u00d3SPERI NEWS","isPartOf":{"@id":"https:\/\/blogdoprosperi.com\/#website"},"primaryImageOfPage":{"@id":"https:\/\/blogdoprosperi.com\/?p=32107#primaryimage"},"image":{"@id":"https:\/\/blogdoprosperi.com\/?p=32107#primaryimage"},"thumbnailUrl":"https:\/\/blogdoprosperi.com\/wp-content\/uploads\/2016\/10\/pro1-171.jpg","datePublished":"2016-11-15T03:03:38+00:00","dateModified":"2016-11-16T18:19:57+00:00","breadcrumb":{"@id":"https:\/\/blogdoprosperi.com\/?p=32107#breadcrumb"},"inLanguage":"pt-BR","potentialAction":[{"@type":"ReadAction","target":["https:\/\/blogdoprosperi.com\/?p=32107"]}]},{"@type":"ImageObject","inLanguage":"pt-BR","@id":"https:\/\/blogdoprosperi.com\/?p=32107#primaryimage","url":"https:\/\/i0.wp.com\/blogdoprosperi.com\/wp-content\/uploads\/2016\/10\/pro1-171.jpg?fit=2500%2C1667&ssl=1","contentUrl":"https:\/\/i0.wp.com\/blogdoprosperi.com\/wp-content\/uploads\/2016\/10\/pro1-171.jpg?fit=2500%2C1667&ssl=1","width":2500,"height":1667,"caption":"S\u00c3O PAULO 23\/10\/2016 PALMEIRAS X SPORT RECIFE CAMPEONATO BRASILEIRO 2016 -partida valida pela 32 no estadio allianz park comemora\u00e7\u00e3o gol che che FOTO ALEX SILVA\/ESTADAO"},{"@type":"BreadcrumbList","@id":"https:\/\/blogdoprosperi.com\/?p=32107#breadcrumb","itemListElement":[{"@type":"ListItem","position":1,"name":"In\u00edcio","item":"https:\/\/blogdoprosperi.com\/"},{"@type":"ListItem","position":2,"name":"Tch\u00ea Tch\u00ea, aquele gigante pequenininho"}]},{"@type":"WebSite","@id":"https:\/\/blogdoprosperi.com\/#website","url":"https:\/\/blogdoprosperi.com\/","name":"PR\u00d3SPERI NEWS","description":"TUDO \u00c9  FUTEBOL","publisher":{"@id":"https:\/\/blogdoprosperi.com\/#\/schema\/person\/38100755ce3601861ee4fab9b5aa78e9"},"alternateName":"blogdoprosperi.com","potentialAction":[{"@type":"SearchAction","target":{"@type":"EntryPoint","urlTemplate":"https:\/\/blogdoprosperi.com\/?s={search_term_string}"},"query-input":{"@type":"PropertyValueSpecification","valueRequired":true,"valueName":"search_term_string"}}],"inLanguage":"pt-BR"},{"@type":["Person","Organization"],"@id":"https:\/\/blogdoprosperi.com\/#\/schema\/person\/38100755ce3601861ee4fab9b5aa78e9","name":"Luiz Ant\u00f4nio Pr\u00f3speri","pronouns":"ele","image":{"@type":"ImageObject","inLanguage":"pt-BR","@id":"https:\/\/i0.wp.com\/blogdoprosperi.com\/wp-content\/uploads\/2026\/05\/cropped-8059e613-6002-42fa-961e-8e275f575d71-2-5.jpg?fit=1360%2C931&ssl=1","url":"https:\/\/i0.wp.com\/blogdoprosperi.com\/wp-content\/uploads\/2026\/05\/cropped-8059e613-6002-42fa-961e-8e275f575d71-2-5.jpg?fit=1360%2C931&ssl=1","contentUrl":"https:\/\/i0.wp.com\/blogdoprosperi.com\/wp-content\/uploads\/2026\/05\/cropped-8059e613-6002-42fa-961e-8e275f575d71-2-5.jpg?fit=1360%2C931&ssl=1","width":1360,"height":931,"caption":"Luiz Ant\u00f4nio Pr\u00f3speri"},"logo":{"@id":"https:\/\/i0.wp.com\/blogdoprosperi.com\/wp-content\/uploads\/2026\/05\/cropped-8059e613-6002-42fa-961e-8e275f575d71-2-5.jpg?fit=1360%2C931&ssl=1"},"description":"Jornalista com carreira dedicada ao esporte. Cobriu 9 Copas do Mundo in loco, 1990 na It\u00e1lia, 1994 nos EUA, 1998 na Fran\u00e7a, 2002 na Coreia do Sul e Jap\u00e3o, 2006 na Alemanha, 2010 na \u00c1frica do Sul, 2014 no Brasil, 2018 na R\u00fassia e 2022 no Qatar. Eurocopas, 1992 na Su\u00e9cia e 1996 na Inglaterra. Copa das Confedera\u00e7\u00f5es de 2005 na Alemanha e 2009 na \u00c1frica do Sul. Rep\u00f3rter e Editor, trabalhou no Jornal da Tarde e Estad\u00e3o, de 1984 a fevereiro de 2016. Colunista, blogueiro. E comentarista de futebol na R\u00e1dio Estad\u00e3o, de 2013 a fevereiro de 2016. Jornalista respons\u00e1vel do \"Pr\u00f3speri News\" (blogdoprosperi.com).","sameAs":["http:\/\/blogdoprosperi.com","Luiz Pr\u00f3speri","@luiz_prosperi","https:\/\/x.com\/Luizprosperi","@prosperinacopa","luiz.prosperi@icloud.com"],"url":"https:\/\/blogdoprosperi.com\/?author=102107496"}]}},"jetpack_publicize_connections":[],"jetpack_likes_enabled":false,"jetpack_sharing_enabled":true,"jetpack_shortlink":"https:\/\/wp.me\/p7jvdk-8lR","jetpack-related-posts":[{"id":2674,"url":"https:\/\/blogdoprosperi.com\/?p=2674","url_meta":{"origin":32107,"position":0},"title":"Audax se desmancha antes da final do Paulist\u00e3o","author":"Luiz Ant\u00f4nio Pr\u00f3speri","date":"29 de abril de 2016","format":false,"excerpt":"Palmeiras, Corinthians e outros clubes levam jogadores do time sensa\u00e7\u00e3o de S\u00e3o Paulo. Era inevit\u00e1vel Time pequeno n\u00e3o vai al\u00e9m de um sonho de ver\u00e3o. N\u00e3o sobrevive ap\u00f3s se destacar no campeonato estadual. Veja o caso do Osasco Audax. Encantou todo mundo ao garantir vaga na final do Paulist\u00e3o 2016\u2026","rel":"","context":"Em &quot;futebol&quot;","block_context":{"text":"futebol","link":"https:\/\/blogdoprosperi.com\/?cat=53870"},"img":{"alt_text":"dsc_0469","src":"https:\/\/i0.wp.com\/blogdoprosperi.com\/wp-content\/uploads\/2016\/04\/dsc_0469.jpg?resize=350%2C200&ssl=1","width":350,"height":200,"srcset":"https:\/\/i0.wp.com\/blogdoprosperi.com\/wp-content\/uploads\/2016\/04\/dsc_0469.jpg?resize=350%2C200&ssl=1 1x, https:\/\/i0.wp.com\/blogdoprosperi.com\/wp-content\/uploads\/2016\/04\/dsc_0469.jpg?resize=525%2C300&ssl=1 1.5x, https:\/\/i0.wp.com\/blogdoprosperi.com\/wp-content\/uploads\/2016\/04\/dsc_0469.jpg?resize=700%2C400&ssl=1 2x, https:\/\/i0.wp.com\/blogdoprosperi.com\/wp-content\/uploads\/2016\/04\/dsc_0469.jpg?resize=1050%2C600&ssl=1 3x, https:\/\/i0.wp.com\/blogdoprosperi.com\/wp-content\/uploads\/2016\/04\/dsc_0469.jpg?resize=1400%2C800&ssl=1 4x"},"classes":[]},{"id":2900,"url":"https:\/\/blogdoprosperi.com\/?p=2900","url_meta":{"origin":32107,"position":1},"title":"Santos n\u00e3o \u00e9 favorito na Vila e vai sofrer diante do Audax","author":"Luiz Ant\u00f4nio Pr\u00f3speri","date":"1 de maio de 2016","format":false,"excerpt":"\u00a0 O Santos n\u00e3o \u00e9 favorito contra o Audax no jogo de volta da final do Paulist\u00e3o 2016, no pr\u00f3ximo domingo, na Vila Belmiro. Imbat\u00edvel na sua casa h\u00e1 um bom tempo, o time de Dorival J\u00fanior sabe que o advers\u00e1rio n\u00e3o \u00e9 de se intimidar contra os grandes. Nem\u2026","rel":"","context":"Em &quot;futebol&quot;","block_context":{"text":"futebol","link":"https:\/\/blogdoprosperi.com\/?cat=53870"},"img":{"alt_text":"","src":"https:\/\/i0.wp.com\/blogdoprosperi.com\/wp-content\/uploads\/2016\/05\/pro5-7.jpg?resize=350%2C200&ssl=1","width":350,"height":200,"srcset":"https:\/\/i0.wp.com\/blogdoprosperi.com\/wp-content\/uploads\/2016\/05\/pro5-7.jpg?resize=350%2C200&ssl=1 1x, https:\/\/i0.wp.com\/blogdoprosperi.com\/wp-content\/uploads\/2016\/05\/pro5-7.jpg?resize=525%2C300&ssl=1 1.5x, https:\/\/i0.wp.com\/blogdoprosperi.com\/wp-content\/uploads\/2016\/05\/pro5-7.jpg?resize=700%2C400&ssl=1 2x, https:\/\/i0.wp.com\/blogdoprosperi.com\/wp-content\/uploads\/2016\/05\/pro5-7.jpg?resize=1050%2C600&ssl=1 3x, https:\/\/i0.wp.com\/blogdoprosperi.com\/wp-content\/uploads\/2016\/05\/pro5-7.jpg?resize=1400%2C800&ssl=1 4x"},"classes":[]},{"id":5658,"url":"https:\/\/blogdoprosperi.com\/?p=5658","url_meta":{"origin":32107,"position":2},"title":"Gabriel Jesus mostra a cara do Palmeiras na estreia no Brasileir\u00e3o","author":"Luiz Ant\u00f4nio Pr\u00f3speri","date":"14 de maio de 2016","format":false,"excerpt":"H\u00e1 muito tempo o Palmeiras n\u00e3o jogava com tanta confian\u00e7a como mostrou ao derrotar o Atl\u00e9tico-PR por 4 a 0, neste s\u00e1bado (14\/5) no Allianz Parque diante de 33.629 torcedores, na estreia no Campeonato Brasileiro. Uma exibi\u00e7\u00e3o de quem pensa em ir longe neste Brasileir\u00e3o 2016. Se seguir nessa toada,\u2026","rel":"","context":"Em &quot;Campeonato Brasileiro&quot;","block_context":{"text":"Campeonato Brasileiro","link":"https:\/\/blogdoprosperi.com\/?cat=355071"},"img":{"alt_text":"","src":"https:\/\/i0.wp.com\/blogdoprosperi.com\/wp-content\/uploads\/2016\/05\/622_ae5174ba-5d8a-3e57-8174-0f9646fe4844.jpg?resize=350%2C200&ssl=1","width":350,"height":200,"srcset":"https:\/\/i0.wp.com\/blogdoprosperi.com\/wp-content\/uploads\/2016\/05\/622_ae5174ba-5d8a-3e57-8174-0f9646fe4844.jpg?resize=350%2C200&ssl=1 1x, https:\/\/i0.wp.com\/blogdoprosperi.com\/wp-content\/uploads\/2016\/05\/622_ae5174ba-5d8a-3e57-8174-0f9646fe4844.jpg?resize=525%2C300&ssl=1 1.5x"},"classes":[]},{"id":14263,"url":"https:\/\/blogdoprosperi.com\/?p=14263","url_meta":{"origin":32107,"position":3},"title":"Gabriel Jesus coloca Brasileir\u00e3o e Palmeiras aos seus p\u00e9s","author":"Luiz Ant\u00f4nio Pr\u00f3speri","date":"1 de julho de 2016","format":false,"excerpt":"Garoto faz dois gols na vit\u00f3ria contra Figueirense, assume artilharia do campeonato com nove e sustenta lideran\u00e7a do time em doze rodadas Gabriel Jesus colocou o Campeonato Brasileiro debaixo do bra\u00e7o e a cada jogo pede passagem. Em 12 rodadas, assumiu a artilharia com nove gols - a maioria deles\u2026","rel":"","context":"Em &quot;Campeonato Brasileiro&quot;","block_context":{"text":"Campeonato Brasileiro","link":"https:\/\/blogdoprosperi.com\/?cat=355071"},"img":{"alt_text":"","src":"https:\/\/i0.wp.com\/blogdoprosperi.com\/wp-content\/uploads\/2016\/07\/622_8a047a65-6545-3e54-8a9b-69bea0b75ca0.jpg?resize=350%2C200&ssl=1","width":350,"height":200,"srcset":"https:\/\/i0.wp.com\/blogdoprosperi.com\/wp-content\/uploads\/2016\/07\/622_8a047a65-6545-3e54-8a9b-69bea0b75ca0.jpg?resize=350%2C200&ssl=1 1x, https:\/\/i0.wp.com\/blogdoprosperi.com\/wp-content\/uploads\/2016\/07\/622_8a047a65-6545-3e54-8a9b-69bea0b75ca0.jpg?resize=525%2C300&ssl=1 1.5x"},"classes":[]},{"id":27981,"url":"https:\/\/blogdoprosperi.com\/?p=27981","url_meta":{"origin":32107,"position":4},"title":"Palmeiras n\u00e3o desengata marcha rumo ao t\u00edtulo do Brasileir\u00e3o","author":"Luiz Ant\u00f4nio Pr\u00f3speri","date":"9 de outubro de 2016","format":false,"excerpt":"Palmeiras n\u00e3o desengata a marcha nem desacelera na estrada que o conduz at\u00e9 o t\u00edtulo do Brasileiro. Sem brilho, com excesso de seguran\u00e7a e cauteloso ao extremo, se imp\u00f4s contra o virtualmente rebaixado Am\u00e9rica-MG. Venceu por 2 a 0 em Londrina, mas pode dizer Allianz Parque, com maioria absoluta de\u2026","rel":"","context":"Em &quot;Campeonato Brasileiro&quot;","block_context":{"text":"Campeonato Brasileiro","link":"https:\/\/blogdoprosperi.com\/?cat=355071"},"img":{"alt_text":"","src":"https:\/\/i0.wp.com\/blogdoprosperi.com\/wp-content\/uploads\/2016\/10\/622_a70bacc3-5105-3d6f-826f-694be30b5ff7.jpg?resize=350%2C200&ssl=1","width":350,"height":200,"srcset":"https:\/\/i0.wp.com\/blogdoprosperi.com\/wp-content\/uploads\/2016\/10\/622_a70bacc3-5105-3d6f-826f-694be30b5ff7.jpg?resize=350%2C200&ssl=1 1x, https:\/\/i0.wp.com\/blogdoprosperi.com\/wp-content\/uploads\/2016\/10\/622_a70bacc3-5105-3d6f-826f-694be30b5ff7.jpg?resize=525%2C300&ssl=1 1.5x"},"classes":[]},{"id":12972,"url":"https:\/\/blogdoprosperi.com\/?p=12972","url_meta":{"origin":32107,"position":5},"title":"Palmeiras n\u00e3o mete medo como visitante e cai no Mineir\u00e3o","author":"Luiz Ant\u00f4nio Pr\u00f3speri","date":"26 de junho de 2016","format":false,"excerpt":"Preciso e certeiro na estrat\u00e9gia de jogo e substitui\u00e7\u00f5es, Cuca n\u00e3o foi bem nas escolhas diante do Cruzeiro neste s\u00e1bado (25\/6), no Mineir\u00e3o, na abertura da 11.\u00aa rodada do Brasileir\u00e3o. O Palmeiras perdeu de virada para 2 a 1 e em nenhum momento se imp\u00f4s como l\u00edder do campeonato, quebrando\u2026","rel":"","context":"Em &quot;Campeonato Brasileiro&quot;","block_context":{"text":"Campeonato Brasileiro","link":"https:\/\/blogdoprosperi.com\/?cat=355071"},"img":{"alt_text":"","src":"https:\/\/i0.wp.com\/blogdoprosperi.com\/wp-content\/uploads\/2016\/06\/622_180df4c2-2d36-304a-8bc0-112563520abd.jpg?resize=350%2C200&ssl=1","width":350,"height":200,"srcset":"https:\/\/i0.wp.com\/blogdoprosperi.com\/wp-content\/uploads\/2016\/06\/622_180df4c2-2d36-304a-8bc0-112563520abd.jpg?resize=350%2C200&ssl=1 1x, https:\/\/i0.wp.com\/blogdoprosperi.com\/wp-content\/uploads\/2016\/06\/622_180df4c2-2d36-304a-8bc0-112563520abd.jpg?resize=525%2C300&ssl=1 1.5x"},"classes":[]}],"jetpack_featured_media_url":"","_links":{"self":[{"href":"https:\/\/blogdoprosperi.com\/index.php?rest_route=\/wp\/v2\/posts\/32107","targetHints":{"allow":["GET"]}}],"collection":[{"href":"https:\/\/blogdoprosperi.com\/index.php?rest_route=\/wp\/v2\/posts"}],"about":[{"href":"https:\/\/blogdoprosperi.com\/index.php?rest_route=\/wp\/v2\/types\/post"}],"author":[{"embeddable":true,"href":"https:\/\/blogdoprosperi.com\/index.php?rest_route=\/wp\/v2\/users\/102107496"}],"replies":[{"embeddable":true,"href":"https:\/\/blogdoprosperi.com\/index.php?rest_route=%2Fwp%2Fv2%2Fcomments&post=32107"}],"version-history":[{"count":25,"href":"https:\/\/blogdoprosperi.com\/index.php?rest_route=\/wp\/v2\/posts\/32107\/revisions"}],"predecessor-version":[{"id":32466,"href":"https:\/\/blogdoprosperi.com\/index.php?rest_route=\/wp\/v2\/posts\/32107\/revisions\/32466"}],"wp:attachment":[{"href":"https:\/\/blogdoprosperi.com\/index.php?rest_route=%2Fwp%2Fv2%2Fmedia&parent=32107"}],"wp:term":[{"taxonomy":"category","embeddable":true,"href":"https:\/\/blogdoprosperi.com\/index.php?rest_route=%2Fwp%2Fv2%2Fcategories&post=32107"},{"taxonomy":"post_tag","embeddable":true,"href":"https:\/\/blogdoprosperi.com\/index.php?rest_route=%2Fwp%2Fv2%2Ftags&post=32107"}],"curies":[{"name":"wp","href":"https:\/\/api.w.org\/{rel}","templated":true}]}}