{"id":32472,"date":"2016-11-16T18:06:14","date_gmt":"2016-11-16T20:06:14","guid":{"rendered":"http:\/\/blogdoprosperi.com\/?p=32472"},"modified":"2016-11-16T19:28:45","modified_gmt":"2016-11-16T21:28:45","slug":"entenda-plano-de-paulo-nobre-para-o-palmeiras-comprar-o-allianz-parque-da-wtorre","status":"publish","type":"post","link":"https:\/\/blogdoprosperi.com\/?p=32472","title":{"rendered":"Entenda plano de Paulo Nobre para o Palmeiras comprar o Allianz Parque da WTorre e ampliar seu poder no clube"},"content":{"rendered":"<p><span class=\"alignnone\"><img data-recalc-dims=\"1\" loading=\"lazy\" decoding=\"async\" data-attachment-id=\"32527\" data-permalink=\"https:\/\/blogdoprosperi.com\/?attachment_id=32527\" data-orig-file=\"https:\/\/i0.wp.com\/blogdoprosperi.com\/wp-content\/uploads\/2016\/11\/allianz_parque_030615.jpg?fit=690%2C390&amp;ssl=1\" data-orig-size=\"690,390\" data-comments-opened=\"1\" data-image-meta=\"{&quot;aperture&quot;:&quot;0&quot;,&quot;credit&quot;:&quot;&quot;,&quot;camera&quot;:&quot;&quot;,&quot;caption&quot;:&quot;&quot;,&quot;created_timestamp&quot;:&quot;0&quot;,&quot;copyright&quot;:&quot;&quot;,&quot;focal_length&quot;:&quot;0&quot;,&quot;iso&quot;:&quot;0&quot;,&quot;shutter_speed&quot;:&quot;0&quot;,&quot;title&quot;:&quot;&quot;,&quot;orientation&quot;:&quot;0&quot;}\" data-image-title=\"Allianz Parque ganha mil novos lugares\" data-image-description=\"\" data-image-caption=\"&lt;p&gt;Allianz Parque &amp;#8211; foto: Palmeiras oficial&lt;\/p&gt;\n\" data-large-file=\"https:\/\/i0.wp.com\/blogdoprosperi.com\/wp-content\/uploads\/2016\/11\/allianz_parque_030615.jpg?fit=690%2C390&amp;ssl=1\" class=\"alignnone size-full wp-image-32527\" src=\"https:\/\/i0.wp.com\/blogdoprosperi.com\/wp-content\/uploads\/2016\/11\/allianz_parque_030615.jpg?resize=690%2C390&#038;ssl=1\" alt=\"allianz_parque_030615\" width=\"690\" height=\"390\" \/><\/span>Paulo Nobre, presidente do Palmeiras, tem um projeto de compra da arena Allianz Parque, de propriedade da empresa WTorre, conforme contrato assinado com clube com validade por 30 anos. O dirigente, em fim de mandato, procurou parceiros na tentativa de viabilizar o neg\u00f3cio. Sua iniciativa \u00e9 real, mas esbarra em interesses da empreiteira e n\u00e3o \u00e9 t\u00e3o f\u00e1cil de equacionar o neg\u00f3cio, como Nobre mesmo disse em recentes entrevistas.<!--more--><\/p>\n<p>O plano de Nobre n\u00e3o era comprar o Allianz Parque e repassar ao <a href=\"http:\/\/blogdoprosperi.com\/2016\/11\/07\/entenda-as-diferencas-do-palmeiras-e-da-concorrencia-na-briga-pela-taca\/\">Palmeiras<\/a>, assim como um gesto de gratid\u00e3o e amor eterno ao Palestra.<\/p>\n<p>No seu projeto, o clube \u00e9 quem compraria a arena da WTorre e ele, Nobre, seria o fiador da empreitada.<\/p>\n<p>Antes de entrar nos detalhes da engenharia financeira, \u00e9 bom explicar que a WTorre gastou cerca de R$ 600 milh\u00f5es na constru\u00e7\u00e3o do est\u00e1dio. Parte desse investimento com recursos da pr\u00f3pria empresa e a outra parte com dinheiro de um banco, com quem a WTorre ainda tem uma d\u00edvida.<\/p>\n<p>Como seria a engenharia financeira arquitetada por <a href=\"http:\/\/blogdoprosperi.com\/2016\/10\/14\/palmeiras-declara-guerra-ao-flamengo-cobra-providencias-da-cbf-e-diz-que-ninguem-vai-levar-brasileirao-na-mao-grande\/\">Paulo Nobre<\/a>?<\/p>\n<p>O Palmeiras, com parceiros arrebanhados pelo presidente do clube, compraria o Allianz e ele, Nobre, assumiria a d\u00edvida que a WTorre tem com o banco, d\u00edvida essa de longo prazo &#8211; o dirigente j\u00e1 procurou o banco com o qual a construtora tem a d\u00edvida.<\/p>\n<p>Assim o clube passaria a ter o controle total da arena e Paulo Nobre seria o avalista da d\u00edvida com o banco por um prazo estimado n\u00e3o menos que 20 anos.<\/p>\n<p>Neste caso, o Palmeiras assumiria todas as despesas de manuten\u00e7\u00e3o (gramado, \u00e1gua, energia, limpeza, equipamentos&#8230;) e gest\u00e3o do est\u00e1dio, que tem alto custo e \u00e9 bancado hoje de forma integral pela WTorre.<\/p>\n<p>No acordo vigente, a construtora \u00e9 obrigada a bancar todos os gastos com o est\u00e1dio, ceder as datas para os jogos e com 100% da bilheteria ao Palmeiras, e ainda participa\u00e7\u00e3o do clube em receitas de marketing, shows, venda de camarotes e outras fontes de arrecada\u00e7\u00e3o.<span class=\"alignnone\"><img data-recalc-dims=\"1\" loading=\"lazy\" decoding=\"async\" data-attachment-id=\"32544\" data-permalink=\"https:\/\/blogdoprosperi.com\/?attachment_id=32544\" data-orig-file=\"https:\/\/i0.wp.com\/blogdoprosperi.com\/wp-content\/uploads\/2016\/11\/3008935684-ae-presidente-do-palmeiras-paulo-nobre-fala-nesta-sexta-14-sobre-confusao-da-arbitragem-no-jogo-do-f.jpg?fit=619%2C413&amp;ssl=1\" data-orig-size=\"619,413\" data-comments-opened=\"1\" data-image-meta=\"{&quot;aperture&quot;:&quot;0&quot;,&quot;credit&quot;:&quot;&quot;,&quot;camera&quot;:&quot;&quot;,&quot;caption&quot;:&quot;&quot;,&quot;created_timestamp&quot;:&quot;0&quot;,&quot;copyright&quot;:&quot;&quot;,&quot;focal_length&quot;:&quot;0&quot;,&quot;iso&quot;:&quot;0&quot;,&quot;shutter_speed&quot;:&quot;0&quot;,&quot;title&quot;:&quot;&quot;,&quot;orientation&quot;:&quot;0&quot;}\" data-image-title=\"3008935684-ae-presidente-do-palmeiras-paulo-nobre-fala-nesta-sexta-14-sobre-confusao-da-arbitragem-no-jogo-do-f\" data-image-description=\"\" data-image-caption=\"\" data-large-file=\"https:\/\/i0.wp.com\/blogdoprosperi.com\/wp-content\/uploads\/2016\/11\/3008935684-ae-presidente-do-palmeiras-paulo-nobre-fala-nesta-sexta-14-sobre-confusao-da-arbitragem-no-jogo-do-f.jpg?fit=619%2C413&amp;ssl=1\" class=\"alignnone size-full wp-image-32544\" src=\"https:\/\/i0.wp.com\/blogdoprosperi.com\/wp-content\/uploads\/2016\/11\/3008935684-ae-presidente-do-palmeiras-paulo-nobre-fala-nesta-sexta-14-sobre-confusao-da-arbitragem-no-jogo-do-f.jpg?resize=619%2C413&#038;ssl=1\" alt=\"3008935684-ae-presidente-do-palmeiras-paulo-nobre-fala-nesta-sexta-14-sobre-confusao-da-arbitragem-no-jogo-do-f\" width=\"619\" height=\"413\" \/><\/span><\/p>\n<p>No mercado de neg\u00f3cios da constru\u00e7\u00e3o, bastidores apontam que a WTorre n\u00e3o tem interesse em vender o <a href=\"http:\/\/blogdoprosperi.com\/2016\/10\/23\/ministerio-publico-de-sao-paulo-confirma-ameaca-e-fecha-rua-turiassu-reduto-de-palmeirenses-com-acao-da-policia-militar\/\">Allianz Parque <\/a>neste momento de crise econ\u00f4mica no Brasil. O neg\u00f3cio foi projetado para 30 anos e a empresa conta com lucros da receita da arena.<\/p>\n<p>Se Paulo Nobre conseguir viabilizar o neg\u00f3cio, pode estender seu imp\u00e9rio no Palmeiras por mais uns 20 anos. Ele \u00e9 novo, ama o clube, e tem tempo e dinheiro de sobra para sonhar.<\/p>\n","protected":false},"excerpt":{"rendered":"<p>Paulo Nobre, presidente do Palmeiras, tem um projeto de compra da arena Allianz Parque, de propriedade da empresa [&hellip;]<\/p>\n","protected":false},"author":102107496,"featured_media":0,"comment_status":"open","ping_status":"open","sticky":false,"template":"","format":"standard","meta":{"_coblocks_attr":"","_coblocks_dimensions":"","_coblocks_responsive_height":"","_coblocks_accordion_ie_support":"","_jetpack_newsletter_access":"","_jetpack_dont_email_post_to_subs":false,"_jetpack_newsletter_tier_id":0,"_jetpack_memberships_contains_paywalled_content":false,"_wpcom_ai_launchpad_first_post":false,"_jetpack_feature_clip_id":0,"_jetpack_memberships_contains_paid_content":false,"footnotes":"","jetpack_publicize_message":"","jetpack_publicize_feature_enabled":true,"jetpack_social_post_already_shared":false,"jetpack_social_options":{"image_generator_settings":{"template":"highway","default_image_id":0,"font":"","enabled":false},"version":2},"jetpack_post_was_ever_published":false},"categories":[355071,53870],"tags":[789560560],"class_list":["post-32472","post","type-post","status-publish","format-standard","hentry","category-campeonato-brasileiro","category-futebol","tag-futebol"],"yoast_head":"<!-- This site is optimized with the Yoast SEO plugin v28.4 - https:\/\/yoast.com\/product\/yoast-seo-wordpress\/ -->\n<title>Entenda plano de Paulo Nobre para o Palmeiras comprar o Allianz Parque da WTorre e ampliar seu poder no clube - PR\u00d3SPERI NEWS<\/title>\n<meta name=\"robots\" content=\"index, follow, max-snippet:-1, max-image-preview:large, max-video-preview:-1\" \/>\n<link rel=\"canonical\" href=\"https:\/\/blogdoprosperi.com\/?p=32472\" \/>\n<meta property=\"og:locale\" content=\"pt_BR\" \/>\n<meta property=\"og:type\" content=\"article\" \/>\n<meta property=\"og:title\" content=\"Entenda plano de Paulo Nobre para o Palmeiras comprar o Allianz Parque da WTorre e ampliar seu poder no clube - PR\u00d3SPERI NEWS\" \/>\n<meta property=\"og:description\" content=\"Paulo Nobre, presidente do Palmeiras, tem um projeto de compra da arena Allianz Parque, de propriedade da empresa [&hellip;]\" \/>\n<meta property=\"og:url\" content=\"https:\/\/blogdoprosperi.com\/?p=32472\" \/>\n<meta property=\"og:site_name\" content=\"PR\u00d3SPERI NEWS\" \/>\n<meta property=\"article:publisher\" content=\"Luiz Pr\u00f3speri\" \/>\n<meta property=\"article:author\" content=\"Luiz Pr\u00f3speri\" \/>\n<meta property=\"article:published_time\" content=\"2016-11-16T20:06:14+00:00\" \/>\n<meta property=\"article:modified_time\" content=\"2016-11-16T21:28:45+00:00\" \/>\n<meta property=\"og:image\" content=\"https:\/\/blogdoprosperi.com\/wp-content\/uploads\/2016\/11\/allianz_parque_030615.jpg\" \/>\n<meta name=\"author\" content=\"Luiz Ant\u00f4nio Pr\u00f3speri\" \/>\n<meta name=\"twitter:card\" content=\"summary_large_image\" \/>\n<meta name=\"twitter:creator\" content=\"@Luizprosperi\" \/>\n<meta name=\"twitter:site\" content=\"@Luizprosperi\" \/>\n<meta name=\"twitter:label1\" content=\"Escrito por\" \/>\n\t<meta name=\"twitter:data1\" content=\"Luiz Ant\u00f4nio Pr\u00f3speri\" \/>\n\t<meta name=\"twitter:label2\" content=\"Est. tempo de leitura\" \/>\n\t<meta name=\"twitter:data2\" content=\"2 minutos\" \/>\n<script type=\"application\/ld+json\" class=\"yoast-schema-graph\">{\"@context\":\"https:\\\/\\\/schema.org\",\"@graph\":[{\"@type\":\"Article\",\"@id\":\"https:\\\/\\\/blogdoprosperi.com\\\/?p=32472#article\",\"isPartOf\":{\"@id\":\"https:\\\/\\\/blogdoprosperi.com\\\/?p=32472\"},\"author\":{\"name\":\"Luiz Ant\u00f4nio Pr\u00f3speri\",\"@id\":\"https:\\\/\\\/blogdoprosperi.com\\\/#\\\/schema\\\/person\\\/38100755ce3601861ee4fab9b5aa78e9\"},\"headline\":\"Entenda plano de Paulo Nobre para o Palmeiras comprar o Allianz Parque da WTorre e ampliar seu poder no clube\",\"datePublished\":\"2016-11-16T20:06:14+00:00\",\"dateModified\":\"2016-11-16T21:28:45+00:00\",\"mainEntityOfPage\":{\"@id\":\"https:\\\/\\\/blogdoprosperi.com\\\/?p=32472\"},\"wordCount\":439,\"commentCount\":2,\"publisher\":{\"@id\":\"https:\\\/\\\/blogdoprosperi.com\\\/#\\\/schema\\\/person\\\/38100755ce3601861ee4fab9b5aa78e9\"},\"image\":{\"@id\":\"https:\\\/\\\/blogdoprosperi.com\\\/?p=32472#primaryimage\"},\"thumbnailUrl\":\"https:\\\/\\\/blogdoprosperi.com\\\/wp-content\\\/uploads\\\/2016\\\/11\\\/allianz_parque_030615.jpg\",\"keywords\":[\"futebol\"],\"articleSection\":[\"Campeonato Brasileiro\",\"futebol\"],\"inLanguage\":\"pt-BR\",\"potentialAction\":[{\"@type\":\"CommentAction\",\"name\":\"Comment\",\"target\":[\"https:\\\/\\\/blogdoprosperi.com\\\/?p=32472#respond\"]}]},{\"@type\":\"WebPage\",\"@id\":\"https:\\\/\\\/blogdoprosperi.com\\\/?p=32472\",\"url\":\"https:\\\/\\\/blogdoprosperi.com\\\/?p=32472\",\"name\":\"Entenda plano de Paulo Nobre para o Palmeiras comprar o Allianz Parque da WTorre e ampliar seu poder no clube - PR\u00d3SPERI NEWS\",\"isPartOf\":{\"@id\":\"https:\\\/\\\/blogdoprosperi.com\\\/#website\"},\"primaryImageOfPage\":{\"@id\":\"https:\\\/\\\/blogdoprosperi.com\\\/?p=32472#primaryimage\"},\"image\":{\"@id\":\"https:\\\/\\\/blogdoprosperi.com\\\/?p=32472#primaryimage\"},\"thumbnailUrl\":\"https:\\\/\\\/blogdoprosperi.com\\\/wp-content\\\/uploads\\\/2016\\\/11\\\/allianz_parque_030615.jpg\",\"datePublished\":\"2016-11-16T20:06:14+00:00\",\"dateModified\":\"2016-11-16T21:28:45+00:00\",\"breadcrumb\":{\"@id\":\"https:\\\/\\\/blogdoprosperi.com\\\/?p=32472#breadcrumb\"},\"inLanguage\":\"pt-BR\",\"potentialAction\":[{\"@type\":\"ReadAction\",\"target\":[\"https:\\\/\\\/blogdoprosperi.com\\\/?p=32472\"]}]},{\"@type\":\"ImageObject\",\"inLanguage\":\"pt-BR\",\"@id\":\"https:\\\/\\\/blogdoprosperi.com\\\/?p=32472#primaryimage\",\"url\":\"https:\\\/\\\/i0.wp.com\\\/blogdoprosperi.com\\\/wp-content\\\/uploads\\\/2016\\\/11\\\/allianz_parque_030615.jpg?fit=690%2C390&ssl=1\",\"contentUrl\":\"https:\\\/\\\/i0.wp.com\\\/blogdoprosperi.com\\\/wp-content\\\/uploads\\\/2016\\\/11\\\/allianz_parque_030615.jpg?fit=690%2C390&ssl=1\",\"width\":690,\"height\":390,\"caption\":\"Allianz Parque - foto: Palmeiras oficial\"},{\"@type\":\"BreadcrumbList\",\"@id\":\"https:\\\/\\\/blogdoprosperi.com\\\/?p=32472#breadcrumb\",\"itemListElement\":[{\"@type\":\"ListItem\",\"position\":1,\"name\":\"In\u00edcio\",\"item\":\"https:\\\/\\\/blogdoprosperi.com\\\/\"},{\"@type\":\"ListItem\",\"position\":2,\"name\":\"Entenda plano de Paulo Nobre para o Palmeiras comprar o Allianz Parque da WTorre e ampliar seu poder no clube\"}]},{\"@type\":\"WebSite\",\"@id\":\"https:\\\/\\\/blogdoprosperi.com\\\/#website\",\"url\":\"https:\\\/\\\/blogdoprosperi.com\\\/\",\"name\":\"PR\u00d3SPERI NEWS\",\"description\":\"TUDO \u00c9  FUTEBOL\",\"publisher\":{\"@id\":\"https:\\\/\\\/blogdoprosperi.com\\\/#\\\/schema\\\/person\\\/38100755ce3601861ee4fab9b5aa78e9\"},\"alternateName\":\"blogdoprosperi.com\",\"potentialAction\":[{\"@type\":\"SearchAction\",\"target\":{\"@type\":\"EntryPoint\",\"urlTemplate\":\"https:\\\/\\\/blogdoprosperi.com\\\/?s={search_term_string}\"},\"query-input\":{\"@type\":\"PropertyValueSpecification\",\"valueRequired\":true,\"valueName\":\"search_term_string\"}}],\"inLanguage\":\"pt-BR\"},{\"@type\":[\"Person\",\"Organization\"],\"@id\":\"https:\\\/\\\/blogdoprosperi.com\\\/#\\\/schema\\\/person\\\/38100755ce3601861ee4fab9b5aa78e9\",\"name\":\"Luiz Ant\u00f4nio Pr\u00f3speri\",\"pronouns\":\"ele\",\"image\":{\"@type\":\"ImageObject\",\"inLanguage\":\"pt-BR\",\"@id\":\"https:\\\/\\\/i0.wp.com\\\/blogdoprosperi.com\\\/wp-content\\\/uploads\\\/2026\\\/05\\\/cropped-8059e613-6002-42fa-961e-8e275f575d71-2-5.jpg?fit=1360%2C931&ssl=1\",\"url\":\"https:\\\/\\\/i0.wp.com\\\/blogdoprosperi.com\\\/wp-content\\\/uploads\\\/2026\\\/05\\\/cropped-8059e613-6002-42fa-961e-8e275f575d71-2-5.jpg?fit=1360%2C931&ssl=1\",\"contentUrl\":\"https:\\\/\\\/i0.wp.com\\\/blogdoprosperi.com\\\/wp-content\\\/uploads\\\/2026\\\/05\\\/cropped-8059e613-6002-42fa-961e-8e275f575d71-2-5.jpg?fit=1360%2C931&ssl=1\",\"width\":1360,\"height\":931,\"caption\":\"Luiz Ant\u00f4nio Pr\u00f3speri\"},\"logo\":{\"@id\":\"https:\\\/\\\/i0.wp.com\\\/blogdoprosperi.com\\\/wp-content\\\/uploads\\\/2026\\\/05\\\/cropped-8059e613-6002-42fa-961e-8e275f575d71-2-5.jpg?fit=1360%2C931&ssl=1\"},\"description\":\"Jornalista com carreira dedicada ao esporte. Cobriu 9 Copas do Mundo in loco, 1990 na It\u00e1lia, 1994 nos EUA, 1998 na Fran\u00e7a, 2002 na Coreia do Sul e Jap\u00e3o, 2006 na Alemanha, 2010 na \u00c1frica do Sul, 2014 no Brasil, 2018 na R\u00fassia e 2022 no Qatar. Eurocopas, 1992 na Su\u00e9cia e 1996 na Inglaterra. Copa das Confedera\u00e7\u00f5es de 2005 na Alemanha e 2009 na \u00c1frica do Sul. Rep\u00f3rter e Editor, trabalhou no Jornal da Tarde e Estad\u00e3o, de 1984 a fevereiro de 2016. Colunista, blogueiro. E comentarista de futebol na R\u00e1dio Estad\u00e3o, de 2013 a fevereiro de 2016. Jornalista respons\u00e1vel do \\\"Pr\u00f3speri News\\\" (blogdoprosperi.com).\",\"sameAs\":[\"http:\\\/\\\/blogdoprosperi.com\",\"Luiz Pr\u00f3speri\",\"@luiz_prosperi\",\"https:\\\/\\\/x.com\\\/Luizprosperi\",\"@prosperinacopa\",\"luiz.prosperi@icloud.com\"],\"url\":\"https:\\\/\\\/blogdoprosperi.com\\\/?author=102107496\"}]}<\/script>\n<!-- \/ Yoast SEO plugin. -->","yoast_head_json":{"title":"Entenda plano de Paulo Nobre para o Palmeiras comprar o Allianz Parque da WTorre e ampliar seu poder no clube - PR\u00d3SPERI NEWS","robots":{"index":"index","follow":"follow","max-snippet":"max-snippet:-1","max-image-preview":"max-image-preview:large","max-video-preview":"max-video-preview:-1"},"canonical":"https:\/\/blogdoprosperi.com\/?p=32472","og_locale":"pt_BR","og_type":"article","og_title":"Entenda plano de Paulo Nobre para o Palmeiras comprar o Allianz Parque da WTorre e ampliar seu poder no clube - PR\u00d3SPERI NEWS","og_description":"Paulo Nobre, presidente do Palmeiras, tem um projeto de compra da arena Allianz Parque, de propriedade da empresa [&hellip;]","og_url":"https:\/\/blogdoprosperi.com\/?p=32472","og_site_name":"PR\u00d3SPERI NEWS","article_publisher":"Luiz Pr\u00f3speri","article_author":"Luiz Pr\u00f3speri","article_published_time":"2016-11-16T20:06:14+00:00","article_modified_time":"2016-11-16T21:28:45+00:00","og_image":[{"url":"https:\/\/blogdoprosperi.com\/wp-content\/uploads\/2016\/11\/allianz_parque_030615.jpg","type":"","width":"","height":""}],"author":"Luiz Ant\u00f4nio Pr\u00f3speri","twitter_card":"summary_large_image","twitter_creator":"@Luizprosperi","twitter_site":"@Luizprosperi","twitter_misc":{"Escrito por":"Luiz Ant\u00f4nio Pr\u00f3speri","Est. tempo de leitura":"2 minutos"},"schema":{"@context":"https:\/\/schema.org","@graph":[{"@type":"Article","@id":"https:\/\/blogdoprosperi.com\/?p=32472#article","isPartOf":{"@id":"https:\/\/blogdoprosperi.com\/?p=32472"},"author":{"name":"Luiz Ant\u00f4nio Pr\u00f3speri","@id":"https:\/\/blogdoprosperi.com\/#\/schema\/person\/38100755ce3601861ee4fab9b5aa78e9"},"headline":"Entenda plano de Paulo Nobre para o Palmeiras comprar o Allianz Parque da WTorre e ampliar seu poder no clube","datePublished":"2016-11-16T20:06:14+00:00","dateModified":"2016-11-16T21:28:45+00:00","mainEntityOfPage":{"@id":"https:\/\/blogdoprosperi.com\/?p=32472"},"wordCount":439,"commentCount":2,"publisher":{"@id":"https:\/\/blogdoprosperi.com\/#\/schema\/person\/38100755ce3601861ee4fab9b5aa78e9"},"image":{"@id":"https:\/\/blogdoprosperi.com\/?p=32472#primaryimage"},"thumbnailUrl":"https:\/\/blogdoprosperi.com\/wp-content\/uploads\/2016\/11\/allianz_parque_030615.jpg","keywords":["futebol"],"articleSection":["Campeonato Brasileiro","futebol"],"inLanguage":"pt-BR","potentialAction":[{"@type":"CommentAction","name":"Comment","target":["https:\/\/blogdoprosperi.com\/?p=32472#respond"]}]},{"@type":"WebPage","@id":"https:\/\/blogdoprosperi.com\/?p=32472","url":"https:\/\/blogdoprosperi.com\/?p=32472","name":"Entenda plano de Paulo Nobre para o Palmeiras comprar o Allianz Parque da WTorre e ampliar seu poder no clube - PR\u00d3SPERI NEWS","isPartOf":{"@id":"https:\/\/blogdoprosperi.com\/#website"},"primaryImageOfPage":{"@id":"https:\/\/blogdoprosperi.com\/?p=32472#primaryimage"},"image":{"@id":"https:\/\/blogdoprosperi.com\/?p=32472#primaryimage"},"thumbnailUrl":"https:\/\/blogdoprosperi.com\/wp-content\/uploads\/2016\/11\/allianz_parque_030615.jpg","datePublished":"2016-11-16T20:06:14+00:00","dateModified":"2016-11-16T21:28:45+00:00","breadcrumb":{"@id":"https:\/\/blogdoprosperi.com\/?p=32472#breadcrumb"},"inLanguage":"pt-BR","potentialAction":[{"@type":"ReadAction","target":["https:\/\/blogdoprosperi.com\/?p=32472"]}]},{"@type":"ImageObject","inLanguage":"pt-BR","@id":"https:\/\/blogdoprosperi.com\/?p=32472#primaryimage","url":"https:\/\/i0.wp.com\/blogdoprosperi.com\/wp-content\/uploads\/2016\/11\/allianz_parque_030615.jpg?fit=690%2C390&ssl=1","contentUrl":"https:\/\/i0.wp.com\/blogdoprosperi.com\/wp-content\/uploads\/2016\/11\/allianz_parque_030615.jpg?fit=690%2C390&ssl=1","width":690,"height":390,"caption":"Allianz Parque - foto: Palmeiras oficial"},{"@type":"BreadcrumbList","@id":"https:\/\/blogdoprosperi.com\/?p=32472#breadcrumb","itemListElement":[{"@type":"ListItem","position":1,"name":"In\u00edcio","item":"https:\/\/blogdoprosperi.com\/"},{"@type":"ListItem","position":2,"name":"Entenda plano de Paulo Nobre para o Palmeiras comprar o Allianz Parque da WTorre e ampliar seu poder no clube"}]},{"@type":"WebSite","@id":"https:\/\/blogdoprosperi.com\/#website","url":"https:\/\/blogdoprosperi.com\/","name":"PR\u00d3SPERI NEWS","description":"TUDO \u00c9  FUTEBOL","publisher":{"@id":"https:\/\/blogdoprosperi.com\/#\/schema\/person\/38100755ce3601861ee4fab9b5aa78e9"},"alternateName":"blogdoprosperi.com","potentialAction":[{"@type":"SearchAction","target":{"@type":"EntryPoint","urlTemplate":"https:\/\/blogdoprosperi.com\/?s={search_term_string}"},"query-input":{"@type":"PropertyValueSpecification","valueRequired":true,"valueName":"search_term_string"}}],"inLanguage":"pt-BR"},{"@type":["Person","Organization"],"@id":"https:\/\/blogdoprosperi.com\/#\/schema\/person\/38100755ce3601861ee4fab9b5aa78e9","name":"Luiz Ant\u00f4nio Pr\u00f3speri","pronouns":"ele","image":{"@type":"ImageObject","inLanguage":"pt-BR","@id":"https:\/\/i0.wp.com\/blogdoprosperi.com\/wp-content\/uploads\/2026\/05\/cropped-8059e613-6002-42fa-961e-8e275f575d71-2-5.jpg?fit=1360%2C931&ssl=1","url":"https:\/\/i0.wp.com\/blogdoprosperi.com\/wp-content\/uploads\/2026\/05\/cropped-8059e613-6002-42fa-961e-8e275f575d71-2-5.jpg?fit=1360%2C931&ssl=1","contentUrl":"https:\/\/i0.wp.com\/blogdoprosperi.com\/wp-content\/uploads\/2026\/05\/cropped-8059e613-6002-42fa-961e-8e275f575d71-2-5.jpg?fit=1360%2C931&ssl=1","width":1360,"height":931,"caption":"Luiz Ant\u00f4nio Pr\u00f3speri"},"logo":{"@id":"https:\/\/i0.wp.com\/blogdoprosperi.com\/wp-content\/uploads\/2026\/05\/cropped-8059e613-6002-42fa-961e-8e275f575d71-2-5.jpg?fit=1360%2C931&ssl=1"},"description":"Jornalista com carreira dedicada ao esporte. Cobriu 9 Copas do Mundo in loco, 1990 na It\u00e1lia, 1994 nos EUA, 1998 na Fran\u00e7a, 2002 na Coreia do Sul e Jap\u00e3o, 2006 na Alemanha, 2010 na \u00c1frica do Sul, 2014 no Brasil, 2018 na R\u00fassia e 2022 no Qatar. Eurocopas, 1992 na Su\u00e9cia e 1996 na Inglaterra. Copa das Confedera\u00e7\u00f5es de 2005 na Alemanha e 2009 na \u00c1frica do Sul. Rep\u00f3rter e Editor, trabalhou no Jornal da Tarde e Estad\u00e3o, de 1984 a fevereiro de 2016. Colunista, blogueiro. E comentarista de futebol na R\u00e1dio Estad\u00e3o, de 2013 a fevereiro de 2016. Jornalista respons\u00e1vel do \"Pr\u00f3speri News\" (blogdoprosperi.com).","sameAs":["http:\/\/blogdoprosperi.com","Luiz Pr\u00f3speri","@luiz_prosperi","https:\/\/x.com\/Luizprosperi","@prosperinacopa","luiz.prosperi@icloud.com"],"url":"https:\/\/blogdoprosperi.com\/?author=102107496"}]}},"jetpack_publicize_connections":[],"jetpack_likes_enabled":false,"jetpack_sharing_enabled":true,"jetpack_shortlink":"https:\/\/wp.me\/p7jvdk-8rK","jetpack-related-posts":[{"id":7134,"url":"https:\/\/blogdoprosperi.com\/?p=7134","url_meta":{"origin":32472,"position":0},"title":"Palmeiras pune ex-presidente, assim como S\u00e3o Paulo e Santos","author":"Luiz Ant\u00f4nio Pr\u00f3speri","date":"24 de maio de 2016","format":false,"excerpt":"Luiz Gonzaga Belluzzo \u00e9 suspenso por um ano do quadro de s\u00f3cios do Palestra. Carlos Miguel Aidar, no S\u00e3o Paulo, e Od\u00edlio Rodrigues, no Santos, n\u00e3o tiveram a mesma 'sorte' e foram expulsos de seus clubes O Palmeiras n\u00e3o se emenda. Em um momento de retomada da confian\u00e7a no time\u2026","rel":"","context":"Em &quot;futebol&quot;","block_context":{"text":"futebol","link":"https:\/\/blogdoprosperi.com\/?cat=53870"},"img":{"alt_text":"","src":"https:\/\/i0.wp.com\/blogdoprosperi.com\/wp-content\/uploads\/2016\/05\/286234-970x600-1.jpeg?resize=350%2C200&ssl=1","width":350,"height":200,"srcset":"https:\/\/i0.wp.com\/blogdoprosperi.com\/wp-content\/uploads\/2016\/05\/286234-970x600-1.jpeg?resize=350%2C200&ssl=1 1x, https:\/\/i0.wp.com\/blogdoprosperi.com\/wp-content\/uploads\/2016\/05\/286234-970x600-1.jpeg?resize=525%2C300&ssl=1 1.5x, https:\/\/i0.wp.com\/blogdoprosperi.com\/wp-content\/uploads\/2016\/05\/286234-970x600-1.jpeg?resize=700%2C400&ssl=1 2x"},"classes":[]},{"id":27409,"url":"https:\/\/blogdoprosperi.com\/?p=27409","url_meta":{"origin":32472,"position":1},"title":"Palmeiras e Corinthians, entre o c\u00e9u e o inferno","author":"Luiz Ant\u00f4nio Pr\u00f3speri","date":"4 de outubro de 2016","format":false,"excerpt":"\u00a0 Presidentes de Palmeiras e Corinthians concederam entrevistas coletivas neste in\u00edcio de noite de ter\u00e7a-feira (04\/11). Paulo Nobre, sereno, discorreu sobre a vit\u00f3ria do clube na corte arbitral contra a WTorre na venda de cadeiras do Allianz Parque, da paz pol\u00edtica no Palestra e do bom futebol do time de\u2026","rel":"","context":"Em &quot;Campeonato Brasileiro&quot;","block_context":{"text":"Campeonato Brasileiro","link":"https:\/\/blogdoprosperi.com\/?cat=355071"},"img":{"alt_text":"","src":"https:\/\/i0.wp.com\/blogdoprosperi.com\/wp-content\/uploads\/2016\/10\/elv20160615030.jpg?resize=350%2C200","width":350,"height":200,"srcset":"https:\/\/i0.wp.com\/blogdoprosperi.com\/wp-content\/uploads\/2016\/10\/elv20160615030.jpg?resize=350%2C200 1x, https:\/\/i0.wp.com\/blogdoprosperi.com\/wp-content\/uploads\/2016\/10\/elv20160615030.jpg?resize=525%2C300 1.5x"},"classes":[]},{"id":34915,"url":"https:\/\/blogdoprosperi.com\/?p=34915","url_meta":{"origin":32472,"position":2},"title":"Dona da Crefisa chega para n\u00e3o sair mais do Palmeiras","author":"Luiz Ant\u00f4nio Pr\u00f3speri","date":"3 de fevereiro de 2017","format":false,"excerpt":"Leila Pereira tem planos ambiciosos no Palmeiras. N\u00e3o passa por sua cabe\u00e7a apenas conquistar uma cadeira no Conselho Deliberativo do clube e mais tarde se eleger presidente. De acordo com seu discurso de apresenta\u00e7\u00e3o aos conselheiros, em um jantar h\u00e1 pouco mais de um m\u00eas (veja v\u00eddeo abaixo), fica claro\u2026","rel":"","context":"Em &quot;futebol&quot;","block_context":{"text":"futebol","link":"https:\/\/blogdoprosperi.com\/?cat=53870"},"img":{"alt_text":"","src":"https:\/\/i0.wp.com\/blogdoprosperi.com\/wp-content\/uploads\/2017\/02\/lancamento_leila_pereira_1.jpeg?resize=350%2C200&ssl=1","width":350,"height":200,"srcset":"https:\/\/i0.wp.com\/blogdoprosperi.com\/wp-content\/uploads\/2017\/02\/lancamento_leila_pereira_1.jpeg?resize=350%2C200&ssl=1 1x, https:\/\/i0.wp.com\/blogdoprosperi.com\/wp-content\/uploads\/2017\/02\/lancamento_leila_pereira_1.jpeg?resize=525%2C300&ssl=1 1.5x, https:\/\/i0.wp.com\/blogdoprosperi.com\/wp-content\/uploads\/2017\/02\/lancamento_leila_pereira_1.jpeg?resize=700%2C400&ssl=1 2x"},"classes":[]},{"id":57547,"url":"https:\/\/blogdoprosperi.com\/?p=57547","url_meta":{"origin":32472,"position":3},"title":"Palmeiras | Sai Allianz Parque, Entra Nubank","author":"Luiz Ant\u00f4nio Pr\u00f3speri","date":"10 de abril de 2026","format":false,"excerpt":"Palmeiras tem novo nome no seu est\u00e1dio. Sai o Allianz Parque entra o Nubank. A troca nasce de um neg\u00f3cio fechado entre a WTorre e a institui\u00e7\u00e3o financeira ap\u00f3s recis\u00e3o contratual com Allianz Seguros, dona dos naming rights da arena desde 2014. O torcedor \u00e9 quem vai definir o novo\u2026","rel":"","context":"Em &quot;futebol&quot;","block_context":{"text":"futebol","link":"https:\/\/blogdoprosperi.com\/?cat=53870"},"img":{"alt_text":"","src":"https:\/\/i0.wp.com\/blogdoprosperi.com\/wp-content\/uploads\/2026\/04\/foto-de-divulgacao-2048x1537-1.webp?fit=1200%2C901&ssl=1&resize=350%2C200","width":350,"height":200,"srcset":"https:\/\/i0.wp.com\/blogdoprosperi.com\/wp-content\/uploads\/2026\/04\/foto-de-divulgacao-2048x1537-1.webp?fit=1200%2C901&ssl=1&resize=350%2C200 1x, https:\/\/i0.wp.com\/blogdoprosperi.com\/wp-content\/uploads\/2026\/04\/foto-de-divulgacao-2048x1537-1.webp?fit=1200%2C901&ssl=1&resize=525%2C300 1.5x, https:\/\/i0.wp.com\/blogdoprosperi.com\/wp-content\/uploads\/2026\/04\/foto-de-divulgacao-2048x1537-1.webp?fit=1200%2C901&ssl=1&resize=700%2C400 2x, https:\/\/i0.wp.com\/blogdoprosperi.com\/wp-content\/uploads\/2026\/04\/foto-de-divulgacao-2048x1537-1.webp?fit=1200%2C901&ssl=1&resize=1050%2C600 3x"},"classes":[]},{"id":38294,"url":"https:\/\/blogdoprosperi.com\/?p=38294","url_meta":{"origin":32472,"position":4},"title":"Dona da Crefisa vai assumir comando do Palmeiras em dezembro 2021","author":"Luiz Ant\u00f4nio Pr\u00f3speri","date":"10 de mar\u00e7o de 2021","format":false,"excerpt":"Desde domingo (07\/3), ap\u00f3s Felipe Melo erguer a ta\u00e7a da Copa do Brasil 2021, Leila repete aos ve\u00edculos de imprensa sua disposi\u00e7\u00e3o em ser a nova presidenta do Palmeiras","rel":"","context":"Em &quot;futebol&quot;","block_context":{"text":"futebol","link":"https:\/\/blogdoprosperi.com\/?cat=53870"},"img":{"alt_text":"","src":"https:\/\/i0.wp.com\/blogdoprosperi.com\/wp-content\/uploads\/2021\/03\/dxm1s5jwoaaj1kc.jpg?fit=1024%2C576&ssl=1&resize=350%2C200","width":350,"height":200,"srcset":"https:\/\/i0.wp.com\/blogdoprosperi.com\/wp-content\/uploads\/2021\/03\/dxm1s5jwoaaj1kc.jpg?fit=1024%2C576&ssl=1&resize=350%2C200 1x, https:\/\/i0.wp.com\/blogdoprosperi.com\/wp-content\/uploads\/2021\/03\/dxm1s5jwoaaj1kc.jpg?fit=1024%2C576&ssl=1&resize=525%2C300 1.5x, https:\/\/i0.wp.com\/blogdoprosperi.com\/wp-content\/uploads\/2021\/03\/dxm1s5jwoaaj1kc.jpg?fit=1024%2C576&ssl=1&resize=700%2C400 2x"},"classes":[]},{"id":1329,"url":"https:\/\/blogdoprosperi.com\/?p=1329","url_meta":{"origin":32472,"position":5},"title":"Palmeiras perde tempo com Marcelo Oliveira e cai na Libertadores","author":"Luiz Ant\u00f4nio Pr\u00f3speri","date":"15 de abril de 2016","format":false,"excerpt":"\u00a0 O Palmeiras saiu aplaudido por cerca de 30 mil torcedores ao derrotar o fraco River Plate por 4 a 0 nesta noite de quinta-feira no Allianz Parque. A rea\u00e7\u00e3o da torcida foi de apoio aos jogadores e ao t\u00e9cnico Cuca, apesar da elimina\u00e7\u00e3o na primeira fase da Copa Libertadores\u2026","rel":"","context":"Em &quot;futebol&quot;","block_context":{"text":"futebol","link":"https:\/\/blogdoprosperi.com\/?cat=53870"},"img":{"alt_text":"","src":"https:\/\/i0.wp.com\/blogdoprosperi.com\/wp-content\/uploads\/2016\/04\/01e00dd35300bfab453f84b4a7ea0df7.jpg?resize=350%2C200&ssl=1","width":350,"height":200,"srcset":"https:\/\/i0.wp.com\/blogdoprosperi.com\/wp-content\/uploads\/2016\/04\/01e00dd35300bfab453f84b4a7ea0df7.jpg?resize=350%2C200&ssl=1 1x, https:\/\/i0.wp.com\/blogdoprosperi.com\/wp-content\/uploads\/2016\/04\/01e00dd35300bfab453f84b4a7ea0df7.jpg?resize=525%2C300&ssl=1 1.5x"},"classes":[]}],"jetpack_featured_media_url":"","_links":{"self":[{"href":"https:\/\/blogdoprosperi.com\/index.php?rest_route=\/wp\/v2\/posts\/32472","targetHints":{"allow":["GET"]}}],"collection":[{"href":"https:\/\/blogdoprosperi.com\/index.php?rest_route=\/wp\/v2\/posts"}],"about":[{"href":"https:\/\/blogdoprosperi.com\/index.php?rest_route=\/wp\/v2\/types\/post"}],"author":[{"embeddable":true,"href":"https:\/\/blogdoprosperi.com\/index.php?rest_route=\/wp\/v2\/users\/102107496"}],"replies":[{"embeddable":true,"href":"https:\/\/blogdoprosperi.com\/index.php?rest_route=%2Fwp%2Fv2%2Fcomments&post=32472"}],"version-history":[{"count":25,"href":"https:\/\/blogdoprosperi.com\/index.php?rest_route=\/wp\/v2\/posts\/32472\/revisions"}],"predecessor-version":[{"id":32546,"href":"https:\/\/blogdoprosperi.com\/index.php?rest_route=\/wp\/v2\/posts\/32472\/revisions\/32546"}],"wp:attachment":[{"href":"https:\/\/blogdoprosperi.com\/index.php?rest_route=%2Fwp%2Fv2%2Fmedia&parent=32472"}],"wp:term":[{"taxonomy":"category","embeddable":true,"href":"https:\/\/blogdoprosperi.com\/index.php?rest_route=%2Fwp%2Fv2%2Fcategories&post=32472"},{"taxonomy":"post_tag","embeddable":true,"href":"https:\/\/blogdoprosperi.com\/index.php?rest_route=%2Fwp%2Fv2%2Ftags&post=32472"}],"curies":[{"name":"wp","href":"https:\/\/api.w.org\/{rel}","templated":true}]}}