{"id":32547,"date":"2016-11-17T12:08:23","date_gmt":"2016-11-17T14:08:23","guid":{"rendered":"http:\/\/blogdoprosperi.com\/?p=32547"},"modified":"2016-11-17T15:47:03","modified_gmt":"2016-11-17T17:47:03","slug":"carol-a-invasora","status":"publish","type":"post","link":"https:\/\/blogdoprosperi.com\/?p=32547","title":{"rendered":"STJD, humilhado, concede efeito suspensivo ao Gr\u00eamio na puni\u00e7\u00e3o por causa de Carol, a invasora"},"content":{"rendered":"<p><span class=\"alignnone\"><img data-recalc-dims=\"1\" loading=\"lazy\" decoding=\"async\" data-attachment-id=\"32579\" data-permalink=\"https:\/\/blogdoprosperi.com\/?attachment_id=32579\" data-orig-file=\"https:\/\/i0.wp.com\/blogdoprosperi.com\/wp-content\/uploads\/2016\/11\/82qb7gh06x_2t3ey9u8s_file.jpeg?fit=780%2C519&amp;ssl=1\" data-orig-size=\"780,519\" data-comments-opened=\"1\" data-image-meta=\"{&quot;aperture&quot;:&quot;3.2&quot;,&quot;credit&quot;:&quot;VINICIUS COSTA\/FUTURA PRESS&quot;,&quot;camera&quot;:&quot;NIKON D4S&quot;,&quot;caption&quot;:&quot;Carol Portallupi, filha do t\\u00e9cnico Renato Ga\\u00facho do Gr\\u00eamio acompanha o pai no gramado ap\\u00f3s a partida entre Gr\\u00eamio RS e Cruzeiro MG, v\\u00e1lida pela semifinal da Copa do Brasil 2016, na Arena do Gr\\u00eamio em Porto Alegre (RS), nesta quarta-feira (02).&quot;,&quot;created_timestamp&quot;:&quot;1478126340&quot;,&quot;copyright&quot;:&quot;Vinicius Costa\/Futura Press&quot;,&quot;focal_length&quot;:&quot;400&quot;,&quot;iso&quot;:&quot;2500&quot;,&quot;shutter_speed&quot;:&quot;0.001&quot;,&quot;title&quot;:&quot;&quot;,&quot;orientation&quot;:&quot;0&quot;}\" data-image-title=\"82qb7gh06x_2t3ey9u8s_file\" data-image-description=\"\" data-image-caption=\"&lt;p&gt;Carol Portallupi, filha do t\u00e9cnico Renato Ga\u00facho do Gr\u00eamio acompanha o pai no gramado ap\u00f3s a partida entre Gr\u00eamio RS e Cruzeiro MG, v\u00e1lida pela semifinal da Copa do Brasil 2016, na Arena do Gr\u00eamio em Porto Alegre (RS), nesta quarta-feira (02).&lt;\/p&gt;\n\" data-large-file=\"https:\/\/i0.wp.com\/blogdoprosperi.com\/wp-content\/uploads\/2016\/11\/82qb7gh06x_2t3ey9u8s_file.jpeg?fit=780%2C519&amp;ssl=1\" class=\"alignnone size-full wp-image-32579\" src=\"https:\/\/i0.wp.com\/blogdoprosperi.com\/wp-content\/uploads\/2016\/11\/82qb7gh06x_2t3ey9u8s_file.jpeg?resize=780%2C519&#038;ssl=1\" alt=\"82qb7gh06x_2t3ey9u8s_file\" width=\"780\" height=\"519\" \/><\/span><\/p>\n<p>STJD concedeu efeito suspensivo ao Gr\u00eamio na puni\u00e7\u00e3o com perda de mando de campo na final da Copa do Brasil e multa de R$ 30 mil. Clube ga\u00facho entrou com recurso nesta manh\u00e3 de quinta-feira (17\/11) e conseguiu a primeira vit\u00f3ria contra o tribunal, alvo de uma avalanche de cr\u00edticas, ridicularizado na m\u00eddia, redes sociais e nos bastidores do futebol brasileiro. A puni\u00e7\u00e3o se deu por casa da &#8220;invas\u00e3o&#8221; de Carol Portaluppi, filha do t\u00e9cnico Renato Ga\u00facho, ao campo ap\u00f3s encerramento da partida contra o Cruzeiro, pela semifinal da Copa do Brasil.<!--more--><\/p>\n<p>De acordo com o STJD, um novo julgamento est\u00e1 previsto para dia 24 de novembro ou 1.\u00ba de dezembro. Se for realizado nesta segunda data, o Gr\u00eamio j\u00e1 teria disputado o segundo jogo da final da Copa. Se acontecer no dia 24 e a puni\u00e7\u00e3o for mantida, o clube ga\u00facho ter\u00e1 de procurar outro est\u00e1dio para mandar o segundo jogo.<\/p>\n<p>Diante do rid\u00edculo da situa\u00e7\u00e3o, este<strong> Blog do Pr\u00f3speri<\/strong> transcreve abaixo a decis\u00e3o do tribunal, quando puniu o Gr\u00eamio, e deixa ao leitor a interpreta\u00e7\u00e3o de mais um ato do STJD, que passa a temporada toda longe dos holofotes e ao fim do ano aparece com estardalha\u00e7o na m\u00eddia.<\/p>\n<p><strong>Veja na \u00edntegra do parecer do tribunal publicado no site oficial da entidade:<\/strong><\/p>\n<p>&#8220;O Gr\u00eamio foi punido na tarde desta quarta, dia 16 de novembro, pela invas\u00e3o de campo de Carol Portaluppi ap\u00f3s a partida entre Gr\u00eamio e Cruzeiro, pela semifinal da Copa do Brasil. Denunciado por n\u00e3o prevenir e reprimir invas\u00e3o de campo, o clube recebeu multa de R$ 30 mil e perda de um mando de campo. A decis\u00e3o, proferida por maioria dos votos, cabe recurso.<\/p>\n<p>A partida marcou a classifica\u00e7\u00e3o do Gr\u00eamio na final da Copa BR 2016. Chamada pelo pai, a\u00a0filha do t\u00e9cnico Renato Ga\u00facho acompanhou os \u00faltimos minutos do jogo no banco de reservas e, ap\u00f3s o apito final, entrou em campo para comemorar com o pai, mas por n\u00e3o estar autorizada a estar no gramado o fato foi sinalizado na s\u00famula pelo \u00e1rbitro da partida e acabou denunciado no STJD do Futebol.<\/p>\n<p>Em julgamento o <span style=\"color:#0000ff;\">advogado Gabriel Vieira exibiu prova de v\u00eddeo e sustentou o pedido de absolvi\u00e7\u00e3o do clube<\/span>, por entender que o caso n\u00e3o se aplica no artigo denunciado.<\/p>\n<p>&#8220;Expliquei (<em>ao t\u00e9cnico Renato Ga\u00facho<\/em>) que a invas\u00e3o \u00e9 grave e que poderia gerar uma puni\u00e7\u00e3o ao clube.\u00a0O dispositivo \u00e9 muito claro para casos que podem macular ou trazer preju\u00edzo ao espet\u00e1culo. N\u00e3o se amolda para o caso de uma bela mo\u00e7a que entra em campo ao final da partida. Pela primeira vez no direito desportivo estamos analisando um caso de amor e afeto entre pai e filha que se abra\u00e7am ao t\u00e9rmino de um resultado positivo. Em raz\u00e3o disso, a defesa pede a absolvi\u00e7\u00e3o do Gr\u00eamio\u201d, defendeu Gabriel Vieira.<\/p>\n<div class=\"tiled-gallery type-rectangular tiled-gallery-unresized\" data-original-width=\"940\" data-carousel-extra='{&quot;blog_id&quot;:1,&quot;permalink&quot;:&quot;https:\\\/\\\/blogdoprosperi.com\\\/?p=32547&quot;,&quot;likes_blog_id&quot;:108082574}' itemscope itemtype=\"http:\/\/schema.org\/ImageGallery\" > <div class=\"gallery-row\" style=\"width: 940px; height: 248px;\" data-original-width=\"940\" data-original-height=\"248\" > <div class=\"gallery-group images-1\" style=\"width: 435px; height: 248px;\" data-original-width=\"435\" data-original-height=\"248\" > <div class=\"tiled-gallery-item tiled-gallery-item-large\" itemprop=\"associatedMedia\" itemscope itemtype=\"http:\/\/schema.org\/ImageObject\"> <a href=\"https:\/\/blogdoprosperi.com\/?attachment_id=32580\" border=\"0\" itemprop=\"url\"> <meta itemprop=\"width\" content=\"431\"> <meta itemprop=\"height\" content=\"244\"> <img decoding=\"async\" class=\"\" data-attachment-id=\"32580\" data-orig-file=\"https:\/\/blogdoprosperi.com\/wp-content\/uploads\/2016\/11\/carol.jpg\" data-orig-size=\"588,333\" data-comments-opened=\"1\" data-image-meta=\"{&quot;aperture&quot;:&quot;0&quot;,&quot;credit&quot;:&quot;&quot;,&quot;camera&quot;:&quot;&quot;,&quot;caption&quot;:&quot;&quot;,&quot;created_timestamp&quot;:&quot;0&quot;,&quot;copyright&quot;:&quot;&quot;,&quot;focal_length&quot;:&quot;0&quot;,&quot;iso&quot;:&quot;0&quot;,&quot;shutter_speed&quot;:&quot;0&quot;,&quot;title&quot;:&quot;&quot;,&quot;orientation&quot;:&quot;0&quot;}\" data-image-title=\"carol\" data-image-description=\"\" data-medium-file=\"https:\/\/i0.wp.com\/blogdoprosperi.com\/wp-content\/uploads\/2016\/11\/carol.jpg?fit=588%2C333&#038;ssl=1\" data-large-file=\"https:\/\/i0.wp.com\/blogdoprosperi.com\/wp-content\/uploads\/2016\/11\/carol.jpg?fit=588%2C333&#038;ssl=1\" src=\"https:\/\/i0.wp.com\/blogdoprosperi.com\/wp-content\/uploads\/2016\/11\/carol.jpg?w=431&#038;h=244&#038;ssl=1\" width=\"431\" height=\"244\" loading=\"lazy\" data-original-width=\"431\" data-original-height=\"244\" itemprop=\"http:\/\/schema.org\/image\" title=\"carol\" alt=\"carol\" style=\"width: 431px; height: 244px;\" \/> <\/a> <\/div> <\/div> <!-- close group --> <div class=\"gallery-group images-1\" style=\"width: 505px; height: 248px;\" data-original-width=\"505\" data-original-height=\"248\" > <div class=\"tiled-gallery-item tiled-gallery-item-large\" itemprop=\"associatedMedia\" itemscope itemtype=\"http:\/\/schema.org\/ImageObject\"> <a href=\"https:\/\/blogdoprosperi.com\/?attachment_id=32581\" border=\"0\" itemprop=\"url\"> <meta itemprop=\"width\" content=\"501\"> <meta itemprop=\"height\" content=\"244\"> <img decoding=\"async\" class=\"\" data-attachment-id=\"32581\" data-orig-file=\"https:\/\/blogdoprosperi.com\/wp-content\/uploads\/2016\/11\/renato-gaucho-abraca-a-filha-carol-apos-a-classificacao-para-a-final-da-copa-do-brasil-1478139153440_615x300.jpg\" data-orig-size=\"615,300\" data-comments-opened=\"1\" data-image-meta=\"{&quot;aperture&quot;:&quot;0&quot;,&quot;credit&quot;:&quot;&quot;,&quot;camera&quot;:&quot;&quot;,&quot;caption&quot;:&quot;&quot;,&quot;created_timestamp&quot;:&quot;0&quot;,&quot;copyright&quot;:&quot;&quot;,&quot;focal_length&quot;:&quot;0&quot;,&quot;iso&quot;:&quot;0&quot;,&quot;shutter_speed&quot;:&quot;0&quot;,&quot;title&quot;:&quot;&quot;,&quot;orientation&quot;:&quot;0&quot;}\" data-image-title=\"renato-gaucho-abraca-a-filha-carol-apos-a-classificacao-para-a-final-da-copa-do-brasil-1478139153440_615x300\" data-image-description=\"\" data-medium-file=\"https:\/\/i0.wp.com\/blogdoprosperi.com\/wp-content\/uploads\/2016\/11\/renato-gaucho-abraca-a-filha-carol-apos-a-classificacao-para-a-final-da-copa-do-brasil-1478139153440_615x300.jpg?fit=615%2C300&#038;ssl=1\" data-large-file=\"https:\/\/i0.wp.com\/blogdoprosperi.com\/wp-content\/uploads\/2016\/11\/renato-gaucho-abraca-a-filha-carol-apos-a-classificacao-para-a-final-da-copa-do-brasil-1478139153440_615x300.jpg?fit=615%2C300&#038;ssl=1\" src=\"https:\/\/i0.wp.com\/blogdoprosperi.com\/wp-content\/uploads\/2016\/11\/renato-gaucho-abraca-a-filha-carol-apos-a-classificacao-para-a-final-da-copa-do-brasil-1478139153440_615x300.jpg?w=501&#038;h=244&#038;ssl=1\" width=\"501\" height=\"244\" loading=\"lazy\" data-original-width=\"501\" data-original-height=\"244\" itemprop=\"http:\/\/schema.org\/image\" title=\"renato-gaucho-abraca-a-filha-carol-apos-a-classificacao-para-a-final-da-copa-do-brasil-1478139153440_615x300\" alt=\"renato-gaucho-abraca-a-filha-carol-apos-a-classificacao-para-a-final-da-copa-do-brasil-1478139153440_615x300\" style=\"width: 501px; height: 244px;\" \/> <\/a> <\/div> <\/div> <!-- close group --> <\/div> <!-- close row --> <div class=\"gallery-row\" style=\"width: 940px; height: 628px;\" data-original-width=\"940\" data-original-height=\"628\" > <div class=\"gallery-group images-1\" style=\"width: 940px; height: 628px;\" data-original-width=\"940\" data-original-height=\"628\" > <div class=\"tiled-gallery-item tiled-gallery-item-large\" itemprop=\"associatedMedia\" itemscope itemtype=\"http:\/\/schema.org\/ImageObject\"> <a href=\"https:\/\/blogdoprosperi.com\/?attachment_id=32582\" border=\"0\" itemprop=\"url\"> <meta itemprop=\"width\" content=\"936\"> <meta itemprop=\"height\" content=\"624\"> <img decoding=\"async\" class=\"\" data-attachment-id=\"32582\" data-orig-file=\"https:\/\/blogdoprosperi.com\/wp-content\/uploads\/2016\/11\/dsl_8537.jpg\" data-orig-size=\"3543,2362\" data-comments-opened=\"1\" data-image-meta=\"{&quot;aperture&quot;:&quot;2.8&quot;,&quot;credit&quot;:&quot;&quot;,&quot;camera&quot;:&quot;NIKON D3S&quot;,&quot;caption&quot;:&quot;COPA DO BRASIL\\rGR\\u00caMIO X CRUZEIRO\\rT\\u00e9cnico Renato Ga\\u00facho comemroa a classifica\\u00e7\\u00e3o para a final, ap\\u00f3s a partida entre Gr\\u00eamio X Cruzeiro, realziado na noite desta quarta-feira (02) na Arena do Gr\\u00eamio, v\\u00e1lido pela Copa do Brasil. O Gr\\u00eamio ir\\u00e1 disputar a final com Atl\\u00e9tico Mineiro. \\r\\rFOTO: WESLEY SANTOS&quot;,&quot;created_timestamp&quot;:&quot;1478130138&quot;,&quot;copyright&quot;:&quot;&quot;,&quot;focal_length&quot;:&quot;400&quot;,&quot;iso&quot;:&quot;2000&quot;,&quot;shutter_speed&quot;:&quot;0.001&quot;,&quot;title&quot;:&quot;&quot;,&quot;orientation&quot;:&quot;1&quot;}\" data-image-title=\"dsl_8537\" data-image-description=\"\" data-medium-file=\"https:\/\/i0.wp.com\/blogdoprosperi.com\/wp-content\/uploads\/2016\/11\/dsl_8537.jpg?fit=567%2C378&#038;ssl=1\" data-large-file=\"https:\/\/i0.wp.com\/blogdoprosperi.com\/wp-content\/uploads\/2016\/11\/dsl_8537.jpg?fit=940%2C627&#038;ssl=1\" src=\"https:\/\/i0.wp.com\/blogdoprosperi.com\/wp-content\/uploads\/2016\/11\/dsl_8537.jpg?w=936&#038;h=624&#038;ssl=1\" width=\"936\" height=\"624\" loading=\"lazy\" data-original-width=\"936\" data-original-height=\"624\" itemprop=\"http:\/\/schema.org\/image\" title=\"dsl_8537\" alt=\"Renato aplaude torcida, Carol faz um selfie - foto: Wesley Santos\" style=\"width: 936px; height: 624px;\" \/> <\/a> <div class=\"tiled-gallery-caption\" itemprop=\"caption description\"> Renato aplaude torcida, Carol faz um selfie &#8211; foto: Wesley Santos <\/div> <\/div> <\/div> <!-- close group --> <\/div> <!-- close row --> <\/div>\n<p>Relator do processo, o <span style=\"color:#0000ff;\">auditor Vanderson Ma\u00e7ullo<\/span> justificou seu voto. \u201cUm dos processos que mais estudei devido o que est\u00e1 em jogo. Assisti v\u00e1rios v\u00eddeos e, em rela\u00e7\u00e3o a den\u00fancia, sugiro determinar baixa dos autos para verificar poss\u00edvel infra\u00e7\u00e3o do t\u00e9cnico Renato Ga\u00facho. <span style=\"color:#0000ff;\">Estou mantendo a den\u00fancia e entendo que a filha do treinador n\u00e3o poderia estar ali. Neste caso aplico a pena de multa de R$ 30 mil e a perda de um mando de campo. O tribunal n\u00e3o est\u00e1 julgando o amor de pai e filha e sim um ato que n\u00e3o \u00e9 permitido\u201d,<\/span> explicou o relator.<\/p>\n<p>Em seguida, o a<span style=\"color:#0000ff;\">uditor Otac\u00edlio Ara\u00fajo votou.\u00a0 \u201cAcho que primeiro foi uma falta de respeito do treinador chamar sua filha para o banco de reservas e depois entrar em campo. Falta de respeito ao campeonato e tamb\u00e9m a institui\u00e7\u00e3o Gr\u00eamio. Ali ele quebrou as pr\u00f3prias regras. Um dirigente n\u00e3o pode ficar no banco de reservas e ela tamb\u00e9m n\u00e3o. Denegriu a imagem do Gr\u00eamio e, principalmente, deste tribunal. <\/span>A invas\u00e3o ou n\u00e3o acho que n\u00e3o houve, pois foi autorizada a entrar. Quando um seguran\u00e7a iria barrar a filha do t\u00e9cnico que \u00e9 \u00eddolo do clube?&#8221;, disse o auditor que acompanhou o relator.<\/p>\n<div class=\"jetpack-video-wrapper\"><span class=\"embed-youtube\" style=\"text-align:center; display: block;\"><iframe loading=\"lazy\" class=\"youtube-player\" width=\"560\" height=\"315\" src=\"https:\/\/www.youtube.com\/embed\/pIkJkfDpbLI?version=3&#038;rel=1&#038;showsearch=0&#038;showinfo=1&#038;iv_load_policy=1&#038;fs=1&#038;hl=pt-BR&#038;autohide=2&#038;wmode=transparent\" allowfullscreen=\"true\" style=\"border:0;\" sandbox=\"allow-scripts allow-same-origin allow-popups allow-presentation allow-popups-to-escape-sandbox\"><\/iframe><\/span><\/div>\n<p>O <span style=\"color:#0000ff;\">auditor Manoel Bezerra <\/span>tamb\u00e9m acompanhou o voto de multa e perda de mando.<span style=\"color:#0000ff;\"> \u201cSe n\u00e3o aplicarmos a norma como deve ser vamos abrir um precedente. Houve uma invas\u00e3o e \u00e9 um caso tipicamente midi\u00e1tico. O clube poderia ter feito um boletim de ocorr\u00eancia. O treinador descumpriu. S\u00f3 uma pena pecuni\u00e1ria \u00e9 pouco. Entendo como elevada gravidade por descumprir o previsto. Voto por R$ 30 mil e perda de um mando de campo e para o processo ser baixado para an\u00e1lise da conduta do treinador\u201d<\/span>.<\/p>\n<p>O Auditor Jurandir Ramos tamb\u00e9m acompanhou o voto do relator. \u201cAcho que se aplica na \u00edntegra o inciso II por invas\u00e3o de campo\u201d.<\/p>\n<p>Ultimo a votar o<span style=\"color:#0000ff;\"> presidente S\u00e9rgio Martinez <\/span>divergiu por entender que a infra\u00e7\u00e3o n\u00e3o merece perda de mando e que o valor da multa deve ser minorado. <span style=\"color:#0000ff;\">\u201cA Senhorita Carol Portaluppi assistiu o jogo da tribuna. Faltavam dois ou tr\u00eas minutos e ela foi chamada. Lament\u00e1vel que sua cartilha (advogado) n\u00e3o tenha sido obedecida. S\u00f3 lamento que o Gr\u00eamio n\u00e3o tenha tomado no momento uma autoridade. Acho um exagero punir com perda de mando. Vou ficar com multa de R$ 10 mil\u201d<\/span>, concluiu.<\/p>\n<p>Por unanimidade dos votos, os auditores determinam aplicar multa de R$ 30 mil e perda de um mando de campo ao Gr\u00eamio por infra\u00e7\u00e3o ao artigo 213, inciso II, par\u00e1grafo 1\u00ba&#8221;, conclui o STJD.<\/p>\n<p>Sem mais coment\u00e1rios. Vale apenas uma compara\u00e7\u00e3o:<\/p>\n<p><strong>ISSO PODE<\/strong><\/p>\n<div class=\"jetpack-video-wrapper\"><span class=\"embed-youtube\" style=\"text-align:center; display: block;\"><iframe loading=\"lazy\" class=\"youtube-player\" width=\"560\" height=\"315\" src=\"https:\/\/www.youtube.com\/embed\/4Hehmv9Mnu4?version=3&#038;rel=1&#038;showsearch=0&#038;showinfo=1&#038;iv_load_policy=1&#038;fs=1&#038;hl=pt-BR&#038;autohide=2&#038;wmode=transparent\" allowfullscreen=\"true\" style=\"border:0;\" sandbox=\"allow-scripts allow-same-origin allow-popups allow-presentation allow-popups-to-escape-sandbox\"><\/iframe><\/span><\/div>\n<p>Nem Flamengo, nem Corinthians foram punidos com perda de mando de campo. Apenas parte de setores dos est\u00e1dios onde mandam seus jogos foram interditados pelo STJD.<\/p>\n<p><strong>ISSO N\u00c3O PODE<\/strong><\/p>\n<div class=\"jetpack-video-wrapper\"><span class=\"embed-youtube\" style=\"text-align:center; display: block;\"><iframe loading=\"lazy\" class=\"youtube-player\" width=\"560\" height=\"315\" src=\"https:\/\/www.youtube.com\/embed\/1nWFLC5-EE4?version=3&#038;rel=1&#038;showsearch=0&#038;showinfo=1&#038;iv_load_policy=1&#038;fs=1&#038;hl=pt-BR&#038;autohide=2&#038;wmode=transparent\" allowfullscreen=\"true\" style=\"border:0;\" sandbox=\"allow-scripts allow-same-origin allow-popups allow-presentation allow-popups-to-escape-sandbox\"><\/iframe><\/span><\/div>\n","protected":false},"excerpt":{"rendered":"<p>STJD pune Gr\u00eamio por invas\u00e3o de campo de Carol, a filha de Renato Ga\u00facho. Seria c\u00f4mico n\u00e3o fosse o tamanho do absurdo<\/p>\n","protected":false},"author":102107496,"featured_media":0,"comment_status":"open","ping_status":"open","sticky":false,"template":"","format":"standard","meta":{"_coblocks_attr":"","_coblocks_dimensions":"","_coblocks_responsive_height":"","_coblocks_accordion_ie_support":"","_jetpack_newsletter_access":"","_jetpack_dont_email_post_to_subs":false,"_jetpack_newsletter_tier_id":0,"_jetpack_memberships_contains_paywalled_content":false,"_wpcom_ai_launchpad_first_post":false,"_jetpack_feature_clip_id":0,"_jetpack_memberships_contains_paid_content":false,"footnotes":"","jetpack_publicize_message":"","jetpack_publicize_feature_enabled":true,"jetpack_social_post_already_shared":false,"jetpack_social_options":{"image_generator_settings":{"template":"highway","default_image_id":0,"font":"","enabled":false},"version":2},"jetpack_post_was_ever_published":false},"categories":[53870],"tags":[366291,76988795,789560570,789560560,205210,597766,2245454],"class_list":["post-32547","post","type-post","status-publish","format-standard","hentry","category-futebol","tag-atletico-mg","tag-carol-portaluppi","tag-copa-do-brasil","tag-futebol","tag-gremio","tag-renato-gaucho","tag-stjd"],"yoast_head":"<!-- This site is optimized with the Yoast SEO plugin v28.3 - https:\/\/yoast.com\/product\/yoast-seo-wordpress\/ -->\n<title>STJD, humilhado, concede efeito suspensivo ao Gr\u00eamio na puni\u00e7\u00e3o por causa de Carol, a invasora - PR\u00d3SPERI NEWS<\/title>\n<meta name=\"robots\" content=\"index, follow, max-snippet:-1, max-image-preview:large, max-video-preview:-1\" \/>\n<link rel=\"canonical\" href=\"https:\/\/blogdoprosperi.com\/?p=32547\" \/>\n<meta property=\"og:locale\" content=\"pt_BR\" \/>\n<meta property=\"og:type\" content=\"article\" \/>\n<meta property=\"og:title\" content=\"STJD, humilhado, concede efeito suspensivo ao Gr\u00eamio na puni\u00e7\u00e3o por causa de Carol, a invasora - PR\u00d3SPERI NEWS\" \/>\n<meta property=\"og:description\" content=\"STJD pune Gr\u00eamio por invas\u00e3o de campo de Carol, a filha de Renato Ga\u00facho. Seria c\u00f4mico n\u00e3o fosse o tamanho do absurdo\" \/>\n<meta property=\"og:url\" content=\"https:\/\/blogdoprosperi.com\/?p=32547\" \/>\n<meta property=\"og:site_name\" content=\"PR\u00d3SPERI NEWS\" \/>\n<meta property=\"article:publisher\" content=\"Luiz Pr\u00f3speri\" \/>\n<meta property=\"article:author\" content=\"Luiz Pr\u00f3speri\" \/>\n<meta property=\"article:published_time\" content=\"2016-11-17T14:08:23+00:00\" \/>\n<meta property=\"article:modified_time\" content=\"2016-11-17T17:47:03+00:00\" \/>\n<meta property=\"og:image\" content=\"https:\/\/i0.wp.com\/blogdoprosperi.com\/wp-content\/uploads\/2016\/11\/carol.jpg?w=431&#038;h=244&#038;ssl=1\" \/>\n<meta name=\"author\" content=\"Luiz Ant\u00f4nio Pr\u00f3speri\" \/>\n<meta name=\"twitter:card\" content=\"summary_large_image\" \/>\n<meta name=\"twitter:creator\" content=\"@Luizprosperi\" \/>\n<meta name=\"twitter:site\" content=\"@Luizprosperi\" \/>\n<meta name=\"twitter:label1\" content=\"Escrito por\" \/>\n\t<meta name=\"twitter:data1\" content=\"Luiz Ant\u00f4nio Pr\u00f3speri\" \/>\n\t<meta name=\"twitter:label2\" content=\"Est. tempo de leitura\" \/>\n\t<meta name=\"twitter:data2\" content=\"5 minutos\" \/>\n<script type=\"application\/ld+json\" class=\"yoast-schema-graph\">{\"@context\":\"https:\\\/\\\/schema.org\",\"@graph\":[{\"@type\":\"Article\",\"@id\":\"https:\\\/\\\/blogdoprosperi.com\\\/?p=32547#article\",\"isPartOf\":{\"@id\":\"https:\\\/\\\/blogdoprosperi.com\\\/?p=32547\"},\"author\":{\"name\":\"Luiz Ant\u00f4nio Pr\u00f3speri\",\"@id\":\"https:\\\/\\\/blogdoprosperi.com\\\/#\\\/schema\\\/person\\\/38100755ce3601861ee4fab9b5aa78e9\"},\"headline\":\"STJD, humilhado, concede efeito suspensivo ao Gr\u00eamio na puni\u00e7\u00e3o por causa de Carol, a invasora\",\"datePublished\":\"2016-11-17T14:08:23+00:00\",\"dateModified\":\"2016-11-17T17:47:03+00:00\",\"mainEntityOfPage\":{\"@id\":\"https:\\\/\\\/blogdoprosperi.com\\\/?p=32547\"},\"wordCount\":1078,\"commentCount\":0,\"publisher\":{\"@id\":\"https:\\\/\\\/blogdoprosperi.com\\\/#\\\/schema\\\/person\\\/38100755ce3601861ee4fab9b5aa78e9\"},\"image\":{\"@id\":\"https:\\\/\\\/blogdoprosperi.com\\\/?p=32547#primaryimage\"},\"thumbnailUrl\":\"https:\\\/\\\/blogdoprosperi.com\\\/wp-content\\\/uploads\\\/2016\\\/11\\\/82qb7gh06x_2t3ey9u8s_file.jpeg\",\"keywords\":[\"Atl\u00e9tico-MG\",\"Carol Portaluppi\",\"Copa do Brasil\",\"futebol\",\"Gr\u00eamio\",\"Renato Ga\u00facho\",\"STJD\"],\"articleSection\":[\"futebol\"],\"inLanguage\":\"pt-BR\",\"potentialAction\":[{\"@type\":\"CommentAction\",\"name\":\"Comment\",\"target\":[\"https:\\\/\\\/blogdoprosperi.com\\\/?p=32547#respond\"]}]},{\"@type\":\"WebPage\",\"@id\":\"https:\\\/\\\/blogdoprosperi.com\\\/?p=32547\",\"url\":\"https:\\\/\\\/blogdoprosperi.com\\\/?p=32547\",\"name\":\"STJD, humilhado, concede efeito suspensivo ao Gr\u00eamio na puni\u00e7\u00e3o por causa de Carol, a invasora - PR\u00d3SPERI NEWS\",\"isPartOf\":{\"@id\":\"https:\\\/\\\/blogdoprosperi.com\\\/#website\"},\"primaryImageOfPage\":{\"@id\":\"https:\\\/\\\/blogdoprosperi.com\\\/?p=32547#primaryimage\"},\"image\":{\"@id\":\"https:\\\/\\\/blogdoprosperi.com\\\/?p=32547#primaryimage\"},\"thumbnailUrl\":\"https:\\\/\\\/blogdoprosperi.com\\\/wp-content\\\/uploads\\\/2016\\\/11\\\/82qb7gh06x_2t3ey9u8s_file.jpeg\",\"datePublished\":\"2016-11-17T14:08:23+00:00\",\"dateModified\":\"2016-11-17T17:47:03+00:00\",\"breadcrumb\":{\"@id\":\"https:\\\/\\\/blogdoprosperi.com\\\/?p=32547#breadcrumb\"},\"inLanguage\":\"pt-BR\",\"potentialAction\":[{\"@type\":\"ReadAction\",\"target\":[\"https:\\\/\\\/blogdoprosperi.com\\\/?p=32547\"]}]},{\"@type\":\"ImageObject\",\"inLanguage\":\"pt-BR\",\"@id\":\"https:\\\/\\\/blogdoprosperi.com\\\/?p=32547#primaryimage\",\"url\":\"https:\\\/\\\/i0.wp.com\\\/blogdoprosperi.com\\\/wp-content\\\/uploads\\\/2016\\\/11\\\/82qb7gh06x_2t3ey9u8s_file.jpeg?fit=780%2C519&ssl=1\",\"contentUrl\":\"https:\\\/\\\/i0.wp.com\\\/blogdoprosperi.com\\\/wp-content\\\/uploads\\\/2016\\\/11\\\/82qb7gh06x_2t3ey9u8s_file.jpeg?fit=780%2C519&ssl=1\",\"width\":780,\"height\":519,\"caption\":\"Carol Portallupi, filha do t\u00e9cnico Renato Ga\u00facho do Gr\u00eamio acompanha o pai no gramado ap\u00f3s a partida entre Gr\u00eamio RS e Cruzeiro MG, v\u00e1lida pela semifinal da Copa do Brasil 2016, na Arena do Gr\u00eamio em Porto Alegre (RS), nesta quarta-feira (02).\"},{\"@type\":\"BreadcrumbList\",\"@id\":\"https:\\\/\\\/blogdoprosperi.com\\\/?p=32547#breadcrumb\",\"itemListElement\":[{\"@type\":\"ListItem\",\"position\":1,\"name\":\"In\u00edcio\",\"item\":\"https:\\\/\\\/blogdoprosperi.com\\\/\"},{\"@type\":\"ListItem\",\"position\":2,\"name\":\"STJD, humilhado, concede efeito suspensivo ao Gr\u00eamio na puni\u00e7\u00e3o por causa de Carol, a invasora\"}]},{\"@type\":\"WebSite\",\"@id\":\"https:\\\/\\\/blogdoprosperi.com\\\/#website\",\"url\":\"https:\\\/\\\/blogdoprosperi.com\\\/\",\"name\":\"PR\u00d3SPERI NEWS\",\"description\":\"TUDO \u00c9  FUTEBOL\",\"publisher\":{\"@id\":\"https:\\\/\\\/blogdoprosperi.com\\\/#\\\/schema\\\/person\\\/38100755ce3601861ee4fab9b5aa78e9\"},\"alternateName\":\"blogdoprosperi.com\",\"potentialAction\":[{\"@type\":\"SearchAction\",\"target\":{\"@type\":\"EntryPoint\",\"urlTemplate\":\"https:\\\/\\\/blogdoprosperi.com\\\/?s={search_term_string}\"},\"query-input\":{\"@type\":\"PropertyValueSpecification\",\"valueRequired\":true,\"valueName\":\"search_term_string\"}}],\"inLanguage\":\"pt-BR\"},{\"@type\":[\"Person\",\"Organization\"],\"@id\":\"https:\\\/\\\/blogdoprosperi.com\\\/#\\\/schema\\\/person\\\/38100755ce3601861ee4fab9b5aa78e9\",\"name\":\"Luiz Ant\u00f4nio Pr\u00f3speri\",\"pronouns\":\"ele\",\"image\":{\"@type\":\"ImageObject\",\"inLanguage\":\"pt-BR\",\"@id\":\"https:\\\/\\\/i0.wp.com\\\/blogdoprosperi.com\\\/wp-content\\\/uploads\\\/2026\\\/05\\\/cropped-8059e613-6002-42fa-961e-8e275f575d71-2-5.jpg?fit=1360%2C931&ssl=1\",\"url\":\"https:\\\/\\\/i0.wp.com\\\/blogdoprosperi.com\\\/wp-content\\\/uploads\\\/2026\\\/05\\\/cropped-8059e613-6002-42fa-961e-8e275f575d71-2-5.jpg?fit=1360%2C931&ssl=1\",\"contentUrl\":\"https:\\\/\\\/i0.wp.com\\\/blogdoprosperi.com\\\/wp-content\\\/uploads\\\/2026\\\/05\\\/cropped-8059e613-6002-42fa-961e-8e275f575d71-2-5.jpg?fit=1360%2C931&ssl=1\",\"width\":1360,\"height\":931,\"caption\":\"Luiz Ant\u00f4nio Pr\u00f3speri\"},\"logo\":{\"@id\":\"https:\\\/\\\/i0.wp.com\\\/blogdoprosperi.com\\\/wp-content\\\/uploads\\\/2026\\\/05\\\/cropped-8059e613-6002-42fa-961e-8e275f575d71-2-5.jpg?fit=1360%2C931&ssl=1\"},\"description\":\"Jornalista com carreira dedicada ao esporte. Cobriu 9 Copas do Mundo in loco, 1990 na It\u00e1lia, 1994 nos EUA, 1998 na Fran\u00e7a, 2002 na Coreia do Sul e Jap\u00e3o, 2006 na Alemanha, 2010 na \u00c1frica do Sul, 2014 no Brasil, 2018 na R\u00fassia e 2022 no Qatar. Eurocopas, 1992 na Su\u00e9cia e 1996 na Inglaterra. Copa das Confedera\u00e7\u00f5es de 2005 na Alemanha e 2009 na \u00c1frica do Sul. Rep\u00f3rter e Editor, trabalhou no Jornal da Tarde e Estad\u00e3o, de 1984 a fevereiro de 2016. Colunista, blogueiro. E comentarista de futebol na R\u00e1dio Estad\u00e3o, de 2013 a fevereiro de 2016. Jornalista respons\u00e1vel do \\\"Pr\u00f3speri News\\\" (blogdoprosperi.com).\",\"sameAs\":[\"http:\\\/\\\/blogdoprosperi.com\",\"Luiz Pr\u00f3speri\",\"@luiz_prosperi\",\"https:\\\/\\\/x.com\\\/Luizprosperi\",\"@prosperinacopa\",\"luiz.prosperi@icloud.com\"],\"url\":\"https:\\\/\\\/blogdoprosperi.com\\\/?author=102107496\"}]}<\/script>\n<!-- \/ Yoast SEO plugin. -->","yoast_head_json":{"title":"STJD, humilhado, concede efeito suspensivo ao Gr\u00eamio na puni\u00e7\u00e3o por causa de Carol, a invasora - PR\u00d3SPERI NEWS","robots":{"index":"index","follow":"follow","max-snippet":"max-snippet:-1","max-image-preview":"max-image-preview:large","max-video-preview":"max-video-preview:-1"},"canonical":"https:\/\/blogdoprosperi.com\/?p=32547","og_locale":"pt_BR","og_type":"article","og_title":"STJD, humilhado, concede efeito suspensivo ao Gr\u00eamio na puni\u00e7\u00e3o por causa de Carol, a invasora - PR\u00d3SPERI NEWS","og_description":"STJD pune Gr\u00eamio por invas\u00e3o de campo de Carol, a filha de Renato Ga\u00facho. Seria c\u00f4mico n\u00e3o fosse o tamanho do absurdo","og_url":"https:\/\/blogdoprosperi.com\/?p=32547","og_site_name":"PR\u00d3SPERI NEWS","article_publisher":"Luiz Pr\u00f3speri","article_author":"Luiz Pr\u00f3speri","article_published_time":"2016-11-17T14:08:23+00:00","article_modified_time":"2016-11-17T17:47:03+00:00","og_image":[{"url":"https:\/\/i0.wp.com\/blogdoprosperi.com\/wp-content\/uploads\/2016\/11\/carol.jpg?w=431&#038;h=244&#038;ssl=1","type":"","width":"","height":""}],"author":"Luiz Ant\u00f4nio Pr\u00f3speri","twitter_card":"summary_large_image","twitter_creator":"@Luizprosperi","twitter_site":"@Luizprosperi","twitter_misc":{"Escrito por":"Luiz Ant\u00f4nio Pr\u00f3speri","Est. tempo de leitura":"5 minutos"},"schema":{"@context":"https:\/\/schema.org","@graph":[{"@type":"Article","@id":"https:\/\/blogdoprosperi.com\/?p=32547#article","isPartOf":{"@id":"https:\/\/blogdoprosperi.com\/?p=32547"},"author":{"name":"Luiz Ant\u00f4nio Pr\u00f3speri","@id":"https:\/\/blogdoprosperi.com\/#\/schema\/person\/38100755ce3601861ee4fab9b5aa78e9"},"headline":"STJD, humilhado, concede efeito suspensivo ao Gr\u00eamio na puni\u00e7\u00e3o por causa de Carol, a invasora","datePublished":"2016-11-17T14:08:23+00:00","dateModified":"2016-11-17T17:47:03+00:00","mainEntityOfPage":{"@id":"https:\/\/blogdoprosperi.com\/?p=32547"},"wordCount":1078,"commentCount":0,"publisher":{"@id":"https:\/\/blogdoprosperi.com\/#\/schema\/person\/38100755ce3601861ee4fab9b5aa78e9"},"image":{"@id":"https:\/\/blogdoprosperi.com\/?p=32547#primaryimage"},"thumbnailUrl":"https:\/\/blogdoprosperi.com\/wp-content\/uploads\/2016\/11\/82qb7gh06x_2t3ey9u8s_file.jpeg","keywords":["Atl\u00e9tico-MG","Carol Portaluppi","Copa do Brasil","futebol","Gr\u00eamio","Renato Ga\u00facho","STJD"],"articleSection":["futebol"],"inLanguage":"pt-BR","potentialAction":[{"@type":"CommentAction","name":"Comment","target":["https:\/\/blogdoprosperi.com\/?p=32547#respond"]}]},{"@type":"WebPage","@id":"https:\/\/blogdoprosperi.com\/?p=32547","url":"https:\/\/blogdoprosperi.com\/?p=32547","name":"STJD, humilhado, concede efeito suspensivo ao Gr\u00eamio na puni\u00e7\u00e3o por causa de Carol, a invasora - PR\u00d3SPERI NEWS","isPartOf":{"@id":"https:\/\/blogdoprosperi.com\/#website"},"primaryImageOfPage":{"@id":"https:\/\/blogdoprosperi.com\/?p=32547#primaryimage"},"image":{"@id":"https:\/\/blogdoprosperi.com\/?p=32547#primaryimage"},"thumbnailUrl":"https:\/\/blogdoprosperi.com\/wp-content\/uploads\/2016\/11\/82qb7gh06x_2t3ey9u8s_file.jpeg","datePublished":"2016-11-17T14:08:23+00:00","dateModified":"2016-11-17T17:47:03+00:00","breadcrumb":{"@id":"https:\/\/blogdoprosperi.com\/?p=32547#breadcrumb"},"inLanguage":"pt-BR","potentialAction":[{"@type":"ReadAction","target":["https:\/\/blogdoprosperi.com\/?p=32547"]}]},{"@type":"ImageObject","inLanguage":"pt-BR","@id":"https:\/\/blogdoprosperi.com\/?p=32547#primaryimage","url":"https:\/\/i0.wp.com\/blogdoprosperi.com\/wp-content\/uploads\/2016\/11\/82qb7gh06x_2t3ey9u8s_file.jpeg?fit=780%2C519&ssl=1","contentUrl":"https:\/\/i0.wp.com\/blogdoprosperi.com\/wp-content\/uploads\/2016\/11\/82qb7gh06x_2t3ey9u8s_file.jpeg?fit=780%2C519&ssl=1","width":780,"height":519,"caption":"Carol Portallupi, filha do t\u00e9cnico Renato Ga\u00facho do Gr\u00eamio acompanha o pai no gramado ap\u00f3s a partida entre Gr\u00eamio RS e Cruzeiro MG, v\u00e1lida pela semifinal da Copa do Brasil 2016, na Arena do Gr\u00eamio em Porto Alegre (RS), nesta quarta-feira (02)."},{"@type":"BreadcrumbList","@id":"https:\/\/blogdoprosperi.com\/?p=32547#breadcrumb","itemListElement":[{"@type":"ListItem","position":1,"name":"In\u00edcio","item":"https:\/\/blogdoprosperi.com\/"},{"@type":"ListItem","position":2,"name":"STJD, humilhado, concede efeito suspensivo ao Gr\u00eamio na puni\u00e7\u00e3o por causa de Carol, a invasora"}]},{"@type":"WebSite","@id":"https:\/\/blogdoprosperi.com\/#website","url":"https:\/\/blogdoprosperi.com\/","name":"PR\u00d3SPERI NEWS","description":"TUDO \u00c9  FUTEBOL","publisher":{"@id":"https:\/\/blogdoprosperi.com\/#\/schema\/person\/38100755ce3601861ee4fab9b5aa78e9"},"alternateName":"blogdoprosperi.com","potentialAction":[{"@type":"SearchAction","target":{"@type":"EntryPoint","urlTemplate":"https:\/\/blogdoprosperi.com\/?s={search_term_string}"},"query-input":{"@type":"PropertyValueSpecification","valueRequired":true,"valueName":"search_term_string"}}],"inLanguage":"pt-BR"},{"@type":["Person","Organization"],"@id":"https:\/\/blogdoprosperi.com\/#\/schema\/person\/38100755ce3601861ee4fab9b5aa78e9","name":"Luiz Ant\u00f4nio Pr\u00f3speri","pronouns":"ele","image":{"@type":"ImageObject","inLanguage":"pt-BR","@id":"https:\/\/i0.wp.com\/blogdoprosperi.com\/wp-content\/uploads\/2026\/05\/cropped-8059e613-6002-42fa-961e-8e275f575d71-2-5.jpg?fit=1360%2C931&ssl=1","url":"https:\/\/i0.wp.com\/blogdoprosperi.com\/wp-content\/uploads\/2026\/05\/cropped-8059e613-6002-42fa-961e-8e275f575d71-2-5.jpg?fit=1360%2C931&ssl=1","contentUrl":"https:\/\/i0.wp.com\/blogdoprosperi.com\/wp-content\/uploads\/2026\/05\/cropped-8059e613-6002-42fa-961e-8e275f575d71-2-5.jpg?fit=1360%2C931&ssl=1","width":1360,"height":931,"caption":"Luiz Ant\u00f4nio Pr\u00f3speri"},"logo":{"@id":"https:\/\/i0.wp.com\/blogdoprosperi.com\/wp-content\/uploads\/2026\/05\/cropped-8059e613-6002-42fa-961e-8e275f575d71-2-5.jpg?fit=1360%2C931&ssl=1"},"description":"Jornalista com carreira dedicada ao esporte. Cobriu 9 Copas do Mundo in loco, 1990 na It\u00e1lia, 1994 nos EUA, 1998 na Fran\u00e7a, 2002 na Coreia do Sul e Jap\u00e3o, 2006 na Alemanha, 2010 na \u00c1frica do Sul, 2014 no Brasil, 2018 na R\u00fassia e 2022 no Qatar. Eurocopas, 1992 na Su\u00e9cia e 1996 na Inglaterra. Copa das Confedera\u00e7\u00f5es de 2005 na Alemanha e 2009 na \u00c1frica do Sul. Rep\u00f3rter e Editor, trabalhou no Jornal da Tarde e Estad\u00e3o, de 1984 a fevereiro de 2016. Colunista, blogueiro. E comentarista de futebol na R\u00e1dio Estad\u00e3o, de 2013 a fevereiro de 2016. Jornalista respons\u00e1vel do \"Pr\u00f3speri News\" (blogdoprosperi.com).","sameAs":["http:\/\/blogdoprosperi.com","Luiz Pr\u00f3speri","@luiz_prosperi","https:\/\/x.com\/Luizprosperi","@prosperinacopa","luiz.prosperi@icloud.com"],"url":"https:\/\/blogdoprosperi.com\/?author=102107496"}]}},"jetpack_publicize_connections":[],"jetpack_likes_enabled":false,"jetpack_sharing_enabled":true,"jetpack_shortlink":"https:\/\/wp.me\/p7jvdk-8sX","jetpack-related-posts":[{"id":33879,"url":"https:\/\/blogdoprosperi.com\/?p=33879","url_meta":{"origin":32547,"position":0},"title":"De luto, futebol brasileiro se despede de 2016 com cenas pat\u00e9ticas na \u00faltima semana da temporada","author":"Luiz Ant\u00f4nio Pr\u00f3speri","date":"10 de dezembro de 2016","format":false,"excerpt":"Futebol brasileiro se despede da temporada 2016 neste domingo. Nas \u00faltimas semanas, escancarou nossas mazelas e premiou quem teve mais ousadia. E se fechou em luto e reflex\u00e3o com a trag\u00e9dia da Chapecoense. Em 2017, quando completaremos tr\u00eas anos do 7 a 1, se espera uma reflex\u00e3o mais profunda a\u2026","rel":"","context":"Em &quot;Campeonato Brasileiro&quot;","block_context":{"text":"Campeonato Brasileiro","link":"https:\/\/blogdoprosperi.com\/?cat=355071"},"img":{"alt_text":"","src":"https:\/\/i0.wp.com\/blogdoprosperi.com\/wp-content\/uploads\/2016\/11\/chapecoense_escudo.jpg?resize=350%2C200","width":350,"height":200,"srcset":"https:\/\/i0.wp.com\/blogdoprosperi.com\/wp-content\/uploads\/2016\/11\/chapecoense_escudo.jpg?resize=350%2C200 1x, https:\/\/i0.wp.com\/blogdoprosperi.com\/wp-content\/uploads\/2016\/11\/chapecoense_escudo.jpg?resize=525%2C300 1.5x"},"classes":[]},{"id":33789,"url":"https:\/\/blogdoprosperi.com\/?p=33789","url_meta":{"origin":32547,"position":1},"title":"Renato Ga\u00facho chuta os que n\u00e3o acreditam na f\u00f3rmula pronta do sucesso no futebol","author":"Luiz Ant\u00f4nio Pr\u00f3speri","date":"8 de dezembro de 2016","format":false,"excerpt":"Futebol tem f\u00f3rmulas prontas de sucesso... na cabe\u00e7a dos dirigentes. Quando d\u00e1 certo, aplausos. Quando n\u00e3o funciona, pedradas. O exemplo vem do Sul. Inter e Gr\u00eamio, em apuros no Brasileir\u00e3o e embarcados no fracasso da temporada, recorreram \u00e0s tais f\u00f3rmulas do sucesso. No caso, de volta ao passado. O Inter\u2026","rel":"","context":"Em &quot;futebol&quot;","block_context":{"text":"futebol","link":"https:\/\/blogdoprosperi.com\/?cat=53870"},"img":{"alt_text":"6xz7ftsm98a4tluul5wki5pw9","src":"https:\/\/i0.wp.com\/blogdoprosperi.com\/wp-content\/uploads\/2016\/12\/6xz7ftsm98a4tluul5wki5pw9.jpg?resize=350%2C200&ssl=1","width":350,"height":200,"srcset":"https:\/\/i0.wp.com\/blogdoprosperi.com\/wp-content\/uploads\/2016\/12\/6xz7ftsm98a4tluul5wki5pw9.jpg?resize=350%2C200&ssl=1 1x, https:\/\/i0.wp.com\/blogdoprosperi.com\/wp-content\/uploads\/2016\/12\/6xz7ftsm98a4tluul5wki5pw9.jpg?resize=525%2C300&ssl=1 1.5x, https:\/\/i0.wp.com\/blogdoprosperi.com\/wp-content\/uploads\/2016\/12\/6xz7ftsm98a4tluul5wki5pw9.jpg?resize=700%2C400&ssl=1 2x"},"classes":[]},{"id":32931,"url":"https:\/\/blogdoprosperi.com\/?p=32931","url_meta":{"origin":32547,"position":2},"title":"Gr\u00eamio v\u00ea her\u00f3i virar vil\u00e3o e destr\u00f3i Atl\u00e9tico-MG na primeira decis\u00e3o da Copa do Brasil","author":"Luiz Ant\u00f4nio Pr\u00f3speri","date":"24 de novembro de 2016","format":false,"excerpt":"Gr\u00eamio destr\u00f3i Atl\u00e9tico-MG no Mineir\u00e3o com autoridade de campe\u00e3o e encaminha a conquista da Copa do Brasil ao vencer por 3 a 1 o jogo de ida. Na partida no Sul, dia 1\u00ba de dezembro, levanta a ta\u00e7a at\u00e9 com a derrota por 1 a 0. Aclamado como imortal, o\u2026","rel":"","context":"Em &quot;futebol&quot;","block_context":{"text":"futebol","link":"https:\/\/blogdoprosperi.com\/?cat=53870"},"img":{"alt_text":"","src":"https:\/\/i0.wp.com\/blogdoprosperi.com\/wp-content\/uploads\/2016\/11\/pedro_rocha_1xvfagg.jpg?resize=350%2C200&ssl=1","width":350,"height":200,"srcset":"https:\/\/i0.wp.com\/blogdoprosperi.com\/wp-content\/uploads\/2016\/11\/pedro_rocha_1xvfagg.jpg?resize=350%2C200&ssl=1 1x, https:\/\/i0.wp.com\/blogdoprosperi.com\/wp-content\/uploads\/2016\/11\/pedro_rocha_1xvfagg.jpg?resize=525%2C300&ssl=1 1.5x, https:\/\/i0.wp.com\/blogdoprosperi.com\/wp-content\/uploads\/2016\/11\/pedro_rocha_1xvfagg.jpg?resize=700%2C400&ssl=1 2x, https:\/\/i0.wp.com\/blogdoprosperi.com\/wp-content\/uploads\/2016\/11\/pedro_rocha_1xvfagg.jpg?resize=1050%2C600&ssl=1 3x, https:\/\/i0.wp.com\/blogdoprosperi.com\/wp-content\/uploads\/2016\/11\/pedro_rocha_1xvfagg.jpg?resize=1400%2C800&ssl=1 4x"},"classes":[]},{"id":33749,"url":"https:\/\/blogdoprosperi.com\/?p=33749","url_meta":{"origin":32547,"position":3},"title":"Gr\u00eamio apaga 15 anos de espera e conquista Copa do Brasil na volta do futebol ap\u00f3s trag\u00e9dia da Chapecoense","author":"Luiz Ant\u00f4nio Pr\u00f3speri","date":"8 de dezembro de 2016","format":false,"excerpt":"Futebol voltou ao Brasil nesta quarta-feira ainda sob emo\u00e7\u00e3o da trag\u00e9dia da Chapecoense. Voltou com a decis\u00e3o da Copa do Brasil entre Gr\u00eamio e Atl\u00e9tico-MG em Porto Alegre. Todos os ingredientes do jogo estavam l\u00e1. Arena lotada, torcida pulsante, jogadores em respeito m\u00fatuo, imprensa a relatar, \u00e1rbitros serenos. Tudo parecia\u2026","rel":"","context":"Em &quot;futebol&quot;","block_context":{"text":"futebol","link":"https:\/\/blogdoprosperi.com\/?cat=53870"},"img":{"alt_text":"","src":"https:\/\/i0.wp.com\/blogdoprosperi.com\/wp-content\/uploads\/2016\/12\/esporte-futebol-gremio-atletico-mg-ramiro-20161207-009.jpg?resize=350%2C200&ssl=1","width":350,"height":200,"srcset":"https:\/\/i0.wp.com\/blogdoprosperi.com\/wp-content\/uploads\/2016\/12\/esporte-futebol-gremio-atletico-mg-ramiro-20161207-009.jpg?resize=350%2C200&ssl=1 1x, https:\/\/i0.wp.com\/blogdoprosperi.com\/wp-content\/uploads\/2016\/12\/esporte-futebol-gremio-atletico-mg-ramiro-20161207-009.jpg?resize=525%2C300&ssl=1 1.5x, https:\/\/i0.wp.com\/blogdoprosperi.com\/wp-content\/uploads\/2016\/12\/esporte-futebol-gremio-atletico-mg-ramiro-20161207-009.jpg?resize=700%2C400&ssl=1 2x"},"classes":[]},{"id":26478,"url":"https:\/\/blogdoprosperi.com\/?p=26478","url_meta":{"origin":32547,"position":4},"title":"Palmeiras cai na rede do Flamengo e pode ser punido no STJD","author":"Luiz Ant\u00f4nio Pr\u00f3speri","date":"23 de setembro de 2016","format":false,"excerpt":"Palmeiras \u00e9 denunciado no Superior Tribunal de Justi\u00e7a Desportiva (STJD) por atos hostis de parte de seus torcedores contra dirigentes do Flamengo, abrigados em um camarote no Allianz Parque. A bronca dos cartolas cariocas deu resultado. Alegam os flamenguistas que foram alvos de objetos atirados por palmeirenses no Setor Sul\u2026","rel":"","context":"Em &quot;Campeonato Brasileiro&quot;","block_context":{"text":"Campeonato Brasileiro","link":"https:\/\/blogdoprosperi.com\/?cat=355071"},"img":{"alt_text":"","src":"https:\/\/i0.wp.com\/blogdoprosperi.com\/wp-content\/uploads\/2016\/09\/palco-camp-nou-1080x720.jpg?resize=350%2C200&ssl=1","width":350,"height":200,"srcset":"https:\/\/i0.wp.com\/blogdoprosperi.com\/wp-content\/uploads\/2016\/09\/palco-camp-nou-1080x720.jpg?resize=350%2C200&ssl=1 1x, https:\/\/i0.wp.com\/blogdoprosperi.com\/wp-content\/uploads\/2016\/09\/palco-camp-nou-1080x720.jpg?resize=525%2C300&ssl=1 1.5x, https:\/\/i0.wp.com\/blogdoprosperi.com\/wp-content\/uploads\/2016\/09\/palco-camp-nou-1080x720.jpg?resize=700%2C400&ssl=1 2x, https:\/\/i0.wp.com\/blogdoprosperi.com\/wp-content\/uploads\/2016\/09\/palco-camp-nou-1080x720.jpg?resize=1050%2C600&ssl=1 3x"},"classes":[]},{"id":26829,"url":"https:\/\/blogdoprosperi.com\/?p=26829","url_meta":{"origin":32547,"position":5},"title":"Palmeiras sofre derrota confort\u00e1vel do Gr\u00eamio na Copa do Brasil","author":"Luiz Ant\u00f4nio Pr\u00f3speri","date":"29 de setembro de 2016","format":false,"excerpt":"Palmeiras n\u00e3o suportou o jogo forte do Gr\u00eamio e volta de Porto Alegre com uma derrota confort\u00e1vel por 2 a 1 nas quartas de final da Copa do Brasil. No Allianz Parque, dia 19 de outubro, avan\u00e7a \u00e0 semifinal com a vit\u00f3ria por 1 a 0. Sabedor de que pode\u2026","rel":"","context":"Em &quot;futebol&quot;","block_context":{"text":"futebol","link":"https:\/\/blogdoprosperi.com\/?cat=53870"},"img":{"alt_text":"","src":"https:\/\/i0.wp.com\/blogdoprosperi.com\/wp-content\/uploads\/2016\/09\/29912615971_797ca9f219_k.jpg?resize=350%2C200&ssl=1","width":350,"height":200,"srcset":"https:\/\/i0.wp.com\/blogdoprosperi.com\/wp-content\/uploads\/2016\/09\/29912615971_797ca9f219_k.jpg?resize=350%2C200&ssl=1 1x, https:\/\/i0.wp.com\/blogdoprosperi.com\/wp-content\/uploads\/2016\/09\/29912615971_797ca9f219_k.jpg?resize=525%2C300&ssl=1 1.5x, https:\/\/i0.wp.com\/blogdoprosperi.com\/wp-content\/uploads\/2016\/09\/29912615971_797ca9f219_k.jpg?resize=700%2C400&ssl=1 2x, https:\/\/i0.wp.com\/blogdoprosperi.com\/wp-content\/uploads\/2016\/09\/29912615971_797ca9f219_k.jpg?resize=1050%2C600&ssl=1 3x, https:\/\/i0.wp.com\/blogdoprosperi.com\/wp-content\/uploads\/2016\/09\/29912615971_797ca9f219_k.jpg?resize=1400%2C800&ssl=1 4x"},"classes":[]}],"jetpack_featured_media_url":"","_links":{"self":[{"href":"https:\/\/blogdoprosperi.com\/index.php?rest_route=\/wp\/v2\/posts\/32547","targetHints":{"allow":["GET"]}}],"collection":[{"href":"https:\/\/blogdoprosperi.com\/index.php?rest_route=\/wp\/v2\/posts"}],"about":[{"href":"https:\/\/blogdoprosperi.com\/index.php?rest_route=\/wp\/v2\/types\/post"}],"author":[{"embeddable":true,"href":"https:\/\/blogdoprosperi.com\/index.php?rest_route=\/wp\/v2\/users\/102107496"}],"replies":[{"embeddable":true,"href":"https:\/\/blogdoprosperi.com\/index.php?rest_route=%2Fwp%2Fv2%2Fcomments&post=32547"}],"version-history":[{"count":25,"href":"https:\/\/blogdoprosperi.com\/index.php?rest_route=\/wp\/v2\/posts\/32547\/revisions"}],"predecessor-version":[{"id":32606,"href":"https:\/\/blogdoprosperi.com\/index.php?rest_route=\/wp\/v2\/posts\/32547\/revisions\/32606"}],"wp:attachment":[{"href":"https:\/\/blogdoprosperi.com\/index.php?rest_route=%2Fwp%2Fv2%2Fmedia&parent=32547"}],"wp:term":[{"taxonomy":"category","embeddable":true,"href":"https:\/\/blogdoprosperi.com\/index.php?rest_route=%2Fwp%2Fv2%2Fcategories&post=32547"},{"taxonomy":"post_tag","embeddable":true,"href":"https:\/\/blogdoprosperi.com\/index.php?rest_route=%2Fwp%2Fv2%2Ftags&post=32547"}],"curies":[{"name":"wp","href":"https:\/\/api.w.org\/{rel}","templated":true}]}}