{"id":32611,"date":"2016-11-17T18:18:05","date_gmt":"2016-11-17T20:18:05","guid":{"rendered":"http:\/\/blogdoprosperi.com\/?p=32611"},"modified":"2016-11-17T18:26:48","modified_gmt":"2016-11-17T20:26:48","slug":"corinthians-tem-obrigacao-de-salvar-atual-temporada-e-por-tabela-evitar-desastre-em-2017","status":"publish","type":"post","link":"https:\/\/blogdoprosperi.com\/?p=32611","title":{"rendered":"Corinthians atrasa sal\u00e1rios, joga mal e ainda tem chance de se salvar do desastre na temporada"},"content":{"rendered":"<p><span class=\"alignnone\"><img data-recalc-dims=\"1\" loading=\"lazy\" decoding=\"async\" data-attachment-id=\"32666\" data-permalink=\"https:\/\/blogdoprosperi.com\/?attachment_id=32666\" data-orig-file=\"https:\/\/i0.wp.com\/blogdoprosperi.com\/wp-content\/uploads\/2016\/11\/oswaldo-de-andrade-corinthians-x-america-mg-16102016_1wraotehtvmw1165rudsdupqw.jpg?fit=620%2C430&amp;ssl=1\" data-orig-size=\"620,430\" data-comments-opened=\"1\" data-image-meta=\"{&quot;aperture&quot;:&quot;0&quot;,&quot;credit&quot;:&quot;&quot;,&quot;camera&quot;:&quot;&quot;,&quot;caption&quot;:&quot;&quot;,&quot;created_timestamp&quot;:&quot;0&quot;,&quot;copyright&quot;:&quot;&quot;,&quot;focal_length&quot;:&quot;0&quot;,&quot;iso&quot;:&quot;0&quot;,&quot;shutter_speed&quot;:&quot;0&quot;,&quot;title&quot;:&quot;&quot;,&quot;orientation&quot;:&quot;0&quot;}\" data-image-title=\"oswaldo-de-andrade-corinthians-x-america-mg-16102016_1wraotehtvmw1165rudsdupqw\" data-image-description=\"\" data-image-caption=\"\" data-large-file=\"https:\/\/i0.wp.com\/blogdoprosperi.com\/wp-content\/uploads\/2016\/11\/oswaldo-de-andrade-corinthians-x-america-mg-16102016_1wraotehtvmw1165rudsdupqw.jpg?fit=620%2C430&amp;ssl=1\" class=\"alignnone size-full wp-image-32666\" src=\"https:\/\/i0.wp.com\/blogdoprosperi.com\/wp-content\/uploads\/2016\/11\/oswaldo-de-andrade-corinthians-x-america-mg-16102016_1wraotehtvmw1165rudsdupqw.jpg?resize=620%2C430&#038;ssl=1\" alt=\"oswaldo-de-andrade-corinthians-x-america-mg-16102016_1wraotehtvmw1165rudsdupqw\" width=\"620\" height=\"430\" \/><\/span>Corinthians ainda tem meios de evitar o desastre nesta temporada de 2016. A \u00fanica sa\u00edda \u00e9 conquistar vaga na Copa Libertadores de 2017, depois da generosa colabora\u00e7\u00e3o da Conmebol ao aumentar n\u00famero de clubes brasileiros na competi\u00e7\u00e3o. O torneio internacional \u00e9 garantia de receita extra com cotas de televis\u00e3o e b\u00f4nus de premia\u00e7\u00e3o. Mais que isso, a certeza de que ter\u00e1 casa cheia no Itaquer\u00e3o e boas perspectivas de aumentar o faturamento do seu programa de s\u00f3cio-torcedor. Para que essa equa\u00e7\u00e3o seja resolvida, o time precisa jogar bola nas tr\u00eas rodadas que restam no Brasileir\u00e3o. Essa \u00e9 a encrenca.<!--more--><\/p>\n<p>De nada adianta projetar or\u00e7amento do pr\u00f3ximo ano se dentro de campo n\u00e3o ter resposta. Se o par\u00e2metro apontado pelo t\u00e9cnico Oswaldo de Oliveira for a exibi\u00e7\u00e3o do time no empate (1 a 1) contra o Figueirense, nesta quarta-feira (16\/11), ent\u00e3o \u00e9 melhor revisar tudo.<\/p>\n<p>Disse o t\u00e9cnico que o Corinthians se comportou muito bem em Florian\u00f3polis, quando saiu na frente e deixou a vit\u00f3ria escapar no \u00faltimo minuto, em gol irregular de Rafael Moura.<\/p>\n<blockquote><p>&#8220;Estou plenamente satisfeito (<em>com o desempenho<\/em>). A equipe jogou muito bem, equilibrada, com uma defesa firme e sem dar chance ao advers\u00e1rio que precisava. Fizemos gol. Falta ganhar os jogos&#8230;\u00a0N\u00e3o temos nada a discutir do Corinthians. Vamos ver o preju\u00edzo dia 4 de dezembro. Temos tr\u00eas jogos e situa\u00e7\u00e3o palp\u00e1vel que ainda podemos classificar (<em>para Libertadores<\/em>)&#8221;, disse o treinador, ap\u00f3s o jogo contra o Figueirense.<\/p><\/blockquote>\n<p>A levar a s\u00e9rio essa explica\u00e7\u00e3o de Oswaldo de Oliveira, n\u00e3o fica dif\u00edcil projetar que o treinador n\u00e3o ter\u00e1 vida longa no clube.<\/p>\n<p>Se, por acaso, o Corinthians voltar a jogar bom futebol nas tr\u00eas derradeiras rodadas do Brasileir\u00e3o e carimbar a vaga na Pr\u00e9-Libertadores que seja, o treinador pode ter uma sobrevida. Caso contr\u00e1rio, adeus viola.<\/p>\n<p>A\u00ed tem outro probleminha. Fazer esse time jogar como se espera do atual campe\u00e3o brasileiro n\u00e3o \u00e9 uma tarefa das mais f\u00e1ceis. Alguns jogadores, parece, n\u00e3o querem assumir esse compromisso. A expuls\u00e3o de Giovanni Augusto contra o Figueirense, atua\u00e7\u00f5es recentes de Marquinhos Gabriel, Willians e o vai e vem de Guilherme, para ficar nos mais cotados, dizem tudo.<\/p>\n<p>Oswaldo de Oliveira tem de estar atento a esse desafio. E projetar o mais r\u00e1pido poss\u00edvel a temporada de 2017.<\/p>\n<p><span class=\"alignnone\"><img data-recalc-dims=\"1\" loading=\"lazy\" decoding=\"async\" data-attachment-id=\"32663\" data-permalink=\"https:\/\/blogdoprosperi.com\/?attachment_id=32663\" data-orig-file=\"https:\/\/i0.wp.com\/blogdoprosperi.com\/wp-content\/uploads\/2016\/11\/ajo1.jpg?fit=300%2C434&amp;ssl=1\" data-orig-size=\"300,434\" data-comments-opened=\"1\" data-image-meta=\"{&quot;aperture&quot;:&quot;0&quot;,&quot;credit&quot;:&quot;&quot;,&quot;camera&quot;:&quot;&quot;,&quot;caption&quot;:&quot;&quot;,&quot;created_timestamp&quot;:&quot;0&quot;,&quot;copyright&quot;:&quot;&quot;,&quot;focal_length&quot;:&quot;0&quot;,&quot;iso&quot;:&quot;0&quot;,&quot;shutter_speed&quot;:&quot;0&quot;,&quot;title&quot;:&quot;&quot;,&quot;orientation&quot;:&quot;0&quot;}\" data-image-title=\"ajo1\" data-image-description=\"\" data-image-caption=\"\" data-large-file=\"https:\/\/i0.wp.com\/blogdoprosperi.com\/wp-content\/uploads\/2016\/11\/ajo1.jpg?fit=300%2C434&amp;ssl=1\" class=\"alignnone size-full wp-image-32663 alignleft\" src=\"https:\/\/i0.wp.com\/blogdoprosperi.com\/wp-content\/uploads\/2016\/11\/ajo1.jpg?resize=300%2C434&#038;ssl=1\" alt=\"ajo1\" width=\"300\" height=\"434\" \/><\/span>Dos refor\u00e7os encaminhados, o mais reluzente at\u00e9 aqui \u00e9 o atacante J\u00f4. Cria da casa, o goleador grandalh\u00e3o tem tudo para se reinventar no Corinthians. Se levar a s\u00e9rio a empreitada em pouco tempo vai ser o \u00eddolo que a torcida ainda n\u00e3o tem.<\/p>\n<p>Outras alternativas est\u00e3o na mesa do treinador. Na emerg\u00eancia, recomenda-se peneirar as categorias de base, montar uma estrutura de suporte com os meninos no time profissional e dar vida aos candidatos a fazer hist\u00f3ria no clube.<\/p>\n<p>Refor\u00e7os? Investir apenas em nomes acima de qualquer suspeita e por para correr os desinteressados de agora.<\/p>\n<p>Parece uma receita simples. E \u00e9. A encrenca \u00e9 como encaminhar essas solu\u00e7\u00f5es se o carrasco da forca financeira est\u00e1 pronto a estrangular o clube. Sal\u00e1rios atrasados, como se noticiou nesta quinta-feira (17\/11), pendengas graves com Itaquer\u00e3o e racha pol\u00edtico em ano de elei\u00e7\u00e3o s\u00e3o armas de alto poder de destrui\u00e7\u00e3o.<\/p>\n<p>Corinthians precisa urgente voltar a pensar grande.<\/p>\n","protected":false},"excerpt":{"rendered":"<p>Time tem de conquistar vaga na Libertadores e pensar grande em 2017. J\u00f4, novo refor\u00e7o, tem tudo para dar certo e virar \u00eddolo<\/p>\n","protected":false},"author":102107496,"featured_media":0,"comment_status":"open","ping_status":"open","sticky":false,"template":"","format":"standard","meta":{"_coblocks_attr":"","_coblocks_dimensions":"","_coblocks_responsive_height":"","_coblocks_accordion_ie_support":"","_jetpack_newsletter_access":"","_jetpack_dont_email_post_to_subs":false,"_jetpack_newsletter_tier_id":0,"_jetpack_memberships_contains_paywalled_content":false,"_wpcom_ai_launchpad_first_post":false,"_jetpack_feature_clip_id":0,"_jetpack_memberships_contains_paid_content":false,"footnotes":"","jetpack_publicize_message":"","jetpack_publicize_feature_enabled":true,"jetpack_social_post_already_shared":false,"jetpack_social_options":{"image_generator_settings":{"template":"highway","default_image_id":0,"font":"","enabled":false},"version":2},"jetpack_post_was_ever_published":false},"categories":[355071,53870],"tags":[362595295,413544154,177066,789560560,55831491,41381665,21021,3044757],"class_list":["post-32611","post","type-post","status-publish","format-standard","hentry","category-campeonato-brasileiro","category-futebol","tag-brasileirao-2016","tag-copa-libertadores-2017","tag-corinthians","tag-futebol","tag-giovanni-augusto","tag-itaquerao","tag-jo","tag-oswaldo-de-oliveira"],"yoast_head":"<!-- This site is optimized with the Yoast SEO plugin v28.3 - https:\/\/yoast.com\/product\/yoast-seo-wordpress\/ -->\n<title>Corinthians atrasa sal\u00e1rios, joga mal e ainda tem chance de se salvar do desastre na temporada - PR\u00d3SPERI NEWS<\/title>\n<meta name=\"robots\" content=\"index, follow, max-snippet:-1, max-image-preview:large, max-video-preview:-1\" \/>\n<link rel=\"canonical\" href=\"https:\/\/blogdoprosperi.com\/?p=32611\" \/>\n<meta property=\"og:locale\" content=\"pt_BR\" \/>\n<meta property=\"og:type\" content=\"article\" \/>\n<meta property=\"og:title\" content=\"Corinthians atrasa sal\u00e1rios, joga mal e ainda tem chance de se salvar do desastre na temporada - PR\u00d3SPERI NEWS\" \/>\n<meta property=\"og:description\" content=\"Time tem de conquistar vaga na Libertadores e pensar grande em 2017. J\u00f4, novo refor\u00e7o, tem tudo para dar certo e virar \u00eddolo\" \/>\n<meta property=\"og:url\" content=\"https:\/\/blogdoprosperi.com\/?p=32611\" \/>\n<meta property=\"og:site_name\" content=\"PR\u00d3SPERI NEWS\" \/>\n<meta property=\"article:publisher\" content=\"Luiz Pr\u00f3speri\" \/>\n<meta property=\"article:author\" content=\"Luiz Pr\u00f3speri\" \/>\n<meta property=\"article:published_time\" content=\"2016-11-17T20:18:05+00:00\" \/>\n<meta property=\"article:modified_time\" content=\"2016-11-17T20:26:48+00:00\" \/>\n<meta property=\"og:image\" content=\"https:\/\/blogdoprosperi.com\/wp-content\/uploads\/2016\/11\/oswaldo-de-andrade-corinthians-x-america-mg-16102016_1wraotehtvmw1165rudsdupqw.jpg\" \/>\n<meta name=\"author\" content=\"Luiz Ant\u00f4nio Pr\u00f3speri\" \/>\n<meta name=\"twitter:card\" content=\"summary_large_image\" \/>\n<meta name=\"twitter:creator\" content=\"@Luizprosperi\" \/>\n<meta name=\"twitter:site\" content=\"@Luizprosperi\" \/>\n<meta name=\"twitter:label1\" content=\"Escrito por\" \/>\n\t<meta name=\"twitter:data1\" content=\"Luiz Ant\u00f4nio Pr\u00f3speri\" \/>\n\t<meta name=\"twitter:label2\" content=\"Est. tempo de leitura\" \/>\n\t<meta name=\"twitter:data2\" content=\"3 minutos\" \/>\n<script type=\"application\/ld+json\" class=\"yoast-schema-graph\">{\"@context\":\"https:\\\/\\\/schema.org\",\"@graph\":[{\"@type\":\"Article\",\"@id\":\"https:\\\/\\\/blogdoprosperi.com\\\/?p=32611#article\",\"isPartOf\":{\"@id\":\"https:\\\/\\\/blogdoprosperi.com\\\/?p=32611\"},\"author\":{\"name\":\"Luiz Ant\u00f4nio Pr\u00f3speri\",\"@id\":\"https:\\\/\\\/blogdoprosperi.com\\\/#\\\/schema\\\/person\\\/38100755ce3601861ee4fab9b5aa78e9\"},\"headline\":\"Corinthians atrasa sal\u00e1rios, joga mal e ainda tem chance de se salvar do desastre na temporada\",\"datePublished\":\"2016-11-17T20:18:05+00:00\",\"dateModified\":\"2016-11-17T20:26:48+00:00\",\"mainEntityOfPage\":{\"@id\":\"https:\\\/\\\/blogdoprosperi.com\\\/?p=32611\"},\"wordCount\":592,\"commentCount\":0,\"publisher\":{\"@id\":\"https:\\\/\\\/blogdoprosperi.com\\\/#\\\/schema\\\/person\\\/38100755ce3601861ee4fab9b5aa78e9\"},\"image\":{\"@id\":\"https:\\\/\\\/blogdoprosperi.com\\\/?p=32611#primaryimage\"},\"thumbnailUrl\":\"https:\\\/\\\/blogdoprosperi.com\\\/wp-content\\\/uploads\\\/2016\\\/11\\\/oswaldo-de-andrade-corinthians-x-america-mg-16102016_1wraotehtvmw1165rudsdupqw.jpg\",\"keywords\":[\"Brasileir\u00e3o-2016\",\"Copa Libertadores 2017\",\"Corinthians\",\"futebol\",\"Giovanni Augusto\",\"Itaquer\u00e3o\",\"J\u00f4\",\"Oswaldo de Oliveira\"],\"articleSection\":[\"Campeonato Brasileiro\",\"futebol\"],\"inLanguage\":\"pt-BR\",\"potentialAction\":[{\"@type\":\"CommentAction\",\"name\":\"Comment\",\"target\":[\"https:\\\/\\\/blogdoprosperi.com\\\/?p=32611#respond\"]}]},{\"@type\":\"WebPage\",\"@id\":\"https:\\\/\\\/blogdoprosperi.com\\\/?p=32611\",\"url\":\"https:\\\/\\\/blogdoprosperi.com\\\/?p=32611\",\"name\":\"Corinthians atrasa sal\u00e1rios, joga mal e ainda tem chance de se salvar do desastre na temporada - PR\u00d3SPERI NEWS\",\"isPartOf\":{\"@id\":\"https:\\\/\\\/blogdoprosperi.com\\\/#website\"},\"primaryImageOfPage\":{\"@id\":\"https:\\\/\\\/blogdoprosperi.com\\\/?p=32611#primaryimage\"},\"image\":{\"@id\":\"https:\\\/\\\/blogdoprosperi.com\\\/?p=32611#primaryimage\"},\"thumbnailUrl\":\"https:\\\/\\\/blogdoprosperi.com\\\/wp-content\\\/uploads\\\/2016\\\/11\\\/oswaldo-de-andrade-corinthians-x-america-mg-16102016_1wraotehtvmw1165rudsdupqw.jpg\",\"datePublished\":\"2016-11-17T20:18:05+00:00\",\"dateModified\":\"2016-11-17T20:26:48+00:00\",\"breadcrumb\":{\"@id\":\"https:\\\/\\\/blogdoprosperi.com\\\/?p=32611#breadcrumb\"},\"inLanguage\":\"pt-BR\",\"potentialAction\":[{\"@type\":\"ReadAction\",\"target\":[\"https:\\\/\\\/blogdoprosperi.com\\\/?p=32611\"]}]},{\"@type\":\"ImageObject\",\"inLanguage\":\"pt-BR\",\"@id\":\"https:\\\/\\\/blogdoprosperi.com\\\/?p=32611#primaryimage\",\"url\":\"https:\\\/\\\/i0.wp.com\\\/blogdoprosperi.com\\\/wp-content\\\/uploads\\\/2016\\\/11\\\/oswaldo-de-andrade-corinthians-x-america-mg-16102016_1wraotehtvmw1165rudsdupqw.jpg?fit=620%2C430&ssl=1\",\"contentUrl\":\"https:\\\/\\\/i0.wp.com\\\/blogdoprosperi.com\\\/wp-content\\\/uploads\\\/2016\\\/11\\\/oswaldo-de-andrade-corinthians-x-america-mg-16102016_1wraotehtvmw1165rudsdupqw.jpg?fit=620%2C430&ssl=1\",\"width\":620,\"height\":430},{\"@type\":\"BreadcrumbList\",\"@id\":\"https:\\\/\\\/blogdoprosperi.com\\\/?p=32611#breadcrumb\",\"itemListElement\":[{\"@type\":\"ListItem\",\"position\":1,\"name\":\"In\u00edcio\",\"item\":\"https:\\\/\\\/blogdoprosperi.com\\\/\"},{\"@type\":\"ListItem\",\"position\":2,\"name\":\"Corinthians atrasa sal\u00e1rios, joga mal e ainda tem chance de se salvar do desastre na temporada\"}]},{\"@type\":\"WebSite\",\"@id\":\"https:\\\/\\\/blogdoprosperi.com\\\/#website\",\"url\":\"https:\\\/\\\/blogdoprosperi.com\\\/\",\"name\":\"PR\u00d3SPERI NEWS\",\"description\":\"TUDO \u00c9  FUTEBOL\",\"publisher\":{\"@id\":\"https:\\\/\\\/blogdoprosperi.com\\\/#\\\/schema\\\/person\\\/38100755ce3601861ee4fab9b5aa78e9\"},\"alternateName\":\"blogdoprosperi.com\",\"potentialAction\":[{\"@type\":\"SearchAction\",\"target\":{\"@type\":\"EntryPoint\",\"urlTemplate\":\"https:\\\/\\\/blogdoprosperi.com\\\/?s={search_term_string}\"},\"query-input\":{\"@type\":\"PropertyValueSpecification\",\"valueRequired\":true,\"valueName\":\"search_term_string\"}}],\"inLanguage\":\"pt-BR\"},{\"@type\":[\"Person\",\"Organization\"],\"@id\":\"https:\\\/\\\/blogdoprosperi.com\\\/#\\\/schema\\\/person\\\/38100755ce3601861ee4fab9b5aa78e9\",\"name\":\"Luiz Ant\u00f4nio Pr\u00f3speri\",\"pronouns\":\"ele\",\"image\":{\"@type\":\"ImageObject\",\"inLanguage\":\"pt-BR\",\"@id\":\"https:\\\/\\\/i0.wp.com\\\/blogdoprosperi.com\\\/wp-content\\\/uploads\\\/2026\\\/05\\\/cropped-8059e613-6002-42fa-961e-8e275f575d71-2-5.jpg?fit=1360%2C931&ssl=1\",\"url\":\"https:\\\/\\\/i0.wp.com\\\/blogdoprosperi.com\\\/wp-content\\\/uploads\\\/2026\\\/05\\\/cropped-8059e613-6002-42fa-961e-8e275f575d71-2-5.jpg?fit=1360%2C931&ssl=1\",\"contentUrl\":\"https:\\\/\\\/i0.wp.com\\\/blogdoprosperi.com\\\/wp-content\\\/uploads\\\/2026\\\/05\\\/cropped-8059e613-6002-42fa-961e-8e275f575d71-2-5.jpg?fit=1360%2C931&ssl=1\",\"width\":1360,\"height\":931,\"caption\":\"Luiz Ant\u00f4nio Pr\u00f3speri\"},\"logo\":{\"@id\":\"https:\\\/\\\/i0.wp.com\\\/blogdoprosperi.com\\\/wp-content\\\/uploads\\\/2026\\\/05\\\/cropped-8059e613-6002-42fa-961e-8e275f575d71-2-5.jpg?fit=1360%2C931&ssl=1\"},\"description\":\"Jornalista com carreira dedicada ao esporte. Cobriu 9 Copas do Mundo in loco, 1990 na It\u00e1lia, 1994 nos EUA, 1998 na Fran\u00e7a, 2002 na Coreia do Sul e Jap\u00e3o, 2006 na Alemanha, 2010 na \u00c1frica do Sul, 2014 no Brasil, 2018 na R\u00fassia e 2022 no Qatar. Eurocopas, 1992 na Su\u00e9cia e 1996 na Inglaterra. Copa das Confedera\u00e7\u00f5es de 2005 na Alemanha e 2009 na \u00c1frica do Sul. Rep\u00f3rter e Editor, trabalhou no Jornal da Tarde e Estad\u00e3o, de 1984 a fevereiro de 2016. Colunista, blogueiro. E comentarista de futebol na R\u00e1dio Estad\u00e3o, de 2013 a fevereiro de 2016. Jornalista respons\u00e1vel do \\\"Pr\u00f3speri News\\\" (blogdoprosperi.com).\",\"sameAs\":[\"http:\\\/\\\/blogdoprosperi.com\",\"Luiz Pr\u00f3speri\",\"@luiz_prosperi\",\"https:\\\/\\\/x.com\\\/Luizprosperi\",\"@prosperinacopa\",\"luiz.prosperi@icloud.com\"],\"url\":\"https:\\\/\\\/blogdoprosperi.com\\\/?author=102107496\"}]}<\/script>\n<!-- \/ Yoast SEO plugin. -->","yoast_head_json":{"title":"Corinthians atrasa sal\u00e1rios, joga mal e ainda tem chance de se salvar do desastre na temporada - PR\u00d3SPERI NEWS","robots":{"index":"index","follow":"follow","max-snippet":"max-snippet:-1","max-image-preview":"max-image-preview:large","max-video-preview":"max-video-preview:-1"},"canonical":"https:\/\/blogdoprosperi.com\/?p=32611","og_locale":"pt_BR","og_type":"article","og_title":"Corinthians atrasa sal\u00e1rios, joga mal e ainda tem chance de se salvar do desastre na temporada - PR\u00d3SPERI NEWS","og_description":"Time tem de conquistar vaga na Libertadores e pensar grande em 2017. J\u00f4, novo refor\u00e7o, tem tudo para dar certo e virar \u00eddolo","og_url":"https:\/\/blogdoprosperi.com\/?p=32611","og_site_name":"PR\u00d3SPERI NEWS","article_publisher":"Luiz Pr\u00f3speri","article_author":"Luiz Pr\u00f3speri","article_published_time":"2016-11-17T20:18:05+00:00","article_modified_time":"2016-11-17T20:26:48+00:00","og_image":[{"url":"https:\/\/blogdoprosperi.com\/wp-content\/uploads\/2016\/11\/oswaldo-de-andrade-corinthians-x-america-mg-16102016_1wraotehtvmw1165rudsdupqw.jpg","type":"","width":"","height":""}],"author":"Luiz Ant\u00f4nio Pr\u00f3speri","twitter_card":"summary_large_image","twitter_creator":"@Luizprosperi","twitter_site":"@Luizprosperi","twitter_misc":{"Escrito por":"Luiz Ant\u00f4nio Pr\u00f3speri","Est. tempo de leitura":"3 minutos"},"schema":{"@context":"https:\/\/schema.org","@graph":[{"@type":"Article","@id":"https:\/\/blogdoprosperi.com\/?p=32611#article","isPartOf":{"@id":"https:\/\/blogdoprosperi.com\/?p=32611"},"author":{"name":"Luiz Ant\u00f4nio Pr\u00f3speri","@id":"https:\/\/blogdoprosperi.com\/#\/schema\/person\/38100755ce3601861ee4fab9b5aa78e9"},"headline":"Corinthians atrasa sal\u00e1rios, joga mal e ainda tem chance de se salvar do desastre na temporada","datePublished":"2016-11-17T20:18:05+00:00","dateModified":"2016-11-17T20:26:48+00:00","mainEntityOfPage":{"@id":"https:\/\/blogdoprosperi.com\/?p=32611"},"wordCount":592,"commentCount":0,"publisher":{"@id":"https:\/\/blogdoprosperi.com\/#\/schema\/person\/38100755ce3601861ee4fab9b5aa78e9"},"image":{"@id":"https:\/\/blogdoprosperi.com\/?p=32611#primaryimage"},"thumbnailUrl":"https:\/\/blogdoprosperi.com\/wp-content\/uploads\/2016\/11\/oswaldo-de-andrade-corinthians-x-america-mg-16102016_1wraotehtvmw1165rudsdupqw.jpg","keywords":["Brasileir\u00e3o-2016","Copa Libertadores 2017","Corinthians","futebol","Giovanni Augusto","Itaquer\u00e3o","J\u00f4","Oswaldo de Oliveira"],"articleSection":["Campeonato Brasileiro","futebol"],"inLanguage":"pt-BR","potentialAction":[{"@type":"CommentAction","name":"Comment","target":["https:\/\/blogdoprosperi.com\/?p=32611#respond"]}]},{"@type":"WebPage","@id":"https:\/\/blogdoprosperi.com\/?p=32611","url":"https:\/\/blogdoprosperi.com\/?p=32611","name":"Corinthians atrasa sal\u00e1rios, joga mal e ainda tem chance de se salvar do desastre na temporada - PR\u00d3SPERI NEWS","isPartOf":{"@id":"https:\/\/blogdoprosperi.com\/#website"},"primaryImageOfPage":{"@id":"https:\/\/blogdoprosperi.com\/?p=32611#primaryimage"},"image":{"@id":"https:\/\/blogdoprosperi.com\/?p=32611#primaryimage"},"thumbnailUrl":"https:\/\/blogdoprosperi.com\/wp-content\/uploads\/2016\/11\/oswaldo-de-andrade-corinthians-x-america-mg-16102016_1wraotehtvmw1165rudsdupqw.jpg","datePublished":"2016-11-17T20:18:05+00:00","dateModified":"2016-11-17T20:26:48+00:00","breadcrumb":{"@id":"https:\/\/blogdoprosperi.com\/?p=32611#breadcrumb"},"inLanguage":"pt-BR","potentialAction":[{"@type":"ReadAction","target":["https:\/\/blogdoprosperi.com\/?p=32611"]}]},{"@type":"ImageObject","inLanguage":"pt-BR","@id":"https:\/\/blogdoprosperi.com\/?p=32611#primaryimage","url":"https:\/\/i0.wp.com\/blogdoprosperi.com\/wp-content\/uploads\/2016\/11\/oswaldo-de-andrade-corinthians-x-america-mg-16102016_1wraotehtvmw1165rudsdupqw.jpg?fit=620%2C430&ssl=1","contentUrl":"https:\/\/i0.wp.com\/blogdoprosperi.com\/wp-content\/uploads\/2016\/11\/oswaldo-de-andrade-corinthians-x-america-mg-16102016_1wraotehtvmw1165rudsdupqw.jpg?fit=620%2C430&ssl=1","width":620,"height":430},{"@type":"BreadcrumbList","@id":"https:\/\/blogdoprosperi.com\/?p=32611#breadcrumb","itemListElement":[{"@type":"ListItem","position":1,"name":"In\u00edcio","item":"https:\/\/blogdoprosperi.com\/"},{"@type":"ListItem","position":2,"name":"Corinthians atrasa sal\u00e1rios, joga mal e ainda tem chance de se salvar do desastre na temporada"}]},{"@type":"WebSite","@id":"https:\/\/blogdoprosperi.com\/#website","url":"https:\/\/blogdoprosperi.com\/","name":"PR\u00d3SPERI NEWS","description":"TUDO \u00c9  FUTEBOL","publisher":{"@id":"https:\/\/blogdoprosperi.com\/#\/schema\/person\/38100755ce3601861ee4fab9b5aa78e9"},"alternateName":"blogdoprosperi.com","potentialAction":[{"@type":"SearchAction","target":{"@type":"EntryPoint","urlTemplate":"https:\/\/blogdoprosperi.com\/?s={search_term_string}"},"query-input":{"@type":"PropertyValueSpecification","valueRequired":true,"valueName":"search_term_string"}}],"inLanguage":"pt-BR"},{"@type":["Person","Organization"],"@id":"https:\/\/blogdoprosperi.com\/#\/schema\/person\/38100755ce3601861ee4fab9b5aa78e9","name":"Luiz Ant\u00f4nio Pr\u00f3speri","pronouns":"ele","image":{"@type":"ImageObject","inLanguage":"pt-BR","@id":"https:\/\/i0.wp.com\/blogdoprosperi.com\/wp-content\/uploads\/2026\/05\/cropped-8059e613-6002-42fa-961e-8e275f575d71-2-5.jpg?fit=1360%2C931&ssl=1","url":"https:\/\/i0.wp.com\/blogdoprosperi.com\/wp-content\/uploads\/2026\/05\/cropped-8059e613-6002-42fa-961e-8e275f575d71-2-5.jpg?fit=1360%2C931&ssl=1","contentUrl":"https:\/\/i0.wp.com\/blogdoprosperi.com\/wp-content\/uploads\/2026\/05\/cropped-8059e613-6002-42fa-961e-8e275f575d71-2-5.jpg?fit=1360%2C931&ssl=1","width":1360,"height":931,"caption":"Luiz Ant\u00f4nio Pr\u00f3speri"},"logo":{"@id":"https:\/\/i0.wp.com\/blogdoprosperi.com\/wp-content\/uploads\/2026\/05\/cropped-8059e613-6002-42fa-961e-8e275f575d71-2-5.jpg?fit=1360%2C931&ssl=1"},"description":"Jornalista com carreira dedicada ao esporte. Cobriu 9 Copas do Mundo in loco, 1990 na It\u00e1lia, 1994 nos EUA, 1998 na Fran\u00e7a, 2002 na Coreia do Sul e Jap\u00e3o, 2006 na Alemanha, 2010 na \u00c1frica do Sul, 2014 no Brasil, 2018 na R\u00fassia e 2022 no Qatar. Eurocopas, 1992 na Su\u00e9cia e 1996 na Inglaterra. Copa das Confedera\u00e7\u00f5es de 2005 na Alemanha e 2009 na \u00c1frica do Sul. Rep\u00f3rter e Editor, trabalhou no Jornal da Tarde e Estad\u00e3o, de 1984 a fevereiro de 2016. Colunista, blogueiro. E comentarista de futebol na R\u00e1dio Estad\u00e3o, de 2013 a fevereiro de 2016. Jornalista respons\u00e1vel do \"Pr\u00f3speri News\" (blogdoprosperi.com).","sameAs":["http:\/\/blogdoprosperi.com","Luiz Pr\u00f3speri","@luiz_prosperi","https:\/\/x.com\/Luizprosperi","@prosperinacopa","luiz.prosperi@icloud.com"],"url":"https:\/\/blogdoprosperi.com\/?author=102107496"}]}},"jetpack_publicize_connections":[],"jetpack_likes_enabled":false,"jetpack_sharing_enabled":true,"jetpack_shortlink":"https:\/\/wp.me\/p7jvdk-8tZ","jetpack-related-posts":[{"id":33117,"url":"https:\/\/blogdoprosperi.com\/?p=33117","url_meta":{"origin":32611,"position":0},"title":"Corinthians n\u00e3o carimba vaga na Libertadores e v\u00ea sua torcida perder a paci\u00eancia no Itaquer\u00e3o","author":"Luiz Ant\u00f4nio Pr\u00f3speri","date":"26 de novembro de 2016","format":false,"excerpt":"Corinthians n\u00e3o teve compet\u00eancia para garantir vaga na Copa Libertadores nesta pen\u00faltima rodada do Brasileir\u00e3o. Em casa, diante de pouco mais de 24 mil torcedores, mostrou mesmos problemas dos \u00faltimos jogos no empate por 0 a 0 contra o Atl\u00e9tico-PR. O ataque n\u00e3o tem for\u00e7a nem poder de decis\u00e3o. O\u2026","rel":"","context":"Em &quot;Campeonato Brasileiro&quot;","block_context":{"text":"Campeonato Brasileiro","link":"https:\/\/blogdoprosperi.com\/?cat=355071"},"img":{"alt_text":"","src":"https:\/\/i0.wp.com\/blogdoprosperi.com\/wp-content\/uploads\/2016\/11\/dsc0936.jpg?resize=350%2C200&ssl=1","width":350,"height":200,"srcset":"https:\/\/i0.wp.com\/blogdoprosperi.com\/wp-content\/uploads\/2016\/11\/dsc0936.jpg?resize=350%2C200&ssl=1 1x, https:\/\/i0.wp.com\/blogdoprosperi.com\/wp-content\/uploads\/2016\/11\/dsc0936.jpg?resize=525%2C300&ssl=1 1.5x"},"classes":[]},{"id":3485,"url":"https:\/\/blogdoprosperi.com\/?p=3485","url_meta":{"origin":32611,"position":1},"title":"Corinthians cai fora da Libertadores e abala supremacia de Tite","author":"Luiz Ant\u00f4nio Pr\u00f3speri","date":"5 de maio de 2016","format":false,"excerpt":"\u00a0 O empate por 0 a 0 no jogo de ida contra o Nacional em Montevid\u00e9u, quando o time n\u00e3o deu um m\u00edsero chute ao gol, entregou a conta ao Corinthians nesta quarta-feira, 04\/5, no Itaquer\u00e3o. Obrigado a vencer em casa, diante de mais de 43 mil torcedores, o time\u2026","rel":"","context":"Em &quot;futebol&quot;","block_context":{"text":"futebol","link":"https:\/\/blogdoprosperi.com\/?cat=53870"},"img":{"alt_text":"","src":"https:\/\/i0.wp.com\/blogdoprosperi.com\/wp-content\/uploads\/2016\/05\/gazeta-press-foto-andre-corinthians.jpg?resize=350%2C200&ssl=1","width":350,"height":200,"srcset":"https:\/\/i0.wp.com\/blogdoprosperi.com\/wp-content\/uploads\/2016\/05\/gazeta-press-foto-andre-corinthians.jpg?resize=350%2C200&ssl=1 1x, https:\/\/i0.wp.com\/blogdoprosperi.com\/wp-content\/uploads\/2016\/05\/gazeta-press-foto-andre-corinthians.jpg?resize=525%2C300&ssl=1 1.5x"},"classes":[]},{"id":27409,"url":"https:\/\/blogdoprosperi.com\/?p=27409","url_meta":{"origin":32611,"position":2},"title":"Palmeiras e Corinthians, entre o c\u00e9u e o inferno","author":"Luiz Ant\u00f4nio Pr\u00f3speri","date":"4 de outubro de 2016","format":false,"excerpt":"\u00a0 Presidentes de Palmeiras e Corinthians concederam entrevistas coletivas neste in\u00edcio de noite de ter\u00e7a-feira (04\/11). Paulo Nobre, sereno, discorreu sobre a vit\u00f3ria do clube na corte arbitral contra a WTorre na venda de cadeiras do Allianz Parque, da paz pol\u00edtica no Palestra e do bom futebol do time de\u2026","rel":"","context":"Em &quot;Campeonato Brasileiro&quot;","block_context":{"text":"Campeonato Brasileiro","link":"https:\/\/blogdoprosperi.com\/?cat=355071"},"img":{"alt_text":"","src":"https:\/\/i0.wp.com\/blogdoprosperi.com\/wp-content\/uploads\/2016\/10\/elv20160615030.jpg?resize=350%2C200","width":350,"height":200,"srcset":"https:\/\/i0.wp.com\/blogdoprosperi.com\/wp-content\/uploads\/2016\/10\/elv20160615030.jpg?resize=350%2C200 1x, https:\/\/i0.wp.com\/blogdoprosperi.com\/wp-content\/uploads\/2016\/10\/elv20160615030.jpg?resize=525%2C300 1.5x"},"classes":[]},{"id":31254,"url":"https:\/\/blogdoprosperi.com\/?p=31254","url_meta":{"origin":32611,"position":3},"title":"Entenda como Palmeiras supera concorr\u00eancia na briga pela ta\u00e7a","author":"Luiz Ant\u00f4nio Pr\u00f3speri","date":"7 de novembro de 2016","format":false,"excerpt":"Palmeiras est\u00e1 no centro da discuss\u00e3o nesta reta final do Brasileir\u00e3o. Alvo preferido da pol\u00eamica de que vai ser campe\u00e3o, apesar de n\u00e3o jogar um futebol empolgante, bonito de se ver. Ou n\u00e3o tem sido t\u00e3o brilhante como o Corinthians, dono inconteste da ta\u00e7a em 2015. Alguns colegas jornalistas t\u00eam\u2026","rel":"","context":"Em &quot;Campeonato Brasileiro&quot;","block_context":{"text":"Campeonato Brasileiro","link":"https:\/\/blogdoprosperi.com\/?cat=355071"},"img":{"alt_text":"","src":"https:\/\/i0.wp.com\/blogdoprosperi.com\/wp-content\/uploads\/2016\/11\/26411418633_7a2551a277_o.jpg?resize=350%2C200&ssl=1","width":350,"height":200,"srcset":"https:\/\/i0.wp.com\/blogdoprosperi.com\/wp-content\/uploads\/2016\/11\/26411418633_7a2551a277_o.jpg?resize=350%2C200&ssl=1 1x, https:\/\/i0.wp.com\/blogdoprosperi.com\/wp-content\/uploads\/2016\/11\/26411418633_7a2551a277_o.jpg?resize=525%2C300&ssl=1 1.5x, https:\/\/i0.wp.com\/blogdoprosperi.com\/wp-content\/uploads\/2016\/11\/26411418633_7a2551a277_o.jpg?resize=700%2C400&ssl=1 2x"},"classes":[]},{"id":27608,"url":"https:\/\/blogdoprosperi.com\/?p=27608","url_meta":{"origin":32611,"position":4},"title":"Corinthians esbarra no seu fraco futebol e deve fechar para balan\u00e7o da temporada","author":"Luiz Ant\u00f4nio Pr\u00f3speri","date":"5 de outubro de 2016","format":false,"excerpt":"Corinthians j\u00e1 deve antecipar o fim do expediente e fechar para balan\u00e7o nesta temporada. Sem recursos t\u00e9cnicos e comandado por um treinador interino, decepcionou mais uma vez no Itaquer\u00e3o e chegou a seis jogos sem vencer no Brasileir\u00e3o ao empatar por 0 x 0 com o Atl\u00e9tico-MG, desfalcado de dez\u2026","rel":"","context":"Em &quot;Campeonato Brasileiro&quot;","block_context":{"text":"Campeonato Brasileiro","link":"https:\/\/blogdoprosperi.com\/?cat=355071"},"img":{"alt_text":"","src":"https:\/\/i0.wp.com\/blogdoprosperi.com\/wp-content\/uploads\/2016\/10\/pro4-17.jpg?resize=350%2C200","width":350,"height":200,"srcset":"https:\/\/i0.wp.com\/blogdoprosperi.com\/wp-content\/uploads\/2016\/10\/pro4-17.jpg?resize=350%2C200 1x, https:\/\/i0.wp.com\/blogdoprosperi.com\/wp-content\/uploads\/2016\/10\/pro4-17.jpg?resize=525%2C300 1.5x, https:\/\/i0.wp.com\/blogdoprosperi.com\/wp-content\/uploads\/2016\/10\/pro4-17.jpg?resize=700%2C400 2x, https:\/\/i0.wp.com\/blogdoprosperi.com\/wp-content\/uploads\/2016\/10\/pro4-17.jpg?resize=1050%2C600 3x, https:\/\/i0.wp.com\/blogdoprosperi.com\/wp-content\/uploads\/2016\/10\/pro4-17.jpg?resize=1400%2C800 4x"},"classes":[]},{"id":30784,"url":"https:\/\/blogdoprosperi.com\/?p=30784","url_meta":{"origin":32611,"position":5},"title":"S\u00e3o Paulo e Corinthians jogam cl\u00e1ssico de fim de feira neste s\u00e1bado","author":"Luiz Ant\u00f4nio Pr\u00f3speri","date":"3 de novembro de 2016","format":false,"excerpt":"S\u00e3o Paulo e Corinthians se enfrentam neste s\u00e1bado no Morumbi no pior momento dos dois times na temporada. O primeiro briga para n\u00e3o ser rebaixado \u00e0 S\u00e9rie B. O segundo finca unhas na rocha em busca da salvadora vaga na Copa Libertadores. Desespero resume bem a situa\u00e7\u00e3o desses gigantes no\u2026","rel":"","context":"Em &quot;Campeonato Brasileiro&quot;","block_context":{"text":"Campeonato Brasileiro","link":"https:\/\/blogdoprosperi.com\/?cat=355071"},"img":{"alt_text":"","src":"https:\/\/i0.wp.com\/blogdoprosperi.com\/wp-content\/uploads\/2016\/11\/luis-fabiano.jpg?resize=350%2C200&ssl=1","width":350,"height":200,"srcset":"https:\/\/i0.wp.com\/blogdoprosperi.com\/wp-content\/uploads\/2016\/11\/luis-fabiano.jpg?resize=350%2C200&ssl=1 1x, https:\/\/i0.wp.com\/blogdoprosperi.com\/wp-content\/uploads\/2016\/11\/luis-fabiano.jpg?resize=525%2C300&ssl=1 1.5x, https:\/\/i0.wp.com\/blogdoprosperi.com\/wp-content\/uploads\/2016\/11\/luis-fabiano.jpg?resize=700%2C400&ssl=1 2x"},"classes":[]}],"jetpack_featured_media_url":"","_links":{"self":[{"href":"https:\/\/blogdoprosperi.com\/index.php?rest_route=\/wp\/v2\/posts\/32611","targetHints":{"allow":["GET"]}}],"collection":[{"href":"https:\/\/blogdoprosperi.com\/index.php?rest_route=\/wp\/v2\/posts"}],"about":[{"href":"https:\/\/blogdoprosperi.com\/index.php?rest_route=\/wp\/v2\/types\/post"}],"author":[{"embeddable":true,"href":"https:\/\/blogdoprosperi.com\/index.php?rest_route=\/wp\/v2\/users\/102107496"}],"replies":[{"embeddable":true,"href":"https:\/\/blogdoprosperi.com\/index.php?rest_route=%2Fwp%2Fv2%2Fcomments&post=32611"}],"version-history":[{"count":25,"href":"https:\/\/blogdoprosperi.com\/index.php?rest_route=\/wp\/v2\/posts\/32611\/revisions"}],"predecessor-version":[{"id":32671,"href":"https:\/\/blogdoprosperi.com\/index.php?rest_route=\/wp\/v2\/posts\/32611\/revisions\/32671"}],"wp:attachment":[{"href":"https:\/\/blogdoprosperi.com\/index.php?rest_route=%2Fwp%2Fv2%2Fmedia&parent=32611"}],"wp:term":[{"taxonomy":"category","embeddable":true,"href":"https:\/\/blogdoprosperi.com\/index.php?rest_route=%2Fwp%2Fv2%2Fcategories&post=32611"},{"taxonomy":"post_tag","embeddable":true,"href":"https:\/\/blogdoprosperi.com\/index.php?rest_route=%2Fwp%2Fv2%2Ftags&post=32611"}],"curies":[{"name":"wp","href":"https:\/\/api.w.org\/{rel}","templated":true}]}}