{"id":32787,"date":"2016-11-20T19:41:51","date_gmt":"2016-11-20T21:41:51","guid":{"rendered":"https:\/\/blogdoprosperi.com\/?p=32787"},"modified":"2016-11-20T20:30:28","modified_gmt":"2016-11-20T22:30:28","slug":"palmeiras-tem-apenas-de-cumprir-protocolo-para-soltar-grito-de-campeao","status":"publish","type":"post","link":"https:\/\/blogdoprosperi.com\/?p=32787","title":{"rendered":"Palmeiras tem apenas de cumprir protocolo para soltar grito de campe\u00e3o\u00a0"},"content":{"rendered":"<p><span class=\"alignnone\"><img data-recalc-dims=\"1\" loading=\"lazy\" decoding=\"async\" data-attachment-id=\"32799\" data-permalink=\"https:\/\/blogdoprosperi.com\/?attachment_id=32799\" data-orig-file=\"https:\/\/i0.wp.com\/blogdoprosperi.com\/wp-content\/uploads\/2016\/11\/pro-25.jpg?fit=1415%2C943&amp;ssl=1\" data-orig-size=\"1415,943\" data-comments-opened=\"1\" data-image-meta=\"{&quot;aperture&quot;:&quot;3.5&quot;,&quot;credit&quot;:&quot;&quot;,&quot;camera&quot;:&quot;Canon EOS-1D X&quot;,&quot;caption&quot;:&quot;&quot;,&quot;created_timestamp&quot;:&quot;1479662566&quot;,&quot;copyright&quot;:&quot;ALEX SILVA\/ESTADAO&quot;,&quot;focal_length&quot;:&quot;400&quot;,&quot;iso&quot;:&quot;1000&quot;,&quot;shutter_speed&quot;:&quot;0.000625&quot;,&quot;title&quot;:&quot;&quot;,&quot;orientation&quot;:&quot;1&quot;}\" data-image-title=\"pro-25\" data-image-description=\"\" data-image-caption=\"\" data-large-file=\"https:\/\/i0.wp.com\/blogdoprosperi.com\/wp-content\/uploads\/2016\/11\/pro-25.jpg?fit=940%2C626&amp;ssl=1\" class=\"alignnone size-full wp-image-32799\" src=\"https:\/\/i0.wp.com\/blogdoprosperi.com\/wp-content\/uploads\/2016\/11\/pro-25.jpg?resize=940%2C626&#038;ssl=1\" alt=\"pro-25\" width=\"940\" height=\"626\" \/><\/span><\/p>\n<p>Palmeiras j\u00e1 pode celebrar o t\u00edtulo do Brasileir\u00e3o 2016. Vai cumprir o protocolo no pr\u00f3ximo domingo contra a Chapecoense no Allianz Parque. Ao vencer o Botafogo por 1 a 0 em casa, chega \u00e0 pen\u00faltima rodada pronto para empunhar a ta\u00e7a. Conquista leg\u00edtima diante de uma campanha irrepar\u00e1vel. E ainda deu de presente ao futebol brasileiro esse diamante de nome Gabriel Jesus.<\/p>\n<p>Na vit\u00f3ria contra o Botafogo, Jesus deu passe para Dudu marcar de cabe\u00e7a o gol redentor. Os dois e mais Mois\u00e9s, jogador multiuso, fizeram a diferen\u00e7a e permitiram a comunh\u00e3o com a torcida, dentro e fora do Allianz.<\/p>\n<p>O primeiro tempo foi de ansiedade e sem lucidez do Palmeiras. Havia muita vontade de decidir logo e pouca consci\u00eancia na chegada ao gol. Cleiton Xavier, encarregado de articular o ataque, n\u00e3o apareceu. Faltava sangue nas suas veias e intelig\u00eancia quando tinha a bola nos p\u00e9s. Por isso Mois\u00e9s teve de se multiplicar na fun\u00e7\u00e3o de Xavier e marca\u00e7\u00e3o ao lado de Tch\u00ea Tch\u00ea.<\/p>\n<div class=\"tiled-gallery type-rectangular tiled-gallery-unresized\" data-original-width=\"940\" data-carousel-extra='{&quot;blog_id&quot;:1,&quot;permalink&quot;:&quot;https:\\\/\\\/blogdoprosperi.com\\\/?p=32787&quot;,&quot;likes_blog_id&quot;:108082574}' itemscope itemtype=\"http:\/\/schema.org\/ImageGallery\" > <div class=\"gallery-row\" style=\"width: 940px; height: 454px;\" data-original-width=\"940\" data-original-height=\"454\" > <div class=\"gallery-group images-1\" style=\"width: 633px; height: 454px;\" data-original-width=\"633\" data-original-height=\"454\" > <div class=\"tiled-gallery-item tiled-gallery-item-large\" itemprop=\"associatedMedia\" itemscope itemtype=\"http:\/\/schema.org\/ImageObject\"> <a href=\"https:\/\/blogdoprosperi.com\/?attachment_id=32798\" border=\"0\" itemprop=\"url\"> <meta itemprop=\"width\" content=\"629\"> <meta itemprop=\"height\" content=\"450\"> <img decoding=\"async\" class=\"\" data-attachment-id=\"32798\" data-orig-file=\"https:\/\/blogdoprosperi.com\/wp-content\/uploads\/2016\/11\/pro1-21.jpg\" data-orig-size=\"1290,924\" data-comments-opened=\"1\" data-image-meta=\"{&quot;aperture&quot;:&quot;3.5&quot;,&quot;credit&quot;:&quot;&quot;,&quot;camera&quot;:&quot;Canon EOS-1D X&quot;,&quot;caption&quot;:&quot;&quot;,&quot;created_timestamp&quot;:&quot;1479662560&quot;,&quot;copyright&quot;:&quot;ALEX SILVA\\\/ESTADAO&quot;,&quot;focal_length&quot;:&quot;400&quot;,&quot;iso&quot;:&quot;1000&quot;,&quot;shutter_speed&quot;:&quot;0.000625&quot;,&quot;title&quot;:&quot;&quot;,&quot;orientation&quot;:&quot;1&quot;}\" data-image-title=\"pro1-21\" data-image-description=\"\" data-medium-file=\"https:\/\/i0.wp.com\/blogdoprosperi.com\/wp-content\/uploads\/2016\/11\/pro1-21.jpg?fit=528%2C378&#038;ssl=1\" data-large-file=\"https:\/\/i0.wp.com\/blogdoprosperi.com\/wp-content\/uploads\/2016\/11\/pro1-21.jpg?fit=940%2C673&#038;ssl=1\" src=\"https:\/\/i0.wp.com\/blogdoprosperi.com\/wp-content\/uploads\/2016\/11\/pro1-21.jpg?w=629&#038;h=450&#038;ssl=1\" width=\"629\" height=\"450\" loading=\"lazy\" data-original-width=\"629\" data-original-height=\"450\" itemprop=\"http:\/\/schema.org\/image\" title=\"pro1-21\" alt=\"pro1-21\" style=\"width: 629px; height: 450px;\" \/> <\/a> <\/div> <\/div> <!-- close group --> <div class=\"gallery-group images-2\" style=\"width: 307px; height: 454px;\" data-original-width=\"307\" data-original-height=\"454\" > <div class=\"tiled-gallery-item tiled-gallery-item-large\" itemprop=\"associatedMedia\" itemscope itemtype=\"http:\/\/schema.org\/ImageObject\"> <a href=\"https:\/\/blogdoprosperi.com\/?attachment_id=32797\" border=\"0\" itemprop=\"url\"> <meta itemprop=\"width\" content=\"303\"> <meta itemprop=\"height\" content=\"244\"> <img decoding=\"async\" class=\"\" data-attachment-id=\"32797\" data-orig-file=\"https:\/\/blogdoprosperi.com\/wp-content\/uploads\/2016\/11\/pro2-21.jpg\" data-orig-size=\"2514,2022\" data-comments-opened=\"1\" data-image-meta=\"{&quot;aperture&quot;:&quot;6.3&quot;,&quot;credit&quot;:&quot;&quot;,&quot;camera&quot;:&quot;Canon EOS-1D X&quot;,&quot;caption&quot;:&quot;&quot;,&quot;created_timestamp&quot;:&quot;1479662532&quot;,&quot;copyright&quot;:&quot;ALEX SILVA\\\/ESTADAO&quot;,&quot;focal_length&quot;:&quot;400&quot;,&quot;iso&quot;:&quot;1000&quot;,&quot;shutter_speed&quot;:&quot;0.002&quot;,&quot;title&quot;:&quot;&quot;,&quot;orientation&quot;:&quot;1&quot;}\" data-image-title=\"pro2-21\" data-image-description=\"\" data-medium-file=\"https:\/\/i0.wp.com\/blogdoprosperi.com\/wp-content\/uploads\/2016\/11\/pro2-21.jpg?fit=470%2C378&#038;ssl=1\" data-large-file=\"https:\/\/i0.wp.com\/blogdoprosperi.com\/wp-content\/uploads\/2016\/11\/pro2-21.jpg?fit=940%2C756&#038;ssl=1\" src=\"https:\/\/i0.wp.com\/blogdoprosperi.com\/wp-content\/uploads\/2016\/11\/pro2-21.jpg?w=303&#038;h=244&#038;ssl=1\" width=\"303\" height=\"244\" loading=\"lazy\" data-original-width=\"303\" data-original-height=\"244\" itemprop=\"http:\/\/schema.org\/image\" title=\"pro2-21\" alt=\"pro2-21\" style=\"width: 303px; height: 244px;\" \/> <\/a> <\/div> <div class=\"tiled-gallery-item tiled-gallery-item-large\" itemprop=\"associatedMedia\" itemscope itemtype=\"http:\/\/schema.org\/ImageObject\"> <a href=\"https:\/\/blogdoprosperi.com\/?attachment_id=32796\" border=\"0\" itemprop=\"url\"> <meta itemprop=\"width\" content=\"303\"> <meta itemprop=\"height\" content=\"202\"> <img decoding=\"async\" class=\"\" data-attachment-id=\"32796\" data-orig-file=\"https:\/\/blogdoprosperi.com\/wp-content\/uploads\/2016\/11\/pro3-24.jpg\" data-orig-size=\"4111,2741\" data-comments-opened=\"1\" data-image-meta=\"{&quot;aperture&quot;:&quot;3.2&quot;,&quot;credit&quot;:&quot;&quot;,&quot;camera&quot;:&quot;Canon EOS-1D X&quot;,&quot;caption&quot;:&quot;&quot;,&quot;created_timestamp&quot;:&quot;1479662259&quot;,&quot;copyright&quot;:&quot;ALEX SILVA\\\/ESTADAO&quot;,&quot;focal_length&quot;:&quot;400&quot;,&quot;iso&quot;:&quot;1000&quot;,&quot;shutter_speed&quot;:&quot;0.0005&quot;,&quot;title&quot;:&quot;&quot;,&quot;orientation&quot;:&quot;1&quot;}\" data-image-title=\"pro3-24\" data-image-description=\"\" data-medium-file=\"https:\/\/i0.wp.com\/blogdoprosperi.com\/wp-content\/uploads\/2016\/11\/pro3-24.jpg?fit=567%2C378&#038;ssl=1\" data-large-file=\"https:\/\/i0.wp.com\/blogdoprosperi.com\/wp-content\/uploads\/2016\/11\/pro3-24.jpg?fit=940%2C627&#038;ssl=1\" src=\"https:\/\/i0.wp.com\/blogdoprosperi.com\/wp-content\/uploads\/2016\/11\/pro3-24.jpg?w=303&#038;h=202&#038;ssl=1\" width=\"303\" height=\"202\" loading=\"lazy\" data-original-width=\"303\" data-original-height=\"202\" itemprop=\"http:\/\/schema.org\/image\" title=\"pro3-24\" alt=\"pro3-24\" style=\"width: 303px; height: 202px;\" \/> <\/a> <\/div> <\/div> <!-- close group --> <\/div> <!-- close row --> <div class=\"gallery-row\" style=\"width: 940px; height: 628px;\" data-original-width=\"940\" data-original-height=\"628\" > <div class=\"gallery-group images-1\" style=\"width: 940px; height: 628px;\" data-original-width=\"940\" data-original-height=\"628\" > <div class=\"tiled-gallery-item tiled-gallery-item-large\" itemprop=\"associatedMedia\" itemscope itemtype=\"http:\/\/schema.org\/ImageObject\"> <a href=\"https:\/\/blogdoprosperi.com\/?attachment_id=32795\" border=\"0\" itemprop=\"url\"> <meta itemprop=\"width\" content=\"936\"> <meta itemprop=\"height\" content=\"624\"> <img decoding=\"async\" class=\"\" data-attachment-id=\"32795\" data-orig-file=\"https:\/\/blogdoprosperi.com\/wp-content\/uploads\/2016\/11\/pro4-21.jpg\" data-orig-size=\"5184,3456\" data-comments-opened=\"1\" data-image-meta=\"{&quot;aperture&quot;:&quot;3.5&quot;,&quot;credit&quot;:&quot;&quot;,&quot;camera&quot;:&quot;Canon EOS-1D X&quot;,&quot;caption&quot;:&quot;&quot;,&quot;created_timestamp&quot;:&quot;1479662129&quot;,&quot;copyright&quot;:&quot;ALEX SILVA\\\/ESTADAO&quot;,&quot;focal_length&quot;:&quot;400&quot;,&quot;iso&quot;:&quot;1000&quot;,&quot;shutter_speed&quot;:&quot;0.001&quot;,&quot;title&quot;:&quot;&quot;,&quot;orientation&quot;:&quot;1&quot;}\" data-image-title=\"pro4-21\" data-image-description=\"\" data-medium-file=\"https:\/\/i0.wp.com\/blogdoprosperi.com\/wp-content\/uploads\/2016\/11\/pro4-21.jpg?fit=567%2C378&#038;ssl=1\" data-large-file=\"https:\/\/i0.wp.com\/blogdoprosperi.com\/wp-content\/uploads\/2016\/11\/pro4-21.jpg?fit=940%2C627&#038;ssl=1\" src=\"https:\/\/i0.wp.com\/blogdoprosperi.com\/wp-content\/uploads\/2016\/11\/pro4-21.jpg?w=936&#038;h=624&#038;ssl=1\" width=\"936\" height=\"624\" loading=\"lazy\" data-original-width=\"936\" data-original-height=\"624\" itemprop=\"http:\/\/schema.org\/image\" title=\"pro4-21\" alt=\"pro4-21\" style=\"width: 936px; height: 624px;\" \/> <\/a> <\/div> <\/div> <!-- close group --> <\/div> <!-- close row --> <\/div>\n<p>Sem uma boa sintonia na sa\u00edda ao ataque, coube a Dudu chamar o jogo. No setor esquerdo, partia em diagonal sempre \u00e0 procura\u00a0 de Gabriel Jesus, muito marcado.<\/p>\n<p>O melhor do Palmeiras foram os cruzamentos e uma grande chance desperdi\u00e7ada por Roger Guedes, que poderia concluir, mas serviu errado a Jesus.<\/p>\n<p>Do lado do Botafogo, a preocupa\u00e7\u00e3o \u00fanica de se defender e defender. Quanto muito, um contra-ataque ou sobra de uma barbeiragem da defesa do l\u00edder do campeonato.<\/p>\n<p>Chamou aten\u00e7\u00e3o uma excessiva cautela do Palmeiras. O jogo era uma decis\u00e3o. Exigia mais corpo e alma. Entrega destemida.<\/p>\n<p>\u00c0s\u00a0 favas com a seguran\u00e7a, ainda mais com Santos sendo derrotado pelo Cruzeiro. Ali\u00e1s o gol de Arrascaeta em Minas foi um raro momento de j\u00fabilo no Allianz Parque.<\/p>\n<p>No segundo tempo, o jogo virou. Cuca perdeu a paci\u00eancia com Xavier. Tirou o meia e mandou Alecsandro aos le\u00f5es. Jesus foi jogar na ponta-esquerda e Dudu passou a ser o articulador que Xavier nunca foi. Cresceu o Palmeiras.<\/p>\n<p><span class=\"alignnone\"><img data-recalc-dims=\"1\" loading=\"lazy\" decoding=\"async\" data-attachment-id=\"32794\" data-permalink=\"https:\/\/blogdoprosperi.com\/?attachment_id=32794\" data-orig-file=\"https:\/\/i0.wp.com\/blogdoprosperi.com\/wp-content\/uploads\/2016\/11\/pro5-27.jpg?fit=3702%2C2468&amp;ssl=1\" data-orig-size=\"3702,2468\" data-comments-opened=\"1\" data-image-meta=\"{&quot;aperture&quot;:&quot;3.5&quot;,&quot;credit&quot;:&quot;&quot;,&quot;camera&quot;:&quot;Canon EOS-1D X&quot;,&quot;caption&quot;:&quot;&quot;,&quot;created_timestamp&quot;:&quot;1479662127&quot;,&quot;copyright&quot;:&quot;ALEX SILVA\/ESTADAO&quot;,&quot;focal_length&quot;:&quot;400&quot;,&quot;iso&quot;:&quot;1000&quot;,&quot;shutter_speed&quot;:&quot;0.001&quot;,&quot;title&quot;:&quot;&quot;,&quot;orientation&quot;:&quot;1&quot;}\" data-image-title=\"pro5-27\" data-image-description=\"\" data-image-caption=\"\" data-large-file=\"https:\/\/i0.wp.com\/blogdoprosperi.com\/wp-content\/uploads\/2016\/11\/pro5-27.jpg?fit=940%2C627&amp;ssl=1\" class=\"alignnone size-full wp-image-32794\" src=\"https:\/\/i0.wp.com\/blogdoprosperi.com\/wp-content\/uploads\/2016\/11\/pro5-27.jpg?resize=940%2C627&#038;ssl=1\" alt=\"pro5-27\" width=\"940\" height=\"627\" \/><\/span><\/p>\n<p>De uma descida de Dudu a bola chegou a Jesus que cruzou na medida, como se tivesse um compasso nos p\u00e9s. A bola caiu na cabe\u00e7a de Dudu e dali morreu na rede. Gol de campe\u00e3o.<\/p>\n<p>Naquele momento do gol de Dudu, o Santos j\u00e1 virava\u00a0 para cima do Cruzeiro. Mas quem se importava com isso dentro e fora do Allianz Parque? Agora era ter os nervos no lugar. E encarar o jogo como final de campeonato.<\/p>\n<p>O time se transformou. Sob o signo de Mois\u00e9s, como um tigre faminto, todos jogadores n\u00e3o deixaram o advers\u00e1rio respirar at\u00e9 o \u00faltimo suspiro.<\/p>\n<p>Aclamada por Jesus, a torcida em \u00eaxtase soltou a voz cantando o hino do clube como fan\u00e1ticos de uma seita. Uma celebra\u00e7\u00e3o comum aos campe\u00f5es. Ao redor do Allianz, um cintur\u00e3o verde completou a festa entre l\u00e1grimas, gritos e cora\u00e7\u00e3o.<\/p>\n<p>Na pr\u00f3xima semana, contra a Chapecoense vai ser uma quest\u00e3o de cumprir o protocolo. \u00c9 hora de levantar a ta\u00e7a.<\/p>\n<p>FICHA DO JOGO<\/p>\n<p>Palmeiras 1 x 0 Botafogo<\/p>\n<p>Gol: Dudu, aos 17 minutos do segundo tempo.<\/p>\n<p>Palmeiras: Jailson, Jean, Mina (Thiago Martins) Vitor Hugo e Egidio; Mois\u00e9s, Tch\u00ea Tch\u00ea (Gabriel) e Cleiton Xavier (Alecsandro); Roger Guedes, Gabriel Jesus e Dudu. T\u00e9nico: Cuca<\/p>\n<p>Botafogo: Sid\u00e3o, Emerson Silva, Carlo e Emerson; Alem\u00e3o (Fernandes \/Leandrinho), Dudu Cearense (Sass\u00e1), Lindoso, Camilo e Diogo; Pimp\u00e3o e Neilton. T\u00e9cnico: Jair Venrura<\/p>\n<p>Juiz: Elmo Rodrigues<br \/>\nCart\u00f5es amarelos: Emerson Silva, Fernandes, Sassa, Carli<\/p>\n<p>Cart\u00e3o vermelho: Leandrinho<\/p>\n<p>P\u00fablico : 39.694 pagantes<\/p>\n<p>Local: Allianz Parque<\/p>\n<p>&nbsp;<\/p>\n","protected":false},"excerpt":{"rendered":"<p>Palmeiras j\u00e1 pode celebrar o t\u00edtulo do Brasileir\u00e3o 2016. Vai cumprir o protocolo no pr\u00f3ximo domingo contra a [&hellip;]<\/p>\n","protected":false},"author":102107496,"featured_media":0,"comment_status":"open","ping_status":"open","sticky":false,"template":"","format":"standard","meta":{"_coblocks_attr":"","_coblocks_dimensions":"","_coblocks_responsive_height":"","_coblocks_accordion_ie_support":"","_jetpack_newsletter_access":"","_jetpack_dont_email_post_to_subs":false,"_jetpack_newsletter_tier_id":0,"_jetpack_memberships_contains_paywalled_content":false,"_wpcom_ai_launchpad_first_post":false,"_jetpack_feature_clip_id":0,"_jetpack_memberships_contains_paid_content":false,"footnotes":"","jetpack_publicize_message":"","jetpack_publicize_feature_enabled":true,"jetpack_social_post_already_shared":false,"jetpack_social_options":{"image_generator_settings":{"template":"highway","default_image_id":0,"font":"","enabled":false},"version":2},"jetpack_post_was_ever_published":false},"categories":[53870],"tags":[789560560],"class_list":["post-32787","post","type-post","status-publish","format-standard","hentry","category-futebol","tag-futebol"],"yoast_head":"<!-- This site is optimized with the Yoast SEO plugin v28.3 - https:\/\/yoast.com\/product\/yoast-seo-wordpress\/ -->\n<title>Palmeiras tem apenas de cumprir protocolo para soltar grito de campe\u00e3o\u00a0 - PR\u00d3SPERI NEWS<\/title>\n<meta name=\"robots\" content=\"index, follow, max-snippet:-1, max-image-preview:large, max-video-preview:-1\" \/>\n<link rel=\"canonical\" href=\"https:\/\/blogdoprosperi.com\/?p=32787\" \/>\n<meta property=\"og:locale\" content=\"pt_BR\" \/>\n<meta property=\"og:type\" content=\"article\" \/>\n<meta property=\"og:title\" content=\"Palmeiras tem apenas de cumprir protocolo para soltar grito de campe\u00e3o\u00a0 - PR\u00d3SPERI NEWS\" \/>\n<meta property=\"og:description\" content=\"Palmeiras j\u00e1 pode celebrar o t\u00edtulo do Brasileir\u00e3o 2016. Vai cumprir o protocolo no pr\u00f3ximo domingo contra a [&hellip;]\" \/>\n<meta property=\"og:url\" content=\"https:\/\/blogdoprosperi.com\/?p=32787\" \/>\n<meta property=\"og:site_name\" content=\"PR\u00d3SPERI NEWS\" \/>\n<meta property=\"article:publisher\" content=\"Luiz Pr\u00f3speri\" \/>\n<meta property=\"article:author\" content=\"Luiz Pr\u00f3speri\" \/>\n<meta property=\"article:published_time\" content=\"2016-11-20T21:41:51+00:00\" \/>\n<meta property=\"article:modified_time\" content=\"2016-11-20T22:30:28+00:00\" \/>\n<meta property=\"og:image\" content=\"https:\/\/i0.wp.com\/blogdoprosperi.com\/wp-content\/uploads\/2016\/11\/pro1-21.jpg?w=629&#038;h=450&#038;ssl=1\" \/>\n<meta name=\"author\" content=\"Luiz Ant\u00f4nio Pr\u00f3speri\" \/>\n<meta name=\"twitter:card\" content=\"summary_large_image\" \/>\n<meta name=\"twitter:creator\" content=\"@Luizprosperi\" \/>\n<meta name=\"twitter:site\" content=\"@Luizprosperi\" \/>\n<meta name=\"twitter:label1\" content=\"Escrito por\" \/>\n\t<meta name=\"twitter:data1\" content=\"Luiz Ant\u00f4nio Pr\u00f3speri\" \/>\n\t<meta name=\"twitter:label2\" content=\"Est. tempo de leitura\" \/>\n\t<meta name=\"twitter:data2\" content=\"3 minutos\" \/>\n<script type=\"application\/ld+json\" class=\"yoast-schema-graph\">{\"@context\":\"https:\\\/\\\/schema.org\",\"@graph\":[{\"@type\":\"Article\",\"@id\":\"https:\\\/\\\/blogdoprosperi.com\\\/?p=32787#article\",\"isPartOf\":{\"@id\":\"https:\\\/\\\/blogdoprosperi.com\\\/?p=32787\"},\"author\":{\"name\":\"Luiz Ant\u00f4nio Pr\u00f3speri\",\"@id\":\"https:\\\/\\\/blogdoprosperi.com\\\/#\\\/schema\\\/person\\\/38100755ce3601861ee4fab9b5aa78e9\"},\"headline\":\"Palmeiras tem apenas de cumprir protocolo para soltar grito de campe\u00e3o\u00a0\",\"datePublished\":\"2016-11-20T21:41:51+00:00\",\"dateModified\":\"2016-11-20T22:30:28+00:00\",\"mainEntityOfPage\":{\"@id\":\"https:\\\/\\\/blogdoprosperi.com\\\/?p=32787\"},\"wordCount\":635,\"commentCount\":0,\"publisher\":{\"@id\":\"https:\\\/\\\/blogdoprosperi.com\\\/#\\\/schema\\\/person\\\/38100755ce3601861ee4fab9b5aa78e9\"},\"image\":{\"@id\":\"https:\\\/\\\/blogdoprosperi.com\\\/?p=32787#primaryimage\"},\"thumbnailUrl\":\"https:\\\/\\\/blogdoprosperi.com\\\/wp-content\\\/uploads\\\/2016\\\/11\\\/pro-25.jpg\",\"keywords\":[\"futebol\"],\"articleSection\":[\"futebol\"],\"inLanguage\":\"pt-BR\",\"potentialAction\":[{\"@type\":\"CommentAction\",\"name\":\"Comment\",\"target\":[\"https:\\\/\\\/blogdoprosperi.com\\\/?p=32787#respond\"]}]},{\"@type\":\"WebPage\",\"@id\":\"https:\\\/\\\/blogdoprosperi.com\\\/?p=32787\",\"url\":\"https:\\\/\\\/blogdoprosperi.com\\\/?p=32787\",\"name\":\"Palmeiras tem apenas de cumprir protocolo para soltar grito de campe\u00e3o\u00a0 - PR\u00d3SPERI NEWS\",\"isPartOf\":{\"@id\":\"https:\\\/\\\/blogdoprosperi.com\\\/#website\"},\"primaryImageOfPage\":{\"@id\":\"https:\\\/\\\/blogdoprosperi.com\\\/?p=32787#primaryimage\"},\"image\":{\"@id\":\"https:\\\/\\\/blogdoprosperi.com\\\/?p=32787#primaryimage\"},\"thumbnailUrl\":\"https:\\\/\\\/blogdoprosperi.com\\\/wp-content\\\/uploads\\\/2016\\\/11\\\/pro-25.jpg\",\"datePublished\":\"2016-11-20T21:41:51+00:00\",\"dateModified\":\"2016-11-20T22:30:28+00:00\",\"breadcrumb\":{\"@id\":\"https:\\\/\\\/blogdoprosperi.com\\\/?p=32787#breadcrumb\"},\"inLanguage\":\"pt-BR\",\"potentialAction\":[{\"@type\":\"ReadAction\",\"target\":[\"https:\\\/\\\/blogdoprosperi.com\\\/?p=32787\"]}]},{\"@type\":\"ImageObject\",\"inLanguage\":\"pt-BR\",\"@id\":\"https:\\\/\\\/blogdoprosperi.com\\\/?p=32787#primaryimage\",\"url\":\"https:\\\/\\\/i0.wp.com\\\/blogdoprosperi.com\\\/wp-content\\\/uploads\\\/2016\\\/11\\\/pro-25.jpg?fit=1415%2C943&ssl=1\",\"contentUrl\":\"https:\\\/\\\/i0.wp.com\\\/blogdoprosperi.com\\\/wp-content\\\/uploads\\\/2016\\\/11\\\/pro-25.jpg?fit=1415%2C943&ssl=1\",\"width\":1415,\"height\":943},{\"@type\":\"BreadcrumbList\",\"@id\":\"https:\\\/\\\/blogdoprosperi.com\\\/?p=32787#breadcrumb\",\"itemListElement\":[{\"@type\":\"ListItem\",\"position\":1,\"name\":\"In\u00edcio\",\"item\":\"https:\\\/\\\/blogdoprosperi.com\\\/\"},{\"@type\":\"ListItem\",\"position\":2,\"name\":\"Palmeiras tem apenas de cumprir protocolo para soltar grito de campe\u00e3o\u00a0\"}]},{\"@type\":\"WebSite\",\"@id\":\"https:\\\/\\\/blogdoprosperi.com\\\/#website\",\"url\":\"https:\\\/\\\/blogdoprosperi.com\\\/\",\"name\":\"PR\u00d3SPERI NEWS\",\"description\":\"TUDO \u00c9  FUTEBOL\",\"publisher\":{\"@id\":\"https:\\\/\\\/blogdoprosperi.com\\\/#\\\/schema\\\/person\\\/38100755ce3601861ee4fab9b5aa78e9\"},\"alternateName\":\"blogdoprosperi.com\",\"potentialAction\":[{\"@type\":\"SearchAction\",\"target\":{\"@type\":\"EntryPoint\",\"urlTemplate\":\"https:\\\/\\\/blogdoprosperi.com\\\/?s={search_term_string}\"},\"query-input\":{\"@type\":\"PropertyValueSpecification\",\"valueRequired\":true,\"valueName\":\"search_term_string\"}}],\"inLanguage\":\"pt-BR\"},{\"@type\":[\"Person\",\"Organization\"],\"@id\":\"https:\\\/\\\/blogdoprosperi.com\\\/#\\\/schema\\\/person\\\/38100755ce3601861ee4fab9b5aa78e9\",\"name\":\"Luiz Ant\u00f4nio Pr\u00f3speri\",\"pronouns\":\"ele\",\"image\":{\"@type\":\"ImageObject\",\"inLanguage\":\"pt-BR\",\"@id\":\"https:\\\/\\\/i0.wp.com\\\/blogdoprosperi.com\\\/wp-content\\\/uploads\\\/2026\\\/05\\\/cropped-8059e613-6002-42fa-961e-8e275f575d71-2-5.jpg?fit=1360%2C931&ssl=1\",\"url\":\"https:\\\/\\\/i0.wp.com\\\/blogdoprosperi.com\\\/wp-content\\\/uploads\\\/2026\\\/05\\\/cropped-8059e613-6002-42fa-961e-8e275f575d71-2-5.jpg?fit=1360%2C931&ssl=1\",\"contentUrl\":\"https:\\\/\\\/i0.wp.com\\\/blogdoprosperi.com\\\/wp-content\\\/uploads\\\/2026\\\/05\\\/cropped-8059e613-6002-42fa-961e-8e275f575d71-2-5.jpg?fit=1360%2C931&ssl=1\",\"width\":1360,\"height\":931,\"caption\":\"Luiz Ant\u00f4nio Pr\u00f3speri\"},\"logo\":{\"@id\":\"https:\\\/\\\/i0.wp.com\\\/blogdoprosperi.com\\\/wp-content\\\/uploads\\\/2026\\\/05\\\/cropped-8059e613-6002-42fa-961e-8e275f575d71-2-5.jpg?fit=1360%2C931&ssl=1\"},\"description\":\"Jornalista com carreira dedicada ao esporte. Cobriu 9 Copas do Mundo in loco, 1990 na It\u00e1lia, 1994 nos EUA, 1998 na Fran\u00e7a, 2002 na Coreia do Sul e Jap\u00e3o, 2006 na Alemanha, 2010 na \u00c1frica do Sul, 2014 no Brasil, 2018 na R\u00fassia e 2022 no Qatar. Eurocopas, 1992 na Su\u00e9cia e 1996 na Inglaterra. Copa das Confedera\u00e7\u00f5es de 2005 na Alemanha e 2009 na \u00c1frica do Sul. Rep\u00f3rter e Editor, trabalhou no Jornal da Tarde e Estad\u00e3o, de 1984 a fevereiro de 2016. Colunista, blogueiro. E comentarista de futebol na R\u00e1dio Estad\u00e3o, de 2013 a fevereiro de 2016. Jornalista respons\u00e1vel do \\\"Pr\u00f3speri News\\\" (blogdoprosperi.com).\",\"sameAs\":[\"http:\\\/\\\/blogdoprosperi.com\",\"Luiz Pr\u00f3speri\",\"@luiz_prosperi\",\"https:\\\/\\\/x.com\\\/Luizprosperi\",\"@prosperinacopa\",\"luiz.prosperi@icloud.com\"],\"url\":\"https:\\\/\\\/blogdoprosperi.com\\\/?author=102107496\"}]}<\/script>\n<!-- \/ Yoast SEO plugin. -->","yoast_head_json":{"title":"Palmeiras tem apenas de cumprir protocolo para soltar grito de campe\u00e3o\u00a0 - PR\u00d3SPERI NEWS","robots":{"index":"index","follow":"follow","max-snippet":"max-snippet:-1","max-image-preview":"max-image-preview:large","max-video-preview":"max-video-preview:-1"},"canonical":"https:\/\/blogdoprosperi.com\/?p=32787","og_locale":"pt_BR","og_type":"article","og_title":"Palmeiras tem apenas de cumprir protocolo para soltar grito de campe\u00e3o\u00a0 - PR\u00d3SPERI NEWS","og_description":"Palmeiras j\u00e1 pode celebrar o t\u00edtulo do Brasileir\u00e3o 2016. Vai cumprir o protocolo no pr\u00f3ximo domingo contra a [&hellip;]","og_url":"https:\/\/blogdoprosperi.com\/?p=32787","og_site_name":"PR\u00d3SPERI NEWS","article_publisher":"Luiz Pr\u00f3speri","article_author":"Luiz Pr\u00f3speri","article_published_time":"2016-11-20T21:41:51+00:00","article_modified_time":"2016-11-20T22:30:28+00:00","og_image":[{"url":"https:\/\/i0.wp.com\/blogdoprosperi.com\/wp-content\/uploads\/2016\/11\/pro1-21.jpg?w=629&#038;h=450&#038;ssl=1","type":"","width":"","height":""}],"author":"Luiz Ant\u00f4nio Pr\u00f3speri","twitter_card":"summary_large_image","twitter_creator":"@Luizprosperi","twitter_site":"@Luizprosperi","twitter_misc":{"Escrito por":"Luiz Ant\u00f4nio Pr\u00f3speri","Est. tempo de leitura":"3 minutos"},"schema":{"@context":"https:\/\/schema.org","@graph":[{"@type":"Article","@id":"https:\/\/blogdoprosperi.com\/?p=32787#article","isPartOf":{"@id":"https:\/\/blogdoprosperi.com\/?p=32787"},"author":{"name":"Luiz Ant\u00f4nio Pr\u00f3speri","@id":"https:\/\/blogdoprosperi.com\/#\/schema\/person\/38100755ce3601861ee4fab9b5aa78e9"},"headline":"Palmeiras tem apenas de cumprir protocolo para soltar grito de campe\u00e3o\u00a0","datePublished":"2016-11-20T21:41:51+00:00","dateModified":"2016-11-20T22:30:28+00:00","mainEntityOfPage":{"@id":"https:\/\/blogdoprosperi.com\/?p=32787"},"wordCount":635,"commentCount":0,"publisher":{"@id":"https:\/\/blogdoprosperi.com\/#\/schema\/person\/38100755ce3601861ee4fab9b5aa78e9"},"image":{"@id":"https:\/\/blogdoprosperi.com\/?p=32787#primaryimage"},"thumbnailUrl":"https:\/\/blogdoprosperi.com\/wp-content\/uploads\/2016\/11\/pro-25.jpg","keywords":["futebol"],"articleSection":["futebol"],"inLanguage":"pt-BR","potentialAction":[{"@type":"CommentAction","name":"Comment","target":["https:\/\/blogdoprosperi.com\/?p=32787#respond"]}]},{"@type":"WebPage","@id":"https:\/\/blogdoprosperi.com\/?p=32787","url":"https:\/\/blogdoprosperi.com\/?p=32787","name":"Palmeiras tem apenas de cumprir protocolo para soltar grito de campe\u00e3o\u00a0 - PR\u00d3SPERI NEWS","isPartOf":{"@id":"https:\/\/blogdoprosperi.com\/#website"},"primaryImageOfPage":{"@id":"https:\/\/blogdoprosperi.com\/?p=32787#primaryimage"},"image":{"@id":"https:\/\/blogdoprosperi.com\/?p=32787#primaryimage"},"thumbnailUrl":"https:\/\/blogdoprosperi.com\/wp-content\/uploads\/2016\/11\/pro-25.jpg","datePublished":"2016-11-20T21:41:51+00:00","dateModified":"2016-11-20T22:30:28+00:00","breadcrumb":{"@id":"https:\/\/blogdoprosperi.com\/?p=32787#breadcrumb"},"inLanguage":"pt-BR","potentialAction":[{"@type":"ReadAction","target":["https:\/\/blogdoprosperi.com\/?p=32787"]}]},{"@type":"ImageObject","inLanguage":"pt-BR","@id":"https:\/\/blogdoprosperi.com\/?p=32787#primaryimage","url":"https:\/\/i0.wp.com\/blogdoprosperi.com\/wp-content\/uploads\/2016\/11\/pro-25.jpg?fit=1415%2C943&ssl=1","contentUrl":"https:\/\/i0.wp.com\/blogdoprosperi.com\/wp-content\/uploads\/2016\/11\/pro-25.jpg?fit=1415%2C943&ssl=1","width":1415,"height":943},{"@type":"BreadcrumbList","@id":"https:\/\/blogdoprosperi.com\/?p=32787#breadcrumb","itemListElement":[{"@type":"ListItem","position":1,"name":"In\u00edcio","item":"https:\/\/blogdoprosperi.com\/"},{"@type":"ListItem","position":2,"name":"Palmeiras tem apenas de cumprir protocolo para soltar grito de campe\u00e3o\u00a0"}]},{"@type":"WebSite","@id":"https:\/\/blogdoprosperi.com\/#website","url":"https:\/\/blogdoprosperi.com\/","name":"PR\u00d3SPERI NEWS","description":"TUDO \u00c9  FUTEBOL","publisher":{"@id":"https:\/\/blogdoprosperi.com\/#\/schema\/person\/38100755ce3601861ee4fab9b5aa78e9"},"alternateName":"blogdoprosperi.com","potentialAction":[{"@type":"SearchAction","target":{"@type":"EntryPoint","urlTemplate":"https:\/\/blogdoprosperi.com\/?s={search_term_string}"},"query-input":{"@type":"PropertyValueSpecification","valueRequired":true,"valueName":"search_term_string"}}],"inLanguage":"pt-BR"},{"@type":["Person","Organization"],"@id":"https:\/\/blogdoprosperi.com\/#\/schema\/person\/38100755ce3601861ee4fab9b5aa78e9","name":"Luiz Ant\u00f4nio Pr\u00f3speri","pronouns":"ele","image":{"@type":"ImageObject","inLanguage":"pt-BR","@id":"https:\/\/i0.wp.com\/blogdoprosperi.com\/wp-content\/uploads\/2026\/05\/cropped-8059e613-6002-42fa-961e-8e275f575d71-2-5.jpg?fit=1360%2C931&ssl=1","url":"https:\/\/i0.wp.com\/blogdoprosperi.com\/wp-content\/uploads\/2026\/05\/cropped-8059e613-6002-42fa-961e-8e275f575d71-2-5.jpg?fit=1360%2C931&ssl=1","contentUrl":"https:\/\/i0.wp.com\/blogdoprosperi.com\/wp-content\/uploads\/2026\/05\/cropped-8059e613-6002-42fa-961e-8e275f575d71-2-5.jpg?fit=1360%2C931&ssl=1","width":1360,"height":931,"caption":"Luiz Ant\u00f4nio Pr\u00f3speri"},"logo":{"@id":"https:\/\/i0.wp.com\/blogdoprosperi.com\/wp-content\/uploads\/2026\/05\/cropped-8059e613-6002-42fa-961e-8e275f575d71-2-5.jpg?fit=1360%2C931&ssl=1"},"description":"Jornalista com carreira dedicada ao esporte. Cobriu 9 Copas do Mundo in loco, 1990 na It\u00e1lia, 1994 nos EUA, 1998 na Fran\u00e7a, 2002 na Coreia do Sul e Jap\u00e3o, 2006 na Alemanha, 2010 na \u00c1frica do Sul, 2014 no Brasil, 2018 na R\u00fassia e 2022 no Qatar. Eurocopas, 1992 na Su\u00e9cia e 1996 na Inglaterra. Copa das Confedera\u00e7\u00f5es de 2005 na Alemanha e 2009 na \u00c1frica do Sul. Rep\u00f3rter e Editor, trabalhou no Jornal da Tarde e Estad\u00e3o, de 1984 a fevereiro de 2016. Colunista, blogueiro. E comentarista de futebol na R\u00e1dio Estad\u00e3o, de 2013 a fevereiro de 2016. Jornalista respons\u00e1vel do \"Pr\u00f3speri News\" (blogdoprosperi.com).","sameAs":["http:\/\/blogdoprosperi.com","Luiz Pr\u00f3speri","@luiz_prosperi","https:\/\/x.com\/Luizprosperi","@prosperinacopa","luiz.prosperi@icloud.com"],"url":"https:\/\/blogdoprosperi.com\/?author=102107496"}]}},"jetpack_publicize_connections":[],"jetpack_likes_enabled":false,"jetpack_sharing_enabled":true,"jetpack_shortlink":"https:\/\/wp.me\/p7jvdk-8wP","jetpack-related-posts":[{"id":32695,"url":"https:\/\/blogdoprosperi.com\/?p=32695","url_meta":{"origin":32787,"position":0},"title":"Palmeiras se imp\u00f5e como l\u00edder, sua sangue em Minas e pode ser campe\u00e3o domingo na sua casa","author":"Luiz Ant\u00f4nio Pr\u00f3speri","date":"17 de novembro de 2016","format":false,"excerpt":"Palmeiras entortou mais um advers\u00e1rio na contagem regressiva rumo ao t\u00edtulo do Brasileir\u00e3o que n\u00e3o conquista h\u00e1 22 anos. Ao empatar por 1 a 1 com o Atl\u00e9tico-MG fora de casa, consolidou a chance de ser campe\u00e3o com duas vit\u00f3rias na sua morada, contra Botafogo e Chapecoense. Ser campe\u00e3o no\u2026","rel":"","context":"Em &quot;Campeonato Brasileiro&quot;","block_context":{"text":"Campeonato Brasileiro","link":"https:\/\/blogdoprosperi.com\/?cat=355071"},"img":{"alt_text":"","src":"https:\/\/i0.wp.com\/blogdoprosperi.com\/wp-content\/uploads\/2016\/11\/gabriel-jesus-palmeiras-asa-copa-do-brasil-07-10-16_1pxg036ccfz4u1holxfxaxs37d.jpg?resize=350%2C200&ssl=1","width":350,"height":200},"classes":[]},{"id":46468,"url":"https:\/\/blogdoprosperi.com\/?p=46468","url_meta":{"origin":32787,"position":1},"title":"Palmeiras e Botafogo | Diferen\u00e7as a Favor de Abel Ferreira na Final do Brasileir\u00e3o","author":"Luiz Ant\u00f4nio Pr\u00f3speri","date":"21 de novembro de 2024","format":false,"excerpt":"Luiz Ant\u00f4nio Pr\u00f3speri \u2013 21 novembro (14h45) \u2013 Gustavo Gomez joga 90 minutos na altitude de pouco mais de 4 mil metros no empate (2 a 2) Bol\u00edvia e Paraguai, ter\u00e7a-feira (19\/11). Pega voo fretado no avi\u00e3o de Leila Pereira. Vai de La Paz (Bol\u00edvia), com escala em Barranquilla (Col\u00f4mbia),\u2026","rel":"","context":"Em &quot;futebol&quot;","block_context":{"text":"futebol","link":"https:\/\/blogdoprosperi.com\/?cat=53870"},"img":{"alt_text":"Diferen\u00e7as de Palmeiras e Botafogo","src":"https:\/\/i0.wp.com\/blogdoprosperi.com\/wp-content\/uploads\/2024\/11\/54154419423_6aef428a98_c.jpg?fit=800%2C800&ssl=1&resize=350%2C200","width":350,"height":200,"srcset":"https:\/\/i0.wp.com\/blogdoprosperi.com\/wp-content\/uploads\/2024\/11\/54154419423_6aef428a98_c.jpg?fit=800%2C800&ssl=1&resize=350%2C200 1x, https:\/\/i0.wp.com\/blogdoprosperi.com\/wp-content\/uploads\/2024\/11\/54154419423_6aef428a98_c.jpg?fit=800%2C800&ssl=1&resize=525%2C300 1.5x, https:\/\/i0.wp.com\/blogdoprosperi.com\/wp-content\/uploads\/2024\/11\/54154419423_6aef428a98_c.jpg?fit=800%2C800&ssl=1&resize=700%2C400 2x"},"classes":[]},{"id":35930,"url":"https:\/\/blogdoprosperi.com\/?p=35930","url_meta":{"origin":32787,"position":2},"title":"Palmeiras se encorpa com Cuca e avan\u00e7a \u00e0s oitavas da Libertadores. Flamengo fica pelo caminho","author":"Luiz Ant\u00f4nio Pr\u00f3speri","date":"25 de maio de 2017","format":false,"excerpt":"Palmeiras avan\u00e7a \u00e0s oitavas de final da Copa Libertadores 2017 e se junta a Santos, Atl\u00e9tico-MG, Atl\u00e9tico-PR, Botafogo e Gr\u00eamio, representantes do futebol brasileiro tamb\u00e9m classificados. Flamengo e Chapecoense ficaram no meio do caminho \u2013 clube catarinense ainda tenta recuperar a vaga na Corte Disciplinar da Conmebol. Derrota imposta ao\u2026","rel":"","context":"Em &quot;Copa Libertadores&quot;","block_context":{"text":"Copa Libertadores","link":"https:\/\/blogdoprosperi.com\/?cat=270704"},"img":{"alt_text":"","src":"https:\/\/i0.wp.com\/blogdoprosperi.com\/wp-content\/uploads\/2017\/05\/34032457084_b60b749025_o.jpg?fit=1000%2C604&ssl=1&resize=350%2C200","width":350,"height":200,"srcset":"https:\/\/i0.wp.com\/blogdoprosperi.com\/wp-content\/uploads\/2017\/05\/34032457084_b60b749025_o.jpg?fit=1000%2C604&ssl=1&resize=350%2C200 1x, https:\/\/i0.wp.com\/blogdoprosperi.com\/wp-content\/uploads\/2017\/05\/34032457084_b60b749025_o.jpg?fit=1000%2C604&ssl=1&resize=525%2C300 1.5x, https:\/\/i0.wp.com\/blogdoprosperi.com\/wp-content\/uploads\/2017\/05\/34032457084_b60b749025_o.jpg?fit=1000%2C604&ssl=1&resize=700%2C400 2x"},"classes":[]},{"id":51340,"url":"https:\/\/blogdoprosperi.com\/?p=51340","url_meta":{"origin":32787,"position":3},"title":"Quatro Brasileiros Contra Resto do Mundo: &#8216;Vira-Latas&#8217; Fluminense, Palmeiras, Flamengo e Botafogo Pedem Passagem","author":"Luiz Ant\u00f4nio Pr\u00f3speri","date":"17 de junho de 2025","format":false,"excerpt":"Luiz Antonio Pr\u00f3speri \u2013 17 junho (18h21) \u2013 Fluminense fecha primeira rodada envolvendo clubes brasileiros no Mundial de Clubes com um alerta: os quatro times nacionais pedem passagem. Recado claro vem do bom desempenho do Flu contra o Borussia Dortmund, uma das pot\u00eancias do futebol alem\u00e3o, nesta ter\u00e7a-feira (17\/6). Tudo\u2026","rel":"","context":"Em &quot;futebol&quot;","block_context":{"text":"futebol","link":"https:\/\/blogdoprosperi.com\/?cat=53870"},"img":{"alt_text":"","src":"https:\/\/i0.wp.com\/blogdoprosperi.com\/wp-content\/uploads\/2025\/06\/clubes-brasileiros-no-super-mundial-de-clubes-palmeiras-botafogo-flamengo-fluminense.webp?fit=1200%2C675&ssl=1&resize=350%2C200","width":350,"height":200,"srcset":"https:\/\/i0.wp.com\/blogdoprosperi.com\/wp-content\/uploads\/2025\/06\/clubes-brasileiros-no-super-mundial-de-clubes-palmeiras-botafogo-flamengo-fluminense.webp?fit=1200%2C675&ssl=1&resize=350%2C200 1x, https:\/\/i0.wp.com\/blogdoprosperi.com\/wp-content\/uploads\/2025\/06\/clubes-brasileiros-no-super-mundial-de-clubes-palmeiras-botafogo-flamengo-fluminense.webp?fit=1200%2C675&ssl=1&resize=525%2C300 1.5x, https:\/\/i0.wp.com\/blogdoprosperi.com\/wp-content\/uploads\/2025\/06\/clubes-brasileiros-no-super-mundial-de-clubes-palmeiras-botafogo-flamengo-fluminense.webp?fit=1200%2C675&ssl=1&resize=700%2C400 2x, https:\/\/i0.wp.com\/blogdoprosperi.com\/wp-content\/uploads\/2025\/06\/clubes-brasileiros-no-super-mundial-de-clubes-palmeiras-botafogo-flamengo-fluminense.webp?fit=1200%2C675&ssl=1&resize=1050%2C600 3x"},"classes":[]},{"id":24534,"url":"https:\/\/blogdoprosperi.com\/?p=24534","url_meta":{"origin":32787,"position":4},"title":"Palmeiras usa suas torres na virada em cima do S\u00e3o Paulo e agrava crise do rival","author":"Luiz Ant\u00f4nio Pr\u00f3speri","date":"7 de setembro de 2016","format":false,"excerpt":"Palmeiras sofreu mais do que se esperava para derrotar o S\u00e3o Paulo por 2 a 1 no cl\u00e1ssico nesta quarta-feira no Allianz Parque. O advers\u00e1rio em crise t\u00e9cnica, pol\u00edtica, sem paz e com desfalques sugeria uma presa f\u00e1cil. Nada disso. Se n\u00e3o incomodou no primeiro tempo, no segundo deu muito\u2026","rel":"","context":"Em &quot;Campeonato Brasileiro&quot;","block_context":{"text":"Campeonato Brasileiro","link":"https:\/\/blogdoprosperi.com\/?cat=355071"},"img":{"alt_text":"","src":"https:\/\/i0.wp.com\/blogdoprosperi.com\/wp-content\/uploads\/2016\/09\/rib_6665.jpg?resize=350%2C200&ssl=1","width":350,"height":200,"srcset":"https:\/\/i0.wp.com\/blogdoprosperi.com\/wp-content\/uploads\/2016\/09\/rib_6665.jpg?resize=350%2C200&ssl=1 1x, https:\/\/i0.wp.com\/blogdoprosperi.com\/wp-content\/uploads\/2016\/09\/rib_6665.jpg?resize=525%2C300&ssl=1 1.5x"},"classes":[]},{"id":23648,"url":"https:\/\/blogdoprosperi.com\/?p=23648","url_meta":{"origin":32787,"position":5},"title":"Palmeiras redescobre Tch\u00ea Tch\u00ea e abre vantagem na Copa do Brasil","author":"Luiz Ant\u00f4nio Pr\u00f3speri","date":"31 de agosto de 2016","format":false,"excerpt":"Palmeiras precisou de se reinventar no segundo tempo para derrotar o Botafogo da Para\u00edba por 3 a 0 e encaminhar sua classifica\u00e7\u00e3o \u00e0s quartas de final da Copa do Brasil. No jogo de volta, se classifica at\u00e9 com uma derrota por dois gols de diferen\u00e7a. Vantagem consider\u00e1vel. Do jogo, a\u2026","rel":"","context":"Em &quot;futebol&quot;","block_context":{"text":"futebol","link":"https:\/\/blogdoprosperi.com\/?cat=53870"},"img":{"alt_text":"","src":"https:\/\/i0.wp.com\/blogdoprosperi.com\/wp-content\/uploads\/2016\/08\/materiaii.jpg?resize=350%2C200&ssl=1","width":350,"height":200,"srcset":"https:\/\/i0.wp.com\/blogdoprosperi.com\/wp-content\/uploads\/2016\/08\/materiaii.jpg?resize=350%2C200&ssl=1 1x, https:\/\/i0.wp.com\/blogdoprosperi.com\/wp-content\/uploads\/2016\/08\/materiaii.jpg?resize=525%2C300&ssl=1 1.5x, https:\/\/i0.wp.com\/blogdoprosperi.com\/wp-content\/uploads\/2016\/08\/materiaii.jpg?resize=700%2C400&ssl=1 2x, https:\/\/i0.wp.com\/blogdoprosperi.com\/wp-content\/uploads\/2016\/08\/materiaii.jpg?resize=1050%2C600&ssl=1 3x, https:\/\/i0.wp.com\/blogdoprosperi.com\/wp-content\/uploads\/2016\/08\/materiaii.jpg?resize=1400%2C800&ssl=1 4x"},"classes":[]}],"jetpack_featured_media_url":"","_links":{"self":[{"href":"https:\/\/blogdoprosperi.com\/index.php?rest_route=\/wp\/v2\/posts\/32787","targetHints":{"allow":["GET"]}}],"collection":[{"href":"https:\/\/blogdoprosperi.com\/index.php?rest_route=\/wp\/v2\/posts"}],"about":[{"href":"https:\/\/blogdoprosperi.com\/index.php?rest_route=\/wp\/v2\/types\/post"}],"author":[{"embeddable":true,"href":"https:\/\/blogdoprosperi.com\/index.php?rest_route=\/wp\/v2\/users\/102107496"}],"replies":[{"embeddable":true,"href":"https:\/\/blogdoprosperi.com\/index.php?rest_route=%2Fwp%2Fv2%2Fcomments&post=32787"}],"version-history":[{"count":8,"href":"https:\/\/blogdoprosperi.com\/index.php?rest_route=\/wp\/v2\/posts\/32787\/revisions"}],"predecessor-version":[{"id":32803,"href":"https:\/\/blogdoprosperi.com\/index.php?rest_route=\/wp\/v2\/posts\/32787\/revisions\/32803"}],"wp:attachment":[{"href":"https:\/\/blogdoprosperi.com\/index.php?rest_route=%2Fwp%2Fv2%2Fmedia&parent=32787"}],"wp:term":[{"taxonomy":"category","embeddable":true,"href":"https:\/\/blogdoprosperi.com\/index.php?rest_route=%2Fwp%2Fv2%2Fcategories&post=32787"},{"taxonomy":"post_tag","embeddable":true,"href":"https:\/\/blogdoprosperi.com\/index.php?rest_route=%2Fwp%2Fv2%2Ftags&post=32787"}],"curies":[{"name":"wp","href":"https:\/\/api.w.org\/{rel}","templated":true}]}}