{"id":32857,"date":"2016-11-23T11:57:30","date_gmt":"2016-11-23T13:57:30","guid":{"rendered":"http:\/\/blogdoprosperi.com\/?p=32857"},"modified":"2016-11-23T12:31:21","modified_gmt":"2016-11-23T14:31:21","slug":"neymar-pode-ser-preso-na-espanha-se-grupo-dis-nao-aceitar-eventual-acordo-com-o-craque","status":"publish","type":"post","link":"https:\/\/blogdoprosperi.com\/?p=32857","title":{"rendered":"Neymar pode ser preso na Espanha"},"content":{"rendered":"<p><span class=\"alignnone\"><img data-recalc-dims=\"1\" loading=\"lazy\" decoding=\"async\" data-attachment-id=\"12819\" data-permalink=\"https:\/\/blogdoprosperi.com\/?attachment_id=12819\" data-orig-file=\"https:\/\/i0.wp.com\/blogdoprosperi.com\/wp-content\/uploads\/2016\/06\/neymar-barcelona.png?fit=865%2C572&amp;ssl=1\" data-orig-size=\"865,572\" data-comments-opened=\"1\" data-image-meta=\"{&quot;aperture&quot;:&quot;0&quot;,&quot;credit&quot;:&quot;&quot;,&quot;camera&quot;:&quot;&quot;,&quot;caption&quot;:&quot;&quot;,&quot;created_timestamp&quot;:&quot;0&quot;,&quot;copyright&quot;:&quot;&quot;,&quot;focal_length&quot;:&quot;0&quot;,&quot;iso&quot;:&quot;0&quot;,&quot;shutter_speed&quot;:&quot;0&quot;,&quot;title&quot;:&quot;&quot;,&quot;orientation&quot;:&quot;0&quot;}\" data-image-title=\"neymar-barcelona\" data-image-description=\"\" data-image-caption=\"\" data-large-file=\"https:\/\/i0.wp.com\/blogdoprosperi.com\/wp-content\/uploads\/2016\/06\/neymar-barcelona.png?fit=865%2C572&amp;ssl=1\" class=\"alignnone size-full wp-image-12819\" src=\"https:\/\/i0.wp.com\/blogdoprosperi.com\/wp-content\/uploads\/2016\/06\/neymar-barcelona.png?resize=865%2C572&#038;ssl=1\" alt=\"neymar-barcelona\" width=\"865\" height=\"572\" \/><\/span>Neymar tem uma sa\u00edda na encrenca que se meteu ao trocar o Santos pelo Barcelona, em 2013, e deixar a empresa DIS fora da transa\u00e7\u00e3o. Se procurar a DIS e propor um acordo, o craque pode se livrar do pedido de cinco anos de pris\u00e3o na acusa\u00e7\u00e3o formal feita pelo grupo de investimento. Seria uma forma de resolver o caso e se livrar dos processos na Justi\u00e7a da Espanha. O problema \u00e9 que a DIS n\u00e3o quer acordo e sim condenar <a href=\"http:\/\/blogdoprosperi.com\/2016\/08\/19\/medalha-de-ouro-nao-vai-transformar-neymar-em-idolo-nacional\/\">Neymar<\/a>.<\/p>\n<p>A bronca da DIS vem da \u00e9poca da venda de Neymar ao Barcelona. O grupo alega que deveria receber 40% da transa\u00e7\u00e3o total de 83,3 milh\u00f5es de euros (R$ 299,2 milh\u00f5es) e n\u00e3o 40% dos 17 milh\u00f5es de euros (R$ 61 milh\u00f5es), que era o valor reconhecido pelo Bar\u00e7a na negocia\u00e7\u00e3o. Como o clube espanhol reconheceu na Justi\u00e7a da Espanha que o custo da opera\u00e7\u00e3o foi de 83,3 milh\u00f5es de euros, a <a href=\"http:\/\/blogdoprosperi.com\/2016\/05\/17\/neymar-desiste-de-concorrer-a-melhor-do-mundo-em-2016\/\">DIS entrou com a a\u00e7\u00e3o contra Neymar, Santos e Bar\u00e7a<\/a>.<\/p>\n<p>Em julho deste ano, a Justi\u00e7a da Espanha resolveu arquivar o pedido da DIS, mas o processo foi reaberto, a pedido do Minist\u00e9rio P\u00fablico de Madri, no in\u00edcio deste m\u00eas de novembro. O juiz Jos\u00e9 de la Mata, da Audi\u00eancia Nacional (o STF espanhol), aceitou a den\u00fancia contra Neymar, seu pai e sua m\u00e3e e dirigentes do Barcelona por crime de fraude e corrup\u00e7\u00e3o.<\/p>\n<p>Os denunciados podem ser julgados e condenados a pris\u00e3o, conforme consta na a\u00e7\u00e3o do grupo DIS, que pede ainda uma indeniza\u00e7\u00e3o\u00a0entre \u20ac 159 e \u20ac 195 milh\u00f5es (R$ 571 a R$ 700,3 milh\u00f5es), dinheiro este que seria repassado ao Fisco da Espanha.<\/p>\n<p>Se Neymar e Barcelona n\u00e3o procurarem a DIS e propor um acordo financeiro, o craque corre risco mesmo de ser julgado e condenado. <a href=\"http:\/\/blogdoprosperi.com\/2016\/11\/14\/messi-carrega-cruz-da-argentina-e-vira-polemica-na-espanha-no-caso-da-renovacao-do-contrato-com-o-barca\/\">Messi e seu pai <\/a>se livraram da cadeia, em a\u00e7\u00e3o na Justi\u00e7a da Espanha e Receita Federal, ap\u00f3s um acordo com o Fisco e pagamento de multa milion\u00e1ria.<\/p>\n<p>Desde o in\u00edcio do imbroglio com a DIS, Neymar, por orienta\u00e7\u00e3o de seu pai e advogados, n\u00e3o reconhece os direitos econ\u00f4micos do grupo de investimento brasileiro. Quando o craque trocou o Santos pelo Barcelona, em 2013, ele era fatiado entre Santos, DIS e empresa NN do pai de Neymar.<\/p>\n","protected":false},"excerpt":{"rendered":"<p>Neymar tem uma sa\u00edda na encrenca que se meteu ao trocar o Santos pelo Barcelona, em 2013, e [&hellip;]<\/p>\n","protected":false},"author":102107496,"featured_media":0,"comment_status":"open","ping_status":"open","sticky":false,"template":"","format":"standard","meta":{"_coblocks_attr":"","_coblocks_dimensions":"","_coblocks_responsive_height":"","_coblocks_accordion_ie_support":"","_jetpack_newsletter_access":"","_jetpack_dont_email_post_to_subs":false,"_jetpack_newsletter_tier_id":0,"_jetpack_memberships_contains_paywalled_content":false,"_wpcom_ai_launchpad_first_post":false,"_jetpack_feature_clip_id":0,"_jetpack_memberships_contains_paid_content":false,"footnotes":"","jetpack_publicize_message":"","jetpack_publicize_feature_enabled":true,"jetpack_social_post_already_shared":false,"jetpack_social_options":{"image_generator_settings":{"template":"highway","default_image_id":0,"font":"","enabled":false},"version":2},"jetpack_post_was_ever_published":false},"categories":[53870],"tags":[224693,789560560,37607521,140599344,4112146,5226238],"class_list":["post-32857","post","type-post","status-publish","format-standard","hentry","category-futebol","tag-fcbarcelona","tag-futebol","tag-grupo-dis","tag-justica-espanhola","tag-neymar","tag-santosfc"],"yoast_head":"<!-- This site is optimized with the Yoast SEO plugin v28.3 - https:\/\/yoast.com\/product\/yoast-seo-wordpress\/ -->\n<title>Neymar pode ser preso na Espanha - PR\u00d3SPERI NEWS<\/title>\n<meta name=\"robots\" content=\"index, follow, max-snippet:-1, max-image-preview:large, max-video-preview:-1\" \/>\n<link rel=\"canonical\" href=\"https:\/\/blogdoprosperi.com\/?p=32857\" \/>\n<meta property=\"og:locale\" content=\"pt_BR\" \/>\n<meta property=\"og:type\" content=\"article\" \/>\n<meta property=\"og:title\" content=\"Neymar pode ser preso na Espanha - PR\u00d3SPERI NEWS\" \/>\n<meta property=\"og:description\" content=\"Neymar tem uma sa\u00edda na encrenca que se meteu ao trocar o Santos pelo Barcelona, em 2013, e [&hellip;]\" \/>\n<meta property=\"og:url\" content=\"https:\/\/blogdoprosperi.com\/?p=32857\" \/>\n<meta property=\"og:site_name\" content=\"PR\u00d3SPERI NEWS\" \/>\n<meta property=\"article:publisher\" content=\"Luiz Pr\u00f3speri\" \/>\n<meta property=\"article:author\" content=\"Luiz Pr\u00f3speri\" \/>\n<meta property=\"article:published_time\" content=\"2016-11-23T13:57:30+00:00\" \/>\n<meta property=\"article:modified_time\" content=\"2016-11-23T14:31:21+00:00\" \/>\n<meta property=\"og:image\" content=\"https:\/\/blogdoprosperi.com\/wp-content\/uploads\/2016\/06\/neymar-barcelona.png\" \/>\n<meta name=\"author\" content=\"Luiz Ant\u00f4nio Pr\u00f3speri\" \/>\n<meta name=\"twitter:card\" content=\"summary_large_image\" \/>\n<meta name=\"twitter:creator\" content=\"@Luizprosperi\" \/>\n<meta name=\"twitter:site\" content=\"@Luizprosperi\" \/>\n<meta name=\"twitter:label1\" content=\"Escrito por\" \/>\n\t<meta name=\"twitter:data1\" content=\"Luiz Ant\u00f4nio Pr\u00f3speri\" \/>\n\t<meta name=\"twitter:label2\" content=\"Est. tempo de leitura\" \/>\n\t<meta name=\"twitter:data2\" content=\"2 minutos\" \/>\n<script type=\"application\/ld+json\" class=\"yoast-schema-graph\">{\"@context\":\"https:\\\/\\\/schema.org\",\"@graph\":[{\"@type\":\"Article\",\"@id\":\"https:\\\/\\\/blogdoprosperi.com\\\/?p=32857#article\",\"isPartOf\":{\"@id\":\"https:\\\/\\\/blogdoprosperi.com\\\/?p=32857\"},\"author\":{\"name\":\"Luiz Ant\u00f4nio Pr\u00f3speri\",\"@id\":\"https:\\\/\\\/blogdoprosperi.com\\\/#\\\/schema\\\/person\\\/38100755ce3601861ee4fab9b5aa78e9\"},\"headline\":\"Neymar pode ser preso na Espanha\",\"datePublished\":\"2016-11-23T13:57:30+00:00\",\"dateModified\":\"2016-11-23T14:31:21+00:00\",\"mainEntityOfPage\":{\"@id\":\"https:\\\/\\\/blogdoprosperi.com\\\/?p=32857\"},\"wordCount\":403,\"commentCount\":2,\"publisher\":{\"@id\":\"https:\\\/\\\/blogdoprosperi.com\\\/#\\\/schema\\\/person\\\/38100755ce3601861ee4fab9b5aa78e9\"},\"image\":{\"@id\":\"https:\\\/\\\/blogdoprosperi.com\\\/?p=32857#primaryimage\"},\"thumbnailUrl\":\"https:\\\/\\\/blogdoprosperi.com\\\/wp-content\\\/uploads\\\/2016\\\/06\\\/neymar-barcelona.png\",\"keywords\":[\"FCBarcelona\",\"futebol\",\"Grupo DIS\",\"Justi\u00e7a Espanhola\",\"Neymar\",\"SantosFC\"],\"articleSection\":[\"futebol\"],\"inLanguage\":\"pt-BR\",\"potentialAction\":[{\"@type\":\"CommentAction\",\"name\":\"Comment\",\"target\":[\"https:\\\/\\\/blogdoprosperi.com\\\/?p=32857#respond\"]}]},{\"@type\":\"WebPage\",\"@id\":\"https:\\\/\\\/blogdoprosperi.com\\\/?p=32857\",\"url\":\"https:\\\/\\\/blogdoprosperi.com\\\/?p=32857\",\"name\":\"Neymar pode ser preso na Espanha - PR\u00d3SPERI NEWS\",\"isPartOf\":{\"@id\":\"https:\\\/\\\/blogdoprosperi.com\\\/#website\"},\"primaryImageOfPage\":{\"@id\":\"https:\\\/\\\/blogdoprosperi.com\\\/?p=32857#primaryimage\"},\"image\":{\"@id\":\"https:\\\/\\\/blogdoprosperi.com\\\/?p=32857#primaryimage\"},\"thumbnailUrl\":\"https:\\\/\\\/blogdoprosperi.com\\\/wp-content\\\/uploads\\\/2016\\\/06\\\/neymar-barcelona.png\",\"datePublished\":\"2016-11-23T13:57:30+00:00\",\"dateModified\":\"2016-11-23T14:31:21+00:00\",\"breadcrumb\":{\"@id\":\"https:\\\/\\\/blogdoprosperi.com\\\/?p=32857#breadcrumb\"},\"inLanguage\":\"pt-BR\",\"potentialAction\":[{\"@type\":\"ReadAction\",\"target\":[\"https:\\\/\\\/blogdoprosperi.com\\\/?p=32857\"]}]},{\"@type\":\"ImageObject\",\"inLanguage\":\"pt-BR\",\"@id\":\"https:\\\/\\\/blogdoprosperi.com\\\/?p=32857#primaryimage\",\"url\":\"https:\\\/\\\/i0.wp.com\\\/blogdoprosperi.com\\\/wp-content\\\/uploads\\\/2016\\\/06\\\/neymar-barcelona.png?fit=865%2C572&ssl=1\",\"contentUrl\":\"https:\\\/\\\/i0.wp.com\\\/blogdoprosperi.com\\\/wp-content\\\/uploads\\\/2016\\\/06\\\/neymar-barcelona.png?fit=865%2C572&ssl=1\",\"width\":865,\"height\":572},{\"@type\":\"BreadcrumbList\",\"@id\":\"https:\\\/\\\/blogdoprosperi.com\\\/?p=32857#breadcrumb\",\"itemListElement\":[{\"@type\":\"ListItem\",\"position\":1,\"name\":\"In\u00edcio\",\"item\":\"https:\\\/\\\/blogdoprosperi.com\\\/\"},{\"@type\":\"ListItem\",\"position\":2,\"name\":\"Neymar pode ser preso na Espanha\"}]},{\"@type\":\"WebSite\",\"@id\":\"https:\\\/\\\/blogdoprosperi.com\\\/#website\",\"url\":\"https:\\\/\\\/blogdoprosperi.com\\\/\",\"name\":\"PR\u00d3SPERI NEWS\",\"description\":\"TUDO \u00c9  FUTEBOL\",\"publisher\":{\"@id\":\"https:\\\/\\\/blogdoprosperi.com\\\/#\\\/schema\\\/person\\\/38100755ce3601861ee4fab9b5aa78e9\"},\"alternateName\":\"blogdoprosperi.com\",\"potentialAction\":[{\"@type\":\"SearchAction\",\"target\":{\"@type\":\"EntryPoint\",\"urlTemplate\":\"https:\\\/\\\/blogdoprosperi.com\\\/?s={search_term_string}\"},\"query-input\":{\"@type\":\"PropertyValueSpecification\",\"valueRequired\":true,\"valueName\":\"search_term_string\"}}],\"inLanguage\":\"pt-BR\"},{\"@type\":[\"Person\",\"Organization\"],\"@id\":\"https:\\\/\\\/blogdoprosperi.com\\\/#\\\/schema\\\/person\\\/38100755ce3601861ee4fab9b5aa78e9\",\"name\":\"Luiz Ant\u00f4nio Pr\u00f3speri\",\"pronouns\":\"ele\",\"image\":{\"@type\":\"ImageObject\",\"inLanguage\":\"pt-BR\",\"@id\":\"https:\\\/\\\/i0.wp.com\\\/blogdoprosperi.com\\\/wp-content\\\/uploads\\\/2026\\\/05\\\/cropped-8059e613-6002-42fa-961e-8e275f575d71-2-5.jpg?fit=1360%2C931&ssl=1\",\"url\":\"https:\\\/\\\/i0.wp.com\\\/blogdoprosperi.com\\\/wp-content\\\/uploads\\\/2026\\\/05\\\/cropped-8059e613-6002-42fa-961e-8e275f575d71-2-5.jpg?fit=1360%2C931&ssl=1\",\"contentUrl\":\"https:\\\/\\\/i0.wp.com\\\/blogdoprosperi.com\\\/wp-content\\\/uploads\\\/2026\\\/05\\\/cropped-8059e613-6002-42fa-961e-8e275f575d71-2-5.jpg?fit=1360%2C931&ssl=1\",\"width\":1360,\"height\":931,\"caption\":\"Luiz Ant\u00f4nio Pr\u00f3speri\"},\"logo\":{\"@id\":\"https:\\\/\\\/i0.wp.com\\\/blogdoprosperi.com\\\/wp-content\\\/uploads\\\/2026\\\/05\\\/cropped-8059e613-6002-42fa-961e-8e275f575d71-2-5.jpg?fit=1360%2C931&ssl=1\"},\"description\":\"Jornalista com carreira dedicada ao esporte. Cobriu 9 Copas do Mundo in loco, 1990 na It\u00e1lia, 1994 nos EUA, 1998 na Fran\u00e7a, 2002 na Coreia do Sul e Jap\u00e3o, 2006 na Alemanha, 2010 na \u00c1frica do Sul, 2014 no Brasil, 2018 na R\u00fassia e 2022 no Qatar. Eurocopas, 1992 na Su\u00e9cia e 1996 na Inglaterra. Copa das Confedera\u00e7\u00f5es de 2005 na Alemanha e 2009 na \u00c1frica do Sul. Rep\u00f3rter e Editor, trabalhou no Jornal da Tarde e Estad\u00e3o, de 1984 a fevereiro de 2016. Colunista, blogueiro. E comentarista de futebol na R\u00e1dio Estad\u00e3o, de 2013 a fevereiro de 2016. Jornalista respons\u00e1vel do \\\"Pr\u00f3speri News\\\" (blogdoprosperi.com).\",\"sameAs\":[\"http:\\\/\\\/blogdoprosperi.com\",\"Luiz Pr\u00f3speri\",\"@luiz_prosperi\",\"https:\\\/\\\/x.com\\\/Luizprosperi\",\"@prosperinacopa\",\"luiz.prosperi@icloud.com\"],\"url\":\"https:\\\/\\\/blogdoprosperi.com\\\/?author=102107496\"}]}<\/script>\n<!-- \/ Yoast SEO plugin. -->","yoast_head_json":{"title":"Neymar pode ser preso na Espanha - PR\u00d3SPERI NEWS","robots":{"index":"index","follow":"follow","max-snippet":"max-snippet:-1","max-image-preview":"max-image-preview:large","max-video-preview":"max-video-preview:-1"},"canonical":"https:\/\/blogdoprosperi.com\/?p=32857","og_locale":"pt_BR","og_type":"article","og_title":"Neymar pode ser preso na Espanha - PR\u00d3SPERI NEWS","og_description":"Neymar tem uma sa\u00edda na encrenca que se meteu ao trocar o Santos pelo Barcelona, em 2013, e [&hellip;]","og_url":"https:\/\/blogdoprosperi.com\/?p=32857","og_site_name":"PR\u00d3SPERI NEWS","article_publisher":"Luiz Pr\u00f3speri","article_author":"Luiz Pr\u00f3speri","article_published_time":"2016-11-23T13:57:30+00:00","article_modified_time":"2016-11-23T14:31:21+00:00","og_image":[{"url":"https:\/\/blogdoprosperi.com\/wp-content\/uploads\/2016\/06\/neymar-barcelona.png","type":"","width":"","height":""}],"author":"Luiz Ant\u00f4nio Pr\u00f3speri","twitter_card":"summary_large_image","twitter_creator":"@Luizprosperi","twitter_site":"@Luizprosperi","twitter_misc":{"Escrito por":"Luiz Ant\u00f4nio Pr\u00f3speri","Est. tempo de leitura":"2 minutos"},"schema":{"@context":"https:\/\/schema.org","@graph":[{"@type":"Article","@id":"https:\/\/blogdoprosperi.com\/?p=32857#article","isPartOf":{"@id":"https:\/\/blogdoprosperi.com\/?p=32857"},"author":{"name":"Luiz Ant\u00f4nio Pr\u00f3speri","@id":"https:\/\/blogdoprosperi.com\/#\/schema\/person\/38100755ce3601861ee4fab9b5aa78e9"},"headline":"Neymar pode ser preso na Espanha","datePublished":"2016-11-23T13:57:30+00:00","dateModified":"2016-11-23T14:31:21+00:00","mainEntityOfPage":{"@id":"https:\/\/blogdoprosperi.com\/?p=32857"},"wordCount":403,"commentCount":2,"publisher":{"@id":"https:\/\/blogdoprosperi.com\/#\/schema\/person\/38100755ce3601861ee4fab9b5aa78e9"},"image":{"@id":"https:\/\/blogdoprosperi.com\/?p=32857#primaryimage"},"thumbnailUrl":"https:\/\/blogdoprosperi.com\/wp-content\/uploads\/2016\/06\/neymar-barcelona.png","keywords":["FCBarcelona","futebol","Grupo DIS","Justi\u00e7a Espanhola","Neymar","SantosFC"],"articleSection":["futebol"],"inLanguage":"pt-BR","potentialAction":[{"@type":"CommentAction","name":"Comment","target":["https:\/\/blogdoprosperi.com\/?p=32857#respond"]}]},{"@type":"WebPage","@id":"https:\/\/blogdoprosperi.com\/?p=32857","url":"https:\/\/blogdoprosperi.com\/?p=32857","name":"Neymar pode ser preso na Espanha - PR\u00d3SPERI NEWS","isPartOf":{"@id":"https:\/\/blogdoprosperi.com\/#website"},"primaryImageOfPage":{"@id":"https:\/\/blogdoprosperi.com\/?p=32857#primaryimage"},"image":{"@id":"https:\/\/blogdoprosperi.com\/?p=32857#primaryimage"},"thumbnailUrl":"https:\/\/blogdoprosperi.com\/wp-content\/uploads\/2016\/06\/neymar-barcelona.png","datePublished":"2016-11-23T13:57:30+00:00","dateModified":"2016-11-23T14:31:21+00:00","breadcrumb":{"@id":"https:\/\/blogdoprosperi.com\/?p=32857#breadcrumb"},"inLanguage":"pt-BR","potentialAction":[{"@type":"ReadAction","target":["https:\/\/blogdoprosperi.com\/?p=32857"]}]},{"@type":"ImageObject","inLanguage":"pt-BR","@id":"https:\/\/blogdoprosperi.com\/?p=32857#primaryimage","url":"https:\/\/i0.wp.com\/blogdoprosperi.com\/wp-content\/uploads\/2016\/06\/neymar-barcelona.png?fit=865%2C572&ssl=1","contentUrl":"https:\/\/i0.wp.com\/blogdoprosperi.com\/wp-content\/uploads\/2016\/06\/neymar-barcelona.png?fit=865%2C572&ssl=1","width":865,"height":572},{"@type":"BreadcrumbList","@id":"https:\/\/blogdoprosperi.com\/?p=32857#breadcrumb","itemListElement":[{"@type":"ListItem","position":1,"name":"In\u00edcio","item":"https:\/\/blogdoprosperi.com\/"},{"@type":"ListItem","position":2,"name":"Neymar pode ser preso na Espanha"}]},{"@type":"WebSite","@id":"https:\/\/blogdoprosperi.com\/#website","url":"https:\/\/blogdoprosperi.com\/","name":"PR\u00d3SPERI NEWS","description":"TUDO \u00c9  FUTEBOL","publisher":{"@id":"https:\/\/blogdoprosperi.com\/#\/schema\/person\/38100755ce3601861ee4fab9b5aa78e9"},"alternateName":"blogdoprosperi.com","potentialAction":[{"@type":"SearchAction","target":{"@type":"EntryPoint","urlTemplate":"https:\/\/blogdoprosperi.com\/?s={search_term_string}"},"query-input":{"@type":"PropertyValueSpecification","valueRequired":true,"valueName":"search_term_string"}}],"inLanguage":"pt-BR"},{"@type":["Person","Organization"],"@id":"https:\/\/blogdoprosperi.com\/#\/schema\/person\/38100755ce3601861ee4fab9b5aa78e9","name":"Luiz Ant\u00f4nio Pr\u00f3speri","pronouns":"ele","image":{"@type":"ImageObject","inLanguage":"pt-BR","@id":"https:\/\/i0.wp.com\/blogdoprosperi.com\/wp-content\/uploads\/2026\/05\/cropped-8059e613-6002-42fa-961e-8e275f575d71-2-5.jpg?fit=1360%2C931&ssl=1","url":"https:\/\/i0.wp.com\/blogdoprosperi.com\/wp-content\/uploads\/2026\/05\/cropped-8059e613-6002-42fa-961e-8e275f575d71-2-5.jpg?fit=1360%2C931&ssl=1","contentUrl":"https:\/\/i0.wp.com\/blogdoprosperi.com\/wp-content\/uploads\/2026\/05\/cropped-8059e613-6002-42fa-961e-8e275f575d71-2-5.jpg?fit=1360%2C931&ssl=1","width":1360,"height":931,"caption":"Luiz Ant\u00f4nio Pr\u00f3speri"},"logo":{"@id":"https:\/\/i0.wp.com\/blogdoprosperi.com\/wp-content\/uploads\/2026\/05\/cropped-8059e613-6002-42fa-961e-8e275f575d71-2-5.jpg?fit=1360%2C931&ssl=1"},"description":"Jornalista com carreira dedicada ao esporte. Cobriu 9 Copas do Mundo in loco, 1990 na It\u00e1lia, 1994 nos EUA, 1998 na Fran\u00e7a, 2002 na Coreia do Sul e Jap\u00e3o, 2006 na Alemanha, 2010 na \u00c1frica do Sul, 2014 no Brasil, 2018 na R\u00fassia e 2022 no Qatar. Eurocopas, 1992 na Su\u00e9cia e 1996 na Inglaterra. Copa das Confedera\u00e7\u00f5es de 2005 na Alemanha e 2009 na \u00c1frica do Sul. Rep\u00f3rter e Editor, trabalhou no Jornal da Tarde e Estad\u00e3o, de 1984 a fevereiro de 2016. Colunista, blogueiro. E comentarista de futebol na R\u00e1dio Estad\u00e3o, de 2013 a fevereiro de 2016. Jornalista respons\u00e1vel do \"Pr\u00f3speri News\" (blogdoprosperi.com).","sameAs":["http:\/\/blogdoprosperi.com","Luiz Pr\u00f3speri","@luiz_prosperi","https:\/\/x.com\/Luizprosperi","@prosperinacopa","luiz.prosperi@icloud.com"],"url":"https:\/\/blogdoprosperi.com\/?author=102107496"}]}},"jetpack_publicize_connections":[],"jetpack_likes_enabled":false,"jetpack_sharing_enabled":true,"jetpack_shortlink":"https:\/\/wp.me\/p7jvdk-8xX","jetpack-related-posts":[{"id":16339,"url":"https:\/\/blogdoprosperi.com\/?p=16339","url_meta":{"origin":32857,"position":0},"title":"Ganso deixa S\u00e3o Paulo em busca de novo patamar no futebol europeu","author":"Luiz Ant\u00f4nio Pr\u00f3speri","date":"16 de julho de 2016","format":false,"excerpt":"Paulo Henrique Ganso, aos 26 anos, vai jogar no futebol da Espanha","rel":"","context":"Em &quot;futebol&quot;","block_context":{"text":"futebol","link":"https:\/\/blogdoprosperi.com\/?cat=53870"},"img":{"alt_text":"","src":"https:\/\/i0.wp.com\/blogdoprosperi.com\/wp-content\/uploads\/2016\/07\/neymar-and-ganso-490889.jpg?resize=350%2C200","width":350,"height":200,"srcset":"https:\/\/i0.wp.com\/blogdoprosperi.com\/wp-content\/uploads\/2016\/07\/neymar-and-ganso-490889.jpg?resize=350%2C200 1x, https:\/\/i0.wp.com\/blogdoprosperi.com\/wp-content\/uploads\/2016\/07\/neymar-and-ganso-490889.jpg?resize=525%2C300 1.5x"},"classes":[]},{"id":12504,"url":"https:\/\/blogdoprosperi.com\/?p=12504","url_meta":{"origin":32857,"position":1},"title":"Entenda como Barcelona pode levar Gabriel Jesus e Roger Guedes","author":"Luiz Ant\u00f4nio Pr\u00f3speri","date":"23 de junho de 2016","format":false,"excerpt":"Raul Sanlleh\u00ed, executivo do alto escal\u00e3o do Barcelona, est\u00e1 no Brasil h\u00e1 mais de uma semana para tratar da renova\u00e7\u00e3o do contrato de Neymar at\u00e9 2022. Nas horas vagas, entre uma reuni\u00e3o e outra com o estafe do craque em Santos, Sanlleh\u00ed acompanha de perto os passos de Gabriel Jesus\u2026","rel":"","context":"Em &quot;futebol&quot;","block_context":{"text":"futebol","link":"https:\/\/blogdoprosperi.com\/?cat=53870"},"img":{"alt_text":"","src":"https:\/\/i0.wp.com\/blogdoprosperi.com\/wp-content\/uploads\/2016\/06\/622_97b3e45c-5410-3cd9-b47f-396e513243f3.jpg?resize=350%2C200&ssl=1","width":350,"height":200,"srcset":"https:\/\/i0.wp.com\/blogdoprosperi.com\/wp-content\/uploads\/2016\/06\/622_97b3e45c-5410-3cd9-b47f-396e513243f3.jpg?resize=350%2C200&ssl=1 1x, https:\/\/i0.wp.com\/blogdoprosperi.com\/wp-content\/uploads\/2016\/06\/622_97b3e45c-5410-3cd9-b47f-396e513243f3.jpg?resize=525%2C300&ssl=1 1.5x"},"classes":[]},{"id":38986,"url":"https:\/\/blogdoprosperi.com\/?p=38986","url_meta":{"origin":32857,"position":2},"title":"Neymar vai ao banco dos r\u00e9us em Barcelona a um m\u00eas da Copa do Mundo Catar 2022","author":"Luiz Ant\u00f4nio Pr\u00f3speri","date":"27 de julho de 2022","format":false,"excerpt":"Neymar tem encontro marcado com a Justi\u00e7a da Espanha de 17 a 31 de outubro, a um m\u00eas da estreia do Brasil na Copa do Mundo Catar 2022. Craque ser\u00e1 julgado no caso de sua pol\u00eamica transfer\u00eancia do Santos ao Barcelona em 2013. A promotoria espanhola pede dois anos de\u2026","rel":"","context":"Em &quot;copa do mundo catar 2022&quot;","block_context":{"text":"copa do mundo catar 2022","link":"https:\/\/blogdoprosperi.com\/?cat=301049609"},"img":{"alt_text":"","src":"https:\/\/i0.wp.com\/blogdoprosperi.com\/wp-content\/uploads\/2022\/07\/52117581354_4f782d8b0d_c.jpg?fit=799%2C533&ssl=1&resize=350%2C200","width":350,"height":200,"srcset":"https:\/\/i0.wp.com\/blogdoprosperi.com\/wp-content\/uploads\/2022\/07\/52117581354_4f782d8b0d_c.jpg?fit=799%2C533&ssl=1&resize=350%2C200 1x, https:\/\/i0.wp.com\/blogdoprosperi.com\/wp-content\/uploads\/2022\/07\/52117581354_4f782d8b0d_c.jpg?fit=799%2C533&ssl=1&resize=525%2C300 1.5x, https:\/\/i0.wp.com\/blogdoprosperi.com\/wp-content\/uploads\/2022\/07\/52117581354_4f782d8b0d_c.jpg?fit=799%2C533&ssl=1&resize=700%2C400 2x"},"classes":[]},{"id":3836,"url":"https:\/\/blogdoprosperi.com\/?p=3836","url_meta":{"origin":32857,"position":3},"title":"Cinco an\u00e1lises de futebol para voc\u00ea ler nesta sexta-feira (06\/5) antes de dormir","author":"Luiz Ant\u00f4nio Pr\u00f3speri","date":"7 de maio de 2016","format":false,"excerpt":"Amigo leitor desse Blog do Pr\u00f3speri apresento aqui uma novidade aos que gostam de futebol. A partir desta sexta-feira, 06\/5, vou destacar r\u00e1pidas an\u00e1lises de cinco not\u00edcias importantes do dia que dominaram os sites, jornais, emissoras de TV e r\u00e1dios. Ser\u00e3o coment\u00e1rios de fatos que considero relevantes para fechar a\u2026","rel":"","context":"Em &quot;futebol&quot;","block_context":{"text":"futebol","link":"https:\/\/blogdoprosperi.com\/?cat=53870"},"img":{"alt_text":"","src":"https:\/\/i0.wp.com\/blogdoprosperi.com\/wp-content\/uploads\/2016\/05\/nc3a3o-vamos-e1447535304836.jpeg?resize=350%2C200&ssl=1","width":350,"height":200,"srcset":"https:\/\/i0.wp.com\/blogdoprosperi.com\/wp-content\/uploads\/2016\/05\/nc3a3o-vamos-e1447535304836.jpeg?resize=350%2C200&ssl=1 1x, https:\/\/i0.wp.com\/blogdoprosperi.com\/wp-content\/uploads\/2016\/05\/nc3a3o-vamos-e1447535304836.jpeg?resize=525%2C300&ssl=1 1.5x"},"classes":[]},{"id":12724,"url":"https:\/\/blogdoprosperi.com\/?p=12724","url_meta":{"origin":32857,"position":4},"title":"Gabriel Jesus \u00e9 o &#8216;novo Neymar&#8217; na briga entre Barcelona e Real Madrid","author":"Luiz Ant\u00f4nio Pr\u00f3speri","date":"24 de junho de 2016","format":false,"excerpt":"Barcelona vai ter de apertar o passo para n\u00e3o perder Gabriel Jesus. Como \u00e9 regra no futebol espanhol, onde vai o Bar\u00e7a, o Real vem atr\u00e1s ou onde vai o Real, o Bar\u00e7a vem atr\u00e1s. Os dois clubes devem travar um duro duelo por Jesus. A hist\u00f3ria \u00e9 bem parecida\u2026","rel":"","context":"Em &quot;futebol&quot;","block_context":{"text":"futebol","link":"https:\/\/blogdoprosperi.com\/?cat=53870"},"img":{"alt_text":"","src":"https:\/\/i0.wp.com\/blogdoprosperi.com\/wp-content\/uploads\/2016\/06\/neymar-barcelona.png?resize=350%2C200&ssl=1","width":350,"height":200,"srcset":"https:\/\/i0.wp.com\/blogdoprosperi.com\/wp-content\/uploads\/2016\/06\/neymar-barcelona.png?resize=350%2C200&ssl=1 1x, https:\/\/i0.wp.com\/blogdoprosperi.com\/wp-content\/uploads\/2016\/06\/neymar-barcelona.png?resize=525%2C300&ssl=1 1.5x, https:\/\/i0.wp.com\/blogdoprosperi.com\/wp-content\/uploads\/2016\/06\/neymar-barcelona.png?resize=700%2C400&ssl=1 2x"},"classes":[]},{"id":35442,"url":"https:\/\/blogdoprosperi.com\/?p=35442","url_meta":{"origin":32857,"position":5},"title":"N\u00e3o se pode elogiar Neymar","author":"Luiz Ant\u00f4nio Pr\u00f3speri","date":"9 de abril de 2017","format":false,"excerpt":"Primeiro da fila para receber o t\u00edtulo de melhor jogador do mundo no fim dessa temporada, Neymar teve uma reca\u00edda neste s\u00e1bado (08\/4). Deixou o Barcelona na m\u00e3o ao ser expulso no jogo contra o M\u00e1laga e pode ficar fora do cl\u00e1ssico decisivo contra o Real Madrid daqui a duas\u2026","rel":"","context":"Em &quot;futebol&quot;","block_context":{"text":"futebol","link":"https:\/\/blogdoprosperi.com\/?cat=53870"},"img":{"alt_text":"","src":"https:\/\/i0.wp.com\/blogdoprosperi.com\/wp-content\/uploads\/2017\/04\/neymar-malaga-barcelona-la-liga_1jj2r9ir5us541ev6uvgom4g2r.jpg?fit=1200%2C675&ssl=1&resize=350%2C200","width":350,"height":200,"srcset":"https:\/\/i0.wp.com\/blogdoprosperi.com\/wp-content\/uploads\/2017\/04\/neymar-malaga-barcelona-la-liga_1jj2r9ir5us541ev6uvgom4g2r.jpg?fit=1200%2C675&ssl=1&resize=350%2C200 1x, https:\/\/i0.wp.com\/blogdoprosperi.com\/wp-content\/uploads\/2017\/04\/neymar-malaga-barcelona-la-liga_1jj2r9ir5us541ev6uvgom4g2r.jpg?fit=1200%2C675&ssl=1&resize=525%2C300 1.5x, https:\/\/i0.wp.com\/blogdoprosperi.com\/wp-content\/uploads\/2017\/04\/neymar-malaga-barcelona-la-liga_1jj2r9ir5us541ev6uvgom4g2r.jpg?fit=1200%2C675&ssl=1&resize=700%2C400 2x, https:\/\/i0.wp.com\/blogdoprosperi.com\/wp-content\/uploads\/2017\/04\/neymar-malaga-barcelona-la-liga_1jj2r9ir5us541ev6uvgom4g2r.jpg?fit=1200%2C675&ssl=1&resize=1050%2C600 3x"},"classes":[]}],"jetpack_featured_media_url":"","_links":{"self":[{"href":"https:\/\/blogdoprosperi.com\/index.php?rest_route=\/wp\/v2\/posts\/32857","targetHints":{"allow":["GET"]}}],"collection":[{"href":"https:\/\/blogdoprosperi.com\/index.php?rest_route=\/wp\/v2\/posts"}],"about":[{"href":"https:\/\/blogdoprosperi.com\/index.php?rest_route=\/wp\/v2\/types\/post"}],"author":[{"embeddable":true,"href":"https:\/\/blogdoprosperi.com\/index.php?rest_route=\/wp\/v2\/users\/102107496"}],"replies":[{"embeddable":true,"href":"https:\/\/blogdoprosperi.com\/index.php?rest_route=%2Fwp%2Fv2%2Fcomments&post=32857"}],"version-history":[{"count":25,"href":"https:\/\/blogdoprosperi.com\/index.php?rest_route=\/wp\/v2\/posts\/32857\/revisions"}],"predecessor-version":[{"id":32928,"href":"https:\/\/blogdoprosperi.com\/index.php?rest_route=\/wp\/v2\/posts\/32857\/revisions\/32928"}],"wp:attachment":[{"href":"https:\/\/blogdoprosperi.com\/index.php?rest_route=%2Fwp%2Fv2%2Fmedia&parent=32857"}],"wp:term":[{"taxonomy":"category","embeddable":true,"href":"https:\/\/blogdoprosperi.com\/index.php?rest_route=%2Fwp%2Fv2%2Fcategories&post=32857"},{"taxonomy":"post_tag","embeddable":true,"href":"https:\/\/blogdoprosperi.com\/index.php?rest_route=%2Fwp%2Fv2%2Ftags&post=32857"}],"curies":[{"name":"wp","href":"https:\/\/api.w.org\/{rel}","templated":true}]}}