{"id":32931,"date":"2016-11-24T00:02:22","date_gmt":"2016-11-24T02:02:22","guid":{"rendered":"http:\/\/blogdoprosperi.com\/?p=32931"},"modified":"2016-11-24T00:02:22","modified_gmt":"2016-11-24T02:02:22","slug":"gremio-ve-heroi-virar-vilao-e-destroi-atletico-mg-na-primeira-decisao-da-copa-do-brasil","status":"publish","type":"post","link":"https:\/\/blogdoprosperi.com\/?p=32931","title":{"rendered":"Gr\u00eamio v\u00ea her\u00f3i virar vil\u00e3o e destr\u00f3i Atl\u00e9tico-MG na primeira decis\u00e3o da Copa do Brasil"},"content":{"rendered":"<figure id=\"attachment_32972\" aria-describedby=\"caption-attachment-32972\" style=\"width: 2000px\" class=\"wp-caption alignnone\"><img data-recalc-dims=\"1\" loading=\"lazy\" decoding=\"async\" data-attachment-id=\"32972\" data-permalink=\"https:\/\/blogdoprosperi.com\/?attachment_id=32972\" data-orig-file=\"https:\/\/i0.wp.com\/blogdoprosperi.com\/wp-content\/uploads\/2016\/11\/pedro_rocha_1xvfagg.jpg?fit=2000%2C1333&amp;ssl=1\" data-orig-size=\"2000,1333\" data-comments-opened=\"1\" data-image-meta=\"{&quot;aperture&quot;:&quot;0&quot;,&quot;credit&quot;:&quot;&quot;,&quot;camera&quot;:&quot;&quot;,&quot;caption&quot;:&quot;&quot;,&quot;created_timestamp&quot;:&quot;0&quot;,&quot;copyright&quot;:&quot;&quot;,&quot;focal_length&quot;:&quot;0&quot;,&quot;iso&quot;:&quot;0&quot;,&quot;shutter_speed&quot;:&quot;0&quot;,&quot;title&quot;:&quot;&quot;,&quot;orientation&quot;:&quot;0&quot;}\" data-image-title=\"pedro_rocha_1xvfagg\" data-image-description=\"\" data-image-caption=\"\" data-large-file=\"https:\/\/i0.wp.com\/blogdoprosperi.com\/wp-content\/uploads\/2016\/11\/pedro_rocha_1xvfagg.jpg?fit=940%2C627&amp;ssl=1\" class=\"alignnone size-full wp-image-32972\" src=\"https:\/\/i0.wp.com\/blogdoprosperi.com\/wp-content\/uploads\/2016\/11\/pedro_rocha_1xvfagg.jpg?resize=940%2C627&#038;ssl=1\" alt=\"pedro_rocha_1xvfagg\" width=\"940\" height=\"627\" \/><figcaption id=\"caption-attachment-32972\" class=\"wp-caption-text\">Pedro Rocha, autor de dois gols do Gr\u00eamio, saiu expulso no segundo tempo<\/figcaption><\/figure>\n<p>Gr\u00eamio destr\u00f3i Atl\u00e9tico-MG no Mineir\u00e3o com autoridade de campe\u00e3o e encaminha a conquista da Copa do Brasil ao vencer por 3 a 1 o jogo de ida. Na partida no Sul, dia 1\u00ba de dezembro, levanta a ta\u00e7a at\u00e9 com a derrota por 1 a 0. Aclamado como imortal, o time ga\u00facho n\u00e3o se intimidou em nenhum momento, nem mesmo quando perdeu Pedro Rocha, autor de dois gols, expulso com 21 minutos do segundo tempo. Do outro lado, vaias e cr\u00edticas ao treinador do Galo.<!--more--><\/p>\n<p>Renato Ga\u00facho enquadrou Marcelo Oliveira no primeiro tempo. Fez a conta matem\u00e1tica e acertou ao fixar um volante (Wallace) e jogar com tr\u00eas meias avan\u00e7ados (Maicon, Douglas e Ramiro). Quatro contra os tr\u00eas do outro lado (Leandro Donizete, Junior Urso e Casares). Evidente que sempre sobrava um gremista sem marca\u00e7\u00e3o, no caso Maicon. Essa superioridade num\u00e9rica facilitou a vida do Gr\u00eamio e complicou, e muito, a defesa atleticana.<\/p>\n<p>N\u00e3o por acaso, o time ga\u00facho saiu na frente com o belo gol de Pedro Rocha em passe de Maicon. Em alguns momentos, o time do Sul teve tr\u00e2nsito livre para sair de seu campo e descer ao ataque. Um tormento a Donizete e Urso, aturdidos e sem saber a quem marcar. Diante da tempestade, os laterais Carlos Cesar e Fabio Santos arriscavam pouco no apoio ao ataque. Sem os dois na linha de fundo, o Galo perdeu impacto ofensivo.<\/p>\n<p>Outro problema: Robinho, Pratto, Casares e Maicosuel estavam a quil\u00f4metros de dist\u00e2ncia dos volantes mineiros. Viviam isolados contra uma muralha tricolor, organizada em uma linha de quatro defensores e mais prote\u00e7\u00e3o de Wallace e a volta de Ramiro e Maicom.<\/p>\n<p>Marcelo Oliveira n\u00e3o fez essa leitura e viu seu time pagar com a derrota parcial no primeiro tempo. Para reverter esse quadro desfavor\u00e1vel no segundo tempo, teria de recuar um pouco Maicosuel para ter o mesmo n\u00famero de jogadores do Gr\u00eamio no setor em que se encaminha o jogo. Compacto no meio-campo e no ritmo da sua torcida no Mineir\u00e3o, poderia espremer o Gr\u00eamio.<\/p>\n<p>Mais um detalhe: Robinho precisava aparecer, por a cara para fora e assumir o protagonismo.<\/p>\n<p>T\u00e9cnico do Atl\u00e9tico optou por manter tudo como estava no primeiro tempo. Com dez minutos, j\u00e1 havia levado o segundo gol. Mais uma vez com o garoto Pedro Rocha, em pixotada geral dos volantes e defensores do Galo na cobran\u00e7a r\u00e1pida de falta, quase na linha \u00a0divis\u00f3ria, de Maicon.<\/p>\n<p>Marcelo reagiu ao gol com a sa\u00edda de Casares e a entrada de Clayton. Um jeito de tirar Robinho das beiradas e encostar em Pratto. Treinador atleticano deu sorte. Pouco depois da sua substitui\u00e7\u00e3o, o her\u00f3i Pedro Rocha foi expulso &#8211; ele havia levado cart\u00e3o amarelo ao tirar a camisa na comemora\u00e7\u00e3o do segundo gol e foi advertido com o segundo cart\u00e3o ao fazer falta em Carlos Cesar, da\u00ed a expuls\u00e3o. Detalhe, ele seria substitu\u00eddo por Everton, mas n\u00e3o deu tempo.<\/p>\n<p>Atl\u00e9tico, de morto com 2 a 0 nas costas, teria de ressuscitar com um jogador a mais desde os 21 minutos deste segundo tempo. N\u00e3o havia outra alternativa a n\u00e3o ser abafar e encurralar os ga\u00fachos. Da press\u00e3o saiu o gol do zagueiro Gabriel, aos 34.<\/p>\n<p>Agora o Mineir\u00e3o trocava afli\u00e7\u00e3o pela euforia e pulso forte. Gremistas, antes euf\u00f3ricos na arena, ro\u00edam as unhas implorando para o tempo passar o mais r\u00e1pido poss\u00edvel.<\/p>\n<p>Marcelo Oliveira fez algumas trocas, sem impacto. Seu time era cora\u00e7\u00e3o e nenhum pouco raz\u00e3o. Renato Ga\u00facho foi mais ousado, tirou Douglas e lan\u00e7ou o Everton, atacante de velocidade. Uma tacada para resolver o jogo no contra-ataque. Funcionou.<\/p>\n<p>Em uma arrancada de Ceromel como ponta-direita saiu o cruzamento para Everton marcar o terceiro gol, liquidar a fatura de deixar o Gr\u00eamio muito perto da ta\u00e7a de campe\u00e3o da Copa do Brasil. Ao Atl\u00e9tico resta um milagre e o imponder\u00e1vel do futebol.<\/p>\n<p>&nbsp;<\/p>\n","protected":false},"excerpt":{"rendered":"<p>Gr\u00eamio destr\u00f3i Atl\u00e9tico-MG no Mineir\u00e3o com autoridade de campe\u00e3o e encaminha a conquista da Copa do Brasil ao [&hellip;]<\/p>\n","protected":false},"author":102107496,"featured_media":0,"comment_status":"open","ping_status":"open","sticky":false,"template":"","format":"standard","meta":{"_coblocks_attr":"","_coblocks_dimensions":"","_coblocks_responsive_height":"","_coblocks_accordion_ie_support":"","_jetpack_newsletter_access":"","_jetpack_dont_email_post_to_subs":false,"_jetpack_newsletter_tier_id":0,"_jetpack_memberships_contains_paywalled_content":false,"_wpcom_ai_launchpad_first_post":false,"_jetpack_feature_clip_id":0,"_jetpack_memberships_contains_paid_content":false,"footnotes":"","jetpack_publicize_message":"","jetpack_publicize_feature_enabled":true,"jetpack_social_post_already_shared":false,"jetpack_social_options":{"image_generator_settings":{"template":"highway","default_image_id":0,"font":"","enabled":false},"version":2},"jetpack_post_was_ever_published":false},"categories":[53870,5078],"tags":[366291,789560570,789560560,205210,5320459,11807551,597766],"class_list":["post-32931","post","type-post","status-publish","format-standard","hentry","category-futebol","category-sem-categoria","tag-atletico-mg","tag-copa-do-brasil","tag-futebol","tag-gremio","tag-marcelo-oliveira","tag-pedro-rocha","tag-renato-gaucho"],"yoast_head":"<!-- This site is optimized with the Yoast SEO plugin v28.3 - https:\/\/yoast.com\/product\/yoast-seo-wordpress\/ -->\n<title>Gr\u00eamio v\u00ea her\u00f3i virar vil\u00e3o e destr\u00f3i Atl\u00e9tico-MG na primeira decis\u00e3o da Copa do Brasil - PR\u00d3SPERI NEWS<\/title>\n<meta name=\"robots\" content=\"index, follow, max-snippet:-1, max-image-preview:large, max-video-preview:-1\" \/>\n<link rel=\"canonical\" href=\"https:\/\/blogdoprosperi.com\/?p=32931\" \/>\n<meta property=\"og:locale\" content=\"pt_BR\" \/>\n<meta property=\"og:type\" content=\"article\" \/>\n<meta property=\"og:title\" content=\"Gr\u00eamio v\u00ea her\u00f3i virar vil\u00e3o e destr\u00f3i Atl\u00e9tico-MG na primeira decis\u00e3o da Copa do Brasil - PR\u00d3SPERI NEWS\" \/>\n<meta property=\"og:description\" content=\"Gr\u00eamio destr\u00f3i Atl\u00e9tico-MG no Mineir\u00e3o com autoridade de campe\u00e3o e encaminha a conquista da Copa do Brasil ao [&hellip;]\" \/>\n<meta property=\"og:url\" content=\"https:\/\/blogdoprosperi.com\/?p=32931\" \/>\n<meta property=\"og:site_name\" content=\"PR\u00d3SPERI NEWS\" \/>\n<meta property=\"article:publisher\" content=\"Luiz Pr\u00f3speri\" \/>\n<meta property=\"article:author\" content=\"Luiz Pr\u00f3speri\" \/>\n<meta property=\"article:published_time\" content=\"2016-11-24T02:02:22+00:00\" \/>\n<meta property=\"og:image\" content=\"https:\/\/blogdoprosperi.com\/wp-content\/uploads\/2016\/11\/pedro_rocha_1xvfagg.jpg\" \/>\n<meta name=\"author\" content=\"Luiz Ant\u00f4nio Pr\u00f3speri\" \/>\n<meta name=\"twitter:card\" content=\"summary_large_image\" \/>\n<meta name=\"twitter:creator\" content=\"@Luizprosperi\" \/>\n<meta name=\"twitter:site\" content=\"@Luizprosperi\" \/>\n<meta name=\"twitter:label1\" content=\"Escrito por\" \/>\n\t<meta name=\"twitter:data1\" content=\"Luiz Ant\u00f4nio Pr\u00f3speri\" \/>\n\t<meta name=\"twitter:label2\" content=\"Est. tempo de leitura\" \/>\n\t<meta name=\"twitter:data2\" content=\"4 minutos\" \/>\n<script type=\"application\/ld+json\" class=\"yoast-schema-graph\">{\"@context\":\"https:\\\/\\\/schema.org\",\"@graph\":[{\"@type\":\"Article\",\"@id\":\"https:\\\/\\\/blogdoprosperi.com\\\/?p=32931#article\",\"isPartOf\":{\"@id\":\"https:\\\/\\\/blogdoprosperi.com\\\/?p=32931\"},\"author\":{\"name\":\"Luiz Ant\u00f4nio Pr\u00f3speri\",\"@id\":\"https:\\\/\\\/blogdoprosperi.com\\\/#\\\/schema\\\/person\\\/38100755ce3601861ee4fab9b5aa78e9\"},\"headline\":\"Gr\u00eamio v\u00ea her\u00f3i virar vil\u00e3o e destr\u00f3i Atl\u00e9tico-MG na primeira decis\u00e3o da Copa do Brasil\",\"datePublished\":\"2016-11-24T02:02:22+00:00\",\"mainEntityOfPage\":{\"@id\":\"https:\\\/\\\/blogdoprosperi.com\\\/?p=32931\"},\"wordCount\":732,\"commentCount\":0,\"publisher\":{\"@id\":\"https:\\\/\\\/blogdoprosperi.com\\\/#\\\/schema\\\/person\\\/38100755ce3601861ee4fab9b5aa78e9\"},\"image\":{\"@id\":\"https:\\\/\\\/blogdoprosperi.com\\\/?p=32931#primaryimage\"},\"thumbnailUrl\":\"https:\\\/\\\/blogdoprosperi.com\\\/wp-content\\\/uploads\\\/2016\\\/11\\\/pedro_rocha_1xvfagg.jpg\",\"keywords\":[\"Atl\u00e9tico-MG\",\"Copa do Brasil\",\"futebol\",\"Gr\u00eamio\",\"Marcelo Oliveira\",\"Pedro Rocha\",\"Renato Ga\u00facho\"],\"articleSection\":[\"futebol\"],\"inLanguage\":\"pt-BR\",\"potentialAction\":[{\"@type\":\"CommentAction\",\"name\":\"Comment\",\"target\":[\"https:\\\/\\\/blogdoprosperi.com\\\/?p=32931#respond\"]}]},{\"@type\":\"WebPage\",\"@id\":\"https:\\\/\\\/blogdoprosperi.com\\\/?p=32931\",\"url\":\"https:\\\/\\\/blogdoprosperi.com\\\/?p=32931\",\"name\":\"Gr\u00eamio v\u00ea her\u00f3i virar vil\u00e3o e destr\u00f3i Atl\u00e9tico-MG na primeira decis\u00e3o da Copa do Brasil - PR\u00d3SPERI NEWS\",\"isPartOf\":{\"@id\":\"https:\\\/\\\/blogdoprosperi.com\\\/#website\"},\"primaryImageOfPage\":{\"@id\":\"https:\\\/\\\/blogdoprosperi.com\\\/?p=32931#primaryimage\"},\"image\":{\"@id\":\"https:\\\/\\\/blogdoprosperi.com\\\/?p=32931#primaryimage\"},\"thumbnailUrl\":\"https:\\\/\\\/blogdoprosperi.com\\\/wp-content\\\/uploads\\\/2016\\\/11\\\/pedro_rocha_1xvfagg.jpg\",\"datePublished\":\"2016-11-24T02:02:22+00:00\",\"breadcrumb\":{\"@id\":\"https:\\\/\\\/blogdoprosperi.com\\\/?p=32931#breadcrumb\"},\"inLanguage\":\"pt-BR\",\"potentialAction\":[{\"@type\":\"ReadAction\",\"target\":[\"https:\\\/\\\/blogdoprosperi.com\\\/?p=32931\"]}]},{\"@type\":\"ImageObject\",\"inLanguage\":\"pt-BR\",\"@id\":\"https:\\\/\\\/blogdoprosperi.com\\\/?p=32931#primaryimage\",\"url\":\"https:\\\/\\\/i0.wp.com\\\/blogdoprosperi.com\\\/wp-content\\\/uploads\\\/2016\\\/11\\\/pedro_rocha_1xvfagg.jpg?fit=2000%2C1333&ssl=1\",\"contentUrl\":\"https:\\\/\\\/i0.wp.com\\\/blogdoprosperi.com\\\/wp-content\\\/uploads\\\/2016\\\/11\\\/pedro_rocha_1xvfagg.jpg?fit=2000%2C1333&ssl=1\",\"width\":2000,\"height\":1333},{\"@type\":\"BreadcrumbList\",\"@id\":\"https:\\\/\\\/blogdoprosperi.com\\\/?p=32931#breadcrumb\",\"itemListElement\":[{\"@type\":\"ListItem\",\"position\":1,\"name\":\"In\u00edcio\",\"item\":\"https:\\\/\\\/blogdoprosperi.com\\\/\"},{\"@type\":\"ListItem\",\"position\":2,\"name\":\"Gr\u00eamio v\u00ea her\u00f3i virar vil\u00e3o e destr\u00f3i Atl\u00e9tico-MG na primeira decis\u00e3o da Copa do Brasil\"}]},{\"@type\":\"WebSite\",\"@id\":\"https:\\\/\\\/blogdoprosperi.com\\\/#website\",\"url\":\"https:\\\/\\\/blogdoprosperi.com\\\/\",\"name\":\"PR\u00d3SPERI NEWS\",\"description\":\"TUDO \u00c9  FUTEBOL\",\"publisher\":{\"@id\":\"https:\\\/\\\/blogdoprosperi.com\\\/#\\\/schema\\\/person\\\/38100755ce3601861ee4fab9b5aa78e9\"},\"alternateName\":\"blogdoprosperi.com\",\"potentialAction\":[{\"@type\":\"SearchAction\",\"target\":{\"@type\":\"EntryPoint\",\"urlTemplate\":\"https:\\\/\\\/blogdoprosperi.com\\\/?s={search_term_string}\"},\"query-input\":{\"@type\":\"PropertyValueSpecification\",\"valueRequired\":true,\"valueName\":\"search_term_string\"}}],\"inLanguage\":\"pt-BR\"},{\"@type\":[\"Person\",\"Organization\"],\"@id\":\"https:\\\/\\\/blogdoprosperi.com\\\/#\\\/schema\\\/person\\\/38100755ce3601861ee4fab9b5aa78e9\",\"name\":\"Luiz Ant\u00f4nio Pr\u00f3speri\",\"pronouns\":\"ele\",\"image\":{\"@type\":\"ImageObject\",\"inLanguage\":\"pt-BR\",\"@id\":\"https:\\\/\\\/i0.wp.com\\\/blogdoprosperi.com\\\/wp-content\\\/uploads\\\/2026\\\/05\\\/cropped-8059e613-6002-42fa-961e-8e275f575d71-2-5.jpg?fit=1360%2C931&ssl=1\",\"url\":\"https:\\\/\\\/i0.wp.com\\\/blogdoprosperi.com\\\/wp-content\\\/uploads\\\/2026\\\/05\\\/cropped-8059e613-6002-42fa-961e-8e275f575d71-2-5.jpg?fit=1360%2C931&ssl=1\",\"contentUrl\":\"https:\\\/\\\/i0.wp.com\\\/blogdoprosperi.com\\\/wp-content\\\/uploads\\\/2026\\\/05\\\/cropped-8059e613-6002-42fa-961e-8e275f575d71-2-5.jpg?fit=1360%2C931&ssl=1\",\"width\":1360,\"height\":931,\"caption\":\"Luiz Ant\u00f4nio Pr\u00f3speri\"},\"logo\":{\"@id\":\"https:\\\/\\\/i0.wp.com\\\/blogdoprosperi.com\\\/wp-content\\\/uploads\\\/2026\\\/05\\\/cropped-8059e613-6002-42fa-961e-8e275f575d71-2-5.jpg?fit=1360%2C931&ssl=1\"},\"description\":\"Jornalista com carreira dedicada ao esporte. Cobriu 9 Copas do Mundo in loco, 1990 na It\u00e1lia, 1994 nos EUA, 1998 na Fran\u00e7a, 2002 na Coreia do Sul e Jap\u00e3o, 2006 na Alemanha, 2010 na \u00c1frica do Sul, 2014 no Brasil, 2018 na R\u00fassia e 2022 no Qatar. Eurocopas, 1992 na Su\u00e9cia e 1996 na Inglaterra. Copa das Confedera\u00e7\u00f5es de 2005 na Alemanha e 2009 na \u00c1frica do Sul. Rep\u00f3rter e Editor, trabalhou no Jornal da Tarde e Estad\u00e3o, de 1984 a fevereiro de 2016. Colunista, blogueiro. E comentarista de futebol na R\u00e1dio Estad\u00e3o, de 2013 a fevereiro de 2016. Jornalista respons\u00e1vel do \\\"Pr\u00f3speri News\\\" (blogdoprosperi.com).\",\"sameAs\":[\"http:\\\/\\\/blogdoprosperi.com\",\"Luiz Pr\u00f3speri\",\"@luiz_prosperi\",\"https:\\\/\\\/x.com\\\/Luizprosperi\",\"@prosperinacopa\",\"luiz.prosperi@icloud.com\"],\"url\":\"https:\\\/\\\/blogdoprosperi.com\\\/?author=102107496\"}]}<\/script>\n<!-- \/ Yoast SEO plugin. -->","yoast_head_json":{"title":"Gr\u00eamio v\u00ea her\u00f3i virar vil\u00e3o e destr\u00f3i Atl\u00e9tico-MG na primeira decis\u00e3o da Copa do Brasil - PR\u00d3SPERI NEWS","robots":{"index":"index","follow":"follow","max-snippet":"max-snippet:-1","max-image-preview":"max-image-preview:large","max-video-preview":"max-video-preview:-1"},"canonical":"https:\/\/blogdoprosperi.com\/?p=32931","og_locale":"pt_BR","og_type":"article","og_title":"Gr\u00eamio v\u00ea her\u00f3i virar vil\u00e3o e destr\u00f3i Atl\u00e9tico-MG na primeira decis\u00e3o da Copa do Brasil - PR\u00d3SPERI NEWS","og_description":"Gr\u00eamio destr\u00f3i Atl\u00e9tico-MG no Mineir\u00e3o com autoridade de campe\u00e3o e encaminha a conquista da Copa do Brasil ao [&hellip;]","og_url":"https:\/\/blogdoprosperi.com\/?p=32931","og_site_name":"PR\u00d3SPERI NEWS","article_publisher":"Luiz Pr\u00f3speri","article_author":"Luiz Pr\u00f3speri","article_published_time":"2016-11-24T02:02:22+00:00","og_image":[{"url":"https:\/\/blogdoprosperi.com\/wp-content\/uploads\/2016\/11\/pedro_rocha_1xvfagg.jpg","type":"","width":"","height":""}],"author":"Luiz Ant\u00f4nio Pr\u00f3speri","twitter_card":"summary_large_image","twitter_creator":"@Luizprosperi","twitter_site":"@Luizprosperi","twitter_misc":{"Escrito por":"Luiz Ant\u00f4nio Pr\u00f3speri","Est. tempo de leitura":"4 minutos"},"schema":{"@context":"https:\/\/schema.org","@graph":[{"@type":"Article","@id":"https:\/\/blogdoprosperi.com\/?p=32931#article","isPartOf":{"@id":"https:\/\/blogdoprosperi.com\/?p=32931"},"author":{"name":"Luiz Ant\u00f4nio Pr\u00f3speri","@id":"https:\/\/blogdoprosperi.com\/#\/schema\/person\/38100755ce3601861ee4fab9b5aa78e9"},"headline":"Gr\u00eamio v\u00ea her\u00f3i virar vil\u00e3o e destr\u00f3i Atl\u00e9tico-MG na primeira decis\u00e3o da Copa do Brasil","datePublished":"2016-11-24T02:02:22+00:00","mainEntityOfPage":{"@id":"https:\/\/blogdoprosperi.com\/?p=32931"},"wordCount":732,"commentCount":0,"publisher":{"@id":"https:\/\/blogdoprosperi.com\/#\/schema\/person\/38100755ce3601861ee4fab9b5aa78e9"},"image":{"@id":"https:\/\/blogdoprosperi.com\/?p=32931#primaryimage"},"thumbnailUrl":"https:\/\/blogdoprosperi.com\/wp-content\/uploads\/2016\/11\/pedro_rocha_1xvfagg.jpg","keywords":["Atl\u00e9tico-MG","Copa do Brasil","futebol","Gr\u00eamio","Marcelo Oliveira","Pedro Rocha","Renato Ga\u00facho"],"articleSection":["futebol"],"inLanguage":"pt-BR","potentialAction":[{"@type":"CommentAction","name":"Comment","target":["https:\/\/blogdoprosperi.com\/?p=32931#respond"]}]},{"@type":"WebPage","@id":"https:\/\/blogdoprosperi.com\/?p=32931","url":"https:\/\/blogdoprosperi.com\/?p=32931","name":"Gr\u00eamio v\u00ea her\u00f3i virar vil\u00e3o e destr\u00f3i Atl\u00e9tico-MG na primeira decis\u00e3o da Copa do Brasil - PR\u00d3SPERI NEWS","isPartOf":{"@id":"https:\/\/blogdoprosperi.com\/#website"},"primaryImageOfPage":{"@id":"https:\/\/blogdoprosperi.com\/?p=32931#primaryimage"},"image":{"@id":"https:\/\/blogdoprosperi.com\/?p=32931#primaryimage"},"thumbnailUrl":"https:\/\/blogdoprosperi.com\/wp-content\/uploads\/2016\/11\/pedro_rocha_1xvfagg.jpg","datePublished":"2016-11-24T02:02:22+00:00","breadcrumb":{"@id":"https:\/\/blogdoprosperi.com\/?p=32931#breadcrumb"},"inLanguage":"pt-BR","potentialAction":[{"@type":"ReadAction","target":["https:\/\/blogdoprosperi.com\/?p=32931"]}]},{"@type":"ImageObject","inLanguage":"pt-BR","@id":"https:\/\/blogdoprosperi.com\/?p=32931#primaryimage","url":"https:\/\/i0.wp.com\/blogdoprosperi.com\/wp-content\/uploads\/2016\/11\/pedro_rocha_1xvfagg.jpg?fit=2000%2C1333&ssl=1","contentUrl":"https:\/\/i0.wp.com\/blogdoprosperi.com\/wp-content\/uploads\/2016\/11\/pedro_rocha_1xvfagg.jpg?fit=2000%2C1333&ssl=1","width":2000,"height":1333},{"@type":"BreadcrumbList","@id":"https:\/\/blogdoprosperi.com\/?p=32931#breadcrumb","itemListElement":[{"@type":"ListItem","position":1,"name":"In\u00edcio","item":"https:\/\/blogdoprosperi.com\/"},{"@type":"ListItem","position":2,"name":"Gr\u00eamio v\u00ea her\u00f3i virar vil\u00e3o e destr\u00f3i Atl\u00e9tico-MG na primeira decis\u00e3o da Copa do Brasil"}]},{"@type":"WebSite","@id":"https:\/\/blogdoprosperi.com\/#website","url":"https:\/\/blogdoprosperi.com\/","name":"PR\u00d3SPERI NEWS","description":"TUDO \u00c9  FUTEBOL","publisher":{"@id":"https:\/\/blogdoprosperi.com\/#\/schema\/person\/38100755ce3601861ee4fab9b5aa78e9"},"alternateName":"blogdoprosperi.com","potentialAction":[{"@type":"SearchAction","target":{"@type":"EntryPoint","urlTemplate":"https:\/\/blogdoprosperi.com\/?s={search_term_string}"},"query-input":{"@type":"PropertyValueSpecification","valueRequired":true,"valueName":"search_term_string"}}],"inLanguage":"pt-BR"},{"@type":["Person","Organization"],"@id":"https:\/\/blogdoprosperi.com\/#\/schema\/person\/38100755ce3601861ee4fab9b5aa78e9","name":"Luiz Ant\u00f4nio Pr\u00f3speri","pronouns":"ele","image":{"@type":"ImageObject","inLanguage":"pt-BR","@id":"https:\/\/i0.wp.com\/blogdoprosperi.com\/wp-content\/uploads\/2026\/05\/cropped-8059e613-6002-42fa-961e-8e275f575d71-2-5.jpg?fit=1360%2C931&ssl=1","url":"https:\/\/i0.wp.com\/blogdoprosperi.com\/wp-content\/uploads\/2026\/05\/cropped-8059e613-6002-42fa-961e-8e275f575d71-2-5.jpg?fit=1360%2C931&ssl=1","contentUrl":"https:\/\/i0.wp.com\/blogdoprosperi.com\/wp-content\/uploads\/2026\/05\/cropped-8059e613-6002-42fa-961e-8e275f575d71-2-5.jpg?fit=1360%2C931&ssl=1","width":1360,"height":931,"caption":"Luiz Ant\u00f4nio Pr\u00f3speri"},"logo":{"@id":"https:\/\/i0.wp.com\/blogdoprosperi.com\/wp-content\/uploads\/2026\/05\/cropped-8059e613-6002-42fa-961e-8e275f575d71-2-5.jpg?fit=1360%2C931&ssl=1"},"description":"Jornalista com carreira dedicada ao esporte. Cobriu 9 Copas do Mundo in loco, 1990 na It\u00e1lia, 1994 nos EUA, 1998 na Fran\u00e7a, 2002 na Coreia do Sul e Jap\u00e3o, 2006 na Alemanha, 2010 na \u00c1frica do Sul, 2014 no Brasil, 2018 na R\u00fassia e 2022 no Qatar. Eurocopas, 1992 na Su\u00e9cia e 1996 na Inglaterra. Copa das Confedera\u00e7\u00f5es de 2005 na Alemanha e 2009 na \u00c1frica do Sul. Rep\u00f3rter e Editor, trabalhou no Jornal da Tarde e Estad\u00e3o, de 1984 a fevereiro de 2016. Colunista, blogueiro. E comentarista de futebol na R\u00e1dio Estad\u00e3o, de 2013 a fevereiro de 2016. Jornalista respons\u00e1vel do \"Pr\u00f3speri News\" (blogdoprosperi.com).","sameAs":["http:\/\/blogdoprosperi.com","Luiz Pr\u00f3speri","@luiz_prosperi","https:\/\/x.com\/Luizprosperi","@prosperinacopa","luiz.prosperi@icloud.com"],"url":"https:\/\/blogdoprosperi.com\/?author=102107496"}]}},"jetpack_publicize_connections":[],"jetpack_likes_enabled":false,"jetpack_sharing_enabled":true,"jetpack_shortlink":"https:\/\/wp.me\/p7jvdk-8z9","jetpack-related-posts":[{"id":26829,"url":"https:\/\/blogdoprosperi.com\/?p=26829","url_meta":{"origin":32931,"position":0},"title":"Palmeiras sofre derrota confort\u00e1vel do Gr\u00eamio na Copa do Brasil","author":"Luiz Ant\u00f4nio Pr\u00f3speri","date":"29 de setembro de 2016","format":false,"excerpt":"Palmeiras n\u00e3o suportou o jogo forte do Gr\u00eamio e volta de Porto Alegre com uma derrota confort\u00e1vel por 2 a 1 nas quartas de final da Copa do Brasil. No Allianz Parque, dia 19 de outubro, avan\u00e7a \u00e0 semifinal com a vit\u00f3ria por 1 a 0. Sabedor de que pode\u2026","rel":"","context":"Em &quot;futebol&quot;","block_context":{"text":"futebol","link":"https:\/\/blogdoprosperi.com\/?cat=53870"},"img":{"alt_text":"","src":"https:\/\/i0.wp.com\/blogdoprosperi.com\/wp-content\/uploads\/2016\/09\/29912615971_797ca9f219_k.jpg?resize=350%2C200&ssl=1","width":350,"height":200,"srcset":"https:\/\/i0.wp.com\/blogdoprosperi.com\/wp-content\/uploads\/2016\/09\/29912615971_797ca9f219_k.jpg?resize=350%2C200&ssl=1 1x, https:\/\/i0.wp.com\/blogdoprosperi.com\/wp-content\/uploads\/2016\/09\/29912615971_797ca9f219_k.jpg?resize=525%2C300&ssl=1 1.5x, https:\/\/i0.wp.com\/blogdoprosperi.com\/wp-content\/uploads\/2016\/09\/29912615971_797ca9f219_k.jpg?resize=700%2C400&ssl=1 2x, https:\/\/i0.wp.com\/blogdoprosperi.com\/wp-content\/uploads\/2016\/09\/29912615971_797ca9f219_k.jpg?resize=1050%2C600&ssl=1 3x, https:\/\/i0.wp.com\/blogdoprosperi.com\/wp-content\/uploads\/2016\/09\/29912615971_797ca9f219_k.jpg?resize=1400%2C800&ssl=1 4x"},"classes":[]},{"id":33749,"url":"https:\/\/blogdoprosperi.com\/?p=33749","url_meta":{"origin":32931,"position":1},"title":"Gr\u00eamio apaga 15 anos de espera e conquista Copa do Brasil na volta do futebol ap\u00f3s trag\u00e9dia da Chapecoense","author":"Luiz Ant\u00f4nio Pr\u00f3speri","date":"8 de dezembro de 2016","format":false,"excerpt":"Futebol voltou ao Brasil nesta quarta-feira ainda sob emo\u00e7\u00e3o da trag\u00e9dia da Chapecoense. Voltou com a decis\u00e3o da Copa do Brasil entre Gr\u00eamio e Atl\u00e9tico-MG em Porto Alegre. Todos os ingredientes do jogo estavam l\u00e1. Arena lotada, torcida pulsante, jogadores em respeito m\u00fatuo, imprensa a relatar, \u00e1rbitros serenos. Tudo parecia\u2026","rel":"","context":"Em &quot;futebol&quot;","block_context":{"text":"futebol","link":"https:\/\/blogdoprosperi.com\/?cat=53870"},"img":{"alt_text":"","src":"https:\/\/i0.wp.com\/blogdoprosperi.com\/wp-content\/uploads\/2016\/12\/esporte-futebol-gremio-atletico-mg-ramiro-20161207-009.jpg?resize=350%2C200&ssl=1","width":350,"height":200,"srcset":"https:\/\/i0.wp.com\/blogdoprosperi.com\/wp-content\/uploads\/2016\/12\/esporte-futebol-gremio-atletico-mg-ramiro-20161207-009.jpg?resize=350%2C200&ssl=1 1x, https:\/\/i0.wp.com\/blogdoprosperi.com\/wp-content\/uploads\/2016\/12\/esporte-futebol-gremio-atletico-mg-ramiro-20161207-009.jpg?resize=525%2C300&ssl=1 1.5x, https:\/\/i0.wp.com\/blogdoprosperi.com\/wp-content\/uploads\/2016\/12\/esporte-futebol-gremio-atletico-mg-ramiro-20161207-009.jpg?resize=700%2C400&ssl=1 2x"},"classes":[]},{"id":29363,"url":"https:\/\/blogdoprosperi.com\/?p=29363","url_meta":{"origin":32931,"position":2},"title":"Palmeiras se despede da Copa do Brasil, com erro de Allione, e pode seguir roteiro do Corinthians de 2015","author":"Luiz Ant\u00f4nio Pr\u00f3speri","date":"20 de outubro de 2016","format":false,"excerpt":"Palmeiras tem estrada livre em busca do t\u00edtulo do Brasileir\u00e3o ao ser eliminado na Copa do Brasil diante do Gr\u00eamio. Muito se vai falar da expuls\u00e3o de Allione, aos 25 minutos do segundo tempo, como a causa da queda. At\u00e9 o argentino levar o vermelho, time de Cuca vencia por\u2026","rel":"","context":"Em &quot;futebol&quot;","block_context":{"text":"futebol","link":"https:\/\/blogdoprosperi.com\/?cat=53870"},"img":{"alt_text":"","src":"https:\/\/i0.wp.com\/blogdoprosperi.com\/wp-content\/uploads\/2016\/10\/fd11b8a6a37da6aeb84ca38528fbda9d.jpg?resize=350%2C200&ssl=1","width":350,"height":200,"srcset":"https:\/\/i0.wp.com\/blogdoprosperi.com\/wp-content\/uploads\/2016\/10\/fd11b8a6a37da6aeb84ca38528fbda9d.jpg?resize=350%2C200&ssl=1 1x, https:\/\/i0.wp.com\/blogdoprosperi.com\/wp-content\/uploads\/2016\/10\/fd11b8a6a37da6aeb84ca38528fbda9d.jpg?resize=525%2C300&ssl=1 1.5x, https:\/\/i0.wp.com\/blogdoprosperi.com\/wp-content\/uploads\/2016\/10\/fd11b8a6a37da6aeb84ca38528fbda9d.jpg?resize=700%2C400&ssl=1 2x, https:\/\/i0.wp.com\/blogdoprosperi.com\/wp-content\/uploads\/2016\/10\/fd11b8a6a37da6aeb84ca38528fbda9d.jpg?resize=1050%2C600&ssl=1 3x, https:\/\/i0.wp.com\/blogdoprosperi.com\/wp-content\/uploads\/2016\/10\/fd11b8a6a37da6aeb84ca38528fbda9d.jpg?resize=1400%2C800&ssl=1 4x"},"classes":[]},{"id":36010,"url":"https:\/\/blogdoprosperi.com\/?p=36010","url_meta":{"origin":32931,"position":3},"title":"Clubes da Libertadores se imp\u00f5em na Copa do Brasil","author":"Luiz Ant\u00f4nio Pr\u00f3speri","date":"1 de junho de 2017","format":false,"excerpt":"Sete dos oito clubes que vieram da Copa da Libertadores direto para oitavas chegaram \u00e0s quartas de final da Copa do Brasil. Gr\u00eamio, Palmeiras, Atl\u00e9tico-PR, Atl\u00e9tico-PR, Flamengo, Santos e Botafogo carimbaram a vaga. Nesta quinta-feira, a Chapecoense, que perdeu por 1 a 0 no jogo de ida, recebe o Cruzeiro\u2026","rel":"","context":"Em &quot;futebol&quot;","block_context":{"text":"futebol","link":"https:\/\/blogdoprosperi.com\/?cat=53870"},"img":{"alt_text":"","src":"https:\/\/i0.wp.com\/blogdoprosperi.com\/wp-content\/uploads\/2017\/06\/gremio_classificado.jpg?fit=500%2C333&ssl=1&resize=350%2C200","width":350,"height":200},"classes":[]},{"id":33789,"url":"https:\/\/blogdoprosperi.com\/?p=33789","url_meta":{"origin":32931,"position":4},"title":"Renato Ga\u00facho chuta os que n\u00e3o acreditam na f\u00f3rmula pronta do sucesso no futebol","author":"Luiz Ant\u00f4nio Pr\u00f3speri","date":"8 de dezembro de 2016","format":false,"excerpt":"Futebol tem f\u00f3rmulas prontas de sucesso... na cabe\u00e7a dos dirigentes. Quando d\u00e1 certo, aplausos. Quando n\u00e3o funciona, pedradas. O exemplo vem do Sul. Inter e Gr\u00eamio, em apuros no Brasileir\u00e3o e embarcados no fracasso da temporada, recorreram \u00e0s tais f\u00f3rmulas do sucesso. No caso, de volta ao passado. O Inter\u2026","rel":"","context":"Em &quot;futebol&quot;","block_context":{"text":"futebol","link":"https:\/\/blogdoprosperi.com\/?cat=53870"},"img":{"alt_text":"6xz7ftsm98a4tluul5wki5pw9","src":"https:\/\/i0.wp.com\/blogdoprosperi.com\/wp-content\/uploads\/2016\/12\/6xz7ftsm98a4tluul5wki5pw9.jpg?resize=350%2C200&ssl=1","width":350,"height":200,"srcset":"https:\/\/i0.wp.com\/blogdoprosperi.com\/wp-content\/uploads\/2016\/12\/6xz7ftsm98a4tluul5wki5pw9.jpg?resize=350%2C200&ssl=1 1x, https:\/\/i0.wp.com\/blogdoprosperi.com\/wp-content\/uploads\/2016\/12\/6xz7ftsm98a4tluul5wki5pw9.jpg?resize=525%2C300&ssl=1 1.5x, https:\/\/i0.wp.com\/blogdoprosperi.com\/wp-content\/uploads\/2016\/12\/6xz7ftsm98a4tluul5wki5pw9.jpg?resize=700%2C400&ssl=1 2x"},"classes":[]},{"id":33314,"url":"https:\/\/blogdoprosperi.com\/?p=33314","url_meta":{"origin":32931,"position":5},"title":"Roger Machado, ex-t\u00e9cnico do Gr\u00eamio e sem curr\u00edculo, vira objeto do desejo no Atl\u00e9tico-MG, Fluminense e Palmeiras","author":"Luiz Ant\u00f4nio Pr\u00f3speri","date":"28 de novembro de 2016","format":false,"excerpt":"Roger Machado apareceu como t\u00e9cnico de time grande no ano passado, ao substituir Felip\u00e3o no Gr\u00eamio na primeira rodada do Brasileir\u00e3o de 2015. Fez um bom campeonato e levou o clube ga\u00facho \u00e0 Copa Libertadores. Na temporada de 2016, n\u00e3o foi campe\u00e3o estadual, vacilou na metade do campeonato nacional e\u2026","rel":"","context":"Em &quot;Campeonato Brasileiro&quot;","block_context":{"text":"Campeonato Brasileiro","link":"https:\/\/blogdoprosperi.com\/?cat=355071"},"img":{"alt_text":"","src":"https:\/\/i0.wp.com\/blogdoprosperi.com\/wp-content\/uploads\/2016\/11\/17424185.jpg?resize=350%2C200&ssl=1","width":350,"height":200,"srcset":"https:\/\/i0.wp.com\/blogdoprosperi.com\/wp-content\/uploads\/2016\/11\/17424185.jpg?resize=350%2C200&ssl=1 1x, https:\/\/i0.wp.com\/blogdoprosperi.com\/wp-content\/uploads\/2016\/11\/17424185.jpg?resize=525%2C300&ssl=1 1.5x"},"classes":[]}],"jetpack_featured_media_url":"","_links":{"self":[{"href":"https:\/\/blogdoprosperi.com\/index.php?rest_route=\/wp\/v2\/posts\/32931","targetHints":{"allow":["GET"]}}],"collection":[{"href":"https:\/\/blogdoprosperi.com\/index.php?rest_route=\/wp\/v2\/posts"}],"about":[{"href":"https:\/\/blogdoprosperi.com\/index.php?rest_route=\/wp\/v2\/types\/post"}],"author":[{"embeddable":true,"href":"https:\/\/blogdoprosperi.com\/index.php?rest_route=\/wp\/v2\/users\/102107496"}],"replies":[{"embeddable":true,"href":"https:\/\/blogdoprosperi.com\/index.php?rest_route=%2Fwp%2Fv2%2Fcomments&post=32931"}],"version-history":[{"count":25,"href":"https:\/\/blogdoprosperi.com\/index.php?rest_route=\/wp\/v2\/posts\/32931\/revisions"}],"predecessor-version":[{"id":32976,"href":"https:\/\/blogdoprosperi.com\/index.php?rest_route=\/wp\/v2\/posts\/32931\/revisions\/32976"}],"wp:attachment":[{"href":"https:\/\/blogdoprosperi.com\/index.php?rest_route=%2Fwp%2Fv2%2Fmedia&parent=32931"}],"wp:term":[{"taxonomy":"category","embeddable":true,"href":"https:\/\/blogdoprosperi.com\/index.php?rest_route=%2Fwp%2Fv2%2Fcategories&post=32931"},{"taxonomy":"post_tag","embeddable":true,"href":"https:\/\/blogdoprosperi.com\/index.php?rest_route=%2Fwp%2Fv2%2Ftags&post=32931"}],"curies":[{"name":"wp","href":"https:\/\/api.w.org\/{rel}","templated":true}]}}