{"id":33034,"date":"2016-11-25T11:40:25","date_gmt":"2016-11-25T13:40:25","guid":{"rendered":"http:\/\/blogdoprosperi.com\/?p=33034"},"modified":"2016-11-25T11:40:25","modified_gmt":"2016-11-25T13:40:25","slug":"sevilla-quer-lucas-pratto-e-pode-envolver-ganso-na-transacao","status":"publish","type":"post","link":"https:\/\/blogdoprosperi.com\/?p=33034","title":{"rendered":"Sevilla quer Lucas Pratto e pode envolver Ganso na transa\u00e7\u00e3o"},"content":{"rendered":"<p><span class=\"alignnone\"><img data-recalc-dims=\"1\" loading=\"lazy\" decoding=\"async\" data-attachment-id=\"33055\" data-permalink=\"https:\/\/blogdoprosperi.com\/?attachment_id=33055\" data-orig-file=\"https:\/\/i0.wp.com\/blogdoprosperi.com\/wp-content\/uploads\/2016\/11\/pratto.jpg?fit=2048%2C1365&amp;ssl=1\" data-orig-size=\"2048,1365\" data-comments-opened=\"1\" data-image-meta=\"{&quot;aperture&quot;:&quot;0&quot;,&quot;credit&quot;:&quot;&quot;,&quot;camera&quot;:&quot;&quot;,&quot;caption&quot;:&quot;&quot;,&quot;created_timestamp&quot;:&quot;0&quot;,&quot;copyright&quot;:&quot;&quot;,&quot;focal_length&quot;:&quot;0&quot;,&quot;iso&quot;:&quot;0&quot;,&quot;shutter_speed&quot;:&quot;0&quot;,&quot;title&quot;:&quot;&quot;,&quot;orientation&quot;:&quot;0&quot;}\" data-image-title=\"pratto\" data-image-description=\"\" data-image-caption=\"\" data-large-file=\"https:\/\/i0.wp.com\/blogdoprosperi.com\/wp-content\/uploads\/2016\/11\/pratto.jpg?fit=940%2C627&amp;ssl=1\" class=\"alignnone size-full wp-image-33055\" src=\"https:\/\/i0.wp.com\/blogdoprosperi.com\/wp-content\/uploads\/2016\/11\/pratto.jpg?resize=940%2C627&#038;ssl=1\" alt=\"pratto\" width=\"940\" height=\"627\" \/><\/span><\/p>\n<p>Jorge Sampaoli, t\u00e9cnico do Sevilla, pediu ao presidente do clube a contrata\u00e7\u00e3o de Lucas Pratto. Treinador argentino quer o atacante na janela de transfer\u00eancia em janeiro. E deu ind\u00edcios que pode liberar Paulo Henrique Ganso, segundo noticia a imprensa de Madri nesta sexta-feira (25\/11). O meia seria envolvido em uma eventual troca com o Atl\u00e9tico-MG. Pratto \u00e9 cobi\u00e7ado por Palmeiras e clubes da China.<\/p>\n<p>Uma das car\u00eancias do Sevilla \u00e9 o ataque. Sampaoli disse \u00e0 imprensa espanhola que seu time poderia ter conquistado mais pontos no campeonato se fosse mais forte na linha de frente. Da\u00ed o interesse no seu compatriota, que tem passaporte italiano e n\u00e3o ocuparia uma vaga de extracomunit\u00e1rio no clube.<\/p>\n<p>Para ter Pratto, o treinador abriria m\u00e3o de Ganso. Contratado em agosto, o ex-meia do S\u00e3o Paulo e Santos ainda n\u00e3o jogou o que dele Sampaoli esperava. Quando apostou no brasileiro, contava com uma dose criativa na arma\u00e7\u00e3o a servi\u00e7o dos atacantes. Ganso n\u00e3o tem sido titular e ainda n\u00e3o se adaptou ao ritmo do futebol na Espanha.<\/p>\n<p>No Atl\u00e9tico-MG, o presidente Daniel Nepomuceno disse que n\u00e3o recebeu nenhuma proposta por Pratto. Admite negociar seu atacante se a proposta for muito boa. E n\u00e3o comentou uma poss\u00edvel troca com o Sevilla envolvendo o argentino e Ganso.<\/p>\n<p>&nbsp;<\/p>\n","protected":false},"excerpt":{"rendered":"<p>Jorge Sampaoli, t\u00e9cnico do Sevilla, pediu ao presidente do clube a contrata\u00e7\u00e3o de Lucas Pratto. Treinador argentino quer [&hellip;]<\/p>\n","protected":false},"author":102107496,"featured_media":0,"comment_status":"open","ping_status":"open","sticky":false,"template":"","format":"standard","meta":{"_coblocks_attr":"","_coblocks_dimensions":"","_coblocks_responsive_height":"","_coblocks_accordion_ie_support":"","_jetpack_newsletter_access":"","_jetpack_dont_email_post_to_subs":false,"_jetpack_newsletter_tier_id":0,"_jetpack_memberships_contains_paywalled_content":false,"_wpcom_ai_launchpad_first_post":false,"_jetpack_feature_clip_id":0,"_jetpack_memberships_contains_paid_content":false,"footnotes":"","jetpack_publicize_message":"","jetpack_publicize_feature_enabled":true,"jetpack_social_post_already_shared":false,"jetpack_social_options":{"image_generator_settings":{"template":"highway","default_image_id":0,"font":"","enabled":false},"version":2},"jetpack_post_was_ever_published":false},"categories":[53870],"tags":[366291,789560560,12290446,51486930,18046339,5226238,26771,1114917],"class_list":["post-33034","post","type-post","status-publish","format-standard","hentry","category-futebol","tag-atletico-mg","tag-futebol","tag-jorge-sampaoli","tag-lucas-pratto","tag-paulo-henrique-ganso","tag-santosfc","tag-sevilla","tag-spfc"],"yoast_head":"<!-- This site is optimized with the Yoast SEO plugin v28.3 - https:\/\/yoast.com\/product\/yoast-seo-wordpress\/ -->\n<title>Sevilla quer Lucas Pratto e pode envolver Ganso na transa\u00e7\u00e3o - PR\u00d3SPERI NEWS<\/title>\n<meta name=\"robots\" content=\"index, follow, max-snippet:-1, max-image-preview:large, max-video-preview:-1\" \/>\n<link rel=\"canonical\" href=\"https:\/\/blogdoprosperi.com\/?p=33034\" \/>\n<meta property=\"og:locale\" content=\"pt_BR\" \/>\n<meta property=\"og:type\" content=\"article\" \/>\n<meta property=\"og:title\" content=\"Sevilla quer Lucas Pratto e pode envolver Ganso na transa\u00e7\u00e3o - PR\u00d3SPERI NEWS\" \/>\n<meta property=\"og:description\" content=\"Jorge Sampaoli, t\u00e9cnico do Sevilla, pediu ao presidente do clube a contrata\u00e7\u00e3o de Lucas Pratto. Treinador argentino quer [&hellip;]\" \/>\n<meta property=\"og:url\" content=\"https:\/\/blogdoprosperi.com\/?p=33034\" \/>\n<meta property=\"og:site_name\" content=\"PR\u00d3SPERI NEWS\" \/>\n<meta property=\"article:publisher\" content=\"Luiz Pr\u00f3speri\" \/>\n<meta property=\"article:author\" content=\"Luiz Pr\u00f3speri\" \/>\n<meta property=\"article:published_time\" content=\"2016-11-25T13:40:25+00:00\" \/>\n<meta property=\"og:image\" content=\"https:\/\/blogdoprosperi.com\/wp-content\/uploads\/2016\/11\/pratto.jpg\" \/>\n<meta name=\"author\" content=\"Luiz Ant\u00f4nio Pr\u00f3speri\" \/>\n<meta name=\"twitter:card\" content=\"summary_large_image\" \/>\n<meta name=\"twitter:creator\" content=\"@Luizprosperi\" \/>\n<meta name=\"twitter:site\" content=\"@Luizprosperi\" \/>\n<meta name=\"twitter:label1\" content=\"Escrito por\" \/>\n\t<meta name=\"twitter:data1\" content=\"Luiz Ant\u00f4nio Pr\u00f3speri\" \/>\n\t<meta name=\"twitter:label2\" content=\"Est. tempo de leitura\" \/>\n\t<meta name=\"twitter:data2\" content=\"1 minuto\" \/>\n<script type=\"application\/ld+json\" class=\"yoast-schema-graph\">{\"@context\":\"https:\\\/\\\/schema.org\",\"@graph\":[{\"@type\":\"Article\",\"@id\":\"https:\\\/\\\/blogdoprosperi.com\\\/?p=33034#article\",\"isPartOf\":{\"@id\":\"https:\\\/\\\/blogdoprosperi.com\\\/?p=33034\"},\"author\":{\"name\":\"Luiz Ant\u00f4nio Pr\u00f3speri\",\"@id\":\"https:\\\/\\\/blogdoprosperi.com\\\/#\\\/schema\\\/person\\\/38100755ce3601861ee4fab9b5aa78e9\"},\"headline\":\"Sevilla quer Lucas Pratto e pode envolver Ganso na transa\u00e7\u00e3o\",\"datePublished\":\"2016-11-25T13:40:25+00:00\",\"mainEntityOfPage\":{\"@id\":\"https:\\\/\\\/blogdoprosperi.com\\\/?p=33034\"},\"wordCount\":238,\"commentCount\":0,\"publisher\":{\"@id\":\"https:\\\/\\\/blogdoprosperi.com\\\/#\\\/schema\\\/person\\\/38100755ce3601861ee4fab9b5aa78e9\"},\"image\":{\"@id\":\"https:\\\/\\\/blogdoprosperi.com\\\/?p=33034#primaryimage\"},\"thumbnailUrl\":\"https:\\\/\\\/blogdoprosperi.com\\\/wp-content\\\/uploads\\\/2016\\\/11\\\/pratto.jpg\",\"keywords\":[\"Atl\u00e9tico-MG\",\"futebol\",\"Jorge Sampaoli\",\"Lucas Pratto\",\"paulo Henrique ganso\",\"SantosFC\",\"Sevilla\",\"SPFC\"],\"articleSection\":[\"futebol\"],\"inLanguage\":\"pt-BR\",\"potentialAction\":[{\"@type\":\"CommentAction\",\"name\":\"Comment\",\"target\":[\"https:\\\/\\\/blogdoprosperi.com\\\/?p=33034#respond\"]}]},{\"@type\":\"WebPage\",\"@id\":\"https:\\\/\\\/blogdoprosperi.com\\\/?p=33034\",\"url\":\"https:\\\/\\\/blogdoprosperi.com\\\/?p=33034\",\"name\":\"Sevilla quer Lucas Pratto e pode envolver Ganso na transa\u00e7\u00e3o - PR\u00d3SPERI NEWS\",\"isPartOf\":{\"@id\":\"https:\\\/\\\/blogdoprosperi.com\\\/#website\"},\"primaryImageOfPage\":{\"@id\":\"https:\\\/\\\/blogdoprosperi.com\\\/?p=33034#primaryimage\"},\"image\":{\"@id\":\"https:\\\/\\\/blogdoprosperi.com\\\/?p=33034#primaryimage\"},\"thumbnailUrl\":\"https:\\\/\\\/blogdoprosperi.com\\\/wp-content\\\/uploads\\\/2016\\\/11\\\/pratto.jpg\",\"datePublished\":\"2016-11-25T13:40:25+00:00\",\"breadcrumb\":{\"@id\":\"https:\\\/\\\/blogdoprosperi.com\\\/?p=33034#breadcrumb\"},\"inLanguage\":\"pt-BR\",\"potentialAction\":[{\"@type\":\"ReadAction\",\"target\":[\"https:\\\/\\\/blogdoprosperi.com\\\/?p=33034\"]}]},{\"@type\":\"ImageObject\",\"inLanguage\":\"pt-BR\",\"@id\":\"https:\\\/\\\/blogdoprosperi.com\\\/?p=33034#primaryimage\",\"url\":\"https:\\\/\\\/i0.wp.com\\\/blogdoprosperi.com\\\/wp-content\\\/uploads\\\/2016\\\/11\\\/pratto.jpg?fit=2048%2C1365&ssl=1\",\"contentUrl\":\"https:\\\/\\\/i0.wp.com\\\/blogdoprosperi.com\\\/wp-content\\\/uploads\\\/2016\\\/11\\\/pratto.jpg?fit=2048%2C1365&ssl=1\",\"width\":2048,\"height\":1365},{\"@type\":\"BreadcrumbList\",\"@id\":\"https:\\\/\\\/blogdoprosperi.com\\\/?p=33034#breadcrumb\",\"itemListElement\":[{\"@type\":\"ListItem\",\"position\":1,\"name\":\"In\u00edcio\",\"item\":\"https:\\\/\\\/blogdoprosperi.com\\\/\"},{\"@type\":\"ListItem\",\"position\":2,\"name\":\"Sevilla quer Lucas Pratto e pode envolver Ganso na transa\u00e7\u00e3o\"}]},{\"@type\":\"WebSite\",\"@id\":\"https:\\\/\\\/blogdoprosperi.com\\\/#website\",\"url\":\"https:\\\/\\\/blogdoprosperi.com\\\/\",\"name\":\"PR\u00d3SPERI NEWS\",\"description\":\"TUDO \u00c9  FUTEBOL\",\"publisher\":{\"@id\":\"https:\\\/\\\/blogdoprosperi.com\\\/#\\\/schema\\\/person\\\/38100755ce3601861ee4fab9b5aa78e9\"},\"alternateName\":\"blogdoprosperi.com\",\"potentialAction\":[{\"@type\":\"SearchAction\",\"target\":{\"@type\":\"EntryPoint\",\"urlTemplate\":\"https:\\\/\\\/blogdoprosperi.com\\\/?s={search_term_string}\"},\"query-input\":{\"@type\":\"PropertyValueSpecification\",\"valueRequired\":true,\"valueName\":\"search_term_string\"}}],\"inLanguage\":\"pt-BR\"},{\"@type\":[\"Person\",\"Organization\"],\"@id\":\"https:\\\/\\\/blogdoprosperi.com\\\/#\\\/schema\\\/person\\\/38100755ce3601861ee4fab9b5aa78e9\",\"name\":\"Luiz Ant\u00f4nio Pr\u00f3speri\",\"pronouns\":\"ele\",\"image\":{\"@type\":\"ImageObject\",\"inLanguage\":\"pt-BR\",\"@id\":\"https:\\\/\\\/i0.wp.com\\\/blogdoprosperi.com\\\/wp-content\\\/uploads\\\/2026\\\/05\\\/cropped-8059e613-6002-42fa-961e-8e275f575d71-2-5.jpg?fit=1360%2C931&ssl=1\",\"url\":\"https:\\\/\\\/i0.wp.com\\\/blogdoprosperi.com\\\/wp-content\\\/uploads\\\/2026\\\/05\\\/cropped-8059e613-6002-42fa-961e-8e275f575d71-2-5.jpg?fit=1360%2C931&ssl=1\",\"contentUrl\":\"https:\\\/\\\/i0.wp.com\\\/blogdoprosperi.com\\\/wp-content\\\/uploads\\\/2026\\\/05\\\/cropped-8059e613-6002-42fa-961e-8e275f575d71-2-5.jpg?fit=1360%2C931&ssl=1\",\"width\":1360,\"height\":931,\"caption\":\"Luiz Ant\u00f4nio Pr\u00f3speri\"},\"logo\":{\"@id\":\"https:\\\/\\\/i0.wp.com\\\/blogdoprosperi.com\\\/wp-content\\\/uploads\\\/2026\\\/05\\\/cropped-8059e613-6002-42fa-961e-8e275f575d71-2-5.jpg?fit=1360%2C931&ssl=1\"},\"description\":\"Jornalista com carreira dedicada ao esporte. Cobriu 9 Copas do Mundo in loco, 1990 na It\u00e1lia, 1994 nos EUA, 1998 na Fran\u00e7a, 2002 na Coreia do Sul e Jap\u00e3o, 2006 na Alemanha, 2010 na \u00c1frica do Sul, 2014 no Brasil, 2018 na R\u00fassia e 2022 no Qatar. Eurocopas, 1992 na Su\u00e9cia e 1996 na Inglaterra. Copa das Confedera\u00e7\u00f5es de 2005 na Alemanha e 2009 na \u00c1frica do Sul. Rep\u00f3rter e Editor, trabalhou no Jornal da Tarde e Estad\u00e3o, de 1984 a fevereiro de 2016. Colunista, blogueiro. E comentarista de futebol na R\u00e1dio Estad\u00e3o, de 2013 a fevereiro de 2016. Jornalista respons\u00e1vel do \\\"Pr\u00f3speri News\\\" (blogdoprosperi.com).\",\"sameAs\":[\"http:\\\/\\\/blogdoprosperi.com\",\"Luiz Pr\u00f3speri\",\"@luiz_prosperi\",\"https:\\\/\\\/x.com\\\/Luizprosperi\",\"@prosperinacopa\",\"luiz.prosperi@icloud.com\"],\"url\":\"https:\\\/\\\/blogdoprosperi.com\\\/?author=102107496\"}]}<\/script>\n<!-- \/ Yoast SEO plugin. -->","yoast_head_json":{"title":"Sevilla quer Lucas Pratto e pode envolver Ganso na transa\u00e7\u00e3o - PR\u00d3SPERI NEWS","robots":{"index":"index","follow":"follow","max-snippet":"max-snippet:-1","max-image-preview":"max-image-preview:large","max-video-preview":"max-video-preview:-1"},"canonical":"https:\/\/blogdoprosperi.com\/?p=33034","og_locale":"pt_BR","og_type":"article","og_title":"Sevilla quer Lucas Pratto e pode envolver Ganso na transa\u00e7\u00e3o - PR\u00d3SPERI NEWS","og_description":"Jorge Sampaoli, t\u00e9cnico do Sevilla, pediu ao presidente do clube a contrata\u00e7\u00e3o de Lucas Pratto. Treinador argentino quer [&hellip;]","og_url":"https:\/\/blogdoprosperi.com\/?p=33034","og_site_name":"PR\u00d3SPERI NEWS","article_publisher":"Luiz Pr\u00f3speri","article_author":"Luiz Pr\u00f3speri","article_published_time":"2016-11-25T13:40:25+00:00","og_image":[{"url":"https:\/\/blogdoprosperi.com\/wp-content\/uploads\/2016\/11\/pratto.jpg","type":"","width":"","height":""}],"author":"Luiz Ant\u00f4nio Pr\u00f3speri","twitter_card":"summary_large_image","twitter_creator":"@Luizprosperi","twitter_site":"@Luizprosperi","twitter_misc":{"Escrito por":"Luiz Ant\u00f4nio Pr\u00f3speri","Est. tempo de leitura":"1 minuto"},"schema":{"@context":"https:\/\/schema.org","@graph":[{"@type":"Article","@id":"https:\/\/blogdoprosperi.com\/?p=33034#article","isPartOf":{"@id":"https:\/\/blogdoprosperi.com\/?p=33034"},"author":{"name":"Luiz Ant\u00f4nio Pr\u00f3speri","@id":"https:\/\/blogdoprosperi.com\/#\/schema\/person\/38100755ce3601861ee4fab9b5aa78e9"},"headline":"Sevilla quer Lucas Pratto e pode envolver Ganso na transa\u00e7\u00e3o","datePublished":"2016-11-25T13:40:25+00:00","mainEntityOfPage":{"@id":"https:\/\/blogdoprosperi.com\/?p=33034"},"wordCount":238,"commentCount":0,"publisher":{"@id":"https:\/\/blogdoprosperi.com\/#\/schema\/person\/38100755ce3601861ee4fab9b5aa78e9"},"image":{"@id":"https:\/\/blogdoprosperi.com\/?p=33034#primaryimage"},"thumbnailUrl":"https:\/\/blogdoprosperi.com\/wp-content\/uploads\/2016\/11\/pratto.jpg","keywords":["Atl\u00e9tico-MG","futebol","Jorge Sampaoli","Lucas Pratto","paulo Henrique ganso","SantosFC","Sevilla","SPFC"],"articleSection":["futebol"],"inLanguage":"pt-BR","potentialAction":[{"@type":"CommentAction","name":"Comment","target":["https:\/\/blogdoprosperi.com\/?p=33034#respond"]}]},{"@type":"WebPage","@id":"https:\/\/blogdoprosperi.com\/?p=33034","url":"https:\/\/blogdoprosperi.com\/?p=33034","name":"Sevilla quer Lucas Pratto e pode envolver Ganso na transa\u00e7\u00e3o - PR\u00d3SPERI NEWS","isPartOf":{"@id":"https:\/\/blogdoprosperi.com\/#website"},"primaryImageOfPage":{"@id":"https:\/\/blogdoprosperi.com\/?p=33034#primaryimage"},"image":{"@id":"https:\/\/blogdoprosperi.com\/?p=33034#primaryimage"},"thumbnailUrl":"https:\/\/blogdoprosperi.com\/wp-content\/uploads\/2016\/11\/pratto.jpg","datePublished":"2016-11-25T13:40:25+00:00","breadcrumb":{"@id":"https:\/\/blogdoprosperi.com\/?p=33034#breadcrumb"},"inLanguage":"pt-BR","potentialAction":[{"@type":"ReadAction","target":["https:\/\/blogdoprosperi.com\/?p=33034"]}]},{"@type":"ImageObject","inLanguage":"pt-BR","@id":"https:\/\/blogdoprosperi.com\/?p=33034#primaryimage","url":"https:\/\/i0.wp.com\/blogdoprosperi.com\/wp-content\/uploads\/2016\/11\/pratto.jpg?fit=2048%2C1365&ssl=1","contentUrl":"https:\/\/i0.wp.com\/blogdoprosperi.com\/wp-content\/uploads\/2016\/11\/pratto.jpg?fit=2048%2C1365&ssl=1","width":2048,"height":1365},{"@type":"BreadcrumbList","@id":"https:\/\/blogdoprosperi.com\/?p=33034#breadcrumb","itemListElement":[{"@type":"ListItem","position":1,"name":"In\u00edcio","item":"https:\/\/blogdoprosperi.com\/"},{"@type":"ListItem","position":2,"name":"Sevilla quer Lucas Pratto e pode envolver Ganso na transa\u00e7\u00e3o"}]},{"@type":"WebSite","@id":"https:\/\/blogdoprosperi.com\/#website","url":"https:\/\/blogdoprosperi.com\/","name":"PR\u00d3SPERI NEWS","description":"TUDO \u00c9  FUTEBOL","publisher":{"@id":"https:\/\/blogdoprosperi.com\/#\/schema\/person\/38100755ce3601861ee4fab9b5aa78e9"},"alternateName":"blogdoprosperi.com","potentialAction":[{"@type":"SearchAction","target":{"@type":"EntryPoint","urlTemplate":"https:\/\/blogdoprosperi.com\/?s={search_term_string}"},"query-input":{"@type":"PropertyValueSpecification","valueRequired":true,"valueName":"search_term_string"}}],"inLanguage":"pt-BR"},{"@type":["Person","Organization"],"@id":"https:\/\/blogdoprosperi.com\/#\/schema\/person\/38100755ce3601861ee4fab9b5aa78e9","name":"Luiz Ant\u00f4nio Pr\u00f3speri","pronouns":"ele","image":{"@type":"ImageObject","inLanguage":"pt-BR","@id":"https:\/\/i0.wp.com\/blogdoprosperi.com\/wp-content\/uploads\/2026\/05\/cropped-8059e613-6002-42fa-961e-8e275f575d71-2-5.jpg?fit=1360%2C931&ssl=1","url":"https:\/\/i0.wp.com\/blogdoprosperi.com\/wp-content\/uploads\/2026\/05\/cropped-8059e613-6002-42fa-961e-8e275f575d71-2-5.jpg?fit=1360%2C931&ssl=1","contentUrl":"https:\/\/i0.wp.com\/blogdoprosperi.com\/wp-content\/uploads\/2026\/05\/cropped-8059e613-6002-42fa-961e-8e275f575d71-2-5.jpg?fit=1360%2C931&ssl=1","width":1360,"height":931,"caption":"Luiz Ant\u00f4nio Pr\u00f3speri"},"logo":{"@id":"https:\/\/i0.wp.com\/blogdoprosperi.com\/wp-content\/uploads\/2026\/05\/cropped-8059e613-6002-42fa-961e-8e275f575d71-2-5.jpg?fit=1360%2C931&ssl=1"},"description":"Jornalista com carreira dedicada ao esporte. Cobriu 9 Copas do Mundo in loco, 1990 na It\u00e1lia, 1994 nos EUA, 1998 na Fran\u00e7a, 2002 na Coreia do Sul e Jap\u00e3o, 2006 na Alemanha, 2010 na \u00c1frica do Sul, 2014 no Brasil, 2018 na R\u00fassia e 2022 no Qatar. Eurocopas, 1992 na Su\u00e9cia e 1996 na Inglaterra. Copa das Confedera\u00e7\u00f5es de 2005 na Alemanha e 2009 na \u00c1frica do Sul. Rep\u00f3rter e Editor, trabalhou no Jornal da Tarde e Estad\u00e3o, de 1984 a fevereiro de 2016. Colunista, blogueiro. E comentarista de futebol na R\u00e1dio Estad\u00e3o, de 2013 a fevereiro de 2016. Jornalista respons\u00e1vel do \"Pr\u00f3speri News\" (blogdoprosperi.com).","sameAs":["http:\/\/blogdoprosperi.com","Luiz Pr\u00f3speri","@luiz_prosperi","https:\/\/x.com\/Luizprosperi","@prosperinacopa","luiz.prosperi@icloud.com"],"url":"https:\/\/blogdoprosperi.com\/?author=102107496"}]}},"jetpack_publicize_connections":[],"jetpack_likes_enabled":false,"jetpack_sharing_enabled":true,"jetpack_shortlink":"https:\/\/wp.me\/p7jvdk-8AO","jetpack-related-posts":[{"id":14395,"url":"https:\/\/blogdoprosperi.com\/?p=14395","url_meta":{"origin":33034,"position":0},"title":"Ganso est\u00e1 de sa\u00edda do S\u00e3o Paulo","author":"Luiz Ant\u00f4nio Pr\u00f3speri","date":"1 de julho de 2016","format":false,"excerpt":"Paulo Henrique Ganso n\u00e3o quer renovar seu contrato com o S\u00e3o Paulo. Seu desejo \u00e9 jogar no Sevilla, ponto de partida para um salto maior no futebol europeu. Pesa a favor de sua sa\u00edda, nesta janela de transfer\u00eancia, a les\u00e3o na coxa direita que o afastou das semifinais da Copa\u2026","rel":"","context":"Em &quot;futebol&quot;","block_context":{"text":"futebol","link":"https:\/\/blogdoprosperi.com\/?cat=53870"},"img":{"alt_text":"","src":"https:\/\/i0.wp.com\/blogdoprosperi.com\/wp-content\/uploads\/2016\/07\/3500.jpg?resize=350%2C200&ssl=1","width":350,"height":200,"srcset":"https:\/\/i0.wp.com\/blogdoprosperi.com\/wp-content\/uploads\/2016\/07\/3500.jpg?resize=350%2C200&ssl=1 1x, https:\/\/i0.wp.com\/blogdoprosperi.com\/wp-content\/uploads\/2016\/07\/3500.jpg?resize=525%2C300&ssl=1 1.5x"},"classes":[]},{"id":15872,"url":"https:\/\/blogdoprosperi.com\/?p=15872","url_meta":{"origin":33034,"position":1},"title":"Ganso \u00e9 do Sevilla, admite presidente do S\u00e3o Paulo","author":"Luiz Ant\u00f4nio Pr\u00f3speri","date":"12 de julho de 2016","format":false,"excerpt":"Paulo Henrique Ganso \u00e9 jogador do Sevilla por 9,5 milh\u00f5es de euros (R$ 34,6 milh\u00f5es). O S\u00e3o Paulo levar\u00e1 5 milh\u00f5es de euros (R$ 18,4 milh\u00f5es) e o grupo DIS deve ter direito a 4 milh\u00f5es de euros (R$ 14,6%) e 20% de uma eventual venda futura. A divis\u00e3o leva\u2026","rel":"","context":"Em &quot;futebol&quot;","block_context":{"text":"futebol","link":"https:\/\/blogdoprosperi.com\/?cat=53870"},"img":{"alt_text":"","src":"https:\/\/i0.wp.com\/blogdoprosperi.com\/wp-content\/uploads\/2016\/07\/8-20.jpg?resize=350%2C200","width":350,"height":200},"classes":[]},{"id":34527,"url":"https:\/\/blogdoprosperi.com\/?p=34527","url_meta":{"origin":33034,"position":2},"title":"PH Ganso sofre no futebol espanhol","author":"Luiz Ant\u00f4nio Pr\u00f3speri","date":"6 de janeiro de 2017","format":false,"excerpt":"Paulo Henrique Ganso deixou o S\u00e3o Paulo negociado ao Sevilla por 10 milh\u00f5es de euros, em junho de 2016. Convenceu dirigentes do clube paulista do seu desejo de jogar no futebol europeu. Carregou com a sua transfer\u00eancia o sonho de se destacar no time de Jorge Sampaoli e dali pular\u2026","rel":"","context":"Em &quot;futebol&quot;","block_context":{"text":"futebol","link":"https:\/\/blogdoprosperi.com\/?cat=53870"},"img":{"alt_text":"","src":"https:\/\/i0.wp.com\/blogdoprosperi.com\/wp-content\/uploads\/2017\/01\/paulo-henrique-ganso-na-partida-do-sevilla-contra-o-alaves-pelo-campeonato-espanhol-1475346191264_956x500.jpg?resize=350%2C200&ssl=1","width":350,"height":200,"srcset":"https:\/\/i0.wp.com\/blogdoprosperi.com\/wp-content\/uploads\/2017\/01\/paulo-henrique-ganso-na-partida-do-sevilla-contra-o-alaves-pelo-campeonato-espanhol-1475346191264_956x500.jpg?resize=350%2C200&ssl=1 1x, https:\/\/i0.wp.com\/blogdoprosperi.com\/wp-content\/uploads\/2017\/01\/paulo-henrique-ganso-na-partida-do-sevilla-contra-o-alaves-pelo-campeonato-espanhol-1475346191264_956x500.jpg?resize=525%2C300&ssl=1 1.5x, https:\/\/i0.wp.com\/blogdoprosperi.com\/wp-content\/uploads\/2017\/01\/paulo-henrique-ganso-na-partida-do-sevilla-contra-o-alaves-pelo-campeonato-espanhol-1475346191264_956x500.jpg?resize=700%2C400&ssl=1 2x"},"classes":[]},{"id":15343,"url":"https:\/\/blogdoprosperi.com\/?p=15343","url_meta":{"origin":33034,"position":3},"title":"S\u00e3o Paulo pode perder Ganso, Rodrigo Caio, Calleri e Bauza","author":"Luiz Ant\u00f4nio Pr\u00f3speri","date":"7 de julho de 2016","format":false,"excerpt":"S\u00e3o Paulo vive um momento delicado ap\u00f3s a derrota ao Atl\u00e9tico Nacional nesta quarta-feira (06\/7). A pr\u00f3ximas semana ser\u00e1 decisiva ao futuro do clube paulista na temporada com a quase inevit\u00e1vel queda nas semifinais da Copa Libertadores. Pode ter perdas consider\u00e1veis. Paulo Henrique Ganso e Rodrigo Caio est\u00e3o de sa\u00edda.\u2026","rel":"","context":"Em &quot;futebol&quot;","block_context":{"text":"futebol","link":"https:\/\/blogdoprosperi.com\/?cat=53870"},"img":{"alt_text":"","src":"https:\/\/i0.wp.com\/blogdoprosperi.com\/wp-content\/uploads\/2016\/07\/85adb960-0246-11e6-8a5c-a362efbf840e_20160401111809396_3.jpg?resize=350%2C200&ssl=1","width":350,"height":200,"srcset":"https:\/\/i0.wp.com\/blogdoprosperi.com\/wp-content\/uploads\/2016\/07\/85adb960-0246-11e6-8a5c-a362efbf840e_20160401111809396_3.jpg?resize=350%2C200&ssl=1 1x, https:\/\/i0.wp.com\/blogdoprosperi.com\/wp-content\/uploads\/2016\/07\/85adb960-0246-11e6-8a5c-a362efbf840e_20160401111809396_3.jpg?resize=525%2C300&ssl=1 1.5x"},"classes":[]},{"id":16339,"url":"https:\/\/blogdoprosperi.com\/?p=16339","url_meta":{"origin":33034,"position":4},"title":"Ganso deixa S\u00e3o Paulo em busca de novo patamar no futebol europeu","author":"Luiz Ant\u00f4nio Pr\u00f3speri","date":"16 de julho de 2016","format":false,"excerpt":"Paulo Henrique Ganso, aos 26 anos, vai jogar no futebol da Espanha","rel":"","context":"Em &quot;futebol&quot;","block_context":{"text":"futebol","link":"https:\/\/blogdoprosperi.com\/?cat=53870"},"img":{"alt_text":"","src":"https:\/\/i0.wp.com\/blogdoprosperi.com\/wp-content\/uploads\/2016\/07\/neymar-and-ganso-490889.jpg?resize=350%2C200","width":350,"height":200,"srcset":"https:\/\/i0.wp.com\/blogdoprosperi.com\/wp-content\/uploads\/2016\/07\/neymar-and-ganso-490889.jpg?resize=350%2C200 1x, https:\/\/i0.wp.com\/blogdoprosperi.com\/wp-content\/uploads\/2016\/07\/neymar-and-ganso-490889.jpg?resize=525%2C300 1.5x"},"classes":[]},{"id":34982,"url":"https:\/\/blogdoprosperi.com\/?p=34982","url_meta":{"origin":33034,"position":5},"title":"Conhe\u00e7a opera\u00e7\u00e3o do S\u00e3o Paulo em busca de Lucas Pratto","author":"Luiz Ant\u00f4nio Pr\u00f3speri","date":"9 de fevereiro de 2017","format":false,"excerpt":"S\u00e3o Paulo precisa de um jogador de peso, de nome no mercado. Uma contrata\u00e7\u00e3o para provocar impacto no time de Rogerio Ceni e refor\u00e7ar os alicerces da candidatura do atual presidente Carlos Augusto de Barros e Silva (Leco) \u00e0 reelei\u00e7\u00e3o no comando do clube. Lucas Pratto precisa de um time\u2026","rel":"","context":"Em &quot;futebol&quot;","block_context":{"text":"futebol","link":"https:\/\/blogdoprosperi.com\/?cat=53870"},"img":{"alt_text":"","src":"https:\/\/i0.wp.com\/blogdoprosperi.com\/wp-content\/uploads\/2017\/02\/32616769352_3aa202722d_z.jpg?resize=350%2C200&ssl=1","width":350,"height":200,"srcset":"https:\/\/i0.wp.com\/blogdoprosperi.com\/wp-content\/uploads\/2017\/02\/32616769352_3aa202722d_z.jpg?resize=350%2C200&ssl=1 1x, https:\/\/i0.wp.com\/blogdoprosperi.com\/wp-content\/uploads\/2017\/02\/32616769352_3aa202722d_z.jpg?resize=525%2C300&ssl=1 1.5x"},"classes":[]}],"jetpack_featured_media_url":"","_links":{"self":[{"href":"https:\/\/blogdoprosperi.com\/index.php?rest_route=\/wp\/v2\/posts\/33034","targetHints":{"allow":["GET"]}}],"collection":[{"href":"https:\/\/blogdoprosperi.com\/index.php?rest_route=\/wp\/v2\/posts"}],"about":[{"href":"https:\/\/blogdoprosperi.com\/index.php?rest_route=\/wp\/v2\/types\/post"}],"author":[{"embeddable":true,"href":"https:\/\/blogdoprosperi.com\/index.php?rest_route=\/wp\/v2\/users\/102107496"}],"replies":[{"embeddable":true,"href":"https:\/\/blogdoprosperi.com\/index.php?rest_route=%2Fwp%2Fv2%2Fcomments&post=33034"}],"version-history":[{"count":24,"href":"https:\/\/blogdoprosperi.com\/index.php?rest_route=\/wp\/v2\/posts\/33034\/revisions"}],"predecessor-version":[{"id":33059,"href":"https:\/\/blogdoprosperi.com\/index.php?rest_route=\/wp\/v2\/posts\/33034\/revisions\/33059"}],"wp:attachment":[{"href":"https:\/\/blogdoprosperi.com\/index.php?rest_route=%2Fwp%2Fv2%2Fmedia&parent=33034"}],"wp:term":[{"taxonomy":"category","embeddable":true,"href":"https:\/\/blogdoprosperi.com\/index.php?rest_route=%2Fwp%2Fv2%2Fcategories&post=33034"},{"taxonomy":"post_tag","embeddable":true,"href":"https:\/\/blogdoprosperi.com\/index.php?rest_route=%2Fwp%2Fv2%2Ftags&post=33034"}],"curies":[{"name":"wp","href":"https:\/\/api.w.org\/{rel}","templated":true}]}}