{"id":33060,"date":"2016-11-26T19:50:33","date_gmt":"2016-11-26T21:50:33","guid":{"rendered":"http:\/\/blogdoprosperi.com\/?p=33060"},"modified":"2016-11-26T20:01:12","modified_gmt":"2016-11-26T22:01:12","slug":"vasco-volta-a-serie-a-com-festa-e-vaias-da-torcida-no-maracana","status":"publish","type":"post","link":"https:\/\/blogdoprosperi.com\/?p=33060","title":{"rendered":"Festa e vaias da torcida na volta do Vasco \u00e0 S\u00e9rie A do Brasileir\u00e3o"},"content":{"rendered":"<p><span class=\"alignnone\"><img data-recalc-dims=\"1\" loading=\"lazy\" decoding=\"async\" data-attachment-id=\"33111\" data-permalink=\"https:\/\/blogdoprosperi.com\/?attachment_id=33111\" data-orig-file=\"https:\/\/i0.wp.com\/blogdoprosperi.com\/wp-content\/uploads\/2016\/11\/20161126194509_59.jpg?fit=800%2C534&amp;ssl=1\" data-orig-size=\"800,534\" data-comments-opened=\"1\" data-image-meta=\"{&quot;aperture&quot;:&quot;0&quot;,&quot;credit&quot;:&quot;&quot;,&quot;camera&quot;:&quot;&quot;,&quot;caption&quot;:&quot;&quot;,&quot;created_timestamp&quot;:&quot;0&quot;,&quot;copyright&quot;:&quot;&quot;,&quot;focal_length&quot;:&quot;0&quot;,&quot;iso&quot;:&quot;0&quot;,&quot;shutter_speed&quot;:&quot;0&quot;,&quot;title&quot;:&quot;&quot;,&quot;orientation&quot;:&quot;0&quot;}\" data-image-title=\"20161126194509_59\" data-image-description=\"\" data-image-caption=\"\" data-large-file=\"https:\/\/i0.wp.com\/blogdoprosperi.com\/wp-content\/uploads\/2016\/11\/20161126194509_59.jpg?fit=800%2C534&amp;ssl=1\" class=\"alignnone size-full wp-image-33111\" src=\"https:\/\/i0.wp.com\/blogdoprosperi.com\/wp-content\/uploads\/2016\/11\/20161126194509_59.jpg?resize=800%2C534&#038;ssl=1\" alt=\"20161126194509_59\" width=\"800\" height=\"534\" \/><\/span><\/p>\n<p>Vasco volta \u00e0 S\u00e9rie A do Brasileir\u00e3o depois de passar um susto na sua torcida. Acabou com o drama ao vencer de virada o Cear\u00e1 por 2 a 1 diante de 56.426 pagantes no Maracan\u00e3. N\u00e3o foi um regresso triunfal. Ao mesmo tempo que celebraram a classifica\u00e7\u00e3o, vasca\u00ednos vaiaram por cinco minutos dirigentes, jogadores e comiss\u00e3o t\u00e9cnica &#8211; um jeito de manifestar o inconformismo de ver um gigante combalido se reencontrar com o grupo de elite do futebol brasileiro.<\/p>\n<p>Na pr\u00f3xima temporada, a promessa do presidente Eurico Miranda \u00e9 de reconstru\u00e7\u00e3o do time. T\u00e9cnico Jorginho n\u00e3o vai ficar. Seu sucessor n\u00e3o est\u00e1 definido &#8211; nome de Vanderlei Luxemburgo, s\u00f3 para variar, \u00e9 especulado em S\u00e3o Janu\u00e1rio. Muitos jogadores, a maioria deles acima dos 30 anos, est\u00e3o de sa\u00edda. Sem caixa, Eurico n\u00e3o vai fazer milagre.<\/p>\n<p><strong>O JOGO<\/strong><\/p>\n<p>Vasco n\u00e3o deu import\u00e2ncia \u00e0 imensa torcida no primeiro tempo no Maracan\u00e3. Lento como um time de veteranos, sem sa\u00edda de bola e esqu\u00e1lido no ataque n\u00e3o deu o menor trabalho ao Cear\u00e1. Jogou como se fosse uma rodada do meio de um campeonato. N\u00e3o entendeu que a partida era de vida ou morte. Valia vaga na S\u00e9rie A do Brasileiro de 2017 e adeus ao inferno da S\u00e9rie B, um lugar que n\u00e3o combina com os grandes clubes.<\/p>\n<p>Indol\u00eancia no campo e afli\u00e7\u00e3o e agonia nas arquibancadas. Pouco mais de 56 mil torcedores n\u00e3o se conformavam com apatia do cruzmaltino. Quando sofreu o gol de Eduardo, a massa s\u00f3 n\u00e3o desceu ao gramado porque l\u00e1 no Recife o Oeste vencia o N\u00e1utico &#8211; concorrente direto do Vasco \u00e0 classifica\u00e7\u00e3o. Um drama desnecess\u00e1rio.<\/p>\n<p>Ao apito do \u00e1rbitro, encerrando a primeira parte do jogo, a torcida vasca\u00edna vaiou os seus e aclamou o Oeste, time do interior paulista, que naquele momento ampliava a vantagem em cima do N\u00e1utico com 2 a 0.<\/p>\n<p>Jogadores do Vasco e o t\u00e9cnico Jorginho desceram aos vesti\u00e1rios assustados. N\u00e3o fosse a generosa ajuda do Oeste e o time carioca continuaria na S\u00e9rie B. Algo teria de ser feito no segundo tempo.<\/p>\n<p>Jorginho voltou do intervalo com o velho atacante Eder Luiz no lugar do volante Diguinho. E partiu como uma manada em busca dos gols. Com apenas quatro minutos, virou para 2 a 1 com dois gols de Thalles, revelado na base do clube. Ao marcar o segundo, Thalles tirou a camisa e se jogou ao gramado chorando como uma crian\u00e7a.<\/p>\n<div class=\"jetpack-video-wrapper\"><span class=\"embed-youtube\" style=\"text-align:center; display: block;\"><iframe loading=\"lazy\" class=\"youtube-player\" width=\"560\" height=\"315\" src=\"https:\/\/www.youtube.com\/embed\/eNryZ_VFbq0?version=3&#038;rel=1&#038;showsearch=0&#038;showinfo=1&#038;iv_load_policy=1&#038;fs=1&#038;hl=pt-BR&#038;autohide=2&#038;wmode=transparent\" allowfullscreen=\"true\" style=\"border:0;\" sandbox=\"allow-scripts allow-same-origin allow-popups allow-presentation allow-popups-to-escape-sandbox\"><\/iframe><\/span><\/div>\n<p>Era um presente e uma resposta aos torcedores. Eles n\u00e3o precisavam mais de torcer pelo Oeste naquele momento. A tarde dram\u00e1tica come\u00e7ava a ter contornos de uma festa.<\/p>\n<p>Cear\u00e1 responde com uma bola no travess\u00e3o e adianta suas pe\u00e7as. Vasco recua. Abaixa adrenalina e passa a contar os minutos \u00e0 espera do apito final. O jogo perde impacto. Cora\u00e7\u00e3o nas arquibancadas do Maraca diminui ritmo das batidas. Era o fim de um sofrimento depois da queda acentuada de produ\u00e7\u00e3o do time nas \u00faltimas 11 rodadas.<\/p>\n<p>Quando o \u00e1rbitro encerrou o jogo, o t\u00e9cnico Jorginho e o auxiliar Zinho se ajoelharam no gramado abra\u00e7ados a mais dois assessores. Apontaram ao c\u00e9u. Ufa! Conseguiram. A volta ao grupo de elite, uma barbada no in\u00edcio da S\u00e9rie B, estava enfim garantida.<\/p>\n<p>Vasco (terceiro colocado) se junta a Atl\u00e9tico-GO (campe\u00e3o), Ava\u00ed (segundo lugar) e Bahia (quarto lugar) \u00a0na S\u00e9rie A do Campeonato Brasileiro. Acabou a agonia.<\/p>\n","protected":false},"excerpt":{"rendered":"<p>Vasco volta \u00e0 S\u00e9rie A do Brasileir\u00e3o depois de passar um susto na sua torcida. Acabou com o [&hellip;]<\/p>\n","protected":false},"author":102107496,"featured_media":0,"comment_status":"open","ping_status":"open","sticky":false,"template":"","format":"standard","meta":{"_coblocks_attr":"","_coblocks_dimensions":"","_coblocks_responsive_height":"","_coblocks_accordion_ie_support":"","_jetpack_newsletter_access":"","_jetpack_dont_email_post_to_subs":false,"_jetpack_newsletter_tier_id":0,"_jetpack_memberships_contains_paywalled_content":false,"_wpcom_ai_launchpad_first_post":false,"_jetpack_feature_clip_id":0,"_jetpack_memberships_contains_paid_content":false,"footnotes":"","jetpack_publicize_message":"","jetpack_publicize_feature_enabled":true,"jetpack_social_post_already_shared":false,"jetpack_social_options":{"image_generator_settings":{"template":"highway","default_image_id":0,"font":"","enabled":false},"version":2},"jetpack_post_was_ever_published":false},"categories":[355071,53870],"tags":[549488434,4882449,789560560,408967,549488435,6208821],"class_list":["post-33060","post","type-post","status-publish","format-standard","hentry","category-campeonato-brasileiro","category-futebol","tag-cearaec","tag-cr-vasco-da-gama","tag-futebol","tag-maracana","tag-serie-b-brasileiro-2016","tag-thalles"],"yoast_head":"<!-- This site is optimized with the Yoast SEO plugin v28.4 - https:\/\/yoast.com\/product\/yoast-seo-wordpress\/ -->\n<title>Festa e vaias da torcida na volta do Vasco \u00e0 S\u00e9rie A do Brasileir\u00e3o - PR\u00d3SPERI NEWS<\/title>\n<meta name=\"robots\" content=\"index, follow, max-snippet:-1, max-image-preview:large, max-video-preview:-1\" \/>\n<link rel=\"canonical\" href=\"https:\/\/blogdoprosperi.com\/?p=33060\" \/>\n<meta property=\"og:locale\" content=\"pt_BR\" \/>\n<meta property=\"og:type\" content=\"article\" \/>\n<meta property=\"og:title\" content=\"Festa e vaias da torcida na volta do Vasco \u00e0 S\u00e9rie A do Brasileir\u00e3o - PR\u00d3SPERI NEWS\" \/>\n<meta property=\"og:description\" content=\"Vasco volta \u00e0 S\u00e9rie A do Brasileir\u00e3o depois de passar um susto na sua torcida. Acabou com o [&hellip;]\" \/>\n<meta property=\"og:url\" content=\"https:\/\/blogdoprosperi.com\/?p=33060\" \/>\n<meta property=\"og:site_name\" content=\"PR\u00d3SPERI NEWS\" \/>\n<meta property=\"article:publisher\" content=\"Luiz Pr\u00f3speri\" \/>\n<meta property=\"article:author\" content=\"Luiz Pr\u00f3speri\" \/>\n<meta property=\"article:published_time\" content=\"2016-11-26T21:50:33+00:00\" \/>\n<meta property=\"article:modified_time\" content=\"2016-11-26T22:01:12+00:00\" \/>\n<meta property=\"og:image\" content=\"https:\/\/blogdoprosperi.com\/wp-content\/uploads\/2016\/11\/20161126194509_59.jpg\" \/>\n<meta name=\"author\" content=\"Luiz Ant\u00f4nio Pr\u00f3speri\" \/>\n<meta name=\"twitter:card\" content=\"summary_large_image\" \/>\n<meta name=\"twitter:creator\" content=\"@Luizprosperi\" \/>\n<meta name=\"twitter:site\" content=\"@Luizprosperi\" \/>\n<meta name=\"twitter:label1\" content=\"Escrito por\" \/>\n\t<meta name=\"twitter:data1\" content=\"Luiz Ant\u00f4nio Pr\u00f3speri\" \/>\n\t<meta name=\"twitter:label2\" content=\"Est. tempo de leitura\" \/>\n\t<meta name=\"twitter:data2\" content=\"3 minutos\" \/>\n<script type=\"application\/ld+json\" class=\"yoast-schema-graph\">{\"@context\":\"https:\\\/\\\/schema.org\",\"@graph\":[{\"@type\":\"Article\",\"@id\":\"https:\\\/\\\/blogdoprosperi.com\\\/?p=33060#article\",\"isPartOf\":{\"@id\":\"https:\\\/\\\/blogdoprosperi.com\\\/?p=33060\"},\"author\":{\"name\":\"Luiz Ant\u00f4nio Pr\u00f3speri\",\"@id\":\"https:\\\/\\\/blogdoprosperi.com\\\/#\\\/schema\\\/person\\\/38100755ce3601861ee4fab9b5aa78e9\"},\"headline\":\"Festa e vaias da torcida na volta do Vasco \u00e0 S\u00e9rie A do Brasileir\u00e3o\",\"datePublished\":\"2016-11-26T21:50:33+00:00\",\"dateModified\":\"2016-11-26T22:01:12+00:00\",\"mainEntityOfPage\":{\"@id\":\"https:\\\/\\\/blogdoprosperi.com\\\/?p=33060\"},\"wordCount\":620,\"commentCount\":0,\"publisher\":{\"@id\":\"https:\\\/\\\/blogdoprosperi.com\\\/#\\\/schema\\\/person\\\/38100755ce3601861ee4fab9b5aa78e9\"},\"image\":{\"@id\":\"https:\\\/\\\/blogdoprosperi.com\\\/?p=33060#primaryimage\"},\"thumbnailUrl\":\"https:\\\/\\\/blogdoprosperi.com\\\/wp-content\\\/uploads\\\/2016\\\/11\\\/20161126194509_59.jpg\",\"keywords\":[\"Cear\u00e1EC\",\"CR Vasco da Gama\",\"futebol\",\"Maracan\u00e3\",\"S\u00e9rie B Brasileiro 2016\",\"Thalles\"],\"articleSection\":[\"Campeonato Brasileiro\",\"futebol\"],\"inLanguage\":\"pt-BR\",\"potentialAction\":[{\"@type\":\"CommentAction\",\"name\":\"Comment\",\"target\":[\"https:\\\/\\\/blogdoprosperi.com\\\/?p=33060#respond\"]}]},{\"@type\":\"WebPage\",\"@id\":\"https:\\\/\\\/blogdoprosperi.com\\\/?p=33060\",\"url\":\"https:\\\/\\\/blogdoprosperi.com\\\/?p=33060\",\"name\":\"Festa e vaias da torcida na volta do Vasco \u00e0 S\u00e9rie A do Brasileir\u00e3o - PR\u00d3SPERI NEWS\",\"isPartOf\":{\"@id\":\"https:\\\/\\\/blogdoprosperi.com\\\/#website\"},\"primaryImageOfPage\":{\"@id\":\"https:\\\/\\\/blogdoprosperi.com\\\/?p=33060#primaryimage\"},\"image\":{\"@id\":\"https:\\\/\\\/blogdoprosperi.com\\\/?p=33060#primaryimage\"},\"thumbnailUrl\":\"https:\\\/\\\/blogdoprosperi.com\\\/wp-content\\\/uploads\\\/2016\\\/11\\\/20161126194509_59.jpg\",\"datePublished\":\"2016-11-26T21:50:33+00:00\",\"dateModified\":\"2016-11-26T22:01:12+00:00\",\"breadcrumb\":{\"@id\":\"https:\\\/\\\/blogdoprosperi.com\\\/?p=33060#breadcrumb\"},\"inLanguage\":\"pt-BR\",\"potentialAction\":[{\"@type\":\"ReadAction\",\"target\":[\"https:\\\/\\\/blogdoprosperi.com\\\/?p=33060\"]}]},{\"@type\":\"ImageObject\",\"inLanguage\":\"pt-BR\",\"@id\":\"https:\\\/\\\/blogdoprosperi.com\\\/?p=33060#primaryimage\",\"url\":\"https:\\\/\\\/i0.wp.com\\\/blogdoprosperi.com\\\/wp-content\\\/uploads\\\/2016\\\/11\\\/20161126194509_59.jpg?fit=800%2C534&ssl=1\",\"contentUrl\":\"https:\\\/\\\/i0.wp.com\\\/blogdoprosperi.com\\\/wp-content\\\/uploads\\\/2016\\\/11\\\/20161126194509_59.jpg?fit=800%2C534&ssl=1\",\"width\":800,\"height\":534},{\"@type\":\"BreadcrumbList\",\"@id\":\"https:\\\/\\\/blogdoprosperi.com\\\/?p=33060#breadcrumb\",\"itemListElement\":[{\"@type\":\"ListItem\",\"position\":1,\"name\":\"In\u00edcio\",\"item\":\"https:\\\/\\\/blogdoprosperi.com\\\/\"},{\"@type\":\"ListItem\",\"position\":2,\"name\":\"Festa e vaias da torcida na volta do Vasco \u00e0 S\u00e9rie A do Brasileir\u00e3o\"}]},{\"@type\":\"WebSite\",\"@id\":\"https:\\\/\\\/blogdoprosperi.com\\\/#website\",\"url\":\"https:\\\/\\\/blogdoprosperi.com\\\/\",\"name\":\"PR\u00d3SPERI NEWS\",\"description\":\"TUDO \u00c9  FUTEBOL\",\"publisher\":{\"@id\":\"https:\\\/\\\/blogdoprosperi.com\\\/#\\\/schema\\\/person\\\/38100755ce3601861ee4fab9b5aa78e9\"},\"alternateName\":\"blogdoprosperi.com\",\"potentialAction\":[{\"@type\":\"SearchAction\",\"target\":{\"@type\":\"EntryPoint\",\"urlTemplate\":\"https:\\\/\\\/blogdoprosperi.com\\\/?s={search_term_string}\"},\"query-input\":{\"@type\":\"PropertyValueSpecification\",\"valueRequired\":true,\"valueName\":\"search_term_string\"}}],\"inLanguage\":\"pt-BR\"},{\"@type\":[\"Person\",\"Organization\"],\"@id\":\"https:\\\/\\\/blogdoprosperi.com\\\/#\\\/schema\\\/person\\\/38100755ce3601861ee4fab9b5aa78e9\",\"name\":\"Luiz Ant\u00f4nio Pr\u00f3speri\",\"pronouns\":\"ele\",\"image\":{\"@type\":\"ImageObject\",\"inLanguage\":\"pt-BR\",\"@id\":\"https:\\\/\\\/i0.wp.com\\\/blogdoprosperi.com\\\/wp-content\\\/uploads\\\/2026\\\/05\\\/cropped-8059e613-6002-42fa-961e-8e275f575d71-2-5.jpg?fit=1360%2C931&ssl=1\",\"url\":\"https:\\\/\\\/i0.wp.com\\\/blogdoprosperi.com\\\/wp-content\\\/uploads\\\/2026\\\/05\\\/cropped-8059e613-6002-42fa-961e-8e275f575d71-2-5.jpg?fit=1360%2C931&ssl=1\",\"contentUrl\":\"https:\\\/\\\/i0.wp.com\\\/blogdoprosperi.com\\\/wp-content\\\/uploads\\\/2026\\\/05\\\/cropped-8059e613-6002-42fa-961e-8e275f575d71-2-5.jpg?fit=1360%2C931&ssl=1\",\"width\":1360,\"height\":931,\"caption\":\"Luiz Ant\u00f4nio Pr\u00f3speri\"},\"logo\":{\"@id\":\"https:\\\/\\\/i0.wp.com\\\/blogdoprosperi.com\\\/wp-content\\\/uploads\\\/2026\\\/05\\\/cropped-8059e613-6002-42fa-961e-8e275f575d71-2-5.jpg?fit=1360%2C931&ssl=1\"},\"description\":\"Jornalista com carreira dedicada ao esporte. Cobriu 9 Copas do Mundo in loco, 1990 na It\u00e1lia, 1994 nos EUA, 1998 na Fran\u00e7a, 2002 na Coreia do Sul e Jap\u00e3o, 2006 na Alemanha, 2010 na \u00c1frica do Sul, 2014 no Brasil, 2018 na R\u00fassia e 2022 no Qatar. Eurocopas, 1992 na Su\u00e9cia e 1996 na Inglaterra. Copa das Confedera\u00e7\u00f5es de 2005 na Alemanha e 2009 na \u00c1frica do Sul. Rep\u00f3rter e Editor, trabalhou no Jornal da Tarde e Estad\u00e3o, de 1984 a fevereiro de 2016. Colunista, blogueiro. E comentarista de futebol na R\u00e1dio Estad\u00e3o, de 2013 a fevereiro de 2016. Jornalista respons\u00e1vel do \\\"Pr\u00f3speri News\\\" (blogdoprosperi.com).\",\"sameAs\":[\"http:\\\/\\\/blogdoprosperi.com\",\"Luiz Pr\u00f3speri\",\"@luiz_prosperi\",\"https:\\\/\\\/x.com\\\/Luizprosperi\",\"@prosperinacopa\",\"luiz.prosperi@icloud.com\"],\"url\":\"https:\\\/\\\/blogdoprosperi.com\\\/?author=102107496\"}]}<\/script>\n<!-- \/ Yoast SEO plugin. -->","yoast_head_json":{"title":"Festa e vaias da torcida na volta do Vasco \u00e0 S\u00e9rie A do Brasileir\u00e3o - PR\u00d3SPERI NEWS","robots":{"index":"index","follow":"follow","max-snippet":"max-snippet:-1","max-image-preview":"max-image-preview:large","max-video-preview":"max-video-preview:-1"},"canonical":"https:\/\/blogdoprosperi.com\/?p=33060","og_locale":"pt_BR","og_type":"article","og_title":"Festa e vaias da torcida na volta do Vasco \u00e0 S\u00e9rie A do Brasileir\u00e3o - PR\u00d3SPERI NEWS","og_description":"Vasco volta \u00e0 S\u00e9rie A do Brasileir\u00e3o depois de passar um susto na sua torcida. Acabou com o [&hellip;]","og_url":"https:\/\/blogdoprosperi.com\/?p=33060","og_site_name":"PR\u00d3SPERI NEWS","article_publisher":"Luiz Pr\u00f3speri","article_author":"Luiz Pr\u00f3speri","article_published_time":"2016-11-26T21:50:33+00:00","article_modified_time":"2016-11-26T22:01:12+00:00","og_image":[{"url":"https:\/\/blogdoprosperi.com\/wp-content\/uploads\/2016\/11\/20161126194509_59.jpg","type":"","width":"","height":""}],"author":"Luiz Ant\u00f4nio Pr\u00f3speri","twitter_card":"summary_large_image","twitter_creator":"@Luizprosperi","twitter_site":"@Luizprosperi","twitter_misc":{"Escrito por":"Luiz Ant\u00f4nio Pr\u00f3speri","Est. tempo de leitura":"3 minutos"},"schema":{"@context":"https:\/\/schema.org","@graph":[{"@type":"Article","@id":"https:\/\/blogdoprosperi.com\/?p=33060#article","isPartOf":{"@id":"https:\/\/blogdoprosperi.com\/?p=33060"},"author":{"name":"Luiz Ant\u00f4nio Pr\u00f3speri","@id":"https:\/\/blogdoprosperi.com\/#\/schema\/person\/38100755ce3601861ee4fab9b5aa78e9"},"headline":"Festa e vaias da torcida na volta do Vasco \u00e0 S\u00e9rie A do Brasileir\u00e3o","datePublished":"2016-11-26T21:50:33+00:00","dateModified":"2016-11-26T22:01:12+00:00","mainEntityOfPage":{"@id":"https:\/\/blogdoprosperi.com\/?p=33060"},"wordCount":620,"commentCount":0,"publisher":{"@id":"https:\/\/blogdoprosperi.com\/#\/schema\/person\/38100755ce3601861ee4fab9b5aa78e9"},"image":{"@id":"https:\/\/blogdoprosperi.com\/?p=33060#primaryimage"},"thumbnailUrl":"https:\/\/blogdoprosperi.com\/wp-content\/uploads\/2016\/11\/20161126194509_59.jpg","keywords":["Cear\u00e1EC","CR Vasco da Gama","futebol","Maracan\u00e3","S\u00e9rie B Brasileiro 2016","Thalles"],"articleSection":["Campeonato Brasileiro","futebol"],"inLanguage":"pt-BR","potentialAction":[{"@type":"CommentAction","name":"Comment","target":["https:\/\/blogdoprosperi.com\/?p=33060#respond"]}]},{"@type":"WebPage","@id":"https:\/\/blogdoprosperi.com\/?p=33060","url":"https:\/\/blogdoprosperi.com\/?p=33060","name":"Festa e vaias da torcida na volta do Vasco \u00e0 S\u00e9rie A do Brasileir\u00e3o - PR\u00d3SPERI NEWS","isPartOf":{"@id":"https:\/\/blogdoprosperi.com\/#website"},"primaryImageOfPage":{"@id":"https:\/\/blogdoprosperi.com\/?p=33060#primaryimage"},"image":{"@id":"https:\/\/blogdoprosperi.com\/?p=33060#primaryimage"},"thumbnailUrl":"https:\/\/blogdoprosperi.com\/wp-content\/uploads\/2016\/11\/20161126194509_59.jpg","datePublished":"2016-11-26T21:50:33+00:00","dateModified":"2016-11-26T22:01:12+00:00","breadcrumb":{"@id":"https:\/\/blogdoprosperi.com\/?p=33060#breadcrumb"},"inLanguage":"pt-BR","potentialAction":[{"@type":"ReadAction","target":["https:\/\/blogdoprosperi.com\/?p=33060"]}]},{"@type":"ImageObject","inLanguage":"pt-BR","@id":"https:\/\/blogdoprosperi.com\/?p=33060#primaryimage","url":"https:\/\/i0.wp.com\/blogdoprosperi.com\/wp-content\/uploads\/2016\/11\/20161126194509_59.jpg?fit=800%2C534&ssl=1","contentUrl":"https:\/\/i0.wp.com\/blogdoprosperi.com\/wp-content\/uploads\/2016\/11\/20161126194509_59.jpg?fit=800%2C534&ssl=1","width":800,"height":534},{"@type":"BreadcrumbList","@id":"https:\/\/blogdoprosperi.com\/?p=33060#breadcrumb","itemListElement":[{"@type":"ListItem","position":1,"name":"In\u00edcio","item":"https:\/\/blogdoprosperi.com\/"},{"@type":"ListItem","position":2,"name":"Festa e vaias da torcida na volta do Vasco \u00e0 S\u00e9rie A do Brasileir\u00e3o"}]},{"@type":"WebSite","@id":"https:\/\/blogdoprosperi.com\/#website","url":"https:\/\/blogdoprosperi.com\/","name":"PR\u00d3SPERI NEWS","description":"TUDO \u00c9  FUTEBOL","publisher":{"@id":"https:\/\/blogdoprosperi.com\/#\/schema\/person\/38100755ce3601861ee4fab9b5aa78e9"},"alternateName":"blogdoprosperi.com","potentialAction":[{"@type":"SearchAction","target":{"@type":"EntryPoint","urlTemplate":"https:\/\/blogdoprosperi.com\/?s={search_term_string}"},"query-input":{"@type":"PropertyValueSpecification","valueRequired":true,"valueName":"search_term_string"}}],"inLanguage":"pt-BR"},{"@type":["Person","Organization"],"@id":"https:\/\/blogdoprosperi.com\/#\/schema\/person\/38100755ce3601861ee4fab9b5aa78e9","name":"Luiz Ant\u00f4nio Pr\u00f3speri","pronouns":"ele","image":{"@type":"ImageObject","inLanguage":"pt-BR","@id":"https:\/\/i0.wp.com\/blogdoprosperi.com\/wp-content\/uploads\/2026\/05\/cropped-8059e613-6002-42fa-961e-8e275f575d71-2-5.jpg?fit=1360%2C931&ssl=1","url":"https:\/\/i0.wp.com\/blogdoprosperi.com\/wp-content\/uploads\/2026\/05\/cropped-8059e613-6002-42fa-961e-8e275f575d71-2-5.jpg?fit=1360%2C931&ssl=1","contentUrl":"https:\/\/i0.wp.com\/blogdoprosperi.com\/wp-content\/uploads\/2026\/05\/cropped-8059e613-6002-42fa-961e-8e275f575d71-2-5.jpg?fit=1360%2C931&ssl=1","width":1360,"height":931,"caption":"Luiz Ant\u00f4nio Pr\u00f3speri"},"logo":{"@id":"https:\/\/i0.wp.com\/blogdoprosperi.com\/wp-content\/uploads\/2026\/05\/cropped-8059e613-6002-42fa-961e-8e275f575d71-2-5.jpg?fit=1360%2C931&ssl=1"},"description":"Jornalista com carreira dedicada ao esporte. Cobriu 9 Copas do Mundo in loco, 1990 na It\u00e1lia, 1994 nos EUA, 1998 na Fran\u00e7a, 2002 na Coreia do Sul e Jap\u00e3o, 2006 na Alemanha, 2010 na \u00c1frica do Sul, 2014 no Brasil, 2018 na R\u00fassia e 2022 no Qatar. Eurocopas, 1992 na Su\u00e9cia e 1996 na Inglaterra. Copa das Confedera\u00e7\u00f5es de 2005 na Alemanha e 2009 na \u00c1frica do Sul. Rep\u00f3rter e Editor, trabalhou no Jornal da Tarde e Estad\u00e3o, de 1984 a fevereiro de 2016. Colunista, blogueiro. E comentarista de futebol na R\u00e1dio Estad\u00e3o, de 2013 a fevereiro de 2016. Jornalista respons\u00e1vel do \"Pr\u00f3speri News\" (blogdoprosperi.com).","sameAs":["http:\/\/blogdoprosperi.com","Luiz Pr\u00f3speri","@luiz_prosperi","https:\/\/x.com\/Luizprosperi","@prosperinacopa","luiz.prosperi@icloud.com"],"url":"https:\/\/blogdoprosperi.com\/?author=102107496"}]}},"jetpack_publicize_connections":[],"jetpack_likes_enabled":false,"jetpack_sharing_enabled":true,"jetpack_shortlink":"https:\/\/wp.me\/p7jvdk-8Be","jetpack-related-posts":[{"id":39543,"url":"https:\/\/blogdoprosperi.com\/?p=39543","url_meta":{"origin":33060,"position":0},"title":"Cruzeiro volta \u00e0 S\u00e9rie A do Brasileir\u00e3o nos bra\u00e7os de Ronaldo Fen\u00f4meno","author":"Luiz Ant\u00f4nio Pr\u00f3speri","date":"21 de setembro de 2022","format":false,"excerpt":"CRUZEIRO VOLTA AO GRUPO DE ELITE E \"S\u00c9RIE A\" DO BRASILEIR\u00c3O 2023 PROMETE SER DAS MAIS DISPUTADAS COM CLUBES TURBINADOS POR INVESTIDORES ESTRANGEIROS","rel":"","context":"Em &quot;copa do mundo catar 2022&quot;","block_context":{"text":"copa do mundo catar 2022","link":"https:\/\/blogdoprosperi.com\/?cat=301049609"},"img":{"alt_text":"","src":"https:\/\/i0.wp.com\/blogdoprosperi.com\/wp-content\/uploads\/2022\/09\/52375683954_92c18fb3cf_c.jpg?fit=799%2C533&ssl=1&resize=350%2C200","width":350,"height":200,"srcset":"https:\/\/i0.wp.com\/blogdoprosperi.com\/wp-content\/uploads\/2022\/09\/52375683954_92c18fb3cf_c.jpg?fit=799%2C533&ssl=1&resize=350%2C200 1x, https:\/\/i0.wp.com\/blogdoprosperi.com\/wp-content\/uploads\/2022\/09\/52375683954_92c18fb3cf_c.jpg?fit=799%2C533&ssl=1&resize=525%2C300 1.5x, https:\/\/i0.wp.com\/blogdoprosperi.com\/wp-content\/uploads\/2022\/09\/52375683954_92c18fb3cf_c.jpg?fit=799%2C533&ssl=1&resize=700%2C400 2x"},"classes":[]},{"id":31622,"url":"https:\/\/blogdoprosperi.com\/?p=31622","url_meta":{"origin":33060,"position":1},"title":"Vasco est\u00e1 a um passo do abismo na S\u00e9rie B e vira fantasma nas borrifadas do charuto de Eurico Miranda","author":"Luiz Ant\u00f4nio Pr\u00f3speri","date":"9 de novembro de 2016","format":false,"excerpt":"Eurico Miranda voltou ao comando do Vasco ao vencer a elei\u00e7\u00e3o, em novembro de 2014, para o tri\u00eanio 2015-2016-2017. Naqueles dias, se cantou no Rio e na imensa comunidade cruzmaltina que o clube voltaria aos trilhos. O caudilho, importante nos anos de 1990, daria um jeito na agremia\u00e7\u00e3o ap\u00f3s desastrosa\u2026","rel":"","context":"Em &quot;Campeonato Brasileiro&quot;","block_context":{"text":"Campeonato Brasileiro","link":"https:\/\/blogdoprosperi.com\/?cat=355071"},"img":{"alt_text":"","src":"https:\/\/i0.wp.com\/blogdoprosperi.com\/wp-content\/uploads\/2016\/11\/im-php.jpeg?resize=350%2C200&ssl=1","width":350,"height":200,"srcset":"https:\/\/i0.wp.com\/blogdoprosperi.com\/wp-content\/uploads\/2016\/11\/im-php.jpeg?resize=350%2C200&ssl=1 1x, https:\/\/i0.wp.com\/blogdoprosperi.com\/wp-content\/uploads\/2016\/11\/im-php.jpeg?resize=525%2C300&ssl=1 1.5x, https:\/\/i0.wp.com\/blogdoprosperi.com\/wp-content\/uploads\/2016\/11\/im-php.jpeg?resize=700%2C400&ssl=1 2x"},"classes":[]},{"id":35846,"url":"https:\/\/blogdoprosperi.com\/?p=35846","url_meta":{"origin":33060,"position":2},"title":"Brasileir\u00e3o: Bahia show, Palmeiras sobra e S\u00e3o Paulo entra no labirinto","author":"Luiz Ant\u00f4nio Pr\u00f3speri","date":"15 de maio de 2017","format":false,"excerpt":"Brasileir\u00e3o 2017 come\u00e7a com uma boa m\u00e9dia de tr\u00eas gols por jogo, uma chacoalhada do Bahia para cima do Atl\u00e9tico-PR, a for\u00e7a do campe\u00e3o Palmeiras na volta de Cuca e incertezas quanto ao futuro do S\u00e3o Paulo de Rogerio Ceni, Corinthians, Santos e, em especial, do Vasco. Acompanhe an\u00e1lise da\u2026","rel":"","context":"Em &quot;futebol&quot;","block_context":{"text":"futebol","link":"https:\/\/blogdoprosperi.com\/?cat=53870"},"img":{"alt_text":"","src":"https:\/\/i0.wp.com\/blogdoprosperi.com\/wp-content\/uploads\/2017\/05\/bahia-x-atlc3a9tico-pr-1.jpg?fit=960%2C640&ssl=1&resize=350%2C200","width":350,"height":200,"srcset":"https:\/\/i0.wp.com\/blogdoprosperi.com\/wp-content\/uploads\/2017\/05\/bahia-x-atlc3a9tico-pr-1.jpg?fit=960%2C640&ssl=1&resize=350%2C200 1x, https:\/\/i0.wp.com\/blogdoprosperi.com\/wp-content\/uploads\/2017\/05\/bahia-x-atlc3a9tico-pr-1.jpg?fit=960%2C640&ssl=1&resize=525%2C300 1.5x, https:\/\/i0.wp.com\/blogdoprosperi.com\/wp-content\/uploads\/2017\/05\/bahia-x-atlc3a9tico-pr-1.jpg?fit=960%2C640&ssl=1&resize=700%2C400 2x"},"classes":[]},{"id":53374,"url":"https:\/\/blogdoprosperi.com\/?p=53374","url_meta":{"origin":33060,"position":3},"title":"Brasileir\u00e3o 2025, De Volta \u00e0 Terra Batida | Entenda a 13.\u00aa Rodada","author":"Luiz Ant\u00f4nio Pr\u00f3speri","date":"14 de julho de 2025","format":false,"excerpt":"\u2295 Gramados entupidos de areia, t\u00e9cnico demitido, arbitragens de baixa qualidade e gols espetaculares \u2295 Crise interna de t\u00e9cnico x \u00eddolo, chilique de estrangeiro, treinador dando gra\u00e7as a Deus depois de derrota Luiz Ant\u00f4nio Pr\u00f3speri \u2013 14 julho (18h10) Brasileir\u00e3o 2025 n\u00e3o muda absolutamente nada depois de 30 dias paralisado\u2026","rel":"","context":"Em &quot;brasileir\u00e3o 2025&quot;","block_context":{"text":"brasileir\u00e3o 2025","link":"https:\/\/blogdoprosperi.com\/?cat=775970846"},"img":{"alt_text":"Vojvoda cai o t\u00e9cnico longevo no Fortaleza","src":"https:\/\/i0.wp.com\/blogdoprosperi.com\/wp-content\/uploads\/2024\/09\/captura-de-tela-2024-09-19-as-12.50.08.png?fit=992%2C846&ssl=1&resize=350%2C200","width":350,"height":200,"srcset":"https:\/\/i0.wp.com\/blogdoprosperi.com\/wp-content\/uploads\/2024\/09\/captura-de-tela-2024-09-19-as-12.50.08.png?fit=992%2C846&ssl=1&resize=350%2C200 1x, https:\/\/i0.wp.com\/blogdoprosperi.com\/wp-content\/uploads\/2024\/09\/captura-de-tela-2024-09-19-as-12.50.08.png?fit=992%2C846&ssl=1&resize=525%2C300 1.5x, https:\/\/i0.wp.com\/blogdoprosperi.com\/wp-content\/uploads\/2024\/09\/captura-de-tela-2024-09-19-as-12.50.08.png?fit=992%2C846&ssl=1&resize=700%2C400 2x"},"classes":[]},{"id":41422,"url":"https:\/\/blogdoprosperi.com\/?p=41422","url_meta":{"origin":33060,"position":4},"title":"Clubes aprovam mais estrangeiros por time","author":"Luiz Ant\u00f4nio Pr\u00f3speri","date":"14 de fevereiro de 2023","format":false,"excerpt":"Clubes do grupo de elite do futebol brasileiro continuam divididos. A uni\u00e3o est\u00e1 muito longe de acontecer. N\u00e3o h\u00e1 entendimento na cria\u00e7\u00e3o de uma liga nacional redentora e rent\u00e1vel, muito menos na mudan\u00e7a do regulamento da S\u00e9rie A do Brasileir\u00e3o propondo redu\u00e7\u00e3o no n\u00famero de rebaixados \u00e0 S\u00e9rie B \u2013\u2026","rel":"","context":"Em &quot;Campeonato Brasileiro&quot;","block_context":{"text":"Campeonato Brasileiro","link":"https:\/\/blogdoprosperi.com\/?cat=355071"},"img":{"alt_text":"","src":"","width":0,"height":0},"classes":[]},{"id":46777,"url":"https:\/\/blogdoprosperi.com\/?p=46777","url_meta":{"origin":33060,"position":5},"title":"Brasileir\u00e3o 2024 | Ta\u00e7a, Dramas, Rebaixamento e Despedidas na \u00daltima Rodada","author":"Luiz Ant\u00f4nio Pr\u00f3speri","date":"7 de dezembro de 2024","format":false,"excerpt":"Luiz Ant\u00f4nio Pr\u00f3speri \u2013 7 dezembro (11h05) \u2013 Brasileir\u00e3o 2024 chega \u00e0 \u00faltima rodada (38.\u00aa) com disputa de t\u00edtulo, pavor do rebaixamento, dramas, despedidas, derrota do futebol para a viol\u00eancia, sucessos e fracassos da SAF e graves problemas de gest\u00e3o da CBF. Muitas hist\u00f3rias ser\u00e3o contadas nesse domingo (08\/12) a\u2026","rel":"","context":"Em &quot;futebol&quot;","block_context":{"text":"futebol","link":"https:\/\/blogdoprosperi.com\/?cat=53870"},"img":{"alt_text":"","src":"https:\/\/i0.wp.com\/blogdoprosperi.com\/wp-content\/uploads\/2024\/12\/trofeu-brasileirao-trivela-scaled-1.jpg?fit=1200%2C675&ssl=1&resize=350%2C200","width":350,"height":200,"srcset":"https:\/\/i0.wp.com\/blogdoprosperi.com\/wp-content\/uploads\/2024\/12\/trofeu-brasileirao-trivela-scaled-1.jpg?fit=1200%2C675&ssl=1&resize=350%2C200 1x, https:\/\/i0.wp.com\/blogdoprosperi.com\/wp-content\/uploads\/2024\/12\/trofeu-brasileirao-trivela-scaled-1.jpg?fit=1200%2C675&ssl=1&resize=525%2C300 1.5x, https:\/\/i0.wp.com\/blogdoprosperi.com\/wp-content\/uploads\/2024\/12\/trofeu-brasileirao-trivela-scaled-1.jpg?fit=1200%2C675&ssl=1&resize=700%2C400 2x, https:\/\/i0.wp.com\/blogdoprosperi.com\/wp-content\/uploads\/2024\/12\/trofeu-brasileirao-trivela-scaled-1.jpg?fit=1200%2C675&ssl=1&resize=1050%2C600 3x"},"classes":[]}],"jetpack_featured_media_url":"","_links":{"self":[{"href":"https:\/\/blogdoprosperi.com\/index.php?rest_route=\/wp\/v2\/posts\/33060","targetHints":{"allow":["GET"]}}],"collection":[{"href":"https:\/\/blogdoprosperi.com\/index.php?rest_route=\/wp\/v2\/posts"}],"about":[{"href":"https:\/\/blogdoprosperi.com\/index.php?rest_route=\/wp\/v2\/types\/post"}],"author":[{"embeddable":true,"href":"https:\/\/blogdoprosperi.com\/index.php?rest_route=\/wp\/v2\/users\/102107496"}],"replies":[{"embeddable":true,"href":"https:\/\/blogdoprosperi.com\/index.php?rest_route=%2Fwp%2Fv2%2Fcomments&post=33060"}],"version-history":[{"count":25,"href":"https:\/\/blogdoprosperi.com\/index.php?rest_route=\/wp\/v2\/posts\/33060\/revisions"}],"predecessor-version":[{"id":33116,"href":"https:\/\/blogdoprosperi.com\/index.php?rest_route=\/wp\/v2\/posts\/33060\/revisions\/33116"}],"wp:attachment":[{"href":"https:\/\/blogdoprosperi.com\/index.php?rest_route=%2Fwp%2Fv2%2Fmedia&parent=33060"}],"wp:term":[{"taxonomy":"category","embeddable":true,"href":"https:\/\/blogdoprosperi.com\/index.php?rest_route=%2Fwp%2Fv2%2Fcategories&post=33060"},{"taxonomy":"post_tag","embeddable":true,"href":"https:\/\/blogdoprosperi.com\/index.php?rest_route=%2Fwp%2Fv2%2Ftags&post=33060"}],"curies":[{"name":"wp","href":"https:\/\/api.w.org\/{rel}","templated":true}]}}