{"id":33407,"date":"2016-11-30T18:56:51","date_gmt":"2016-11-30T20:56:51","guid":{"rendered":"http:\/\/blogdoprosperi.com\/?p=33407"},"modified":"2016-12-01T17:40:13","modified_gmt":"2016-12-01T19:40:13","slug":"tragedia-da-chapecoense-expoe-a-falta-de-carater-de-alguns-dirigentes-do-futebol-brasileiro","status":"publish","type":"post","link":"https:\/\/blogdoprosperi.com\/?p=33407","title":{"rendered":"Trag\u00e9dia da Chapecoense exp\u00f5e a falta de car\u00e1ter de alguns dirigentes do futebol brasileiro"},"content":{"rendered":"<p><span class=\"alignnone\"><img data-recalc-dims=\"1\" loading=\"lazy\" decoding=\"async\" data-attachment-id=\"33438\" data-permalink=\"https:\/\/blogdoprosperi.com\/?attachment_id=33438\" data-orig-file=\"https:\/\/i0.wp.com\/blogdoprosperi.com\/wp-content\/uploads\/2016\/11\/garoto-lamenta-o-acidente-com-o-time-da-chapecoense-em-homenagem-na-arena-conda-em-chapeco-1480440429678_844x559.png?fit=844%2C559&amp;ssl=1\" data-orig-size=\"844,559\" data-comments-opened=\"1\" data-image-meta=\"{&quot;aperture&quot;:&quot;0&quot;,&quot;credit&quot;:&quot;&quot;,&quot;camera&quot;:&quot;&quot;,&quot;caption&quot;:&quot;&quot;,&quot;created_timestamp&quot;:&quot;0&quot;,&quot;copyright&quot;:&quot;&quot;,&quot;focal_length&quot;:&quot;0&quot;,&quot;iso&quot;:&quot;0&quot;,&quot;shutter_speed&quot;:&quot;0&quot;,&quot;title&quot;:&quot;&quot;,&quot;orientation&quot;:&quot;0&quot;}\" data-image-title=\"garoto-lamenta-o-acidente-com-o-time-da-chapecoense-em-homenagem-na-arena-conda-em-chapeco-1480440429678_844x559\" data-image-description=\"\" data-image-caption=\"\" data-large-file=\"https:\/\/i0.wp.com\/blogdoprosperi.com\/wp-content\/uploads\/2016\/11\/garoto-lamenta-o-acidente-com-o-time-da-chapecoense-em-homenagem-na-arena-conda-em-chapeco-1480440429678_844x559.png?fit=844%2C559&amp;ssl=1\" class=\"alignnone size-full wp-image-33438\" src=\"https:\/\/i0.wp.com\/blogdoprosperi.com\/wp-content\/uploads\/2016\/11\/garoto-lamenta-o-acidente-com-o-time-da-chapecoense-em-homenagem-na-arena-conda-em-chapeco-1480440429678_844x559.png?resize=844%2C559&#038;ssl=1\" alt=\"garoto-lamenta-o-acidente-com-o-time-da-chapecoense-em-homenagem-na-arena-conda-em-chapeco-1480440429678_844x559\" width=\"844\" height=\"559\" \/><\/span><\/p>\n<p>(<em>atualizado em 1\u00ba\/12 &#8211; 17h35<\/em>)<\/p>\n<p>Fernando Carvalho, ex-presidente do Internacional e atual diretor de futebol, disse assim nesta quarta-feira (30\/11) a respeito da \u00faltima rodada do Brasileir\u00e3o, adiada por causa da trag\u00e9dia da Chapecoense:<\/p>\n<blockquote><p>&#8220;Temos nossa trag\u00e9dia particular, que \u00e9 fugir do rebaixamento. A pausa vai ser prejudicial.&#8221;<\/p><\/blockquote>\n<p>A rodada seria disputada neste domingo, 4 de dezembro, e foi transferida para dia 11\/12 por uma decis\u00e3o da CBF atendendo aos apelos da comunidade do futebol brasileiro.<\/p>\n<p>Internacional enfrenta o Fluminense no Rio. Para n\u00e3o ser rebaixado \u00e0 S\u00e9rie B, tem de vencer \u00a0seu jogo e torcer por trope\u00e7os de Vit\u00f3ria contra Palmeiras ou Sport diante do Figueirense.<\/p>\n<p>Na quinta-feira, Fernando Carvalho pediu desculpas e disse que usou mal a palavra &#8220;trag\u00e9dia&#8221;. N\u00e3o mudou a ess\u00eancia de sua declara\u00e7\u00e3o.<\/p>\n<p>Ainda nesta quarta-feira (30\/11), Marco Polo Del Nero, presidente da CBF, teve o seguinte di\u00e1logo com Ivan Tozzo, presidente em exerc\u00edcio da Chapecoense:<\/p>\n<blockquote><p>&#8220;Ainda n\u00e3o pensamos (<em>sobre como ser\u00e1 o jogo<\/em>). Conversei com o presidente Del Nero sobre a partida contra o Atl\u00e9tico-MG. Ele disse: &#8216;Este jogo tem que acontecer. Tem que ser uma grande festa&#8217;. Respondi: &#8216;N\u00e3o temos 11 jogadores&#8217;. Del Nero disse: &#8216;Tem sim. Voc\u00eas t\u00eam categoria de base, os jogadores que ficaram. N\u00e3o importa. Tem que fazer uma grande festa. Chapec\u00f3 e a Chapecoense merecem'&#8221;, revelou Ivan Tozzo.<\/p><\/blockquote>\n<p>O jogo Chapecoense e Atl\u00e9tico-MG seria o \u00faltimo da Chape neste Brasileir\u00e3o-2016. Dirigentes do clube mineiro j\u00e1 se manifestaram contr\u00e1rios \u00e0 realiza\u00e7\u00e3o dessa partida. Admitem consultar a CBF se n\u00e3o seria o caso de cancelar o jogo, que n\u00e3o teria interfer\u00eancia direta na tabela de classifica\u00e7\u00e3o, portanto, sem preju\u00edzos aos outros clubes.<\/p>\n<p>Nesta quinta-feira (1\u00ba\/12), Daniel Nepomuceno, presidente do Atl\u00e9tico-MG, comunicou \u00e0 CBF que o Galo n\u00e3o vai jogar contra a Chapecoense. Ivan Tozzo, da Chape, disse a decis\u00e3o do dirigente mineiro era a mais sensata. A CBF disse que n\u00e3o tem como anular o jogo.<\/p>\n<p>Declara\u00e7\u00f5es como essas de Fernando Carvalho e Del Nero mostram o tamanho da estupidez de boa parte dos nossos dirigentes.<\/p>\n<p>Por isso aprendi, nesses mais de 32 anos de jornalismo dedicado ao futebol, a n\u00e3o confiar nos cartolas.<\/p>\n<p>Trag\u00e9dia da Chapecoense, mesmo com tanta dor, vai mostrar quem tem e quem n\u00e3o tem car\u00e1ter no futebol brasileiro.<\/p>\n<p>Prefiro a sensibilidade dos poetas, como no v\u00eddeo abaixo:<\/p>\n<div class=\"jetpack-video-wrapper\"><span class=\"embed-youtube\" style=\"text-align:center; display: block;\"><iframe loading=\"lazy\" class=\"youtube-player\" width=\"560\" height=\"315\" src=\"https:\/\/www.youtube.com\/embed\/n0E-Qqi_FFo?version=3&#038;rel=1&#038;showsearch=0&#038;showinfo=1&#038;iv_load_policy=1&#038;fs=1&#038;hl=pt-BR&#038;autohide=2&#038;wmode=transparent\" allowfullscreen=\"true\" style=\"border:0;\" sandbox=\"allow-scripts allow-same-origin allow-popups allow-presentation allow-popups-to-escape-sandbox\"><\/iframe><\/span><\/div>\n","protected":false},"excerpt":{"rendered":"<p>(atualizado em 1\u00ba\/12 &#8211; 17h35) Fernando Carvalho, ex-presidente do Internacional e atual diretor de futebol, disse assim nesta [&hellip;]<\/p>\n","protected":false},"author":102107496,"featured_media":0,"comment_status":"open","ping_status":"open","sticky":false,"template":"","format":"standard","meta":{"_coblocks_attr":"","_coblocks_dimensions":"","_coblocks_responsive_height":"","_coblocks_accordion_ie_support":"","_jetpack_newsletter_access":"","_jetpack_dont_email_post_to_subs":false,"_jetpack_newsletter_tier_id":0,"_jetpack_memberships_contains_paywalled_content":false,"_wpcom_ai_launchpad_first_post":false,"_jetpack_feature_clip_id":0,"_jetpack_memberships_contains_paid_content":false,"footnotes":"","jetpack_publicize_message":"","jetpack_publicize_feature_enabled":true,"jetpack_social_post_already_shared":false,"jetpack_social_options":{"image_generator_settings":{"template":"highway","default_image_id":0,"font":"","enabled":false},"version":2},"jetpack_post_was_ever_published":false},"categories":[53870],"tags":[789560569,4227092,7716002,549818717,789560560,20923714,4029902],"class_list":["post-33407","post","type-post","status-publish","format-standard","hentry","category-futebol","tag-cbf","tag-chapecoense","tag-fernando-carvalho","tag-forca-chape","tag-futebol","tag-internacional-sc","tag-marco-polo-del-nero"],"yoast_head":"<!-- This site is optimized with the Yoast SEO plugin v28.4 - https:\/\/yoast.com\/product\/yoast-seo-wordpress\/ -->\n<title>Trag\u00e9dia da Chapecoense exp\u00f5e a falta de car\u00e1ter de alguns dirigentes do futebol brasileiro - PR\u00d3SPERI NEWS<\/title>\n<meta name=\"robots\" content=\"index, follow, max-snippet:-1, max-image-preview:large, max-video-preview:-1\" \/>\n<link rel=\"canonical\" href=\"https:\/\/blogdoprosperi.com\/?p=33407\" \/>\n<meta property=\"og:locale\" content=\"pt_BR\" \/>\n<meta property=\"og:type\" content=\"article\" \/>\n<meta property=\"og:title\" content=\"Trag\u00e9dia da Chapecoense exp\u00f5e a falta de car\u00e1ter de alguns dirigentes do futebol brasileiro - PR\u00d3SPERI NEWS\" \/>\n<meta property=\"og:description\" content=\"(atualizado em 1\u00ba\/12 &#8211; 17h35) Fernando Carvalho, ex-presidente do Internacional e atual diretor de futebol, disse assim nesta [&hellip;]\" \/>\n<meta property=\"og:url\" content=\"https:\/\/blogdoprosperi.com\/?p=33407\" \/>\n<meta property=\"og:site_name\" content=\"PR\u00d3SPERI NEWS\" \/>\n<meta property=\"article:publisher\" content=\"Luiz Pr\u00f3speri\" \/>\n<meta property=\"article:author\" content=\"Luiz Pr\u00f3speri\" \/>\n<meta property=\"article:published_time\" content=\"2016-11-30T20:56:51+00:00\" \/>\n<meta property=\"article:modified_time\" content=\"2016-12-01T19:40:13+00:00\" \/>\n<meta property=\"og:image\" content=\"https:\/\/blogdoprosperi.com\/wp-content\/uploads\/2016\/11\/garoto-lamenta-o-acidente-com-o-time-da-chapecoense-em-homenagem-na-arena-conda-em-chapeco-1480440429678_844x559.png\" \/>\n<meta name=\"author\" content=\"Luiz Ant\u00f4nio Pr\u00f3speri\" \/>\n<meta name=\"twitter:card\" content=\"summary_large_image\" \/>\n<meta name=\"twitter:creator\" content=\"@Luizprosperi\" \/>\n<meta name=\"twitter:site\" content=\"@Luizprosperi\" \/>\n<meta name=\"twitter:label1\" content=\"Escrito por\" \/>\n\t<meta name=\"twitter:data1\" content=\"Luiz Ant\u00f4nio Pr\u00f3speri\" \/>\n\t<meta name=\"twitter:label2\" content=\"Est. tempo de leitura\" \/>\n\t<meta name=\"twitter:data2\" content=\"2 minutos\" \/>\n<script type=\"application\/ld+json\" class=\"yoast-schema-graph\">{\"@context\":\"https:\\\/\\\/schema.org\",\"@graph\":[{\"@type\":\"Article\",\"@id\":\"https:\\\/\\\/blogdoprosperi.com\\\/?p=33407#article\",\"isPartOf\":{\"@id\":\"https:\\\/\\\/blogdoprosperi.com\\\/?p=33407\"},\"author\":{\"name\":\"Luiz Ant\u00f4nio Pr\u00f3speri\",\"@id\":\"https:\\\/\\\/blogdoprosperi.com\\\/#\\\/schema\\\/person\\\/38100755ce3601861ee4fab9b5aa78e9\"},\"headline\":\"Trag\u00e9dia da Chapecoense exp\u00f5e a falta de car\u00e1ter de alguns dirigentes do futebol brasileiro\",\"datePublished\":\"2016-11-30T20:56:51+00:00\",\"dateModified\":\"2016-12-01T19:40:13+00:00\",\"mainEntityOfPage\":{\"@id\":\"https:\\\/\\\/blogdoprosperi.com\\\/?p=33407\"},\"wordCount\":439,\"commentCount\":4,\"publisher\":{\"@id\":\"https:\\\/\\\/blogdoprosperi.com\\\/#\\\/schema\\\/person\\\/38100755ce3601861ee4fab9b5aa78e9\"},\"image\":{\"@id\":\"https:\\\/\\\/blogdoprosperi.com\\\/?p=33407#primaryimage\"},\"thumbnailUrl\":\"https:\\\/\\\/blogdoprosperi.com\\\/wp-content\\\/uploads\\\/2016\\\/11\\\/garoto-lamenta-o-acidente-com-o-time-da-chapecoense-em-homenagem-na-arena-conda-em-chapeco-1480440429678_844x559.png\",\"keywords\":[\"CBF\",\"Chapecoense\",\"Fernando Carvalho\",\"For\u00e7a Chape\",\"futebol\",\"Internacional SC\",\"Marco Polo Del Nero\"],\"articleSection\":[\"futebol\"],\"inLanguage\":\"pt-BR\",\"potentialAction\":[{\"@type\":\"CommentAction\",\"name\":\"Comment\",\"target\":[\"https:\\\/\\\/blogdoprosperi.com\\\/?p=33407#respond\"]}]},{\"@type\":\"WebPage\",\"@id\":\"https:\\\/\\\/blogdoprosperi.com\\\/?p=33407\",\"url\":\"https:\\\/\\\/blogdoprosperi.com\\\/?p=33407\",\"name\":\"Trag\u00e9dia da Chapecoense exp\u00f5e a falta de car\u00e1ter de alguns dirigentes do futebol brasileiro - PR\u00d3SPERI NEWS\",\"isPartOf\":{\"@id\":\"https:\\\/\\\/blogdoprosperi.com\\\/#website\"},\"primaryImageOfPage\":{\"@id\":\"https:\\\/\\\/blogdoprosperi.com\\\/?p=33407#primaryimage\"},\"image\":{\"@id\":\"https:\\\/\\\/blogdoprosperi.com\\\/?p=33407#primaryimage\"},\"thumbnailUrl\":\"https:\\\/\\\/blogdoprosperi.com\\\/wp-content\\\/uploads\\\/2016\\\/11\\\/garoto-lamenta-o-acidente-com-o-time-da-chapecoense-em-homenagem-na-arena-conda-em-chapeco-1480440429678_844x559.png\",\"datePublished\":\"2016-11-30T20:56:51+00:00\",\"dateModified\":\"2016-12-01T19:40:13+00:00\",\"breadcrumb\":{\"@id\":\"https:\\\/\\\/blogdoprosperi.com\\\/?p=33407#breadcrumb\"},\"inLanguage\":\"pt-BR\",\"potentialAction\":[{\"@type\":\"ReadAction\",\"target\":[\"https:\\\/\\\/blogdoprosperi.com\\\/?p=33407\"]}]},{\"@type\":\"ImageObject\",\"inLanguage\":\"pt-BR\",\"@id\":\"https:\\\/\\\/blogdoprosperi.com\\\/?p=33407#primaryimage\",\"url\":\"https:\\\/\\\/i0.wp.com\\\/blogdoprosperi.com\\\/wp-content\\\/uploads\\\/2016\\\/11\\\/garoto-lamenta-o-acidente-com-o-time-da-chapecoense-em-homenagem-na-arena-conda-em-chapeco-1480440429678_844x559.png?fit=844%2C559&ssl=1\",\"contentUrl\":\"https:\\\/\\\/i0.wp.com\\\/blogdoprosperi.com\\\/wp-content\\\/uploads\\\/2016\\\/11\\\/garoto-lamenta-o-acidente-com-o-time-da-chapecoense-em-homenagem-na-arena-conda-em-chapeco-1480440429678_844x559.png?fit=844%2C559&ssl=1\",\"width\":844,\"height\":559},{\"@type\":\"BreadcrumbList\",\"@id\":\"https:\\\/\\\/blogdoprosperi.com\\\/?p=33407#breadcrumb\",\"itemListElement\":[{\"@type\":\"ListItem\",\"position\":1,\"name\":\"In\u00edcio\",\"item\":\"https:\\\/\\\/blogdoprosperi.com\\\/\"},{\"@type\":\"ListItem\",\"position\":2,\"name\":\"Trag\u00e9dia da Chapecoense exp\u00f5e a falta de car\u00e1ter de alguns dirigentes do futebol brasileiro\"}]},{\"@type\":\"WebSite\",\"@id\":\"https:\\\/\\\/blogdoprosperi.com\\\/#website\",\"url\":\"https:\\\/\\\/blogdoprosperi.com\\\/\",\"name\":\"PR\u00d3SPERI NEWS\",\"description\":\"TUDO \u00c9  FUTEBOL\",\"publisher\":{\"@id\":\"https:\\\/\\\/blogdoprosperi.com\\\/#\\\/schema\\\/person\\\/38100755ce3601861ee4fab9b5aa78e9\"},\"alternateName\":\"blogdoprosperi.com\",\"potentialAction\":[{\"@type\":\"SearchAction\",\"target\":{\"@type\":\"EntryPoint\",\"urlTemplate\":\"https:\\\/\\\/blogdoprosperi.com\\\/?s={search_term_string}\"},\"query-input\":{\"@type\":\"PropertyValueSpecification\",\"valueRequired\":true,\"valueName\":\"search_term_string\"}}],\"inLanguage\":\"pt-BR\"},{\"@type\":[\"Person\",\"Organization\"],\"@id\":\"https:\\\/\\\/blogdoprosperi.com\\\/#\\\/schema\\\/person\\\/38100755ce3601861ee4fab9b5aa78e9\",\"name\":\"Luiz Ant\u00f4nio Pr\u00f3speri\",\"pronouns\":\"ele\",\"image\":{\"@type\":\"ImageObject\",\"inLanguage\":\"pt-BR\",\"@id\":\"https:\\\/\\\/i0.wp.com\\\/blogdoprosperi.com\\\/wp-content\\\/uploads\\\/2026\\\/05\\\/cropped-8059e613-6002-42fa-961e-8e275f575d71-2-5.jpg?fit=1360%2C931&ssl=1\",\"url\":\"https:\\\/\\\/i0.wp.com\\\/blogdoprosperi.com\\\/wp-content\\\/uploads\\\/2026\\\/05\\\/cropped-8059e613-6002-42fa-961e-8e275f575d71-2-5.jpg?fit=1360%2C931&ssl=1\",\"contentUrl\":\"https:\\\/\\\/i0.wp.com\\\/blogdoprosperi.com\\\/wp-content\\\/uploads\\\/2026\\\/05\\\/cropped-8059e613-6002-42fa-961e-8e275f575d71-2-5.jpg?fit=1360%2C931&ssl=1\",\"width\":1360,\"height\":931,\"caption\":\"Luiz Ant\u00f4nio Pr\u00f3speri\"},\"logo\":{\"@id\":\"https:\\\/\\\/i0.wp.com\\\/blogdoprosperi.com\\\/wp-content\\\/uploads\\\/2026\\\/05\\\/cropped-8059e613-6002-42fa-961e-8e275f575d71-2-5.jpg?fit=1360%2C931&ssl=1\"},\"description\":\"Jornalista com carreira dedicada ao esporte. Cobriu 9 Copas do Mundo in loco, 1990 na It\u00e1lia, 1994 nos EUA, 1998 na Fran\u00e7a, 2002 na Coreia do Sul e Jap\u00e3o, 2006 na Alemanha, 2010 na \u00c1frica do Sul, 2014 no Brasil, 2018 na R\u00fassia e 2022 no Qatar. Eurocopas, 1992 na Su\u00e9cia e 1996 na Inglaterra. Copa das Confedera\u00e7\u00f5es de 2005 na Alemanha e 2009 na \u00c1frica do Sul. Rep\u00f3rter e Editor, trabalhou no Jornal da Tarde e Estad\u00e3o, de 1984 a fevereiro de 2016. Colunista, blogueiro. E comentarista de futebol na R\u00e1dio Estad\u00e3o, de 2013 a fevereiro de 2016. Jornalista respons\u00e1vel do \\\"Pr\u00f3speri News\\\" (blogdoprosperi.com).\",\"sameAs\":[\"http:\\\/\\\/blogdoprosperi.com\",\"Luiz Pr\u00f3speri\",\"@luiz_prosperi\",\"https:\\\/\\\/x.com\\\/Luizprosperi\",\"@prosperinacopa\",\"luiz.prosperi@icloud.com\"],\"url\":\"https:\\\/\\\/blogdoprosperi.com\\\/?author=102107496\"}]}<\/script>\n<!-- \/ Yoast SEO plugin. -->","yoast_head_json":{"title":"Trag\u00e9dia da Chapecoense exp\u00f5e a falta de car\u00e1ter de alguns dirigentes do futebol brasileiro - PR\u00d3SPERI NEWS","robots":{"index":"index","follow":"follow","max-snippet":"max-snippet:-1","max-image-preview":"max-image-preview:large","max-video-preview":"max-video-preview:-1"},"canonical":"https:\/\/blogdoprosperi.com\/?p=33407","og_locale":"pt_BR","og_type":"article","og_title":"Trag\u00e9dia da Chapecoense exp\u00f5e a falta de car\u00e1ter de alguns dirigentes do futebol brasileiro - PR\u00d3SPERI NEWS","og_description":"(atualizado em 1\u00ba\/12 &#8211; 17h35) Fernando Carvalho, ex-presidente do Internacional e atual diretor de futebol, disse assim nesta [&hellip;]","og_url":"https:\/\/blogdoprosperi.com\/?p=33407","og_site_name":"PR\u00d3SPERI NEWS","article_publisher":"Luiz Pr\u00f3speri","article_author":"Luiz Pr\u00f3speri","article_published_time":"2016-11-30T20:56:51+00:00","article_modified_time":"2016-12-01T19:40:13+00:00","og_image":[{"url":"https:\/\/blogdoprosperi.com\/wp-content\/uploads\/2016\/11\/garoto-lamenta-o-acidente-com-o-time-da-chapecoense-em-homenagem-na-arena-conda-em-chapeco-1480440429678_844x559.png","type":"","width":"","height":""}],"author":"Luiz Ant\u00f4nio Pr\u00f3speri","twitter_card":"summary_large_image","twitter_creator":"@Luizprosperi","twitter_site":"@Luizprosperi","twitter_misc":{"Escrito por":"Luiz Ant\u00f4nio Pr\u00f3speri","Est. tempo de leitura":"2 minutos"},"schema":{"@context":"https:\/\/schema.org","@graph":[{"@type":"Article","@id":"https:\/\/blogdoprosperi.com\/?p=33407#article","isPartOf":{"@id":"https:\/\/blogdoprosperi.com\/?p=33407"},"author":{"name":"Luiz Ant\u00f4nio Pr\u00f3speri","@id":"https:\/\/blogdoprosperi.com\/#\/schema\/person\/38100755ce3601861ee4fab9b5aa78e9"},"headline":"Trag\u00e9dia da Chapecoense exp\u00f5e a falta de car\u00e1ter de alguns dirigentes do futebol brasileiro","datePublished":"2016-11-30T20:56:51+00:00","dateModified":"2016-12-01T19:40:13+00:00","mainEntityOfPage":{"@id":"https:\/\/blogdoprosperi.com\/?p=33407"},"wordCount":439,"commentCount":4,"publisher":{"@id":"https:\/\/blogdoprosperi.com\/#\/schema\/person\/38100755ce3601861ee4fab9b5aa78e9"},"image":{"@id":"https:\/\/blogdoprosperi.com\/?p=33407#primaryimage"},"thumbnailUrl":"https:\/\/blogdoprosperi.com\/wp-content\/uploads\/2016\/11\/garoto-lamenta-o-acidente-com-o-time-da-chapecoense-em-homenagem-na-arena-conda-em-chapeco-1480440429678_844x559.png","keywords":["CBF","Chapecoense","Fernando Carvalho","For\u00e7a Chape","futebol","Internacional SC","Marco Polo Del Nero"],"articleSection":["futebol"],"inLanguage":"pt-BR","potentialAction":[{"@type":"CommentAction","name":"Comment","target":["https:\/\/blogdoprosperi.com\/?p=33407#respond"]}]},{"@type":"WebPage","@id":"https:\/\/blogdoprosperi.com\/?p=33407","url":"https:\/\/blogdoprosperi.com\/?p=33407","name":"Trag\u00e9dia da Chapecoense exp\u00f5e a falta de car\u00e1ter de alguns dirigentes do futebol brasileiro - PR\u00d3SPERI NEWS","isPartOf":{"@id":"https:\/\/blogdoprosperi.com\/#website"},"primaryImageOfPage":{"@id":"https:\/\/blogdoprosperi.com\/?p=33407#primaryimage"},"image":{"@id":"https:\/\/blogdoprosperi.com\/?p=33407#primaryimage"},"thumbnailUrl":"https:\/\/blogdoprosperi.com\/wp-content\/uploads\/2016\/11\/garoto-lamenta-o-acidente-com-o-time-da-chapecoense-em-homenagem-na-arena-conda-em-chapeco-1480440429678_844x559.png","datePublished":"2016-11-30T20:56:51+00:00","dateModified":"2016-12-01T19:40:13+00:00","breadcrumb":{"@id":"https:\/\/blogdoprosperi.com\/?p=33407#breadcrumb"},"inLanguage":"pt-BR","potentialAction":[{"@type":"ReadAction","target":["https:\/\/blogdoprosperi.com\/?p=33407"]}]},{"@type":"ImageObject","inLanguage":"pt-BR","@id":"https:\/\/blogdoprosperi.com\/?p=33407#primaryimage","url":"https:\/\/i0.wp.com\/blogdoprosperi.com\/wp-content\/uploads\/2016\/11\/garoto-lamenta-o-acidente-com-o-time-da-chapecoense-em-homenagem-na-arena-conda-em-chapeco-1480440429678_844x559.png?fit=844%2C559&ssl=1","contentUrl":"https:\/\/i0.wp.com\/blogdoprosperi.com\/wp-content\/uploads\/2016\/11\/garoto-lamenta-o-acidente-com-o-time-da-chapecoense-em-homenagem-na-arena-conda-em-chapeco-1480440429678_844x559.png?fit=844%2C559&ssl=1","width":844,"height":559},{"@type":"BreadcrumbList","@id":"https:\/\/blogdoprosperi.com\/?p=33407#breadcrumb","itemListElement":[{"@type":"ListItem","position":1,"name":"In\u00edcio","item":"https:\/\/blogdoprosperi.com\/"},{"@type":"ListItem","position":2,"name":"Trag\u00e9dia da Chapecoense exp\u00f5e a falta de car\u00e1ter de alguns dirigentes do futebol brasileiro"}]},{"@type":"WebSite","@id":"https:\/\/blogdoprosperi.com\/#website","url":"https:\/\/blogdoprosperi.com\/","name":"PR\u00d3SPERI NEWS","description":"TUDO \u00c9  FUTEBOL","publisher":{"@id":"https:\/\/blogdoprosperi.com\/#\/schema\/person\/38100755ce3601861ee4fab9b5aa78e9"},"alternateName":"blogdoprosperi.com","potentialAction":[{"@type":"SearchAction","target":{"@type":"EntryPoint","urlTemplate":"https:\/\/blogdoprosperi.com\/?s={search_term_string}"},"query-input":{"@type":"PropertyValueSpecification","valueRequired":true,"valueName":"search_term_string"}}],"inLanguage":"pt-BR"},{"@type":["Person","Organization"],"@id":"https:\/\/blogdoprosperi.com\/#\/schema\/person\/38100755ce3601861ee4fab9b5aa78e9","name":"Luiz Ant\u00f4nio Pr\u00f3speri","pronouns":"ele","image":{"@type":"ImageObject","inLanguage":"pt-BR","@id":"https:\/\/i0.wp.com\/blogdoprosperi.com\/wp-content\/uploads\/2026\/05\/cropped-8059e613-6002-42fa-961e-8e275f575d71-2-5.jpg?fit=1360%2C931&ssl=1","url":"https:\/\/i0.wp.com\/blogdoprosperi.com\/wp-content\/uploads\/2026\/05\/cropped-8059e613-6002-42fa-961e-8e275f575d71-2-5.jpg?fit=1360%2C931&ssl=1","contentUrl":"https:\/\/i0.wp.com\/blogdoprosperi.com\/wp-content\/uploads\/2026\/05\/cropped-8059e613-6002-42fa-961e-8e275f575d71-2-5.jpg?fit=1360%2C931&ssl=1","width":1360,"height":931,"caption":"Luiz Ant\u00f4nio Pr\u00f3speri"},"logo":{"@id":"https:\/\/i0.wp.com\/blogdoprosperi.com\/wp-content\/uploads\/2026\/05\/cropped-8059e613-6002-42fa-961e-8e275f575d71-2-5.jpg?fit=1360%2C931&ssl=1"},"description":"Jornalista com carreira dedicada ao esporte. Cobriu 9 Copas do Mundo in loco, 1990 na It\u00e1lia, 1994 nos EUA, 1998 na Fran\u00e7a, 2002 na Coreia do Sul e Jap\u00e3o, 2006 na Alemanha, 2010 na \u00c1frica do Sul, 2014 no Brasil, 2018 na R\u00fassia e 2022 no Qatar. Eurocopas, 1992 na Su\u00e9cia e 1996 na Inglaterra. Copa das Confedera\u00e7\u00f5es de 2005 na Alemanha e 2009 na \u00c1frica do Sul. Rep\u00f3rter e Editor, trabalhou no Jornal da Tarde e Estad\u00e3o, de 1984 a fevereiro de 2016. Colunista, blogueiro. E comentarista de futebol na R\u00e1dio Estad\u00e3o, de 2013 a fevereiro de 2016. Jornalista respons\u00e1vel do \"Pr\u00f3speri News\" (blogdoprosperi.com).","sameAs":["http:\/\/blogdoprosperi.com","Luiz Pr\u00f3speri","@luiz_prosperi","https:\/\/x.com\/Luizprosperi","@prosperinacopa","luiz.prosperi@icloud.com"],"url":"https:\/\/blogdoprosperi.com\/?author=102107496"}]}},"jetpack_publicize_connections":[],"jetpack_likes_enabled":false,"jetpack_sharing_enabled":true,"jetpack_shortlink":"https:\/\/wp.me\/p7jvdk-8GP","jetpack-related-posts":[{"id":33606,"url":"https:\/\/blogdoprosperi.com\/?p=33606","url_meta":{"origin":33407,"position":0},"title":"Internacional se esfarela na sua mediocridade ao se aproveitar da trag\u00e9dia da Chapecoense\u00a0","author":"Luiz Ant\u00f4nio Pr\u00f3speri","date":"2 de dezembro de 2016","format":false,"excerpt":"Primeiro me aparece esse tal de Fernando Carvalho, que, dizem, um \u00edcone do futebol ga\u00facho, com a hist\u00f3ria da trag\u00e9dia do Internacional \u00e0 beira do rebaixamento. Argumenta que a parada do Brasileir\u00e3o, por causa das mortes da Chape, prejudicaria seu time \u00e0 beira do cadafalso, uma trag\u00e9dia pessoal. Depois o\u2026","rel":"","context":"Em &quot;futebol&quot;","block_context":{"text":"futebol","link":"https:\/\/blogdoprosperi.com\/?cat=53870"},"img":{"alt_text":"622_d2361929-f01d-35df-8a22-cbc805b94b2b","src":"https:\/\/i0.wp.com\/blogdoprosperi.com\/wp-content\/uploads\/2016\/09\/622_d2361929-f01d-35df-8a22-cbc805b94b2b.jpg?resize=350%2C200&ssl=1","width":350,"height":200,"srcset":"https:\/\/i0.wp.com\/blogdoprosperi.com\/wp-content\/uploads\/2016\/09\/622_d2361929-f01d-35df-8a22-cbc805b94b2b.jpg?resize=350%2C200&ssl=1 1x, https:\/\/i0.wp.com\/blogdoprosperi.com\/wp-content\/uploads\/2016\/09\/622_d2361929-f01d-35df-8a22-cbc805b94b2b.jpg?resize=525%2C300&ssl=1 1.5x"},"classes":[]},{"id":33879,"url":"https:\/\/blogdoprosperi.com\/?p=33879","url_meta":{"origin":33407,"position":1},"title":"De luto, futebol brasileiro se despede de 2016 com cenas pat\u00e9ticas na \u00faltima semana da temporada","author":"Luiz Ant\u00f4nio Pr\u00f3speri","date":"10 de dezembro de 2016","format":false,"excerpt":"Futebol brasileiro se despede da temporada 2016 neste domingo. Nas \u00faltimas semanas, escancarou nossas mazelas e premiou quem teve mais ousadia. E se fechou em luto e reflex\u00e3o com a trag\u00e9dia da Chapecoense. Em 2017, quando completaremos tr\u00eas anos do 7 a 1, se espera uma reflex\u00e3o mais profunda a\u2026","rel":"","context":"Em &quot;Campeonato Brasileiro&quot;","block_context":{"text":"Campeonato Brasileiro","link":"https:\/\/blogdoprosperi.com\/?cat=355071"},"img":{"alt_text":"","src":"https:\/\/i0.wp.com\/blogdoprosperi.com\/wp-content\/uploads\/2016\/11\/chapecoense_escudo.jpg?resize=350%2C200","width":350,"height":200,"srcset":"https:\/\/i0.wp.com\/blogdoprosperi.com\/wp-content\/uploads\/2016\/11\/chapecoense_escudo.jpg?resize=350%2C200 1x, https:\/\/i0.wp.com\/blogdoprosperi.com\/wp-content\/uploads\/2016\/11\/chapecoense_escudo.jpg?resize=525%2C300 1.5x"},"classes":[]},{"id":33921,"url":"https:\/\/blogdoprosperi.com\/?p=33921","url_meta":{"origin":33407,"position":2},"title":"Corinthians paga por sua incompet\u00eancia e fica fora da Libertadores; Inter \u00e9 rebaixado e \u00e1rbitro preenche a s\u00famula mais triste do futebol na Arena Cond\u00e1","author":"Luiz Ant\u00f4nio Pr\u00f3speri","date":"11 de dezembro de 2016","format":false,"excerpt":"Brasileir\u00e3o 2016 chega ao fim com o Corinthians fora da Copa Libertadores e o Internacional rebaixado pela primeira vez \u00e0 S\u00e9rie B. Homenagens \u00e0 Chapecoense, algumas de muita emo\u00e7\u00e3o, tomaram conta da \u00faltima rodada neste domingo (11\/12). Fora da Libertadores, Corinthians vai perder or\u00e7amento na temporada de 2017 e, como\u2026","rel":"","context":"Em &quot;Campeonato Brasileiro&quot;","block_context":{"text":"Campeonato Brasileiro","link":"https:\/\/blogdoprosperi.com\/?cat=355071"},"img":{"alt_text":"","src":"https:\/\/i0.wp.com\/blogdoprosperi.com\/wp-content\/uploads\/2016\/12\/622_d5d5b987-b486-3603-b996-a2dd444d6823.jpg?resize=350%2C200&ssl=1","width":350,"height":200,"srcset":"https:\/\/i0.wp.com\/blogdoprosperi.com\/wp-content\/uploads\/2016\/12\/622_d5d5b987-b486-3603-b996-a2dd444d6823.jpg?resize=350%2C200&ssl=1 1x, https:\/\/i0.wp.com\/blogdoprosperi.com\/wp-content\/uploads\/2016\/12\/622_d5d5b987-b486-3603-b996-a2dd444d6823.jpg?resize=525%2C300&ssl=1 1.5x"},"classes":[]},{"id":33789,"url":"https:\/\/blogdoprosperi.com\/?p=33789","url_meta":{"origin":33407,"position":3},"title":"Renato Ga\u00facho chuta os que n\u00e3o acreditam na f\u00f3rmula pronta do sucesso no futebol","author":"Luiz Ant\u00f4nio Pr\u00f3speri","date":"8 de dezembro de 2016","format":false,"excerpt":"Futebol tem f\u00f3rmulas prontas de sucesso... na cabe\u00e7a dos dirigentes. Quando d\u00e1 certo, aplausos. Quando n\u00e3o funciona, pedradas. O exemplo vem do Sul. Inter e Gr\u00eamio, em apuros no Brasileir\u00e3o e embarcados no fracasso da temporada, recorreram \u00e0s tais f\u00f3rmulas do sucesso. No caso, de volta ao passado. O Inter\u2026","rel":"","context":"Em &quot;futebol&quot;","block_context":{"text":"futebol","link":"https:\/\/blogdoprosperi.com\/?cat=53870"},"img":{"alt_text":"6xz7ftsm98a4tluul5wki5pw9","src":"https:\/\/i0.wp.com\/blogdoprosperi.com\/wp-content\/uploads\/2016\/12\/6xz7ftsm98a4tluul5wki5pw9.jpg?resize=350%2C200&ssl=1","width":350,"height":200,"srcset":"https:\/\/i0.wp.com\/blogdoprosperi.com\/wp-content\/uploads\/2016\/12\/6xz7ftsm98a4tluul5wki5pw9.jpg?resize=350%2C200&ssl=1 1x, https:\/\/i0.wp.com\/blogdoprosperi.com\/wp-content\/uploads\/2016\/12\/6xz7ftsm98a4tluul5wki5pw9.jpg?resize=525%2C300&ssl=1 1.5x, https:\/\/i0.wp.com\/blogdoprosperi.com\/wp-content\/uploads\/2016\/12\/6xz7ftsm98a4tluul5wki5pw9.jpg?resize=700%2C400&ssl=1 2x"},"classes":[]},{"id":33365,"url":"https:\/\/blogdoprosperi.com\/?p=33365","url_meta":{"origin":33407,"position":4},"title":"Futebol e jornalismo esportivo em transe com a trag\u00e9dia da Chapecoense","author":"Luiz Ant\u00f4nio Pr\u00f3speri","date":"29 de novembro de 2016","format":false,"excerpt":"\u00a0 Dif\u00edcil um jornalista dedicado h\u00e1 mais de 30 anos ao futebol narrar a trag\u00e9dia dessa propor\u00e7\u00e3o que dizimou o time da Chapecoense e levou junto companheiros de imprensa. N\u00e3o cabe neste momento apontar as causas do acidente com o avi\u00e3o, a 30 quil\u00f4metros de Medell\u00edn, enquanto n\u00e3o se tem\u2026","rel":"","context":"Em &quot;futebol&quot;","block_context":{"text":"futebol","link":"https:\/\/blogdoprosperi.com\/?cat=53870"},"img":{"alt_text":"","src":"https:\/\/i0.wp.com\/blogdoprosperi.com\/wp-content\/uploads\/2016\/11\/chapecoense_escudo991.png?resize=350%2C200&ssl=1","width":350,"height":200,"srcset":"https:\/\/i0.wp.com\/blogdoprosperi.com\/wp-content\/uploads\/2016\/11\/chapecoense_escudo991.png?resize=350%2C200&ssl=1 1x, https:\/\/i0.wp.com\/blogdoprosperi.com\/wp-content\/uploads\/2016\/11\/chapecoense_escudo991.png?resize=525%2C300&ssl=1 1.5x"},"classes":[]},{"id":33749,"url":"https:\/\/blogdoprosperi.com\/?p=33749","url_meta":{"origin":33407,"position":5},"title":"Gr\u00eamio apaga 15 anos de espera e conquista Copa do Brasil na volta do futebol ap\u00f3s trag\u00e9dia da Chapecoense","author":"Luiz Ant\u00f4nio Pr\u00f3speri","date":"8 de dezembro de 2016","format":false,"excerpt":"Futebol voltou ao Brasil nesta quarta-feira ainda sob emo\u00e7\u00e3o da trag\u00e9dia da Chapecoense. Voltou com a decis\u00e3o da Copa do Brasil entre Gr\u00eamio e Atl\u00e9tico-MG em Porto Alegre. Todos os ingredientes do jogo estavam l\u00e1. Arena lotada, torcida pulsante, jogadores em respeito m\u00fatuo, imprensa a relatar, \u00e1rbitros serenos. Tudo parecia\u2026","rel":"","context":"Em &quot;futebol&quot;","block_context":{"text":"futebol","link":"https:\/\/blogdoprosperi.com\/?cat=53870"},"img":{"alt_text":"","src":"https:\/\/i0.wp.com\/blogdoprosperi.com\/wp-content\/uploads\/2016\/12\/esporte-futebol-gremio-atletico-mg-ramiro-20161207-009.jpg?resize=350%2C200&ssl=1","width":350,"height":200,"srcset":"https:\/\/i0.wp.com\/blogdoprosperi.com\/wp-content\/uploads\/2016\/12\/esporte-futebol-gremio-atletico-mg-ramiro-20161207-009.jpg?resize=350%2C200&ssl=1 1x, https:\/\/i0.wp.com\/blogdoprosperi.com\/wp-content\/uploads\/2016\/12\/esporte-futebol-gremio-atletico-mg-ramiro-20161207-009.jpg?resize=525%2C300&ssl=1 1.5x, https:\/\/i0.wp.com\/blogdoprosperi.com\/wp-content\/uploads\/2016\/12\/esporte-futebol-gremio-atletico-mg-ramiro-20161207-009.jpg?resize=700%2C400&ssl=1 2x"},"classes":[]}],"jetpack_featured_media_url":"","_links":{"self":[{"href":"https:\/\/blogdoprosperi.com\/index.php?rest_route=\/wp\/v2\/posts\/33407","targetHints":{"allow":["GET"]}}],"collection":[{"href":"https:\/\/blogdoprosperi.com\/index.php?rest_route=\/wp\/v2\/posts"}],"about":[{"href":"https:\/\/blogdoprosperi.com\/index.php?rest_route=\/wp\/v2\/types\/post"}],"author":[{"embeddable":true,"href":"https:\/\/blogdoprosperi.com\/index.php?rest_route=\/wp\/v2\/users\/102107496"}],"replies":[{"embeddable":true,"href":"https:\/\/blogdoprosperi.com\/index.php?rest_route=%2Fwp%2Fv2%2Fcomments&post=33407"}],"version-history":[{"count":25,"href":"https:\/\/blogdoprosperi.com\/index.php?rest_route=\/wp\/v2\/posts\/33407\/revisions"}],"predecessor-version":[{"id":33526,"href":"https:\/\/blogdoprosperi.com\/index.php?rest_route=\/wp\/v2\/posts\/33407\/revisions\/33526"}],"wp:attachment":[{"href":"https:\/\/blogdoprosperi.com\/index.php?rest_route=%2Fwp%2Fv2%2Fmedia&parent=33407"}],"wp:term":[{"taxonomy":"category","embeddable":true,"href":"https:\/\/blogdoprosperi.com\/index.php?rest_route=%2Fwp%2Fv2%2Fcategories&post=33407"},{"taxonomy":"post_tag","embeddable":true,"href":"https:\/\/blogdoprosperi.com\/index.php?rest_route=%2Fwp%2Fv2%2Ftags&post=33407"}],"curies":[{"name":"wp","href":"https:\/\/api.w.org\/{rel}","templated":true}]}}