{"id":33449,"date":"2016-12-01T00:58:09","date_gmt":"2016-12-01T02:58:09","guid":{"rendered":"http:\/\/blogdoprosperi.com\/?p=33449"},"modified":"2016-12-01T01:19:09","modified_gmt":"2016-12-01T03:19:09","slug":"futebol-vive-em-medellin","status":"publish","type":"post","link":"https:\/\/blogdoprosperi.com\/?p=33449","title":{"rendered":"Futebol vive em Medell\u00edn"},"content":{"rendered":"<p><span class=\"alignnone\"><img data-recalc-dims=\"1\" loading=\"lazy\" decoding=\"async\" data-attachment-id=\"33513\" data-permalink=\"https:\/\/blogdoprosperi.com\/?attachment_id=33513\" data-orig-file=\"https:\/\/i0.wp.com\/blogdoprosperi.com\/wp-content\/uploads\/2016\/12\/pessoas-prestam-homenagem-no-estadio-atanasio-girardot-em-medellin-na-colombia-1480554248881_956x500.jpg?fit=956%2C500&amp;ssl=1\" data-orig-size=\"956,500\" data-comments-opened=\"1\" data-image-meta=\"{&quot;aperture&quot;:&quot;0&quot;,&quot;credit&quot;:&quot;&quot;,&quot;camera&quot;:&quot;&quot;,&quot;caption&quot;:&quot;&quot;,&quot;created_timestamp&quot;:&quot;0&quot;,&quot;copyright&quot;:&quot;&quot;,&quot;focal_length&quot;:&quot;0&quot;,&quot;iso&quot;:&quot;0&quot;,&quot;shutter_speed&quot;:&quot;0&quot;,&quot;title&quot;:&quot;&quot;,&quot;orientation&quot;:&quot;0&quot;}\" data-image-title=\"pessoas-prestam-homenagem-no-estadio-atanasio-girardot-em-medellin-na-colombia-1480554248881_956x500\" data-image-description=\"\" data-image-caption=\"\" data-large-file=\"https:\/\/i0.wp.com\/blogdoprosperi.com\/wp-content\/uploads\/2016\/12\/pessoas-prestam-homenagem-no-estadio-atanasio-girardot-em-medellin-na-colombia-1480554248881_956x500.jpg?fit=940%2C492&amp;ssl=1\" class=\"alignnone size-full wp-image-33513\" src=\"https:\/\/i0.wp.com\/blogdoprosperi.com\/wp-content\/uploads\/2016\/12\/pessoas-prestam-homenagem-no-estadio-atanasio-girardot-em-medellin-na-colombia-1480554248881_956x500.jpg?resize=940%2C492&#038;ssl=1\" alt=\"pessoas-prestam-homenagem-no-estadio-atanasio-girardot-em-medellin-na-colombia-1480554248881_956x500\" width=\"940\" height=\"492\" \/><\/span><\/p>\n<p>O que faz voc\u00ea sair de casa vestido de branco? Sair de casa e ir at\u00e9 um est\u00e1dio numa noite de quarta-feira sem jogo para ver? Receber um buqu\u00ea de flores no port\u00e3o de entrada, uma vela e ocupar um assento na arena? Pra qu\u00ea? Seu time n\u00e3o vai jogar. O advers\u00e1rio n\u00e3o veio.<!--more--><\/p>\n<p>Mas voc\u00ea foi e ajudou a lotar a arquibancada. Quem n\u00e3o conseguiu entrar fincou p\u00e9 nas ruas ao redor, todos de branco diante do complexo de cimento de nome Atanasio Girardot. A multid\u00e3o n\u00e3o se arrastou por nada, dentro e fora do est\u00e1dio &#8211; coisa de 80 mil pessoas. Caminhou at\u00e9 ali por amor ao futebol. N\u00e3o queria torcer, apenas ser solid\u00e1ria em Medell\u00edn. Nem era por paix\u00e3o ao seu time. Era por respeito ao advers\u00e1rio.<\/p>\n<p>Todos foram a um templo da bola nesta quarta-feira cumprir o cerimonial aos mortos na Trag\u00e9dia da Chapecoense.<\/p>\n<p>Celebraram cada rito da homenagem como se o seu Atl\u00e9tico Nacional tivesse feito um gol. Cantaram alto o nome do advers\u00e1rio &#8220;Chape, Chape&#8221;.<\/p>\n<p>Derramaram l\u00e1grimas. Seguraram a chama das velas com as m\u00e3os para o foguinho n\u00e3o se apagar nunca.<\/p>\n<p>Aplaudiram. Jogaram os magros buqu\u00eas de flores brancas e amarelas ao gramado. Estenderam faixas &#8220;Nasce uma nova fam\u00edlia&#8221;, &#8220;Estamos contigo, Chapecoense&#8221;.<\/p>\n<p>Ouviram em sil\u00eancio os clarins do &#8220;Toque do Sil\u00eancio&#8221; nos metais de uma banda do ex\u00e9rcito colombiano. Aplaudiram de novo. Choraram de novo.<\/p>\n<p>Acompanharam crian\u00e7as perfiladas, vestidas com uniformes do Atl\u00e9tico e Chapecoense, libertarem bal\u00f5es brancos ao c\u00e9u ao an\u00fancio de cada uma das v\u00edtimas do desastre&#8230; jogadores, dirigentes, jornalistas.<\/p>\n<p>Em um e outro momento, se calaram e ouviram violinos de uma pequena orquestra instalada na beira do gramado. Foram obrigados a aguentar discursos de pol\u00edticos colombianos e, pior, de alguns execr\u00e1veis brasileiros sem legitimidade para estarem ali.<\/p>\n<p>Suportaram tudo e n\u00e3o desistiram. S\u00f3 arredaram p\u00e9 quando, como se fosse um jogo normal, o tempo regulamentar se esgotou.<\/p>\n<p>Foram embora para suas casas em Medell\u00edn sem ver o jogo que n\u00e3o existiu e nunca mais vai ser jogado. Mas deixaram um gesto e um recado ao mundo: o futebol est\u00e1 vivo.<\/p>\n<p><em>p.s: antes de encerrar, pensei muito como o mestre Gabriel Garcia M\u00e1rquez relataria um acontecimento dessa propor\u00e7\u00e3o, colombiano que era. Gostaria muito que ele estivesse ali, no est\u00e1dio Atanasio Girardot, nesta noite de quarta-feira 30 dezembro de 2016. Se \u00e9 que n\u00e3o estava&#8230;<\/em><\/p>\n","protected":false},"excerpt":{"rendered":"<p>O que faz voc\u00ea sair de casa vestido de branco? Sair de casa e ir at\u00e9 um est\u00e1dio [&hellip;]<\/p>\n","protected":false},"author":102107496,"featured_media":0,"comment_status":"open","ping_status":"open","sticky":false,"template":"","format":"standard","meta":{"_coblocks_attr":"","_coblocks_dimensions":"","_coblocks_responsive_height":"","_coblocks_accordion_ie_support":"","_jetpack_newsletter_access":"","_jetpack_dont_email_post_to_subs":false,"_jetpack_newsletter_tier_id":0,"_jetpack_memberships_contains_paywalled_content":false,"_wpcom_ai_launchpad_first_post":false,"_jetpack_feature_clip_id":0,"_jetpack_memberships_contains_paid_content":false,"footnotes":"","jetpack_publicize_message":"","jetpack_publicize_feature_enabled":true,"jetpack_social_post_already_shared":false,"jetpack_social_options":{"image_generator_settings":{"template":"highway","default_image_id":0,"font":"","enabled":false},"version":2},"jetpack_post_was_ever_published":false},"categories":[53870],"tags":[483573,21430062,1739012,708160,4227092,21691,549816140,789560560,56032],"class_list":["post-33449","post","type-post","status-publish","format-standard","hentry","category-futebol","tag-acf","tag-atanasio-girardot","tag-atletico-nacional","tag-chape","tag-chapecoense","tag-colombia","tag-forca-chapecoense","tag-futebol","tag-gabriel-garcia-marquez"],"yoast_head":"<!-- This site is optimized with the Yoast SEO plugin v28.4 - https:\/\/yoast.com\/product\/yoast-seo-wordpress\/ -->\n<title>Futebol vive em Medell\u00edn - PR\u00d3SPERI NEWS<\/title>\n<meta name=\"robots\" content=\"index, follow, max-snippet:-1, max-image-preview:large, max-video-preview:-1\" \/>\n<link rel=\"canonical\" href=\"https:\/\/blogdoprosperi.com\/?p=33449\" \/>\n<meta property=\"og:locale\" content=\"pt_BR\" \/>\n<meta property=\"og:type\" content=\"article\" \/>\n<meta property=\"og:title\" content=\"Futebol vive em Medell\u00edn - PR\u00d3SPERI NEWS\" \/>\n<meta property=\"og:description\" content=\"O que faz voc\u00ea sair de casa vestido de branco? Sair de casa e ir at\u00e9 um est\u00e1dio [&hellip;]\" \/>\n<meta property=\"og:url\" content=\"https:\/\/blogdoprosperi.com\/?p=33449\" \/>\n<meta property=\"og:site_name\" content=\"PR\u00d3SPERI NEWS\" \/>\n<meta property=\"article:publisher\" content=\"Luiz Pr\u00f3speri\" \/>\n<meta property=\"article:author\" content=\"Luiz Pr\u00f3speri\" \/>\n<meta property=\"article:published_time\" content=\"2016-12-01T02:58:09+00:00\" \/>\n<meta property=\"article:modified_time\" content=\"2016-12-01T03:19:09+00:00\" \/>\n<meta property=\"og:image\" content=\"https:\/\/blogdoprosperi.com\/wp-content\/uploads\/2016\/12\/pessoas-prestam-homenagem-no-estadio-atanasio-girardot-em-medellin-na-colombia-1480554248881_956x500.jpg\" \/>\n<meta name=\"author\" content=\"Luiz Ant\u00f4nio Pr\u00f3speri\" \/>\n<meta name=\"twitter:card\" content=\"summary_large_image\" \/>\n<meta name=\"twitter:creator\" content=\"@Luizprosperi\" \/>\n<meta name=\"twitter:site\" content=\"@Luizprosperi\" \/>\n<meta name=\"twitter:label1\" content=\"Escrito por\" \/>\n\t<meta name=\"twitter:data1\" content=\"Luiz Ant\u00f4nio Pr\u00f3speri\" \/>\n\t<meta name=\"twitter:label2\" content=\"Est. tempo de leitura\" \/>\n\t<meta name=\"twitter:data2\" content=\"2 minutos\" \/>\n<script type=\"application\/ld+json\" class=\"yoast-schema-graph\">{\"@context\":\"https:\\\/\\\/schema.org\",\"@graph\":[{\"@type\":\"Article\",\"@id\":\"https:\\\/\\\/blogdoprosperi.com\\\/?p=33449#article\",\"isPartOf\":{\"@id\":\"https:\\\/\\\/blogdoprosperi.com\\\/?p=33449\"},\"author\":{\"name\":\"Luiz Ant\u00f4nio Pr\u00f3speri\",\"@id\":\"https:\\\/\\\/blogdoprosperi.com\\\/#\\\/schema\\\/person\\\/38100755ce3601861ee4fab9b5aa78e9\"},\"headline\":\"Futebol vive em Medell\u00edn\",\"datePublished\":\"2016-12-01T02:58:09+00:00\",\"dateModified\":\"2016-12-01T03:19:09+00:00\",\"mainEntityOfPage\":{\"@id\":\"https:\\\/\\\/blogdoprosperi.com\\\/?p=33449\"},\"wordCount\":435,\"commentCount\":3,\"publisher\":{\"@id\":\"https:\\\/\\\/blogdoprosperi.com\\\/#\\\/schema\\\/person\\\/38100755ce3601861ee4fab9b5aa78e9\"},\"image\":{\"@id\":\"https:\\\/\\\/blogdoprosperi.com\\\/?p=33449#primaryimage\"},\"thumbnailUrl\":\"https:\\\/\\\/blogdoprosperi.com\\\/wp-content\\\/uploads\\\/2016\\\/12\\\/pessoas-prestam-homenagem-no-estadio-atanasio-girardot-em-medellin-na-colombia-1480554248881_956x500.jpg\",\"keywords\":[\"ACF\",\"Atan\u00e1sio Girardot\",\"Atletico Nacional\",\"Chape\",\"Chapecoense\",\"Col\u00f4mbia\",\"For\u00e7a Chapecoense\",\"futebol\",\"Gabriel Garcia Marquez\"],\"articleSection\":[\"futebol\"],\"inLanguage\":\"pt-BR\",\"potentialAction\":[{\"@type\":\"CommentAction\",\"name\":\"Comment\",\"target\":[\"https:\\\/\\\/blogdoprosperi.com\\\/?p=33449#respond\"]}]},{\"@type\":\"WebPage\",\"@id\":\"https:\\\/\\\/blogdoprosperi.com\\\/?p=33449\",\"url\":\"https:\\\/\\\/blogdoprosperi.com\\\/?p=33449\",\"name\":\"Futebol vive em Medell\u00edn - PR\u00d3SPERI NEWS\",\"isPartOf\":{\"@id\":\"https:\\\/\\\/blogdoprosperi.com\\\/#website\"},\"primaryImageOfPage\":{\"@id\":\"https:\\\/\\\/blogdoprosperi.com\\\/?p=33449#primaryimage\"},\"image\":{\"@id\":\"https:\\\/\\\/blogdoprosperi.com\\\/?p=33449#primaryimage\"},\"thumbnailUrl\":\"https:\\\/\\\/blogdoprosperi.com\\\/wp-content\\\/uploads\\\/2016\\\/12\\\/pessoas-prestam-homenagem-no-estadio-atanasio-girardot-em-medellin-na-colombia-1480554248881_956x500.jpg\",\"datePublished\":\"2016-12-01T02:58:09+00:00\",\"dateModified\":\"2016-12-01T03:19:09+00:00\",\"breadcrumb\":{\"@id\":\"https:\\\/\\\/blogdoprosperi.com\\\/?p=33449#breadcrumb\"},\"inLanguage\":\"pt-BR\",\"potentialAction\":[{\"@type\":\"ReadAction\",\"target\":[\"https:\\\/\\\/blogdoprosperi.com\\\/?p=33449\"]}]},{\"@type\":\"ImageObject\",\"inLanguage\":\"pt-BR\",\"@id\":\"https:\\\/\\\/blogdoprosperi.com\\\/?p=33449#primaryimage\",\"url\":\"https:\\\/\\\/i0.wp.com\\\/blogdoprosperi.com\\\/wp-content\\\/uploads\\\/2016\\\/12\\\/pessoas-prestam-homenagem-no-estadio-atanasio-girardot-em-medellin-na-colombia-1480554248881_956x500.jpg?fit=956%2C500&ssl=1\",\"contentUrl\":\"https:\\\/\\\/i0.wp.com\\\/blogdoprosperi.com\\\/wp-content\\\/uploads\\\/2016\\\/12\\\/pessoas-prestam-homenagem-no-estadio-atanasio-girardot-em-medellin-na-colombia-1480554248881_956x500.jpg?fit=956%2C500&ssl=1\",\"width\":956,\"height\":500},{\"@type\":\"BreadcrumbList\",\"@id\":\"https:\\\/\\\/blogdoprosperi.com\\\/?p=33449#breadcrumb\",\"itemListElement\":[{\"@type\":\"ListItem\",\"position\":1,\"name\":\"In\u00edcio\",\"item\":\"https:\\\/\\\/blogdoprosperi.com\\\/\"},{\"@type\":\"ListItem\",\"position\":2,\"name\":\"Futebol vive em Medell\u00edn\"}]},{\"@type\":\"WebSite\",\"@id\":\"https:\\\/\\\/blogdoprosperi.com\\\/#website\",\"url\":\"https:\\\/\\\/blogdoprosperi.com\\\/\",\"name\":\"PR\u00d3SPERI NEWS\",\"description\":\"TUDO \u00c9  FUTEBOL\",\"publisher\":{\"@id\":\"https:\\\/\\\/blogdoprosperi.com\\\/#\\\/schema\\\/person\\\/38100755ce3601861ee4fab9b5aa78e9\"},\"alternateName\":\"blogdoprosperi.com\",\"potentialAction\":[{\"@type\":\"SearchAction\",\"target\":{\"@type\":\"EntryPoint\",\"urlTemplate\":\"https:\\\/\\\/blogdoprosperi.com\\\/?s={search_term_string}\"},\"query-input\":{\"@type\":\"PropertyValueSpecification\",\"valueRequired\":true,\"valueName\":\"search_term_string\"}}],\"inLanguage\":\"pt-BR\"},{\"@type\":[\"Person\",\"Organization\"],\"@id\":\"https:\\\/\\\/blogdoprosperi.com\\\/#\\\/schema\\\/person\\\/38100755ce3601861ee4fab9b5aa78e9\",\"name\":\"Luiz Ant\u00f4nio Pr\u00f3speri\",\"pronouns\":\"ele\",\"image\":{\"@type\":\"ImageObject\",\"inLanguage\":\"pt-BR\",\"@id\":\"https:\\\/\\\/i0.wp.com\\\/blogdoprosperi.com\\\/wp-content\\\/uploads\\\/2026\\\/05\\\/cropped-8059e613-6002-42fa-961e-8e275f575d71-2-5.jpg?fit=1360%2C931&ssl=1\",\"url\":\"https:\\\/\\\/i0.wp.com\\\/blogdoprosperi.com\\\/wp-content\\\/uploads\\\/2026\\\/05\\\/cropped-8059e613-6002-42fa-961e-8e275f575d71-2-5.jpg?fit=1360%2C931&ssl=1\",\"contentUrl\":\"https:\\\/\\\/i0.wp.com\\\/blogdoprosperi.com\\\/wp-content\\\/uploads\\\/2026\\\/05\\\/cropped-8059e613-6002-42fa-961e-8e275f575d71-2-5.jpg?fit=1360%2C931&ssl=1\",\"width\":1360,\"height\":931,\"caption\":\"Luiz Ant\u00f4nio Pr\u00f3speri\"},\"logo\":{\"@id\":\"https:\\\/\\\/i0.wp.com\\\/blogdoprosperi.com\\\/wp-content\\\/uploads\\\/2026\\\/05\\\/cropped-8059e613-6002-42fa-961e-8e275f575d71-2-5.jpg?fit=1360%2C931&ssl=1\"},\"description\":\"Jornalista com carreira dedicada ao esporte. Cobriu 9 Copas do Mundo in loco, 1990 na It\u00e1lia, 1994 nos EUA, 1998 na Fran\u00e7a, 2002 na Coreia do Sul e Jap\u00e3o, 2006 na Alemanha, 2010 na \u00c1frica do Sul, 2014 no Brasil, 2018 na R\u00fassia e 2022 no Qatar. Eurocopas, 1992 na Su\u00e9cia e 1996 na Inglaterra. Copa das Confedera\u00e7\u00f5es de 2005 na Alemanha e 2009 na \u00c1frica do Sul. Rep\u00f3rter e Editor, trabalhou no Jornal da Tarde e Estad\u00e3o, de 1984 a fevereiro de 2016. Colunista, blogueiro. E comentarista de futebol na R\u00e1dio Estad\u00e3o, de 2013 a fevereiro de 2016. Jornalista respons\u00e1vel do \\\"Pr\u00f3speri News\\\" (blogdoprosperi.com).\",\"sameAs\":[\"http:\\\/\\\/blogdoprosperi.com\",\"Luiz Pr\u00f3speri\",\"@luiz_prosperi\",\"https:\\\/\\\/x.com\\\/Luizprosperi\",\"@prosperinacopa\",\"luiz.prosperi@icloud.com\"],\"url\":\"https:\\\/\\\/blogdoprosperi.com\\\/?author=102107496\"}]}<\/script>\n<!-- \/ Yoast SEO plugin. -->","yoast_head_json":{"title":"Futebol vive em Medell\u00edn - PR\u00d3SPERI NEWS","robots":{"index":"index","follow":"follow","max-snippet":"max-snippet:-1","max-image-preview":"max-image-preview:large","max-video-preview":"max-video-preview:-1"},"canonical":"https:\/\/blogdoprosperi.com\/?p=33449","og_locale":"pt_BR","og_type":"article","og_title":"Futebol vive em Medell\u00edn - PR\u00d3SPERI NEWS","og_description":"O que faz voc\u00ea sair de casa vestido de branco? Sair de casa e ir at\u00e9 um est\u00e1dio [&hellip;]","og_url":"https:\/\/blogdoprosperi.com\/?p=33449","og_site_name":"PR\u00d3SPERI NEWS","article_publisher":"Luiz Pr\u00f3speri","article_author":"Luiz Pr\u00f3speri","article_published_time":"2016-12-01T02:58:09+00:00","article_modified_time":"2016-12-01T03:19:09+00:00","og_image":[{"url":"https:\/\/blogdoprosperi.com\/wp-content\/uploads\/2016\/12\/pessoas-prestam-homenagem-no-estadio-atanasio-girardot-em-medellin-na-colombia-1480554248881_956x500.jpg","type":"","width":"","height":""}],"author":"Luiz Ant\u00f4nio Pr\u00f3speri","twitter_card":"summary_large_image","twitter_creator":"@Luizprosperi","twitter_site":"@Luizprosperi","twitter_misc":{"Escrito por":"Luiz Ant\u00f4nio Pr\u00f3speri","Est. tempo de leitura":"2 minutos"},"schema":{"@context":"https:\/\/schema.org","@graph":[{"@type":"Article","@id":"https:\/\/blogdoprosperi.com\/?p=33449#article","isPartOf":{"@id":"https:\/\/blogdoprosperi.com\/?p=33449"},"author":{"name":"Luiz Ant\u00f4nio Pr\u00f3speri","@id":"https:\/\/blogdoprosperi.com\/#\/schema\/person\/38100755ce3601861ee4fab9b5aa78e9"},"headline":"Futebol vive em Medell\u00edn","datePublished":"2016-12-01T02:58:09+00:00","dateModified":"2016-12-01T03:19:09+00:00","mainEntityOfPage":{"@id":"https:\/\/blogdoprosperi.com\/?p=33449"},"wordCount":435,"commentCount":3,"publisher":{"@id":"https:\/\/blogdoprosperi.com\/#\/schema\/person\/38100755ce3601861ee4fab9b5aa78e9"},"image":{"@id":"https:\/\/blogdoprosperi.com\/?p=33449#primaryimage"},"thumbnailUrl":"https:\/\/blogdoprosperi.com\/wp-content\/uploads\/2016\/12\/pessoas-prestam-homenagem-no-estadio-atanasio-girardot-em-medellin-na-colombia-1480554248881_956x500.jpg","keywords":["ACF","Atan\u00e1sio Girardot","Atletico Nacional","Chape","Chapecoense","Col\u00f4mbia","For\u00e7a Chapecoense","futebol","Gabriel Garcia Marquez"],"articleSection":["futebol"],"inLanguage":"pt-BR","potentialAction":[{"@type":"CommentAction","name":"Comment","target":["https:\/\/blogdoprosperi.com\/?p=33449#respond"]}]},{"@type":"WebPage","@id":"https:\/\/blogdoprosperi.com\/?p=33449","url":"https:\/\/blogdoprosperi.com\/?p=33449","name":"Futebol vive em Medell\u00edn - PR\u00d3SPERI NEWS","isPartOf":{"@id":"https:\/\/blogdoprosperi.com\/#website"},"primaryImageOfPage":{"@id":"https:\/\/blogdoprosperi.com\/?p=33449#primaryimage"},"image":{"@id":"https:\/\/blogdoprosperi.com\/?p=33449#primaryimage"},"thumbnailUrl":"https:\/\/blogdoprosperi.com\/wp-content\/uploads\/2016\/12\/pessoas-prestam-homenagem-no-estadio-atanasio-girardot-em-medellin-na-colombia-1480554248881_956x500.jpg","datePublished":"2016-12-01T02:58:09+00:00","dateModified":"2016-12-01T03:19:09+00:00","breadcrumb":{"@id":"https:\/\/blogdoprosperi.com\/?p=33449#breadcrumb"},"inLanguage":"pt-BR","potentialAction":[{"@type":"ReadAction","target":["https:\/\/blogdoprosperi.com\/?p=33449"]}]},{"@type":"ImageObject","inLanguage":"pt-BR","@id":"https:\/\/blogdoprosperi.com\/?p=33449#primaryimage","url":"https:\/\/i0.wp.com\/blogdoprosperi.com\/wp-content\/uploads\/2016\/12\/pessoas-prestam-homenagem-no-estadio-atanasio-girardot-em-medellin-na-colombia-1480554248881_956x500.jpg?fit=956%2C500&ssl=1","contentUrl":"https:\/\/i0.wp.com\/blogdoprosperi.com\/wp-content\/uploads\/2016\/12\/pessoas-prestam-homenagem-no-estadio-atanasio-girardot-em-medellin-na-colombia-1480554248881_956x500.jpg?fit=956%2C500&ssl=1","width":956,"height":500},{"@type":"BreadcrumbList","@id":"https:\/\/blogdoprosperi.com\/?p=33449#breadcrumb","itemListElement":[{"@type":"ListItem","position":1,"name":"In\u00edcio","item":"https:\/\/blogdoprosperi.com\/"},{"@type":"ListItem","position":2,"name":"Futebol vive em Medell\u00edn"}]},{"@type":"WebSite","@id":"https:\/\/blogdoprosperi.com\/#website","url":"https:\/\/blogdoprosperi.com\/","name":"PR\u00d3SPERI NEWS","description":"TUDO \u00c9  FUTEBOL","publisher":{"@id":"https:\/\/blogdoprosperi.com\/#\/schema\/person\/38100755ce3601861ee4fab9b5aa78e9"},"alternateName":"blogdoprosperi.com","potentialAction":[{"@type":"SearchAction","target":{"@type":"EntryPoint","urlTemplate":"https:\/\/blogdoprosperi.com\/?s={search_term_string}"},"query-input":{"@type":"PropertyValueSpecification","valueRequired":true,"valueName":"search_term_string"}}],"inLanguage":"pt-BR"},{"@type":["Person","Organization"],"@id":"https:\/\/blogdoprosperi.com\/#\/schema\/person\/38100755ce3601861ee4fab9b5aa78e9","name":"Luiz Ant\u00f4nio Pr\u00f3speri","pronouns":"ele","image":{"@type":"ImageObject","inLanguage":"pt-BR","@id":"https:\/\/i0.wp.com\/blogdoprosperi.com\/wp-content\/uploads\/2026\/05\/cropped-8059e613-6002-42fa-961e-8e275f575d71-2-5.jpg?fit=1360%2C931&ssl=1","url":"https:\/\/i0.wp.com\/blogdoprosperi.com\/wp-content\/uploads\/2026\/05\/cropped-8059e613-6002-42fa-961e-8e275f575d71-2-5.jpg?fit=1360%2C931&ssl=1","contentUrl":"https:\/\/i0.wp.com\/blogdoprosperi.com\/wp-content\/uploads\/2026\/05\/cropped-8059e613-6002-42fa-961e-8e275f575d71-2-5.jpg?fit=1360%2C931&ssl=1","width":1360,"height":931,"caption":"Luiz Ant\u00f4nio Pr\u00f3speri"},"logo":{"@id":"https:\/\/i0.wp.com\/blogdoprosperi.com\/wp-content\/uploads\/2026\/05\/cropped-8059e613-6002-42fa-961e-8e275f575d71-2-5.jpg?fit=1360%2C931&ssl=1"},"description":"Jornalista com carreira dedicada ao esporte. Cobriu 9 Copas do Mundo in loco, 1990 na It\u00e1lia, 1994 nos EUA, 1998 na Fran\u00e7a, 2002 na Coreia do Sul e Jap\u00e3o, 2006 na Alemanha, 2010 na \u00c1frica do Sul, 2014 no Brasil, 2018 na R\u00fassia e 2022 no Qatar. Eurocopas, 1992 na Su\u00e9cia e 1996 na Inglaterra. Copa das Confedera\u00e7\u00f5es de 2005 na Alemanha e 2009 na \u00c1frica do Sul. Rep\u00f3rter e Editor, trabalhou no Jornal da Tarde e Estad\u00e3o, de 1984 a fevereiro de 2016. Colunista, blogueiro. E comentarista de futebol na R\u00e1dio Estad\u00e3o, de 2013 a fevereiro de 2016. Jornalista respons\u00e1vel do \"Pr\u00f3speri News\" (blogdoprosperi.com).","sameAs":["http:\/\/blogdoprosperi.com","Luiz Pr\u00f3speri","@luiz_prosperi","https:\/\/x.com\/Luizprosperi","@prosperinacopa","luiz.prosperi@icloud.com"],"url":"https:\/\/blogdoprosperi.com\/?author=102107496"}]}},"jetpack_publicize_connections":[],"jetpack_likes_enabled":false,"jetpack_sharing_enabled":true,"jetpack_shortlink":"https:\/\/wp.me\/p7jvdk-8Hv","jetpack-related-posts":[{"id":35420,"url":"https:\/\/blogdoprosperi.com\/?p=35420","url_meta":{"origin":33449,"position":0},"title":"Chapecoense derrota Atl\u00e9tico Medell\u00edn no jogo que o advers\u00e1rio n\u00e3o era advers\u00e1rio","author":"Luiz Ant\u00f4nio Pr\u00f3speri","date":"5 de abril de 2017","format":false,"excerpt":"\u201cHoje \u00e9 dia de celebrar a vida, celebrar o futebol\u201d, disse Jakson Follman, goleiro que teve parte da perna direita amputada ap\u00f3s aquele 29 de novembro de 2016 em Medell\u00edn. Nas arquibancadas da Arena Cond\u00e1, l\u00e1grimas, consterna\u00e7\u00e3o, m\u00e3os entrela\u00e7adas e apertadas para n\u00e3o deixar a alma escapar.\u00a0 Uma multid\u00e3o em\u2026","rel":"","context":"Em &quot;futebol&quot;","block_context":{"text":"futebol","link":"https:\/\/blogdoprosperi.com\/?cat=53870"},"img":{"alt_text":"","src":"https:\/\/i0.wp.com\/blogdoprosperi.com\/wp-content\/uploads\/2017\/04\/5777715_640x360.jpg?resize=350%2C200&ssl=1","width":350,"height":200,"srcset":"https:\/\/i0.wp.com\/blogdoprosperi.com\/wp-content\/uploads\/2017\/04\/5777715_640x360.jpg?resize=350%2C200&ssl=1 1x, https:\/\/i0.wp.com\/blogdoprosperi.com\/wp-content\/uploads\/2017\/04\/5777715_640x360.jpg?resize=525%2C300&ssl=1 1.5x"},"classes":[]},{"id":33365,"url":"https:\/\/blogdoprosperi.com\/?p=33365","url_meta":{"origin":33449,"position":1},"title":"Futebol e jornalismo esportivo em transe com a trag\u00e9dia da Chapecoense","author":"Luiz Ant\u00f4nio Pr\u00f3speri","date":"29 de novembro de 2016","format":false,"excerpt":"\u00a0 Dif\u00edcil um jornalista dedicado h\u00e1 mais de 30 anos ao futebol narrar a trag\u00e9dia dessa propor\u00e7\u00e3o que dizimou o time da Chapecoense e levou junto companheiros de imprensa. N\u00e3o cabe neste momento apontar as causas do acidente com o avi\u00e3o, a 30 quil\u00f4metros de Medell\u00edn, enquanto n\u00e3o se tem\u2026","rel":"","context":"Em &quot;futebol&quot;","block_context":{"text":"futebol","link":"https:\/\/blogdoprosperi.com\/?cat=53870"},"img":{"alt_text":"","src":"https:\/\/i0.wp.com\/blogdoprosperi.com\/wp-content\/uploads\/2016\/11\/chapecoense_escudo991.png?resize=350%2C200&ssl=1","width":350,"height":200,"srcset":"https:\/\/i0.wp.com\/blogdoprosperi.com\/wp-content\/uploads\/2016\/11\/chapecoense_escudo991.png?resize=350%2C200&ssl=1 1x, https:\/\/i0.wp.com\/blogdoprosperi.com\/wp-content\/uploads\/2016\/11\/chapecoense_escudo991.png?resize=525%2C300&ssl=1 1.5x"},"classes":[]},{"id":33614,"url":"https:\/\/blogdoprosperi.com\/?p=33614","url_meta":{"origin":33449,"position":2},"title":"For\u00e7a Chape, seu time est\u00e1 em casa","author":"Luiz Ant\u00f4nio Pr\u00f3speri","date":"3 de dezembro de 2016","format":false,"excerpt":"Em vez de chuteiras pisando no gramado, coturnos dos soldados amassando a relva encharcada carregando as urnas nos ombros. Em vez de um time perfilado \u00e0 espera do hino nacional, um fileira de caix\u00f5es. Em vez de gritos \"Chape, Chape\", aplausos silenciosos, como se isso fosse poss\u00edvel, encobertos por \u00e1gua\u2026","rel":"","context":"Em &quot;futebol&quot;","block_context":{"text":"futebol","link":"https:\/\/blogdoprosperi.com\/?cat=53870"},"img":{"alt_text":"","src":"https:\/\/i0.wp.com\/blogdoprosperi.com\/wp-content\/uploads\/2016\/12\/ehn02ply92c83w7ukln38n635.jpg?resize=350%2C200&ssl=1","width":350,"height":200,"srcset":"https:\/\/i0.wp.com\/blogdoprosperi.com\/wp-content\/uploads\/2016\/12\/ehn02ply92c83w7ukln38n635.jpg?resize=350%2C200&ssl=1 1x, https:\/\/i0.wp.com\/blogdoprosperi.com\/wp-content\/uploads\/2016\/12\/ehn02ply92c83w7ukln38n635.jpg?resize=525%2C300&ssl=1 1.5x"},"classes":[]},{"id":6489,"url":"https:\/\/blogdoprosperi.com\/?p=6489","url_meta":{"origin":33449,"position":3},"title":"S\u00e3o Paulo vai encarar o melhor time da Libertadores","author":"Luiz Ant\u00f4nio Pr\u00f3speri","date":"20 de maio de 2016","format":false,"excerpt":"O S\u00e3o Paulo n\u00e3o ter\u00e1 vida f\u00e1cil na semifinais da Copa Libertadores. Despachou o favorito Atl\u00e9tico-MG nas quartas e vai encarar o Atl\u00e9tico Nacional, de Medell\u00edn, um time atrevido, que gosta de futebol, e tem a seu favor um est\u00e1dio inflamado sempre lotado com 50 mil torcedores. N\u00e3o h\u00e1 grade\u2026","rel":"","context":"Em &quot;futebol&quot;","block_context":{"text":"futebol","link":"https:\/\/blogdoprosperi.com\/?cat=53870"},"img":{"alt_text":"","src":"https:\/\/i0.wp.com\/blogdoprosperi.com\/wp-content\/uploads\/2016\/05\/1614110.jpeg?resize=350%2C200&ssl=1","width":350,"height":200,"srcset":"https:\/\/i0.wp.com\/blogdoprosperi.com\/wp-content\/uploads\/2016\/05\/1614110.jpeg?resize=350%2C200&ssl=1 1x, https:\/\/i0.wp.com\/blogdoprosperi.com\/wp-content\/uploads\/2016\/05\/1614110.jpeg?resize=525%2C300&ssl=1 1.5x"},"classes":[]},{"id":34055,"url":"https:\/\/blogdoprosperi.com\/?p=34055","url_meta":{"origin":33449,"position":4},"title":"Atl\u00e9tico Nacional, irm\u00e3o da Chape, \u00e9 a primeira v\u00edtima do \u00e1rbitro de v\u00eddeo no Mundial do Clubes da Fifa","author":"Luiz Ant\u00f4nio Pr\u00f3speri","date":"14 de dezembro de 2016","format":false,"excerpt":"Atl\u00e9tico Nacional de Medell\u00edn est\u00e1 eliminado do Mundial de Clubes da Fifa no Jap\u00e3o. Sua derrota por 3 a 0 ao Kashima Antlers come\u00e7a com um gol de p\u00eanalti anotado pelo \u00e1rbitro com essa excresc\u00eancia de se usar a tecnologia no futebol. Entre o lance da penalidade e a decis\u00e3o\u2026","rel":"","context":"Em &quot;futebol&quot;","block_context":{"text":"futebol","link":"https:\/\/blogdoprosperi.com\/?cat=53870"},"img":{"alt_text":"","src":"https:\/\/i0.wp.com\/blogdoprosperi.com\/wp-content\/uploads\/2016\/12\/r.jpeg?resize=350%2C200&ssl=1","width":350,"height":200,"srcset":"https:\/\/i0.wp.com\/blogdoprosperi.com\/wp-content\/uploads\/2016\/12\/r.jpeg?resize=350%2C200&ssl=1 1x, https:\/\/i0.wp.com\/blogdoprosperi.com\/wp-content\/uploads\/2016\/12\/r.jpeg?resize=525%2C300&ssl=1 1.5x"},"classes":[]},{"id":6550,"url":"https:\/\/blogdoprosperi.com\/?p=6550","url_meta":{"origin":33449,"position":5},"title":"Atacante do Atl\u00e9tico Nacional acusa goleiro argentino de racismo","author":"Luiz Ant\u00f4nio Pr\u00f3speri","date":"20 de maio de 2016","format":false,"excerpt":"\u00a0 A Conmebol ainda n\u00e3o se manifestou sobre os incidentes na vit\u00f3ria por 3 a 1 do Atl\u00e9tico Nacional contra o Ros\u00e1rio Central, em Medell\u00edn, ap\u00f3s mais de 15 horas do jogo, valendo vaga na semifinal da Copa Libertadores. O caso mais grave \u00e9 acusa\u00e7\u00e3o do atacante Berr\u00edo, de 21\u2026","rel":"","context":"Em &quot;futebol&quot;","block_context":{"text":"futebol","link":"https:\/\/blogdoprosperi.com\/?cat=53870"},"img":{"alt_text":"","src":"https:\/\/i0.wp.com\/blogdoprosperi.com\/wp-content\/uploads\/2016\/05\/orlando-berrio-y-alejandro-guerra-atletico-nacional-liga.jpg?resize=350%2C200&ssl=1","width":350,"height":200,"srcset":"https:\/\/i0.wp.com\/blogdoprosperi.com\/wp-content\/uploads\/2016\/05\/orlando-berrio-y-alejandro-guerra-atletico-nacional-liga.jpg?resize=350%2C200&ssl=1 1x, https:\/\/i0.wp.com\/blogdoprosperi.com\/wp-content\/uploads\/2016\/05\/orlando-berrio-y-alejandro-guerra-atletico-nacional-liga.jpg?resize=525%2C300&ssl=1 1.5x, https:\/\/i0.wp.com\/blogdoprosperi.com\/wp-content\/uploads\/2016\/05\/orlando-berrio-y-alejandro-guerra-atletico-nacional-liga.jpg?resize=700%2C400&ssl=1 2x"},"classes":[]}],"jetpack_featured_media_url":"","_links":{"self":[{"href":"https:\/\/blogdoprosperi.com\/index.php?rest_route=\/wp\/v2\/posts\/33449","targetHints":{"allow":["GET"]}}],"collection":[{"href":"https:\/\/blogdoprosperi.com\/index.php?rest_route=\/wp\/v2\/posts"}],"about":[{"href":"https:\/\/blogdoprosperi.com\/index.php?rest_route=\/wp\/v2\/types\/post"}],"author":[{"embeddable":true,"href":"https:\/\/blogdoprosperi.com\/index.php?rest_route=\/wp\/v2\/users\/102107496"}],"replies":[{"embeddable":true,"href":"https:\/\/blogdoprosperi.com\/index.php?rest_route=%2Fwp%2Fv2%2Fcomments&post=33449"}],"version-history":[{"count":25,"href":"https:\/\/blogdoprosperi.com\/index.php?rest_route=\/wp\/v2\/posts\/33449\/revisions"}],"predecessor-version":[{"id":33524,"href":"https:\/\/blogdoprosperi.com\/index.php?rest_route=\/wp\/v2\/posts\/33449\/revisions\/33524"}],"wp:attachment":[{"href":"https:\/\/blogdoprosperi.com\/index.php?rest_route=%2Fwp%2Fv2%2Fmedia&parent=33449"}],"wp:term":[{"taxonomy":"category","embeddable":true,"href":"https:\/\/blogdoprosperi.com\/index.php?rest_route=%2Fwp%2Fv2%2Fcategories&post=33449"},{"taxonomy":"post_tag","embeddable":true,"href":"https:\/\/blogdoprosperi.com\/index.php?rest_route=%2Fwp%2Fv2%2Ftags&post=33449"}],"curies":[{"name":"wp","href":"https:\/\/api.w.org\/{rel}","templated":true}]}}