{"id":33650,"date":"2016-12-05T12:05:05","date_gmt":"2016-12-05T14:05:05","guid":{"rendered":"http:\/\/blogdoprosperi.com\/?p=33650"},"modified":"2016-12-05T12:54:46","modified_gmt":"2016-12-05T14:54:46","slug":"rogerio-ceni-tem-projetos-ambiciosos-e-nao-apenas-comandar-o-sao-paulo","status":"publish","type":"post","link":"https:\/\/blogdoprosperi.com\/?p=33650","title":{"rendered":"Rogerio Ceni tem projetos ambiciosos e n\u00e3o apenas comandar o S\u00e3o Paulo"},"content":{"rendered":"<p><span class=\"alignnone\"><img data-recalc-dims=\"1\" loading=\"lazy\" decoding=\"async\" data-attachment-id=\"33677\" data-permalink=\"https:\/\/blogdoprosperi.com\/?attachment_id=33677\" data-orig-file=\"https:\/\/i0.wp.com\/blogdoprosperi.com\/wp-content\/uploads\/2016\/12\/rogerio_ceni.jpg?fit=200%2C348&amp;ssl=1\" data-orig-size=\"200,348\" data-comments-opened=\"1\" data-image-meta=\"{&quot;aperture&quot;:&quot;0&quot;,&quot;credit&quot;:&quot;&quot;,&quot;camera&quot;:&quot;&quot;,&quot;caption&quot;:&quot;&quot;,&quot;created_timestamp&quot;:&quot;0&quot;,&quot;copyright&quot;:&quot;&quot;,&quot;focal_length&quot;:&quot;0&quot;,&quot;iso&quot;:&quot;0&quot;,&quot;shutter_speed&quot;:&quot;0&quot;,&quot;title&quot;:&quot;&quot;,&quot;orientation&quot;:&quot;0&quot;}\" data-image-title=\"rogerio_ceni\" data-image-description=\"\" data-image-caption=\"\" data-large-file=\"https:\/\/i0.wp.com\/blogdoprosperi.com\/wp-content\/uploads\/2016\/12\/rogerio_ceni.jpg?fit=200%2C348&amp;ssl=1\" class=\"alignnone size-full wp-image-33677 alignleft\" src=\"https:\/\/i0.wp.com\/blogdoprosperi.com\/wp-content\/uploads\/2016\/12\/rogerio_ceni.jpg?resize=200%2C348&#038;ssl=1\" alt=\"rogerio_ceni\" width=\"200\" height=\"348\" \/><\/span>Rogerio Ceni, agora t\u00e9cnico de futebol, vai ser apresentado nesta semana no S\u00e3o Paulo. Primeira oportunidade para se ter uma ideia de seus projetos e futuro. At\u00e9 aqui, sinais indicam um novo treinador em busca de uma revolu\u00e7\u00e3o no seu clube e, se tudo caminhar bem, fazer carreira no futebol europeu. Ceni assume o S\u00e3o Paulo com um desafio do tamanho do Morumbi.<\/p>\n<p>Quando resolveu que seria um t\u00e9cnico, ao encerrar a trajet\u00f3ria de jogador, o ex-goleiro pensou grande. Resgatar o Tricolor das profundezas, dar um novo patamar ao futebol do time e conquistar t\u00edtulos n\u00e3o satisfazem Ceni. Seria, \u00e9 claro, o primeiro passo de um projeto mais ambicioso. O futuro, por\u00e9m, est\u00e1 na Europa.t<\/p>\n<p>N\u00e3o por acaso seu auxiliar t\u00e9cnico \u00e9 o ingl\u00eas\u00a0Michael Beale, que deixa as categorias de base do Liverpool e vem trabalhar no Brasil na condi\u00e7\u00e3o de especialista em organizar treinos, jogadas defensivas e de gols. Beale tem pelo menos nove livros publicados (veja este link\u00a0<a href=\"https:\/\/www.dropbox.com\/s\/m6ttt6ahoya9zmq\/Multifinishing%20Drills%20(1).pdf\">Build Up and Finishing Drills<\/a>)\u00a0no mercado europeu. Usa um microfone sem fio em determinados treinamentos e chega ao S\u00e3o Paulo com status de um revolucion\u00e1rio. \u00c9 um acad\u00eamico a servi\u00e7o de Rogerio Ceni.<\/p>\n<p>No projeto do ex-goleiro, a rotina de treinamentos, atendimento \u00e0 imprensa e conv\u00edvio com os jogadores vai seguir o padr\u00e3o dos clubes da Europa.<\/p>\n<p>Com boa flu\u00eancia nos idiomas espanhol e ingl\u00eas, o ex-goleiro do S\u00e3o Paulo espera fazer uma s\u00f3lida parceria com Beale (<em>foto abaixo<\/em>) e outros assessores de ponta na comiss\u00e3o t\u00e9cnica do S\u00e3o Paulo. Esta constru\u00e7\u00e3o do alicerce de sua carreira de treinador \u00e9 o primeiro passo rumo ao futebol europeu.<\/p>\n<p><span class=\"alignnone\"><img data-recalc-dims=\"1\" loading=\"lazy\" decoding=\"async\" data-attachment-id=\"33678\" data-permalink=\"https:\/\/blogdoprosperi.com\/?attachment_id=33678\" data-orig-file=\"https:\/\/i0.wp.com\/blogdoprosperi.com\/wp-content\/uploads\/2016\/12\/160822-066-chelsea_u23_liverpool_u23-e1472057797536.jpg?fit=771%2C606&amp;ssl=1\" data-orig-size=\"771,606\" data-comments-opened=\"1\" data-image-meta=\"{&quot;aperture&quot;:&quot;0&quot;,&quot;credit&quot;:&quot;&quot;,&quot;camera&quot;:&quot;&quot;,&quot;caption&quot;:&quot;&quot;,&quot;created_timestamp&quot;:&quot;0&quot;,&quot;copyright&quot;:&quot;&quot;,&quot;focal_length&quot;:&quot;0&quot;,&quot;iso&quot;:&quot;0&quot;,&quot;shutter_speed&quot;:&quot;0&quot;,&quot;title&quot;:&quot;&quot;,&quot;orientation&quot;:&quot;0&quot;}\" data-image-title=\"160822-066-chelsea_u23_liverpool_u23-e1472057797536\" data-image-description=\"\" data-image-caption=\"\" data-large-file=\"https:\/\/i0.wp.com\/blogdoprosperi.com\/wp-content\/uploads\/2016\/12\/160822-066-chelsea_u23_liverpool_u23-e1472057797536.jpg?fit=771%2C606&amp;ssl=1\" class=\"alignnone size-full wp-image-33678\" src=\"https:\/\/i0.wp.com\/blogdoprosperi.com\/wp-content\/uploads\/2016\/12\/160822-066-chelsea_u23_liverpool_u23-e1472057797536.jpg?resize=771%2C606&#038;ssl=1\" alt=\"160822-066-chelsea_u23_liverpool_u23-e1472057797536\" width=\"771\" height=\"606\" \/><\/span><\/p>\n<p>De acordo com entrevista do presidente Carlos Augusto Barros e Silva ao <em>Estad\u00e3o<\/em>, Ceni vai olhar os canteiros da base de Cotia com uma lupa. Dali, e com mais tr\u00eas refor\u00e7os de bom n\u00edvel, vai remontar o S\u00e3o Paulo. A ponte do futuro.<\/p>\n<p>Seu contrato ter\u00e1 dura\u00e7\u00e3o de dois anos. Temo suficiente para marcar presen\u00e7a no Brasil e abrir a janela para o mundo.<\/p>\n<p>#for\u00e7achape<\/p>\n","protected":false},"excerpt":{"rendered":"<p>Rogerio Ceni, agora t\u00e9cnico de futebol, vai ser apresentado nesta semana no S\u00e3o Paulo. Primeira oportunidade para se [&hellip;]<\/p>\n","protected":false},"author":102107496,"featured_media":0,"comment_status":"open","ping_status":"open","sticky":false,"template":"","format":"standard","meta":{"_coblocks_attr":"","_coblocks_dimensions":"","_coblocks_responsive_height":"","_coblocks_accordion_ie_support":"","_jetpack_newsletter_access":"","_jetpack_dont_email_post_to_subs":false,"_jetpack_newsletter_tier_id":0,"_jetpack_memberships_contains_paywalled_content":false,"_wpcom_ai_launchpad_first_post":false,"_jetpack_feature_clip_id":0,"_jetpack_memberships_contains_paid_content":false,"footnotes":"","jetpack_publicize_message":"","jetpack_publicize_feature_enabled":true,"jetpack_social_post_already_shared":false,"jetpack_social_options":{"image_generator_settings":{"template":"highway","default_image_id":0,"font":"","enabled":false},"version":2},"jetpack_post_was_ever_published":false},"categories":[53870],"tags":[789560560,2009638,12941748,1181872,381289775],"class_list":["post-33650","post","type-post","status-publish","format-standard","hentry","category-futebol","tag-futebol","tag-leco","tag-michael-beale","tag-rogerio-ceni","tag-sao-paulo-fc-spfc"],"yoast_head":"<!-- This site is optimized with the Yoast SEO plugin v28.3 - https:\/\/yoast.com\/product\/yoast-seo-wordpress\/ -->\n<title>Rogerio Ceni tem projetos ambiciosos e n\u00e3o apenas comandar o S\u00e3o Paulo - PR\u00d3SPERI NEWS<\/title>\n<meta name=\"robots\" content=\"index, follow, max-snippet:-1, max-image-preview:large, max-video-preview:-1\" \/>\n<link rel=\"canonical\" href=\"https:\/\/blogdoprosperi.com\/?p=33650\" \/>\n<meta property=\"og:locale\" content=\"pt_BR\" \/>\n<meta property=\"og:type\" content=\"article\" \/>\n<meta property=\"og:title\" content=\"Rogerio Ceni tem projetos ambiciosos e n\u00e3o apenas comandar o S\u00e3o Paulo - PR\u00d3SPERI NEWS\" \/>\n<meta property=\"og:description\" content=\"Rogerio Ceni, agora t\u00e9cnico de futebol, vai ser apresentado nesta semana no S\u00e3o Paulo. Primeira oportunidade para se [&hellip;]\" \/>\n<meta property=\"og:url\" content=\"https:\/\/blogdoprosperi.com\/?p=33650\" \/>\n<meta property=\"og:site_name\" content=\"PR\u00d3SPERI NEWS\" \/>\n<meta property=\"article:publisher\" content=\"Luiz Pr\u00f3speri\" \/>\n<meta property=\"article:author\" content=\"Luiz Pr\u00f3speri\" \/>\n<meta property=\"article:published_time\" content=\"2016-12-05T14:05:05+00:00\" \/>\n<meta property=\"article:modified_time\" content=\"2016-12-05T14:54:46+00:00\" \/>\n<meta property=\"og:image\" content=\"https:\/\/blogdoprosperi.com\/wp-content\/uploads\/2016\/12\/rogerio_ceni.jpg\" \/>\n<meta name=\"author\" content=\"Luiz Ant\u00f4nio Pr\u00f3speri\" \/>\n<meta name=\"twitter:card\" content=\"summary_large_image\" \/>\n<meta name=\"twitter:creator\" content=\"@Luizprosperi\" \/>\n<meta name=\"twitter:site\" content=\"@Luizprosperi\" \/>\n<meta name=\"twitter:label1\" content=\"Escrito por\" \/>\n\t<meta name=\"twitter:data1\" content=\"Luiz Ant\u00f4nio Pr\u00f3speri\" \/>\n\t<meta name=\"twitter:label2\" content=\"Est. tempo de leitura\" \/>\n\t<meta name=\"twitter:data2\" content=\"2 minutos\" \/>\n<script type=\"application\/ld+json\" class=\"yoast-schema-graph\">{\"@context\":\"https:\\\/\\\/schema.org\",\"@graph\":[{\"@type\":\"Article\",\"@id\":\"https:\\\/\\\/blogdoprosperi.com\\\/?p=33650#article\",\"isPartOf\":{\"@id\":\"https:\\\/\\\/blogdoprosperi.com\\\/?p=33650\"},\"author\":{\"name\":\"Luiz Ant\u00f4nio Pr\u00f3speri\",\"@id\":\"https:\\\/\\\/blogdoprosperi.com\\\/#\\\/schema\\\/person\\\/38100755ce3601861ee4fab9b5aa78e9\"},\"headline\":\"Rogerio Ceni tem projetos ambiciosos e n\u00e3o apenas comandar o S\u00e3o Paulo\",\"datePublished\":\"2016-12-05T14:05:05+00:00\",\"dateModified\":\"2016-12-05T14:54:46+00:00\",\"mainEntityOfPage\":{\"@id\":\"https:\\\/\\\/blogdoprosperi.com\\\/?p=33650\"},\"wordCount\":379,\"commentCount\":1,\"publisher\":{\"@id\":\"https:\\\/\\\/blogdoprosperi.com\\\/#\\\/schema\\\/person\\\/38100755ce3601861ee4fab9b5aa78e9\"},\"image\":{\"@id\":\"https:\\\/\\\/blogdoprosperi.com\\\/?p=33650#primaryimage\"},\"thumbnailUrl\":\"https:\\\/\\\/blogdoprosperi.com\\\/wp-content\\\/uploads\\\/2016\\\/12\\\/rogerio_ceni.jpg\",\"keywords\":[\"futebol\",\"Leco\",\"Michael Beale\",\"Rog\u00e9rio Ceni\",\"S\u00e3o paulo FC spfc\"],\"articleSection\":[\"futebol\"],\"inLanguage\":\"pt-BR\",\"potentialAction\":[{\"@type\":\"CommentAction\",\"name\":\"Comment\",\"target\":[\"https:\\\/\\\/blogdoprosperi.com\\\/?p=33650#respond\"]}]},{\"@type\":\"WebPage\",\"@id\":\"https:\\\/\\\/blogdoprosperi.com\\\/?p=33650\",\"url\":\"https:\\\/\\\/blogdoprosperi.com\\\/?p=33650\",\"name\":\"Rogerio Ceni tem projetos ambiciosos e n\u00e3o apenas comandar o S\u00e3o Paulo - PR\u00d3SPERI NEWS\",\"isPartOf\":{\"@id\":\"https:\\\/\\\/blogdoprosperi.com\\\/#website\"},\"primaryImageOfPage\":{\"@id\":\"https:\\\/\\\/blogdoprosperi.com\\\/?p=33650#primaryimage\"},\"image\":{\"@id\":\"https:\\\/\\\/blogdoprosperi.com\\\/?p=33650#primaryimage\"},\"thumbnailUrl\":\"https:\\\/\\\/blogdoprosperi.com\\\/wp-content\\\/uploads\\\/2016\\\/12\\\/rogerio_ceni.jpg\",\"datePublished\":\"2016-12-05T14:05:05+00:00\",\"dateModified\":\"2016-12-05T14:54:46+00:00\",\"breadcrumb\":{\"@id\":\"https:\\\/\\\/blogdoprosperi.com\\\/?p=33650#breadcrumb\"},\"inLanguage\":\"pt-BR\",\"potentialAction\":[{\"@type\":\"ReadAction\",\"target\":[\"https:\\\/\\\/blogdoprosperi.com\\\/?p=33650\"]}]},{\"@type\":\"ImageObject\",\"inLanguage\":\"pt-BR\",\"@id\":\"https:\\\/\\\/blogdoprosperi.com\\\/?p=33650#primaryimage\",\"url\":\"https:\\\/\\\/i0.wp.com\\\/blogdoprosperi.com\\\/wp-content\\\/uploads\\\/2016\\\/12\\\/rogerio_ceni.jpg?fit=200%2C348&ssl=1\",\"contentUrl\":\"https:\\\/\\\/i0.wp.com\\\/blogdoprosperi.com\\\/wp-content\\\/uploads\\\/2016\\\/12\\\/rogerio_ceni.jpg?fit=200%2C348&ssl=1\",\"width\":200,\"height\":348},{\"@type\":\"BreadcrumbList\",\"@id\":\"https:\\\/\\\/blogdoprosperi.com\\\/?p=33650#breadcrumb\",\"itemListElement\":[{\"@type\":\"ListItem\",\"position\":1,\"name\":\"In\u00edcio\",\"item\":\"https:\\\/\\\/blogdoprosperi.com\\\/\"},{\"@type\":\"ListItem\",\"position\":2,\"name\":\"Rogerio Ceni tem projetos ambiciosos e n\u00e3o apenas comandar o S\u00e3o Paulo\"}]},{\"@type\":\"WebSite\",\"@id\":\"https:\\\/\\\/blogdoprosperi.com\\\/#website\",\"url\":\"https:\\\/\\\/blogdoprosperi.com\\\/\",\"name\":\"PR\u00d3SPERI NEWS\",\"description\":\"TUDO \u00c9  FUTEBOL\",\"publisher\":{\"@id\":\"https:\\\/\\\/blogdoprosperi.com\\\/#\\\/schema\\\/person\\\/38100755ce3601861ee4fab9b5aa78e9\"},\"alternateName\":\"blogdoprosperi.com\",\"potentialAction\":[{\"@type\":\"SearchAction\",\"target\":{\"@type\":\"EntryPoint\",\"urlTemplate\":\"https:\\\/\\\/blogdoprosperi.com\\\/?s={search_term_string}\"},\"query-input\":{\"@type\":\"PropertyValueSpecification\",\"valueRequired\":true,\"valueName\":\"search_term_string\"}}],\"inLanguage\":\"pt-BR\"},{\"@type\":[\"Person\",\"Organization\"],\"@id\":\"https:\\\/\\\/blogdoprosperi.com\\\/#\\\/schema\\\/person\\\/38100755ce3601861ee4fab9b5aa78e9\",\"name\":\"Luiz Ant\u00f4nio Pr\u00f3speri\",\"pronouns\":\"ele\",\"image\":{\"@type\":\"ImageObject\",\"inLanguage\":\"pt-BR\",\"@id\":\"https:\\\/\\\/i0.wp.com\\\/blogdoprosperi.com\\\/wp-content\\\/uploads\\\/2026\\\/05\\\/cropped-8059e613-6002-42fa-961e-8e275f575d71-2-5.jpg?fit=1360%2C931&ssl=1\",\"url\":\"https:\\\/\\\/i0.wp.com\\\/blogdoprosperi.com\\\/wp-content\\\/uploads\\\/2026\\\/05\\\/cropped-8059e613-6002-42fa-961e-8e275f575d71-2-5.jpg?fit=1360%2C931&ssl=1\",\"contentUrl\":\"https:\\\/\\\/i0.wp.com\\\/blogdoprosperi.com\\\/wp-content\\\/uploads\\\/2026\\\/05\\\/cropped-8059e613-6002-42fa-961e-8e275f575d71-2-5.jpg?fit=1360%2C931&ssl=1\",\"width\":1360,\"height\":931,\"caption\":\"Luiz Ant\u00f4nio Pr\u00f3speri\"},\"logo\":{\"@id\":\"https:\\\/\\\/i0.wp.com\\\/blogdoprosperi.com\\\/wp-content\\\/uploads\\\/2026\\\/05\\\/cropped-8059e613-6002-42fa-961e-8e275f575d71-2-5.jpg?fit=1360%2C931&ssl=1\"},\"description\":\"Jornalista com carreira dedicada ao esporte. Cobriu 9 Copas do Mundo in loco, 1990 na It\u00e1lia, 1994 nos EUA, 1998 na Fran\u00e7a, 2002 na Coreia do Sul e Jap\u00e3o, 2006 na Alemanha, 2010 na \u00c1frica do Sul, 2014 no Brasil, 2018 na R\u00fassia e 2022 no Qatar. Eurocopas, 1992 na Su\u00e9cia e 1996 na Inglaterra. Copa das Confedera\u00e7\u00f5es de 2005 na Alemanha e 2009 na \u00c1frica do Sul. Rep\u00f3rter e Editor, trabalhou no Jornal da Tarde e Estad\u00e3o, de 1984 a fevereiro de 2016. Colunista, blogueiro. E comentarista de futebol na R\u00e1dio Estad\u00e3o, de 2013 a fevereiro de 2016. Jornalista respons\u00e1vel do \\\"Pr\u00f3speri News\\\" (blogdoprosperi.com).\",\"sameAs\":[\"http:\\\/\\\/blogdoprosperi.com\",\"Luiz Pr\u00f3speri\",\"@luiz_prosperi\",\"https:\\\/\\\/x.com\\\/Luizprosperi\",\"@prosperinacopa\",\"luiz.prosperi@icloud.com\"],\"url\":\"https:\\\/\\\/blogdoprosperi.com\\\/?author=102107496\"}]}<\/script>\n<!-- \/ Yoast SEO plugin. -->","yoast_head_json":{"title":"Rogerio Ceni tem projetos ambiciosos e n\u00e3o apenas comandar o S\u00e3o Paulo - PR\u00d3SPERI NEWS","robots":{"index":"index","follow":"follow","max-snippet":"max-snippet:-1","max-image-preview":"max-image-preview:large","max-video-preview":"max-video-preview:-1"},"canonical":"https:\/\/blogdoprosperi.com\/?p=33650","og_locale":"pt_BR","og_type":"article","og_title":"Rogerio Ceni tem projetos ambiciosos e n\u00e3o apenas comandar o S\u00e3o Paulo - PR\u00d3SPERI NEWS","og_description":"Rogerio Ceni, agora t\u00e9cnico de futebol, vai ser apresentado nesta semana no S\u00e3o Paulo. Primeira oportunidade para se [&hellip;]","og_url":"https:\/\/blogdoprosperi.com\/?p=33650","og_site_name":"PR\u00d3SPERI NEWS","article_publisher":"Luiz Pr\u00f3speri","article_author":"Luiz Pr\u00f3speri","article_published_time":"2016-12-05T14:05:05+00:00","article_modified_time":"2016-12-05T14:54:46+00:00","og_image":[{"url":"https:\/\/blogdoprosperi.com\/wp-content\/uploads\/2016\/12\/rogerio_ceni.jpg","type":"","width":"","height":""}],"author":"Luiz Ant\u00f4nio Pr\u00f3speri","twitter_card":"summary_large_image","twitter_creator":"@Luizprosperi","twitter_site":"@Luizprosperi","twitter_misc":{"Escrito por":"Luiz Ant\u00f4nio Pr\u00f3speri","Est. tempo de leitura":"2 minutos"},"schema":{"@context":"https:\/\/schema.org","@graph":[{"@type":"Article","@id":"https:\/\/blogdoprosperi.com\/?p=33650#article","isPartOf":{"@id":"https:\/\/blogdoprosperi.com\/?p=33650"},"author":{"name":"Luiz Ant\u00f4nio Pr\u00f3speri","@id":"https:\/\/blogdoprosperi.com\/#\/schema\/person\/38100755ce3601861ee4fab9b5aa78e9"},"headline":"Rogerio Ceni tem projetos ambiciosos e n\u00e3o apenas comandar o S\u00e3o Paulo","datePublished":"2016-12-05T14:05:05+00:00","dateModified":"2016-12-05T14:54:46+00:00","mainEntityOfPage":{"@id":"https:\/\/blogdoprosperi.com\/?p=33650"},"wordCount":379,"commentCount":1,"publisher":{"@id":"https:\/\/blogdoprosperi.com\/#\/schema\/person\/38100755ce3601861ee4fab9b5aa78e9"},"image":{"@id":"https:\/\/blogdoprosperi.com\/?p=33650#primaryimage"},"thumbnailUrl":"https:\/\/blogdoprosperi.com\/wp-content\/uploads\/2016\/12\/rogerio_ceni.jpg","keywords":["futebol","Leco","Michael Beale","Rog\u00e9rio Ceni","S\u00e3o paulo FC spfc"],"articleSection":["futebol"],"inLanguage":"pt-BR","potentialAction":[{"@type":"CommentAction","name":"Comment","target":["https:\/\/blogdoprosperi.com\/?p=33650#respond"]}]},{"@type":"WebPage","@id":"https:\/\/blogdoprosperi.com\/?p=33650","url":"https:\/\/blogdoprosperi.com\/?p=33650","name":"Rogerio Ceni tem projetos ambiciosos e n\u00e3o apenas comandar o S\u00e3o Paulo - PR\u00d3SPERI NEWS","isPartOf":{"@id":"https:\/\/blogdoprosperi.com\/#website"},"primaryImageOfPage":{"@id":"https:\/\/blogdoprosperi.com\/?p=33650#primaryimage"},"image":{"@id":"https:\/\/blogdoprosperi.com\/?p=33650#primaryimage"},"thumbnailUrl":"https:\/\/blogdoprosperi.com\/wp-content\/uploads\/2016\/12\/rogerio_ceni.jpg","datePublished":"2016-12-05T14:05:05+00:00","dateModified":"2016-12-05T14:54:46+00:00","breadcrumb":{"@id":"https:\/\/blogdoprosperi.com\/?p=33650#breadcrumb"},"inLanguage":"pt-BR","potentialAction":[{"@type":"ReadAction","target":["https:\/\/blogdoprosperi.com\/?p=33650"]}]},{"@type":"ImageObject","inLanguage":"pt-BR","@id":"https:\/\/blogdoprosperi.com\/?p=33650#primaryimage","url":"https:\/\/i0.wp.com\/blogdoprosperi.com\/wp-content\/uploads\/2016\/12\/rogerio_ceni.jpg?fit=200%2C348&ssl=1","contentUrl":"https:\/\/i0.wp.com\/blogdoprosperi.com\/wp-content\/uploads\/2016\/12\/rogerio_ceni.jpg?fit=200%2C348&ssl=1","width":200,"height":348},{"@type":"BreadcrumbList","@id":"https:\/\/blogdoprosperi.com\/?p=33650#breadcrumb","itemListElement":[{"@type":"ListItem","position":1,"name":"In\u00edcio","item":"https:\/\/blogdoprosperi.com\/"},{"@type":"ListItem","position":2,"name":"Rogerio Ceni tem projetos ambiciosos e n\u00e3o apenas comandar o S\u00e3o Paulo"}]},{"@type":"WebSite","@id":"https:\/\/blogdoprosperi.com\/#website","url":"https:\/\/blogdoprosperi.com\/","name":"PR\u00d3SPERI NEWS","description":"TUDO \u00c9  FUTEBOL","publisher":{"@id":"https:\/\/blogdoprosperi.com\/#\/schema\/person\/38100755ce3601861ee4fab9b5aa78e9"},"alternateName":"blogdoprosperi.com","potentialAction":[{"@type":"SearchAction","target":{"@type":"EntryPoint","urlTemplate":"https:\/\/blogdoprosperi.com\/?s={search_term_string}"},"query-input":{"@type":"PropertyValueSpecification","valueRequired":true,"valueName":"search_term_string"}}],"inLanguage":"pt-BR"},{"@type":["Person","Organization"],"@id":"https:\/\/blogdoprosperi.com\/#\/schema\/person\/38100755ce3601861ee4fab9b5aa78e9","name":"Luiz Ant\u00f4nio Pr\u00f3speri","pronouns":"ele","image":{"@type":"ImageObject","inLanguage":"pt-BR","@id":"https:\/\/i0.wp.com\/blogdoprosperi.com\/wp-content\/uploads\/2026\/05\/cropped-8059e613-6002-42fa-961e-8e275f575d71-2-5.jpg?fit=1360%2C931&ssl=1","url":"https:\/\/i0.wp.com\/blogdoprosperi.com\/wp-content\/uploads\/2026\/05\/cropped-8059e613-6002-42fa-961e-8e275f575d71-2-5.jpg?fit=1360%2C931&ssl=1","contentUrl":"https:\/\/i0.wp.com\/blogdoprosperi.com\/wp-content\/uploads\/2026\/05\/cropped-8059e613-6002-42fa-961e-8e275f575d71-2-5.jpg?fit=1360%2C931&ssl=1","width":1360,"height":931,"caption":"Luiz Ant\u00f4nio Pr\u00f3speri"},"logo":{"@id":"https:\/\/i0.wp.com\/blogdoprosperi.com\/wp-content\/uploads\/2026\/05\/cropped-8059e613-6002-42fa-961e-8e275f575d71-2-5.jpg?fit=1360%2C931&ssl=1"},"description":"Jornalista com carreira dedicada ao esporte. Cobriu 9 Copas do Mundo in loco, 1990 na It\u00e1lia, 1994 nos EUA, 1998 na Fran\u00e7a, 2002 na Coreia do Sul e Jap\u00e3o, 2006 na Alemanha, 2010 na \u00c1frica do Sul, 2014 no Brasil, 2018 na R\u00fassia e 2022 no Qatar. Eurocopas, 1992 na Su\u00e9cia e 1996 na Inglaterra. Copa das Confedera\u00e7\u00f5es de 2005 na Alemanha e 2009 na \u00c1frica do Sul. Rep\u00f3rter e Editor, trabalhou no Jornal da Tarde e Estad\u00e3o, de 1984 a fevereiro de 2016. Colunista, blogueiro. E comentarista de futebol na R\u00e1dio Estad\u00e3o, de 2013 a fevereiro de 2016. Jornalista respons\u00e1vel do \"Pr\u00f3speri News\" (blogdoprosperi.com).","sameAs":["http:\/\/blogdoprosperi.com","Luiz Pr\u00f3speri","@luiz_prosperi","https:\/\/x.com\/Luizprosperi","@prosperinacopa","luiz.prosperi@icloud.com"],"url":"https:\/\/blogdoprosperi.com\/?author=102107496"}]}},"jetpack_publicize_connections":[],"jetpack_likes_enabled":false,"jetpack_sharing_enabled":true,"jetpack_shortlink":"https:\/\/wp.me\/p7jvdk-8KK","jetpack-related-posts":[{"id":33831,"url":"https:\/\/blogdoprosperi.com\/?p=33831","url_meta":{"origin":33650,"position":0},"title":"Rogerio Ceni revela: abandonou curso de t\u00e9cnico no futebol europeu para tirar S\u00e3o Paulo das trevas e viver dias de gl\u00f3ria","author":"Luiz Ant\u00f4nio Pr\u00f3speri","date":"8 de dezembro de 2016","format":false,"excerpt":"Rog\u00e9rio Ceni deu in\u00edcio ao seu trabalho de novo treinador de S\u00e3o Paulo, nesta quinta-feira (08\/12), ao ser apresentado pelo presidente Carlos Augusto de Barros e Silva no CT. De imediato, antes mesmo de informar do seu projeto, o ex-goleiro fez uma revela\u00e7\u00e3o importante. Disse que interrompeu os estudos no\u2026","rel":"","context":"Em &quot;futebol&quot;","block_context":{"text":"futebol","link":"https:\/\/blogdoprosperi.com\/?cat=53870"},"img":{"alt_text":"","src":"https:\/\/i0.wp.com\/blogdoprosperi.com\/wp-content\/uploads\/2016\/12\/81751109-6165-3f76-9745-7c73fe3fd8a1.jpg?resize=350%2C200&ssl=1","width":350,"height":200,"srcset":"https:\/\/i0.wp.com\/blogdoprosperi.com\/wp-content\/uploads\/2016\/12\/81751109-6165-3f76-9745-7c73fe3fd8a1.jpg?resize=350%2C200&ssl=1 1x, https:\/\/i0.wp.com\/blogdoprosperi.com\/wp-content\/uploads\/2016\/12\/81751109-6165-3f76-9745-7c73fe3fd8a1.jpg?resize=525%2C300&ssl=1 1.5x"},"classes":[]},{"id":29971,"url":"https:\/\/blogdoprosperi.com\/?p=29971","url_meta":{"origin":33650,"position":1},"title":"S\u00e3o Paulo erra se apostar em Rogerio Ceni na temporada 2017","author":"Luiz Ant\u00f4nio Pr\u00f3speri","date":"26 de outubro de 2016","format":false,"excerpt":"S\u00e3o Paulo ainda n\u00e3o sabe o que fazer na pr\u00f3xima temporada. Um pouco mais tranquilo com duas vit\u00f3rias consecutivas no Brasileir\u00e3o, o comando do clube elogia Ricardo Gomes por aproveitar garotos da base nessa reta final do campeonato. Decis\u00e3o aprovada por unanimidade que encaminharia o treinador a permanecer no Morumbi\u2026","rel":"","context":"Em &quot;Campeonato Brasileiro&quot;","block_context":{"text":"Campeonato Brasileiro","link":"https:\/\/blogdoprosperi.com\/?cat=355071"},"img":{"alt_text":"","src":"https:\/\/i0.wp.com\/blogdoprosperi.com\/wp-content\/uploads\/2016\/10\/tele-santana-comanda-treino-observado-por-muricy-ramalho-em-1995-1393371946821_956x500.jpg?resize=350%2C200&ssl=1","width":350,"height":200,"srcset":"https:\/\/i0.wp.com\/blogdoprosperi.com\/wp-content\/uploads\/2016\/10\/tele-santana-comanda-treino-observado-por-muricy-ramalho-em-1995-1393371946821_956x500.jpg?resize=350%2C200&ssl=1 1x, https:\/\/i0.wp.com\/blogdoprosperi.com\/wp-content\/uploads\/2016\/10\/tele-santana-comanda-treino-observado-por-muricy-ramalho-em-1995-1393371946821_956x500.jpg?resize=525%2C300&ssl=1 1.5x, https:\/\/i0.wp.com\/blogdoprosperi.com\/wp-content\/uploads\/2016\/10\/tele-santana-comanda-treino-observado-por-muricy-ramalho-em-1995-1393371946821_956x500.jpg?resize=700%2C400&ssl=1 2x"},"classes":[]},{"id":36305,"url":"https:\/\/blogdoprosperi.com\/?p=36305","url_meta":{"origin":33650,"position":2},"title":"Rogerio Ceni n\u00e3o cabia no S\u00e3o Paulo","author":"Luiz Ant\u00f4nio Pr\u00f3speri","date":"3 de julho de 2017","format":false,"excerpt":"Discuss\u00f5es in\u00fateis a respeito da queda de Rogerio Ceni incendeiam o futebol nesta segunda-feira. H\u00e1 os que defendem o ex-goleiro \u2013 ele n\u00e3o seria o culpado pelo estado de calamidade t\u00e9cnica que vive o time. H\u00e1 ainda os que o condenam \u2013 seria arrogante por investir na carreia de treinador\u2026","rel":"","context":"Em &quot;Campeonato Brasileiro&quot;","block_context":{"text":"Campeonato Brasileiro","link":"https:\/\/blogdoprosperi.com\/?cat=355071"},"img":{"alt_text":"","src":"https:\/\/i0.wp.com\/blogdoprosperi.com\/wp-content\/uploads\/2017\/07\/pro13-3.jpg?fit=1200%2C800&ssl=1&resize=350%2C200","width":350,"height":200,"srcset":"https:\/\/i0.wp.com\/blogdoprosperi.com\/wp-content\/uploads\/2017\/07\/pro13-3.jpg?fit=1200%2C800&ssl=1&resize=350%2C200 1x, https:\/\/i0.wp.com\/blogdoprosperi.com\/wp-content\/uploads\/2017\/07\/pro13-3.jpg?fit=1200%2C800&ssl=1&resize=525%2C300 1.5x, https:\/\/i0.wp.com\/blogdoprosperi.com\/wp-content\/uploads\/2017\/07\/pro13-3.jpg?fit=1200%2C800&ssl=1&resize=700%2C400 2x, https:\/\/i0.wp.com\/blogdoprosperi.com\/wp-content\/uploads\/2017\/07\/pro13-3.jpg?fit=1200%2C800&ssl=1&resize=1050%2C600 3x"},"classes":[]},{"id":30035,"url":"https:\/\/blogdoprosperi.com\/?p=30035","url_meta":{"origin":33650,"position":3},"title":"Presidente do S\u00e3o Paulo admite fechar com Rogerio Ceni em dezembro","author":"Luiz Ant\u00f4nio Pr\u00f3speri","date":"27 de outubro de 2016","format":false,"excerpt":"Presidente do S\u00e3o Paulo, Carlos Augusto de Barros e Silva, o Leco, admitiu nesta quinta-feira (27\/10) entregar o time ao comando de Rog\u00e9rio Ceni ao final da atual temporada. O ex-goleiro assumiria como t\u00e9cnico no lugar de Ricardo Gomes. Ao fazer o balan\u00e7o de um ano de seu gest\u00e3o no\u2026","rel":"","context":"Em &quot;Campeonato Brasileiro&quot;","block_context":{"text":"Campeonato Brasileiro","link":"https:\/\/blogdoprosperi.com\/?cat=355071"},"img":{"alt_text":"rogerio_ceni_sao_paulo-284752-511562fbca901","src":"https:\/\/i0.wp.com\/blogdoprosperi.com\/wp-content\/uploads\/2016\/10\/rogerio_ceni_sao_paulo-284752-511562fbca901.jpg?resize=350%2C200&ssl=1","width":350,"height":200,"srcset":"https:\/\/i0.wp.com\/blogdoprosperi.com\/wp-content\/uploads\/2016\/10\/rogerio_ceni_sao_paulo-284752-511562fbca901.jpg?resize=350%2C200&ssl=1 1x, https:\/\/i0.wp.com\/blogdoprosperi.com\/wp-content\/uploads\/2016\/10\/rogerio_ceni_sao_paulo-284752-511562fbca901.jpg?resize=525%2C300&ssl=1 1.5x, https:\/\/i0.wp.com\/blogdoprosperi.com\/wp-content\/uploads\/2016\/10\/rogerio_ceni_sao_paulo-284752-511562fbca901.jpg?resize=700%2C400&ssl=1 2x"},"classes":[]},{"id":32929,"url":"https:\/\/blogdoprosperi.com\/?p=32929","url_meta":{"origin":33650,"position":4},"title":"S\u00e3o Paulo demite Ricardo Gomes e abre as portas a Rogerio Ceni","author":"Luiz Ant\u00f4nio Pr\u00f3speri","date":"23 de novembro de 2016","format":false,"excerpt":"\u00a0 S\u00e3o Paulo demitiu Ricardo Gomes nesta quarta-feira quando teve certeza de que o time n\u00e3o seria rebaixado \u00e0 S\u00e9rie B. A matem\u00e1tica dos pontos fechou com a derrota do Inter ao Corinthians - clube ga\u00facho pode alcan\u00e7ar no m\u00e1ximo 45 pontos nas duas \u00faltimas rodadas, S\u00e3o Paulo j\u00e1 tem\u2026","rel":"","context":"Em &quot;futebol&quot;","block_context":{"text":"futebol","link":"https:\/\/blogdoprosperi.com\/?cat=53870"},"img":{"alt_text":"rogerio_ceni_sao_paulo-284752-511562fbca901","src":"https:\/\/i0.wp.com\/blogdoprosperi.com\/wp-content\/uploads\/2016\/10\/rogerio_ceni_sao_paulo-284752-511562fbca901.jpg?resize=350%2C200&ssl=1","width":350,"height":200,"srcset":"https:\/\/i0.wp.com\/blogdoprosperi.com\/wp-content\/uploads\/2016\/10\/rogerio_ceni_sao_paulo-284752-511562fbca901.jpg?resize=350%2C200&ssl=1 1x, https:\/\/i0.wp.com\/blogdoprosperi.com\/wp-content\/uploads\/2016\/10\/rogerio_ceni_sao_paulo-284752-511562fbca901.jpg?resize=525%2C300&ssl=1 1.5x, https:\/\/i0.wp.com\/blogdoprosperi.com\/wp-content\/uploads\/2016\/10\/rogerio_ceni_sao_paulo-284752-511562fbca901.jpg?resize=700%2C400&ssl=1 2x"},"classes":[]},{"id":32979,"url":"https:\/\/blogdoprosperi.com\/?p=32979","url_meta":{"origin":33650,"position":5},"title":"Entenda como dirigentes t\u00eam mais a ganhar do que Rogerio Ceni no comando do S\u00e3o Paulo","author":"Luiz Ant\u00f4nio Pr\u00f3speri","date":"24 de novembro de 2016","format":false,"excerpt":"S\u00e3o Paulo tem mais a ganhar do que Rogerio Ceni ao anunciar o ex-goleiro como novo t\u00e9cnico do time. Com o \u00eddolo no comando, dirigentes lavam as m\u00e3os e entregam a Ceni, aos 43 anos, a dura miss\u00e3o de reconstruir o futebol do clube, esfarelado h\u00e1 quase uma d\u00e9cada sem\u2026","rel":"","context":"Em &quot;Campeonato Brasileiro&quot;","block_context":{"text":"Campeonato Brasileiro","link":"https:\/\/blogdoprosperi.com\/?cat=355071"},"img":{"alt_text":"bac640c96c6t0005","src":"https:\/\/i0.wp.com\/blogdoprosperi.com\/wp-content\/uploads\/2016\/10\/bac640c96c6t0005.jpg?resize=350%2C200&ssl=1","width":350,"height":200,"srcset":"https:\/\/i0.wp.com\/blogdoprosperi.com\/wp-content\/uploads\/2016\/10\/bac640c96c6t0005.jpg?resize=350%2C200&ssl=1 1x, https:\/\/i0.wp.com\/blogdoprosperi.com\/wp-content\/uploads\/2016\/10\/bac640c96c6t0005.jpg?resize=525%2C300&ssl=1 1.5x, https:\/\/i0.wp.com\/blogdoprosperi.com\/wp-content\/uploads\/2016\/10\/bac640c96c6t0005.jpg?resize=700%2C400&ssl=1 2x"},"classes":[]}],"jetpack_featured_media_url":"","_links":{"self":[{"href":"https:\/\/blogdoprosperi.com\/index.php?rest_route=\/wp\/v2\/posts\/33650","targetHints":{"allow":["GET"]}}],"collection":[{"href":"https:\/\/blogdoprosperi.com\/index.php?rest_route=\/wp\/v2\/posts"}],"about":[{"href":"https:\/\/blogdoprosperi.com\/index.php?rest_route=\/wp\/v2\/types\/post"}],"author":[{"embeddable":true,"href":"https:\/\/blogdoprosperi.com\/index.php?rest_route=\/wp\/v2\/users\/102107496"}],"replies":[{"embeddable":true,"href":"https:\/\/blogdoprosperi.com\/index.php?rest_route=%2Fwp%2Fv2%2Fcomments&post=33650"}],"version-history":[{"count":25,"href":"https:\/\/blogdoprosperi.com\/index.php?rest_route=\/wp\/v2\/posts\/33650\/revisions"}],"predecessor-version":[{"id":33692,"href":"https:\/\/blogdoprosperi.com\/index.php?rest_route=\/wp\/v2\/posts\/33650\/revisions\/33692"}],"wp:attachment":[{"href":"https:\/\/blogdoprosperi.com\/index.php?rest_route=%2Fwp%2Fv2%2Fmedia&parent=33650"}],"wp:term":[{"taxonomy":"category","embeddable":true,"href":"https:\/\/blogdoprosperi.com\/index.php?rest_route=%2Fwp%2Fv2%2Fcategories&post=33650"},{"taxonomy":"post_tag","embeddable":true,"href":"https:\/\/blogdoprosperi.com\/index.php?rest_route=%2Fwp%2Fv2%2Ftags&post=33650"}],"curies":[{"name":"wp","href":"https:\/\/api.w.org\/{rel}","templated":true}]}}