{"id":33693,"date":"2016-12-07T13:09:59","date_gmt":"2016-12-07T15:09:59","guid":{"rendered":"http:\/\/blogdoprosperi.com\/?p=33693"},"modified":"2016-12-07T14:57:41","modified_gmt":"2016-12-07T16:57:41","slug":"gabigol-no-inferno-gabriel-jesus-no-ceu","status":"publish","type":"post","link":"https:\/\/blogdoprosperi.com\/?p=33693","title":{"rendered":"Gabigol no inferno, Gabriel Jesus no c\u00e9u"},"content":{"rendered":"<p><span class=\"alignnone\"><img data-recalc-dims=\"1\" loading=\"lazy\" decoding=\"async\" data-attachment-id=\"33737\" data-permalink=\"https:\/\/blogdoprosperi.com\/?attachment_id=33737\" data-orig-file=\"https:\/\/i0.wp.com\/blogdoprosperi.com\/wp-content\/uploads\/2016\/12\/622_c3d4d4f5-d569-3c7a-930c-b9501e809a1b.jpg?fit=622%2C350&amp;ssl=1\" data-orig-size=\"622,350\" data-comments-opened=\"1\" data-image-meta=\"{&quot;aperture&quot;:&quot;0&quot;,&quot;credit&quot;:&quot;&quot;,&quot;camera&quot;:&quot;&quot;,&quot;caption&quot;:&quot;&quot;,&quot;created_timestamp&quot;:&quot;0&quot;,&quot;copyright&quot;:&quot;&quot;,&quot;focal_length&quot;:&quot;0&quot;,&quot;iso&quot;:&quot;0&quot;,&quot;shutter_speed&quot;:&quot;0&quot;,&quot;title&quot;:&quot;&quot;,&quot;orientation&quot;:&quot;0&quot;}\" data-image-title=\"622_c3d4d4f5-d569-3c7a-930c-b9501e809a1b\" data-image-description=\"\" data-image-caption=\"\" data-large-file=\"https:\/\/i0.wp.com\/blogdoprosperi.com\/wp-content\/uploads\/2016\/12\/622_c3d4d4f5-d569-3c7a-930c-b9501e809a1b.jpg?fit=622%2C350&amp;ssl=1\" class=\"alignnone size-full wp-image-33737\" src=\"https:\/\/i0.wp.com\/blogdoprosperi.com\/wp-content\/uploads\/2016\/12\/622_c3d4d4f5-d569-3c7a-930c-b9501e809a1b.jpg?resize=622%2C350&#038;ssl=1\" alt=\"622_c3d4d4f5-d569-3c7a-930c-b9501e809a1b\" width=\"622\" height=\"350\"><\/span><\/p>\n<p>Gabriel Jesus se despediu do Palmeiras nesta quarta-feira (07\/12). Vai embora campe\u00e3o brasileiro e ao encontro de Pep Guardiola, um dos treinadores mais badalados do mundo, no Manchester City. Ao mesmo tempo do adeus do menino ao Palestra, na It\u00e1lia a imprensa noticia o prov\u00e1vel empr\u00e9stimo de Gabigol por parte da Inter de Mil\u00e3o a um time pequeno do pa\u00eds ou da Espanha. O abismo entre os dois Gabri\u00e9is escancara modelos diferentes de exporta\u00e7\u00e3o de jovens jogadores do Brasil ao mercado europeu e seus efeitos na carreira de cada um.<\/p>\n<p><!--more--><\/p>\n<p>Gabigol e Gabriel Jesus foram vendidos a clubes da Europa em agosto, quando disputavam a medalha de ouro na Olimp\u00edada do Rio.<\/p>\n<p>Dois meninos com menos de 20 anos deixariam o Pa\u00eds por pequenas fortunas. Gabigol custou 29 milh\u00f5es de euros \u00e0 Inter de Mil\u00e3o, pagos ao Santos e empres\u00e1rios. Gabriel Jesus saiu por 34 milh\u00f5es de euros ao Manchester City, pagos ao Palmeiras e empres\u00e1rios.<\/p>\n<p>Uma curiosidade nesses neg\u00f3cios chama a aten\u00e7\u00e3o. Gabigol s\u00f3 foi fisgado pela Inter porque &nbsp;Gabriel Jesus n\u00e3o aceitou ser vendido ao clube italiano. Grupo chin\u00eas, novo propriet\u00e1rio da Inter, oferecia 40 milh\u00f5es de euros por Jesus.<\/p>\n<p>O garoto do Palmeiras bateu o p\u00e9, dando prefer\u00eancia ao Manchester City e ao fator Guardiola. Entendia naquele momento da import\u00e2ncia na sua carreira ser dirigido por Guardiola.<\/p>\n<p>Sem Jesus, a Inter foi atr\u00e1s de Gabigol. O menino do Santos, mesmo sabendo que o clube italiano passava por uma transi\u00e7\u00e3o no comando, aceitou a transfer\u00eancia.<\/p>\n<p>Gabriel Jesus ainda condicionou sua sa\u00edda do Palmeiras apenas ao fim do Brasileir\u00e3o. Queria ser campe\u00e3o, levantar a ta\u00e7a, como agradecimento ao clube paulista.<\/p>\n<p><span class=\"alignnone\"><img data-recalc-dims=\"1\" loading=\"lazy\" decoding=\"async\" data-attachment-id=\"33735\" data-permalink=\"https:\/\/blogdoprosperi.com\/?attachment_id=33735\" data-orig-file=\"https:\/\/i0.wp.com\/blogdoprosperi.com\/wp-content\/uploads\/2016\/12\/gabriel-barbosa-lance-inter-715-getty.jpg?fit=620%2C465&amp;ssl=1\" data-orig-size=\"620,465\" data-comments-opened=\"1\" data-image-meta=\"{&quot;aperture&quot;:&quot;0&quot;,&quot;credit&quot;:&quot;&quot;,&quot;camera&quot;:&quot;&quot;,&quot;caption&quot;:&quot;&quot;,&quot;created_timestamp&quot;:&quot;0&quot;,&quot;copyright&quot;:&quot;&quot;,&quot;focal_length&quot;:&quot;0&quot;,&quot;iso&quot;:&quot;0&quot;,&quot;shutter_speed&quot;:&quot;0&quot;,&quot;title&quot;:&quot;&quot;,&quot;orientation&quot;:&quot;0&quot;}\" data-image-title=\"gabriel-barbosa-lance-inter-715-getty\" data-image-description=\"\" data-image-caption=\"\" data-large-file=\"https:\/\/i0.wp.com\/blogdoprosperi.com\/wp-content\/uploads\/2016\/12\/gabriel-barbosa-lance-inter-715-getty.jpg?fit=620%2C465&amp;ssl=1\" class=\"alignnone  wp-image-33735 alignleft\" src=\"https:\/\/i0.wp.com\/blogdoprosperi.com\/wp-content\/uploads\/2016\/12\/gabriel-barbosa-lance-inter-715-getty.jpg?resize=373%2C280&#038;ssl=1\" alt=\"gabriel-barbosa-lance-inter-715-getty\" width=\"373\" height=\"280\"><\/span>Gabigol pensou diferente. Quis embora logo, j\u00e1 em setembro, para se adaptar o mais r\u00e1pido poss\u00edvel ao futebol europeu. Deixou o Santos na m\u00e3o. Chegou na Inter e viu o clube trocar de treinador em menos de quatro meses &#8211; saiu o holand\u00eas Frank De Boer, entrou o italiano Stefano Pioli. Mesmo com a mudan\u00e7a de comando, Gabigol n\u00e3o conseguiu espa\u00e7o.<\/p>\n<p>No momento em que os dois garotos eram vendidos a gigantes da Europa, Tite assumia a Sele\u00e7\u00e3o Brasileira. E, na sua primeira convoca\u00e7\u00e3o, chamou Jesus e Gabigol, parceiros de Neymar na linha de frente na Sele\u00e7\u00e3o Ol\u00edmpica medalha de ouro.<\/p>\n<p>Jesus virou titular de Tite. Em seis jogos cravou cinco gols. Gabigol, depois da primeira convoca\u00e7\u00e3o, nunca mais foi lembrado por Tite.<\/p>\n<p><span class=\"alignnone\"><img data-recalc-dims=\"1\" loading=\"lazy\" decoding=\"async\" data-attachment-id=\"33736\" data-permalink=\"https:\/\/blogdoprosperi.com\/?attachment_id=33736\" data-orig-file=\"https:\/\/i0.wp.com\/blogdoprosperi.com\/wp-content\/uploads\/2016\/12\/cynv9waw8aauurm.jpg?fit=690%2C463&amp;ssl=1\" data-orig-size=\"690,463\" data-comments-opened=\"1\" data-image-meta=\"{&quot;aperture&quot;:&quot;0&quot;,&quot;credit&quot;:&quot;&quot;,&quot;camera&quot;:&quot;&quot;,&quot;caption&quot;:&quot;&quot;,&quot;created_timestamp&quot;:&quot;0&quot;,&quot;copyright&quot;:&quot;&quot;,&quot;focal_length&quot;:&quot;0&quot;,&quot;iso&quot;:&quot;0&quot;,&quot;shutter_speed&quot;:&quot;0&quot;,&quot;title&quot;:&quot;&quot;,&quot;orientation&quot;:&quot;0&quot;}\" data-image-title=\"cynv9waw8aauurm\" data-image-description=\"\" data-image-caption=\"\" data-large-file=\"https:\/\/i0.wp.com\/blogdoprosperi.com\/wp-content\/uploads\/2016\/12\/cynv9waw8aauurm.jpg?fit=690%2C463&amp;ssl=1\" class=\"alignnone size-full wp-image-33736\" src=\"https:\/\/i0.wp.com\/blogdoprosperi.com\/wp-content\/uploads\/2016\/12\/cynv9waw8aauurm.jpg?resize=690%2C463&#038;ssl=1\" alt=\"cynv9waw8aauurm\" width=\"690\" height=\"463\"><\/span><\/p>\n<p>Neste fim de temporada no futebol brasileiro, Gabriel Jesus se despede do Palmeiras consagrado campe\u00e3o. Vai embora como um dos jogadores mais apreciados do Brasil e objeto de curiosidade dos europeus, sempre alucinados com garotos bons de bola do pa\u00eds pentacampe\u00e3o do mundo.<\/p>\n<p>Gabigol, segundo a imprensa italiana, vai ser emprestado ao Bologna ou Las Palmas, da Espanha, na janela de transfer\u00eancia de janeiro. N\u00e3o se descarta uma volta provis\u00f3ria a um clube brasileiro.<\/p>\n","protected":false},"excerpt":{"rendered":"<p>Gabriel Jesus se despediu do Palmeiras nesta quarta-feira (07\/12). Vai embora campe\u00e3o brasileiro e ao encontro de Pep [&hellip;]<\/p>\n","protected":false},"author":102107496,"featured_media":0,"comment_status":"open","ping_status":"open","sticky":false,"template":"","format":"standard","meta":{"_coblocks_attr":"","_coblocks_dimensions":"","_coblocks_responsive_height":"","_coblocks_accordion_ie_support":"","_jetpack_newsletter_access":"","_jetpack_dont_email_post_to_subs":false,"_jetpack_newsletter_tier_id":0,"_jetpack_memberships_contains_paywalled_content":false,"_wpcom_ai_launchpad_first_post":false,"_jetpack_feature_clip_id":0,"_jetpack_memberships_contains_paid_content":false,"footnotes":"","jetpack_publicize_message":"","jetpack_publicize_feature_enabled":true,"jetpack_social_post_already_shared":false,"jetpack_social_options":{"image_generator_settings":{"template":"highway","default_image_id":0,"font":"","enabled":false},"version":2},"jetpack_post_was_ever_published":false},"categories":[53870],"tags":[299023,789560560,52406516,232826435,2313775,1530985,409523,8328841],"class_list":["post-33693","post","type-post","status-publish","format-standard","hentry","category-futebol","tag-brasileirao","tag-futebol","tag-gabigol","tag-gabriel-jesus","tag-guardiola","tag-inter-de-milao","tag-manchester-city","tag-palmeiras-clube"],"yoast_head":"<!-- This site is optimized with the Yoast SEO plugin v28.4 - https:\/\/yoast.com\/product\/yoast-seo-wordpress\/ -->\n<title>Gabigol no inferno, Gabriel Jesus no c\u00e9u - PR\u00d3SPERI NEWS<\/title>\n<meta name=\"robots\" content=\"index, follow, max-snippet:-1, max-image-preview:large, max-video-preview:-1\" \/>\n<link rel=\"canonical\" href=\"https:\/\/blogdoprosperi.com\/?p=33693\" \/>\n<meta property=\"og:locale\" content=\"pt_BR\" \/>\n<meta property=\"og:type\" content=\"article\" \/>\n<meta property=\"og:title\" content=\"Gabigol no inferno, Gabriel Jesus no c\u00e9u - PR\u00d3SPERI NEWS\" \/>\n<meta property=\"og:description\" content=\"Gabriel Jesus se despediu do Palmeiras nesta quarta-feira (07\/12). Vai embora campe\u00e3o brasileiro e ao encontro de Pep [&hellip;]\" \/>\n<meta property=\"og:url\" content=\"https:\/\/blogdoprosperi.com\/?p=33693\" \/>\n<meta property=\"og:site_name\" content=\"PR\u00d3SPERI NEWS\" \/>\n<meta property=\"article:publisher\" content=\"Luiz Pr\u00f3speri\" \/>\n<meta property=\"article:author\" content=\"Luiz Pr\u00f3speri\" \/>\n<meta property=\"article:published_time\" content=\"2016-12-07T15:09:59+00:00\" \/>\n<meta property=\"article:modified_time\" content=\"2016-12-07T16:57:41+00:00\" \/>\n<meta property=\"og:image\" content=\"https:\/\/blogdoprosperi.com\/wp-content\/uploads\/2016\/12\/622_c3d4d4f5-d569-3c7a-930c-b9501e809a1b.jpg\" \/>\n<meta name=\"author\" content=\"Luiz Ant\u00f4nio Pr\u00f3speri\" \/>\n<meta name=\"twitter:card\" content=\"summary_large_image\" \/>\n<meta name=\"twitter:creator\" content=\"@Luizprosperi\" \/>\n<meta name=\"twitter:site\" content=\"@Luizprosperi\" \/>\n<meta name=\"twitter:label1\" content=\"Escrito por\" \/>\n\t<meta name=\"twitter:data1\" content=\"Luiz Ant\u00f4nio Pr\u00f3speri\" \/>\n\t<meta name=\"twitter:label2\" content=\"Est. tempo de leitura\" \/>\n\t<meta name=\"twitter:data2\" content=\"3 minutos\" \/>\n<script type=\"application\/ld+json\" class=\"yoast-schema-graph\">{\"@context\":\"https:\\\/\\\/schema.org\",\"@graph\":[{\"@type\":\"Article\",\"@id\":\"https:\\\/\\\/blogdoprosperi.com\\\/?p=33693#article\",\"isPartOf\":{\"@id\":\"https:\\\/\\\/blogdoprosperi.com\\\/?p=33693\"},\"author\":{\"name\":\"Luiz Ant\u00f4nio Pr\u00f3speri\",\"@id\":\"https:\\\/\\\/blogdoprosperi.com\\\/#\\\/schema\\\/person\\\/38100755ce3601861ee4fab9b5aa78e9\"},\"headline\":\"Gabigol no inferno, Gabriel Jesus no c\u00e9u\",\"datePublished\":\"2016-12-07T15:09:59+00:00\",\"dateModified\":\"2016-12-07T16:57:41+00:00\",\"mainEntityOfPage\":{\"@id\":\"https:\\\/\\\/blogdoprosperi.com\\\/?p=33693\"},\"wordCount\":519,\"commentCount\":1,\"publisher\":{\"@id\":\"https:\\\/\\\/blogdoprosperi.com\\\/#\\\/schema\\\/person\\\/38100755ce3601861ee4fab9b5aa78e9\"},\"image\":{\"@id\":\"https:\\\/\\\/blogdoprosperi.com\\\/?p=33693#primaryimage\"},\"thumbnailUrl\":\"https:\\\/\\\/blogdoprosperi.com\\\/wp-content\\\/uploads\\\/2016\\\/12\\\/622_c3d4d4f5-d569-3c7a-930c-b9501e809a1b.jpg\",\"keywords\":[\"Brasileir\u00e3o\",\"futebol\",\"Gabigol\",\"Gabriel Jesus\",\"Guardiola\",\"Inter de Mil\u00e3o\",\"Manchester City\",\"Palmeiras Clube\"],\"articleSection\":[\"futebol\"],\"inLanguage\":\"pt-BR\",\"potentialAction\":[{\"@type\":\"CommentAction\",\"name\":\"Comment\",\"target\":[\"https:\\\/\\\/blogdoprosperi.com\\\/?p=33693#respond\"]}]},{\"@type\":\"WebPage\",\"@id\":\"https:\\\/\\\/blogdoprosperi.com\\\/?p=33693\",\"url\":\"https:\\\/\\\/blogdoprosperi.com\\\/?p=33693\",\"name\":\"Gabigol no inferno, Gabriel Jesus no c\u00e9u - PR\u00d3SPERI NEWS\",\"isPartOf\":{\"@id\":\"https:\\\/\\\/blogdoprosperi.com\\\/#website\"},\"primaryImageOfPage\":{\"@id\":\"https:\\\/\\\/blogdoprosperi.com\\\/?p=33693#primaryimage\"},\"image\":{\"@id\":\"https:\\\/\\\/blogdoprosperi.com\\\/?p=33693#primaryimage\"},\"thumbnailUrl\":\"https:\\\/\\\/blogdoprosperi.com\\\/wp-content\\\/uploads\\\/2016\\\/12\\\/622_c3d4d4f5-d569-3c7a-930c-b9501e809a1b.jpg\",\"datePublished\":\"2016-12-07T15:09:59+00:00\",\"dateModified\":\"2016-12-07T16:57:41+00:00\",\"breadcrumb\":{\"@id\":\"https:\\\/\\\/blogdoprosperi.com\\\/?p=33693#breadcrumb\"},\"inLanguage\":\"pt-BR\",\"potentialAction\":[{\"@type\":\"ReadAction\",\"target\":[\"https:\\\/\\\/blogdoprosperi.com\\\/?p=33693\"]}]},{\"@type\":\"ImageObject\",\"inLanguage\":\"pt-BR\",\"@id\":\"https:\\\/\\\/blogdoprosperi.com\\\/?p=33693#primaryimage\",\"url\":\"https:\\\/\\\/i0.wp.com\\\/blogdoprosperi.com\\\/wp-content\\\/uploads\\\/2016\\\/12\\\/622_c3d4d4f5-d569-3c7a-930c-b9501e809a1b.jpg?fit=622%2C350&ssl=1\",\"contentUrl\":\"https:\\\/\\\/i0.wp.com\\\/blogdoprosperi.com\\\/wp-content\\\/uploads\\\/2016\\\/12\\\/622_c3d4d4f5-d569-3c7a-930c-b9501e809a1b.jpg?fit=622%2C350&ssl=1\",\"width\":622,\"height\":350},{\"@type\":\"BreadcrumbList\",\"@id\":\"https:\\\/\\\/blogdoprosperi.com\\\/?p=33693#breadcrumb\",\"itemListElement\":[{\"@type\":\"ListItem\",\"position\":1,\"name\":\"In\u00edcio\",\"item\":\"https:\\\/\\\/blogdoprosperi.com\\\/\"},{\"@type\":\"ListItem\",\"position\":2,\"name\":\"Gabigol no inferno, Gabriel Jesus no c\u00e9u\"}]},{\"@type\":\"WebSite\",\"@id\":\"https:\\\/\\\/blogdoprosperi.com\\\/#website\",\"url\":\"https:\\\/\\\/blogdoprosperi.com\\\/\",\"name\":\"PR\u00d3SPERI NEWS\",\"description\":\"TUDO \u00c9  FUTEBOL\",\"publisher\":{\"@id\":\"https:\\\/\\\/blogdoprosperi.com\\\/#\\\/schema\\\/person\\\/38100755ce3601861ee4fab9b5aa78e9\"},\"alternateName\":\"blogdoprosperi.com\",\"potentialAction\":[{\"@type\":\"SearchAction\",\"target\":{\"@type\":\"EntryPoint\",\"urlTemplate\":\"https:\\\/\\\/blogdoprosperi.com\\\/?s={search_term_string}\"},\"query-input\":{\"@type\":\"PropertyValueSpecification\",\"valueRequired\":true,\"valueName\":\"search_term_string\"}}],\"inLanguage\":\"pt-BR\"},{\"@type\":[\"Person\",\"Organization\"],\"@id\":\"https:\\\/\\\/blogdoprosperi.com\\\/#\\\/schema\\\/person\\\/38100755ce3601861ee4fab9b5aa78e9\",\"name\":\"Luiz Ant\u00f4nio Pr\u00f3speri\",\"pronouns\":\"ele\",\"image\":{\"@type\":\"ImageObject\",\"inLanguage\":\"pt-BR\",\"@id\":\"https:\\\/\\\/i0.wp.com\\\/blogdoprosperi.com\\\/wp-content\\\/uploads\\\/2026\\\/05\\\/cropped-8059e613-6002-42fa-961e-8e275f575d71-2-5.jpg?fit=1360%2C931&ssl=1\",\"url\":\"https:\\\/\\\/i0.wp.com\\\/blogdoprosperi.com\\\/wp-content\\\/uploads\\\/2026\\\/05\\\/cropped-8059e613-6002-42fa-961e-8e275f575d71-2-5.jpg?fit=1360%2C931&ssl=1\",\"contentUrl\":\"https:\\\/\\\/i0.wp.com\\\/blogdoprosperi.com\\\/wp-content\\\/uploads\\\/2026\\\/05\\\/cropped-8059e613-6002-42fa-961e-8e275f575d71-2-5.jpg?fit=1360%2C931&ssl=1\",\"width\":1360,\"height\":931,\"caption\":\"Luiz Ant\u00f4nio Pr\u00f3speri\"},\"logo\":{\"@id\":\"https:\\\/\\\/i0.wp.com\\\/blogdoprosperi.com\\\/wp-content\\\/uploads\\\/2026\\\/05\\\/cropped-8059e613-6002-42fa-961e-8e275f575d71-2-5.jpg?fit=1360%2C931&ssl=1\"},\"description\":\"Jornalista com carreira dedicada ao esporte. Cobriu 9 Copas do Mundo in loco, 1990 na It\u00e1lia, 1994 nos EUA, 1998 na Fran\u00e7a, 2002 na Coreia do Sul e Jap\u00e3o, 2006 na Alemanha, 2010 na \u00c1frica do Sul, 2014 no Brasil, 2018 na R\u00fassia e 2022 no Qatar. Eurocopas, 1992 na Su\u00e9cia e 1996 na Inglaterra. Copa das Confedera\u00e7\u00f5es de 2005 na Alemanha e 2009 na \u00c1frica do Sul. Rep\u00f3rter e Editor, trabalhou no Jornal da Tarde e Estad\u00e3o, de 1984 a fevereiro de 2016. Colunista, blogueiro. E comentarista de futebol na R\u00e1dio Estad\u00e3o, de 2013 a fevereiro de 2016. Jornalista respons\u00e1vel do \\\"Pr\u00f3speri News\\\" (blogdoprosperi.com).\",\"sameAs\":[\"http:\\\/\\\/blogdoprosperi.com\",\"Luiz Pr\u00f3speri\",\"@luiz_prosperi\",\"https:\\\/\\\/x.com\\\/Luizprosperi\",\"@prosperinacopa\",\"luiz.prosperi@icloud.com\"],\"url\":\"https:\\\/\\\/blogdoprosperi.com\\\/?author=102107496\"}]}<\/script>\n<!-- \/ Yoast SEO plugin. -->","yoast_head_json":{"title":"Gabigol no inferno, Gabriel Jesus no c\u00e9u - PR\u00d3SPERI NEWS","robots":{"index":"index","follow":"follow","max-snippet":"max-snippet:-1","max-image-preview":"max-image-preview:large","max-video-preview":"max-video-preview:-1"},"canonical":"https:\/\/blogdoprosperi.com\/?p=33693","og_locale":"pt_BR","og_type":"article","og_title":"Gabigol no inferno, Gabriel Jesus no c\u00e9u - PR\u00d3SPERI NEWS","og_description":"Gabriel Jesus se despediu do Palmeiras nesta quarta-feira (07\/12). Vai embora campe\u00e3o brasileiro e ao encontro de Pep [&hellip;]","og_url":"https:\/\/blogdoprosperi.com\/?p=33693","og_site_name":"PR\u00d3SPERI NEWS","article_publisher":"Luiz Pr\u00f3speri","article_author":"Luiz Pr\u00f3speri","article_published_time":"2016-12-07T15:09:59+00:00","article_modified_time":"2016-12-07T16:57:41+00:00","og_image":[{"url":"https:\/\/blogdoprosperi.com\/wp-content\/uploads\/2016\/12\/622_c3d4d4f5-d569-3c7a-930c-b9501e809a1b.jpg","type":"","width":"","height":""}],"author":"Luiz Ant\u00f4nio Pr\u00f3speri","twitter_card":"summary_large_image","twitter_creator":"@Luizprosperi","twitter_site":"@Luizprosperi","twitter_misc":{"Escrito por":"Luiz Ant\u00f4nio Pr\u00f3speri","Est. tempo de leitura":"3 minutos"},"schema":{"@context":"https:\/\/schema.org","@graph":[{"@type":"Article","@id":"https:\/\/blogdoprosperi.com\/?p=33693#article","isPartOf":{"@id":"https:\/\/blogdoprosperi.com\/?p=33693"},"author":{"name":"Luiz Ant\u00f4nio Pr\u00f3speri","@id":"https:\/\/blogdoprosperi.com\/#\/schema\/person\/38100755ce3601861ee4fab9b5aa78e9"},"headline":"Gabigol no inferno, Gabriel Jesus no c\u00e9u","datePublished":"2016-12-07T15:09:59+00:00","dateModified":"2016-12-07T16:57:41+00:00","mainEntityOfPage":{"@id":"https:\/\/blogdoprosperi.com\/?p=33693"},"wordCount":519,"commentCount":1,"publisher":{"@id":"https:\/\/blogdoprosperi.com\/#\/schema\/person\/38100755ce3601861ee4fab9b5aa78e9"},"image":{"@id":"https:\/\/blogdoprosperi.com\/?p=33693#primaryimage"},"thumbnailUrl":"https:\/\/blogdoprosperi.com\/wp-content\/uploads\/2016\/12\/622_c3d4d4f5-d569-3c7a-930c-b9501e809a1b.jpg","keywords":["Brasileir\u00e3o","futebol","Gabigol","Gabriel Jesus","Guardiola","Inter de Mil\u00e3o","Manchester City","Palmeiras Clube"],"articleSection":["futebol"],"inLanguage":"pt-BR","potentialAction":[{"@type":"CommentAction","name":"Comment","target":["https:\/\/blogdoprosperi.com\/?p=33693#respond"]}]},{"@type":"WebPage","@id":"https:\/\/blogdoprosperi.com\/?p=33693","url":"https:\/\/blogdoprosperi.com\/?p=33693","name":"Gabigol no inferno, Gabriel Jesus no c\u00e9u - PR\u00d3SPERI NEWS","isPartOf":{"@id":"https:\/\/blogdoprosperi.com\/#website"},"primaryImageOfPage":{"@id":"https:\/\/blogdoprosperi.com\/?p=33693#primaryimage"},"image":{"@id":"https:\/\/blogdoprosperi.com\/?p=33693#primaryimage"},"thumbnailUrl":"https:\/\/blogdoprosperi.com\/wp-content\/uploads\/2016\/12\/622_c3d4d4f5-d569-3c7a-930c-b9501e809a1b.jpg","datePublished":"2016-12-07T15:09:59+00:00","dateModified":"2016-12-07T16:57:41+00:00","breadcrumb":{"@id":"https:\/\/blogdoprosperi.com\/?p=33693#breadcrumb"},"inLanguage":"pt-BR","potentialAction":[{"@type":"ReadAction","target":["https:\/\/blogdoprosperi.com\/?p=33693"]}]},{"@type":"ImageObject","inLanguage":"pt-BR","@id":"https:\/\/blogdoprosperi.com\/?p=33693#primaryimage","url":"https:\/\/i0.wp.com\/blogdoprosperi.com\/wp-content\/uploads\/2016\/12\/622_c3d4d4f5-d569-3c7a-930c-b9501e809a1b.jpg?fit=622%2C350&ssl=1","contentUrl":"https:\/\/i0.wp.com\/blogdoprosperi.com\/wp-content\/uploads\/2016\/12\/622_c3d4d4f5-d569-3c7a-930c-b9501e809a1b.jpg?fit=622%2C350&ssl=1","width":622,"height":350},{"@type":"BreadcrumbList","@id":"https:\/\/blogdoprosperi.com\/?p=33693#breadcrumb","itemListElement":[{"@type":"ListItem","position":1,"name":"In\u00edcio","item":"https:\/\/blogdoprosperi.com\/"},{"@type":"ListItem","position":2,"name":"Gabigol no inferno, Gabriel Jesus no c\u00e9u"}]},{"@type":"WebSite","@id":"https:\/\/blogdoprosperi.com\/#website","url":"https:\/\/blogdoprosperi.com\/","name":"PR\u00d3SPERI NEWS","description":"TUDO \u00c9  FUTEBOL","publisher":{"@id":"https:\/\/blogdoprosperi.com\/#\/schema\/person\/38100755ce3601861ee4fab9b5aa78e9"},"alternateName":"blogdoprosperi.com","potentialAction":[{"@type":"SearchAction","target":{"@type":"EntryPoint","urlTemplate":"https:\/\/blogdoprosperi.com\/?s={search_term_string}"},"query-input":{"@type":"PropertyValueSpecification","valueRequired":true,"valueName":"search_term_string"}}],"inLanguage":"pt-BR"},{"@type":["Person","Organization"],"@id":"https:\/\/blogdoprosperi.com\/#\/schema\/person\/38100755ce3601861ee4fab9b5aa78e9","name":"Luiz Ant\u00f4nio Pr\u00f3speri","pronouns":"ele","image":{"@type":"ImageObject","inLanguage":"pt-BR","@id":"https:\/\/i0.wp.com\/blogdoprosperi.com\/wp-content\/uploads\/2026\/05\/cropped-8059e613-6002-42fa-961e-8e275f575d71-2-5.jpg?fit=1360%2C931&ssl=1","url":"https:\/\/i0.wp.com\/blogdoprosperi.com\/wp-content\/uploads\/2026\/05\/cropped-8059e613-6002-42fa-961e-8e275f575d71-2-5.jpg?fit=1360%2C931&ssl=1","contentUrl":"https:\/\/i0.wp.com\/blogdoprosperi.com\/wp-content\/uploads\/2026\/05\/cropped-8059e613-6002-42fa-961e-8e275f575d71-2-5.jpg?fit=1360%2C931&ssl=1","width":1360,"height":931,"caption":"Luiz Ant\u00f4nio Pr\u00f3speri"},"logo":{"@id":"https:\/\/i0.wp.com\/blogdoprosperi.com\/wp-content\/uploads\/2026\/05\/cropped-8059e613-6002-42fa-961e-8e275f575d71-2-5.jpg?fit=1360%2C931&ssl=1"},"description":"Jornalista com carreira dedicada ao esporte. Cobriu 9 Copas do Mundo in loco, 1990 na It\u00e1lia, 1994 nos EUA, 1998 na Fran\u00e7a, 2002 na Coreia do Sul e Jap\u00e3o, 2006 na Alemanha, 2010 na \u00c1frica do Sul, 2014 no Brasil, 2018 na R\u00fassia e 2022 no Qatar. Eurocopas, 1992 na Su\u00e9cia e 1996 na Inglaterra. Copa das Confedera\u00e7\u00f5es de 2005 na Alemanha e 2009 na \u00c1frica do Sul. Rep\u00f3rter e Editor, trabalhou no Jornal da Tarde e Estad\u00e3o, de 1984 a fevereiro de 2016. Colunista, blogueiro. E comentarista de futebol na R\u00e1dio Estad\u00e3o, de 2013 a fevereiro de 2016. Jornalista respons\u00e1vel do \"Pr\u00f3speri News\" (blogdoprosperi.com).","sameAs":["http:\/\/blogdoprosperi.com","Luiz Pr\u00f3speri","@luiz_prosperi","https:\/\/x.com\/Luizprosperi","@prosperinacopa","luiz.prosperi@icloud.com"],"url":"https:\/\/blogdoprosperi.com\/?author=102107496"}]}},"jetpack_publicize_connections":[],"jetpack_likes_enabled":false,"jetpack_sharing_enabled":true,"jetpack_shortlink":"https:\/\/wp.me\/p7jvdk-8Lr","jetpack-related-posts":[{"id":35917,"url":"https:\/\/blogdoprosperi.com\/?p=35917","url_meta":{"origin":33693,"position":0},"title":"Pogba vale mais que Vinicius Jr, Gabriel Jesus e Gabigol","author":"Luiz Ant\u00f4nio Pr\u00f3speri","date":"24 de maio de 2017","format":false,"excerpt":"Real Madrid anunciou a contrata\u00e7\u00e3o de Vinicius Jr, jogador juvenil do Flamengo, de apenas 16 anos. Um dos mais ricos da Europa, o clube espanhol vai desembolsar 45 milh\u00f5es de euros (cerca de R$ 162 milh\u00f5es) para levar o garoto na temporada de 2019. A negocia\u00e7\u00e3o \u00e9 uma das maiores\u2026","rel":"","context":"Em &quot;futebol&quot;","block_context":{"text":"futebol","link":"https:\/\/blogdoprosperi.com\/?cat=53870"},"img":{"alt_text":"","src":"https:\/\/i0.wp.com\/blogdoprosperi.com\/wp-content\/uploads\/2017\/05\/14955552813979.jpg?fit=990%2C557&ssl=1&resize=350%2C200","width":350,"height":200,"srcset":"https:\/\/i0.wp.com\/blogdoprosperi.com\/wp-content\/uploads\/2017\/05\/14955552813979.jpg?fit=990%2C557&ssl=1&resize=350%2C200 1x, https:\/\/i0.wp.com\/blogdoprosperi.com\/wp-content\/uploads\/2017\/05\/14955552813979.jpg?fit=990%2C557&ssl=1&resize=525%2C300 1.5x, https:\/\/i0.wp.com\/blogdoprosperi.com\/wp-content\/uploads\/2017\/05\/14955552813979.jpg?fit=990%2C557&ssl=1&resize=700%2C400 2x"},"classes":[]},{"id":16458,"url":"https:\/\/blogdoprosperi.com\/?p=16458","url_meta":{"origin":33693,"position":1},"title":"Barcelona n\u00e3o tem interesse em Gabriel e Lucas Lima, o alvo \u00e9 Gabriel Jesus","author":"Luiz Ant\u00f4nio Pr\u00f3speri","date":"17 de julho de 2016","format":false,"excerpt":"Dirigente do clube espanhol, a pedido do pai de Neymar, esteve na Vila no jogo Santos 3 x 1 Ponte Preta e, parece, n\u00e3o se entusiasmou com os dois jogadores Barcelona n\u00e3o pensa neste momento em tirar Lucas Lima e Gabriel do Santos. Robert Fern\u00e1ndez, secret\u00e1rio-t\u00e9cnico do clube espanhol, esteve\u2026","rel":"","context":"Em &quot;futebol&quot;","block_context":{"text":"futebol","link":"https:\/\/blogdoprosperi.com\/?cat=53870"},"img":{"alt_text":"","src":"https:\/\/i0.wp.com\/blogdoprosperi.com\/wp-content\/uploads\/2016\/07\/lucas-lima-e-gabigol.jpg?resize=350%2C200&ssl=1","width":350,"height":200,"srcset":"https:\/\/i0.wp.com\/blogdoprosperi.com\/wp-content\/uploads\/2016\/07\/lucas-lima-e-gabigol.jpg?resize=350%2C200&ssl=1 1x, https:\/\/i0.wp.com\/blogdoprosperi.com\/wp-content\/uploads\/2016\/07\/lucas-lima-e-gabigol.jpg?resize=525%2C300&ssl=1 1.5x, https:\/\/i0.wp.com\/blogdoprosperi.com\/wp-content\/uploads\/2016\/07\/lucas-lima-e-gabigol.jpg?resize=700%2C400&ssl=1 2x, https:\/\/i0.wp.com\/blogdoprosperi.com\/wp-content\/uploads\/2016\/07\/lucas-lima-e-gabigol.jpg?resize=1050%2C600&ssl=1 3x"},"classes":[]},{"id":18425,"url":"https:\/\/blogdoprosperi.com\/?p=18425","url_meta":{"origin":33693,"position":2},"title":"Sele\u00e7\u00e3o Brasileira Ol\u00edmpica vira um balc\u00e3o de neg\u00f3cios de jogadores","author":"Luiz Ant\u00f4nio Pr\u00f3speri","date":"1 de agosto de 2016","format":false,"excerpt":"Sele\u00e7\u00e3o Brasileira Ol\u00edmpica vai estrear na Olimp\u00edada do Rio nesta quinta-feira com muitos de seus jovens jogadores no balc\u00e3o de transfer\u00eancias aos clubes europeus. Neg\u00f3cios ultrapassam a casa dos 100 milh\u00f5es de euros (R$ 361 milh\u00f5es) e n\u00e3o ser\u00e3o conclu\u00eddos ainda nesta semana. O Brasil vai correr atr\u00e1s da medalha\u2026","rel":"","context":"Em &quot;futebol&quot;","block_context":{"text":"futebol","link":"https:\/\/blogdoprosperi.com\/?cat=53870"},"img":{"alt_text":"","src":"https:\/\/i0.wp.com\/blogdoprosperi.com\/wp-content\/uploads\/2016\/08\/rodriocaio.jpg?resize=350%2C200&ssl=1","width":350,"height":200,"srcset":"https:\/\/i0.wp.com\/blogdoprosperi.com\/wp-content\/uploads\/2016\/08\/rodriocaio.jpg?resize=350%2C200&ssl=1 1x, https:\/\/i0.wp.com\/blogdoprosperi.com\/wp-content\/uploads\/2016\/08\/rodriocaio.jpg?resize=525%2C300&ssl=1 1.5x"},"classes":[]},{"id":18684,"url":"https:\/\/blogdoprosperi.com\/?p=18684","url_meta":{"origin":33693,"position":3},"title":"Gabriel Jesus assina contrato de cinco anos com Manchester City e leva b\u00f4nus de R$ 17,3 milh\u00f5es","author":"Luiz Ant\u00f4nio Pr\u00f3speri","date":"3 de agosto de 2016","format":false,"excerpt":"Gabriel Jesus assinou contrato de cinco anos com Manchester City e se apresenta ao clube ingl\u00eas em dezembro, ao encerramento do Campeonato Brasileiro. No acordo, o jogador tem direito a um b\u00f4nus de 4,7 milh\u00f5es (R$ 17,3 milh\u00f5es) ao longo do seu contrato que contempla, entre outras conquistas, a Bola\u2026","rel":"","context":"Em &quot;futebol&quot;","block_context":{"text":"futebol","link":"https:\/\/blogdoprosperi.com\/?cat=53870"},"img":{"alt_text":"","src":"","width":0,"height":0},"classes":[]},{"id":17082,"url":"https:\/\/blogdoprosperi.com\/?p=17082","url_meta":{"origin":33693,"position":4},"title":"Gabriel Jesus vira guerra entre Guardiola e Mourinho no futebol ingl\u00eas","author":"Luiz Ant\u00f4nio Pr\u00f3speri","date":"21 de julho de 2016","format":false,"excerpt":"\u00a0 Gabriel Jesus virou alvo de disputa entre Pep Guardiola, t\u00e9cnico do Manchester City, e Jos\u00e9 Mourinho, t\u00e9cnico do Manchester United. Ao ser informado de que o treinador espanhol havia ligado a Jesus para ser jogador dele no City, Mourinho teria acionado o comando do United a fazer tamb\u00e9m uma\u2026","rel":"","context":"Em &quot;futebol&quot;","block_context":{"text":"futebol","link":"https:\/\/blogdoprosperi.com\/?cat=53870"},"img":{"alt_text":"","src":"https:\/\/i0.wp.com\/blogdoprosperi.com\/wp-content\/uploads\/2016\/07\/gabriel-jesus-durante-treino-da-selecao-olimpica-1469054998462_956x500.jpg?resize=350%2C200&ssl=1","width":350,"height":200,"srcset":"https:\/\/i0.wp.com\/blogdoprosperi.com\/wp-content\/uploads\/2016\/07\/gabriel-jesus-durante-treino-da-selecao-olimpica-1469054998462_956x500.jpg?resize=350%2C200&ssl=1 1x, https:\/\/i0.wp.com\/blogdoprosperi.com\/wp-content\/uploads\/2016\/07\/gabriel-jesus-durante-treino-da-selecao-olimpica-1469054998462_956x500.jpg?resize=525%2C300&ssl=1 1.5x, https:\/\/i0.wp.com\/blogdoprosperi.com\/wp-content\/uploads\/2016\/07\/gabriel-jesus-durante-treino-da-selecao-olimpica-1469054998462_956x500.jpg?resize=700%2C400&ssl=1 2x"},"classes":[]},{"id":19909,"url":"https:\/\/blogdoprosperi.com\/?p=19909","url_meta":{"origin":33693,"position":5},"title":"Contra fracasso na Olimp\u00edada, Gabriel Jesus precisa da solidariedade de Neymar e Gabigol","author":"Luiz Ant\u00f4nio Pr\u00f3speri","date":"8 de agosto de 2016","format":false,"excerpt":"Dois jogos na Olimp\u00edada, nenhum gol. Gabriel Jesus, de 19 anos, vive maior desafio de sua ainda curta carreira de jogador profissional. No Palmeiras, \u00e9 o artilheiro do Campeonato Brasileiro com dez gols. Na Sele\u00e7\u00e3o Ol\u00edmpica deixa de ser unanimidade, recebe vaias e, a exemplo dos parceiros de ataque, n\u00e3o\u2026","rel":"","context":"Em &quot;futebol&quot;","block_context":{"text":"futebol","link":"https:\/\/blogdoprosperi.com\/?cat=53870"},"img":{"alt_text":"","src":"https:\/\/i0.wp.com\/blogdoprosperi.com\/wp-content\/uploads\/2016\/08\/pro7-11.jpg?resize=350%2C200","width":350,"height":200,"srcset":"https:\/\/i0.wp.com\/blogdoprosperi.com\/wp-content\/uploads\/2016\/08\/pro7-11.jpg?resize=350%2C200 1x, https:\/\/i0.wp.com\/blogdoprosperi.com\/wp-content\/uploads\/2016\/08\/pro7-11.jpg?resize=525%2C300 1.5x, https:\/\/i0.wp.com\/blogdoprosperi.com\/wp-content\/uploads\/2016\/08\/pro7-11.jpg?resize=700%2C400 2x, https:\/\/i0.wp.com\/blogdoprosperi.com\/wp-content\/uploads\/2016\/08\/pro7-11.jpg?resize=1050%2C600 3x, https:\/\/i0.wp.com\/blogdoprosperi.com\/wp-content\/uploads\/2016\/08\/pro7-11.jpg?resize=1400%2C800 4x"},"classes":[]}],"jetpack_featured_media_url":"","_links":{"self":[{"href":"https:\/\/blogdoprosperi.com\/index.php?rest_route=\/wp\/v2\/posts\/33693","targetHints":{"allow":["GET"]}}],"collection":[{"href":"https:\/\/blogdoprosperi.com\/index.php?rest_route=\/wp\/v2\/posts"}],"about":[{"href":"https:\/\/blogdoprosperi.com\/index.php?rest_route=\/wp\/v2\/types\/post"}],"author":[{"embeddable":true,"href":"https:\/\/blogdoprosperi.com\/index.php?rest_route=\/wp\/v2\/users\/102107496"}],"replies":[{"embeddable":true,"href":"https:\/\/blogdoprosperi.com\/index.php?rest_route=%2Fwp%2Fv2%2Fcomments&post=33693"}],"version-history":[{"count":25,"href":"https:\/\/blogdoprosperi.com\/index.php?rest_route=\/wp\/v2\/posts\/33693\/revisions"}],"predecessor-version":[{"id":33746,"href":"https:\/\/blogdoprosperi.com\/index.php?rest_route=\/wp\/v2\/posts\/33693\/revisions\/33746"}],"wp:attachment":[{"href":"https:\/\/blogdoprosperi.com\/index.php?rest_route=%2Fwp%2Fv2%2Fmedia&parent=33693"}],"wp:term":[{"taxonomy":"category","embeddable":true,"href":"https:\/\/blogdoprosperi.com\/index.php?rest_route=%2Fwp%2Fv2%2Fcategories&post=33693"},{"taxonomy":"post_tag","embeddable":true,"href":"https:\/\/blogdoprosperi.com\/index.php?rest_route=%2Fwp%2Fv2%2Ftags&post=33693"}],"curies":[{"name":"wp","href":"https:\/\/api.w.org\/{rel}","templated":true}]}}