{"id":33921,"date":"2016-12-11T20:28:46","date_gmt":"2016-12-11T22:28:46","guid":{"rendered":"http:\/\/blogdoprosperi.com\/?p=33921"},"modified":"2016-12-11T20:39:31","modified_gmt":"2016-12-11T22:39:31","slug":"corinthians-paga-por-sua-incompetencia-e-fica-fora-da-libertadores-inter-e-rebaixado-e-arbitro-preenche-a-sumula-mais-triste-do-futebol-na-arena-conda","status":"publish","type":"post","link":"https:\/\/blogdoprosperi.com\/?p=33921","title":{"rendered":"Corinthians paga por sua incompet\u00eancia e fica fora da Libertadores; Inter \u00e9 rebaixado e \u00e1rbitro preenche a s\u00famula mais triste do futebol na Arena Cond\u00e1"},"content":{"rendered":"<p><span class=\"alignnone\"><img data-recalc-dims=\"1\" loading=\"lazy\" decoding=\"async\" data-attachment-id=\"33982\" data-permalink=\"https:\/\/blogdoprosperi.com\/?attachment_id=33982\" data-orig-file=\"https:\/\/i0.wp.com\/blogdoprosperi.com\/wp-content\/uploads\/2016\/12\/torcida-internacional-fluminense-brasileirao-11122016_17liv2vtytz6o13i4bidfu482a.jpg?fit=620%2C430&amp;ssl=1\" data-orig-size=\"620,430\" data-comments-opened=\"1\" data-image-meta=\"{&quot;aperture&quot;:&quot;0&quot;,&quot;credit&quot;:&quot;&quot;,&quot;camera&quot;:&quot;&quot;,&quot;caption&quot;:&quot;&quot;,&quot;created_timestamp&quot;:&quot;0&quot;,&quot;copyright&quot;:&quot;&quot;,&quot;focal_length&quot;:&quot;0&quot;,&quot;iso&quot;:&quot;0&quot;,&quot;shutter_speed&quot;:&quot;0&quot;,&quot;title&quot;:&quot;&quot;,&quot;orientation&quot;:&quot;0&quot;}\" data-image-title=\"torcida-internacional-fluminense-brasileirao-11122016_17liv2vtytz6o13i4bidfu482a\" data-image-description=\"\" data-image-caption=\"\" data-large-file=\"https:\/\/i0.wp.com\/blogdoprosperi.com\/wp-content\/uploads\/2016\/12\/torcida-internacional-fluminense-brasileirao-11122016_17liv2vtytz6o13i4bidfu482a.jpg?fit=620%2C430&amp;ssl=1\" class=\"alignnone size-full wp-image-33982\" src=\"https:\/\/i0.wp.com\/blogdoprosperi.com\/wp-content\/uploads\/2016\/12\/torcida-internacional-fluminense-brasileirao-11122016_17liv2vtytz6o13i4bidfu482a.jpg?resize=620%2C430&#038;ssl=1\" alt=\"torcida-internacional-fluminense-brasileirao-11122016_17liv2vtytz6o13i4bidfu482a\" width=\"620\" height=\"430\" \/><\/span><\/p>\n<p>Brasileir\u00e3o 2016 chega ao fim com o Corinthians fora da Copa Libertadores e o Internacional rebaixado pela primeira vez \u00e0 S\u00e9rie B. Homenagens \u00e0 Chapecoense, algumas de muita emo\u00e7\u00e3o, tomaram conta da \u00faltima rodada neste domingo (11\/12).<\/p>\n<p>Fora da Libertadores, Corinthians vai perder or\u00e7amento na temporada de 2017 e, como efeito, n\u00e3o deve formar um time forte. E pode ver uma queda na m\u00e9dia de p\u00fablico no Itaquer\u00e3o, at\u00e9 ent\u00e3o com 30,3 mil pagantes por jogo. Dirigentes estimam que o clube deixar\u00e1 de arrecadar cerca de R$ 27 milh\u00f5es em a Libertadores.<\/p>\n<p>De acordo com dirigentes, o t\u00e9cnico Oswaldo Oliveira vai permanecer no comando do time. Dos refor\u00e7os pretendidos, apenas o atacante J\u00f3 est\u00e1 confirmado.<\/p>\n<p>Desde a sa\u00edda de Tite, em julho, o Corinthians se arrastou no campeonato. Apostou no interino Fabio Carille, depois em Crist\u00f3v\u00e3o Borges e, por \u00faltimo, em Oswaldo de Oliveira. Nenhum dos tr\u00eas conseguiu fazer o time jogar.<\/p>\n<p><span class=\"alignnone\"><img data-recalc-dims=\"1\" loading=\"lazy\" decoding=\"async\" data-attachment-id=\"33983\" data-permalink=\"https:\/\/blogdoprosperi.com\/?attachment_id=33983\" data-orig-file=\"https:\/\/i0.wp.com\/blogdoprosperi.com\/wp-content\/uploads\/2016\/12\/622_d5d5b987-b486-3603-b996-a2dd444d6823.jpg?fit=622%2C350&amp;ssl=1\" data-orig-size=\"622,350\" data-comments-opened=\"1\" data-image-meta=\"{&quot;aperture&quot;:&quot;0&quot;,&quot;credit&quot;:&quot;&quot;,&quot;camera&quot;:&quot;&quot;,&quot;caption&quot;:&quot;&quot;,&quot;created_timestamp&quot;:&quot;0&quot;,&quot;copyright&quot;:&quot;&quot;,&quot;focal_length&quot;:&quot;0&quot;,&quot;iso&quot;:&quot;0&quot;,&quot;shutter_speed&quot;:&quot;0&quot;,&quot;title&quot;:&quot;&quot;,&quot;orientation&quot;:&quot;0&quot;}\" data-image-title=\"622_d5d5b987-b486-3603-b996-a2dd444d6823\" data-image-description=\"\" data-image-caption=\"\" data-large-file=\"https:\/\/i0.wp.com\/blogdoprosperi.com\/wp-content\/uploads\/2016\/12\/622_d5d5b987-b486-3603-b996-a2dd444d6823.jpg?fit=622%2C350&amp;ssl=1\" class=\"alignnone size-full wp-image-33983\" src=\"https:\/\/i0.wp.com\/blogdoprosperi.com\/wp-content\/uploads\/2016\/12\/622_d5d5b987-b486-3603-b996-a2dd444d6823.jpg?resize=622%2C350&#038;ssl=1\" alt=\"622_d5d5b987-b486-3603-b996-a2dd444d6823\" width=\"622\" height=\"350\" \/><\/span><\/p>\n<p>Na derrota (3 a 2) para o Cruzeiro, na \u00faltima rodada, escancarou apatia dos jogadores e a desorganiza\u00e7\u00e3o do time, que saiu na frente duas vezes e tomou a virada. Estacionou no s\u00e9timo lugar, com direito a disputar a Copa Sul\u2013Americana.<\/p>\n<p>Nos \u00faltimos anos, Corinthians esteve na Libertadores em 2010, 2011, 2012 (campe\u00e3o), 2013, 2015 e 2016.<\/p>\n<p><strong>REBAIXADO<\/strong><\/p>\n<p>Outro que decepcionou foi o Internacional, rebaixado ao empatar (1 a 1) contra o Fluminense. Clube ga\u00facho teve quatro t\u00e9cnicos \u2013 Argel, Falc\u00e3o, Celso Roth e Lisca Doido \u2013 e contrata\u00e7\u00f5es equivocadas.<\/p>\n<p>Nas duas \u00faltimas semanas, dirigentes do Inter apelaram feio em busca de situa\u00e7\u00f5es jur\u00eddicas, o chamado tapet\u00e3o, na tentativa de virar a mesa nos tribunais e CBF. Cartolas chegaram misturar a trag\u00e9dia da Chapecoense ao drama do clube na luta contra o rebaixamento. Uma patifaria sem tamanho.<\/p>\n<p>&#8220;A gente foi med\u00edocre a partir do momento em que n\u00e3o se conseguiu ser competente. O torcedor n\u00e3o merecia isso, a institui\u00e7\u00e3o tamb\u00e9m n\u00e3o. A gente foi muito incompetente no campeonato. Desculpa \u00e9 o m\u00ednimo que temos de pedir aos torcedores&#8221;, disse o meia Alex.<\/p>\n<p><strong>PAULISTAS<\/strong><\/p>\n<p>Entre os paulistas, al\u00e9m da derrocada do Corinthians, o S\u00e3o Paulo fez um campeonato bem med\u00edocre. Fechou no d\u00e9cimo lugar, com apenas 14 vit\u00f3rias em 38 rodadas. Nesta \u00faltima goleou (5 a 0) o rebaixado Santa Cruz. E vai jogar todas suas fichas em Rog\u00e9rio Ceni, um mito no clube a ser transformado em salvador na temporada 2017.<\/p>\n<p>Santos fecha o Brasileir\u00e3o na condi\u00e7\u00e3o de vice-campe\u00e3o ao vencer o Am\u00e9rica-MG, rebaixado e desfigurado, por 1 a 0 na Vila Belmiro. A quem aclame Dorival J\u00fanior como um her\u00f3i ao levar o time ao segundo lugar, diante de clubes com or\u00e7amento bem mais robusto. O problema \u00e9 que Dorival, h\u00e1 dois anos no comando, n\u00e3o consegue dar ao Santos um t\u00edtulo de express\u00e3o nacional.<\/p>\n<p><span class=\"alignnone\"><img data-recalc-dims=\"1\" loading=\"lazy\" decoding=\"async\" data-attachment-id=\"33980\" data-permalink=\"https:\/\/blogdoprosperi.com\/?attachment_id=33980\" data-orig-file=\"https:\/\/i0.wp.com\/blogdoprosperi.com\/wp-content\/uploads\/2016\/12\/20161211181259130_1.jpg?fit=640%2C360&amp;ssl=1\" data-orig-size=\"640,360\" data-comments-opened=\"1\" data-image-meta=\"{&quot;aperture&quot;:&quot;0&quot;,&quot;credit&quot;:&quot;&quot;,&quot;camera&quot;:&quot;&quot;,&quot;caption&quot;:&quot;&quot;,&quot;created_timestamp&quot;:&quot;0&quot;,&quot;copyright&quot;:&quot;&quot;,&quot;focal_length&quot;:&quot;0&quot;,&quot;iso&quot;:&quot;0&quot;,&quot;shutter_speed&quot;:&quot;0&quot;,&quot;title&quot;:&quot;&quot;,&quot;orientation&quot;:&quot;0&quot;}\" data-image-title=\"20161211181259130_1\" data-image-description=\"\" data-image-caption=\"\" data-large-file=\"https:\/\/i0.wp.com\/blogdoprosperi.com\/wp-content\/uploads\/2016\/12\/20161211181259130_1.jpg?fit=640%2C360&amp;ssl=1\" class=\"alignnone size-full wp-image-33980\" src=\"https:\/\/i0.wp.com\/blogdoprosperi.com\/wp-content\/uploads\/2016\/12\/20161211181259130_1.jpg?resize=640%2C360&#038;ssl=1\" alt=\"20161211181259130_1\" width=\"640\" height=\"360\" \/><\/span><\/p>\n<p>E o Palmeiras campe\u00e3o coloca um ponto final no Brasileir\u00e3o com n\u00fameros expressivos ao vencer por 2 a 1 o Vit\u00f3ria fora de casa. Detalhe, jogou apenas com tr\u00eas titulares. Veja a campanha: 80 pontos, o maior vencedor com 24 vit\u00f3rias. \u00c9 o time que menos perdeu, com apenas seis derrotas. Dono do melhor ataque, 62 gols e melhor defesa ao lado do Atl\u00e9tico-PR, com 32 gols sofridos. Melhor saldo de gols, 32.<\/p>\n<p><strong>FOR\u00c7A CHAPE\u00a0<\/strong><\/p>\n<p>A \u00faltima rodada ainda teve muita emo\u00e7\u00e3o e dor com as homenagens \u00e0 Chapecoense. Entre torcedores e jogadores de todos os times em oito jogos, l\u00e1grimas derramadas.<\/p>\n<p>Situa\u00e7\u00e3o mais constrangedora passou o \u00e1rbitro Rodrigo D&#8217;Alonso Ferreira. Escalado pela CBF, ele teve de cumprir o protocolo na Arena Cond\u00e1, onde jogariam Chapecoense e Atl\u00e9tico-MG. O juiz e seus auxiliares foram ao est\u00e1dio vazio, se trocaram nos vesti\u00e1rios vazios, subiram ao campo sem jogadores nem quero-queros e esperaram por 30 minutos pelos dois times, que, como estava previsto, n\u00e3o jogariam.<\/p>\n<blockquote><p><span class=\"alignnone\"><img data-recalc-dims=\"1\" loading=\"lazy\" decoding=\"async\" data-attachment-id=\"33981\" data-permalink=\"https:\/\/blogdoprosperi.com\/?attachment_id=33981\" data-orig-file=\"https:\/\/i0.wp.com\/blogdoprosperi.com\/wp-content\/uploads\/2016\/12\/arena-conda-antes-do-jogo-que-nao-aconteceu-entre-chapecoense-e-atletico-mg-1481482205064_615x300.jpg?fit=615%2C300&amp;ssl=1\" data-orig-size=\"615,300\" data-comments-opened=\"1\" data-image-meta=\"{&quot;aperture&quot;:&quot;0&quot;,&quot;credit&quot;:&quot;&quot;,&quot;camera&quot;:&quot;&quot;,&quot;caption&quot;:&quot;&quot;,&quot;created_timestamp&quot;:&quot;0&quot;,&quot;copyright&quot;:&quot;&quot;,&quot;focal_length&quot;:&quot;0&quot;,&quot;iso&quot;:&quot;0&quot;,&quot;shutter_speed&quot;:&quot;0&quot;,&quot;title&quot;:&quot;&quot;,&quot;orientation&quot;:&quot;0&quot;}\" data-image-title=\"arena-conda-antes-do-jogo-que-nao-aconteceu-entre-chapecoense-e-atletico-mg-1481482205064_615x300\" data-image-description=\"\" data-image-caption=\"\" data-large-file=\"https:\/\/i0.wp.com\/blogdoprosperi.com\/wp-content\/uploads\/2016\/12\/arena-conda-antes-do-jogo-que-nao-aconteceu-entre-chapecoense-e-atletico-mg-1481482205064_615x300.jpg?fit=615%2C300&amp;ssl=1\" class=\"alignnone size-full wp-image-33981\" src=\"https:\/\/i0.wp.com\/blogdoprosperi.com\/wp-content\/uploads\/2016\/12\/arena-conda-antes-do-jogo-que-nao-aconteceu-entre-chapecoense-e-atletico-mg-1481482205064_615x300.jpg?resize=615%2C300&#038;ssl=1\" alt=\"arena-conda-antes-do-jogo-que-nao-aconteceu-entre-chapecoense-e-atletico-mg-1481482205064_615x300\" width=\"615\" height=\"300\" \/><\/span><\/p>\n<p>&#8220;Informamos que ambas as equipes n\u00e3o compareceram ao campo de jogo. Ap\u00f3s o hor\u00e1rio determinado para o in\u00edcio da partida, aguardamos o tempo regulamentar, aos 30 minutos, conforme RGC (regulamento geral das competi\u00e7\u00f5es 2016)&#8221;, preencheu D&#8217;Alonso a s\u00famula mais triste que escreveu na sua vida.<\/p><\/blockquote>\n<p>Com WO duplo, Chapecoense e Atl\u00e9tico-MG tiveram acrescentados na tabela mais uma derrota cada um. N\u00fameros in\u00fateis. O futebol n\u00e3o precisa disso.<\/p>\n<p>#for\u00e7achape<\/p>\n","protected":false},"excerpt":{"rendered":"<p>Brasileir\u00e3o 2016 chega ao fim com o Corinthians fora da Copa Libertadores e o Internacional rebaixado pela primeira [&hellip;]<\/p>\n","protected":false},"author":102107496,"featured_media":0,"comment_status":"open","ping_status":"open","sticky":false,"template":"","format":"standard","meta":{"_coblocks_attr":"","_coblocks_dimensions":"","_coblocks_responsive_height":"","_coblocks_accordion_ie_support":"","_jetpack_newsletter_access":"","_jetpack_dont_email_post_to_subs":false,"_jetpack_newsletter_tier_id":0,"_jetpack_memberships_contains_paywalled_content":false,"_wpcom_ai_launchpad_first_post":false,"_jetpack_feature_clip_id":0,"_jetpack_memberships_contains_paid_content":false,"footnotes":"","jetpack_publicize_message":"","jetpack_publicize_feature_enabled":true,"jetpack_social_post_already_shared":false,"jetpack_social_options":{"image_generator_settings":{"template":"highway","default_image_id":0,"font":"","enabled":false},"version":2},"jetpack_post_was_ever_published":false},"categories":[355071,53870],"tags":[998272,1824317,362595295,131372027,1617674,177066,549818717,789560560,20923714,8328841,4443658],"class_list":["post-33921","post","type-post","status-publish","format-standard","hentry","category-campeonato-brasileiro","category-futebol","tag-atletico-pr","tag-botafogo-fr","tag-brasileirao-2016","tag-campeonato-brasileiro-2016","tag-copa-sul-americana","tag-corinthians","tag-forca-chape","tag-futebol","tag-internacional-sc","tag-palmeiras-clube","tag-vitoria-ba"],"yoast_head":"<!-- This site is optimized with the Yoast SEO plugin v28.3 - https:\/\/yoast.com\/product\/yoast-seo-wordpress\/ -->\n<title>Corinthians paga por sua incompet\u00eancia e fica fora da Libertadores; Inter \u00e9 rebaixado e \u00e1rbitro preenche a s\u00famula mais triste do futebol na Arena Cond\u00e1 - PR\u00d3SPERI NEWS<\/title>\n<meta name=\"robots\" content=\"index, follow, max-snippet:-1, max-image-preview:large, max-video-preview:-1\" \/>\n<link rel=\"canonical\" href=\"https:\/\/blogdoprosperi.com\/?p=33921\" \/>\n<meta property=\"og:locale\" content=\"pt_BR\" \/>\n<meta property=\"og:type\" content=\"article\" \/>\n<meta property=\"og:title\" content=\"Corinthians paga por sua incompet\u00eancia e fica fora da Libertadores; Inter \u00e9 rebaixado e \u00e1rbitro preenche a s\u00famula mais triste do futebol na Arena Cond\u00e1 - PR\u00d3SPERI NEWS\" \/>\n<meta property=\"og:description\" content=\"Brasileir\u00e3o 2016 chega ao fim com o Corinthians fora da Copa Libertadores e o Internacional rebaixado pela primeira [&hellip;]\" \/>\n<meta property=\"og:url\" content=\"https:\/\/blogdoprosperi.com\/?p=33921\" \/>\n<meta property=\"og:site_name\" content=\"PR\u00d3SPERI NEWS\" \/>\n<meta property=\"article:publisher\" content=\"Luiz Pr\u00f3speri\" \/>\n<meta property=\"article:author\" content=\"Luiz Pr\u00f3speri\" \/>\n<meta property=\"article:published_time\" content=\"2016-12-11T22:28:46+00:00\" \/>\n<meta property=\"article:modified_time\" content=\"2016-12-11T22:39:31+00:00\" \/>\n<meta property=\"og:image\" content=\"https:\/\/blogdoprosperi.com\/wp-content\/uploads\/2016\/12\/torcida-internacional-fluminense-brasileirao-11122016_17liv2vtytz6o13i4bidfu482a.jpg\" \/>\n<meta name=\"author\" content=\"Luiz Ant\u00f4nio Pr\u00f3speri\" \/>\n<meta name=\"twitter:card\" content=\"summary_large_image\" \/>\n<meta name=\"twitter:creator\" content=\"@Luizprosperi\" \/>\n<meta name=\"twitter:site\" content=\"@Luizprosperi\" \/>\n<meta name=\"twitter:label1\" content=\"Escrito por\" \/>\n\t<meta name=\"twitter:data1\" content=\"Luiz Ant\u00f4nio Pr\u00f3speri\" \/>\n\t<meta name=\"twitter:label2\" content=\"Est. tempo de leitura\" \/>\n\t<meta name=\"twitter:data2\" content=\"4 minutos\" \/>\n<script type=\"application\/ld+json\" class=\"yoast-schema-graph\">{\"@context\":\"https:\\\/\\\/schema.org\",\"@graph\":[{\"@type\":\"Article\",\"@id\":\"https:\\\/\\\/blogdoprosperi.com\\\/?p=33921#article\",\"isPartOf\":{\"@id\":\"https:\\\/\\\/blogdoprosperi.com\\\/?p=33921\"},\"author\":{\"name\":\"Luiz Ant\u00f4nio Pr\u00f3speri\",\"@id\":\"https:\\\/\\\/blogdoprosperi.com\\\/#\\\/schema\\\/person\\\/38100755ce3601861ee4fab9b5aa78e9\"},\"headline\":\"Corinthians paga por sua incompet\u00eancia e fica fora da Libertadores; Inter \u00e9 rebaixado e \u00e1rbitro preenche a s\u00famula mais triste do futebol na Arena Cond\u00e1\",\"datePublished\":\"2016-12-11T22:28:46+00:00\",\"dateModified\":\"2016-12-11T22:39:31+00:00\",\"mainEntityOfPage\":{\"@id\":\"https:\\\/\\\/blogdoprosperi.com\\\/?p=33921\"},\"wordCount\":754,\"commentCount\":0,\"publisher\":{\"@id\":\"https:\\\/\\\/blogdoprosperi.com\\\/#\\\/schema\\\/person\\\/38100755ce3601861ee4fab9b5aa78e9\"},\"image\":{\"@id\":\"https:\\\/\\\/blogdoprosperi.com\\\/?p=33921#primaryimage\"},\"thumbnailUrl\":\"https:\\\/\\\/blogdoprosperi.com\\\/wp-content\\\/uploads\\\/2016\\\/12\\\/torcida-internacional-fluminense-brasileirao-11122016_17liv2vtytz6o13i4bidfu482a.jpg\",\"keywords\":[\"Atl\u00e9tico-PR\",\"Botafogo FR\",\"Brasileir\u00e3o-2016\",\"Campeonato Brasileiro 2016\",\"Copa Sul-Americana\",\"Corinthians\",\"For\u00e7a Chape\",\"futebol\",\"Internacional SC\",\"Palmeiras Clube\",\"Vit\u00f3ria-BA\"],\"articleSection\":[\"Campeonato Brasileiro\",\"futebol\"],\"inLanguage\":\"pt-BR\",\"potentialAction\":[{\"@type\":\"CommentAction\",\"name\":\"Comment\",\"target\":[\"https:\\\/\\\/blogdoprosperi.com\\\/?p=33921#respond\"]}]},{\"@type\":\"WebPage\",\"@id\":\"https:\\\/\\\/blogdoprosperi.com\\\/?p=33921\",\"url\":\"https:\\\/\\\/blogdoprosperi.com\\\/?p=33921\",\"name\":\"Corinthians paga por sua incompet\u00eancia e fica fora da Libertadores; Inter \u00e9 rebaixado e \u00e1rbitro preenche a s\u00famula mais triste do futebol na Arena Cond\u00e1 - PR\u00d3SPERI NEWS\",\"isPartOf\":{\"@id\":\"https:\\\/\\\/blogdoprosperi.com\\\/#website\"},\"primaryImageOfPage\":{\"@id\":\"https:\\\/\\\/blogdoprosperi.com\\\/?p=33921#primaryimage\"},\"image\":{\"@id\":\"https:\\\/\\\/blogdoprosperi.com\\\/?p=33921#primaryimage\"},\"thumbnailUrl\":\"https:\\\/\\\/blogdoprosperi.com\\\/wp-content\\\/uploads\\\/2016\\\/12\\\/torcida-internacional-fluminense-brasileirao-11122016_17liv2vtytz6o13i4bidfu482a.jpg\",\"datePublished\":\"2016-12-11T22:28:46+00:00\",\"dateModified\":\"2016-12-11T22:39:31+00:00\",\"breadcrumb\":{\"@id\":\"https:\\\/\\\/blogdoprosperi.com\\\/?p=33921#breadcrumb\"},\"inLanguage\":\"pt-BR\",\"potentialAction\":[{\"@type\":\"ReadAction\",\"target\":[\"https:\\\/\\\/blogdoprosperi.com\\\/?p=33921\"]}]},{\"@type\":\"ImageObject\",\"inLanguage\":\"pt-BR\",\"@id\":\"https:\\\/\\\/blogdoprosperi.com\\\/?p=33921#primaryimage\",\"url\":\"https:\\\/\\\/i0.wp.com\\\/blogdoprosperi.com\\\/wp-content\\\/uploads\\\/2016\\\/12\\\/torcida-internacional-fluminense-brasileirao-11122016_17liv2vtytz6o13i4bidfu482a.jpg?fit=620%2C430&ssl=1\",\"contentUrl\":\"https:\\\/\\\/i0.wp.com\\\/blogdoprosperi.com\\\/wp-content\\\/uploads\\\/2016\\\/12\\\/torcida-internacional-fluminense-brasileirao-11122016_17liv2vtytz6o13i4bidfu482a.jpg?fit=620%2C430&ssl=1\",\"width\":620,\"height\":430},{\"@type\":\"BreadcrumbList\",\"@id\":\"https:\\\/\\\/blogdoprosperi.com\\\/?p=33921#breadcrumb\",\"itemListElement\":[{\"@type\":\"ListItem\",\"position\":1,\"name\":\"In\u00edcio\",\"item\":\"https:\\\/\\\/blogdoprosperi.com\\\/\"},{\"@type\":\"ListItem\",\"position\":2,\"name\":\"Corinthians paga por sua incompet\u00eancia e fica fora da Libertadores; Inter \u00e9 rebaixado e \u00e1rbitro preenche a s\u00famula mais triste do futebol na Arena Cond\u00e1\"}]},{\"@type\":\"WebSite\",\"@id\":\"https:\\\/\\\/blogdoprosperi.com\\\/#website\",\"url\":\"https:\\\/\\\/blogdoprosperi.com\\\/\",\"name\":\"PR\u00d3SPERI NEWS\",\"description\":\"TUDO \u00c9  FUTEBOL\",\"publisher\":{\"@id\":\"https:\\\/\\\/blogdoprosperi.com\\\/#\\\/schema\\\/person\\\/38100755ce3601861ee4fab9b5aa78e9\"},\"alternateName\":\"blogdoprosperi.com\",\"potentialAction\":[{\"@type\":\"SearchAction\",\"target\":{\"@type\":\"EntryPoint\",\"urlTemplate\":\"https:\\\/\\\/blogdoprosperi.com\\\/?s={search_term_string}\"},\"query-input\":{\"@type\":\"PropertyValueSpecification\",\"valueRequired\":true,\"valueName\":\"search_term_string\"}}],\"inLanguage\":\"pt-BR\"},{\"@type\":[\"Person\",\"Organization\"],\"@id\":\"https:\\\/\\\/blogdoprosperi.com\\\/#\\\/schema\\\/person\\\/38100755ce3601861ee4fab9b5aa78e9\",\"name\":\"Luiz Ant\u00f4nio Pr\u00f3speri\",\"pronouns\":\"ele\",\"image\":{\"@type\":\"ImageObject\",\"inLanguage\":\"pt-BR\",\"@id\":\"https:\\\/\\\/i0.wp.com\\\/blogdoprosperi.com\\\/wp-content\\\/uploads\\\/2026\\\/05\\\/cropped-8059e613-6002-42fa-961e-8e275f575d71-2-5.jpg?fit=1360%2C931&ssl=1\",\"url\":\"https:\\\/\\\/i0.wp.com\\\/blogdoprosperi.com\\\/wp-content\\\/uploads\\\/2026\\\/05\\\/cropped-8059e613-6002-42fa-961e-8e275f575d71-2-5.jpg?fit=1360%2C931&ssl=1\",\"contentUrl\":\"https:\\\/\\\/i0.wp.com\\\/blogdoprosperi.com\\\/wp-content\\\/uploads\\\/2026\\\/05\\\/cropped-8059e613-6002-42fa-961e-8e275f575d71-2-5.jpg?fit=1360%2C931&ssl=1\",\"width\":1360,\"height\":931,\"caption\":\"Luiz Ant\u00f4nio Pr\u00f3speri\"},\"logo\":{\"@id\":\"https:\\\/\\\/i0.wp.com\\\/blogdoprosperi.com\\\/wp-content\\\/uploads\\\/2026\\\/05\\\/cropped-8059e613-6002-42fa-961e-8e275f575d71-2-5.jpg?fit=1360%2C931&ssl=1\"},\"description\":\"Jornalista com carreira dedicada ao esporte. Cobriu 9 Copas do Mundo in loco, 1990 na It\u00e1lia, 1994 nos EUA, 1998 na Fran\u00e7a, 2002 na Coreia do Sul e Jap\u00e3o, 2006 na Alemanha, 2010 na \u00c1frica do Sul, 2014 no Brasil, 2018 na R\u00fassia e 2022 no Qatar. Eurocopas, 1992 na Su\u00e9cia e 1996 na Inglaterra. Copa das Confedera\u00e7\u00f5es de 2005 na Alemanha e 2009 na \u00c1frica do Sul. Rep\u00f3rter e Editor, trabalhou no Jornal da Tarde e Estad\u00e3o, de 1984 a fevereiro de 2016. Colunista, blogueiro. E comentarista de futebol na R\u00e1dio Estad\u00e3o, de 2013 a fevereiro de 2016. Jornalista respons\u00e1vel do \\\"Pr\u00f3speri News\\\" (blogdoprosperi.com).\",\"sameAs\":[\"http:\\\/\\\/blogdoprosperi.com\",\"Luiz Pr\u00f3speri\",\"@luiz_prosperi\",\"https:\\\/\\\/x.com\\\/Luizprosperi\",\"@prosperinacopa\",\"luiz.prosperi@icloud.com\"],\"url\":\"https:\\\/\\\/blogdoprosperi.com\\\/?author=102107496\"}]}<\/script>\n<!-- \/ Yoast SEO plugin. -->","yoast_head_json":{"title":"Corinthians paga por sua incompet\u00eancia e fica fora da Libertadores; Inter \u00e9 rebaixado e \u00e1rbitro preenche a s\u00famula mais triste do futebol na Arena Cond\u00e1 - PR\u00d3SPERI NEWS","robots":{"index":"index","follow":"follow","max-snippet":"max-snippet:-1","max-image-preview":"max-image-preview:large","max-video-preview":"max-video-preview:-1"},"canonical":"https:\/\/blogdoprosperi.com\/?p=33921","og_locale":"pt_BR","og_type":"article","og_title":"Corinthians paga por sua incompet\u00eancia e fica fora da Libertadores; Inter \u00e9 rebaixado e \u00e1rbitro preenche a s\u00famula mais triste do futebol na Arena Cond\u00e1 - PR\u00d3SPERI NEWS","og_description":"Brasileir\u00e3o 2016 chega ao fim com o Corinthians fora da Copa Libertadores e o Internacional rebaixado pela primeira [&hellip;]","og_url":"https:\/\/blogdoprosperi.com\/?p=33921","og_site_name":"PR\u00d3SPERI NEWS","article_publisher":"Luiz Pr\u00f3speri","article_author":"Luiz Pr\u00f3speri","article_published_time":"2016-12-11T22:28:46+00:00","article_modified_time":"2016-12-11T22:39:31+00:00","og_image":[{"url":"https:\/\/blogdoprosperi.com\/wp-content\/uploads\/2016\/12\/torcida-internacional-fluminense-brasileirao-11122016_17liv2vtytz6o13i4bidfu482a.jpg","type":"","width":"","height":""}],"author":"Luiz Ant\u00f4nio Pr\u00f3speri","twitter_card":"summary_large_image","twitter_creator":"@Luizprosperi","twitter_site":"@Luizprosperi","twitter_misc":{"Escrito por":"Luiz Ant\u00f4nio Pr\u00f3speri","Est. tempo de leitura":"4 minutos"},"schema":{"@context":"https:\/\/schema.org","@graph":[{"@type":"Article","@id":"https:\/\/blogdoprosperi.com\/?p=33921#article","isPartOf":{"@id":"https:\/\/blogdoprosperi.com\/?p=33921"},"author":{"name":"Luiz Ant\u00f4nio Pr\u00f3speri","@id":"https:\/\/blogdoprosperi.com\/#\/schema\/person\/38100755ce3601861ee4fab9b5aa78e9"},"headline":"Corinthians paga por sua incompet\u00eancia e fica fora da Libertadores; Inter \u00e9 rebaixado e \u00e1rbitro preenche a s\u00famula mais triste do futebol na Arena Cond\u00e1","datePublished":"2016-12-11T22:28:46+00:00","dateModified":"2016-12-11T22:39:31+00:00","mainEntityOfPage":{"@id":"https:\/\/blogdoprosperi.com\/?p=33921"},"wordCount":754,"commentCount":0,"publisher":{"@id":"https:\/\/blogdoprosperi.com\/#\/schema\/person\/38100755ce3601861ee4fab9b5aa78e9"},"image":{"@id":"https:\/\/blogdoprosperi.com\/?p=33921#primaryimage"},"thumbnailUrl":"https:\/\/blogdoprosperi.com\/wp-content\/uploads\/2016\/12\/torcida-internacional-fluminense-brasileirao-11122016_17liv2vtytz6o13i4bidfu482a.jpg","keywords":["Atl\u00e9tico-PR","Botafogo FR","Brasileir\u00e3o-2016","Campeonato Brasileiro 2016","Copa Sul-Americana","Corinthians","For\u00e7a Chape","futebol","Internacional SC","Palmeiras Clube","Vit\u00f3ria-BA"],"articleSection":["Campeonato Brasileiro","futebol"],"inLanguage":"pt-BR","potentialAction":[{"@type":"CommentAction","name":"Comment","target":["https:\/\/blogdoprosperi.com\/?p=33921#respond"]}]},{"@type":"WebPage","@id":"https:\/\/blogdoprosperi.com\/?p=33921","url":"https:\/\/blogdoprosperi.com\/?p=33921","name":"Corinthians paga por sua incompet\u00eancia e fica fora da Libertadores; Inter \u00e9 rebaixado e \u00e1rbitro preenche a s\u00famula mais triste do futebol na Arena Cond\u00e1 - PR\u00d3SPERI NEWS","isPartOf":{"@id":"https:\/\/blogdoprosperi.com\/#website"},"primaryImageOfPage":{"@id":"https:\/\/blogdoprosperi.com\/?p=33921#primaryimage"},"image":{"@id":"https:\/\/blogdoprosperi.com\/?p=33921#primaryimage"},"thumbnailUrl":"https:\/\/blogdoprosperi.com\/wp-content\/uploads\/2016\/12\/torcida-internacional-fluminense-brasileirao-11122016_17liv2vtytz6o13i4bidfu482a.jpg","datePublished":"2016-12-11T22:28:46+00:00","dateModified":"2016-12-11T22:39:31+00:00","breadcrumb":{"@id":"https:\/\/blogdoprosperi.com\/?p=33921#breadcrumb"},"inLanguage":"pt-BR","potentialAction":[{"@type":"ReadAction","target":["https:\/\/blogdoprosperi.com\/?p=33921"]}]},{"@type":"ImageObject","inLanguage":"pt-BR","@id":"https:\/\/blogdoprosperi.com\/?p=33921#primaryimage","url":"https:\/\/i0.wp.com\/blogdoprosperi.com\/wp-content\/uploads\/2016\/12\/torcida-internacional-fluminense-brasileirao-11122016_17liv2vtytz6o13i4bidfu482a.jpg?fit=620%2C430&ssl=1","contentUrl":"https:\/\/i0.wp.com\/blogdoprosperi.com\/wp-content\/uploads\/2016\/12\/torcida-internacional-fluminense-brasileirao-11122016_17liv2vtytz6o13i4bidfu482a.jpg?fit=620%2C430&ssl=1","width":620,"height":430},{"@type":"BreadcrumbList","@id":"https:\/\/blogdoprosperi.com\/?p=33921#breadcrumb","itemListElement":[{"@type":"ListItem","position":1,"name":"In\u00edcio","item":"https:\/\/blogdoprosperi.com\/"},{"@type":"ListItem","position":2,"name":"Corinthians paga por sua incompet\u00eancia e fica fora da Libertadores; Inter \u00e9 rebaixado e \u00e1rbitro preenche a s\u00famula mais triste do futebol na Arena Cond\u00e1"}]},{"@type":"WebSite","@id":"https:\/\/blogdoprosperi.com\/#website","url":"https:\/\/blogdoprosperi.com\/","name":"PR\u00d3SPERI NEWS","description":"TUDO \u00c9  FUTEBOL","publisher":{"@id":"https:\/\/blogdoprosperi.com\/#\/schema\/person\/38100755ce3601861ee4fab9b5aa78e9"},"alternateName":"blogdoprosperi.com","potentialAction":[{"@type":"SearchAction","target":{"@type":"EntryPoint","urlTemplate":"https:\/\/blogdoprosperi.com\/?s={search_term_string}"},"query-input":{"@type":"PropertyValueSpecification","valueRequired":true,"valueName":"search_term_string"}}],"inLanguage":"pt-BR"},{"@type":["Person","Organization"],"@id":"https:\/\/blogdoprosperi.com\/#\/schema\/person\/38100755ce3601861ee4fab9b5aa78e9","name":"Luiz Ant\u00f4nio Pr\u00f3speri","pronouns":"ele","image":{"@type":"ImageObject","inLanguage":"pt-BR","@id":"https:\/\/i0.wp.com\/blogdoprosperi.com\/wp-content\/uploads\/2026\/05\/cropped-8059e613-6002-42fa-961e-8e275f575d71-2-5.jpg?fit=1360%2C931&ssl=1","url":"https:\/\/i0.wp.com\/blogdoprosperi.com\/wp-content\/uploads\/2026\/05\/cropped-8059e613-6002-42fa-961e-8e275f575d71-2-5.jpg?fit=1360%2C931&ssl=1","contentUrl":"https:\/\/i0.wp.com\/blogdoprosperi.com\/wp-content\/uploads\/2026\/05\/cropped-8059e613-6002-42fa-961e-8e275f575d71-2-5.jpg?fit=1360%2C931&ssl=1","width":1360,"height":931,"caption":"Luiz Ant\u00f4nio Pr\u00f3speri"},"logo":{"@id":"https:\/\/i0.wp.com\/blogdoprosperi.com\/wp-content\/uploads\/2026\/05\/cropped-8059e613-6002-42fa-961e-8e275f575d71-2-5.jpg?fit=1360%2C931&ssl=1"},"description":"Jornalista com carreira dedicada ao esporte. Cobriu 9 Copas do Mundo in loco, 1990 na It\u00e1lia, 1994 nos EUA, 1998 na Fran\u00e7a, 2002 na Coreia do Sul e Jap\u00e3o, 2006 na Alemanha, 2010 na \u00c1frica do Sul, 2014 no Brasil, 2018 na R\u00fassia e 2022 no Qatar. Eurocopas, 1992 na Su\u00e9cia e 1996 na Inglaterra. Copa das Confedera\u00e7\u00f5es de 2005 na Alemanha e 2009 na \u00c1frica do Sul. Rep\u00f3rter e Editor, trabalhou no Jornal da Tarde e Estad\u00e3o, de 1984 a fevereiro de 2016. Colunista, blogueiro. E comentarista de futebol na R\u00e1dio Estad\u00e3o, de 2013 a fevereiro de 2016. Jornalista respons\u00e1vel do \"Pr\u00f3speri News\" (blogdoprosperi.com).","sameAs":["http:\/\/blogdoprosperi.com","Luiz Pr\u00f3speri","@luiz_prosperi","https:\/\/x.com\/Luizprosperi","@prosperinacopa","luiz.prosperi@icloud.com"],"url":"https:\/\/blogdoprosperi.com\/?author=102107496"}]}},"jetpack_publicize_connections":[],"jetpack_likes_enabled":false,"jetpack_sharing_enabled":true,"jetpack_shortlink":"https:\/\/wp.me\/p7jvdk-8P7","jetpack-related-posts":[{"id":31254,"url":"https:\/\/blogdoprosperi.com\/?p=31254","url_meta":{"origin":33921,"position":0},"title":"Entenda como Palmeiras supera concorr\u00eancia na briga pela ta\u00e7a","author":"Luiz Ant\u00f4nio Pr\u00f3speri","date":"7 de novembro de 2016","format":false,"excerpt":"Palmeiras est\u00e1 no centro da discuss\u00e3o nesta reta final do Brasileir\u00e3o. Alvo preferido da pol\u00eamica de que vai ser campe\u00e3o, apesar de n\u00e3o jogar um futebol empolgante, bonito de se ver. Ou n\u00e3o tem sido t\u00e3o brilhante como o Corinthians, dono inconteste da ta\u00e7a em 2015. Alguns colegas jornalistas t\u00eam\u2026","rel":"","context":"Em &quot;Campeonato Brasileiro&quot;","block_context":{"text":"Campeonato Brasileiro","link":"https:\/\/blogdoprosperi.com\/?cat=355071"},"img":{"alt_text":"","src":"https:\/\/i0.wp.com\/blogdoprosperi.com\/wp-content\/uploads\/2016\/11\/26411418633_7a2551a277_o.jpg?resize=350%2C200&ssl=1","width":350,"height":200,"srcset":"https:\/\/i0.wp.com\/blogdoprosperi.com\/wp-content\/uploads\/2016\/11\/26411418633_7a2551a277_o.jpg?resize=350%2C200&ssl=1 1x, https:\/\/i0.wp.com\/blogdoprosperi.com\/wp-content\/uploads\/2016\/11\/26411418633_7a2551a277_o.jpg?resize=525%2C300&ssl=1 1.5x, https:\/\/i0.wp.com\/blogdoprosperi.com\/wp-content\/uploads\/2016\/11\/26411418633_7a2551a277_o.jpg?resize=700%2C400&ssl=1 2x"},"classes":[]},{"id":27229,"url":"https:\/\/blogdoprosperi.com\/?p=27229","url_meta":{"origin":33921,"position":1},"title":"Copa Libertadores muda e vira Brasileir\u00e3o do avesso","author":"Luiz Ant\u00f4nio Pr\u00f3speri","date":"3 de outubro de 2016","format":false,"excerpt":"Decis\u00e3o da Confedera\u00e7\u00e3o Sul-Americana de Futebol (Conmebol) de aumentar o n\u00fameros de clubes brasileiros na\u00a0Copa Libertadores de 2017,\u00a0de 5 para 7, interfere diretamente no atual Brasileir\u00e3o. O G-4 passa a ser G-6 e vira do avesso o campeonato nacional. Clubes que lutavam para n\u00e3o cair t\u00eam agora chance de conquistar\u2026","rel":"","context":"Em &quot;Campeonato Brasileiro&quot;","block_context":{"text":"Campeonato Brasileiro","link":"https:\/\/blogdoprosperi.com\/?cat=355071"},"img":{"alt_text":"","src":"https:\/\/i0.wp.com\/blogdoprosperi.com\/wp-content\/uploads\/2016\/10\/medellin1.jpg?resize=350%2C200&ssl=1","width":350,"height":200,"srcset":"https:\/\/i0.wp.com\/blogdoprosperi.com\/wp-content\/uploads\/2016\/10\/medellin1.jpg?resize=350%2C200&ssl=1 1x, https:\/\/i0.wp.com\/blogdoprosperi.com\/wp-content\/uploads\/2016\/10\/medellin1.jpg?resize=525%2C300&ssl=1 1.5x, https:\/\/i0.wp.com\/blogdoprosperi.com\/wp-content\/uploads\/2016\/10\/medellin1.jpg?resize=700%2C400&ssl=1 2x"},"classes":[]},{"id":37646,"url":"https:\/\/blogdoprosperi.com\/?p=37646","url_meta":{"origin":33921,"position":2},"title":"Brasileir\u00e3o 2019: conhe\u00e7a favoritos ao t\u00edtulo e candidatos ao rebaixamento","author":"Luiz Ant\u00f4nio Pr\u00f3speri","date":"29 de abril de 2019","format":false,"excerpt":"Brasileir\u00e3o 2019 come\u00e7a neste fim de semana (27 e 28\/4) com expectativa de jogos equilibrados e desconfian\u00e7a do torcedor a respeito do futebol que os times v\u00e3o mostrar ao longo do campeonato. Cr\u00edticos de plant\u00e3o apontam para um baixo n\u00edvel t\u00e9cnico, n\u00e3o muito diferente das \u00faltimas edi\u00e7\u00f5es. Maior cobran\u00e7a \u00e9\u2026","rel":"","context":"Em &quot;futebol&quot;","block_context":{"text":"futebol","link":"https:\/\/blogdoprosperi.com\/?cat=53870"},"img":{"alt_text":"","src":"https:\/\/i0.wp.com\/blogdoprosperi.com\/wp-content\/uploads\/2019\/04\/d5kcjh3wsaychdx.png?fit=855%2C854&ssl=1&resize=350%2C200","width":350,"height":200,"srcset":"https:\/\/i0.wp.com\/blogdoprosperi.com\/wp-content\/uploads\/2019\/04\/d5kcjh3wsaychdx.png?fit=855%2C854&ssl=1&resize=350%2C200 1x, https:\/\/i0.wp.com\/blogdoprosperi.com\/wp-content\/uploads\/2019\/04\/d5kcjh3wsaychdx.png?fit=855%2C854&ssl=1&resize=525%2C300 1.5x, https:\/\/i0.wp.com\/blogdoprosperi.com\/wp-content\/uploads\/2019\/04\/d5kcjh3wsaychdx.png?fit=855%2C854&ssl=1&resize=700%2C400 2x"},"classes":[]},{"id":6644,"url":"https:\/\/blogdoprosperi.com\/?p=6644","url_meta":{"origin":33921,"position":3},"title":"Cinco an\u00e1lises de futebol para voc\u00ea ler nesta sexta-feira (20\/5) antes de dormir","author":"Luiz Ant\u00f4nio Pr\u00f3speri","date":"21 de maio de 2016","format":false,"excerpt":"No meio da tarde desta sexta-feira (20\/5), o Atl\u00e9tico-MG anunciou a contrata\u00e7\u00e3o do t\u00e9cnico Marcelo Oliveira, ex-Palmeiras e Cruzeiro. Ainda em Minas, o treinador portugu\u00eas Paulo Bento faz sua estreia no Cruzeiro, neste s\u00e1bado, no Mineir\u00e3o. Em S\u00e3o Paulo, alguns jogadores do Corinthians estranharam a obriga\u00e7\u00e3o de dar explica\u00e7\u00f5es \u00e0\u2026","rel":"","context":"Em &quot;Campeonato Brasileiro&quot;","block_context":{"text":"Campeonato Brasileiro","link":"https:\/\/blogdoprosperi.com\/?cat=355071"},"img":{"alt_text":"24984734501_4a4c3cb056_o","src":"https:\/\/i0.wp.com\/blogdoprosperi.com\/wp-content\/uploads\/2016\/04\/24984734501_4a4c3cb056_o.jpg?resize=350%2C200&ssl=1","width":350,"height":200,"srcset":"https:\/\/i0.wp.com\/blogdoprosperi.com\/wp-content\/uploads\/2016\/04\/24984734501_4a4c3cb056_o.jpg?resize=350%2C200&ssl=1 1x, https:\/\/i0.wp.com\/blogdoprosperi.com\/wp-content\/uploads\/2016\/04\/24984734501_4a4c3cb056_o.jpg?resize=525%2C300&ssl=1 1.5x"},"classes":[]},{"id":37105,"url":"https:\/\/blogdoprosperi.com\/?p=37105","url_meta":{"origin":33921,"position":4},"title":"Palmeiras procura um treinador de peso","author":"Luiz Ant\u00f4nio Pr\u00f3speri","date":"9 de novembro de 2017","format":false,"excerpt":"Palmeiras corre risco de ficar sem a vaga direta na Libertadores de 2018. Alberto Valentim tem cinco jogos para garantir a classifica\u00e7\u00e3o. Seja qual for o resultado, \u00e9 certo que o clube vai investir em um treinador de peso.","rel":"","context":"Em &quot;Campeonato Brasileiro&quot;","block_context":{"text":"Campeonato Brasileiro","link":"https:\/\/blogdoprosperi.com\/?cat=355071"},"img":{"alt_text":"Palmeiras em busca de um treinador","src":"https:\/\/i0.wp.com\/blogdoprosperi.com\/wp-content\/uploads\/2017\/11\/24404757278_315a5ab479_z.jpg?fit=640%2C374&ssl=1&resize=350%2C200","width":350,"height":200,"srcset":"https:\/\/i0.wp.com\/blogdoprosperi.com\/wp-content\/uploads\/2017\/11\/24404757278_315a5ab479_z.jpg?fit=640%2C374&ssl=1&resize=350%2C200 1x, https:\/\/i0.wp.com\/blogdoprosperi.com\/wp-content\/uploads\/2017\/11\/24404757278_315a5ab479_z.jpg?fit=640%2C374&ssl=1&resize=525%2C300 1.5x"},"classes":[]},{"id":23590,"url":"https:\/\/blogdoprosperi.com\/?p=23590","url_meta":{"origin":33921,"position":5},"title":"Corinthians abre m\u00e3o do Brasileir\u00e3o e da Copa do Brasil","author":"Luiz Ant\u00f4nio Pr\u00f3speri","date":"30 de agosto de 2016","format":false,"excerpt":"Corinthians desiste da temporada 2016 neste in\u00edcio do segundo turno do Campeonato Brasileiro e na abertura das oitavas de final da Copa do Brasil. O comando do clube, mesmo sem admitir, tomou essa decis\u00e3o ao negociar quatro jogadores importantes do time em menos de um m\u00eas. A mais recente sa\u00edda\u2026","rel":"","context":"Em &quot;Campeonato Brasileiro&quot;","block_context":{"text":"Campeonato Brasileiro","link":"https:\/\/blogdoprosperi.com\/?cat=355071"},"img":{"alt_text":"","src":"https:\/\/i0.wp.com\/blogdoprosperi.com\/wp-content\/uploads\/2016\/08\/622_9fb77997-c794-3778-86b9-59c37343edca.jpg?resize=350%2C200&ssl=1","width":350,"height":200,"srcset":"https:\/\/i0.wp.com\/blogdoprosperi.com\/wp-content\/uploads\/2016\/08\/622_9fb77997-c794-3778-86b9-59c37343edca.jpg?resize=350%2C200&ssl=1 1x, https:\/\/i0.wp.com\/blogdoprosperi.com\/wp-content\/uploads\/2016\/08\/622_9fb77997-c794-3778-86b9-59c37343edca.jpg?resize=525%2C300&ssl=1 1.5x"},"classes":[]}],"jetpack_featured_media_url":"","_links":{"self":[{"href":"https:\/\/blogdoprosperi.com\/index.php?rest_route=\/wp\/v2\/posts\/33921","targetHints":{"allow":["GET"]}}],"collection":[{"href":"https:\/\/blogdoprosperi.com\/index.php?rest_route=\/wp\/v2\/posts"}],"about":[{"href":"https:\/\/blogdoprosperi.com\/index.php?rest_route=\/wp\/v2\/types\/post"}],"author":[{"embeddable":true,"href":"https:\/\/blogdoprosperi.com\/index.php?rest_route=\/wp\/v2\/users\/102107496"}],"replies":[{"embeddable":true,"href":"https:\/\/blogdoprosperi.com\/index.php?rest_route=%2Fwp%2Fv2%2Fcomments&post=33921"}],"version-history":[{"count":25,"href":"https:\/\/blogdoprosperi.com\/index.php?rest_route=\/wp\/v2\/posts\/33921\/revisions"}],"predecessor-version":[{"id":34000,"href":"https:\/\/blogdoprosperi.com\/index.php?rest_route=\/wp\/v2\/posts\/33921\/revisions\/34000"}],"wp:attachment":[{"href":"https:\/\/blogdoprosperi.com\/index.php?rest_route=%2Fwp%2Fv2%2Fmedia&parent=33921"}],"wp:term":[{"taxonomy":"category","embeddable":true,"href":"https:\/\/blogdoprosperi.com\/index.php?rest_route=%2Fwp%2Fv2%2Fcategories&post=33921"},{"taxonomy":"post_tag","embeddable":true,"href":"https:\/\/blogdoprosperi.com\/index.php?rest_route=%2Fwp%2Fv2%2Ftags&post=33921"}],"curies":[{"name":"wp","href":"https:\/\/api.w.org\/{rel}","templated":true}]}}