{"id":34001,"date":"2016-12-12T18:46:49","date_gmt":"2016-12-12T20:46:49","guid":{"rendered":"http:\/\/blogdoprosperi.com\/?p=34001"},"modified":"2016-12-12T22:30:22","modified_gmt":"2016-12-13T00:30:22","slug":"bola-de-ouro-de-cristiano-ronaldo-a-gabriel-jesus","status":"publish","type":"post","link":"https:\/\/blogdoprosperi.com\/?p=34001","title":{"rendered":"Bola de Ouro, de Cristiano Ronaldo a  Gabriel Jesus"},"content":{"rendered":"<p><span class=\"alignnone\"><img data-recalc-dims=\"1\" loading=\"lazy\" decoding=\"async\" data-attachment-id=\"34034\" data-permalink=\"https:\/\/blogdoprosperi.com\/?attachment_id=34034\" data-orig-file=\"https:\/\/i0.wp.com\/blogdoprosperi.com\/wp-content\/uploads\/2016\/12\/800.jpeg?fit=485%2C400&amp;ssl=1\" data-orig-size=\"485,400\" data-comments-opened=\"1\" data-image-meta=\"{&quot;aperture&quot;:&quot;0&quot;,&quot;credit&quot;:&quot;&quot;,&quot;camera&quot;:&quot;&quot;,&quot;caption&quot;:&quot;&quot;,&quot;created_timestamp&quot;:&quot;0&quot;,&quot;copyright&quot;:&quot;&quot;,&quot;focal_length&quot;:&quot;0&quot;,&quot;iso&quot;:&quot;0&quot;,&quot;shutter_speed&quot;:&quot;0&quot;,&quot;title&quot;:&quot;&quot;,&quot;orientation&quot;:&quot;0&quot;}\" data-image-title=\"800\" data-image-description=\"\" data-image-caption=\"\" data-large-file=\"https:\/\/i0.wp.com\/blogdoprosperi.com\/wp-content\/uploads\/2016\/12\/800.jpeg?fit=485%2C400&amp;ssl=1\" class=\"alignnone size-full wp-image-34034 alignleft\" src=\"https:\/\/i0.wp.com\/blogdoprosperi.com\/wp-content\/uploads\/2016\/12\/800.jpeg?resize=485%2C400&#038;ssl=1\" alt=\"800\" width=\"485\" height=\"400\" \/><\/span>Cristiano Ronaldo \u00e9 eleito o Bola de Ouro da France Football. Falta ainda o pr\u00eamio de melhor do mundo a ser concedido pela Fifa em janeiro de 2017. At\u00e9 a temporada passada, a vota\u00e7\u00e3o era conjunta entre a revista e entidade na parceria firmada em 2010. De 1956 a 2009, a France sempre elegeu o craque do ano na Europa. A elei\u00e7\u00e3o exclusiva da Fifa \u00e9 mais recente, com in\u00edcio em 1991. Sem entrar no m\u00e9rito da hist\u00f3ria, o fato \u00e9 que <a href=\"http:\/\/blogdoprosperi.com\/2016\/07\/10\/portugal-entrega-a-taca-a-cristiano-ronaldo\/\">Cristiano Ronaldo<\/a> tem tudo para levar a Bola de Ouro da Fifa tamb\u00e9m. E os brasileiros? Quando ter\u00e3o nova chance?<!--more--><\/p>\n<p>Neymar teria mais oportunidades se n\u00e3o fosse a presen\u00e7a de Cristiano e <a href=\"http:\/\/blogdoprosperi.com\/2016\/11\/14\/messi-carrega-cruz-da-argentina-e-vira-polemica-na-espanha-no-caso-da-renovacao-do-contrato-com-o-barca\/\">Messi<\/a>, donos do peda\u00e7o na \u00faltima d\u00e9cada. Sua chance de ser eleito melhor do mundo cai a cada temporada. Na premia\u00e7\u00e3o da France Football, divulgada nesta segunda-feira (12\/12), o craque brasileiro aparece na 5.\u00aa posi\u00e7\u00e3o, atr\u00e1s de Luiz Su\u00e1rez, Griezmann e dos dois g\u00eanios.<\/p>\n<p>No pleito da Fifa, a ser decidido em janeiro do ano que vem, <a href=\"http:\/\/blogdoprosperi.com\/2016\/11\/23\/neymar-pode-ser-preso-na-espanha-se-grupo-dis-nao-aceitar-eventual-acordo-com-o-craque\/\">Neymar <\/a>n\u00e3o ficou nem entre os tr\u00eas primeiros. Perdeu posi\u00e7\u00e3o para o franc\u00eas Griezmann, do Atl\u00e9tico de Madrid, e, evidente, abaixo de Cristiano e Messi.<\/p>\n<p>A queda de prest\u00edgio de Neymar passa muito pelo seu comportamento nos \u00faltimos meses no Barcelona e Sele\u00e7\u00e3o Brasileira. Antes de Tite assumir o escrete, o craque viveu dias dif\u00edceis com expuls\u00f5es e baixo rendimento. No clube, tamb\u00e9m n\u00e3o se imp\u00f4s como nas duas primeiras temporadas.<\/p>\n<p>Neymar pode at\u00e9 repetir Robinho. Aclamado no Brasil em 2002 como futuro melhor do mundo quando fosse jogar na Europa, o ex-jogador do Santos n\u00e3o emplacou.<\/p>\n<p>A \u00faltima vez que um brasileiro levou a Bola de Ouro da Fifa foi em 2007, com Kak\u00e1, na \u00e9poca jogador do Milan.<\/p>\n<p><span class=\"alignnone\"><img data-recalc-dims=\"1\" loading=\"lazy\" decoding=\"async\" data-attachment-id=\"34035\" data-permalink=\"https:\/\/blogdoprosperi.com\/?attachment_id=34035\" data-orig-file=\"https:\/\/i0.wp.com\/blogdoprosperi.com\/wp-content\/uploads\/2016\/12\/622_1ea51cc0-6e58-34ed-af09-4e09563980e5.jpg?fit=622%2C350&amp;ssl=1\" data-orig-size=\"622,350\" data-comments-opened=\"1\" data-image-meta=\"{&quot;aperture&quot;:&quot;0&quot;,&quot;credit&quot;:&quot;&quot;,&quot;camera&quot;:&quot;&quot;,&quot;caption&quot;:&quot;&quot;,&quot;created_timestamp&quot;:&quot;0&quot;,&quot;copyright&quot;:&quot;&quot;,&quot;focal_length&quot;:&quot;0&quot;,&quot;iso&quot;:&quot;0&quot;,&quot;shutter_speed&quot;:&quot;0&quot;,&quot;title&quot;:&quot;&quot;,&quot;orientation&quot;:&quot;0&quot;}\" data-image-title=\"622_1ea51cc0-6e58-34ed-af09-4e09563980e5\" data-image-description=\"\" data-image-caption=\"\" data-large-file=\"https:\/\/i0.wp.com\/blogdoprosperi.com\/wp-content\/uploads\/2016\/12\/622_1ea51cc0-6e58-34ed-af09-4e09563980e5.jpg?fit=622%2C350&amp;ssl=1\" class=\"alignnone size-full wp-image-34035\" src=\"https:\/\/i0.wp.com\/blogdoprosperi.com\/wp-content\/uploads\/2016\/12\/622_1ea51cc0-6e58-34ed-af09-4e09563980e5.jpg?resize=622%2C350&#038;ssl=1\" alt=\"622_1ea51cc0-6e58-34ed-af09-4e09563980e5\" width=\"622\" height=\"350\" \/><\/span><\/p>\n<p>Uma nova aposta surge agora com apari\u00e7\u00e3o de Gabriel Jesus. Com apenas 19 anos, o atacante do Palmeiras arrebatou a Bola de Ouro (melhor jogador do Campeonato Brasileiro) da revista Placar e o canal ESPN Brasil. E confirmado nesta noite de segunda-feira (12\/12), o Bola de Ouro na elei\u00e7\u00e3o da CBF aos melhores do Brasileir\u00e3o 2016.<\/p>\n<p><a href=\"http:\/\/blogdoprosperi.com\/2016\/07\/22\/entenda-como-gabriel-jesus-escolheu-manchester-city-para-jogar-na-europa\/\">Jesus se apresenta em janeiro de 2017 ao t\u00e9cnico Pep Guardiola no Manchester City<\/a>. Ter\u00e1 o tempo certo de matura\u00e7\u00e3o. Vai jogar em um time sem uma grande estrela, portanto sem um astro a ofuscar seu brilho. E pode fazer a diferen\u00e7a.<\/p>\n<p>O menino j\u00e1 conquistou o Brasil com o Palmeiras e a Sele\u00e7\u00e3o Brasileira de Tite. Pr\u00f3ximo passo \u00e9 a Europa, onde a concorr\u00eancia \u00e9 desleal e os fracos n\u00e3o t\u00eam vez.<\/p>\n<p>#for\u00e7achape<\/p>\n<p>&nbsp;<\/p>\n","protected":false},"excerpt":{"rendered":"<p>Cristiano Ronaldo \u00e9 eleito o Bola de Ouro da France Football. Falta ainda o pr\u00eamio de melhor do [&hellip;]<\/p>\n","protected":false},"author":102107496,"featured_media":0,"comment_status":"open","ping_status":"open","sticky":false,"template":"","format":"standard","meta":{"_coblocks_attr":"","_coblocks_dimensions":"","_coblocks_responsive_height":"","_coblocks_accordion_ie_support":"","_jetpack_newsletter_access":"","_jetpack_dont_email_post_to_subs":false,"_jetpack_newsletter_tier_id":0,"_jetpack_memberships_contains_paywalled_content":false,"_wpcom_ai_launchpad_first_post":false,"_jetpack_feature_clip_id":0,"_jetpack_memberships_contains_paid_content":false,"footnotes":"","jetpack_publicize_message":"","jetpack_publicize_feature_enabled":true,"jetpack_social_post_already_shared":false,"jetpack_social_options":{"image_generator_settings":{"template":"highway","default_image_id":0,"font":"","enabled":false},"version":2},"jetpack_post_was_ever_published":false},"categories":[355071,53870],"tags":[536594,789560569,66172,789560563,1452011,789560560,232826435,81750,4112146,287104],"class_list":["post-34001","post","type-post","status-publish","format-standard","hentry","category-campeonato-brasileiro","category-futebol","tag-bola-de-ouro","tag-cbf","tag-cristiano-ronaldo","tag-fifa","tag-france-football","tag-futebol","tag-gabriel-jesus","tag-messi","tag-neymar","tag-palmeiras"],"yoast_head":"<!-- This site is optimized with the Yoast SEO plugin v28.3 - https:\/\/yoast.com\/product\/yoast-seo-wordpress\/ -->\n<title>Bola de Ouro, de Cristiano Ronaldo a Gabriel Jesus - PR\u00d3SPERI NEWS<\/title>\n<meta name=\"robots\" content=\"index, follow, max-snippet:-1, max-image-preview:large, max-video-preview:-1\" \/>\n<link rel=\"canonical\" href=\"https:\/\/blogdoprosperi.com\/?p=34001\" \/>\n<meta property=\"og:locale\" content=\"pt_BR\" \/>\n<meta property=\"og:type\" content=\"article\" \/>\n<meta property=\"og:title\" content=\"Bola de Ouro, de Cristiano Ronaldo a Gabriel Jesus - PR\u00d3SPERI NEWS\" \/>\n<meta property=\"og:description\" content=\"Cristiano Ronaldo \u00e9 eleito o Bola de Ouro da France Football. Falta ainda o pr\u00eamio de melhor do [&hellip;]\" \/>\n<meta property=\"og:url\" content=\"https:\/\/blogdoprosperi.com\/?p=34001\" \/>\n<meta property=\"og:site_name\" content=\"PR\u00d3SPERI NEWS\" \/>\n<meta property=\"article:publisher\" content=\"Luiz Pr\u00f3speri\" \/>\n<meta property=\"article:author\" content=\"Luiz Pr\u00f3speri\" \/>\n<meta property=\"article:published_time\" content=\"2016-12-12T20:46:49+00:00\" \/>\n<meta property=\"article:modified_time\" content=\"2016-12-13T00:30:22+00:00\" \/>\n<meta property=\"og:image\" content=\"https:\/\/blogdoprosperi.com\/wp-content\/uploads\/2016\/12\/800.jpeg\" \/>\n<meta name=\"author\" content=\"Luiz Ant\u00f4nio Pr\u00f3speri\" \/>\n<meta name=\"twitter:card\" content=\"summary_large_image\" \/>\n<meta name=\"twitter:creator\" content=\"@Luizprosperi\" \/>\n<meta name=\"twitter:site\" content=\"@Luizprosperi\" \/>\n<meta name=\"twitter:label1\" content=\"Escrito por\" \/>\n\t<meta name=\"twitter:data1\" content=\"Luiz Ant\u00f4nio Pr\u00f3speri\" \/>\n\t<meta name=\"twitter:label2\" content=\"Est. tempo de leitura\" \/>\n\t<meta name=\"twitter:data2\" content=\"2 minutos\" \/>\n<script type=\"application\/ld+json\" class=\"yoast-schema-graph\">{\"@context\":\"https:\\\/\\\/schema.org\",\"@graph\":[{\"@type\":\"Article\",\"@id\":\"https:\\\/\\\/blogdoprosperi.com\\\/?p=34001#article\",\"isPartOf\":{\"@id\":\"https:\\\/\\\/blogdoprosperi.com\\\/?p=34001\"},\"author\":{\"name\":\"Luiz Ant\u00f4nio Pr\u00f3speri\",\"@id\":\"https:\\\/\\\/blogdoprosperi.com\\\/#\\\/schema\\\/person\\\/38100755ce3601861ee4fab9b5aa78e9\"},\"headline\":\"Bola de Ouro, de Cristiano Ronaldo a Gabriel Jesus\",\"datePublished\":\"2016-12-12T20:46:49+00:00\",\"dateModified\":\"2016-12-13T00:30:22+00:00\",\"mainEntityOfPage\":{\"@id\":\"https:\\\/\\\/blogdoprosperi.com\\\/?p=34001\"},\"wordCount\":455,\"commentCount\":2,\"publisher\":{\"@id\":\"https:\\\/\\\/blogdoprosperi.com\\\/#\\\/schema\\\/person\\\/38100755ce3601861ee4fab9b5aa78e9\"},\"image\":{\"@id\":\"https:\\\/\\\/blogdoprosperi.com\\\/?p=34001#primaryimage\"},\"thumbnailUrl\":\"https:\\\/\\\/blogdoprosperi.com\\\/wp-content\\\/uploads\\\/2016\\\/12\\\/800.jpeg\",\"keywords\":[\"bola de ouro\",\"CBF\",\"Cristiano Ronaldo\",\"Fifa\",\"France Football\",\"futebol\",\"Gabriel Jesus\",\"Messi\",\"Neymar\",\"Palmeiras\"],\"articleSection\":[\"Campeonato Brasileiro\",\"futebol\"],\"inLanguage\":\"pt-BR\",\"potentialAction\":[{\"@type\":\"CommentAction\",\"name\":\"Comment\",\"target\":[\"https:\\\/\\\/blogdoprosperi.com\\\/?p=34001#respond\"]}]},{\"@type\":\"WebPage\",\"@id\":\"https:\\\/\\\/blogdoprosperi.com\\\/?p=34001\",\"url\":\"https:\\\/\\\/blogdoprosperi.com\\\/?p=34001\",\"name\":\"Bola de Ouro, de Cristiano Ronaldo a Gabriel Jesus - PR\u00d3SPERI NEWS\",\"isPartOf\":{\"@id\":\"https:\\\/\\\/blogdoprosperi.com\\\/#website\"},\"primaryImageOfPage\":{\"@id\":\"https:\\\/\\\/blogdoprosperi.com\\\/?p=34001#primaryimage\"},\"image\":{\"@id\":\"https:\\\/\\\/blogdoprosperi.com\\\/?p=34001#primaryimage\"},\"thumbnailUrl\":\"https:\\\/\\\/blogdoprosperi.com\\\/wp-content\\\/uploads\\\/2016\\\/12\\\/800.jpeg\",\"datePublished\":\"2016-12-12T20:46:49+00:00\",\"dateModified\":\"2016-12-13T00:30:22+00:00\",\"breadcrumb\":{\"@id\":\"https:\\\/\\\/blogdoprosperi.com\\\/?p=34001#breadcrumb\"},\"inLanguage\":\"pt-BR\",\"potentialAction\":[{\"@type\":\"ReadAction\",\"target\":[\"https:\\\/\\\/blogdoprosperi.com\\\/?p=34001\"]}]},{\"@type\":\"ImageObject\",\"inLanguage\":\"pt-BR\",\"@id\":\"https:\\\/\\\/blogdoprosperi.com\\\/?p=34001#primaryimage\",\"url\":\"https:\\\/\\\/i0.wp.com\\\/blogdoprosperi.com\\\/wp-content\\\/uploads\\\/2016\\\/12\\\/800.jpeg?fit=485%2C400&ssl=1\",\"contentUrl\":\"https:\\\/\\\/i0.wp.com\\\/blogdoprosperi.com\\\/wp-content\\\/uploads\\\/2016\\\/12\\\/800.jpeg?fit=485%2C400&ssl=1\",\"width\":485,\"height\":400},{\"@type\":\"BreadcrumbList\",\"@id\":\"https:\\\/\\\/blogdoprosperi.com\\\/?p=34001#breadcrumb\",\"itemListElement\":[{\"@type\":\"ListItem\",\"position\":1,\"name\":\"In\u00edcio\",\"item\":\"https:\\\/\\\/blogdoprosperi.com\\\/\"},{\"@type\":\"ListItem\",\"position\":2,\"name\":\"Bola de Ouro, de Cristiano Ronaldo a Gabriel Jesus\"}]},{\"@type\":\"WebSite\",\"@id\":\"https:\\\/\\\/blogdoprosperi.com\\\/#website\",\"url\":\"https:\\\/\\\/blogdoprosperi.com\\\/\",\"name\":\"PR\u00d3SPERI NEWS\",\"description\":\"TUDO \u00c9  FUTEBOL\",\"publisher\":{\"@id\":\"https:\\\/\\\/blogdoprosperi.com\\\/#\\\/schema\\\/person\\\/38100755ce3601861ee4fab9b5aa78e9\"},\"alternateName\":\"blogdoprosperi.com\",\"potentialAction\":[{\"@type\":\"SearchAction\",\"target\":{\"@type\":\"EntryPoint\",\"urlTemplate\":\"https:\\\/\\\/blogdoprosperi.com\\\/?s={search_term_string}\"},\"query-input\":{\"@type\":\"PropertyValueSpecification\",\"valueRequired\":true,\"valueName\":\"search_term_string\"}}],\"inLanguage\":\"pt-BR\"},{\"@type\":[\"Person\",\"Organization\"],\"@id\":\"https:\\\/\\\/blogdoprosperi.com\\\/#\\\/schema\\\/person\\\/38100755ce3601861ee4fab9b5aa78e9\",\"name\":\"Luiz Ant\u00f4nio Pr\u00f3speri\",\"pronouns\":\"ele\",\"image\":{\"@type\":\"ImageObject\",\"inLanguage\":\"pt-BR\",\"@id\":\"https:\\\/\\\/i0.wp.com\\\/blogdoprosperi.com\\\/wp-content\\\/uploads\\\/2026\\\/05\\\/cropped-8059e613-6002-42fa-961e-8e275f575d71-2-5.jpg?fit=1360%2C931&ssl=1\",\"url\":\"https:\\\/\\\/i0.wp.com\\\/blogdoprosperi.com\\\/wp-content\\\/uploads\\\/2026\\\/05\\\/cropped-8059e613-6002-42fa-961e-8e275f575d71-2-5.jpg?fit=1360%2C931&ssl=1\",\"contentUrl\":\"https:\\\/\\\/i0.wp.com\\\/blogdoprosperi.com\\\/wp-content\\\/uploads\\\/2026\\\/05\\\/cropped-8059e613-6002-42fa-961e-8e275f575d71-2-5.jpg?fit=1360%2C931&ssl=1\",\"width\":1360,\"height\":931,\"caption\":\"Luiz Ant\u00f4nio Pr\u00f3speri\"},\"logo\":{\"@id\":\"https:\\\/\\\/i0.wp.com\\\/blogdoprosperi.com\\\/wp-content\\\/uploads\\\/2026\\\/05\\\/cropped-8059e613-6002-42fa-961e-8e275f575d71-2-5.jpg?fit=1360%2C931&ssl=1\"},\"description\":\"Jornalista com carreira dedicada ao esporte. Cobriu 9 Copas do Mundo in loco, 1990 na It\u00e1lia, 1994 nos EUA, 1998 na Fran\u00e7a, 2002 na Coreia do Sul e Jap\u00e3o, 2006 na Alemanha, 2010 na \u00c1frica do Sul, 2014 no Brasil, 2018 na R\u00fassia e 2022 no Qatar. Eurocopas, 1992 na Su\u00e9cia e 1996 na Inglaterra. Copa das Confedera\u00e7\u00f5es de 2005 na Alemanha e 2009 na \u00c1frica do Sul. Rep\u00f3rter e Editor, trabalhou no Jornal da Tarde e Estad\u00e3o, de 1984 a fevereiro de 2016. Colunista, blogueiro. E comentarista de futebol na R\u00e1dio Estad\u00e3o, de 2013 a fevereiro de 2016. Jornalista respons\u00e1vel do \\\"Pr\u00f3speri News\\\" (blogdoprosperi.com).\",\"sameAs\":[\"http:\\\/\\\/blogdoprosperi.com\",\"Luiz Pr\u00f3speri\",\"@luiz_prosperi\",\"https:\\\/\\\/x.com\\\/Luizprosperi\",\"@prosperinacopa\",\"luiz.prosperi@icloud.com\"],\"url\":\"https:\\\/\\\/blogdoprosperi.com\\\/?author=102107496\"}]}<\/script>\n<!-- \/ Yoast SEO plugin. -->","yoast_head_json":{"title":"Bola de Ouro, de Cristiano Ronaldo a Gabriel Jesus - PR\u00d3SPERI NEWS","robots":{"index":"index","follow":"follow","max-snippet":"max-snippet:-1","max-image-preview":"max-image-preview:large","max-video-preview":"max-video-preview:-1"},"canonical":"https:\/\/blogdoprosperi.com\/?p=34001","og_locale":"pt_BR","og_type":"article","og_title":"Bola de Ouro, de Cristiano Ronaldo a Gabriel Jesus - PR\u00d3SPERI NEWS","og_description":"Cristiano Ronaldo \u00e9 eleito o Bola de Ouro da France Football. Falta ainda o pr\u00eamio de melhor do [&hellip;]","og_url":"https:\/\/blogdoprosperi.com\/?p=34001","og_site_name":"PR\u00d3SPERI NEWS","article_publisher":"Luiz Pr\u00f3speri","article_author":"Luiz Pr\u00f3speri","article_published_time":"2016-12-12T20:46:49+00:00","article_modified_time":"2016-12-13T00:30:22+00:00","og_image":[{"url":"https:\/\/blogdoprosperi.com\/wp-content\/uploads\/2016\/12\/800.jpeg","type":"","width":"","height":""}],"author":"Luiz Ant\u00f4nio Pr\u00f3speri","twitter_card":"summary_large_image","twitter_creator":"@Luizprosperi","twitter_site":"@Luizprosperi","twitter_misc":{"Escrito por":"Luiz Ant\u00f4nio Pr\u00f3speri","Est. tempo de leitura":"2 minutos"},"schema":{"@context":"https:\/\/schema.org","@graph":[{"@type":"Article","@id":"https:\/\/blogdoprosperi.com\/?p=34001#article","isPartOf":{"@id":"https:\/\/blogdoprosperi.com\/?p=34001"},"author":{"name":"Luiz Ant\u00f4nio Pr\u00f3speri","@id":"https:\/\/blogdoprosperi.com\/#\/schema\/person\/38100755ce3601861ee4fab9b5aa78e9"},"headline":"Bola de Ouro, de Cristiano Ronaldo a Gabriel Jesus","datePublished":"2016-12-12T20:46:49+00:00","dateModified":"2016-12-13T00:30:22+00:00","mainEntityOfPage":{"@id":"https:\/\/blogdoprosperi.com\/?p=34001"},"wordCount":455,"commentCount":2,"publisher":{"@id":"https:\/\/blogdoprosperi.com\/#\/schema\/person\/38100755ce3601861ee4fab9b5aa78e9"},"image":{"@id":"https:\/\/blogdoprosperi.com\/?p=34001#primaryimage"},"thumbnailUrl":"https:\/\/blogdoprosperi.com\/wp-content\/uploads\/2016\/12\/800.jpeg","keywords":["bola de ouro","CBF","Cristiano Ronaldo","Fifa","France Football","futebol","Gabriel Jesus","Messi","Neymar","Palmeiras"],"articleSection":["Campeonato Brasileiro","futebol"],"inLanguage":"pt-BR","potentialAction":[{"@type":"CommentAction","name":"Comment","target":["https:\/\/blogdoprosperi.com\/?p=34001#respond"]}]},{"@type":"WebPage","@id":"https:\/\/blogdoprosperi.com\/?p=34001","url":"https:\/\/blogdoprosperi.com\/?p=34001","name":"Bola de Ouro, de Cristiano Ronaldo a Gabriel Jesus - PR\u00d3SPERI NEWS","isPartOf":{"@id":"https:\/\/blogdoprosperi.com\/#website"},"primaryImageOfPage":{"@id":"https:\/\/blogdoprosperi.com\/?p=34001#primaryimage"},"image":{"@id":"https:\/\/blogdoprosperi.com\/?p=34001#primaryimage"},"thumbnailUrl":"https:\/\/blogdoprosperi.com\/wp-content\/uploads\/2016\/12\/800.jpeg","datePublished":"2016-12-12T20:46:49+00:00","dateModified":"2016-12-13T00:30:22+00:00","breadcrumb":{"@id":"https:\/\/blogdoprosperi.com\/?p=34001#breadcrumb"},"inLanguage":"pt-BR","potentialAction":[{"@type":"ReadAction","target":["https:\/\/blogdoprosperi.com\/?p=34001"]}]},{"@type":"ImageObject","inLanguage":"pt-BR","@id":"https:\/\/blogdoprosperi.com\/?p=34001#primaryimage","url":"https:\/\/i0.wp.com\/blogdoprosperi.com\/wp-content\/uploads\/2016\/12\/800.jpeg?fit=485%2C400&ssl=1","contentUrl":"https:\/\/i0.wp.com\/blogdoprosperi.com\/wp-content\/uploads\/2016\/12\/800.jpeg?fit=485%2C400&ssl=1","width":485,"height":400},{"@type":"BreadcrumbList","@id":"https:\/\/blogdoprosperi.com\/?p=34001#breadcrumb","itemListElement":[{"@type":"ListItem","position":1,"name":"In\u00edcio","item":"https:\/\/blogdoprosperi.com\/"},{"@type":"ListItem","position":2,"name":"Bola de Ouro, de Cristiano Ronaldo a Gabriel Jesus"}]},{"@type":"WebSite","@id":"https:\/\/blogdoprosperi.com\/#website","url":"https:\/\/blogdoprosperi.com\/","name":"PR\u00d3SPERI NEWS","description":"TUDO \u00c9  FUTEBOL","publisher":{"@id":"https:\/\/blogdoprosperi.com\/#\/schema\/person\/38100755ce3601861ee4fab9b5aa78e9"},"alternateName":"blogdoprosperi.com","potentialAction":[{"@type":"SearchAction","target":{"@type":"EntryPoint","urlTemplate":"https:\/\/blogdoprosperi.com\/?s={search_term_string}"},"query-input":{"@type":"PropertyValueSpecification","valueRequired":true,"valueName":"search_term_string"}}],"inLanguage":"pt-BR"},{"@type":["Person","Organization"],"@id":"https:\/\/blogdoprosperi.com\/#\/schema\/person\/38100755ce3601861ee4fab9b5aa78e9","name":"Luiz Ant\u00f4nio Pr\u00f3speri","pronouns":"ele","image":{"@type":"ImageObject","inLanguage":"pt-BR","@id":"https:\/\/i0.wp.com\/blogdoprosperi.com\/wp-content\/uploads\/2026\/05\/cropped-8059e613-6002-42fa-961e-8e275f575d71-2-5.jpg?fit=1360%2C931&ssl=1","url":"https:\/\/i0.wp.com\/blogdoprosperi.com\/wp-content\/uploads\/2026\/05\/cropped-8059e613-6002-42fa-961e-8e275f575d71-2-5.jpg?fit=1360%2C931&ssl=1","contentUrl":"https:\/\/i0.wp.com\/blogdoprosperi.com\/wp-content\/uploads\/2026\/05\/cropped-8059e613-6002-42fa-961e-8e275f575d71-2-5.jpg?fit=1360%2C931&ssl=1","width":1360,"height":931,"caption":"Luiz Ant\u00f4nio Pr\u00f3speri"},"logo":{"@id":"https:\/\/i0.wp.com\/blogdoprosperi.com\/wp-content\/uploads\/2026\/05\/cropped-8059e613-6002-42fa-961e-8e275f575d71-2-5.jpg?fit=1360%2C931&ssl=1"},"description":"Jornalista com carreira dedicada ao esporte. Cobriu 9 Copas do Mundo in loco, 1990 na It\u00e1lia, 1994 nos EUA, 1998 na Fran\u00e7a, 2002 na Coreia do Sul e Jap\u00e3o, 2006 na Alemanha, 2010 na \u00c1frica do Sul, 2014 no Brasil, 2018 na R\u00fassia e 2022 no Qatar. Eurocopas, 1992 na Su\u00e9cia e 1996 na Inglaterra. Copa das Confedera\u00e7\u00f5es de 2005 na Alemanha e 2009 na \u00c1frica do Sul. Rep\u00f3rter e Editor, trabalhou no Jornal da Tarde e Estad\u00e3o, de 1984 a fevereiro de 2016. Colunista, blogueiro. E comentarista de futebol na R\u00e1dio Estad\u00e3o, de 2013 a fevereiro de 2016. Jornalista respons\u00e1vel do \"Pr\u00f3speri News\" (blogdoprosperi.com).","sameAs":["http:\/\/blogdoprosperi.com","Luiz Pr\u00f3speri","@luiz_prosperi","https:\/\/x.com\/Luizprosperi","@prosperinacopa","luiz.prosperi@icloud.com"],"url":"https:\/\/blogdoprosperi.com\/?author=102107496"}]}},"jetpack_publicize_connections":[],"jetpack_likes_enabled":false,"jetpack_sharing_enabled":true,"jetpack_shortlink":"https:\/\/wp.me\/p7jvdk-8Qp","jetpack-related-posts":[{"id":46066,"url":"https:\/\/blogdoprosperi.com\/?p=46066","url_meta":{"origin":34001,"position":0},"title":"Bola de Ouro | Sem Vini Jr, Come\u00e7a Nova Era no Cen\u00e1rio p\u00f3s-Messi e Cristiano Ronaldo","author":"Luiz Ant\u00f4nio Pr\u00f3speri","date":"28 de outubro de 2024","format":false,"excerpt":"A vez de Vini Jr? Enfim, ter\u00edamos um jogador brasileiro favorito a melhor do mundo no trof\u00e9u Bola de Ouro 2023\/2024, criado pela revista France Football em 1956. Acontece que Vini Jr desistiu de ir \u00e0 cerim\u00f4nia de entrega do trof\u00e9u em Paris, nessa segunda-feira (28\/10). Sem Vini Jr, o\u2026","rel":"","context":"Em &quot;futebol&quot;","block_context":{"text":"futebol","link":"https:\/\/blogdoprosperi.com\/?cat=53870"},"img":{"alt_text":"Quem leva Bola de Ouro?","src":"https:\/\/i0.wp.com\/blogdoprosperi.com\/wp-content\/uploads\/2024\/10\/captura-de-tela-2024-10-28-as-10.27.05.png?fit=1200%2C714&ssl=1&resize=350%2C200","width":350,"height":200,"srcset":"https:\/\/i0.wp.com\/blogdoprosperi.com\/wp-content\/uploads\/2024\/10\/captura-de-tela-2024-10-28-as-10.27.05.png?fit=1200%2C714&ssl=1&resize=350%2C200 1x, https:\/\/i0.wp.com\/blogdoprosperi.com\/wp-content\/uploads\/2024\/10\/captura-de-tela-2024-10-28-as-10.27.05.png?fit=1200%2C714&ssl=1&resize=525%2C300 1.5x, https:\/\/i0.wp.com\/blogdoprosperi.com\/wp-content\/uploads\/2024\/10\/captura-de-tela-2024-10-28-as-10.27.05.png?fit=1200%2C714&ssl=1&resize=700%2C400 2x, https:\/\/i0.wp.com\/blogdoprosperi.com\/wp-content\/uploads\/2024\/10\/captura-de-tela-2024-10-28-as-10.27.05.png?fit=1200%2C714&ssl=1&resize=1050%2C600 3x"},"classes":[]},{"id":5986,"url":"https:\/\/blogdoprosperi.com\/?p=5986","url_meta":{"origin":34001,"position":1},"title":"Neymar desiste de concorrer a melhor do mundo em 2016","author":"Luiz Ant\u00f4nio Pr\u00f3speri","date":"17 de maio de 2016","format":false,"excerpt":"\u00a0 Craque sai de cena em junho, ao aceitar pedido da CBF para disputar a Olimp\u00edada do Rio, e v\u00ea distante projeto de ser eleito o Bola de Ouro da Fifa no fim do ano Neymar desistiu de se credenciar a melhor jogador do mundo nesta temporada de 2016, na\u2026","rel":"","context":"Em &quot;futebol&quot;","block_context":{"text":"futebol","link":"https:\/\/blogdoprosperi.com\/?cat=53870"},"img":{"alt_text":"","src":"https:\/\/i0.wp.com\/blogdoprosperi.com\/wp-content\/uploads\/2016\/05\/16085103.jpeg?resize=350%2C200&ssl=1","width":350,"height":200,"srcset":"https:\/\/i0.wp.com\/blogdoprosperi.com\/wp-content\/uploads\/2016\/05\/16085103.jpeg?resize=350%2C200&ssl=1 1x, https:\/\/i0.wp.com\/blogdoprosperi.com\/wp-content\/uploads\/2016\/05\/16085103.jpeg?resize=525%2C300&ssl=1 1.5x"},"classes":[]},{"id":30399,"url":"https:\/\/blogdoprosperi.com\/?p=30399","url_meta":{"origin":34001,"position":2},"title":"Fifa estraga elei\u00e7\u00e3o do melhor jogador do mundo","author":"Luiz Ant\u00f4nio Pr\u00f3speri","date":"31 de outubro de 2016","format":false,"excerpt":"Fifa acaba de esculhambar a escolha do melhor jogador do mundo ao abrir a vota\u00e7\u00e3o, por meio da internet, aos torcedores. N\u00e3o que a torcida n\u00e3o tenha de ser consultada, o que pesa contra s\u00e3o os crit\u00e9rios subjetivos na hora de votar. Participa\u00e7\u00e3o democr\u00e1tica sempre \u00e9 bem-vinda. O problema \u00e9\u2026","rel":"","context":"Em &quot;futebol&quot;","block_context":{"text":"futebol","link":"https:\/\/blogdoprosperi.com\/?cat=53870"},"img":{"alt_text":"","src":"https:\/\/i0.wp.com\/blogdoprosperi.com\/wp-content\/uploads\/2016\/10\/messi-quinta-bola-de-ouro-2015-11012016-610x330.jpg?resize=350%2C200&ssl=1","width":350,"height":200,"srcset":"https:\/\/i0.wp.com\/blogdoprosperi.com\/wp-content\/uploads\/2016\/10\/messi-quinta-bola-de-ouro-2015-11012016-610x330.jpg?resize=350%2C200&ssl=1 1x, https:\/\/i0.wp.com\/blogdoprosperi.com\/wp-content\/uploads\/2016\/10\/messi-quinta-bola-de-ouro-2015-11012016-610x330.jpg?resize=525%2C300&ssl=1 1.5x"},"classes":[]},{"id":34598,"url":"https:\/\/blogdoprosperi.com\/?p=34598","url_meta":{"origin":34001,"position":3},"title":"Futebol brasileiro perde prest\u00edgio na elei\u00e7\u00e3o dos melhores do mundo da Fifa","author":"Luiz Ant\u00f4nio Pr\u00f3speri","date":"9 de janeiro de 2017","format":false,"excerpt":"Futebol brasileiro perde prest\u00edgio na elei\u00e7\u00e3o dos melhores do mundo com chancela da Fifa. Desde 2007, quando Kak\u00e1 levou a Bola de Ouro, nenhum jogador do Pa\u00eds desbancou a dupla Cristiano Ronaldo e Messi. Neymar chegou perto em 2015. Acabou na terceira coloca\u00e7\u00e3o. Minguaram as estrelas.\u00a0Outro dado interessante se nota\u2026","rel":"","context":"Em &quot;futebol&quot;","block_context":{"text":"futebol","link":"https:\/\/blogdoprosperi.com\/?cat=53870"},"img":{"alt_text":"","src":"https:\/\/i0.wp.com\/blogdoprosperi.com\/wp-content\/uploads\/2017\/01\/cuu5hu4uwae4xze.png?resize=350%2C200&ssl=1","width":350,"height":200,"srcset":"https:\/\/i0.wp.com\/blogdoprosperi.com\/wp-content\/uploads\/2017\/01\/cuu5hu4uwae4xze.png?resize=350%2C200&ssl=1 1x, https:\/\/i0.wp.com\/blogdoprosperi.com\/wp-content\/uploads\/2017\/01\/cuu5hu4uwae4xze.png?resize=525%2C300&ssl=1 1.5x"},"classes":[]},{"id":30842,"url":"https:\/\/blogdoprosperi.com\/?p=30842","url_meta":{"origin":34001,"position":4},"title":"Neymar, estrela solit\u00e1ria do Brasil na lista dos 23 melhores do mundo da Fifa, n\u00e3o vai ficar entre os tr\u00eas finalistas","author":"Luiz Ant\u00f4nio Pr\u00f3speri","date":"4 de novembro de 2016","format":false,"excerpt":"Neymar vai pagar um pre\u00e7o alto na corrida para ser o melhor do mundo na elei\u00e7\u00e3o da Fifa. Pesa contra o craque brasileiro sua op\u00e7\u00e3o de n\u00e3o disputar a Copa Am\u00e9rica Centen\u00e1rio nos Estados Unidos. Preferiu jogar a Olimp\u00edada do Rio, quando conquistou a medalha de ouro, que tem valor\u2026","rel":"","context":"Em &quot;futebol&quot;","block_context":{"text":"futebol","link":"https:\/\/blogdoprosperi.com\/?cat=53870"},"img":{"alt_text":"","src":"https:\/\/i0.wp.com\/blogdoprosperi.com\/wp-content\/uploads\/2016\/11\/cwa5a6cxeau2vj6.jpg?resize=350%2C200&ssl=1","width":350,"height":200,"srcset":"https:\/\/i0.wp.com\/blogdoprosperi.com\/wp-content\/uploads\/2016\/11\/cwa5a6cxeau2vj6.jpg?resize=350%2C200&ssl=1 1x, https:\/\/i0.wp.com\/blogdoprosperi.com\/wp-content\/uploads\/2016\/11\/cwa5a6cxeau2vj6.jpg?resize=525%2C300&ssl=1 1.5x, https:\/\/i0.wp.com\/blogdoprosperi.com\/wp-content\/uploads\/2016\/11\/cwa5a6cxeau2vj6.jpg?resize=700%2C400&ssl=1 2x"},"classes":[]},{"id":41716,"url":"https:\/\/blogdoprosperi.com\/?p=41716","url_meta":{"origin":34001,"position":5},"title":"Vini Jr, O Cavaleiro Solit\u00e1rio","author":"Luiz Ant\u00f4nio Pr\u00f3speri","date":"28 de dezembro de 2024","format":false,"excerpt":"Vini Jr j\u00e1 n\u00e3o \u00e9 apenas mais um craque a desfilar na corte do Real Madrid e levar quase todos os pr\u00eamios de melhor do mundo. Assume em 2024 a sina de s\u00edmbolo contra o preconceito.","rel":"","context":"Em &quot;futebol&quot;","block_context":{"text":"futebol","link":"https:\/\/blogdoprosperi.com\/?cat=53870"},"img":{"alt_text":"Vini, o. cavaleiro solit\u00e1rio","src":"https:\/\/i0.wp.com\/blogdoprosperi.com\/wp-content\/uploads\/2023\/05\/vini-jr-e-eleito-o-melhor-jogador-do-mundo-pela-globe-soccer-awards-1130x580-1.webp?fit=1130%2C580&ssl=1&resize=350%2C200","width":350,"height":200,"srcset":"https:\/\/i0.wp.com\/blogdoprosperi.com\/wp-content\/uploads\/2023\/05\/vini-jr-e-eleito-o-melhor-jogador-do-mundo-pela-globe-soccer-awards-1130x580-1.webp?fit=1130%2C580&ssl=1&resize=350%2C200 1x, https:\/\/i0.wp.com\/blogdoprosperi.com\/wp-content\/uploads\/2023\/05\/vini-jr-e-eleito-o-melhor-jogador-do-mundo-pela-globe-soccer-awards-1130x580-1.webp?fit=1130%2C580&ssl=1&resize=525%2C300 1.5x, https:\/\/i0.wp.com\/blogdoprosperi.com\/wp-content\/uploads\/2023\/05\/vini-jr-e-eleito-o-melhor-jogador-do-mundo-pela-globe-soccer-awards-1130x580-1.webp?fit=1130%2C580&ssl=1&resize=700%2C400 2x, https:\/\/i0.wp.com\/blogdoprosperi.com\/wp-content\/uploads\/2023\/05\/vini-jr-e-eleito-o-melhor-jogador-do-mundo-pela-globe-soccer-awards-1130x580-1.webp?fit=1130%2C580&ssl=1&resize=1050%2C600 3x"},"classes":[]}],"jetpack_featured_media_url":"","_links":{"self":[{"href":"https:\/\/blogdoprosperi.com\/index.php?rest_route=\/wp\/v2\/posts\/34001","targetHints":{"allow":["GET"]}}],"collection":[{"href":"https:\/\/blogdoprosperi.com\/index.php?rest_route=\/wp\/v2\/posts"}],"about":[{"href":"https:\/\/blogdoprosperi.com\/index.php?rest_route=\/wp\/v2\/types\/post"}],"author":[{"embeddable":true,"href":"https:\/\/blogdoprosperi.com\/index.php?rest_route=\/wp\/v2\/users\/102107496"}],"replies":[{"embeddable":true,"href":"https:\/\/blogdoprosperi.com\/index.php?rest_route=%2Fwp%2Fv2%2Fcomments&post=34001"}],"version-history":[{"count":25,"href":"https:\/\/blogdoprosperi.com\/index.php?rest_route=\/wp\/v2\/posts\/34001\/revisions"}],"predecessor-version":[{"id":34054,"href":"https:\/\/blogdoprosperi.com\/index.php?rest_route=\/wp\/v2\/posts\/34001\/revisions\/34054"}],"wp:attachment":[{"href":"https:\/\/blogdoprosperi.com\/index.php?rest_route=%2Fwp%2Fv2%2Fmedia&parent=34001"}],"wp:term":[{"taxonomy":"category","embeddable":true,"href":"https:\/\/blogdoprosperi.com\/index.php?rest_route=%2Fwp%2Fv2%2Fcategories&post=34001"},{"taxonomy":"post_tag","embeddable":true,"href":"https:\/\/blogdoprosperi.com\/index.php?rest_route=%2Fwp%2Fv2%2Ftags&post=34001"}],"curies":[{"name":"wp","href":"https:\/\/api.w.org\/{rel}","templated":true}]}}