{"id":34055,"date":"2016-12-14T11:47:32","date_gmt":"2016-12-14T13:47:32","guid":{"rendered":"http:\/\/blogdoprosperi.com\/?p=34055"},"modified":"2016-12-14T13:46:08","modified_gmt":"2016-12-14T15:46:08","slug":"atletico-nacional-irmao-da-chape-e-a-primeira-vitima-do-arbitro-de-video-no-mundial-do-clubes-da-fifa","status":"publish","type":"post","link":"https:\/\/blogdoprosperi.com\/?p=34055","title":{"rendered":"Atl\u00e9tico Nacional, irm\u00e3o da Chape, \u00e9 a primeira v\u00edtima do \u00e1rbitro de v\u00eddeo no Mundial do Clubes da Fifa"},"content":{"rendered":"<p><span class=\"alignnone\"><img data-recalc-dims=\"1\" loading=\"lazy\" decoding=\"async\" data-attachment-id=\"34087\" data-permalink=\"https:\/\/blogdoprosperi.com\/?attachment_id=34087\" data-orig-file=\"https:\/\/i0.wp.com\/blogdoprosperi.com\/wp-content\/uploads\/2016\/12\/r.jpeg?fit=640%2C383&amp;ssl=1\" data-orig-size=\"640,383\" data-comments-opened=\"1\" data-image-meta=\"{&quot;aperture&quot;:&quot;0&quot;,&quot;credit&quot;:&quot;Kim Kyung-Hoon&quot;,&quot;camera&quot;:&quot;&quot;,&quot;caption&quot;:&quot;Atletico Nacional v Kashima Antlers - FIFA Club World Cup Semi Final - Suita City Football Stadium, Osaka, Japan - 14\/12\/16 Kashima Antlers&#039; Yuma Suzuki scores their third goal  Reuters \/ Kim Kyung-Hoon Livepic&quot;,&quot;created_timestamp&quot;:&quot;0&quot;,&quot;copyright&quot;:&quot;&quot;,&quot;focal_length&quot;:&quot;0&quot;,&quot;iso&quot;:&quot;0&quot;,&quot;shutter_speed&quot;:&quot;0&quot;,&quot;title&quot;:&quot;Kashima Antlers&#039; Yuma Suzuki scores their third goal&quot;,&quot;orientation&quot;:&quot;0&quot;}\" data-image-title=\"Kashima Antlers&amp;#8217; Yuma Suzuki scores their third goal\" data-image-description=\"\" data-image-caption=\"&lt;p&gt;Atletico Nacional v Kashima Antlers &amp;#8211; FIFA Club World Cup Semi Final &amp;#8211; Suita City Football Stadium, Osaka, Japan &amp;#8211; 14\/12\/16 Kashima Antlers&amp;#8217; Yuma Suzuki scores their third goal  Reuters \/ Kim Kyung-Hoon Livepic&lt;\/p&gt;\n\" data-large-file=\"https:\/\/i0.wp.com\/blogdoprosperi.com\/wp-content\/uploads\/2016\/12\/r.jpeg?fit=640%2C383&amp;ssl=1\" class=\"alignnone size-full wp-image-34087\" src=\"https:\/\/i0.wp.com\/blogdoprosperi.com\/wp-content\/uploads\/2016\/12\/r.jpeg?resize=640%2C383&#038;ssl=1\" alt=\"Kashima Antlers' Yuma Suzuki scores their third goal\" width=\"640\" height=\"383\" \/><\/span><\/p>\n<p>Atl\u00e9tico Nacional de Medell\u00edn est\u00e1 eliminado do Mundial de Clubes da Fifa no Jap\u00e3o. Sua derrota por 3 a 0 ao Kashima Antlers come\u00e7a com um gol de p\u00eanalti anotado pelo \u00e1rbitro com essa excresc\u00eancia de se usar a tecnologia no futebol. Entre o lance da penalidade e a decis\u00e3o do juiz se passaram mais de 2 minutos, tempo suficiente para sair um gol, um impedimento pol\u00eamico ou at\u00e9 mesmo outro p\u00eanalti.<!--more--><\/p>\n<p>De uma ordem da Fifa, o Mundial de Clubes de 2016 tem servido de laborat\u00f3rio ao uso da tecnologia. Por azar do Atl\u00e9tico Nacional, a primeira vez que um \u00e1rbitro recorreu ao v\u00eddeo nessa competi\u00e7\u00e3o se deu no lance favor\u00e1vel ao time japon\u00eas.<\/p>\n<p>Chama aten\u00e7\u00e3o que no lance fatal, quando o juiz nada marcou, o jogo continuou no seu ritmo normal. Enquanto isso, os analistas de v\u00eddeo, instalados em uma sala entupida de monitores, analisavam a jogada. Chegaram \u00e0 conclus\u00e3o que havia sido p\u00eanalti e alertaram o \u00e1rbitro por meio de r\u00e1dios comunicadores. O juiz paralisou o jogo e foi at\u00e9 \u00e0 beira do campo ver o lance no monitor de v\u00eddeo. E tomou a decis\u00e3o de anotar o p\u00eanalti.<\/p>\n<p>Nesse lance, dois jogadores do Kashima estavam em posi\u00e7\u00e3o de impedimento e o que sofreu a penalidade tentava sair dessa posi\u00e7\u00e3o irregular quando foi derrubado pelo zagueiro colombiano. Nada disso teve import\u00e2ncia ao juiz, que simplesmente se atentou \u00e0 falta dentro da \u00e1rea, portanto, p\u00eanalti.<\/p>\n<div class=\"jetpack-video-wrapper\"><span class=\"embed-youtube\" style=\"text-align:center; display: block;\"><iframe loading=\"lazy\" class=\"youtube-player\" width=\"560\" height=\"315\" src=\"https:\/\/www.youtube.com\/embed\/AuCMkCA0a5A?version=3&#038;rel=1&#038;showsearch=0&#038;showinfo=1&#038;iv_load_policy=1&#038;fs=1&#038;hl=pt-BR&#038;autohide=2&#038;wmode=transparent\" allowfullscreen=\"true\" style=\"border:0;\" sandbox=\"allow-scripts allow-same-origin allow-popups allow-presentation allow-popups-to-escape-sandbox\"><\/iframe><\/span><\/div>\n<p>Antes de o \u00e1rbitro tomar essa decis\u00e3o, torcedores dentro do est\u00e1dio foram alertados de que um lance estava em an\u00e1lise pelo \u00e1rbitro de v\u00eddeo. Depois de pouco mais de dois minutos, o juiz anotou a penalidade.<\/p>\n<p>Imagino aqui se pelo menos dois lances pol\u00eamicos de p\u00eanalti acontecerem em um jogo em menos de 10 minutos, quantas paralisa\u00e7\u00f5es ter\u00edamos e em quanto tempo seriam tomadas as decis\u00f5es. Ali\u00e1s, o juiz s\u00f3 concede seu ok \u00e0s imagens depois de analis\u00e1-las no monitor. Portando cabe a ele a palavra final, ou seja, \u00e0 sua interpreta\u00e7\u00e3o.<\/p>\n<p>Por isso n\u00e3o comungo dos defensores do \u00e1rbitro de v\u00eddeo. Com esse arsenal \u00e0 disposi\u00e7\u00e3o, um juiz perde autoridade na condu\u00e7\u00e3o do jogo e vira ref\u00e9m das imagens. Acaba com a gra\u00e7a e emo\u00e7\u00e3o do jogo e torna ainda mais rob\u00f3tica a movimenta\u00e7\u00e3o dos times.<\/p>\n<p>Treinadores poder\u00e3o daqui para frente adotar a t\u00e1tica do jogo a\u00e9reo obrigando jogadores a mandar uma bola atr\u00e1s da outra na \u00e1rea do advers\u00e1rio em busca de um lance pol\u00eamico que provoque o uso do \u00e1rbitro de v\u00eddeo. Ao meu ver, \u00e9 o fim da ess\u00eancia do futebol.<\/p>\n","protected":false},"excerpt":{"rendered":"<p>Atl\u00e9tico Nacional de Medell\u00edn est\u00e1 eliminado do Mundial de Clubes da Fifa no Jap\u00e3o. Sua derrota por 3 [&hellip;]<\/p>\n","protected":false},"author":102107496,"featured_media":0,"comment_status":"open","ping_status":"open","sticky":false,"template":"","format":"standard","meta":{"_coblocks_attr":"","_coblocks_dimensions":"","_coblocks_responsive_height":"","_coblocks_accordion_ie_support":"","_jetpack_newsletter_access":"","_jetpack_dont_email_post_to_subs":false,"_jetpack_newsletter_tier_id":0,"_jetpack_memberships_contains_paywalled_content":false,"_wpcom_ai_launchpad_first_post":false,"_jetpack_feature_clip_id":0,"_jetpack_memberships_contains_paid_content":false,"footnotes":"","jetpack_publicize_message":"","jetpack_publicize_feature_enabled":true,"jetpack_social_post_already_shared":false,"jetpack_social_options":{"image_generator_settings":{"template":"highway","default_image_id":0,"font":"","enabled":false},"version":2},"jetpack_post_was_ever_published":false},"categories":[53870],"tags":[18939706,464797861,789560563,789560560,2933102,428320169],"class_list":["post-34055","post","type-post","status-publish","format-standard","hentry","category-futebol","tag-atletico-nacional-medellin","tag-arbitro-de-video","tag-fifa","tag-futebol","tag-kashima-antlers","tag-mundial-de-clubes-2016"],"yoast_head":"<!-- This site is optimized with the Yoast SEO plugin v28.3 - https:\/\/yoast.com\/product\/yoast-seo-wordpress\/ -->\n<title>Atl\u00e9tico Nacional, irm\u00e3o da Chape, \u00e9 a primeira v\u00edtima do \u00e1rbitro de v\u00eddeo no Mundial do Clubes da Fifa - PR\u00d3SPERI NEWS<\/title>\n<meta name=\"robots\" content=\"index, follow, max-snippet:-1, max-image-preview:large, max-video-preview:-1\" \/>\n<link rel=\"canonical\" href=\"https:\/\/blogdoprosperi.com\/?p=34055\" \/>\n<meta property=\"og:locale\" content=\"pt_BR\" \/>\n<meta property=\"og:type\" content=\"article\" \/>\n<meta property=\"og:title\" content=\"Atl\u00e9tico Nacional, irm\u00e3o da Chape, \u00e9 a primeira v\u00edtima do \u00e1rbitro de v\u00eddeo no Mundial do Clubes da Fifa - PR\u00d3SPERI NEWS\" \/>\n<meta property=\"og:description\" content=\"Atl\u00e9tico Nacional de Medell\u00edn est\u00e1 eliminado do Mundial de Clubes da Fifa no Jap\u00e3o. Sua derrota por 3 [&hellip;]\" \/>\n<meta property=\"og:url\" content=\"https:\/\/blogdoprosperi.com\/?p=34055\" \/>\n<meta property=\"og:site_name\" content=\"PR\u00d3SPERI NEWS\" \/>\n<meta property=\"article:publisher\" content=\"Luiz Pr\u00f3speri\" \/>\n<meta property=\"article:author\" content=\"Luiz Pr\u00f3speri\" \/>\n<meta property=\"article:published_time\" content=\"2016-12-14T13:47:32+00:00\" \/>\n<meta property=\"article:modified_time\" content=\"2016-12-14T15:46:08+00:00\" \/>\n<meta property=\"og:image\" content=\"https:\/\/blogdoprosperi.com\/wp-content\/uploads\/2016\/12\/r.jpeg\" \/>\n<meta name=\"author\" content=\"Luiz Ant\u00f4nio Pr\u00f3speri\" \/>\n<meta name=\"twitter:card\" content=\"summary_large_image\" \/>\n<meta name=\"twitter:creator\" content=\"@Luizprosperi\" \/>\n<meta name=\"twitter:site\" content=\"@Luizprosperi\" \/>\n<meta name=\"twitter:label1\" content=\"Escrito por\" \/>\n\t<meta name=\"twitter:data1\" content=\"Luiz Ant\u00f4nio Pr\u00f3speri\" \/>\n\t<meta name=\"twitter:label2\" content=\"Est. tempo de leitura\" \/>\n\t<meta name=\"twitter:data2\" content=\"2 minutos\" \/>\n<script type=\"application\/ld+json\" class=\"yoast-schema-graph\">{\"@context\":\"https:\\\/\\\/schema.org\",\"@graph\":[{\"@type\":\"Article\",\"@id\":\"https:\\\/\\\/blogdoprosperi.com\\\/?p=34055#article\",\"isPartOf\":{\"@id\":\"https:\\\/\\\/blogdoprosperi.com\\\/?p=34055\"},\"author\":{\"name\":\"Luiz Ant\u00f4nio Pr\u00f3speri\",\"@id\":\"https:\\\/\\\/blogdoprosperi.com\\\/#\\\/schema\\\/person\\\/38100755ce3601861ee4fab9b5aa78e9\"},\"headline\":\"Atl\u00e9tico Nacional, irm\u00e3o da Chape, \u00e9 a primeira v\u00edtima do \u00e1rbitro de v\u00eddeo no Mundial do Clubes da Fifa\",\"datePublished\":\"2016-12-14T13:47:32+00:00\",\"dateModified\":\"2016-12-14T15:46:08+00:00\",\"mainEntityOfPage\":{\"@id\":\"https:\\\/\\\/blogdoprosperi.com\\\/?p=34055\"},\"wordCount\":503,\"commentCount\":0,\"publisher\":{\"@id\":\"https:\\\/\\\/blogdoprosperi.com\\\/#\\\/schema\\\/person\\\/38100755ce3601861ee4fab9b5aa78e9\"},\"image\":{\"@id\":\"https:\\\/\\\/blogdoprosperi.com\\\/?p=34055#primaryimage\"},\"thumbnailUrl\":\"https:\\\/\\\/blogdoprosperi.com\\\/wp-content\\\/uploads\\\/2016\\\/12\\\/r.jpeg\",\"keywords\":[\"Atl\u00e9tico Nacional Medell\u00edn\",\"\u00e1rbitro de v\u00eddeo\",\"Fifa\",\"futebol\",\"Kashima Antlers\",\"Mundial de Clubes 2016\"],\"articleSection\":[\"futebol\"],\"inLanguage\":\"pt-BR\",\"potentialAction\":[{\"@type\":\"CommentAction\",\"name\":\"Comment\",\"target\":[\"https:\\\/\\\/blogdoprosperi.com\\\/?p=34055#respond\"]}]},{\"@type\":\"WebPage\",\"@id\":\"https:\\\/\\\/blogdoprosperi.com\\\/?p=34055\",\"url\":\"https:\\\/\\\/blogdoprosperi.com\\\/?p=34055\",\"name\":\"Atl\u00e9tico Nacional, irm\u00e3o da Chape, \u00e9 a primeira v\u00edtima do \u00e1rbitro de v\u00eddeo no Mundial do Clubes da Fifa - PR\u00d3SPERI NEWS\",\"isPartOf\":{\"@id\":\"https:\\\/\\\/blogdoprosperi.com\\\/#website\"},\"primaryImageOfPage\":{\"@id\":\"https:\\\/\\\/blogdoprosperi.com\\\/?p=34055#primaryimage\"},\"image\":{\"@id\":\"https:\\\/\\\/blogdoprosperi.com\\\/?p=34055#primaryimage\"},\"thumbnailUrl\":\"https:\\\/\\\/blogdoprosperi.com\\\/wp-content\\\/uploads\\\/2016\\\/12\\\/r.jpeg\",\"datePublished\":\"2016-12-14T13:47:32+00:00\",\"dateModified\":\"2016-12-14T15:46:08+00:00\",\"breadcrumb\":{\"@id\":\"https:\\\/\\\/blogdoprosperi.com\\\/?p=34055#breadcrumb\"},\"inLanguage\":\"pt-BR\",\"potentialAction\":[{\"@type\":\"ReadAction\",\"target\":[\"https:\\\/\\\/blogdoprosperi.com\\\/?p=34055\"]}]},{\"@type\":\"ImageObject\",\"inLanguage\":\"pt-BR\",\"@id\":\"https:\\\/\\\/blogdoprosperi.com\\\/?p=34055#primaryimage\",\"url\":\"https:\\\/\\\/i0.wp.com\\\/blogdoprosperi.com\\\/wp-content\\\/uploads\\\/2016\\\/12\\\/r.jpeg?fit=640%2C383&ssl=1\",\"contentUrl\":\"https:\\\/\\\/i0.wp.com\\\/blogdoprosperi.com\\\/wp-content\\\/uploads\\\/2016\\\/12\\\/r.jpeg?fit=640%2C383&ssl=1\",\"width\":640,\"height\":383,\"caption\":\"Atletico Nacional v Kashima Antlers - FIFA Club World Cup Semi Final - Suita City Football Stadium, Osaka, Japan - 14\\\/12\\\/16 Kashima Antlers' Yuma Suzuki scores their third goal Reuters \\\/ Kim Kyung-Hoon Livepic\"},{\"@type\":\"BreadcrumbList\",\"@id\":\"https:\\\/\\\/blogdoprosperi.com\\\/?p=34055#breadcrumb\",\"itemListElement\":[{\"@type\":\"ListItem\",\"position\":1,\"name\":\"In\u00edcio\",\"item\":\"https:\\\/\\\/blogdoprosperi.com\\\/\"},{\"@type\":\"ListItem\",\"position\":2,\"name\":\"Atl\u00e9tico Nacional, irm\u00e3o da Chape, \u00e9 a primeira v\u00edtima do \u00e1rbitro de v\u00eddeo no Mundial do Clubes da Fifa\"}]},{\"@type\":\"WebSite\",\"@id\":\"https:\\\/\\\/blogdoprosperi.com\\\/#website\",\"url\":\"https:\\\/\\\/blogdoprosperi.com\\\/\",\"name\":\"PR\u00d3SPERI NEWS\",\"description\":\"TUDO \u00c9  FUTEBOL\",\"publisher\":{\"@id\":\"https:\\\/\\\/blogdoprosperi.com\\\/#\\\/schema\\\/person\\\/38100755ce3601861ee4fab9b5aa78e9\"},\"alternateName\":\"blogdoprosperi.com\",\"potentialAction\":[{\"@type\":\"SearchAction\",\"target\":{\"@type\":\"EntryPoint\",\"urlTemplate\":\"https:\\\/\\\/blogdoprosperi.com\\\/?s={search_term_string}\"},\"query-input\":{\"@type\":\"PropertyValueSpecification\",\"valueRequired\":true,\"valueName\":\"search_term_string\"}}],\"inLanguage\":\"pt-BR\"},{\"@type\":[\"Person\",\"Organization\"],\"@id\":\"https:\\\/\\\/blogdoprosperi.com\\\/#\\\/schema\\\/person\\\/38100755ce3601861ee4fab9b5aa78e9\",\"name\":\"Luiz Ant\u00f4nio Pr\u00f3speri\",\"pronouns\":\"ele\",\"image\":{\"@type\":\"ImageObject\",\"inLanguage\":\"pt-BR\",\"@id\":\"https:\\\/\\\/i0.wp.com\\\/blogdoprosperi.com\\\/wp-content\\\/uploads\\\/2026\\\/05\\\/cropped-8059e613-6002-42fa-961e-8e275f575d71-2-5.jpg?fit=1360%2C931&ssl=1\",\"url\":\"https:\\\/\\\/i0.wp.com\\\/blogdoprosperi.com\\\/wp-content\\\/uploads\\\/2026\\\/05\\\/cropped-8059e613-6002-42fa-961e-8e275f575d71-2-5.jpg?fit=1360%2C931&ssl=1\",\"contentUrl\":\"https:\\\/\\\/i0.wp.com\\\/blogdoprosperi.com\\\/wp-content\\\/uploads\\\/2026\\\/05\\\/cropped-8059e613-6002-42fa-961e-8e275f575d71-2-5.jpg?fit=1360%2C931&ssl=1\",\"width\":1360,\"height\":931,\"caption\":\"Luiz Ant\u00f4nio Pr\u00f3speri\"},\"logo\":{\"@id\":\"https:\\\/\\\/i0.wp.com\\\/blogdoprosperi.com\\\/wp-content\\\/uploads\\\/2026\\\/05\\\/cropped-8059e613-6002-42fa-961e-8e275f575d71-2-5.jpg?fit=1360%2C931&ssl=1\"},\"description\":\"Jornalista com carreira dedicada ao esporte. Cobriu 9 Copas do Mundo in loco, 1990 na It\u00e1lia, 1994 nos EUA, 1998 na Fran\u00e7a, 2002 na Coreia do Sul e Jap\u00e3o, 2006 na Alemanha, 2010 na \u00c1frica do Sul, 2014 no Brasil, 2018 na R\u00fassia e 2022 no Qatar. Eurocopas, 1992 na Su\u00e9cia e 1996 na Inglaterra. Copa das Confedera\u00e7\u00f5es de 2005 na Alemanha e 2009 na \u00c1frica do Sul. Rep\u00f3rter e Editor, trabalhou no Jornal da Tarde e Estad\u00e3o, de 1984 a fevereiro de 2016. Colunista, blogueiro. E comentarista de futebol na R\u00e1dio Estad\u00e3o, de 2013 a fevereiro de 2016. Jornalista respons\u00e1vel do \\\"Pr\u00f3speri News\\\" (blogdoprosperi.com).\",\"sameAs\":[\"http:\\\/\\\/blogdoprosperi.com\",\"Luiz Pr\u00f3speri\",\"@luiz_prosperi\",\"https:\\\/\\\/x.com\\\/Luizprosperi\",\"@prosperinacopa\",\"luiz.prosperi@icloud.com\"],\"url\":\"https:\\\/\\\/blogdoprosperi.com\\\/?author=102107496\"}]}<\/script>\n<!-- \/ Yoast SEO plugin. -->","yoast_head_json":{"title":"Atl\u00e9tico Nacional, irm\u00e3o da Chape, \u00e9 a primeira v\u00edtima do \u00e1rbitro de v\u00eddeo no Mundial do Clubes da Fifa - PR\u00d3SPERI NEWS","robots":{"index":"index","follow":"follow","max-snippet":"max-snippet:-1","max-image-preview":"max-image-preview:large","max-video-preview":"max-video-preview:-1"},"canonical":"https:\/\/blogdoprosperi.com\/?p=34055","og_locale":"pt_BR","og_type":"article","og_title":"Atl\u00e9tico Nacional, irm\u00e3o da Chape, \u00e9 a primeira v\u00edtima do \u00e1rbitro de v\u00eddeo no Mundial do Clubes da Fifa - PR\u00d3SPERI NEWS","og_description":"Atl\u00e9tico Nacional de Medell\u00edn est\u00e1 eliminado do Mundial de Clubes da Fifa no Jap\u00e3o. Sua derrota por 3 [&hellip;]","og_url":"https:\/\/blogdoprosperi.com\/?p=34055","og_site_name":"PR\u00d3SPERI NEWS","article_publisher":"Luiz Pr\u00f3speri","article_author":"Luiz Pr\u00f3speri","article_published_time":"2016-12-14T13:47:32+00:00","article_modified_time":"2016-12-14T15:46:08+00:00","og_image":[{"url":"https:\/\/blogdoprosperi.com\/wp-content\/uploads\/2016\/12\/r.jpeg","type":"","width":"","height":""}],"author":"Luiz Ant\u00f4nio Pr\u00f3speri","twitter_card":"summary_large_image","twitter_creator":"@Luizprosperi","twitter_site":"@Luizprosperi","twitter_misc":{"Escrito por":"Luiz Ant\u00f4nio Pr\u00f3speri","Est. tempo de leitura":"2 minutos"},"schema":{"@context":"https:\/\/schema.org","@graph":[{"@type":"Article","@id":"https:\/\/blogdoprosperi.com\/?p=34055#article","isPartOf":{"@id":"https:\/\/blogdoprosperi.com\/?p=34055"},"author":{"name":"Luiz Ant\u00f4nio Pr\u00f3speri","@id":"https:\/\/blogdoprosperi.com\/#\/schema\/person\/38100755ce3601861ee4fab9b5aa78e9"},"headline":"Atl\u00e9tico Nacional, irm\u00e3o da Chape, \u00e9 a primeira v\u00edtima do \u00e1rbitro de v\u00eddeo no Mundial do Clubes da Fifa","datePublished":"2016-12-14T13:47:32+00:00","dateModified":"2016-12-14T15:46:08+00:00","mainEntityOfPage":{"@id":"https:\/\/blogdoprosperi.com\/?p=34055"},"wordCount":503,"commentCount":0,"publisher":{"@id":"https:\/\/blogdoprosperi.com\/#\/schema\/person\/38100755ce3601861ee4fab9b5aa78e9"},"image":{"@id":"https:\/\/blogdoprosperi.com\/?p=34055#primaryimage"},"thumbnailUrl":"https:\/\/blogdoprosperi.com\/wp-content\/uploads\/2016\/12\/r.jpeg","keywords":["Atl\u00e9tico Nacional Medell\u00edn","\u00e1rbitro de v\u00eddeo","Fifa","futebol","Kashima Antlers","Mundial de Clubes 2016"],"articleSection":["futebol"],"inLanguage":"pt-BR","potentialAction":[{"@type":"CommentAction","name":"Comment","target":["https:\/\/blogdoprosperi.com\/?p=34055#respond"]}]},{"@type":"WebPage","@id":"https:\/\/blogdoprosperi.com\/?p=34055","url":"https:\/\/blogdoprosperi.com\/?p=34055","name":"Atl\u00e9tico Nacional, irm\u00e3o da Chape, \u00e9 a primeira v\u00edtima do \u00e1rbitro de v\u00eddeo no Mundial do Clubes da Fifa - PR\u00d3SPERI NEWS","isPartOf":{"@id":"https:\/\/blogdoprosperi.com\/#website"},"primaryImageOfPage":{"@id":"https:\/\/blogdoprosperi.com\/?p=34055#primaryimage"},"image":{"@id":"https:\/\/blogdoprosperi.com\/?p=34055#primaryimage"},"thumbnailUrl":"https:\/\/blogdoprosperi.com\/wp-content\/uploads\/2016\/12\/r.jpeg","datePublished":"2016-12-14T13:47:32+00:00","dateModified":"2016-12-14T15:46:08+00:00","breadcrumb":{"@id":"https:\/\/blogdoprosperi.com\/?p=34055#breadcrumb"},"inLanguage":"pt-BR","potentialAction":[{"@type":"ReadAction","target":["https:\/\/blogdoprosperi.com\/?p=34055"]}]},{"@type":"ImageObject","inLanguage":"pt-BR","@id":"https:\/\/blogdoprosperi.com\/?p=34055#primaryimage","url":"https:\/\/i0.wp.com\/blogdoprosperi.com\/wp-content\/uploads\/2016\/12\/r.jpeg?fit=640%2C383&ssl=1","contentUrl":"https:\/\/i0.wp.com\/blogdoprosperi.com\/wp-content\/uploads\/2016\/12\/r.jpeg?fit=640%2C383&ssl=1","width":640,"height":383,"caption":"Atletico Nacional v Kashima Antlers - FIFA Club World Cup Semi Final - Suita City Football Stadium, Osaka, Japan - 14\/12\/16 Kashima Antlers' Yuma Suzuki scores their third goal Reuters \/ Kim Kyung-Hoon Livepic"},{"@type":"BreadcrumbList","@id":"https:\/\/blogdoprosperi.com\/?p=34055#breadcrumb","itemListElement":[{"@type":"ListItem","position":1,"name":"In\u00edcio","item":"https:\/\/blogdoprosperi.com\/"},{"@type":"ListItem","position":2,"name":"Atl\u00e9tico Nacional, irm\u00e3o da Chape, \u00e9 a primeira v\u00edtima do \u00e1rbitro de v\u00eddeo no Mundial do Clubes da Fifa"}]},{"@type":"WebSite","@id":"https:\/\/blogdoprosperi.com\/#website","url":"https:\/\/blogdoprosperi.com\/","name":"PR\u00d3SPERI NEWS","description":"TUDO \u00c9  FUTEBOL","publisher":{"@id":"https:\/\/blogdoprosperi.com\/#\/schema\/person\/38100755ce3601861ee4fab9b5aa78e9"},"alternateName":"blogdoprosperi.com","potentialAction":[{"@type":"SearchAction","target":{"@type":"EntryPoint","urlTemplate":"https:\/\/blogdoprosperi.com\/?s={search_term_string}"},"query-input":{"@type":"PropertyValueSpecification","valueRequired":true,"valueName":"search_term_string"}}],"inLanguage":"pt-BR"},{"@type":["Person","Organization"],"@id":"https:\/\/blogdoprosperi.com\/#\/schema\/person\/38100755ce3601861ee4fab9b5aa78e9","name":"Luiz Ant\u00f4nio Pr\u00f3speri","pronouns":"ele","image":{"@type":"ImageObject","inLanguage":"pt-BR","@id":"https:\/\/i0.wp.com\/blogdoprosperi.com\/wp-content\/uploads\/2026\/05\/cropped-8059e613-6002-42fa-961e-8e275f575d71-2-5.jpg?fit=1360%2C931&ssl=1","url":"https:\/\/i0.wp.com\/blogdoprosperi.com\/wp-content\/uploads\/2026\/05\/cropped-8059e613-6002-42fa-961e-8e275f575d71-2-5.jpg?fit=1360%2C931&ssl=1","contentUrl":"https:\/\/i0.wp.com\/blogdoprosperi.com\/wp-content\/uploads\/2026\/05\/cropped-8059e613-6002-42fa-961e-8e275f575d71-2-5.jpg?fit=1360%2C931&ssl=1","width":1360,"height":931,"caption":"Luiz Ant\u00f4nio Pr\u00f3speri"},"logo":{"@id":"https:\/\/i0.wp.com\/blogdoprosperi.com\/wp-content\/uploads\/2026\/05\/cropped-8059e613-6002-42fa-961e-8e275f575d71-2-5.jpg?fit=1360%2C931&ssl=1"},"description":"Jornalista com carreira dedicada ao esporte. Cobriu 9 Copas do Mundo in loco, 1990 na It\u00e1lia, 1994 nos EUA, 1998 na Fran\u00e7a, 2002 na Coreia do Sul e Jap\u00e3o, 2006 na Alemanha, 2010 na \u00c1frica do Sul, 2014 no Brasil, 2018 na R\u00fassia e 2022 no Qatar. Eurocopas, 1992 na Su\u00e9cia e 1996 na Inglaterra. Copa das Confedera\u00e7\u00f5es de 2005 na Alemanha e 2009 na \u00c1frica do Sul. Rep\u00f3rter e Editor, trabalhou no Jornal da Tarde e Estad\u00e3o, de 1984 a fevereiro de 2016. Colunista, blogueiro. E comentarista de futebol na R\u00e1dio Estad\u00e3o, de 2013 a fevereiro de 2016. Jornalista respons\u00e1vel do \"Pr\u00f3speri News\" (blogdoprosperi.com).","sameAs":["http:\/\/blogdoprosperi.com","Luiz Pr\u00f3speri","@luiz_prosperi","https:\/\/x.com\/Luizprosperi","@prosperinacopa","luiz.prosperi@icloud.com"],"url":"https:\/\/blogdoprosperi.com\/?author=102107496"}]}},"jetpack_publicize_connections":[],"jetpack_likes_enabled":false,"jetpack_sharing_enabled":true,"jetpack_shortlink":"https:\/\/wp.me\/p7jvdk-8Rh","jetpack-related-posts":[{"id":3260,"url":"https:\/\/blogdoprosperi.com\/?p=3260","url_meta":{"origin":34055,"position":0},"title":"Argentinos n\u00e3o t\u00eam medo de puni\u00e7\u00e3o na Libertadores","author":"Luiz Ant\u00f4nio Pr\u00f3speri","date":"4 de maio de 2016","format":false,"excerpt":"Clubes argentinos podem quase tudo na Copa Libertadores. Quando vencem seus jogos s\u00e3o exaltados como deuses do continente. Quando perdem, \u00e9 confus\u00e3o na certa. Veja o que aconteceu ap\u00f3s a derrota por 4 a 2 do Hurac\u00e1n diante do Atl\u00e9tico Nacional, da Col\u00f4mbia, nesta ter\u00e7a-feira, em Medell\u00edn, valendo vaga nas\u2026","rel":"","context":"Em &quot;futebol&quot;","block_context":{"text":"futebol","link":"https:\/\/blogdoprosperi.com\/?cat=53870"},"img":{"alt_text":"","src":"https:\/\/i0.wp.com\/blogdoprosperi.com\/wp-content\/uploads\/2016\/05\/bbedd5a5196cc4725e1e30b0b2e44781.jpg?resize=350%2C200&ssl=1","width":350,"height":200,"srcset":"https:\/\/i0.wp.com\/blogdoprosperi.com\/wp-content\/uploads\/2016\/05\/bbedd5a5196cc4725e1e30b0b2e44781.jpg?resize=350%2C200&ssl=1 1x, https:\/\/i0.wp.com\/blogdoprosperi.com\/wp-content\/uploads\/2016\/05\/bbedd5a5196cc4725e1e30b0b2e44781.jpg?resize=525%2C300&ssl=1 1.5x, https:\/\/i0.wp.com\/blogdoprosperi.com\/wp-content\/uploads\/2016\/05\/bbedd5a5196cc4725e1e30b0b2e44781.jpg?resize=700%2C400&ssl=1 2x"},"classes":[]},{"id":45964,"url":"https:\/\/blogdoprosperi.com\/?p=45964","url_meta":{"origin":34055,"position":1},"title":"Mundial de Clubes, Libertadores e Brasileir\u00e3o | A Hora da Conspira\u00e7\u00e3o","author":"Luiz Ant\u00f4nio Pr\u00f3speri","date":"21 de outubro de 2024","format":false,"excerpt":"Luiz Ant\u00f4nio Pr\u00f3speri \u2013 21 outubro (10h55) Aten\u00e7\u00e3o torcedores de Botafogo e Atl\u00e9tico-MG: est\u00e1 no ar a fase de conspira\u00e7\u00e3o na Libertadores e, por tabela, no Mundial de Clubes Fifa 2025. A \u00faltima vaga sul-americana \u00e9 do campe\u00e3o da Libertadores, desde que n\u00e3o seja o River Plate. Se o clube\u2026","rel":"","context":"Em &quot;futebol&quot;","block_context":{"text":"futebol","link":"https:\/\/blogdoprosperi.com\/?cat=53870"},"img":{"alt_text":"Libertadores na hora da Conspira\u00e7\u00e3o","src":"https:\/\/i0.wp.com\/blogdoprosperi.com\/wp-content\/uploads\/2024\/10\/54078177127_713286b899_k.jpg?fit=1200%2C800&ssl=1&resize=350%2C200","width":350,"height":200,"srcset":"https:\/\/i0.wp.com\/blogdoprosperi.com\/wp-content\/uploads\/2024\/10\/54078177127_713286b899_k.jpg?fit=1200%2C800&ssl=1&resize=350%2C200 1x, https:\/\/i0.wp.com\/blogdoprosperi.com\/wp-content\/uploads\/2024\/10\/54078177127_713286b899_k.jpg?fit=1200%2C800&ssl=1&resize=525%2C300 1.5x, https:\/\/i0.wp.com\/blogdoprosperi.com\/wp-content\/uploads\/2024\/10\/54078177127_713286b899_k.jpg?fit=1200%2C800&ssl=1&resize=700%2C400 2x, https:\/\/i0.wp.com\/blogdoprosperi.com\/wp-content\/uploads\/2024\/10\/54078177127_713286b899_k.jpg?fit=1200%2C800&ssl=1&resize=1050%2C600 3x"},"classes":[]},{"id":52639,"url":"https:\/\/blogdoprosperi.com\/?p=52639","url_meta":{"origin":34055,"position":2},"title":"PSG Finca Estaca no Bayern Munique e Avan\u00e7a \u00e0s Semifinais do Mundial de Clubes","author":"Luiz Ant\u00f4nio Pr\u00f3speri","date":"5 de julho de 2025","format":false,"excerpt":"Luiz Ant\u00f4nio Pr\u00f3speri \u2013 5 de julho (15h41) \u2013 PSG vence Bayern Munique por 2 a 0 e se classifica \u00e0s semifinais do Mundial de Clubes. Falando assim, seria mais um jogo entre franceses e alem\u00e3es. Mas, n\u00e3o. A hist\u00f3ria dessa partida est\u00e1 repleta de dramas, aulas de futebol, expuls\u00f5es,\u2026","rel":"","context":"Em &quot;futebol&quot;","block_context":{"text":"futebol","link":"https:\/\/blogdoprosperi.com\/?cat=53870"},"img":{"alt_text":"PSG vence Bayern Munique e vai \u00e0 semifinal","src":"https:\/\/i0.wp.com\/blogdoprosperi.com\/wp-content\/uploads\/2025\/07\/captura-de-tela-2025-07-05-as-15.44.15.png?fit=986%2C672&ssl=1&resize=350%2C200","width":350,"height":200,"srcset":"https:\/\/i0.wp.com\/blogdoprosperi.com\/wp-content\/uploads\/2025\/07\/captura-de-tela-2025-07-05-as-15.44.15.png?fit=986%2C672&ssl=1&resize=350%2C200 1x, https:\/\/i0.wp.com\/blogdoprosperi.com\/wp-content\/uploads\/2025\/07\/captura-de-tela-2025-07-05-as-15.44.15.png?fit=986%2C672&ssl=1&resize=525%2C300 1.5x, https:\/\/i0.wp.com\/blogdoprosperi.com\/wp-content\/uploads\/2025\/07\/captura-de-tela-2025-07-05-as-15.44.15.png?fit=986%2C672&ssl=1&resize=700%2C400 2x"},"classes":[]},{"id":6550,"url":"https:\/\/blogdoprosperi.com\/?p=6550","url_meta":{"origin":34055,"position":3},"title":"Atacante do Atl\u00e9tico Nacional acusa goleiro argentino de racismo","author":"Luiz Ant\u00f4nio Pr\u00f3speri","date":"20 de maio de 2016","format":false,"excerpt":"\u00a0 A Conmebol ainda n\u00e3o se manifestou sobre os incidentes na vit\u00f3ria por 3 a 1 do Atl\u00e9tico Nacional contra o Ros\u00e1rio Central, em Medell\u00edn, ap\u00f3s mais de 15 horas do jogo, valendo vaga na semifinal da Copa Libertadores. O caso mais grave \u00e9 acusa\u00e7\u00e3o do atacante Berr\u00edo, de 21\u2026","rel":"","context":"Em &quot;futebol&quot;","block_context":{"text":"futebol","link":"https:\/\/blogdoprosperi.com\/?cat=53870"},"img":{"alt_text":"","src":"https:\/\/i0.wp.com\/blogdoprosperi.com\/wp-content\/uploads\/2016\/05\/orlando-berrio-y-alejandro-guerra-atletico-nacional-liga.jpg?resize=350%2C200&ssl=1","width":350,"height":200,"srcset":"https:\/\/i0.wp.com\/blogdoprosperi.com\/wp-content\/uploads\/2016\/05\/orlando-berrio-y-alejandro-guerra-atletico-nacional-liga.jpg?resize=350%2C200&ssl=1 1x, https:\/\/i0.wp.com\/blogdoprosperi.com\/wp-content\/uploads\/2016\/05\/orlando-berrio-y-alejandro-guerra-atletico-nacional-liga.jpg?resize=525%2C300&ssl=1 1.5x, https:\/\/i0.wp.com\/blogdoprosperi.com\/wp-content\/uploads\/2016\/05\/orlando-berrio-y-alejandro-guerra-atletico-nacional-liga.jpg?resize=700%2C400&ssl=1 2x"},"classes":[]},{"id":16003,"url":"https:\/\/blogdoprosperi.com\/?p=16003","url_meta":{"origin":34055,"position":4},"title":"S\u00e3o Paulo se escora no erro da arbitragem ao cair na Libertadores","author":"Luiz Ant\u00f4nio Pr\u00f3speri","date":"14 de julho de 2016","format":false,"excerpt":"Clube brasileiro perde for\u00e7a nos bastidores, \u00e9 eliminado nas semifinais e Calleri, Ganso e Rodrigo Caio est\u00e3o de sa\u00edda","rel":"","context":"Em &quot;futebol&quot;","block_context":{"text":"futebol","link":"https:\/\/blogdoprosperi.com\/?cat=53870"},"img":{"alt_text":"","src":"https:\/\/i0.wp.com\/blogdoprosperi.com\/wp-content\/uploads\/2016\/07\/527984436.jpg?resize=350%2C200&ssl=1","width":350,"height":200,"srcset":"https:\/\/i0.wp.com\/blogdoprosperi.com\/wp-content\/uploads\/2016\/07\/527984436.jpg?resize=350%2C200&ssl=1 1x, https:\/\/i0.wp.com\/blogdoprosperi.com\/wp-content\/uploads\/2016\/07\/527984436.jpg?resize=525%2C300&ssl=1 1.5x, https:\/\/i0.wp.com\/blogdoprosperi.com\/wp-content\/uploads\/2016\/07\/527984436.jpg?resize=700%2C400&ssl=1 2x"},"classes":[]},{"id":6489,"url":"https:\/\/blogdoprosperi.com\/?p=6489","url_meta":{"origin":34055,"position":5},"title":"S\u00e3o Paulo vai encarar o melhor time da Libertadores","author":"Luiz Ant\u00f4nio Pr\u00f3speri","date":"20 de maio de 2016","format":false,"excerpt":"O S\u00e3o Paulo n\u00e3o ter\u00e1 vida f\u00e1cil na semifinais da Copa Libertadores. Despachou o favorito Atl\u00e9tico-MG nas quartas e vai encarar o Atl\u00e9tico Nacional, de Medell\u00edn, um time atrevido, que gosta de futebol, e tem a seu favor um est\u00e1dio inflamado sempre lotado com 50 mil torcedores. N\u00e3o h\u00e1 grade\u2026","rel":"","context":"Em &quot;futebol&quot;","block_context":{"text":"futebol","link":"https:\/\/blogdoprosperi.com\/?cat=53870"},"img":{"alt_text":"","src":"https:\/\/i0.wp.com\/blogdoprosperi.com\/wp-content\/uploads\/2016\/05\/1614110.jpeg?resize=350%2C200&ssl=1","width":350,"height":200,"srcset":"https:\/\/i0.wp.com\/blogdoprosperi.com\/wp-content\/uploads\/2016\/05\/1614110.jpeg?resize=350%2C200&ssl=1 1x, https:\/\/i0.wp.com\/blogdoprosperi.com\/wp-content\/uploads\/2016\/05\/1614110.jpeg?resize=525%2C300&ssl=1 1.5x"},"classes":[]}],"jetpack_featured_media_url":"","_links":{"self":[{"href":"https:\/\/blogdoprosperi.com\/index.php?rest_route=\/wp\/v2\/posts\/34055","targetHints":{"allow":["GET"]}}],"collection":[{"href":"https:\/\/blogdoprosperi.com\/index.php?rest_route=\/wp\/v2\/posts"}],"about":[{"href":"https:\/\/blogdoprosperi.com\/index.php?rest_route=\/wp\/v2\/types\/post"}],"author":[{"embeddable":true,"href":"https:\/\/blogdoprosperi.com\/index.php?rest_route=\/wp\/v2\/users\/102107496"}],"replies":[{"embeddable":true,"href":"https:\/\/blogdoprosperi.com\/index.php?rest_route=%2Fwp%2Fv2%2Fcomments&post=34055"}],"version-history":[{"count":25,"href":"https:\/\/blogdoprosperi.com\/index.php?rest_route=\/wp\/v2\/posts\/34055\/revisions"}],"predecessor-version":[{"id":34093,"href":"https:\/\/blogdoprosperi.com\/index.php?rest_route=\/wp\/v2\/posts\/34055\/revisions\/34093"}],"wp:attachment":[{"href":"https:\/\/blogdoprosperi.com\/index.php?rest_route=%2Fwp%2Fv2%2Fmedia&parent=34055"}],"wp:term":[{"taxonomy":"category","embeddable":true,"href":"https:\/\/blogdoprosperi.com\/index.php?rest_route=%2Fwp%2Fv2%2Fcategories&post=34055"},{"taxonomy":"post_tag","embeddable":true,"href":"https:\/\/blogdoprosperi.com\/index.php?rest_route=%2Fwp%2Fv2%2Ftags&post=34055"}],"curies":[{"name":"wp","href":"https:\/\/api.w.org\/{rel}","templated":true}]}}