{"id":3422,"date":"2016-05-05T00:25:53","date_gmt":"2016-05-05T00:25:53","guid":{"rendered":"https:\/\/blogdoprosperi.com\/?p=3422"},"modified":"2016-05-05T04:31:54","modified_gmt":"2016-05-05T04:31:54","slug":"bazuca-encaixa-o-sao-paulo-na-copa-libertadores-2016","status":"publish","type":"post","link":"https:\/\/blogdoprosperi.com\/?p=3422","title":{"rendered":"Bauza encaixa o S\u00e3o Paulo na Libertadores 2016"},"content":{"rendered":"<p>&nbsp;<\/p>\n<figure id=\"attachment_3471\" aria-describedby=\"caption-attachment-3471\" style=\"width: 768px\" class=\"wp-caption alignnone\"><img data-recalc-dims=\"1\" loading=\"lazy\" decoding=\"async\" data-attachment-id=\"3471\" data-permalink=\"https:\/\/blogdoprosperi.com\/?attachment_id=3471\" data-orig-file=\"https:\/\/i0.wp.com\/blogdoprosperi.com\/wp-content\/uploads\/2016\/05\/20160504191500.jpg?fit=768%2C437&amp;ssl=1\" data-orig-size=\"768,437\" data-comments-opened=\"1\" data-image-meta=\"{&quot;aperture&quot;:&quot;0&quot;,&quot;credit&quot;:&quot;&quot;,&quot;camera&quot;:&quot;&quot;,&quot;caption&quot;:&quot;&quot;,&quot;created_timestamp&quot;:&quot;0&quot;,&quot;copyright&quot;:&quot;&quot;,&quot;focal_length&quot;:&quot;0&quot;,&quot;iso&quot;:&quot;0&quot;,&quot;shutter_speed&quot;:&quot;0&quot;,&quot;title&quot;:&quot;&quot;,&quot;orientation&quot;:&quot;0&quot;}\" data-image-title=\"20160504191500\" data-image-description=\"\" data-image-caption=\"\" data-large-file=\"https:\/\/i0.wp.com\/blogdoprosperi.com\/wp-content\/uploads\/2016\/05\/20160504191500.jpg?fit=768%2C437&amp;ssl=1\" class=\"alignnone size-full wp-image-3471\" src=\"https:\/\/i0.wp.com\/blogdoprosperi.com\/wp-content\/uploads\/2016\/05\/20160504191500.jpg?resize=768%2C437&#038;ssl=1\" alt=\"20160504191500\" width=\"768\" height=\"437\" \/><figcaption id=\"caption-attachment-3471\" class=\"wp-caption-text\">Jogador do Toluca comemora primeiro gol na vit\u00f3ria in\u00fatil<\/figcaption><\/figure>\n<p>Eduardo Bauza, t\u00e9cnico argentino com dois t\u00edtulos da Copa Libertadores, parece ter encaixado o S\u00e3o Paulo nesta competi\u00e7\u00e3o. Depois de uma primeira fase melanc\u00f3lica, com a classifica\u00e7\u00e3o no limite, o Tricolor se endireitou e j\u00e1 est\u00e1 nas quartas de final ao eliminar o Toluca com a vit\u00f3ria por 4 a 0 no Morumbi e a derrota por 3 a 1 no M\u00e9xico nesta quarta-feira, na altitude de 2.600 metros.<\/p>\n<p>O que Bauza precisa agora \u00e9 domar seus jogadores estrangeiros. No jogo contra o Toluca foi obrigado a sacar Calleri, no comecinho do segundo tempo, por ter levado cart\u00e3o amarelo &#8211; o argentino vinha de suspens\u00e3o por ter sido expulso contra o The Strongest. E perdeu outro argentino, o atacante Centuri\u00f3n, que cuspiu na cara de um jogador do Toluca, expulso.<\/p>\n<p>Sem entrar no m\u00e9rito da atitude dos argentinos do S\u00e3o Paulo, nada do que havia sido combinado entre Bauza e os jogadores funcionou no primeiro tempo. O time paulista n\u00e3o teve posse de bola, n\u00e3o chegou com perigo no campo do advers\u00e1rio e mostrou muita fragilidade na jogada a\u00e9rea do Toluca. Fechou os 45 minutos com um d\u00e9ficit de um gol e agradecendo aos c\u00e9us por n\u00e3o ter levado mais<\/p>\n<p>Este enredo poderia ter sido outro se Talavera n\u00e3o tivesse defendido uma cobran\u00e7a de falta de Wesley, com um minuto de jogo. Ali\u00e1s, esse disparo e mais dois frustrados de Michel Bastos e Thiago Mendes foram as finaliza\u00e7\u00f5es do Tricolor. Muito pouco.<\/p>\n<p>De resto, levou um bombardeio na sua \u00e1rea, sempre partindo do setor esquerdo do ataque mexicano. Essa era a \u00fanica e acertada estrat\u00e9gia do Toluca. Mesmo assim, o S\u00e3o Paulo n\u00e3o conseguiu neutralizar a origem dessa artilharia pesada na \u00e1rea de Denis.<\/p>\n<p><span class=\"alignnone\"><img data-recalc-dims=\"1\" loading=\"lazy\" decoding=\"async\" data-attachment-id=\"3470\" data-permalink=\"https:\/\/blogdoprosperi.com\/?attachment_id=3470\" data-orig-file=\"https:\/\/i0.wp.com\/blogdoprosperi.com\/wp-content\/uploads\/2016\/05\/images.jpeg?fit=300%2C168&amp;ssl=1\" data-orig-size=\"300,168\" data-comments-opened=\"1\" data-image-meta=\"{&quot;aperture&quot;:&quot;0&quot;,&quot;credit&quot;:&quot;&quot;,&quot;camera&quot;:&quot;&quot;,&quot;caption&quot;:&quot;&quot;,&quot;created_timestamp&quot;:&quot;0&quot;,&quot;copyright&quot;:&quot;&quot;,&quot;focal_length&quot;:&quot;0&quot;,&quot;iso&quot;:&quot;0&quot;,&quot;shutter_speed&quot;:&quot;0&quot;,&quot;title&quot;:&quot;&quot;,&quot;orientation&quot;:&quot;0&quot;}\" data-image-title=\"images\" data-image-description=\"\" data-image-caption=\"\" data-large-file=\"https:\/\/i0.wp.com\/blogdoprosperi.com\/wp-content\/uploads\/2016\/05\/images.jpeg?fit=300%2C168&amp;ssl=1\" class=\"alignnone size-full wp-image-3470 alignleft\" src=\"https:\/\/i0.wp.com\/blogdoprosperi.com\/wp-content\/uploads\/2016\/05\/images.jpeg?resize=300%2C168&#038;ssl=1\" alt=\"images\" width=\"300\" height=\"168\" \/><\/span>Pesou ainda contra o time de Bauza (<em>foto<\/em>), a acomoda\u00e7\u00e3o por ter iniciado o jogo com a vantagem quilom\u00e9trica dos 4 a 0 imposta no Morumbi na semana passada. Os jogadores sabiam que n\u00e3o seria nada f\u00e1cil ao Toluca encurtar essa dist\u00e2ncia, mas sofreram um bocado depois do gol dos mexicanos.<\/p>\n<p>No segundo tempo, seria uma obriga\u00e7\u00e3o do S\u00e3o Paulo acertar pelo menos um contra-ataque. N\u00e3o custa lembrar que Paulo Henrique Ganso estava no banco por ordem e op\u00e7\u00e3o de Bauza. Sem o maestro ficava \u00a0dif\u00edcil acionar Calleri.<\/p>\n<p>E, com 5 minutos, em um ataque comum pelo setor esquerdo, Michel Bastos aproveitou vacilo da marca\u00e7\u00e3o do Toluca, bateu cruzado empatando o jogo. Fez o gol e pediu para sair apertando a coxa direita &#8211; Centuri\u00f3n entrou no seu lugar. Naquele momento, o time mexicano teria de fazer cinco gols e n\u00e3o levar nenhum.<\/p>\n<figure id=\"attachment_3477\" aria-describedby=\"caption-attachment-3477\" style=\"width: 956px\" class=\"wp-caption alignnone\"><img data-recalc-dims=\"1\" loading=\"lazy\" decoding=\"async\" data-attachment-id=\"3477\" data-permalink=\"https:\/\/blogdoprosperi.com\/?attachment_id=3477\" data-orig-file=\"https:\/\/i0.wp.com\/blogdoprosperi.com\/wp-content\/uploads\/2016\/05\/michel-bastos-comemora-primeiro-gol-do-sao-paulo-contra-o-toluca-no-morumbi-1461895618182_956x500.jpg?fit=956%2C500&amp;ssl=1\" data-orig-size=\"956,500\" data-comments-opened=\"1\" data-image-meta=\"{&quot;aperture&quot;:&quot;0&quot;,&quot;credit&quot;:&quot;&quot;,&quot;camera&quot;:&quot;&quot;,&quot;caption&quot;:&quot;&quot;,&quot;created_timestamp&quot;:&quot;0&quot;,&quot;copyright&quot;:&quot;&quot;,&quot;focal_length&quot;:&quot;0&quot;,&quot;iso&quot;:&quot;0&quot;,&quot;shutter_speed&quot;:&quot;0&quot;,&quot;title&quot;:&quot;&quot;,&quot;orientation&quot;:&quot;0&quot;}\" data-image-title=\"michel-bastos-comemora-primeiro-gol-do-sao-paulo-contra-o-toluca-no-morumbi-1461895618182_956x500\" data-image-description=\"\" data-image-caption=\"\" data-large-file=\"https:\/\/i0.wp.com\/blogdoprosperi.com\/wp-content\/uploads\/2016\/05\/michel-bastos-comemora-primeiro-gol-do-sao-paulo-contra-o-toluca-no-morumbi-1461895618182_956x500.jpg?fit=940%2C492&amp;ssl=1\" class=\"alignnone size-full wp-image-3477\" src=\"https:\/\/i0.wp.com\/blogdoprosperi.com\/wp-content\/uploads\/2016\/05\/michel-bastos-comemora-primeiro-gol-do-sao-paulo-contra-o-toluca-no-morumbi-1461895618182_956x500.jpg?resize=940%2C492&#038;ssl=1\" alt=\"michel-bastos-comemora-primeiro-gol-do-sao-paulo-contra-o-toluca-no-morumbi-1461895618182_956x500\" width=\"940\" height=\"492\" \/><figcaption id=\"caption-attachment-3477\" class=\"wp-caption-text\">Michel Bastos resolveu mais uma vez<\/figcaption><\/figure>\n<p>Centuri\u00f3n entrou e no seu primeiro lance sofreu um p\u00eanalti que o \u00e1rbitro, e s\u00f3 ele, viu fora da \u00e1rea. Um erro absurdo. Mas os jogadores do Tricolor n\u00e3o peitaram a vossa senhoria do apito.\u00a0Passividade que foi castigada com mais um gol do Toluca, aos 18 minutos. Eles, os mexicanos, tinham de fazer mais quatro em pouco mais de 30 minutos &#8211; marcaram apenas um, aos 41. E pararam por a\u00ed.<\/p>\n<p>Sem muitos sustos e com uma postura mais inteligente, o S\u00e3o Paulo administrou a vantagem constru\u00edda no Morumbi. O time de Bauza, e gra\u00e7as a ele, est\u00e1 nas quartas de final. De quase morto na primeira fase, renasceu e quer vida longa na Libertadores 2016.<\/p>\n","protected":false},"excerpt":{"rendered":"<p>&nbsp; Eduardo Bauza, t\u00e9cnico argentino com dois t\u00edtulos da Copa Libertadores, parece ter encaixado o S\u00e3o Paulo nesta [&hellip;]<\/p>\n","protected":false},"author":102107496,"featured_media":0,"comment_status":"open","ping_status":"open","sticky":false,"template":"","format":"standard","meta":{"_coblocks_attr":"","_coblocks_dimensions":"","_coblocks_responsive_height":"","_coblocks_accordion_ie_support":"","_jetpack_newsletter_access":"","_jetpack_dont_email_post_to_subs":false,"_jetpack_newsletter_tier_id":0,"_jetpack_memberships_contains_paywalled_content":false,"_wpcom_ai_launchpad_first_post":false,"_jetpack_feature_clip_id":0,"_jetpack_memberships_contains_paid_content":false,"footnotes":"","jetpack_publicize_message":"","jetpack_publicize_feature_enabled":true,"jetpack_social_post_already_shared":false,"jetpack_social_options":{"image_generator_settings":{"template":"highway","default_image_id":0,"font":"","enabled":false},"version":2},"jetpack_post_was_ever_published":false},"categories":[53870],"tags":[789560565,8454169,789560560,363536904,972018,715040],"class_list":["post-3422","post","type-post","status-publish","format-standard","hentry","category-futebol","tag-copa-libertadores","tag-edgardo-bauza","tag-futebol","tag-libertadores-2016","tag-sao-paulo-fc","tag-toluca"],"yoast_head":"<!-- This site is optimized with the Yoast SEO plugin v28.3 - https:\/\/yoast.com\/product\/yoast-seo-wordpress\/ -->\n<title>Bauza encaixa o S\u00e3o Paulo na Libertadores 2016 - PR\u00d3SPERI NEWS<\/title>\n<meta name=\"robots\" content=\"index, follow, max-snippet:-1, max-image-preview:large, max-video-preview:-1\" \/>\n<link rel=\"canonical\" href=\"https:\/\/blogdoprosperi.com\/?p=3422\" \/>\n<meta property=\"og:locale\" content=\"pt_BR\" \/>\n<meta property=\"og:type\" content=\"article\" \/>\n<meta property=\"og:title\" content=\"Bauza encaixa o S\u00e3o Paulo na Libertadores 2016 - PR\u00d3SPERI NEWS\" \/>\n<meta property=\"og:description\" content=\"&nbsp; Eduardo Bauza, t\u00e9cnico argentino com dois t\u00edtulos da Copa Libertadores, parece ter encaixado o S\u00e3o Paulo nesta [&hellip;]\" \/>\n<meta property=\"og:url\" content=\"https:\/\/blogdoprosperi.com\/?p=3422\" \/>\n<meta property=\"og:site_name\" content=\"PR\u00d3SPERI NEWS\" \/>\n<meta property=\"article:publisher\" content=\"Luiz Pr\u00f3speri\" \/>\n<meta property=\"article:author\" content=\"Luiz Pr\u00f3speri\" \/>\n<meta property=\"article:published_time\" content=\"2016-05-05T00:25:53+00:00\" \/>\n<meta property=\"article:modified_time\" content=\"2016-05-05T04:31:54+00:00\" \/>\n<meta property=\"og:image\" content=\"https:\/\/blogdoprosperi.com\/wp-content\/uploads\/2016\/05\/20160504191500.jpg\" \/>\n<meta name=\"author\" content=\"Luiz Ant\u00f4nio Pr\u00f3speri\" \/>\n<meta name=\"twitter:card\" content=\"summary_large_image\" \/>\n<meta name=\"twitter:creator\" content=\"@Luizprosperi\" \/>\n<meta name=\"twitter:site\" content=\"@Luizprosperi\" \/>\n<meta name=\"twitter:label1\" content=\"Escrito por\" \/>\n\t<meta name=\"twitter:data1\" content=\"Luiz Ant\u00f4nio Pr\u00f3speri\" \/>\n\t<meta name=\"twitter:label2\" content=\"Est. tempo de leitura\" \/>\n\t<meta name=\"twitter:data2\" content=\"3 minutos\" \/>\n<script type=\"application\/ld+json\" class=\"yoast-schema-graph\">{\"@context\":\"https:\\\/\\\/schema.org\",\"@graph\":[{\"@type\":\"Article\",\"@id\":\"https:\\\/\\\/blogdoprosperi.com\\\/?p=3422#article\",\"isPartOf\":{\"@id\":\"https:\\\/\\\/blogdoprosperi.com\\\/?p=3422\"},\"author\":{\"name\":\"Luiz Ant\u00f4nio Pr\u00f3speri\",\"@id\":\"https:\\\/\\\/blogdoprosperi.com\\\/#\\\/schema\\\/person\\\/38100755ce3601861ee4fab9b5aa78e9\"},\"headline\":\"Bauza encaixa o S\u00e3o Paulo na Libertadores 2016\",\"datePublished\":\"2016-05-05T00:25:53+00:00\",\"dateModified\":\"2016-05-05T04:31:54+00:00\",\"mainEntityOfPage\":{\"@id\":\"https:\\\/\\\/blogdoprosperi.com\\\/?p=3422\"},\"wordCount\":616,\"commentCount\":3,\"publisher\":{\"@id\":\"https:\\\/\\\/blogdoprosperi.com\\\/#\\\/schema\\\/person\\\/38100755ce3601861ee4fab9b5aa78e9\"},\"image\":{\"@id\":\"https:\\\/\\\/blogdoprosperi.com\\\/?p=3422#primaryimage\"},\"thumbnailUrl\":\"https:\\\/\\\/blogdoprosperi.com\\\/wp-content\\\/uploads\\\/2016\\\/05\\\/20160504191500.jpg\",\"keywords\":[\"Copa Libertadores\",\"Edgardo Bauza\",\"futebol\",\"libertadores 2016\",\"S\u00e3o Paulo FC\",\"Toluca\"],\"articleSection\":[\"futebol\"],\"inLanguage\":\"pt-BR\",\"potentialAction\":[{\"@type\":\"CommentAction\",\"name\":\"Comment\",\"target\":[\"https:\\\/\\\/blogdoprosperi.com\\\/?p=3422#respond\"]}]},{\"@type\":\"WebPage\",\"@id\":\"https:\\\/\\\/blogdoprosperi.com\\\/?p=3422\",\"url\":\"https:\\\/\\\/blogdoprosperi.com\\\/?p=3422\",\"name\":\"Bauza encaixa o S\u00e3o Paulo na Libertadores 2016 - PR\u00d3SPERI NEWS\",\"isPartOf\":{\"@id\":\"https:\\\/\\\/blogdoprosperi.com\\\/#website\"},\"primaryImageOfPage\":{\"@id\":\"https:\\\/\\\/blogdoprosperi.com\\\/?p=3422#primaryimage\"},\"image\":{\"@id\":\"https:\\\/\\\/blogdoprosperi.com\\\/?p=3422#primaryimage\"},\"thumbnailUrl\":\"https:\\\/\\\/blogdoprosperi.com\\\/wp-content\\\/uploads\\\/2016\\\/05\\\/20160504191500.jpg\",\"datePublished\":\"2016-05-05T00:25:53+00:00\",\"dateModified\":\"2016-05-05T04:31:54+00:00\",\"breadcrumb\":{\"@id\":\"https:\\\/\\\/blogdoprosperi.com\\\/?p=3422#breadcrumb\"},\"inLanguage\":\"pt-BR\",\"potentialAction\":[{\"@type\":\"ReadAction\",\"target\":[\"https:\\\/\\\/blogdoprosperi.com\\\/?p=3422\"]}]},{\"@type\":\"ImageObject\",\"inLanguage\":\"pt-BR\",\"@id\":\"https:\\\/\\\/blogdoprosperi.com\\\/?p=3422#primaryimage\",\"url\":\"https:\\\/\\\/i0.wp.com\\\/blogdoprosperi.com\\\/wp-content\\\/uploads\\\/2016\\\/05\\\/20160504191500.jpg?fit=768%2C437&ssl=1\",\"contentUrl\":\"https:\\\/\\\/i0.wp.com\\\/blogdoprosperi.com\\\/wp-content\\\/uploads\\\/2016\\\/05\\\/20160504191500.jpg?fit=768%2C437&ssl=1\",\"width\":768,\"height\":437},{\"@type\":\"BreadcrumbList\",\"@id\":\"https:\\\/\\\/blogdoprosperi.com\\\/?p=3422#breadcrumb\",\"itemListElement\":[{\"@type\":\"ListItem\",\"position\":1,\"name\":\"In\u00edcio\",\"item\":\"https:\\\/\\\/blogdoprosperi.com\\\/\"},{\"@type\":\"ListItem\",\"position\":2,\"name\":\"Bauza encaixa o S\u00e3o Paulo na Libertadores 2016\"}]},{\"@type\":\"WebSite\",\"@id\":\"https:\\\/\\\/blogdoprosperi.com\\\/#website\",\"url\":\"https:\\\/\\\/blogdoprosperi.com\\\/\",\"name\":\"PR\u00d3SPERI NEWS\",\"description\":\"TUDO \u00c9  FUTEBOL\",\"publisher\":{\"@id\":\"https:\\\/\\\/blogdoprosperi.com\\\/#\\\/schema\\\/person\\\/38100755ce3601861ee4fab9b5aa78e9\"},\"alternateName\":\"blogdoprosperi.com\",\"potentialAction\":[{\"@type\":\"SearchAction\",\"target\":{\"@type\":\"EntryPoint\",\"urlTemplate\":\"https:\\\/\\\/blogdoprosperi.com\\\/?s={search_term_string}\"},\"query-input\":{\"@type\":\"PropertyValueSpecification\",\"valueRequired\":true,\"valueName\":\"search_term_string\"}}],\"inLanguage\":\"pt-BR\"},{\"@type\":[\"Person\",\"Organization\"],\"@id\":\"https:\\\/\\\/blogdoprosperi.com\\\/#\\\/schema\\\/person\\\/38100755ce3601861ee4fab9b5aa78e9\",\"name\":\"Luiz Ant\u00f4nio Pr\u00f3speri\",\"pronouns\":\"ele\",\"image\":{\"@type\":\"ImageObject\",\"inLanguage\":\"pt-BR\",\"@id\":\"https:\\\/\\\/i0.wp.com\\\/blogdoprosperi.com\\\/wp-content\\\/uploads\\\/2026\\\/05\\\/cropped-8059e613-6002-42fa-961e-8e275f575d71-2-5.jpg?fit=1360%2C931&ssl=1\",\"url\":\"https:\\\/\\\/i0.wp.com\\\/blogdoprosperi.com\\\/wp-content\\\/uploads\\\/2026\\\/05\\\/cropped-8059e613-6002-42fa-961e-8e275f575d71-2-5.jpg?fit=1360%2C931&ssl=1\",\"contentUrl\":\"https:\\\/\\\/i0.wp.com\\\/blogdoprosperi.com\\\/wp-content\\\/uploads\\\/2026\\\/05\\\/cropped-8059e613-6002-42fa-961e-8e275f575d71-2-5.jpg?fit=1360%2C931&ssl=1\",\"width\":1360,\"height\":931,\"caption\":\"Luiz Ant\u00f4nio Pr\u00f3speri\"},\"logo\":{\"@id\":\"https:\\\/\\\/i0.wp.com\\\/blogdoprosperi.com\\\/wp-content\\\/uploads\\\/2026\\\/05\\\/cropped-8059e613-6002-42fa-961e-8e275f575d71-2-5.jpg?fit=1360%2C931&ssl=1\"},\"description\":\"Jornalista com carreira dedicada ao esporte. Cobriu 9 Copas do Mundo in loco, 1990 na It\u00e1lia, 1994 nos EUA, 1998 na Fran\u00e7a, 2002 na Coreia do Sul e Jap\u00e3o, 2006 na Alemanha, 2010 na \u00c1frica do Sul, 2014 no Brasil, 2018 na R\u00fassia e 2022 no Qatar. Eurocopas, 1992 na Su\u00e9cia e 1996 na Inglaterra. Copa das Confedera\u00e7\u00f5es de 2005 na Alemanha e 2009 na \u00c1frica do Sul. Rep\u00f3rter e Editor, trabalhou no Jornal da Tarde e Estad\u00e3o, de 1984 a fevereiro de 2016. Colunista, blogueiro. E comentarista de futebol na R\u00e1dio Estad\u00e3o, de 2013 a fevereiro de 2016. Jornalista respons\u00e1vel do \\\"Pr\u00f3speri News\\\" (blogdoprosperi.com).\",\"sameAs\":[\"http:\\\/\\\/blogdoprosperi.com\",\"Luiz Pr\u00f3speri\",\"@luiz_prosperi\",\"https:\\\/\\\/x.com\\\/Luizprosperi\",\"@prosperinacopa\",\"luiz.prosperi@icloud.com\"],\"url\":\"https:\\\/\\\/blogdoprosperi.com\\\/?author=102107496\"}]}<\/script>\n<!-- \/ Yoast SEO plugin. -->","yoast_head_json":{"title":"Bauza encaixa o S\u00e3o Paulo na Libertadores 2016 - PR\u00d3SPERI NEWS","robots":{"index":"index","follow":"follow","max-snippet":"max-snippet:-1","max-image-preview":"max-image-preview:large","max-video-preview":"max-video-preview:-1"},"canonical":"https:\/\/blogdoprosperi.com\/?p=3422","og_locale":"pt_BR","og_type":"article","og_title":"Bauza encaixa o S\u00e3o Paulo na Libertadores 2016 - PR\u00d3SPERI NEWS","og_description":"&nbsp; Eduardo Bauza, t\u00e9cnico argentino com dois t\u00edtulos da Copa Libertadores, parece ter encaixado o S\u00e3o Paulo nesta [&hellip;]","og_url":"https:\/\/blogdoprosperi.com\/?p=3422","og_site_name":"PR\u00d3SPERI NEWS","article_publisher":"Luiz Pr\u00f3speri","article_author":"Luiz Pr\u00f3speri","article_published_time":"2016-05-05T00:25:53+00:00","article_modified_time":"2016-05-05T04:31:54+00:00","og_image":[{"url":"https:\/\/blogdoprosperi.com\/wp-content\/uploads\/2016\/05\/20160504191500.jpg","type":"","width":"","height":""}],"author":"Luiz Ant\u00f4nio Pr\u00f3speri","twitter_card":"summary_large_image","twitter_creator":"@Luizprosperi","twitter_site":"@Luizprosperi","twitter_misc":{"Escrito por":"Luiz Ant\u00f4nio Pr\u00f3speri","Est. tempo de leitura":"3 minutos"},"schema":{"@context":"https:\/\/schema.org","@graph":[{"@type":"Article","@id":"https:\/\/blogdoprosperi.com\/?p=3422#article","isPartOf":{"@id":"https:\/\/blogdoprosperi.com\/?p=3422"},"author":{"name":"Luiz Ant\u00f4nio Pr\u00f3speri","@id":"https:\/\/blogdoprosperi.com\/#\/schema\/person\/38100755ce3601861ee4fab9b5aa78e9"},"headline":"Bauza encaixa o S\u00e3o Paulo na Libertadores 2016","datePublished":"2016-05-05T00:25:53+00:00","dateModified":"2016-05-05T04:31:54+00:00","mainEntityOfPage":{"@id":"https:\/\/blogdoprosperi.com\/?p=3422"},"wordCount":616,"commentCount":3,"publisher":{"@id":"https:\/\/blogdoprosperi.com\/#\/schema\/person\/38100755ce3601861ee4fab9b5aa78e9"},"image":{"@id":"https:\/\/blogdoprosperi.com\/?p=3422#primaryimage"},"thumbnailUrl":"https:\/\/blogdoprosperi.com\/wp-content\/uploads\/2016\/05\/20160504191500.jpg","keywords":["Copa Libertadores","Edgardo Bauza","futebol","libertadores 2016","S\u00e3o Paulo FC","Toluca"],"articleSection":["futebol"],"inLanguage":"pt-BR","potentialAction":[{"@type":"CommentAction","name":"Comment","target":["https:\/\/blogdoprosperi.com\/?p=3422#respond"]}]},{"@type":"WebPage","@id":"https:\/\/blogdoprosperi.com\/?p=3422","url":"https:\/\/blogdoprosperi.com\/?p=3422","name":"Bauza encaixa o S\u00e3o Paulo na Libertadores 2016 - PR\u00d3SPERI NEWS","isPartOf":{"@id":"https:\/\/blogdoprosperi.com\/#website"},"primaryImageOfPage":{"@id":"https:\/\/blogdoprosperi.com\/?p=3422#primaryimage"},"image":{"@id":"https:\/\/blogdoprosperi.com\/?p=3422#primaryimage"},"thumbnailUrl":"https:\/\/blogdoprosperi.com\/wp-content\/uploads\/2016\/05\/20160504191500.jpg","datePublished":"2016-05-05T00:25:53+00:00","dateModified":"2016-05-05T04:31:54+00:00","breadcrumb":{"@id":"https:\/\/blogdoprosperi.com\/?p=3422#breadcrumb"},"inLanguage":"pt-BR","potentialAction":[{"@type":"ReadAction","target":["https:\/\/blogdoprosperi.com\/?p=3422"]}]},{"@type":"ImageObject","inLanguage":"pt-BR","@id":"https:\/\/blogdoprosperi.com\/?p=3422#primaryimage","url":"https:\/\/i0.wp.com\/blogdoprosperi.com\/wp-content\/uploads\/2016\/05\/20160504191500.jpg?fit=768%2C437&ssl=1","contentUrl":"https:\/\/i0.wp.com\/blogdoprosperi.com\/wp-content\/uploads\/2016\/05\/20160504191500.jpg?fit=768%2C437&ssl=1","width":768,"height":437},{"@type":"BreadcrumbList","@id":"https:\/\/blogdoprosperi.com\/?p=3422#breadcrumb","itemListElement":[{"@type":"ListItem","position":1,"name":"In\u00edcio","item":"https:\/\/blogdoprosperi.com\/"},{"@type":"ListItem","position":2,"name":"Bauza encaixa o S\u00e3o Paulo na Libertadores 2016"}]},{"@type":"WebSite","@id":"https:\/\/blogdoprosperi.com\/#website","url":"https:\/\/blogdoprosperi.com\/","name":"PR\u00d3SPERI NEWS","description":"TUDO \u00c9  FUTEBOL","publisher":{"@id":"https:\/\/blogdoprosperi.com\/#\/schema\/person\/38100755ce3601861ee4fab9b5aa78e9"},"alternateName":"blogdoprosperi.com","potentialAction":[{"@type":"SearchAction","target":{"@type":"EntryPoint","urlTemplate":"https:\/\/blogdoprosperi.com\/?s={search_term_string}"},"query-input":{"@type":"PropertyValueSpecification","valueRequired":true,"valueName":"search_term_string"}}],"inLanguage":"pt-BR"},{"@type":["Person","Organization"],"@id":"https:\/\/blogdoprosperi.com\/#\/schema\/person\/38100755ce3601861ee4fab9b5aa78e9","name":"Luiz Ant\u00f4nio Pr\u00f3speri","pronouns":"ele","image":{"@type":"ImageObject","inLanguage":"pt-BR","@id":"https:\/\/i0.wp.com\/blogdoprosperi.com\/wp-content\/uploads\/2026\/05\/cropped-8059e613-6002-42fa-961e-8e275f575d71-2-5.jpg?fit=1360%2C931&ssl=1","url":"https:\/\/i0.wp.com\/blogdoprosperi.com\/wp-content\/uploads\/2026\/05\/cropped-8059e613-6002-42fa-961e-8e275f575d71-2-5.jpg?fit=1360%2C931&ssl=1","contentUrl":"https:\/\/i0.wp.com\/blogdoprosperi.com\/wp-content\/uploads\/2026\/05\/cropped-8059e613-6002-42fa-961e-8e275f575d71-2-5.jpg?fit=1360%2C931&ssl=1","width":1360,"height":931,"caption":"Luiz Ant\u00f4nio Pr\u00f3speri"},"logo":{"@id":"https:\/\/i0.wp.com\/blogdoprosperi.com\/wp-content\/uploads\/2026\/05\/cropped-8059e613-6002-42fa-961e-8e275f575d71-2-5.jpg?fit=1360%2C931&ssl=1"},"description":"Jornalista com carreira dedicada ao esporte. Cobriu 9 Copas do Mundo in loco, 1990 na It\u00e1lia, 1994 nos EUA, 1998 na Fran\u00e7a, 2002 na Coreia do Sul e Jap\u00e3o, 2006 na Alemanha, 2010 na \u00c1frica do Sul, 2014 no Brasil, 2018 na R\u00fassia e 2022 no Qatar. Eurocopas, 1992 na Su\u00e9cia e 1996 na Inglaterra. Copa das Confedera\u00e7\u00f5es de 2005 na Alemanha e 2009 na \u00c1frica do Sul. Rep\u00f3rter e Editor, trabalhou no Jornal da Tarde e Estad\u00e3o, de 1984 a fevereiro de 2016. Colunista, blogueiro. E comentarista de futebol na R\u00e1dio Estad\u00e3o, de 2013 a fevereiro de 2016. Jornalista respons\u00e1vel do \"Pr\u00f3speri News\" (blogdoprosperi.com).","sameAs":["http:\/\/blogdoprosperi.com","Luiz Pr\u00f3speri","@luiz_prosperi","https:\/\/x.com\/Luizprosperi","@prosperinacopa","luiz.prosperi@icloud.com"],"url":"https:\/\/blogdoprosperi.com\/?author=102107496"}]}},"jetpack_publicize_connections":[],"jetpack_likes_enabled":false,"jetpack_sharing_enabled":true,"jetpack_shortlink":"https:\/\/wp.me\/p7jvdk-Tc","jetpack-related-posts":[{"id":2601,"url":"https:\/\/blogdoprosperi.com\/?p=2601","url_meta":{"origin":3422,"position":0},"title":"S\u00e3o Paulo apresenta suas credenciais na Libertadores","author":"Luiz Ant\u00f4nio Pr\u00f3speri","date":"29 de abril de 2016","format":false,"excerpt":"\u00a0 Time carregado de incertezas na primeira fase da Copa Libertadores, o S\u00e3o Paulo n\u00e3o tomou conhecimento do Toluca, do M\u00e9xico. Enfiou logo 4 a 0 e j\u00e1 se pode dizer que est\u00e1 classificado para as quartas de final. Mais que a expressiva vit\u00f3ria, o Tricolor se imp\u00f4s com autoridade\u2026","rel":"","context":"Em &quot;futebol&quot;","block_context":{"text":"futebol","link":"https:\/\/blogdoprosperi.com\/?cat=53870"},"img":{"alt_text":"","src":"https:\/\/i0.wp.com\/blogdoprosperi.com\/wp-content\/uploads\/2016\/04\/pro7-2.jpg?resize=350%2C200&ssl=1","width":350,"height":200,"srcset":"https:\/\/i0.wp.com\/blogdoprosperi.com\/wp-content\/uploads\/2016\/04\/pro7-2.jpg?resize=350%2C200&ssl=1 1x, https:\/\/i0.wp.com\/blogdoprosperi.com\/wp-content\/uploads\/2016\/04\/pro7-2.jpg?resize=525%2C300&ssl=1 1.5x, https:\/\/i0.wp.com\/blogdoprosperi.com\/wp-content\/uploads\/2016\/04\/pro7-2.jpg?resize=700%2C400&ssl=1 2x, https:\/\/i0.wp.com\/blogdoprosperi.com\/wp-content\/uploads\/2016\/04\/pro7-2.jpg?resize=1050%2C600&ssl=1 3x, https:\/\/i0.wp.com\/blogdoprosperi.com\/wp-content\/uploads\/2016\/04\/pro7-2.jpg?resize=1400%2C800&ssl=1 4x"},"classes":[]},{"id":3711,"url":"https:\/\/blogdoprosperi.com\/?p=3711","url_meta":{"origin":3422,"position":1},"title":"Atl\u00e9tico-MG parte como favorito diante do renascido S\u00e3o Paulo","author":"Luiz Ant\u00f4nio Pr\u00f3speri","date":"6 de maio de 2016","format":false,"excerpt":"Definidos os confrontos das quartas de final da Copa Libertadores 2016, teremos pelo menos um clube brasileiro, dos cinco que iniciaram na competi\u00e7\u00e3o, nas semifinais. Um deles sair\u00e1 do confronto entre o Atl\u00e9tico-MG e S\u00e3o Paulo. De in\u00edcio, n\u00e3o \u00e9 muito complicado afirmar que o time mineiro \u00e9 o favorito\u2026","rel":"","context":"Em &quot;futebol&quot;","block_context":{"text":"futebol","link":"https:\/\/blogdoprosperi.com\/?cat=53870"},"img":{"alt_text":"","src":"https:\/\/i0.wp.com\/blogdoprosperi.com\/wp-content\/uploads\/2016\/05\/festejo-primer-gol-ruben_oleima20160505_0182_28.jpg?resize=350%2C200&ssl=1","width":350,"height":200,"srcset":"https:\/\/i0.wp.com\/blogdoprosperi.com\/wp-content\/uploads\/2016\/05\/festejo-primer-gol-ruben_oleima20160505_0182_28.jpg?resize=350%2C200&ssl=1 1x, https:\/\/i0.wp.com\/blogdoprosperi.com\/wp-content\/uploads\/2016\/05\/festejo-primer-gol-ruben_oleima20160505_0182_28.jpg?resize=525%2C300&ssl=1 1.5x, https:\/\/i0.wp.com\/blogdoprosperi.com\/wp-content\/uploads\/2016\/05\/festejo-primer-gol-ruben_oleima20160505_0182_28.jpg?resize=700%2C400&ssl=1 2x"},"classes":[]},{"id":3080,"url":"https:\/\/blogdoprosperi.com\/?p=3080","url_meta":{"origin":3422,"position":2},"title":"Corinthians e S\u00e3o Paulo separados pela crise na Libertadores","author":"Luiz Ant\u00f4nio Pr\u00f3speri","date":"3 de maio de 2016","format":false,"excerpt":"Em paz no ambiente pol\u00edtico, com a expuls\u00e3o de Aidar e Ata\u00edde, Tricolor est\u00e1 pr\u00f3ximo das quartas de final. Time de Tite joga pressionado e ainda enfrenta corrup\u00e7\u00e3o nas categorias de base Corinthians e S\u00e3o Paulo decidem nesta quarta-feira o futuro na Copa Libertadores 2016. Os dois devem passar \u00e0s\u2026","rel":"","context":"Em &quot;futebol&quot;","block_context":{"text":"futebol","link":"https:\/\/blogdoprosperi.com\/?cat=53870"},"img":{"alt_text":"","src":"https:\/\/i0.wp.com\/blogdoprosperi.com\/wp-content\/uploads\/2016\/05\/622_70070fa4-f3a8-3c7c-bb29-4491b4c6fcb2.jpg?resize=350%2C200&ssl=1","width":350,"height":200,"srcset":"https:\/\/i0.wp.com\/blogdoprosperi.com\/wp-content\/uploads\/2016\/05\/622_70070fa4-f3a8-3c7c-bb29-4491b4c6fcb2.jpg?resize=350%2C200&ssl=1 1x, https:\/\/i0.wp.com\/blogdoprosperi.com\/wp-content\/uploads\/2016\/05\/622_70070fa4-f3a8-3c7c-bb29-4491b4c6fcb2.jpg?resize=525%2C300&ssl=1 1.5x"},"classes":[]},{"id":6267,"url":"https:\/\/blogdoprosperi.com\/?p=6267","url_meta":{"origin":3422,"position":3},"title":"S\u00e3o Paulo se imp\u00f5e na Libertadores com a cara de Bauza","author":"Luiz Ant\u00f4nio Pr\u00f3speri","date":"19 de maio de 2016","format":false,"excerpt":"Dirigentes do S\u00e3o Paulo batem no peito com a classifica\u00e7\u00e3o do S\u00e3o Paulo \u00e0s semifinais da Copa Libertadores 2016, mesmo com a derrota por 2 a 1 para o Atl\u00e9tico-MG, nesta quarta-feira, em Belo Horizonte. Alegam que ao apostar no argentino Edgardo Bauza o time teria condi\u00e7\u00f5es de pensar grande\u2026","rel":"","context":"Em &quot;futebol&quot;","block_context":{"text":"futebol","link":"https:\/\/blogdoprosperi.com\/?cat=53870"},"img":{"alt_text":"","src":"https:\/\/i0.wp.com\/blogdoprosperi.com\/wp-content\/uploads\/2016\/05\/00837531.jpg?resize=350%2C200&ssl=1","width":350,"height":200,"srcset":"https:\/\/i0.wp.com\/blogdoprosperi.com\/wp-content\/uploads\/2016\/05\/00837531.jpg?resize=350%2C200&ssl=1 1x, https:\/\/i0.wp.com\/blogdoprosperi.com\/wp-content\/uploads\/2016\/05\/00837531.jpg?resize=525%2C300&ssl=1 1.5x, https:\/\/i0.wp.com\/blogdoprosperi.com\/wp-content\/uploads\/2016\/05\/00837531.jpg?resize=700%2C400&ssl=1 2x, https:\/\/i0.wp.com\/blogdoprosperi.com\/wp-content\/uploads\/2016\/05\/00837531.jpg?resize=1050%2C600&ssl=1 3x, https:\/\/i0.wp.com\/blogdoprosperi.com\/wp-content\/uploads\/2016\/05\/00837531.jpg?resize=1400%2C800&ssl=1 4x"},"classes":[]},{"id":7406,"url":"https:\/\/blogdoprosperi.com\/?p=7406","url_meta":{"origin":3422,"position":4},"title":"Bauza n\u00e3o tem medo de arriscar com reservas do S\u00e3o Paulo","author":"Luiz Ant\u00f4nio Pr\u00f3speri","date":"26 de maio de 2016","format":false,"excerpt":"Edgardo Bauza percebeu cedo demais que n\u00e3o \u00e9 alto o n\u00edvel t\u00e9cnico do futebol brasileiro neste campeonato nacional. Em tr\u00eas rodadas, usou mais o time reserva do que o titular e n\u00e3o se decepcionou com os resultados do S\u00e3o Paulo: uma vit\u00f3ria, uma derrota e o empate (1 a 1)\u2026","rel":"","context":"Em &quot;Campeonato Brasileiro&quot;","block_context":{"text":"Campeonato Brasileiro","link":"https:\/\/blogdoprosperi.com\/?cat=355071"},"img":{"alt_text":"","src":"https:\/\/i0.wp.com\/blogdoprosperi.com\/wp-content\/uploads\/2016\/05\/rogerio1.png?resize=350%2C200&ssl=1","width":350,"height":200,"srcset":"https:\/\/i0.wp.com\/blogdoprosperi.com\/wp-content\/uploads\/2016\/05\/rogerio1.png?resize=350%2C200&ssl=1 1x, https:\/\/i0.wp.com\/blogdoprosperi.com\/wp-content\/uploads\/2016\/05\/rogerio1.png?resize=525%2C300&ssl=1 1.5x"},"classes":[]},{"id":2200,"url":"https:\/\/blogdoprosperi.com\/?p=2200","url_meta":{"origin":3422,"position":5},"title":"S\u00e3o Paulo avan\u00e7a na Libertadores, apesar do goleiro Denis","author":"Luiz Ant\u00f4nio Pr\u00f3speri","date":"22 de abril de 2016","format":false,"excerpt":"\u00a0 O S\u00e3o Paulo derrotou a altitude de La Paz e eliminou o The Strongest ao empatar por 1 a 1, resultado que leva o time brasileiro \u00e0s oitavas de final da Copa Libertadores. A classifica\u00e7\u00e3o foi dram\u00e1tica com a expuls\u00e3o do goleiro Denis - Maicon foi para o gol\u2026","rel":"","context":"Em &quot;futebol&quot;","block_context":{"text":"futebol","link":"https:\/\/blogdoprosperi.com\/?cat=53870"},"img":{"alt_text":"","src":"https:\/\/i0.wp.com\/blogdoprosperi.com\/wp-content\/uploads\/2016\/04\/dc3aanis-sp-x-oeste2-1.jpg?resize=350%2C200&ssl=1","width":350,"height":200,"srcset":"https:\/\/i0.wp.com\/blogdoprosperi.com\/wp-content\/uploads\/2016\/04\/dc3aanis-sp-x-oeste2-1.jpg?resize=350%2C200&ssl=1 1x, https:\/\/i0.wp.com\/blogdoprosperi.com\/wp-content\/uploads\/2016\/04\/dc3aanis-sp-x-oeste2-1.jpg?resize=525%2C300&ssl=1 1.5x, https:\/\/i0.wp.com\/blogdoprosperi.com\/wp-content\/uploads\/2016\/04\/dc3aanis-sp-x-oeste2-1.jpg?resize=700%2C400&ssl=1 2x"},"classes":[]}],"jetpack_featured_media_url":"","_links":{"self":[{"href":"https:\/\/blogdoprosperi.com\/index.php?rest_route=\/wp\/v2\/posts\/3422","targetHints":{"allow":["GET"]}}],"collection":[{"href":"https:\/\/blogdoprosperi.com\/index.php?rest_route=\/wp\/v2\/posts"}],"about":[{"href":"https:\/\/blogdoprosperi.com\/index.php?rest_route=\/wp\/v2\/types\/post"}],"author":[{"embeddable":true,"href":"https:\/\/blogdoprosperi.com\/index.php?rest_route=\/wp\/v2\/users\/102107496"}],"replies":[{"embeddable":true,"href":"https:\/\/blogdoprosperi.com\/index.php?rest_route=%2Fwp%2Fv2%2Fcomments&post=3422"}],"version-history":[{"count":25,"href":"https:\/\/blogdoprosperi.com\/index.php?rest_route=\/wp\/v2\/posts\/3422\/revisions"}],"predecessor-version":[{"id":3585,"href":"https:\/\/blogdoprosperi.com\/index.php?rest_route=\/wp\/v2\/posts\/3422\/revisions\/3585"}],"wp:attachment":[{"href":"https:\/\/blogdoprosperi.com\/index.php?rest_route=%2Fwp%2Fv2%2Fmedia&parent=3422"}],"wp:term":[{"taxonomy":"category","embeddable":true,"href":"https:\/\/blogdoprosperi.com\/index.php?rest_route=%2Fwp%2Fv2%2Fcategories&post=3422"},{"taxonomy":"post_tag","embeddable":true,"href":"https:\/\/blogdoprosperi.com\/index.php?rest_route=%2Fwp%2Fv2%2Ftags&post=3422"}],"curies":[{"name":"wp","href":"https:\/\/api.w.org\/{rel}","templated":true}]}}