{"id":34230,"date":"2016-12-18T14:37:20","date_gmt":"2016-12-18T16:37:20","guid":{"rendered":"http:\/\/blogdoprosperi.com\/?p=34230"},"modified":"2016-12-18T14:37:20","modified_gmt":"2016-12-18T16:37:20","slug":"corinthians-sem-comando-e-sem-rumo","status":"publish","type":"post","link":"https:\/\/blogdoprosperi.com\/?p=34230","title":{"rendered":"Corinthians sem comando e sem rumo"},"content":{"rendered":"<div class=\"tiled-gallery type-square tiled-gallery-unresized\" data-original-width=\"940\" data-carousel-extra='{&quot;blog_id&quot;:1,&quot;permalink&quot;:&quot;https:\\\/\\\/blogdoprosperi.com\\\/?p=34230&quot;,&quot;likes_blog_id&quot;:108082574}' itemscope itemtype=\"http:\/\/schema.org\/ImageGallery\" > <div class=\"gallery-row\" style=\"width: 940px; height: 470px;\" data-original-width=\"940\" data-original-height=\"470\" > <div class=\"gallery-group\" style=\"width: 470px; height: 470px;\" data-original-width=\"470\" data-original-height=\"470\" > <div class=\"tiled-gallery-item \" itemprop=\"associatedMedia\" itemscope itemtype=\"http:\/\/schema.org\/ImageObject\"> <a href=\"https:\/\/blogdoprosperi.com\/?attachment_id=34285\" border=\"0\" itemprop=\"url\"> <meta itemprop=\"width\" content=\"466\"> <meta itemprop=\"height\" content=\"466\"> <img decoding=\"async\" class=\"\" data-attachment-id=\"34285\" data-orig-file=\"https:\/\/blogdoprosperi.com\/wp-content\/uploads\/2016\/12\/635810838413215952_1.jpg\" data-orig-size=\"690,390\" data-comments-opened=\"1\" data-image-meta=\"{&quot;aperture&quot;:&quot;0&quot;,&quot;credit&quot;:&quot;&quot;,&quot;camera&quot;:&quot;&quot;,&quot;caption&quot;:&quot;&quot;,&quot;created_timestamp&quot;:&quot;0&quot;,&quot;copyright&quot;:&quot;&quot;,&quot;focal_length&quot;:&quot;0&quot;,&quot;iso&quot;:&quot;0&quot;,&quot;shutter_speed&quot;:&quot;0&quot;,&quot;title&quot;:&quot;&quot;,&quot;orientation&quot;:&quot;0&quot;}\" data-image-title=\"635810838413215952_1\" data-image-description=\"\" data-medium-file=\"https:\/\/i0.wp.com\/blogdoprosperi.com\/wp-content\/uploads\/2016\/12\/635810838413215952_1.jpg?fit=650%2C367&#038;ssl=1\" data-large-file=\"https:\/\/i0.wp.com\/blogdoprosperi.com\/wp-content\/uploads\/2016\/12\/635810838413215952_1.jpg?fit=690%2C390&#038;ssl=1\" src=\"https:\/\/i0.wp.com\/blogdoprosperi.com\/wp-content\/uploads\/2016\/12\/635810838413215952_1.jpg?w=466&#038;h=466&#038;crop=1&#038;ssl=1\" width=\"466\" height=\"466\" loading=\"lazy\" data-original-width=\"466\" data-original-height=\"466\" itemprop=\"http:\/\/schema.org\/image\" title=\"635810838413215952_1\" alt=\"635810838413215952_1\" style=\"width: 466px; height: 466px;\" \/> <\/a> <\/div> <\/div> <div class=\"gallery-group\" style=\"width: 470px; height: 470px;\" data-original-width=\"470\" data-original-height=\"470\" > <div class=\"tiled-gallery-item \" itemprop=\"associatedMedia\" itemscope itemtype=\"http:\/\/schema.org\/ImageObject\"> <a href=\"https:\/\/blogdoprosperi.com\/?attachment_id=27095\" border=\"0\" itemprop=\"url\"> <meta itemprop=\"width\" content=\"466\"> <meta itemprop=\"height\" content=\"466\"> <img decoding=\"async\" class=\"\" data-attachment-id=\"27095\" data-orig-file=\"https:\/\/blogdoprosperi.com\/wp-content\/uploads\/2016\/09\/1295.jpg\" data-orig-size=\"650,461\" data-comments-opened=\"1\" data-image-meta=\"{&quot;aperture&quot;:&quot;0&quot;,&quot;credit&quot;:&quot;&quot;,&quot;camera&quot;:&quot;&quot;,&quot;caption&quot;:&quot;&quot;,&quot;created_timestamp&quot;:&quot;0&quot;,&quot;copyright&quot;:&quot;&quot;,&quot;focal_length&quot;:&quot;0&quot;,&quot;iso&quot;:&quot;0&quot;,&quot;shutter_speed&quot;:&quot;0&quot;,&quot;title&quot;:&quot;&quot;,&quot;orientation&quot;:&quot;0&quot;}\" data-image-title=\"1295\" data-image-description=\"\" data-medium-file=\"https:\/\/i0.wp.com\/blogdoprosperi.com\/wp-content\/uploads\/2016\/09\/1295.jpg?fit=533%2C378&#038;ssl=1\" data-large-file=\"https:\/\/i0.wp.com\/blogdoprosperi.com\/wp-content\/uploads\/2016\/09\/1295.jpg?fit=650%2C461&#038;ssl=1\" src=\"https:\/\/i0.wp.com\/blogdoprosperi.com\/wp-content\/uploads\/2016\/09\/1295.jpg?w=466&#038;h=466&#038;crop=1&#038;ssl=1\" width=\"466\" height=\"466\" loading=\"lazy\" data-original-width=\"466\" data-original-height=\"466\" itemprop=\"http:\/\/schema.org\/image\" title=\"1295\" alt=\"1295\" style=\"width: 466px; height: 466px;\" \/> <\/a> <\/div> <\/div> <\/div> <\/div>\n<p>Quando Vanderlei Luxemburgo conquistou seu primeiro titulo no Palmeiras, em 1993, Guto Ferreira dava in\u00edcio \u00e0 sua carreira de treinador nas categorias de base do XV de Piracicaba, interior paulista. Pouco mais de 23 anos depois, Luxemburgo \u00e9 taxado de ultrapassado e Guto Ferreira, emergente. Os dois est\u00e3o entre os candidatos a assumir o comando do Corinthians, clube enroscado em problemas pol\u00edticos, financeiros e sem perspectivas de formar um grande time em 2017.<\/p>\n<p>Luxemburgo tem um cartel invej\u00e1vel de conquistas. Guto Ferreira ainda n\u00e3o. Sua carreira contempla clubes intermedi\u00e1rios e poucos t\u00edtulos de express\u00e3o. Por azar ou falta de aten\u00e7\u00e3o, escalou o atacante Herveton, quando era treinador da Portuguesa, no caso que rebaixou a Lusa \u00e0 S\u00e9rie B em 2013 e dali uma queda atr\u00e1s da outra no futebol brasileiro.<\/p>\n<p>Guto ou Vanderlei ou nenhum dos dois, Jair Ventura, blindado pelo Botafogo, seja qual for o eleito pelo Corinthians, a tarefa que se apresenta vai ser dur\u00edssima.<\/p>\n<p>Presidente Roberto Andrade, sem for\u00e7a, n\u00e3o consegue aglutinar as for\u00e7as pol\u00edticas do clube. Sem caixa, ainda renegocia d\u00edvidas. H\u00e1 o Itaquer\u00e3o, um papagaio de R$ 1,2 bilh\u00e3o tamb\u00e9m a ser equacionado com pagamentos a longo prazo. Uma dor de cabe atr\u00e1s da outra.<\/p>\n<p>No futebol, o time \u00e9 fraco. J\u00f4, por enquanto, \u00e9 o \u00fanico refor\u00e7o. Alguns titulares de 2016 j\u00e1 amea\u00e7am sair \u2013 caso do zagueiro paraguaio Balbuena, alvo mais recente do Boca Juniors, e do goleiro C\u00e1ssio.<\/p>\n<p>Corinthians, a uma semana do Natal, parece um deserto. Deixar tudo para se resolver em janeiro de 2017 vai custar mais caro. Sem falar do atraso na prepara\u00e7\u00e3o do time. Torcedor pode se preparar a sofrer.<\/p>\n","protected":false},"excerpt":{"rendered":"<p>Quando Vanderlei Luxemburgo conquistou seu primeiro titulo no Palmeiras, em 1993, Guto Ferreira dava in\u00edcio \u00e0 sua carreira [&hellip;]<\/p>\n","protected":false},"author":102107496,"featured_media":0,"comment_status":"open","ping_status":"open","sticky":false,"template":"","format":"standard","meta":{"_coblocks_attr":"","_coblocks_dimensions":"","_coblocks_responsive_height":"","_coblocks_accordion_ie_support":"","_jetpack_newsletter_access":"","_jetpack_dont_email_post_to_subs":false,"_jetpack_newsletter_tier_id":0,"_jetpack_memberships_contains_paywalled_content":false,"_wpcom_ai_launchpad_first_post":false,"_jetpack_feature_clip_id":0,"_jetpack_memberships_contains_paid_content":false,"footnotes":"","jetpack_publicize_message":"","jetpack_publicize_feature_enabled":true,"jetpack_social_post_already_shared":false,"jetpack_social_options":{"image_generator_settings":{"template":"highway","default_image_id":0,"font":"","enabled":false},"version":2},"jetpack_post_was_ever_published":false},"categories":[53870],"tags":[177066,789560560,7716003,38229360,1216163],"class_list":["post-34230","post","type-post","status-publish","format-standard","hentry","category-futebol","tag-corinthians","tag-futebol","tag-guto-ferreira","tag-roberto-andrade","tag-vanderlei-luxemburgo"],"yoast_head":"<!-- This site is optimized with the Yoast SEO plugin v28.3 - https:\/\/yoast.com\/product\/yoast-seo-wordpress\/ -->\n<title>Corinthians sem comando e sem rumo - PR\u00d3SPERI NEWS<\/title>\n<meta name=\"robots\" content=\"index, follow, max-snippet:-1, max-image-preview:large, max-video-preview:-1\" \/>\n<link rel=\"canonical\" href=\"https:\/\/blogdoprosperi.com\/?p=34230\" \/>\n<meta property=\"og:locale\" content=\"pt_BR\" \/>\n<meta property=\"og:type\" content=\"article\" \/>\n<meta property=\"og:title\" content=\"Corinthians sem comando e sem rumo - PR\u00d3SPERI NEWS\" \/>\n<meta property=\"og:description\" content=\"Quando Vanderlei Luxemburgo conquistou seu primeiro titulo no Palmeiras, em 1993, Guto Ferreira dava in\u00edcio \u00e0 sua carreira [&hellip;]\" \/>\n<meta property=\"og:url\" content=\"https:\/\/blogdoprosperi.com\/?p=34230\" \/>\n<meta property=\"og:site_name\" content=\"PR\u00d3SPERI NEWS\" \/>\n<meta property=\"article:publisher\" content=\"Luiz Pr\u00f3speri\" \/>\n<meta property=\"article:author\" content=\"Luiz Pr\u00f3speri\" \/>\n<meta property=\"article:published_time\" content=\"2016-12-18T16:37:20+00:00\" \/>\n<meta property=\"og:image\" content=\"https:\/\/i0.wp.com\/blogdoprosperi.com\/wp-content\/uploads\/2016\/12\/635810838413215952_1.jpg?w=466&#038;h=466&#038;crop=1&#038;ssl=1\" \/>\n<meta name=\"author\" content=\"Luiz Ant\u00f4nio Pr\u00f3speri\" \/>\n<meta name=\"twitter:card\" content=\"summary_large_image\" \/>\n<meta name=\"twitter:creator\" content=\"@Luizprosperi\" \/>\n<meta name=\"twitter:site\" content=\"@Luizprosperi\" \/>\n<meta name=\"twitter:label1\" content=\"Escrito por\" \/>\n\t<meta name=\"twitter:data1\" content=\"Luiz Ant\u00f4nio Pr\u00f3speri\" \/>\n\t<meta name=\"twitter:label2\" content=\"Est. tempo de leitura\" \/>\n\t<meta name=\"twitter:data2\" content=\"1 minuto\" \/>\n<script type=\"application\/ld+json\" class=\"yoast-schema-graph\">{\"@context\":\"https:\\\/\\\/schema.org\",\"@graph\":[{\"@type\":\"Article\",\"@id\":\"https:\\\/\\\/blogdoprosperi.com\\\/?p=34230#article\",\"isPartOf\":{\"@id\":\"https:\\\/\\\/blogdoprosperi.com\\\/?p=34230\"},\"author\":{\"name\":\"Luiz Ant\u00f4nio Pr\u00f3speri\",\"@id\":\"https:\\\/\\\/blogdoprosperi.com\\\/#\\\/schema\\\/person\\\/38100755ce3601861ee4fab9b5aa78e9\"},\"headline\":\"Corinthians sem comando e sem rumo\",\"datePublished\":\"2016-12-18T16:37:20+00:00\",\"mainEntityOfPage\":{\"@id\":\"https:\\\/\\\/blogdoprosperi.com\\\/?p=34230\"},\"wordCount\":295,\"commentCount\":0,\"publisher\":{\"@id\":\"https:\\\/\\\/blogdoprosperi.com\\\/#\\\/schema\\\/person\\\/38100755ce3601861ee4fab9b5aa78e9\"},\"keywords\":[\"Corinthians\",\"futebol\",\"Guto Ferreira\",\"Roberto Andrade\",\"Vanderlei Luxemburgo\"],\"articleSection\":[\"futebol\"],\"inLanguage\":\"pt-BR\",\"potentialAction\":[{\"@type\":\"CommentAction\",\"name\":\"Comment\",\"target\":[\"https:\\\/\\\/blogdoprosperi.com\\\/?p=34230#respond\"]}]},{\"@type\":\"WebPage\",\"@id\":\"https:\\\/\\\/blogdoprosperi.com\\\/?p=34230\",\"url\":\"https:\\\/\\\/blogdoprosperi.com\\\/?p=34230\",\"name\":\"Corinthians sem comando e sem rumo - PR\u00d3SPERI NEWS\",\"isPartOf\":{\"@id\":\"https:\\\/\\\/blogdoprosperi.com\\\/#website\"},\"datePublished\":\"2016-12-18T16:37:20+00:00\",\"breadcrumb\":{\"@id\":\"https:\\\/\\\/blogdoprosperi.com\\\/?p=34230#breadcrumb\"},\"inLanguage\":\"pt-BR\",\"potentialAction\":[{\"@type\":\"ReadAction\",\"target\":[\"https:\\\/\\\/blogdoprosperi.com\\\/?p=34230\"]}]},{\"@type\":\"BreadcrumbList\",\"@id\":\"https:\\\/\\\/blogdoprosperi.com\\\/?p=34230#breadcrumb\",\"itemListElement\":[{\"@type\":\"ListItem\",\"position\":1,\"name\":\"In\u00edcio\",\"item\":\"https:\\\/\\\/blogdoprosperi.com\\\/\"},{\"@type\":\"ListItem\",\"position\":2,\"name\":\"Corinthians sem comando e sem rumo\"}]},{\"@type\":\"WebSite\",\"@id\":\"https:\\\/\\\/blogdoprosperi.com\\\/#website\",\"url\":\"https:\\\/\\\/blogdoprosperi.com\\\/\",\"name\":\"PR\u00d3SPERI NEWS\",\"description\":\"TUDO \u00c9  FUTEBOL\",\"publisher\":{\"@id\":\"https:\\\/\\\/blogdoprosperi.com\\\/#\\\/schema\\\/person\\\/38100755ce3601861ee4fab9b5aa78e9\"},\"alternateName\":\"blogdoprosperi.com\",\"potentialAction\":[{\"@type\":\"SearchAction\",\"target\":{\"@type\":\"EntryPoint\",\"urlTemplate\":\"https:\\\/\\\/blogdoprosperi.com\\\/?s={search_term_string}\"},\"query-input\":{\"@type\":\"PropertyValueSpecification\",\"valueRequired\":true,\"valueName\":\"search_term_string\"}}],\"inLanguage\":\"pt-BR\"},{\"@type\":[\"Person\",\"Organization\"],\"@id\":\"https:\\\/\\\/blogdoprosperi.com\\\/#\\\/schema\\\/person\\\/38100755ce3601861ee4fab9b5aa78e9\",\"name\":\"Luiz Ant\u00f4nio Pr\u00f3speri\",\"pronouns\":\"ele\",\"image\":{\"@type\":\"ImageObject\",\"inLanguage\":\"pt-BR\",\"@id\":\"https:\\\/\\\/i0.wp.com\\\/blogdoprosperi.com\\\/wp-content\\\/uploads\\\/2026\\\/05\\\/cropped-8059e613-6002-42fa-961e-8e275f575d71-2-5.jpg?fit=1360%2C931&ssl=1\",\"url\":\"https:\\\/\\\/i0.wp.com\\\/blogdoprosperi.com\\\/wp-content\\\/uploads\\\/2026\\\/05\\\/cropped-8059e613-6002-42fa-961e-8e275f575d71-2-5.jpg?fit=1360%2C931&ssl=1\",\"contentUrl\":\"https:\\\/\\\/i0.wp.com\\\/blogdoprosperi.com\\\/wp-content\\\/uploads\\\/2026\\\/05\\\/cropped-8059e613-6002-42fa-961e-8e275f575d71-2-5.jpg?fit=1360%2C931&ssl=1\",\"width\":1360,\"height\":931,\"caption\":\"Luiz Ant\u00f4nio Pr\u00f3speri\"},\"logo\":{\"@id\":\"https:\\\/\\\/i0.wp.com\\\/blogdoprosperi.com\\\/wp-content\\\/uploads\\\/2026\\\/05\\\/cropped-8059e613-6002-42fa-961e-8e275f575d71-2-5.jpg?fit=1360%2C931&ssl=1\"},\"description\":\"Jornalista com carreira dedicada ao esporte. Cobriu 9 Copas do Mundo in loco, 1990 na It\u00e1lia, 1994 nos EUA, 1998 na Fran\u00e7a, 2002 na Coreia do Sul e Jap\u00e3o, 2006 na Alemanha, 2010 na \u00c1frica do Sul, 2014 no Brasil, 2018 na R\u00fassia e 2022 no Qatar. Eurocopas, 1992 na Su\u00e9cia e 1996 na Inglaterra. Copa das Confedera\u00e7\u00f5es de 2005 na Alemanha e 2009 na \u00c1frica do Sul. Rep\u00f3rter e Editor, trabalhou no Jornal da Tarde e Estad\u00e3o, de 1984 a fevereiro de 2016. Colunista, blogueiro. E comentarista de futebol na R\u00e1dio Estad\u00e3o, de 2013 a fevereiro de 2016. Jornalista respons\u00e1vel do \\\"Pr\u00f3speri News\\\" (blogdoprosperi.com).\",\"sameAs\":[\"http:\\\/\\\/blogdoprosperi.com\",\"Luiz Pr\u00f3speri\",\"@luiz_prosperi\",\"https:\\\/\\\/x.com\\\/Luizprosperi\",\"@prosperinacopa\",\"luiz.prosperi@icloud.com\"],\"url\":\"https:\\\/\\\/blogdoprosperi.com\\\/?author=102107496\"}]}<\/script>\n<!-- \/ Yoast SEO plugin. -->","yoast_head_json":{"title":"Corinthians sem comando e sem rumo - PR\u00d3SPERI NEWS","robots":{"index":"index","follow":"follow","max-snippet":"max-snippet:-1","max-image-preview":"max-image-preview:large","max-video-preview":"max-video-preview:-1"},"canonical":"https:\/\/blogdoprosperi.com\/?p=34230","og_locale":"pt_BR","og_type":"article","og_title":"Corinthians sem comando e sem rumo - PR\u00d3SPERI NEWS","og_description":"Quando Vanderlei Luxemburgo conquistou seu primeiro titulo no Palmeiras, em 1993, Guto Ferreira dava in\u00edcio \u00e0 sua carreira [&hellip;]","og_url":"https:\/\/blogdoprosperi.com\/?p=34230","og_site_name":"PR\u00d3SPERI NEWS","article_publisher":"Luiz Pr\u00f3speri","article_author":"Luiz Pr\u00f3speri","article_published_time":"2016-12-18T16:37:20+00:00","og_image":[{"url":"https:\/\/i0.wp.com\/blogdoprosperi.com\/wp-content\/uploads\/2016\/12\/635810838413215952_1.jpg?w=466&#038;h=466&#038;crop=1&#038;ssl=1","type":"","width":"","height":""}],"author":"Luiz Ant\u00f4nio Pr\u00f3speri","twitter_card":"summary_large_image","twitter_creator":"@Luizprosperi","twitter_site":"@Luizprosperi","twitter_misc":{"Escrito por":"Luiz Ant\u00f4nio Pr\u00f3speri","Est. tempo de leitura":"1 minuto"},"schema":{"@context":"https:\/\/schema.org","@graph":[{"@type":"Article","@id":"https:\/\/blogdoprosperi.com\/?p=34230#article","isPartOf":{"@id":"https:\/\/blogdoprosperi.com\/?p=34230"},"author":{"name":"Luiz Ant\u00f4nio Pr\u00f3speri","@id":"https:\/\/blogdoprosperi.com\/#\/schema\/person\/38100755ce3601861ee4fab9b5aa78e9"},"headline":"Corinthians sem comando e sem rumo","datePublished":"2016-12-18T16:37:20+00:00","mainEntityOfPage":{"@id":"https:\/\/blogdoprosperi.com\/?p=34230"},"wordCount":295,"commentCount":0,"publisher":{"@id":"https:\/\/blogdoprosperi.com\/#\/schema\/person\/38100755ce3601861ee4fab9b5aa78e9"},"keywords":["Corinthians","futebol","Guto Ferreira","Roberto Andrade","Vanderlei Luxemburgo"],"articleSection":["futebol"],"inLanguage":"pt-BR","potentialAction":[{"@type":"CommentAction","name":"Comment","target":["https:\/\/blogdoprosperi.com\/?p=34230#respond"]}]},{"@type":"WebPage","@id":"https:\/\/blogdoprosperi.com\/?p=34230","url":"https:\/\/blogdoprosperi.com\/?p=34230","name":"Corinthians sem comando e sem rumo - PR\u00d3SPERI NEWS","isPartOf":{"@id":"https:\/\/blogdoprosperi.com\/#website"},"datePublished":"2016-12-18T16:37:20+00:00","breadcrumb":{"@id":"https:\/\/blogdoprosperi.com\/?p=34230#breadcrumb"},"inLanguage":"pt-BR","potentialAction":[{"@type":"ReadAction","target":["https:\/\/blogdoprosperi.com\/?p=34230"]}]},{"@type":"BreadcrumbList","@id":"https:\/\/blogdoprosperi.com\/?p=34230#breadcrumb","itemListElement":[{"@type":"ListItem","position":1,"name":"In\u00edcio","item":"https:\/\/blogdoprosperi.com\/"},{"@type":"ListItem","position":2,"name":"Corinthians sem comando e sem rumo"}]},{"@type":"WebSite","@id":"https:\/\/blogdoprosperi.com\/#website","url":"https:\/\/blogdoprosperi.com\/","name":"PR\u00d3SPERI NEWS","description":"TUDO \u00c9  FUTEBOL","publisher":{"@id":"https:\/\/blogdoprosperi.com\/#\/schema\/person\/38100755ce3601861ee4fab9b5aa78e9"},"alternateName":"blogdoprosperi.com","potentialAction":[{"@type":"SearchAction","target":{"@type":"EntryPoint","urlTemplate":"https:\/\/blogdoprosperi.com\/?s={search_term_string}"},"query-input":{"@type":"PropertyValueSpecification","valueRequired":true,"valueName":"search_term_string"}}],"inLanguage":"pt-BR"},{"@type":["Person","Organization"],"@id":"https:\/\/blogdoprosperi.com\/#\/schema\/person\/38100755ce3601861ee4fab9b5aa78e9","name":"Luiz Ant\u00f4nio Pr\u00f3speri","pronouns":"ele","image":{"@type":"ImageObject","inLanguage":"pt-BR","@id":"https:\/\/i0.wp.com\/blogdoprosperi.com\/wp-content\/uploads\/2026\/05\/cropped-8059e613-6002-42fa-961e-8e275f575d71-2-5.jpg?fit=1360%2C931&ssl=1","url":"https:\/\/i0.wp.com\/blogdoprosperi.com\/wp-content\/uploads\/2026\/05\/cropped-8059e613-6002-42fa-961e-8e275f575d71-2-5.jpg?fit=1360%2C931&ssl=1","contentUrl":"https:\/\/i0.wp.com\/blogdoprosperi.com\/wp-content\/uploads\/2026\/05\/cropped-8059e613-6002-42fa-961e-8e275f575d71-2-5.jpg?fit=1360%2C931&ssl=1","width":1360,"height":931,"caption":"Luiz Ant\u00f4nio Pr\u00f3speri"},"logo":{"@id":"https:\/\/i0.wp.com\/blogdoprosperi.com\/wp-content\/uploads\/2026\/05\/cropped-8059e613-6002-42fa-961e-8e275f575d71-2-5.jpg?fit=1360%2C931&ssl=1"},"description":"Jornalista com carreira dedicada ao esporte. Cobriu 9 Copas do Mundo in loco, 1990 na It\u00e1lia, 1994 nos EUA, 1998 na Fran\u00e7a, 2002 na Coreia do Sul e Jap\u00e3o, 2006 na Alemanha, 2010 na \u00c1frica do Sul, 2014 no Brasil, 2018 na R\u00fassia e 2022 no Qatar. Eurocopas, 1992 na Su\u00e9cia e 1996 na Inglaterra. Copa das Confedera\u00e7\u00f5es de 2005 na Alemanha e 2009 na \u00c1frica do Sul. Rep\u00f3rter e Editor, trabalhou no Jornal da Tarde e Estad\u00e3o, de 1984 a fevereiro de 2016. Colunista, blogueiro. E comentarista de futebol na R\u00e1dio Estad\u00e3o, de 2013 a fevereiro de 2016. Jornalista respons\u00e1vel do \"Pr\u00f3speri News\" (blogdoprosperi.com).","sameAs":["http:\/\/blogdoprosperi.com","Luiz Pr\u00f3speri","@luiz_prosperi","https:\/\/x.com\/Luizprosperi","@prosperinacopa","luiz.prosperi@icloud.com"],"url":"https:\/\/blogdoprosperi.com\/?author=102107496"}]}},"jetpack_publicize_connections":[],"jetpack_likes_enabled":false,"jetpack_sharing_enabled":true,"jetpack_shortlink":"https:\/\/wp.me\/p7jvdk-8U6","jetpack-related-posts":[{"id":36842,"url":"https:\/\/blogdoprosperi.com\/?p=36842","url_meta":{"origin":34230,"position":0},"title":"Cuca diz que n\u00e3o sai do Palmeiras, Mano n\u00e3o sabe se fica no Cruzeiro, mercado de treinadores em ebuli\u00e7\u00e3o","author":"Luiz Ant\u00f4nio Pr\u00f3speri","date":"5 de outubro de 2017","format":false,"excerpt":"Cuca disse em entrevista coletiva nesta quarta-feira (04\/10) que sua sa\u00edda do Palmeiras no fim do ano \u00e9 especula\u00e7\u00e3o. Alexandre Kalil, ex-presidente do Atl\u00e9tico-MG e atual prefeito de Belo Horizonte, n\u00e3o se furta a elogiar Cuca, com quem trabalhou na conquista da Libertadores de 2013. Refor\u00e7ou sua admira\u00e7\u00e3o ao t\u00e9cnico\u2026","rel":"","context":"Em &quot;futebol&quot;","block_context":{"text":"futebol","link":"https:\/\/blogdoprosperi.com\/?cat=53870"},"img":{"alt_text":"","src":"https:\/\/i0.wp.com\/blogdoprosperi.com\/wp-content\/uploads\/2017\/07\/35849784906_fa75c7f2eb_z.jpg?fit=640%2C379&ssl=1&resize=350%2C200","width":350,"height":200,"srcset":"https:\/\/i0.wp.com\/blogdoprosperi.com\/wp-content\/uploads\/2017\/07\/35849784906_fa75c7f2eb_z.jpg?fit=640%2C379&ssl=1&resize=350%2C200 1x, https:\/\/i0.wp.com\/blogdoprosperi.com\/wp-content\/uploads\/2017\/07\/35849784906_fa75c7f2eb_z.jpg?fit=640%2C379&ssl=1&resize=525%2C300 1.5x"},"classes":[]},{"id":47095,"url":"https:\/\/blogdoprosperi.com\/?p=47095","url_meta":{"origin":34230,"position":1},"title":"#Cr\u00f4nicaSab\u00e1tica #9 | A Hist\u00f3ria dos Tr\u00eas Porquinhos","author":"Luiz Ant\u00f4nio Pr\u00f3speri","date":"21 de dezembro de 2024","format":false,"excerpt":"Luiz Ant\u00f4nio Pr\u00f3speri \u2013 21 dezembro (11h57) Era uma vez tr\u00eas porquinhos. Jovens, se encontram nos canteiros da Academia de Futebol. Um vem da Bahia, outro da favela do Rio e outro do interior de S\u00e3o Paulo. Os tr\u00eas, saindo da adolesc\u00eancia, arrebatam t\u00edtulos entre os rivais de suas idades.\u2026","rel":"","context":"Em &quot;futebol&quot;","block_context":{"text":"futebol","link":"https:\/\/blogdoprosperi.com\/?cat=53870"},"img":{"alt_text":"Tr\u00eas Porquinhos do Palmeiras","src":"https:\/\/i0.wp.com\/blogdoprosperi.com\/wp-content\/uploads\/2024\/12\/captura-de-tela-2024-12-21-as-11.53.38.png?fit=1200%2C591&ssl=1&resize=350%2C200","width":350,"height":200,"srcset":"https:\/\/i0.wp.com\/blogdoprosperi.com\/wp-content\/uploads\/2024\/12\/captura-de-tela-2024-12-21-as-11.53.38.png?fit=1200%2C591&ssl=1&resize=350%2C200 1x, https:\/\/i0.wp.com\/blogdoprosperi.com\/wp-content\/uploads\/2024\/12\/captura-de-tela-2024-12-21-as-11.53.38.png?fit=1200%2C591&ssl=1&resize=525%2C300 1.5x, https:\/\/i0.wp.com\/blogdoprosperi.com\/wp-content\/uploads\/2024\/12\/captura-de-tela-2024-12-21-as-11.53.38.png?fit=1200%2C591&ssl=1&resize=700%2C400 2x, https:\/\/i0.wp.com\/blogdoprosperi.com\/wp-content\/uploads\/2024\/12\/captura-de-tela-2024-12-21-as-11.53.38.png?fit=1200%2C591&ssl=1&resize=1050%2C600 3x"},"classes":[]},{"id":28072,"url":"https:\/\/blogdoprosperi.com\/?p=28072","url_meta":{"origin":34230,"position":2},"title":"Furac\u00e3o Luxemburgo assusta S\u00e3o Paulo, Santos e Corinthians","author":"Luiz Ant\u00f4nio Pr\u00f3speri","date":"10 de outubro de 2016","format":false,"excerpt":"Vanderlei Luxemburgo voltou da China em junho ao ser demitido do Tianjin, da Segunda Divis\u00e3o. Estava quieto at\u00e9 o fim de setembro. De repente, em apenas uma semana neste in\u00edcio de outubro, provocou um furac\u00e3o com declara\u00e7\u00f5es pol\u00eamicas envolvendo Felip\u00e3o, corrup\u00e7\u00e3o no futebol chin\u00eas e Pep Guardiola. E entrou no\u2026","rel":"","context":"Em &quot;Campeonato Brasileiro&quot;","block_context":{"text":"Campeonato Brasileiro","link":"https:\/\/blogdoprosperi.com\/?cat=355071"},"img":{"alt_text":"","src":"https:\/\/i0.wp.com\/blogdoprosperi.com\/wp-content\/uploads\/2016\/10\/felipc3a3o-06.jpg?resize=350%2C200","width":350,"height":200,"srcset":"https:\/\/i0.wp.com\/blogdoprosperi.com\/wp-content\/uploads\/2016\/10\/felipc3a3o-06.jpg?resize=350%2C200 1x, https:\/\/i0.wp.com\/blogdoprosperi.com\/wp-content\/uploads\/2016\/10\/felipc3a3o-06.jpg?resize=525%2C300 1.5x, https:\/\/i0.wp.com\/blogdoprosperi.com\/wp-content\/uploads\/2016\/10\/felipc3a3o-06.jpg?resize=700%2C400 2x, https:\/\/i0.wp.com\/blogdoprosperi.com\/wp-content\/uploads\/2016\/10\/felipc3a3o-06.jpg?resize=1050%2C600 3x, https:\/\/i0.wp.com\/blogdoprosperi.com\/wp-content\/uploads\/2016\/10\/felipc3a3o-06.jpg?resize=1400%2C800 4x"},"classes":[]},{"id":36058,"url":"https:\/\/blogdoprosperi.com\/?p=36058","url_meta":{"origin":34230,"position":3},"title":"Chape enquadra os grandes no Brasileir\u00e3o","author":"Luiz Ant\u00f4nio Pr\u00f3speri","date":"5 de junho de 2017","format":false,"excerpt":"Brasileir\u00e3o 2017 fecha a quarta rodada com a surpreendente Chapecoense na lideran\u00e7a. Escancara a press\u00e3o em treinadores, como Z\u00e9 Ricardo no Flamengo, sem bons resultados. Aumenta a interroga\u00e7\u00e3o em cima de Palmeiras e Atl\u00e9tico-MG, dois candidatos ao t\u00edtulo. E refor\u00e7a o bom momento de Gr\u00eamio e Corinthians. FORCA CHAPE Dizimada\u2026","rel":"","context":"Em &quot;Campeonato Brasileiro&quot;","block_context":{"text":"Campeonato Brasileiro","link":"https:\/\/blogdoprosperi.com\/?cat=355071"},"img":{"alt_text":"","src":"https:\/\/i0.wp.com\/blogdoprosperi.com\/wp-content\/uploads\/2017\/06\/chapecoense_x_cruzeiro.jpg?fit=500%2C333&ssl=1&resize=350%2C200","width":350,"height":200},"classes":[]},{"id":37105,"url":"https:\/\/blogdoprosperi.com\/?p=37105","url_meta":{"origin":34230,"position":4},"title":"Palmeiras procura um treinador de peso","author":"Luiz Ant\u00f4nio Pr\u00f3speri","date":"9 de novembro de 2017","format":false,"excerpt":"Palmeiras corre risco de ficar sem a vaga direta na Libertadores de 2018. Alberto Valentim tem cinco jogos para garantir a classifica\u00e7\u00e3o. Seja qual for o resultado, \u00e9 certo que o clube vai investir em um treinador de peso.","rel":"","context":"Em &quot;Campeonato Brasileiro&quot;","block_context":{"text":"Campeonato Brasileiro","link":"https:\/\/blogdoprosperi.com\/?cat=355071"},"img":{"alt_text":"Palmeiras em busca de um treinador","src":"https:\/\/i0.wp.com\/blogdoprosperi.com\/wp-content\/uploads\/2017\/11\/24404757278_315a5ab479_z.jpg?fit=640%2C374&ssl=1&resize=350%2C200","width":350,"height":200,"srcset":"https:\/\/i0.wp.com\/blogdoprosperi.com\/wp-content\/uploads\/2017\/11\/24404757278_315a5ab479_z.jpg?fit=640%2C374&ssl=1&resize=350%2C200 1x, https:\/\/i0.wp.com\/blogdoprosperi.com\/wp-content\/uploads\/2017\/11\/24404757278_315a5ab479_z.jpg?fit=640%2C374&ssl=1&resize=525%2C300 1.5x"},"classes":[]},{"id":11401,"url":"https:\/\/blogdoprosperi.com\/?p=11401","url_meta":{"origin":34230,"position":5},"title":"Corinthians n\u00e3o encontra sucessor de Tite no mercado. E o Dunga?","author":"Luiz Ant\u00f4nio Pr\u00f3speri","date":"17 de junho de 2016","format":false,"excerpt":"Corinthians sofre com a sa\u00edda repentina de Tite, convocado a servir a Sele\u00e7\u00e3o Brasileira. Como se um furac\u00e3o varresse o clube em menos de uma semana. Sem o seu mentor, a situa\u00e7\u00e3o se agravou com a falta de op\u00e7\u00f5es no mercado de t\u00e9cnicos. Tudo aconteceu muito r\u00e1pido. O Brasil foi\u2026","rel":"","context":"Em &quot;futebol&quot;","block_context":{"text":"futebol","link":"https:\/\/blogdoprosperi.com\/?cat=53870"},"img":{"alt_text":"","src":"https:\/\/i0.wp.com\/blogdoprosperi.com\/wp-content\/uploads\/2016\/06\/paulo-roberto-falcc3a3o-spt-x-ame-chico-peixoto-14.jpg?resize=350%2C200","width":350,"height":200},"classes":[]}],"jetpack_featured_media_url":"","_links":{"self":[{"href":"https:\/\/blogdoprosperi.com\/index.php?rest_route=\/wp\/v2\/posts\/34230","targetHints":{"allow":["GET"]}}],"collection":[{"href":"https:\/\/blogdoprosperi.com\/index.php?rest_route=\/wp\/v2\/posts"}],"about":[{"href":"https:\/\/blogdoprosperi.com\/index.php?rest_route=\/wp\/v2\/types\/post"}],"author":[{"embeddable":true,"href":"https:\/\/blogdoprosperi.com\/index.php?rest_route=\/wp\/v2\/users\/102107496"}],"replies":[{"embeddable":true,"href":"https:\/\/blogdoprosperi.com\/index.php?rest_route=%2Fwp%2Fv2%2Fcomments&post=34230"}],"version-history":[{"count":25,"href":"https:\/\/blogdoprosperi.com\/index.php?rest_route=\/wp\/v2\/posts\/34230\/revisions"}],"predecessor-version":[{"id":34294,"href":"https:\/\/blogdoprosperi.com\/index.php?rest_route=\/wp\/v2\/posts\/34230\/revisions\/34294"}],"wp:attachment":[{"href":"https:\/\/blogdoprosperi.com\/index.php?rest_route=%2Fwp%2Fv2%2Fmedia&parent=34230"}],"wp:term":[{"taxonomy":"category","embeddable":true,"href":"https:\/\/blogdoprosperi.com\/index.php?rest_route=%2Fwp%2Fv2%2Fcategories&post=34230"},{"taxonomy":"post_tag","embeddable":true,"href":"https:\/\/blogdoprosperi.com\/index.php?rest_route=%2Fwp%2Fv2%2Ftags&post=34230"}],"curies":[{"name":"wp","href":"https:\/\/api.w.org\/{rel}","templated":true}]}}