{"id":34399,"date":"2017-01-03T23:06:40","date_gmt":"2017-01-04T01:06:40","guid":{"rendered":"http:\/\/blogdoprosperi.com\/?p=34399"},"modified":"2017-01-04T00:26:31","modified_gmt":"2017-01-04T02:26:31","slug":"flamengo-corre-atras-do-palmeiras-em-2017","status":"publish","type":"post","link":"https:\/\/blogdoprosperi.com\/?p=34399","title":{"rendered":"Flamengo corre atr\u00e1s do Palmeiras em 2017"},"content":{"rendered":"<p class=\"selectionShareable\"><span class=\"alignnone\"><img data-recalc-dims=\"1\" loading=\"lazy\" decoding=\"async\" data-attachment-id=\"28664\" data-permalink=\"https:\/\/blogdoprosperi.com\/?attachment_id=28664\" data-orig-file=\"https:\/\/i0.wp.com\/blogdoprosperi.com\/wp-content\/uploads\/2016\/10\/4bb9228521b7706f8af0ab6511487c18.jpg?fit=1920%2C1080&amp;ssl=1\" data-orig-size=\"1920,1080\" data-comments-opened=\"1\" data-image-meta=\"{&quot;aperture&quot;:&quot;0&quot;,&quot;credit&quot;:&quot;&quot;,&quot;camera&quot;:&quot;&quot;,&quot;caption&quot;:&quot;&quot;,&quot;created_timestamp&quot;:&quot;0&quot;,&quot;copyright&quot;:&quot;&quot;,&quot;focal_length&quot;:&quot;0&quot;,&quot;iso&quot;:&quot;0&quot;,&quot;shutter_speed&quot;:&quot;0&quot;,&quot;title&quot;:&quot;&quot;,&quot;orientation&quot;:&quot;0&quot;}\" data-image-title=\"4bb9228521b7706f8af0ab6511487c18\" data-image-description=\"\" data-image-caption=\"\" data-large-file=\"https:\/\/i0.wp.com\/blogdoprosperi.com\/wp-content\/uploads\/2016\/10\/4bb9228521b7706f8af0ab6511487c18.jpg?fit=940%2C529&amp;ssl=1\" class=\"alignnone size-full wp-image-28664\" src=\"https:\/\/i0.wp.com\/blogdoprosperi.com\/wp-content\/uploads\/2016\/10\/4bb9228521b7706f8af0ab6511487c18.jpg?resize=940%2C529&#038;ssl=1\" alt=\"4bb9228521b7706f8af0ab6511487c18\" width=\"940\" height=\"529\" \/><\/span>Palmeiras e Flamengo entram em 2017 da mesma forma como fecharam 2016. O clube paulista leva vantagem diante do carioca, assim como aconteceu no Brasileir\u00e3o do ano passado. Seja na contrata\u00e7\u00e3o de refor\u00e7os, seja nos acordos de patroc\u00ednio. Confronto saud\u00e1vel e um bem ao futebol brasileiro neste in\u00edcio de temporada.<!--more--><\/p>\n<p class=\"selectionShareable\">Veja, por exemplo, o esfor\u00e7o do Flamengo na busca por um novo patrocinador. Acaba de fechar um contrato de seis anos com empresa de energ\u00e9ticos tailandesa Carabao. Acordo que vai render R$ 190 milh\u00f5es \u2013\u00a0R$ 15 milh\u00f5es em 2017 e, a partir de 2018 at\u00e9 2022, R$ 35 milh\u00f5es anuais. No ano que vem, a Carabao ocupar\u00e1 o espa\u00e7o master da Caixa Econ\u00f4mica Federal na camisa alvinegra.<\/p>\n<p class=\"selectionShareable\">Destaco aqui um trecho da reportagem da revista <em>Meio &amp; Mensagem<\/em> sobre a nova patrocinadora do Flamengo:<\/p>\n<p class=\"selectionShareable\">&#8220;Criada em 2002, a Carabao nasceu no mesmo pa\u00eds onde Dietrich Mateschitz, fundador da Red Bull, descobriu a subst\u00e2ncia taurina, em 1984, ap\u00f3s uma viagem \u00e0 regi\u00e3o. O componente tornou-se a principal base dos energ\u00e9ticos.<\/p>\n<p class=\"selectionShareable\">O nome, uma homenagem ao cantor de folk Aed Carabao, tamb\u00e9m significa b\u00fafalo em tailand\u00eas e remete ao s\u00edmbolo de for\u00e7a e energia. A empresa iniciou seu processo de internacionaliza\u00e7\u00e3o em 2004 e fechou o ano de 2015 com um faturamento de US$ 225 milh\u00f5es sendo dona de 17% do mercado de energ\u00e9ticos da Tail\u00e2ndia. Por l\u00e1, os principais consumidores da bebida s\u00e3o trabalhadores de setores com alto n\u00edvel de esfor\u00e7o f\u00edsico como oper\u00e1rios de minas e confec\u00e7\u00f5es.<\/p>\n<p class=\"selectionShareable\">A principal plataforma de marketing da Carabao \u00e9 o patroc\u00ednio ao futebol. A empresa det\u00e9m o t\u00edtulo de sponsor da English Football League e \u00e9 parceira do Chelsea no fornecimento de uniformes em um contrato avaliado em US$ 12,2 milh\u00f5es ao ano. A empresa tamb\u00e9m patrocina o time ingl\u00eas Reading FC em um contrato de \u00a0US$\u00a037 milh\u00f5es anuais.&#8221;<\/p>\n<p class=\"selectionShareable\">Com a Carabao e mais parceiros de marketing na camisa, o clube carioca deve beliscar cerca de R$ 99 milh\u00f5es.<\/p>\n<p class=\"selectionShareable\"><a href=\"http:\/\/blogdoprosperi.com\/2016\/12\/27\/palmeiras-muda-de-perfil-em-busca-da-libertadores-2017\/\">Palmeiras<\/a> tem uma situa\u00e7\u00e3o bem mais confort\u00e1vel. Est\u00e1 no processo final de renova\u00e7\u00e3o de contrato com a Crefisa, avaliado em R$ 88 milh\u00f5es anuais \u2013 com possibilidade de pular para R$ 100 milh\u00f5es.<\/p>\n<p class=\"selectionShareable\">Principal patrocinadora do campe\u00e3o brasileiro de 2016, a Crefisa tem um capital estimado em R$ 2 bilh\u00f5es. A empresa atua no mercado de cr\u00e9dito financeiro e est\u00e1 com o Alviverde desde a temporada de 2015.<\/p>\n<p class=\"selectionShareable\">Fora o aporte anual, ainda banca a contrata\u00e7\u00e3o de jogadores, como \u00e9 o caso do atacante Lucas Barrios.\u00a0Neste in\u00edcio de 2017, a Crefisa promete investir em um refor\u00e7o de express\u00e3o.<\/p>\n<p class=\"selectionShareable\">Em 2016, a empresa teve problemas com o ex-presidente Paulo Nobre e, segundo bastidores do clube, tem boas possibilidades de se entender melhor com Mauricio Galiotte, o novo presidente do Palmeiras.<\/p>\n<p class=\"selectionShareable\">Na corrida por refor\u00e7os, Flamengo anda mais t\u00edmido que seu concorrente. Fechou a contrata\u00e7\u00e3o do meia argentino Dario Conca, que retorna do futebol chin\u00eas. Em processo de recupera\u00e7\u00e3o de uma les\u00e3o, o craque s\u00f3 deve jogar em abril. At\u00e9 l\u00e1, o Fla n\u00e3o vai pagar seus sal\u00e1rios. H\u00e1 expectativa de anunciar o \u00f3timo Marinho, atacante do Vit\u00f3ria, uma bela contrata\u00e7\u00e3o.<\/p>\n<p class=\"selectionShareable\">Enquanto isso, o<a href=\"http:\/\/blogdoprosperi.com\/2016\/12\/26\/palmeiras-corinthians-sao-paulo-e-santos-e-seus-tormentos-em-2017\/\"> Palmeiras j\u00e1 fechou com cinco refor\u00e7os<\/a> ao custo estimado de R$ 25 milh\u00f5es: os meias Guerra (Atl\u00e9tico Nacional), Michel Bastos (ex-S\u00e3o Paulo), Hyoran (Chapecoense), Raphael Veiga (Coritiba) e o atacante Keno (Santa Cruz). Em contrapartida, perdeu<a href=\"http:\/\/blogdoprosperi.com\/2016\/07\/22\/entenda-como-gabriel-jesus-escolheu-manchester-city-para-jogar-na-europa\/\"> Gabriel Jesus, vendido ao Manchester City.<\/a><\/p>\n<p class=\"selectionShareable\">Nesta quarta-feira, deve anunciar a chegada do volante Felipe Melo, ex-Inter de Mil\u00e3o.<\/p>\n<p class=\"selectionShareable\">Neste ritmo, o campe\u00e3o brasileiro de 2016 vai come\u00e7ar 2017 com larga vantagem sobre o Flamengo, seu principal rival na briga pelo t\u00edtulo na temporada passada. A conferir.<\/p>\n<p class=\"selectionShareable\"><strong>DOIS TOQUES:<\/strong><\/p>\n<p><strong>1. Leia o eBook do Palmeiras campe\u00e3o brasileiro de 2016. Acesse o link abaixo:\u00a0<\/strong><\/p>\n<p class=\"selectionShareable\"><a href=\"https:\/\/www.amazon.com.br\/Palmeiras-Maior-Campe\u00e3o-cr\u00f4nica-Brasileir\u00e3o-ebook\/dp\/B01N4E46KK\/ref=sr_1_1?ie=UTF8&amp;qid=1483491575&amp;sr=8-1&amp;keywords=palmeiras+maior+campe\u00e3ohttps:\/\/www.amazon.com.br\/Palmeiras-Maior-Campe\u00e3o-cr\u00f4nica-Brasileir\u00e3o-ebook\/dp\/B01N4E46KK\/ref=sr_1_1?ie=UTF8&amp;qid=1483491575&amp;sr=8-1&amp;keywords=palmeiras+maior+campe\u00e3o\">Palmeiras Maior Campe\u00e3o<\/a><\/p>\n<p class=\"selectionShareable\"><span class=\"alignnone\"><img data-recalc-dims=\"1\" loading=\"lazy\" decoding=\"async\" data-attachment-id=\"34250\" data-permalink=\"https:\/\/blogdoprosperi.com\/?attachment_id=34250\" data-orig-file=\"https:\/\/i0.wp.com\/blogdoprosperi.com\/wp-content\/uploads\/2016\/12\/jesusebook.jpg?fit=314%2C500&amp;ssl=1\" data-orig-size=\"314,500\" data-comments-opened=\"1\" data-image-meta=\"{&quot;aperture&quot;:&quot;0&quot;,&quot;credit&quot;:&quot;&quot;,&quot;camera&quot;:&quot;&quot;,&quot;caption&quot;:&quot;&quot;,&quot;created_timestamp&quot;:&quot;0&quot;,&quot;copyright&quot;:&quot;&quot;,&quot;focal_length&quot;:&quot;0&quot;,&quot;iso&quot;:&quot;0&quot;,&quot;shutter_speed&quot;:&quot;0&quot;,&quot;title&quot;:&quot;&quot;,&quot;orientation&quot;:&quot;0&quot;}\" data-image-title=\"jesusebook\" data-image-description=\"\" data-image-caption=\"\" data-large-file=\"https:\/\/i0.wp.com\/blogdoprosperi.com\/wp-content\/uploads\/2016\/12\/jesusebook.jpg?fit=314%2C500&amp;ssl=1\" class=\"alignnone size-full wp-image-34250\" src=\"https:\/\/i0.wp.com\/blogdoprosperi.com\/wp-content\/uploads\/2016\/12\/jesusebook.jpg?resize=314%2C500&#038;ssl=1\" alt=\"jesusebook\" width=\"314\" height=\"500\" \/><\/span><\/p>\n<p class=\"selectionShareable\">\u00c0 venda ainda na plataforma iBook.<\/p>\n<p class=\"selectionShareable\"><strong>2. <\/strong>Me acompanhe tamb\u00e9m no <strong><em>chuteirafc.com.br<\/em><\/strong>, um novo espa\u00e7o de an\u00e1lise, debate e informa\u00e7\u00f5es do futebol.<strong> \u00a0<\/strong><\/p>\n","protected":false},"excerpt":{"rendered":"<p>Palmeiras e Flamengo entram em 2017 da mesma forma como fecharam 2016. O clube paulista leva vantagem diante [&hellip;]<\/p>\n","protected":false},"author":102107496,"featured_media":0,"comment_status":"open","ping_status":"open","sticky":false,"template":"","format":"standard","meta":{"_coblocks_attr":"","_coblocks_dimensions":"","_coblocks_responsive_height":"","_coblocks_accordion_ie_support":"","_jetpack_newsletter_access":"","_jetpack_dont_email_post_to_subs":false,"_jetpack_newsletter_tier_id":0,"_jetpack_memberships_contains_paywalled_content":false,"_wpcom_ai_launchpad_first_post":false,"_jetpack_feature_clip_id":0,"_jetpack_memberships_contains_paid_content":false,"footnotes":"","jetpack_publicize_message":"","jetpack_publicize_feature_enabled":true,"jetpack_social_post_already_shared":false,"jetpack_social_options":{"image_generator_settings":{"template":"highway","default_image_id":0,"font":"","enabled":false},"version":2},"jetpack_post_was_ever_published":false},"categories":[355071,53870],"tags":[362595295,558836,413544154,3020742,19506041,7543543,5430725,789560560,8328841],"class_list":["post-34399","post","type-post","status-publish","format-standard","hentry","category-campeonato-brasileiro","category-futebol","tag-brasileirao-2016","tag-carabao","tag-copa-libertadores-2017","tag-cr-flamengo","tag-crefisa","tag-dario-conca","tag-felipe-melo","tag-futebol","tag-palmeiras-clube"],"yoast_head":"<!-- This site is optimized with the Yoast SEO plugin v28.3 - https:\/\/yoast.com\/product\/yoast-seo-wordpress\/ -->\n<title>Flamengo corre atr\u00e1s do Palmeiras em 2017 - PR\u00d3SPERI NEWS<\/title>\n<meta name=\"robots\" content=\"index, follow, max-snippet:-1, max-image-preview:large, max-video-preview:-1\" \/>\n<link rel=\"canonical\" href=\"https:\/\/blogdoprosperi.com\/?p=34399\" \/>\n<meta property=\"og:locale\" content=\"pt_BR\" \/>\n<meta property=\"og:type\" content=\"article\" \/>\n<meta property=\"og:title\" content=\"Flamengo corre atr\u00e1s do Palmeiras em 2017 - PR\u00d3SPERI NEWS\" \/>\n<meta property=\"og:description\" content=\"Palmeiras e Flamengo entram em 2017 da mesma forma como fecharam 2016. O clube paulista leva vantagem diante [&hellip;]\" \/>\n<meta property=\"og:url\" content=\"https:\/\/blogdoprosperi.com\/?p=34399\" \/>\n<meta property=\"og:site_name\" content=\"PR\u00d3SPERI NEWS\" \/>\n<meta property=\"article:publisher\" content=\"Luiz Pr\u00f3speri\" \/>\n<meta property=\"article:author\" content=\"Luiz Pr\u00f3speri\" \/>\n<meta property=\"article:published_time\" content=\"2017-01-04T01:06:40+00:00\" \/>\n<meta property=\"article:modified_time\" content=\"2017-01-04T02:26:31+00:00\" \/>\n<meta property=\"og:image\" content=\"https:\/\/blogdoprosperi.com\/wp-content\/uploads\/2016\/10\/4bb9228521b7706f8af0ab6511487c18.jpg\" \/>\n<meta name=\"author\" content=\"Luiz Ant\u00f4nio Pr\u00f3speri\" \/>\n<meta name=\"twitter:card\" content=\"summary_large_image\" \/>\n<meta name=\"twitter:creator\" content=\"@Luizprosperi\" \/>\n<meta name=\"twitter:site\" content=\"@Luizprosperi\" \/>\n<meta name=\"twitter:label1\" content=\"Escrito por\" \/>\n\t<meta name=\"twitter:data1\" content=\"Luiz Ant\u00f4nio Pr\u00f3speri\" \/>\n\t<meta name=\"twitter:label2\" content=\"Est. tempo de leitura\" \/>\n\t<meta name=\"twitter:data2\" content=\"3 minutos\" \/>\n<script type=\"application\/ld+json\" class=\"yoast-schema-graph\">{\"@context\":\"https:\\\/\\\/schema.org\",\"@graph\":[{\"@type\":\"Article\",\"@id\":\"https:\\\/\\\/blogdoprosperi.com\\\/?p=34399#article\",\"isPartOf\":{\"@id\":\"https:\\\/\\\/blogdoprosperi.com\\\/?p=34399\"},\"author\":{\"name\":\"Luiz Ant\u00f4nio Pr\u00f3speri\",\"@id\":\"https:\\\/\\\/blogdoprosperi.com\\\/#\\\/schema\\\/person\\\/38100755ce3601861ee4fab9b5aa78e9\"},\"headline\":\"Flamengo corre atr\u00e1s do Palmeiras em 2017\",\"datePublished\":\"2017-01-04T01:06:40+00:00\",\"dateModified\":\"2017-01-04T02:26:31+00:00\",\"mainEntityOfPage\":{\"@id\":\"https:\\\/\\\/blogdoprosperi.com\\\/?p=34399\"},\"wordCount\":693,\"commentCount\":3,\"publisher\":{\"@id\":\"https:\\\/\\\/blogdoprosperi.com\\\/#\\\/schema\\\/person\\\/38100755ce3601861ee4fab9b5aa78e9\"},\"image\":{\"@id\":\"https:\\\/\\\/blogdoprosperi.com\\\/?p=34399#primaryimage\"},\"thumbnailUrl\":\"https:\\\/\\\/blogdoprosperi.com\\\/wp-content\\\/uploads\\\/2016\\\/10\\\/4bb9228521b7706f8af0ab6511487c18.jpg\",\"keywords\":[\"Brasileir\u00e3o-2016\",\"Carabao\",\"Copa Libertadores 2017\",\"CR Flamengo\",\"Crefisa\",\"Dario Conca\",\"Felipe Melo\",\"futebol\",\"Palmeiras Clube\"],\"articleSection\":[\"Campeonato Brasileiro\",\"futebol\"],\"inLanguage\":\"pt-BR\",\"potentialAction\":[{\"@type\":\"CommentAction\",\"name\":\"Comment\",\"target\":[\"https:\\\/\\\/blogdoprosperi.com\\\/?p=34399#respond\"]}]},{\"@type\":\"WebPage\",\"@id\":\"https:\\\/\\\/blogdoprosperi.com\\\/?p=34399\",\"url\":\"https:\\\/\\\/blogdoprosperi.com\\\/?p=34399\",\"name\":\"Flamengo corre atr\u00e1s do Palmeiras em 2017 - PR\u00d3SPERI NEWS\",\"isPartOf\":{\"@id\":\"https:\\\/\\\/blogdoprosperi.com\\\/#website\"},\"primaryImageOfPage\":{\"@id\":\"https:\\\/\\\/blogdoprosperi.com\\\/?p=34399#primaryimage\"},\"image\":{\"@id\":\"https:\\\/\\\/blogdoprosperi.com\\\/?p=34399#primaryimage\"},\"thumbnailUrl\":\"https:\\\/\\\/blogdoprosperi.com\\\/wp-content\\\/uploads\\\/2016\\\/10\\\/4bb9228521b7706f8af0ab6511487c18.jpg\",\"datePublished\":\"2017-01-04T01:06:40+00:00\",\"dateModified\":\"2017-01-04T02:26:31+00:00\",\"breadcrumb\":{\"@id\":\"https:\\\/\\\/blogdoprosperi.com\\\/?p=34399#breadcrumb\"},\"inLanguage\":\"pt-BR\",\"potentialAction\":[{\"@type\":\"ReadAction\",\"target\":[\"https:\\\/\\\/blogdoprosperi.com\\\/?p=34399\"]}]},{\"@type\":\"ImageObject\",\"inLanguage\":\"pt-BR\",\"@id\":\"https:\\\/\\\/blogdoprosperi.com\\\/?p=34399#primaryimage\",\"url\":\"https:\\\/\\\/i0.wp.com\\\/blogdoprosperi.com\\\/wp-content\\\/uploads\\\/2016\\\/10\\\/4bb9228521b7706f8af0ab6511487c18.jpg?fit=1920%2C1080&ssl=1\",\"contentUrl\":\"https:\\\/\\\/i0.wp.com\\\/blogdoprosperi.com\\\/wp-content\\\/uploads\\\/2016\\\/10\\\/4bb9228521b7706f8af0ab6511487c18.jpg?fit=1920%2C1080&ssl=1\",\"width\":1920,\"height\":1080},{\"@type\":\"BreadcrumbList\",\"@id\":\"https:\\\/\\\/blogdoprosperi.com\\\/?p=34399#breadcrumb\",\"itemListElement\":[{\"@type\":\"ListItem\",\"position\":1,\"name\":\"In\u00edcio\",\"item\":\"https:\\\/\\\/blogdoprosperi.com\\\/\"},{\"@type\":\"ListItem\",\"position\":2,\"name\":\"Flamengo corre atr\u00e1s do Palmeiras em 2017\"}]},{\"@type\":\"WebSite\",\"@id\":\"https:\\\/\\\/blogdoprosperi.com\\\/#website\",\"url\":\"https:\\\/\\\/blogdoprosperi.com\\\/\",\"name\":\"PR\u00d3SPERI NEWS\",\"description\":\"TUDO \u00c9  FUTEBOL\",\"publisher\":{\"@id\":\"https:\\\/\\\/blogdoprosperi.com\\\/#\\\/schema\\\/person\\\/38100755ce3601861ee4fab9b5aa78e9\"},\"alternateName\":\"blogdoprosperi.com\",\"potentialAction\":[{\"@type\":\"SearchAction\",\"target\":{\"@type\":\"EntryPoint\",\"urlTemplate\":\"https:\\\/\\\/blogdoprosperi.com\\\/?s={search_term_string}\"},\"query-input\":{\"@type\":\"PropertyValueSpecification\",\"valueRequired\":true,\"valueName\":\"search_term_string\"}}],\"inLanguage\":\"pt-BR\"},{\"@type\":[\"Person\",\"Organization\"],\"@id\":\"https:\\\/\\\/blogdoprosperi.com\\\/#\\\/schema\\\/person\\\/38100755ce3601861ee4fab9b5aa78e9\",\"name\":\"Luiz Ant\u00f4nio Pr\u00f3speri\",\"pronouns\":\"ele\",\"image\":{\"@type\":\"ImageObject\",\"inLanguage\":\"pt-BR\",\"@id\":\"https:\\\/\\\/i0.wp.com\\\/blogdoprosperi.com\\\/wp-content\\\/uploads\\\/2026\\\/05\\\/cropped-8059e613-6002-42fa-961e-8e275f575d71-2-5.jpg?fit=1360%2C931&ssl=1\",\"url\":\"https:\\\/\\\/i0.wp.com\\\/blogdoprosperi.com\\\/wp-content\\\/uploads\\\/2026\\\/05\\\/cropped-8059e613-6002-42fa-961e-8e275f575d71-2-5.jpg?fit=1360%2C931&ssl=1\",\"contentUrl\":\"https:\\\/\\\/i0.wp.com\\\/blogdoprosperi.com\\\/wp-content\\\/uploads\\\/2026\\\/05\\\/cropped-8059e613-6002-42fa-961e-8e275f575d71-2-5.jpg?fit=1360%2C931&ssl=1\",\"width\":1360,\"height\":931,\"caption\":\"Luiz Ant\u00f4nio Pr\u00f3speri\"},\"logo\":{\"@id\":\"https:\\\/\\\/i0.wp.com\\\/blogdoprosperi.com\\\/wp-content\\\/uploads\\\/2026\\\/05\\\/cropped-8059e613-6002-42fa-961e-8e275f575d71-2-5.jpg?fit=1360%2C931&ssl=1\"},\"description\":\"Jornalista com carreira dedicada ao esporte. Cobriu 9 Copas do Mundo in loco, 1990 na It\u00e1lia, 1994 nos EUA, 1998 na Fran\u00e7a, 2002 na Coreia do Sul e Jap\u00e3o, 2006 na Alemanha, 2010 na \u00c1frica do Sul, 2014 no Brasil, 2018 na R\u00fassia e 2022 no Qatar. Eurocopas, 1992 na Su\u00e9cia e 1996 na Inglaterra. Copa das Confedera\u00e7\u00f5es de 2005 na Alemanha e 2009 na \u00c1frica do Sul. Rep\u00f3rter e Editor, trabalhou no Jornal da Tarde e Estad\u00e3o, de 1984 a fevereiro de 2016. Colunista, blogueiro. E comentarista de futebol na R\u00e1dio Estad\u00e3o, de 2013 a fevereiro de 2016. Jornalista respons\u00e1vel do \\\"Pr\u00f3speri News\\\" (blogdoprosperi.com).\",\"sameAs\":[\"http:\\\/\\\/blogdoprosperi.com\",\"Luiz Pr\u00f3speri\",\"@luiz_prosperi\",\"https:\\\/\\\/x.com\\\/Luizprosperi\",\"@prosperinacopa\",\"luiz.prosperi@icloud.com\"],\"url\":\"https:\\\/\\\/blogdoprosperi.com\\\/?author=102107496\"}]}<\/script>\n<!-- \/ Yoast SEO plugin. -->","yoast_head_json":{"title":"Flamengo corre atr\u00e1s do Palmeiras em 2017 - PR\u00d3SPERI NEWS","robots":{"index":"index","follow":"follow","max-snippet":"max-snippet:-1","max-image-preview":"max-image-preview:large","max-video-preview":"max-video-preview:-1"},"canonical":"https:\/\/blogdoprosperi.com\/?p=34399","og_locale":"pt_BR","og_type":"article","og_title":"Flamengo corre atr\u00e1s do Palmeiras em 2017 - PR\u00d3SPERI NEWS","og_description":"Palmeiras e Flamengo entram em 2017 da mesma forma como fecharam 2016. O clube paulista leva vantagem diante [&hellip;]","og_url":"https:\/\/blogdoprosperi.com\/?p=34399","og_site_name":"PR\u00d3SPERI NEWS","article_publisher":"Luiz Pr\u00f3speri","article_author":"Luiz Pr\u00f3speri","article_published_time":"2017-01-04T01:06:40+00:00","article_modified_time":"2017-01-04T02:26:31+00:00","og_image":[{"url":"https:\/\/blogdoprosperi.com\/wp-content\/uploads\/2016\/10\/4bb9228521b7706f8af0ab6511487c18.jpg","type":"","width":"","height":""}],"author":"Luiz Ant\u00f4nio Pr\u00f3speri","twitter_card":"summary_large_image","twitter_creator":"@Luizprosperi","twitter_site":"@Luizprosperi","twitter_misc":{"Escrito por":"Luiz Ant\u00f4nio Pr\u00f3speri","Est. tempo de leitura":"3 minutos"},"schema":{"@context":"https:\/\/schema.org","@graph":[{"@type":"Article","@id":"https:\/\/blogdoprosperi.com\/?p=34399#article","isPartOf":{"@id":"https:\/\/blogdoprosperi.com\/?p=34399"},"author":{"name":"Luiz Ant\u00f4nio Pr\u00f3speri","@id":"https:\/\/blogdoprosperi.com\/#\/schema\/person\/38100755ce3601861ee4fab9b5aa78e9"},"headline":"Flamengo corre atr\u00e1s do Palmeiras em 2017","datePublished":"2017-01-04T01:06:40+00:00","dateModified":"2017-01-04T02:26:31+00:00","mainEntityOfPage":{"@id":"https:\/\/blogdoprosperi.com\/?p=34399"},"wordCount":693,"commentCount":3,"publisher":{"@id":"https:\/\/blogdoprosperi.com\/#\/schema\/person\/38100755ce3601861ee4fab9b5aa78e9"},"image":{"@id":"https:\/\/blogdoprosperi.com\/?p=34399#primaryimage"},"thumbnailUrl":"https:\/\/blogdoprosperi.com\/wp-content\/uploads\/2016\/10\/4bb9228521b7706f8af0ab6511487c18.jpg","keywords":["Brasileir\u00e3o-2016","Carabao","Copa Libertadores 2017","CR Flamengo","Crefisa","Dario Conca","Felipe Melo","futebol","Palmeiras Clube"],"articleSection":["Campeonato Brasileiro","futebol"],"inLanguage":"pt-BR","potentialAction":[{"@type":"CommentAction","name":"Comment","target":["https:\/\/blogdoprosperi.com\/?p=34399#respond"]}]},{"@type":"WebPage","@id":"https:\/\/blogdoprosperi.com\/?p=34399","url":"https:\/\/blogdoprosperi.com\/?p=34399","name":"Flamengo corre atr\u00e1s do Palmeiras em 2017 - PR\u00d3SPERI NEWS","isPartOf":{"@id":"https:\/\/blogdoprosperi.com\/#website"},"primaryImageOfPage":{"@id":"https:\/\/blogdoprosperi.com\/?p=34399#primaryimage"},"image":{"@id":"https:\/\/blogdoprosperi.com\/?p=34399#primaryimage"},"thumbnailUrl":"https:\/\/blogdoprosperi.com\/wp-content\/uploads\/2016\/10\/4bb9228521b7706f8af0ab6511487c18.jpg","datePublished":"2017-01-04T01:06:40+00:00","dateModified":"2017-01-04T02:26:31+00:00","breadcrumb":{"@id":"https:\/\/blogdoprosperi.com\/?p=34399#breadcrumb"},"inLanguage":"pt-BR","potentialAction":[{"@type":"ReadAction","target":["https:\/\/blogdoprosperi.com\/?p=34399"]}]},{"@type":"ImageObject","inLanguage":"pt-BR","@id":"https:\/\/blogdoprosperi.com\/?p=34399#primaryimage","url":"https:\/\/i0.wp.com\/blogdoprosperi.com\/wp-content\/uploads\/2016\/10\/4bb9228521b7706f8af0ab6511487c18.jpg?fit=1920%2C1080&ssl=1","contentUrl":"https:\/\/i0.wp.com\/blogdoprosperi.com\/wp-content\/uploads\/2016\/10\/4bb9228521b7706f8af0ab6511487c18.jpg?fit=1920%2C1080&ssl=1","width":1920,"height":1080},{"@type":"BreadcrumbList","@id":"https:\/\/blogdoprosperi.com\/?p=34399#breadcrumb","itemListElement":[{"@type":"ListItem","position":1,"name":"In\u00edcio","item":"https:\/\/blogdoprosperi.com\/"},{"@type":"ListItem","position":2,"name":"Flamengo corre atr\u00e1s do Palmeiras em 2017"}]},{"@type":"WebSite","@id":"https:\/\/blogdoprosperi.com\/#website","url":"https:\/\/blogdoprosperi.com\/","name":"PR\u00d3SPERI NEWS","description":"TUDO \u00c9  FUTEBOL","publisher":{"@id":"https:\/\/blogdoprosperi.com\/#\/schema\/person\/38100755ce3601861ee4fab9b5aa78e9"},"alternateName":"blogdoprosperi.com","potentialAction":[{"@type":"SearchAction","target":{"@type":"EntryPoint","urlTemplate":"https:\/\/blogdoprosperi.com\/?s={search_term_string}"},"query-input":{"@type":"PropertyValueSpecification","valueRequired":true,"valueName":"search_term_string"}}],"inLanguage":"pt-BR"},{"@type":["Person","Organization"],"@id":"https:\/\/blogdoprosperi.com\/#\/schema\/person\/38100755ce3601861ee4fab9b5aa78e9","name":"Luiz Ant\u00f4nio Pr\u00f3speri","pronouns":"ele","image":{"@type":"ImageObject","inLanguage":"pt-BR","@id":"https:\/\/i0.wp.com\/blogdoprosperi.com\/wp-content\/uploads\/2026\/05\/cropped-8059e613-6002-42fa-961e-8e275f575d71-2-5.jpg?fit=1360%2C931&ssl=1","url":"https:\/\/i0.wp.com\/blogdoprosperi.com\/wp-content\/uploads\/2026\/05\/cropped-8059e613-6002-42fa-961e-8e275f575d71-2-5.jpg?fit=1360%2C931&ssl=1","contentUrl":"https:\/\/i0.wp.com\/blogdoprosperi.com\/wp-content\/uploads\/2026\/05\/cropped-8059e613-6002-42fa-961e-8e275f575d71-2-5.jpg?fit=1360%2C931&ssl=1","width":1360,"height":931,"caption":"Luiz Ant\u00f4nio Pr\u00f3speri"},"logo":{"@id":"https:\/\/i0.wp.com\/blogdoprosperi.com\/wp-content\/uploads\/2026\/05\/cropped-8059e613-6002-42fa-961e-8e275f575d71-2-5.jpg?fit=1360%2C931&ssl=1"},"description":"Jornalista com carreira dedicada ao esporte. Cobriu 9 Copas do Mundo in loco, 1990 na It\u00e1lia, 1994 nos EUA, 1998 na Fran\u00e7a, 2002 na Coreia do Sul e Jap\u00e3o, 2006 na Alemanha, 2010 na \u00c1frica do Sul, 2014 no Brasil, 2018 na R\u00fassia e 2022 no Qatar. Eurocopas, 1992 na Su\u00e9cia e 1996 na Inglaterra. Copa das Confedera\u00e7\u00f5es de 2005 na Alemanha e 2009 na \u00c1frica do Sul. Rep\u00f3rter e Editor, trabalhou no Jornal da Tarde e Estad\u00e3o, de 1984 a fevereiro de 2016. Colunista, blogueiro. E comentarista de futebol na R\u00e1dio Estad\u00e3o, de 2013 a fevereiro de 2016. Jornalista respons\u00e1vel do \"Pr\u00f3speri News\" (blogdoprosperi.com).","sameAs":["http:\/\/blogdoprosperi.com","Luiz Pr\u00f3speri","@luiz_prosperi","https:\/\/x.com\/Luizprosperi","@prosperinacopa","luiz.prosperi@icloud.com"],"url":"https:\/\/blogdoprosperi.com\/?author=102107496"}]}},"jetpack_publicize_connections":[],"jetpack_likes_enabled":false,"jetpack_sharing_enabled":true,"jetpack_shortlink":"https:\/\/wp.me\/p7jvdk-8WP","jetpack-related-posts":[{"id":35839,"url":"https:\/\/blogdoprosperi.com\/?p=35839","url_meta":{"origin":34399,"position":0},"title":"Veja os favoritos ao Brasileir\u00e3o 2017, se o dinheiro falar mais alto","author":"Luiz Ant\u00f4nio Pr\u00f3speri","date":"13 de maio de 2017","format":false,"excerpt":"\u00a0 Brasileir\u00e3o 2017 come\u00e7a neste fim de semana com os clubes vivendo uma situa\u00e7\u00e3o financeira est\u00e1vel, agraciados com boas cotas de patroc\u00ednio e de transmiss\u00e3o de televis\u00e3o. Apresentam ainda balan\u00e7os da temporada com um crescimento de 30% das receitas em rela\u00e7\u00e3o ao exerc\u00edcio de 2015, alcan\u00e7ando R$ 4,9 bilh\u00f5es em\u2026","rel":"","context":"Em &quot;Campeonato Brasileiro&quot;","block_context":{"text":"Campeonato Brasileiro","link":"https:\/\/blogdoprosperi.com\/?cat=355071"},"img":{"alt_text":"","src":"https:\/\/i0.wp.com\/blogdoprosperi.com\/wp-content\/uploads\/2017\/05\/20161127195951_0.jpeg?fit=974%2C653&ssl=1&resize=350%2C200","width":350,"height":200,"srcset":"https:\/\/i0.wp.com\/blogdoprosperi.com\/wp-content\/uploads\/2017\/05\/20161127195951_0.jpeg?fit=974%2C653&ssl=1&resize=350%2C200 1x, https:\/\/i0.wp.com\/blogdoprosperi.com\/wp-content\/uploads\/2017\/05\/20161127195951_0.jpeg?fit=974%2C653&ssl=1&resize=525%2C300 1.5x, https:\/\/i0.wp.com\/blogdoprosperi.com\/wp-content\/uploads\/2017\/05\/20161127195951_0.jpeg?fit=974%2C653&ssl=1&resize=700%2C400 2x"},"classes":[]},{"id":44904,"url":"https:\/\/blogdoprosperi.com\/?p=44904","url_meta":{"origin":34399,"position":1},"title":"Janela de Transfer\u00eancias: Brasil Movimenta R$ 1 bilh\u00e3o na Contrata\u00e7\u00e3o de Jogadores, Botafogo \u00e9 o Maior Gastador","author":"Luiz Ant\u00f4nio Pr\u00f3speri","date":"3 de setembro de 2024","format":false,"excerpt":"Luiz Ant\u00f4nio Pr\u00f3speri \u2013 3 setembro (atualizado 19h40) Janela de transfer\u00eancias de jogadores no Brasil fechou \u00e0 meia-noite de segunda-feira (02\/9). Os 20 clubes da S\u00e9rie A do Brasileir\u00e3o-2024 movimentaram pouco mais de R$ 1,02 bilh\u00e3o na contrata\u00e7\u00e3o de 102 refor\u00e7os. As cinco principais ligas (Inglaterra, Alemanha, Espanha, It\u00e1lia e\u2026","rel":"","context":"Em &quot;futebol&quot;","block_context":{"text":"futebol","link":"https:\/\/blogdoprosperi.com\/?cat=53870"},"img":{"alt_text":"Botafogo lidera janela de transfer\u00eancia Brasileir\u00e3o","src":"https:\/\/i0.wp.com\/blogdoprosperi.com\/wp-content\/uploads\/2024\/08\/53939474383_d4131fa0d5_k.jpg?fit=1200%2C800&ssl=1&resize=350%2C200","width":350,"height":200,"srcset":"https:\/\/i0.wp.com\/blogdoprosperi.com\/wp-content\/uploads\/2024\/08\/53939474383_d4131fa0d5_k.jpg?fit=1200%2C800&ssl=1&resize=350%2C200 1x, https:\/\/i0.wp.com\/blogdoprosperi.com\/wp-content\/uploads\/2024\/08\/53939474383_d4131fa0d5_k.jpg?fit=1200%2C800&ssl=1&resize=525%2C300 1.5x, https:\/\/i0.wp.com\/blogdoprosperi.com\/wp-content\/uploads\/2024\/08\/53939474383_d4131fa0d5_k.jpg?fit=1200%2C800&ssl=1&resize=700%2C400 2x, https:\/\/i0.wp.com\/blogdoprosperi.com\/wp-content\/uploads\/2024\/08\/53939474383_d4131fa0d5_k.jpg?fit=1200%2C800&ssl=1&resize=1050%2C600 3x"},"classes":[]},{"id":6350,"url":"https:\/\/blogdoprosperi.com\/?p=6350","url_meta":{"origin":34399,"position":2},"title":"Flamengo e Atl\u00e9tico-MG, dois gigantes nas cordas","author":"Luiz Ant\u00f4nio Pr\u00f3speri","date":"19 de maio de 2016","format":false,"excerpt":"\u00a0 Flamengo e Atl\u00e9tico-MG t\u00eam pouco tempo para se reinventar, sob pena de jogar fora a temporada de 2016 antes mesmo de encerrar o primeiro semestre. A queda do time mineiro na Copa Libertadores custou a sa\u00edda do t\u00e9cnico Diego Aguirre e a elimina\u00e7\u00e3o do Flamengo na Copa do Brasil,\u2026","rel":"","context":"Em &quot;Campeonato Brasileiro&quot;","block_context":{"text":"Campeonato Brasileiro","link":"https:\/\/blogdoprosperi.com\/?cat=355071"},"img":{"alt_text":"","src":"https:\/\/i0.wp.com\/blogdoprosperi.com\/wp-content\/uploads\/2016\/05\/27114817065_0657eff2bf_o-600x400.jpg?resize=350%2C200&ssl=1","width":350,"height":200,"srcset":"https:\/\/i0.wp.com\/blogdoprosperi.com\/wp-content\/uploads\/2016\/05\/27114817065_0657eff2bf_o-600x400.jpg?resize=350%2C200&ssl=1 1x, https:\/\/i0.wp.com\/blogdoprosperi.com\/wp-content\/uploads\/2016\/05\/27114817065_0657eff2bf_o-600x400.jpg?resize=525%2C300&ssl=1 1.5x"},"classes":[]},{"id":56124,"url":"https:\/\/blogdoprosperi.com\/?p=56124","url_meta":{"origin":34399,"position":3},"title":"Palmeiras N\u00e3o Est\u00e1 Quebrado | Arias Vem A\u00ed","author":"Luiz Ant\u00f4nio Pr\u00f3speri","date":"4 de fevereiro de 2026","format":false,"excerpt":"Luiz Ant\u00f4nio Pr\u00f3speri \u2013 4 fevereiro 2026 (17h30) \u2013 Palmeiras n\u00e3o est\u00e1 quebrado. Tem equil\u00edbrio financeiro e receita estimada em R$ 1,6 bilh\u00e3o, no exerc\u00edcio de 2025, segundo balan\u00e7o oficial do clube publicado ter\u00e7a-feira (03\/2). Tanto \u00e9 que, sem delongas, vai investir cerca de R$ 154 milh\u00f5es (25 milh\u00f5es de\u2026","rel":"","context":"Em &quot;futebol&quot;","block_context":{"text":"futebol","link":"https:\/\/blogdoprosperi.com\/?cat=53870"},"img":{"alt_text":"Fluminense 2 a 0 Inter Mil\u00e3o Mundial de Clubes","src":"https:\/\/i0.wp.com\/blogdoprosperi.com\/wp-content\/uploads\/2025\/06\/54625024979_4f3b994951_c.jpg?fit=799%2C533&ssl=1&resize=350%2C200","width":350,"height":200,"srcset":"https:\/\/i0.wp.com\/blogdoprosperi.com\/wp-content\/uploads\/2025\/06\/54625024979_4f3b994951_c.jpg?fit=799%2C533&ssl=1&resize=350%2C200 1x, https:\/\/i0.wp.com\/blogdoprosperi.com\/wp-content\/uploads\/2025\/06\/54625024979_4f3b994951_c.jpg?fit=799%2C533&ssl=1&resize=525%2C300 1.5x, https:\/\/i0.wp.com\/blogdoprosperi.com\/wp-content\/uploads\/2025\/06\/54625024979_4f3b994951_c.jpg?fit=799%2C533&ssl=1&resize=700%2C400 2x"},"classes":[]},{"id":44829,"url":"https:\/\/blogdoprosperi.com\/?p=44829","url_meta":{"origin":34399,"position":4},"title":"URGENTE FUTEBOL","author":"Luiz Ant\u00f4nio Pr\u00f3speri","date":"26 de agosto de 2024","format":false,"excerpt":"26 agosto \u2013 Futebol brasileiro exalta for\u00e7a financeira do Flamengo. Or\u00e7amento acima de R$ 1,3 bilh\u00e3o por ano. Dinheiro sobrando para refor\u00e7ar o time de Tite, ajudar a fazer sucessor do presidente Rodolfo Landim nas elei\u00e7\u00f5es em dezembro e embalar campanha do diretor Marcos Braz \u00e0 reelei\u00e7\u00e3o na C\u00e2mara de\u2026","rel":"","context":"Em &quot;futebol&quot;","block_context":{"text":"futebol","link":"https:\/\/blogdoprosperi.com\/?cat=53870"},"img":{"alt_text":"Alcaraz no Flamengo","src":"https:\/\/i0.wp.com\/blogdoprosperi.com\/wp-content\/uploads\/2024\/08\/calros-alcaraz-flamengo-southampton-860x484-1.webp?fit=860%2C484&ssl=1&resize=350%2C200","width":350,"height":200,"srcset":"https:\/\/i0.wp.com\/blogdoprosperi.com\/wp-content\/uploads\/2024\/08\/calros-alcaraz-flamengo-southampton-860x484-1.webp?fit=860%2C484&ssl=1&resize=350%2C200 1x, https:\/\/i0.wp.com\/blogdoprosperi.com\/wp-content\/uploads\/2024\/08\/calros-alcaraz-flamengo-southampton-860x484-1.webp?fit=860%2C484&ssl=1&resize=525%2C300 1.5x, https:\/\/i0.wp.com\/blogdoprosperi.com\/wp-content\/uploads\/2024\/08\/calros-alcaraz-flamengo-southampton-860x484-1.webp?fit=860%2C484&ssl=1&resize=700%2C400 2x"},"classes":[]},{"id":43889,"url":"https:\/\/blogdoprosperi.com\/?p=43889","url_meta":{"origin":34399,"position":5},"title":"Futebol brasileiro muito al\u00e9m dos &#8220;\u00edndios&#8221; de Abel Ferreira","author":"Luiz Ant\u00f4nio Pr\u00f3speri","date":"12 de julho de 2024","format":false,"excerpt":"Policial armado atira no goleiro Ramon, do Gr\u00eamio An\u00e1polis (GO), quase \u00e0 queima-roupa. A bala de borracha atinge a coxa do jogador e abre um buraco nos m\u00fasculos da perna. Tudo isso dentro de campo, ap\u00f3s confus\u00e3o no jogo Gr\u00eamio An\u00e1polis x Centro Oeste, quarta-feira (10\/7), na 12.a rodada da\u2026","rel":"","context":"Em &quot;Campeonato Brasileiro&quot;","block_context":{"text":"Campeonato Brasileiro","link":"https:\/\/blogdoprosperi.com\/?cat=355071"},"img":{"alt_text":"","src":"https:\/\/i0.wp.com\/blogdoprosperi.com\/wp-content\/uploads\/2024\/07\/zubeldia-sao-paulo-x-talleres-libertadores-scaled-aspect-ratio-512-320.webp?fit=1200%2C750&ssl=1&resize=350%2C200","width":350,"height":200,"srcset":"https:\/\/i0.wp.com\/blogdoprosperi.com\/wp-content\/uploads\/2024\/07\/zubeldia-sao-paulo-x-talleres-libertadores-scaled-aspect-ratio-512-320.webp?fit=1200%2C750&ssl=1&resize=350%2C200 1x, https:\/\/i0.wp.com\/blogdoprosperi.com\/wp-content\/uploads\/2024\/07\/zubeldia-sao-paulo-x-talleres-libertadores-scaled-aspect-ratio-512-320.webp?fit=1200%2C750&ssl=1&resize=525%2C300 1.5x, https:\/\/i0.wp.com\/blogdoprosperi.com\/wp-content\/uploads\/2024\/07\/zubeldia-sao-paulo-x-talleres-libertadores-scaled-aspect-ratio-512-320.webp?fit=1200%2C750&ssl=1&resize=700%2C400 2x, https:\/\/i0.wp.com\/blogdoprosperi.com\/wp-content\/uploads\/2024\/07\/zubeldia-sao-paulo-x-talleres-libertadores-scaled-aspect-ratio-512-320.webp?fit=1200%2C750&ssl=1&resize=1050%2C600 3x"},"classes":[]}],"jetpack_featured_media_url":"","_links":{"self":[{"href":"https:\/\/blogdoprosperi.com\/index.php?rest_route=\/wp\/v2\/posts\/34399","targetHints":{"allow":["GET"]}}],"collection":[{"href":"https:\/\/blogdoprosperi.com\/index.php?rest_route=\/wp\/v2\/posts"}],"about":[{"href":"https:\/\/blogdoprosperi.com\/index.php?rest_route=\/wp\/v2\/types\/post"}],"author":[{"embeddable":true,"href":"https:\/\/blogdoprosperi.com\/index.php?rest_route=\/wp\/v2\/users\/102107496"}],"replies":[{"embeddable":true,"href":"https:\/\/blogdoprosperi.com\/index.php?rest_route=%2Fwp%2Fv2%2Fcomments&post=34399"}],"version-history":[{"count":25,"href":"https:\/\/blogdoprosperi.com\/index.php?rest_route=\/wp\/v2\/posts\/34399\/revisions"}],"predecessor-version":[{"id":34474,"href":"https:\/\/blogdoprosperi.com\/index.php?rest_route=\/wp\/v2\/posts\/34399\/revisions\/34474"}],"wp:attachment":[{"href":"https:\/\/blogdoprosperi.com\/index.php?rest_route=%2Fwp%2Fv2%2Fmedia&parent=34399"}],"wp:term":[{"taxonomy":"category","embeddable":true,"href":"https:\/\/blogdoprosperi.com\/index.php?rest_route=%2Fwp%2Fv2%2Fcategories&post=34399"},{"taxonomy":"post_tag","embeddable":true,"href":"https:\/\/blogdoprosperi.com\/index.php?rest_route=%2Fwp%2Fv2%2Ftags&post=34399"}],"curies":[{"name":"wp","href":"https:\/\/api.w.org\/{rel}","templated":true}]}}