{"id":34527,"date":"2017-01-06T00:54:14","date_gmt":"2017-01-06T02:54:14","guid":{"rendered":"http:\/\/blogdoprosperi.com\/?p=34527"},"modified":"2017-01-06T02:01:39","modified_gmt":"2017-01-06T04:01:39","slug":"ph-ganso-sofre-no-futebol-espanhol","status":"publish","type":"post","link":"https:\/\/blogdoprosperi.com\/?p=34527","title":{"rendered":"PH Ganso sofre no futebol espanhol"},"content":{"rendered":"<p><span class=\"alignnone\"><img data-recalc-dims=\"1\" loading=\"lazy\" decoding=\"async\" data-attachment-id=\"34552\" data-permalink=\"https:\/\/blogdoprosperi.com\/?attachment_id=34552\" data-orig-file=\"https:\/\/i0.wp.com\/blogdoprosperi.com\/wp-content\/uploads\/2017\/01\/paulo-henrique-ganso-na-partida-do-sevilla-contra-o-alaves-pelo-campeonato-espanhol-1475346191264_956x500.jpg?fit=956%2C500&amp;ssl=1\" data-orig-size=\"956,500\" data-comments-opened=\"1\" data-image-meta=\"{&quot;aperture&quot;:&quot;0&quot;,&quot;credit&quot;:&quot;&quot;,&quot;camera&quot;:&quot;&quot;,&quot;caption&quot;:&quot;&quot;,&quot;created_timestamp&quot;:&quot;0&quot;,&quot;copyright&quot;:&quot;&quot;,&quot;focal_length&quot;:&quot;0&quot;,&quot;iso&quot;:&quot;0&quot;,&quot;shutter_speed&quot;:&quot;0&quot;,&quot;title&quot;:&quot;&quot;,&quot;orientation&quot;:&quot;0&quot;}\" data-image-title=\"paulo-henrique-ganso-na-partida-do-sevilla-contra-o-alaves-pelo-campeonato-espanhol-1475346191264_956x500\" data-image-description=\"\" data-image-caption=\"\" data-large-file=\"https:\/\/i0.wp.com\/blogdoprosperi.com\/wp-content\/uploads\/2017\/01\/paulo-henrique-ganso-na-partida-do-sevilla-contra-o-alaves-pelo-campeonato-espanhol-1475346191264_956x500.jpg?fit=940%2C492&amp;ssl=1\" class=\"alignnone size-full wp-image-34552\" src=\"https:\/\/i0.wp.com\/blogdoprosperi.com\/wp-content\/uploads\/2017\/01\/paulo-henrique-ganso-na-partida-do-sevilla-contra-o-alaves-pelo-campeonato-espanhol-1475346191264_956x500.jpg?resize=940%2C492&#038;ssl=1\" alt=\"paulo-henrique-ganso-na-partida-do-sevilla-contra-o-alaves-pelo-campeonato-espanhol-1475346191264_956x500\" width=\"940\" height=\"492\" \/><\/span><\/p>\n<p>Paulo Henrique Ganso deixou o S\u00e3o Paulo negociado ao Sevilla por 10 milh\u00f5es de euros, em junho de 2016. Convenceu dirigentes do clube paulista do seu desejo de jogar no futebol europeu. Carregou com a sua transfer\u00eancia o sonho de se destacar no time de Jorge Sampaoli e dali pular para um gigante, quem sabe um Real Madrid, um Barcelona, reatar a parceria com Neymar. Seis meses depois, <a href=\"http:\/\/blogdoprosperi.com\/2016\/07\/16\/ganso-deixa-sao-paulo-em-busca-de-novo-patamar-no-futebol-europeu\/\">Ganso sofre duras cr\u00edticas<\/a> e pouco aparece em campo. Quando joga, vira alvo de pedradas da imprensa local.<!--more--><\/p>\n<p>Sua desastrosa atua\u00e7\u00e3o na derrota (3 a 0) do Sevilla para o Real Madrid nesta quarta-feira (04\/01), na Copa do Rei, durou apenas 45 minutos. Sacado no intervalo, viu seu nome ser escorra\u00e7ado nos jornais espanh\u00f3is.<\/p>\n<p>&#8220;O ritmo de Ganso o impende de jogar contra uma equipe t\u00e3o exigente como o Real Madrid. A dura realidade \u00e9 que ele n\u00e3o divide nenhuma bola, observa as jogadas passivamente do semic\u00edrculo da \u00e1rea central, por exemplo. Ele tem capacidade de fazer algo diferente, mas atualmente \u00e9 um a menos em campo&#8221;, disse o <em>Di\u00e1rio de Sevilla<\/em>.<\/p>\n<blockquote><p>&#8220;O brasileiro deixou claro que seu ritmo vale para pa\u00edses de menos n\u00edvel. Na Espanha, foram apenas flashes. Durou apenas 45 minutos (<em>contra o Real Madrid<\/em>). Sampaoli, seu principal patrocinador no Sevilla, teve que retir\u00e1-lo porque os advers\u00e1rios n\u00e3o encontravam qualquer oposi\u00e7\u00e3o ali. O t\u00e9cnico argentino acha que pode tirar de Ganso o futebol que h\u00e1 l\u00e1 dentro, mas a desvantagem \u00e9 que a qualidade dele n\u00e3o est\u00e1 acompanhada de velocidade e sacrif\u00edcio, como se espera no futebol espanhol&#8221;, relatou o <em>Marca<\/em>.<\/p><\/blockquote>\n<p>Aos torcedores e imprensa espanhola o <a href=\"http:\/\/blogdoprosperi.com\/2016\/07\/01\/ganso-esta-de-saida-do-sao-paulo\/\">prazo de Ganso venceu.<\/a> Sampaoli, por enquanto, \u00e9 seu \u00fanico defensor. At\u00e9 por isso, o jogador brasileiro tem ainda esperan\u00e7a de voltar a atuar em alto n\u00edvel.<\/p>\n<p>O problema \u00e9 que falta mobilidade. Desde que seus joelhos foram avariados por les\u00f5es e cirurgias, Ganso n\u00e3o emenda uma boa temporada na outra. Futebol ele tem de sobra. Resta saber se vai atender \u00e0s exig\u00eancias da bola que se joga na Europa. O tempo escorre e seu talento n\u00e3o consegue convencer os cr\u00edticos.<\/p>\n<p>Por enquanto, sua volta ao futebol brasileiro est\u00e1 descartada. Nem mesmo uma transfer\u00eancia dentro do futebol europeu \u00e9 cogitada nesta janela do mercado em janeiro.<\/p>\n","protected":false},"excerpt":{"rendered":"<p>Paulo Henrique Ganso deixou o S\u00e3o Paulo negociado ao Sevilla por 10 milh\u00f5es de euros, em junho de [&hellip;]<\/p>\n","protected":false},"author":102107496,"featured_media":0,"comment_status":"open","ping_status":"open","sticky":false,"template":"","format":"standard","meta":{"_coblocks_attr":"","_coblocks_dimensions":"","_coblocks_responsive_height":"","_coblocks_accordion_ie_support":"","_jetpack_newsletter_access":"","_jetpack_dont_email_post_to_subs":false,"_jetpack_newsletter_tier_id":0,"_jetpack_memberships_contains_paywalled_content":false,"_wpcom_ai_launchpad_first_post":false,"_jetpack_feature_clip_id":0,"_jetpack_memberships_contains_paid_content":false,"footnotes":"","jetpack_publicize_message":"","jetpack_publicize_feature_enabled":true,"jetpack_social_post_already_shared":false,"jetpack_social_options":{"image_generator_settings":{"template":"highway","default_image_id":0,"font":"","enabled":false},"version":2},"jetpack_post_was_ever_published":false},"categories":[53870],"tags":[789560560,12290446,18046339,78820,972018,26771,1114917],"class_list":["post-34527","post","type-post","status-publish","format-standard","hentry","category-futebol","tag-futebol","tag-jorge-sampaoli","tag-paulo-henrique-ganso","tag-real-madrid","tag-sao-paulo-fc","tag-sevilla","tag-spfc"],"yoast_head":"<!-- This site is optimized with the Yoast SEO plugin v28.3 - https:\/\/yoast.com\/product\/yoast-seo-wordpress\/ -->\n<title>PH Ganso sofre no futebol espanhol - PR\u00d3SPERI NEWS<\/title>\n<meta name=\"robots\" content=\"index, follow, max-snippet:-1, max-image-preview:large, max-video-preview:-1\" \/>\n<link rel=\"canonical\" href=\"https:\/\/blogdoprosperi.com\/?p=34527\" \/>\n<meta property=\"og:locale\" content=\"pt_BR\" \/>\n<meta property=\"og:type\" content=\"article\" \/>\n<meta property=\"og:title\" content=\"PH Ganso sofre no futebol espanhol - PR\u00d3SPERI NEWS\" \/>\n<meta property=\"og:description\" content=\"Paulo Henrique Ganso deixou o S\u00e3o Paulo negociado ao Sevilla por 10 milh\u00f5es de euros, em junho de [&hellip;]\" \/>\n<meta property=\"og:url\" content=\"https:\/\/blogdoprosperi.com\/?p=34527\" \/>\n<meta property=\"og:site_name\" content=\"PR\u00d3SPERI NEWS\" \/>\n<meta property=\"article:publisher\" content=\"Luiz Pr\u00f3speri\" \/>\n<meta property=\"article:author\" content=\"Luiz Pr\u00f3speri\" \/>\n<meta property=\"article:published_time\" content=\"2017-01-06T02:54:14+00:00\" \/>\n<meta property=\"article:modified_time\" content=\"2017-01-06T04:01:39+00:00\" \/>\n<meta property=\"og:image\" content=\"https:\/\/blogdoprosperi.com\/wp-content\/uploads\/2017\/01\/paulo-henrique-ganso-na-partida-do-sevilla-contra-o-alaves-pelo-campeonato-espanhol-1475346191264_956x500.jpg\" \/>\n<meta name=\"author\" content=\"Luiz Ant\u00f4nio Pr\u00f3speri\" \/>\n<meta name=\"twitter:card\" content=\"summary_large_image\" \/>\n<meta name=\"twitter:creator\" content=\"@Luizprosperi\" \/>\n<meta name=\"twitter:site\" content=\"@Luizprosperi\" \/>\n<meta name=\"twitter:label1\" content=\"Escrito por\" \/>\n\t<meta name=\"twitter:data1\" content=\"Luiz Ant\u00f4nio Pr\u00f3speri\" \/>\n\t<meta name=\"twitter:label2\" content=\"Est. tempo de leitura\" \/>\n\t<meta name=\"twitter:data2\" content=\"2 minutos\" \/>\n<script type=\"application\/ld+json\" class=\"yoast-schema-graph\">{\"@context\":\"https:\\\/\\\/schema.org\",\"@graph\":[{\"@type\":\"Article\",\"@id\":\"https:\\\/\\\/blogdoprosperi.com\\\/?p=34527#article\",\"isPartOf\":{\"@id\":\"https:\\\/\\\/blogdoprosperi.com\\\/?p=34527\"},\"author\":{\"name\":\"Luiz Ant\u00f4nio Pr\u00f3speri\",\"@id\":\"https:\\\/\\\/blogdoprosperi.com\\\/#\\\/schema\\\/person\\\/38100755ce3601861ee4fab9b5aa78e9\"},\"headline\":\"PH Ganso sofre no futebol espanhol\",\"datePublished\":\"2017-01-06T02:54:14+00:00\",\"dateModified\":\"2017-01-06T04:01:39+00:00\",\"mainEntityOfPage\":{\"@id\":\"https:\\\/\\\/blogdoprosperi.com\\\/?p=34527\"},\"wordCount\":395,\"commentCount\":1,\"publisher\":{\"@id\":\"https:\\\/\\\/blogdoprosperi.com\\\/#\\\/schema\\\/person\\\/38100755ce3601861ee4fab9b5aa78e9\"},\"image\":{\"@id\":\"https:\\\/\\\/blogdoprosperi.com\\\/?p=34527#primaryimage\"},\"thumbnailUrl\":\"https:\\\/\\\/blogdoprosperi.com\\\/wp-content\\\/uploads\\\/2017\\\/01\\\/paulo-henrique-ganso-na-partida-do-sevilla-contra-o-alaves-pelo-campeonato-espanhol-1475346191264_956x500.jpg\",\"keywords\":[\"futebol\",\"Jorge Sampaoli\",\"paulo Henrique ganso\",\"Real Madrid\",\"S\u00e3o Paulo FC\",\"Sevilla\",\"SPFC\"],\"articleSection\":[\"futebol\"],\"inLanguage\":\"pt-BR\",\"potentialAction\":[{\"@type\":\"CommentAction\",\"name\":\"Comment\",\"target\":[\"https:\\\/\\\/blogdoprosperi.com\\\/?p=34527#respond\"]}]},{\"@type\":\"WebPage\",\"@id\":\"https:\\\/\\\/blogdoprosperi.com\\\/?p=34527\",\"url\":\"https:\\\/\\\/blogdoprosperi.com\\\/?p=34527\",\"name\":\"PH Ganso sofre no futebol espanhol - PR\u00d3SPERI NEWS\",\"isPartOf\":{\"@id\":\"https:\\\/\\\/blogdoprosperi.com\\\/#website\"},\"primaryImageOfPage\":{\"@id\":\"https:\\\/\\\/blogdoprosperi.com\\\/?p=34527#primaryimage\"},\"image\":{\"@id\":\"https:\\\/\\\/blogdoprosperi.com\\\/?p=34527#primaryimage\"},\"thumbnailUrl\":\"https:\\\/\\\/blogdoprosperi.com\\\/wp-content\\\/uploads\\\/2017\\\/01\\\/paulo-henrique-ganso-na-partida-do-sevilla-contra-o-alaves-pelo-campeonato-espanhol-1475346191264_956x500.jpg\",\"datePublished\":\"2017-01-06T02:54:14+00:00\",\"dateModified\":\"2017-01-06T04:01:39+00:00\",\"breadcrumb\":{\"@id\":\"https:\\\/\\\/blogdoprosperi.com\\\/?p=34527#breadcrumb\"},\"inLanguage\":\"pt-BR\",\"potentialAction\":[{\"@type\":\"ReadAction\",\"target\":[\"https:\\\/\\\/blogdoprosperi.com\\\/?p=34527\"]}]},{\"@type\":\"ImageObject\",\"inLanguage\":\"pt-BR\",\"@id\":\"https:\\\/\\\/blogdoprosperi.com\\\/?p=34527#primaryimage\",\"url\":\"https:\\\/\\\/i0.wp.com\\\/blogdoprosperi.com\\\/wp-content\\\/uploads\\\/2017\\\/01\\\/paulo-henrique-ganso-na-partida-do-sevilla-contra-o-alaves-pelo-campeonato-espanhol-1475346191264_956x500.jpg?fit=956%2C500&ssl=1\",\"contentUrl\":\"https:\\\/\\\/i0.wp.com\\\/blogdoprosperi.com\\\/wp-content\\\/uploads\\\/2017\\\/01\\\/paulo-henrique-ganso-na-partida-do-sevilla-contra-o-alaves-pelo-campeonato-espanhol-1475346191264_956x500.jpg?fit=956%2C500&ssl=1\",\"width\":956,\"height\":500},{\"@type\":\"BreadcrumbList\",\"@id\":\"https:\\\/\\\/blogdoprosperi.com\\\/?p=34527#breadcrumb\",\"itemListElement\":[{\"@type\":\"ListItem\",\"position\":1,\"name\":\"In\u00edcio\",\"item\":\"https:\\\/\\\/blogdoprosperi.com\\\/\"},{\"@type\":\"ListItem\",\"position\":2,\"name\":\"PH Ganso sofre no futebol espanhol\"}]},{\"@type\":\"WebSite\",\"@id\":\"https:\\\/\\\/blogdoprosperi.com\\\/#website\",\"url\":\"https:\\\/\\\/blogdoprosperi.com\\\/\",\"name\":\"PR\u00d3SPERI NEWS\",\"description\":\"TUDO \u00c9  FUTEBOL\",\"publisher\":{\"@id\":\"https:\\\/\\\/blogdoprosperi.com\\\/#\\\/schema\\\/person\\\/38100755ce3601861ee4fab9b5aa78e9\"},\"alternateName\":\"blogdoprosperi.com\",\"potentialAction\":[{\"@type\":\"SearchAction\",\"target\":{\"@type\":\"EntryPoint\",\"urlTemplate\":\"https:\\\/\\\/blogdoprosperi.com\\\/?s={search_term_string}\"},\"query-input\":{\"@type\":\"PropertyValueSpecification\",\"valueRequired\":true,\"valueName\":\"search_term_string\"}}],\"inLanguage\":\"pt-BR\"},{\"@type\":[\"Person\",\"Organization\"],\"@id\":\"https:\\\/\\\/blogdoprosperi.com\\\/#\\\/schema\\\/person\\\/38100755ce3601861ee4fab9b5aa78e9\",\"name\":\"Luiz Ant\u00f4nio Pr\u00f3speri\",\"pronouns\":\"ele\",\"image\":{\"@type\":\"ImageObject\",\"inLanguage\":\"pt-BR\",\"@id\":\"https:\\\/\\\/i0.wp.com\\\/blogdoprosperi.com\\\/wp-content\\\/uploads\\\/2026\\\/05\\\/cropped-8059e613-6002-42fa-961e-8e275f575d71-2-5.jpg?fit=1360%2C931&ssl=1\",\"url\":\"https:\\\/\\\/i0.wp.com\\\/blogdoprosperi.com\\\/wp-content\\\/uploads\\\/2026\\\/05\\\/cropped-8059e613-6002-42fa-961e-8e275f575d71-2-5.jpg?fit=1360%2C931&ssl=1\",\"contentUrl\":\"https:\\\/\\\/i0.wp.com\\\/blogdoprosperi.com\\\/wp-content\\\/uploads\\\/2026\\\/05\\\/cropped-8059e613-6002-42fa-961e-8e275f575d71-2-5.jpg?fit=1360%2C931&ssl=1\",\"width\":1360,\"height\":931,\"caption\":\"Luiz Ant\u00f4nio Pr\u00f3speri\"},\"logo\":{\"@id\":\"https:\\\/\\\/i0.wp.com\\\/blogdoprosperi.com\\\/wp-content\\\/uploads\\\/2026\\\/05\\\/cropped-8059e613-6002-42fa-961e-8e275f575d71-2-5.jpg?fit=1360%2C931&ssl=1\"},\"description\":\"Jornalista com carreira dedicada ao esporte. Cobriu 9 Copas do Mundo in loco, 1990 na It\u00e1lia, 1994 nos EUA, 1998 na Fran\u00e7a, 2002 na Coreia do Sul e Jap\u00e3o, 2006 na Alemanha, 2010 na \u00c1frica do Sul, 2014 no Brasil, 2018 na R\u00fassia e 2022 no Qatar. Eurocopas, 1992 na Su\u00e9cia e 1996 na Inglaterra. Copa das Confedera\u00e7\u00f5es de 2005 na Alemanha e 2009 na \u00c1frica do Sul. Rep\u00f3rter e Editor, trabalhou no Jornal da Tarde e Estad\u00e3o, de 1984 a fevereiro de 2016. Colunista, blogueiro. E comentarista de futebol na R\u00e1dio Estad\u00e3o, de 2013 a fevereiro de 2016. Jornalista respons\u00e1vel do \\\"Pr\u00f3speri News\\\" (blogdoprosperi.com).\",\"sameAs\":[\"http:\\\/\\\/blogdoprosperi.com\",\"Luiz Pr\u00f3speri\",\"@luiz_prosperi\",\"https:\\\/\\\/x.com\\\/Luizprosperi\",\"@prosperinacopa\",\"luiz.prosperi@icloud.com\"],\"url\":\"https:\\\/\\\/blogdoprosperi.com\\\/?author=102107496\"}]}<\/script>\n<!-- \/ Yoast SEO plugin. -->","yoast_head_json":{"title":"PH Ganso sofre no futebol espanhol - PR\u00d3SPERI NEWS","robots":{"index":"index","follow":"follow","max-snippet":"max-snippet:-1","max-image-preview":"max-image-preview:large","max-video-preview":"max-video-preview:-1"},"canonical":"https:\/\/blogdoprosperi.com\/?p=34527","og_locale":"pt_BR","og_type":"article","og_title":"PH Ganso sofre no futebol espanhol - PR\u00d3SPERI NEWS","og_description":"Paulo Henrique Ganso deixou o S\u00e3o Paulo negociado ao Sevilla por 10 milh\u00f5es de euros, em junho de [&hellip;]","og_url":"https:\/\/blogdoprosperi.com\/?p=34527","og_site_name":"PR\u00d3SPERI NEWS","article_publisher":"Luiz Pr\u00f3speri","article_author":"Luiz Pr\u00f3speri","article_published_time":"2017-01-06T02:54:14+00:00","article_modified_time":"2017-01-06T04:01:39+00:00","og_image":[{"url":"https:\/\/blogdoprosperi.com\/wp-content\/uploads\/2017\/01\/paulo-henrique-ganso-na-partida-do-sevilla-contra-o-alaves-pelo-campeonato-espanhol-1475346191264_956x500.jpg","type":"","width":"","height":""}],"author":"Luiz Ant\u00f4nio Pr\u00f3speri","twitter_card":"summary_large_image","twitter_creator":"@Luizprosperi","twitter_site":"@Luizprosperi","twitter_misc":{"Escrito por":"Luiz Ant\u00f4nio Pr\u00f3speri","Est. tempo de leitura":"2 minutos"},"schema":{"@context":"https:\/\/schema.org","@graph":[{"@type":"Article","@id":"https:\/\/blogdoprosperi.com\/?p=34527#article","isPartOf":{"@id":"https:\/\/blogdoprosperi.com\/?p=34527"},"author":{"name":"Luiz Ant\u00f4nio Pr\u00f3speri","@id":"https:\/\/blogdoprosperi.com\/#\/schema\/person\/38100755ce3601861ee4fab9b5aa78e9"},"headline":"PH Ganso sofre no futebol espanhol","datePublished":"2017-01-06T02:54:14+00:00","dateModified":"2017-01-06T04:01:39+00:00","mainEntityOfPage":{"@id":"https:\/\/blogdoprosperi.com\/?p=34527"},"wordCount":395,"commentCount":1,"publisher":{"@id":"https:\/\/blogdoprosperi.com\/#\/schema\/person\/38100755ce3601861ee4fab9b5aa78e9"},"image":{"@id":"https:\/\/blogdoprosperi.com\/?p=34527#primaryimage"},"thumbnailUrl":"https:\/\/blogdoprosperi.com\/wp-content\/uploads\/2017\/01\/paulo-henrique-ganso-na-partida-do-sevilla-contra-o-alaves-pelo-campeonato-espanhol-1475346191264_956x500.jpg","keywords":["futebol","Jorge Sampaoli","paulo Henrique ganso","Real Madrid","S\u00e3o Paulo FC","Sevilla","SPFC"],"articleSection":["futebol"],"inLanguage":"pt-BR","potentialAction":[{"@type":"CommentAction","name":"Comment","target":["https:\/\/blogdoprosperi.com\/?p=34527#respond"]}]},{"@type":"WebPage","@id":"https:\/\/blogdoprosperi.com\/?p=34527","url":"https:\/\/blogdoprosperi.com\/?p=34527","name":"PH Ganso sofre no futebol espanhol - PR\u00d3SPERI NEWS","isPartOf":{"@id":"https:\/\/blogdoprosperi.com\/#website"},"primaryImageOfPage":{"@id":"https:\/\/blogdoprosperi.com\/?p=34527#primaryimage"},"image":{"@id":"https:\/\/blogdoprosperi.com\/?p=34527#primaryimage"},"thumbnailUrl":"https:\/\/blogdoprosperi.com\/wp-content\/uploads\/2017\/01\/paulo-henrique-ganso-na-partida-do-sevilla-contra-o-alaves-pelo-campeonato-espanhol-1475346191264_956x500.jpg","datePublished":"2017-01-06T02:54:14+00:00","dateModified":"2017-01-06T04:01:39+00:00","breadcrumb":{"@id":"https:\/\/blogdoprosperi.com\/?p=34527#breadcrumb"},"inLanguage":"pt-BR","potentialAction":[{"@type":"ReadAction","target":["https:\/\/blogdoprosperi.com\/?p=34527"]}]},{"@type":"ImageObject","inLanguage":"pt-BR","@id":"https:\/\/blogdoprosperi.com\/?p=34527#primaryimage","url":"https:\/\/i0.wp.com\/blogdoprosperi.com\/wp-content\/uploads\/2017\/01\/paulo-henrique-ganso-na-partida-do-sevilla-contra-o-alaves-pelo-campeonato-espanhol-1475346191264_956x500.jpg?fit=956%2C500&ssl=1","contentUrl":"https:\/\/i0.wp.com\/blogdoprosperi.com\/wp-content\/uploads\/2017\/01\/paulo-henrique-ganso-na-partida-do-sevilla-contra-o-alaves-pelo-campeonato-espanhol-1475346191264_956x500.jpg?fit=956%2C500&ssl=1","width":956,"height":500},{"@type":"BreadcrumbList","@id":"https:\/\/blogdoprosperi.com\/?p=34527#breadcrumb","itemListElement":[{"@type":"ListItem","position":1,"name":"In\u00edcio","item":"https:\/\/blogdoprosperi.com\/"},{"@type":"ListItem","position":2,"name":"PH Ganso sofre no futebol espanhol"}]},{"@type":"WebSite","@id":"https:\/\/blogdoprosperi.com\/#website","url":"https:\/\/blogdoprosperi.com\/","name":"PR\u00d3SPERI NEWS","description":"TUDO \u00c9  FUTEBOL","publisher":{"@id":"https:\/\/blogdoprosperi.com\/#\/schema\/person\/38100755ce3601861ee4fab9b5aa78e9"},"alternateName":"blogdoprosperi.com","potentialAction":[{"@type":"SearchAction","target":{"@type":"EntryPoint","urlTemplate":"https:\/\/blogdoprosperi.com\/?s={search_term_string}"},"query-input":{"@type":"PropertyValueSpecification","valueRequired":true,"valueName":"search_term_string"}}],"inLanguage":"pt-BR"},{"@type":["Person","Organization"],"@id":"https:\/\/blogdoprosperi.com\/#\/schema\/person\/38100755ce3601861ee4fab9b5aa78e9","name":"Luiz Ant\u00f4nio Pr\u00f3speri","pronouns":"ele","image":{"@type":"ImageObject","inLanguage":"pt-BR","@id":"https:\/\/i0.wp.com\/blogdoprosperi.com\/wp-content\/uploads\/2026\/05\/cropped-8059e613-6002-42fa-961e-8e275f575d71-2-5.jpg?fit=1360%2C931&ssl=1","url":"https:\/\/i0.wp.com\/blogdoprosperi.com\/wp-content\/uploads\/2026\/05\/cropped-8059e613-6002-42fa-961e-8e275f575d71-2-5.jpg?fit=1360%2C931&ssl=1","contentUrl":"https:\/\/i0.wp.com\/blogdoprosperi.com\/wp-content\/uploads\/2026\/05\/cropped-8059e613-6002-42fa-961e-8e275f575d71-2-5.jpg?fit=1360%2C931&ssl=1","width":1360,"height":931,"caption":"Luiz Ant\u00f4nio Pr\u00f3speri"},"logo":{"@id":"https:\/\/i0.wp.com\/blogdoprosperi.com\/wp-content\/uploads\/2026\/05\/cropped-8059e613-6002-42fa-961e-8e275f575d71-2-5.jpg?fit=1360%2C931&ssl=1"},"description":"Jornalista com carreira dedicada ao esporte. Cobriu 9 Copas do Mundo in loco, 1990 na It\u00e1lia, 1994 nos EUA, 1998 na Fran\u00e7a, 2002 na Coreia do Sul e Jap\u00e3o, 2006 na Alemanha, 2010 na \u00c1frica do Sul, 2014 no Brasil, 2018 na R\u00fassia e 2022 no Qatar. Eurocopas, 1992 na Su\u00e9cia e 1996 na Inglaterra. Copa das Confedera\u00e7\u00f5es de 2005 na Alemanha e 2009 na \u00c1frica do Sul. Rep\u00f3rter e Editor, trabalhou no Jornal da Tarde e Estad\u00e3o, de 1984 a fevereiro de 2016. Colunista, blogueiro. E comentarista de futebol na R\u00e1dio Estad\u00e3o, de 2013 a fevereiro de 2016. Jornalista respons\u00e1vel do \"Pr\u00f3speri News\" (blogdoprosperi.com).","sameAs":["http:\/\/blogdoprosperi.com","Luiz Pr\u00f3speri","@luiz_prosperi","https:\/\/x.com\/Luizprosperi","@prosperinacopa","luiz.prosperi@icloud.com"],"url":"https:\/\/blogdoprosperi.com\/?author=102107496"}]}},"jetpack_publicize_connections":[],"jetpack_likes_enabled":false,"jetpack_sharing_enabled":true,"jetpack_shortlink":"https:\/\/wp.me\/p7jvdk-8YT","jetpack-related-posts":[{"id":16339,"url":"https:\/\/blogdoprosperi.com\/?p=16339","url_meta":{"origin":34527,"position":0},"title":"Ganso deixa S\u00e3o Paulo em busca de novo patamar no futebol europeu","author":"Luiz Ant\u00f4nio Pr\u00f3speri","date":"16 de julho de 2016","format":false,"excerpt":"Paulo Henrique Ganso, aos 26 anos, vai jogar no futebol da Espanha","rel":"","context":"Em &quot;futebol&quot;","block_context":{"text":"futebol","link":"https:\/\/blogdoprosperi.com\/?cat=53870"},"img":{"alt_text":"","src":"https:\/\/i0.wp.com\/blogdoprosperi.com\/wp-content\/uploads\/2016\/07\/neymar-and-ganso-490889.jpg?resize=350%2C200","width":350,"height":200,"srcset":"https:\/\/i0.wp.com\/blogdoprosperi.com\/wp-content\/uploads\/2016\/07\/neymar-and-ganso-490889.jpg?resize=350%2C200 1x, https:\/\/i0.wp.com\/blogdoprosperi.com\/wp-content\/uploads\/2016\/07\/neymar-and-ganso-490889.jpg?resize=525%2C300 1.5x"},"classes":[]},{"id":14395,"url":"https:\/\/blogdoprosperi.com\/?p=14395","url_meta":{"origin":34527,"position":1},"title":"Ganso est\u00e1 de sa\u00edda do S\u00e3o Paulo","author":"Luiz Ant\u00f4nio Pr\u00f3speri","date":"1 de julho de 2016","format":false,"excerpt":"Paulo Henrique Ganso n\u00e3o quer renovar seu contrato com o S\u00e3o Paulo. Seu desejo \u00e9 jogar no Sevilla, ponto de partida para um salto maior no futebol europeu. Pesa a favor de sua sa\u00edda, nesta janela de transfer\u00eancia, a les\u00e3o na coxa direita que o afastou das semifinais da Copa\u2026","rel":"","context":"Em &quot;futebol&quot;","block_context":{"text":"futebol","link":"https:\/\/blogdoprosperi.com\/?cat=53870"},"img":{"alt_text":"","src":"https:\/\/i0.wp.com\/blogdoprosperi.com\/wp-content\/uploads\/2016\/07\/3500.jpg?resize=350%2C200&ssl=1","width":350,"height":200,"srcset":"https:\/\/i0.wp.com\/blogdoprosperi.com\/wp-content\/uploads\/2016\/07\/3500.jpg?resize=350%2C200&ssl=1 1x, https:\/\/i0.wp.com\/blogdoprosperi.com\/wp-content\/uploads\/2016\/07\/3500.jpg?resize=525%2C300&ssl=1 1.5x"},"classes":[]},{"id":33034,"url":"https:\/\/blogdoprosperi.com\/?p=33034","url_meta":{"origin":34527,"position":2},"title":"Sevilla quer Lucas Pratto e pode envolver Ganso na transa\u00e7\u00e3o","author":"Luiz Ant\u00f4nio Pr\u00f3speri","date":"25 de novembro de 2016","format":false,"excerpt":"Jorge Sampaoli, t\u00e9cnico do Sevilla, pediu ao presidente do clube a contrata\u00e7\u00e3o de Lucas Pratto. Treinador argentino quer o atacante na janela de transfer\u00eancia em janeiro. E deu ind\u00edcios que pode liberar Paulo Henrique Ganso, segundo noticia a imprensa de Madri nesta sexta-feira (25\/11). O meia seria envolvido em uma\u2026","rel":"","context":"Em &quot;futebol&quot;","block_context":{"text":"futebol","link":"https:\/\/blogdoprosperi.com\/?cat=53870"},"img":{"alt_text":"","src":"https:\/\/i0.wp.com\/blogdoprosperi.com\/wp-content\/uploads\/2016\/11\/pratto.jpg?resize=350%2C200&ssl=1","width":350,"height":200,"srcset":"https:\/\/i0.wp.com\/blogdoprosperi.com\/wp-content\/uploads\/2016\/11\/pratto.jpg?resize=350%2C200&ssl=1 1x, https:\/\/i0.wp.com\/blogdoprosperi.com\/wp-content\/uploads\/2016\/11\/pratto.jpg?resize=525%2C300&ssl=1 1.5x, https:\/\/i0.wp.com\/blogdoprosperi.com\/wp-content\/uploads\/2016\/11\/pratto.jpg?resize=700%2C400&ssl=1 2x, https:\/\/i0.wp.com\/blogdoprosperi.com\/wp-content\/uploads\/2016\/11\/pratto.jpg?resize=1050%2C600&ssl=1 3x, https:\/\/i0.wp.com\/blogdoprosperi.com\/wp-content\/uploads\/2016\/11\/pratto.jpg?resize=1400%2C800&ssl=1 4x"},"classes":[]},{"id":15872,"url":"https:\/\/blogdoprosperi.com\/?p=15872","url_meta":{"origin":34527,"position":3},"title":"Ganso \u00e9 do Sevilla, admite presidente do S\u00e3o Paulo","author":"Luiz Ant\u00f4nio Pr\u00f3speri","date":"12 de julho de 2016","format":false,"excerpt":"Paulo Henrique Ganso \u00e9 jogador do Sevilla por 9,5 milh\u00f5es de euros (R$ 34,6 milh\u00f5es). O S\u00e3o Paulo levar\u00e1 5 milh\u00f5es de euros (R$ 18,4 milh\u00f5es) e o grupo DIS deve ter direito a 4 milh\u00f5es de euros (R$ 14,6%) e 20% de uma eventual venda futura. A divis\u00e3o leva\u2026","rel":"","context":"Em &quot;futebol&quot;","block_context":{"text":"futebol","link":"https:\/\/blogdoprosperi.com\/?cat=53870"},"img":{"alt_text":"","src":"https:\/\/i0.wp.com\/blogdoprosperi.com\/wp-content\/uploads\/2016\/07\/8-20.jpg?resize=350%2C200","width":350,"height":200},"classes":[]},{"id":14964,"url":"https:\/\/blogdoprosperi.com\/?p=14964","url_meta":{"origin":34527,"position":4},"title":"Presidente do S\u00e3o Paulo confirma que Ganso quer jogar no Sevilla","author":"Luiz Ant\u00f4nio Pr\u00f3speri","date":"6 de julho de 2016","format":false,"excerpt":"Presidente do S\u00e3o Paulo confirma nesta ter\u00e7a-feira (05\/7) o interesse de Paulo Henrique Ganso em jogar no Sevilla. Carlos Augusto Barros e Silva, o Leco, disse, em entrevista ao site globoesporte, que o jogador quer mesmo trocar o clube paulista pelo espanhol nesta janela de transfer\u00eancia do futebol europeu. Veja\u2026","rel":"","context":"Em &quot;futebol&quot;","block_context":{"text":"futebol","link":"https:\/\/blogdoprosperi.com\/?cat=53870"},"img":{"alt_text":"","src":"https:\/\/i0.wp.com\/blogdoprosperi.com\/wp-content\/uploads\/2016\/07\/00806262.jpg?resize=350%2C200&ssl=1","width":350,"height":200,"srcset":"https:\/\/i0.wp.com\/blogdoprosperi.com\/wp-content\/uploads\/2016\/07\/00806262.jpg?resize=350%2C200&ssl=1 1x, https:\/\/i0.wp.com\/blogdoprosperi.com\/wp-content\/uploads\/2016\/07\/00806262.jpg?resize=525%2C300&ssl=1 1.5x, https:\/\/i0.wp.com\/blogdoprosperi.com\/wp-content\/uploads\/2016\/07\/00806262.jpg?resize=700%2C400&ssl=1 2x, https:\/\/i0.wp.com\/blogdoprosperi.com\/wp-content\/uploads\/2016\/07\/00806262.jpg?resize=1050%2C600&ssl=1 3x, https:\/\/i0.wp.com\/blogdoprosperi.com\/wp-content\/uploads\/2016\/07\/00806262.jpg?resize=1400%2C800&ssl=1 4x"},"classes":[]},{"id":15343,"url":"https:\/\/blogdoprosperi.com\/?p=15343","url_meta":{"origin":34527,"position":5},"title":"S\u00e3o Paulo pode perder Ganso, Rodrigo Caio, Calleri e Bauza","author":"Luiz Ant\u00f4nio Pr\u00f3speri","date":"7 de julho de 2016","format":false,"excerpt":"S\u00e3o Paulo vive um momento delicado ap\u00f3s a derrota ao Atl\u00e9tico Nacional nesta quarta-feira (06\/7). A pr\u00f3ximas semana ser\u00e1 decisiva ao futuro do clube paulista na temporada com a quase inevit\u00e1vel queda nas semifinais da Copa Libertadores. Pode ter perdas consider\u00e1veis. Paulo Henrique Ganso e Rodrigo Caio est\u00e3o de sa\u00edda.\u2026","rel":"","context":"Em &quot;futebol&quot;","block_context":{"text":"futebol","link":"https:\/\/blogdoprosperi.com\/?cat=53870"},"img":{"alt_text":"","src":"https:\/\/i0.wp.com\/blogdoprosperi.com\/wp-content\/uploads\/2016\/07\/85adb960-0246-11e6-8a5c-a362efbf840e_20160401111809396_3.jpg?resize=350%2C200&ssl=1","width":350,"height":200,"srcset":"https:\/\/i0.wp.com\/blogdoprosperi.com\/wp-content\/uploads\/2016\/07\/85adb960-0246-11e6-8a5c-a362efbf840e_20160401111809396_3.jpg?resize=350%2C200&ssl=1 1x, https:\/\/i0.wp.com\/blogdoprosperi.com\/wp-content\/uploads\/2016\/07\/85adb960-0246-11e6-8a5c-a362efbf840e_20160401111809396_3.jpg?resize=525%2C300&ssl=1 1.5x"},"classes":[]}],"jetpack_featured_media_url":"","_links":{"self":[{"href":"https:\/\/blogdoprosperi.com\/index.php?rest_route=\/wp\/v2\/posts\/34527","targetHints":{"allow":["GET"]}}],"collection":[{"href":"https:\/\/blogdoprosperi.com\/index.php?rest_route=\/wp\/v2\/posts"}],"about":[{"href":"https:\/\/blogdoprosperi.com\/index.php?rest_route=\/wp\/v2\/types\/post"}],"author":[{"embeddable":true,"href":"https:\/\/blogdoprosperi.com\/index.php?rest_route=\/wp\/v2\/users\/102107496"}],"replies":[{"embeddable":true,"href":"https:\/\/blogdoprosperi.com\/index.php?rest_route=%2Fwp%2Fv2%2Fcomments&post=34527"}],"version-history":[{"count":25,"href":"https:\/\/blogdoprosperi.com\/index.php?rest_route=\/wp\/v2\/posts\/34527\/revisions"}],"predecessor-version":[{"id":34564,"href":"https:\/\/blogdoprosperi.com\/index.php?rest_route=\/wp\/v2\/posts\/34527\/revisions\/34564"}],"wp:attachment":[{"href":"https:\/\/blogdoprosperi.com\/index.php?rest_route=%2Fwp%2Fv2%2Fmedia&parent=34527"}],"wp:term":[{"taxonomy":"category","embeddable":true,"href":"https:\/\/blogdoprosperi.com\/index.php?rest_route=%2Fwp%2Fv2%2Fcategories&post=34527"},{"taxonomy":"post_tag","embeddable":true,"href":"https:\/\/blogdoprosperi.com\/index.php?rest_route=%2Fwp%2Fv2%2Ftags&post=34527"}],"curies":[{"name":"wp","href":"https:\/\/api.w.org\/{rel}","templated":true}]}}