{"id":34598,"date":"2017-01-09T22:20:31","date_gmt":"2017-01-10T00:20:31","guid":{"rendered":"http:\/\/blogdoprosperi.com\/?p=34598"},"modified":"2017-01-30T00:40:41","modified_gmt":"2017-01-30T02:40:41","slug":"futebol-brasileiro-perde-prestigio-na-eleicao-dos-melhores-do-mundo-da-fifa","status":"publish","type":"post","link":"https:\/\/blogdoprosperi.com\/?p=34598","title":{"rendered":"Futebol brasileiro perde prest\u00edgio na elei\u00e7\u00e3o dos melhores do mundo da Fifa"},"content":{"rendered":"<p style=\"text-align:justify;\"><span class=\"alignnone\"><img data-recalc-dims=\"1\" loading=\"lazy\" decoding=\"async\" data-attachment-id=\"34631\" data-permalink=\"https:\/\/blogdoprosperi.com\/?attachment_id=34631\" data-orig-file=\"https:\/\/i0.wp.com\/blogdoprosperi.com\/wp-content\/uploads\/2017\/01\/223_2f08e5ff61fe2012_1024box.png?fit=1024%2C576&amp;ssl=1\" data-orig-size=\"1024,576\" data-comments-opened=\"1\" data-image-meta=\"{&quot;aperture&quot;:&quot;0&quot;,&quot;credit&quot;:&quot;&quot;,&quot;camera&quot;:&quot;&quot;,&quot;caption&quot;:&quot;&quot;,&quot;created_timestamp&quot;:&quot;0&quot;,&quot;copyright&quot;:&quot;&quot;,&quot;focal_length&quot;:&quot;0&quot;,&quot;iso&quot;:&quot;0&quot;,&quot;shutter_speed&quot;:&quot;0&quot;,&quot;title&quot;:&quot;&quot;,&quot;orientation&quot;:&quot;0&quot;}\" data-image-title=\"223_2f08e5ff61fe2012_1024box\" data-image-description=\"\" data-image-caption=\"\" data-large-file=\"https:\/\/i0.wp.com\/blogdoprosperi.com\/wp-content\/uploads\/2017\/01\/223_2f08e5ff61fe2012_1024box.png?fit=940%2C529&amp;ssl=1\" class=\"alignnone size-full wp-image-34631\" src=\"https:\/\/i0.wp.com\/blogdoprosperi.com\/wp-content\/uploads\/2017\/01\/223_2f08e5ff61fe2012_1024box.png?resize=940%2C529&#038;ssl=1\" alt=\"223_2f08e5ff61fe2012_1024box\" width=\"940\" height=\"529\" \/><\/span>Futebol brasileiro perde prest\u00edgio na elei\u00e7\u00e3o dos melhores do mundo com chancela da Fifa. Desde 2007, quando Kak\u00e1 levou a Bola de Ouro, nenhum jogador do Pa\u00eds desbancou a dupla Cristiano Ronaldo e Messi. Neymar chegou perto em 2015. Acabou na terceira coloca\u00e7\u00e3o. Minguaram as estrelas.\u00a0Outro dado interessante se nota na escolha dos 11 jogadores da sele\u00e7\u00e3o ideal da temporada. Antes povoada de jogadores do Brasil, hoje emplaca apenas os laterais Daniel Alves e Marcelo.<br \/>\n<!--more--><\/p>\n<p style=\"text-align:justify;\">A decad\u00eancia \u00e9 evidente. N\u00e3o h\u00e1 no horizonte um craque do pa\u00eds pentacampe\u00e3o do mundo a chamar aten\u00e7\u00e3o. Neymar, expoente maior, por enquanto continua coadjuvante de Lionel Messi no Barcelona e, por tabela, <a href=\"http:\/\/blogdoprosperi.com\/2016\/10\/31\/fifa-estraga-eleicao-do-melhor-jogador-do-mundo\/\">longe do pr\u00eamio da Fifa.<\/a><\/p>\n<p style=\"text-align:justify;\">Tamanho deserto de estrelas tem liga\u00e7\u00e3o com a produ\u00e7\u00e3o e exporta\u00e7\u00e3o de jogadores. Continuamos transbordando o mercado europeu e asi\u00e1tico de atletas a cada temporada. V\u00e3o aos montes, cerca de 1.500 por ano. Muita quantidade e baix\u00edssima qualidade.<\/p>\n<p style=\"text-align:justify;\">Quando o Brasil vendeu Robinho ao Real Madrid, no in\u00edcio dos anos 2000, se esperava que em duas temporadas ele seria eleito o melhor do mundo. Naquele momento t\u00ednhamos a explos\u00e3o de Ronaldinho Ga\u00facho e o aparecimento de Kak\u00e1, sem falar em Adriano na plenitude de sua carreira. Um a um foram tombando. Depois de Kak\u00e1 a terra ficou ainda mais \u00e1rida. E Robinho n\u00e3o vingou.<\/p>\n<p style=\"text-align:justify;\">Esperamos quase dez anos, at\u00e9 <a href=\"http:\/\/blogdoprosperi.com\/2016\/05\/17\/neymar-desiste-de-concorrer-a-melhor-do-mundo-em-2016\/\">Neymar <\/a>ser negociado com o Barcelona. A luz foi acesa. Ter\u00edamos em breve um melhor do mundo. O ent\u00e3o garoto forjado no Santos desembarcou na Catalunha e a primeira coisa que disse foi &#8220;ajudar Messi a brilhar ainda mais&#8221;. De cara dispensou a obsess\u00e3o de ser o craque da Fifa. H\u00e1 quatro temporadas na Europa, Neymar ainda n\u00e3o \u00e9 uma unanimidade.<\/p>\n<p style=\"text-align:justify;\">Como consolo, a sele\u00e7\u00e3o ideal montada pela mesma Fifa, com votos de um col\u00e9gio eleitoral com mais de 20 mil jogadores de todo o mundo, era repleta de brasileiros. <a href=\"http:\/\/blogdoprosperi.com\/2016\/11\/04\/neymar-estrela-solitaria-do-brasil-na-lista-dos-23-melhores-do-mundo-da-fifa-nao-vai-ficar-entre-os-tres-finalistas\/\">Daniel Alves, Marcelo, Thiago Silva, David Luiz, Neymar eram figurinhas carimbadas.<\/a> Na cerim\u00f4nia dessa segunda-feira, em Zurique, apenas Daniel Alves e Marcelo levantaram o trof\u00e9u.<\/p>\n<p style=\"text-align:justify;\"><span class=\"alignnone\"><img data-recalc-dims=\"1\" loading=\"lazy\" decoding=\"async\" data-attachment-id=\"34632\" data-permalink=\"https:\/\/blogdoprosperi.com\/?attachment_id=34632\" data-orig-file=\"https:\/\/i0.wp.com\/blogdoprosperi.com\/wp-content\/uploads\/2017\/01\/cuu5hu4uwae4xze.png?fit=600%2C600&amp;ssl=1\" data-orig-size=\"600,600\" data-comments-opened=\"1\" data-image-meta=\"{&quot;aperture&quot;:&quot;0&quot;,&quot;credit&quot;:&quot;&quot;,&quot;camera&quot;:&quot;&quot;,&quot;caption&quot;:&quot;&quot;,&quot;created_timestamp&quot;:&quot;0&quot;,&quot;copyright&quot;:&quot;&quot;,&quot;focal_length&quot;:&quot;0&quot;,&quot;iso&quot;:&quot;0&quot;,&quot;shutter_speed&quot;:&quot;0&quot;,&quot;title&quot;:&quot;&quot;,&quot;orientation&quot;:&quot;0&quot;}\" data-image-title=\"cuu5hu4uwae4xze\" data-image-description=\"\" data-image-caption=\"\" data-large-file=\"https:\/\/i0.wp.com\/blogdoprosperi.com\/wp-content\/uploads\/2017\/01\/cuu5hu4uwae4xze.png?fit=600%2C600&amp;ssl=1\" class=\"alignnone size-full wp-image-34632\" src=\"https:\/\/i0.wp.com\/blogdoprosperi.com\/wp-content\/uploads\/2017\/01\/cuu5hu4uwae4xze.png?resize=600%2C600&#038;ssl=1\" alt=\"cuu5hu4uwae4xze\" width=\"600\" height=\"600\" \/><\/span><\/p>\n<p style=\"text-align:justify;\">\u00c9 a sexta vez que Daniel Alves \u00e9 escolhido melhor lateral-direito e Marcelo, a terceira vez seguida na lateral-esquerda. Coincid\u00eancia ou n\u00e3o, os dois conquistaram essa galhardia por servi\u00e7os prestados ao Barcelona e Real Madrid. Daniel passou oito anos no Bar\u00e7a e est\u00e1 na Juventus apenas h\u00e1 seis meses. Marcelo tem dez anos de casa no Real.<\/p>\n<p style=\"text-align:justify;\">Como os dois clubes espanh\u00f3is dominam os pleitos da Fifa, \u00e9 at\u00e9 natural a presen\u00e7a de Daniel e Marcelo na sele\u00e7\u00e3o ideal. Talento eles t\u00eam de sobra, m\u00e9rito tamb\u00e9m.<\/p>\n<p style=\"text-align:justify;\">Quando encerrarem suas carreiras, dificilmente teremos outros jogadores entre os 11 melhores do mundo.<\/p>\n<p style=\"text-align:justify;\">Nos \u00faltimos anos, o Brasil n\u00e3o mandou nenhuma estrela brilhante a ocupar o firmamento europeu. Philippe Coutinho&#8230; Willian&#8230; Oscar&#8230; zagueiro Marquinhos&#8230; Fernandinho&#8230; Bons de bola, mas de baixo quilate.<\/p>\n<p style=\"text-align:justify;\">Expectativa paira sobre <a href=\"http:\/\/blogdoprosperi.com\/2016\/12\/12\/bola-de-ouro-de-cristiano-ronaldo-a-gabriel-jesus\/\">Gabriel Jesus, 19 anos, pronto a debutar na Europa com as cores do Manchester City.<\/a> Titular da Sele\u00e7\u00e3o Brasileira, tem como semear a terra. S\u00f3 n\u00e3o pode assumir a condi\u00e7\u00e3o de coadjuvante como fez Neymar ao vestir a camisa do Barcelona.<\/p>\n<p style=\"text-align:justify;\">Tem mais um detalhe. Nem mesmo emplacar o gol mais bonito da temporada, o Gol P\u00faskas, o futebol brasileiro emplaca. J\u00e1 recebemos esse pr\u00eamio com uma obra prima de Neymar e, em 2015, Wendel Lira levou o trof\u00e9u. Concorremos com Marlone nesta segunda-feira (09\/1) em Zurique. Mas o jogador do Corinthians foi derrotado por um gol de um malaio.<\/p>\n<p style=\"text-align:justify;\">E que n\u00e3o se perca pela mem\u00f3ria. Wendel Lira desistiu do futebol e hoje \u00e9 jogador de video-game.<\/p>\n","protected":false},"excerpt":{"rendered":"<p>Futebol brasileiro perde prest\u00edgio na elei\u00e7\u00e3o dos melhores do mundo com chancela da Fifa. Desde 2007, quando Kak\u00e1 [&hellip;]<\/p>\n","protected":false},"author":102107496,"featured_media":0,"comment_status":"open","ping_status":"open","sticky":false,"template":"","format":"standard","meta":{"_coblocks_attr":"","_coblocks_dimensions":"","_coblocks_responsive_height":"","_coblocks_accordion_ie_support":"","_jetpack_newsletter_access":"","_jetpack_dont_email_post_to_subs":false,"_jetpack_newsletter_tier_id":0,"_jetpack_memberships_contains_paywalled_content":false,"_wpcom_ai_launchpad_first_post":false,"_jetpack_feature_clip_id":0,"_jetpack_memberships_contains_paid_content":false,"footnotes":"","jetpack_publicize_message":"","jetpack_publicize_feature_enabled":true,"jetpack_social_post_already_shared":false,"jetpack_social_options":{"image_generator_settings":{"template":"highway","default_image_id":0,"font":"","enabled":false},"version":2},"jetpack_post_was_ever_published":false},"categories":[53870],"tags":[66172,789560563,789560560,25607934,20880014,81750,4112146,554550414,439206404],"class_list":["post-34598","post","type-post","status-publish","format-standard","hentry","category-futebol","tag-cristiano-ronaldo","tag-fifa","tag-futebol","tag-marlone","tag-melhor-do-mundo-fifa","tag-messi","tag-neymar","tag-the-best-fifa","tag-wendel-lira"],"yoast_head":"<!-- This site is optimized with the Yoast SEO plugin v28.4 - https:\/\/yoast.com\/product\/yoast-seo-wordpress\/ -->\n<title>Futebol brasileiro perde prest\u00edgio na elei\u00e7\u00e3o dos melhores do mundo da Fifa - PR\u00d3SPERI NEWS<\/title>\n<meta name=\"robots\" content=\"index, follow, max-snippet:-1, max-image-preview:large, max-video-preview:-1\" \/>\n<link rel=\"canonical\" href=\"https:\/\/blogdoprosperi.com\/?p=34598\" \/>\n<meta property=\"og:locale\" content=\"pt_BR\" \/>\n<meta property=\"og:type\" content=\"article\" \/>\n<meta property=\"og:title\" content=\"Futebol brasileiro perde prest\u00edgio na elei\u00e7\u00e3o dos melhores do mundo da Fifa - PR\u00d3SPERI NEWS\" \/>\n<meta property=\"og:description\" content=\"Futebol brasileiro perde prest\u00edgio na elei\u00e7\u00e3o dos melhores do mundo com chancela da Fifa. Desde 2007, quando Kak\u00e1 [&hellip;]\" \/>\n<meta property=\"og:url\" content=\"https:\/\/blogdoprosperi.com\/?p=34598\" \/>\n<meta property=\"og:site_name\" content=\"PR\u00d3SPERI NEWS\" \/>\n<meta property=\"article:publisher\" content=\"Luiz Pr\u00f3speri\" \/>\n<meta property=\"article:author\" content=\"Luiz Pr\u00f3speri\" \/>\n<meta property=\"article:published_time\" content=\"2017-01-10T00:20:31+00:00\" \/>\n<meta property=\"article:modified_time\" content=\"2017-01-30T02:40:41+00:00\" \/>\n<meta property=\"og:image\" content=\"https:\/\/blogdoprosperi.com\/wp-content\/uploads\/2017\/01\/223_2f08e5ff61fe2012_1024box.png\" \/>\n<meta name=\"author\" content=\"Luiz Ant\u00f4nio Pr\u00f3speri\" \/>\n<meta name=\"twitter:card\" content=\"summary_large_image\" \/>\n<meta name=\"twitter:creator\" content=\"@Luizprosperi\" \/>\n<meta name=\"twitter:site\" content=\"@Luizprosperi\" \/>\n<meta name=\"twitter:label1\" content=\"Escrito por\" \/>\n\t<meta name=\"twitter:data1\" content=\"Luiz Ant\u00f4nio Pr\u00f3speri\" \/>\n\t<meta name=\"twitter:label2\" content=\"Est. tempo de leitura\" \/>\n\t<meta name=\"twitter:data2\" content=\"3 minutos\" \/>\n<script type=\"application\/ld+json\" class=\"yoast-schema-graph\">{\"@context\":\"https:\\\/\\\/schema.org\",\"@graph\":[{\"@type\":\"Article\",\"@id\":\"https:\\\/\\\/blogdoprosperi.com\\\/?p=34598#article\",\"isPartOf\":{\"@id\":\"https:\\\/\\\/blogdoprosperi.com\\\/?p=34598\"},\"author\":{\"name\":\"Luiz Ant\u00f4nio Pr\u00f3speri\",\"@id\":\"https:\\\/\\\/blogdoprosperi.com\\\/#\\\/schema\\\/person\\\/38100755ce3601861ee4fab9b5aa78e9\"},\"headline\":\"Futebol brasileiro perde prest\u00edgio na elei\u00e7\u00e3o dos melhores do mundo da Fifa\",\"datePublished\":\"2017-01-10T00:20:31+00:00\",\"dateModified\":\"2017-01-30T02:40:41+00:00\",\"mainEntityOfPage\":{\"@id\":\"https:\\\/\\\/blogdoprosperi.com\\\/?p=34598\"},\"wordCount\":635,\"commentCount\":1,\"publisher\":{\"@id\":\"https:\\\/\\\/blogdoprosperi.com\\\/#\\\/schema\\\/person\\\/38100755ce3601861ee4fab9b5aa78e9\"},\"image\":{\"@id\":\"https:\\\/\\\/blogdoprosperi.com\\\/?p=34598#primaryimage\"},\"thumbnailUrl\":\"https:\\\/\\\/blogdoprosperi.com\\\/wp-content\\\/uploads\\\/2017\\\/01\\\/223_2f08e5ff61fe2012_1024box.png\",\"keywords\":[\"Cristiano Ronaldo\",\"Fifa\",\"futebol\",\"marlone\",\"Melhor do Mundo Fifa\",\"Messi\",\"Neymar\",\"The Best Fifa\",\"Wendel Lira\"],\"articleSection\":[\"futebol\"],\"inLanguage\":\"pt-BR\",\"potentialAction\":[{\"@type\":\"CommentAction\",\"name\":\"Comment\",\"target\":[\"https:\\\/\\\/blogdoprosperi.com\\\/?p=34598#respond\"]}]},{\"@type\":\"WebPage\",\"@id\":\"https:\\\/\\\/blogdoprosperi.com\\\/?p=34598\",\"url\":\"https:\\\/\\\/blogdoprosperi.com\\\/?p=34598\",\"name\":\"Futebol brasileiro perde prest\u00edgio na elei\u00e7\u00e3o dos melhores do mundo da Fifa - PR\u00d3SPERI NEWS\",\"isPartOf\":{\"@id\":\"https:\\\/\\\/blogdoprosperi.com\\\/#website\"},\"primaryImageOfPage\":{\"@id\":\"https:\\\/\\\/blogdoprosperi.com\\\/?p=34598#primaryimage\"},\"image\":{\"@id\":\"https:\\\/\\\/blogdoprosperi.com\\\/?p=34598#primaryimage\"},\"thumbnailUrl\":\"https:\\\/\\\/blogdoprosperi.com\\\/wp-content\\\/uploads\\\/2017\\\/01\\\/223_2f08e5ff61fe2012_1024box.png\",\"datePublished\":\"2017-01-10T00:20:31+00:00\",\"dateModified\":\"2017-01-30T02:40:41+00:00\",\"breadcrumb\":{\"@id\":\"https:\\\/\\\/blogdoprosperi.com\\\/?p=34598#breadcrumb\"},\"inLanguage\":\"pt-BR\",\"potentialAction\":[{\"@type\":\"ReadAction\",\"target\":[\"https:\\\/\\\/blogdoprosperi.com\\\/?p=34598\"]}]},{\"@type\":\"ImageObject\",\"inLanguage\":\"pt-BR\",\"@id\":\"https:\\\/\\\/blogdoprosperi.com\\\/?p=34598#primaryimage\",\"url\":\"https:\\\/\\\/i0.wp.com\\\/blogdoprosperi.com\\\/wp-content\\\/uploads\\\/2017\\\/01\\\/223_2f08e5ff61fe2012_1024box.png?fit=1024%2C576&ssl=1\",\"contentUrl\":\"https:\\\/\\\/i0.wp.com\\\/blogdoprosperi.com\\\/wp-content\\\/uploads\\\/2017\\\/01\\\/223_2f08e5ff61fe2012_1024box.png?fit=1024%2C576&ssl=1\",\"width\":1024,\"height\":576},{\"@type\":\"BreadcrumbList\",\"@id\":\"https:\\\/\\\/blogdoprosperi.com\\\/?p=34598#breadcrumb\",\"itemListElement\":[{\"@type\":\"ListItem\",\"position\":1,\"name\":\"In\u00edcio\",\"item\":\"https:\\\/\\\/blogdoprosperi.com\\\/\"},{\"@type\":\"ListItem\",\"position\":2,\"name\":\"Futebol brasileiro perde prest\u00edgio na elei\u00e7\u00e3o dos melhores do mundo da Fifa\"}]},{\"@type\":\"WebSite\",\"@id\":\"https:\\\/\\\/blogdoprosperi.com\\\/#website\",\"url\":\"https:\\\/\\\/blogdoprosperi.com\\\/\",\"name\":\"PR\u00d3SPERI NEWS\",\"description\":\"TUDO \u00c9  FUTEBOL\",\"publisher\":{\"@id\":\"https:\\\/\\\/blogdoprosperi.com\\\/#\\\/schema\\\/person\\\/38100755ce3601861ee4fab9b5aa78e9\"},\"alternateName\":\"blogdoprosperi.com\",\"potentialAction\":[{\"@type\":\"SearchAction\",\"target\":{\"@type\":\"EntryPoint\",\"urlTemplate\":\"https:\\\/\\\/blogdoprosperi.com\\\/?s={search_term_string}\"},\"query-input\":{\"@type\":\"PropertyValueSpecification\",\"valueRequired\":true,\"valueName\":\"search_term_string\"}}],\"inLanguage\":\"pt-BR\"},{\"@type\":[\"Person\",\"Organization\"],\"@id\":\"https:\\\/\\\/blogdoprosperi.com\\\/#\\\/schema\\\/person\\\/38100755ce3601861ee4fab9b5aa78e9\",\"name\":\"Luiz Ant\u00f4nio Pr\u00f3speri\",\"pronouns\":\"ele\",\"image\":{\"@type\":\"ImageObject\",\"inLanguage\":\"pt-BR\",\"@id\":\"https:\\\/\\\/i0.wp.com\\\/blogdoprosperi.com\\\/wp-content\\\/uploads\\\/2026\\\/05\\\/cropped-8059e613-6002-42fa-961e-8e275f575d71-2-5.jpg?fit=1360%2C931&ssl=1\",\"url\":\"https:\\\/\\\/i0.wp.com\\\/blogdoprosperi.com\\\/wp-content\\\/uploads\\\/2026\\\/05\\\/cropped-8059e613-6002-42fa-961e-8e275f575d71-2-5.jpg?fit=1360%2C931&ssl=1\",\"contentUrl\":\"https:\\\/\\\/i0.wp.com\\\/blogdoprosperi.com\\\/wp-content\\\/uploads\\\/2026\\\/05\\\/cropped-8059e613-6002-42fa-961e-8e275f575d71-2-5.jpg?fit=1360%2C931&ssl=1\",\"width\":1360,\"height\":931,\"caption\":\"Luiz Ant\u00f4nio Pr\u00f3speri\"},\"logo\":{\"@id\":\"https:\\\/\\\/i0.wp.com\\\/blogdoprosperi.com\\\/wp-content\\\/uploads\\\/2026\\\/05\\\/cropped-8059e613-6002-42fa-961e-8e275f575d71-2-5.jpg?fit=1360%2C931&ssl=1\"},\"description\":\"Jornalista com carreira dedicada ao esporte. Cobriu 9 Copas do Mundo in loco, 1990 na It\u00e1lia, 1994 nos EUA, 1998 na Fran\u00e7a, 2002 na Coreia do Sul e Jap\u00e3o, 2006 na Alemanha, 2010 na \u00c1frica do Sul, 2014 no Brasil, 2018 na R\u00fassia e 2022 no Qatar. Eurocopas, 1992 na Su\u00e9cia e 1996 na Inglaterra. Copa das Confedera\u00e7\u00f5es de 2005 na Alemanha e 2009 na \u00c1frica do Sul. Rep\u00f3rter e Editor, trabalhou no Jornal da Tarde e Estad\u00e3o, de 1984 a fevereiro de 2016. Colunista, blogueiro. E comentarista de futebol na R\u00e1dio Estad\u00e3o, de 2013 a fevereiro de 2016. Jornalista respons\u00e1vel do \\\"Pr\u00f3speri News\\\" (blogdoprosperi.com).\",\"sameAs\":[\"http:\\\/\\\/blogdoprosperi.com\",\"Luiz Pr\u00f3speri\",\"@luiz_prosperi\",\"https:\\\/\\\/x.com\\\/Luizprosperi\",\"@prosperinacopa\",\"luiz.prosperi@icloud.com\"],\"url\":\"https:\\\/\\\/blogdoprosperi.com\\\/?author=102107496\"}]}<\/script>\n<!-- \/ Yoast SEO plugin. -->","yoast_head_json":{"title":"Futebol brasileiro perde prest\u00edgio na elei\u00e7\u00e3o dos melhores do mundo da Fifa - PR\u00d3SPERI NEWS","robots":{"index":"index","follow":"follow","max-snippet":"max-snippet:-1","max-image-preview":"max-image-preview:large","max-video-preview":"max-video-preview:-1"},"canonical":"https:\/\/blogdoprosperi.com\/?p=34598","og_locale":"pt_BR","og_type":"article","og_title":"Futebol brasileiro perde prest\u00edgio na elei\u00e7\u00e3o dos melhores do mundo da Fifa - PR\u00d3SPERI NEWS","og_description":"Futebol brasileiro perde prest\u00edgio na elei\u00e7\u00e3o dos melhores do mundo com chancela da Fifa. Desde 2007, quando Kak\u00e1 [&hellip;]","og_url":"https:\/\/blogdoprosperi.com\/?p=34598","og_site_name":"PR\u00d3SPERI NEWS","article_publisher":"Luiz Pr\u00f3speri","article_author":"Luiz Pr\u00f3speri","article_published_time":"2017-01-10T00:20:31+00:00","article_modified_time":"2017-01-30T02:40:41+00:00","og_image":[{"url":"https:\/\/blogdoprosperi.com\/wp-content\/uploads\/2017\/01\/223_2f08e5ff61fe2012_1024box.png","type":"","width":"","height":""}],"author":"Luiz Ant\u00f4nio Pr\u00f3speri","twitter_card":"summary_large_image","twitter_creator":"@Luizprosperi","twitter_site":"@Luizprosperi","twitter_misc":{"Escrito por":"Luiz Ant\u00f4nio Pr\u00f3speri","Est. tempo de leitura":"3 minutos"},"schema":{"@context":"https:\/\/schema.org","@graph":[{"@type":"Article","@id":"https:\/\/blogdoprosperi.com\/?p=34598#article","isPartOf":{"@id":"https:\/\/blogdoprosperi.com\/?p=34598"},"author":{"name":"Luiz Ant\u00f4nio Pr\u00f3speri","@id":"https:\/\/blogdoprosperi.com\/#\/schema\/person\/38100755ce3601861ee4fab9b5aa78e9"},"headline":"Futebol brasileiro perde prest\u00edgio na elei\u00e7\u00e3o dos melhores do mundo da Fifa","datePublished":"2017-01-10T00:20:31+00:00","dateModified":"2017-01-30T02:40:41+00:00","mainEntityOfPage":{"@id":"https:\/\/blogdoprosperi.com\/?p=34598"},"wordCount":635,"commentCount":1,"publisher":{"@id":"https:\/\/blogdoprosperi.com\/#\/schema\/person\/38100755ce3601861ee4fab9b5aa78e9"},"image":{"@id":"https:\/\/blogdoprosperi.com\/?p=34598#primaryimage"},"thumbnailUrl":"https:\/\/blogdoprosperi.com\/wp-content\/uploads\/2017\/01\/223_2f08e5ff61fe2012_1024box.png","keywords":["Cristiano Ronaldo","Fifa","futebol","marlone","Melhor do Mundo Fifa","Messi","Neymar","The Best Fifa","Wendel Lira"],"articleSection":["futebol"],"inLanguage":"pt-BR","potentialAction":[{"@type":"CommentAction","name":"Comment","target":["https:\/\/blogdoprosperi.com\/?p=34598#respond"]}]},{"@type":"WebPage","@id":"https:\/\/blogdoprosperi.com\/?p=34598","url":"https:\/\/blogdoprosperi.com\/?p=34598","name":"Futebol brasileiro perde prest\u00edgio na elei\u00e7\u00e3o dos melhores do mundo da Fifa - PR\u00d3SPERI NEWS","isPartOf":{"@id":"https:\/\/blogdoprosperi.com\/#website"},"primaryImageOfPage":{"@id":"https:\/\/blogdoprosperi.com\/?p=34598#primaryimage"},"image":{"@id":"https:\/\/blogdoprosperi.com\/?p=34598#primaryimage"},"thumbnailUrl":"https:\/\/blogdoprosperi.com\/wp-content\/uploads\/2017\/01\/223_2f08e5ff61fe2012_1024box.png","datePublished":"2017-01-10T00:20:31+00:00","dateModified":"2017-01-30T02:40:41+00:00","breadcrumb":{"@id":"https:\/\/blogdoprosperi.com\/?p=34598#breadcrumb"},"inLanguage":"pt-BR","potentialAction":[{"@type":"ReadAction","target":["https:\/\/blogdoprosperi.com\/?p=34598"]}]},{"@type":"ImageObject","inLanguage":"pt-BR","@id":"https:\/\/blogdoprosperi.com\/?p=34598#primaryimage","url":"https:\/\/i0.wp.com\/blogdoprosperi.com\/wp-content\/uploads\/2017\/01\/223_2f08e5ff61fe2012_1024box.png?fit=1024%2C576&ssl=1","contentUrl":"https:\/\/i0.wp.com\/blogdoprosperi.com\/wp-content\/uploads\/2017\/01\/223_2f08e5ff61fe2012_1024box.png?fit=1024%2C576&ssl=1","width":1024,"height":576},{"@type":"BreadcrumbList","@id":"https:\/\/blogdoprosperi.com\/?p=34598#breadcrumb","itemListElement":[{"@type":"ListItem","position":1,"name":"In\u00edcio","item":"https:\/\/blogdoprosperi.com\/"},{"@type":"ListItem","position":2,"name":"Futebol brasileiro perde prest\u00edgio na elei\u00e7\u00e3o dos melhores do mundo da Fifa"}]},{"@type":"WebSite","@id":"https:\/\/blogdoprosperi.com\/#website","url":"https:\/\/blogdoprosperi.com\/","name":"PR\u00d3SPERI NEWS","description":"TUDO \u00c9  FUTEBOL","publisher":{"@id":"https:\/\/blogdoprosperi.com\/#\/schema\/person\/38100755ce3601861ee4fab9b5aa78e9"},"alternateName":"blogdoprosperi.com","potentialAction":[{"@type":"SearchAction","target":{"@type":"EntryPoint","urlTemplate":"https:\/\/blogdoprosperi.com\/?s={search_term_string}"},"query-input":{"@type":"PropertyValueSpecification","valueRequired":true,"valueName":"search_term_string"}}],"inLanguage":"pt-BR"},{"@type":["Person","Organization"],"@id":"https:\/\/blogdoprosperi.com\/#\/schema\/person\/38100755ce3601861ee4fab9b5aa78e9","name":"Luiz Ant\u00f4nio Pr\u00f3speri","pronouns":"ele","image":{"@type":"ImageObject","inLanguage":"pt-BR","@id":"https:\/\/i0.wp.com\/blogdoprosperi.com\/wp-content\/uploads\/2026\/05\/cropped-8059e613-6002-42fa-961e-8e275f575d71-2-5.jpg?fit=1360%2C931&ssl=1","url":"https:\/\/i0.wp.com\/blogdoprosperi.com\/wp-content\/uploads\/2026\/05\/cropped-8059e613-6002-42fa-961e-8e275f575d71-2-5.jpg?fit=1360%2C931&ssl=1","contentUrl":"https:\/\/i0.wp.com\/blogdoprosperi.com\/wp-content\/uploads\/2026\/05\/cropped-8059e613-6002-42fa-961e-8e275f575d71-2-5.jpg?fit=1360%2C931&ssl=1","width":1360,"height":931,"caption":"Luiz Ant\u00f4nio Pr\u00f3speri"},"logo":{"@id":"https:\/\/i0.wp.com\/blogdoprosperi.com\/wp-content\/uploads\/2026\/05\/cropped-8059e613-6002-42fa-961e-8e275f575d71-2-5.jpg?fit=1360%2C931&ssl=1"},"description":"Jornalista com carreira dedicada ao esporte. Cobriu 9 Copas do Mundo in loco, 1990 na It\u00e1lia, 1994 nos EUA, 1998 na Fran\u00e7a, 2002 na Coreia do Sul e Jap\u00e3o, 2006 na Alemanha, 2010 na \u00c1frica do Sul, 2014 no Brasil, 2018 na R\u00fassia e 2022 no Qatar. Eurocopas, 1992 na Su\u00e9cia e 1996 na Inglaterra. Copa das Confedera\u00e7\u00f5es de 2005 na Alemanha e 2009 na \u00c1frica do Sul. Rep\u00f3rter e Editor, trabalhou no Jornal da Tarde e Estad\u00e3o, de 1984 a fevereiro de 2016. Colunista, blogueiro. E comentarista de futebol na R\u00e1dio Estad\u00e3o, de 2013 a fevereiro de 2016. Jornalista respons\u00e1vel do \"Pr\u00f3speri News\" (blogdoprosperi.com).","sameAs":["http:\/\/blogdoprosperi.com","Luiz Pr\u00f3speri","@luiz_prosperi","https:\/\/x.com\/Luizprosperi","@prosperinacopa","luiz.prosperi@icloud.com"],"url":"https:\/\/blogdoprosperi.com\/?author=102107496"}]}},"jetpack_publicize_connections":[],"jetpack_likes_enabled":false,"jetpack_sharing_enabled":true,"jetpack_shortlink":"https:\/\/wp.me\/p7jvdk-902","jetpack-related-posts":[{"id":34001,"url":"https:\/\/blogdoprosperi.com\/?p=34001","url_meta":{"origin":34598,"position":0},"title":"Bola de Ouro, de Cristiano Ronaldo a  Gabriel Jesus","author":"Luiz Ant\u00f4nio Pr\u00f3speri","date":"12 de dezembro de 2016","format":false,"excerpt":"Cristiano Ronaldo \u00e9 eleito o Bola de Ouro da France Football. Falta ainda o pr\u00eamio de melhor do mundo a ser concedido pela Fifa em janeiro de 2017. At\u00e9 a temporada passada, a vota\u00e7\u00e3o era conjunta entre a revista e entidade na parceria firmada em 2010. De 1956 a 2009,\u2026","rel":"","context":"Em &quot;Campeonato Brasileiro&quot;","block_context":{"text":"Campeonato Brasileiro","link":"https:\/\/blogdoprosperi.com\/?cat=355071"},"img":{"alt_text":"","src":"https:\/\/i0.wp.com\/blogdoprosperi.com\/wp-content\/uploads\/2016\/12\/622_1ea51cc0-6e58-34ed-af09-4e09563980e5.jpg?resize=350%2C200&ssl=1","width":350,"height":200,"srcset":"https:\/\/i0.wp.com\/blogdoprosperi.com\/wp-content\/uploads\/2016\/12\/622_1ea51cc0-6e58-34ed-af09-4e09563980e5.jpg?resize=350%2C200&ssl=1 1x, https:\/\/i0.wp.com\/blogdoprosperi.com\/wp-content\/uploads\/2016\/12\/622_1ea51cc0-6e58-34ed-af09-4e09563980e5.jpg?resize=525%2C300&ssl=1 1.5x"},"classes":[]},{"id":5986,"url":"https:\/\/blogdoprosperi.com\/?p=5986","url_meta":{"origin":34598,"position":1},"title":"Neymar desiste de concorrer a melhor do mundo em 2016","author":"Luiz Ant\u00f4nio Pr\u00f3speri","date":"17 de maio de 2016","format":false,"excerpt":"\u00a0 Craque sai de cena em junho, ao aceitar pedido da CBF para disputar a Olimp\u00edada do Rio, e v\u00ea distante projeto de ser eleito o Bola de Ouro da Fifa no fim do ano Neymar desistiu de se credenciar a melhor jogador do mundo nesta temporada de 2016, na\u2026","rel":"","context":"Em &quot;futebol&quot;","block_context":{"text":"futebol","link":"https:\/\/blogdoprosperi.com\/?cat=53870"},"img":{"alt_text":"","src":"https:\/\/i0.wp.com\/blogdoprosperi.com\/wp-content\/uploads\/2016\/05\/16085103.jpeg?resize=350%2C200&ssl=1","width":350,"height":200,"srcset":"https:\/\/i0.wp.com\/blogdoprosperi.com\/wp-content\/uploads\/2016\/05\/16085103.jpeg?resize=350%2C200&ssl=1 1x, https:\/\/i0.wp.com\/blogdoprosperi.com\/wp-content\/uploads\/2016\/05\/16085103.jpeg?resize=525%2C300&ssl=1 1.5x"},"classes":[]},{"id":30842,"url":"https:\/\/blogdoprosperi.com\/?p=30842","url_meta":{"origin":34598,"position":2},"title":"Neymar, estrela solit\u00e1ria do Brasil na lista dos 23 melhores do mundo da Fifa, n\u00e3o vai ficar entre os tr\u00eas finalistas","author":"Luiz Ant\u00f4nio Pr\u00f3speri","date":"4 de novembro de 2016","format":false,"excerpt":"Neymar vai pagar um pre\u00e7o alto na corrida para ser o melhor do mundo na elei\u00e7\u00e3o da Fifa. Pesa contra o craque brasileiro sua op\u00e7\u00e3o de n\u00e3o disputar a Copa Am\u00e9rica Centen\u00e1rio nos Estados Unidos. Preferiu jogar a Olimp\u00edada do Rio, quando conquistou a medalha de ouro, que tem valor\u2026","rel":"","context":"Em &quot;futebol&quot;","block_context":{"text":"futebol","link":"https:\/\/blogdoprosperi.com\/?cat=53870"},"img":{"alt_text":"","src":"https:\/\/i0.wp.com\/blogdoprosperi.com\/wp-content\/uploads\/2016\/11\/cwa5a6cxeau2vj6.jpg?resize=350%2C200&ssl=1","width":350,"height":200,"srcset":"https:\/\/i0.wp.com\/blogdoprosperi.com\/wp-content\/uploads\/2016\/11\/cwa5a6cxeau2vj6.jpg?resize=350%2C200&ssl=1 1x, https:\/\/i0.wp.com\/blogdoprosperi.com\/wp-content\/uploads\/2016\/11\/cwa5a6cxeau2vj6.jpg?resize=525%2C300&ssl=1 1.5x, https:\/\/i0.wp.com\/blogdoprosperi.com\/wp-content\/uploads\/2016\/11\/cwa5a6cxeau2vj6.jpg?resize=700%2C400&ssl=1 2x"},"classes":[]},{"id":38120,"url":"https:\/\/blogdoprosperi.com\/?p=38120","url_meta":{"origin":34598,"position":3},"title":"Comunidade do futebol europeu n\u00e3o gosta de Neymar","author":"Luiz Ant\u00f4nio Pr\u00f3speri","date":"11 de dezembro de 2020","format":false,"excerpt":"Neymar n\u00e3o \u00e9 bem-visto na comunidade do futebol europeu. Apenas uma vez se deram o respeito ao craque brasileiro. Quando jogava no Barcelona ao lado de Messi. E olha l\u00e1. Por isso n\u00e3o \u00e9 um absurdo Neymar ficar fora do pr\u00eamio \"The Best\" da Fifa, melhor jogador do mundo na\u2026","rel":"","context":"Em &quot;Champions League&quot;","block_context":{"text":"Champions League","link":"https:\/\/blogdoprosperi.com\/?cat=9107"},"img":{"alt_text":"Neymar fora do pr\u00eamio Fifa","src":"https:\/\/i0.wp.com\/blogdoprosperi.com\/wp-content\/uploads\/2020\/12\/neymar-psg-x-bayern-champions-2020-23082020181716143.jpeg?fit=660%2C476&ssl=1&resize=350%2C200","width":350,"height":200,"srcset":"https:\/\/i0.wp.com\/blogdoprosperi.com\/wp-content\/uploads\/2020\/12\/neymar-psg-x-bayern-champions-2020-23082020181716143.jpeg?fit=660%2C476&ssl=1&resize=350%2C200 1x, https:\/\/i0.wp.com\/blogdoprosperi.com\/wp-content\/uploads\/2020\/12\/neymar-psg-x-bayern-champions-2020-23082020181716143.jpeg?fit=660%2C476&ssl=1&resize=525%2C300 1.5x"},"classes":[]},{"id":30399,"url":"https:\/\/blogdoprosperi.com\/?p=30399","url_meta":{"origin":34598,"position":4},"title":"Fifa estraga elei\u00e7\u00e3o do melhor jogador do mundo","author":"Luiz Ant\u00f4nio Pr\u00f3speri","date":"31 de outubro de 2016","format":false,"excerpt":"Fifa acaba de esculhambar a escolha do melhor jogador do mundo ao abrir a vota\u00e7\u00e3o, por meio da internet, aos torcedores. N\u00e3o que a torcida n\u00e3o tenha de ser consultada, o que pesa contra s\u00e3o os crit\u00e9rios subjetivos na hora de votar. Participa\u00e7\u00e3o democr\u00e1tica sempre \u00e9 bem-vinda. O problema \u00e9\u2026","rel":"","context":"Em &quot;futebol&quot;","block_context":{"text":"futebol","link":"https:\/\/blogdoprosperi.com\/?cat=53870"},"img":{"alt_text":"","src":"https:\/\/i0.wp.com\/blogdoprosperi.com\/wp-content\/uploads\/2016\/10\/messi-quinta-bola-de-ouro-2015-11012016-610x330.jpg?resize=350%2C200&ssl=1","width":350,"height":200,"srcset":"https:\/\/i0.wp.com\/blogdoprosperi.com\/wp-content\/uploads\/2016\/10\/messi-quinta-bola-de-ouro-2015-11012016-610x330.jpg?resize=350%2C200&ssl=1 1x, https:\/\/i0.wp.com\/blogdoprosperi.com\/wp-content\/uploads\/2016\/10\/messi-quinta-bola-de-ouro-2015-11012016-610x330.jpg?resize=525%2C300&ssl=1 1.5x"},"classes":[]},{"id":46066,"url":"https:\/\/blogdoprosperi.com\/?p=46066","url_meta":{"origin":34598,"position":5},"title":"Bola de Ouro | Sem Vini Jr, Come\u00e7a Nova Era no Cen\u00e1rio p\u00f3s-Messi e Cristiano Ronaldo","author":"Luiz Ant\u00f4nio Pr\u00f3speri","date":"28 de outubro de 2024","format":false,"excerpt":"A vez de Vini Jr? Enfim, ter\u00edamos um jogador brasileiro favorito a melhor do mundo no trof\u00e9u Bola de Ouro 2023\/2024, criado pela revista France Football em 1956. Acontece que Vini Jr desistiu de ir \u00e0 cerim\u00f4nia de entrega do trof\u00e9u em Paris, nessa segunda-feira (28\/10). Sem Vini Jr, o\u2026","rel":"","context":"Em &quot;futebol&quot;","block_context":{"text":"futebol","link":"https:\/\/blogdoprosperi.com\/?cat=53870"},"img":{"alt_text":"Quem leva Bola de Ouro?","src":"https:\/\/i0.wp.com\/blogdoprosperi.com\/wp-content\/uploads\/2024\/10\/captura-de-tela-2024-10-28-as-10.27.05.png?fit=1200%2C714&ssl=1&resize=350%2C200","width":350,"height":200,"srcset":"https:\/\/i0.wp.com\/blogdoprosperi.com\/wp-content\/uploads\/2024\/10\/captura-de-tela-2024-10-28-as-10.27.05.png?fit=1200%2C714&ssl=1&resize=350%2C200 1x, https:\/\/i0.wp.com\/blogdoprosperi.com\/wp-content\/uploads\/2024\/10\/captura-de-tela-2024-10-28-as-10.27.05.png?fit=1200%2C714&ssl=1&resize=525%2C300 1.5x, https:\/\/i0.wp.com\/blogdoprosperi.com\/wp-content\/uploads\/2024\/10\/captura-de-tela-2024-10-28-as-10.27.05.png?fit=1200%2C714&ssl=1&resize=700%2C400 2x, https:\/\/i0.wp.com\/blogdoprosperi.com\/wp-content\/uploads\/2024\/10\/captura-de-tela-2024-10-28-as-10.27.05.png?fit=1200%2C714&ssl=1&resize=1050%2C600 3x"},"classes":[]}],"jetpack_featured_media_url":"","_links":{"self":[{"href":"https:\/\/blogdoprosperi.com\/index.php?rest_route=\/wp\/v2\/posts\/34598","targetHints":{"allow":["GET"]}}],"collection":[{"href":"https:\/\/blogdoprosperi.com\/index.php?rest_route=\/wp\/v2\/posts"}],"about":[{"href":"https:\/\/blogdoprosperi.com\/index.php?rest_route=\/wp\/v2\/types\/post"}],"author":[{"embeddable":true,"href":"https:\/\/blogdoprosperi.com\/index.php?rest_route=\/wp\/v2\/users\/102107496"}],"replies":[{"embeddable":true,"href":"https:\/\/blogdoprosperi.com\/index.php?rest_route=%2Fwp%2Fv2%2Fcomments&post=34598"}],"version-history":[{"count":25,"href":"https:\/\/blogdoprosperi.com\/index.php?rest_route=\/wp\/v2\/posts\/34598\/revisions"}],"predecessor-version":[{"id":34864,"href":"https:\/\/blogdoprosperi.com\/index.php?rest_route=\/wp\/v2\/posts\/34598\/revisions\/34864"}],"wp:attachment":[{"href":"https:\/\/blogdoprosperi.com\/index.php?rest_route=%2Fwp%2Fv2%2Fmedia&parent=34598"}],"wp:term":[{"taxonomy":"category","embeddable":true,"href":"https:\/\/blogdoprosperi.com\/index.php?rest_route=%2Fwp%2Fv2%2Fcategories&post=34598"},{"taxonomy":"post_tag","embeddable":true,"href":"https:\/\/blogdoprosperi.com\/index.php?rest_route=%2Fwp%2Fv2%2Ftags&post=34598"}],"curies":[{"name":"wp","href":"https:\/\/api.w.org\/{rel}","templated":true}]}}