{"id":34723,"date":"2017-01-24T20:24:19","date_gmt":"2017-01-24T22:24:19","guid":{"rendered":"http:\/\/blogdoprosperi.com\/?p=34723"},"modified":"2017-01-24T20:37:20","modified_gmt":"2017-01-24T22:37:20","slug":"conheca-vitinho-novo-lancamento-da-base-do-palmeiras","status":"publish","type":"post","link":"https:\/\/blogdoprosperi.com\/?p=34723","title":{"rendered":"Conhe\u00e7a Vitinho, novo lan\u00e7amento da base do Palmeiras"},"content":{"rendered":"<p><span class=\"alignnone\"><img data-recalc-dims=\"1\" loading=\"lazy\" decoding=\"async\" data-attachment-id=\"34735\" data-permalink=\"https:\/\/blogdoprosperi.com\/?attachment_id=34735\" data-orig-file=\"https:\/\/i0.wp.com\/blogdoprosperi.com\/wp-content\/uploads\/2017\/01\/vitinho-chapecoense-palmeiras-amistoso-21012017_hzv2jt2bgr4s1j4zfk52hid63-1.jpg?fit=620%2C430&amp;ssl=1\" data-orig-size=\"620,430\" data-comments-opened=\"1\" data-image-meta=\"{&quot;aperture&quot;:&quot;0&quot;,&quot;credit&quot;:&quot;&quot;,&quot;camera&quot;:&quot;&quot;,&quot;caption&quot;:&quot;&quot;,&quot;created_timestamp&quot;:&quot;0&quot;,&quot;copyright&quot;:&quot;&quot;,&quot;focal_length&quot;:&quot;0&quot;,&quot;iso&quot;:&quot;0&quot;,&quot;shutter_speed&quot;:&quot;0&quot;,&quot;title&quot;:&quot;&quot;,&quot;orientation&quot;:&quot;0&quot;}\" data-image-title=\"vitinho-chapecoense-palmeiras-amistoso-21012017_hzv2jt2bgr4s1j4zfk52hid63-1\" data-image-description=\"\" data-image-caption=\"\" data-large-file=\"https:\/\/i0.wp.com\/blogdoprosperi.com\/wp-content\/uploads\/2017\/01\/vitinho-chapecoense-palmeiras-amistoso-21012017_hzv2jt2bgr4s1j4zfk52hid63-1.jpg?fit=620%2C430&amp;ssl=1\" class=\"alignnone size-full wp-image-34735\" src=\"https:\/\/i0.wp.com\/blogdoprosperi.com\/wp-content\/uploads\/2017\/01\/vitinho-chapecoense-palmeiras-amistoso-21012017_hzv2jt2bgr4s1j4zfk52hid63-1.jpg?resize=620%2C430&#038;ssl=1\" alt=\"vitinho-chapecoense-palmeiras-amistoso-21012017_hzv2jt2bgr4s1j4zfk52hid63-1\" width=\"620\" height=\"430\" \/><\/span><\/p>\n<p>Alexandre Mattos estava empolgado na noite de 21 de junho de 2016 no Allianz Parque. Ao lado de Ra\u00fal Sanlleh\u00ed, diretor do Barcelona, em um dos camarotes da arena, o executivo do Palmeiras deitava fala\u00e7\u00e3o e elogios aos jogadores do clube paulista. L\u00e1 embaixo, no campo, Gabriel Jesus, com extrema colabora\u00e7\u00e3o de Roger Guedes, destru\u00eda o Am\u00e9rica-MG com dois gols ainda no primeiro tempo. Sanlleh\u00ed estava de olho em Jesus, objeto do desejo do Bar\u00e7a. Mattos pensava mais longe. J\u00e1 dava como certa a venda do prod\u00edgio. Queria chamar aten\u00e7\u00e3o do espanhol para outro diamante. \u201cRa\u00fal, Ra\u00fal, voc\u00ea precisa ver nossos meninos, nossa La Masia (<em>refer\u00eancia \u00e0s categorias de base do Barcelona<\/em>), voc\u00ea precisa ver o Vitinho, vai ser a nossa pr\u00f3xima joia\u201d. Sanlleh\u00ed se deliciava com Jesus e se mostrava impressionado com Roger Guedes. \u201cQuem \u00e9 esse louro? Ele est\u00e1 pronto para jogar na Europa\u201d.<!--more--><span id=\"more-2425\"><\/span><\/p>\n<p>O diretor do Bar\u00e7a n\u00e3o deve ter prestado muita aten\u00e7\u00e3o nas palavras de Alexandre Mattos. Nem deve ter anotado na sua caderneta o nome de Vitinho. O garoto havia sido promovido da base ao time de cima pelas m\u00e3os de Cuca. O treinador tinha conhecimento do bom desempenho daquele meia-esquerda franzino na Copa S\u00e3o Paulo de Juniores e em um torneio sub-17 conquistado pelo <a href=\"http:\/\/blogdoprosperi.com\/2017\/01\/07\/de-felipe-melo-a-diego-esta-facil-jogar-no-futebol-brasileiro\/\">Palmeiras <\/a>na Su\u00ed\u00e7a. E mais ainda: em torneios e amistosos da Sele\u00e7\u00e3o Brasileira de garotos.<\/p>\n<p>Para puxar Vitinho da base, Cuca havia feito alguns ajustes no grupo de profissionais, como mandar o meia Robinho para o Cruzeiro, em mar\u00e7o de 2016. Uma tacada muito criticada na \u00e9poca. A resposta do treinador foi dura.<\/p>\n<p>\u201cO Vitinho \u00e9 um meia! Se a gente fica com todos os meias com a mesma caracter\u00edstica, voc\u00ea n\u00e3o usa o Vitinho. \u2018Como o Cuca libera o Robinho?\u2019 Tem um menino que est\u00e1 brotando, a gente est\u00e1 vendo, vai ceder espa\u00e7o a ele. Ningu\u00e9m aqui est\u00e1 fazendo nada \u00e0 la louca, as coisas s\u00e3o planejadas\u201d, disse Cuca.<\/p>\n<p><span class=\"alignnone\"><img data-recalc-dims=\"1\" loading=\"lazy\" decoding=\"async\" class=\"alignnone size-medium wp-image-2430 alignright\" src=\"https:\/\/i0.wp.com\/www.chuteirafc.com.br\/wp-content\/uploads\/2017\/01\/vitinhi-300x182.jpg?resize=300%2C182\" alt=\"vitinhi\" width=\"300\" height=\"182\" \/><\/span>Com tamanho respaldo do chefe, cabia ao menino encarar o desafio e encaminhar seu futuro. Era hora de escrever o primeiro cap\u00edtulo da sua hist\u00f3ria que come\u00e7a no bairro Cohab de Taipas, distrito de Jaguar\u00e1, Zona Norte da capital paulista. Nessa beirada da metr\u00f3pole, onde a renda m\u00e9dia dos moradores alcan\u00e7a R$ 877,50 por m\u00eas, Vitinho aprendeu a jogar futebol. Batia sua bolinha em uma acanhada quadra ao lado de sua casa.<\/p>\n<p>\u201cEra uma brincadeira. Nunca levei muito a s\u00e9rio, s\u00f3 jogava porque gostava,\u00a0nem sabia que tinha futebol profissional. Foi uma coisa que aconteceu conforme o tempo.\u00a0De vez em quando ainda vou na quadrinha, dou uma brincada para relembrar os velhos momentos. Eu era o mais novo, meus amigos s\u00e3o mais velhos que eu e estou sempre aprendendo muito com eles, foram eles que me ensinaram a jogar\u201d, contou Vitinho, em entrevista ao\u00a0<em>Lance!<\/em>.<\/p>\n<p>Meteram na cabe\u00e7a do menino que ele tinha jeito para coisa. Deveria tentar a sorte no futebol. Convencido de que poderia mesmo seguir carreira, Victor Hugo Santana Carvalho partiu em busca de seu lugar no futebol. Aos 11 anos havia trocado a quadrinha perto de casa para\u00a0jogar no campo grande \u00a0do TC Lideran\u00e7a, escolinha de futebol em Pirituba n\u00e3o muito distante de Taipas.<\/p>\n<p>Informado a respeito de que o Palmeiras realizaria seletivas com garotos em Guarulhos, onde se localiza o CT das categorias de base do clube, o moleque se inscreveu para um teste.<\/p>\n<p><img data-recalc-dims=\"1\" loading=\"lazy\" decoding=\"async\" class=\"size-medium wp-image-2436 alignleft\" src=\"https:\/\/i0.wp.com\/www.chuteirafc.com.br\/wp-content\/uploads\/2017\/01\/20160530_cgap_palmeiras_7927_30-247x300.jpg?resize=247%2C300\" alt=\"S\u00c3O PAULO, SP - 30.05.2016: TREINO DO PALMEIRAS - O jogador Vitinho, da SE Palmeiras, durante treinamento, na Academia de Futebol, no bairro da Barra Funda. (Foto: Cesar Greco \/ Fotoarena)\" width=\"247\" height=\"300\" \/>Com dificuldade para vencer a dist\u00e2ncia entre Cohab de Taipas e Guarulhos, Vitinho tomou alguns \u00f4nibus at\u00e9 desembarcar no campo de avalia\u00e7\u00f5es do Palmeiras.<\/p>\n<p>\u201cCheguei atrasado no treino porque n\u00e3o tinha ningu\u00e9m para me levar e fui de \u00f4nibus, sozinho. Cheguei l\u00e1 atrasado, coloquei uma chuteira e fui para o campo, os moleques j\u00e1 estavam jogando. Nem aqueci, nem alonguei, nem nada. Joguei bem, gra\u00e7as a Deus.\u00a0Foi na famosa peneira. Assinei um papel e fui selecionado. Fui direto para Guarulhos, no CT da base, cheguei, treinei um dia e j\u00e1 me aprovaram.\u201d<\/p>\n<p>Ao lado de outros meninos, Vitinho n\u00e3o esmoreceu. Sabia que para vencer teria de lutar muito e n\u00e3o desistir nunca.<\/p>\n<p>\u201cA maioria das vezes eu ia de \u00f4nibus. Sa\u00eda de casa, pegava um ou dois \u00f4nibus\u2026 Acho que foi uma vida muito sofrida, mas tenho muito prazer de estar vivendo isso. S\u00f3 quem sabe o que passou pode ter hist\u00f3ria para contar. O pai do meu amigo Augusto, que hoje est\u00e1 aqui junto comigo (<em>entre os profissionais<\/em>), \u00e0s vezes me levava para o treino\u201d.<\/p>\n<p>Taipas ficou para tr\u00e1s. Chegou ao Palmeiras em 2011. E, \u00a0promovido ao time de cima em 2016, foi alojado em um apartamento perto da Academia de Futebol do Palmeiras na Barra Funda. E mais do que depressa, o clube renovou seu contrato at\u00e9 2021, com multa rescis\u00f3ria estimada em R$ 100 milh\u00f5es. A estrada estava pavimentada.<\/p>\n<div class=\"jetpack-video-wrapper\"><span class=\"embed-youtube\" style=\"text-align:center; display: block;\"><iframe loading=\"lazy\" class=\"youtube-player\" width=\"940\" height=\"529\" src=\"https:\/\/www.youtube.com\/embed\/DEb1v4lC3UI?version=3&#038;rel=1&#038;showsearch=0&#038;showinfo=1&#038;iv_load_policy=1&#038;fs=1&#038;hl=pt-BR&#038;autohide=2&#038;wmode=transparent\" allowfullscreen=\"true\" style=\"border:0;\" sandbox=\"allow-scripts allow-same-origin allow-popups allow-presentation allow-popups-to-escape-sandbox\"><\/iframe><\/span><\/div>\n<p>Quando Cuca resolveu ir embora, ap\u00f3s a conquista do Brasileir\u00e3o, Vitinho imaginou que viveria entre a base e o time de cima. Em uma emerg\u00eancia, voltaria \u00e0s divis\u00f5es de baixo para dar for\u00e7a e talento ao time dos meninos, como havia feito na temporada passada.<\/p>\n<p>O garoto se enganou. <a href=\"http:\/\/blogdoprosperi.com\/2017\/01\/03\/flamengo-corre-atras-do-palmeiras-em-2017\/\">Eduardo Baptista, o novo chefe, queria Vitinho <\/a>por perto e pediu aos dirigentes que n\u00e3o o inscrevesse na Copa S\u00e3o Paulo de Juniores de 2017. Veja o Baptista disse do jogador:<\/p>\n<blockquote>\n<h4>\u201cO Vitinho \u00e9 um jogador que j\u00e1 vi jogar ano passado, quando estava na Ponte Preta. Ele foi fazer uma Copa do Brasil (<em>Sub-17<\/em>), em Campinas. Ele j\u00e1 tinha arrebentado o jogo. Foi 3 a 0. Ali ele j\u00e1 me chamou aten\u00e7\u00e3o e quando eu vim para c\u00e1 \u00a0(<em>no Palmeiras<\/em>) eu j\u00e1 quis saber a onde estava aquele menino. Queria ele aqui.\u201d<\/h4>\n<\/blockquote>\n<p>Baptista anda entusiasmado com o garoto. Desde s\u00e1bado, quando Vitinho fez aquele gola\u00e7o no amistoso contra a Chapecoense, tem repetido elogios ao futebol do meia-esquerda de 18 anos. Dirigentes do Palmeiras tamb\u00e9m falam de boca cheia do menino. Diferente do que aconteceu com Gabriel Jesus, quando clube ficou apenas com 30% dos direitos econ\u00f4micos do jogador, o Palmeiras tem 100% dos direitos de Vitinho.<\/p>\n<p>De estilo atrevido,o meia ainda franzino, embora tenha engordado 8 quilos por causa de um tratamento dos nutricionistas do Palmeiras, gosta de dar passes r\u00e1pidos, de primeira, n\u00e3o tem medo de partir para cima quando sai em dire\u00e7\u00e3o ao ataque. Tem bom drible e tem prazer de arrematar de longa dist\u00e2ncia. Bate faltas colocadas e tamb\u00e9m mete o p\u00e9 quando necess\u00e1rio. \u00c9 uma promessa.<\/p>\n<p>N\u00e3o ser\u00e1 surpresa se em breve os grandes conglomerados do futebol europeu desembarcarem no Brail atr\u00e1s do moleque. Ra\u00fal Sanlleh\u00ed, aquele diretor do Barcelona que havia sido alertado por Alexandre Mattos, n\u00e3o deve ter atentado a um detalhe. Naquela noite de 21 de junho em que esteve no Allianz para ver Gabriel Jesus, Vitinho, aos 17 anos, fez sua estreia no profissional do Palmeiras. Entrou aos 32 minutos do segundo tempo no lugar de Cleiton Xavier. Seu nome foi gritado pela torcida. E deve ser repetido nesta temporada. Palmeirenses ainda n\u00e3o acordaram do sonho com <a href=\"http:\/\/blogdoprosperi.com\/2016\/07\/22\/entenda-como-gabriel-jesus-escolheu-manchester-city-para-jogar-na-europa\/\">Gabriel Jesus<\/a> e j\u00e1 t\u00eam outro motivo para sonhar.<\/p>\n<p>(p<em><strong>ublicado no CHUTEIRA FC &#8211; veja o site no<\/strong><strong>:<\/strong><\/em>\u00a0<a href=\"http:\/\/www.chuteirafc.com.br\">http:\/\/www.chuteirafc.com.br<\/a>)<\/p>\n","protected":false},"excerpt":{"rendered":"<p>Alexandre Mattos estava empolgado na noite de 21 de junho de 2016 no Allianz Parque. Ao lado de [&hellip;]<\/p>\n","protected":false},"author":102107496,"featured_media":0,"comment_status":"open","ping_status":"open","sticky":false,"template":"","format":"standard","meta":{"_coblocks_attr":"","_coblocks_dimensions":"","_coblocks_responsive_height":"","_coblocks_accordion_ie_support":"","_jetpack_newsletter_access":"","_jetpack_dont_email_post_to_subs":false,"_jetpack_newsletter_tier_id":0,"_jetpack_memberships_contains_paywalled_content":false,"_wpcom_ai_launchpad_first_post":false,"_jetpack_feature_clip_id":0,"_jetpack_memberships_contains_paid_content":false,"footnotes":"","jetpack_publicize_message":"","jetpack_publicize_feature_enabled":true,"jetpack_social_post_already_shared":false,"jetpack_social_options":{"image_generator_settings":{"template":"highway","default_image_id":0,"font":"","enabled":false},"version":2},"jetpack_post_was_ever_published":false},"categories":[355071,53870],"tags":[471113831,11006842,50408,789560560,8328841,6698778],"class_list":["post-34723","post","type-post","status-publish","format-standard","hentry","category-campeonato-brasileiro","category-futebol","tag-cuca-palmeiras","tag-eduardo-baptista","tag-fc-barcelona","tag-futebol","tag-palmeiras-clube","tag-vitinho"],"yoast_head":"<!-- This site is optimized with the Yoast SEO plugin v28.4 - https:\/\/yoast.com\/product\/yoast-seo-wordpress\/ -->\n<title>Conhe\u00e7a Vitinho, novo lan\u00e7amento da base do Palmeiras - PR\u00d3SPERI NEWS<\/title>\n<meta name=\"robots\" content=\"index, follow, max-snippet:-1, max-image-preview:large, max-video-preview:-1\" \/>\n<link rel=\"canonical\" href=\"https:\/\/blogdoprosperi.com\/?p=34723\" \/>\n<meta property=\"og:locale\" content=\"pt_BR\" \/>\n<meta property=\"og:type\" content=\"article\" \/>\n<meta property=\"og:title\" content=\"Conhe\u00e7a Vitinho, novo lan\u00e7amento da base do Palmeiras - PR\u00d3SPERI NEWS\" \/>\n<meta property=\"og:description\" content=\"Alexandre Mattos estava empolgado na noite de 21 de junho de 2016 no Allianz Parque. Ao lado de [&hellip;]\" \/>\n<meta property=\"og:url\" content=\"https:\/\/blogdoprosperi.com\/?p=34723\" \/>\n<meta property=\"og:site_name\" content=\"PR\u00d3SPERI NEWS\" \/>\n<meta property=\"article:publisher\" content=\"Luiz Pr\u00f3speri\" \/>\n<meta property=\"article:author\" content=\"Luiz Pr\u00f3speri\" \/>\n<meta property=\"article:published_time\" content=\"2017-01-24T22:24:19+00:00\" \/>\n<meta property=\"article:modified_time\" content=\"2017-01-24T22:37:20+00:00\" \/>\n<meta property=\"og:image\" content=\"https:\/\/blogdoprosperi.com\/wp-content\/uploads\/2017\/01\/vitinho-chapecoense-palmeiras-amistoso-21012017_hzv2jt2bgr4s1j4zfk52hid63-1.jpg\" \/>\n<meta name=\"author\" content=\"Luiz Ant\u00f4nio Pr\u00f3speri\" \/>\n<meta name=\"twitter:card\" content=\"summary_large_image\" \/>\n<meta name=\"twitter:creator\" content=\"@Luizprosperi\" \/>\n<meta name=\"twitter:site\" content=\"@Luizprosperi\" \/>\n<meta name=\"twitter:label1\" content=\"Escrito por\" \/>\n\t<meta name=\"twitter:data1\" content=\"Luiz Ant\u00f4nio Pr\u00f3speri\" \/>\n\t<meta name=\"twitter:label2\" content=\"Est. tempo de leitura\" \/>\n\t<meta name=\"twitter:data2\" content=\"6 minutos\" \/>\n<script type=\"application\/ld+json\" class=\"yoast-schema-graph\">{\"@context\":\"https:\\\/\\\/schema.org\",\"@graph\":[{\"@type\":\"Article\",\"@id\":\"https:\\\/\\\/blogdoprosperi.com\\\/?p=34723#article\",\"isPartOf\":{\"@id\":\"https:\\\/\\\/blogdoprosperi.com\\\/?p=34723\"},\"author\":{\"name\":\"Luiz Ant\u00f4nio Pr\u00f3speri\",\"@id\":\"https:\\\/\\\/blogdoprosperi.com\\\/#\\\/schema\\\/person\\\/38100755ce3601861ee4fab9b5aa78e9\"},\"headline\":\"Conhe\u00e7a Vitinho, novo lan\u00e7amento da base do Palmeiras\",\"datePublished\":\"2017-01-24T22:24:19+00:00\",\"dateModified\":\"2017-01-24T22:37:20+00:00\",\"mainEntityOfPage\":{\"@id\":\"https:\\\/\\\/blogdoprosperi.com\\\/?p=34723\"},\"wordCount\":1258,\"commentCount\":0,\"publisher\":{\"@id\":\"https:\\\/\\\/blogdoprosperi.com\\\/#\\\/schema\\\/person\\\/38100755ce3601861ee4fab9b5aa78e9\"},\"image\":{\"@id\":\"https:\\\/\\\/blogdoprosperi.com\\\/?p=34723#primaryimage\"},\"thumbnailUrl\":\"https:\\\/\\\/blogdoprosperi.com\\\/wp-content\\\/uploads\\\/2017\\\/01\\\/vitinho-chapecoense-palmeiras-amistoso-21012017_hzv2jt2bgr4s1j4zfk52hid63-1.jpg\",\"keywords\":[\"Cuca Palmeiras\",\"Eduardo Baptista\",\"FC Barcelona\",\"futebol\",\"Palmeiras Clube\",\"Vitinho\"],\"articleSection\":[\"Campeonato Brasileiro\",\"futebol\"],\"inLanguage\":\"pt-BR\",\"potentialAction\":[{\"@type\":\"CommentAction\",\"name\":\"Comment\",\"target\":[\"https:\\\/\\\/blogdoprosperi.com\\\/?p=34723#respond\"]}]},{\"@type\":\"WebPage\",\"@id\":\"https:\\\/\\\/blogdoprosperi.com\\\/?p=34723\",\"url\":\"https:\\\/\\\/blogdoprosperi.com\\\/?p=34723\",\"name\":\"Conhe\u00e7a Vitinho, novo lan\u00e7amento da base do Palmeiras - PR\u00d3SPERI NEWS\",\"isPartOf\":{\"@id\":\"https:\\\/\\\/blogdoprosperi.com\\\/#website\"},\"primaryImageOfPage\":{\"@id\":\"https:\\\/\\\/blogdoprosperi.com\\\/?p=34723#primaryimage\"},\"image\":{\"@id\":\"https:\\\/\\\/blogdoprosperi.com\\\/?p=34723#primaryimage\"},\"thumbnailUrl\":\"https:\\\/\\\/blogdoprosperi.com\\\/wp-content\\\/uploads\\\/2017\\\/01\\\/vitinho-chapecoense-palmeiras-amistoso-21012017_hzv2jt2bgr4s1j4zfk52hid63-1.jpg\",\"datePublished\":\"2017-01-24T22:24:19+00:00\",\"dateModified\":\"2017-01-24T22:37:20+00:00\",\"breadcrumb\":{\"@id\":\"https:\\\/\\\/blogdoprosperi.com\\\/?p=34723#breadcrumb\"},\"inLanguage\":\"pt-BR\",\"potentialAction\":[{\"@type\":\"ReadAction\",\"target\":[\"https:\\\/\\\/blogdoprosperi.com\\\/?p=34723\"]}]},{\"@type\":\"ImageObject\",\"inLanguage\":\"pt-BR\",\"@id\":\"https:\\\/\\\/blogdoprosperi.com\\\/?p=34723#primaryimage\",\"url\":\"https:\\\/\\\/i0.wp.com\\\/blogdoprosperi.com\\\/wp-content\\\/uploads\\\/2017\\\/01\\\/vitinho-chapecoense-palmeiras-amistoso-21012017_hzv2jt2bgr4s1j4zfk52hid63-1.jpg?fit=620%2C430&ssl=1\",\"contentUrl\":\"https:\\\/\\\/i0.wp.com\\\/blogdoprosperi.com\\\/wp-content\\\/uploads\\\/2017\\\/01\\\/vitinho-chapecoense-palmeiras-amistoso-21012017_hzv2jt2bgr4s1j4zfk52hid63-1.jpg?fit=620%2C430&ssl=1\",\"width\":620,\"height\":430},{\"@type\":\"BreadcrumbList\",\"@id\":\"https:\\\/\\\/blogdoprosperi.com\\\/?p=34723#breadcrumb\",\"itemListElement\":[{\"@type\":\"ListItem\",\"position\":1,\"name\":\"In\u00edcio\",\"item\":\"https:\\\/\\\/blogdoprosperi.com\\\/\"},{\"@type\":\"ListItem\",\"position\":2,\"name\":\"Conhe\u00e7a Vitinho, novo lan\u00e7amento da base do Palmeiras\"}]},{\"@type\":\"WebSite\",\"@id\":\"https:\\\/\\\/blogdoprosperi.com\\\/#website\",\"url\":\"https:\\\/\\\/blogdoprosperi.com\\\/\",\"name\":\"PR\u00d3SPERI NEWS\",\"description\":\"TUDO \u00c9  FUTEBOL\",\"publisher\":{\"@id\":\"https:\\\/\\\/blogdoprosperi.com\\\/#\\\/schema\\\/person\\\/38100755ce3601861ee4fab9b5aa78e9\"},\"alternateName\":\"blogdoprosperi.com\",\"potentialAction\":[{\"@type\":\"SearchAction\",\"target\":{\"@type\":\"EntryPoint\",\"urlTemplate\":\"https:\\\/\\\/blogdoprosperi.com\\\/?s={search_term_string}\"},\"query-input\":{\"@type\":\"PropertyValueSpecification\",\"valueRequired\":true,\"valueName\":\"search_term_string\"}}],\"inLanguage\":\"pt-BR\"},{\"@type\":[\"Person\",\"Organization\"],\"@id\":\"https:\\\/\\\/blogdoprosperi.com\\\/#\\\/schema\\\/person\\\/38100755ce3601861ee4fab9b5aa78e9\",\"name\":\"Luiz Ant\u00f4nio Pr\u00f3speri\",\"pronouns\":\"ele\",\"image\":{\"@type\":\"ImageObject\",\"inLanguage\":\"pt-BR\",\"@id\":\"https:\\\/\\\/i0.wp.com\\\/blogdoprosperi.com\\\/wp-content\\\/uploads\\\/2026\\\/05\\\/cropped-8059e613-6002-42fa-961e-8e275f575d71-2-5.jpg?fit=1360%2C931&ssl=1\",\"url\":\"https:\\\/\\\/i0.wp.com\\\/blogdoprosperi.com\\\/wp-content\\\/uploads\\\/2026\\\/05\\\/cropped-8059e613-6002-42fa-961e-8e275f575d71-2-5.jpg?fit=1360%2C931&ssl=1\",\"contentUrl\":\"https:\\\/\\\/i0.wp.com\\\/blogdoprosperi.com\\\/wp-content\\\/uploads\\\/2026\\\/05\\\/cropped-8059e613-6002-42fa-961e-8e275f575d71-2-5.jpg?fit=1360%2C931&ssl=1\",\"width\":1360,\"height\":931,\"caption\":\"Luiz Ant\u00f4nio Pr\u00f3speri\"},\"logo\":{\"@id\":\"https:\\\/\\\/i0.wp.com\\\/blogdoprosperi.com\\\/wp-content\\\/uploads\\\/2026\\\/05\\\/cropped-8059e613-6002-42fa-961e-8e275f575d71-2-5.jpg?fit=1360%2C931&ssl=1\"},\"description\":\"Jornalista com carreira dedicada ao esporte. Cobriu 9 Copas do Mundo in loco, 1990 na It\u00e1lia, 1994 nos EUA, 1998 na Fran\u00e7a, 2002 na Coreia do Sul e Jap\u00e3o, 2006 na Alemanha, 2010 na \u00c1frica do Sul, 2014 no Brasil, 2018 na R\u00fassia e 2022 no Qatar. Eurocopas, 1992 na Su\u00e9cia e 1996 na Inglaterra. Copa das Confedera\u00e7\u00f5es de 2005 na Alemanha e 2009 na \u00c1frica do Sul. Rep\u00f3rter e Editor, trabalhou no Jornal da Tarde e Estad\u00e3o, de 1984 a fevereiro de 2016. Colunista, blogueiro. E comentarista de futebol na R\u00e1dio Estad\u00e3o, de 2013 a fevereiro de 2016. Jornalista respons\u00e1vel do \\\"Pr\u00f3speri News\\\" (blogdoprosperi.com).\",\"sameAs\":[\"http:\\\/\\\/blogdoprosperi.com\",\"Luiz Pr\u00f3speri\",\"@luiz_prosperi\",\"https:\\\/\\\/x.com\\\/Luizprosperi\",\"@prosperinacopa\",\"luiz.prosperi@icloud.com\"],\"url\":\"https:\\\/\\\/blogdoprosperi.com\\\/?author=102107496\"}]}<\/script>\n<!-- \/ Yoast SEO plugin. -->","yoast_head_json":{"title":"Conhe\u00e7a Vitinho, novo lan\u00e7amento da base do Palmeiras - PR\u00d3SPERI NEWS","robots":{"index":"index","follow":"follow","max-snippet":"max-snippet:-1","max-image-preview":"max-image-preview:large","max-video-preview":"max-video-preview:-1"},"canonical":"https:\/\/blogdoprosperi.com\/?p=34723","og_locale":"pt_BR","og_type":"article","og_title":"Conhe\u00e7a Vitinho, novo lan\u00e7amento da base do Palmeiras - PR\u00d3SPERI NEWS","og_description":"Alexandre Mattos estava empolgado na noite de 21 de junho de 2016 no Allianz Parque. Ao lado de [&hellip;]","og_url":"https:\/\/blogdoprosperi.com\/?p=34723","og_site_name":"PR\u00d3SPERI NEWS","article_publisher":"Luiz Pr\u00f3speri","article_author":"Luiz Pr\u00f3speri","article_published_time":"2017-01-24T22:24:19+00:00","article_modified_time":"2017-01-24T22:37:20+00:00","og_image":[{"url":"https:\/\/blogdoprosperi.com\/wp-content\/uploads\/2017\/01\/vitinho-chapecoense-palmeiras-amistoso-21012017_hzv2jt2bgr4s1j4zfk52hid63-1.jpg","type":"","width":"","height":""}],"author":"Luiz Ant\u00f4nio Pr\u00f3speri","twitter_card":"summary_large_image","twitter_creator":"@Luizprosperi","twitter_site":"@Luizprosperi","twitter_misc":{"Escrito por":"Luiz Ant\u00f4nio Pr\u00f3speri","Est. tempo de leitura":"6 minutos"},"schema":{"@context":"https:\/\/schema.org","@graph":[{"@type":"Article","@id":"https:\/\/blogdoprosperi.com\/?p=34723#article","isPartOf":{"@id":"https:\/\/blogdoprosperi.com\/?p=34723"},"author":{"name":"Luiz Ant\u00f4nio Pr\u00f3speri","@id":"https:\/\/blogdoprosperi.com\/#\/schema\/person\/38100755ce3601861ee4fab9b5aa78e9"},"headline":"Conhe\u00e7a Vitinho, novo lan\u00e7amento da base do Palmeiras","datePublished":"2017-01-24T22:24:19+00:00","dateModified":"2017-01-24T22:37:20+00:00","mainEntityOfPage":{"@id":"https:\/\/blogdoprosperi.com\/?p=34723"},"wordCount":1258,"commentCount":0,"publisher":{"@id":"https:\/\/blogdoprosperi.com\/#\/schema\/person\/38100755ce3601861ee4fab9b5aa78e9"},"image":{"@id":"https:\/\/blogdoprosperi.com\/?p=34723#primaryimage"},"thumbnailUrl":"https:\/\/blogdoprosperi.com\/wp-content\/uploads\/2017\/01\/vitinho-chapecoense-palmeiras-amistoso-21012017_hzv2jt2bgr4s1j4zfk52hid63-1.jpg","keywords":["Cuca Palmeiras","Eduardo Baptista","FC Barcelona","futebol","Palmeiras Clube","Vitinho"],"articleSection":["Campeonato Brasileiro","futebol"],"inLanguage":"pt-BR","potentialAction":[{"@type":"CommentAction","name":"Comment","target":["https:\/\/blogdoprosperi.com\/?p=34723#respond"]}]},{"@type":"WebPage","@id":"https:\/\/blogdoprosperi.com\/?p=34723","url":"https:\/\/blogdoprosperi.com\/?p=34723","name":"Conhe\u00e7a Vitinho, novo lan\u00e7amento da base do Palmeiras - PR\u00d3SPERI NEWS","isPartOf":{"@id":"https:\/\/blogdoprosperi.com\/#website"},"primaryImageOfPage":{"@id":"https:\/\/blogdoprosperi.com\/?p=34723#primaryimage"},"image":{"@id":"https:\/\/blogdoprosperi.com\/?p=34723#primaryimage"},"thumbnailUrl":"https:\/\/blogdoprosperi.com\/wp-content\/uploads\/2017\/01\/vitinho-chapecoense-palmeiras-amistoso-21012017_hzv2jt2bgr4s1j4zfk52hid63-1.jpg","datePublished":"2017-01-24T22:24:19+00:00","dateModified":"2017-01-24T22:37:20+00:00","breadcrumb":{"@id":"https:\/\/blogdoprosperi.com\/?p=34723#breadcrumb"},"inLanguage":"pt-BR","potentialAction":[{"@type":"ReadAction","target":["https:\/\/blogdoprosperi.com\/?p=34723"]}]},{"@type":"ImageObject","inLanguage":"pt-BR","@id":"https:\/\/blogdoprosperi.com\/?p=34723#primaryimage","url":"https:\/\/i0.wp.com\/blogdoprosperi.com\/wp-content\/uploads\/2017\/01\/vitinho-chapecoense-palmeiras-amistoso-21012017_hzv2jt2bgr4s1j4zfk52hid63-1.jpg?fit=620%2C430&ssl=1","contentUrl":"https:\/\/i0.wp.com\/blogdoprosperi.com\/wp-content\/uploads\/2017\/01\/vitinho-chapecoense-palmeiras-amistoso-21012017_hzv2jt2bgr4s1j4zfk52hid63-1.jpg?fit=620%2C430&ssl=1","width":620,"height":430},{"@type":"BreadcrumbList","@id":"https:\/\/blogdoprosperi.com\/?p=34723#breadcrumb","itemListElement":[{"@type":"ListItem","position":1,"name":"In\u00edcio","item":"https:\/\/blogdoprosperi.com\/"},{"@type":"ListItem","position":2,"name":"Conhe\u00e7a Vitinho, novo lan\u00e7amento da base do Palmeiras"}]},{"@type":"WebSite","@id":"https:\/\/blogdoprosperi.com\/#website","url":"https:\/\/blogdoprosperi.com\/","name":"PR\u00d3SPERI NEWS","description":"TUDO \u00c9  FUTEBOL","publisher":{"@id":"https:\/\/blogdoprosperi.com\/#\/schema\/person\/38100755ce3601861ee4fab9b5aa78e9"},"alternateName":"blogdoprosperi.com","potentialAction":[{"@type":"SearchAction","target":{"@type":"EntryPoint","urlTemplate":"https:\/\/blogdoprosperi.com\/?s={search_term_string}"},"query-input":{"@type":"PropertyValueSpecification","valueRequired":true,"valueName":"search_term_string"}}],"inLanguage":"pt-BR"},{"@type":["Person","Organization"],"@id":"https:\/\/blogdoprosperi.com\/#\/schema\/person\/38100755ce3601861ee4fab9b5aa78e9","name":"Luiz Ant\u00f4nio Pr\u00f3speri","pronouns":"ele","image":{"@type":"ImageObject","inLanguage":"pt-BR","@id":"https:\/\/i0.wp.com\/blogdoprosperi.com\/wp-content\/uploads\/2026\/05\/cropped-8059e613-6002-42fa-961e-8e275f575d71-2-5.jpg?fit=1360%2C931&ssl=1","url":"https:\/\/i0.wp.com\/blogdoprosperi.com\/wp-content\/uploads\/2026\/05\/cropped-8059e613-6002-42fa-961e-8e275f575d71-2-5.jpg?fit=1360%2C931&ssl=1","contentUrl":"https:\/\/i0.wp.com\/blogdoprosperi.com\/wp-content\/uploads\/2026\/05\/cropped-8059e613-6002-42fa-961e-8e275f575d71-2-5.jpg?fit=1360%2C931&ssl=1","width":1360,"height":931,"caption":"Luiz Ant\u00f4nio Pr\u00f3speri"},"logo":{"@id":"https:\/\/i0.wp.com\/blogdoprosperi.com\/wp-content\/uploads\/2026\/05\/cropped-8059e613-6002-42fa-961e-8e275f575d71-2-5.jpg?fit=1360%2C931&ssl=1"},"description":"Jornalista com carreira dedicada ao esporte. Cobriu 9 Copas do Mundo in loco, 1990 na It\u00e1lia, 1994 nos EUA, 1998 na Fran\u00e7a, 2002 na Coreia do Sul e Jap\u00e3o, 2006 na Alemanha, 2010 na \u00c1frica do Sul, 2014 no Brasil, 2018 na R\u00fassia e 2022 no Qatar. Eurocopas, 1992 na Su\u00e9cia e 1996 na Inglaterra. Copa das Confedera\u00e7\u00f5es de 2005 na Alemanha e 2009 na \u00c1frica do Sul. Rep\u00f3rter e Editor, trabalhou no Jornal da Tarde e Estad\u00e3o, de 1984 a fevereiro de 2016. Colunista, blogueiro. E comentarista de futebol na R\u00e1dio Estad\u00e3o, de 2013 a fevereiro de 2016. Jornalista respons\u00e1vel do \"Pr\u00f3speri News\" (blogdoprosperi.com).","sameAs":["http:\/\/blogdoprosperi.com","Luiz Pr\u00f3speri","@luiz_prosperi","https:\/\/x.com\/Luizprosperi","@prosperinacopa","luiz.prosperi@icloud.com"],"url":"https:\/\/blogdoprosperi.com\/?author=102107496"}]}},"jetpack_publicize_connections":[],"jetpack_likes_enabled":false,"jetpack_sharing_enabled":true,"jetpack_shortlink":"https:\/\/wp.me\/p7jvdk-923","jetpack-related-posts":[{"id":12237,"url":"https:\/\/blogdoprosperi.com\/?p=12237","url_meta":{"origin":34723,"position":0},"title":"Gabriel Jesus leva Palmeiras a vencer o Am\u00e9rica-MG e encanta emiss\u00e1rio do Barcelona","author":"Luiz Ant\u00f4nio Pr\u00f3speri","date":"22 de junho de 2016","format":false,"excerpt":"Barcelona e Palmeiras n\u00e3o escondem mais a negocia\u00e7\u00e3o de Gabriel Jesus. O clube espanhol quer o craque do Palmeiras a qualquer pre\u00e7o. N\u00e3o por acaso Raul Sanlleh\u00ed, homem das compras do Bar\u00e7a, se deixou mostrar nos camarotes do Allianz Parque nesta noite de ter\u00e7a-feira (21\/6) durante o jogo em que\u2026","rel":"","context":"Em &quot;Campeonato Brasileiro&quot;","block_context":{"text":"Campeonato Brasileiro","link":"https:\/\/blogdoprosperi.com\/?cat=355071"},"img":{"alt_text":"","src":"https:\/\/i0.wp.com\/blogdoprosperi.com\/wp-content\/uploads\/2016\/06\/roger-guedes-domina-a-bola-durante-a-partida-entre-palmeiras-e-america-mg-1466560880372_615x300-1.jpg?resize=350%2C200&ssl=1","width":350,"height":200,"srcset":"https:\/\/i0.wp.com\/blogdoprosperi.com\/wp-content\/uploads\/2016\/06\/roger-guedes-domina-a-bola-durante-a-partida-entre-palmeiras-e-america-mg-1466560880372_615x300-1.jpg?resize=350%2C200&ssl=1 1x, https:\/\/i0.wp.com\/blogdoprosperi.com\/wp-content\/uploads\/2016\/06\/roger-guedes-domina-a-bola-durante-a-partida-entre-palmeiras-e-america-mg-1466560880372_615x300-1.jpg?resize=525%2C300&ssl=1 1.5x"},"classes":[]},{"id":12504,"url":"https:\/\/blogdoprosperi.com\/?p=12504","url_meta":{"origin":34723,"position":1},"title":"Entenda como Barcelona pode levar Gabriel Jesus e Roger Guedes","author":"Luiz Ant\u00f4nio Pr\u00f3speri","date":"23 de junho de 2016","format":false,"excerpt":"Raul Sanlleh\u00ed, executivo do alto escal\u00e3o do Barcelona, est\u00e1 no Brasil h\u00e1 mais de uma semana para tratar da renova\u00e7\u00e3o do contrato de Neymar at\u00e9 2022. Nas horas vagas, entre uma reuni\u00e3o e outra com o estafe do craque em Santos, Sanlleh\u00ed acompanha de perto os passos de Gabriel Jesus\u2026","rel":"","context":"Em &quot;futebol&quot;","block_context":{"text":"futebol","link":"https:\/\/blogdoprosperi.com\/?cat=53870"},"img":{"alt_text":"","src":"https:\/\/i0.wp.com\/blogdoprosperi.com\/wp-content\/uploads\/2016\/06\/622_97b3e45c-5410-3cd9-b47f-396e513243f3.jpg?resize=350%2C200&ssl=1","width":350,"height":200,"srcset":"https:\/\/i0.wp.com\/blogdoprosperi.com\/wp-content\/uploads\/2016\/06\/622_97b3e45c-5410-3cd9-b47f-396e513243f3.jpg?resize=350%2C200&ssl=1 1x, https:\/\/i0.wp.com\/blogdoprosperi.com\/wp-content\/uploads\/2016\/06\/622_97b3e45c-5410-3cd9-b47f-396e513243f3.jpg?resize=525%2C300&ssl=1 1.5x"},"classes":[]},{"id":16980,"url":"https:\/\/blogdoprosperi.com\/?p=16980","url_meta":{"origin":34723,"position":2},"title":"Manchester City atropela Barcelona e Real Madrid e vai levar Gabriel Jesus","author":"Luiz Ant\u00f4nio Pr\u00f3speri","date":"21 de julho de 2016","format":false,"excerpt":"Palmeiras deve receber pouco menos de R$ 35 milh\u00f5es, dos R$ 115 milh\u00f5es que o clube ingl\u00eas vai pagar pelo garoto. Contrata\u00e7\u00e3o atende a pedido de Guardiola Manchester City passa por cima de Barcelona e Real Madrid na contrata\u00e7\u00e3o de Gabriel Jesus. A pedido de Pep Guardiola, o clube ingl\u00eas\u2026","rel":"","context":"Em &quot;futebol&quot;","block_context":{"text":"futebol","link":"https:\/\/blogdoprosperi.com\/?cat=53870"},"img":{"alt_text":"","src":"https:\/\/i0.wp.com\/blogdoprosperi.com\/wp-content\/uploads\/2016\/07\/nintchdbpict000253431418.jpg?resize=350%2C200&ssl=1","width":350,"height":200,"srcset":"https:\/\/i0.wp.com\/blogdoprosperi.com\/wp-content\/uploads\/2016\/07\/nintchdbpict000253431418.jpg?resize=350%2C200&ssl=1 1x, https:\/\/i0.wp.com\/blogdoprosperi.com\/wp-content\/uploads\/2016\/07\/nintchdbpict000253431418.jpg?resize=525%2C300&ssl=1 1.5x, https:\/\/i0.wp.com\/blogdoprosperi.com\/wp-content\/uploads\/2016\/07\/nintchdbpict000253431418.jpg?resize=700%2C400&ssl=1 2x"},"classes":[]},{"id":13578,"url":"https:\/\/blogdoprosperi.com\/?p=13578","url_meta":{"origin":34723,"position":3},"title":"Real Madrid, Barcelona e Inter de Mil\u00e3o disputam Gabriel Jesus","author":"Luiz Ant\u00f4nio Pr\u00f3speri","date":"28 de junho de 2016","format":false,"excerpt":"Veja as estrat\u00e9gias dos tr\u00eas gigantes europeus para tirar o garoto do Palmeiras nesta janela de transfer\u00eancias e a rea\u00e7\u00e3o do clube paulista Gabriel Jesus n\u00e3o deve escapar de uma transfer\u00eancia ao futebol europeu nesta janela de transfer\u00eancias. O interesse dos gigantes come\u00e7ou com a Juventus, chegou forte no Barcelona,\u2026","rel":"","context":"Em &quot;futebol&quot;","block_context":{"text":"futebol","link":"https:\/\/blogdoprosperi.com\/?cat=53870"},"img":{"alt_text":"","src":"https:\/\/i0.wp.com\/blogdoprosperi.com\/wp-content\/uploads\/2016\/06\/maxresdefault2.jpg?resize=350%2C200&ssl=1","width":350,"height":200,"srcset":"https:\/\/i0.wp.com\/blogdoprosperi.com\/wp-content\/uploads\/2016\/06\/maxresdefault2.jpg?resize=350%2C200&ssl=1 1x, https:\/\/i0.wp.com\/blogdoprosperi.com\/wp-content\/uploads\/2016\/06\/maxresdefault2.jpg?resize=525%2C300&ssl=1 1.5x, https:\/\/i0.wp.com\/blogdoprosperi.com\/wp-content\/uploads\/2016\/06\/maxresdefault2.jpg?resize=700%2C400&ssl=1 2x, https:\/\/i0.wp.com\/blogdoprosperi.com\/wp-content\/uploads\/2016\/06\/maxresdefault2.jpg?resize=1050%2C600&ssl=1 3x, https:\/\/i0.wp.com\/blogdoprosperi.com\/wp-content\/uploads\/2016\/06\/maxresdefault2.jpg?resize=1400%2C800&ssl=1 4x"},"classes":[]},{"id":12724,"url":"https:\/\/blogdoprosperi.com\/?p=12724","url_meta":{"origin":34723,"position":4},"title":"Gabriel Jesus \u00e9 o &#8216;novo Neymar&#8217; na briga entre Barcelona e Real Madrid","author":"Luiz Ant\u00f4nio Pr\u00f3speri","date":"24 de junho de 2016","format":false,"excerpt":"Barcelona vai ter de apertar o passo para n\u00e3o perder Gabriel Jesus. Como \u00e9 regra no futebol espanhol, onde vai o Bar\u00e7a, o Real vem atr\u00e1s ou onde vai o Real, o Bar\u00e7a vem atr\u00e1s. Os dois clubes devem travar um duro duelo por Jesus. A hist\u00f3ria \u00e9 bem parecida\u2026","rel":"","context":"Em &quot;futebol&quot;","block_context":{"text":"futebol","link":"https:\/\/blogdoprosperi.com\/?cat=53870"},"img":{"alt_text":"","src":"https:\/\/i0.wp.com\/blogdoprosperi.com\/wp-content\/uploads\/2016\/06\/neymar-barcelona.png?resize=350%2C200&ssl=1","width":350,"height":200,"srcset":"https:\/\/i0.wp.com\/blogdoprosperi.com\/wp-content\/uploads\/2016\/06\/neymar-barcelona.png?resize=350%2C200&ssl=1 1x, https:\/\/i0.wp.com\/blogdoprosperi.com\/wp-content\/uploads\/2016\/06\/neymar-barcelona.png?resize=525%2C300&ssl=1 1.5x, https:\/\/i0.wp.com\/blogdoprosperi.com\/wp-content\/uploads\/2016\/06\/neymar-barcelona.png?resize=700%2C400&ssl=1 2x"},"classes":[]},{"id":4127,"url":"https:\/\/blogdoprosperi.com\/?p=4127","url_meta":{"origin":34723,"position":5},"title":"Meninos do Brasileir\u00e3o-2016: conhe\u00e7a Vitinho, do Palmeiras","author":"Luiz Ant\u00f4nio Pr\u00f3speri","date":"7 de maio de 2016","format":false,"excerpt":"\u00a0 Cuca n\u00e3o pensou muito para aceitar a troca de Robinho por Fabr\u00edcio do Cruzeiro. Depois de analisar o grupo de jogadores, o treinador entendeu que tinha um meia diferente nas categorias de base. Vitinho, de 19 anos, \u00e9 o nome da promessa. E poderia ser uma boa op\u00e7\u00e3o no\u2026","rel":"","context":"Em &quot;futebol&quot;","block_context":{"text":"futebol","link":"https:\/\/blogdoprosperi.com\/?cat=53870"},"img":{"alt_text":"","src":"https:\/\/i0.wp.com\/blogdoprosperi.com\/wp-content\/uploads\/2016\/05\/570f7cd2c703f1d7e7000001.jpeg?resize=350%2C200&ssl=1","width":350,"height":200,"srcset":"https:\/\/i0.wp.com\/blogdoprosperi.com\/wp-content\/uploads\/2016\/05\/570f7cd2c703f1d7e7000001.jpeg?resize=350%2C200&ssl=1 1x, https:\/\/i0.wp.com\/blogdoprosperi.com\/wp-content\/uploads\/2016\/05\/570f7cd2c703f1d7e7000001.jpeg?resize=525%2C300&ssl=1 1.5x, https:\/\/i0.wp.com\/blogdoprosperi.com\/wp-content\/uploads\/2016\/05\/570f7cd2c703f1d7e7000001.jpeg?resize=700%2C400&ssl=1 2x"},"classes":[]}],"jetpack_featured_media_url":"","_links":{"self":[{"href":"https:\/\/blogdoprosperi.com\/index.php?rest_route=\/wp\/v2\/posts\/34723","targetHints":{"allow":["GET"]}}],"collection":[{"href":"https:\/\/blogdoprosperi.com\/index.php?rest_route=\/wp\/v2\/posts"}],"about":[{"href":"https:\/\/blogdoprosperi.com\/index.php?rest_route=\/wp\/v2\/types\/post"}],"author":[{"embeddable":true,"href":"https:\/\/blogdoprosperi.com\/index.php?rest_route=\/wp\/v2\/users\/102107496"}],"replies":[{"embeddable":true,"href":"https:\/\/blogdoprosperi.com\/index.php?rest_route=%2Fwp%2Fv2%2Fcomments&post=34723"}],"version-history":[{"count":18,"href":"https:\/\/blogdoprosperi.com\/index.php?rest_route=\/wp\/v2\/posts\/34723\/revisions"}],"predecessor-version":[{"id":34742,"href":"https:\/\/blogdoprosperi.com\/index.php?rest_route=\/wp\/v2\/posts\/34723\/revisions\/34742"}],"wp:attachment":[{"href":"https:\/\/blogdoprosperi.com\/index.php?rest_route=%2Fwp%2Fv2%2Fmedia&parent=34723"}],"wp:term":[{"taxonomy":"category","embeddable":true,"href":"https:\/\/blogdoprosperi.com\/index.php?rest_route=%2Fwp%2Fv2%2Fcategories&post=34723"},{"taxonomy":"post_tag","embeddable":true,"href":"https:\/\/blogdoprosperi.com\/index.php?rest_route=%2Fwp%2Fv2%2Ftags&post=34723"}],"curies":[{"name":"wp","href":"https:\/\/api.w.org\/{rel}","templated":true}]}}