{"id":34837,"date":"2017-01-29T22:24:23","date_gmt":"2017-01-30T00:24:23","guid":{"rendered":"http:\/\/blogdoprosperi.com\/?p=34837"},"modified":"2017-01-29T22:24:23","modified_gmt":"2017-01-30T00:24:23","slug":"palmeiras-precisa-de-encontrar-um-goleador","status":"publish","type":"post","link":"https:\/\/blogdoprosperi.com\/?p=34837","title":{"rendered":"Palmeiras precisa de encontrar um goleador"},"content":{"rendered":"<figure id=\"attachment_34852\" aria-describedby=\"caption-attachment-34852\" style=\"width: 740px\" class=\"wp-caption alignnone\"><img data-recalc-dims=\"1\" loading=\"lazy\" decoding=\"async\" data-attachment-id=\"34852\" data-permalink=\"https:\/\/blogdoprosperi.com\/?attachment_id=34852\" data-orig-file=\"https:\/\/i0.wp.com\/blogdoprosperi.com\/wp-content\/uploads\/2017\/01\/32597807695_91ab5a1075_o.jpg?fit=740%2C1000&amp;ssl=1\" data-orig-size=\"740,1000\" data-comments-opened=\"1\" data-image-meta=\"{&quot;aperture&quot;:&quot;3.2&quot;,&quot;credit&quot;:&quot;(5) Cesar Greco \/ Fotoarena&quot;,&quot;camera&quot;:&quot;Canon EOS-1D X&quot;,&quot;caption&quot;:&quot;O jogador Lucas Barrios, da SE Palmeiras, comemora seu gol contra a equipe da AA Ponte Preta, durante partida amistosa, na Arena Allianz Parque.&quot;,&quot;created_timestamp&quot;:&quot;1485714844&quot;,&quot;copyright&quot;:&quot;Cesar Greco&quot;,&quot;focal_length&quot;:&quot;400&quot;,&quot;iso&quot;:&quot;800&quot;,&quot;shutter_speed&quot;:&quot;0.00125&quot;,&quot;title&quot;:&quot;&quot;,&quot;orientation&quot;:&quot;0&quot;}\" data-image-title=\"32597807695_91ab5a1075_o\" data-image-description=\"\" data-image-caption=\"&lt;p&gt;Barrios, autor do gol amistoso &amp;#8211; foto: Cesar Greco \/ Ag. Palmeiras&lt;\/p&gt;\n\" data-large-file=\"https:\/\/i0.wp.com\/blogdoprosperi.com\/wp-content\/uploads\/2017\/01\/32597807695_91ab5a1075_o.jpg?fit=740%2C1000&amp;ssl=1\" class=\"alignnone size-full wp-image-34852\" src=\"https:\/\/i0.wp.com\/blogdoprosperi.com\/wp-content\/uploads\/2017\/01\/32597807695_91ab5a1075_o.jpg?resize=740%2C1000&#038;ssl=1\" alt=\"32597807695_91ab5a1075_o\" width=\"740\" height=\"1000\" \/><figcaption id=\"caption-attachment-34852\" class=\"wp-caption-text\">Barrios, autor do gol no amistoso &#8211; foto: Cesar Greco \/ Ag. Palmeiras<\/figcaption><\/figure>\n<p>A uma semana da estreia no Campeonato Paulista, o Palmeiras deixa claro sua enorme dificuldade para fazer gols. No amistoso contra a Ponte Preta, \u00faltimo ensaio da pr\u00e9-temporada, empatou por 1 a 1 no Allianz Parque com direito a desperd\u00edcio de uma quantidade consider\u00e1vel de gols, em especial no primeiro tempo quando Eduardo Baptista usou a maioria de seus titulares. N\u00e3o vai ser f\u00e1cil encontrar uma solu\u00e7\u00e3o. <a href=\"http:\/\/blogdoprosperi.com\/2016\/07\/22\/entenda-como-gabriel-jesus-escolheu-manchester-city-para-jogar-na-europa\/\">Aus\u00eancia de Gabriel Jesus incomoda<\/a>.<!--more--><\/p>\n<p>Na primeira parte do amistoso, Baptista usou um esquema com muitos ingredientes do adotado por Cuca <a href=\"https:\/\/www.amazon.com.br\/Palmeiras-Maior-Campe\u00e3o-cr\u00f4nica-Brasileir\u00e3o-ebook\/dp\/B01N4E46KK\/ref=sr_1_1?ie=UTF8&amp;qid=1485734931&amp;sr=8-1&amp;keywords=palmeiras+maior+campe\u00e3o\">na campanha vitoriosa no Brasileir\u00e3o 2016. <\/a>A estrutura era a mesma, apenas com a presen\u00e7a de Felipe Melo na cabe\u00e7a da \u00e1rea. Willian, o do bigode, fez a fun\u00e7\u00e3o de Gabriel Jesus.<\/p>\n<p>Habituado a jogar com o atacante de velocidade, o time se comportou bem. Criou chance de gols e s\u00f3 n\u00e3o carimbou a rede por falta de destreza nas finaliza\u00e7\u00f5es.<\/p>\n<p>Se n\u00e3o correspondeu l\u00e1 na frente, o setor defensivo teve bom desempenho. Felipe Melo capitaneou as a\u00e7\u00f5es e muitas vezes chegou ao ataque com arremate de fora da \u00e1rea ou na bola a\u00e9rea. Assumiu uma lideran\u00e7a que era mais coletiva na temporada passada. E saiu aplaudid\u00edssimo aos 13 minutos do segundo tempo.<\/p>\n<figure id=\"attachment_34849\" aria-describedby=\"caption-attachment-34849\" style=\"width: 594px\" class=\"wp-caption alignnone\"><img data-recalc-dims=\"1\" loading=\"lazy\" decoding=\"async\" data-attachment-id=\"34849\" data-permalink=\"https:\/\/blogdoprosperi.com\/?attachment_id=34849\" data-orig-file=\"https:\/\/i0.wp.com\/blogdoprosperi.com\/wp-content\/uploads\/2017\/01\/32474898761_cabba75d19_o.jpg?fit=594%2C1000&amp;ssl=1\" data-orig-size=\"594,1000\" data-comments-opened=\"1\" data-image-meta=\"{&quot;aperture&quot;:&quot;3.2&quot;,&quot;credit&quot;:&quot;(5) Cesar Greco \/ Fotoarena&quot;,&quot;camera&quot;:&quot;Canon EOS-1D X&quot;,&quot;caption&quot;:&quot;O jogador Felipe Melo, da SE Palmeiras, em jogo contra a equipe da AA Ponte Preta, durante partida amistosa, na Arena Allianz Parque.&quot;,&quot;created_timestamp&quot;:&quot;1485709787&quot;,&quot;copyright&quot;:&quot;Cesar Greco&quot;,&quot;focal_length&quot;:&quot;400&quot;,&quot;iso&quot;:&quot;400&quot;,&quot;shutter_speed&quot;:&quot;0.00125&quot;,&quot;title&quot;:&quot;&quot;,&quot;orientation&quot;:&quot;0&quot;}\" data-image-title=\"32474898761_cabba75d19_o\" data-image-description=\"\" data-image-caption=\"&lt;p&gt;O jogador Felipe Melo, da SE Palmeiras, em jogo contra a equipe da AA Ponte Preta, durante partida amistosa, na Arena Allianz Parque.&lt;\/p&gt;\n\" data-large-file=\"https:\/\/i0.wp.com\/blogdoprosperi.com\/wp-content\/uploads\/2017\/01\/32474898761_cabba75d19_o.jpg?fit=594%2C1000&amp;ssl=1\" class=\"alignnone size-full wp-image-34849\" src=\"https:\/\/i0.wp.com\/blogdoprosperi.com\/wp-content\/uploads\/2017\/01\/32474898761_cabba75d19_o.jpg?resize=594%2C1000&#038;ssl=1\" alt=\"32474898761_cabba75d19_o\" width=\"594\" height=\"1000\" \/><figcaption id=\"caption-attachment-34849\" class=\"wp-caption-text\">Felipe Melo, aplaudido pela torcida &#8211; foto: Cesar Greco \/ Ag. Palmeiras<\/figcaption><\/figure>\n<p>Ainda no setor defensivo, a cobertura e aux\u00edlio idade a Z\u00e9 Roberto n\u00e3o deram boas respostas. Sem muito f\u00f4lego, quando exigido na marca\u00e7\u00e3o, o veterano tomou muitas bolas nas costas. Um problema para o treinador resolver.<\/p>\n<p>No segundo tempo, Baptista voltou com Barrios no lugar de Willian. Mesmo com um jogador a mais desde os 7 minutos \u2013 Jo\u00e3o Vitor foi expulso \u2013, o campe\u00e3o brasileiro n\u00e3o deslanchou. Barrios se fixou mais entre os zagueiros, mudando assim a estrutura do ataque. Perdeu alguns gols incr\u00edveis, ao receber passes precisos de Michel Bastos, at\u00e9 conferir aos 29 minutos. Na comemora\u00e7\u00e3o fez o famoso gesto do \u201csai Zika\u201d. E ficou nisso.<\/p>\n<p>Michel Bastos, na fun\u00e7\u00e3o de segundo volante, mostrou que pode ser \u00fatil. Vitinho, que havia assombrado no amistoso contra a Chapecoense, dessa vez n\u00e3o acendeu a luz. Rafael Marques teve sua chance e deu azar. Desviou uma bola com a m\u00e3o: p\u00eanalti e gol de Jadson.<\/p>\n<p>No resumo, Palmeiras sofreu com a falta de gols. Um problema que pode ser resolvido se levarmos em conta que a temporada ainda n\u00e3o come\u00e7ou. N\u00e3o adianta mais chorar a aus\u00eancia do menino Jesus.<\/p>\n<figure id=\"attachment_34851\" aria-describedby=\"caption-attachment-34851\" style=\"width: 1000px\" class=\"wp-caption alignnone\"><img data-recalc-dims=\"1\" loading=\"lazy\" decoding=\"async\" data-attachment-id=\"34851\" data-permalink=\"https:\/\/blogdoprosperi.com\/?attachment_id=34851\" data-orig-file=\"https:\/\/i0.wp.com\/blogdoprosperi.com\/wp-content\/uploads\/2017\/01\/31754087634_24058aacac_o.jpg?fit=1000%2C641&amp;ssl=1\" data-orig-size=\"1000,641\" data-comments-opened=\"1\" data-image-meta=\"{&quot;aperture&quot;:&quot;3.2&quot;,&quot;credit&quot;:&quot;(5) Cesar Greco \/ Fotoarena&quot;,&quot;camera&quot;:&quot;Canon EOS-1D X&quot;,&quot;caption&quot;:&quot;O t\\u00e9cnico Eduardo Baptista, da SE Palmeiras, em jogo contra a equipe da AA Ponte Preta, durante partida amistosa, na Arena Allianz Parque.&quot;,&quot;created_timestamp&quot;:&quot;1485715530&quot;,&quot;copyright&quot;:&quot;Cesar Greco&quot;,&quot;focal_length&quot;:&quot;400&quot;,&quot;iso&quot;:&quot;800&quot;,&quot;shutter_speed&quot;:&quot;0.00125&quot;,&quot;title&quot;:&quot;&quot;,&quot;orientation&quot;:&quot;0&quot;}\" data-image-title=\"31754087634_24058aacac_o\" data-image-description=\"\" data-image-caption=\"&lt;p&gt;O t\u00e9cnico Eduardo Baptista, da SE Palmeiras, em jogo contra a equipe da AA Ponte Preta, durante partida amistosa, na Arena Allianz Parque.&lt;\/p&gt;\n\" data-large-file=\"https:\/\/i0.wp.com\/blogdoprosperi.com\/wp-content\/uploads\/2017\/01\/31754087634_24058aacac_o.jpg?fit=940%2C603&amp;ssl=1\" class=\"alignnone size-full wp-image-34851\" src=\"https:\/\/i0.wp.com\/blogdoprosperi.com\/wp-content\/uploads\/2017\/01\/31754087634_24058aacac_o.jpg?resize=940%2C603&#038;ssl=1\" alt=\"31754087634_24058aacac_o\" width=\"940\" height=\"603\" \/><figcaption id=\"caption-attachment-34851\" class=\"wp-caption-text\">Eduardo Baptista vai ter trabalho &#8211; foto: Cesar Greco \/Ag. Palmeiras<\/figcaption><\/figure>\n<p>E \u00e9 bom Baptista pensar em solu\u00e7\u00f5es e responder r\u00e1pido. Campe\u00e3o brasileiro de 2016 e recheado de atra\u00e7\u00f5es com jogadores que ainda nem estrearam, como o venezuelano Guerra e mais Mina Mois\u00e9s, o Palmeiras est\u00e1 no ponto alto da vitrine.<\/p>\n<p>N\u00e3o por acaso a TV Globo transmitiu o amistoso contra a Ponte, que teve 22 substitui\u00e7\u00f5es, neste domingo e j\u00e1 foi atendida na tabela da Copa Libertadores quando deve mostrar a maioria dos jogos do Palestra na fase de grupos. A ordem \u00e9 exibir partidas do Palmeiras e deixar o Corinthians, campe\u00e3o de audi\u00eancia, em segundo plano.<\/p>\n<p>(<em><strong>esse texto \u00e9 uma publica\u00e7\u00e3o do <a href=\"http:\/\/www.chuteirafc.com.br\">CHUTEIRA FC)<\/a><\/strong><\/em><\/p>\n","protected":false},"excerpt":{"rendered":"<p>A uma semana da estreia no Campeonato Paulista, o Palmeiras deixa claro sua enorme dificuldade para fazer gols. [&hellip;]<\/p>\n","protected":false},"author":102107496,"featured_media":0,"comment_status":"open","ping_status":"open","sticky":false,"template":"","format":"standard","meta":{"_coblocks_attr":"","_coblocks_dimensions":"","_coblocks_responsive_height":"","_coblocks_accordion_ie_support":"","_jetpack_newsletter_access":"","_jetpack_dont_email_post_to_subs":false,"_jetpack_newsletter_tier_id":0,"_jetpack_memberships_contains_paywalled_content":false,"_wpcom_ai_launchpad_first_post":false,"_jetpack_feature_clip_id":0,"_jetpack_memberships_contains_paid_content":false,"footnotes":"","jetpack_publicize_message":"","jetpack_publicize_feature_enabled":true,"jetpack_social_post_already_shared":false,"jetpack_social_options":{"image_generator_settings":{"template":"highway","default_image_id":0,"font":"","enabled":false},"version":2},"jetpack_post_was_ever_published":false},"categories":[53870],"tags":[11006842,5430725,789560560,5638948,287104],"class_list":["post-34837","post","type-post","status-publish","format-standard","hentry","category-futebol","tag-eduardo-baptista","tag-felipe-melo","tag-futebol","tag-lucas-barrios","tag-palmeiras"],"yoast_head":"<!-- This site is optimized with the Yoast SEO plugin v28.4 - https:\/\/yoast.com\/product\/yoast-seo-wordpress\/ -->\n<title>Palmeiras precisa de encontrar um goleador - PR\u00d3SPERI NEWS<\/title>\n<meta name=\"robots\" content=\"index, follow, max-snippet:-1, max-image-preview:large, max-video-preview:-1\" \/>\n<link rel=\"canonical\" href=\"https:\/\/blogdoprosperi.com\/?p=34837\" \/>\n<meta property=\"og:locale\" content=\"pt_BR\" \/>\n<meta property=\"og:type\" content=\"article\" \/>\n<meta property=\"og:title\" content=\"Palmeiras precisa de encontrar um goleador - PR\u00d3SPERI NEWS\" \/>\n<meta property=\"og:description\" content=\"A uma semana da estreia no Campeonato Paulista, o Palmeiras deixa claro sua enorme dificuldade para fazer gols. [&hellip;]\" \/>\n<meta property=\"og:url\" content=\"https:\/\/blogdoprosperi.com\/?p=34837\" \/>\n<meta property=\"og:site_name\" content=\"PR\u00d3SPERI NEWS\" \/>\n<meta property=\"article:publisher\" content=\"Luiz Pr\u00f3speri\" \/>\n<meta property=\"article:author\" content=\"Luiz Pr\u00f3speri\" \/>\n<meta property=\"article:published_time\" content=\"2017-01-30T00:24:23+00:00\" \/>\n<meta property=\"og:image\" content=\"https:\/\/blogdoprosperi.com\/wp-content\/uploads\/2017\/01\/32597807695_91ab5a1075_o.jpg\" \/>\n<meta name=\"author\" content=\"Luiz Ant\u00f4nio Pr\u00f3speri\" \/>\n<meta name=\"twitter:card\" content=\"summary_large_image\" \/>\n<meta name=\"twitter:creator\" content=\"@Luizprosperi\" \/>\n<meta name=\"twitter:site\" content=\"@Luizprosperi\" \/>\n<meta name=\"twitter:label1\" content=\"Escrito por\" \/>\n\t<meta name=\"twitter:data1\" content=\"Luiz Ant\u00f4nio Pr\u00f3speri\" \/>\n\t<meta name=\"twitter:label2\" content=\"Est. tempo de leitura\" \/>\n\t<meta name=\"twitter:data2\" content=\"3 minutos\" \/>\n<script type=\"application\/ld+json\" class=\"yoast-schema-graph\">{\"@context\":\"https:\\\/\\\/schema.org\",\"@graph\":[{\"@type\":\"Article\",\"@id\":\"https:\\\/\\\/blogdoprosperi.com\\\/?p=34837#article\",\"isPartOf\":{\"@id\":\"https:\\\/\\\/blogdoprosperi.com\\\/?p=34837\"},\"author\":{\"name\":\"Luiz Ant\u00f4nio Pr\u00f3speri\",\"@id\":\"https:\\\/\\\/blogdoprosperi.com\\\/#\\\/schema\\\/person\\\/38100755ce3601861ee4fab9b5aa78e9\"},\"headline\":\"Palmeiras precisa de encontrar um goleador\",\"datePublished\":\"2017-01-30T00:24:23+00:00\",\"mainEntityOfPage\":{\"@id\":\"https:\\\/\\\/blogdoprosperi.com\\\/?p=34837\"},\"wordCount\":588,\"commentCount\":0,\"publisher\":{\"@id\":\"https:\\\/\\\/blogdoprosperi.com\\\/#\\\/schema\\\/person\\\/38100755ce3601861ee4fab9b5aa78e9\"},\"image\":{\"@id\":\"https:\\\/\\\/blogdoprosperi.com\\\/?p=34837#primaryimage\"},\"thumbnailUrl\":\"https:\\\/\\\/blogdoprosperi.com\\\/wp-content\\\/uploads\\\/2017\\\/01\\\/32597807695_91ab5a1075_o.jpg\",\"keywords\":[\"Eduardo Baptista\",\"Felipe Melo\",\"futebol\",\"Lucas Barrios\",\"Palmeiras\"],\"articleSection\":[\"futebol\"],\"inLanguage\":\"pt-BR\",\"potentialAction\":[{\"@type\":\"CommentAction\",\"name\":\"Comment\",\"target\":[\"https:\\\/\\\/blogdoprosperi.com\\\/?p=34837#respond\"]}]},{\"@type\":\"WebPage\",\"@id\":\"https:\\\/\\\/blogdoprosperi.com\\\/?p=34837\",\"url\":\"https:\\\/\\\/blogdoprosperi.com\\\/?p=34837\",\"name\":\"Palmeiras precisa de encontrar um goleador - PR\u00d3SPERI NEWS\",\"isPartOf\":{\"@id\":\"https:\\\/\\\/blogdoprosperi.com\\\/#website\"},\"primaryImageOfPage\":{\"@id\":\"https:\\\/\\\/blogdoprosperi.com\\\/?p=34837#primaryimage\"},\"image\":{\"@id\":\"https:\\\/\\\/blogdoprosperi.com\\\/?p=34837#primaryimage\"},\"thumbnailUrl\":\"https:\\\/\\\/blogdoprosperi.com\\\/wp-content\\\/uploads\\\/2017\\\/01\\\/32597807695_91ab5a1075_o.jpg\",\"datePublished\":\"2017-01-30T00:24:23+00:00\",\"breadcrumb\":{\"@id\":\"https:\\\/\\\/blogdoprosperi.com\\\/?p=34837#breadcrumb\"},\"inLanguage\":\"pt-BR\",\"potentialAction\":[{\"@type\":\"ReadAction\",\"target\":[\"https:\\\/\\\/blogdoprosperi.com\\\/?p=34837\"]}]},{\"@type\":\"ImageObject\",\"inLanguage\":\"pt-BR\",\"@id\":\"https:\\\/\\\/blogdoprosperi.com\\\/?p=34837#primaryimage\",\"url\":\"https:\\\/\\\/i0.wp.com\\\/blogdoprosperi.com\\\/wp-content\\\/uploads\\\/2017\\\/01\\\/32597807695_91ab5a1075_o.jpg?fit=740%2C1000&ssl=1\",\"contentUrl\":\"https:\\\/\\\/i0.wp.com\\\/blogdoprosperi.com\\\/wp-content\\\/uploads\\\/2017\\\/01\\\/32597807695_91ab5a1075_o.jpg?fit=740%2C1000&ssl=1\",\"width\":740,\"height\":1000,\"caption\":\"Barrios, autor do gol amistoso - foto: Cesar Greco \\\/ Ag. Palmeiras\"},{\"@type\":\"BreadcrumbList\",\"@id\":\"https:\\\/\\\/blogdoprosperi.com\\\/?p=34837#breadcrumb\",\"itemListElement\":[{\"@type\":\"ListItem\",\"position\":1,\"name\":\"In\u00edcio\",\"item\":\"https:\\\/\\\/blogdoprosperi.com\\\/\"},{\"@type\":\"ListItem\",\"position\":2,\"name\":\"Palmeiras precisa de encontrar um goleador\"}]},{\"@type\":\"WebSite\",\"@id\":\"https:\\\/\\\/blogdoprosperi.com\\\/#website\",\"url\":\"https:\\\/\\\/blogdoprosperi.com\\\/\",\"name\":\"PR\u00d3SPERI NEWS\",\"description\":\"TUDO \u00c9  FUTEBOL\",\"publisher\":{\"@id\":\"https:\\\/\\\/blogdoprosperi.com\\\/#\\\/schema\\\/person\\\/38100755ce3601861ee4fab9b5aa78e9\"},\"alternateName\":\"blogdoprosperi.com\",\"potentialAction\":[{\"@type\":\"SearchAction\",\"target\":{\"@type\":\"EntryPoint\",\"urlTemplate\":\"https:\\\/\\\/blogdoprosperi.com\\\/?s={search_term_string}\"},\"query-input\":{\"@type\":\"PropertyValueSpecification\",\"valueRequired\":true,\"valueName\":\"search_term_string\"}}],\"inLanguage\":\"pt-BR\"},{\"@type\":[\"Person\",\"Organization\"],\"@id\":\"https:\\\/\\\/blogdoprosperi.com\\\/#\\\/schema\\\/person\\\/38100755ce3601861ee4fab9b5aa78e9\",\"name\":\"Luiz Ant\u00f4nio Pr\u00f3speri\",\"pronouns\":\"ele\",\"image\":{\"@type\":\"ImageObject\",\"inLanguage\":\"pt-BR\",\"@id\":\"https:\\\/\\\/i0.wp.com\\\/blogdoprosperi.com\\\/wp-content\\\/uploads\\\/2026\\\/05\\\/cropped-8059e613-6002-42fa-961e-8e275f575d71-2-5.jpg?fit=1360%2C931&ssl=1\",\"url\":\"https:\\\/\\\/i0.wp.com\\\/blogdoprosperi.com\\\/wp-content\\\/uploads\\\/2026\\\/05\\\/cropped-8059e613-6002-42fa-961e-8e275f575d71-2-5.jpg?fit=1360%2C931&ssl=1\",\"contentUrl\":\"https:\\\/\\\/i0.wp.com\\\/blogdoprosperi.com\\\/wp-content\\\/uploads\\\/2026\\\/05\\\/cropped-8059e613-6002-42fa-961e-8e275f575d71-2-5.jpg?fit=1360%2C931&ssl=1\",\"width\":1360,\"height\":931,\"caption\":\"Luiz Ant\u00f4nio Pr\u00f3speri\"},\"logo\":{\"@id\":\"https:\\\/\\\/i0.wp.com\\\/blogdoprosperi.com\\\/wp-content\\\/uploads\\\/2026\\\/05\\\/cropped-8059e613-6002-42fa-961e-8e275f575d71-2-5.jpg?fit=1360%2C931&ssl=1\"},\"description\":\"Jornalista com carreira dedicada ao esporte. Cobriu 9 Copas do Mundo in loco, 1990 na It\u00e1lia, 1994 nos EUA, 1998 na Fran\u00e7a, 2002 na Coreia do Sul e Jap\u00e3o, 2006 na Alemanha, 2010 na \u00c1frica do Sul, 2014 no Brasil, 2018 na R\u00fassia e 2022 no Qatar. Eurocopas, 1992 na Su\u00e9cia e 1996 na Inglaterra. Copa das Confedera\u00e7\u00f5es de 2005 na Alemanha e 2009 na \u00c1frica do Sul. Rep\u00f3rter e Editor, trabalhou no Jornal da Tarde e Estad\u00e3o, de 1984 a fevereiro de 2016. Colunista, blogueiro. E comentarista de futebol na R\u00e1dio Estad\u00e3o, de 2013 a fevereiro de 2016. Jornalista respons\u00e1vel do \\\"Pr\u00f3speri News\\\" (blogdoprosperi.com).\",\"sameAs\":[\"http:\\\/\\\/blogdoprosperi.com\",\"Luiz Pr\u00f3speri\",\"@luiz_prosperi\",\"https:\\\/\\\/x.com\\\/Luizprosperi\",\"@prosperinacopa\",\"luiz.prosperi@icloud.com\"],\"url\":\"https:\\\/\\\/blogdoprosperi.com\\\/?author=102107496\"}]}<\/script>\n<!-- \/ Yoast SEO plugin. -->","yoast_head_json":{"title":"Palmeiras precisa de encontrar um goleador - PR\u00d3SPERI NEWS","robots":{"index":"index","follow":"follow","max-snippet":"max-snippet:-1","max-image-preview":"max-image-preview:large","max-video-preview":"max-video-preview:-1"},"canonical":"https:\/\/blogdoprosperi.com\/?p=34837","og_locale":"pt_BR","og_type":"article","og_title":"Palmeiras precisa de encontrar um goleador - PR\u00d3SPERI NEWS","og_description":"A uma semana da estreia no Campeonato Paulista, o Palmeiras deixa claro sua enorme dificuldade para fazer gols. [&hellip;]","og_url":"https:\/\/blogdoprosperi.com\/?p=34837","og_site_name":"PR\u00d3SPERI NEWS","article_publisher":"Luiz Pr\u00f3speri","article_author":"Luiz Pr\u00f3speri","article_published_time":"2017-01-30T00:24:23+00:00","og_image":[{"url":"https:\/\/blogdoprosperi.com\/wp-content\/uploads\/2017\/01\/32597807695_91ab5a1075_o.jpg","type":"","width":"","height":""}],"author":"Luiz Ant\u00f4nio Pr\u00f3speri","twitter_card":"summary_large_image","twitter_creator":"@Luizprosperi","twitter_site":"@Luizprosperi","twitter_misc":{"Escrito por":"Luiz Ant\u00f4nio Pr\u00f3speri","Est. tempo de leitura":"3 minutos"},"schema":{"@context":"https:\/\/schema.org","@graph":[{"@type":"Article","@id":"https:\/\/blogdoprosperi.com\/?p=34837#article","isPartOf":{"@id":"https:\/\/blogdoprosperi.com\/?p=34837"},"author":{"name":"Luiz Ant\u00f4nio Pr\u00f3speri","@id":"https:\/\/blogdoprosperi.com\/#\/schema\/person\/38100755ce3601861ee4fab9b5aa78e9"},"headline":"Palmeiras precisa de encontrar um goleador","datePublished":"2017-01-30T00:24:23+00:00","mainEntityOfPage":{"@id":"https:\/\/blogdoprosperi.com\/?p=34837"},"wordCount":588,"commentCount":0,"publisher":{"@id":"https:\/\/blogdoprosperi.com\/#\/schema\/person\/38100755ce3601861ee4fab9b5aa78e9"},"image":{"@id":"https:\/\/blogdoprosperi.com\/?p=34837#primaryimage"},"thumbnailUrl":"https:\/\/blogdoprosperi.com\/wp-content\/uploads\/2017\/01\/32597807695_91ab5a1075_o.jpg","keywords":["Eduardo Baptista","Felipe Melo","futebol","Lucas Barrios","Palmeiras"],"articleSection":["futebol"],"inLanguage":"pt-BR","potentialAction":[{"@type":"CommentAction","name":"Comment","target":["https:\/\/blogdoprosperi.com\/?p=34837#respond"]}]},{"@type":"WebPage","@id":"https:\/\/blogdoprosperi.com\/?p=34837","url":"https:\/\/blogdoprosperi.com\/?p=34837","name":"Palmeiras precisa de encontrar um goleador - PR\u00d3SPERI NEWS","isPartOf":{"@id":"https:\/\/blogdoprosperi.com\/#website"},"primaryImageOfPage":{"@id":"https:\/\/blogdoprosperi.com\/?p=34837#primaryimage"},"image":{"@id":"https:\/\/blogdoprosperi.com\/?p=34837#primaryimage"},"thumbnailUrl":"https:\/\/blogdoprosperi.com\/wp-content\/uploads\/2017\/01\/32597807695_91ab5a1075_o.jpg","datePublished":"2017-01-30T00:24:23+00:00","breadcrumb":{"@id":"https:\/\/blogdoprosperi.com\/?p=34837#breadcrumb"},"inLanguage":"pt-BR","potentialAction":[{"@type":"ReadAction","target":["https:\/\/blogdoprosperi.com\/?p=34837"]}]},{"@type":"ImageObject","inLanguage":"pt-BR","@id":"https:\/\/blogdoprosperi.com\/?p=34837#primaryimage","url":"https:\/\/i0.wp.com\/blogdoprosperi.com\/wp-content\/uploads\/2017\/01\/32597807695_91ab5a1075_o.jpg?fit=740%2C1000&ssl=1","contentUrl":"https:\/\/i0.wp.com\/blogdoprosperi.com\/wp-content\/uploads\/2017\/01\/32597807695_91ab5a1075_o.jpg?fit=740%2C1000&ssl=1","width":740,"height":1000,"caption":"Barrios, autor do gol amistoso - foto: Cesar Greco \/ Ag. Palmeiras"},{"@type":"BreadcrumbList","@id":"https:\/\/blogdoprosperi.com\/?p=34837#breadcrumb","itemListElement":[{"@type":"ListItem","position":1,"name":"In\u00edcio","item":"https:\/\/blogdoprosperi.com\/"},{"@type":"ListItem","position":2,"name":"Palmeiras precisa de encontrar um goleador"}]},{"@type":"WebSite","@id":"https:\/\/blogdoprosperi.com\/#website","url":"https:\/\/blogdoprosperi.com\/","name":"PR\u00d3SPERI NEWS","description":"TUDO \u00c9  FUTEBOL","publisher":{"@id":"https:\/\/blogdoprosperi.com\/#\/schema\/person\/38100755ce3601861ee4fab9b5aa78e9"},"alternateName":"blogdoprosperi.com","potentialAction":[{"@type":"SearchAction","target":{"@type":"EntryPoint","urlTemplate":"https:\/\/blogdoprosperi.com\/?s={search_term_string}"},"query-input":{"@type":"PropertyValueSpecification","valueRequired":true,"valueName":"search_term_string"}}],"inLanguage":"pt-BR"},{"@type":["Person","Organization"],"@id":"https:\/\/blogdoprosperi.com\/#\/schema\/person\/38100755ce3601861ee4fab9b5aa78e9","name":"Luiz Ant\u00f4nio Pr\u00f3speri","pronouns":"ele","image":{"@type":"ImageObject","inLanguage":"pt-BR","@id":"https:\/\/i0.wp.com\/blogdoprosperi.com\/wp-content\/uploads\/2026\/05\/cropped-8059e613-6002-42fa-961e-8e275f575d71-2-5.jpg?fit=1360%2C931&ssl=1","url":"https:\/\/i0.wp.com\/blogdoprosperi.com\/wp-content\/uploads\/2026\/05\/cropped-8059e613-6002-42fa-961e-8e275f575d71-2-5.jpg?fit=1360%2C931&ssl=1","contentUrl":"https:\/\/i0.wp.com\/blogdoprosperi.com\/wp-content\/uploads\/2026\/05\/cropped-8059e613-6002-42fa-961e-8e275f575d71-2-5.jpg?fit=1360%2C931&ssl=1","width":1360,"height":931,"caption":"Luiz Ant\u00f4nio Pr\u00f3speri"},"logo":{"@id":"https:\/\/i0.wp.com\/blogdoprosperi.com\/wp-content\/uploads\/2026\/05\/cropped-8059e613-6002-42fa-961e-8e275f575d71-2-5.jpg?fit=1360%2C931&ssl=1"},"description":"Jornalista com carreira dedicada ao esporte. Cobriu 9 Copas do Mundo in loco, 1990 na It\u00e1lia, 1994 nos EUA, 1998 na Fran\u00e7a, 2002 na Coreia do Sul e Jap\u00e3o, 2006 na Alemanha, 2010 na \u00c1frica do Sul, 2014 no Brasil, 2018 na R\u00fassia e 2022 no Qatar. Eurocopas, 1992 na Su\u00e9cia e 1996 na Inglaterra. Copa das Confedera\u00e7\u00f5es de 2005 na Alemanha e 2009 na \u00c1frica do Sul. Rep\u00f3rter e Editor, trabalhou no Jornal da Tarde e Estad\u00e3o, de 1984 a fevereiro de 2016. Colunista, blogueiro. E comentarista de futebol na R\u00e1dio Estad\u00e3o, de 2013 a fevereiro de 2016. Jornalista respons\u00e1vel do \"Pr\u00f3speri News\" (blogdoprosperi.com).","sameAs":["http:\/\/blogdoprosperi.com","Luiz Pr\u00f3speri","@luiz_prosperi","https:\/\/x.com\/Luizprosperi","@prosperinacopa","luiz.prosperi@icloud.com"],"url":"https:\/\/blogdoprosperi.com\/?author=102107496"}]}},"jetpack_publicize_connections":[],"jetpack_likes_enabled":false,"jetpack_sharing_enabled":true,"jetpack_shortlink":"https:\/\/wp.me\/p7jvdk-93T","jetpack-related-posts":[{"id":35749,"url":"https:\/\/blogdoprosperi.com\/?p=35749","url_meta":{"origin":34837,"position":0},"title":"Palmeiras em transe, Eduardo Baptista se equilibra no fio da navalha","author":"Luiz Ant\u00f4nio Pr\u00f3speri","date":"4 de maio de 2017","format":false,"excerpt":"\"Tivemos muitas dificuldades para jogar em decorr\u00eancia do campo. O Palmeiras \u00e9 um time muito t\u00e9cnico e tivemos muitas dificuldades. Fizemos um bom primeiro tempo at\u00e9 tomarmos dois gols. Depois, quando quisemos jogar, fomos muito atrapalhados pelo campo. Acredito que o campo foi a grande dificuldade. Perdemos muitas bolas e\u2026","rel":"","context":"Em &quot;futebol&quot;","block_context":{"text":"futebol","link":"https:\/\/blogdoprosperi.com\/?cat=53870"},"img":{"alt_text":"","src":"https:\/\/i0.wp.com\/blogdoprosperi.com\/wp-content\/uploads\/2017\/05\/33630179513_5bbc2753b1_z.jpg?fit=640%2C410&ssl=1&resize=350%2C200","width":350,"height":200,"srcset":"https:\/\/i0.wp.com\/blogdoprosperi.com\/wp-content\/uploads\/2017\/05\/33630179513_5bbc2753b1_z.jpg?fit=640%2C410&ssl=1&resize=350%2C200 1x, https:\/\/i0.wp.com\/blogdoprosperi.com\/wp-content\/uploads\/2017\/05\/33630179513_5bbc2753b1_z.jpg?fit=640%2C410&ssl=1&resize=525%2C300 1.5x"},"classes":[]},{"id":35645,"url":"https:\/\/blogdoprosperi.com\/?p=35645","url_meta":{"origin":34837,"position":1},"title":"Ponte Preta se fortalece e enche Palmeiras de d\u00favidas","author":"Luiz Ant\u00f4nio Pr\u00f3speri","date":"23 de abril de 2017","format":false,"excerpt":"Primeiro, derrubou o Santos. Depois, o Palmeiras. A Ponte Preta chega \u00e0 final do Paulist\u00e3o 2017 muito mais forte do que se imaginava. A prova definitiva se deu no Allianz Parque com 40 mil torcedores e tendo como advers\u00e1rio um time de m\u00faltiplos recursos. N\u00e3o se apequenou em nenhum momento,\u2026","rel":"","context":"Em &quot;futebol&quot;","block_context":{"text":"futebol","link":"https:\/\/blogdoprosperi.com\/?cat=53870"},"img":{"alt_text":"","src":"https:\/\/i0.wp.com\/blogdoprosperi.com\/wp-content\/uploads\/2017\/04\/pro14.jpg?fit=1200%2C800&ssl=1&resize=350%2C200","width":350,"height":200,"srcset":"https:\/\/i0.wp.com\/blogdoprosperi.com\/wp-content\/uploads\/2017\/04\/pro14.jpg?fit=1200%2C800&ssl=1&resize=350%2C200 1x, https:\/\/i0.wp.com\/blogdoprosperi.com\/wp-content\/uploads\/2017\/04\/pro14.jpg?fit=1200%2C800&ssl=1&resize=525%2C300 1.5x, https:\/\/i0.wp.com\/blogdoprosperi.com\/wp-content\/uploads\/2017\/04\/pro14.jpg?fit=1200%2C800&ssl=1&resize=700%2C400 2x, https:\/\/i0.wp.com\/blogdoprosperi.com\/wp-content\/uploads\/2017\/04\/pro14.jpg?fit=1200%2C800&ssl=1&resize=1050%2C600 3x"},"classes":[]},{"id":35253,"url":"https:\/\/blogdoprosperi.com\/?p=35253","url_meta":{"origin":34837,"position":2},"title":"O que Tite quer mais de Dudu?","author":"Luiz Ant\u00f4nio Pr\u00f3speri","date":"14 de mar\u00e7o de 2017","format":false,"excerpt":"Tite se esqueceu de Dudu quando fez a lista dos 23 convocados para os jogos contra Uruguai e Paraguai, h\u00e1 pouco mais de uma semana. Optou por dois Diegos, um do Flamengo e outro do Sport, e deixou de lado aquele que \u00e9 o melhor jogador do futebol brasileiro na\u2026","rel":"","context":"Em &quot;Campeonato Brasileiro&quot;","block_context":{"text":"Campeonato Brasileiro","link":"https:\/\/blogdoprosperi.com\/?cat=355071"},"img":{"alt_text":"32542166024_5d3a30c115_b","src":"https:\/\/i0.wp.com\/blogdoprosperi.com\/wp-content\/uploads\/2017\/03\/32542166024_5d3a30c115_b.jpg?resize=350%2C200&ssl=1","width":350,"height":200,"srcset":"https:\/\/i0.wp.com\/blogdoprosperi.com\/wp-content\/uploads\/2017\/03\/32542166024_5d3a30c115_b.jpg?resize=350%2C200&ssl=1 1x, https:\/\/i0.wp.com\/blogdoprosperi.com\/wp-content\/uploads\/2017\/03\/32542166024_5d3a30c115_b.jpg?resize=525%2C300&ssl=1 1.5x, https:\/\/i0.wp.com\/blogdoprosperi.com\/wp-content\/uploads\/2017\/03\/32542166024_5d3a30c115_b.jpg?resize=700%2C400&ssl=1 2x"},"classes":[]},{"id":35102,"url":"https:\/\/blogdoprosperi.com\/?p=35102","url_meta":{"origin":34837,"position":3},"title":"Eduardo Baptista entra na encruzilhada dos aflitos","author":"Luiz Ant\u00f4nio Pr\u00f3speri","date":"23 de fevereiro de 2017","format":false,"excerpt":"Eduardo Baptista n\u00e3o criou empatia com o Palmeiras e sua torcida. Desde o an\u00fancio da sua contrata\u00e7\u00e3o, no in\u00edcio de dezembro passado, se percebe a m\u00e1 vontade da maioria dos torcedores com seu estilo de trabalho. Uma espiadela nas redes sociais e se tem a dimens\u00e3o do estrago. Um pouco\u2026","rel":"","context":"Em &quot;futebol&quot;","block_context":{"text":"futebol","link":"https:\/\/blogdoprosperi.com\/?cat=53870"},"img":{"alt_text":"","src":"https:\/\/i0.wp.com\/blogdoprosperi.com\/wp-content\/uploads\/2017\/02\/cuca-tecnico-do-palmeiras-observa-o-classico-paulista-1474145215624_615x300.jpg?resize=350%2C200&ssl=1","width":350,"height":200,"srcset":"https:\/\/i0.wp.com\/blogdoprosperi.com\/wp-content\/uploads\/2017\/02\/cuca-tecnico-do-palmeiras-observa-o-classico-paulista-1474145215624_615x300.jpg?resize=350%2C200&ssl=1 1x, https:\/\/i0.wp.com\/blogdoprosperi.com\/wp-content\/uploads\/2017\/02\/cuca-tecnico-do-palmeiras-observa-o-classico-paulista-1474145215624_615x300.jpg?resize=525%2C300&ssl=1 1.5x"},"classes":[]},{"id":34371,"url":"https:\/\/blogdoprosperi.com\/?p=34371","url_meta":{"origin":34837,"position":4},"title":"Palmeiras muda de perfil em busca da Libertadores 2017","author":"Luiz Ant\u00f4nio Pr\u00f3speri","date":"27 de dezembro de 2016","format":false,"excerpt":"Palmeiras vai mudar seu perfil na pr\u00f3xima temporada. Aquele time campe\u00e3o brasileiro, moldado a trocar passes e fazer do ataque uma avalanche, deve ser mais conservador. Vai perder leveza. A mudan\u00e7a \u00e9 em fun\u00e7\u00e3o da Copa Libertadores, principal meta do clube em 2017. Contrata\u00e7\u00f5es do porte de Felipe Melo, Guerra\u2026","rel":"","context":"Em &quot;futebol&quot;","block_context":{"text":"futebol","link":"https:\/\/blogdoprosperi.com\/?cat=53870"},"img":{"alt_text":"","src":"https:\/\/i0.wp.com\/blogdoprosperi.com\/wp-content\/uploads\/2016\/12\/qw28opg.jpg?resize=350%2C200","width":350,"height":200,"srcset":"https:\/\/i0.wp.com\/blogdoprosperi.com\/wp-content\/uploads\/2016\/12\/qw28opg.jpg?resize=350%2C200 1x, https:\/\/i0.wp.com\/blogdoprosperi.com\/wp-content\/uploads\/2016\/12\/qw28opg.jpg?resize=525%2C300 1.5x"},"classes":[]},{"id":34723,"url":"https:\/\/blogdoprosperi.com\/?p=34723","url_meta":{"origin":34837,"position":5},"title":"Conhe\u00e7a Vitinho, novo lan\u00e7amento da base do Palmeiras","author":"Luiz Ant\u00f4nio Pr\u00f3speri","date":"24 de janeiro de 2017","format":false,"excerpt":"Alexandre Mattos estava empolgado na noite de 21 de junho de 2016 no Allianz Parque. Ao lado de Ra\u00fal Sanlleh\u00ed, diretor do Barcelona, em um dos camarotes da arena, o executivo do Palmeiras deitava fala\u00e7\u00e3o e elogios aos jogadores do clube paulista. L\u00e1 embaixo, no campo, Gabriel Jesus, com extrema\u2026","rel":"","context":"Em &quot;Campeonato Brasileiro&quot;","block_context":{"text":"Campeonato Brasileiro","link":"https:\/\/blogdoprosperi.com\/?cat=355071"},"img":{"alt_text":"","src":"https:\/\/i0.wp.com\/blogdoprosperi.com\/wp-content\/uploads\/2017\/01\/vitinho-chapecoense-palmeiras-amistoso-21012017_hzv2jt2bgr4s1j4zfk52hid63-1.jpg?resize=350%2C200&ssl=1","width":350,"height":200,"srcset":"https:\/\/i0.wp.com\/blogdoprosperi.com\/wp-content\/uploads\/2017\/01\/vitinho-chapecoense-palmeiras-amistoso-21012017_hzv2jt2bgr4s1j4zfk52hid63-1.jpg?resize=350%2C200&ssl=1 1x, https:\/\/i0.wp.com\/blogdoprosperi.com\/wp-content\/uploads\/2017\/01\/vitinho-chapecoense-palmeiras-amistoso-21012017_hzv2jt2bgr4s1j4zfk52hid63-1.jpg?resize=525%2C300&ssl=1 1.5x"},"classes":[]}],"jetpack_featured_media_url":"","_links":{"self":[{"href":"https:\/\/blogdoprosperi.com\/index.php?rest_route=\/wp\/v2\/posts\/34837","targetHints":{"allow":["GET"]}}],"collection":[{"href":"https:\/\/blogdoprosperi.com\/index.php?rest_route=\/wp\/v2\/posts"}],"about":[{"href":"https:\/\/blogdoprosperi.com\/index.php?rest_route=\/wp\/v2\/types\/post"}],"author":[{"embeddable":true,"href":"https:\/\/blogdoprosperi.com\/index.php?rest_route=\/wp\/v2\/users\/102107496"}],"replies":[{"embeddable":true,"href":"https:\/\/blogdoprosperi.com\/index.php?rest_route=%2Fwp%2Fv2%2Fcomments&post=34837"}],"version-history":[{"count":19,"href":"https:\/\/blogdoprosperi.com\/index.php?rest_route=\/wp\/v2\/posts\/34837\/revisions"}],"predecessor-version":[{"id":34860,"href":"https:\/\/blogdoprosperi.com\/index.php?rest_route=\/wp\/v2\/posts\/34837\/revisions\/34860"}],"wp:attachment":[{"href":"https:\/\/blogdoprosperi.com\/index.php?rest_route=%2Fwp%2Fv2%2Fmedia&parent=34837"}],"wp:term":[{"taxonomy":"category","embeddable":true,"href":"https:\/\/blogdoprosperi.com\/index.php?rest_route=%2Fwp%2Fv2%2Fcategories&post=34837"},{"taxonomy":"post_tag","embeddable":true,"href":"https:\/\/blogdoprosperi.com\/index.php?rest_route=%2Fwp%2Fv2%2Ftags&post=34837"}],"curies":[{"name":"wp","href":"https:\/\/api.w.org\/{rel}","templated":true}]}}