{"id":34915,"date":"2017-02-03T20:14:24","date_gmt":"2017-02-03T22:14:24","guid":{"rendered":"http:\/\/blogdoprosperi.com\/?p=34915"},"modified":"2017-02-03T20:14:24","modified_gmt":"2017-02-03T22:14:24","slug":"dona-da-crefisa-chega-para-nao-sair-mais-do-palmeiras","status":"publish","type":"post","link":"https:\/\/blogdoprosperi.com\/?p=34915","title":{"rendered":"Dona da Crefisa chega para n\u00e3o sair mais do Palmeiras"},"content":{"rendered":"<p style=\"text-align:justify;\"><span class=\"alignnone\"><img data-recalc-dims=\"1\" loading=\"lazy\" decoding=\"async\" data-attachment-id=\"34917\" data-permalink=\"https:\/\/blogdoprosperi.com\/?attachment_id=34917\" data-orig-file=\"https:\/\/i0.wp.com\/blogdoprosperi.com\/wp-content\/uploads\/2017\/02\/lancamento_leila_pereira_1.jpeg?fit=700%2C466&amp;ssl=1\" data-orig-size=\"700,466\" data-comments-opened=\"1\" data-image-meta=\"{&quot;aperture&quot;:&quot;0&quot;,&quot;credit&quot;:&quot;&quot;,&quot;camera&quot;:&quot;&quot;,&quot;caption&quot;:&quot;&quot;,&quot;created_timestamp&quot;:&quot;0&quot;,&quot;copyright&quot;:&quot;&quot;,&quot;focal_length&quot;:&quot;0&quot;,&quot;iso&quot;:&quot;0&quot;,&quot;shutter_speed&quot;:&quot;0&quot;,&quot;title&quot;:&quot;&quot;,&quot;orientation&quot;:&quot;1&quot;}\" data-image-title=\"lancamento_leila_pereira_1\" data-image-description=\"\" data-image-caption=\"\" data-large-file=\"https:\/\/i0.wp.com\/blogdoprosperi.com\/wp-content\/uploads\/2017\/02\/lancamento_leila_pereira_1.jpeg?fit=700%2C466&amp;ssl=1\" class=\"alignnone size-full wp-image-34917\" src=\"https:\/\/i0.wp.com\/blogdoprosperi.com\/wp-content\/uploads\/2017\/02\/lancamento_leila_pereira_1.jpeg?resize=700%2C466&#038;ssl=1\" alt=\"lancamento_leila_pereira_1\" width=\"700\" height=\"466\" \/><\/span>Leila Pereira tem planos ambiciosos no Palmeiras. N\u00e3o passa por sua cabe\u00e7a apenas conquistar uma cadeira no Conselho Deliberativo do clube e mais tarde se eleger presidente. De acordo com seu discurso de apresenta\u00e7\u00e3o aos conselheiros, em um jantar h\u00e1 pouco mais de um m\u00eas (<em>veja v\u00eddeo abaixo<\/em>), fica claro seu projeto de se associar ao clube como uma parceira definitiva \u2013 se poss\u00edvel fosse, compraria o Palmeiras como bilion\u00e1rios mundo afora t\u00eam feito com clubes ingleses. Leila j\u00e1 \u00e9 mais agressiva, em termos de investimento, do que a Parmalat foi nos anos de 1990 quando se apoderou da gest\u00e3o do futebol do clube, conquistou t\u00edtulos importantes e lucrou algo em torno de 60 milh\u00f5es de d\u00f3lares (valores da \u00e9poca) com a compra e venda de jogadores.<!--more--><\/p>\n<p style=\"text-align:justify;\">A \u00a0financista quer mais. Sua voracidade em busca do poder supera a do ex-presidente Paulo Nobre, um rica\u00e7o que despejou no Palmeiras cerca de R$ 200 milh\u00f5es nos \u00faltimos quatro anos. Apenas nesta temporada de 2017, Leila, com o dinheiro de suas empresas Crefisa e Faculdade das Am\u00e9ricas (FAM), deve injetar no clube a bagatela de R$ 140 milh\u00f5es entre patroc\u00ednio, compra de jogadores e b\u00f4nus por conquistas do time at\u00e9 o fim do ano.<\/p>\n<p style=\"text-align:justify;\">Com este volume absurdo de investimento, impens\u00e1vel \u00e0 realidade atual do futebol brasileiro,\u00a0Leila, conhecida como a Dona da Crefisa, atraiu a seus p\u00e9s cartolas h\u00e1 d\u00e9cadas encastelados no poder do Palmeiras e fez beijar seus reluzentes an\u00e9is a maior institui\u00e7\u00e3o organizada de torcedores do clube, a Mancha Alviverde.<\/p>\n<p style=\"text-align:justify;\">N\u00e3o foi coincid\u00eancia Leila reunir Mustaf\u00e1 Contursi e seus pares e mais Paulo Serdan, um dos chef\u00f5es da fac\u00e7\u00e3o organizada, na cerim\u00f4nia de lan\u00e7amento de sua candidatura ao Conselho Deliberativo do clube nesta quarta-feira (03\/2). Mustaf\u00e1 d\u00e1 as cartas no Palmeiras desde o in\u00edcio dos anos de 90, \u00e9poca do reinado da Parmalat. Serdan, de uma extensa folha corrida, tamb\u00e9m vive na \u00f3rbita do clube h\u00e1 mais de 20 anos. A Dona da Crefisa destinou R$ 1,3 milh\u00e3o para a Mancha investir no seu carnaval.<\/p>\n<blockquote>\n<h5><strong><span class=\"alignnone\"><img data-recalc-dims=\"1\" loading=\"lazy\" decoding=\"async\" class=\"alignnone size-medium wp-image-3173 alignright\" src=\"https:\/\/i0.wp.com\/www.chuteirafc.com.br\/wp-content\/uploads\/2017\/02\/mancha-crefisa-300x205.jpg?resize=300%2C205\" alt=\"mancha-crefisa\" width=\"300\" height=\"205\" \/><\/span><em>NOTA OFICIAL \u2013 ESCOLA DE SAMBA MANCHA VERDE<\/em><\/strong><\/h5>\n<p><em>No \u00faltimo domingo (29) recebemos a visita da Sra. Leila Pereira e do Sr. Jose na nossa quadra. Eles, atrav\u00e9s da\u00a0<strong>Crefisa\u00a0<\/strong>e da\u00a0<strong>Faculdade das Am\u00e9ricas<\/strong>, acreditaram no nosso trabalho e atrav\u00e9s da<strong>\u00a0Lei Rouanet<\/strong>\u00a0resolveram patrocinar o nosso carnaval de 2017.<\/em><\/p>\n<p><em>N\u00e3o \u00e9 novidade para ningu\u00e9m que o nosso pa\u00eds passa por um momento econ\u00f4mico dif\u00edcil, de conten\u00e7\u00e3o de gastos. E justamente nesse momento nos chegou esse apoio que est\u00e1 nos ajudando a realizar o maior carnaval da hist\u00f3ria da Mancha, atrav\u00e9s do patroc\u00ednio para a Escola de Samba Mancha Verde e n\u00e3o para a Torcida Mancha Alviverde<\/em>.<\/p><\/blockquote>\n<p>Apoiada por esses personagens e por muita gente que havia perdido prest\u00edgio durante o mandato de Paulo Nobre, a Dona da Crefisa chegou a associar as conquistas da Copa do Brasil (2015) e Brasileir\u00e3o (2016) ao investimento que ela fez na condi\u00e7\u00e3o dia patrocinadora-parceira. Sem esse dinheiro, no discurso de Leila, o Palmeiras n\u00e3o teria sido campe\u00e3o.<\/p>\n<p style=\"text-align:justify;\">Veja a longa exposi\u00e7\u00e3o que a Dona da Crefisa fez a um grupo de conselheiros, h\u00e1 pouco mais de um m\u00eas, antes de ser confirmada candidata na chapa de Mustaf\u00e1 Contursi ao Conselho. Acompanhe no v\u00eddeo:<\/p>\n<div class=\"jetpack-video-wrapper\"><span class=\"embed-youtube\" style=\"text-align:center; display: block;\"><iframe loading=\"lazy\" class=\"youtube-player\" width=\"940\" height=\"529\" src=\"https:\/\/www.youtube.com\/embed\/CwO9jtu9rag?version=3&#038;rel=1&#038;showsearch=0&#038;showinfo=1&#038;iv_load_policy=1&#038;fs=1&#038;hl=pt-BR&#038;autohide=2&#038;wmode=transparent\" allowfullscreen=\"true\" style=\"border:0;\" sandbox=\"allow-scripts allow-same-origin allow-popups allow-presentation allow-popups-to-escape-sandbox\"><\/iframe><\/span><\/div>\n<p style=\"text-align:justify;\">Diante desse discurso no v\u00eddeo acima, n\u00e3o ser\u00e1 surpresa se Leila Pereira assumir a presid\u00eancia do clube daqui a quatro anos. Seria a conclus\u00e3o de um ciclo altamente favor\u00e1vel ao Palestra. Uma conjun\u00e7\u00e3o inimagin\u00e1vel. Come\u00e7a com uma empresa disposta a investir R$ 600 milh\u00f5es na constru\u00e7\u00e3o da nova arena, o Allianz Parque, com direito de explora\u00e7\u00e3o por 30 anos. Passa por um presidente-torcedor com desapego de tirar do seu bolso R$ 200 milh\u00f5es para amenizar d\u00edvidas e reorganizar finan\u00e7as do clube. E chega a um patrocinador do tamanho da Crefisa com pretens\u00e3o a se instalar como s\u00f3cio-propriet\u00e1ria do Palmeiras sem prazo para sair.<\/p>\n<p style=\"text-align:justify;\">(esse post \u00e9 uma publica\u00e7\u00e3o do <a href=\"http:\/\/www.chuteirafc.com.br\">CHUTEIRA FC &#8211; confira mais not\u00edcias de futebol<\/a>)<\/p>\n","protected":false},"excerpt":{"rendered":"<p>Leila Pereira tem planos ambiciosos no Palmeiras. N\u00e3o passa por sua cabe\u00e7a apenas conquistar uma cadeira no Conselho [&hellip;]<\/p>\n","protected":false},"author":102107496,"featured_media":0,"comment_status":"open","ping_status":"open","sticky":false,"template":"","format":"standard","meta":{"_coblocks_attr":"","_coblocks_dimensions":"","_coblocks_responsive_height":"","_coblocks_accordion_ie_support":"","_jetpack_newsletter_access":"","_jetpack_dont_email_post_to_subs":false,"_jetpack_newsletter_tier_id":0,"_jetpack_memberships_contains_paywalled_content":false,"_wpcom_ai_launchpad_first_post":false,"_jetpack_feature_clip_id":0,"_jetpack_memberships_contains_paid_content":false,"footnotes":"","jetpack_publicize_message":"","jetpack_publicize_feature_enabled":true,"jetpack_social_post_already_shared":false,"jetpack_social_options":{"image_generator_settings":{"template":"highway","default_image_id":0,"font":"","enabled":false},"version":2},"jetpack_post_was_ever_published":false},"categories":[53870],"tags":[165442385,551925061,789560560,57784134,9314797,287104,891668,48478596],"class_list":["post-34915","post","type-post","status-publish","format-standard","hentry","category-futebol","tag-allianz-parque","tag-dona-da-crefisa","tag-futebol","tag-leila-pereira","tag-mustafa-contursi","tag-palmeiras","tag-parmalat","tag-paulo-nobre"],"yoast_head":"<!-- This site is optimized with the Yoast SEO plugin v28.3 - https:\/\/yoast.com\/product\/yoast-seo-wordpress\/ -->\n<title>Dona da Crefisa chega para n\u00e3o sair mais do Palmeiras - PR\u00d3SPERI NEWS<\/title>\n<meta name=\"robots\" content=\"index, follow, max-snippet:-1, max-image-preview:large, max-video-preview:-1\" \/>\n<link rel=\"canonical\" href=\"https:\/\/blogdoprosperi.com\/?p=34915\" \/>\n<meta property=\"og:locale\" content=\"pt_BR\" \/>\n<meta property=\"og:type\" content=\"article\" \/>\n<meta property=\"og:title\" content=\"Dona da Crefisa chega para n\u00e3o sair mais do Palmeiras - PR\u00d3SPERI NEWS\" \/>\n<meta property=\"og:description\" content=\"Leila Pereira tem planos ambiciosos no Palmeiras. N\u00e3o passa por sua cabe\u00e7a apenas conquistar uma cadeira no Conselho [&hellip;]\" \/>\n<meta property=\"og:url\" content=\"https:\/\/blogdoprosperi.com\/?p=34915\" \/>\n<meta property=\"og:site_name\" content=\"PR\u00d3SPERI NEWS\" \/>\n<meta property=\"article:publisher\" content=\"Luiz Pr\u00f3speri\" \/>\n<meta property=\"article:author\" content=\"Luiz Pr\u00f3speri\" \/>\n<meta property=\"article:published_time\" content=\"2017-02-03T22:14:24+00:00\" \/>\n<meta property=\"og:image\" content=\"https:\/\/blogdoprosperi.com\/wp-content\/uploads\/2017\/02\/lancamento_leila_pereira_1.jpeg\" \/>\n<meta name=\"author\" content=\"Luiz Ant\u00f4nio Pr\u00f3speri\" \/>\n<meta name=\"twitter:card\" content=\"summary_large_image\" \/>\n<meta name=\"twitter:creator\" content=\"@Luizprosperi\" \/>\n<meta name=\"twitter:site\" content=\"@Luizprosperi\" \/>\n<meta name=\"twitter:label1\" content=\"Escrito por\" \/>\n\t<meta name=\"twitter:data1\" content=\"Luiz Ant\u00f4nio Pr\u00f3speri\" \/>\n\t<meta name=\"twitter:label2\" content=\"Est. tempo de leitura\" \/>\n\t<meta name=\"twitter:data2\" content=\"4 minutos\" \/>\n<script type=\"application\/ld+json\" class=\"yoast-schema-graph\">{\"@context\":\"https:\\\/\\\/schema.org\",\"@graph\":[{\"@type\":\"Article\",\"@id\":\"https:\\\/\\\/blogdoprosperi.com\\\/?p=34915#article\",\"isPartOf\":{\"@id\":\"https:\\\/\\\/blogdoprosperi.com\\\/?p=34915\"},\"author\":{\"name\":\"Luiz Ant\u00f4nio Pr\u00f3speri\",\"@id\":\"https:\\\/\\\/blogdoprosperi.com\\\/#\\\/schema\\\/person\\\/38100755ce3601861ee4fab9b5aa78e9\"},\"headline\":\"Dona da Crefisa chega para n\u00e3o sair mais do Palmeiras\",\"datePublished\":\"2017-02-03T22:14:24+00:00\",\"mainEntityOfPage\":{\"@id\":\"https:\\\/\\\/blogdoprosperi.com\\\/?p=34915\"},\"wordCount\":721,\"commentCount\":0,\"publisher\":{\"@id\":\"https:\\\/\\\/blogdoprosperi.com\\\/#\\\/schema\\\/person\\\/38100755ce3601861ee4fab9b5aa78e9\"},\"image\":{\"@id\":\"https:\\\/\\\/blogdoprosperi.com\\\/?p=34915#primaryimage\"},\"thumbnailUrl\":\"https:\\\/\\\/blogdoprosperi.com\\\/wp-content\\\/uploads\\\/2017\\\/02\\\/lancamento_leila_pereira_1.jpeg\",\"keywords\":[\"Allianz Parque\",\"Dona da Crefisa\",\"futebol\",\"Leila Pereira\",\"Mustaf\u00e1 Contursi\",\"Palmeiras\",\"Parmalat\",\"Paulo Nobre\"],\"articleSection\":[\"futebol\"],\"inLanguage\":\"pt-BR\",\"potentialAction\":[{\"@type\":\"CommentAction\",\"name\":\"Comment\",\"target\":[\"https:\\\/\\\/blogdoprosperi.com\\\/?p=34915#respond\"]}]},{\"@type\":\"WebPage\",\"@id\":\"https:\\\/\\\/blogdoprosperi.com\\\/?p=34915\",\"url\":\"https:\\\/\\\/blogdoprosperi.com\\\/?p=34915\",\"name\":\"Dona da Crefisa chega para n\u00e3o sair mais do Palmeiras - PR\u00d3SPERI NEWS\",\"isPartOf\":{\"@id\":\"https:\\\/\\\/blogdoprosperi.com\\\/#website\"},\"primaryImageOfPage\":{\"@id\":\"https:\\\/\\\/blogdoprosperi.com\\\/?p=34915#primaryimage\"},\"image\":{\"@id\":\"https:\\\/\\\/blogdoprosperi.com\\\/?p=34915#primaryimage\"},\"thumbnailUrl\":\"https:\\\/\\\/blogdoprosperi.com\\\/wp-content\\\/uploads\\\/2017\\\/02\\\/lancamento_leila_pereira_1.jpeg\",\"datePublished\":\"2017-02-03T22:14:24+00:00\",\"breadcrumb\":{\"@id\":\"https:\\\/\\\/blogdoprosperi.com\\\/?p=34915#breadcrumb\"},\"inLanguage\":\"pt-BR\",\"potentialAction\":[{\"@type\":\"ReadAction\",\"target\":[\"https:\\\/\\\/blogdoprosperi.com\\\/?p=34915\"]}]},{\"@type\":\"ImageObject\",\"inLanguage\":\"pt-BR\",\"@id\":\"https:\\\/\\\/blogdoprosperi.com\\\/?p=34915#primaryimage\",\"url\":\"https:\\\/\\\/i0.wp.com\\\/blogdoprosperi.com\\\/wp-content\\\/uploads\\\/2017\\\/02\\\/lancamento_leila_pereira_1.jpeg?fit=700%2C466&ssl=1\",\"contentUrl\":\"https:\\\/\\\/i0.wp.com\\\/blogdoprosperi.com\\\/wp-content\\\/uploads\\\/2017\\\/02\\\/lancamento_leila_pereira_1.jpeg?fit=700%2C466&ssl=1\",\"width\":700,\"height\":466},{\"@type\":\"BreadcrumbList\",\"@id\":\"https:\\\/\\\/blogdoprosperi.com\\\/?p=34915#breadcrumb\",\"itemListElement\":[{\"@type\":\"ListItem\",\"position\":1,\"name\":\"In\u00edcio\",\"item\":\"https:\\\/\\\/blogdoprosperi.com\\\/\"},{\"@type\":\"ListItem\",\"position\":2,\"name\":\"Dona da Crefisa chega para n\u00e3o sair mais do Palmeiras\"}]},{\"@type\":\"WebSite\",\"@id\":\"https:\\\/\\\/blogdoprosperi.com\\\/#website\",\"url\":\"https:\\\/\\\/blogdoprosperi.com\\\/\",\"name\":\"PR\u00d3SPERI NEWS\",\"description\":\"TUDO \u00c9  FUTEBOL\",\"publisher\":{\"@id\":\"https:\\\/\\\/blogdoprosperi.com\\\/#\\\/schema\\\/person\\\/38100755ce3601861ee4fab9b5aa78e9\"},\"alternateName\":\"blogdoprosperi.com\",\"potentialAction\":[{\"@type\":\"SearchAction\",\"target\":{\"@type\":\"EntryPoint\",\"urlTemplate\":\"https:\\\/\\\/blogdoprosperi.com\\\/?s={search_term_string}\"},\"query-input\":{\"@type\":\"PropertyValueSpecification\",\"valueRequired\":true,\"valueName\":\"search_term_string\"}}],\"inLanguage\":\"pt-BR\"},{\"@type\":[\"Person\",\"Organization\"],\"@id\":\"https:\\\/\\\/blogdoprosperi.com\\\/#\\\/schema\\\/person\\\/38100755ce3601861ee4fab9b5aa78e9\",\"name\":\"Luiz Ant\u00f4nio Pr\u00f3speri\",\"pronouns\":\"ele\",\"image\":{\"@type\":\"ImageObject\",\"inLanguage\":\"pt-BR\",\"@id\":\"https:\\\/\\\/i0.wp.com\\\/blogdoprosperi.com\\\/wp-content\\\/uploads\\\/2026\\\/05\\\/cropped-8059e613-6002-42fa-961e-8e275f575d71-2-5.jpg?fit=1360%2C931&ssl=1\",\"url\":\"https:\\\/\\\/i0.wp.com\\\/blogdoprosperi.com\\\/wp-content\\\/uploads\\\/2026\\\/05\\\/cropped-8059e613-6002-42fa-961e-8e275f575d71-2-5.jpg?fit=1360%2C931&ssl=1\",\"contentUrl\":\"https:\\\/\\\/i0.wp.com\\\/blogdoprosperi.com\\\/wp-content\\\/uploads\\\/2026\\\/05\\\/cropped-8059e613-6002-42fa-961e-8e275f575d71-2-5.jpg?fit=1360%2C931&ssl=1\",\"width\":1360,\"height\":931,\"caption\":\"Luiz Ant\u00f4nio Pr\u00f3speri\"},\"logo\":{\"@id\":\"https:\\\/\\\/i0.wp.com\\\/blogdoprosperi.com\\\/wp-content\\\/uploads\\\/2026\\\/05\\\/cropped-8059e613-6002-42fa-961e-8e275f575d71-2-5.jpg?fit=1360%2C931&ssl=1\"},\"description\":\"Jornalista com carreira dedicada ao esporte. Cobriu 9 Copas do Mundo in loco, 1990 na It\u00e1lia, 1994 nos EUA, 1998 na Fran\u00e7a, 2002 na Coreia do Sul e Jap\u00e3o, 2006 na Alemanha, 2010 na \u00c1frica do Sul, 2014 no Brasil, 2018 na R\u00fassia e 2022 no Qatar. Eurocopas, 1992 na Su\u00e9cia e 1996 na Inglaterra. Copa das Confedera\u00e7\u00f5es de 2005 na Alemanha e 2009 na \u00c1frica do Sul. Rep\u00f3rter e Editor, trabalhou no Jornal da Tarde e Estad\u00e3o, de 1984 a fevereiro de 2016. Colunista, blogueiro. E comentarista de futebol na R\u00e1dio Estad\u00e3o, de 2013 a fevereiro de 2016. Jornalista respons\u00e1vel do \\\"Pr\u00f3speri News\\\" (blogdoprosperi.com).\",\"sameAs\":[\"http:\\\/\\\/blogdoprosperi.com\",\"Luiz Pr\u00f3speri\",\"@luiz_prosperi\",\"https:\\\/\\\/x.com\\\/Luizprosperi\",\"@prosperinacopa\",\"luiz.prosperi@icloud.com\"],\"url\":\"https:\\\/\\\/blogdoprosperi.com\\\/?author=102107496\"}]}<\/script>\n<!-- \/ Yoast SEO plugin. -->","yoast_head_json":{"title":"Dona da Crefisa chega para n\u00e3o sair mais do Palmeiras - PR\u00d3SPERI NEWS","robots":{"index":"index","follow":"follow","max-snippet":"max-snippet:-1","max-image-preview":"max-image-preview:large","max-video-preview":"max-video-preview:-1"},"canonical":"https:\/\/blogdoprosperi.com\/?p=34915","og_locale":"pt_BR","og_type":"article","og_title":"Dona da Crefisa chega para n\u00e3o sair mais do Palmeiras - PR\u00d3SPERI NEWS","og_description":"Leila Pereira tem planos ambiciosos no Palmeiras. N\u00e3o passa por sua cabe\u00e7a apenas conquistar uma cadeira no Conselho [&hellip;]","og_url":"https:\/\/blogdoprosperi.com\/?p=34915","og_site_name":"PR\u00d3SPERI NEWS","article_publisher":"Luiz Pr\u00f3speri","article_author":"Luiz Pr\u00f3speri","article_published_time":"2017-02-03T22:14:24+00:00","og_image":[{"url":"https:\/\/blogdoprosperi.com\/wp-content\/uploads\/2017\/02\/lancamento_leila_pereira_1.jpeg","type":"","width":"","height":""}],"author":"Luiz Ant\u00f4nio Pr\u00f3speri","twitter_card":"summary_large_image","twitter_creator":"@Luizprosperi","twitter_site":"@Luizprosperi","twitter_misc":{"Escrito por":"Luiz Ant\u00f4nio Pr\u00f3speri","Est. tempo de leitura":"4 minutos"},"schema":{"@context":"https:\/\/schema.org","@graph":[{"@type":"Article","@id":"https:\/\/blogdoprosperi.com\/?p=34915#article","isPartOf":{"@id":"https:\/\/blogdoprosperi.com\/?p=34915"},"author":{"name":"Luiz Ant\u00f4nio Pr\u00f3speri","@id":"https:\/\/blogdoprosperi.com\/#\/schema\/person\/38100755ce3601861ee4fab9b5aa78e9"},"headline":"Dona da Crefisa chega para n\u00e3o sair mais do Palmeiras","datePublished":"2017-02-03T22:14:24+00:00","mainEntityOfPage":{"@id":"https:\/\/blogdoprosperi.com\/?p=34915"},"wordCount":721,"commentCount":0,"publisher":{"@id":"https:\/\/blogdoprosperi.com\/#\/schema\/person\/38100755ce3601861ee4fab9b5aa78e9"},"image":{"@id":"https:\/\/blogdoprosperi.com\/?p=34915#primaryimage"},"thumbnailUrl":"https:\/\/blogdoprosperi.com\/wp-content\/uploads\/2017\/02\/lancamento_leila_pereira_1.jpeg","keywords":["Allianz Parque","Dona da Crefisa","futebol","Leila Pereira","Mustaf\u00e1 Contursi","Palmeiras","Parmalat","Paulo Nobre"],"articleSection":["futebol"],"inLanguage":"pt-BR","potentialAction":[{"@type":"CommentAction","name":"Comment","target":["https:\/\/blogdoprosperi.com\/?p=34915#respond"]}]},{"@type":"WebPage","@id":"https:\/\/blogdoprosperi.com\/?p=34915","url":"https:\/\/blogdoprosperi.com\/?p=34915","name":"Dona da Crefisa chega para n\u00e3o sair mais do Palmeiras - PR\u00d3SPERI NEWS","isPartOf":{"@id":"https:\/\/blogdoprosperi.com\/#website"},"primaryImageOfPage":{"@id":"https:\/\/blogdoprosperi.com\/?p=34915#primaryimage"},"image":{"@id":"https:\/\/blogdoprosperi.com\/?p=34915#primaryimage"},"thumbnailUrl":"https:\/\/blogdoprosperi.com\/wp-content\/uploads\/2017\/02\/lancamento_leila_pereira_1.jpeg","datePublished":"2017-02-03T22:14:24+00:00","breadcrumb":{"@id":"https:\/\/blogdoprosperi.com\/?p=34915#breadcrumb"},"inLanguage":"pt-BR","potentialAction":[{"@type":"ReadAction","target":["https:\/\/blogdoprosperi.com\/?p=34915"]}]},{"@type":"ImageObject","inLanguage":"pt-BR","@id":"https:\/\/blogdoprosperi.com\/?p=34915#primaryimage","url":"https:\/\/i0.wp.com\/blogdoprosperi.com\/wp-content\/uploads\/2017\/02\/lancamento_leila_pereira_1.jpeg?fit=700%2C466&ssl=1","contentUrl":"https:\/\/i0.wp.com\/blogdoprosperi.com\/wp-content\/uploads\/2017\/02\/lancamento_leila_pereira_1.jpeg?fit=700%2C466&ssl=1","width":700,"height":466},{"@type":"BreadcrumbList","@id":"https:\/\/blogdoprosperi.com\/?p=34915#breadcrumb","itemListElement":[{"@type":"ListItem","position":1,"name":"In\u00edcio","item":"https:\/\/blogdoprosperi.com\/"},{"@type":"ListItem","position":2,"name":"Dona da Crefisa chega para n\u00e3o sair mais do Palmeiras"}]},{"@type":"WebSite","@id":"https:\/\/blogdoprosperi.com\/#website","url":"https:\/\/blogdoprosperi.com\/","name":"PR\u00d3SPERI NEWS","description":"TUDO \u00c9  FUTEBOL","publisher":{"@id":"https:\/\/blogdoprosperi.com\/#\/schema\/person\/38100755ce3601861ee4fab9b5aa78e9"},"alternateName":"blogdoprosperi.com","potentialAction":[{"@type":"SearchAction","target":{"@type":"EntryPoint","urlTemplate":"https:\/\/blogdoprosperi.com\/?s={search_term_string}"},"query-input":{"@type":"PropertyValueSpecification","valueRequired":true,"valueName":"search_term_string"}}],"inLanguage":"pt-BR"},{"@type":["Person","Organization"],"@id":"https:\/\/blogdoprosperi.com\/#\/schema\/person\/38100755ce3601861ee4fab9b5aa78e9","name":"Luiz Ant\u00f4nio Pr\u00f3speri","pronouns":"ele","image":{"@type":"ImageObject","inLanguage":"pt-BR","@id":"https:\/\/i0.wp.com\/blogdoprosperi.com\/wp-content\/uploads\/2026\/05\/cropped-8059e613-6002-42fa-961e-8e275f575d71-2-5.jpg?fit=1360%2C931&ssl=1","url":"https:\/\/i0.wp.com\/blogdoprosperi.com\/wp-content\/uploads\/2026\/05\/cropped-8059e613-6002-42fa-961e-8e275f575d71-2-5.jpg?fit=1360%2C931&ssl=1","contentUrl":"https:\/\/i0.wp.com\/blogdoprosperi.com\/wp-content\/uploads\/2026\/05\/cropped-8059e613-6002-42fa-961e-8e275f575d71-2-5.jpg?fit=1360%2C931&ssl=1","width":1360,"height":931,"caption":"Luiz Ant\u00f4nio Pr\u00f3speri"},"logo":{"@id":"https:\/\/i0.wp.com\/blogdoprosperi.com\/wp-content\/uploads\/2026\/05\/cropped-8059e613-6002-42fa-961e-8e275f575d71-2-5.jpg?fit=1360%2C931&ssl=1"},"description":"Jornalista com carreira dedicada ao esporte. Cobriu 9 Copas do Mundo in loco, 1990 na It\u00e1lia, 1994 nos EUA, 1998 na Fran\u00e7a, 2002 na Coreia do Sul e Jap\u00e3o, 2006 na Alemanha, 2010 na \u00c1frica do Sul, 2014 no Brasil, 2018 na R\u00fassia e 2022 no Qatar. Eurocopas, 1992 na Su\u00e9cia e 1996 na Inglaterra. Copa das Confedera\u00e7\u00f5es de 2005 na Alemanha e 2009 na \u00c1frica do Sul. Rep\u00f3rter e Editor, trabalhou no Jornal da Tarde e Estad\u00e3o, de 1984 a fevereiro de 2016. Colunista, blogueiro. E comentarista de futebol na R\u00e1dio Estad\u00e3o, de 2013 a fevereiro de 2016. Jornalista respons\u00e1vel do \"Pr\u00f3speri News\" (blogdoprosperi.com).","sameAs":["http:\/\/blogdoprosperi.com","Luiz Pr\u00f3speri","@luiz_prosperi","https:\/\/x.com\/Luizprosperi","@prosperinacopa","luiz.prosperi@icloud.com"],"url":"https:\/\/blogdoprosperi.com\/?author=102107496"}]}},"jetpack_publicize_connections":[],"jetpack_likes_enabled":false,"jetpack_sharing_enabled":true,"jetpack_shortlink":"https:\/\/wp.me\/p7jvdk-959","jetpack-related-posts":[{"id":38294,"url":"https:\/\/blogdoprosperi.com\/?p=38294","url_meta":{"origin":34915,"position":0},"title":"Dona da Crefisa vai assumir comando do Palmeiras em dezembro 2021","author":"Luiz Ant\u00f4nio Pr\u00f3speri","date":"10 de mar\u00e7o de 2021","format":false,"excerpt":"Desde domingo (07\/3), ap\u00f3s Felipe Melo erguer a ta\u00e7a da Copa do Brasil 2021, Leila repete aos ve\u00edculos de imprensa sua disposi\u00e7\u00e3o em ser a nova presidenta do Palmeiras","rel":"","context":"Em &quot;futebol&quot;","block_context":{"text":"futebol","link":"https:\/\/blogdoprosperi.com\/?cat=53870"},"img":{"alt_text":"","src":"https:\/\/i0.wp.com\/blogdoprosperi.com\/wp-content\/uploads\/2021\/03\/dxm1s5jwoaaj1kc.jpg?fit=1024%2C576&ssl=1&resize=350%2C200","width":350,"height":200,"srcset":"https:\/\/i0.wp.com\/blogdoprosperi.com\/wp-content\/uploads\/2021\/03\/dxm1s5jwoaaj1kc.jpg?fit=1024%2C576&ssl=1&resize=350%2C200 1x, https:\/\/i0.wp.com\/blogdoprosperi.com\/wp-content\/uploads\/2021\/03\/dxm1s5jwoaaj1kc.jpg?fit=1024%2C576&ssl=1&resize=525%2C300 1.5x, https:\/\/i0.wp.com\/blogdoprosperi.com\/wp-content\/uploads\/2021\/03\/dxm1s5jwoaaj1kc.jpg?fit=1024%2C576&ssl=1&resize=700%2C400 2x"},"classes":[]},{"id":45501,"url":"https:\/\/blogdoprosperi.com\/?p=45501","url_meta":{"origin":34915,"position":1},"title":"Leila Pereira anuncia (II): Crefisa Sai do Palmeiras e Dudu Fora","author":"Luiz Ant\u00f4nio Pr\u00f3speri","date":"24 de setembro de 2024","format":false,"excerpt":"Crefisa vai sair da camisa do Palmeiras em 2025. Leila Pereira, presidente do Palmeiras e dona da Crefisa, anuncia o fim do ciclo entre clube e a patrocinadora, juntos desde 2019. Sem a empresa financeira, marketing do Palmeiras est\u00e1 no mercado em busca de um novo parceiro de R$ 150\u2026","rel":"","context":"Em &quot;futebol&quot;","block_context":{"text":"futebol","link":"https:\/\/blogdoprosperi.com\/?cat=53870"},"img":{"alt_text":"Crefisa, fim de ciclo no Palmeiras","src":"https:\/\/i0.wp.com\/blogdoprosperi.com\/wp-content\/uploads\/2024\/09\/leila-pereira.webp?fit=750%2C510&ssl=1&resize=350%2C200","width":350,"height":200,"srcset":"https:\/\/i0.wp.com\/blogdoprosperi.com\/wp-content\/uploads\/2024\/09\/leila-pereira.webp?fit=750%2C510&ssl=1&resize=350%2C200 1x, https:\/\/i0.wp.com\/blogdoprosperi.com\/wp-content\/uploads\/2024\/09\/leila-pereira.webp?fit=750%2C510&ssl=1&resize=525%2C300 1.5x, https:\/\/i0.wp.com\/blogdoprosperi.com\/wp-content\/uploads\/2024\/09\/leila-pereira.webp?fit=750%2C510&ssl=1&resize=700%2C400 2x"},"classes":[]},{"id":35749,"url":"https:\/\/blogdoprosperi.com\/?p=35749","url_meta":{"origin":34915,"position":2},"title":"Palmeiras em transe, Eduardo Baptista se equilibra no fio da navalha","author":"Luiz Ant\u00f4nio Pr\u00f3speri","date":"4 de maio de 2017","format":false,"excerpt":"\"Tivemos muitas dificuldades para jogar em decorr\u00eancia do campo. O Palmeiras \u00e9 um time muito t\u00e9cnico e tivemos muitas dificuldades. Fizemos um bom primeiro tempo at\u00e9 tomarmos dois gols. Depois, quando quisemos jogar, fomos muito atrapalhados pelo campo. Acredito que o campo foi a grande dificuldade. Perdemos muitas bolas e\u2026","rel":"","context":"Em &quot;futebol&quot;","block_context":{"text":"futebol","link":"https:\/\/blogdoprosperi.com\/?cat=53870"},"img":{"alt_text":"","src":"https:\/\/i0.wp.com\/blogdoprosperi.com\/wp-content\/uploads\/2017\/05\/33630179513_5bbc2753b1_z.jpg?fit=640%2C410&ssl=1&resize=350%2C200","width":350,"height":200,"srcset":"https:\/\/i0.wp.com\/blogdoprosperi.com\/wp-content\/uploads\/2017\/05\/33630179513_5bbc2753b1_z.jpg?fit=640%2C410&ssl=1&resize=350%2C200 1x, https:\/\/i0.wp.com\/blogdoprosperi.com\/wp-content\/uploads\/2017\/05\/33630179513_5bbc2753b1_z.jpg?fit=640%2C410&ssl=1&resize=525%2C300 1.5x"},"classes":[]},{"id":37508,"url":"https:\/\/blogdoprosperi.com\/?p=37508","url_meta":{"origin":34915,"position":3},"title":"A Felip\u00e3o o que \u00e9 de Felip\u00e3o","author":"Luiz Ant\u00f4nio Pr\u00f3speri","date":"28 de julho de 2018","format":false,"excerpt":"Felip\u00e3o volta ao futebol brasileiro no clube a que aprendeu amar. Fosse outro a fazer o convite, n\u00e3o o Palmeiras, recusaria de pronto. Por contrato ter\u00e1 dois anos e meio \u2013 at\u00e9 o fim de 2020 \u2013 para desfrutar dessa paix\u00e3o declarada desde em 1997 quando aportou no Palestra It\u00e1lia\u2026","rel":"","context":"Em &quot;futebol&quot;","block_context":{"text":"futebol","link":"https:\/\/blogdoprosperi.com\/?cat=53870"},"img":{"alt_text":"","src":"https:\/\/i0.wp.com\/blogdoprosperi.com\/wp-content\/uploads\/2018\/07\/felipao.jpg?fit=1200%2C675&ssl=1&resize=350%2C200","width":350,"height":200,"srcset":"https:\/\/i0.wp.com\/blogdoprosperi.com\/wp-content\/uploads\/2018\/07\/felipao.jpg?fit=1200%2C675&ssl=1&resize=350%2C200 1x, https:\/\/i0.wp.com\/blogdoprosperi.com\/wp-content\/uploads\/2018\/07\/felipao.jpg?fit=1200%2C675&ssl=1&resize=525%2C300 1.5x, https:\/\/i0.wp.com\/blogdoprosperi.com\/wp-content\/uploads\/2018\/07\/felipao.jpg?fit=1200%2C675&ssl=1&resize=700%2C400 2x, https:\/\/i0.wp.com\/blogdoprosperi.com\/wp-content\/uploads\/2018\/07\/felipao.jpg?fit=1200%2C675&ssl=1&resize=1050%2C600 3x"},"classes":[]},{"id":41176,"url":"https:\/\/blogdoprosperi.com\/?p=41176","url_meta":{"origin":34915,"position":4},"title":"Dinheiro sobrando, o nome da crise no Palmeiras","author":"Luiz Ant\u00f4nio Pr\u00f3speri","date":"16 de janeiro de 2023","format":false,"excerpt":"A crise do Palmeiras nesse momento \u00e9 o avesso das crises de seus principais concorrentes, sempre de pires nas m\u00e3os em busca de dinheiro. Presidente Leila Pereira promete contratar.","rel":"","context":"Em &quot;catar 2022&quot;","block_context":{"text":"catar 2022","link":"https:\/\/blogdoprosperi.com\/?cat=47094043"},"img":{"alt_text":"Esque\u00e7am Neymar, avisa presidenta do Palmeiras","src":"https:\/\/i0.wp.com\/blogdoprosperi.com\/wp-content\/uploads\/2023\/01\/52499028142_4b0d1c3e97_h.webp?fit=1200%2C675&ssl=1&resize=350%2C200","width":350,"height":200,"srcset":"https:\/\/i0.wp.com\/blogdoprosperi.com\/wp-content\/uploads\/2023\/01\/52499028142_4b0d1c3e97_h.webp?fit=1200%2C675&ssl=1&resize=350%2C200 1x, https:\/\/i0.wp.com\/blogdoprosperi.com\/wp-content\/uploads\/2023\/01\/52499028142_4b0d1c3e97_h.webp?fit=1200%2C675&ssl=1&resize=525%2C300 1.5x, https:\/\/i0.wp.com\/blogdoprosperi.com\/wp-content\/uploads\/2023\/01\/52499028142_4b0d1c3e97_h.webp?fit=1200%2C675&ssl=1&resize=700%2C400 2x, https:\/\/i0.wp.com\/blogdoprosperi.com\/wp-content\/uploads\/2023\/01\/52499028142_4b0d1c3e97_h.webp?fit=1200%2C675&ssl=1&resize=1050%2C600 3x"},"classes":[]},{"id":47423,"url":"https:\/\/blogdoprosperi.com\/?p=47423","url_meta":{"origin":34915,"position":5},"title":"Leila Pereira | &#8220;Palmeiras Vem Mais Agressivo no Mercado. Dudu sai pela Porta dos Fundos\u201d","author":"Luiz Ant\u00f4nio Pr\u00f3speri","date":"13 de janeiro de 2025","format":false,"excerpt":"Luiz Ant\u00f4nio Pr\u00f3speri \u2013 13 janeiro (15h10) \u2013 Palmeiras anuncia novo patrocinador master encerrando parceria de dez anos com a Crefisa, empresa da presidente Leila Pereira. Sportingbet, casa de apostas esportivas, assume a camisa do clube no contrato inicial de R$ 100 milh\u00f5es\/ano por tr\u00eas temporadas + R$ 70 milh\u00f5es\u2026","rel":"","context":"Em &quot;futebol&quot;","block_context":{"text":"futebol","link":"https:\/\/blogdoprosperi.com\/?cat=53870"},"img":{"alt_text":"Palmeiras mais agressivo no mercado, diz Leila Pereira","src":"https:\/\/i0.wp.com\/blogdoprosperi.com\/wp-content\/uploads\/2025\/01\/leila-pereira.jpg?fit=1030%2C613&ssl=1&resize=350%2C200","width":350,"height":200,"srcset":"https:\/\/i0.wp.com\/blogdoprosperi.com\/wp-content\/uploads\/2025\/01\/leila-pereira.jpg?fit=1030%2C613&ssl=1&resize=350%2C200 1x, https:\/\/i0.wp.com\/blogdoprosperi.com\/wp-content\/uploads\/2025\/01\/leila-pereira.jpg?fit=1030%2C613&ssl=1&resize=525%2C300 1.5x, https:\/\/i0.wp.com\/blogdoprosperi.com\/wp-content\/uploads\/2025\/01\/leila-pereira.jpg?fit=1030%2C613&ssl=1&resize=700%2C400 2x"},"classes":[]}],"jetpack_featured_media_url":"","_links":{"self":[{"href":"https:\/\/blogdoprosperi.com\/index.php?rest_route=\/wp\/v2\/posts\/34915","targetHints":{"allow":["GET"]}}],"collection":[{"href":"https:\/\/blogdoprosperi.com\/index.php?rest_route=\/wp\/v2\/posts"}],"about":[{"href":"https:\/\/blogdoprosperi.com\/index.php?rest_route=\/wp\/v2\/types\/post"}],"author":[{"embeddable":true,"href":"https:\/\/blogdoprosperi.com\/index.php?rest_route=\/wp\/v2\/users\/102107496"}],"replies":[{"embeddable":true,"href":"https:\/\/blogdoprosperi.com\/index.php?rest_route=%2Fwp%2Fv2%2Fcomments&post=34915"}],"version-history":[{"count":9,"href":"https:\/\/blogdoprosperi.com\/index.php?rest_route=\/wp\/v2\/posts\/34915\/revisions"}],"predecessor-version":[{"id":34925,"href":"https:\/\/blogdoprosperi.com\/index.php?rest_route=\/wp\/v2\/posts\/34915\/revisions\/34925"}],"wp:attachment":[{"href":"https:\/\/blogdoprosperi.com\/index.php?rest_route=%2Fwp%2Fv2%2Fmedia&parent=34915"}],"wp:term":[{"taxonomy":"category","embeddable":true,"href":"https:\/\/blogdoprosperi.com\/index.php?rest_route=%2Fwp%2Fv2%2Fcategories&post=34915"},{"taxonomy":"post_tag","embeddable":true,"href":"https:\/\/blogdoprosperi.com\/index.php?rest_route=%2Fwp%2Fv2%2Ftags&post=34915"}],"curies":[{"name":"wp","href":"https:\/\/api.w.org\/{rel}","templated":true}]}}