{"id":34927,"date":"2017-02-04T15:55:43","date_gmt":"2017-02-04T17:55:43","guid":{"rendered":"http:\/\/blogdoprosperi.com\/?p=34927"},"modified":"2017-02-04T16:14:27","modified_gmt":"2017-02-04T18:14:27","slug":"dorival-junior-preparara-revolucao-no-santos","status":"publish","type":"post","link":"https:\/\/blogdoprosperi.com\/?p=34927","title":{"rendered":"Dorival J\u00fanior prepara uma revolu\u00e7\u00e3o no Santos"},"content":{"rendered":"<p><span class=\"alignnone\"><img data-recalc-dims=\"1\" loading=\"lazy\" decoding=\"async\" data-attachment-id=\"34941\" data-permalink=\"https:\/\/blogdoprosperi.com\/?attachment_id=34941\" data-orig-file=\"https:\/\/i0.wp.com\/blogdoprosperi.com\/wp-content\/uploads\/2017\/02\/32518464112_89526cd5a9_z.jpg?fit=640%2C427&amp;ssl=1\" data-orig-size=\"640,427\" data-comments-opened=\"1\" data-image-meta=\"{&quot;aperture&quot;:&quot;0&quot;,&quot;credit&quot;:&quot;&quot;,&quot;camera&quot;:&quot;&quot;,&quot;caption&quot;:&quot;&quot;,&quot;created_timestamp&quot;:&quot;0&quot;,&quot;copyright&quot;:&quot;&quot;,&quot;focal_length&quot;:&quot;0&quot;,&quot;iso&quot;:&quot;0&quot;,&quot;shutter_speed&quot;:&quot;0&quot;,&quot;title&quot;:&quot;&quot;,&quot;orientation&quot;:&quot;0&quot;}\" data-image-title=\"32518464112_89526cd5a9_z\" data-image-description=\"\" data-image-caption=\"\" data-large-file=\"https:\/\/i0.wp.com\/blogdoprosperi.com\/wp-content\/uploads\/2017\/02\/32518464112_89526cd5a9_z.jpg?fit=640%2C427&amp;ssl=1\" class=\"alignnone size-full wp-image-34941\" src=\"https:\/\/i0.wp.com\/blogdoprosperi.com\/wp-content\/uploads\/2017\/02\/32518464112_89526cd5a9_z.jpg?resize=640%2C427&#038;ssl=1\" alt=\"32518464112_89526cd5a9_z\" width=\"640\" height=\"427\" \/><\/span><\/p>\n<p>Dorival J\u00fanior pensa em promover uma revolu\u00e7\u00e3o no jeito de o Santos jogar. Deu uma pequena mostra na expressiva goleada por 6 a 2 em cima do Linense na abertura do Paulist\u00e3o 2017, nesta sexta-feira (03\/2), na Vila Belmiro. Veja abaixo trecho da entrevista que o treinador concedeu ao <a href=\"http:\/\/www.chuteirafc.com.br\">CHUTEIRA FC,<\/a> um dia antes da estreia do seu time no Campeonato Paulista.<!--more--><\/p>\n<p><strong>No Santos, mesmo sem um t\u00edtulo nacional, voc\u00ea considera seu trabalho bom?<\/strong><br \/>\nSou muito sincero. Nem sempre ganhar um campeonato \u00e9 o maior pr\u00eamio para o profissional. Depois que acabou o Brasileiro, reuni a comiss\u00e3o e falei que esse treinador, e mais aquele, e aquele outro, me ligaram para elogiar o nosso trabalho. Voc\u00ea ouvir de profissionais o que eu ouvi vale mais do que um t\u00edtulo. Um que me marcou foi o Tite. Ele me falou que o trabalho que desenvolvemos aqui \u00e9 mais do que campe\u00e3o. O Santos teve problemas que nenhum outro time teve. Tivemos muitos jogadores convocados para sele\u00e7\u00f5es, mas nem sempre a sa\u00edda deles \u00e9 o pior, a volta tamb\u00e9m \u00e9 um problema. Teve jogador, cujo nome n\u00e3o vou citar, que n\u00e3o se recuperou mais. S\u00f3 vai se recuperar agora, depois da pr\u00e9-temporada. E as pessoas n\u00e3o sabem disso. Falaram que o problema foi termos perdido do Am\u00e9rica-MG, do Internacional e de outros times da parte de baixo da tabela, mas n\u00e3o foi. Para mim, o pior foram esses momentos pontuais em que voc\u00ea demora um pouco para a readapta\u00e7\u00e3o, e a\u00ed deixamos pontos preciosos.<\/p>\n<blockquote><p><strong>Neste ano, o elenco est\u00e1 mais preparado para enfrentar essas situa\u00e7\u00f5es?<\/strong><br \/>\n<span class=\"alignnone\"><img data-recalc-dims=\"1\" loading=\"lazy\" decoding=\"async\" data-attachment-id=\"34940\" data-permalink=\"https:\/\/blogdoprosperi.com\/?attachment_id=34940\" data-orig-file=\"https:\/\/i0.wp.com\/blogdoprosperi.com\/wp-content\/uploads\/2017\/02\/32313952890_608dd01fd6_m.jpg?fit=240%2C159&amp;ssl=1\" data-orig-size=\"240,159\" data-comments-opened=\"1\" data-image-meta=\"{&quot;aperture&quot;:&quot;0&quot;,&quot;credit&quot;:&quot;&quot;,&quot;camera&quot;:&quot;&quot;,&quot;caption&quot;:&quot;&quot;,&quot;created_timestamp&quot;:&quot;0&quot;,&quot;copyright&quot;:&quot;&quot;,&quot;focal_length&quot;:&quot;0&quot;,&quot;iso&quot;:&quot;0&quot;,&quot;shutter_speed&quot;:&quot;0&quot;,&quot;title&quot;:&quot;&quot;,&quot;orientation&quot;:&quot;0&quot;}\" data-image-title=\"32313952890_608dd01fd6_m\" data-image-description=\"\" data-image-caption=\"\" data-large-file=\"https:\/\/i0.wp.com\/blogdoprosperi.com\/wp-content\/uploads\/2017\/02\/32313952890_608dd01fd6_m.jpg?fit=240%2C159&amp;ssl=1\" class=\"alignnone size-full wp-image-34940 alignleft\" src=\"https:\/\/i0.wp.com\/blogdoprosperi.com\/wp-content\/uploads\/2017\/02\/32313952890_608dd01fd6_m.jpg?resize=240%2C159&#038;ssl=1\" alt=\"32313952890_608dd01fd6_m\" width=\"240\" height=\"159\" \/><\/span>N\u00f3s conseguimos em um primeiro momento uma composi\u00e7\u00e3o de elenco, coisa que a gente n\u00e3o tinha. N\u00f3s nunca pudemos dizer que t\u00ednhamos de fato um elenco. \u00c9 uma pena que a gente esteja agora com os zagueiros machucados\u00a0<em>(Luiz Felipe, Gustavo Henrique e David Braz)<\/em>. E \u00e9 um risco que eu tenho de correr, n\u00e3o posso contratar mais um zagueiro, a\u00ed depois eles voltam e eu fico com seis.<\/p><\/blockquote>\n<p><strong>Voc\u00ea tem falado em colocar em pr\u00e1tica alguma ideias ousadas, como jogar com apenas um zagueiro. De onde vem isso?<\/strong><br \/>\n\u00c9 uma ideia que eu sempre tive. Quem definiu que dois zagueiros s\u00e3o necess\u00e1rios no futebol? Por que n\u00e3o cinco meio-campistas? Dizem que o Renato \u00e9 volante, mas quando ele pega a bola \u00e0 frente da \u00e1rea, ele joga como um meia. O Leandro Donizete, quando eu o levei da Ferrovi\u00e1ria para o Coritiba, ele jogava com o Rodrigo Mancha e era o volante que ficava mais avan\u00e7ado, no Atl\u00e9tico foi que passou a atuar mais atr\u00e1s. Ele n\u00e3o tem a caracter\u00edstica do Renato, mas tem outra caracter\u00edstica, mais pr\u00f3xima do Thiago Maia, de combatividade muito pr\u00f3ximo \u00e0 \u00e1rea advers\u00e1ria. De repente eu posso ganhar uma fun\u00e7\u00e3o nova com ele ali, jogando com dois caras de uma agressividade maior de combate.<\/p>\n<p><strong>O Guardiola costuma escalar jogadores que n\u00e3o s\u00e3o da posi\u00e7\u00e3o como zagueiros. Sua ideia \u00e9 a mesma?<\/strong><br \/>\nN\u00e3o, o que eu penso \u00e9 um pouco diferente do que ele faz. Ele coloca dois zagueiros, mas um n\u00e3o \u00e9 da posi\u00e7\u00e3o. A\u00ed, \u00e9 natural que ele ganhe uma sa\u00edda de bola muito consistente. Quando coloquei o Yuri ali, a \u00fanica coisa que eu pedi \u00e9 que ele n\u00e3o fosse um zagueiro. Quando a gente tem a bola, ele tem a obriga\u00e7\u00e3o de jogar mais pr\u00f3ximo do Thiago e do Renato, empurrando os dois mais para o campo do advers\u00e1rio. \u00c9 claro que na perda da bola ele tem de estar pr\u00f3ximo do atacante advers\u00e1rio. Para jogar \u00e9 uma coisa, na perda da posse da bola, \u00e9 outra. Essa \u00e9 a fun\u00e7\u00e3o que eu quero imaginar que eu consiga. Por outro lado, no ano passado fomos o time que menos levou gols de bola parada.<\/p>\n<p>Leia a <a href=\"http:\/\/www.chuteirafc.com.br\/entrevista-dorival-junior-o-futebol-brasileiro-nunca-se-preocupou-com-formacao\/\">entrevista de Dorival J\u00fanior na \u00edntegra<\/a>\u00a0e desfrute do pensamento do treinador do Santos a respeito do seu time e do futebol brasileiro. Imperd\u00edvel.<\/p>\n","protected":false},"excerpt":{"rendered":"<p>Dorival J\u00fanior pensa em promover uma revolu\u00e7\u00e3o no jeito de o Santos jogar. Deu uma pequena mostra na [&hellip;]<\/p>\n","protected":false},"author":102107496,"featured_media":0,"comment_status":"open","ping_status":"open","sticky":false,"template":"","format":"standard","meta":{"_coblocks_attr":"","_coblocks_dimensions":"","_coblocks_responsive_height":"","_coblocks_accordion_ie_support":"","_jetpack_newsletter_access":"","_jetpack_dont_email_post_to_subs":false,"_jetpack_newsletter_tier_id":0,"_jetpack_memberships_contains_paywalled_content":false,"_wpcom_ai_launchpad_first_post":false,"_jetpack_feature_clip_id":0,"_jetpack_memberships_contains_paid_content":false,"footnotes":"","jetpack_publicize_message":"","jetpack_publicize_feature_enabled":true,"jetpack_social_post_already_shared":false,"jetpack_social_options":{"image_generator_settings":{"template":"highway","default_image_id":0,"font":"","enabled":false},"version":2},"jetpack_post_was_ever_published":false},"categories":[53870],"tags":[3066303,789560560,2313775,488177245,2588859],"class_list":["post-34927","post","type-post","status-publish","format-standard","hentry","category-futebol","tag-dorival-junior","tag-futebol","tag-guardiola","tag-paulistao-2017","tag-santos-fc"],"yoast_head":"<!-- This site is optimized with the Yoast SEO plugin v28.3 - https:\/\/yoast.com\/product\/yoast-seo-wordpress\/ -->\n<title>Dorival J\u00fanior prepara uma revolu\u00e7\u00e3o no Santos - PR\u00d3SPERI NEWS<\/title>\n<meta name=\"robots\" content=\"index, follow, max-snippet:-1, max-image-preview:large, max-video-preview:-1\" \/>\n<link rel=\"canonical\" href=\"https:\/\/blogdoprosperi.com\/?p=34927\" \/>\n<meta property=\"og:locale\" content=\"pt_BR\" \/>\n<meta property=\"og:type\" content=\"article\" \/>\n<meta property=\"og:title\" content=\"Dorival J\u00fanior prepara uma revolu\u00e7\u00e3o no Santos - PR\u00d3SPERI NEWS\" \/>\n<meta property=\"og:description\" content=\"Dorival J\u00fanior pensa em promover uma revolu\u00e7\u00e3o no jeito de o Santos jogar. Deu uma pequena mostra na [&hellip;]\" \/>\n<meta property=\"og:url\" content=\"https:\/\/blogdoprosperi.com\/?p=34927\" \/>\n<meta property=\"og:site_name\" content=\"PR\u00d3SPERI NEWS\" \/>\n<meta property=\"article:publisher\" content=\"Luiz Pr\u00f3speri\" \/>\n<meta property=\"article:author\" content=\"Luiz Pr\u00f3speri\" \/>\n<meta property=\"article:published_time\" content=\"2017-02-04T17:55:43+00:00\" \/>\n<meta property=\"article:modified_time\" content=\"2017-02-04T18:14:27+00:00\" \/>\n<meta property=\"og:image\" content=\"https:\/\/blogdoprosperi.com\/wp-content\/uploads\/2017\/02\/32518464112_89526cd5a9_z.jpg\" \/>\n<meta name=\"author\" content=\"Luiz Ant\u00f4nio Pr\u00f3speri\" \/>\n<meta name=\"twitter:card\" content=\"summary_large_image\" \/>\n<meta name=\"twitter:creator\" content=\"@Luizprosperi\" \/>\n<meta name=\"twitter:site\" content=\"@Luizprosperi\" \/>\n<meta name=\"twitter:label1\" content=\"Escrito por\" \/>\n\t<meta name=\"twitter:data1\" content=\"Luiz Ant\u00f4nio Pr\u00f3speri\" \/>\n\t<meta name=\"twitter:label2\" content=\"Est. tempo de leitura\" \/>\n\t<meta name=\"twitter:data2\" content=\"3 minutos\" \/>\n<script type=\"application\/ld+json\" class=\"yoast-schema-graph\">{\"@context\":\"https:\\\/\\\/schema.org\",\"@graph\":[{\"@type\":\"Article\",\"@id\":\"https:\\\/\\\/blogdoprosperi.com\\\/?p=34927#article\",\"isPartOf\":{\"@id\":\"https:\\\/\\\/blogdoprosperi.com\\\/?p=34927\"},\"author\":{\"name\":\"Luiz Ant\u00f4nio Pr\u00f3speri\",\"@id\":\"https:\\\/\\\/blogdoprosperi.com\\\/#\\\/schema\\\/person\\\/38100755ce3601861ee4fab9b5aa78e9\"},\"headline\":\"Dorival J\u00fanior prepara uma revolu\u00e7\u00e3o no Santos\",\"datePublished\":\"2017-02-04T17:55:43+00:00\",\"dateModified\":\"2017-02-04T18:14:27+00:00\",\"mainEntityOfPage\":{\"@id\":\"https:\\\/\\\/blogdoprosperi.com\\\/?p=34927\"},\"wordCount\":694,\"commentCount\":0,\"publisher\":{\"@id\":\"https:\\\/\\\/blogdoprosperi.com\\\/#\\\/schema\\\/person\\\/38100755ce3601861ee4fab9b5aa78e9\"},\"image\":{\"@id\":\"https:\\\/\\\/blogdoprosperi.com\\\/?p=34927#primaryimage\"},\"thumbnailUrl\":\"https:\\\/\\\/blogdoprosperi.com\\\/wp-content\\\/uploads\\\/2017\\\/02\\\/32518464112_89526cd5a9_z.jpg\",\"keywords\":[\"Dorival J\u00fanior\",\"futebol\",\"Guardiola\",\"Paulist\u00e3o 2017\",\"Santos FC\"],\"articleSection\":[\"futebol\"],\"inLanguage\":\"pt-BR\",\"potentialAction\":[{\"@type\":\"CommentAction\",\"name\":\"Comment\",\"target\":[\"https:\\\/\\\/blogdoprosperi.com\\\/?p=34927#respond\"]}]},{\"@type\":\"WebPage\",\"@id\":\"https:\\\/\\\/blogdoprosperi.com\\\/?p=34927\",\"url\":\"https:\\\/\\\/blogdoprosperi.com\\\/?p=34927\",\"name\":\"Dorival J\u00fanior prepara uma revolu\u00e7\u00e3o no Santos - PR\u00d3SPERI NEWS\",\"isPartOf\":{\"@id\":\"https:\\\/\\\/blogdoprosperi.com\\\/#website\"},\"primaryImageOfPage\":{\"@id\":\"https:\\\/\\\/blogdoprosperi.com\\\/?p=34927#primaryimage\"},\"image\":{\"@id\":\"https:\\\/\\\/blogdoprosperi.com\\\/?p=34927#primaryimage\"},\"thumbnailUrl\":\"https:\\\/\\\/blogdoprosperi.com\\\/wp-content\\\/uploads\\\/2017\\\/02\\\/32518464112_89526cd5a9_z.jpg\",\"datePublished\":\"2017-02-04T17:55:43+00:00\",\"dateModified\":\"2017-02-04T18:14:27+00:00\",\"breadcrumb\":{\"@id\":\"https:\\\/\\\/blogdoprosperi.com\\\/?p=34927#breadcrumb\"},\"inLanguage\":\"pt-BR\",\"potentialAction\":[{\"@type\":\"ReadAction\",\"target\":[\"https:\\\/\\\/blogdoprosperi.com\\\/?p=34927\"]}]},{\"@type\":\"ImageObject\",\"inLanguage\":\"pt-BR\",\"@id\":\"https:\\\/\\\/blogdoprosperi.com\\\/?p=34927#primaryimage\",\"url\":\"https:\\\/\\\/i0.wp.com\\\/blogdoprosperi.com\\\/wp-content\\\/uploads\\\/2017\\\/02\\\/32518464112_89526cd5a9_z.jpg?fit=640%2C427&ssl=1\",\"contentUrl\":\"https:\\\/\\\/i0.wp.com\\\/blogdoprosperi.com\\\/wp-content\\\/uploads\\\/2017\\\/02\\\/32518464112_89526cd5a9_z.jpg?fit=640%2C427&ssl=1\",\"width\":640,\"height\":427},{\"@type\":\"BreadcrumbList\",\"@id\":\"https:\\\/\\\/blogdoprosperi.com\\\/?p=34927#breadcrumb\",\"itemListElement\":[{\"@type\":\"ListItem\",\"position\":1,\"name\":\"In\u00edcio\",\"item\":\"https:\\\/\\\/blogdoprosperi.com\\\/\"},{\"@type\":\"ListItem\",\"position\":2,\"name\":\"Dorival J\u00fanior prepara uma revolu\u00e7\u00e3o no Santos\"}]},{\"@type\":\"WebSite\",\"@id\":\"https:\\\/\\\/blogdoprosperi.com\\\/#website\",\"url\":\"https:\\\/\\\/blogdoprosperi.com\\\/\",\"name\":\"PR\u00d3SPERI NEWS\",\"description\":\"TUDO \u00c9  FUTEBOL\",\"publisher\":{\"@id\":\"https:\\\/\\\/blogdoprosperi.com\\\/#\\\/schema\\\/person\\\/38100755ce3601861ee4fab9b5aa78e9\"},\"alternateName\":\"blogdoprosperi.com\",\"potentialAction\":[{\"@type\":\"SearchAction\",\"target\":{\"@type\":\"EntryPoint\",\"urlTemplate\":\"https:\\\/\\\/blogdoprosperi.com\\\/?s={search_term_string}\"},\"query-input\":{\"@type\":\"PropertyValueSpecification\",\"valueRequired\":true,\"valueName\":\"search_term_string\"}}],\"inLanguage\":\"pt-BR\"},{\"@type\":[\"Person\",\"Organization\"],\"@id\":\"https:\\\/\\\/blogdoprosperi.com\\\/#\\\/schema\\\/person\\\/38100755ce3601861ee4fab9b5aa78e9\",\"name\":\"Luiz Ant\u00f4nio Pr\u00f3speri\",\"pronouns\":\"ele\",\"image\":{\"@type\":\"ImageObject\",\"inLanguage\":\"pt-BR\",\"@id\":\"https:\\\/\\\/i0.wp.com\\\/blogdoprosperi.com\\\/wp-content\\\/uploads\\\/2026\\\/05\\\/cropped-8059e613-6002-42fa-961e-8e275f575d71-2-5.jpg?fit=1360%2C931&ssl=1\",\"url\":\"https:\\\/\\\/i0.wp.com\\\/blogdoprosperi.com\\\/wp-content\\\/uploads\\\/2026\\\/05\\\/cropped-8059e613-6002-42fa-961e-8e275f575d71-2-5.jpg?fit=1360%2C931&ssl=1\",\"contentUrl\":\"https:\\\/\\\/i0.wp.com\\\/blogdoprosperi.com\\\/wp-content\\\/uploads\\\/2026\\\/05\\\/cropped-8059e613-6002-42fa-961e-8e275f575d71-2-5.jpg?fit=1360%2C931&ssl=1\",\"width\":1360,\"height\":931,\"caption\":\"Luiz Ant\u00f4nio Pr\u00f3speri\"},\"logo\":{\"@id\":\"https:\\\/\\\/i0.wp.com\\\/blogdoprosperi.com\\\/wp-content\\\/uploads\\\/2026\\\/05\\\/cropped-8059e613-6002-42fa-961e-8e275f575d71-2-5.jpg?fit=1360%2C931&ssl=1\"},\"description\":\"Jornalista com carreira dedicada ao esporte. Cobriu 9 Copas do Mundo in loco, 1990 na It\u00e1lia, 1994 nos EUA, 1998 na Fran\u00e7a, 2002 na Coreia do Sul e Jap\u00e3o, 2006 na Alemanha, 2010 na \u00c1frica do Sul, 2014 no Brasil, 2018 na R\u00fassia e 2022 no Qatar. Eurocopas, 1992 na Su\u00e9cia e 1996 na Inglaterra. Copa das Confedera\u00e7\u00f5es de 2005 na Alemanha e 2009 na \u00c1frica do Sul. Rep\u00f3rter e Editor, trabalhou no Jornal da Tarde e Estad\u00e3o, de 1984 a fevereiro de 2016. Colunista, blogueiro. E comentarista de futebol na R\u00e1dio Estad\u00e3o, de 2013 a fevereiro de 2016. Jornalista respons\u00e1vel do \\\"Pr\u00f3speri News\\\" (blogdoprosperi.com).\",\"sameAs\":[\"http:\\\/\\\/blogdoprosperi.com\",\"Luiz Pr\u00f3speri\",\"@luiz_prosperi\",\"https:\\\/\\\/x.com\\\/Luizprosperi\",\"@prosperinacopa\",\"luiz.prosperi@icloud.com\"],\"url\":\"https:\\\/\\\/blogdoprosperi.com\\\/?author=102107496\"}]}<\/script>\n<!-- \/ Yoast SEO plugin. -->","yoast_head_json":{"title":"Dorival J\u00fanior prepara uma revolu\u00e7\u00e3o no Santos - PR\u00d3SPERI NEWS","robots":{"index":"index","follow":"follow","max-snippet":"max-snippet:-1","max-image-preview":"max-image-preview:large","max-video-preview":"max-video-preview:-1"},"canonical":"https:\/\/blogdoprosperi.com\/?p=34927","og_locale":"pt_BR","og_type":"article","og_title":"Dorival J\u00fanior prepara uma revolu\u00e7\u00e3o no Santos - PR\u00d3SPERI NEWS","og_description":"Dorival J\u00fanior pensa em promover uma revolu\u00e7\u00e3o no jeito de o Santos jogar. Deu uma pequena mostra na [&hellip;]","og_url":"https:\/\/blogdoprosperi.com\/?p=34927","og_site_name":"PR\u00d3SPERI NEWS","article_publisher":"Luiz Pr\u00f3speri","article_author":"Luiz Pr\u00f3speri","article_published_time":"2017-02-04T17:55:43+00:00","article_modified_time":"2017-02-04T18:14:27+00:00","og_image":[{"url":"https:\/\/blogdoprosperi.com\/wp-content\/uploads\/2017\/02\/32518464112_89526cd5a9_z.jpg","type":"","width":"","height":""}],"author":"Luiz Ant\u00f4nio Pr\u00f3speri","twitter_card":"summary_large_image","twitter_creator":"@Luizprosperi","twitter_site":"@Luizprosperi","twitter_misc":{"Escrito por":"Luiz Ant\u00f4nio Pr\u00f3speri","Est. tempo de leitura":"3 minutos"},"schema":{"@context":"https:\/\/schema.org","@graph":[{"@type":"Article","@id":"https:\/\/blogdoprosperi.com\/?p=34927#article","isPartOf":{"@id":"https:\/\/blogdoprosperi.com\/?p=34927"},"author":{"name":"Luiz Ant\u00f4nio Pr\u00f3speri","@id":"https:\/\/blogdoprosperi.com\/#\/schema\/person\/38100755ce3601861ee4fab9b5aa78e9"},"headline":"Dorival J\u00fanior prepara uma revolu\u00e7\u00e3o no Santos","datePublished":"2017-02-04T17:55:43+00:00","dateModified":"2017-02-04T18:14:27+00:00","mainEntityOfPage":{"@id":"https:\/\/blogdoprosperi.com\/?p=34927"},"wordCount":694,"commentCount":0,"publisher":{"@id":"https:\/\/blogdoprosperi.com\/#\/schema\/person\/38100755ce3601861ee4fab9b5aa78e9"},"image":{"@id":"https:\/\/blogdoprosperi.com\/?p=34927#primaryimage"},"thumbnailUrl":"https:\/\/blogdoprosperi.com\/wp-content\/uploads\/2017\/02\/32518464112_89526cd5a9_z.jpg","keywords":["Dorival J\u00fanior","futebol","Guardiola","Paulist\u00e3o 2017","Santos FC"],"articleSection":["futebol"],"inLanguage":"pt-BR","potentialAction":[{"@type":"CommentAction","name":"Comment","target":["https:\/\/blogdoprosperi.com\/?p=34927#respond"]}]},{"@type":"WebPage","@id":"https:\/\/blogdoprosperi.com\/?p=34927","url":"https:\/\/blogdoprosperi.com\/?p=34927","name":"Dorival J\u00fanior prepara uma revolu\u00e7\u00e3o no Santos - PR\u00d3SPERI NEWS","isPartOf":{"@id":"https:\/\/blogdoprosperi.com\/#website"},"primaryImageOfPage":{"@id":"https:\/\/blogdoprosperi.com\/?p=34927#primaryimage"},"image":{"@id":"https:\/\/blogdoprosperi.com\/?p=34927#primaryimage"},"thumbnailUrl":"https:\/\/blogdoprosperi.com\/wp-content\/uploads\/2017\/02\/32518464112_89526cd5a9_z.jpg","datePublished":"2017-02-04T17:55:43+00:00","dateModified":"2017-02-04T18:14:27+00:00","breadcrumb":{"@id":"https:\/\/blogdoprosperi.com\/?p=34927#breadcrumb"},"inLanguage":"pt-BR","potentialAction":[{"@type":"ReadAction","target":["https:\/\/blogdoprosperi.com\/?p=34927"]}]},{"@type":"ImageObject","inLanguage":"pt-BR","@id":"https:\/\/blogdoprosperi.com\/?p=34927#primaryimage","url":"https:\/\/i0.wp.com\/blogdoprosperi.com\/wp-content\/uploads\/2017\/02\/32518464112_89526cd5a9_z.jpg?fit=640%2C427&ssl=1","contentUrl":"https:\/\/i0.wp.com\/blogdoprosperi.com\/wp-content\/uploads\/2017\/02\/32518464112_89526cd5a9_z.jpg?fit=640%2C427&ssl=1","width":640,"height":427},{"@type":"BreadcrumbList","@id":"https:\/\/blogdoprosperi.com\/?p=34927#breadcrumb","itemListElement":[{"@type":"ListItem","position":1,"name":"In\u00edcio","item":"https:\/\/blogdoprosperi.com\/"},{"@type":"ListItem","position":2,"name":"Dorival J\u00fanior prepara uma revolu\u00e7\u00e3o no Santos"}]},{"@type":"WebSite","@id":"https:\/\/blogdoprosperi.com\/#website","url":"https:\/\/blogdoprosperi.com\/","name":"PR\u00d3SPERI NEWS","description":"TUDO \u00c9  FUTEBOL","publisher":{"@id":"https:\/\/blogdoprosperi.com\/#\/schema\/person\/38100755ce3601861ee4fab9b5aa78e9"},"alternateName":"blogdoprosperi.com","potentialAction":[{"@type":"SearchAction","target":{"@type":"EntryPoint","urlTemplate":"https:\/\/blogdoprosperi.com\/?s={search_term_string}"},"query-input":{"@type":"PropertyValueSpecification","valueRequired":true,"valueName":"search_term_string"}}],"inLanguage":"pt-BR"},{"@type":["Person","Organization"],"@id":"https:\/\/blogdoprosperi.com\/#\/schema\/person\/38100755ce3601861ee4fab9b5aa78e9","name":"Luiz Ant\u00f4nio Pr\u00f3speri","pronouns":"ele","image":{"@type":"ImageObject","inLanguage":"pt-BR","@id":"https:\/\/i0.wp.com\/blogdoprosperi.com\/wp-content\/uploads\/2026\/05\/cropped-8059e613-6002-42fa-961e-8e275f575d71-2-5.jpg?fit=1360%2C931&ssl=1","url":"https:\/\/i0.wp.com\/blogdoprosperi.com\/wp-content\/uploads\/2026\/05\/cropped-8059e613-6002-42fa-961e-8e275f575d71-2-5.jpg?fit=1360%2C931&ssl=1","contentUrl":"https:\/\/i0.wp.com\/blogdoprosperi.com\/wp-content\/uploads\/2026\/05\/cropped-8059e613-6002-42fa-961e-8e275f575d71-2-5.jpg?fit=1360%2C931&ssl=1","width":1360,"height":931,"caption":"Luiz Ant\u00f4nio Pr\u00f3speri"},"logo":{"@id":"https:\/\/i0.wp.com\/blogdoprosperi.com\/wp-content\/uploads\/2026\/05\/cropped-8059e613-6002-42fa-961e-8e275f575d71-2-5.jpg?fit=1360%2C931&ssl=1"},"description":"Jornalista com carreira dedicada ao esporte. Cobriu 9 Copas do Mundo in loco, 1990 na It\u00e1lia, 1994 nos EUA, 1998 na Fran\u00e7a, 2002 na Coreia do Sul e Jap\u00e3o, 2006 na Alemanha, 2010 na \u00c1frica do Sul, 2014 no Brasil, 2018 na R\u00fassia e 2022 no Qatar. Eurocopas, 1992 na Su\u00e9cia e 1996 na Inglaterra. Copa das Confedera\u00e7\u00f5es de 2005 na Alemanha e 2009 na \u00c1frica do Sul. Rep\u00f3rter e Editor, trabalhou no Jornal da Tarde e Estad\u00e3o, de 1984 a fevereiro de 2016. Colunista, blogueiro. E comentarista de futebol na R\u00e1dio Estad\u00e3o, de 2013 a fevereiro de 2016. Jornalista respons\u00e1vel do \"Pr\u00f3speri News\" (blogdoprosperi.com).","sameAs":["http:\/\/blogdoprosperi.com","Luiz Pr\u00f3speri","@luiz_prosperi","https:\/\/x.com\/Luizprosperi","@prosperinacopa","luiz.prosperi@icloud.com"],"url":"https:\/\/blogdoprosperi.com\/?author=102107496"}]}},"jetpack_publicize_connections":[],"jetpack_likes_enabled":false,"jetpack_sharing_enabled":true,"jetpack_shortlink":"https:\/\/wp.me\/p7jvdk-95l","jetpack-related-posts":[{"id":2380,"url":"https:\/\/blogdoprosperi.com\/?p=2380","url_meta":{"origin":34927,"position":0},"title":"Santos vai \u00e0 final com Vanderlei em tarde de Fernando Prass","author":"Luiz Ant\u00f4nio Pr\u00f3speri","date":"24 de abril de 2016","format":false,"excerpt":"Dorival J\u00fanior vacila nos minutos finais e quase cai na Vila Belmiro na decis\u00e3o das semifinais contra o Palmeiras. Derrotado, Cuca promete enxugar o elenco no Brasileir\u00e3o-2016 Chegar \u00e0 oitava final seguida de Campeonato Paulista n\u00e3o \u00e9 para qualquer um. O Santos conseguiu essa fa\u00e7anha ao derrotar o Palmeiras na\u2026","rel":"","context":"Em &quot;futebol&quot;","block_context":{"text":"futebol","link":"https:\/\/blogdoprosperi.com\/?cat=53870"},"img":{"alt_text":"","src":"https:\/\/i0.wp.com\/blogdoprosperi.com\/wp-content\/uploads\/2016\/04\/pro-2.jpg?resize=350%2C200&ssl=1","width":350,"height":200,"srcset":"https:\/\/i0.wp.com\/blogdoprosperi.com\/wp-content\/uploads\/2016\/04\/pro-2.jpg?resize=350%2C200&ssl=1 1x, https:\/\/i0.wp.com\/blogdoprosperi.com\/wp-content\/uploads\/2016\/04\/pro-2.jpg?resize=525%2C300&ssl=1 1.5x, https:\/\/i0.wp.com\/blogdoprosperi.com\/wp-content\/uploads\/2016\/04\/pro-2.jpg?resize=700%2C400&ssl=1 2x, https:\/\/i0.wp.com\/blogdoprosperi.com\/wp-content\/uploads\/2016\/04\/pro-2.jpg?resize=1050%2C600&ssl=1 3x, https:\/\/i0.wp.com\/blogdoprosperi.com\/wp-content\/uploads\/2016\/04\/pro-2.jpg?resize=1400%2C800&ssl=1 4x"},"classes":[]},{"id":29338,"url":"https:\/\/blogdoprosperi.com\/?p=29338","url_meta":{"origin":34927,"position":1},"title":"Queda do Santos na Copa Brasil deixa Dorival J\u00fanior pressionado","author":"Luiz Ant\u00f4nio Pr\u00f3speri","date":"19 de outubro de 2016","format":false,"excerpt":"Santos n\u00e3o emplaca uma conquista de peso com Dorival J\u00fanior, nesta volta do treinador ao clube. Leva o Campeonato Paulista e morre nos torneios nacionais. No Brasileir\u00e3o 2016, est\u00e1 longe e n\u00e3o alcan\u00e7a o l\u00edder Palmeiras, nem consegue ficar entre os tr\u00eas primeiros. E, na Copa do Brasil, acaba de\u2026","rel":"","context":"Em &quot;futebol&quot;","block_context":{"text":"futebol","link":"https:\/\/blogdoprosperi.com\/?cat=53870"},"img":{"alt_text":"","src":"https:\/\/i0.wp.com\/blogdoprosperi.com\/wp-content\/uploads\/2016\/10\/22571653961_9de8c1dc1e_b.jpg?resize=350%2C200&ssl=1","width":350,"height":200,"srcset":"https:\/\/i0.wp.com\/blogdoprosperi.com\/wp-content\/uploads\/2016\/10\/22571653961_9de8c1dc1e_b.jpg?resize=350%2C200&ssl=1 1x, https:\/\/i0.wp.com\/blogdoprosperi.com\/wp-content\/uploads\/2016\/10\/22571653961_9de8c1dc1e_b.jpg?resize=525%2C300&ssl=1 1.5x"},"classes":[]},{"id":34969,"url":"https:\/\/blogdoprosperi.com\/?p=34969","url_meta":{"origin":34927,"position":2},"title":"Santos impressiona, Palmeiras e Corinthians n\u00e3o encantam e S\u00e3o Paulo patina na estreia","author":"Luiz Ant\u00f4nio Pr\u00f3speri","date":"6 de fevereiro de 2017","format":false,"excerpt":"Rodada de abertura do Paulist\u00e3o 2017 deixa claro a disparidade entre as quatro grandes for\u00e7as do campeonato. Santos se imp\u00f4s com uma arrojada nova proposta de jogo. Palmeiras lutou muito para vencer em casa. Corinthians deu um passo como se n\u00e3o tivesse sa\u00eddo do lugar. E o S\u00e3o Paulo\u2026. Rog\u00e9rio\u2026","rel":"","context":"Em &quot;futebol&quot;","block_context":{"text":"futebol","link":"https:\/\/blogdoprosperi.com\/?cat=53870"},"img":{"alt_text":"32571089791_bf779395d6_z","src":"https:\/\/i0.wp.com\/www.chuteirafc.com.br\/wp-content\/uploads\/2017\/02\/32571089791_bf779395d6_z.jpg?resize=350%2C200","width":350,"height":200,"srcset":"https:\/\/i0.wp.com\/www.chuteirafc.com.br\/wp-content\/uploads\/2017\/02\/32571089791_bf779395d6_z.jpg?resize=350%2C200 1x, https:\/\/i0.wp.com\/www.chuteirafc.com.br\/wp-content\/uploads\/2017\/02\/32571089791_bf779395d6_z.jpg?resize=525%2C300 1.5x"},"classes":[]},{"id":18301,"url":"https:\/\/blogdoprosperi.com\/?p=18301","url_meta":{"origin":34927,"position":3},"title":"Santos supera Cruzeiro e seu treinador credencia time na corrida pelo t\u00edtulo","author":"Luiz Ant\u00f4nio Pr\u00f3speri","date":"31 de julho de 2016","format":false,"excerpt":"Dorival J\u00fanior projeta o Santos na briga pelo t\u00edtulo do Campeonato Brasileiro se n\u00e3o perder seus principais jogadores na janela de transfer\u00eancia, com fechamento no dia 30 de agosto. O treinador admitiu essa possibilidade logo ap\u00f3s a vit\u00f3ria do seu time diante do Cruzeiro por 2 a 0 neste domingo\u2026","rel":"","context":"Em &quot;Campeonato Brasileiro&quot;","block_context":{"text":"Campeonato Brasileiro","link":"https:\/\/blogdoprosperi.com\/?cat=355071"},"img":{"alt_text":"","src":"https:\/\/i0.wp.com\/blogdoprosperi.com\/wp-content\/uploads\/2016\/07\/santos-x-cruzeiro_fxzs9qlo0f721aa57xtfhbmga.jpg?resize=350%2C200&ssl=1","width":350,"height":200,"srcset":"https:\/\/i0.wp.com\/blogdoprosperi.com\/wp-content\/uploads\/2016\/07\/santos-x-cruzeiro_fxzs9qlo0f721aa57xtfhbmga.jpg?resize=350%2C200&ssl=1 1x, https:\/\/i0.wp.com\/blogdoprosperi.com\/wp-content\/uploads\/2016\/07\/santos-x-cruzeiro_fxzs9qlo0f721aa57xtfhbmga.jpg?resize=525%2C300&ssl=1 1.5x"},"classes":[]},{"id":48898,"url":"https:\/\/blogdoprosperi.com\/?p=48898","url_meta":{"origin":34927,"position":4},"title":"#Cr\u00f4nicaSab\u00e1tica #17 | Neymar Sim, Neymar N\u00e3o e o &#8216;Juiz Ladr\u00e3o&#8217;","author":"Luiz Ant\u00f4nio Pr\u00f3speri","date":"15 de mar\u00e7o de 2025","format":false,"excerpt":"Luiz Ant\u00f4nio Pr\u00f3speri \u2013 15 mar\u00e7o (09h45) \u2013 Neymar abre a semana no domingo passado, dia 9, chorando nos vesti\u00e1rios da Neo Qu\u00edmica Arena, pouco antes de Corinthians vs Santos, valendo vaga na final do Paulist\u00e3o. L\u00e1grimas por um \"desconforto\" no m\u00fasculo da coxa esquerda. Estava impedido de entrar em\u2026","rel":"","context":"Em &quot;futebol&quot;","block_context":{"text":"futebol","link":"https:\/\/blogdoprosperi.com\/?cat=53870"},"img":{"alt_text":"neymar sim, neymar n\u00e3o","src":"https:\/\/i0.wp.com\/blogdoprosperi.com\/wp-content\/uploads\/2022\/11\/52534316743_e5ca84d055_c-1.jpg?fit=799%2C533&ssl=1&resize=350%2C200","width":350,"height":200,"srcset":"https:\/\/i0.wp.com\/blogdoprosperi.com\/wp-content\/uploads\/2022\/11\/52534316743_e5ca84d055_c-1.jpg?fit=799%2C533&ssl=1&resize=350%2C200 1x, https:\/\/i0.wp.com\/blogdoprosperi.com\/wp-content\/uploads\/2022\/11\/52534316743_e5ca84d055_c-1.jpg?fit=799%2C533&ssl=1&resize=525%2C300 1.5x, https:\/\/i0.wp.com\/blogdoprosperi.com\/wp-content\/uploads\/2022\/11\/52534316743_e5ca84d055_c-1.jpg?fit=799%2C533&ssl=1&resize=700%2C400 2x"},"classes":[]},{"id":4492,"url":"https:\/\/blogdoprosperi.com\/?p=4492","url_meta":{"origin":34927,"position":5},"title":"Santos estende seu reinado no futebol paulista e o corajoso Audax vai virar p\u00f3","author":"Luiz Ant\u00f4nio Pr\u00f3speri","date":"8 de maio de 2016","format":false,"excerpt":"O Santos chegou ao seu 22.\u00ba t\u00edtulo paulista jogando como um time pequeno contra o modesto, mas corajoso, Osasco Audax ao vencer por 1 a 0 na Vila Belmiro neste domingo. Diante de um advers\u00e1rio que gosta de grudar a bola no p\u00e9, jogou na retranca desde os 25 minutos\u2026","rel":"","context":"Em &quot;futebol&quot;","block_context":{"text":"futebol","link":"https:\/\/blogdoprosperi.com\/?cat=53870"},"img":{"alt_text":"","src":"https:\/\/i0.wp.com\/blogdoprosperi.com\/wp-content\/uploads\/2016\/05\/gol_ricardo_oliveira_santos_audax.jpg?resize=350%2C200&ssl=1","width":350,"height":200,"srcset":"https:\/\/i0.wp.com\/blogdoprosperi.com\/wp-content\/uploads\/2016\/05\/gol_ricardo_oliveira_santos_audax.jpg?resize=350%2C200&ssl=1 1x, https:\/\/i0.wp.com\/blogdoprosperi.com\/wp-content\/uploads\/2016\/05\/gol_ricardo_oliveira_santos_audax.jpg?resize=525%2C300&ssl=1 1.5x"},"classes":[]}],"jetpack_featured_media_url":"","_links":{"self":[{"href":"https:\/\/blogdoprosperi.com\/index.php?rest_route=\/wp\/v2\/posts\/34927","targetHints":{"allow":["GET"]}}],"collection":[{"href":"https:\/\/blogdoprosperi.com\/index.php?rest_route=\/wp\/v2\/posts"}],"about":[{"href":"https:\/\/blogdoprosperi.com\/index.php?rest_route=\/wp\/v2\/types\/post"}],"author":[{"embeddable":true,"href":"https:\/\/blogdoprosperi.com\/index.php?rest_route=\/wp\/v2\/users\/102107496"}],"replies":[{"embeddable":true,"href":"https:\/\/blogdoprosperi.com\/index.php?rest_route=%2Fwp%2Fv2%2Fcomments&post=34927"}],"version-history":[{"count":22,"href":"https:\/\/blogdoprosperi.com\/index.php?rest_route=\/wp\/v2\/posts\/34927\/revisions"}],"predecessor-version":[{"id":34951,"href":"https:\/\/blogdoprosperi.com\/index.php?rest_route=\/wp\/v2\/posts\/34927\/revisions\/34951"}],"wp:attachment":[{"href":"https:\/\/blogdoprosperi.com\/index.php?rest_route=%2Fwp%2Fv2%2Fmedia&parent=34927"}],"wp:term":[{"taxonomy":"category","embeddable":true,"href":"https:\/\/blogdoprosperi.com\/index.php?rest_route=%2Fwp%2Fv2%2Fcategories&post=34927"},{"taxonomy":"post_tag","embeddable":true,"href":"https:\/\/blogdoprosperi.com\/index.php?rest_route=%2Fwp%2Fv2%2Ftags&post=34927"}],"curies":[{"name":"wp","href":"https:\/\/api.w.org\/{rel}","templated":true}]}}