{"id":34994,"date":"2017-02-09T23:46:59","date_gmt":"2017-02-10T01:46:59","guid":{"rendered":"http:\/\/blogdoprosperi.com\/?p=34994"},"modified":"2017-02-09T23:47:00","modified_gmt":"2017-02-10T01:47:00","slug":"sao-paulo-despeja-r-40-milhoes-em-lucas-pratto-na-esperanca-de-gols-e-votos-ao-presidente","status":"publish","type":"post","link":"https:\/\/blogdoprosperi.com\/?p=34994","title":{"rendered":"S\u00e3o Paulo despeja R$ 40 milh\u00f5es em Lucas Pratto na esperan\u00e7a de gols e votos ao presidente"},"content":{"rendered":"<p style=\"text-align:justify;\"><span class=\"alignnone\"><img data-recalc-dims=\"1\" loading=\"lazy\" decoding=\"async\" data-attachment-id=\"33055\" data-permalink=\"https:\/\/blogdoprosperi.com\/?attachment_id=33055\" data-orig-file=\"https:\/\/i0.wp.com\/blogdoprosperi.com\/wp-content\/uploads\/2016\/11\/pratto.jpg?fit=2048%2C1365&amp;ssl=1\" data-orig-size=\"2048,1365\" data-comments-opened=\"1\" data-image-meta=\"{&quot;aperture&quot;:&quot;0&quot;,&quot;credit&quot;:&quot;&quot;,&quot;camera&quot;:&quot;&quot;,&quot;caption&quot;:&quot;&quot;,&quot;created_timestamp&quot;:&quot;0&quot;,&quot;copyright&quot;:&quot;&quot;,&quot;focal_length&quot;:&quot;0&quot;,&quot;iso&quot;:&quot;0&quot;,&quot;shutter_speed&quot;:&quot;0&quot;,&quot;title&quot;:&quot;&quot;,&quot;orientation&quot;:&quot;0&quot;}\" data-image-title=\"pratto\" data-image-description=\"\" data-image-caption=\"\" data-large-file=\"https:\/\/i0.wp.com\/blogdoprosperi.com\/wp-content\/uploads\/2016\/11\/pratto.jpg?fit=940%2C627&amp;ssl=1\" class=\"alignnone size-full wp-image-33055\" src=\"https:\/\/i0.wp.com\/blogdoprosperi.com\/wp-content\/uploads\/2016\/11\/pratto.jpg?resize=940%2C627&#038;ssl=1\" alt=\"pratto\" width=\"940\" height=\"627\" \/><\/span><\/p>\n<p style=\"text-align:justify;\">S\u00e3o Paulo fechou a contrata\u00e7\u00e3o de Lucas Pratto neste in\u00edcio de noite de quinta-feira (09\/2). Vai pagar cerca de R$ 40 milh\u00f5es ao Atl\u00e9tico-MG por 100% dos direitos do atacante argentino \u2013 65% \u00e0 vista e 35% divididos em tr\u00eas parcelas. O Atl\u00e9tico ter\u00e1 direito ainda a 15% em eventual futura venda ao mercado europeu nesta temporada de 2017 e na de 2018. Trata-se de\u00a0uma das mais caras negocia\u00e7\u00f5es entre clubes brasileiros. Daniel Nepomuceno, presidente do Galo, disse que \u00e9 a segunda maior transa\u00e7\u00e3o da hist\u00f3ria do Atletico-MG. Bom para o clube mineiro, que refor\u00e7a o caixa, e \u00f3timo ao S\u00e3o Paulo, que compra gols e aumenta cacife do presidente Leco nas elei\u00e7\u00f5es em abril.<!--more--><\/p>\n<p style=\"text-align:justify;\">Pratto e o volante Jucilei ser\u00e3o apresentados neste domingo antes do jogo contra a Ponte Preta no Morumbi na segunda rodada do\u00a0<a href=\"http:\/\/www.chuteirafc.com.br\/analise-santos-sobra-palmeiras-e-corinthians-se-salvam-e-sao-paulo-decepciona\/\">Campeonato Paulista<\/a>.<\/p>\n<blockquote>\n<h2>&#8220;Eu havia comentado que se chegasse uma proposta importante para o clube e para mim, eu deixaria o Atl\u00e9tico-MG. Infelizmente n\u00e3o veio nenhuma da Europa e chegou uma de um clube brasileiro. O Atl\u00e9tico tem grandes atacantes e n\u00e3o vai sentir a minha sa\u00edda&#8221;, disse Pratto na despedida, poucos minutos antes da partida entre o time mineiro e o Joinville, pela Primeira Liga, nesta quinta-feira em Belo Horizonte.<\/h2>\n<\/blockquote>\n<p style=\"text-align:justify;\">A chegada de Pratto resolve<a href=\"http:\/\/www.chuteirafc.com.br\/mercado-destino-de-lyanco-pode-depender-de-tribunal-na-suica\/\">\u00a0um grande problema de Rogerio Ceni<\/a>, que implorava por um goleador de alta patente. O treinador ainda espera por um atacante de velocidade. Por enquanto, conta apenas com Wellington Nem, Luiz Ara\u00fajo e Neilton ap\u00f3s a venda de David Neres aos Ajax, da Holanda.<\/p>\n<div class=\"jetpack-video-wrapper\"><span class=\"embed-youtube\" style=\"text-align:center; display: block;\"><iframe loading=\"lazy\" class=\"youtube-player\" width=\"940\" height=\"529\" src=\"https:\/\/www.youtube.com\/embed\/37AhEUHehEQ?version=3&#038;rel=1&#038;showsearch=0&#038;showinfo=1&#038;iv_load_policy=1&#038;fs=1&#038;hl=pt-BR&#038;autohide=2&#038;wmode=transparent\" allowfullscreen=\"true\" style=\"border:0;\" sandbox=\"allow-scripts allow-same-origin allow-popups allow-presentation allow-popups-to-escape-sandbox\"><\/iframe><\/span><\/div>\n<p style=\"text-align:justify;\"><strong>INTERESSES M\u00daTUOS<\/strong><\/p>\n<p style=\"text-align:justify;\">S\u00e3o Paulo precisava de um jogador de peso, de nome no mercado. Uma contrata\u00e7\u00e3o para provocar impacto no time de Rogerio Ceni e refor\u00e7ar os alicerces da candidatura do atual presidente Carlos Augusto de Barros e Silva (Leco) \u00e0 reelei\u00e7\u00e3o no comando do clube. Lucas Pratto precisava de um time onde se sentiria rei sem concorr\u00eancia e, perfeito, ficaria em evid\u00eancia aos olhos de Edgardo Bauza, t\u00e9cnico da Sele\u00e7\u00e3o Argentina. Essa conjun\u00e7\u00e3o de interesses levou Pratto ao Morumbi.<\/p>\n<p style=\"text-align:justify;\">A uni\u00e3o entre o atacante argentino e o clube paulista seria vi\u00e1vel desde que o S\u00e3o Paulo tivesse dinheiro para bancar a brincadeira. Aconteceu.\u00a0<a href=\"http:\/\/www.chuteirafc.com.br\/mercado-sao-paulo-vende-david-neres-e-frustra-ceni\/\">A venda de David Neres por R$ 50 milh\u00f5es ao Ajax\u00a0<\/a>e mais a prov\u00e1vel sa\u00edda do zagueiro Lyanco ao Atl\u00e9tico de Madrid ou Juventus estufam os cofres do clube paulista sob os cuidados de Leco. Com essa grana j\u00e1 dava para pensar grande.<\/p>\n<p style=\"text-align:justify;\"><img data-recalc-dims=\"1\" loading=\"lazy\" decoding=\"async\" data-attachment-id=\"14437\" data-permalink=\"https:\/\/blogdoprosperi.com\/?attachment_id=14437\" data-orig-file=\"https:\/\/i0.wp.com\/blogdoprosperi.com\/wp-content\/uploads\/2016\/07\/leco-3.jpg?fit=800%2C515&amp;ssl=1\" data-orig-size=\"800,515\" data-comments-opened=\"1\" data-image-meta=\"{&quot;aperture&quot;:&quot;0&quot;,&quot;credit&quot;:&quot;&quot;,&quot;camera&quot;:&quot;&quot;,&quot;caption&quot;:&quot;&quot;,&quot;created_timestamp&quot;:&quot;0&quot;,&quot;copyright&quot;:&quot;&quot;,&quot;focal_length&quot;:&quot;0&quot;,&quot;iso&quot;:&quot;0&quot;,&quot;shutter_speed&quot;:&quot;0&quot;,&quot;title&quot;:&quot;&quot;,&quot;orientation&quot;:&quot;0&quot;}\" data-image-title=\"leco-3\" data-image-description=\"\" data-image-caption=\"\" data-large-file=\"https:\/\/i0.wp.com\/blogdoprosperi.com\/wp-content\/uploads\/2016\/07\/leco-3.jpg?fit=800%2C515&amp;ssl=1\" class=\"  wp-image-14437 alignright\" src=\"https:\/\/i0.wp.com\/blogdoprosperi.com\/wp-content\/uploads\/2016\/07\/leco-3.jpg?resize=368%2C237&#038;ssl=1\" alt=\"leco-3\" width=\"368\" height=\"237\" \/>Leco tinha de agir, e r\u00e1pido. Na condi\u00e7\u00e3o de presidente e candidato a mais um mandato, enfrenta um tiroteio alucinado nos bastidores pol\u00edticos do clube com a proximidade das elei\u00e7\u00f5es previstas para segunda quinzena de abril. Vai medir for\u00e7as com Roberto Natel, ex-vice da diretoria do pr\u00f3prio Leco, e Jos\u00e9 Eduardo Mesquita Pimenta, de 78 anos, representante da oposi\u00e7\u00e3o.<\/p>\n<p style=\"text-align:justify;\">Pimenta promete infernizar Leco na campanha. Ele tenta voltar ao poder depois de 26 anos de sua sa\u00edda do Morumbi. Absoluto no comando, de 1990 a 1994, quando conquistou a Libertadores e o bi Mundial com Tel\u00ea Santana regendo o time, tamb\u00e9m foi marcado com acusa\u00e7\u00e3o de ter levado propina na venda de Mario Tilico ao Logro\u00f1es, da Espanha.<\/p>\n<p style=\"text-align:justify;\">Neste cen\u00e1rio de guerra pol\u00edtica, Leco precisava fortalecer o time de futebol e dar guarida a Rogerio Ceni, sua grande aposta na colheita esportiva e pol\u00edtica. Lucas Pratto apareceu. Uma tacada e tanto, a despeito dos R$ 40 milh\u00f5es depositados na conta do Atl\u00e9tico.<\/p>\n<p style=\"text-align:justify;\"><strong>A FOR\u00c7A DE FRED<\/strong><\/p>\n<p style=\"text-align:justify;\"><a href=\"http:\/\/www.chuteirafc.com.br\/opiniao-atacantes-de-clubes-brasileiros-nao-falam-portugues\/\">O argentino andava incomodado no Atl\u00e9tico-MG na condi\u00e7\u00e3o de reserva de Fred<\/a>\u00a0em 2016. Percebeu que Roger Machado n\u00e3o o escalaria ao lado do famoso atacante em 2017. Era um ou outro. Como se diz nos bastidores do clube mineiro, Fred na reserva derruba at\u00e9 presidente. O jeito era o argentino ir embora. Assim, Roger resolveria a encrenca e Pratto continuaria nos holofotes em outra freguesia.<\/p>\n<p style=\"text-align:justify;\">Pratto havia rejeitado uma transfer\u00eancia ao futebol da China, coisa de 15 milh\u00f5es de euros, justamente para n\u00e3o ficar longe de Bauza e, por tabela, da Sele\u00e7\u00e3o Argentina.<\/p>\n<p style=\"text-align:justify;\"><span class=\"alignnone\"><img data-recalc-dims=\"1\" loading=\"lazy\" decoding=\"async\" data-attachment-id=\"3477\" data-permalink=\"https:\/\/blogdoprosperi.com\/?attachment_id=3477\" data-orig-file=\"https:\/\/i0.wp.com\/blogdoprosperi.com\/wp-content\/uploads\/2016\/05\/michel-bastos-comemora-primeiro-gol-do-sao-paulo-contra-o-toluca-no-morumbi-1461895618182_956x500.jpg?fit=956%2C500&amp;ssl=1\" data-orig-size=\"956,500\" data-comments-opened=\"1\" data-image-meta=\"{&quot;aperture&quot;:&quot;0&quot;,&quot;credit&quot;:&quot;&quot;,&quot;camera&quot;:&quot;&quot;,&quot;caption&quot;:&quot;&quot;,&quot;created_timestamp&quot;:&quot;0&quot;,&quot;copyright&quot;:&quot;&quot;,&quot;focal_length&quot;:&quot;0&quot;,&quot;iso&quot;:&quot;0&quot;,&quot;shutter_speed&quot;:&quot;0&quot;,&quot;title&quot;:&quot;&quot;,&quot;orientation&quot;:&quot;0&quot;}\" data-image-title=\"michel-bastos-comemora-primeiro-gol-do-sao-paulo-contra-o-toluca-no-morumbi-1461895618182_956x500\" data-image-description=\"\" data-image-caption=\"\" data-large-file=\"https:\/\/i0.wp.com\/blogdoprosperi.com\/wp-content\/uploads\/2016\/05\/michel-bastos-comemora-primeiro-gol-do-sao-paulo-contra-o-toluca-no-morumbi-1461895618182_956x500.jpg?fit=940%2C492&amp;ssl=1\" class=\"alignnone size-full wp-image-3477\" src=\"https:\/\/i0.wp.com\/www.chuteirafc.com.br\/wp-content\/uploads\/2017\/02\/DSC_0853_crop_galeria.jpg?resize=800%2C515\" alt=\"dsc_0853_crop_galeria\" width=\"800\" height=\"515\" \/><\/span><\/p>\n<p style=\"text-align:justify;\">Restava convencer o comando do Atl\u00e9tico-MG a fazer uma negocia\u00e7\u00e3o dom\u00e9stica. O clube de Minas concordou, desde que n\u00e3o a um concorrente direto na Copa Libertadores e que pagasse 12 milh\u00f5es de euros (R$ 40 milh\u00f5es).<\/p>\n<p style=\"text-align:justify;\">Atl\u00e9tico desembolsou 3 milh\u00f5es de euros (R$ 10,02 milh\u00f5es) h\u00e1 dois anos e, na transa\u00e7\u00e3o, ficou acertado um repasse de 20% de uma eventual venda ao Velez Sarsfield, desde que o valor da venda fosse superior aos 3 milh\u00f5es de euros pagos pelo Atl\u00e9tico. Dessa forma n\u00e3o seria interessante ao clube mineiro vender fatias dos direitos de Pratto e sim a totalidade. A proposta do Tricolor paulista cumpriu com todos requisitos.<\/p>\n<p style=\"text-align:justify;\">Rogerio Ceni esperava por Pratto para acabar com agonia da carestia de gols. N\u00e3o por acaso, o S\u00e3o Paulo sofreu muito com a falta de gols contra o Moto Clube em S\u00e3o Lu\u00eds (Maranh\u00e3o), em jogo \u00fanico da primeira fase da Copa do Brasil nesta quinta-feira de boas not\u00edcias ao torcedor s\u00e3o-paulino. O treinador tinha Gilberto \u00e0 disposi\u00e7\u00e3o, autor do gol da classifica\u00e7\u00e3o contra o Moto. Ceni pedia um camisa 9 a Leco.<\/p>\n<p style=\"text-align:justify;\">Ceni sabe muito bem que seu time \u00e9 fraco e tinha car\u00eancia urgente de uma refer\u00eancia, de prefer\u00eancia que soubesse embalar as redes. Pratto \u00e9 a solu\u00e7\u00e3o. Ele j\u00e1est\u00e1 entre os tricolores.<\/p>\n<p style=\"text-align:justify;\">(<a href=\"http:\/\/www.chuteirafc.com.br\">texto publicado no CHUTEIRA FC)<\/a><\/p>\n","protected":false},"excerpt":{"rendered":"<p>S\u00e3o Paulo fechou a contrata\u00e7\u00e3o de Lucas Pratto neste in\u00edcio de noite de quinta-feira (09\/2). Vai pagar cerca [&hellip;]<\/p>\n","protected":false},"author":102107496,"featured_media":0,"comment_status":"open","ping_status":"open","sticky":false,"template":"","format":"standard","meta":{"_coblocks_attr":"","_coblocks_dimensions":"","_coblocks_responsive_height":"","_coblocks_accordion_ie_support":"","_jetpack_newsletter_access":"","_jetpack_dont_email_post_to_subs":false,"_jetpack_newsletter_tier_id":0,"_jetpack_memberships_contains_paywalled_content":false,"_wpcom_ai_launchpad_first_post":false,"_jetpack_feature_clip_id":0,"_jetpack_memberships_contains_paid_content":false,"footnotes":"","jetpack_publicize_message":"","jetpack_publicize_feature_enabled":true,"jetpack_social_post_already_shared":false,"jetpack_social_options":{"image_generator_settings":{"template":"highway","default_image_id":0,"font":"","enabled":false},"version":2},"jetpack_post_was_ever_published":false},"categories":[53870],"tags":[366291,789560560,51486930,527567775,1181872,972018],"class_list":["post-34994","post","type-post","status-publish","format-standard","hentry","category-futebol","tag-atletico-mg","tag-futebol","tag-lucas-pratto","tag-presidente-leco","tag-rogerio-ceni","tag-sao-paulo-fc"],"yoast_head":"<!-- This site is optimized with the Yoast SEO plugin v28.3 - https:\/\/yoast.com\/product\/yoast-seo-wordpress\/ -->\n<title>S\u00e3o Paulo despeja R$ 40 milh\u00f5es em Lucas Pratto na esperan\u00e7a de gols e votos ao presidente - PR\u00d3SPERI NEWS<\/title>\n<meta name=\"robots\" content=\"index, follow, max-snippet:-1, max-image-preview:large, max-video-preview:-1\" \/>\n<link rel=\"canonical\" href=\"https:\/\/blogdoprosperi.com\/?p=34994\" \/>\n<meta property=\"og:locale\" content=\"pt_BR\" \/>\n<meta property=\"og:type\" content=\"article\" \/>\n<meta property=\"og:title\" content=\"S\u00e3o Paulo despeja R$ 40 milh\u00f5es em Lucas Pratto na esperan\u00e7a de gols e votos ao presidente - PR\u00d3SPERI NEWS\" \/>\n<meta property=\"og:description\" content=\"S\u00e3o Paulo fechou a contrata\u00e7\u00e3o de Lucas Pratto neste in\u00edcio de noite de quinta-feira (09\/2). Vai pagar cerca [&hellip;]\" \/>\n<meta property=\"og:url\" content=\"https:\/\/blogdoprosperi.com\/?p=34994\" \/>\n<meta property=\"og:site_name\" content=\"PR\u00d3SPERI NEWS\" \/>\n<meta property=\"article:publisher\" content=\"Luiz Pr\u00f3speri\" \/>\n<meta property=\"article:author\" content=\"Luiz Pr\u00f3speri\" \/>\n<meta property=\"article:published_time\" content=\"2017-02-10T01:46:59+00:00\" \/>\n<meta property=\"article:modified_time\" content=\"2017-02-10T01:47:00+00:00\" \/>\n<meta property=\"og:image\" content=\"https:\/\/blogdoprosperi.com\/wp-content\/uploads\/2016\/11\/pratto.jpg\" \/>\n<meta name=\"author\" content=\"Luiz Ant\u00f4nio Pr\u00f3speri\" \/>\n<meta name=\"twitter:card\" content=\"summary_large_image\" \/>\n<meta name=\"twitter:creator\" content=\"@Luizprosperi\" \/>\n<meta name=\"twitter:site\" content=\"@Luizprosperi\" \/>\n<meta name=\"twitter:label1\" content=\"Escrito por\" \/>\n\t<meta name=\"twitter:data1\" content=\"Luiz Ant\u00f4nio Pr\u00f3speri\" \/>\n\t<meta name=\"twitter:label2\" content=\"Est. tempo de leitura\" \/>\n\t<meta name=\"twitter:data2\" content=\"5 minutos\" \/>\n<script type=\"application\/ld+json\" class=\"yoast-schema-graph\">{\"@context\":\"https:\\\/\\\/schema.org\",\"@graph\":[{\"@type\":\"Article\",\"@id\":\"https:\\\/\\\/blogdoprosperi.com\\\/?p=34994#article\",\"isPartOf\":{\"@id\":\"https:\\\/\\\/blogdoprosperi.com\\\/?p=34994\"},\"author\":{\"name\":\"Luiz Ant\u00f4nio Pr\u00f3speri\",\"@id\":\"https:\\\/\\\/blogdoprosperi.com\\\/#\\\/schema\\\/person\\\/38100755ce3601861ee4fab9b5aa78e9\"},\"headline\":\"S\u00e3o Paulo despeja R$ 40 milh\u00f5es em Lucas Pratto na esperan\u00e7a de gols e votos ao presidente\",\"datePublished\":\"2017-02-10T01:46:59+00:00\",\"dateModified\":\"2017-02-10T01:47:00+00:00\",\"mainEntityOfPage\":{\"@id\":\"https:\\\/\\\/blogdoprosperi.com\\\/?p=34994\"},\"wordCount\":963,\"commentCount\":1,\"publisher\":{\"@id\":\"https:\\\/\\\/blogdoprosperi.com\\\/#\\\/schema\\\/person\\\/38100755ce3601861ee4fab9b5aa78e9\"},\"image\":{\"@id\":\"https:\\\/\\\/blogdoprosperi.com\\\/?p=34994#primaryimage\"},\"thumbnailUrl\":\"https:\\\/\\\/blogdoprosperi.com\\\/wp-content\\\/uploads\\\/2016\\\/11\\\/pratto.jpg\",\"keywords\":[\"Atl\u00e9tico-MG\",\"futebol\",\"Lucas Pratto\",\"Presidente Leco\",\"Rog\u00e9rio Ceni\",\"S\u00e3o Paulo FC\"],\"articleSection\":[\"futebol\"],\"inLanguage\":\"pt-BR\",\"potentialAction\":[{\"@type\":\"CommentAction\",\"name\":\"Comment\",\"target\":[\"https:\\\/\\\/blogdoprosperi.com\\\/?p=34994#respond\"]}]},{\"@type\":\"WebPage\",\"@id\":\"https:\\\/\\\/blogdoprosperi.com\\\/?p=34994\",\"url\":\"https:\\\/\\\/blogdoprosperi.com\\\/?p=34994\",\"name\":\"S\u00e3o Paulo despeja R$ 40 milh\u00f5es em Lucas Pratto na esperan\u00e7a de gols e votos ao presidente - PR\u00d3SPERI NEWS\",\"isPartOf\":{\"@id\":\"https:\\\/\\\/blogdoprosperi.com\\\/#website\"},\"primaryImageOfPage\":{\"@id\":\"https:\\\/\\\/blogdoprosperi.com\\\/?p=34994#primaryimage\"},\"image\":{\"@id\":\"https:\\\/\\\/blogdoprosperi.com\\\/?p=34994#primaryimage\"},\"thumbnailUrl\":\"https:\\\/\\\/blogdoprosperi.com\\\/wp-content\\\/uploads\\\/2016\\\/11\\\/pratto.jpg\",\"datePublished\":\"2017-02-10T01:46:59+00:00\",\"dateModified\":\"2017-02-10T01:47:00+00:00\",\"breadcrumb\":{\"@id\":\"https:\\\/\\\/blogdoprosperi.com\\\/?p=34994#breadcrumb\"},\"inLanguage\":\"pt-BR\",\"potentialAction\":[{\"@type\":\"ReadAction\",\"target\":[\"https:\\\/\\\/blogdoprosperi.com\\\/?p=34994\"]}]},{\"@type\":\"ImageObject\",\"inLanguage\":\"pt-BR\",\"@id\":\"https:\\\/\\\/blogdoprosperi.com\\\/?p=34994#primaryimage\",\"url\":\"https:\\\/\\\/i0.wp.com\\\/blogdoprosperi.com\\\/wp-content\\\/uploads\\\/2016\\\/11\\\/pratto.jpg?fit=2048%2C1365&ssl=1\",\"contentUrl\":\"https:\\\/\\\/i0.wp.com\\\/blogdoprosperi.com\\\/wp-content\\\/uploads\\\/2016\\\/11\\\/pratto.jpg?fit=2048%2C1365&ssl=1\",\"width\":2048,\"height\":1365},{\"@type\":\"BreadcrumbList\",\"@id\":\"https:\\\/\\\/blogdoprosperi.com\\\/?p=34994#breadcrumb\",\"itemListElement\":[{\"@type\":\"ListItem\",\"position\":1,\"name\":\"In\u00edcio\",\"item\":\"https:\\\/\\\/blogdoprosperi.com\\\/\"},{\"@type\":\"ListItem\",\"position\":2,\"name\":\"S\u00e3o Paulo despeja R$ 40 milh\u00f5es em Lucas Pratto na esperan\u00e7a de gols e votos ao presidente\"}]},{\"@type\":\"WebSite\",\"@id\":\"https:\\\/\\\/blogdoprosperi.com\\\/#website\",\"url\":\"https:\\\/\\\/blogdoprosperi.com\\\/\",\"name\":\"PR\u00d3SPERI NEWS\",\"description\":\"TUDO \u00c9  FUTEBOL\",\"publisher\":{\"@id\":\"https:\\\/\\\/blogdoprosperi.com\\\/#\\\/schema\\\/person\\\/38100755ce3601861ee4fab9b5aa78e9\"},\"alternateName\":\"blogdoprosperi.com\",\"potentialAction\":[{\"@type\":\"SearchAction\",\"target\":{\"@type\":\"EntryPoint\",\"urlTemplate\":\"https:\\\/\\\/blogdoprosperi.com\\\/?s={search_term_string}\"},\"query-input\":{\"@type\":\"PropertyValueSpecification\",\"valueRequired\":true,\"valueName\":\"search_term_string\"}}],\"inLanguage\":\"pt-BR\"},{\"@type\":[\"Person\",\"Organization\"],\"@id\":\"https:\\\/\\\/blogdoprosperi.com\\\/#\\\/schema\\\/person\\\/38100755ce3601861ee4fab9b5aa78e9\",\"name\":\"Luiz Ant\u00f4nio Pr\u00f3speri\",\"pronouns\":\"ele\",\"image\":{\"@type\":\"ImageObject\",\"inLanguage\":\"pt-BR\",\"@id\":\"https:\\\/\\\/i0.wp.com\\\/blogdoprosperi.com\\\/wp-content\\\/uploads\\\/2026\\\/05\\\/cropped-8059e613-6002-42fa-961e-8e275f575d71-2-5.jpg?fit=1360%2C931&ssl=1\",\"url\":\"https:\\\/\\\/i0.wp.com\\\/blogdoprosperi.com\\\/wp-content\\\/uploads\\\/2026\\\/05\\\/cropped-8059e613-6002-42fa-961e-8e275f575d71-2-5.jpg?fit=1360%2C931&ssl=1\",\"contentUrl\":\"https:\\\/\\\/i0.wp.com\\\/blogdoprosperi.com\\\/wp-content\\\/uploads\\\/2026\\\/05\\\/cropped-8059e613-6002-42fa-961e-8e275f575d71-2-5.jpg?fit=1360%2C931&ssl=1\",\"width\":1360,\"height\":931,\"caption\":\"Luiz Ant\u00f4nio Pr\u00f3speri\"},\"logo\":{\"@id\":\"https:\\\/\\\/i0.wp.com\\\/blogdoprosperi.com\\\/wp-content\\\/uploads\\\/2026\\\/05\\\/cropped-8059e613-6002-42fa-961e-8e275f575d71-2-5.jpg?fit=1360%2C931&ssl=1\"},\"description\":\"Jornalista com carreira dedicada ao esporte. Cobriu 9 Copas do Mundo in loco, 1990 na It\u00e1lia, 1994 nos EUA, 1998 na Fran\u00e7a, 2002 na Coreia do Sul e Jap\u00e3o, 2006 na Alemanha, 2010 na \u00c1frica do Sul, 2014 no Brasil, 2018 na R\u00fassia e 2022 no Qatar. Eurocopas, 1992 na Su\u00e9cia e 1996 na Inglaterra. Copa das Confedera\u00e7\u00f5es de 2005 na Alemanha e 2009 na \u00c1frica do Sul. Rep\u00f3rter e Editor, trabalhou no Jornal da Tarde e Estad\u00e3o, de 1984 a fevereiro de 2016. Colunista, blogueiro. E comentarista de futebol na R\u00e1dio Estad\u00e3o, de 2013 a fevereiro de 2016. Jornalista respons\u00e1vel do \\\"Pr\u00f3speri News\\\" (blogdoprosperi.com).\",\"sameAs\":[\"http:\\\/\\\/blogdoprosperi.com\",\"Luiz Pr\u00f3speri\",\"@luiz_prosperi\",\"https:\\\/\\\/x.com\\\/Luizprosperi\",\"@prosperinacopa\",\"luiz.prosperi@icloud.com\"],\"url\":\"https:\\\/\\\/blogdoprosperi.com\\\/?author=102107496\"}]}<\/script>\n<!-- \/ Yoast SEO plugin. -->","yoast_head_json":{"title":"S\u00e3o Paulo despeja R$ 40 milh\u00f5es em Lucas Pratto na esperan\u00e7a de gols e votos ao presidente - PR\u00d3SPERI NEWS","robots":{"index":"index","follow":"follow","max-snippet":"max-snippet:-1","max-image-preview":"max-image-preview:large","max-video-preview":"max-video-preview:-1"},"canonical":"https:\/\/blogdoprosperi.com\/?p=34994","og_locale":"pt_BR","og_type":"article","og_title":"S\u00e3o Paulo despeja R$ 40 milh\u00f5es em Lucas Pratto na esperan\u00e7a de gols e votos ao presidente - PR\u00d3SPERI NEWS","og_description":"S\u00e3o Paulo fechou a contrata\u00e7\u00e3o de Lucas Pratto neste in\u00edcio de noite de quinta-feira (09\/2). Vai pagar cerca [&hellip;]","og_url":"https:\/\/blogdoprosperi.com\/?p=34994","og_site_name":"PR\u00d3SPERI NEWS","article_publisher":"Luiz Pr\u00f3speri","article_author":"Luiz Pr\u00f3speri","article_published_time":"2017-02-10T01:46:59+00:00","article_modified_time":"2017-02-10T01:47:00+00:00","og_image":[{"url":"https:\/\/blogdoprosperi.com\/wp-content\/uploads\/2016\/11\/pratto.jpg","type":"","width":"","height":""}],"author":"Luiz Ant\u00f4nio Pr\u00f3speri","twitter_card":"summary_large_image","twitter_creator":"@Luizprosperi","twitter_site":"@Luizprosperi","twitter_misc":{"Escrito por":"Luiz Ant\u00f4nio Pr\u00f3speri","Est. tempo de leitura":"5 minutos"},"schema":{"@context":"https:\/\/schema.org","@graph":[{"@type":"Article","@id":"https:\/\/blogdoprosperi.com\/?p=34994#article","isPartOf":{"@id":"https:\/\/blogdoprosperi.com\/?p=34994"},"author":{"name":"Luiz Ant\u00f4nio Pr\u00f3speri","@id":"https:\/\/blogdoprosperi.com\/#\/schema\/person\/38100755ce3601861ee4fab9b5aa78e9"},"headline":"S\u00e3o Paulo despeja R$ 40 milh\u00f5es em Lucas Pratto na esperan\u00e7a de gols e votos ao presidente","datePublished":"2017-02-10T01:46:59+00:00","dateModified":"2017-02-10T01:47:00+00:00","mainEntityOfPage":{"@id":"https:\/\/blogdoprosperi.com\/?p=34994"},"wordCount":963,"commentCount":1,"publisher":{"@id":"https:\/\/blogdoprosperi.com\/#\/schema\/person\/38100755ce3601861ee4fab9b5aa78e9"},"image":{"@id":"https:\/\/blogdoprosperi.com\/?p=34994#primaryimage"},"thumbnailUrl":"https:\/\/blogdoprosperi.com\/wp-content\/uploads\/2016\/11\/pratto.jpg","keywords":["Atl\u00e9tico-MG","futebol","Lucas Pratto","Presidente Leco","Rog\u00e9rio Ceni","S\u00e3o Paulo FC"],"articleSection":["futebol"],"inLanguage":"pt-BR","potentialAction":[{"@type":"CommentAction","name":"Comment","target":["https:\/\/blogdoprosperi.com\/?p=34994#respond"]}]},{"@type":"WebPage","@id":"https:\/\/blogdoprosperi.com\/?p=34994","url":"https:\/\/blogdoprosperi.com\/?p=34994","name":"S\u00e3o Paulo despeja R$ 40 milh\u00f5es em Lucas Pratto na esperan\u00e7a de gols e votos ao presidente - PR\u00d3SPERI NEWS","isPartOf":{"@id":"https:\/\/blogdoprosperi.com\/#website"},"primaryImageOfPage":{"@id":"https:\/\/blogdoprosperi.com\/?p=34994#primaryimage"},"image":{"@id":"https:\/\/blogdoprosperi.com\/?p=34994#primaryimage"},"thumbnailUrl":"https:\/\/blogdoprosperi.com\/wp-content\/uploads\/2016\/11\/pratto.jpg","datePublished":"2017-02-10T01:46:59+00:00","dateModified":"2017-02-10T01:47:00+00:00","breadcrumb":{"@id":"https:\/\/blogdoprosperi.com\/?p=34994#breadcrumb"},"inLanguage":"pt-BR","potentialAction":[{"@type":"ReadAction","target":["https:\/\/blogdoprosperi.com\/?p=34994"]}]},{"@type":"ImageObject","inLanguage":"pt-BR","@id":"https:\/\/blogdoprosperi.com\/?p=34994#primaryimage","url":"https:\/\/i0.wp.com\/blogdoprosperi.com\/wp-content\/uploads\/2016\/11\/pratto.jpg?fit=2048%2C1365&ssl=1","contentUrl":"https:\/\/i0.wp.com\/blogdoprosperi.com\/wp-content\/uploads\/2016\/11\/pratto.jpg?fit=2048%2C1365&ssl=1","width":2048,"height":1365},{"@type":"BreadcrumbList","@id":"https:\/\/blogdoprosperi.com\/?p=34994#breadcrumb","itemListElement":[{"@type":"ListItem","position":1,"name":"In\u00edcio","item":"https:\/\/blogdoprosperi.com\/"},{"@type":"ListItem","position":2,"name":"S\u00e3o Paulo despeja R$ 40 milh\u00f5es em Lucas Pratto na esperan\u00e7a de gols e votos ao presidente"}]},{"@type":"WebSite","@id":"https:\/\/blogdoprosperi.com\/#website","url":"https:\/\/blogdoprosperi.com\/","name":"PR\u00d3SPERI NEWS","description":"TUDO \u00c9  FUTEBOL","publisher":{"@id":"https:\/\/blogdoprosperi.com\/#\/schema\/person\/38100755ce3601861ee4fab9b5aa78e9"},"alternateName":"blogdoprosperi.com","potentialAction":[{"@type":"SearchAction","target":{"@type":"EntryPoint","urlTemplate":"https:\/\/blogdoprosperi.com\/?s={search_term_string}"},"query-input":{"@type":"PropertyValueSpecification","valueRequired":true,"valueName":"search_term_string"}}],"inLanguage":"pt-BR"},{"@type":["Person","Organization"],"@id":"https:\/\/blogdoprosperi.com\/#\/schema\/person\/38100755ce3601861ee4fab9b5aa78e9","name":"Luiz Ant\u00f4nio Pr\u00f3speri","pronouns":"ele","image":{"@type":"ImageObject","inLanguage":"pt-BR","@id":"https:\/\/i0.wp.com\/blogdoprosperi.com\/wp-content\/uploads\/2026\/05\/cropped-8059e613-6002-42fa-961e-8e275f575d71-2-5.jpg?fit=1360%2C931&ssl=1","url":"https:\/\/i0.wp.com\/blogdoprosperi.com\/wp-content\/uploads\/2026\/05\/cropped-8059e613-6002-42fa-961e-8e275f575d71-2-5.jpg?fit=1360%2C931&ssl=1","contentUrl":"https:\/\/i0.wp.com\/blogdoprosperi.com\/wp-content\/uploads\/2026\/05\/cropped-8059e613-6002-42fa-961e-8e275f575d71-2-5.jpg?fit=1360%2C931&ssl=1","width":1360,"height":931,"caption":"Luiz Ant\u00f4nio Pr\u00f3speri"},"logo":{"@id":"https:\/\/i0.wp.com\/blogdoprosperi.com\/wp-content\/uploads\/2026\/05\/cropped-8059e613-6002-42fa-961e-8e275f575d71-2-5.jpg?fit=1360%2C931&ssl=1"},"description":"Jornalista com carreira dedicada ao esporte. Cobriu 9 Copas do Mundo in loco, 1990 na It\u00e1lia, 1994 nos EUA, 1998 na Fran\u00e7a, 2002 na Coreia do Sul e Jap\u00e3o, 2006 na Alemanha, 2010 na \u00c1frica do Sul, 2014 no Brasil, 2018 na R\u00fassia e 2022 no Qatar. Eurocopas, 1992 na Su\u00e9cia e 1996 na Inglaterra. Copa das Confedera\u00e7\u00f5es de 2005 na Alemanha e 2009 na \u00c1frica do Sul. Rep\u00f3rter e Editor, trabalhou no Jornal da Tarde e Estad\u00e3o, de 1984 a fevereiro de 2016. Colunista, blogueiro. E comentarista de futebol na R\u00e1dio Estad\u00e3o, de 2013 a fevereiro de 2016. Jornalista respons\u00e1vel do \"Pr\u00f3speri News\" (blogdoprosperi.com).","sameAs":["http:\/\/blogdoprosperi.com","Luiz Pr\u00f3speri","@luiz_prosperi","https:\/\/x.com\/Luizprosperi","@prosperinacopa","luiz.prosperi@icloud.com"],"url":"https:\/\/blogdoprosperi.com\/?author=102107496"}]}},"jetpack_publicize_connections":[],"jetpack_likes_enabled":false,"jetpack_sharing_enabled":true,"jetpack_shortlink":"https:\/\/wp.me\/p7jvdk-96q","jetpack-related-posts":[{"id":34982,"url":"https:\/\/blogdoprosperi.com\/?p=34982","url_meta":{"origin":34994,"position":0},"title":"Conhe\u00e7a opera\u00e7\u00e3o do S\u00e3o Paulo em busca de Lucas Pratto","author":"Luiz Ant\u00f4nio Pr\u00f3speri","date":"9 de fevereiro de 2017","format":false,"excerpt":"S\u00e3o Paulo precisa de um jogador de peso, de nome no mercado. Uma contrata\u00e7\u00e3o para provocar impacto no time de Rogerio Ceni e refor\u00e7ar os alicerces da candidatura do atual presidente Carlos Augusto de Barros e Silva (Leco) \u00e0 reelei\u00e7\u00e3o no comando do clube. Lucas Pratto precisa de um time\u2026","rel":"","context":"Em &quot;futebol&quot;","block_context":{"text":"futebol","link":"https:\/\/blogdoprosperi.com\/?cat=53870"},"img":{"alt_text":"","src":"https:\/\/i0.wp.com\/blogdoprosperi.com\/wp-content\/uploads\/2017\/02\/32616769352_3aa202722d_z.jpg?resize=350%2C200&ssl=1","width":350,"height":200,"srcset":"https:\/\/i0.wp.com\/blogdoprosperi.com\/wp-content\/uploads\/2017\/02\/32616769352_3aa202722d_z.jpg?resize=350%2C200&ssl=1 1x, https:\/\/i0.wp.com\/blogdoprosperi.com\/wp-content\/uploads\/2017\/02\/32616769352_3aa202722d_z.jpg?resize=525%2C300&ssl=1 1.5x"},"classes":[]},{"id":33034,"url":"https:\/\/blogdoprosperi.com\/?p=33034","url_meta":{"origin":34994,"position":1},"title":"Sevilla quer Lucas Pratto e pode envolver Ganso na transa\u00e7\u00e3o","author":"Luiz Ant\u00f4nio Pr\u00f3speri","date":"25 de novembro de 2016","format":false,"excerpt":"Jorge Sampaoli, t\u00e9cnico do Sevilla, pediu ao presidente do clube a contrata\u00e7\u00e3o de Lucas Pratto. Treinador argentino quer o atacante na janela de transfer\u00eancia em janeiro. E deu ind\u00edcios que pode liberar Paulo Henrique Ganso, segundo noticia a imprensa de Madri nesta sexta-feira (25\/11). O meia seria envolvido em uma\u2026","rel":"","context":"Em &quot;futebol&quot;","block_context":{"text":"futebol","link":"https:\/\/blogdoprosperi.com\/?cat=53870"},"img":{"alt_text":"","src":"https:\/\/i0.wp.com\/blogdoprosperi.com\/wp-content\/uploads\/2016\/11\/pratto.jpg?resize=350%2C200&ssl=1","width":350,"height":200,"srcset":"https:\/\/i0.wp.com\/blogdoprosperi.com\/wp-content\/uploads\/2016\/11\/pratto.jpg?resize=350%2C200&ssl=1 1x, https:\/\/i0.wp.com\/blogdoprosperi.com\/wp-content\/uploads\/2016\/11\/pratto.jpg?resize=525%2C300&ssl=1 1.5x, https:\/\/i0.wp.com\/blogdoprosperi.com\/wp-content\/uploads\/2016\/11\/pratto.jpg?resize=700%2C400&ssl=1 2x, https:\/\/i0.wp.com\/blogdoprosperi.com\/wp-content\/uploads\/2016\/11\/pratto.jpg?resize=1050%2C600&ssl=1 3x, https:\/\/i0.wp.com\/blogdoprosperi.com\/wp-content\/uploads\/2016\/11\/pratto.jpg?resize=1400%2C800&ssl=1 4x"},"classes":[]},{"id":36228,"url":"https:\/\/blogdoprosperi.com\/?p=36228","url_meta":{"origin":34994,"position":2},"title":"Lucas Pratto manda um recado. Para Rogerio Ceni?","author":"Luiz Ant\u00f4nio Pr\u00f3speri","date":"23 de junho de 2017","format":false,"excerpt":"Lucas Pratto \u00e9 um dos jogadores mais caros e com mais recursos t\u00e9cnicos nesse grupo de atletas do S\u00e3o Paulo. N\u00e3o se omite e sempre que \u00e9 chamado a dizer o que pensa, fala com sinceridade. Nesses dias de incertezas no Morumbi, Pratto parece que perdeu a paci\u00eancia. Contratado por\u2026","rel":"","context":"Em &quot;Campeonato Brasileiro&quot;","block_context":{"text":"Campeonato Brasileiro","link":"https:\/\/blogdoprosperi.com\/?cat=355071"},"img":{"alt_text":"","src":"https:\/\/i0.wp.com\/blogdoprosperi.com\/wp-content\/uploads\/2017\/06\/pro14-3.jpg?fit=1200%2C800&ssl=1&resize=350%2C200","width":350,"height":200,"srcset":"https:\/\/i0.wp.com\/blogdoprosperi.com\/wp-content\/uploads\/2017\/06\/pro14-3.jpg?fit=1200%2C800&ssl=1&resize=350%2C200 1x, https:\/\/i0.wp.com\/blogdoprosperi.com\/wp-content\/uploads\/2017\/06\/pro14-3.jpg?fit=1200%2C800&ssl=1&resize=525%2C300 1.5x, https:\/\/i0.wp.com\/blogdoprosperi.com\/wp-content\/uploads\/2017\/06\/pro14-3.jpg?fit=1200%2C800&ssl=1&resize=700%2C400 2x, https:\/\/i0.wp.com\/blogdoprosperi.com\/wp-content\/uploads\/2017\/06\/pro14-3.jpg?fit=1200%2C800&ssl=1&resize=1050%2C600 3x"},"classes":[]},{"id":19019,"url":"https:\/\/blogdoprosperi.com\/?p=19019","url_meta":{"origin":34994,"position":3},"title":"S\u00e3o Paulo sofre derrota no adeus a Bauza e torcida n\u00e3o vai sentir saudade do argentino","author":"Luiz Ant\u00f4nio Pr\u00f3speri","date":"4 de agosto de 2016","format":false,"excerpt":"S\u00e3o Paulo perder no Morumbi nesta temporada n\u00e3o \u00e9 um absurdo. A diferen\u00e7a \u00e9 que esta derrota marcou a despedida de Edgardo Bauza, novo treinador da Argentina. Isso mesmo, t\u00e9cnico da sele\u00e7\u00e3o de Lionel Messi. O treinador argentino vai embora e, segundo a torcida s\u00e3o-paulina, n\u00e3o vai deixar saudade. Nesta\u2026","rel":"","context":"Em &quot;Campeonato Brasileiro&quot;","block_context":{"text":"Campeonato Brasileiro","link":"https:\/\/blogdoprosperi.com\/?cat=355071"},"img":{"alt_text":"","src":"https:\/\/i0.wp.com\/blogdoprosperi.com\/wp-content\/uploads\/2016\/08\/rib_5600_sp9e0ge.jpg?resize=350%2C200&ssl=1","width":350,"height":200,"srcset":"https:\/\/i0.wp.com\/blogdoprosperi.com\/wp-content\/uploads\/2016\/08\/rib_5600_sp9e0ge.jpg?resize=350%2C200&ssl=1 1x, https:\/\/i0.wp.com\/blogdoprosperi.com\/wp-content\/uploads\/2016\/08\/rib_5600_sp9e0ge.jpg?resize=525%2C300&ssl=1 1.5x"},"classes":[]},{"id":3711,"url":"https:\/\/blogdoprosperi.com\/?p=3711","url_meta":{"origin":34994,"position":4},"title":"Atl\u00e9tico-MG parte como favorito diante do renascido S\u00e3o Paulo","author":"Luiz Ant\u00f4nio Pr\u00f3speri","date":"6 de maio de 2016","format":false,"excerpt":"Definidos os confrontos das quartas de final da Copa Libertadores 2016, teremos pelo menos um clube brasileiro, dos cinco que iniciaram na competi\u00e7\u00e3o, nas semifinais. Um deles sair\u00e1 do confronto entre o Atl\u00e9tico-MG e S\u00e3o Paulo. De in\u00edcio, n\u00e3o \u00e9 muito complicado afirmar que o time mineiro \u00e9 o favorito\u2026","rel":"","context":"Em &quot;futebol&quot;","block_context":{"text":"futebol","link":"https:\/\/blogdoprosperi.com\/?cat=53870"},"img":{"alt_text":"","src":"https:\/\/i0.wp.com\/blogdoprosperi.com\/wp-content\/uploads\/2016\/05\/festejo-primer-gol-ruben_oleima20160505_0182_28.jpg?resize=350%2C200&ssl=1","width":350,"height":200,"srcset":"https:\/\/i0.wp.com\/blogdoprosperi.com\/wp-content\/uploads\/2016\/05\/festejo-primer-gol-ruben_oleima20160505_0182_28.jpg?resize=350%2C200&ssl=1 1x, https:\/\/i0.wp.com\/blogdoprosperi.com\/wp-content\/uploads\/2016\/05\/festejo-primer-gol-ruben_oleima20160505_0182_28.jpg?resize=525%2C300&ssl=1 1.5x, https:\/\/i0.wp.com\/blogdoprosperi.com\/wp-content\/uploads\/2016\/05\/festejo-primer-gol-ruben_oleima20160505_0182_28.jpg?resize=700%2C400&ssl=1 2x"},"classes":[]},{"id":6094,"url":"https:\/\/blogdoprosperi.com\/?p=6094","url_meta":{"origin":34994,"position":5},"title":"Futebol brasileiro aos p\u00e9s de argentinos na Libertadores","author":"Luiz Ant\u00f4nio Pr\u00f3speri","date":"18 de maio de 2016","format":false,"excerpt":"Lucas Pratto e Calleri, argentinos, s\u00e3o apontados como refer\u00eancia de Atl\u00e9tico-MG e S\u00e3o Paulo na decis\u00e3o desta quarta-feira, valendo vaga na semifinal da Copa Libertadores. No banco, comandando os dois times, est\u00e3o o uruguaio Diego Aguirre e Edgardo Bauza, da Argentina. O \u00e1rbitro \u00e9 Andres Cunha, do Uruguai. \u00c9 um\u2026","rel":"","context":"Em &quot;futebol&quot;","block_context":{"text":"futebol","link":"https:\/\/blogdoprosperi.com\/?cat=53870"},"img":{"alt_text":"","src":"https:\/\/i0.wp.com\/blogdoprosperi.com\/wp-content\/uploads\/2016\/05\/20160513133634194582o.jpg?resize=350%2C200&ssl=1","width":350,"height":200,"srcset":"https:\/\/i0.wp.com\/blogdoprosperi.com\/wp-content\/uploads\/2016\/05\/20160513133634194582o.jpg?resize=350%2C200&ssl=1 1x, https:\/\/i0.wp.com\/blogdoprosperi.com\/wp-content\/uploads\/2016\/05\/20160513133634194582o.jpg?resize=525%2C300&ssl=1 1.5x, https:\/\/i0.wp.com\/blogdoprosperi.com\/wp-content\/uploads\/2016\/05\/20160513133634194582o.jpg?resize=700%2C400&ssl=1 2x"},"classes":[]}],"jetpack_featured_media_url":"","_links":{"self":[{"href":"https:\/\/blogdoprosperi.com\/index.php?rest_route=\/wp\/v2\/posts\/34994","targetHints":{"allow":["GET"]}}],"collection":[{"href":"https:\/\/blogdoprosperi.com\/index.php?rest_route=\/wp\/v2\/posts"}],"about":[{"href":"https:\/\/blogdoprosperi.com\/index.php?rest_route=\/wp\/v2\/types\/post"}],"author":[{"embeddable":true,"href":"https:\/\/blogdoprosperi.com\/index.php?rest_route=\/wp\/v2\/users\/102107496"}],"replies":[{"embeddable":true,"href":"https:\/\/blogdoprosperi.com\/index.php?rest_route=%2Fwp%2Fv2%2Fcomments&post=34994"}],"version-history":[{"count":18,"href":"https:\/\/blogdoprosperi.com\/index.php?rest_route=\/wp\/v2\/posts\/34994\/revisions"}],"predecessor-version":[{"id":35012,"href":"https:\/\/blogdoprosperi.com\/index.php?rest_route=\/wp\/v2\/posts\/34994\/revisions\/35012"}],"wp:attachment":[{"href":"https:\/\/blogdoprosperi.com\/index.php?rest_route=%2Fwp%2Fv2%2Fmedia&parent=34994"}],"wp:term":[{"taxonomy":"category","embeddable":true,"href":"https:\/\/blogdoprosperi.com\/index.php?rest_route=%2Fwp%2Fv2%2Fcategories&post=34994"},{"taxonomy":"post_tag","embeddable":true,"href":"https:\/\/blogdoprosperi.com\/index.php?rest_route=%2Fwp%2Fv2%2Ftags&post=34994"}],"curies":[{"name":"wp","href":"https:\/\/api.w.org\/{rel}","templated":true}]}}