{"id":35054,"date":"2017-02-16T23:54:56","date_gmt":"2017-02-17T01:54:56","guid":{"rendered":"http:\/\/blogdoprosperi.com\/?p=35054"},"modified":"2017-02-17T00:03:05","modified_gmt":"2017-02-17T02:03:05","slug":"eduardo-baptista-sacode-criticos-e-ganha-apoio-de-felipe-melo-no-palmeiras","status":"publish","type":"post","link":"https:\/\/blogdoprosperi.com\/?p=35054","title":{"rendered":"Eduardo Baptista sacode cr\u00edticos e ganha apoio de Felipe Melo e Dudu no Palmeiras"},"content":{"rendered":"<p><span class=\"alignnone\"><img data-recalc-dims=\"1\" loading=\"lazy\" decoding=\"async\" data-attachment-id=\"35055\" data-permalink=\"https:\/\/blogdoprosperi.com\/?attachment_id=35055\" data-orig-file=\"https:\/\/i0.wp.com\/blogdoprosperi.com\/wp-content\/uploads\/2017\/02\/dudu4.jpg?fit=1000%2C618&amp;ssl=1\" data-orig-size=\"1000,618\" data-comments-opened=\"1\" data-image-meta=\"{&quot;aperture&quot;:&quot;3.2&quot;,&quot;credit&quot;:&quot;(5) Cesar Greco \/ Fotoarena&quot;,&quot;camera&quot;:&quot;Canon EOS-1D X&quot;,&quot;caption&quot;:&quot;O jogador Dudu, da SE Palmeiras, comemora seu gol contra a equipe do Botafogo FR, durante partida v\\u00e1lida pela trig\\u00e9sima sexta rodada, do Campeonato Brasileiro, S\\u00e9rie A, na Arena Allianz Parque.&quot;,&quot;created_timestamp&quot;:&quot;1479665933&quot;,&quot;copyright&quot;:&quot;Cesar Greco&quot;,&quot;focal_length&quot;:&quot;400&quot;,&quot;iso&quot;:&quot;800&quot;,&quot;shutter_speed&quot;:&quot;0.00125&quot;,&quot;title&quot;:&quot;&quot;,&quot;orientation&quot;:&quot;0&quot;}\" data-image-title=\"Dudu, do Palmeiras ao Cruzeiro\" data-image-description=\"\" data-image-caption=\"&lt;p&gt;Dudu comemora seu gol contra Botafogo &amp;#8211; foto: reprodu\u00e7\u00e3o&lt;\/p&gt;\n\" data-large-file=\"https:\/\/i0.wp.com\/blogdoprosperi.com\/wp-content\/uploads\/2017\/02\/dudu4.jpg?fit=940%2C581&amp;ssl=1\" class=\"alignnone size-full wp-image-35055\" src=\"https:\/\/i0.wp.com\/blogdoprosperi.com\/wp-content\/uploads\/2017\/02\/dudu4.jpg?resize=940%2C581&#038;ssl=1\" alt=\"dudu4\" width=\"940\" height=\"581\" \/><\/span><\/p>\n<p>Vida de treinador do Palmeiras n\u00e3o \u00e9 nada f\u00e1cil. \u00c9 dura. Se n\u00e3o tiver estofo e confian\u00e7a, sai pulverizado. Neste in\u00edcio de temporada, Eduardo Baptista percebeu que muitas pedras v\u00e3o aparecer no seu caminho. \u00c0s vezes, rochas dif\u00edceis de serem removidas. Em apenas dois jogos no comando do time, levou uma rajada de improp\u00e9rios e cobran\u00e7as de torcidas organizadas e nas redes sociais. Teria de responder r\u00e1pido e convencer. E, de certa forma, mesmo sem assombrar, conseguiu colocar a cara para fora com a vit\u00f3ria por 2 a 0 contra o S\u00e3o Bernardo nesta quinta-feira e conquistar apoio de l\u00edderes importantes como Felipe Melo.<!--more--><\/p>\n<p>Baptista deu o primeiro sinal de que, sim, poderia fazer o Palmeiras jogar sem invenciones. Bem diferente do que havia feito na derrota para o Ituano, reordenou as pe\u00e7as no tabuleiro. Cada uma na sua. Roger Guedes na direita, Dudu na esquerda, Guerra e Mois\u00e9s na cria\u00e7\u00e3o. Boa arruma\u00e7\u00e3o e poderia ter funcionado bem se o time n\u00e3o abusasse das esticadas de bola em busca de Guedes e Willian Bigode. E, pior, com muita ansiedade. Mesmo com essa organiza\u00e7\u00e3o, a torcida ainda torcia o nariz contra o treinador. Foi assim at\u00e9 o final do primeiro tempo.<\/p>\n<p>No segundo, quando percebeu que Guedes e Guerra j\u00e1 n\u00e3o tinham solu\u00e7\u00f5es na busca do gol e Mois\u00e9s sentia o peso de disputar sua primeira partida no ano, Baptista recorreu ao banco de m\u00faltiplas op\u00e7\u00f5es. Com Michel Bastos e Raphael Veiga nos lugares de Guedes e Guerra e logo depois com Keno na vaga de Mois\u00e9s, o time se entendeu melhor e passou a jogar como o treinador queria \u2013 compacto, seguro na marca\u00e7\u00e3o e insinuante na busca do gol. Deixou de sofrer com as investidas do S\u00e3o Bernardo e passou a ferir o advers\u00e1rio. Gols seriam uma consequ\u00eancia.<\/p>\n<p>Da\u00ed Dudu marcou o seu em boa trama que come\u00e7ou no setor direito. Pouco mais tarde, saiu o p\u00eanalti em Dudu convertido por Jean, o selo que faltava para consolidar a vit\u00f3ria. E um aviso que Baptista, mesmo de forma t\u00edmida, come\u00e7a a tomar p\u00e9 da situa\u00e7\u00e3o e do tesouro que tem em suas m\u00e3os. Se por um lado ainda \u00e9 uma inc\u00f3gnita aos torcedores, do outro, j\u00e1 tem a confian\u00e7a de cachorro grande dentro do grupo de jogadores. Felipe Melo \u00e9 um deles. Dudu, o outro. O treinador sabe que precisa de vit\u00f3rias acachapantes para conquistar os palmeirenses e calar os cr\u00edticos de resultados. N\u00e3o \u00e9 f\u00e1cil.<\/p>\n<div class=\"jetpack-video-wrapper\"><span class=\"embed-youtube\" style=\"text-align:center; display: block;\"><iframe loading=\"lazy\" class=\"youtube-player\" width=\"940\" height=\"529\" src=\"https:\/\/www.youtube.com\/embed\/VzfhQpRpSAA?version=3&#038;rel=1&#038;showsearch=0&#038;showinfo=1&#038;iv_load_policy=1&#038;fs=1&#038;hl=pt-BR&#038;autohide=2&#038;wmode=transparent\" allowfullscreen=\"true\" style=\"border:0;\" sandbox=\"allow-scripts allow-same-origin allow-popups allow-presentation allow-popups-to-escape-sandbox\"><\/iframe><\/span><\/div>\n<p><a href=\"http:\/\/www.chuteirafc.com.br\">(texto publicado no CHUTEIRA FC, novo espa\u00e7o de debate no futebol)<\/a><\/p>\n","protected":false},"excerpt":{"rendered":"<p>Vida de treinador do Palmeiras n\u00e3o \u00e9 nada f\u00e1cil. \u00c9 dura. Se n\u00e3o tiver estofo e confian\u00e7a, sai [&hellip;]<\/p>\n","protected":false},"author":102107496,"featured_media":0,"comment_status":"open","ping_status":"open","sticky":false,"template":"","format":"standard","meta":{"_coblocks_attr":"","_coblocks_dimensions":"","_coblocks_responsive_height":"","_coblocks_accordion_ie_support":"","_jetpack_newsletter_access":"","_jetpack_dont_email_post_to_subs":false,"_jetpack_newsletter_tier_id":0,"_jetpack_memberships_contains_paywalled_content":false,"_wpcom_ai_launchpad_first_post":false,"_jetpack_feature_clip_id":0,"_jetpack_memberships_contains_paid_content":false,"footnotes":"","jetpack_publicize_message":"","jetpack_publicize_feature_enabled":true,"jetpack_social_post_already_shared":false,"jetpack_social_options":{"image_generator_settings":{"template":"highway","default_image_id":0,"font":"","enabled":false},"version":2},"jetpack_post_was_ever_published":false},"categories":[53870],"tags":[1249177,11006842,5430725,789560560,287104],"class_list":["post-35054","post","type-post","status-publish","format-standard","hentry","category-futebol","tag-dudu","tag-eduardo-baptista","tag-felipe-melo","tag-futebol","tag-palmeiras"],"yoast_head":"<!-- This site is optimized with the Yoast SEO plugin v28.3 - https:\/\/yoast.com\/product\/yoast-seo-wordpress\/ -->\n<title>Eduardo Baptista sacode cr\u00edticos e ganha apoio de Felipe Melo e Dudu no Palmeiras - PR\u00d3SPERI NEWS<\/title>\n<meta name=\"robots\" content=\"index, follow, max-snippet:-1, max-image-preview:large, max-video-preview:-1\" \/>\n<link rel=\"canonical\" href=\"https:\/\/blogdoprosperi.com\/?p=35054\" \/>\n<meta property=\"og:locale\" content=\"pt_BR\" \/>\n<meta property=\"og:type\" content=\"article\" \/>\n<meta property=\"og:title\" content=\"Eduardo Baptista sacode cr\u00edticos e ganha apoio de Felipe Melo e Dudu no Palmeiras - PR\u00d3SPERI NEWS\" \/>\n<meta property=\"og:description\" content=\"Vida de treinador do Palmeiras n\u00e3o \u00e9 nada f\u00e1cil. \u00c9 dura. Se n\u00e3o tiver estofo e confian\u00e7a, sai [&hellip;]\" \/>\n<meta property=\"og:url\" content=\"https:\/\/blogdoprosperi.com\/?p=35054\" \/>\n<meta property=\"og:site_name\" content=\"PR\u00d3SPERI NEWS\" \/>\n<meta property=\"article:publisher\" content=\"Luiz Pr\u00f3speri\" \/>\n<meta property=\"article:author\" content=\"Luiz Pr\u00f3speri\" \/>\n<meta property=\"article:published_time\" content=\"2017-02-17T01:54:56+00:00\" \/>\n<meta property=\"article:modified_time\" content=\"2017-02-17T02:03:05+00:00\" \/>\n<meta property=\"og:image\" content=\"https:\/\/blogdoprosperi.com\/wp-content\/uploads\/2017\/02\/dudu4.jpg\" \/>\n<meta name=\"author\" content=\"Luiz Ant\u00f4nio Pr\u00f3speri\" \/>\n<meta name=\"twitter:card\" content=\"summary_large_image\" \/>\n<meta name=\"twitter:creator\" content=\"@Luizprosperi\" \/>\n<meta name=\"twitter:site\" content=\"@Luizprosperi\" \/>\n<meta name=\"twitter:label1\" content=\"Escrito por\" \/>\n\t<meta name=\"twitter:data1\" content=\"Luiz Ant\u00f4nio Pr\u00f3speri\" \/>\n\t<meta name=\"twitter:label2\" content=\"Est. tempo de leitura\" \/>\n\t<meta name=\"twitter:data2\" content=\"2 minutos\" \/>\n<script type=\"application\/ld+json\" class=\"yoast-schema-graph\">{\"@context\":\"https:\\\/\\\/schema.org\",\"@graph\":[{\"@type\":\"Article\",\"@id\":\"https:\\\/\\\/blogdoprosperi.com\\\/?p=35054#article\",\"isPartOf\":{\"@id\":\"https:\\\/\\\/blogdoprosperi.com\\\/?p=35054\"},\"author\":{\"name\":\"Luiz Ant\u00f4nio Pr\u00f3speri\",\"@id\":\"https:\\\/\\\/blogdoprosperi.com\\\/#\\\/schema\\\/person\\\/38100755ce3601861ee4fab9b5aa78e9\"},\"headline\":\"Eduardo Baptista sacode cr\u00edticos e ganha apoio de Felipe Melo e Dudu no Palmeiras\",\"datePublished\":\"2017-02-17T01:54:56+00:00\",\"dateModified\":\"2017-02-17T02:03:05+00:00\",\"mainEntityOfPage\":{\"@id\":\"https:\\\/\\\/blogdoprosperi.com\\\/?p=35054\"},\"wordCount\":472,\"commentCount\":0,\"publisher\":{\"@id\":\"https:\\\/\\\/blogdoprosperi.com\\\/#\\\/schema\\\/person\\\/38100755ce3601861ee4fab9b5aa78e9\"},\"image\":{\"@id\":\"https:\\\/\\\/blogdoprosperi.com\\\/?p=35054#primaryimage\"},\"thumbnailUrl\":\"https:\\\/\\\/blogdoprosperi.com\\\/wp-content\\\/uploads\\\/2017\\\/02\\\/dudu4.jpg\",\"keywords\":[\"Dudu\",\"Eduardo Baptista\",\"Felipe Melo\",\"futebol\",\"Palmeiras\"],\"articleSection\":[\"futebol\"],\"inLanguage\":\"pt-BR\",\"potentialAction\":[{\"@type\":\"CommentAction\",\"name\":\"Comment\",\"target\":[\"https:\\\/\\\/blogdoprosperi.com\\\/?p=35054#respond\"]}]},{\"@type\":\"WebPage\",\"@id\":\"https:\\\/\\\/blogdoprosperi.com\\\/?p=35054\",\"url\":\"https:\\\/\\\/blogdoprosperi.com\\\/?p=35054\",\"name\":\"Eduardo Baptista sacode cr\u00edticos e ganha apoio de Felipe Melo e Dudu no Palmeiras - PR\u00d3SPERI NEWS\",\"isPartOf\":{\"@id\":\"https:\\\/\\\/blogdoprosperi.com\\\/#website\"},\"primaryImageOfPage\":{\"@id\":\"https:\\\/\\\/blogdoprosperi.com\\\/?p=35054#primaryimage\"},\"image\":{\"@id\":\"https:\\\/\\\/blogdoprosperi.com\\\/?p=35054#primaryimage\"},\"thumbnailUrl\":\"https:\\\/\\\/blogdoprosperi.com\\\/wp-content\\\/uploads\\\/2017\\\/02\\\/dudu4.jpg\",\"datePublished\":\"2017-02-17T01:54:56+00:00\",\"dateModified\":\"2017-02-17T02:03:05+00:00\",\"breadcrumb\":{\"@id\":\"https:\\\/\\\/blogdoprosperi.com\\\/?p=35054#breadcrumb\"},\"inLanguage\":\"pt-BR\",\"potentialAction\":[{\"@type\":\"ReadAction\",\"target\":[\"https:\\\/\\\/blogdoprosperi.com\\\/?p=35054\"]}]},{\"@type\":\"ImageObject\",\"inLanguage\":\"pt-BR\",\"@id\":\"https:\\\/\\\/blogdoprosperi.com\\\/?p=35054#primaryimage\",\"url\":\"https:\\\/\\\/i0.wp.com\\\/blogdoprosperi.com\\\/wp-content\\\/uploads\\\/2017\\\/02\\\/dudu4.jpg?fit=1000%2C618&ssl=1\",\"contentUrl\":\"https:\\\/\\\/i0.wp.com\\\/blogdoprosperi.com\\\/wp-content\\\/uploads\\\/2017\\\/02\\\/dudu4.jpg?fit=1000%2C618&ssl=1\",\"width\":1000,\"height\":618,\"caption\":\"Dudu comemora seu gol contra Botafogo - foto: reprodu\u00e7\u00e3o\"},{\"@type\":\"BreadcrumbList\",\"@id\":\"https:\\\/\\\/blogdoprosperi.com\\\/?p=35054#breadcrumb\",\"itemListElement\":[{\"@type\":\"ListItem\",\"position\":1,\"name\":\"In\u00edcio\",\"item\":\"https:\\\/\\\/blogdoprosperi.com\\\/\"},{\"@type\":\"ListItem\",\"position\":2,\"name\":\"Eduardo Baptista sacode cr\u00edticos e ganha apoio de Felipe Melo e Dudu no Palmeiras\"}]},{\"@type\":\"WebSite\",\"@id\":\"https:\\\/\\\/blogdoprosperi.com\\\/#website\",\"url\":\"https:\\\/\\\/blogdoprosperi.com\\\/\",\"name\":\"PR\u00d3SPERI NEWS\",\"description\":\"TUDO \u00c9  FUTEBOL\",\"publisher\":{\"@id\":\"https:\\\/\\\/blogdoprosperi.com\\\/#\\\/schema\\\/person\\\/38100755ce3601861ee4fab9b5aa78e9\"},\"alternateName\":\"blogdoprosperi.com\",\"potentialAction\":[{\"@type\":\"SearchAction\",\"target\":{\"@type\":\"EntryPoint\",\"urlTemplate\":\"https:\\\/\\\/blogdoprosperi.com\\\/?s={search_term_string}\"},\"query-input\":{\"@type\":\"PropertyValueSpecification\",\"valueRequired\":true,\"valueName\":\"search_term_string\"}}],\"inLanguage\":\"pt-BR\"},{\"@type\":[\"Person\",\"Organization\"],\"@id\":\"https:\\\/\\\/blogdoprosperi.com\\\/#\\\/schema\\\/person\\\/38100755ce3601861ee4fab9b5aa78e9\",\"name\":\"Luiz Ant\u00f4nio Pr\u00f3speri\",\"pronouns\":\"ele\",\"image\":{\"@type\":\"ImageObject\",\"inLanguage\":\"pt-BR\",\"@id\":\"https:\\\/\\\/i0.wp.com\\\/blogdoprosperi.com\\\/wp-content\\\/uploads\\\/2026\\\/05\\\/cropped-8059e613-6002-42fa-961e-8e275f575d71-2-5.jpg?fit=1360%2C931&ssl=1\",\"url\":\"https:\\\/\\\/i0.wp.com\\\/blogdoprosperi.com\\\/wp-content\\\/uploads\\\/2026\\\/05\\\/cropped-8059e613-6002-42fa-961e-8e275f575d71-2-5.jpg?fit=1360%2C931&ssl=1\",\"contentUrl\":\"https:\\\/\\\/i0.wp.com\\\/blogdoprosperi.com\\\/wp-content\\\/uploads\\\/2026\\\/05\\\/cropped-8059e613-6002-42fa-961e-8e275f575d71-2-5.jpg?fit=1360%2C931&ssl=1\",\"width\":1360,\"height\":931,\"caption\":\"Luiz Ant\u00f4nio Pr\u00f3speri\"},\"logo\":{\"@id\":\"https:\\\/\\\/i0.wp.com\\\/blogdoprosperi.com\\\/wp-content\\\/uploads\\\/2026\\\/05\\\/cropped-8059e613-6002-42fa-961e-8e275f575d71-2-5.jpg?fit=1360%2C931&ssl=1\"},\"description\":\"Jornalista com carreira dedicada ao esporte. Cobriu 9 Copas do Mundo in loco, 1990 na It\u00e1lia, 1994 nos EUA, 1998 na Fran\u00e7a, 2002 na Coreia do Sul e Jap\u00e3o, 2006 na Alemanha, 2010 na \u00c1frica do Sul, 2014 no Brasil, 2018 na R\u00fassia e 2022 no Qatar. Eurocopas, 1992 na Su\u00e9cia e 1996 na Inglaterra. Copa das Confedera\u00e7\u00f5es de 2005 na Alemanha e 2009 na \u00c1frica do Sul. Rep\u00f3rter e Editor, trabalhou no Jornal da Tarde e Estad\u00e3o, de 1984 a fevereiro de 2016. Colunista, blogueiro. E comentarista de futebol na R\u00e1dio Estad\u00e3o, de 2013 a fevereiro de 2016. Jornalista respons\u00e1vel do \\\"Pr\u00f3speri News\\\" (blogdoprosperi.com).\",\"sameAs\":[\"http:\\\/\\\/blogdoprosperi.com\",\"Luiz Pr\u00f3speri\",\"@luiz_prosperi\",\"https:\\\/\\\/x.com\\\/Luizprosperi\",\"@prosperinacopa\",\"luiz.prosperi@icloud.com\"],\"url\":\"https:\\\/\\\/blogdoprosperi.com\\\/?author=102107496\"}]}<\/script>\n<!-- \/ Yoast SEO plugin. -->","yoast_head_json":{"title":"Eduardo Baptista sacode cr\u00edticos e ganha apoio de Felipe Melo e Dudu no Palmeiras - PR\u00d3SPERI NEWS","robots":{"index":"index","follow":"follow","max-snippet":"max-snippet:-1","max-image-preview":"max-image-preview:large","max-video-preview":"max-video-preview:-1"},"canonical":"https:\/\/blogdoprosperi.com\/?p=35054","og_locale":"pt_BR","og_type":"article","og_title":"Eduardo Baptista sacode cr\u00edticos e ganha apoio de Felipe Melo e Dudu no Palmeiras - PR\u00d3SPERI NEWS","og_description":"Vida de treinador do Palmeiras n\u00e3o \u00e9 nada f\u00e1cil. \u00c9 dura. Se n\u00e3o tiver estofo e confian\u00e7a, sai [&hellip;]","og_url":"https:\/\/blogdoprosperi.com\/?p=35054","og_site_name":"PR\u00d3SPERI NEWS","article_publisher":"Luiz Pr\u00f3speri","article_author":"Luiz Pr\u00f3speri","article_published_time":"2017-02-17T01:54:56+00:00","article_modified_time":"2017-02-17T02:03:05+00:00","og_image":[{"url":"https:\/\/blogdoprosperi.com\/wp-content\/uploads\/2017\/02\/dudu4.jpg","type":"","width":"","height":""}],"author":"Luiz Ant\u00f4nio Pr\u00f3speri","twitter_card":"summary_large_image","twitter_creator":"@Luizprosperi","twitter_site":"@Luizprosperi","twitter_misc":{"Escrito por":"Luiz Ant\u00f4nio Pr\u00f3speri","Est. tempo de leitura":"2 minutos"},"schema":{"@context":"https:\/\/schema.org","@graph":[{"@type":"Article","@id":"https:\/\/blogdoprosperi.com\/?p=35054#article","isPartOf":{"@id":"https:\/\/blogdoprosperi.com\/?p=35054"},"author":{"name":"Luiz Ant\u00f4nio Pr\u00f3speri","@id":"https:\/\/blogdoprosperi.com\/#\/schema\/person\/38100755ce3601861ee4fab9b5aa78e9"},"headline":"Eduardo Baptista sacode cr\u00edticos e ganha apoio de Felipe Melo e Dudu no Palmeiras","datePublished":"2017-02-17T01:54:56+00:00","dateModified":"2017-02-17T02:03:05+00:00","mainEntityOfPage":{"@id":"https:\/\/blogdoprosperi.com\/?p=35054"},"wordCount":472,"commentCount":0,"publisher":{"@id":"https:\/\/blogdoprosperi.com\/#\/schema\/person\/38100755ce3601861ee4fab9b5aa78e9"},"image":{"@id":"https:\/\/blogdoprosperi.com\/?p=35054#primaryimage"},"thumbnailUrl":"https:\/\/blogdoprosperi.com\/wp-content\/uploads\/2017\/02\/dudu4.jpg","keywords":["Dudu","Eduardo Baptista","Felipe Melo","futebol","Palmeiras"],"articleSection":["futebol"],"inLanguage":"pt-BR","potentialAction":[{"@type":"CommentAction","name":"Comment","target":["https:\/\/blogdoprosperi.com\/?p=35054#respond"]}]},{"@type":"WebPage","@id":"https:\/\/blogdoprosperi.com\/?p=35054","url":"https:\/\/blogdoprosperi.com\/?p=35054","name":"Eduardo Baptista sacode cr\u00edticos e ganha apoio de Felipe Melo e Dudu no Palmeiras - PR\u00d3SPERI NEWS","isPartOf":{"@id":"https:\/\/blogdoprosperi.com\/#website"},"primaryImageOfPage":{"@id":"https:\/\/blogdoprosperi.com\/?p=35054#primaryimage"},"image":{"@id":"https:\/\/blogdoprosperi.com\/?p=35054#primaryimage"},"thumbnailUrl":"https:\/\/blogdoprosperi.com\/wp-content\/uploads\/2017\/02\/dudu4.jpg","datePublished":"2017-02-17T01:54:56+00:00","dateModified":"2017-02-17T02:03:05+00:00","breadcrumb":{"@id":"https:\/\/blogdoprosperi.com\/?p=35054#breadcrumb"},"inLanguage":"pt-BR","potentialAction":[{"@type":"ReadAction","target":["https:\/\/blogdoprosperi.com\/?p=35054"]}]},{"@type":"ImageObject","inLanguage":"pt-BR","@id":"https:\/\/blogdoprosperi.com\/?p=35054#primaryimage","url":"https:\/\/i0.wp.com\/blogdoprosperi.com\/wp-content\/uploads\/2017\/02\/dudu4.jpg?fit=1000%2C618&ssl=1","contentUrl":"https:\/\/i0.wp.com\/blogdoprosperi.com\/wp-content\/uploads\/2017\/02\/dudu4.jpg?fit=1000%2C618&ssl=1","width":1000,"height":618,"caption":"Dudu comemora seu gol contra Botafogo - foto: reprodu\u00e7\u00e3o"},{"@type":"BreadcrumbList","@id":"https:\/\/blogdoprosperi.com\/?p=35054#breadcrumb","itemListElement":[{"@type":"ListItem","position":1,"name":"In\u00edcio","item":"https:\/\/blogdoprosperi.com\/"},{"@type":"ListItem","position":2,"name":"Eduardo Baptista sacode cr\u00edticos e ganha apoio de Felipe Melo e Dudu no Palmeiras"}]},{"@type":"WebSite","@id":"https:\/\/blogdoprosperi.com\/#website","url":"https:\/\/blogdoprosperi.com\/","name":"PR\u00d3SPERI NEWS","description":"TUDO \u00c9  FUTEBOL","publisher":{"@id":"https:\/\/blogdoprosperi.com\/#\/schema\/person\/38100755ce3601861ee4fab9b5aa78e9"},"alternateName":"blogdoprosperi.com","potentialAction":[{"@type":"SearchAction","target":{"@type":"EntryPoint","urlTemplate":"https:\/\/blogdoprosperi.com\/?s={search_term_string}"},"query-input":{"@type":"PropertyValueSpecification","valueRequired":true,"valueName":"search_term_string"}}],"inLanguage":"pt-BR"},{"@type":["Person","Organization"],"@id":"https:\/\/blogdoprosperi.com\/#\/schema\/person\/38100755ce3601861ee4fab9b5aa78e9","name":"Luiz Ant\u00f4nio Pr\u00f3speri","pronouns":"ele","image":{"@type":"ImageObject","inLanguage":"pt-BR","@id":"https:\/\/i0.wp.com\/blogdoprosperi.com\/wp-content\/uploads\/2026\/05\/cropped-8059e613-6002-42fa-961e-8e275f575d71-2-5.jpg?fit=1360%2C931&ssl=1","url":"https:\/\/i0.wp.com\/blogdoprosperi.com\/wp-content\/uploads\/2026\/05\/cropped-8059e613-6002-42fa-961e-8e275f575d71-2-5.jpg?fit=1360%2C931&ssl=1","contentUrl":"https:\/\/i0.wp.com\/blogdoprosperi.com\/wp-content\/uploads\/2026\/05\/cropped-8059e613-6002-42fa-961e-8e275f575d71-2-5.jpg?fit=1360%2C931&ssl=1","width":1360,"height":931,"caption":"Luiz Ant\u00f4nio Pr\u00f3speri"},"logo":{"@id":"https:\/\/i0.wp.com\/blogdoprosperi.com\/wp-content\/uploads\/2026\/05\/cropped-8059e613-6002-42fa-961e-8e275f575d71-2-5.jpg?fit=1360%2C931&ssl=1"},"description":"Jornalista com carreira dedicada ao esporte. Cobriu 9 Copas do Mundo in loco, 1990 na It\u00e1lia, 1994 nos EUA, 1998 na Fran\u00e7a, 2002 na Coreia do Sul e Jap\u00e3o, 2006 na Alemanha, 2010 na \u00c1frica do Sul, 2014 no Brasil, 2018 na R\u00fassia e 2022 no Qatar. Eurocopas, 1992 na Su\u00e9cia e 1996 na Inglaterra. Copa das Confedera\u00e7\u00f5es de 2005 na Alemanha e 2009 na \u00c1frica do Sul. Rep\u00f3rter e Editor, trabalhou no Jornal da Tarde e Estad\u00e3o, de 1984 a fevereiro de 2016. Colunista, blogueiro. E comentarista de futebol na R\u00e1dio Estad\u00e3o, de 2013 a fevereiro de 2016. Jornalista respons\u00e1vel do \"Pr\u00f3speri News\" (blogdoprosperi.com).","sameAs":["http:\/\/blogdoprosperi.com","Luiz Pr\u00f3speri","@luiz_prosperi","https:\/\/x.com\/Luizprosperi","@prosperinacopa","luiz.prosperi@icloud.com"],"url":"https:\/\/blogdoprosperi.com\/?author=102107496"}]}},"jetpack_publicize_connections":[],"jetpack_likes_enabled":false,"jetpack_sharing_enabled":true,"jetpack_shortlink":"https:\/\/wp.me\/p7jvdk-97o","jetpack-related-posts":[{"id":34837,"url":"https:\/\/blogdoprosperi.com\/?p=34837","url_meta":{"origin":35054,"position":0},"title":"Palmeiras precisa de encontrar um goleador","author":"Luiz Ant\u00f4nio Pr\u00f3speri","date":"29 de janeiro de 2017","format":false,"excerpt":"A uma semana da estreia no Campeonato Paulista, o Palmeiras deixa claro sua enorme dificuldade para fazer gols. No amistoso contra a Ponte Preta, \u00faltimo ensaio da pr\u00e9-temporada, empatou por 1 a 1 no Allianz Parque com direito a desperd\u00edcio de uma quantidade consider\u00e1vel de gols, em especial no primeiro\u2026","rel":"","context":"Em &quot;futebol&quot;","block_context":{"text":"futebol","link":"https:\/\/blogdoprosperi.com\/?cat=53870"},"img":{"alt_text":"","src":"https:\/\/i0.wp.com\/blogdoprosperi.com\/wp-content\/uploads\/2017\/01\/32597807695_91ab5a1075_o.jpg?resize=350%2C200&ssl=1","width":350,"height":200,"srcset":"https:\/\/i0.wp.com\/blogdoprosperi.com\/wp-content\/uploads\/2017\/01\/32597807695_91ab5a1075_o.jpg?resize=350%2C200&ssl=1 1x, https:\/\/i0.wp.com\/blogdoprosperi.com\/wp-content\/uploads\/2017\/01\/32597807695_91ab5a1075_o.jpg?resize=525%2C300&ssl=1 1.5x, https:\/\/i0.wp.com\/blogdoprosperi.com\/wp-content\/uploads\/2017\/01\/32597807695_91ab5a1075_o.jpg?resize=700%2C400&ssl=1 2x"},"classes":[]},{"id":34371,"url":"https:\/\/blogdoprosperi.com\/?p=34371","url_meta":{"origin":35054,"position":1},"title":"Palmeiras muda de perfil em busca da Libertadores 2017","author":"Luiz Ant\u00f4nio Pr\u00f3speri","date":"27 de dezembro de 2016","format":false,"excerpt":"Palmeiras vai mudar seu perfil na pr\u00f3xima temporada. Aquele time campe\u00e3o brasileiro, moldado a trocar passes e fazer do ataque uma avalanche, deve ser mais conservador. Vai perder leveza. A mudan\u00e7a \u00e9 em fun\u00e7\u00e3o da Copa Libertadores, principal meta do clube em 2017. Contrata\u00e7\u00f5es do porte de Felipe Melo, Guerra\u2026","rel":"","context":"Em &quot;futebol&quot;","block_context":{"text":"futebol","link":"https:\/\/blogdoprosperi.com\/?cat=53870"},"img":{"alt_text":"","src":"https:\/\/i0.wp.com\/blogdoprosperi.com\/wp-content\/uploads\/2016\/12\/qw28opg.jpg?resize=350%2C200","width":350,"height":200,"srcset":"https:\/\/i0.wp.com\/blogdoprosperi.com\/wp-content\/uploads\/2016\/12\/qw28opg.jpg?resize=350%2C200 1x, https:\/\/i0.wp.com\/blogdoprosperi.com\/wp-content\/uploads\/2016\/12\/qw28opg.jpg?resize=525%2C300 1.5x"},"classes":[]},{"id":35645,"url":"https:\/\/blogdoprosperi.com\/?p=35645","url_meta":{"origin":35054,"position":2},"title":"Ponte Preta se fortalece e enche Palmeiras de d\u00favidas","author":"Luiz Ant\u00f4nio Pr\u00f3speri","date":"23 de abril de 2017","format":false,"excerpt":"Primeiro, derrubou o Santos. Depois, o Palmeiras. A Ponte Preta chega \u00e0 final do Paulist\u00e3o 2017 muito mais forte do que se imaginava. A prova definitiva se deu no Allianz Parque com 40 mil torcedores e tendo como advers\u00e1rio um time de m\u00faltiplos recursos. N\u00e3o se apequenou em nenhum momento,\u2026","rel":"","context":"Em &quot;futebol&quot;","block_context":{"text":"futebol","link":"https:\/\/blogdoprosperi.com\/?cat=53870"},"img":{"alt_text":"","src":"https:\/\/i0.wp.com\/blogdoprosperi.com\/wp-content\/uploads\/2017\/04\/pro14.jpg?fit=1200%2C800&ssl=1&resize=350%2C200","width":350,"height":200,"srcset":"https:\/\/i0.wp.com\/blogdoprosperi.com\/wp-content\/uploads\/2017\/04\/pro14.jpg?fit=1200%2C800&ssl=1&resize=350%2C200 1x, https:\/\/i0.wp.com\/blogdoprosperi.com\/wp-content\/uploads\/2017\/04\/pro14.jpg?fit=1200%2C800&ssl=1&resize=525%2C300 1.5x, https:\/\/i0.wp.com\/blogdoprosperi.com\/wp-content\/uploads\/2017\/04\/pro14.jpg?fit=1200%2C800&ssl=1&resize=700%2C400 2x, https:\/\/i0.wp.com\/blogdoprosperi.com\/wp-content\/uploads\/2017\/04\/pro14.jpg?fit=1200%2C800&ssl=1&resize=1050%2C600 3x"},"classes":[]},{"id":35198,"url":"https:\/\/blogdoprosperi.com\/?p=35198","url_meta":{"origin":35054,"position":3},"title":"Palmeiras de Eduardo Baptista troca bola pela for\u00e7a na Copa Libertadores","author":"Luiz Ant\u00f4nio Pr\u00f3speri","date":"9 de mar\u00e7o de 2017","format":false,"excerpt":"Palmeiras quis guerra quando era necess\u00e1rio jogar bola na estreia na Copa Libertadores. Nada mais question\u00e1vel do que encarar a competi\u00e7\u00e3o continental como algo diferente, de que o jogo f\u00edsico deve ser valorizado mais do que a t\u00e9cnica. Ao partir para o confronto corpo a corpo contra o modest\u00edssimo Atl\u00e9tico\u2026","rel":"","context":"Em &quot;Copa Libertadores&quot;","block_context":{"text":"Copa Libertadores","link":"https:\/\/blogdoprosperi.com\/?cat=270704"},"img":{"alt_text":"","src":"https:\/\/i0.wp.com\/blogdoprosperi.com\/wp-content\/uploads\/2017\/03\/miguel-borja-atletico-tucuman-palmeiras-libertadores-08032017_p28wsh9ohbjb1dbxuhh80akdv.jpg?resize=350%2C200&ssl=1","width":350,"height":200,"srcset":"https:\/\/i0.wp.com\/blogdoprosperi.com\/wp-content\/uploads\/2017\/03\/miguel-borja-atletico-tucuman-palmeiras-libertadores-08032017_p28wsh9ohbjb1dbxuhh80akdv.jpg?resize=350%2C200&ssl=1 1x, https:\/\/i0.wp.com\/blogdoprosperi.com\/wp-content\/uploads\/2017\/03\/miguel-borja-atletico-tucuman-palmeiras-libertadores-08032017_p28wsh9ohbjb1dbxuhh80akdv.jpg?resize=525%2C300&ssl=1 1.5x, https:\/\/i0.wp.com\/blogdoprosperi.com\/wp-content\/uploads\/2017\/03\/miguel-borja-atletico-tucuman-palmeiras-libertadores-08032017_p28wsh9ohbjb1dbxuhh80akdv.jpg?resize=700%2C400&ssl=1 2x, https:\/\/i0.wp.com\/blogdoprosperi.com\/wp-content\/uploads\/2017\/03\/miguel-borja-atletico-tucuman-palmeiras-libertadores-08032017_p28wsh9ohbjb1dbxuhh80akdv.jpg?resize=1050%2C600&ssl=1 3x, https:\/\/i0.wp.com\/blogdoprosperi.com\/wp-content\/uploads\/2017\/03\/miguel-borja-atletico-tucuman-palmeiras-libertadores-08032017_p28wsh9ohbjb1dbxuhh80akdv.jpg?resize=1400%2C800&ssl=1 4x"},"classes":[]},{"id":36584,"url":"https:\/\/blogdoprosperi.com\/?p=36584","url_meta":{"origin":35054,"position":4},"title":"Felipe Melo fora da curva","author":"Luiz Ant\u00f4nio Pr\u00f3speri","date":"11 de agosto de 2017","format":false,"excerpt":"Palmeiras e patrocinadora torraram R$ 115 milh\u00f5es em contrata\u00e7\u00f5es de jogadores porque tinham dinheiro para gastar. Cuca, desde seu in\u00edcio de carreira de treinador, carrega suas mandingas e cren\u00e7as por onde passa. Ajoelhado ou n\u00e3o. De cal\u00e7a vinho ou n\u00e3o.\u00a0Borja e Guerra, apontados como os principais destaques da Libertadores de\u2026","rel":"","context":"Em &quot;Copa Libertadores&quot;","block_context":{"text":"Copa Libertadores","link":"https:\/\/blogdoprosperi.com\/?cat=270704"},"img":{"alt_text":"","src":"https:\/\/i0.wp.com\/blogdoprosperi.com\/wp-content\/uploads\/2017\/08\/34637391310_c47717dd3c_o.jpg?fit=1000%2C611&ssl=1&resize=350%2C200","width":350,"height":200,"srcset":"https:\/\/i0.wp.com\/blogdoprosperi.com\/wp-content\/uploads\/2017\/08\/34637391310_c47717dd3c_o.jpg?fit=1000%2C611&ssl=1&resize=350%2C200 1x, https:\/\/i0.wp.com\/blogdoprosperi.com\/wp-content\/uploads\/2017\/08\/34637391310_c47717dd3c_o.jpg?fit=1000%2C611&ssl=1&resize=525%2C300 1.5x, https:\/\/i0.wp.com\/blogdoprosperi.com\/wp-content\/uploads\/2017\/08\/34637391310_c47717dd3c_o.jpg?fit=1000%2C611&ssl=1&resize=700%2C400 2x"},"classes":[]},{"id":35703,"url":"https:\/\/blogdoprosperi.com\/?p=35703","url_meta":{"origin":35054,"position":5},"title":"Quem tem Felipe Melo corre risco de colher tempestades","author":"Luiz Ant\u00f4nio Pr\u00f3speri","date":"27 de abril de 2017","format":false,"excerpt":"Quem tem um jogador da estirpe de Felipe Melo sabe que n\u00e3o vai navegar a vida inteira em \u00e1guas calmas. \u00c9 preciso acompanhar seus movimentos com o cuidado que se anda em uma loja de cristais. Um leve esbarr\u00e3o pode provocar um enorme preju\u00edzo. Depois, nem tem como recolher os\u2026","rel":"","context":"Em &quot;Copa Libertadores&quot;","block_context":{"text":"Copa Libertadores","link":"https:\/\/blogdoprosperi.com\/?cat=270704"},"img":{"alt_text":"","src":"https:\/\/i0.wp.com\/blogdoprosperi.com\/wp-content\/uploads\/2017\/04\/58c9ff88d056c.jpeg?fit=622%2C350&ssl=1&resize=350%2C200","width":350,"height":200,"srcset":"https:\/\/i0.wp.com\/blogdoprosperi.com\/wp-content\/uploads\/2017\/04\/58c9ff88d056c.jpeg?fit=622%2C350&ssl=1&resize=350%2C200 1x, https:\/\/i0.wp.com\/blogdoprosperi.com\/wp-content\/uploads\/2017\/04\/58c9ff88d056c.jpeg?fit=622%2C350&ssl=1&resize=525%2C300 1.5x"},"classes":[]}],"jetpack_featured_media_url":"","_links":{"self":[{"href":"https:\/\/blogdoprosperi.com\/index.php?rest_route=\/wp\/v2\/posts\/35054","targetHints":{"allow":["GET"]}}],"collection":[{"href":"https:\/\/blogdoprosperi.com\/index.php?rest_route=\/wp\/v2\/posts"}],"about":[{"href":"https:\/\/blogdoprosperi.com\/index.php?rest_route=\/wp\/v2\/types\/post"}],"author":[{"embeddable":true,"href":"https:\/\/blogdoprosperi.com\/index.php?rest_route=\/wp\/v2\/users\/102107496"}],"replies":[{"embeddable":true,"href":"https:\/\/blogdoprosperi.com\/index.php?rest_route=%2Fwp%2Fv2%2Fcomments&post=35054"}],"version-history":[{"count":7,"href":"https:\/\/blogdoprosperi.com\/index.php?rest_route=\/wp\/v2\/posts\/35054\/revisions"}],"predecessor-version":[{"id":35062,"href":"https:\/\/blogdoprosperi.com\/index.php?rest_route=\/wp\/v2\/posts\/35054\/revisions\/35062"}],"wp:attachment":[{"href":"https:\/\/blogdoprosperi.com\/index.php?rest_route=%2Fwp%2Fv2%2Fmedia&parent=35054"}],"wp:term":[{"taxonomy":"category","embeddable":true,"href":"https:\/\/blogdoprosperi.com\/index.php?rest_route=%2Fwp%2Fv2%2Fcategories&post=35054"},{"taxonomy":"post_tag","embeddable":true,"href":"https:\/\/blogdoprosperi.com\/index.php?rest_route=%2Fwp%2Fv2%2Ftags&post=35054"}],"curies":[{"name":"wp","href":"https:\/\/api.w.org\/{rel}","templated":true}]}}