{"id":35080,"date":"2017-02-21T15:41:45","date_gmt":"2017-02-21T18:41:45","guid":{"rendered":"http:\/\/blogdoprosperi.com\/?p=35080"},"modified":"2017-02-21T15:42:09","modified_gmt":"2017-02-21T18:42:09","slug":"andres-sanchez-prepara-sua-volta-ao-comando-do-corinthians","status":"publish","type":"post","link":"https:\/\/blogdoprosperi.com\/?p=35080","title":{"rendered":"Andr\u00e9s Sanchez prepara sua volta ao comando do Corinthians"},"content":{"rendered":"<p><span class=\"aligncenter\"><span class=\"alignnone\"><img data-recalc-dims=\"1\" loading=\"lazy\" decoding=\"async\" data-attachment-id=\"35087\" data-permalink=\"https:\/\/blogdoprosperi.com\/?attachment_id=35087\" data-orig-file=\"https:\/\/i0.wp.com\/blogdoprosperi.com\/wp-content\/uploads\/2017\/02\/15-05-2015-05-05-03-procuradoria-recebe-aval-para-investigar-suposto-crime-eleitoral-de-andres-sanchez.jpg?fit=500%2C300&amp;ssl=1\" data-orig-size=\"500,300\" data-comments-opened=\"1\" data-image-meta=\"{&quot;aperture&quot;:&quot;0&quot;,&quot;credit&quot;:&quot;&quot;,&quot;camera&quot;:&quot;&quot;,&quot;caption&quot;:&quot;&quot;,&quot;created_timestamp&quot;:&quot;0&quot;,&quot;copyright&quot;:&quot;&quot;,&quot;focal_length&quot;:&quot;0&quot;,&quot;iso&quot;:&quot;0&quot;,&quot;shutter_speed&quot;:&quot;0&quot;,&quot;title&quot;:&quot;&quot;,&quot;orientation&quot;:&quot;0&quot;}\" data-image-title=\"15-05-2015-05-05-03-procuradoria-recebe-aval-para-investigar-suposto-crime-eleitoral-de-andres-sanchez\" data-image-description=\"\" data-image-caption=\"\" data-large-file=\"https:\/\/i0.wp.com\/blogdoprosperi.com\/wp-content\/uploads\/2017\/02\/15-05-2015-05-05-03-procuradoria-recebe-aval-para-investigar-suposto-crime-eleitoral-de-andres-sanchez.jpg?fit=500%2C300&amp;ssl=1\" class=\"alignnone size-full wp-image-35087 aligncenter\" src=\"https:\/\/i0.wp.com\/blogdoprosperi.com\/wp-content\/uploads\/2017\/02\/15-05-2015-05-05-03-procuradoria-recebe-aval-para-investigar-suposto-crime-eleitoral-de-andres-sanchez.jpg?resize=500%2C300&#038;ssl=1\" alt=\"15-05-2015-05-05-03-procuradoria-recebe-aval-para-investigar-suposto-crime-eleitoral-de-andres-sanchez\" width=\"500\" height=\"300\" \/><\/span><\/span><\/p>\n<p style=\"text-align:justify;\">Corinthians n\u00e3o levou adiante o impeachment do presidente Roberto Andrade. Por decis\u00e3o do seu Conselho Deliberativo, com 183 votos a favor de Andrade e 81 contra, n\u00e3o foi admitida a possibilidade de afastar o dirigente\u00a0nesta noite de segunda-feira (20\/2). O processo se arrastava h\u00e1 quatro meses. Nos bastidores do Parque S\u00e3o Jorge se tem como certo um amplo acordo costurado dentro do grupo que estava rachado e governa o clube desde 2007 quando Andr\u00e9s Sanchez se elegeu sucessor de Alberto Dualib. Sanchez ter\u00e1 mais peso na gest\u00e3o de Andrade, cujo mandato acaba apenas em fevereiro de 2018.<!--more--><\/p>\n<p style=\"text-align:justify;\">\u201cO presidente errou na administra\u00e7\u00e3o em algumas atitudes, mas isso n\u00e3o configura dolo. A gente tem que tomar cuidado. Essas pessoas que falaram em impeachment t\u00eam muito a perder. Gra\u00e7as a Deus o Conselho \u00e9 soberano e decidiu que n\u00e3o (<em>afastar Andrade<\/em>). \u00c9\u00a0\u00f3bvio que, em um clube de futebol do tamanho do Corinthians, tem que delegar e dividir. Voc\u00ea sozinho n\u00e3o consegue ver tudo no clube. \u00c9 importante que ele (<em>Roberto<\/em>) tenha entendido isso\u201d, disse Andr\u00e9s, logo ap\u00f3s a decis\u00e3o dos conselheiros.<\/p>\n<p style=\"text-align:justify;\">E deu a letra a respeito de um convite para voltar a participar da administra\u00e7\u00e3o do clube: \u201cEu nunca vou falar n\u00e3o para o Corinthians.\u201d<\/p>\n<p style=\"text-align:justify;\">Com Andr\u00e9s do lado, Andrade vai ter de ouvir e acatar muitas das sugest\u00f5es e at\u00e9 imposi\u00e7\u00f5es do ex-presidente. Dos problemas imediatos do time de futebol ao pagamento da enorme d\u00edvida do Itaquer\u00e3o. N\u00e3o por acaso Andrade acenou com a concilia\u00e7\u00e3o proposta por Sanchez.<\/p>\n<p style=\"text-align:justify;\"><span class=\"alignnone\"><img data-recalc-dims=\"1\" loading=\"lazy\" decoding=\"async\" data-attachment-id=\"35090\" data-permalink=\"https:\/\/blogdoprosperi.com\/?attachment_id=35090\" data-orig-file=\"https:\/\/i0.wp.com\/blogdoprosperi.com\/wp-content\/uploads\/2017\/02\/roberto-de-andrade-1.jpg?fit=693%2C447&amp;ssl=1\" data-orig-size=\"693,447\" data-comments-opened=\"1\" data-image-meta=\"{&quot;aperture&quot;:&quot;0&quot;,&quot;credit&quot;:&quot;&quot;,&quot;camera&quot;:&quot;&quot;,&quot;caption&quot;:&quot;&quot;,&quot;created_timestamp&quot;:&quot;0&quot;,&quot;copyright&quot;:&quot;Copyright \\u00a9 Ag\\u00eancia Estado. Todos os direitos reservados&quot;,&quot;focal_length&quot;:&quot;0&quot;,&quot;iso&quot;:&quot;0&quot;,&quot;shutter_speed&quot;:&quot;0&quot;,&quot;title&quot;:&quot;&quot;,&quot;orientation&quot;:&quot;0&quot;}\" data-image-title=\"roberto-de-andrade-1\" data-image-description=\"\" data-image-caption=\"\" data-large-file=\"https:\/\/i0.wp.com\/blogdoprosperi.com\/wp-content\/uploads\/2017\/02\/roberto-de-andrade-1.jpg?fit=693%2C447&amp;ssl=1\" class=\"alignnone size-full wp-image-35090\" src=\"https:\/\/i0.wp.com\/blogdoprosperi.com\/wp-content\/uploads\/2017\/02\/roberto-de-andrade-1.jpg?resize=693%2C447&#038;ssl=1\" alt=\"roberto-de-andrade-1\" width=\"693\" height=\"447\" \/><\/span><\/p>\n<p style=\"text-align:justify;\">\u201cO processo de impeachment nada mais era que algo pol\u00edtico. Queriam antecipar a vota\u00e7\u00e3o. Tiramos uma li\u00e7\u00e3o muito grande disso tudo. O Corinthians sai fortalecido. J\u00e1 vimos que o Conselho tem consenso, pensa no clube. Infelizmente, n\u00e3o s\u00e3o todos, mas a grande maioria. A decis\u00e3o do Conselho\u00a0vai servir para pacificar o clube. Vamos conversar com as pessoas de bem e fazer um mandato sem grupo pol\u00edtico. Quem quer o bem do clube, que se junte a n\u00f3s para colocar o Corinthians definitivamente no lugar mais alto dele.\u201d<\/p>\n<p style=\"text-align:justify;\">Acertados os ponteiros, todos caminhos levam \u00e0 candidatura de Andr\u00e9s Sanchez \u00e0 presid\u00eancia do Corinthians daqui a um ano. Eleito ao comando do clube, no in\u00edcio de 2018, Sanchez poderia at\u00e9 renunciar a seu mandato de deputado federal pelo PT-SP. O cartola n\u00e3o esconde de ningu\u00e9m sua decep\u00e7\u00e3o com a pol\u00edtica parlamentar desde que assumiu o cargo em 2014.<\/p>\n<p style=\"text-align:justify;\">O vice Andr\u00e9 de Oliveira, o conhecido Andr\u00e9 Neg\u00e3o, tamb\u00e9m briga para ser candidato.Se Andrade sofresse o impeachment, ele assumiria a presid\u00eancia. Andr\u00e9 \u00e9 parceiro de Andr\u00e9s desde 2004 quando trabalharam juntos no comando das categorias de base do clube. Andr\u00e9 vai pedir passagem a Andr\u00e9s e lan\u00e7ar sua campanha de olho em 2018.<\/p>\n<p style=\"text-align:justify;\">At\u00e9 l\u00e1 \u00e9 preciso recuperar o Corinthians no \u00e2mbito esportivo e financeiro. Depois de uma longa travessia com t\u00edtulos do Brasileir\u00e3o, Libertadores e do Mundial, o clube embicou em uma crise t\u00e9cnica que se agravou na temporada passada com a sa\u00edda de Tite para assumir a Sele\u00e7\u00e3o Brasileira. Sem caixa e queda acentuada de p\u00fablico no Itaquer\u00e3o crescem as dificuldades para pagar a d\u00edvida do est\u00e1dio. Neste momento clube negocia um alongamento do d\u00e9bito da arena com a Caixa Econ\u00f4mica Federal.<\/p>\n<p style=\"text-align:justify;\"><a href=\"http:\/\/www.chuteirafc.com.br\">LEIA MAIS: Desafios do Corinthians e mais tudo da crise do Atletiba e TV Globo<\/a><\/p>\n<p style=\"text-align:justify;\">Esse \u00e9 o maior desafio de Andrade no \u00faltimo ano de seu mandato. Corinthians precisa de um time forte para trazer a Fiel de volta ao Itaquer\u00e3o e aumentar arrecada\u00e7\u00e3o nas bilheterias. Um teste \u00e9 o cl\u00e1ssico desta quarta-feira (22\/2) contra o Palmeiras. Uma derrota pode injetar combust\u00edvel nas cr\u00edticas aos jogadores e, em especial, ao t\u00e9cnico Fabio Carille.<\/p>\n<p style=\"text-align:justify;\">N\u00e3o custa lembrar que Andr\u00e9s Sanchez vai ter peso nas pr\u00f3ximas decis\u00f5es de Roberto Andrade. Em seu livro autobiogr\u00e1fico \u201cO Mais Louco do Bando\u201d (publicado em 2012), na p\u00e1gina 91, Andr\u00e9s relata: \u201c\u2026 As primeiras felicita\u00e7\u00f5es que recebi (<em>quando foi eleito presidente em 2007<\/em>) vieram do presidente do arquirrival, o tricolor Juvenal Juv\u00eancio, e do meu amigo Vanderlei Luxemburgo, aos quais de imediato liguei de volta\u2026\u201d<\/p>\n<div class=\"jetpack-video-wrapper\"><span class=\"embed-youtube\" style=\"text-align:center; display: block;\"><iframe loading=\"lazy\" class=\"youtube-player\" width=\"560\" height=\"315\" src=\"https:\/\/www.youtube.com\/embed\/B2G41W5Gg1M?version=3&#038;rel=1&#038;showsearch=0&#038;showinfo=1&#038;iv_load_policy=1&#038;fs=1&#038;hl=pt-BR&#038;autohide=2&#038;wmode=transparent\" allowfullscreen=\"true\" style=\"border:0;\" sandbox=\"allow-scripts allow-same-origin allow-popups allow-presentation allow-popups-to-escape-sandbox\"><\/iframe><\/span><\/div>\n","protected":false},"excerpt":{"rendered":"<p>Corinthians n\u00e3o levou adiante o impeachment do presidente Roberto Andrade. Por decis\u00e3o do seu Conselho Deliberativo, com 183 [&hellip;]<\/p>\n","protected":false},"author":102107496,"featured_media":0,"comment_status":"open","ping_status":"open","sticky":false,"template":"","format":"standard","meta":{"_coblocks_attr":"","_coblocks_dimensions":"","_coblocks_responsive_height":"","_coblocks_accordion_ie_support":"","_jetpack_newsletter_access":"","_jetpack_dont_email_post_to_subs":false,"_jetpack_newsletter_tier_id":0,"_jetpack_memberships_contains_paywalled_content":false,"_wpcom_ai_launchpad_first_post":false,"_jetpack_feature_clip_id":0,"_jetpack_memberships_contains_paid_content":false,"footnotes":"","jetpack_publicize_message":"","jetpack_publicize_feature_enabled":true,"jetpack_social_post_already_shared":false,"jetpack_social_options":{"image_generator_settings":{"template":"highway","default_image_id":0,"font":"","enabled":false},"version":2},"jetpack_post_was_ever_published":false},"categories":[53870],"tags":[12774662,2113440,177066,789560560,48280,41381665,38229360],"class_list":["post-35080","post","type-post","status-publish","format-standard","hentry","category-futebol","tag-andre-negao","tag-andres-sanchez","tag-corinthians","tag-futebol","tag-impeachment","tag-itaquerao","tag-roberto-andrade"],"yoast_head":"<!-- This site is optimized with the Yoast SEO plugin v28.4 - https:\/\/yoast.com\/product\/yoast-seo-wordpress\/ -->\n<title>Andr\u00e9s Sanchez prepara sua volta ao comando do Corinthians - PR\u00d3SPERI NEWS<\/title>\n<meta name=\"robots\" content=\"index, follow, max-snippet:-1, max-image-preview:large, max-video-preview:-1\" \/>\n<link rel=\"canonical\" href=\"https:\/\/blogdoprosperi.com\/?p=35080\" \/>\n<meta property=\"og:locale\" content=\"pt_BR\" \/>\n<meta property=\"og:type\" content=\"article\" \/>\n<meta property=\"og:title\" content=\"Andr\u00e9s Sanchez prepara sua volta ao comando do Corinthians - PR\u00d3SPERI NEWS\" \/>\n<meta property=\"og:description\" content=\"Corinthians n\u00e3o levou adiante o impeachment do presidente Roberto Andrade. Por decis\u00e3o do seu Conselho Deliberativo, com 183 [&hellip;]\" \/>\n<meta property=\"og:url\" content=\"https:\/\/blogdoprosperi.com\/?p=35080\" \/>\n<meta property=\"og:site_name\" content=\"PR\u00d3SPERI NEWS\" \/>\n<meta property=\"article:publisher\" content=\"Luiz Pr\u00f3speri\" \/>\n<meta property=\"article:author\" content=\"Luiz Pr\u00f3speri\" \/>\n<meta property=\"article:published_time\" content=\"2017-02-21T18:41:45+00:00\" \/>\n<meta property=\"article:modified_time\" content=\"2017-02-21T18:42:09+00:00\" \/>\n<meta property=\"og:image\" content=\"https:\/\/blogdoprosperi.com\/wp-content\/uploads\/2017\/02\/15-05-2015-05-05-03-procuradoria-recebe-aval-para-investigar-suposto-crime-eleitoral-de-andres-sanchez.jpg\" \/>\n<meta name=\"author\" content=\"Luiz Ant\u00f4nio Pr\u00f3speri\" \/>\n<meta name=\"twitter:card\" content=\"summary_large_image\" \/>\n<meta name=\"twitter:creator\" content=\"@Luizprosperi\" \/>\n<meta name=\"twitter:site\" content=\"@Luizprosperi\" \/>\n<meta name=\"twitter:label1\" content=\"Escrito por\" \/>\n\t<meta name=\"twitter:data1\" content=\"Luiz Ant\u00f4nio Pr\u00f3speri\" \/>\n\t<meta name=\"twitter:label2\" content=\"Est. tempo de leitura\" \/>\n\t<meta name=\"twitter:data2\" content=\"4 minutos\" \/>\n<script type=\"application\/ld+json\" class=\"yoast-schema-graph\">{\"@context\":\"https:\\\/\\\/schema.org\",\"@graph\":[{\"@type\":\"Article\",\"@id\":\"https:\\\/\\\/blogdoprosperi.com\\\/?p=35080#article\",\"isPartOf\":{\"@id\":\"https:\\\/\\\/blogdoprosperi.com\\\/?p=35080\"},\"author\":{\"name\":\"Luiz Ant\u00f4nio Pr\u00f3speri\",\"@id\":\"https:\\\/\\\/blogdoprosperi.com\\\/#\\\/schema\\\/person\\\/38100755ce3601861ee4fab9b5aa78e9\"},\"headline\":\"Andr\u00e9s Sanchez prepara sua volta ao comando do Corinthians\",\"datePublished\":\"2017-02-21T18:41:45+00:00\",\"dateModified\":\"2017-02-21T18:42:09+00:00\",\"mainEntityOfPage\":{\"@id\":\"https:\\\/\\\/blogdoprosperi.com\\\/?p=35080\"},\"wordCount\":747,\"commentCount\":2,\"publisher\":{\"@id\":\"https:\\\/\\\/blogdoprosperi.com\\\/#\\\/schema\\\/person\\\/38100755ce3601861ee4fab9b5aa78e9\"},\"image\":{\"@id\":\"https:\\\/\\\/blogdoprosperi.com\\\/?p=35080#primaryimage\"},\"thumbnailUrl\":\"https:\\\/\\\/blogdoprosperi.com\\\/wp-content\\\/uploads\\\/2017\\\/02\\\/15-05-2015-05-05-03-procuradoria-recebe-aval-para-investigar-suposto-crime-eleitoral-de-andres-sanchez.jpg\",\"keywords\":[\"Andr\u00e9 Neg\u00e3o\",\"Andr\u00e9s Sanchez\",\"Corinthians\",\"futebol\",\"impeachment\",\"Itaquer\u00e3o\",\"Roberto Andrade\"],\"articleSection\":[\"futebol\"],\"inLanguage\":\"pt-BR\",\"potentialAction\":[{\"@type\":\"CommentAction\",\"name\":\"Comment\",\"target\":[\"https:\\\/\\\/blogdoprosperi.com\\\/?p=35080#respond\"]}]},{\"@type\":\"WebPage\",\"@id\":\"https:\\\/\\\/blogdoprosperi.com\\\/?p=35080\",\"url\":\"https:\\\/\\\/blogdoprosperi.com\\\/?p=35080\",\"name\":\"Andr\u00e9s Sanchez prepara sua volta ao comando do Corinthians - PR\u00d3SPERI NEWS\",\"isPartOf\":{\"@id\":\"https:\\\/\\\/blogdoprosperi.com\\\/#website\"},\"primaryImageOfPage\":{\"@id\":\"https:\\\/\\\/blogdoprosperi.com\\\/?p=35080#primaryimage\"},\"image\":{\"@id\":\"https:\\\/\\\/blogdoprosperi.com\\\/?p=35080#primaryimage\"},\"thumbnailUrl\":\"https:\\\/\\\/blogdoprosperi.com\\\/wp-content\\\/uploads\\\/2017\\\/02\\\/15-05-2015-05-05-03-procuradoria-recebe-aval-para-investigar-suposto-crime-eleitoral-de-andres-sanchez.jpg\",\"datePublished\":\"2017-02-21T18:41:45+00:00\",\"dateModified\":\"2017-02-21T18:42:09+00:00\",\"breadcrumb\":{\"@id\":\"https:\\\/\\\/blogdoprosperi.com\\\/?p=35080#breadcrumb\"},\"inLanguage\":\"pt-BR\",\"potentialAction\":[{\"@type\":\"ReadAction\",\"target\":[\"https:\\\/\\\/blogdoprosperi.com\\\/?p=35080\"]}]},{\"@type\":\"ImageObject\",\"inLanguage\":\"pt-BR\",\"@id\":\"https:\\\/\\\/blogdoprosperi.com\\\/?p=35080#primaryimage\",\"url\":\"https:\\\/\\\/i0.wp.com\\\/blogdoprosperi.com\\\/wp-content\\\/uploads\\\/2017\\\/02\\\/15-05-2015-05-05-03-procuradoria-recebe-aval-para-investigar-suposto-crime-eleitoral-de-andres-sanchez.jpg?fit=500%2C300&ssl=1\",\"contentUrl\":\"https:\\\/\\\/i0.wp.com\\\/blogdoprosperi.com\\\/wp-content\\\/uploads\\\/2017\\\/02\\\/15-05-2015-05-05-03-procuradoria-recebe-aval-para-investigar-suposto-crime-eleitoral-de-andres-sanchez.jpg?fit=500%2C300&ssl=1\",\"width\":500,\"height\":300},{\"@type\":\"BreadcrumbList\",\"@id\":\"https:\\\/\\\/blogdoprosperi.com\\\/?p=35080#breadcrumb\",\"itemListElement\":[{\"@type\":\"ListItem\",\"position\":1,\"name\":\"In\u00edcio\",\"item\":\"https:\\\/\\\/blogdoprosperi.com\\\/\"},{\"@type\":\"ListItem\",\"position\":2,\"name\":\"Andr\u00e9s Sanchez prepara sua volta ao comando do Corinthians\"}]},{\"@type\":\"WebSite\",\"@id\":\"https:\\\/\\\/blogdoprosperi.com\\\/#website\",\"url\":\"https:\\\/\\\/blogdoprosperi.com\\\/\",\"name\":\"PR\u00d3SPERI NEWS\",\"description\":\"TUDO \u00c9  FUTEBOL\",\"publisher\":{\"@id\":\"https:\\\/\\\/blogdoprosperi.com\\\/#\\\/schema\\\/person\\\/38100755ce3601861ee4fab9b5aa78e9\"},\"alternateName\":\"blogdoprosperi.com\",\"potentialAction\":[{\"@type\":\"SearchAction\",\"target\":{\"@type\":\"EntryPoint\",\"urlTemplate\":\"https:\\\/\\\/blogdoprosperi.com\\\/?s={search_term_string}\"},\"query-input\":{\"@type\":\"PropertyValueSpecification\",\"valueRequired\":true,\"valueName\":\"search_term_string\"}}],\"inLanguage\":\"pt-BR\"},{\"@type\":[\"Person\",\"Organization\"],\"@id\":\"https:\\\/\\\/blogdoprosperi.com\\\/#\\\/schema\\\/person\\\/38100755ce3601861ee4fab9b5aa78e9\",\"name\":\"Luiz Ant\u00f4nio Pr\u00f3speri\",\"pronouns\":\"ele\",\"image\":{\"@type\":\"ImageObject\",\"inLanguage\":\"pt-BR\",\"@id\":\"https:\\\/\\\/i0.wp.com\\\/blogdoprosperi.com\\\/wp-content\\\/uploads\\\/2026\\\/05\\\/cropped-8059e613-6002-42fa-961e-8e275f575d71-2-5.jpg?fit=1360%2C931&ssl=1\",\"url\":\"https:\\\/\\\/i0.wp.com\\\/blogdoprosperi.com\\\/wp-content\\\/uploads\\\/2026\\\/05\\\/cropped-8059e613-6002-42fa-961e-8e275f575d71-2-5.jpg?fit=1360%2C931&ssl=1\",\"contentUrl\":\"https:\\\/\\\/i0.wp.com\\\/blogdoprosperi.com\\\/wp-content\\\/uploads\\\/2026\\\/05\\\/cropped-8059e613-6002-42fa-961e-8e275f575d71-2-5.jpg?fit=1360%2C931&ssl=1\",\"width\":1360,\"height\":931,\"caption\":\"Luiz Ant\u00f4nio Pr\u00f3speri\"},\"logo\":{\"@id\":\"https:\\\/\\\/i0.wp.com\\\/blogdoprosperi.com\\\/wp-content\\\/uploads\\\/2026\\\/05\\\/cropped-8059e613-6002-42fa-961e-8e275f575d71-2-5.jpg?fit=1360%2C931&ssl=1\"},\"description\":\"Jornalista com carreira dedicada ao esporte. Cobriu 9 Copas do Mundo in loco, 1990 na It\u00e1lia, 1994 nos EUA, 1998 na Fran\u00e7a, 2002 na Coreia do Sul e Jap\u00e3o, 2006 na Alemanha, 2010 na \u00c1frica do Sul, 2014 no Brasil, 2018 na R\u00fassia e 2022 no Qatar. Eurocopas, 1992 na Su\u00e9cia e 1996 na Inglaterra. Copa das Confedera\u00e7\u00f5es de 2005 na Alemanha e 2009 na \u00c1frica do Sul. Rep\u00f3rter e Editor, trabalhou no Jornal da Tarde e Estad\u00e3o, de 1984 a fevereiro de 2016. Colunista, blogueiro. E comentarista de futebol na R\u00e1dio Estad\u00e3o, de 2013 a fevereiro de 2016. Jornalista respons\u00e1vel do \\\"Pr\u00f3speri News\\\" (blogdoprosperi.com).\",\"sameAs\":[\"http:\\\/\\\/blogdoprosperi.com\",\"Luiz Pr\u00f3speri\",\"@luiz_prosperi\",\"https:\\\/\\\/x.com\\\/Luizprosperi\",\"@prosperinacopa\",\"luiz.prosperi@icloud.com\"],\"url\":\"https:\\\/\\\/blogdoprosperi.com\\\/?author=102107496\"}]}<\/script>\n<!-- \/ Yoast SEO plugin. -->","yoast_head_json":{"title":"Andr\u00e9s Sanchez prepara sua volta ao comando do Corinthians - PR\u00d3SPERI NEWS","robots":{"index":"index","follow":"follow","max-snippet":"max-snippet:-1","max-image-preview":"max-image-preview:large","max-video-preview":"max-video-preview:-1"},"canonical":"https:\/\/blogdoprosperi.com\/?p=35080","og_locale":"pt_BR","og_type":"article","og_title":"Andr\u00e9s Sanchez prepara sua volta ao comando do Corinthians - PR\u00d3SPERI NEWS","og_description":"Corinthians n\u00e3o levou adiante o impeachment do presidente Roberto Andrade. Por decis\u00e3o do seu Conselho Deliberativo, com 183 [&hellip;]","og_url":"https:\/\/blogdoprosperi.com\/?p=35080","og_site_name":"PR\u00d3SPERI NEWS","article_publisher":"Luiz Pr\u00f3speri","article_author":"Luiz Pr\u00f3speri","article_published_time":"2017-02-21T18:41:45+00:00","article_modified_time":"2017-02-21T18:42:09+00:00","og_image":[{"url":"https:\/\/blogdoprosperi.com\/wp-content\/uploads\/2017\/02\/15-05-2015-05-05-03-procuradoria-recebe-aval-para-investigar-suposto-crime-eleitoral-de-andres-sanchez.jpg","type":"","width":"","height":""}],"author":"Luiz Ant\u00f4nio Pr\u00f3speri","twitter_card":"summary_large_image","twitter_creator":"@Luizprosperi","twitter_site":"@Luizprosperi","twitter_misc":{"Escrito por":"Luiz Ant\u00f4nio Pr\u00f3speri","Est. tempo de leitura":"4 minutos"},"schema":{"@context":"https:\/\/schema.org","@graph":[{"@type":"Article","@id":"https:\/\/blogdoprosperi.com\/?p=35080#article","isPartOf":{"@id":"https:\/\/blogdoprosperi.com\/?p=35080"},"author":{"name":"Luiz Ant\u00f4nio Pr\u00f3speri","@id":"https:\/\/blogdoprosperi.com\/#\/schema\/person\/38100755ce3601861ee4fab9b5aa78e9"},"headline":"Andr\u00e9s Sanchez prepara sua volta ao comando do Corinthians","datePublished":"2017-02-21T18:41:45+00:00","dateModified":"2017-02-21T18:42:09+00:00","mainEntityOfPage":{"@id":"https:\/\/blogdoprosperi.com\/?p=35080"},"wordCount":747,"commentCount":2,"publisher":{"@id":"https:\/\/blogdoprosperi.com\/#\/schema\/person\/38100755ce3601861ee4fab9b5aa78e9"},"image":{"@id":"https:\/\/blogdoprosperi.com\/?p=35080#primaryimage"},"thumbnailUrl":"https:\/\/blogdoprosperi.com\/wp-content\/uploads\/2017\/02\/15-05-2015-05-05-03-procuradoria-recebe-aval-para-investigar-suposto-crime-eleitoral-de-andres-sanchez.jpg","keywords":["Andr\u00e9 Neg\u00e3o","Andr\u00e9s Sanchez","Corinthians","futebol","impeachment","Itaquer\u00e3o","Roberto Andrade"],"articleSection":["futebol"],"inLanguage":"pt-BR","potentialAction":[{"@type":"CommentAction","name":"Comment","target":["https:\/\/blogdoprosperi.com\/?p=35080#respond"]}]},{"@type":"WebPage","@id":"https:\/\/blogdoprosperi.com\/?p=35080","url":"https:\/\/blogdoprosperi.com\/?p=35080","name":"Andr\u00e9s Sanchez prepara sua volta ao comando do Corinthians - PR\u00d3SPERI NEWS","isPartOf":{"@id":"https:\/\/blogdoprosperi.com\/#website"},"primaryImageOfPage":{"@id":"https:\/\/blogdoprosperi.com\/?p=35080#primaryimage"},"image":{"@id":"https:\/\/blogdoprosperi.com\/?p=35080#primaryimage"},"thumbnailUrl":"https:\/\/blogdoprosperi.com\/wp-content\/uploads\/2017\/02\/15-05-2015-05-05-03-procuradoria-recebe-aval-para-investigar-suposto-crime-eleitoral-de-andres-sanchez.jpg","datePublished":"2017-02-21T18:41:45+00:00","dateModified":"2017-02-21T18:42:09+00:00","breadcrumb":{"@id":"https:\/\/blogdoprosperi.com\/?p=35080#breadcrumb"},"inLanguage":"pt-BR","potentialAction":[{"@type":"ReadAction","target":["https:\/\/blogdoprosperi.com\/?p=35080"]}]},{"@type":"ImageObject","inLanguage":"pt-BR","@id":"https:\/\/blogdoprosperi.com\/?p=35080#primaryimage","url":"https:\/\/i0.wp.com\/blogdoprosperi.com\/wp-content\/uploads\/2017\/02\/15-05-2015-05-05-03-procuradoria-recebe-aval-para-investigar-suposto-crime-eleitoral-de-andres-sanchez.jpg?fit=500%2C300&ssl=1","contentUrl":"https:\/\/i0.wp.com\/blogdoprosperi.com\/wp-content\/uploads\/2017\/02\/15-05-2015-05-05-03-procuradoria-recebe-aval-para-investigar-suposto-crime-eleitoral-de-andres-sanchez.jpg?fit=500%2C300&ssl=1","width":500,"height":300},{"@type":"BreadcrumbList","@id":"https:\/\/blogdoprosperi.com\/?p=35080#breadcrumb","itemListElement":[{"@type":"ListItem","position":1,"name":"In\u00edcio","item":"https:\/\/blogdoprosperi.com\/"},{"@type":"ListItem","position":2,"name":"Andr\u00e9s Sanchez prepara sua volta ao comando do Corinthians"}]},{"@type":"WebSite","@id":"https:\/\/blogdoprosperi.com\/#website","url":"https:\/\/blogdoprosperi.com\/","name":"PR\u00d3SPERI NEWS","description":"TUDO \u00c9  FUTEBOL","publisher":{"@id":"https:\/\/blogdoprosperi.com\/#\/schema\/person\/38100755ce3601861ee4fab9b5aa78e9"},"alternateName":"blogdoprosperi.com","potentialAction":[{"@type":"SearchAction","target":{"@type":"EntryPoint","urlTemplate":"https:\/\/blogdoprosperi.com\/?s={search_term_string}"},"query-input":{"@type":"PropertyValueSpecification","valueRequired":true,"valueName":"search_term_string"}}],"inLanguage":"pt-BR"},{"@type":["Person","Organization"],"@id":"https:\/\/blogdoprosperi.com\/#\/schema\/person\/38100755ce3601861ee4fab9b5aa78e9","name":"Luiz Ant\u00f4nio Pr\u00f3speri","pronouns":"ele","image":{"@type":"ImageObject","inLanguage":"pt-BR","@id":"https:\/\/i0.wp.com\/blogdoprosperi.com\/wp-content\/uploads\/2026\/05\/cropped-8059e613-6002-42fa-961e-8e275f575d71-2-5.jpg?fit=1360%2C931&ssl=1","url":"https:\/\/i0.wp.com\/blogdoprosperi.com\/wp-content\/uploads\/2026\/05\/cropped-8059e613-6002-42fa-961e-8e275f575d71-2-5.jpg?fit=1360%2C931&ssl=1","contentUrl":"https:\/\/i0.wp.com\/blogdoprosperi.com\/wp-content\/uploads\/2026\/05\/cropped-8059e613-6002-42fa-961e-8e275f575d71-2-5.jpg?fit=1360%2C931&ssl=1","width":1360,"height":931,"caption":"Luiz Ant\u00f4nio Pr\u00f3speri"},"logo":{"@id":"https:\/\/i0.wp.com\/blogdoprosperi.com\/wp-content\/uploads\/2026\/05\/cropped-8059e613-6002-42fa-961e-8e275f575d71-2-5.jpg?fit=1360%2C931&ssl=1"},"description":"Jornalista com carreira dedicada ao esporte. Cobriu 9 Copas do Mundo in loco, 1990 na It\u00e1lia, 1994 nos EUA, 1998 na Fran\u00e7a, 2002 na Coreia do Sul e Jap\u00e3o, 2006 na Alemanha, 2010 na \u00c1frica do Sul, 2014 no Brasil, 2018 na R\u00fassia e 2022 no Qatar. Eurocopas, 1992 na Su\u00e9cia e 1996 na Inglaterra. Copa das Confedera\u00e7\u00f5es de 2005 na Alemanha e 2009 na \u00c1frica do Sul. Rep\u00f3rter e Editor, trabalhou no Jornal da Tarde e Estad\u00e3o, de 1984 a fevereiro de 2016. Colunista, blogueiro. E comentarista de futebol na R\u00e1dio Estad\u00e3o, de 2013 a fevereiro de 2016. Jornalista respons\u00e1vel do \"Pr\u00f3speri News\" (blogdoprosperi.com).","sameAs":["http:\/\/blogdoprosperi.com","Luiz Pr\u00f3speri","@luiz_prosperi","https:\/\/x.com\/Luizprosperi","@prosperinacopa","luiz.prosperi@icloud.com"],"url":"https:\/\/blogdoprosperi.com\/?author=102107496"}]}},"jetpack_publicize_connections":[],"jetpack_likes_enabled":false,"jetpack_sharing_enabled":true,"jetpack_shortlink":"https:\/\/wp.me\/p7jvdk-97O","jetpack-related-posts":[{"id":10867,"url":"https:\/\/blogdoprosperi.com\/?p=10867","url_meta":{"origin":35080,"position":0},"title":"Corinthians se sente tra\u00eddo por Tite e presidente rompe com a CBF","author":"Luiz Ant\u00f4nio Pr\u00f3speri","date":"15 de junho de 2016","format":false,"excerpt":"Roberto Andrade, presidente do \u00a0Corinthians, n\u00e3o explicou na entrevista coletiva desta quarta-feita o motivo de ter ficado surpreso com a decis\u00e3o de Tite assumir a Sele\u00e7\u00e3o Brasileira. \"Fiquei sabendo h\u00e1 duas horas pelo pr\u00f3prio Tite, fui surpreendido\", disse Andrade, muito irritado, por volta das 18h. A pergunta: Tite passou tr\u00eas\u2026","rel":"","context":"Em &quot;futebol&quot;","block_context":{"text":"futebol","link":"https:\/\/blogdoprosperi.com\/?cat=53870"},"img":{"alt_text":"","src":"https:\/\/i0.wp.com\/blogdoprosperi.com\/wp-content\/uploads\/2016\/06\/corinthians-edu-gaspar-tite-fotoarena.jpg?resize=350%2C200&ssl=1","width":350,"height":200,"srcset":"https:\/\/i0.wp.com\/blogdoprosperi.com\/wp-content\/uploads\/2016\/06\/corinthians-edu-gaspar-tite-fotoarena.jpg?resize=350%2C200&ssl=1 1x, https:\/\/i0.wp.com\/blogdoprosperi.com\/wp-content\/uploads\/2016\/06\/corinthians-edu-gaspar-tite-fotoarena.jpg?resize=525%2C300&ssl=1 1.5x, https:\/\/i0.wp.com\/blogdoprosperi.com\/wp-content\/uploads\/2016\/06\/corinthians-edu-gaspar-tite-fotoarena.jpg?resize=700%2C400&ssl=1 2x, https:\/\/i0.wp.com\/blogdoprosperi.com\/wp-content\/uploads\/2016\/06\/corinthians-edu-gaspar-tite-fotoarena.jpg?resize=1050%2C600&ssl=1 3x, https:\/\/i0.wp.com\/blogdoprosperi.com\/wp-content\/uploads\/2016\/06\/corinthians-edu-gaspar-tite-fotoarena.jpg?resize=1400%2C800&ssl=1 4x"},"classes":[]},{"id":167,"url":"https:\/\/blogdoprosperi.com\/?p=167","url_meta":{"origin":35080,"position":1},"title":"Corinthians joga pesado com medo de perder Tite","author":"Luiz Ant\u00f4nio Pr\u00f3speri","date":"1 de abril de 2016","format":false,"excerpt":"\u00a0 \"O Corinthians tem presidente, a CBF, n\u00e3o. O Corinthians tem t\u00e9cnico, a CBF, n\u00e3o.\" Com essas declara\u00e7\u00f5es, Roberto Andrade, presidente do Corinthians, deu um n\u00e3o \u00e0 eventual troca de Dunga por Tite no comando da Sele\u00e7\u00e3o Brasileira. A estrat\u00e9gia de Andrade \u00e9 minar a CBF e tirar a credibilidade\u2026","rel":"","context":"Em &quot;futebol&quot;","block_context":{"text":"futebol","link":"https:\/\/blogdoprosperi.com\/?cat=53870"},"img":{"alt_text":"","src":"https:\/\/i0.wp.com\/blogdoprosperi.com\/wp-content\/uploads\/2016\/04\/59c9d470-e4f4-11e4-86ce-318bab141496_inn201504160161.jpg?resize=350%2C200&ssl=1","width":350,"height":200,"srcset":"https:\/\/i0.wp.com\/blogdoprosperi.com\/wp-content\/uploads\/2016\/04\/59c9d470-e4f4-11e4-86ce-318bab141496_inn201504160161.jpg?resize=350%2C200&ssl=1 1x, https:\/\/i0.wp.com\/blogdoprosperi.com\/wp-content\/uploads\/2016\/04\/59c9d470-e4f4-11e4-86ce-318bab141496_inn201504160161.jpg?resize=525%2C300&ssl=1 1.5x"},"classes":[]},{"id":28930,"url":"https:\/\/blogdoprosperi.com\/?p=28930","url_meta":{"origin":35080,"position":2},"title":"Corinthians continua sem paz, mesmo com boa estreia de Oswaldo de Oliveira","author":"Luiz Ant\u00f4nio Pr\u00f3speri","date":"16 de outubro de 2016","format":false,"excerpt":"Corinthians se acalma dentro de campo com a vit\u00f3ria diante do lanterna Am\u00e9rica-MG. Evidente que n\u00e3o fez mais do que a obriga\u00e7\u00e3o, ao jogar em casa contra o pior time do campeonato. Mas a tranquilidade aparente vem da estreia sem sobressaltos de Oswaldo de Oliveira. Treinador rejeitado pela torcida teria\u2026","rel":"","context":"Em &quot;Campeonato Brasileiro&quot;","block_context":{"text":"Campeonato Brasileiro","link":"https:\/\/blogdoprosperi.com\/?cat=355071"},"img":{"alt_text":"","src":"https:\/\/i0.wp.com\/blogdoprosperi.com\/wp-content\/uploads\/2016\/10\/corinthians_venceu_america-mg_por_2_a_0_o7.jpg?resize=350%2C200&ssl=1","width":350,"height":200,"srcset":"https:\/\/i0.wp.com\/blogdoprosperi.com\/wp-content\/uploads\/2016\/10\/corinthians_venceu_america-mg_por_2_a_0_o7.jpg?resize=350%2C200&ssl=1 1x, https:\/\/i0.wp.com\/blogdoprosperi.com\/wp-content\/uploads\/2016\/10\/corinthians_venceu_america-mg_por_2_a_0_o7.jpg?resize=525%2C300&ssl=1 1.5x"},"classes":[]},{"id":30784,"url":"https:\/\/blogdoprosperi.com\/?p=30784","url_meta":{"origin":35080,"position":3},"title":"S\u00e3o Paulo e Corinthians jogam cl\u00e1ssico de fim de feira neste s\u00e1bado","author":"Luiz Ant\u00f4nio Pr\u00f3speri","date":"3 de novembro de 2016","format":false,"excerpt":"S\u00e3o Paulo e Corinthians se enfrentam neste s\u00e1bado no Morumbi no pior momento dos dois times na temporada. O primeiro briga para n\u00e3o ser rebaixado \u00e0 S\u00e9rie B. O segundo finca unhas na rocha em busca da salvadora vaga na Copa Libertadores. Desespero resume bem a situa\u00e7\u00e3o desses gigantes no\u2026","rel":"","context":"Em &quot;Campeonato Brasileiro&quot;","block_context":{"text":"Campeonato Brasileiro","link":"https:\/\/blogdoprosperi.com\/?cat=355071"},"img":{"alt_text":"","src":"https:\/\/i0.wp.com\/blogdoprosperi.com\/wp-content\/uploads\/2016\/11\/luis-fabiano.jpg?resize=350%2C200&ssl=1","width":350,"height":200,"srcset":"https:\/\/i0.wp.com\/blogdoprosperi.com\/wp-content\/uploads\/2016\/11\/luis-fabiano.jpg?resize=350%2C200&ssl=1 1x, https:\/\/i0.wp.com\/blogdoprosperi.com\/wp-content\/uploads\/2016\/11\/luis-fabiano.jpg?resize=525%2C300&ssl=1 1.5x, https:\/\/i0.wp.com\/blogdoprosperi.com\/wp-content\/uploads\/2016\/11\/luis-fabiano.jpg?resize=700%2C400&ssl=1 2x"},"classes":[]},{"id":28072,"url":"https:\/\/blogdoprosperi.com\/?p=28072","url_meta":{"origin":35080,"position":4},"title":"Furac\u00e3o Luxemburgo assusta S\u00e3o Paulo, Santos e Corinthians","author":"Luiz Ant\u00f4nio Pr\u00f3speri","date":"10 de outubro de 2016","format":false,"excerpt":"Vanderlei Luxemburgo voltou da China em junho ao ser demitido do Tianjin, da Segunda Divis\u00e3o. Estava quieto at\u00e9 o fim de setembro. De repente, em apenas uma semana neste in\u00edcio de outubro, provocou um furac\u00e3o com declara\u00e7\u00f5es pol\u00eamicas envolvendo Felip\u00e3o, corrup\u00e7\u00e3o no futebol chin\u00eas e Pep Guardiola. E entrou no\u2026","rel":"","context":"Em &quot;Campeonato Brasileiro&quot;","block_context":{"text":"Campeonato Brasileiro","link":"https:\/\/blogdoprosperi.com\/?cat=355071"},"img":{"alt_text":"","src":"https:\/\/i0.wp.com\/blogdoprosperi.com\/wp-content\/uploads\/2016\/10\/felipc3a3o-06.jpg?resize=350%2C200","width":350,"height":200,"srcset":"https:\/\/i0.wp.com\/blogdoprosperi.com\/wp-content\/uploads\/2016\/10\/felipc3a3o-06.jpg?resize=350%2C200 1x, https:\/\/i0.wp.com\/blogdoprosperi.com\/wp-content\/uploads\/2016\/10\/felipc3a3o-06.jpg?resize=525%2C300 1.5x, https:\/\/i0.wp.com\/blogdoprosperi.com\/wp-content\/uploads\/2016\/10\/felipc3a3o-06.jpg?resize=700%2C400 2x, https:\/\/i0.wp.com\/blogdoprosperi.com\/wp-content\/uploads\/2016\/10\/felipc3a3o-06.jpg?resize=1050%2C600 3x, https:\/\/i0.wp.com\/blogdoprosperi.com\/wp-content\/uploads\/2016\/10\/felipc3a3o-06.jpg?resize=1400%2C800 4x"},"classes":[]},{"id":26086,"url":"https:\/\/blogdoprosperi.com\/?p=26086","url_meta":{"origin":35080,"position":5},"title":"Corinthians espera decis\u00e3o da vaga na Copa do Brasil para contratar novo t\u00e9cnico","author":"Luiz Ant\u00f4nio Pr\u00f3speri","date":"20 de setembro de 2016","format":false,"excerpt":"Corinthians ter\u00e1 um novo treinador se avan\u00e7ar \u00e0s quartas de final da Copa do Brasil. A decis\u00e3o da vaga ser\u00e1 nesta quarta-feira (21\/9) contra o Fluminense no Itaquer\u00e3o - no jogo de ida deu empate 1 a 1. Se garantir a classifica\u00e7\u00e3o, os pr\u00f3ximos jogos est\u00e3o previstos para dia 28\/9\u2026","rel":"","context":"Em &quot;Campeonato Brasileiro&quot;","block_context":{"text":"Campeonato Brasileiro","link":"https:\/\/blogdoprosperi.com\/?cat=355071"},"img":{"alt_text":"","src":"https:\/\/i0.wp.com\/blogdoprosperi.com\/wp-content\/uploads\/2016\/09\/eduardo-baptista-2.jpg?resize=350%2C200","width":350,"height":200,"srcset":"https:\/\/i0.wp.com\/blogdoprosperi.com\/wp-content\/uploads\/2016\/09\/eduardo-baptista-2.jpg?resize=350%2C200 1x, https:\/\/i0.wp.com\/blogdoprosperi.com\/wp-content\/uploads\/2016\/09\/eduardo-baptista-2.jpg?resize=525%2C300 1.5x"},"classes":[]}],"jetpack_featured_media_url":"","_links":{"self":[{"href":"https:\/\/blogdoprosperi.com\/index.php?rest_route=\/wp\/v2\/posts\/35080","targetHints":{"allow":["GET"]}}],"collection":[{"href":"https:\/\/blogdoprosperi.com\/index.php?rest_route=\/wp\/v2\/posts"}],"about":[{"href":"https:\/\/blogdoprosperi.com\/index.php?rest_route=\/wp\/v2\/types\/post"}],"author":[{"embeddable":true,"href":"https:\/\/blogdoprosperi.com\/index.php?rest_route=\/wp\/v2\/users\/102107496"}],"replies":[{"embeddable":true,"href":"https:\/\/blogdoprosperi.com\/index.php?rest_route=%2Fwp%2Fv2%2Fcomments&post=35080"}],"version-history":[{"count":16,"href":"https:\/\/blogdoprosperi.com\/index.php?rest_route=\/wp\/v2\/posts\/35080\/revisions"}],"predecessor-version":[{"id":35098,"href":"https:\/\/blogdoprosperi.com\/index.php?rest_route=\/wp\/v2\/posts\/35080\/revisions\/35098"}],"wp:attachment":[{"href":"https:\/\/blogdoprosperi.com\/index.php?rest_route=%2Fwp%2Fv2%2Fmedia&parent=35080"}],"wp:term":[{"taxonomy":"category","embeddable":true,"href":"https:\/\/blogdoprosperi.com\/index.php?rest_route=%2Fwp%2Fv2%2Fcategories&post=35080"},{"taxonomy":"post_tag","embeddable":true,"href":"https:\/\/blogdoprosperi.com\/index.php?rest_route=%2Fwp%2Fv2%2Ftags&post=35080"}],"curies":[{"name":"wp","href":"https:\/\/api.w.org\/{rel}","templated":true}]}}