{"id":35148,"date":"2017-02-24T17:13:18","date_gmt":"2017-02-24T20:13:18","guid":{"rendered":"http:\/\/blogdoprosperi.com\/?p=35148"},"modified":"2017-02-24T17:14:54","modified_gmt":"2017-02-24T20:14:54","slug":"arbitro-do-classico-corinthians-x-palmeiras-paga-caro-por-seu-erro","status":"publish","type":"post","link":"https:\/\/blogdoprosperi.com\/?p=35148","title":{"rendered":"\u00c1rbitro do cl\u00e1ssico Corinthians x Palmeiras paga caro por seu erro"},"content":{"rendered":"<p style=\"text-align:justify;\"><span class=\"alignnone\"><img data-recalc-dims=\"1\" loading=\"lazy\" decoding=\"async\" data-attachment-id=\"35150\" data-permalink=\"https:\/\/blogdoprosperi.com\/?attachment_id=35150\" data-orig-file=\"https:\/\/i0.wp.com\/blogdoprosperi.com\/wp-content\/uploads\/2017\/02\/keno-aponta-e-o-arbitro-thiago-duarte-peixoto-da-o-segundo-cartao-amarelo-para-gabriel-que-nao-so-nao-cometeu-a-falta-como-nem-participou-do-lance-1487815269145_956x500.jpg?fit=956%2C500&amp;ssl=1\" data-orig-size=\"956,500\" data-comments-opened=\"1\" data-image-meta=\"{&quot;aperture&quot;:&quot;0&quot;,&quot;credit&quot;:&quot;&quot;,&quot;camera&quot;:&quot;&quot;,&quot;caption&quot;:&quot;&quot;,&quot;created_timestamp&quot;:&quot;0&quot;,&quot;copyright&quot;:&quot;&quot;,&quot;focal_length&quot;:&quot;0&quot;,&quot;iso&quot;:&quot;0&quot;,&quot;shutter_speed&quot;:&quot;0&quot;,&quot;title&quot;:&quot;&quot;,&quot;orientation&quot;:&quot;0&quot;}\" data-image-title=\"keno-aponta-e-o-arbitro-thiago-duarte-peixoto-da-o-segundo-cartao-amarelo-para-gabriel-que-nao-so-nao-cometeu-a-falta-como-nem-participou-do-lance-1487815269145_956x500\" data-image-description=\"\" data-image-caption=\"\" data-large-file=\"https:\/\/i0.wp.com\/blogdoprosperi.com\/wp-content\/uploads\/2017\/02\/keno-aponta-e-o-arbitro-thiago-duarte-peixoto-da-o-segundo-cartao-amarelo-para-gabriel-que-nao-so-nao-cometeu-a-falta-como-nem-participou-do-lance-1487815269145_956x500.jpg?fit=940%2C492&amp;ssl=1\" class=\"alignnone size-full wp-image-35150\" src=\"https:\/\/i0.wp.com\/blogdoprosperi.com\/wp-content\/uploads\/2017\/02\/keno-aponta-e-o-arbitro-thiago-duarte-peixoto-da-o-segundo-cartao-amarelo-para-gabriel-que-nao-so-nao-cometeu-a-falta-como-nem-participou-do-lance-1487815269145_956x500.jpg?resize=940%2C492&#038;ssl=1\" alt=\"keno-aponta-e-o-arbitro-thiago-duarte-peixoto-da-o-segundo-cartao-amarelo-para-gabriel-que-nao-so-nao-cometeu-a-falta-como-nem-participou-do-lance-1487815269145_956x500\" width=\"940\" height=\"492\" \/><\/span>Tiago Duarte Peixoto, \u00e1rbitro da trapalhada no cl\u00e1ssico entre Corinthians x Palmeiras, vive dias de linchamento moral e profissional. Espica\u00e7ado nas redes sociais, programas de televis\u00e3o e por toda a comunidade do futebol, sofreu uma dura puni\u00e7\u00e3o da Federa\u00e7\u00e3o Paulista e n\u00e3o poder\u00e1 apitar mais nenhum jogo por tempo indeterminado em competi\u00e7\u00f5es organizadas pela entidade. A CBF tamb\u00e9m encampou a decis\u00e3o da FPF e n\u00e3o vai escalar o \u00e1rbitro em jogos sob a tutela da confedera\u00e7\u00e3o. Tiago deve passar um ano sem assoprar o apito.<!--more--><\/p>\n<p style=\"text-align:justify;\">Dentro do Corinthians, o juiz virou alvo de ironias. Clube convocou uma coletiva \u00a0nesta quinta-feira (23\/2) com Gabriel e Maycon, envolvidos no lance da pol\u00eamica no cl\u00e1ssico. Os dois chegaram na sala de entrevistas usando m\u00e1scaras \u2013 Gabriel com a m\u00e1scara de Maycon e Maycon com m\u00e1scara de Gabriel. Diante de uma plat\u00e9ia de jornalistas se multiplicaram risos e brincadeiras com o erro do juiz. Roberto Andrade, presidente do clube, pediu o banimento de Tiago Peixoto do futebol e, muito bravo, falou que o \u00e1rbitro n\u00e3o apita mais jogos do Corinthians e, se poss\u00edvel, de nenhum clube.<\/p>\n<p style=\"text-align:justify;\">\u201cVou pedir que n\u00e3o apite mais jogo de ningu\u00e9m. De ningu\u00e9m. O quarto \u00e1rbitro tamb\u00e9m fez o trabalho dele, mas o Tiago n\u00e3o deu aten\u00e7\u00e3o a ningu\u00e9m. Est\u00e1 mexendo com o time errado. Ele tem de ser banido do futebol, n\u00e3o pode ser nem torcedor, tem de passar a quil\u00f4metros de um est\u00e1dio de futebol. Est\u00e1 de brincadeira. Ele Ee arrogante e prepotente.\u201d<\/p>\n<p style=\"text-align:justify;\">Diz a Federa\u00e7\u00e3o Paulista que Tiago ser\u00e1 submetido a \u201cavalia\u00e7\u00f5es t\u00e9cnicas, psicol\u00f3gicas e f\u00edsicas por tempo determinado\u201d at\u00e9 ser liberado. Enquanto estiver nesse processo, Thiago n\u00e3o vai receber um tost\u00e3o da entidade paulista. Vai ter de se virar por conta pr\u00f3pria. Bom lembrar que os \u00e1rbitros no Brasil n\u00e3o s\u00e3o profissionais e s\u00e3o remunerados jogo a jogo.<\/p>\n<p style=\"text-align:justify;\"><a href=\"http:\/\/www.chuteirafc.com.br\">LEIA MAIS: no CHUTEIRA FC voc\u00ea encontra not\u00edcias e debate do futebol<\/a><\/p>\n<p style=\"text-align:justify;\">Nesta sexta-feira (24\/2), uma voz saiu em defesa de Tiago Peixoto. Artur Alves J\u00fanior, presidente do Sindicato dos \u00c1rbitros de Futebol do Estado de S\u00e3o Paulo (Safesp), fez duras cr\u00edticas a Roberto Andrade e Federa\u00e7\u00e3o Paulista.<\/p>\n<p style=\"text-align:justify;\">\u201cFoi uma declara\u00e7\u00e3o, no m\u00ednimo, infeliz. Ele (<em>Roberto Andrade, presidente do Corinthians<\/em>) n\u00e3o \u00e9 Deus para desculpar ou n\u00e3o algu\u00e9m. Ele tem que cuidar do clube dele, e eu cuido do meu associado\u201d, disse Arthur Alves J\u00fanior.<\/p>\n<p style=\"text-align:justify;\">Andrade apareceu em programas de televis\u00e3o, ainda nesta sexta-feira, t\u00e3o logo o presidente do sindicato o espinafrou e bateu mais pesado ainda:<\/p>\n<p style=\"text-align:justify;\">\u201cEsse cidad\u00e3o n\u00e3o tem moral para falar do Corinthians (<em>cita\u00e7\u00e3o do presidente do sindicado<\/em>\u00a0ao\u00a0<em>processo do impeachment no clube<\/em>). Pode defender seu associado como quiser, at\u00e9 porque vive de contribui\u00e7\u00e3o sindical. Repito que essa pessoa (<em>Tiago Peixoto<\/em>) \u00e9 prepotente, arrogante e n\u00e3o teve humildade de voltar atr\u00e1s, todo mundo avisou que ele estava errado. Quanto ao presidente do sindicato \u00e9 s\u00f3 dar um Google que voc\u00eas v\u00e3o ver quem \u00e9. Ele foi afastado da Comiss\u00e3o de Arbitragem da Federa\u00e7\u00e3o Paulista por ass\u00e9dio sexual dentro da Federa\u00e7\u00e3o. T\u00e1 tudo na internet\u201d, insistiu o presidente do Corinthians.<\/p>\n<p style=\"text-align:justify;\"><div class=\"jetpack-video-wrapper\"><span class=\"embed-youtube\" style=\"text-align:center; display: block;\"><iframe loading=\"lazy\" class=\"youtube-player\" width=\"940\" height=\"529\" src=\"https:\/\/www.youtube.com\/embed\/oPepEdn33pA?version=3&#038;rel=1&#038;showsearch=0&#038;showinfo=1&#038;iv_load_policy=1&#038;fs=1&#038;hl=pt-BR&#038;autohide=2&#038;wmode=transparent\" allowfullscreen=\"true\" style=\"border:0;\" sandbox=\"allow-scripts allow-same-origin allow-popups allow-presentation allow-popups-to-escape-sandbox\"><\/iframe><\/span><\/div><\/p>\n<p style=\"text-align:justify;\">Artur Alves J\u00fanior disse que o afastamento de Tiago Peixoto n\u00e3o serve a ningu\u00e9m. E lamentou que o trio de arbitragem teve de ir de metr\u00f4 at\u00e9 o Itaquer\u00e3o.<\/p>\n<p style=\"text-align:justify;\">\u201cQuero deixar bem claro a posi\u00e7\u00e3o do Safesp, que \u00e9 de total apoio ao associado Tiago Duarte Peixoto. Ele se equivocou, assumiu o equ\u00edvoco ap\u00f3s o t\u00e9rmino da partida e, inclusive, fez constar isso em s\u00famula. Mas n\u00e3o podemos jogar toda a culpa do acontecido nas costas do Tiago, j\u00e1 que o momento de instabilidade vivido pelos \u00e1rbitros junto ao Departamento de Arbitragem e Comiss\u00e3o de Arbitragem da Federa\u00e7\u00e3o Paulista de Futebol, tem que ser levado em considera\u00e7\u00e3o. Afinal, isso interfere bastante quando um trio ou um quarteto vai a campo para apitar uma partida de futebol\u201d, disse o presidente do Safesp. \u201cEles tiveram de ir de metr\u00f4 at\u00e9 o est\u00e1dio do Corinthians.\u201d<\/p>\n<p style=\"text-align:justify;\">A FPF diz que oferece transporte aos \u00e1rbitros da sede da entidade at\u00e9 os est\u00e1dios. No caso de Tiago Peixoto, chovia pesado na regi\u00e3o da Barra Funda e, por sugest\u00e3o do trio de arbitragem, foram levados at\u00e9 Esta\u00e7\u00e3o Barra Funda e dali seguiram de metr\u00f4 at\u00e9 Esta\u00e7\u00e3o Mooca. L\u00e1 pegaram um carro e foram at\u00e9 o Itaquer\u00e3o.<\/p>\n<p style=\"text-align:justify;\">Desde quarta-feira (22\/2), Tiago Duarte Peixoto n\u00e3o mais se manifestou sobre os incidentes no cl\u00e1ssico Corinthians x Palmeiras. No seu depoimento ap\u00f3s o jogo ainda no Itaquer\u00e3o, fez um apelo para que n\u00e3o seja banido do futebol:<\/p>\n<blockquote>\n<p style=\"text-align:justify;\"><span class=\"alignnone\"><img data-recalc-dims=\"1\" loading=\"lazy\" decoding=\"async\" data-attachment-id=\"35157\" data-permalink=\"https:\/\/blogdoprosperi.com\/?attachment_id=35157\" data-orig-file=\"https:\/\/i0.wp.com\/blogdoprosperi.com\/wp-content\/uploads\/2017\/02\/thiagoduartepeixotoarbitrocorinthianspalmeiraspaulista22022017fernandodantasgazetapress.jpg?fit=460%2C307&amp;ssl=1\" data-orig-size=\"460,307\" data-comments-opened=\"1\" data-image-meta=\"{&quot;aperture&quot;:&quot;0&quot;,&quot;credit&quot;:&quot;&quot;,&quot;camera&quot;:&quot;&quot;,&quot;caption&quot;:&quot;&quot;,&quot;created_timestamp&quot;:&quot;0&quot;,&quot;copyright&quot;:&quot;&quot;,&quot;focal_length&quot;:&quot;0&quot;,&quot;iso&quot;:&quot;0&quot;,&quot;shutter_speed&quot;:&quot;0&quot;,&quot;title&quot;:&quot;&quot;,&quot;orientation&quot;:&quot;0&quot;}\" data-image-title=\"thiagoduartepeixotoarbitrocorinthianspalmeiraspaulista22022017fernandodantasgazetapress\" data-image-description=\"\" data-image-caption=\"\" data-large-file=\"https:\/\/i0.wp.com\/blogdoprosperi.com\/wp-content\/uploads\/2017\/02\/thiagoduartepeixotoarbitrocorinthianspalmeiraspaulista22022017fernandodantasgazetapress.jpg?fit=460%2C307&amp;ssl=1\" class=\"alignnone  wp-image-35157 alignright\" src=\"https:\/\/i0.wp.com\/blogdoprosperi.com\/wp-content\/uploads\/2017\/02\/thiagoduartepeixotoarbitrocorinthianspalmeiraspaulista22022017fernandodantasgazetapress.jpg?resize=314%2C209&#038;ssl=1\" alt=\"thiagoduartepeixotoarbitrocorinthianspalmeiraspaulista22022017fernandodantasgazetapress\" width=\"314\" height=\"209\" \/><\/span>\u201cJ\u00e1 passei por momentos delicados na minha vida pessoal (<em>em 2016<\/em>\u00a0<em>sua mulher estava gr\u00e1vida e morreu de pneumonia, mas os m\u00e9dicos fizeram o parto e filho de Tiago nasceu<\/em>) \u00a0e agora \u00e9 um momento delicado na minha vida profissional. Espero com muita f\u00e9 e for\u00e7a de vontade continuar minha carreira. Seguir, como segue todo mundo quando comete um equ\u00edvoco no tr\u00e2nsito, perde um gol, que usa uma palavra errada quando jornalista. N\u00e3o estou querendo justificar. Apliquei o cart\u00e3o amarelo e vermelho para a pessoa errada, mas espero do fundo do meu cora\u00e7\u00e3o que minha carreira continue.\u201d<\/p>\n<\/blockquote>\n<p style=\"text-align:justify;\">(<a href=\"http:\/\/www.chuteirafc.com.br\">texto publicado no CHUTEIRA FC<\/a>)<\/p>\n","protected":false},"excerpt":{"rendered":"<p>Tiago Duarte Peixoto, \u00e1rbitro da trapalhada no cl\u00e1ssico entre Corinthians x Palmeiras, vive dias de linchamento moral e [&hellip;]<\/p>\n","protected":false},"author":102107496,"featured_media":0,"comment_status":"open","ping_status":"open","sticky":false,"template":"","format":"standard","meta":{"_coblocks_attr":"","_coblocks_dimensions":"","_coblocks_responsive_height":"","_coblocks_accordion_ie_support":"","_jetpack_newsletter_access":"","_jetpack_dont_email_post_to_subs":false,"_jetpack_newsletter_tier_id":0,"_jetpack_memberships_contains_paywalled_content":false,"_wpcom_ai_launchpad_first_post":false,"_jetpack_feature_clip_id":0,"_jetpack_memberships_contains_paid_content":false,"footnotes":"","jetpack_publicize_message":"","jetpack_publicize_feature_enabled":true,"jetpack_social_post_already_shared":false,"jetpack_social_options":{"image_generator_settings":{"template":"highway","default_image_id":0,"font":"","enabled":false},"version":2},"jetpack_post_was_ever_published":false},"categories":[53870],"tags":[789560569,177066,10206164,1576734,789560560,562510860,287104,38229360,27036716,562510859],"class_list":["post-35148","post","type-post","status-publish","format-standard","hentry","category-futebol","tag-cbf","tag-corinthians","tag-corinthians-x-palmeiras","tag-fpf","tag-futebol","tag-gabriel-e-maycon","tag-palmeiras","tag-roberto-andrade","tag-sindicato-dos-arbitros","tag-tiago-duarte-peixto"],"yoast_head":"<!-- This site is optimized with the Yoast SEO plugin v28.3 - https:\/\/yoast.com\/product\/yoast-seo-wordpress\/ -->\n<title>\u00c1rbitro do cl\u00e1ssico Corinthians x Palmeiras paga caro por seu erro - PR\u00d3SPERI NEWS<\/title>\n<meta name=\"robots\" content=\"index, follow, max-snippet:-1, max-image-preview:large, max-video-preview:-1\" \/>\n<link rel=\"canonical\" href=\"https:\/\/blogdoprosperi.com\/?p=35148\" \/>\n<meta property=\"og:locale\" content=\"pt_BR\" \/>\n<meta property=\"og:type\" content=\"article\" \/>\n<meta property=\"og:title\" content=\"\u00c1rbitro do cl\u00e1ssico Corinthians x Palmeiras paga caro por seu erro - PR\u00d3SPERI NEWS\" \/>\n<meta property=\"og:description\" content=\"Tiago Duarte Peixoto, \u00e1rbitro da trapalhada no cl\u00e1ssico entre Corinthians x Palmeiras, vive dias de linchamento moral e [&hellip;]\" \/>\n<meta property=\"og:url\" content=\"https:\/\/blogdoprosperi.com\/?p=35148\" \/>\n<meta property=\"og:site_name\" content=\"PR\u00d3SPERI NEWS\" \/>\n<meta property=\"article:publisher\" content=\"Luiz Pr\u00f3speri\" \/>\n<meta property=\"article:author\" content=\"Luiz Pr\u00f3speri\" \/>\n<meta property=\"article:published_time\" content=\"2017-02-24T20:13:18+00:00\" \/>\n<meta property=\"article:modified_time\" content=\"2017-02-24T20:14:54+00:00\" \/>\n<meta property=\"og:image\" content=\"https:\/\/blogdoprosperi.com\/wp-content\/uploads\/2017\/02\/keno-aponta-e-o-arbitro-thiago-duarte-peixoto-da-o-segundo-cartao-amarelo-para-gabriel-que-nao-so-nao-cometeu-a-falta-como-nem-participou-do-lance-1487815269145_956x500.jpg\" \/>\n<meta name=\"author\" content=\"Luiz Ant\u00f4nio Pr\u00f3speri\" \/>\n<meta name=\"twitter:card\" content=\"summary_large_image\" \/>\n<meta name=\"twitter:creator\" content=\"@Luizprosperi\" \/>\n<meta name=\"twitter:site\" content=\"@Luizprosperi\" \/>\n<meta name=\"twitter:label1\" content=\"Escrito por\" \/>\n\t<meta name=\"twitter:data1\" content=\"Luiz Ant\u00f4nio Pr\u00f3speri\" \/>\n\t<meta name=\"twitter:label2\" content=\"Est. tempo de leitura\" \/>\n\t<meta name=\"twitter:data2\" content=\"5 minutos\" \/>\n<script type=\"application\/ld+json\" class=\"yoast-schema-graph\">{\"@context\":\"https:\\\/\\\/schema.org\",\"@graph\":[{\"@type\":\"Article\",\"@id\":\"https:\\\/\\\/blogdoprosperi.com\\\/?p=35148#article\",\"isPartOf\":{\"@id\":\"https:\\\/\\\/blogdoprosperi.com\\\/?p=35148\"},\"author\":{\"name\":\"Luiz Ant\u00f4nio Pr\u00f3speri\",\"@id\":\"https:\\\/\\\/blogdoprosperi.com\\\/#\\\/schema\\\/person\\\/38100755ce3601861ee4fab9b5aa78e9\"},\"headline\":\"\u00c1rbitro do cl\u00e1ssico Corinthians x Palmeiras paga caro por seu erro\",\"datePublished\":\"2017-02-24T20:13:18+00:00\",\"dateModified\":\"2017-02-24T20:14:54+00:00\",\"mainEntityOfPage\":{\"@id\":\"https:\\\/\\\/blogdoprosperi.com\\\/?p=35148\"},\"wordCount\":955,\"commentCount\":0,\"publisher\":{\"@id\":\"https:\\\/\\\/blogdoprosperi.com\\\/#\\\/schema\\\/person\\\/38100755ce3601861ee4fab9b5aa78e9\"},\"image\":{\"@id\":\"https:\\\/\\\/blogdoprosperi.com\\\/?p=35148#primaryimage\"},\"thumbnailUrl\":\"https:\\\/\\\/blogdoprosperi.com\\\/wp-content\\\/uploads\\\/2017\\\/02\\\/keno-aponta-e-o-arbitro-thiago-duarte-peixoto-da-o-segundo-cartao-amarelo-para-gabriel-que-nao-so-nao-cometeu-a-falta-como-nem-participou-do-lance-1487815269145_956x500.jpg\",\"keywords\":[\"CBF\",\"Corinthians\",\"Corinthians x Palmeiras\",\"FPF\",\"futebol\",\"Gabriel e Maycon\",\"Palmeiras\",\"Roberto Andrade\",\"Sindicato dos \u00c1rbitros\",\"Tiago Duarte Peixto\"],\"articleSection\":[\"futebol\"],\"inLanguage\":\"pt-BR\",\"potentialAction\":[{\"@type\":\"CommentAction\",\"name\":\"Comment\",\"target\":[\"https:\\\/\\\/blogdoprosperi.com\\\/?p=35148#respond\"]}]},{\"@type\":\"WebPage\",\"@id\":\"https:\\\/\\\/blogdoprosperi.com\\\/?p=35148\",\"url\":\"https:\\\/\\\/blogdoprosperi.com\\\/?p=35148\",\"name\":\"\u00c1rbitro do cl\u00e1ssico Corinthians x Palmeiras paga caro por seu erro - PR\u00d3SPERI NEWS\",\"isPartOf\":{\"@id\":\"https:\\\/\\\/blogdoprosperi.com\\\/#website\"},\"primaryImageOfPage\":{\"@id\":\"https:\\\/\\\/blogdoprosperi.com\\\/?p=35148#primaryimage\"},\"image\":{\"@id\":\"https:\\\/\\\/blogdoprosperi.com\\\/?p=35148#primaryimage\"},\"thumbnailUrl\":\"https:\\\/\\\/blogdoprosperi.com\\\/wp-content\\\/uploads\\\/2017\\\/02\\\/keno-aponta-e-o-arbitro-thiago-duarte-peixoto-da-o-segundo-cartao-amarelo-para-gabriel-que-nao-so-nao-cometeu-a-falta-como-nem-participou-do-lance-1487815269145_956x500.jpg\",\"datePublished\":\"2017-02-24T20:13:18+00:00\",\"dateModified\":\"2017-02-24T20:14:54+00:00\",\"breadcrumb\":{\"@id\":\"https:\\\/\\\/blogdoprosperi.com\\\/?p=35148#breadcrumb\"},\"inLanguage\":\"pt-BR\",\"potentialAction\":[{\"@type\":\"ReadAction\",\"target\":[\"https:\\\/\\\/blogdoprosperi.com\\\/?p=35148\"]}]},{\"@type\":\"ImageObject\",\"inLanguage\":\"pt-BR\",\"@id\":\"https:\\\/\\\/blogdoprosperi.com\\\/?p=35148#primaryimage\",\"url\":\"https:\\\/\\\/i0.wp.com\\\/blogdoprosperi.com\\\/wp-content\\\/uploads\\\/2017\\\/02\\\/keno-aponta-e-o-arbitro-thiago-duarte-peixoto-da-o-segundo-cartao-amarelo-para-gabriel-que-nao-so-nao-cometeu-a-falta-como-nem-participou-do-lance-1487815269145_956x500.jpg?fit=956%2C500&ssl=1\",\"contentUrl\":\"https:\\\/\\\/i0.wp.com\\\/blogdoprosperi.com\\\/wp-content\\\/uploads\\\/2017\\\/02\\\/keno-aponta-e-o-arbitro-thiago-duarte-peixoto-da-o-segundo-cartao-amarelo-para-gabriel-que-nao-so-nao-cometeu-a-falta-como-nem-participou-do-lance-1487815269145_956x500.jpg?fit=956%2C500&ssl=1\",\"width\":956,\"height\":500},{\"@type\":\"BreadcrumbList\",\"@id\":\"https:\\\/\\\/blogdoprosperi.com\\\/?p=35148#breadcrumb\",\"itemListElement\":[{\"@type\":\"ListItem\",\"position\":1,\"name\":\"In\u00edcio\",\"item\":\"https:\\\/\\\/blogdoprosperi.com\\\/\"},{\"@type\":\"ListItem\",\"position\":2,\"name\":\"\u00c1rbitro do cl\u00e1ssico Corinthians x Palmeiras paga caro por seu erro\"}]},{\"@type\":\"WebSite\",\"@id\":\"https:\\\/\\\/blogdoprosperi.com\\\/#website\",\"url\":\"https:\\\/\\\/blogdoprosperi.com\\\/\",\"name\":\"PR\u00d3SPERI NEWS\",\"description\":\"TUDO \u00c9  FUTEBOL\",\"publisher\":{\"@id\":\"https:\\\/\\\/blogdoprosperi.com\\\/#\\\/schema\\\/person\\\/38100755ce3601861ee4fab9b5aa78e9\"},\"alternateName\":\"blogdoprosperi.com\",\"potentialAction\":[{\"@type\":\"SearchAction\",\"target\":{\"@type\":\"EntryPoint\",\"urlTemplate\":\"https:\\\/\\\/blogdoprosperi.com\\\/?s={search_term_string}\"},\"query-input\":{\"@type\":\"PropertyValueSpecification\",\"valueRequired\":true,\"valueName\":\"search_term_string\"}}],\"inLanguage\":\"pt-BR\"},{\"@type\":[\"Person\",\"Organization\"],\"@id\":\"https:\\\/\\\/blogdoprosperi.com\\\/#\\\/schema\\\/person\\\/38100755ce3601861ee4fab9b5aa78e9\",\"name\":\"Luiz Ant\u00f4nio Pr\u00f3speri\",\"pronouns\":\"ele\",\"image\":{\"@type\":\"ImageObject\",\"inLanguage\":\"pt-BR\",\"@id\":\"https:\\\/\\\/i0.wp.com\\\/blogdoprosperi.com\\\/wp-content\\\/uploads\\\/2026\\\/05\\\/cropped-8059e613-6002-42fa-961e-8e275f575d71-2-5.jpg?fit=1360%2C931&ssl=1\",\"url\":\"https:\\\/\\\/i0.wp.com\\\/blogdoprosperi.com\\\/wp-content\\\/uploads\\\/2026\\\/05\\\/cropped-8059e613-6002-42fa-961e-8e275f575d71-2-5.jpg?fit=1360%2C931&ssl=1\",\"contentUrl\":\"https:\\\/\\\/i0.wp.com\\\/blogdoprosperi.com\\\/wp-content\\\/uploads\\\/2026\\\/05\\\/cropped-8059e613-6002-42fa-961e-8e275f575d71-2-5.jpg?fit=1360%2C931&ssl=1\",\"width\":1360,\"height\":931,\"caption\":\"Luiz Ant\u00f4nio Pr\u00f3speri\"},\"logo\":{\"@id\":\"https:\\\/\\\/i0.wp.com\\\/blogdoprosperi.com\\\/wp-content\\\/uploads\\\/2026\\\/05\\\/cropped-8059e613-6002-42fa-961e-8e275f575d71-2-5.jpg?fit=1360%2C931&ssl=1\"},\"description\":\"Jornalista com carreira dedicada ao esporte. Cobriu 9 Copas do Mundo in loco, 1990 na It\u00e1lia, 1994 nos EUA, 1998 na Fran\u00e7a, 2002 na Coreia do Sul e Jap\u00e3o, 2006 na Alemanha, 2010 na \u00c1frica do Sul, 2014 no Brasil, 2018 na R\u00fassia e 2022 no Qatar. Eurocopas, 1992 na Su\u00e9cia e 1996 na Inglaterra. Copa das Confedera\u00e7\u00f5es de 2005 na Alemanha e 2009 na \u00c1frica do Sul. Rep\u00f3rter e Editor, trabalhou no Jornal da Tarde e Estad\u00e3o, de 1984 a fevereiro de 2016. Colunista, blogueiro. E comentarista de futebol na R\u00e1dio Estad\u00e3o, de 2013 a fevereiro de 2016. Jornalista respons\u00e1vel do \\\"Pr\u00f3speri News\\\" (blogdoprosperi.com).\",\"sameAs\":[\"http:\\\/\\\/blogdoprosperi.com\",\"Luiz Pr\u00f3speri\",\"@luiz_prosperi\",\"https:\\\/\\\/x.com\\\/Luizprosperi\",\"@prosperinacopa\",\"luiz.prosperi@icloud.com\"],\"url\":\"https:\\\/\\\/blogdoprosperi.com\\\/?author=102107496\"}]}<\/script>\n<!-- \/ Yoast SEO plugin. -->","yoast_head_json":{"title":"\u00c1rbitro do cl\u00e1ssico Corinthians x Palmeiras paga caro por seu erro - PR\u00d3SPERI NEWS","robots":{"index":"index","follow":"follow","max-snippet":"max-snippet:-1","max-image-preview":"max-image-preview:large","max-video-preview":"max-video-preview:-1"},"canonical":"https:\/\/blogdoprosperi.com\/?p=35148","og_locale":"pt_BR","og_type":"article","og_title":"\u00c1rbitro do cl\u00e1ssico Corinthians x Palmeiras paga caro por seu erro - PR\u00d3SPERI NEWS","og_description":"Tiago Duarte Peixoto, \u00e1rbitro da trapalhada no cl\u00e1ssico entre Corinthians x Palmeiras, vive dias de linchamento moral e [&hellip;]","og_url":"https:\/\/blogdoprosperi.com\/?p=35148","og_site_name":"PR\u00d3SPERI NEWS","article_publisher":"Luiz Pr\u00f3speri","article_author":"Luiz Pr\u00f3speri","article_published_time":"2017-02-24T20:13:18+00:00","article_modified_time":"2017-02-24T20:14:54+00:00","og_image":[{"url":"https:\/\/blogdoprosperi.com\/wp-content\/uploads\/2017\/02\/keno-aponta-e-o-arbitro-thiago-duarte-peixoto-da-o-segundo-cartao-amarelo-para-gabriel-que-nao-so-nao-cometeu-a-falta-como-nem-participou-do-lance-1487815269145_956x500.jpg","type":"","width":"","height":""}],"author":"Luiz Ant\u00f4nio Pr\u00f3speri","twitter_card":"summary_large_image","twitter_creator":"@Luizprosperi","twitter_site":"@Luizprosperi","twitter_misc":{"Escrito por":"Luiz Ant\u00f4nio Pr\u00f3speri","Est. tempo de leitura":"5 minutos"},"schema":{"@context":"https:\/\/schema.org","@graph":[{"@type":"Article","@id":"https:\/\/blogdoprosperi.com\/?p=35148#article","isPartOf":{"@id":"https:\/\/blogdoprosperi.com\/?p=35148"},"author":{"name":"Luiz Ant\u00f4nio Pr\u00f3speri","@id":"https:\/\/blogdoprosperi.com\/#\/schema\/person\/38100755ce3601861ee4fab9b5aa78e9"},"headline":"\u00c1rbitro do cl\u00e1ssico Corinthians x Palmeiras paga caro por seu erro","datePublished":"2017-02-24T20:13:18+00:00","dateModified":"2017-02-24T20:14:54+00:00","mainEntityOfPage":{"@id":"https:\/\/blogdoprosperi.com\/?p=35148"},"wordCount":955,"commentCount":0,"publisher":{"@id":"https:\/\/blogdoprosperi.com\/#\/schema\/person\/38100755ce3601861ee4fab9b5aa78e9"},"image":{"@id":"https:\/\/blogdoprosperi.com\/?p=35148#primaryimage"},"thumbnailUrl":"https:\/\/blogdoprosperi.com\/wp-content\/uploads\/2017\/02\/keno-aponta-e-o-arbitro-thiago-duarte-peixoto-da-o-segundo-cartao-amarelo-para-gabriel-que-nao-so-nao-cometeu-a-falta-como-nem-participou-do-lance-1487815269145_956x500.jpg","keywords":["CBF","Corinthians","Corinthians x Palmeiras","FPF","futebol","Gabriel e Maycon","Palmeiras","Roberto Andrade","Sindicato dos \u00c1rbitros","Tiago Duarte Peixto"],"articleSection":["futebol"],"inLanguage":"pt-BR","potentialAction":[{"@type":"CommentAction","name":"Comment","target":["https:\/\/blogdoprosperi.com\/?p=35148#respond"]}]},{"@type":"WebPage","@id":"https:\/\/blogdoprosperi.com\/?p=35148","url":"https:\/\/blogdoprosperi.com\/?p=35148","name":"\u00c1rbitro do cl\u00e1ssico Corinthians x Palmeiras paga caro por seu erro - PR\u00d3SPERI NEWS","isPartOf":{"@id":"https:\/\/blogdoprosperi.com\/#website"},"primaryImageOfPage":{"@id":"https:\/\/blogdoprosperi.com\/?p=35148#primaryimage"},"image":{"@id":"https:\/\/blogdoprosperi.com\/?p=35148#primaryimage"},"thumbnailUrl":"https:\/\/blogdoprosperi.com\/wp-content\/uploads\/2017\/02\/keno-aponta-e-o-arbitro-thiago-duarte-peixoto-da-o-segundo-cartao-amarelo-para-gabriel-que-nao-so-nao-cometeu-a-falta-como-nem-participou-do-lance-1487815269145_956x500.jpg","datePublished":"2017-02-24T20:13:18+00:00","dateModified":"2017-02-24T20:14:54+00:00","breadcrumb":{"@id":"https:\/\/blogdoprosperi.com\/?p=35148#breadcrumb"},"inLanguage":"pt-BR","potentialAction":[{"@type":"ReadAction","target":["https:\/\/blogdoprosperi.com\/?p=35148"]}]},{"@type":"ImageObject","inLanguage":"pt-BR","@id":"https:\/\/blogdoprosperi.com\/?p=35148#primaryimage","url":"https:\/\/i0.wp.com\/blogdoprosperi.com\/wp-content\/uploads\/2017\/02\/keno-aponta-e-o-arbitro-thiago-duarte-peixoto-da-o-segundo-cartao-amarelo-para-gabriel-que-nao-so-nao-cometeu-a-falta-como-nem-participou-do-lance-1487815269145_956x500.jpg?fit=956%2C500&ssl=1","contentUrl":"https:\/\/i0.wp.com\/blogdoprosperi.com\/wp-content\/uploads\/2017\/02\/keno-aponta-e-o-arbitro-thiago-duarte-peixoto-da-o-segundo-cartao-amarelo-para-gabriel-que-nao-so-nao-cometeu-a-falta-como-nem-participou-do-lance-1487815269145_956x500.jpg?fit=956%2C500&ssl=1","width":956,"height":500},{"@type":"BreadcrumbList","@id":"https:\/\/blogdoprosperi.com\/?p=35148#breadcrumb","itemListElement":[{"@type":"ListItem","position":1,"name":"In\u00edcio","item":"https:\/\/blogdoprosperi.com\/"},{"@type":"ListItem","position":2,"name":"\u00c1rbitro do cl\u00e1ssico Corinthians x Palmeiras paga caro por seu erro"}]},{"@type":"WebSite","@id":"https:\/\/blogdoprosperi.com\/#website","url":"https:\/\/blogdoprosperi.com\/","name":"PR\u00d3SPERI NEWS","description":"TUDO \u00c9  FUTEBOL","publisher":{"@id":"https:\/\/blogdoprosperi.com\/#\/schema\/person\/38100755ce3601861ee4fab9b5aa78e9"},"alternateName":"blogdoprosperi.com","potentialAction":[{"@type":"SearchAction","target":{"@type":"EntryPoint","urlTemplate":"https:\/\/blogdoprosperi.com\/?s={search_term_string}"},"query-input":{"@type":"PropertyValueSpecification","valueRequired":true,"valueName":"search_term_string"}}],"inLanguage":"pt-BR"},{"@type":["Person","Organization"],"@id":"https:\/\/blogdoprosperi.com\/#\/schema\/person\/38100755ce3601861ee4fab9b5aa78e9","name":"Luiz Ant\u00f4nio Pr\u00f3speri","pronouns":"ele","image":{"@type":"ImageObject","inLanguage":"pt-BR","@id":"https:\/\/i0.wp.com\/blogdoprosperi.com\/wp-content\/uploads\/2026\/05\/cropped-8059e613-6002-42fa-961e-8e275f575d71-2-5.jpg?fit=1360%2C931&ssl=1","url":"https:\/\/i0.wp.com\/blogdoprosperi.com\/wp-content\/uploads\/2026\/05\/cropped-8059e613-6002-42fa-961e-8e275f575d71-2-5.jpg?fit=1360%2C931&ssl=1","contentUrl":"https:\/\/i0.wp.com\/blogdoprosperi.com\/wp-content\/uploads\/2026\/05\/cropped-8059e613-6002-42fa-961e-8e275f575d71-2-5.jpg?fit=1360%2C931&ssl=1","width":1360,"height":931,"caption":"Luiz Ant\u00f4nio Pr\u00f3speri"},"logo":{"@id":"https:\/\/i0.wp.com\/blogdoprosperi.com\/wp-content\/uploads\/2026\/05\/cropped-8059e613-6002-42fa-961e-8e275f575d71-2-5.jpg?fit=1360%2C931&ssl=1"},"description":"Jornalista com carreira dedicada ao esporte. Cobriu 9 Copas do Mundo in loco, 1990 na It\u00e1lia, 1994 nos EUA, 1998 na Fran\u00e7a, 2002 na Coreia do Sul e Jap\u00e3o, 2006 na Alemanha, 2010 na \u00c1frica do Sul, 2014 no Brasil, 2018 na R\u00fassia e 2022 no Qatar. Eurocopas, 1992 na Su\u00e9cia e 1996 na Inglaterra. Copa das Confedera\u00e7\u00f5es de 2005 na Alemanha e 2009 na \u00c1frica do Sul. Rep\u00f3rter e Editor, trabalhou no Jornal da Tarde e Estad\u00e3o, de 1984 a fevereiro de 2016. Colunista, blogueiro. E comentarista de futebol na R\u00e1dio Estad\u00e3o, de 2013 a fevereiro de 2016. Jornalista respons\u00e1vel do \"Pr\u00f3speri News\" (blogdoprosperi.com).","sameAs":["http:\/\/blogdoprosperi.com","Luiz Pr\u00f3speri","@luiz_prosperi","https:\/\/x.com\/Luizprosperi","@prosperinacopa","luiz.prosperi@icloud.com"],"url":"https:\/\/blogdoprosperi.com\/?author=102107496"}]}},"jetpack_publicize_connections":[],"jetpack_likes_enabled":false,"jetpack_sharing_enabled":true,"jetpack_shortlink":"https:\/\/wp.me\/p7jvdk-98U","jetpack-related-posts":[{"id":54288,"url":"https:\/\/blogdoprosperi.com\/?p=54288","url_meta":{"origin":35148,"position":0},"title":"Voc\u00ea Sabe O Que \u00c9 um Palmeiras x Corinthians?","author":"Luiz Ant\u00f4nio Pr\u00f3speri","date":"6 de agosto de 2025","format":false,"excerpt":"Luiz Ant\u00f4nio Pr\u00f3speri \u2013 6 agosto 2025 (13h05) \u2013 Palmeiras e Corinthians \u00e9 mais que um jogo de futebol. A frase do personagem de Lima Duarte, no filme \"Boleiros\" de Ugo Giorgetti de 1998, explica bem o que significa o cl\u00e1ssico paulista. \"Minha Senhora, a senhora sabe o que \u00e9\u2026","rel":"","context":"Em &quot;Copa do Brasil&quot;","block_context":{"text":"Copa do Brasil","link":"https:\/\/blogdoprosperi.com\/?cat=821950"},"img":{"alt_text":"Voc\u00ea sabe o que \u00e9 um Palmeiras x Corinthians","src":"https:\/\/i0.wp.com\/blogdoprosperi.com\/wp-content\/uploads\/2025\/08\/palmeiras-x-corinthians-1920x1080-1.jpg?fit=1200%2C675&ssl=1&resize=350%2C200","width":350,"height":200,"srcset":"https:\/\/i0.wp.com\/blogdoprosperi.com\/wp-content\/uploads\/2025\/08\/palmeiras-x-corinthians-1920x1080-1.jpg?fit=1200%2C675&ssl=1&resize=350%2C200 1x, https:\/\/i0.wp.com\/blogdoprosperi.com\/wp-content\/uploads\/2025\/08\/palmeiras-x-corinthians-1920x1080-1.jpg?fit=1200%2C675&ssl=1&resize=525%2C300 1.5x, https:\/\/i0.wp.com\/blogdoprosperi.com\/wp-content\/uploads\/2025\/08\/palmeiras-x-corinthians-1920x1080-1.jpg?fit=1200%2C675&ssl=1&resize=700%2C400 2x, https:\/\/i0.wp.com\/blogdoprosperi.com\/wp-content\/uploads\/2025\/08\/palmeiras-x-corinthians-1920x1080-1.jpg?fit=1200%2C675&ssl=1&resize=1050%2C600 3x"},"classes":[]},{"id":26535,"url":"https:\/\/blogdoprosperi.com\/?p=26535","url_meta":{"origin":35148,"position":1},"title":"Arbitragem do Brasileir\u00e3o sob suspeita, admitem dirigentes de clubes","author":"Luiz Ant\u00f4nio Pr\u00f3speri","date":"24 de setembro de 2016","format":false,"excerpt":"CBF n\u00e3o reage \u00e0 a\u00e7\u00e3o de dirigentes de clubes que pedem a cabe\u00e7a de S\u00e9rgio Correia, presidente da Comiss\u00e3o Nacional de Arbitragem. Cartolas est\u00e3o indignados com as atua\u00e7\u00f5es dos \u00e1rbitros no Campeonato Brasileiro e Copa do Brasil. E prometem olhar com uma lupa as atitudes dos ju\u00edzes na 27.\u00aa rodada\u2026","rel":"","context":"Em &quot;Campeonato Brasileiro&quot;","block_context":{"text":"Campeonato Brasileiro","link":"https:\/\/blogdoprosperi.com\/?cat=355071"},"img":{"alt_text":"","src":"https:\/\/i0.wp.com\/blogdoprosperi.com\/wp-content\/uploads\/2016\/09\/2015052906003-gu227kjcd-1.jpg?resize=350%2C200&ssl=1","width":350,"height":200,"srcset":"https:\/\/i0.wp.com\/blogdoprosperi.com\/wp-content\/uploads\/2016\/09\/2015052906003-gu227kjcd-1.jpg?resize=350%2C200&ssl=1 1x, https:\/\/i0.wp.com\/blogdoprosperi.com\/wp-content\/uploads\/2016\/09\/2015052906003-gu227kjcd-1.jpg?resize=525%2C300&ssl=1 1.5x"},"classes":[]},{"id":48780,"url":"https:\/\/blogdoprosperi.com\/?p=48780","url_meta":{"origin":35148,"position":2},"title":"Palmeiras vs S\u00e3o Paulo: O P\u00eanalti que Decide o Cl\u00e1ssico","author":"Luiz Ant\u00f4nio Pr\u00f3speri","date":"11 de mar\u00e7o de 2025","format":false,"excerpt":"Luiz Ant\u00f4nio Pr\u00f3speri \u2013 11 mar\u00e7o (13h35) \u2013 P\u00eanalti de Arboleda em Vitor Roque a favor do Palmeiras ou n\u00e3o p\u00eanalti de Arboleda em Vitor Roque a favor do S\u00e3o Paulo. Cl\u00e1ssico valendo vaga na final do Paulist\u00e3o se resume a esse lance capital. E n\u00e3o se fala mais do\u2026","rel":"","context":"Em &quot;futebol&quot;","block_context":{"text":"futebol","link":"https:\/\/blogdoprosperi.com\/?cat=53870"},"img":{"alt_text":"\u00c1rbitro Flavio Rodrigues, o pol\u00eamico","src":"https:\/\/i0.wp.com\/blogdoprosperi.com\/wp-content\/uploads\/2025\/03\/54379104646_65fbf1747d_c.jpg?fit=800%2C450&ssl=1&resize=350%2C200","width":350,"height":200,"srcset":"https:\/\/i0.wp.com\/blogdoprosperi.com\/wp-content\/uploads\/2025\/03\/54379104646_65fbf1747d_c.jpg?fit=800%2C450&ssl=1&resize=350%2C200 1x, https:\/\/i0.wp.com\/blogdoprosperi.com\/wp-content\/uploads\/2025\/03\/54379104646_65fbf1747d_c.jpg?fit=800%2C450&ssl=1&resize=525%2C300 1.5x, https:\/\/i0.wp.com\/blogdoprosperi.com\/wp-content\/uploads\/2025\/03\/54379104646_65fbf1747d_c.jpg?fit=800%2C450&ssl=1&resize=700%2C400 2x"},"classes":[]},{"id":25288,"url":"https:\/\/blogdoprosperi.com\/?p=25288","url_meta":{"origin":35148,"position":3},"title":"\u00c1rbitro de Palmeiras x Flamengo n\u00e3o \u00e9 maior que Gabriel Jesus e Diego","author":"Luiz Ant\u00f4nio Pr\u00f3speri","date":"12 de setembro de 2016","format":false,"excerpt":"Quando antes de um jogo do quilate de Palmeiras x Flamengo, nesta quarta-feira, se fala muito no \u00e1rbitro eleito pela CBF para apitar a partida \u00e9 porque o futebol perdeu a raz\u00e3o. \u00c9 triste. Um campeonato com 38 rodadas, sempre sob o manto da desconfian\u00e7a, n\u00e3o tem \u00a0sentido. N\u00e3o \u00e9\u2026","rel":"","context":"Em &quot;Campeonato Brasileiro&quot;","block_context":{"text":"Campeonato Brasileiro","link":"https:\/\/blogdoprosperi.com\/?cat=355071"},"img":{"alt_text":"","src":"https:\/\/i0.wp.com\/blogdoprosperi.com\/wp-content\/uploads\/2016\/09\/gabriel-jesus-palmeiras-x-figueirense-3006_1q9xheoznipa1k9aaygnk5bdl.jpg?resize=350%2C200","width":350,"height":200,"srcset":"https:\/\/i0.wp.com\/blogdoprosperi.com\/wp-content\/uploads\/2016\/09\/gabriel-jesus-palmeiras-x-figueirense-3006_1q9xheoznipa1k9aaygnk5bdl.jpg?resize=350%2C200 1x, https:\/\/i0.wp.com\/blogdoprosperi.com\/wp-content\/uploads\/2016\/09\/gabriel-jesus-palmeiras-x-figueirense-3006_1q9xheoznipa1k9aaygnk5bdl.jpg?resize=525%2C300 1.5x"},"classes":[]},{"id":10096,"url":"https:\/\/blogdoprosperi.com\/?p=10096","url_meta":{"origin":35148,"position":4},"title":"Entenda a vit\u00f3ria do Palmeiras contra o Corinthians e o choro de Tite","author":"Luiz Ant\u00f4nio Pr\u00f3speri","date":"12 de junho de 2016","format":false,"excerpt":"Cuca projetava a vit\u00f3ria do Palmeiras no cl\u00e1ssico contra o Corinthians como fundamental na longa caminhada em busca da ta\u00e7a do Brasileir\u00e3o. Havia ingredientes de sobra, entre passado e presente, na mesa do treinador para confirmar a import\u00e2ncia do triunfo. Nenhum detalhe deveria ficar sem aten\u00e7\u00e3o, sob pena de tudo\u2026","rel":"","context":"Em &quot;futebol&quot;","block_context":{"text":"futebol","link":"https:\/\/blogdoprosperi.com\/?cat=53870"},"img":{"alt_text":"","src":"https:\/\/i0.wp.com\/blogdoprosperi.com\/wp-content\/uploads\/2016\/06\/pro5-9.jpg?resize=350%2C200","width":350,"height":200,"srcset":"https:\/\/i0.wp.com\/blogdoprosperi.com\/wp-content\/uploads\/2016\/06\/pro5-9.jpg?resize=350%2C200 1x, https:\/\/i0.wp.com\/blogdoprosperi.com\/wp-content\/uploads\/2016\/06\/pro5-9.jpg?resize=525%2C300 1.5x, https:\/\/i0.wp.com\/blogdoprosperi.com\/wp-content\/uploads\/2016\/06\/pro5-9.jpg?resize=700%2C400 2x, https:\/\/i0.wp.com\/blogdoprosperi.com\/wp-content\/uploads\/2016\/06\/pro5-9.jpg?resize=1050%2C600 3x, https:\/\/i0.wp.com\/blogdoprosperi.com\/wp-content\/uploads\/2016\/06\/pro5-9.jpg?resize=1400%2C800 4x"},"classes":[]},{"id":893,"url":"https:\/\/blogdoprosperi.com\/?p=893","url_meta":{"origin":35148,"position":5},"title":"Futebol paulista est\u00e1 sitiado","author":"Luiz Ant\u00f4nio Pr\u00f3speri","date":"12 de abril de 2016","format":false,"excerpt":"A Secretaria de Seguran\u00e7a P\u00fablica de S\u00e3o Paulo, na figura do seu secret\u00e1rio Alexandre Moraes, vetou o jogo Corinthians x Red Bull Brasil neste domingo \u00e0s 16h no Itaquer\u00e3o pelas quartas de final do Paulist\u00e3o. Argumenta que o governo n\u00e3o tem condi\u00e7\u00f5es de garantir a seguran\u00e7a da partida por causa\u2026","rel":"","context":"Em &quot;futebol&quot;","block_context":{"text":"futebol","link":"https:\/\/blogdoprosperi.com\/?cat=53870"},"img":{"alt_text":"","src":"https:\/\/i0.wp.com\/blogdoprosperi.com\/wp-content\/uploads\/2016\/04\/27jul2014-membros-da-torcida-organizada-do-palmeiras-mancha-alviverde-sao-escoltados-pela-policia-militar-da-estacao-dom-bosco-da-cptm-ate-a-arena-corinthians-na-zona-leste-de-sao-paul.jpg?resize=350%2C200&ssl=1","width":350,"height":200,"srcset":"https:\/\/i0.wp.com\/blogdoprosperi.com\/wp-content\/uploads\/2016\/04\/27jul2014-membros-da-torcida-organizada-do-palmeiras-mancha-alviverde-sao-escoltados-pela-policia-militar-da-estacao-dom-bosco-da-cptm-ate-a-arena-corinthians-na-zona-leste-de-sao-paul.jpg?resize=350%2C200&ssl=1 1x, https:\/\/i0.wp.com\/blogdoprosperi.com\/wp-content\/uploads\/2016\/04\/27jul2014-membros-da-torcida-organizada-do-palmeiras-mancha-alviverde-sao-escoltados-pela-policia-militar-da-estacao-dom-bosco-da-cptm-ate-a-arena-corinthians-na-zona-leste-de-sao-paul.jpg?resize=525%2C300&ssl=1 1.5x"},"classes":[]}],"jetpack_featured_media_url":"","_links":{"self":[{"href":"https:\/\/blogdoprosperi.com\/index.php?rest_route=\/wp\/v2\/posts\/35148","targetHints":{"allow":["GET"]}}],"collection":[{"href":"https:\/\/blogdoprosperi.com\/index.php?rest_route=\/wp\/v2\/posts"}],"about":[{"href":"https:\/\/blogdoprosperi.com\/index.php?rest_route=\/wp\/v2\/types\/post"}],"author":[{"embeddable":true,"href":"https:\/\/blogdoprosperi.com\/index.php?rest_route=\/wp\/v2\/users\/102107496"}],"replies":[{"embeddable":true,"href":"https:\/\/blogdoprosperi.com\/index.php?rest_route=%2Fwp%2Fv2%2Fcomments&post=35148"}],"version-history":[{"count":15,"href":"https:\/\/blogdoprosperi.com\/index.php?rest_route=\/wp\/v2\/posts\/35148\/revisions"}],"predecessor-version":[{"id":35165,"href":"https:\/\/blogdoprosperi.com\/index.php?rest_route=\/wp\/v2\/posts\/35148\/revisions\/35165"}],"wp:attachment":[{"href":"https:\/\/blogdoprosperi.com\/index.php?rest_route=%2Fwp%2Fv2%2Fmedia&parent=35148"}],"wp:term":[{"taxonomy":"category","embeddable":true,"href":"https:\/\/blogdoprosperi.com\/index.php?rest_route=%2Fwp%2Fv2%2Fcategories&post=35148"},{"taxonomy":"post_tag","embeddable":true,"href":"https:\/\/blogdoprosperi.com\/index.php?rest_route=%2Fwp%2Fv2%2Ftags&post=35148"}],"curies":[{"name":"wp","href":"https:\/\/api.w.org\/{rel}","templated":true}]}}