{"id":35166,"date":"2017-03-04T16:04:23","date_gmt":"2017-03-04T19:04:23","guid":{"rendered":"http:\/\/blogdoprosperi.com\/?p=35166"},"modified":"2017-03-04T16:04:23","modified_gmt":"2017-03-04T19:04:23","slug":"mancha-verde-em-guerra-e-a-crua-realidade-dos-assassinatos-de-lideres-de-torcidas-em-todo-o-brasil","status":"publish","type":"post","link":"https:\/\/blogdoprosperi.com\/?p=35166","title":{"rendered":"Mancha Verde em guerra e a crua realidade dos assassinatos de l\u00edderes de torcidas em todo o Brasil"},"content":{"rendered":"<p style=\"text-align:justify;\"><span class=\"alignnone\"><img data-recalc-dims=\"1\" loading=\"lazy\" decoding=\"async\" data-attachment-id=\"35168\" data-permalink=\"https:\/\/blogdoprosperi.com\/?attachment_id=35168\" data-orig-file=\"https:\/\/i0.wp.com\/blogdoprosperi.com\/wp-content\/uploads\/2017\/03\/600027-970x600-1.jpeg?fit=970%2C600&amp;ssl=1\" data-orig-size=\"970,600\" data-comments-opened=\"1\" data-image-meta=\"{&quot;aperture&quot;:&quot;0&quot;,&quot;credit&quot;:&quot;&quot;,&quot;camera&quot;:&quot;&quot;,&quot;caption&quot;:&quot;&quot;,&quot;created_timestamp&quot;:&quot;0&quot;,&quot;copyright&quot;:&quot;&quot;,&quot;focal_length&quot;:&quot;0&quot;,&quot;iso&quot;:&quot;0&quot;,&quot;shutter_speed&quot;:&quot;0&quot;,&quot;title&quot;:&quot;&quot;,&quot;orientation&quot;:&quot;0&quot;}\" data-image-title=\"600027-970&amp;#215;600-1\" data-image-description=\"\" data-image-caption=\"\" data-large-file=\"https:\/\/i0.wp.com\/blogdoprosperi.com\/wp-content\/uploads\/2017\/03\/600027-970x600-1.jpeg?fit=940%2C581&amp;ssl=1\" class=\"alignnone size-full wp-image-35168\" src=\"https:\/\/i0.wp.com\/blogdoprosperi.com\/wp-content\/uploads\/2017\/03\/600027-970x600-1.jpeg?resize=940%2C581&#038;ssl=1\" alt=\"600027-970x600-1\" width=\"940\" height=\"581\" \/><\/span><\/p>\n<p style=\"text-align:justify;\">O corpo de Moacir Bianchi foi sepultado em um jazigo da Mancha Alviverde no Cemit\u00e9rio do Jaragu\u00e1 na tarde de sexta-feira (3\/3). Moa, como era conhecido, tombou abatido por 22 disparos na madrugada de quinta-feira (2\/3) em uma avenida do bairro Ipiranga, na capital paulista. Fundador da Mancha e um dos mais ardorosos defensores da fac\u00e7\u00e3o, Bianchi andava incomodado com os rumos da organizada. Caiu assassinado como dezenas de l\u00edderes de torcidas de futebol no Brasil afora tombam mortos h\u00e1 mais de uma d\u00e9cada, com mais peso de 2012 para os dias de hoje. Uma carnificina sem prazo para acabar.<!--more--><\/p>\n<p style=\"text-align:justify;\">Na noite desta mesma sexta-feira (3\/3), investigadores da DHPP (Delegacia de Homic\u00eddios e Prote\u00e7\u00e3o \u00e0 Pessoa) foram farejar em Perdizes, Zona Oeste de S\u00e3o Paulo, e cumpriram um mandado de busca e apreens\u00e3o na sede da Mancha. Corriam em busca de explica\u00e7\u00f5es para o sangue derramado de um dos l\u00edderes da maior torcida organizada do Palmeiras. A Pol\u00edcia de S\u00e3o Paulo e as for\u00e7as de seguran\u00e7a do governo estadual n\u00e3o sabem, ou fingem n\u00e3o saber, que vem chumbo grosso por a\u00ed.\u00a0<a href=\"http:\/\/www.chuteirafc.com.br\/reportagem-assassinato-de-lider-da-mancha-verde-abala-o-palmeiras\/\">\u00c9 grande a suspeita de vingan\u00e7a entre integrantes da Mancha e uma guerra pelo controle da &#8220;entidade&#8221;.<\/a><\/p>\n<p style=\"text-align:justify;\">Mais que a hip\u00f3tese de vingan\u00e7a em honra ao l\u00edder morto, os investigadores trabalham em cima de dados das redes sociais onde \u00e9 clara a luta pelo poder na Mancha.\u00a0Outras informa\u00e7\u00f5es dispersas tentam relacionar disputas pol\u00edticas internas e envolvimento com o PCC (Primeiro Comando da Capital). Ali\u00e1s, a entrada do PCC no futebol tem sido debatida, investigada, mas pouco comprovada pelos organismos de seguran\u00e7a do Estado.<\/p>\n<p style=\"text-align:justify;\">No caso da Mancha, em uma r\u00e1pida procura nas redes sociais \u00e9 poss\u00edvel encontrar ind\u00edcios de uma guerra interna pelo poder. A sede, onde habitam os principais l\u00edderes da fac\u00e7\u00e3o, teria perdido o controle de sub-sedes importantes na Capital \u2013 bom lembrar que a Mancha tem pouco mais de 60 sub-sedes em S\u00e3o Paulo e em todo o Pa\u00eds. Por tr\u00e1s dessa, digamos, rebeli\u00e3o contra a sede principal estaria o PCC, que teria estendido seus tent\u00e1culos \u00e0\u00a0maioria das grandes torcidas paulistas \u2013 casos de Gavi\u00f5es (Corinthians), Independente (S\u00e3o Paulo) e Jovem (Santos). Falta a Mancha, que, segundo suspeitas, resiste ao avan\u00e7o do PCC nas suas entranhas, da\u00ed o assassinato de Moacir Bianchi, um dos l\u00edderes mais carism\u00e1ticos da fac\u00e7\u00e3o organizada do Palmeiras.<\/p>\n<p style=\"text-align:justify;\"><a href=\"http:\/\/www.chuteirafc.com.br\">LEIA MAIS: no CHUTEIRA FC \u00a0o caso da morte do fundador da Mancha Verde<\/a><\/p>\n<p style=\"text-align:justify;\">De acordo com o portal R7, um \u00e1udio vazado na tarde desta sexta-feira (3\/3) revela um plano de fundadores e antigos membros da Mancha vingarem a morte de Bianchi. \u201cN\u00f3s vamos chegar pra tombar, n\u00f3s vamos chegar pra deitar todo mundo. O que fizeram com o Moacir foi covardia.\u201d Em outro \u00e1udio:\u00a0&#8220;Eles (PCC) deram o primeiro recado. \u00c9 s\u00f3 o primeiro. \u00c9 isso que t\u00e1 acontecendo com essas torcidas que n\u00e3o aceitam que o Comando entre nas torcidas e mande parar (com as brigas). O recado foi dado.&#8221;<\/p>\n<p style=\"text-align:justify;\"><em>Veja v\u00eddeo do assassinato de Moacir Bianchi:<\/em><\/p>\n<div class=\"jetpack-video-wrapper\"><span class=\"embed-youtube\" style=\"text-align:center; display: block;\"><iframe loading=\"lazy\" class=\"youtube-player\" width=\"940\" height=\"529\" src=\"https:\/\/www.youtube.com\/embed\/E2pqs_nbOHk?version=3&#038;rel=1&#038;showsearch=0&#038;showinfo=1&#038;iv_load_policy=1&#038;fs=1&#038;hl=pt-BR&#038;autohide=2&#038;wmode=transparent\" allowfullscreen=\"true\" style=\"border:0;\" sandbox=\"allow-scripts allow-same-origin allow-popups allow-presentation allow-popups-to-escape-sandbox\"><\/iframe><\/span><\/div>\n<p>O estranho nessa hist\u00f3ria toda \u00e9 que o PCC aparece com for\u00e7a no futebol quando as grandes torcidas organizadas decretaram um pacto, ali\u00e1s bem duvidoso, de paz no futebol. Esse pacto foi anunciado meses ap\u00f3s a Opera\u00e7\u00e3o Cart\u00e3o Vermelho, deflagrada pela Secretaria de Seguran\u00e7a P\u00fablica de S\u00e3o Paulo, na \u00e9poca sob comando do secret\u00e1rio de Justi\u00e7a Alexandre de Moraes, que depois virou ministro da Justi\u00e7a e hoje est\u00e1 perto de assumir uma cadeira no STF por indica\u00e7\u00e3o do presidente Michel Temer. A Opera\u00e7\u00e3o Cart\u00e3o Vermelho promoveu uma devassa nas sedes de Mancha e Gavi\u00f5es e instituiu a torcida \u00fanica nos cl\u00e1ssicos do futebol paulista.<\/p>\n<p style=\"text-align:justify;\">Vamos voltar ao pacto de paz entre as fac\u00e7\u00f5es divulgado pelos seus l\u00edderes no fim de 2016. Acompanhe um trecho da reportagem da\u00a0<em>Ponte Jornalismo<\/em>\u00a0sobre este caso, publicada em dezembro de 2016.<\/p>\n<p style=\"text-align:justify;\">&#8220;&#8230; A pol\u00edcia investiga a hip\u00f3tese de o acordo de paz ter sido selado ap\u00f3s um &#8216;salve&#8217;, ou seja, uma determina\u00e7\u00e3o que surgiu da Penitenci\u00e1ria de Presidente Venceslau, no interior de S\u00e3o Paulo, onde est\u00e1 presa a c\u00fapula da fac\u00e7\u00e3o criminosa PCC (Primeiro Comando da Capital). Quatro \u00e1udios de conversas que seriam entre integrantes das torcidas circulam por grupos de WhatsApp, incluindo os restritos a policiais. Os rapazes afirmam terem recebido amea\u00e7as do crime organizado caso haja brigas e mortes entre torcidas.<\/p>\n<p style=\"text-align:justify;\">A Pol\u00edcia Civil divulgou \u00a0ter aberto inqu\u00e9rito para apurar a veracidade dos \u00e1udios. Quem vai investigar o caso \u00e9 a delegada Margarete Barreto, da Drade (Delegacia de Pol\u00edcia de Repress\u00e3o e An\u00e1lise aos Delitos de Intoler\u00e2ncia Esportiva), subordinada ao DHPP (Departamento de Homic\u00eddios e de Prote\u00e7\u00e3o \u00e0 Pessoa).<\/p>\n<p style=\"text-align:justify;\">Outra hip\u00f3tese levantada pela pol\u00edcia \u00e9 que as organizadas estejam aproveitando a onda de \u201cfair play\u201d para terem um voto de confian\u00e7a da sociedade e dos \u00f3rg\u00e3os de seguran\u00e7a p\u00fablica, sem liga\u00e7\u00e3o alguma com o PCC.<\/p>\n<p style=\"text-align:justify;\">Um investigador do DHPP, que pediu para n\u00e3o ser identificado, confirmou \u00e0\u00a0<em>Ponte Jornalismo<\/em>\u00a0a veracidade dos \u00e1udios. \u201cO PCC deu a ordem para acabar com as brigas. O que a gente investiga \u00e9 qual o interesse que a fac\u00e7\u00e3o tem com isso, ou seja, no que estariam interferindo as brigas com o neg\u00f3cio do PCC\u201d, disse. \u201cA Pol\u00edcia Civil identificou como reais as conversas. Mas detalhes podem atrapalhar investiga\u00e7\u00f5es maiores\u201d, complementou.<\/p>\n<p style=\"text-align:justify;\">De acordo com a diretora do DHPP, Elisabete Sato, os presidentes das quatro grandes torcidas afirmaram querer o fim da intoler\u00e2ncia no futebol. Por isso, ofereceram um pacto, com o slogan \u201cmais festa, nenhuma viol\u00eancia\u201d, para que elas possam assistir aos cl\u00e1ssicos este ano com as torcidas rivais no est\u00e1dio.<\/p>\n<p style=\"text-align:justify;\">Desde abril deste ano (2016), os cl\u00e1ssicos ocorridos em S\u00e3o Paulo t\u00eam torcida \u00fanica. A medida havia sido pedida pelo Minist\u00e9rio P\u00fablico \u00e0 Federa\u00e7\u00e3o Paulista de Futebol e foi anunciada com aval da Secretaria da Seguran\u00e7a P\u00fablica do Estado de S\u00e3o Paulo ap\u00f3s a morte de um torcedor em S\u00e3o Miguel Paulista, na Zona Leste, depois de um jogo entre Palmeiras e Corinthians v\u00e1lido pelo Campeonato Paulista de 2016.<\/p>\n<p style=\"text-align:justify;\">No \u00faltimo s\u00e1bado (4\/12\/2016), as quatro torcidas dos clubes de S\u00e3o Paulo se uniram em frente ao est\u00e1dio do Pacaembu em solidariedade \u00e0s v\u00edtimas da trag\u00e9dia que matou 71 pessoas em um voo que levava a equipe da Chapecoense a Medell\u00edn, na Col\u00f4mbia&#8221;, conclui a reportagem da\u00a0<em>Ponte Jornalismo<\/em>.<\/p>\n<p><img data-recalc-dims=\"1\" loading=\"lazy\" decoding=\"async\" class=\"size-full wp-image-4742\" src=\"https:\/\/i0.wp.com\/www.chuteirafc.com.br\/wp-content\/uploads\/2017\/03\/f_373465.jpg?resize=940%2C540\" alt=\"SP - FUTEBOL\/ORGANIZADAS\/SP\/CHAPECOENSE - ESPORTES - Integrantes de torcidas organizadas de S\u00e3o Paulo se re\u00fanem na Pra\u00e7a Charles Miller, em frente ao Est\u00e1dio do Pacaembu, na zona oeste de S\u00e3o Paulo, para ato em homenagem \u00e0 Chapecoense, neste domingo, 4. O avi\u00e3o que levava a delega\u00e7\u00e3o do time catarinense para a Col\u00f4mbia caiu na madrugada de ter\u00e7a-feira, 29, deixando 71 mortos. 04\/12\/2016 - Foto: DANIEL TEIXEIRA\/ESTAD\u00c3O CONTE\u00daDO\" width=\"940\" height=\"540\" \/><\/p>\n<p style=\"text-align:justify;\"><strong>VIOL\u00caNCIA EM TODO PA\u00cdS<\/strong><\/p>\n<p style=\"text-align:justify;\">A morte por assassinato de l\u00edderes de torcidas organizadas n\u00e3o se restringe ao futebol paulista.\u00a0<strong>CHUTEIRA FC<\/strong>\u00a0levantou alguns casos not\u00f3rios de outras mortes Brasil afora, com base em relatos da imprensa. Uma carnificina. Acompanhe.<\/p>\n<p style=\"text-align:justify;\"><em><strong>Abril de 2016<\/strong><\/em><\/p>\n<p style=\"text-align:justify;\"><em>Fortaleza<\/em>\u00a0\u2013 Presidente de uma das torcidas organizadas do Cear\u00e1, Vicente de Paula Lima Pereira, 34 anos, foi morto a tiros na avenida Central, no Conjunto Novo Oriente, em Maracana\u00fa, por volta das 10h no dia 24\/4\/2016. De acordo com informa\u00e7\u00f5es do 14.\u00ba Batalh\u00e3o da Pol\u00edcia Militar, a Per\u00edcia Forense contabilizou 16 perfura\u00e7\u00f5es no corpo da v\u00edtima.\u00a0&#8220;Paulinho&#8221;, como era conhecido, era o l\u00edder da torcida Movimento Organizado For\u00e7a Independente (Mofi). Testemunhas informaram \u00e0 Pol\u00edcia que o autor do disparo estava em um ve\u00edculo modelo Vectra de cor azul. Ap\u00f3s efetuar os disparos em Vicente de Paula, o suspeito fugiu.<\/p>\n<p style=\"text-align:justify;\">Os tiros atingiram a cabe\u00e7a, o t\u00f3rax e os bra\u00e7os da v\u00edtima, conforme informou a PM. A Divis\u00e3o de Homic\u00eddios e Prote\u00e7\u00e3o \u00e0 Pessoa (DHPP) est\u00e1 investigando o crime. Uma moto, que estaria com o l\u00edder da Mofi no momento do crime, foi encaminhada para a especializada. Ainda n\u00e3o h\u00e1 informa\u00e7\u00f5es sobre a motiva\u00e7\u00e3o do assassinato.<\/p>\n<p style=\"text-align:justify;\"><em>Salvador<\/em>\u00a0\u2013 A Pol\u00edcia Civil j\u00e1 identificou o autor da morte do puxador da Torcida Uniformizada Imbat\u00edveis (TUI) do Vit\u00f3ria, Lucas dos Santos Lima, de 35 anos, conhecido como \u201cChapolin\u201d. Ele foi executado dentro de sua loja, no bairro do Barris, em Salvador, em 25\/4\/2016.\u00a0No jogo anterior entre Vit\u00f3ria e Bahia, em\u00a013\/4\/2016, tr\u00eas torcedores ligados \u00e0 Bamor foram esfaqueados por supostos integrantes da TUI, em Brotas. A pol\u00edcia n\u00e3o confirma rela\u00e7\u00e3o com o caso da morte de \u201cChapolin\u201d.<\/p>\n<p style=\"text-align:justify;\"><strong>Outubro de 2016<\/strong><\/p>\n<p style=\"text-align:justify;\"><em>Goi\u00e2nia<\/em>\u00a0\u2013 Morte de Bruno Eur\u00edpedes Rodrigues, presidente da torcida organizada Sangue Colorado, do Vila Nova, teria sido motivada por rixa entre torcidas organizadas rivais. As primeiras apura\u00e7\u00f5es apontam que Bruno Rodrigues estava em uma resid\u00eancia acompanhado de Johnas Cleber Brito da Silva e outros conhecidos. Em determinado momento, dois homens encapuzados entraram no local e efetuaram v\u00e1rios disparos contra eles.<\/p>\n<p style=\"text-align:justify;\"><strong>Mar\u00e7o de 2016<\/strong><\/p>\n<p style=\"text-align:justify;\"><em>Rio<\/em>\u00a0\u2013 A morte do chefe da Torcida Jovem do Vasco e do Americano e assessor do deputado Geraldo Pudim Vin\u00edcius do Ros\u00e1rio Almeida Mangelo, conhecido como \u201cBirigui\u201d, de 38 anos, teve como motiva\u00e7\u00e3o uma briga entre torcedores das torcidas organizadas do Flamengo e do Vasco. O crime ocorreu na noite de 5\/3\/2016, em frente \u00e0\u00a0quadra do bloco Os Psicod\u00e9licos, no Parque Ros\u00e1rio. O acusado M.V.L.G., de 33 anos, \u00e9 chefe da Torcida Organizada do Flamengo em Campos e morador em Guarus. Ele foi autuado e preso.\u00a0\u201cO autor do homic\u00eddio possui uma passagem pela pol\u00edcia no ano de 2010, quando foi preso pela pr\u00e1tica de inc\u00eandio a um quiosque, tendo como motiva\u00e7\u00e3o tamb\u00e9m a rivalidade de torcida. \u00c0 \u00e9poca, o quiosque teria rela\u00e7\u00e3o com o time do Botafogo&#8221;, disse a pol\u00edcia na \u00e9poca.<\/p>\n<p style=\"text-align:justify;\"><strong>Setembro de 2014<\/strong><\/p>\n<p style=\"text-align:justify;\"><em>Campina Grande<\/em>\u00a0\u00a0\u2013 Um homem foi assassinado em um bar localizado no bairro Jos\u00e9 Pinheiro, no munic\u00edpio de Campina Grande. Elton M\u00e1rcio, conhecido como \u201cElton Cabeludo\u201d, tinha 27 anos e era vice-presidente da torcida \u201cFac\u00e7\u00e3o Jovem\u201d, do clube Campinense.\u00a0Segundo testemunhas, a v\u00edtima estava no bar quando dois homens chegaram e efetuaram disparos contra Elton, que n\u00e3o resistiu. Elton Cabeludo teria se envolvido, anteriormente, em algumas brigas entre torcidas. Essa foi a quinta morte de um membro de torcida organizada no per\u00edodo de um ano em Campina Grande. Antes do assassinato de Elton, outros quatro torcedores, que faziam parte da Torcida Jovem do Galo, foram v\u00edtimas de homic\u00eddio.<\/p>\n<p style=\"text-align:justify;\"><strong>Novembro de 2014<\/strong><\/p>\n<p style=\"text-align:justify;\"><em>Bel\u00e9m<\/em>\u00a0\u2013 Pol\u00edcia Civil prende duas pessoas suspeitas de envolvimento na morte de um l\u00edder de uma torcida organizada do Clube do Remo. Um v\u00eddeo seria a prova da participa\u00e7\u00e3o dos suspeitos no crime.\u00a0Na grava\u00e7\u00e3o, um grupo comemora a morte do rival. Um homem e uma mulher foram presos em 27\/11\/2014, suspeitos de envolvimento na morte de Fredison de Jesus Lima da Silva, de 32 anos, l\u00edder de uma extinta torcida organizada.\u00a0\u201cEles se encontram com a v\u00edtima, conhecida como \u2018Gargamel\u2019, e deram quatro tiros nele\u201d, disse o delegado Aldo Botelho na \u00e9poca.<\/p>\n<p style=\"text-align:justify;\">(<a href=\"http:\/\/www.chuteirafc.com.br\">texto publicado no CHUTEIRA FC<\/a>)<\/p>\n","protected":false},"excerpt":{"rendered":"<p>O corpo de Moacir Bianchi foi sepultado em um jazigo da Mancha Alviverde no Cemit\u00e9rio do Jaragu\u00e1 na [&hellip;]<\/p>\n","protected":false},"author":102107496,"featured_media":0,"comment_status":"open","ping_status":"open","sticky":false,"template":"","format":"standard","meta":{"_coblocks_attr":"","_coblocks_dimensions":"","_coblocks_responsive_height":"","_coblocks_accordion_ie_support":"","_jetpack_newsletter_access":"","_jetpack_dont_email_post_to_subs":false,"_jetpack_newsletter_tier_id":0,"_jetpack_memberships_contains_paywalled_content":false,"_wpcom_ai_launchpad_first_post":false,"_jetpack_feature_clip_id":0,"_jetpack_memberships_contains_paid_content":false,"footnotes":"","jetpack_publicize_message":"","jetpack_publicize_feature_enabled":true,"jetpack_social_post_already_shared":false,"jetpack_social_options":{"image_generator_settings":{"template":"highway","default_image_id":0,"font":"","enabled":false},"version":2},"jetpack_post_was_ever_published":false},"categories":[53870],"tags":[789560560,12294660,563716518,287104,2540],"class_list":["post-35166","post","type-post","status-publish","format-standard","hentry","category-futebol","tag-futebol","tag-mancha-alviverde","tag-moacir-bianchi","tag-palmeiras","tag-pcc"],"yoast_head":"<!-- This site is optimized with the Yoast SEO plugin v28.4 - https:\/\/yoast.com\/product\/yoast-seo-wordpress\/ -->\n<title>Mancha Verde em guerra e a crua realidade dos assassinatos de l\u00edderes de torcidas em todo o Brasil - PR\u00d3SPERI NEWS<\/title>\n<meta name=\"robots\" content=\"index, follow, max-snippet:-1, max-image-preview:large, max-video-preview:-1\" \/>\n<link rel=\"canonical\" href=\"https:\/\/blogdoprosperi.com\/?p=35166\" \/>\n<meta property=\"og:locale\" content=\"pt_BR\" \/>\n<meta property=\"og:type\" content=\"article\" \/>\n<meta property=\"og:title\" content=\"Mancha Verde em guerra e a crua realidade dos assassinatos de l\u00edderes de torcidas em todo o Brasil - PR\u00d3SPERI NEWS\" \/>\n<meta property=\"og:description\" content=\"O corpo de Moacir Bianchi foi sepultado em um jazigo da Mancha Alviverde no Cemit\u00e9rio do Jaragu\u00e1 na [&hellip;]\" \/>\n<meta property=\"og:url\" content=\"https:\/\/blogdoprosperi.com\/?p=35166\" \/>\n<meta property=\"og:site_name\" content=\"PR\u00d3SPERI NEWS\" \/>\n<meta property=\"article:publisher\" content=\"Luiz Pr\u00f3speri\" \/>\n<meta property=\"article:author\" content=\"Luiz Pr\u00f3speri\" \/>\n<meta property=\"article:published_time\" content=\"2017-03-04T19:04:23+00:00\" \/>\n<meta property=\"og:image\" content=\"https:\/\/blogdoprosperi.com\/wp-content\/uploads\/2017\/03\/600027-970x600-1.jpeg\" \/>\n<meta name=\"author\" content=\"Luiz Ant\u00f4nio Pr\u00f3speri\" \/>\n<meta name=\"twitter:card\" content=\"summary_large_image\" \/>\n<meta name=\"twitter:creator\" content=\"@Luizprosperi\" \/>\n<meta name=\"twitter:site\" content=\"@Luizprosperi\" \/>\n<meta name=\"twitter:label1\" content=\"Escrito por\" \/>\n\t<meta name=\"twitter:data1\" content=\"Luiz Ant\u00f4nio Pr\u00f3speri\" \/>\n\t<meta name=\"twitter:label2\" content=\"Est. tempo de leitura\" \/>\n\t<meta name=\"twitter:data2\" content=\"9 minutos\" \/>\n<script type=\"application\/ld+json\" class=\"yoast-schema-graph\">{\"@context\":\"https:\\\/\\\/schema.org\",\"@graph\":[{\"@type\":\"Article\",\"@id\":\"https:\\\/\\\/blogdoprosperi.com\\\/?p=35166#article\",\"isPartOf\":{\"@id\":\"https:\\\/\\\/blogdoprosperi.com\\\/?p=35166\"},\"author\":{\"name\":\"Luiz Ant\u00f4nio Pr\u00f3speri\",\"@id\":\"https:\\\/\\\/blogdoprosperi.com\\\/#\\\/schema\\\/person\\\/38100755ce3601861ee4fab9b5aa78e9\"},\"headline\":\"Mancha Verde em guerra e a crua realidade dos assassinatos de l\u00edderes de torcidas em todo o Brasil\",\"datePublished\":\"2017-03-04T19:04:23+00:00\",\"mainEntityOfPage\":{\"@id\":\"https:\\\/\\\/blogdoprosperi.com\\\/?p=35166\"},\"wordCount\":1886,\"commentCount\":1,\"publisher\":{\"@id\":\"https:\\\/\\\/blogdoprosperi.com\\\/#\\\/schema\\\/person\\\/38100755ce3601861ee4fab9b5aa78e9\"},\"image\":{\"@id\":\"https:\\\/\\\/blogdoprosperi.com\\\/?p=35166#primaryimage\"},\"thumbnailUrl\":\"https:\\\/\\\/blogdoprosperi.com\\\/wp-content\\\/uploads\\\/2017\\\/03\\\/600027-970x600-1.jpeg\",\"keywords\":[\"futebol\",\"Mancha Alviverde\",\"Moacir Bianchi\",\"Palmeiras\",\"PCC\"],\"articleSection\":[\"futebol\"],\"inLanguage\":\"pt-BR\",\"potentialAction\":[{\"@type\":\"CommentAction\",\"name\":\"Comment\",\"target\":[\"https:\\\/\\\/blogdoprosperi.com\\\/?p=35166#respond\"]}]},{\"@type\":\"WebPage\",\"@id\":\"https:\\\/\\\/blogdoprosperi.com\\\/?p=35166\",\"url\":\"https:\\\/\\\/blogdoprosperi.com\\\/?p=35166\",\"name\":\"Mancha Verde em guerra e a crua realidade dos assassinatos de l\u00edderes de torcidas em todo o Brasil - PR\u00d3SPERI NEWS\",\"isPartOf\":{\"@id\":\"https:\\\/\\\/blogdoprosperi.com\\\/#website\"},\"primaryImageOfPage\":{\"@id\":\"https:\\\/\\\/blogdoprosperi.com\\\/?p=35166#primaryimage\"},\"image\":{\"@id\":\"https:\\\/\\\/blogdoprosperi.com\\\/?p=35166#primaryimage\"},\"thumbnailUrl\":\"https:\\\/\\\/blogdoprosperi.com\\\/wp-content\\\/uploads\\\/2017\\\/03\\\/600027-970x600-1.jpeg\",\"datePublished\":\"2017-03-04T19:04:23+00:00\",\"breadcrumb\":{\"@id\":\"https:\\\/\\\/blogdoprosperi.com\\\/?p=35166#breadcrumb\"},\"inLanguage\":\"pt-BR\",\"potentialAction\":[{\"@type\":\"ReadAction\",\"target\":[\"https:\\\/\\\/blogdoprosperi.com\\\/?p=35166\"]}]},{\"@type\":\"ImageObject\",\"inLanguage\":\"pt-BR\",\"@id\":\"https:\\\/\\\/blogdoprosperi.com\\\/?p=35166#primaryimage\",\"url\":\"https:\\\/\\\/i0.wp.com\\\/blogdoprosperi.com\\\/wp-content\\\/uploads\\\/2017\\\/03\\\/600027-970x600-1.jpeg?fit=970%2C600&ssl=1\",\"contentUrl\":\"https:\\\/\\\/i0.wp.com\\\/blogdoprosperi.com\\\/wp-content\\\/uploads\\\/2017\\\/03\\\/600027-970x600-1.jpeg?fit=970%2C600&ssl=1\",\"width\":970,\"height\":600},{\"@type\":\"BreadcrumbList\",\"@id\":\"https:\\\/\\\/blogdoprosperi.com\\\/?p=35166#breadcrumb\",\"itemListElement\":[{\"@type\":\"ListItem\",\"position\":1,\"name\":\"In\u00edcio\",\"item\":\"https:\\\/\\\/blogdoprosperi.com\\\/\"},{\"@type\":\"ListItem\",\"position\":2,\"name\":\"Mancha Verde em guerra e a crua realidade dos assassinatos de l\u00edderes de torcidas em todo o Brasil\"}]},{\"@type\":\"WebSite\",\"@id\":\"https:\\\/\\\/blogdoprosperi.com\\\/#website\",\"url\":\"https:\\\/\\\/blogdoprosperi.com\\\/\",\"name\":\"PR\u00d3SPERI NEWS\",\"description\":\"TUDO \u00c9  FUTEBOL\",\"publisher\":{\"@id\":\"https:\\\/\\\/blogdoprosperi.com\\\/#\\\/schema\\\/person\\\/38100755ce3601861ee4fab9b5aa78e9\"},\"alternateName\":\"blogdoprosperi.com\",\"potentialAction\":[{\"@type\":\"SearchAction\",\"target\":{\"@type\":\"EntryPoint\",\"urlTemplate\":\"https:\\\/\\\/blogdoprosperi.com\\\/?s={search_term_string}\"},\"query-input\":{\"@type\":\"PropertyValueSpecification\",\"valueRequired\":true,\"valueName\":\"search_term_string\"}}],\"inLanguage\":\"pt-BR\"},{\"@type\":[\"Person\",\"Organization\"],\"@id\":\"https:\\\/\\\/blogdoprosperi.com\\\/#\\\/schema\\\/person\\\/38100755ce3601861ee4fab9b5aa78e9\",\"name\":\"Luiz Ant\u00f4nio Pr\u00f3speri\",\"pronouns\":\"ele\",\"image\":{\"@type\":\"ImageObject\",\"inLanguage\":\"pt-BR\",\"@id\":\"https:\\\/\\\/i0.wp.com\\\/blogdoprosperi.com\\\/wp-content\\\/uploads\\\/2026\\\/05\\\/cropped-8059e613-6002-42fa-961e-8e275f575d71-2-5.jpg?fit=1360%2C931&ssl=1\",\"url\":\"https:\\\/\\\/i0.wp.com\\\/blogdoprosperi.com\\\/wp-content\\\/uploads\\\/2026\\\/05\\\/cropped-8059e613-6002-42fa-961e-8e275f575d71-2-5.jpg?fit=1360%2C931&ssl=1\",\"contentUrl\":\"https:\\\/\\\/i0.wp.com\\\/blogdoprosperi.com\\\/wp-content\\\/uploads\\\/2026\\\/05\\\/cropped-8059e613-6002-42fa-961e-8e275f575d71-2-5.jpg?fit=1360%2C931&ssl=1\",\"width\":1360,\"height\":931,\"caption\":\"Luiz Ant\u00f4nio Pr\u00f3speri\"},\"logo\":{\"@id\":\"https:\\\/\\\/i0.wp.com\\\/blogdoprosperi.com\\\/wp-content\\\/uploads\\\/2026\\\/05\\\/cropped-8059e613-6002-42fa-961e-8e275f575d71-2-5.jpg?fit=1360%2C931&ssl=1\"},\"description\":\"Jornalista com carreira dedicada ao esporte. Cobriu 9 Copas do Mundo in loco, 1990 na It\u00e1lia, 1994 nos EUA, 1998 na Fran\u00e7a, 2002 na Coreia do Sul e Jap\u00e3o, 2006 na Alemanha, 2010 na \u00c1frica do Sul, 2014 no Brasil, 2018 na R\u00fassia e 2022 no Qatar. Eurocopas, 1992 na Su\u00e9cia e 1996 na Inglaterra. Copa das Confedera\u00e7\u00f5es de 2005 na Alemanha e 2009 na \u00c1frica do Sul. Rep\u00f3rter e Editor, trabalhou no Jornal da Tarde e Estad\u00e3o, de 1984 a fevereiro de 2016. Colunista, blogueiro. E comentarista de futebol na R\u00e1dio Estad\u00e3o, de 2013 a fevereiro de 2016. Jornalista respons\u00e1vel do \\\"Pr\u00f3speri News\\\" (blogdoprosperi.com).\",\"sameAs\":[\"http:\\\/\\\/blogdoprosperi.com\",\"Luiz Pr\u00f3speri\",\"@luiz_prosperi\",\"https:\\\/\\\/x.com\\\/Luizprosperi\",\"@prosperinacopa\",\"luiz.prosperi@icloud.com\"],\"url\":\"https:\\\/\\\/blogdoprosperi.com\\\/?author=102107496\"}]}<\/script>\n<!-- \/ Yoast SEO plugin. -->","yoast_head_json":{"title":"Mancha Verde em guerra e a crua realidade dos assassinatos de l\u00edderes de torcidas em todo o Brasil - PR\u00d3SPERI NEWS","robots":{"index":"index","follow":"follow","max-snippet":"max-snippet:-1","max-image-preview":"max-image-preview:large","max-video-preview":"max-video-preview:-1"},"canonical":"https:\/\/blogdoprosperi.com\/?p=35166","og_locale":"pt_BR","og_type":"article","og_title":"Mancha Verde em guerra e a crua realidade dos assassinatos de l\u00edderes de torcidas em todo o Brasil - PR\u00d3SPERI NEWS","og_description":"O corpo de Moacir Bianchi foi sepultado em um jazigo da Mancha Alviverde no Cemit\u00e9rio do Jaragu\u00e1 na [&hellip;]","og_url":"https:\/\/blogdoprosperi.com\/?p=35166","og_site_name":"PR\u00d3SPERI NEWS","article_publisher":"Luiz Pr\u00f3speri","article_author":"Luiz Pr\u00f3speri","article_published_time":"2017-03-04T19:04:23+00:00","og_image":[{"url":"https:\/\/blogdoprosperi.com\/wp-content\/uploads\/2017\/03\/600027-970x600-1.jpeg","type":"","width":"","height":""}],"author":"Luiz Ant\u00f4nio Pr\u00f3speri","twitter_card":"summary_large_image","twitter_creator":"@Luizprosperi","twitter_site":"@Luizprosperi","twitter_misc":{"Escrito por":"Luiz Ant\u00f4nio Pr\u00f3speri","Est. tempo de leitura":"9 minutos"},"schema":{"@context":"https:\/\/schema.org","@graph":[{"@type":"Article","@id":"https:\/\/blogdoprosperi.com\/?p=35166#article","isPartOf":{"@id":"https:\/\/blogdoprosperi.com\/?p=35166"},"author":{"name":"Luiz Ant\u00f4nio Pr\u00f3speri","@id":"https:\/\/blogdoprosperi.com\/#\/schema\/person\/38100755ce3601861ee4fab9b5aa78e9"},"headline":"Mancha Verde em guerra e a crua realidade dos assassinatos de l\u00edderes de torcidas em todo o Brasil","datePublished":"2017-03-04T19:04:23+00:00","mainEntityOfPage":{"@id":"https:\/\/blogdoprosperi.com\/?p=35166"},"wordCount":1886,"commentCount":1,"publisher":{"@id":"https:\/\/blogdoprosperi.com\/#\/schema\/person\/38100755ce3601861ee4fab9b5aa78e9"},"image":{"@id":"https:\/\/blogdoprosperi.com\/?p=35166#primaryimage"},"thumbnailUrl":"https:\/\/blogdoprosperi.com\/wp-content\/uploads\/2017\/03\/600027-970x600-1.jpeg","keywords":["futebol","Mancha Alviverde","Moacir Bianchi","Palmeiras","PCC"],"articleSection":["futebol"],"inLanguage":"pt-BR","potentialAction":[{"@type":"CommentAction","name":"Comment","target":["https:\/\/blogdoprosperi.com\/?p=35166#respond"]}]},{"@type":"WebPage","@id":"https:\/\/blogdoprosperi.com\/?p=35166","url":"https:\/\/blogdoprosperi.com\/?p=35166","name":"Mancha Verde em guerra e a crua realidade dos assassinatos de l\u00edderes de torcidas em todo o Brasil - PR\u00d3SPERI NEWS","isPartOf":{"@id":"https:\/\/blogdoprosperi.com\/#website"},"primaryImageOfPage":{"@id":"https:\/\/blogdoprosperi.com\/?p=35166#primaryimage"},"image":{"@id":"https:\/\/blogdoprosperi.com\/?p=35166#primaryimage"},"thumbnailUrl":"https:\/\/blogdoprosperi.com\/wp-content\/uploads\/2017\/03\/600027-970x600-1.jpeg","datePublished":"2017-03-04T19:04:23+00:00","breadcrumb":{"@id":"https:\/\/blogdoprosperi.com\/?p=35166#breadcrumb"},"inLanguage":"pt-BR","potentialAction":[{"@type":"ReadAction","target":["https:\/\/blogdoprosperi.com\/?p=35166"]}]},{"@type":"ImageObject","inLanguage":"pt-BR","@id":"https:\/\/blogdoprosperi.com\/?p=35166#primaryimage","url":"https:\/\/i0.wp.com\/blogdoprosperi.com\/wp-content\/uploads\/2017\/03\/600027-970x600-1.jpeg?fit=970%2C600&ssl=1","contentUrl":"https:\/\/i0.wp.com\/blogdoprosperi.com\/wp-content\/uploads\/2017\/03\/600027-970x600-1.jpeg?fit=970%2C600&ssl=1","width":970,"height":600},{"@type":"BreadcrumbList","@id":"https:\/\/blogdoprosperi.com\/?p=35166#breadcrumb","itemListElement":[{"@type":"ListItem","position":1,"name":"In\u00edcio","item":"https:\/\/blogdoprosperi.com\/"},{"@type":"ListItem","position":2,"name":"Mancha Verde em guerra e a crua realidade dos assassinatos de l\u00edderes de torcidas em todo o Brasil"}]},{"@type":"WebSite","@id":"https:\/\/blogdoprosperi.com\/#website","url":"https:\/\/blogdoprosperi.com\/","name":"PR\u00d3SPERI NEWS","description":"TUDO \u00c9  FUTEBOL","publisher":{"@id":"https:\/\/blogdoprosperi.com\/#\/schema\/person\/38100755ce3601861ee4fab9b5aa78e9"},"alternateName":"blogdoprosperi.com","potentialAction":[{"@type":"SearchAction","target":{"@type":"EntryPoint","urlTemplate":"https:\/\/blogdoprosperi.com\/?s={search_term_string}"},"query-input":{"@type":"PropertyValueSpecification","valueRequired":true,"valueName":"search_term_string"}}],"inLanguage":"pt-BR"},{"@type":["Person","Organization"],"@id":"https:\/\/blogdoprosperi.com\/#\/schema\/person\/38100755ce3601861ee4fab9b5aa78e9","name":"Luiz Ant\u00f4nio Pr\u00f3speri","pronouns":"ele","image":{"@type":"ImageObject","inLanguage":"pt-BR","@id":"https:\/\/i0.wp.com\/blogdoprosperi.com\/wp-content\/uploads\/2026\/05\/cropped-8059e613-6002-42fa-961e-8e275f575d71-2-5.jpg?fit=1360%2C931&ssl=1","url":"https:\/\/i0.wp.com\/blogdoprosperi.com\/wp-content\/uploads\/2026\/05\/cropped-8059e613-6002-42fa-961e-8e275f575d71-2-5.jpg?fit=1360%2C931&ssl=1","contentUrl":"https:\/\/i0.wp.com\/blogdoprosperi.com\/wp-content\/uploads\/2026\/05\/cropped-8059e613-6002-42fa-961e-8e275f575d71-2-5.jpg?fit=1360%2C931&ssl=1","width":1360,"height":931,"caption":"Luiz Ant\u00f4nio Pr\u00f3speri"},"logo":{"@id":"https:\/\/i0.wp.com\/blogdoprosperi.com\/wp-content\/uploads\/2026\/05\/cropped-8059e613-6002-42fa-961e-8e275f575d71-2-5.jpg?fit=1360%2C931&ssl=1"},"description":"Jornalista com carreira dedicada ao esporte. Cobriu 9 Copas do Mundo in loco, 1990 na It\u00e1lia, 1994 nos EUA, 1998 na Fran\u00e7a, 2002 na Coreia do Sul e Jap\u00e3o, 2006 na Alemanha, 2010 na \u00c1frica do Sul, 2014 no Brasil, 2018 na R\u00fassia e 2022 no Qatar. Eurocopas, 1992 na Su\u00e9cia e 1996 na Inglaterra. Copa das Confedera\u00e7\u00f5es de 2005 na Alemanha e 2009 na \u00c1frica do Sul. Rep\u00f3rter e Editor, trabalhou no Jornal da Tarde e Estad\u00e3o, de 1984 a fevereiro de 2016. Colunista, blogueiro. E comentarista de futebol na R\u00e1dio Estad\u00e3o, de 2013 a fevereiro de 2016. Jornalista respons\u00e1vel do \"Pr\u00f3speri News\" (blogdoprosperi.com).","sameAs":["http:\/\/blogdoprosperi.com","Luiz Pr\u00f3speri","@luiz_prosperi","https:\/\/x.com\/Luizprosperi","@prosperinacopa","luiz.prosperi@icloud.com"],"url":"https:\/\/blogdoprosperi.com\/?author=102107496"}]}},"jetpack_publicize_connections":[],"jetpack_likes_enabled":false,"jetpack_sharing_enabled":true,"jetpack_shortlink":"https:\/\/wp.me\/p7jvdk-99c","jetpack-related-posts":[{"id":39730,"url":"https:\/\/blogdoprosperi.com\/?p=39730","url_meta":{"origin":35166,"position":0},"title":"&#8220;Faz parte da Guerra, bater e apanhar tamb\u00e9m&#8221;, diz l\u00edder da Mancha Verde","author":"Luiz Ant\u00f4nio Pr\u00f3speri","date":"28 de outubro de 2024","format":false,"excerpt":"Guerra das torcidas n\u00e3o tem hora nem dia para acabar. \u00c9 permanente no futebol brasileiro. O confronto entre M\u00e1fia Azul (Cruzeiro) e Mancha Verde (Palmeiras) na Fern\u00e3o Dias \u00e9 tratado como mais uma batalha pelas fac\u00e7\u00f5es.","rel":"","context":"Em &quot;Campeonato Brasileiro&quot;","block_context":{"text":"Campeonato Brasileiro","link":"https:\/\/blogdoprosperi.com\/?cat=355071"},"img":{"alt_text":"","src":"https:\/\/i0.wp.com\/blogdoprosperi.com\/wp-content\/uploads\/2022\/09\/166438484563347f4da660b_1664384845_3x2_lg.jpg?fit=1024%2C682&ssl=1&resize=350%2C200","width":350,"height":200,"srcset":"https:\/\/i0.wp.com\/blogdoprosperi.com\/wp-content\/uploads\/2022\/09\/166438484563347f4da660b_1664384845_3x2_lg.jpg?fit=1024%2C682&ssl=1&resize=350%2C200 1x, https:\/\/i0.wp.com\/blogdoprosperi.com\/wp-content\/uploads\/2022\/09\/166438484563347f4da660b_1664384845_3x2_lg.jpg?fit=1024%2C682&ssl=1&resize=525%2C300 1.5x, https:\/\/i0.wp.com\/blogdoprosperi.com\/wp-content\/uploads\/2022\/09\/166438484563347f4da660b_1664384845_3x2_lg.jpg?fit=1024%2C682&ssl=1&resize=700%2C400 2x"},"classes":[]},{"id":1397,"url":"https:\/\/blogdoprosperi.com\/?p=1397","url_meta":{"origin":35166,"position":1},"title":"Governo paulista declara guerra \u00e0s torcidas organizadas","author":"Luiz Ant\u00f4nio Pr\u00f3speri","date":"15 de abril de 2016","format":false,"excerpt":"\"N\u00f3s precisamos deixar muito claro para as torcidas organizadas que elas t\u00eam uma escolha: ou elas escolhem o lado da lei, da ordem, da seguran\u00e7a p\u00fablica, do Minist\u00e9rio P\u00fablico, da Justi\u00e7a ou dos torcedores bandidos. N\u00e3o vai ficar mais no meio termo. Se escolherem o nosso lado, muito bom, v\u00e3o\u2026","rel":"","context":"Em &quot;futebol&quot;","block_context":{"text":"futebol","link":"https:\/\/blogdoprosperi.com\/?cat=53870"},"img":{"alt_text":"","src":"https:\/\/i0.wp.com\/blogdoprosperi.com\/wp-content\/uploads\/2016\/04\/captura_de_tela_2016-02-14_as_182924_cn.jpg?resize=350%2C200&ssl=1","width":350,"height":200,"srcset":"https:\/\/i0.wp.com\/blogdoprosperi.com\/wp-content\/uploads\/2016\/04\/captura_de_tela_2016-02-14_as_182924_cn.jpg?resize=350%2C200&ssl=1 1x, https:\/\/i0.wp.com\/blogdoprosperi.com\/wp-content\/uploads\/2016\/04\/captura_de_tela_2016-02-14_as_182924_cn.jpg?resize=525%2C300&ssl=1 1.5x"},"classes":[]},{"id":46089,"url":"https:\/\/blogdoprosperi.com\/?p=46089","url_meta":{"origin":35166,"position":2},"title":"Guerra de Torcidas | Emboscada, Morte, Sangue e Impunidade","author":"Luiz Ant\u00f4nio Pr\u00f3speri","date":"28 de outubro de 2024","format":false,"excerpt":"Luiz Ant\u00f4nio Pr\u00f3speri \u2013 28 outubro (12j010) Mancha Verde se pronuncia na manh\u00e3 dessa segunda-feira (28\/10) e diz que \"vem sendo apontada injustamente, atrav\u00e9s de alguns meios de imprensa e redes sociais, de envolvimento em uma emboscada ocorrida na Rodovia Fern\u00e3o Dias, pr\u00f3ximo ao t\u00fanel de Mairipor\u00e3, na madrugada deste\u2026","rel":"","context":"Em &quot;futebol&quot;","block_context":{"text":"futebol","link":"https:\/\/blogdoprosperi.com\/?cat=53870"},"img":{"alt_text":"Guerra de Torcidas","src":"https:\/\/i0.wp.com\/blogdoprosperi.com\/wp-content\/uploads\/2024\/10\/sp2-4.webp?fit=1064%2C614&ssl=1&resize=350%2C200","width":350,"height":200,"srcset":"https:\/\/i0.wp.com\/blogdoprosperi.com\/wp-content\/uploads\/2024\/10\/sp2-4.webp?fit=1064%2C614&ssl=1&resize=350%2C200 1x, https:\/\/i0.wp.com\/blogdoprosperi.com\/wp-content\/uploads\/2024\/10\/sp2-4.webp?fit=1064%2C614&ssl=1&resize=525%2C300 1.5x, https:\/\/i0.wp.com\/blogdoprosperi.com\/wp-content\/uploads\/2024\/10\/sp2-4.webp?fit=1064%2C614&ssl=1&resize=700%2C400 2x, https:\/\/i0.wp.com\/blogdoprosperi.com\/wp-content\/uploads\/2024\/10\/sp2-4.webp?fit=1064%2C614&ssl=1&resize=1050%2C600 3x"},"classes":[]},{"id":46198,"url":"https:\/\/blogdoprosperi.com\/?p=46198","url_meta":{"origin":35166,"position":3},"title":"#Cr\u00f4nicaSab\u00e1tica #4 | Entre os V\u00e2ndalos","author":"Luiz Ant\u00f4nio Pr\u00f3speri","date":"2 de novembro de 2024","format":false,"excerpt":"Luiz Ant\u00f4nio Pr\u00f3speri \u2013 2 novembro (00h45)\u00a0 Bill Buford \u00e9 um jornalista americano. Da \u00faltima vez que li algo a seu respeito dava conta de que vivia em Lyon, Fran\u00e7a. Tecia reportagens contando sabores e artimanhas da cozinha francesa e um livro publicado em 2021 depois de cinco anos atuando\u2026","rel":"","context":"Em &quot;opini\u00e3o&quot;","block_context":{"text":"opini\u00e3o","link":"https:\/\/blogdoprosperi.com\/?cat=3919"},"img":{"alt_text":"","src":"https:\/\/i0.wp.com\/blogdoprosperi.com\/wp-content\/uploads\/2024\/11\/angry-soccer-hooligans-stadium_646752-2471.jpg?fit=1200%2C828&ssl=1&resize=350%2C200","width":350,"height":200,"srcset":"https:\/\/i0.wp.com\/blogdoprosperi.com\/wp-content\/uploads\/2024\/11\/angry-soccer-hooligans-stadium_646752-2471.jpg?fit=1200%2C828&ssl=1&resize=350%2C200 1x, https:\/\/i0.wp.com\/blogdoprosperi.com\/wp-content\/uploads\/2024\/11\/angry-soccer-hooligans-stadium_646752-2471.jpg?fit=1200%2C828&ssl=1&resize=525%2C300 1.5x, https:\/\/i0.wp.com\/blogdoprosperi.com\/wp-content\/uploads\/2024\/11\/angry-soccer-hooligans-stadium_646752-2471.jpg?fit=1200%2C828&ssl=1&resize=700%2C400 2x, https:\/\/i0.wp.com\/blogdoprosperi.com\/wp-content\/uploads\/2024\/11\/angry-soccer-hooligans-stadium_646752-2471.jpg?fit=1200%2C828&ssl=1&resize=1050%2C600 3x"},"classes":[]},{"id":34915,"url":"https:\/\/blogdoprosperi.com\/?p=34915","url_meta":{"origin":35166,"position":4},"title":"Dona da Crefisa chega para n\u00e3o sair mais do Palmeiras","author":"Luiz Ant\u00f4nio Pr\u00f3speri","date":"3 de fevereiro de 2017","format":false,"excerpt":"Leila Pereira tem planos ambiciosos no Palmeiras. N\u00e3o passa por sua cabe\u00e7a apenas conquistar uma cadeira no Conselho Deliberativo do clube e mais tarde se eleger presidente. De acordo com seu discurso de apresenta\u00e7\u00e3o aos conselheiros, em um jantar h\u00e1 pouco mais de um m\u00eas (veja v\u00eddeo abaixo), fica claro\u2026","rel":"","context":"Em &quot;futebol&quot;","block_context":{"text":"futebol","link":"https:\/\/blogdoprosperi.com\/?cat=53870"},"img":{"alt_text":"","src":"https:\/\/i0.wp.com\/blogdoprosperi.com\/wp-content\/uploads\/2017\/02\/lancamento_leila_pereira_1.jpeg?resize=350%2C200&ssl=1","width":350,"height":200,"srcset":"https:\/\/i0.wp.com\/blogdoprosperi.com\/wp-content\/uploads\/2017\/02\/lancamento_leila_pereira_1.jpeg?resize=350%2C200&ssl=1 1x, https:\/\/i0.wp.com\/blogdoprosperi.com\/wp-content\/uploads\/2017\/02\/lancamento_leila_pereira_1.jpeg?resize=525%2C300&ssl=1 1.5x, https:\/\/i0.wp.com\/blogdoprosperi.com\/wp-content\/uploads\/2017\/02\/lancamento_leila_pereira_1.jpeg?resize=700%2C400&ssl=1 2x"},"classes":[]},{"id":366,"url":"https:\/\/blogdoprosperi.com\/?p=366","url_meta":{"origin":35166,"position":5},"title":"Torcida \u00fanica nos cl\u00e1ssicos \u00e9 derrota do futebol","author":"Luiz Ant\u00f4nio Pr\u00f3speri","date":"5 de abril de 2016","format":false,"excerpt":"\u00a0 A Secretaria de Seguran\u00e7a P\u00fablica do Estado de S\u00e3o Paulo, sem consultar ningu\u00e9m do futebol, determinou com uma canetada a presen\u00e7a de torcida \u00fanica em cl\u00e1ssicos paulistas em todos os campeonatos at\u00e9 31 de dezembro. A ordem partiu do governo do estado ap\u00f3s a s\u00e9rie de confrontos de fac\u00e7\u00f5es\u2026","rel":"","context":"Em &quot;futebol&quot;","block_context":{"text":"futebol","link":"https:\/\/blogdoprosperi.com\/?cat=53870"},"img":{"alt_text":"","src":"https:\/\/i0.wp.com\/blogdoprosperi.com\/wp-content\/uploads\/2016\/04\/v-php.jpeg?resize=350%2C200&ssl=1","width":350,"height":200,"srcset":"https:\/\/i0.wp.com\/blogdoprosperi.com\/wp-content\/uploads\/2016\/04\/v-php.jpeg?resize=350%2C200&ssl=1 1x, https:\/\/i0.wp.com\/blogdoprosperi.com\/wp-content\/uploads\/2016\/04\/v-php.jpeg?resize=525%2C300&ssl=1 1.5x, https:\/\/i0.wp.com\/blogdoprosperi.com\/wp-content\/uploads\/2016\/04\/v-php.jpeg?resize=700%2C400&ssl=1 2x"},"classes":[]}],"jetpack_featured_media_url":"","_links":{"self":[{"href":"https:\/\/blogdoprosperi.com\/index.php?rest_route=\/wp\/v2\/posts\/35166","targetHints":{"allow":["GET"]}}],"collection":[{"href":"https:\/\/blogdoprosperi.com\/index.php?rest_route=\/wp\/v2\/posts"}],"about":[{"href":"https:\/\/blogdoprosperi.com\/index.php?rest_route=\/wp\/v2\/types\/post"}],"author":[{"embeddable":true,"href":"https:\/\/blogdoprosperi.com\/index.php?rest_route=\/wp\/v2\/users\/102107496"}],"replies":[{"embeddable":true,"href":"https:\/\/blogdoprosperi.com\/index.php?rest_route=%2Fwp%2Fv2%2Fcomments&post=35166"}],"version-history":[{"count":13,"href":"https:\/\/blogdoprosperi.com\/index.php?rest_route=\/wp\/v2\/posts\/35166\/revisions"}],"predecessor-version":[{"id":35181,"href":"https:\/\/blogdoprosperi.com\/index.php?rest_route=\/wp\/v2\/posts\/35166\/revisions\/35181"}],"wp:attachment":[{"href":"https:\/\/blogdoprosperi.com\/index.php?rest_route=%2Fwp%2Fv2%2Fmedia&parent=35166"}],"wp:term":[{"taxonomy":"category","embeddable":true,"href":"https:\/\/blogdoprosperi.com\/index.php?rest_route=%2Fwp%2Fv2%2Fcategories&post=35166"},{"taxonomy":"post_tag","embeddable":true,"href":"https:\/\/blogdoprosperi.com\/index.php?rest_route=%2Fwp%2Fv2%2Ftags&post=35166"}],"curies":[{"name":"wp","href":"https:\/\/api.w.org\/{rel}","templated":true}]}}