{"id":35198,"date":"2017-03-09T00:26:08","date_gmt":"2017-03-09T03:26:08","guid":{"rendered":"http:\/\/blogdoprosperi.com\/?p=35198"},"modified":"2017-03-09T00:51:03","modified_gmt":"2017-03-09T03:51:03","slug":"palmeiras-de-eduardo-baptista-troca-bola-pela-forca-na-copa-libertadores","status":"publish","type":"post","link":"https:\/\/blogdoprosperi.com\/?p=35198","title":{"rendered":"Palmeiras de Eduardo Baptista troca bola pela for\u00e7a na Copa Libertadores"},"content":{"rendered":"<p><span class=\"alignnone\"><img data-recalc-dims=\"1\" loading=\"lazy\" decoding=\"async\" data-attachment-id=\"35224\" data-permalink=\"https:\/\/blogdoprosperi.com\/?attachment_id=35224\" data-orig-file=\"https:\/\/i0.wp.com\/blogdoprosperi.com\/wp-content\/uploads\/2017\/03\/90s0j6w1c1_25os3jd69i_file.jpeg?fit=780%2C340&amp;ssl=1\" data-orig-size=\"780,340\" data-comments-opened=\"1\" data-image-meta=\"{&quot;aperture&quot;:&quot;0&quot;,&quot;credit&quot;:&quot;&quot;,&quot;camera&quot;:&quot;&quot;,&quot;caption&quot;:&quot;&quot;,&quot;created_timestamp&quot;:&quot;0&quot;,&quot;copyright&quot;:&quot;&quot;,&quot;focal_length&quot;:&quot;0&quot;,&quot;iso&quot;:&quot;0&quot;,&quot;shutter_speed&quot;:&quot;0&quot;,&quot;title&quot;:&quot;&quot;,&quot;orientation&quot;:&quot;0&quot;}\" data-image-title=\"90s0j6w1c1_25os3jd69i_file\" data-image-description=\"\" data-image-caption=\"\" data-large-file=\"https:\/\/i0.wp.com\/blogdoprosperi.com\/wp-content\/uploads\/2017\/03\/90s0j6w1c1_25os3jd69i_file.jpeg?fit=780%2C340&amp;ssl=1\" class=\"alignnone size-full wp-image-35224\" src=\"https:\/\/i0.wp.com\/blogdoprosperi.com\/wp-content\/uploads\/2017\/03\/90s0j6w1c1_25os3jd69i_file.jpeg?resize=780%2C340&#038;ssl=1\" alt=\"90s0j6w1c1_25os3jd69i_file\" width=\"780\" height=\"340\" \/><\/span><\/p>\n<p>Palmeiras quis guerra quando era necess\u00e1rio jogar bola na estreia na Copa Libertadores. Nada mais question\u00e1vel do que encarar a competi\u00e7\u00e3o continental como algo diferente, de que o jogo f\u00edsico deve ser valorizado mais do que a t\u00e9cnica. Ao partir para o confronto corpo a corpo contra o modest\u00edssimo Atl\u00e9tico Tucum\u00e1n, saiu com preju\u00edzo. Perdeu Vitor Hugo com 20 minutos do primeiro tempo e, com um a menos no tablado, deixou de se impor como um pretendente ao t\u00edtulo teria de obriga\u00e7\u00e3o de fazer. Por isso, o empate por 1 a 1 fora de casa n\u00e3o foi t\u00e3o ruim, apesar dos poucos recursos do advers\u00e1rio argentino.<!--more--><\/p>\n<p>Ao optar por duas jamantas na prote\u00e7\u00e3o da zaga, com Felipe Melo e Thiago Santos, Eduardo Baptista j\u00e1 deixava clara sua leitura da Libertadores. O treinador do Palmeiras entende que a competi\u00e7\u00e3o \u00e9 mesmo de suor e sangue.<\/p>\n<p>&#8220;Eu acho que se a gente tivesse ficado com 11 ter\u00edamos melhores condi\u00e7\u00f5es, visto que com um a menos a gente criou chance do mesmo jeito. Mas o mais importante \u00e9 que a equipe entendeu o esp\u00edrito, comprou a forma de jogar a Libertadores, competi\u00e7\u00e3o de um jogo mais viril. Soube jogar diante dessa exig\u00eancia. Mostrou que se quiserem ganhar da gente na for\u00e7a n\u00e3o v\u00e3o conseguir&#8221;, disse Baptista com ar de satisfeito com o empate na Argentina. E ressaltou a import\u00e2ncia de n\u00e3o perder pontos como mandante. &#8220;Todo mundo sabe que na primeira fase da Libertadores voc\u00ea avan\u00e7a se fizer nove pontos em casa. \u00c9 o que vamos buscar. Sair daqui (Tucum\u00e1n) com um ponto n\u00e3o \u00e9 ruim.&#8221;<\/p>\n<p><span class=\"alignnone\"><img data-recalc-dims=\"1\" loading=\"lazy\" decoding=\"async\" data-attachment-id=\"35226\" data-permalink=\"https:\/\/blogdoprosperi.com\/?attachment_id=35226\" data-orig-file=\"https:\/\/i0.wp.com\/blogdoprosperi.com\/wp-content\/uploads\/2017\/03\/miguel-borja-atletico-tucuman-palmeiras-libertadores-08032017_p28wsh9ohbjb1dbxuhh80akdv.jpg?fit=1920%2C1080&amp;ssl=1\" data-orig-size=\"1920,1080\" data-comments-opened=\"1\" data-image-meta=\"{&quot;aperture&quot;:&quot;0&quot;,&quot;credit&quot;:&quot;AFP\/Getty Images&quot;,&quot;camera&quot;:&quot;&quot;,&quot;caption&quot;:&quot;Miguel Borja Hernandez of Brazil&#039;s Palmeiras (R) vies for the ball with Bruno Bianchi of Atletico Tucuman in their Copa Libertadores football match in the Jose Fierro stadium in Tucuman, Argentina on March 8, 2017. \/ AFP PHOTO \/ Walter Monteros        (Photo credit should read WALTER MONTEROS\/AFP\/Getty Images)&quot;,&quot;created_timestamp&quot;:&quot;1488960000&quot;,&quot;copyright&quot;:&quot;This content is subject to copyright.&quot;,&quot;focal_length&quot;:&quot;0&quot;,&quot;iso&quot;:&quot;0&quot;,&quot;shutter_speed&quot;:&quot;0&quot;,&quot;title&quot;:&quot;FBL-LIBERTADORES-TUCUMAN-PALMEIRAS&quot;,&quot;orientation&quot;:&quot;1&quot;}\" data-image-title=\"FBL-LIBERTADORES-TUCUMAN-PALMEIRAS\" data-image-description=\"\" data-image-caption=\"&lt;p&gt;Miguel Borja Hernandez of Brazil&amp;#8217;s Palmeiras (R) vies for the ball with Bruno Bianchi of Atletico Tucuman in their Copa Libertadores football match in the Jose Fierro stadium in Tucuman, Argentina on March 8, 2017. \/ AFP PHOTO \/ Walter Monteros        (Photo credit should read WALTER MONTEROS\/AFP\/Getty Images)&lt;\/p&gt;\n\" data-large-file=\"https:\/\/i0.wp.com\/blogdoprosperi.com\/wp-content\/uploads\/2017\/03\/miguel-borja-atletico-tucuman-palmeiras-libertadores-08032017_p28wsh9ohbjb1dbxuhh80akdv.jpg?fit=940%2C529&amp;ssl=1\" class=\"alignnone size-full wp-image-35226\" src=\"https:\/\/i0.wp.com\/blogdoprosperi.com\/wp-content\/uploads\/2017\/03\/miguel-borja-atletico-tucuman-palmeiras-libertadores-08032017_p28wsh9ohbjb1dbxuhh80akdv.jpg?resize=940%2C529&#038;ssl=1\" alt=\"FBL-LIBERTADORES-TUCUMAN-PALMEIRAS\" width=\"940\" height=\"529\" \/><\/span><\/p>\n<p>Se o t\u00e9cnico entende que o Palmeiras tem de jogar pesado e, na maioria das vezes, no contra-ataque, o torcedor pode esperar dias de muita tens\u00e3o. Baptista emite sinais de que gosta de tudo certinho l\u00e1 atr\u00e1s, marca\u00e7\u00e3o segura e pouca troca de passes at\u00e9 alcan\u00e7ar a \u00e1rea do inimigo. Esse \u00e9 seu receitu\u00e1rio para a Libertadores. Bem diferente do anarquismo adotado por Cuca na campanha do Brasileir\u00e3o 2016, em que o time era uma avalanche para cima do advers\u00e1rio e com muitas ideias e solu\u00e7\u00f5es.<\/p>\n<p>Baptista quer algo mais pragm\u00e1tico, de risco zero. Entende que se n\u00e3o sofrer l\u00e1 atr\u00e1s, seus h\u00e1beis homens de frente t\u00eam condi\u00e7\u00f5es de resolver o jogo. A conferir.<\/p>\n<p><a href=\"http:\/\/www.chuteirafc.com.br\">LEIA MAIS: faltou ousadia ao Palmeiras na Argentina. Veja no CHUTEIRA FC\u00a0<\/a><\/p>\n<div class=\"jetpack-video-wrapper\"><span class=\"embed-youtube\" style=\"text-align:center; display: block;\"><iframe loading=\"lazy\" class=\"youtube-player\" width=\"560\" height=\"315\" src=\"https:\/\/www.youtube.com\/embed\/PtW_QPGVngw?version=3&#038;rel=1&#038;showsearch=0&#038;showinfo=1&#038;iv_load_policy=1&#038;fs=1&#038;hl=pt-BR&#038;autohide=2&#038;wmode=transparent\" allowfullscreen=\"true\" style=\"border:0;\" sandbox=\"allow-scripts allow-same-origin allow-popups allow-presentation allow-popups-to-escape-sandbox\"><\/iframe><\/span><\/div>\n<p>&nbsp;<\/p>\n","protected":false},"excerpt":{"rendered":"<p>Palmeiras quis guerra quando era necess\u00e1rio jogar bola na estreia na Copa Libertadores. Nada mais question\u00e1vel do que [&hellip;]<\/p>\n","protected":false},"author":102107496,"featured_media":0,"comment_status":"open","ping_status":"open","sticky":false,"template":"","format":"standard","meta":{"_coblocks_attr":"","_coblocks_dimensions":"","_coblocks_responsive_height":"","_coblocks_accordion_ie_support":"","_jetpack_newsletter_access":"","_jetpack_dont_email_post_to_subs":false,"_jetpack_newsletter_tier_id":0,"_jetpack_memberships_contains_paywalled_content":false,"_wpcom_ai_launchpad_first_post":false,"_jetpack_feature_clip_id":0,"_jetpack_memberships_contains_paid_content":false,"footnotes":"","jetpack_publicize_message":"","jetpack_publicize_feature_enabled":true,"jetpack_social_post_already_shared":false,"jetpack_social_options":{"image_generator_settings":{"template":"highway","default_image_id":0,"font":"","enabled":false},"version":2},"jetpack_post_was_ever_published":false},"categories":[270704,53870],"tags":[5914322,413544154,11006842,789560560,387074,8328841,5907857],"class_list":["post-35198","post","type-post","status-publish","format-standard","hentry","category-copa-libertadores","category-futebol","tag-atletico-tucuman","tag-copa-libertadores-2017","tag-eduardo-baptista","tag-futebol","tag-keno","tag-palmeiras-clube","tag-vitor-hugo"],"yoast_head":"<!-- This site is optimized with the Yoast SEO plugin v28.4 - https:\/\/yoast.com\/product\/yoast-seo-wordpress\/ -->\n<title>Palmeiras de Eduardo Baptista troca bola pela for\u00e7a na Copa Libertadores - PR\u00d3SPERI NEWS<\/title>\n<meta name=\"robots\" content=\"index, follow, max-snippet:-1, max-image-preview:large, max-video-preview:-1\" \/>\n<link rel=\"canonical\" href=\"https:\/\/blogdoprosperi.com\/?p=35198\" \/>\n<meta property=\"og:locale\" content=\"pt_BR\" \/>\n<meta property=\"og:type\" content=\"article\" \/>\n<meta property=\"og:title\" content=\"Palmeiras de Eduardo Baptista troca bola pela for\u00e7a na Copa Libertadores - PR\u00d3SPERI NEWS\" \/>\n<meta property=\"og:description\" content=\"Palmeiras quis guerra quando era necess\u00e1rio jogar bola na estreia na Copa Libertadores. Nada mais question\u00e1vel do que [&hellip;]\" \/>\n<meta property=\"og:url\" content=\"https:\/\/blogdoprosperi.com\/?p=35198\" \/>\n<meta property=\"og:site_name\" content=\"PR\u00d3SPERI NEWS\" \/>\n<meta property=\"article:publisher\" content=\"Luiz Pr\u00f3speri\" \/>\n<meta property=\"article:author\" content=\"Luiz Pr\u00f3speri\" \/>\n<meta property=\"article:published_time\" content=\"2017-03-09T03:26:08+00:00\" \/>\n<meta property=\"article:modified_time\" content=\"2017-03-09T03:51:03+00:00\" \/>\n<meta property=\"og:image\" content=\"https:\/\/blogdoprosperi.com\/wp-content\/uploads\/2017\/03\/90s0j6w1c1_25os3jd69i_file.jpeg\" \/>\n<meta name=\"author\" content=\"Luiz Ant\u00f4nio Pr\u00f3speri\" \/>\n<meta name=\"twitter:card\" content=\"summary_large_image\" \/>\n<meta name=\"twitter:creator\" content=\"@Luizprosperi\" \/>\n<meta name=\"twitter:site\" content=\"@Luizprosperi\" \/>\n<meta name=\"twitter:label1\" content=\"Escrito por\" \/>\n\t<meta name=\"twitter:data1\" content=\"Luiz Ant\u00f4nio Pr\u00f3speri\" \/>\n\t<meta name=\"twitter:label2\" content=\"Est. tempo de leitura\" \/>\n\t<meta name=\"twitter:data2\" content=\"2 minutos\" \/>\n<script type=\"application\/ld+json\" class=\"yoast-schema-graph\">{\"@context\":\"https:\\\/\\\/schema.org\",\"@graph\":[{\"@type\":\"Article\",\"@id\":\"https:\\\/\\\/blogdoprosperi.com\\\/?p=35198#article\",\"isPartOf\":{\"@id\":\"https:\\\/\\\/blogdoprosperi.com\\\/?p=35198\"},\"author\":{\"name\":\"Luiz Ant\u00f4nio Pr\u00f3speri\",\"@id\":\"https:\\\/\\\/blogdoprosperi.com\\\/#\\\/schema\\\/person\\\/38100755ce3601861ee4fab9b5aa78e9\"},\"headline\":\"Palmeiras de Eduardo Baptista troca bola pela for\u00e7a na Copa Libertadores\",\"datePublished\":\"2017-03-09T03:26:08+00:00\",\"dateModified\":\"2017-03-09T03:51:03+00:00\",\"mainEntityOfPage\":{\"@id\":\"https:\\\/\\\/blogdoprosperi.com\\\/?p=35198\"},\"wordCount\":449,\"commentCount\":0,\"publisher\":{\"@id\":\"https:\\\/\\\/blogdoprosperi.com\\\/#\\\/schema\\\/person\\\/38100755ce3601861ee4fab9b5aa78e9\"},\"image\":{\"@id\":\"https:\\\/\\\/blogdoprosperi.com\\\/?p=35198#primaryimage\"},\"thumbnailUrl\":\"https:\\\/\\\/blogdoprosperi.com\\\/wp-content\\\/uploads\\\/2017\\\/03\\\/90s0j6w1c1_25os3jd69i_file.jpeg\",\"keywords\":[\"Atletico Tucum\u00e1n\",\"Copa Libertadores 2017\",\"Eduardo Baptista\",\"futebol\",\"Keno\",\"Palmeiras Clube\",\"Vitor Hugo\"],\"articleSection\":[\"Copa Libertadores\",\"futebol\"],\"inLanguage\":\"pt-BR\",\"potentialAction\":[{\"@type\":\"CommentAction\",\"name\":\"Comment\",\"target\":[\"https:\\\/\\\/blogdoprosperi.com\\\/?p=35198#respond\"]}]},{\"@type\":\"WebPage\",\"@id\":\"https:\\\/\\\/blogdoprosperi.com\\\/?p=35198\",\"url\":\"https:\\\/\\\/blogdoprosperi.com\\\/?p=35198\",\"name\":\"Palmeiras de Eduardo Baptista troca bola pela for\u00e7a na Copa Libertadores - PR\u00d3SPERI NEWS\",\"isPartOf\":{\"@id\":\"https:\\\/\\\/blogdoprosperi.com\\\/#website\"},\"primaryImageOfPage\":{\"@id\":\"https:\\\/\\\/blogdoprosperi.com\\\/?p=35198#primaryimage\"},\"image\":{\"@id\":\"https:\\\/\\\/blogdoprosperi.com\\\/?p=35198#primaryimage\"},\"thumbnailUrl\":\"https:\\\/\\\/blogdoprosperi.com\\\/wp-content\\\/uploads\\\/2017\\\/03\\\/90s0j6w1c1_25os3jd69i_file.jpeg\",\"datePublished\":\"2017-03-09T03:26:08+00:00\",\"dateModified\":\"2017-03-09T03:51:03+00:00\",\"breadcrumb\":{\"@id\":\"https:\\\/\\\/blogdoprosperi.com\\\/?p=35198#breadcrumb\"},\"inLanguage\":\"pt-BR\",\"potentialAction\":[{\"@type\":\"ReadAction\",\"target\":[\"https:\\\/\\\/blogdoprosperi.com\\\/?p=35198\"]}]},{\"@type\":\"ImageObject\",\"inLanguage\":\"pt-BR\",\"@id\":\"https:\\\/\\\/blogdoprosperi.com\\\/?p=35198#primaryimage\",\"url\":\"https:\\\/\\\/i0.wp.com\\\/blogdoprosperi.com\\\/wp-content\\\/uploads\\\/2017\\\/03\\\/90s0j6w1c1_25os3jd69i_file.jpeg?fit=780%2C340&ssl=1\",\"contentUrl\":\"https:\\\/\\\/i0.wp.com\\\/blogdoprosperi.com\\\/wp-content\\\/uploads\\\/2017\\\/03\\\/90s0j6w1c1_25os3jd69i_file.jpeg?fit=780%2C340&ssl=1\",\"width\":780,\"height\":340},{\"@type\":\"BreadcrumbList\",\"@id\":\"https:\\\/\\\/blogdoprosperi.com\\\/?p=35198#breadcrumb\",\"itemListElement\":[{\"@type\":\"ListItem\",\"position\":1,\"name\":\"In\u00edcio\",\"item\":\"https:\\\/\\\/blogdoprosperi.com\\\/\"},{\"@type\":\"ListItem\",\"position\":2,\"name\":\"Palmeiras de Eduardo Baptista troca bola pela for\u00e7a na Copa Libertadores\"}]},{\"@type\":\"WebSite\",\"@id\":\"https:\\\/\\\/blogdoprosperi.com\\\/#website\",\"url\":\"https:\\\/\\\/blogdoprosperi.com\\\/\",\"name\":\"PR\u00d3SPERI NEWS\",\"description\":\"TUDO \u00c9  FUTEBOL\",\"publisher\":{\"@id\":\"https:\\\/\\\/blogdoprosperi.com\\\/#\\\/schema\\\/person\\\/38100755ce3601861ee4fab9b5aa78e9\"},\"alternateName\":\"blogdoprosperi.com\",\"potentialAction\":[{\"@type\":\"SearchAction\",\"target\":{\"@type\":\"EntryPoint\",\"urlTemplate\":\"https:\\\/\\\/blogdoprosperi.com\\\/?s={search_term_string}\"},\"query-input\":{\"@type\":\"PropertyValueSpecification\",\"valueRequired\":true,\"valueName\":\"search_term_string\"}}],\"inLanguage\":\"pt-BR\"},{\"@type\":[\"Person\",\"Organization\"],\"@id\":\"https:\\\/\\\/blogdoprosperi.com\\\/#\\\/schema\\\/person\\\/38100755ce3601861ee4fab9b5aa78e9\",\"name\":\"Luiz Ant\u00f4nio Pr\u00f3speri\",\"pronouns\":\"ele\",\"image\":{\"@type\":\"ImageObject\",\"inLanguage\":\"pt-BR\",\"@id\":\"https:\\\/\\\/i0.wp.com\\\/blogdoprosperi.com\\\/wp-content\\\/uploads\\\/2026\\\/05\\\/cropped-8059e613-6002-42fa-961e-8e275f575d71-2-5.jpg?fit=1360%2C931&ssl=1\",\"url\":\"https:\\\/\\\/i0.wp.com\\\/blogdoprosperi.com\\\/wp-content\\\/uploads\\\/2026\\\/05\\\/cropped-8059e613-6002-42fa-961e-8e275f575d71-2-5.jpg?fit=1360%2C931&ssl=1\",\"contentUrl\":\"https:\\\/\\\/i0.wp.com\\\/blogdoprosperi.com\\\/wp-content\\\/uploads\\\/2026\\\/05\\\/cropped-8059e613-6002-42fa-961e-8e275f575d71-2-5.jpg?fit=1360%2C931&ssl=1\",\"width\":1360,\"height\":931,\"caption\":\"Luiz Ant\u00f4nio Pr\u00f3speri\"},\"logo\":{\"@id\":\"https:\\\/\\\/i0.wp.com\\\/blogdoprosperi.com\\\/wp-content\\\/uploads\\\/2026\\\/05\\\/cropped-8059e613-6002-42fa-961e-8e275f575d71-2-5.jpg?fit=1360%2C931&ssl=1\"},\"description\":\"Jornalista com carreira dedicada ao esporte. Cobriu 9 Copas do Mundo in loco, 1990 na It\u00e1lia, 1994 nos EUA, 1998 na Fran\u00e7a, 2002 na Coreia do Sul e Jap\u00e3o, 2006 na Alemanha, 2010 na \u00c1frica do Sul, 2014 no Brasil, 2018 na R\u00fassia e 2022 no Qatar. Eurocopas, 1992 na Su\u00e9cia e 1996 na Inglaterra. Copa das Confedera\u00e7\u00f5es de 2005 na Alemanha e 2009 na \u00c1frica do Sul. Rep\u00f3rter e Editor, trabalhou no Jornal da Tarde e Estad\u00e3o, de 1984 a fevereiro de 2016. Colunista, blogueiro. E comentarista de futebol na R\u00e1dio Estad\u00e3o, de 2013 a fevereiro de 2016. Jornalista respons\u00e1vel do \\\"Pr\u00f3speri News\\\" (blogdoprosperi.com).\",\"sameAs\":[\"http:\\\/\\\/blogdoprosperi.com\",\"Luiz Pr\u00f3speri\",\"@luiz_prosperi\",\"https:\\\/\\\/x.com\\\/Luizprosperi\",\"@prosperinacopa\",\"luiz.prosperi@icloud.com\"],\"url\":\"https:\\\/\\\/blogdoprosperi.com\\\/?author=102107496\"}]}<\/script>\n<!-- \/ Yoast SEO plugin. -->","yoast_head_json":{"title":"Palmeiras de Eduardo Baptista troca bola pela for\u00e7a na Copa Libertadores - PR\u00d3SPERI NEWS","robots":{"index":"index","follow":"follow","max-snippet":"max-snippet:-1","max-image-preview":"max-image-preview:large","max-video-preview":"max-video-preview:-1"},"canonical":"https:\/\/blogdoprosperi.com\/?p=35198","og_locale":"pt_BR","og_type":"article","og_title":"Palmeiras de Eduardo Baptista troca bola pela for\u00e7a na Copa Libertadores - PR\u00d3SPERI NEWS","og_description":"Palmeiras quis guerra quando era necess\u00e1rio jogar bola na estreia na Copa Libertadores. Nada mais question\u00e1vel do que [&hellip;]","og_url":"https:\/\/blogdoprosperi.com\/?p=35198","og_site_name":"PR\u00d3SPERI NEWS","article_publisher":"Luiz Pr\u00f3speri","article_author":"Luiz Pr\u00f3speri","article_published_time":"2017-03-09T03:26:08+00:00","article_modified_time":"2017-03-09T03:51:03+00:00","og_image":[{"url":"https:\/\/blogdoprosperi.com\/wp-content\/uploads\/2017\/03\/90s0j6w1c1_25os3jd69i_file.jpeg","type":"","width":"","height":""}],"author":"Luiz Ant\u00f4nio Pr\u00f3speri","twitter_card":"summary_large_image","twitter_creator":"@Luizprosperi","twitter_site":"@Luizprosperi","twitter_misc":{"Escrito por":"Luiz Ant\u00f4nio Pr\u00f3speri","Est. tempo de leitura":"2 minutos"},"schema":{"@context":"https:\/\/schema.org","@graph":[{"@type":"Article","@id":"https:\/\/blogdoprosperi.com\/?p=35198#article","isPartOf":{"@id":"https:\/\/blogdoprosperi.com\/?p=35198"},"author":{"name":"Luiz Ant\u00f4nio Pr\u00f3speri","@id":"https:\/\/blogdoprosperi.com\/#\/schema\/person\/38100755ce3601861ee4fab9b5aa78e9"},"headline":"Palmeiras de Eduardo Baptista troca bola pela for\u00e7a na Copa Libertadores","datePublished":"2017-03-09T03:26:08+00:00","dateModified":"2017-03-09T03:51:03+00:00","mainEntityOfPage":{"@id":"https:\/\/blogdoprosperi.com\/?p=35198"},"wordCount":449,"commentCount":0,"publisher":{"@id":"https:\/\/blogdoprosperi.com\/#\/schema\/person\/38100755ce3601861ee4fab9b5aa78e9"},"image":{"@id":"https:\/\/blogdoprosperi.com\/?p=35198#primaryimage"},"thumbnailUrl":"https:\/\/blogdoprosperi.com\/wp-content\/uploads\/2017\/03\/90s0j6w1c1_25os3jd69i_file.jpeg","keywords":["Atletico Tucum\u00e1n","Copa Libertadores 2017","Eduardo Baptista","futebol","Keno","Palmeiras Clube","Vitor Hugo"],"articleSection":["Copa Libertadores","futebol"],"inLanguage":"pt-BR","potentialAction":[{"@type":"CommentAction","name":"Comment","target":["https:\/\/blogdoprosperi.com\/?p=35198#respond"]}]},{"@type":"WebPage","@id":"https:\/\/blogdoprosperi.com\/?p=35198","url":"https:\/\/blogdoprosperi.com\/?p=35198","name":"Palmeiras de Eduardo Baptista troca bola pela for\u00e7a na Copa Libertadores - PR\u00d3SPERI NEWS","isPartOf":{"@id":"https:\/\/blogdoprosperi.com\/#website"},"primaryImageOfPage":{"@id":"https:\/\/blogdoprosperi.com\/?p=35198#primaryimage"},"image":{"@id":"https:\/\/blogdoprosperi.com\/?p=35198#primaryimage"},"thumbnailUrl":"https:\/\/blogdoprosperi.com\/wp-content\/uploads\/2017\/03\/90s0j6w1c1_25os3jd69i_file.jpeg","datePublished":"2017-03-09T03:26:08+00:00","dateModified":"2017-03-09T03:51:03+00:00","breadcrumb":{"@id":"https:\/\/blogdoprosperi.com\/?p=35198#breadcrumb"},"inLanguage":"pt-BR","potentialAction":[{"@type":"ReadAction","target":["https:\/\/blogdoprosperi.com\/?p=35198"]}]},{"@type":"ImageObject","inLanguage":"pt-BR","@id":"https:\/\/blogdoprosperi.com\/?p=35198#primaryimage","url":"https:\/\/i0.wp.com\/blogdoprosperi.com\/wp-content\/uploads\/2017\/03\/90s0j6w1c1_25os3jd69i_file.jpeg?fit=780%2C340&ssl=1","contentUrl":"https:\/\/i0.wp.com\/blogdoprosperi.com\/wp-content\/uploads\/2017\/03\/90s0j6w1c1_25os3jd69i_file.jpeg?fit=780%2C340&ssl=1","width":780,"height":340},{"@type":"BreadcrumbList","@id":"https:\/\/blogdoprosperi.com\/?p=35198#breadcrumb","itemListElement":[{"@type":"ListItem","position":1,"name":"In\u00edcio","item":"https:\/\/blogdoprosperi.com\/"},{"@type":"ListItem","position":2,"name":"Palmeiras de Eduardo Baptista troca bola pela for\u00e7a na Copa Libertadores"}]},{"@type":"WebSite","@id":"https:\/\/blogdoprosperi.com\/#website","url":"https:\/\/blogdoprosperi.com\/","name":"PR\u00d3SPERI NEWS","description":"TUDO \u00c9  FUTEBOL","publisher":{"@id":"https:\/\/blogdoprosperi.com\/#\/schema\/person\/38100755ce3601861ee4fab9b5aa78e9"},"alternateName":"blogdoprosperi.com","potentialAction":[{"@type":"SearchAction","target":{"@type":"EntryPoint","urlTemplate":"https:\/\/blogdoprosperi.com\/?s={search_term_string}"},"query-input":{"@type":"PropertyValueSpecification","valueRequired":true,"valueName":"search_term_string"}}],"inLanguage":"pt-BR"},{"@type":["Person","Organization"],"@id":"https:\/\/blogdoprosperi.com\/#\/schema\/person\/38100755ce3601861ee4fab9b5aa78e9","name":"Luiz Ant\u00f4nio Pr\u00f3speri","pronouns":"ele","image":{"@type":"ImageObject","inLanguage":"pt-BR","@id":"https:\/\/i0.wp.com\/blogdoprosperi.com\/wp-content\/uploads\/2026\/05\/cropped-8059e613-6002-42fa-961e-8e275f575d71-2-5.jpg?fit=1360%2C931&ssl=1","url":"https:\/\/i0.wp.com\/blogdoprosperi.com\/wp-content\/uploads\/2026\/05\/cropped-8059e613-6002-42fa-961e-8e275f575d71-2-5.jpg?fit=1360%2C931&ssl=1","contentUrl":"https:\/\/i0.wp.com\/blogdoprosperi.com\/wp-content\/uploads\/2026\/05\/cropped-8059e613-6002-42fa-961e-8e275f575d71-2-5.jpg?fit=1360%2C931&ssl=1","width":1360,"height":931,"caption":"Luiz Ant\u00f4nio Pr\u00f3speri"},"logo":{"@id":"https:\/\/i0.wp.com\/blogdoprosperi.com\/wp-content\/uploads\/2026\/05\/cropped-8059e613-6002-42fa-961e-8e275f575d71-2-5.jpg?fit=1360%2C931&ssl=1"},"description":"Jornalista com carreira dedicada ao esporte. Cobriu 9 Copas do Mundo in loco, 1990 na It\u00e1lia, 1994 nos EUA, 1998 na Fran\u00e7a, 2002 na Coreia do Sul e Jap\u00e3o, 2006 na Alemanha, 2010 na \u00c1frica do Sul, 2014 no Brasil, 2018 na R\u00fassia e 2022 no Qatar. Eurocopas, 1992 na Su\u00e9cia e 1996 na Inglaterra. Copa das Confedera\u00e7\u00f5es de 2005 na Alemanha e 2009 na \u00c1frica do Sul. Rep\u00f3rter e Editor, trabalhou no Jornal da Tarde e Estad\u00e3o, de 1984 a fevereiro de 2016. Colunista, blogueiro. E comentarista de futebol na R\u00e1dio Estad\u00e3o, de 2013 a fevereiro de 2016. Jornalista respons\u00e1vel do \"Pr\u00f3speri News\" (blogdoprosperi.com).","sameAs":["http:\/\/blogdoprosperi.com","Luiz Pr\u00f3speri","@luiz_prosperi","https:\/\/x.com\/Luizprosperi","@prosperinacopa","luiz.prosperi@icloud.com"],"url":"https:\/\/blogdoprosperi.com\/?author=102107496"}]}},"jetpack_publicize_connections":[],"jetpack_likes_enabled":false,"jetpack_sharing_enabled":true,"jetpack_shortlink":"https:\/\/wp.me\/p7jvdk-99I","jetpack-related-posts":[{"id":35749,"url":"https:\/\/blogdoprosperi.com\/?p=35749","url_meta":{"origin":35198,"position":0},"title":"Palmeiras em transe, Eduardo Baptista se equilibra no fio da navalha","author":"Luiz Ant\u00f4nio Pr\u00f3speri","date":"4 de maio de 2017","format":false,"excerpt":"\"Tivemos muitas dificuldades para jogar em decorr\u00eancia do campo. O Palmeiras \u00e9 um time muito t\u00e9cnico e tivemos muitas dificuldades. Fizemos um bom primeiro tempo at\u00e9 tomarmos dois gols. Depois, quando quisemos jogar, fomos muito atrapalhados pelo campo. Acredito que o campo foi a grande dificuldade. Perdemos muitas bolas e\u2026","rel":"","context":"Em &quot;futebol&quot;","block_context":{"text":"futebol","link":"https:\/\/blogdoprosperi.com\/?cat=53870"},"img":{"alt_text":"","src":"https:\/\/i0.wp.com\/blogdoprosperi.com\/wp-content\/uploads\/2017\/05\/33630179513_5bbc2753b1_z.jpg?fit=640%2C410&ssl=1&resize=350%2C200","width":350,"height":200,"srcset":"https:\/\/i0.wp.com\/blogdoprosperi.com\/wp-content\/uploads\/2017\/05\/33630179513_5bbc2753b1_z.jpg?fit=640%2C410&ssl=1&resize=350%2C200 1x, https:\/\/i0.wp.com\/blogdoprosperi.com\/wp-content\/uploads\/2017\/05\/33630179513_5bbc2753b1_z.jpg?fit=640%2C410&ssl=1&resize=525%2C300 1.5x"},"classes":[]},{"id":35930,"url":"https:\/\/blogdoprosperi.com\/?p=35930","url_meta":{"origin":35198,"position":1},"title":"Palmeiras se encorpa com Cuca e avan\u00e7a \u00e0s oitavas da Libertadores. Flamengo fica pelo caminho","author":"Luiz Ant\u00f4nio Pr\u00f3speri","date":"25 de maio de 2017","format":false,"excerpt":"Palmeiras avan\u00e7a \u00e0s oitavas de final da Copa Libertadores 2017 e se junta a Santos, Atl\u00e9tico-MG, Atl\u00e9tico-PR, Botafogo e Gr\u00eamio, representantes do futebol brasileiro tamb\u00e9m classificados. Flamengo e Chapecoense ficaram no meio do caminho \u2013 clube catarinense ainda tenta recuperar a vaga na Corte Disciplinar da Conmebol. Derrota imposta ao\u2026","rel":"","context":"Em &quot;Copa Libertadores&quot;","block_context":{"text":"Copa Libertadores","link":"https:\/\/blogdoprosperi.com\/?cat=270704"},"img":{"alt_text":"","src":"https:\/\/i0.wp.com\/blogdoprosperi.com\/wp-content\/uploads\/2017\/05\/34032457084_b60b749025_o.jpg?fit=1000%2C604&ssl=1&resize=350%2C200","width":350,"height":200,"srcset":"https:\/\/i0.wp.com\/blogdoprosperi.com\/wp-content\/uploads\/2017\/05\/34032457084_b60b749025_o.jpg?fit=1000%2C604&ssl=1&resize=350%2C200 1x, https:\/\/i0.wp.com\/blogdoprosperi.com\/wp-content\/uploads\/2017\/05\/34032457084_b60b749025_o.jpg?fit=1000%2C604&ssl=1&resize=525%2C300 1.5x, https:\/\/i0.wp.com\/blogdoprosperi.com\/wp-content\/uploads\/2017\/05\/34032457084_b60b749025_o.jpg?fit=1000%2C604&ssl=1&resize=700%2C400 2x"},"classes":[]},{"id":35703,"url":"https:\/\/blogdoprosperi.com\/?p=35703","url_meta":{"origin":35198,"position":2},"title":"Quem tem Felipe Melo corre risco de colher tempestades","author":"Luiz Ant\u00f4nio Pr\u00f3speri","date":"27 de abril de 2017","format":false,"excerpt":"Quem tem um jogador da estirpe de Felipe Melo sabe que n\u00e3o vai navegar a vida inteira em \u00e1guas calmas. \u00c9 preciso acompanhar seus movimentos com o cuidado que se anda em uma loja de cristais. Um leve esbarr\u00e3o pode provocar um enorme preju\u00edzo. Depois, nem tem como recolher os\u2026","rel":"","context":"Em &quot;Copa Libertadores&quot;","block_context":{"text":"Copa Libertadores","link":"https:\/\/blogdoprosperi.com\/?cat=270704"},"img":{"alt_text":"","src":"https:\/\/i0.wp.com\/blogdoprosperi.com\/wp-content\/uploads\/2017\/04\/58c9ff88d056c.jpeg?fit=622%2C350&ssl=1&resize=350%2C200","width":350,"height":200,"srcset":"https:\/\/i0.wp.com\/blogdoprosperi.com\/wp-content\/uploads\/2017\/04\/58c9ff88d056c.jpeg?fit=622%2C350&ssl=1&resize=350%2C200 1x, https:\/\/i0.wp.com\/blogdoprosperi.com\/wp-content\/uploads\/2017\/04\/58c9ff88d056c.jpeg?fit=622%2C350&ssl=1&resize=525%2C300 1.5x"},"classes":[]},{"id":36010,"url":"https:\/\/blogdoprosperi.com\/?p=36010","url_meta":{"origin":35198,"position":3},"title":"Clubes da Libertadores se imp\u00f5em na Copa do Brasil","author":"Luiz Ant\u00f4nio Pr\u00f3speri","date":"1 de junho de 2017","format":false,"excerpt":"Sete dos oito clubes que vieram da Copa da Libertadores direto para oitavas chegaram \u00e0s quartas de final da Copa do Brasil. Gr\u00eamio, Palmeiras, Atl\u00e9tico-PR, Atl\u00e9tico-PR, Flamengo, Santos e Botafogo carimbaram a vaga. Nesta quinta-feira, a Chapecoense, que perdeu por 1 a 0 no jogo de ida, recebe o Cruzeiro\u2026","rel":"","context":"Em &quot;futebol&quot;","block_context":{"text":"futebol","link":"https:\/\/blogdoprosperi.com\/?cat=53870"},"img":{"alt_text":"","src":"https:\/\/i0.wp.com\/blogdoprosperi.com\/wp-content\/uploads\/2017\/06\/gremio_classificado.jpg?fit=500%2C333&ssl=1&resize=350%2C200","width":350,"height":200},"classes":[]},{"id":34371,"url":"https:\/\/blogdoprosperi.com\/?p=34371","url_meta":{"origin":35198,"position":4},"title":"Palmeiras muda de perfil em busca da Libertadores 2017","author":"Luiz Ant\u00f4nio Pr\u00f3speri","date":"27 de dezembro de 2016","format":false,"excerpt":"Palmeiras vai mudar seu perfil na pr\u00f3xima temporada. Aquele time campe\u00e3o brasileiro, moldado a trocar passes e fazer do ataque uma avalanche, deve ser mais conservador. Vai perder leveza. A mudan\u00e7a \u00e9 em fun\u00e7\u00e3o da Copa Libertadores, principal meta do clube em 2017. Contrata\u00e7\u00f5es do porte de Felipe Melo, Guerra\u2026","rel":"","context":"Em &quot;futebol&quot;","block_context":{"text":"futebol","link":"https:\/\/blogdoprosperi.com\/?cat=53870"},"img":{"alt_text":"","src":"https:\/\/i0.wp.com\/blogdoprosperi.com\/wp-content\/uploads\/2016\/12\/qw28opg.jpg?resize=350%2C200","width":350,"height":200,"srcset":"https:\/\/i0.wp.com\/blogdoprosperi.com\/wp-content\/uploads\/2016\/12\/qw28opg.jpg?resize=350%2C200 1x, https:\/\/i0.wp.com\/blogdoprosperi.com\/wp-content\/uploads\/2016\/12\/qw28opg.jpg?resize=525%2C300 1.5x"},"classes":[]},{"id":33527,"url":"https:\/\/blogdoprosperi.com\/?p=33527","url_meta":{"origin":35198,"position":5},"title":"Palmeiras arrisca ao eleger Eduardo Baptista sucessor de Cuca no comando do time campe\u00e3o","author":"Luiz Ant\u00f4nio Pr\u00f3speri","date":"1 de dezembro de 2016","format":false,"excerpt":"Palmeiras come\u00e7a errado seu planejamento para 2017. Dirigentes n\u00e3o pensaram em um treinador, mesmo informados de que Cuca n\u00e3o renovaria contrato. Imaginaram, em cima do sucesso do time campe\u00e3o brasileiro e do cofre cheio de dinheiro, que treinadores bateriam \u00e0 porta do clube se oferecendo para dirigir o time. N\u00e3o\u2026","rel":"","context":"Em &quot;futebol&quot;","block_context":{"text":"futebol","link":"https:\/\/blogdoprosperi.com\/?cat=53870"},"img":{"alt_text":"","src":"https:\/\/i0.wp.com\/blogdoprosperi.com\/wp-content\/uploads\/2016\/12\/edubap1.jpg?resize=350%2C200&ssl=1","width":350,"height":200,"srcset":"https:\/\/i0.wp.com\/blogdoprosperi.com\/wp-content\/uploads\/2016\/12\/edubap1.jpg?resize=350%2C200&ssl=1 1x, https:\/\/i0.wp.com\/blogdoprosperi.com\/wp-content\/uploads\/2016\/12\/edubap1.jpg?resize=525%2C300&ssl=1 1.5x"},"classes":[]}],"jetpack_featured_media_url":"","_links":{"self":[{"href":"https:\/\/blogdoprosperi.com\/index.php?rest_route=\/wp\/v2\/posts\/35198","targetHints":{"allow":["GET"]}}],"collection":[{"href":"https:\/\/blogdoprosperi.com\/index.php?rest_route=\/wp\/v2\/posts"}],"about":[{"href":"https:\/\/blogdoprosperi.com\/index.php?rest_route=\/wp\/v2\/types\/post"}],"author":[{"embeddable":true,"href":"https:\/\/blogdoprosperi.com\/index.php?rest_route=\/wp\/v2\/users\/102107496"}],"replies":[{"embeddable":true,"href":"https:\/\/blogdoprosperi.com\/index.php?rest_route=%2Fwp%2Fv2%2Fcomments&post=35198"}],"version-history":[{"count":25,"href":"https:\/\/blogdoprosperi.com\/index.php?rest_route=\/wp\/v2\/posts\/35198\/revisions"}],"predecessor-version":[{"id":35232,"href":"https:\/\/blogdoprosperi.com\/index.php?rest_route=\/wp\/v2\/posts\/35198\/revisions\/35232"}],"wp:attachment":[{"href":"https:\/\/blogdoprosperi.com\/index.php?rest_route=%2Fwp%2Fv2%2Fmedia&parent=35198"}],"wp:term":[{"taxonomy":"category","embeddable":true,"href":"https:\/\/blogdoprosperi.com\/index.php?rest_route=%2Fwp%2Fv2%2Fcategories&post=35198"},{"taxonomy":"post_tag","embeddable":true,"href":"https:\/\/blogdoprosperi.com\/index.php?rest_route=%2Fwp%2Fv2%2Ftags&post=35198"}],"curies":[{"name":"wp","href":"https:\/\/api.w.org\/{rel}","templated":true}]}}