{"id":35242,"date":"2017-03-11T19:37:17","date_gmt":"2017-03-11T22:37:17","guid":{"rendered":"http:\/\/blogdoprosperi.com\/?p=35242"},"modified":"2017-03-31T20:14:44","modified_gmt":"2017-03-31T23:14:44","slug":"palmeiras-aniquila-sao-paulo-e-manda-duro-recado-a-rogerio-ceni","status":"publish","type":"post","link":"https:\/\/blogdoprosperi.com\/?p=35242","title":{"rendered":"Palmeiras aniquila S\u00e3o Paulo e manda duro recado a Rogerio Ceni"},"content":{"rendered":"<p><img data-recalc-dims=\"1\" loading=\"lazy\" decoding=\"async\" class=\"wp-image-5193 size-full\" src=\"https:\/\/i0.wp.com\/www.chuteirafc.com.br\/wp-content\/uploads\/2017\/03\/imagem_2616_zybTJ2TSVsRp_original.jpg?resize=700%2C394\" alt=\"imagem_2616_zybtj2tsvsrp_original\" width=\"700\" height=\"394\" \/><\/p>\n<p>Palmeiras est\u00e1 de volta e mostrou que pode muito mais ao despachar o S\u00e3o Paulo por 3 a 0 no Allianz Parque diante de 36 mil torcedores. Em nenhum momento do cl\u00e1ssico deixou o advers\u00e1rio respirar. Apresentou bom repert\u00f3rio, obedi\u00eancia t\u00e1tica e um entusiasmo acima do normal. Quanto ao time de Rogerio Ceni, o alarme disparou. O time repetiu a\u00a0rotina de gols sofridos, exibiu uma penca de volantes na fun\u00e7\u00e3o de meias sem a nenhuma clareza e n\u00e3o teve outra proposta de jogo quando se viu em dificuldade. Posse de bola, como Ceni gosta, n\u00e3o \u00e9 sin\u00f4mino de vit\u00f3rias.<!--more--><\/p>\n<p>Mesmo forte e superior ao rival, o <a href=\"http:\/\/blogdoprosperi.com\/2017\/02\/23\/eduardo-baptista-entra-na-encruzilhada-dos-aflitos\/\">Palmeiras n\u00e3o arrega\u00e7ou no primeiro tempo<\/a>. Ali\u00e1s n\u00e3o havia muito o que falar do cl\u00e1ssico at\u00e9 Dudu escrever uma obra-prima. Um gol daqueles de emoldurar na parede, de ser visto e revisto at\u00e9 os olhos cansarem. Come\u00e7a com uma roubada de bola em cima do fraco Buffarini, na beira do campo, passa pela percep\u00e7\u00e3o de que Denis estava adiantado na prote\u00e7\u00e3o da sua meta, segue com o chute de tr\u00eas dedos, a bola voando at\u00e9 cair dentro da rede. Tudo isso em frente a Rogerio Ceni, que nos seus tempos de goleiro havia sofrido dois gols por cobertura do Palmeiras em 2015 \u2013 autoria de Robinho.<\/p>\n<p><a href=\"http:\/\/www.chuteirafc.com.br\">LEIA MAIS: a vit\u00f3ria do Palmeiras no cl\u00e1ssico e informa\u00e7\u00f5es do futebol no CHUTEIRA FC<\/a><\/p>\n<p>Este gol de Dudu era o recompensa justa a um time mais organizado e bem estruturado para encarar o cl\u00e1ssico. Marcou como manda a cartilha em jogo entre gigantes. Em nenhum momento deu tr\u00e9gua ao rival na sa\u00edda de bola e s\u00f3 n\u00e3o incomodou o goleiro como se esperava porque arriscou poucos chutes ao gol.<\/p>\n<p>Do outro lado, se viu a desconstru\u00e7\u00e3o do S\u00e3o Paulo, um time impetuoso com a fama precoce de ter um ataque demolidor e uma defesa fantasma. Nos primeiros 45 minutos, deu apenas um chute a gol \u2013 Thiago Mendes de longe. Pouco para quem se apresentava um rolo compressor desde que Ceni assumiu o comando. Quanto \u00e0 defesa, a rotina \u2013 agora s\u00e3o 17 gols sofridos na temporada.<\/p>\n<div class=\"jetpack-video-wrapper\"><span class=\"embed-youtube\" style=\"text-align:center; display: block;\"><iframe loading=\"lazy\" class=\"youtube-player\" width=\"940\" height=\"529\" src=\"https:\/\/www.youtube.com\/embed\/x9TpR9z5UJQ?version=3&#038;rel=1&#038;showsearch=0&#038;showinfo=1&#038;iv_load_policy=1&#038;fs=1&#038;hl=pt-BR&#038;autohide=2&#038;wmode=transparent\" allowfullscreen=\"true\" style=\"border:0;\" sandbox=\"allow-scripts allow-same-origin allow-popups allow-presentation allow-popups-to-escape-sandbox\"><\/iframe><\/span><\/div>\n<p>A desculpa teria sido a aus\u00eancia de Cueva, o articulador do ataque, o alimentador de Pratto e Luiz Ara\u00fajo. Sem o peruano, a luz se apagou. E a\u00ed cabe um pergunta: o time de Ceni, aclamado como grande novidade na \u00e1rea dos t\u00e9cnicos neste come\u00e7o de 2017, depende de um homem s\u00f3? Cueva n\u00e3o estava e o S\u00e3o Paulo se pulverizou. At\u00e9 o menino Luiz Ara\u00fajo, outro inquestion\u00e1vel neste in\u00edcio de competi\u00e7\u00f5es importantes, desapareceu.<\/p>\n<p>Ceni em nenhum momento conseguiu estruturar sua equipe. Jo\u00e3o Schimidt e C\u00edcero n\u00e3o respiraram. Jucilei quase um zero \u00e0 esquerda. E Thiago Mendes n\u00e3o sabia se estava no Allianz Parque ou no Morumbi. Travados pela marca\u00e7\u00e3o do Palmeiras, eles n\u00e3o deram vida ao S\u00e3o Paulo.<\/p>\n<p>Bem, ent\u00e3o vamos voltar ao gol de Dudu. Sob o efeito dessa jogada lis\u00e9rgica, o time de Eduardo Baptista entendeu que era preciso amassar o advers\u00e1rio. Havia um segundo tempo inteiro pela frente. E deu d\u00f3. Quando Tch\u00ea Tch\u00ea fez o segundo gol, ali\u00e1s outro belo tento, havia apenas o Palmeiras em campo. Ceni estava nas cordas sem saber o que fazer.<\/p>\n<p>Ao sofrer o terceiro gol, uma pixotada de Denis que Guerra aproveitou, acendeu o sinal de que viria uma goleada. E s\u00f3 n\u00e3o aconteceu por falta de pontaria dos palmeirenses. Absoluto no jogo, <a href=\"http:\/\/blogdoprosperi.com\/2017\/02\/09\/sao-paulo-despeja-r-40-milhoes-em-lucas-pratto-na-esperanca-de-gols-e-votos-ao-presidente\/\">Palmeiras mostrou coer\u00eancia do come\u00e7o ao fim e deixou claro a enorme dist\u00e2ncia que o separa do S\u00e3o Paulo.<\/a><\/p>\n<p>Tamb\u00e9m pode ser um novo ponto de partida para Eduardo Baptista. Neste cl\u00e1ssico, mostrou que come\u00e7a a usar bem as in\u00fameras op\u00e7\u00f5es que t\u00eam no grupo de jogadores e armar o time com boa leitura do jogo do advers\u00e1rio. Estrangulou Ceni. \u00c9 um caminho.<\/p>\n<div class=\"jetpack-video-wrapper\"><span class=\"embed-youtube\" style=\"text-align:center; display: block;\"><iframe loading=\"lazy\" class=\"youtube-player\" width=\"940\" height=\"529\" src=\"https:\/\/www.youtube.com\/embed\/PcY_GgkGtpo?version=3&#038;rel=1&#038;showsearch=0&#038;showinfo=1&#038;iv_load_policy=1&#038;fs=1&#038;hl=pt-BR&#038;autohide=2&#038;wmode=transparent\" allowfullscreen=\"true\" style=\"border:0;\" sandbox=\"allow-scripts allow-same-origin allow-popups allow-presentation allow-popups-to-escape-sandbox\"><\/iframe><\/span><\/div>\n<p><a href=\"http:\/\/www.chuteirafc.com.br\">(texto publicado no CHUTEIRA FC)<\/a><\/p>\n","protected":false},"excerpt":{"rendered":"<p>Palmeiras est\u00e1 de volta e mostrou que pode muito mais ao despachar o S\u00e3o Paulo por 3 a [&hellip;]<\/p>\n","protected":false},"author":102107496,"featured_media":0,"comment_status":"open","ping_status":"open","sticky":false,"template":"","format":"standard","meta":{"_coblocks_attr":"","_coblocks_dimensions":"","_coblocks_responsive_height":"","_coblocks_accordion_ie_support":"","_jetpack_newsletter_access":"","_jetpack_dont_email_post_to_subs":false,"_jetpack_newsletter_tier_id":0,"_jetpack_memberships_contains_paywalled_content":false,"_wpcom_ai_launchpad_first_post":false,"_jetpack_feature_clip_id":0,"_jetpack_memberships_contains_paid_content":false,"footnotes":"","jetpack_publicize_message":"","jetpack_publicize_feature_enabled":true,"jetpack_social_post_already_shared":false,"jetpack_social_options":{"image_generator_settings":{"template":"highway","default_image_id":0,"font":"","enabled":false},"version":2},"jetpack_post_was_ever_published":false},"categories":[53870],"tags":[1249177,11006842,789560560,287104,564976294,1181872,1114917],"class_list":["post-35242","post","type-post","status-publish","format-standard","hentry","category-futebol","tag-dudu","tag-eduardo-baptista","tag-futebol","tag-palmeiras","tag-palmeiras-3-x-0-sao-paulo-fc","tag-rogerio-ceni","tag-spfc"],"yoast_head":"<!-- This site is optimized with the Yoast SEO plugin v28.3 - https:\/\/yoast.com\/product\/yoast-seo-wordpress\/ -->\n<title>Palmeiras aniquila S\u00e3o Paulo e manda duro recado a Rogerio Ceni - PR\u00d3SPERI NEWS<\/title>\n<meta name=\"robots\" content=\"index, follow, max-snippet:-1, max-image-preview:large, max-video-preview:-1\" \/>\n<link rel=\"canonical\" href=\"https:\/\/blogdoprosperi.com\/?p=35242\" \/>\n<meta property=\"og:locale\" content=\"pt_BR\" \/>\n<meta property=\"og:type\" content=\"article\" \/>\n<meta property=\"og:title\" content=\"Palmeiras aniquila S\u00e3o Paulo e manda duro recado a Rogerio Ceni - PR\u00d3SPERI NEWS\" \/>\n<meta property=\"og:description\" content=\"Palmeiras est\u00e1 de volta e mostrou que pode muito mais ao despachar o S\u00e3o Paulo por 3 a [&hellip;]\" \/>\n<meta property=\"og:url\" content=\"https:\/\/blogdoprosperi.com\/?p=35242\" \/>\n<meta property=\"og:site_name\" content=\"PR\u00d3SPERI NEWS\" \/>\n<meta property=\"article:publisher\" content=\"Luiz Pr\u00f3speri\" \/>\n<meta property=\"article:author\" content=\"Luiz Pr\u00f3speri\" \/>\n<meta property=\"article:published_time\" content=\"2017-03-11T22:37:17+00:00\" \/>\n<meta property=\"article:modified_time\" content=\"2017-03-31T23:14:44+00:00\" \/>\n<meta property=\"og:image\" content=\"http:\/\/www.chuteirafc.com.br\/wp-content\/uploads\/2017\/03\/imagem_2616_zybTJ2TSVsRp_original.jpg\" \/>\n<meta name=\"author\" content=\"Luiz Ant\u00f4nio Pr\u00f3speri\" \/>\n<meta name=\"twitter:card\" content=\"summary_large_image\" \/>\n<meta name=\"twitter:creator\" content=\"@Luizprosperi\" \/>\n<meta name=\"twitter:site\" content=\"@Luizprosperi\" \/>\n<meta name=\"twitter:label1\" content=\"Escrito por\" \/>\n\t<meta name=\"twitter:data1\" content=\"Luiz Ant\u00f4nio Pr\u00f3speri\" \/>\n\t<meta name=\"twitter:label2\" content=\"Est. tempo de leitura\" \/>\n\t<meta name=\"twitter:data2\" content=\"4 minutos\" \/>\n<script type=\"application\/ld+json\" class=\"yoast-schema-graph\">{\"@context\":\"https:\\\/\\\/schema.org\",\"@graph\":[{\"@type\":\"Article\",\"@id\":\"https:\\\/\\\/blogdoprosperi.com\\\/?p=35242#article\",\"isPartOf\":{\"@id\":\"https:\\\/\\\/blogdoprosperi.com\\\/?p=35242\"},\"author\":{\"name\":\"Luiz Ant\u00f4nio Pr\u00f3speri\",\"@id\":\"https:\\\/\\\/blogdoprosperi.com\\\/#\\\/schema\\\/person\\\/38100755ce3601861ee4fab9b5aa78e9\"},\"headline\":\"Palmeiras aniquila S\u00e3o Paulo e manda duro recado a Rogerio Ceni\",\"datePublished\":\"2017-03-11T22:37:17+00:00\",\"dateModified\":\"2017-03-31T23:14:44+00:00\",\"mainEntityOfPage\":{\"@id\":\"https:\\\/\\\/blogdoprosperi.com\\\/?p=35242\"},\"wordCount\":722,\"commentCount\":0,\"publisher\":{\"@id\":\"https:\\\/\\\/blogdoprosperi.com\\\/#\\\/schema\\\/person\\\/38100755ce3601861ee4fab9b5aa78e9\"},\"image\":{\"@id\":\"https:\\\/\\\/blogdoprosperi.com\\\/?p=35242#primaryimage\"},\"thumbnailUrl\":\"http:\\\/\\\/www.chuteirafc.com.br\\\/wp-content\\\/uploads\\\/2017\\\/03\\\/imagem_2616_zybTJ2TSVsRp_original.jpg\",\"keywords\":[\"Dudu\",\"Eduardo Baptista\",\"futebol\",\"Palmeiras\",\"Palmeiras 3 x 0 S\u00e3o Paulo FC\",\"Rog\u00e9rio Ceni\",\"SPFC\"],\"articleSection\":[\"futebol\"],\"inLanguage\":\"pt-BR\",\"potentialAction\":[{\"@type\":\"CommentAction\",\"name\":\"Comment\",\"target\":[\"https:\\\/\\\/blogdoprosperi.com\\\/?p=35242#respond\"]}]},{\"@type\":\"WebPage\",\"@id\":\"https:\\\/\\\/blogdoprosperi.com\\\/?p=35242\",\"url\":\"https:\\\/\\\/blogdoprosperi.com\\\/?p=35242\",\"name\":\"Palmeiras aniquila S\u00e3o Paulo e manda duro recado a Rogerio Ceni - PR\u00d3SPERI NEWS\",\"isPartOf\":{\"@id\":\"https:\\\/\\\/blogdoprosperi.com\\\/#website\"},\"primaryImageOfPage\":{\"@id\":\"https:\\\/\\\/blogdoprosperi.com\\\/?p=35242#primaryimage\"},\"image\":{\"@id\":\"https:\\\/\\\/blogdoprosperi.com\\\/?p=35242#primaryimage\"},\"thumbnailUrl\":\"http:\\\/\\\/www.chuteirafc.com.br\\\/wp-content\\\/uploads\\\/2017\\\/03\\\/imagem_2616_zybTJ2TSVsRp_original.jpg\",\"datePublished\":\"2017-03-11T22:37:17+00:00\",\"dateModified\":\"2017-03-31T23:14:44+00:00\",\"breadcrumb\":{\"@id\":\"https:\\\/\\\/blogdoprosperi.com\\\/?p=35242#breadcrumb\"},\"inLanguage\":\"pt-BR\",\"potentialAction\":[{\"@type\":\"ReadAction\",\"target\":[\"https:\\\/\\\/blogdoprosperi.com\\\/?p=35242\"]}]},{\"@type\":\"ImageObject\",\"inLanguage\":\"pt-BR\",\"@id\":\"https:\\\/\\\/blogdoprosperi.com\\\/?p=35242#primaryimage\",\"url\":\"http:\\\/\\\/www.chuteirafc.com.br\\\/wp-content\\\/uploads\\\/2017\\\/03\\\/imagem_2616_zybTJ2TSVsRp_original.jpg\",\"contentUrl\":\"http:\\\/\\\/www.chuteirafc.com.br\\\/wp-content\\\/uploads\\\/2017\\\/03\\\/imagem_2616_zybTJ2TSVsRp_original.jpg\"},{\"@type\":\"BreadcrumbList\",\"@id\":\"https:\\\/\\\/blogdoprosperi.com\\\/?p=35242#breadcrumb\",\"itemListElement\":[{\"@type\":\"ListItem\",\"position\":1,\"name\":\"In\u00edcio\",\"item\":\"https:\\\/\\\/blogdoprosperi.com\\\/\"},{\"@type\":\"ListItem\",\"position\":2,\"name\":\"Palmeiras aniquila S\u00e3o Paulo e manda duro recado a Rogerio Ceni\"}]},{\"@type\":\"WebSite\",\"@id\":\"https:\\\/\\\/blogdoprosperi.com\\\/#website\",\"url\":\"https:\\\/\\\/blogdoprosperi.com\\\/\",\"name\":\"PR\u00d3SPERI NEWS\",\"description\":\"TUDO \u00c9  FUTEBOL\",\"publisher\":{\"@id\":\"https:\\\/\\\/blogdoprosperi.com\\\/#\\\/schema\\\/person\\\/38100755ce3601861ee4fab9b5aa78e9\"},\"alternateName\":\"blogdoprosperi.com\",\"potentialAction\":[{\"@type\":\"SearchAction\",\"target\":{\"@type\":\"EntryPoint\",\"urlTemplate\":\"https:\\\/\\\/blogdoprosperi.com\\\/?s={search_term_string}\"},\"query-input\":{\"@type\":\"PropertyValueSpecification\",\"valueRequired\":true,\"valueName\":\"search_term_string\"}}],\"inLanguage\":\"pt-BR\"},{\"@type\":[\"Person\",\"Organization\"],\"@id\":\"https:\\\/\\\/blogdoprosperi.com\\\/#\\\/schema\\\/person\\\/38100755ce3601861ee4fab9b5aa78e9\",\"name\":\"Luiz Ant\u00f4nio Pr\u00f3speri\",\"pronouns\":\"ele\",\"image\":{\"@type\":\"ImageObject\",\"inLanguage\":\"pt-BR\",\"@id\":\"https:\\\/\\\/i0.wp.com\\\/blogdoprosperi.com\\\/wp-content\\\/uploads\\\/2026\\\/05\\\/cropped-8059e613-6002-42fa-961e-8e275f575d71-2-5.jpg?fit=1360%2C931&ssl=1\",\"url\":\"https:\\\/\\\/i0.wp.com\\\/blogdoprosperi.com\\\/wp-content\\\/uploads\\\/2026\\\/05\\\/cropped-8059e613-6002-42fa-961e-8e275f575d71-2-5.jpg?fit=1360%2C931&ssl=1\",\"contentUrl\":\"https:\\\/\\\/i0.wp.com\\\/blogdoprosperi.com\\\/wp-content\\\/uploads\\\/2026\\\/05\\\/cropped-8059e613-6002-42fa-961e-8e275f575d71-2-5.jpg?fit=1360%2C931&ssl=1\",\"width\":1360,\"height\":931,\"caption\":\"Luiz Ant\u00f4nio Pr\u00f3speri\"},\"logo\":{\"@id\":\"https:\\\/\\\/i0.wp.com\\\/blogdoprosperi.com\\\/wp-content\\\/uploads\\\/2026\\\/05\\\/cropped-8059e613-6002-42fa-961e-8e275f575d71-2-5.jpg?fit=1360%2C931&ssl=1\"},\"description\":\"Jornalista com carreira dedicada ao esporte. Cobriu 9 Copas do Mundo in loco, 1990 na It\u00e1lia, 1994 nos EUA, 1998 na Fran\u00e7a, 2002 na Coreia do Sul e Jap\u00e3o, 2006 na Alemanha, 2010 na \u00c1frica do Sul, 2014 no Brasil, 2018 na R\u00fassia e 2022 no Qatar. Eurocopas, 1992 na Su\u00e9cia e 1996 na Inglaterra. Copa das Confedera\u00e7\u00f5es de 2005 na Alemanha e 2009 na \u00c1frica do Sul. Rep\u00f3rter e Editor, trabalhou no Jornal da Tarde e Estad\u00e3o, de 1984 a fevereiro de 2016. Colunista, blogueiro. E comentarista de futebol na R\u00e1dio Estad\u00e3o, de 2013 a fevereiro de 2016. Jornalista respons\u00e1vel do \\\"Pr\u00f3speri News\\\" (blogdoprosperi.com).\",\"sameAs\":[\"http:\\\/\\\/blogdoprosperi.com\",\"Luiz Pr\u00f3speri\",\"@luiz_prosperi\",\"https:\\\/\\\/x.com\\\/Luizprosperi\",\"@prosperinacopa\",\"luiz.prosperi@icloud.com\"],\"url\":\"https:\\\/\\\/blogdoprosperi.com\\\/?author=102107496\"}]}<\/script>\n<!-- \/ Yoast SEO plugin. -->","yoast_head_json":{"title":"Palmeiras aniquila S\u00e3o Paulo e manda duro recado a Rogerio Ceni - PR\u00d3SPERI NEWS","robots":{"index":"index","follow":"follow","max-snippet":"max-snippet:-1","max-image-preview":"max-image-preview:large","max-video-preview":"max-video-preview:-1"},"canonical":"https:\/\/blogdoprosperi.com\/?p=35242","og_locale":"pt_BR","og_type":"article","og_title":"Palmeiras aniquila S\u00e3o Paulo e manda duro recado a Rogerio Ceni - PR\u00d3SPERI NEWS","og_description":"Palmeiras est\u00e1 de volta e mostrou que pode muito mais ao despachar o S\u00e3o Paulo por 3 a [&hellip;]","og_url":"https:\/\/blogdoprosperi.com\/?p=35242","og_site_name":"PR\u00d3SPERI NEWS","article_publisher":"Luiz Pr\u00f3speri","article_author":"Luiz Pr\u00f3speri","article_published_time":"2017-03-11T22:37:17+00:00","article_modified_time":"2017-03-31T23:14:44+00:00","og_image":[{"url":"http:\/\/www.chuteirafc.com.br\/wp-content\/uploads\/2017\/03\/imagem_2616_zybTJ2TSVsRp_original.jpg","type":"","width":"","height":""}],"author":"Luiz Ant\u00f4nio Pr\u00f3speri","twitter_card":"summary_large_image","twitter_creator":"@Luizprosperi","twitter_site":"@Luizprosperi","twitter_misc":{"Escrito por":"Luiz Ant\u00f4nio Pr\u00f3speri","Est. tempo de leitura":"4 minutos"},"schema":{"@context":"https:\/\/schema.org","@graph":[{"@type":"Article","@id":"https:\/\/blogdoprosperi.com\/?p=35242#article","isPartOf":{"@id":"https:\/\/blogdoprosperi.com\/?p=35242"},"author":{"name":"Luiz Ant\u00f4nio Pr\u00f3speri","@id":"https:\/\/blogdoprosperi.com\/#\/schema\/person\/38100755ce3601861ee4fab9b5aa78e9"},"headline":"Palmeiras aniquila S\u00e3o Paulo e manda duro recado a Rogerio Ceni","datePublished":"2017-03-11T22:37:17+00:00","dateModified":"2017-03-31T23:14:44+00:00","mainEntityOfPage":{"@id":"https:\/\/blogdoprosperi.com\/?p=35242"},"wordCount":722,"commentCount":0,"publisher":{"@id":"https:\/\/blogdoprosperi.com\/#\/schema\/person\/38100755ce3601861ee4fab9b5aa78e9"},"image":{"@id":"https:\/\/blogdoprosperi.com\/?p=35242#primaryimage"},"thumbnailUrl":"http:\/\/www.chuteirafc.com.br\/wp-content\/uploads\/2017\/03\/imagem_2616_zybTJ2TSVsRp_original.jpg","keywords":["Dudu","Eduardo Baptista","futebol","Palmeiras","Palmeiras 3 x 0 S\u00e3o Paulo FC","Rog\u00e9rio Ceni","SPFC"],"articleSection":["futebol"],"inLanguage":"pt-BR","potentialAction":[{"@type":"CommentAction","name":"Comment","target":["https:\/\/blogdoprosperi.com\/?p=35242#respond"]}]},{"@type":"WebPage","@id":"https:\/\/blogdoprosperi.com\/?p=35242","url":"https:\/\/blogdoprosperi.com\/?p=35242","name":"Palmeiras aniquila S\u00e3o Paulo e manda duro recado a Rogerio Ceni - PR\u00d3SPERI NEWS","isPartOf":{"@id":"https:\/\/blogdoprosperi.com\/#website"},"primaryImageOfPage":{"@id":"https:\/\/blogdoprosperi.com\/?p=35242#primaryimage"},"image":{"@id":"https:\/\/blogdoprosperi.com\/?p=35242#primaryimage"},"thumbnailUrl":"http:\/\/www.chuteirafc.com.br\/wp-content\/uploads\/2017\/03\/imagem_2616_zybTJ2TSVsRp_original.jpg","datePublished":"2017-03-11T22:37:17+00:00","dateModified":"2017-03-31T23:14:44+00:00","breadcrumb":{"@id":"https:\/\/blogdoprosperi.com\/?p=35242#breadcrumb"},"inLanguage":"pt-BR","potentialAction":[{"@type":"ReadAction","target":["https:\/\/blogdoprosperi.com\/?p=35242"]}]},{"@type":"ImageObject","inLanguage":"pt-BR","@id":"https:\/\/blogdoprosperi.com\/?p=35242#primaryimage","url":"http:\/\/www.chuteirafc.com.br\/wp-content\/uploads\/2017\/03\/imagem_2616_zybTJ2TSVsRp_original.jpg","contentUrl":"http:\/\/www.chuteirafc.com.br\/wp-content\/uploads\/2017\/03\/imagem_2616_zybTJ2TSVsRp_original.jpg"},{"@type":"BreadcrumbList","@id":"https:\/\/blogdoprosperi.com\/?p=35242#breadcrumb","itemListElement":[{"@type":"ListItem","position":1,"name":"In\u00edcio","item":"https:\/\/blogdoprosperi.com\/"},{"@type":"ListItem","position":2,"name":"Palmeiras aniquila S\u00e3o Paulo e manda duro recado a Rogerio Ceni"}]},{"@type":"WebSite","@id":"https:\/\/blogdoprosperi.com\/#website","url":"https:\/\/blogdoprosperi.com\/","name":"PR\u00d3SPERI NEWS","description":"TUDO \u00c9  FUTEBOL","publisher":{"@id":"https:\/\/blogdoprosperi.com\/#\/schema\/person\/38100755ce3601861ee4fab9b5aa78e9"},"alternateName":"blogdoprosperi.com","potentialAction":[{"@type":"SearchAction","target":{"@type":"EntryPoint","urlTemplate":"https:\/\/blogdoprosperi.com\/?s={search_term_string}"},"query-input":{"@type":"PropertyValueSpecification","valueRequired":true,"valueName":"search_term_string"}}],"inLanguage":"pt-BR"},{"@type":["Person","Organization"],"@id":"https:\/\/blogdoprosperi.com\/#\/schema\/person\/38100755ce3601861ee4fab9b5aa78e9","name":"Luiz Ant\u00f4nio Pr\u00f3speri","pronouns":"ele","image":{"@type":"ImageObject","inLanguage":"pt-BR","@id":"https:\/\/i0.wp.com\/blogdoprosperi.com\/wp-content\/uploads\/2026\/05\/cropped-8059e613-6002-42fa-961e-8e275f575d71-2-5.jpg?fit=1360%2C931&ssl=1","url":"https:\/\/i0.wp.com\/blogdoprosperi.com\/wp-content\/uploads\/2026\/05\/cropped-8059e613-6002-42fa-961e-8e275f575d71-2-5.jpg?fit=1360%2C931&ssl=1","contentUrl":"https:\/\/i0.wp.com\/blogdoprosperi.com\/wp-content\/uploads\/2026\/05\/cropped-8059e613-6002-42fa-961e-8e275f575d71-2-5.jpg?fit=1360%2C931&ssl=1","width":1360,"height":931,"caption":"Luiz Ant\u00f4nio Pr\u00f3speri"},"logo":{"@id":"https:\/\/i0.wp.com\/blogdoprosperi.com\/wp-content\/uploads\/2026\/05\/cropped-8059e613-6002-42fa-961e-8e275f575d71-2-5.jpg?fit=1360%2C931&ssl=1"},"description":"Jornalista com carreira dedicada ao esporte. Cobriu 9 Copas do Mundo in loco, 1990 na It\u00e1lia, 1994 nos EUA, 1998 na Fran\u00e7a, 2002 na Coreia do Sul e Jap\u00e3o, 2006 na Alemanha, 2010 na \u00c1frica do Sul, 2014 no Brasil, 2018 na R\u00fassia e 2022 no Qatar. Eurocopas, 1992 na Su\u00e9cia e 1996 na Inglaterra. Copa das Confedera\u00e7\u00f5es de 2005 na Alemanha e 2009 na \u00c1frica do Sul. Rep\u00f3rter e Editor, trabalhou no Jornal da Tarde e Estad\u00e3o, de 1984 a fevereiro de 2016. Colunista, blogueiro. E comentarista de futebol na R\u00e1dio Estad\u00e3o, de 2013 a fevereiro de 2016. Jornalista respons\u00e1vel do \"Pr\u00f3speri News\" (blogdoprosperi.com).","sameAs":["http:\/\/blogdoprosperi.com","Luiz Pr\u00f3speri","@luiz_prosperi","https:\/\/x.com\/Luizprosperi","@prosperinacopa","luiz.prosperi@icloud.com"],"url":"https:\/\/blogdoprosperi.com\/?author=102107496"}]}},"jetpack_publicize_connections":[],"jetpack_likes_enabled":false,"jetpack_sharing_enabled":true,"jetpack_shortlink":"https:\/\/wp.me\/p7jvdk-9aq","jetpack-related-posts":[{"id":35947,"url":"https:\/\/blogdoprosperi.com\/?p=35947","url_meta":{"origin":35242,"position":0},"title":"Ceni muda de postura e Cuca tem reca\u00edda","author":"Luiz Ant\u00f4nio Pr\u00f3speri","date":"28 de maio de 2017","format":false,"excerpt":"S\u00e3o Paulo sustentou um tabu de n\u00e3o perder para o Palmeiras no Morumbi desde 2002 ao vencer o cl\u00e1ssico por 2 a 0 neste s\u00e1bado (27\/5). Muito da vit\u00f3ria do Tricolor passa pelo acerto na estrat\u00e9gia de Rogerio Ceni e nos equ\u00edvocos de Cuca. E, claro, na precis\u00e3o de Lucas\u2026","rel":"","context":"Em &quot;Campeonato Brasileiro&quot;","block_context":{"text":"Campeonato Brasileiro","link":"https:\/\/blogdoprosperi.com\/?cat=355071"},"img":{"alt_text":"","src":"https:\/\/i0.wp.com\/blogdoprosperi.com\/wp-content\/uploads\/2017\/05\/622_124c1a7c-b4dd-3e4e-85e0-c328eaa5546c.jpg?fit=622%2C350&ssl=1&resize=350%2C200","width":350,"height":200,"srcset":"https:\/\/i0.wp.com\/blogdoprosperi.com\/wp-content\/uploads\/2017\/05\/622_124c1a7c-b4dd-3e4e-85e0-c328eaa5546c.jpg?fit=622%2C350&ssl=1&resize=350%2C200 1x, https:\/\/i0.wp.com\/blogdoprosperi.com\/wp-content\/uploads\/2017\/05\/622_124c1a7c-b4dd-3e4e-85e0-c328eaa5546c.jpg?fit=622%2C350&ssl=1&resize=525%2C300 1.5x"},"classes":[]},{"id":31707,"url":"https:\/\/blogdoprosperi.com\/?p=31707","url_meta":{"origin":35242,"position":1},"title":"Rogerio Ceni n\u00e3o desgruda do S\u00e3o Paulo e faz do clube seu ref\u00e9m","author":"Luiz Ant\u00f4nio Pr\u00f3speri","date":"10 de novembro de 2016","format":false,"excerpt":"Quando Marcos pediu arrego no Palmeiras, cheio de dores espalhadas por seu corpo, tirou as luvas e guardou tudo num arm\u00e1rio. Era un\u00e2nime o fim de sua carreira. Futebol seria um instant\u00e2neo na sua vida, entre p\u00f4steres na parede, fotos nas redes sociais, idolatria nas ruas, est\u00e1dios e a gl\u00f3ria\u2026","rel":"","context":"Em &quot;futebol&quot;","block_context":{"text":"futebol","link":"https:\/\/blogdoprosperi.com\/?cat=53870"},"img":{"alt_text":"","src":"https:\/\/i0.wp.com\/blogdoprosperi.com\/wp-content\/uploads\/2016\/11\/1reproducao.jpg?resize=350%2C200&ssl=1","width":350,"height":200,"srcset":"https:\/\/i0.wp.com\/blogdoprosperi.com\/wp-content\/uploads\/2016\/11\/1reproducao.jpg?resize=350%2C200&ssl=1 1x, https:\/\/i0.wp.com\/blogdoprosperi.com\/wp-content\/uploads\/2016\/11\/1reproducao.jpg?resize=525%2C300&ssl=1 1.5x, https:\/\/i0.wp.com\/blogdoprosperi.com\/wp-content\/uploads\/2016\/11\/1reproducao.jpg?resize=700%2C400&ssl=1 2x"},"classes":[]},{"id":34969,"url":"https:\/\/blogdoprosperi.com\/?p=34969","url_meta":{"origin":35242,"position":2},"title":"Santos impressiona, Palmeiras e Corinthians n\u00e3o encantam e S\u00e3o Paulo patina na estreia","author":"Luiz Ant\u00f4nio Pr\u00f3speri","date":"6 de fevereiro de 2017","format":false,"excerpt":"Rodada de abertura do Paulist\u00e3o 2017 deixa claro a disparidade entre as quatro grandes for\u00e7as do campeonato. Santos se imp\u00f4s com uma arrojada nova proposta de jogo. Palmeiras lutou muito para vencer em casa. Corinthians deu um passo como se n\u00e3o tivesse sa\u00eddo do lugar. E o S\u00e3o Paulo\u2026. Rog\u00e9rio\u2026","rel":"","context":"Em &quot;futebol&quot;","block_context":{"text":"futebol","link":"https:\/\/blogdoprosperi.com\/?cat=53870"},"img":{"alt_text":"32571089791_bf779395d6_z","src":"https:\/\/i0.wp.com\/www.chuteirafc.com.br\/wp-content\/uploads\/2017\/02\/32571089791_bf779395d6_z.jpg?resize=350%2C200","width":350,"height":200,"srcset":"https:\/\/i0.wp.com\/www.chuteirafc.com.br\/wp-content\/uploads\/2017\/02\/32571089791_bf779395d6_z.jpg?resize=350%2C200 1x, https:\/\/i0.wp.com\/www.chuteirafc.com.br\/wp-content\/uploads\/2017\/02\/32571089791_bf779395d6_z.jpg?resize=525%2C300 1.5x"},"classes":[]},{"id":35589,"url":"https:\/\/blogdoprosperi.com\/?p=35589","url_meta":{"origin":35242,"position":3},"title":"Rogerio Ceni se fortalece e Carille se enfraquece na queda de Corinthians e S\u00e3o Paulo","author":"Luiz Ant\u00f4nio Pr\u00f3speri","date":"20 de abril de 2017","format":false,"excerpt":"Corinthians e S\u00e3o Paulo est\u00e3o fora da Copa do Brasil, antes mesmo das oitavas de final. Ca\u00edram de m\u00e3os dadas nos confrontos contra Internacional e Cruzeiro nesta quarta-feira. No domingo, decidem vaga \u00e0 final do Campeonato Paulista no Itaquer\u00e3o. Vai sobreviver quem assimilar com mais naturalidade o desastre que colheram\u2026","rel":"","context":"Em &quot;futebol&quot;","block_context":{"text":"futebol","link":"https:\/\/blogdoprosperi.com\/?cat=53870"},"img":{"alt_text":"Carille sem problemas no Corinthians","src":"https:\/\/i0.wp.com\/blogdoprosperi.com\/wp-content\/uploads\/2017\/04\/a3363f115083_8numj4t.jpg?resize=350%2C200","width":350,"height":200,"srcset":"https:\/\/i0.wp.com\/blogdoprosperi.com\/wp-content\/uploads\/2017\/04\/a3363f115083_8numj4t.jpg?resize=350%2C200 1x, https:\/\/i0.wp.com\/blogdoprosperi.com\/wp-content\/uploads\/2017\/04\/a3363f115083_8numj4t.jpg?resize=525%2C300 1.5x"},"classes":[]},{"id":36305,"url":"https:\/\/blogdoprosperi.com\/?p=36305","url_meta":{"origin":35242,"position":4},"title":"Rogerio Ceni n\u00e3o cabia no S\u00e3o Paulo","author":"Luiz Ant\u00f4nio Pr\u00f3speri","date":"3 de julho de 2017","format":false,"excerpt":"Discuss\u00f5es in\u00fateis a respeito da queda de Rogerio Ceni incendeiam o futebol nesta segunda-feira. H\u00e1 os que defendem o ex-goleiro \u2013 ele n\u00e3o seria o culpado pelo estado de calamidade t\u00e9cnica que vive o time. H\u00e1 ainda os que o condenam \u2013 seria arrogante por investir na carreia de treinador\u2026","rel":"","context":"Em &quot;Campeonato Brasileiro&quot;","block_context":{"text":"Campeonato Brasileiro","link":"https:\/\/blogdoprosperi.com\/?cat=355071"},"img":{"alt_text":"","src":"https:\/\/i0.wp.com\/blogdoprosperi.com\/wp-content\/uploads\/2017\/07\/pro13-3.jpg?fit=1200%2C800&ssl=1&resize=350%2C200","width":350,"height":200,"srcset":"https:\/\/i0.wp.com\/blogdoprosperi.com\/wp-content\/uploads\/2017\/07\/pro13-3.jpg?fit=1200%2C800&ssl=1&resize=350%2C200 1x, https:\/\/i0.wp.com\/blogdoprosperi.com\/wp-content\/uploads\/2017\/07\/pro13-3.jpg?fit=1200%2C800&ssl=1&resize=525%2C300 1.5x, https:\/\/i0.wp.com\/blogdoprosperi.com\/wp-content\/uploads\/2017\/07\/pro13-3.jpg?fit=1200%2C800&ssl=1&resize=700%2C400 2x, https:\/\/i0.wp.com\/blogdoprosperi.com\/wp-content\/uploads\/2017\/07\/pro13-3.jpg?fit=1200%2C800&ssl=1&resize=1050%2C600 3x"},"classes":[]},{"id":35400,"url":"https:\/\/blogdoprosperi.com\/?p=35400","url_meta":{"origin":35242,"position":5},"title":"S\u00e3o Paulo vence sem sofrer e Palmeiras mostra for\u00e7a de favorito","author":"Luiz Ant\u00f4nio Pr\u00f3speri","date":"2 de abril de 2017","format":false,"excerpt":"S\u00e3o Paulo e Palmeiras, bem diferente do que apresentaram Santos e Corinthians no s\u00e1bado, encaminharam a vaga \u00e0s\u00a0semifinais do Paulist\u00e3o 2017. Cumpriram com a obriga\u00e7\u00e3o com as vit\u00f3rias em cima do Linense e Novorizontino neste domingo (02\/4). Nada de assombroso, apenas honestos com suas torcidas. Jogaram no n\u00edvel que se\u2026","rel":"","context":"Em &quot;futebol&quot;","block_context":{"text":"futebol","link":"https:\/\/blogdoprosperi.com\/?cat=53870"},"img":{"alt_text":"622_ea2d7bc4-94c4-3b07-8665-3eb91fe34b67","src":"https:\/\/i0.wp.com\/www.chuteirafc.com.br\/wp-content\/uploads\/2017\/04\/622_ea2d7bc4-94c4-3b07-8665-3eb91fe34b67.jpg?resize=350%2C200","width":350,"height":200,"srcset":"https:\/\/i0.wp.com\/www.chuteirafc.com.br\/wp-content\/uploads\/2017\/04\/622_ea2d7bc4-94c4-3b07-8665-3eb91fe34b67.jpg?resize=350%2C200 1x, https:\/\/i0.wp.com\/www.chuteirafc.com.br\/wp-content\/uploads\/2017\/04\/622_ea2d7bc4-94c4-3b07-8665-3eb91fe34b67.jpg?resize=525%2C300 1.5x"},"classes":[]}],"jetpack_featured_media_url":"","_links":{"self":[{"href":"https:\/\/blogdoprosperi.com\/index.php?rest_route=\/wp\/v2\/posts\/35242","targetHints":{"allow":["GET"]}}],"collection":[{"href":"https:\/\/blogdoprosperi.com\/index.php?rest_route=\/wp\/v2\/posts"}],"about":[{"href":"https:\/\/blogdoprosperi.com\/index.php?rest_route=\/wp\/v2\/types\/post"}],"author":[{"embeddable":true,"href":"https:\/\/blogdoprosperi.com\/index.php?rest_route=\/wp\/v2\/users\/102107496"}],"replies":[{"embeddable":true,"href":"https:\/\/blogdoprosperi.com\/index.php?rest_route=%2Fwp%2Fv2%2Fcomments&post=35242"}],"version-history":[{"count":9,"href":"https:\/\/blogdoprosperi.com\/index.php?rest_route=\/wp\/v2\/posts\/35242\/revisions"}],"predecessor-version":[{"id":35251,"href":"https:\/\/blogdoprosperi.com\/index.php?rest_route=\/wp\/v2\/posts\/35242\/revisions\/35251"}],"wp:attachment":[{"href":"https:\/\/blogdoprosperi.com\/index.php?rest_route=%2Fwp%2Fv2%2Fmedia&parent=35242"}],"wp:term":[{"taxonomy":"category","embeddable":true,"href":"https:\/\/blogdoprosperi.com\/index.php?rest_route=%2Fwp%2Fv2%2Fcategories&post=35242"},{"taxonomy":"post_tag","embeddable":true,"href":"https:\/\/blogdoprosperi.com\/index.php?rest_route=%2Fwp%2Fv2%2Ftags&post=35242"}],"curies":[{"name":"wp","href":"https:\/\/api.w.org\/{rel}","templated":true}]}}