{"id":35253,"date":"2017-03-14T15:59:25","date_gmt":"2017-03-14T18:59:25","guid":{"rendered":"http:\/\/blogdoprosperi.com\/?p=35253"},"modified":"2017-03-14T20:30:15","modified_gmt":"2017-03-14T23:30:15","slug":"o-que-tite-quer-mais-de-dudu","status":"publish","type":"post","link":"https:\/\/blogdoprosperi.com\/?p=35253","title":{"rendered":"O que Tite quer mais de Dudu?"},"content":{"rendered":"<p style=\"text-align:justify;\"><span class=\"alignnone\"><img data-recalc-dims=\"1\" loading=\"lazy\" decoding=\"async\" data-attachment-id=\"35254\" data-permalink=\"https:\/\/blogdoprosperi.com\/?attachment_id=35254\" data-orig-file=\"https:\/\/i0.wp.com\/blogdoprosperi.com\/wp-content\/uploads\/2017\/03\/32542166024_5d3a30c115_b.jpg?fit=1000%2C626&amp;ssl=1\" data-orig-size=\"1000,626\" data-comments-opened=\"1\" data-image-meta=\"{&quot;aperture&quot;:&quot;0&quot;,&quot;credit&quot;:&quot;&quot;,&quot;camera&quot;:&quot;&quot;,&quot;caption&quot;:&quot;&quot;,&quot;created_timestamp&quot;:&quot;0&quot;,&quot;copyright&quot;:&quot;&quot;,&quot;focal_length&quot;:&quot;0&quot;,&quot;iso&quot;:&quot;0&quot;,&quot;shutter_speed&quot;:&quot;0&quot;,&quot;title&quot;:&quot;&quot;,&quot;orientation&quot;:&quot;0&quot;}\" data-image-title=\"32542166024_5d3a30c115_b\" data-image-description=\"\" data-image-caption=\"\" data-large-file=\"https:\/\/i0.wp.com\/blogdoprosperi.com\/wp-content\/uploads\/2017\/03\/32542166024_5d3a30c115_b.jpg?fit=940%2C588&amp;ssl=1\" class=\"alignnone size-full wp-image-35254\" src=\"https:\/\/i0.wp.com\/blogdoprosperi.com\/wp-content\/uploads\/2017\/03\/32542166024_5d3a30c115_b.jpg?resize=940%2C588&#038;ssl=1\" alt=\"32542166024_5d3a30c115_b\" width=\"940\" height=\"588\" \/><\/span><\/p>\n<p style=\"text-align:justify;\">Tite se esqueceu de Dudu quando fez a lista dos 23 convocados para os jogos contra Uruguai e Paraguai, h\u00e1 pouco mais de uma semana. Optou por dois Diegos, um do Flamengo e outro do Sport, e deixou de lado aquele que \u00e9 o melhor jogador do futebol brasileiro na atualidade em clube nacional. Nem \u00e9 bom se apegar aos n\u00fameros para uma justificativa. Em pouco menos de dois meses da temporada, esse baixinho atrevido, uma mistura de meia e atacante, j\u00e1 acumula boa estat\u00edstica. Dos 18 gols do Palmeiras at\u00e9 aqui, fez 2 e deu 5 assist\u00eancias em 9 jogos em 2017. A diferen\u00e7a \u00e9 que Dudu tem feito mis\u00e9rias em campo, como o gol de cobertura em cima de Denis do S\u00e3o Paulo no \u00faltimo s\u00e1bado. Uma obra-prima. Tite teria se arrependido depois de ver o gol? Seus dois Diegos j\u00e1 est\u00e3o quase no limite de suas carreiras, enquanto o jogador do Palmeiras est\u00e1 ali perto do \u00e1pice e poderia, pode, ser \u00fatil na Copa do Mundo de 2018 na R\u00fassia.<\/p>\n<p style=\"text-align:justify;\">Baixinho, Dudu n\u00e3o passa de 1,67 m. Sua voz \u00e9 um fiapo. Se expressa como um menino ainda cheio de sonhos, fala fina, bem mansinha. N\u00e3o vingaria no futebol dos gladiadores, dos expoentes f\u00edsicos de hoje. Amassa tudo isso e joga no lixo. Dudu bate no t\u00f3rax, mesmo quando estica o pesco\u00e7o frente a advers\u00e1rios e \u00e1rbitros que encontra pelo meio do caminho. N\u00e3o se intimida e confunde obsess\u00e3o com chatice. Ranheta como poucos. Tudo isso jogaria contra esse atacante contempor\u00e2neo de Neymar e Phillipe Coutinho nas sele\u00e7\u00f5es de base da CBF. O problema \u00e9 que ele \u00e9 um destemido. De pavio sempre aceso. Faz valer seu espa\u00e7o.<\/p>\n<p style=\"text-align:justify;\"><span class=\"alignnone\"><img data-recalc-dims=\"1\" loading=\"lazy\" decoding=\"async\" data-attachment-id=\"35252\" data-permalink=\"https:\/\/blogdoprosperi.com\/?attachment_id=35252\" data-orig-file=\"https:\/\/i0.wp.com\/blogdoprosperi.com\/wp-content\/uploads\/2017\/03\/33344412266_3a017b1fd2_b.jpg?fit=752%2C1000&amp;ssl=1\" data-orig-size=\"752,1000\" data-comments-opened=\"1\" data-image-meta=\"{&quot;aperture&quot;:&quot;0&quot;,&quot;credit&quot;:&quot;&quot;,&quot;camera&quot;:&quot;&quot;,&quot;caption&quot;:&quot;&quot;,&quot;created_timestamp&quot;:&quot;0&quot;,&quot;copyright&quot;:&quot;&quot;,&quot;focal_length&quot;:&quot;0&quot;,&quot;iso&quot;:&quot;0&quot;,&quot;shutter_speed&quot;:&quot;0&quot;,&quot;title&quot;:&quot;&quot;,&quot;orientation&quot;:&quot;0&quot;}\" data-image-title=\"33344412266_3a017b1fd2_b\" data-image-description=\"\" data-image-caption=\"\" data-large-file=\"https:\/\/i0.wp.com\/blogdoprosperi.com\/wp-content\/uploads\/2017\/03\/33344412266_3a017b1fd2_b.jpg?fit=752%2C1000&amp;ssl=1\" class=\"alignnone size-full wp-image-35252\" src=\"https:\/\/i0.wp.com\/blogdoprosperi.com\/wp-content\/uploads\/2017\/03\/33344412266_3a017b1fd2_b.jpg?resize=752%2C1000&#038;ssl=1\" alt=\"33344412266_3a017b1fd2_b\" width=\"752\" height=\"1000\" \/><\/span>Quem diria que caberia a ele levantar a ta\u00e7a de campe\u00e3o brasileiro, mesmo estorvado pelo presidente Paulo Nobre, no palco montado pela CBF no Allianz Parque, naquela tarde de 27 de novembro de 2016. Tudo bem, era o presidente a fazer gra\u00e7a. At\u00e9 isso, Dudu aceitou. Um mal menor diante dos feitos extraordin\u00e1rios desse min\u00fasculo jogador, quase uma imagem de um videogame, um boneco do Fifa-2016.<\/p>\n<p style=\"text-align:justify;\"><a href=\"http:\/\/www.chuteirafc.com.br\">LEIA MAIS: informa\u00e7\u00e3o e debate de futebol no CHUTEIRA FC<\/a><\/p>\n<p style=\"text-align:justify;\">Bom lembrar que ele tem apenas 25 anos. Arrepiou na temporada 2015, artilheiro do time com 16 gols \u2013 dois deles na final da Copa do Brasil contra o Santos \u2013 em 56 jogos. N\u00fameros extraordin\u00e1rios. Em 2016, marcou 9 gols em 51 \u00a0partidas. Conta, \u00e9 verdade, a import\u00e2ncia desses gols e as assist\u00eancias que deu aos companheiros para levar o Palmeiras ao t\u00edtulo brasileiro, ap\u00f3s 22 anos de carestia. Dudu tem 27 gols em duas temporadas e tr\u00eas meses no clube da Rua Palestra It\u00e1lia.\u00a0J\u00e1 est\u00e1 na casa dos 120 jogos com a camisa alviverde. \u00c9 o maior artilheiro do Allianz Parque nos dois anos de exist\u00eancia da nova arena, com 14 gols, e o que mais marca em cl\u00e1ssicos paulistas, com 7 gols.<\/p>\n<div class=\"jetpack-video-wrapper\"><span class=\"embed-youtube\" style=\"text-align:center; display: block;\"><iframe loading=\"lazy\" class=\"youtube-player\" width=\"940\" height=\"529\" src=\"https:\/\/www.youtube.com\/embed\/MdI4OqQPXZ0?version=3&#038;rel=1&#038;showsearch=0&#038;showinfo=1&#038;iv_load_policy=1&#038;fs=1&#038;hl=pt-BR&#038;autohide=2&#038;wmode=transparent\" allowfullscreen=\"true\" style=\"border:0;\" sandbox=\"allow-scripts allow-same-origin allow-popups allow-presentation allow-popups-to-escape-sandbox\"><\/iframe><\/span><\/div>\n<p style=\"text-align:justify;\">N\u00fameros, muitas vezes, n\u00e3o servem como carteira de identidade de um jogador. Dudu n\u00e3o quer ser lembrado pelas estat\u00edsticas. Veste a camisa 7, marca registrada por Edmundo no Palestra, e leva a bra\u00e7adeira de capit\u00e3o. Um reconhecimento de Cuca e, ao mesmo tempo, uma tacada certeira. Dudu virou capit\u00e3o do time desde a 19.\u00aa rodada do Brasileir\u00e3o 2016, quando o Palmeiras precisava avisar \u00e0 concorr\u00eancia que, de fato, era sim candidato a campe\u00e3o. Usa aquela goma el\u00e1stica apertada no bra\u00e7o direito ainda sob as ordens de Eduardo Baptista, o novo chefe no seu time. E fez dessa obriga\u00e7\u00e3o uma responsabilidade. Fundamental para manter o equil\u00edbrio em campo.<\/p>\n<p style=\"text-align:justify;\">Cara feia, cara de chor\u00e3o, tatuagens de cima abaixo, briguento e com algo mais nas veias al\u00e9m do sangue de vencedor. Sangue quente, sangue bom. Dudu n\u00e3o sabe falar grosso. Seu futebol se imp\u00f5e aos fortes. Palmeiras agradece.<\/p>\n<p style=\"text-align:justify;\">Tite deveria prestar mais aten\u00e7\u00e3o nesse jogador. Dudu conhece Philippe Coutinho e Neymar de perto, ases do ataque da Sele\u00e7\u00e3o sob comando de Tite. Foram campe\u00f5es do Sul-Americano Sub-20 em 2011. E formariam o ataque da conquista do Mundial da mesma categoria naquele mesmo ano se Neymar n\u00e3o tivesse sido convocado por Mano Menezes para disputar a Copa Am\u00e9rica na Argentina. Neymar, Coutinho e Dudu, um trio que pode fazer hist\u00f3ria na Sele\u00e7\u00e3o. E tem mais um detalhe: Dudu conhece Gabriel Jesus como poucos. O que Tite quer mais?<\/p>\n<p style=\"text-align:justify;\">Dudu responde: &#8220;Naquele amistoso contra a Col\u00f4mbia (<em>dia 25 de janeiro<\/em>), ele (<em>Tite<\/em>) me disse que chamaria sempre os melhores.&#8221;<\/p>\n<p style=\"text-align:justify;\"><a href=\"http:\/\/www.chuteirafc.com.br\">(texto publicado no CHUTEIRA FC)<\/a><\/p>\n","protected":false},"excerpt":{"rendered":"<p>Tite se esqueceu de Dudu quando fez a lista dos 23 convocados para os jogos contra Uruguai e [&hellip;]<\/p>\n","protected":false},"author":102107496,"featured_media":0,"comment_status":"open","ping_status":"open","sticky":false,"template":"","format":"standard","meta":{"_coblocks_attr":"","_coblocks_dimensions":"","_coblocks_responsive_height":"","_coblocks_accordion_ie_support":"","_jetpack_newsletter_access":"","_jetpack_dont_email_post_to_subs":false,"_jetpack_newsletter_tier_id":0,"_jetpack_memberships_contains_paywalled_content":false,"_wpcom_ai_launchpad_first_post":false,"_jetpack_feature_clip_id":0,"_jetpack_memberships_contains_paid_content":false,"footnotes":"","jetpack_publicize_message":"","jetpack_publicize_feature_enabled":true,"jetpack_social_post_already_shared":false,"jetpack_social_options":{"image_generator_settings":{"template":"highway","default_image_id":0,"font":"","enabled":false},"version":2},"jetpack_post_was_ever_published":false},"categories":[355071,53870],"tags":[165442385,1249177,11006842,789560560,287104,178732104,1814220],"class_list":["post-35253","post","type-post","status-publish","format-standard","hentry","category-campeonato-brasileiro","category-futebol","tag-allianz-parque","tag-dudu","tag-eduardo-baptista","tag-futebol","tag-palmeiras","tag-selecao-braasileira","tag-tite"],"yoast_head":"<!-- This site is optimized with the Yoast SEO plugin v28.4 - https:\/\/yoast.com\/product\/yoast-seo-wordpress\/ -->\n<title>O que Tite quer mais de Dudu? - PR\u00d3SPERI NEWS<\/title>\n<meta name=\"robots\" content=\"index, follow, max-snippet:-1, max-image-preview:large, max-video-preview:-1\" \/>\n<link rel=\"canonical\" href=\"https:\/\/blogdoprosperi.com\/?p=35253\" \/>\n<meta property=\"og:locale\" content=\"pt_BR\" \/>\n<meta property=\"og:type\" content=\"article\" \/>\n<meta property=\"og:title\" content=\"O que Tite quer mais de Dudu? - PR\u00d3SPERI NEWS\" \/>\n<meta property=\"og:description\" content=\"Tite se esqueceu de Dudu quando fez a lista dos 23 convocados para os jogos contra Uruguai e [&hellip;]\" \/>\n<meta property=\"og:url\" content=\"https:\/\/blogdoprosperi.com\/?p=35253\" \/>\n<meta property=\"og:site_name\" content=\"PR\u00d3SPERI NEWS\" \/>\n<meta property=\"article:publisher\" content=\"Luiz Pr\u00f3speri\" \/>\n<meta property=\"article:author\" content=\"Luiz Pr\u00f3speri\" \/>\n<meta property=\"article:published_time\" content=\"2017-03-14T18:59:25+00:00\" \/>\n<meta property=\"article:modified_time\" content=\"2017-03-14T23:30:15+00:00\" \/>\n<meta property=\"og:image\" content=\"https:\/\/blogdoprosperi.com\/wp-content\/uploads\/2017\/03\/32542166024_5d3a30c115_b.jpg\" \/>\n<meta name=\"author\" content=\"Luiz Ant\u00f4nio Pr\u00f3speri\" \/>\n<meta name=\"twitter:card\" content=\"summary_large_image\" \/>\n<meta name=\"twitter:creator\" content=\"@Luizprosperi\" \/>\n<meta name=\"twitter:site\" content=\"@Luizprosperi\" \/>\n<meta name=\"twitter:label1\" content=\"Escrito por\" \/>\n\t<meta name=\"twitter:data1\" content=\"Luiz Ant\u00f4nio Pr\u00f3speri\" \/>\n\t<meta name=\"twitter:label2\" content=\"Est. tempo de leitura\" \/>\n\t<meta name=\"twitter:data2\" content=\"4 minutos\" \/>\n<script type=\"application\/ld+json\" class=\"yoast-schema-graph\">{\"@context\":\"https:\\\/\\\/schema.org\",\"@graph\":[{\"@type\":\"Article\",\"@id\":\"https:\\\/\\\/blogdoprosperi.com\\\/?p=35253#article\",\"isPartOf\":{\"@id\":\"https:\\\/\\\/blogdoprosperi.com\\\/?p=35253\"},\"author\":{\"name\":\"Luiz Ant\u00f4nio Pr\u00f3speri\",\"@id\":\"https:\\\/\\\/blogdoprosperi.com\\\/#\\\/schema\\\/person\\\/38100755ce3601861ee4fab9b5aa78e9\"},\"headline\":\"O que Tite quer mais de Dudu?\",\"datePublished\":\"2017-03-14T18:59:25+00:00\",\"dateModified\":\"2017-03-14T23:30:15+00:00\",\"mainEntityOfPage\":{\"@id\":\"https:\\\/\\\/blogdoprosperi.com\\\/?p=35253\"},\"wordCount\":778,\"commentCount\":0,\"publisher\":{\"@id\":\"https:\\\/\\\/blogdoprosperi.com\\\/#\\\/schema\\\/person\\\/38100755ce3601861ee4fab9b5aa78e9\"},\"image\":{\"@id\":\"https:\\\/\\\/blogdoprosperi.com\\\/?p=35253#primaryimage\"},\"thumbnailUrl\":\"https:\\\/\\\/blogdoprosperi.com\\\/wp-content\\\/uploads\\\/2017\\\/03\\\/32542166024_5d3a30c115_b.jpg\",\"keywords\":[\"Allianz Parque\",\"Dudu\",\"Eduardo Baptista\",\"futebol\",\"Palmeiras\",\"Sele\u00e7\u00e3o Braasileira\",\"Tite\"],\"articleSection\":[\"Campeonato Brasileiro\",\"futebol\"],\"inLanguage\":\"pt-BR\",\"potentialAction\":[{\"@type\":\"CommentAction\",\"name\":\"Comment\",\"target\":[\"https:\\\/\\\/blogdoprosperi.com\\\/?p=35253#respond\"]}]},{\"@type\":\"WebPage\",\"@id\":\"https:\\\/\\\/blogdoprosperi.com\\\/?p=35253\",\"url\":\"https:\\\/\\\/blogdoprosperi.com\\\/?p=35253\",\"name\":\"O que Tite quer mais de Dudu? - PR\u00d3SPERI NEWS\",\"isPartOf\":{\"@id\":\"https:\\\/\\\/blogdoprosperi.com\\\/#website\"},\"primaryImageOfPage\":{\"@id\":\"https:\\\/\\\/blogdoprosperi.com\\\/?p=35253#primaryimage\"},\"image\":{\"@id\":\"https:\\\/\\\/blogdoprosperi.com\\\/?p=35253#primaryimage\"},\"thumbnailUrl\":\"https:\\\/\\\/blogdoprosperi.com\\\/wp-content\\\/uploads\\\/2017\\\/03\\\/32542166024_5d3a30c115_b.jpg\",\"datePublished\":\"2017-03-14T18:59:25+00:00\",\"dateModified\":\"2017-03-14T23:30:15+00:00\",\"breadcrumb\":{\"@id\":\"https:\\\/\\\/blogdoprosperi.com\\\/?p=35253#breadcrumb\"},\"inLanguage\":\"pt-BR\",\"potentialAction\":[{\"@type\":\"ReadAction\",\"target\":[\"https:\\\/\\\/blogdoprosperi.com\\\/?p=35253\"]}]},{\"@type\":\"ImageObject\",\"inLanguage\":\"pt-BR\",\"@id\":\"https:\\\/\\\/blogdoprosperi.com\\\/?p=35253#primaryimage\",\"url\":\"https:\\\/\\\/i0.wp.com\\\/blogdoprosperi.com\\\/wp-content\\\/uploads\\\/2017\\\/03\\\/32542166024_5d3a30c115_b.jpg?fit=1000%2C626&ssl=1\",\"contentUrl\":\"https:\\\/\\\/i0.wp.com\\\/blogdoprosperi.com\\\/wp-content\\\/uploads\\\/2017\\\/03\\\/32542166024_5d3a30c115_b.jpg?fit=1000%2C626&ssl=1\",\"width\":1000,\"height\":626},{\"@type\":\"BreadcrumbList\",\"@id\":\"https:\\\/\\\/blogdoprosperi.com\\\/?p=35253#breadcrumb\",\"itemListElement\":[{\"@type\":\"ListItem\",\"position\":1,\"name\":\"In\u00edcio\",\"item\":\"https:\\\/\\\/blogdoprosperi.com\\\/\"},{\"@type\":\"ListItem\",\"position\":2,\"name\":\"O que Tite quer mais de Dudu?\"}]},{\"@type\":\"WebSite\",\"@id\":\"https:\\\/\\\/blogdoprosperi.com\\\/#website\",\"url\":\"https:\\\/\\\/blogdoprosperi.com\\\/\",\"name\":\"PR\u00d3SPERI NEWS\",\"description\":\"TUDO \u00c9  FUTEBOL\",\"publisher\":{\"@id\":\"https:\\\/\\\/blogdoprosperi.com\\\/#\\\/schema\\\/person\\\/38100755ce3601861ee4fab9b5aa78e9\"},\"alternateName\":\"blogdoprosperi.com\",\"potentialAction\":[{\"@type\":\"SearchAction\",\"target\":{\"@type\":\"EntryPoint\",\"urlTemplate\":\"https:\\\/\\\/blogdoprosperi.com\\\/?s={search_term_string}\"},\"query-input\":{\"@type\":\"PropertyValueSpecification\",\"valueRequired\":true,\"valueName\":\"search_term_string\"}}],\"inLanguage\":\"pt-BR\"},{\"@type\":[\"Person\",\"Organization\"],\"@id\":\"https:\\\/\\\/blogdoprosperi.com\\\/#\\\/schema\\\/person\\\/38100755ce3601861ee4fab9b5aa78e9\",\"name\":\"Luiz Ant\u00f4nio Pr\u00f3speri\",\"pronouns\":\"ele\",\"image\":{\"@type\":\"ImageObject\",\"inLanguage\":\"pt-BR\",\"@id\":\"https:\\\/\\\/i0.wp.com\\\/blogdoprosperi.com\\\/wp-content\\\/uploads\\\/2026\\\/05\\\/cropped-8059e613-6002-42fa-961e-8e275f575d71-2-5.jpg?fit=1360%2C931&ssl=1\",\"url\":\"https:\\\/\\\/i0.wp.com\\\/blogdoprosperi.com\\\/wp-content\\\/uploads\\\/2026\\\/05\\\/cropped-8059e613-6002-42fa-961e-8e275f575d71-2-5.jpg?fit=1360%2C931&ssl=1\",\"contentUrl\":\"https:\\\/\\\/i0.wp.com\\\/blogdoprosperi.com\\\/wp-content\\\/uploads\\\/2026\\\/05\\\/cropped-8059e613-6002-42fa-961e-8e275f575d71-2-5.jpg?fit=1360%2C931&ssl=1\",\"width\":1360,\"height\":931,\"caption\":\"Luiz Ant\u00f4nio Pr\u00f3speri\"},\"logo\":{\"@id\":\"https:\\\/\\\/i0.wp.com\\\/blogdoprosperi.com\\\/wp-content\\\/uploads\\\/2026\\\/05\\\/cropped-8059e613-6002-42fa-961e-8e275f575d71-2-5.jpg?fit=1360%2C931&ssl=1\"},\"description\":\"Jornalista com carreira dedicada ao esporte. Cobriu 9 Copas do Mundo in loco, 1990 na It\u00e1lia, 1994 nos EUA, 1998 na Fran\u00e7a, 2002 na Coreia do Sul e Jap\u00e3o, 2006 na Alemanha, 2010 na \u00c1frica do Sul, 2014 no Brasil, 2018 na R\u00fassia e 2022 no Qatar. Eurocopas, 1992 na Su\u00e9cia e 1996 na Inglaterra. Copa das Confedera\u00e7\u00f5es de 2005 na Alemanha e 2009 na \u00c1frica do Sul. Rep\u00f3rter e Editor, trabalhou no Jornal da Tarde e Estad\u00e3o, de 1984 a fevereiro de 2016. Colunista, blogueiro. E comentarista de futebol na R\u00e1dio Estad\u00e3o, de 2013 a fevereiro de 2016. Jornalista respons\u00e1vel do \\\"Pr\u00f3speri News\\\" (blogdoprosperi.com).\",\"sameAs\":[\"http:\\\/\\\/blogdoprosperi.com\",\"Luiz Pr\u00f3speri\",\"@luiz_prosperi\",\"https:\\\/\\\/x.com\\\/Luizprosperi\",\"@prosperinacopa\",\"luiz.prosperi@icloud.com\"],\"url\":\"https:\\\/\\\/blogdoprosperi.com\\\/?author=102107496\"}]}<\/script>\n<!-- \/ Yoast SEO plugin. -->","yoast_head_json":{"title":"O que Tite quer mais de Dudu? - PR\u00d3SPERI NEWS","robots":{"index":"index","follow":"follow","max-snippet":"max-snippet:-1","max-image-preview":"max-image-preview:large","max-video-preview":"max-video-preview:-1"},"canonical":"https:\/\/blogdoprosperi.com\/?p=35253","og_locale":"pt_BR","og_type":"article","og_title":"O que Tite quer mais de Dudu? - PR\u00d3SPERI NEWS","og_description":"Tite se esqueceu de Dudu quando fez a lista dos 23 convocados para os jogos contra Uruguai e [&hellip;]","og_url":"https:\/\/blogdoprosperi.com\/?p=35253","og_site_name":"PR\u00d3SPERI NEWS","article_publisher":"Luiz Pr\u00f3speri","article_author":"Luiz Pr\u00f3speri","article_published_time":"2017-03-14T18:59:25+00:00","article_modified_time":"2017-03-14T23:30:15+00:00","og_image":[{"url":"https:\/\/blogdoprosperi.com\/wp-content\/uploads\/2017\/03\/32542166024_5d3a30c115_b.jpg","type":"","width":"","height":""}],"author":"Luiz Ant\u00f4nio Pr\u00f3speri","twitter_card":"summary_large_image","twitter_creator":"@Luizprosperi","twitter_site":"@Luizprosperi","twitter_misc":{"Escrito por":"Luiz Ant\u00f4nio Pr\u00f3speri","Est. tempo de leitura":"4 minutos"},"schema":{"@context":"https:\/\/schema.org","@graph":[{"@type":"Article","@id":"https:\/\/blogdoprosperi.com\/?p=35253#article","isPartOf":{"@id":"https:\/\/blogdoprosperi.com\/?p=35253"},"author":{"name":"Luiz Ant\u00f4nio Pr\u00f3speri","@id":"https:\/\/blogdoprosperi.com\/#\/schema\/person\/38100755ce3601861ee4fab9b5aa78e9"},"headline":"O que Tite quer mais de Dudu?","datePublished":"2017-03-14T18:59:25+00:00","dateModified":"2017-03-14T23:30:15+00:00","mainEntityOfPage":{"@id":"https:\/\/blogdoprosperi.com\/?p=35253"},"wordCount":778,"commentCount":0,"publisher":{"@id":"https:\/\/blogdoprosperi.com\/#\/schema\/person\/38100755ce3601861ee4fab9b5aa78e9"},"image":{"@id":"https:\/\/blogdoprosperi.com\/?p=35253#primaryimage"},"thumbnailUrl":"https:\/\/blogdoprosperi.com\/wp-content\/uploads\/2017\/03\/32542166024_5d3a30c115_b.jpg","keywords":["Allianz Parque","Dudu","Eduardo Baptista","futebol","Palmeiras","Sele\u00e7\u00e3o Braasileira","Tite"],"articleSection":["Campeonato Brasileiro","futebol"],"inLanguage":"pt-BR","potentialAction":[{"@type":"CommentAction","name":"Comment","target":["https:\/\/blogdoprosperi.com\/?p=35253#respond"]}]},{"@type":"WebPage","@id":"https:\/\/blogdoprosperi.com\/?p=35253","url":"https:\/\/blogdoprosperi.com\/?p=35253","name":"O que Tite quer mais de Dudu? - PR\u00d3SPERI NEWS","isPartOf":{"@id":"https:\/\/blogdoprosperi.com\/#website"},"primaryImageOfPage":{"@id":"https:\/\/blogdoprosperi.com\/?p=35253#primaryimage"},"image":{"@id":"https:\/\/blogdoprosperi.com\/?p=35253#primaryimage"},"thumbnailUrl":"https:\/\/blogdoprosperi.com\/wp-content\/uploads\/2017\/03\/32542166024_5d3a30c115_b.jpg","datePublished":"2017-03-14T18:59:25+00:00","dateModified":"2017-03-14T23:30:15+00:00","breadcrumb":{"@id":"https:\/\/blogdoprosperi.com\/?p=35253#breadcrumb"},"inLanguage":"pt-BR","potentialAction":[{"@type":"ReadAction","target":["https:\/\/blogdoprosperi.com\/?p=35253"]}]},{"@type":"ImageObject","inLanguage":"pt-BR","@id":"https:\/\/blogdoprosperi.com\/?p=35253#primaryimage","url":"https:\/\/i0.wp.com\/blogdoprosperi.com\/wp-content\/uploads\/2017\/03\/32542166024_5d3a30c115_b.jpg?fit=1000%2C626&ssl=1","contentUrl":"https:\/\/i0.wp.com\/blogdoprosperi.com\/wp-content\/uploads\/2017\/03\/32542166024_5d3a30c115_b.jpg?fit=1000%2C626&ssl=1","width":1000,"height":626},{"@type":"BreadcrumbList","@id":"https:\/\/blogdoprosperi.com\/?p=35253#breadcrumb","itemListElement":[{"@type":"ListItem","position":1,"name":"In\u00edcio","item":"https:\/\/blogdoprosperi.com\/"},{"@type":"ListItem","position":2,"name":"O que Tite quer mais de Dudu?"}]},{"@type":"WebSite","@id":"https:\/\/blogdoprosperi.com\/#website","url":"https:\/\/blogdoprosperi.com\/","name":"PR\u00d3SPERI NEWS","description":"TUDO \u00c9  FUTEBOL","publisher":{"@id":"https:\/\/blogdoprosperi.com\/#\/schema\/person\/38100755ce3601861ee4fab9b5aa78e9"},"alternateName":"blogdoprosperi.com","potentialAction":[{"@type":"SearchAction","target":{"@type":"EntryPoint","urlTemplate":"https:\/\/blogdoprosperi.com\/?s={search_term_string}"},"query-input":{"@type":"PropertyValueSpecification","valueRequired":true,"valueName":"search_term_string"}}],"inLanguage":"pt-BR"},{"@type":["Person","Organization"],"@id":"https:\/\/blogdoprosperi.com\/#\/schema\/person\/38100755ce3601861ee4fab9b5aa78e9","name":"Luiz Ant\u00f4nio Pr\u00f3speri","pronouns":"ele","image":{"@type":"ImageObject","inLanguage":"pt-BR","@id":"https:\/\/i0.wp.com\/blogdoprosperi.com\/wp-content\/uploads\/2026\/05\/cropped-8059e613-6002-42fa-961e-8e275f575d71-2-5.jpg?fit=1360%2C931&ssl=1","url":"https:\/\/i0.wp.com\/blogdoprosperi.com\/wp-content\/uploads\/2026\/05\/cropped-8059e613-6002-42fa-961e-8e275f575d71-2-5.jpg?fit=1360%2C931&ssl=1","contentUrl":"https:\/\/i0.wp.com\/blogdoprosperi.com\/wp-content\/uploads\/2026\/05\/cropped-8059e613-6002-42fa-961e-8e275f575d71-2-5.jpg?fit=1360%2C931&ssl=1","width":1360,"height":931,"caption":"Luiz Ant\u00f4nio Pr\u00f3speri"},"logo":{"@id":"https:\/\/i0.wp.com\/blogdoprosperi.com\/wp-content\/uploads\/2026\/05\/cropped-8059e613-6002-42fa-961e-8e275f575d71-2-5.jpg?fit=1360%2C931&ssl=1"},"description":"Jornalista com carreira dedicada ao esporte. Cobriu 9 Copas do Mundo in loco, 1990 na It\u00e1lia, 1994 nos EUA, 1998 na Fran\u00e7a, 2002 na Coreia do Sul e Jap\u00e3o, 2006 na Alemanha, 2010 na \u00c1frica do Sul, 2014 no Brasil, 2018 na R\u00fassia e 2022 no Qatar. Eurocopas, 1992 na Su\u00e9cia e 1996 na Inglaterra. Copa das Confedera\u00e7\u00f5es de 2005 na Alemanha e 2009 na \u00c1frica do Sul. Rep\u00f3rter e Editor, trabalhou no Jornal da Tarde e Estad\u00e3o, de 1984 a fevereiro de 2016. Colunista, blogueiro. E comentarista de futebol na R\u00e1dio Estad\u00e3o, de 2013 a fevereiro de 2016. Jornalista respons\u00e1vel do \"Pr\u00f3speri News\" (blogdoprosperi.com).","sameAs":["http:\/\/blogdoprosperi.com","Luiz Pr\u00f3speri","@luiz_prosperi","https:\/\/x.com\/Luizprosperi","@prosperinacopa","luiz.prosperi@icloud.com"],"url":"https:\/\/blogdoprosperi.com\/?author=102107496"}]}},"jetpack_publicize_connections":[],"jetpack_likes_enabled":false,"jetpack_sharing_enabled":true,"jetpack_shortlink":"https:\/\/wp.me\/p7jvdk-9aB","jetpack-related-posts":[{"id":315,"url":"https:\/\/blogdoprosperi.com\/?p=315","url_meta":{"origin":35253,"position":0},"title":"Cuca encurrala Tite e Palmeiras vence cl\u00e1ssico no Pacaembu","author":"Luiz Ant\u00f4nio Pr\u00f3speri","date":"3 de abril de 2016","format":false,"excerpt":"Desde 17 de setembro de 1995, o Palmeiras n\u00e3o derrotava o Corinthians no Pacaembu. Neste domingo, diante de pouco mais de 22 mil torcedores, colocou um ponto final nessa hist\u00f3ria. Quebrou o tabu com a vit\u00f3ria por 1 a 0. E mostrou a import\u00e2ncia de o clube ter investido em\u2026","rel":"","context":"Em &quot;futebol&quot;","block_context":{"text":"futebol","link":"https:\/\/blogdoprosperi.com\/?cat=53870"},"img":{"alt_text":"","src":"https:\/\/i0.wp.com\/blogdoprosperi.com\/wp-content\/uploads\/2016\/04\/img_3052.jpg?resize=350%2C200&ssl=1","width":350,"height":200,"srcset":"https:\/\/i0.wp.com\/blogdoprosperi.com\/wp-content\/uploads\/2016\/04\/img_3052.jpg?resize=350%2C200&ssl=1 1x, https:\/\/i0.wp.com\/blogdoprosperi.com\/wp-content\/uploads\/2016\/04\/img_3052.jpg?resize=525%2C300&ssl=1 1.5x, https:\/\/i0.wp.com\/blogdoprosperi.com\/wp-content\/uploads\/2016\/04\/img_3052.jpg?resize=700%2C400&ssl=1 2x"},"classes":[]},{"id":39835,"url":"https:\/\/blogdoprosperi.com\/?p=39835","url_meta":{"origin":35253,"position":1},"title":"Scarpa e Dudu injusti\u00e7ados, Tite leva Daniel Alves ao Qatar","author":"Luiz Ant\u00f4nio Pr\u00f3speri","date":"7 de novembro de 2022","format":false,"excerpt":"Gustavo Scarpa e Dudu n\u00e3o aparecem na lista dos 26 de Tite na Copa do Mundo Qatar 2022. Injusti\u00e7ados. Treinador da Sele\u00e7\u00e3o prefere Everton Ribeiro, 34 anos, e Gabriel Martinelli, 21, na corrida rumo ao hexa no deserto. Treinador de Sele\u00e7\u00e3o \u2013 como diria Alex, outro preterido em duas Copas\u2026","rel":"","context":"Em &quot;catar 2022&quot;","block_context":{"text":"catar 2022","link":"https:\/\/blogdoprosperi.com\/?cat=47094043"},"img":{"alt_text":"","src":"https:\/\/i0.wp.com\/blogdoprosperi.com\/wp-content\/uploads\/2022\/11\/lance-09072020074752768.jpg?fit=660%2C360&ssl=1&resize=350%2C200","width":350,"height":200,"srcset":"https:\/\/i0.wp.com\/blogdoprosperi.com\/wp-content\/uploads\/2022\/11\/lance-09072020074752768.jpg?fit=660%2C360&ssl=1&resize=350%2C200 1x, https:\/\/i0.wp.com\/blogdoprosperi.com\/wp-content\/uploads\/2022\/11\/lance-09072020074752768.jpg?fit=660%2C360&ssl=1&resize=525%2C300 1.5x"},"classes":[]},{"id":46818,"url":"https:\/\/blogdoprosperi.com\/?p=46818","url_meta":{"origin":35253,"position":2},"title":"#Cr\u00f4nicaSab\u00e1tica #8 | Dudu Deixa o Palmeiras","author":"Luiz Ant\u00f4nio Pr\u00f3speri","date":"7 de dezembro de 2024","format":false,"excerpt":"Luiz Ant\u00f4nio Pr\u00f3speri \u2013 7 dezembro (14h35) \u2013 Dudu \u00e9 v\u00edtima da crueldade do futebol. Quando sua carreira chegava ao topo da montanha, sofre uma grave les\u00e3o. Joelho esgar\u00e7ado em um lance comum, sem disputa de bola ou pancada de um reles advers\u00e1rio, em agosto de 2023. Cirurgia inevit\u00e1vel. Um\u2026","rel":"","context":"Em &quot;futebol&quot;","block_context":{"text":"futebol","link":"https:\/\/blogdoprosperi.com\/?cat=53870"},"img":{"alt_text":"Dudu deixa Palmeiras","src":"https:\/\/i0.wp.com\/blogdoprosperi.com\/wp-content\/uploads\/2024\/06\/5d47ecc1372d74729185b8a054e958a5-1.jpg?fit=563%2C648&ssl=1&resize=350%2C200","width":350,"height":200,"srcset":"https:\/\/i0.wp.com\/blogdoprosperi.com\/wp-content\/uploads\/2024\/06\/5d47ecc1372d74729185b8a054e958a5-1.jpg?fit=563%2C648&ssl=1&resize=350%2C200 1x, https:\/\/i0.wp.com\/blogdoprosperi.com\/wp-content\/uploads\/2024\/06\/5d47ecc1372d74729185b8a054e958a5-1.jpg?fit=563%2C648&ssl=1&resize=525%2C300 1.5x"},"classes":[]},{"id":6688,"url":"https:\/\/blogdoprosperi.com\/?p=6688","url_meta":{"origin":35253,"position":3},"title":"Cinco an\u00e1lises de futebol para voc\u00ea ler neste s\u00e1bado (21\/5) ao despertar","author":"Luiz Ant\u00f4nio Pr\u00f3speri","date":"21 de maio de 2016","format":false,"excerpt":"Fim de semana com destaque para a segunda rodada do Brasileir\u00e3o e algumas novidades. Tite decide barrar C\u00e1ssio e d\u00e1 nova chance a Walter. Depois da boa estreia contra o Atl\u00e9tico-PR, Palmeiras joga neste s\u00e1bado contra a Ponte Preta. No S\u00e3o Paulo, Bauza desdenha seus rivais do futebol paulista, ap\u00f3s\u2026","rel":"","context":"Em &quot;Champions League&quot;","block_context":{"text":"Champions League","link":"https:\/\/blogdoprosperi.com\/?cat=9107"},"img":{"alt_text":"Dudu sai do Palmeiras","src":"https:\/\/i0.wp.com\/blogdoprosperi.com\/wp-content\/uploads\/2016\/05\/dudu.jpg?resize=350%2C200&ssl=1","width":350,"height":200,"srcset":"https:\/\/i0.wp.com\/blogdoprosperi.com\/wp-content\/uploads\/2016\/05\/dudu.jpg?resize=350%2C200&ssl=1 1x, https:\/\/i0.wp.com\/blogdoprosperi.com\/wp-content\/uploads\/2016\/05\/dudu.jpg?resize=525%2C300&ssl=1 1.5x, https:\/\/i0.wp.com\/blogdoprosperi.com\/wp-content\/uploads\/2016\/05\/dudu.jpg?resize=700%2C400&ssl=1 2x"},"classes":[]},{"id":23222,"url":"https:\/\/blogdoprosperi.com\/?p=23222","url_meta":{"origin":35253,"position":4},"title":"Palmeiras \u00e9 diferente com Gabriel Jesus, azar do Fluminense","author":"Luiz Ant\u00f4nio Pr\u00f3speri","date":"28 de agosto de 2016","format":false,"excerpt":"Palmeiras completo e com Gabriel Jesus aceso fica muito perto de ser campe\u00e3o. Seu jogo ganha em intensidade e o ataque lembra um rolo compressor. H\u00e1 uma enorme disposi\u00e7\u00e3o f\u00edsica e t\u00e9cnica para n\u00e3o deixar o advers\u00e1rio jogar e, ao mesmo, tempo assumir o controle da partida com autoridade. Dentro\u2026","rel":"","context":"Em &quot;futebol&quot;","block_context":{"text":"futebol","link":"https:\/\/blogdoprosperi.com\/?cat=53870"},"img":{"alt_text":"","src":"https:\/\/i0.wp.com\/blogdoprosperi.com\/wp-content\/uploads\/2016\/08\/622_5e5b601d-66de-3eb5-993a-95952448cff2.jpg?resize=350%2C200&ssl=1","width":350,"height":200,"srcset":"https:\/\/i0.wp.com\/blogdoprosperi.com\/wp-content\/uploads\/2016\/08\/622_5e5b601d-66de-3eb5-993a-95952448cff2.jpg?resize=350%2C200&ssl=1 1x, https:\/\/i0.wp.com\/blogdoprosperi.com\/wp-content\/uploads\/2016\/08\/622_5e5b601d-66de-3eb5-993a-95952448cff2.jpg?resize=525%2C300&ssl=1 1.5x"},"classes":[]},{"id":11483,"url":"https:\/\/blogdoprosperi.com\/?p=11483","url_meta":{"origin":35253,"position":5},"title":"Palmeiras assume a lideran\u00e7a e apresenta suas credenciais","author":"Luiz Ant\u00f4nio Pr\u00f3speri","date":"18 de junho de 2016","format":false,"excerpt":"Time com voca\u00e7\u00e3o de campe\u00e3o do Brasileir\u00e3o tem de ser ousado, sem perder o equil\u00edbrio. N\u00e3o importa se a competi\u00e7\u00e3o \u00e9 longa, repleta de imprevistos e concorrentes de todos os naipes. Tem de impor seu estilo, ser forte em casa, atrevido e vencer jogos com autoridade. O Palmeiras esteve muito\u2026","rel":"","context":"Em &quot;Campeonato Brasileiro&quot;","block_context":{"text":"Campeonato Brasileiro","link":"https:\/\/blogdoprosperi.com\/?cat=355071"},"img":{"alt_text":"","src":"https:\/\/i0.wp.com\/blogdoprosperi.com\/wp-content\/uploads\/2016\/06\/gols_palmeiras_santa_cruz_brasileirao.jpg?resize=350%2C200&ssl=1","width":350,"height":200,"srcset":"https:\/\/i0.wp.com\/blogdoprosperi.com\/wp-content\/uploads\/2016\/06\/gols_palmeiras_santa_cruz_brasileirao.jpg?resize=350%2C200&ssl=1 1x, https:\/\/i0.wp.com\/blogdoprosperi.com\/wp-content\/uploads\/2016\/06\/gols_palmeiras_santa_cruz_brasileirao.jpg?resize=525%2C300&ssl=1 1.5x"},"classes":[]}],"jetpack_featured_media_url":"","_links":{"self":[{"href":"https:\/\/blogdoprosperi.com\/index.php?rest_route=\/wp\/v2\/posts\/35253","targetHints":{"allow":["GET"]}}],"collection":[{"href":"https:\/\/blogdoprosperi.com\/index.php?rest_route=\/wp\/v2\/posts"}],"about":[{"href":"https:\/\/blogdoprosperi.com\/index.php?rest_route=\/wp\/v2\/types\/post"}],"author":[{"embeddable":true,"href":"https:\/\/blogdoprosperi.com\/index.php?rest_route=\/wp\/v2\/users\/102107496"}],"replies":[{"embeddable":true,"href":"https:\/\/blogdoprosperi.com\/index.php?rest_route=%2Fwp%2Fv2%2Fcomments&post=35253"}],"version-history":[{"count":11,"href":"https:\/\/blogdoprosperi.com\/index.php?rest_route=\/wp\/v2\/posts\/35253\/revisions"}],"predecessor-version":[{"id":35265,"href":"https:\/\/blogdoprosperi.com\/index.php?rest_route=\/wp\/v2\/posts\/35253\/revisions\/35265"}],"wp:attachment":[{"href":"https:\/\/blogdoprosperi.com\/index.php?rest_route=%2Fwp%2Fv2%2Fmedia&parent=35253"}],"wp:term":[{"taxonomy":"category","embeddable":true,"href":"https:\/\/blogdoprosperi.com\/index.php?rest_route=%2Fwp%2Fv2%2Fcategories&post=35253"},{"taxonomy":"post_tag","embeddable":true,"href":"https:\/\/blogdoprosperi.com\/index.php?rest_route=%2Fwp%2Fv2%2Ftags&post=35253"}],"curies":[{"name":"wp","href":"https:\/\/api.w.org\/{rel}","templated":true}]}}