{"id":35266,"date":"2017-03-24T10:40:12","date_gmt":"2017-03-24T13:40:12","guid":{"rendered":"http:\/\/blogdoprosperi.com\/?p=35266"},"modified":"2017-03-24T10:42:11","modified_gmt":"2017-03-24T13:42:11","slug":"cbf-manobra-e-tira-poder-dos-clubes","status":"publish","type":"post","link":"https:\/\/blogdoprosperi.com\/?p=35266","title":{"rendered":"CBF manobra e tira poder dos clubes"},"content":{"rendered":"<p><img data-recalc-dims=\"1\" loading=\"lazy\" decoding=\"async\" class=\"wp-image-5942 size-full\" src=\"https:\/\/i0.wp.com\/www.chuteirafc.com.br\/wp-content\/uploads\/2017\/03\/2015052906003.jpg-GU227KJCD.1.jpg?resize=699%2C420\" alt=\"2015052906003-jpg-gu227kjcd-1\" width=\"699\" height=\"420\" \/><\/p>\n<p>Clubes brasileiros perderam o pouco poder que tinham nas decis\u00f5es da CBF. Perderam por omiss\u00e3o. Sem a participa\u00e7\u00e3o dos 20 clubes da S\u00e9rie A e com a presen\u00e7a apenas dos presidentes das 27 federa\u00e7\u00f5es estaduais, a entidade presidida por Marco Polo Del Nero mudou seus estatutos e alterou a composi\u00e7\u00e3o dos votos do col\u00e9gio eleitoral na escolha do presidente da CBF. As 27 federa\u00e7\u00f5es t\u00eam agora total poder para eleger quem ser\u00e1 o sucessor de Del Nero.<\/p>\n<p>A manobra, quase um golpe, aconteceu nesta quinta-feira (23\/3), dia do jogo entre Uruguai e Brasil pelas Eliminat\u00f3rias da Copa de 2018. Em uma assembl\u00e9ia sem a participa\u00e7\u00e3o dos clubes e apenas com a presen\u00e7a das 27 federa\u00e7\u00f5es, foi feita a mudan\u00e7a dos estatutos.<\/p>\n<p>Antes da mudan\u00e7a, o presidente da CBF era eleito com os votos das 27 federa\u00e7\u00f5es, 20 dos clubes da S\u00e9rie A e mais 20 dos clubes da S\u00e9rie B, todos com mesmo peso. Portanto, se houvesse uni\u00e3o dos clubes, eles teriam 40 votos contra 27 das federa\u00e7\u00f5es estaduais e elegeriam o presidente da entidade.<\/p>\n<p>Com a altera\u00e7\u00e3o dos estatutos,<a href=\"http:\/\/www.chuteirafc.com.br\/reportagem-ronaldo-fenomeno-pede-uma-revolucao-no-futebol-brasileiro\/\">\u00a0os votos das 27 federa\u00e7\u00f5es estaduais passam a ter peso 3<\/a>, assim elas t\u00eam direito a 81 votos.<\/p>\n<p>Os 20 clubes da S\u00e9rie A ganham peso 2 \u2013 40 votos. E os 20 clubes da S\u00e9rie B, peso 1 \u2013 20 votos. Somando os votos dos 40 clubes (S\u00e9rie A+B), eles teriam apenas 60. Ou seja, 21 a menos que as federa\u00e7\u00f5es.<\/p>\n<p>Portanto os clubes n\u00e3o t\u00eam mais como eleger o presidente da CBF sem abocanhar votos de algumas federa\u00e7\u00f5es. Em compensa\u00e7\u00e3o as federa\u00e7\u00f5es t\u00eam poder total para escolher o sucessor de Del Nero.<\/p>\n<p>Como as federa\u00e7\u00f5es s\u00e3o parte do sistema que sustenta a hierarquia da CBF e ainda recebem mensalidades de R$ 50 mil cada uma da entidade maior, n\u00e3o h\u00e1 como um candidato fora da \u00f3rbita delas e do atual comando da CBF vencer as elei\u00e7\u00f5es.<\/p>\n<p>Outro obst\u00e1culo para uma candidatura alternativa \u00e9 a cl\u00e1usula de barreira imposta pela CBF que n\u00e3o sofreu altera\u00e7\u00f5es na mudan\u00e7a dos estatutos: o candidato deve ser indicado por pelo menos cinco federa\u00e7\u00f5es estaduais e oito clubes. O que, convenhamos, inviabiliza qualquer candidato de oposi\u00e7\u00e3o a se candidatar.<\/p>\n<p><strong>POR TR\u00c1S DO GOLPE<\/strong><\/p>\n<p><a href=\"http:\/\/www.chuteirafc.com.br\/reportagem-clubes-indicam-que-ha-vida-sem-globo-no-futebol-brasileiro\/\">Marco Polo Del Nero foi eleito presidente da CBF<\/a>\u00a0em abril de 2014, com 44 dos 47 votos poss\u00edveis, na sucess\u00e3o a Jos\u00e9 Maria Marin. Ganhou um mandato de 2015 a 2019 e direito a uma reelei\u00e7\u00e3o para mais quatro anos de governo depois de 2023 \u2013 pode ficar at\u00e9 2027 na presid\u00eancia da CBF. Assumiu em abril de 2015. Naquele ano, Marin foi preso no esc\u00e2ndalo da Fifa e ainda cumpre c\u00e1rcere domiciliar at\u00e9 hoje nos Estados Unidos.<\/p>\n<p>Del Nero tamb\u00e9m foi envolvido nas investiga\u00e7\u00f5es da Justi\u00e7a Americana acusado de corrup\u00e7\u00e3o e outras den\u00fancias. Estava em Zurique quando levaram Marin algemado. Voltou \u00e0s pressas ao Brasil e n\u00e3o mais arredou p\u00e9 do Pa\u00eds com medo de ser preso.<\/p>\n<p><img data-recalc-dims=\"1\" loading=\"lazy\" decoding=\"async\" class=\"wp-image-5945\" src=\"https:\/\/i0.wp.com\/www.chuteirafc.com.br\/wp-content\/uploads\/2017\/03\/cbf_pres1-1024x663.jpg?resize=323%2C209\" alt=\"cbf_pres1\" width=\"323\" height=\"209\" \/><\/p>\n<p>Mas pode ser banido do futebol pela Fifa, que ainda n\u00e3o encerrou seu processo de expurgo de dirigentes envolvidos em esc\u00e2ndalos de corrup\u00e7\u00e3o. Conselho de \u00c9tica da entidade n\u00e3o deu por finalizado o processo que analisa Del Nero.<\/p>\n<p>Se Del Nero for banido pela Fifa ou denunciado e preso pela Justi\u00e7a Americana, uma nova elei\u00e7\u00e3o ter\u00e1 de ser feita para se escolher novo presidente da CBF. No caso de seu afastamento tempor\u00e1rio, assume o vice-presidente mais velho da entidade, o Coronel Nunes, da Federa\u00e7\u00e3o do Par\u00e1.<\/p>\n<p>Com a mudan\u00e7a do estatuto nesta quinta-feira, Del Nero e seus pares n\u00e3o correm mais risco de ser varridos do poder na CBF. Desunidos e sempre a beijar m\u00e3o do cartola,\u00a0<a href=\"http:\/\/www.chuteirafc.com.br\/entrevista-rai\/\">clubes perdem prest\u00edgio<\/a>\u00a0nas decis\u00f5es mais importantes da gest\u00e3o do futebol brasileiro. Segue o jogo.<\/p>\n<p>(<a href=\"http:\/\/www.chuteirafc.com.br\">texto publicado no CHUTEIRA FC<\/a>)<\/p>\n","protected":false},"excerpt":{"rendered":"<p>Clubes brasileiros perderam o pouco poder que tinham nas decis\u00f5es da CBF. Perderam por omiss\u00e3o. Sem a participa\u00e7\u00e3o [&hellip;]<\/p>\n","protected":false},"author":102107496,"featured_media":0,"comment_status":"open","ping_status":"open","sticky":false,"template":"","format":"standard","meta":{"_coblocks_attr":"","_coblocks_dimensions":"","_coblocks_responsive_height":"","_coblocks_accordion_ie_support":"","_jetpack_newsletter_access":"","_jetpack_dont_email_post_to_subs":false,"_jetpack_newsletter_tier_id":0,"_jetpack_memberships_contains_paywalled_content":false,"_wpcom_ai_launchpad_first_post":false,"_jetpack_feature_clip_id":0,"_jetpack_memberships_contains_paid_content":false,"footnotes":"","jetpack_publicize_message":"","jetpack_publicize_feature_enabled":true,"jetpack_social_post_already_shared":false,"jetpack_social_options":{"image_generator_settings":{"template":"highway","default_image_id":0,"font":"","enabled":false},"version":2},"jetpack_post_was_ever_published":false},"categories":[53870],"tags":[789560569,3013371,5776154,789560563,789560560,18564793,4029902],"class_list":["post-35266","post","type-post","status-publish","format-standard","hentry","category-futebol","tag-cbf","tag-clubes-de-futebol","tag-federacoes-estaduais","tag-fifa","tag-futebol","tag-jose-maria-marin","tag-marco-polo-del-nero"],"yoast_head":"<!-- This site is optimized with the Yoast SEO plugin v28.3 - https:\/\/yoast.com\/product\/yoast-seo-wordpress\/ -->\n<title>CBF manobra e tira poder dos clubes - PR\u00d3SPERI NEWS<\/title>\n<meta name=\"robots\" content=\"index, follow, max-snippet:-1, max-image-preview:large, max-video-preview:-1\" \/>\n<link rel=\"canonical\" href=\"https:\/\/blogdoprosperi.com\/?p=35266\" \/>\n<meta property=\"og:locale\" content=\"pt_BR\" \/>\n<meta property=\"og:type\" content=\"article\" \/>\n<meta property=\"og:title\" content=\"CBF manobra e tira poder dos clubes - PR\u00d3SPERI NEWS\" \/>\n<meta property=\"og:description\" content=\"Clubes brasileiros perderam o pouco poder que tinham nas decis\u00f5es da CBF. Perderam por omiss\u00e3o. Sem a participa\u00e7\u00e3o [&hellip;]\" \/>\n<meta property=\"og:url\" content=\"https:\/\/blogdoprosperi.com\/?p=35266\" \/>\n<meta property=\"og:site_name\" content=\"PR\u00d3SPERI NEWS\" \/>\n<meta property=\"article:publisher\" content=\"Luiz Pr\u00f3speri\" \/>\n<meta property=\"article:author\" content=\"Luiz Pr\u00f3speri\" \/>\n<meta property=\"article:published_time\" content=\"2017-03-24T13:40:12+00:00\" \/>\n<meta property=\"article:modified_time\" content=\"2017-03-24T13:42:11+00:00\" \/>\n<meta property=\"og:image\" content=\"http:\/\/www.chuteirafc.com.br\/wp-content\/uploads\/2017\/03\/2015052906003.jpg-GU227KJCD.1.jpg\" \/>\n<meta name=\"author\" content=\"Luiz Ant\u00f4nio Pr\u00f3speri\" \/>\n<meta name=\"twitter:card\" content=\"summary_large_image\" \/>\n<meta name=\"twitter:creator\" content=\"@Luizprosperi\" \/>\n<meta name=\"twitter:site\" content=\"@Luizprosperi\" \/>\n<meta name=\"twitter:label1\" content=\"Escrito por\" \/>\n\t<meta name=\"twitter:data1\" content=\"Luiz Ant\u00f4nio Pr\u00f3speri\" \/>\n\t<meta name=\"twitter:label2\" content=\"Est. tempo de leitura\" \/>\n\t<meta name=\"twitter:data2\" content=\"3 minutos\" \/>\n<script type=\"application\/ld+json\" class=\"yoast-schema-graph\">{\"@context\":\"https:\\\/\\\/schema.org\",\"@graph\":[{\"@type\":\"Article\",\"@id\":\"https:\\\/\\\/blogdoprosperi.com\\\/?p=35266#article\",\"isPartOf\":{\"@id\":\"https:\\\/\\\/blogdoprosperi.com\\\/?p=35266\"},\"author\":{\"name\":\"Luiz Ant\u00f4nio Pr\u00f3speri\",\"@id\":\"https:\\\/\\\/blogdoprosperi.com\\\/#\\\/schema\\\/person\\\/38100755ce3601861ee4fab9b5aa78e9\"},\"headline\":\"CBF manobra e tira poder dos clubes\",\"datePublished\":\"2017-03-24T13:40:12+00:00\",\"dateModified\":\"2017-03-24T13:42:11+00:00\",\"mainEntityOfPage\":{\"@id\":\"https:\\\/\\\/blogdoprosperi.com\\\/?p=35266\"},\"wordCount\":671,\"commentCount\":0,\"publisher\":{\"@id\":\"https:\\\/\\\/blogdoprosperi.com\\\/#\\\/schema\\\/person\\\/38100755ce3601861ee4fab9b5aa78e9\"},\"image\":{\"@id\":\"https:\\\/\\\/blogdoprosperi.com\\\/?p=35266#primaryimage\"},\"thumbnailUrl\":\"http:\\\/\\\/www.chuteirafc.com.br\\\/wp-content\\\/uploads\\\/2017\\\/03\\\/2015052906003.jpg-GU227KJCD.1.jpg\",\"keywords\":[\"CBF\",\"clubes de futebol\",\"federa\u00e7\u00f5es estaduais\",\"Fifa\",\"futebol\",\"Jos\u00e9 Maria Marin\",\"Marco Polo Del Nero\"],\"articleSection\":[\"futebol\"],\"inLanguage\":\"pt-BR\",\"potentialAction\":[{\"@type\":\"CommentAction\",\"name\":\"Comment\",\"target\":[\"https:\\\/\\\/blogdoprosperi.com\\\/?p=35266#respond\"]}]},{\"@type\":\"WebPage\",\"@id\":\"https:\\\/\\\/blogdoprosperi.com\\\/?p=35266\",\"url\":\"https:\\\/\\\/blogdoprosperi.com\\\/?p=35266\",\"name\":\"CBF manobra e tira poder dos clubes - PR\u00d3SPERI NEWS\",\"isPartOf\":{\"@id\":\"https:\\\/\\\/blogdoprosperi.com\\\/#website\"},\"primaryImageOfPage\":{\"@id\":\"https:\\\/\\\/blogdoprosperi.com\\\/?p=35266#primaryimage\"},\"image\":{\"@id\":\"https:\\\/\\\/blogdoprosperi.com\\\/?p=35266#primaryimage\"},\"thumbnailUrl\":\"http:\\\/\\\/www.chuteirafc.com.br\\\/wp-content\\\/uploads\\\/2017\\\/03\\\/2015052906003.jpg-GU227KJCD.1.jpg\",\"datePublished\":\"2017-03-24T13:40:12+00:00\",\"dateModified\":\"2017-03-24T13:42:11+00:00\",\"breadcrumb\":{\"@id\":\"https:\\\/\\\/blogdoprosperi.com\\\/?p=35266#breadcrumb\"},\"inLanguage\":\"pt-BR\",\"potentialAction\":[{\"@type\":\"ReadAction\",\"target\":[\"https:\\\/\\\/blogdoprosperi.com\\\/?p=35266\"]}]},{\"@type\":\"ImageObject\",\"inLanguage\":\"pt-BR\",\"@id\":\"https:\\\/\\\/blogdoprosperi.com\\\/?p=35266#primaryimage\",\"url\":\"http:\\\/\\\/www.chuteirafc.com.br\\\/wp-content\\\/uploads\\\/2017\\\/03\\\/2015052906003.jpg-GU227KJCD.1.jpg\",\"contentUrl\":\"http:\\\/\\\/www.chuteirafc.com.br\\\/wp-content\\\/uploads\\\/2017\\\/03\\\/2015052906003.jpg-GU227KJCD.1.jpg\"},{\"@type\":\"BreadcrumbList\",\"@id\":\"https:\\\/\\\/blogdoprosperi.com\\\/?p=35266#breadcrumb\",\"itemListElement\":[{\"@type\":\"ListItem\",\"position\":1,\"name\":\"In\u00edcio\",\"item\":\"https:\\\/\\\/blogdoprosperi.com\\\/\"},{\"@type\":\"ListItem\",\"position\":2,\"name\":\"CBF manobra e tira poder dos clubes\"}]},{\"@type\":\"WebSite\",\"@id\":\"https:\\\/\\\/blogdoprosperi.com\\\/#website\",\"url\":\"https:\\\/\\\/blogdoprosperi.com\\\/\",\"name\":\"PR\u00d3SPERI NEWS\",\"description\":\"TUDO \u00c9  FUTEBOL\",\"publisher\":{\"@id\":\"https:\\\/\\\/blogdoprosperi.com\\\/#\\\/schema\\\/person\\\/38100755ce3601861ee4fab9b5aa78e9\"},\"alternateName\":\"blogdoprosperi.com\",\"potentialAction\":[{\"@type\":\"SearchAction\",\"target\":{\"@type\":\"EntryPoint\",\"urlTemplate\":\"https:\\\/\\\/blogdoprosperi.com\\\/?s={search_term_string}\"},\"query-input\":{\"@type\":\"PropertyValueSpecification\",\"valueRequired\":true,\"valueName\":\"search_term_string\"}}],\"inLanguage\":\"pt-BR\"},{\"@type\":[\"Person\",\"Organization\"],\"@id\":\"https:\\\/\\\/blogdoprosperi.com\\\/#\\\/schema\\\/person\\\/38100755ce3601861ee4fab9b5aa78e9\",\"name\":\"Luiz Ant\u00f4nio Pr\u00f3speri\",\"pronouns\":\"ele\",\"image\":{\"@type\":\"ImageObject\",\"inLanguage\":\"pt-BR\",\"@id\":\"https:\\\/\\\/i0.wp.com\\\/blogdoprosperi.com\\\/wp-content\\\/uploads\\\/2026\\\/05\\\/cropped-8059e613-6002-42fa-961e-8e275f575d71-2-5.jpg?fit=1360%2C931&ssl=1\",\"url\":\"https:\\\/\\\/i0.wp.com\\\/blogdoprosperi.com\\\/wp-content\\\/uploads\\\/2026\\\/05\\\/cropped-8059e613-6002-42fa-961e-8e275f575d71-2-5.jpg?fit=1360%2C931&ssl=1\",\"contentUrl\":\"https:\\\/\\\/i0.wp.com\\\/blogdoprosperi.com\\\/wp-content\\\/uploads\\\/2026\\\/05\\\/cropped-8059e613-6002-42fa-961e-8e275f575d71-2-5.jpg?fit=1360%2C931&ssl=1\",\"width\":1360,\"height\":931,\"caption\":\"Luiz Ant\u00f4nio Pr\u00f3speri\"},\"logo\":{\"@id\":\"https:\\\/\\\/i0.wp.com\\\/blogdoprosperi.com\\\/wp-content\\\/uploads\\\/2026\\\/05\\\/cropped-8059e613-6002-42fa-961e-8e275f575d71-2-5.jpg?fit=1360%2C931&ssl=1\"},\"description\":\"Jornalista com carreira dedicada ao esporte. Cobriu 9 Copas do Mundo in loco, 1990 na It\u00e1lia, 1994 nos EUA, 1998 na Fran\u00e7a, 2002 na Coreia do Sul e Jap\u00e3o, 2006 na Alemanha, 2010 na \u00c1frica do Sul, 2014 no Brasil, 2018 na R\u00fassia e 2022 no Qatar. Eurocopas, 1992 na Su\u00e9cia e 1996 na Inglaterra. Copa das Confedera\u00e7\u00f5es de 2005 na Alemanha e 2009 na \u00c1frica do Sul. Rep\u00f3rter e Editor, trabalhou no Jornal da Tarde e Estad\u00e3o, de 1984 a fevereiro de 2016. Colunista, blogueiro. E comentarista de futebol na R\u00e1dio Estad\u00e3o, de 2013 a fevereiro de 2016. Jornalista respons\u00e1vel do \\\"Pr\u00f3speri News\\\" (blogdoprosperi.com).\",\"sameAs\":[\"http:\\\/\\\/blogdoprosperi.com\",\"Luiz Pr\u00f3speri\",\"@luiz_prosperi\",\"https:\\\/\\\/x.com\\\/Luizprosperi\",\"@prosperinacopa\",\"luiz.prosperi@icloud.com\"],\"url\":\"https:\\\/\\\/blogdoprosperi.com\\\/?author=102107496\"}]}<\/script>\n<!-- \/ Yoast SEO plugin. -->","yoast_head_json":{"title":"CBF manobra e tira poder dos clubes - PR\u00d3SPERI NEWS","robots":{"index":"index","follow":"follow","max-snippet":"max-snippet:-1","max-image-preview":"max-image-preview:large","max-video-preview":"max-video-preview:-1"},"canonical":"https:\/\/blogdoprosperi.com\/?p=35266","og_locale":"pt_BR","og_type":"article","og_title":"CBF manobra e tira poder dos clubes - PR\u00d3SPERI NEWS","og_description":"Clubes brasileiros perderam o pouco poder que tinham nas decis\u00f5es da CBF. Perderam por omiss\u00e3o. Sem a participa\u00e7\u00e3o [&hellip;]","og_url":"https:\/\/blogdoprosperi.com\/?p=35266","og_site_name":"PR\u00d3SPERI NEWS","article_publisher":"Luiz Pr\u00f3speri","article_author":"Luiz Pr\u00f3speri","article_published_time":"2017-03-24T13:40:12+00:00","article_modified_time":"2017-03-24T13:42:11+00:00","og_image":[{"url":"http:\/\/www.chuteirafc.com.br\/wp-content\/uploads\/2017\/03\/2015052906003.jpg-GU227KJCD.1.jpg","type":"","width":"","height":""}],"author":"Luiz Ant\u00f4nio Pr\u00f3speri","twitter_card":"summary_large_image","twitter_creator":"@Luizprosperi","twitter_site":"@Luizprosperi","twitter_misc":{"Escrito por":"Luiz Ant\u00f4nio Pr\u00f3speri","Est. tempo de leitura":"3 minutos"},"schema":{"@context":"https:\/\/schema.org","@graph":[{"@type":"Article","@id":"https:\/\/blogdoprosperi.com\/?p=35266#article","isPartOf":{"@id":"https:\/\/blogdoprosperi.com\/?p=35266"},"author":{"name":"Luiz Ant\u00f4nio Pr\u00f3speri","@id":"https:\/\/blogdoprosperi.com\/#\/schema\/person\/38100755ce3601861ee4fab9b5aa78e9"},"headline":"CBF manobra e tira poder dos clubes","datePublished":"2017-03-24T13:40:12+00:00","dateModified":"2017-03-24T13:42:11+00:00","mainEntityOfPage":{"@id":"https:\/\/blogdoprosperi.com\/?p=35266"},"wordCount":671,"commentCount":0,"publisher":{"@id":"https:\/\/blogdoprosperi.com\/#\/schema\/person\/38100755ce3601861ee4fab9b5aa78e9"},"image":{"@id":"https:\/\/blogdoprosperi.com\/?p=35266#primaryimage"},"thumbnailUrl":"http:\/\/www.chuteirafc.com.br\/wp-content\/uploads\/2017\/03\/2015052906003.jpg-GU227KJCD.1.jpg","keywords":["CBF","clubes de futebol","federa\u00e7\u00f5es estaduais","Fifa","futebol","Jos\u00e9 Maria Marin","Marco Polo Del Nero"],"articleSection":["futebol"],"inLanguage":"pt-BR","potentialAction":[{"@type":"CommentAction","name":"Comment","target":["https:\/\/blogdoprosperi.com\/?p=35266#respond"]}]},{"@type":"WebPage","@id":"https:\/\/blogdoprosperi.com\/?p=35266","url":"https:\/\/blogdoprosperi.com\/?p=35266","name":"CBF manobra e tira poder dos clubes - PR\u00d3SPERI NEWS","isPartOf":{"@id":"https:\/\/blogdoprosperi.com\/#website"},"primaryImageOfPage":{"@id":"https:\/\/blogdoprosperi.com\/?p=35266#primaryimage"},"image":{"@id":"https:\/\/blogdoprosperi.com\/?p=35266#primaryimage"},"thumbnailUrl":"http:\/\/www.chuteirafc.com.br\/wp-content\/uploads\/2017\/03\/2015052906003.jpg-GU227KJCD.1.jpg","datePublished":"2017-03-24T13:40:12+00:00","dateModified":"2017-03-24T13:42:11+00:00","breadcrumb":{"@id":"https:\/\/blogdoprosperi.com\/?p=35266#breadcrumb"},"inLanguage":"pt-BR","potentialAction":[{"@type":"ReadAction","target":["https:\/\/blogdoprosperi.com\/?p=35266"]}]},{"@type":"ImageObject","inLanguage":"pt-BR","@id":"https:\/\/blogdoprosperi.com\/?p=35266#primaryimage","url":"http:\/\/www.chuteirafc.com.br\/wp-content\/uploads\/2017\/03\/2015052906003.jpg-GU227KJCD.1.jpg","contentUrl":"http:\/\/www.chuteirafc.com.br\/wp-content\/uploads\/2017\/03\/2015052906003.jpg-GU227KJCD.1.jpg"},{"@type":"BreadcrumbList","@id":"https:\/\/blogdoprosperi.com\/?p=35266#breadcrumb","itemListElement":[{"@type":"ListItem","position":1,"name":"In\u00edcio","item":"https:\/\/blogdoprosperi.com\/"},{"@type":"ListItem","position":2,"name":"CBF manobra e tira poder dos clubes"}]},{"@type":"WebSite","@id":"https:\/\/blogdoprosperi.com\/#website","url":"https:\/\/blogdoprosperi.com\/","name":"PR\u00d3SPERI NEWS","description":"TUDO \u00c9  FUTEBOL","publisher":{"@id":"https:\/\/blogdoprosperi.com\/#\/schema\/person\/38100755ce3601861ee4fab9b5aa78e9"},"alternateName":"blogdoprosperi.com","potentialAction":[{"@type":"SearchAction","target":{"@type":"EntryPoint","urlTemplate":"https:\/\/blogdoprosperi.com\/?s={search_term_string}"},"query-input":{"@type":"PropertyValueSpecification","valueRequired":true,"valueName":"search_term_string"}}],"inLanguage":"pt-BR"},{"@type":["Person","Organization"],"@id":"https:\/\/blogdoprosperi.com\/#\/schema\/person\/38100755ce3601861ee4fab9b5aa78e9","name":"Luiz Ant\u00f4nio Pr\u00f3speri","pronouns":"ele","image":{"@type":"ImageObject","inLanguage":"pt-BR","@id":"https:\/\/i0.wp.com\/blogdoprosperi.com\/wp-content\/uploads\/2026\/05\/cropped-8059e613-6002-42fa-961e-8e275f575d71-2-5.jpg?fit=1360%2C931&ssl=1","url":"https:\/\/i0.wp.com\/blogdoprosperi.com\/wp-content\/uploads\/2026\/05\/cropped-8059e613-6002-42fa-961e-8e275f575d71-2-5.jpg?fit=1360%2C931&ssl=1","contentUrl":"https:\/\/i0.wp.com\/blogdoprosperi.com\/wp-content\/uploads\/2026\/05\/cropped-8059e613-6002-42fa-961e-8e275f575d71-2-5.jpg?fit=1360%2C931&ssl=1","width":1360,"height":931,"caption":"Luiz Ant\u00f4nio Pr\u00f3speri"},"logo":{"@id":"https:\/\/i0.wp.com\/blogdoprosperi.com\/wp-content\/uploads\/2026\/05\/cropped-8059e613-6002-42fa-961e-8e275f575d71-2-5.jpg?fit=1360%2C931&ssl=1"},"description":"Jornalista com carreira dedicada ao esporte. Cobriu 9 Copas do Mundo in loco, 1990 na It\u00e1lia, 1994 nos EUA, 1998 na Fran\u00e7a, 2002 na Coreia do Sul e Jap\u00e3o, 2006 na Alemanha, 2010 na \u00c1frica do Sul, 2014 no Brasil, 2018 na R\u00fassia e 2022 no Qatar. Eurocopas, 1992 na Su\u00e9cia e 1996 na Inglaterra. Copa das Confedera\u00e7\u00f5es de 2005 na Alemanha e 2009 na \u00c1frica do Sul. Rep\u00f3rter e Editor, trabalhou no Jornal da Tarde e Estad\u00e3o, de 1984 a fevereiro de 2016. Colunista, blogueiro. E comentarista de futebol na R\u00e1dio Estad\u00e3o, de 2013 a fevereiro de 2016. Jornalista respons\u00e1vel do \"Pr\u00f3speri News\" (blogdoprosperi.com).","sameAs":["http:\/\/blogdoprosperi.com","Luiz Pr\u00f3speri","@luiz_prosperi","https:\/\/x.com\/Luizprosperi","@prosperinacopa","luiz.prosperi@icloud.com"],"url":"https:\/\/blogdoprosperi.com\/?author=102107496"}]}},"jetpack_publicize_connections":[],"jetpack_likes_enabled":false,"jetpack_sharing_enabled":true,"jetpack_shortlink":"https:\/\/wp.me\/p7jvdk-9aO","jetpack-related-posts":[{"id":37385,"url":"https:\/\/blogdoprosperi.com\/?p=37385","url_meta":{"origin":35266,"position":0},"title":"Del Nero manobra e elege sucessor na CBF, antes de ser banido pela Fifa","author":"Luiz Ant\u00f4nio Pr\u00f3speri","date":"8 de mar\u00e7o de 2018","format":false,"excerpt":"CBF j\u00e1 tem candidato \u00fanico \u00e0 sucess\u00e3o do presidente Marco Polo Del Nero, banido do futebol por 90 dias acusado de corrup\u00e7\u00e3o pela Fifa. Trata-se de Rogerio Langanhe Cabloco, ex-diretor financeiro e atual executivo de gest\u00e3o da entidade. Seu nome foi escolhido por Del Nero e foi lan\u00e7ado de forma\u2026","rel":"","context":"Em &quot;futebol&quot;","block_context":{"text":"futebol","link":"https:\/\/blogdoprosperi.com\/?cat=53870"},"img":{"alt_text":"","src":"https:\/\/i0.wp.com\/blogdoprosperi.com\/wp-content\/uploads\/2018\/03\/image.jpeg?fit=620%2C413&ssl=1&resize=350%2C200","width":350,"height":200,"srcset":"https:\/\/i0.wp.com\/blogdoprosperi.com\/wp-content\/uploads\/2018\/03\/image.jpeg?fit=620%2C413&ssl=1&resize=350%2C200 1x, https:\/\/i0.wp.com\/blogdoprosperi.com\/wp-content\/uploads\/2018\/03\/image.jpeg?fit=620%2C413&ssl=1&resize=525%2C300 1.5x"},"classes":[]},{"id":35329,"url":"https:\/\/blogdoprosperi.com\/?p=35329","url_meta":{"origin":35266,"position":1},"title":"CBF e Globo faturam alto com vit\u00f3rias da Sele\u00e7\u00e3o de Tite","author":"Luiz Ant\u00f4nio Pr\u00f3speri","date":"31 de mar\u00e7o de 2017","format":false,"excerpt":"A CBF \u00e9 a maior beneficiada com a reviravolta da Sele\u00e7\u00e3o Brasileira, a primeira se classificar no campo ao Mundial da R\u00fassia 2018. Sem mover uma palha, apenas com a troca de Dunga por Tite, a entidade conseguiu amenizar a press\u00e3o em cima do presidente Marco Polo Del Nero, renovou\u2026","rel":"","context":"Em &quot;futebol&quot;","block_context":{"text":"futebol","link":"https:\/\/blogdoprosperi.com\/?cat=53870"},"img":{"alt_text":"","src":"https:\/\/i0.wp.com\/blogdoprosperi.com\/wp-content\/uploads\/2017\/03\/20170303122503_0.jpeg?resize=350%2C200&ssl=1","width":350,"height":200,"srcset":"https:\/\/i0.wp.com\/blogdoprosperi.com\/wp-content\/uploads\/2017\/03\/20170303122503_0.jpeg?resize=350%2C200&ssl=1 1x, https:\/\/i0.wp.com\/blogdoprosperi.com\/wp-content\/uploads\/2017\/03\/20170303122503_0.jpeg?resize=525%2C300&ssl=1 1.5x, https:\/\/i0.wp.com\/blogdoprosperi.com\/wp-content\/uploads\/2017\/03\/20170303122503_0.jpeg?resize=700%2C400&ssl=1 2x"},"classes":[]},{"id":50119,"url":"https:\/\/blogdoprosperi.com\/?p=50119","url_meta":{"origin":35266,"position":2},"title":"Clubes Exigem Cria\u00e7\u00e3o da Liga e Participa\u00e7\u00e3o Efetiva na CBF | &#8220;Futebol Brasileiro \u00e9 Inegoci\u00e1vel para N\u00f3s&#8221;","author":"Luiz Ant\u00f4nio Pr\u00f3speri","date":"19 de maio de 2025","format":false,"excerpt":"\u2666 \"Queremos a cria\u00e7\u00e3o da Liga e reconhecimento de que as propriedades comerciais das S\u00e9ries A e B pertencem aos Clubes\" \u2666 \"Altera\u00e7\u00e3o das regras de governan\u00e7a, dando efetivamente poder executivo \u00e0 Comiss\u00e3o Nacional de Clubes\" Luiz Ant\u00f4nio Pr\u00f3speri \u2013 19 maio (21h15) \u2013 CBF enfrenta primeira rebeli\u00e3o desde o\u2026","rel":"","context":"Em &quot;CBF&quot;","block_context":{"text":"CBF","link":"https:\/\/blogdoprosperi.com\/?cat=570700"},"img":{"alt_text":"Clubes exigem cria\u00e7\u00e3o da Liga e voz ativa na CBF","src":"https:\/\/i0.wp.com\/blogdoprosperi.com\/wp-content\/uploads\/2025\/05\/image_placeholder-1-aspect-ratio-512-320-364.webp?fit=950%2C593&ssl=1&resize=350%2C200","width":350,"height":200,"srcset":"https:\/\/i0.wp.com\/blogdoprosperi.com\/wp-content\/uploads\/2025\/05\/image_placeholder-1-aspect-ratio-512-320-364.webp?fit=950%2C593&ssl=1&resize=350%2C200 1x, https:\/\/i0.wp.com\/blogdoprosperi.com\/wp-content\/uploads\/2025\/05\/image_placeholder-1-aspect-ratio-512-320-364.webp?fit=950%2C593&ssl=1&resize=525%2C300 1.5x, https:\/\/i0.wp.com\/blogdoprosperi.com\/wp-content\/uploads\/2025\/05\/image_placeholder-1-aspect-ratio-512-320-364.webp?fit=950%2C593&ssl=1&resize=700%2C400 2x"},"classes":[]},{"id":38667,"url":"https:\/\/blogdoprosperi.com\/?p=38667","url_meta":{"origin":35266,"position":3},"title":"Clubes preparam tomada do poder na CBF","author":"Luiz Ant\u00f4nio Pr\u00f3speri","date":"16 de junho de 2021","format":false,"excerpt":"Movimento dos clubes tem como meta acabar com a farra das Federa\u00e7\u00f5es. E ditar rumos do futebol no pa\u00eds.","rel":"","context":"Em &quot;Campeonato Brasileiro&quot;","block_context":{"text":"Campeonato Brasileiro","link":"https:\/\/blogdoprosperi.com\/?cat=355071"},"img":{"alt_text":"Clubes querem a CBF","src":"https:\/\/i0.wp.com\/blogdoprosperi.com\/wp-content\/uploads\/2016\/11\/cbf-1.jpg?fit=620%2C390&ssl=1&resize=350%2C200","width":350,"height":200,"srcset":"https:\/\/i0.wp.com\/blogdoprosperi.com\/wp-content\/uploads\/2016\/11\/cbf-1.jpg?fit=620%2C390&ssl=1&resize=350%2C200 1x, https:\/\/i0.wp.com\/blogdoprosperi.com\/wp-content\/uploads\/2016\/11\/cbf-1.jpg?fit=620%2C390&ssl=1&resize=525%2C300 1.5x"},"classes":[]},{"id":48832,"url":"https:\/\/blogdoprosperi.com\/?p=48832","url_meta":{"origin":35266,"position":4},"title":"CBF | Ronaldo Fen\u00f4meno Desiste da Candidatura a Presidente","author":"Luiz Ant\u00f4nio Pr\u00f3speri","date":"12 de mar\u00e7o de 2025","format":false,"excerpt":"Luiz Ant\u00f4nio Pr\u00f3speri \u2013 12 mar\u00e7o (12h28) \u2013 Ronaldo Fen\u00f4meno n\u00e3o \u00e9 mais candidato a presidente da CBF. Ex-jogador diz que n\u00e3o teve apoio das federa\u00e7\u00f5es estaduais. De acordo com estatutos da CBF, candidaturas s\u00f3 podem ser registradas com aval de pelo menos quatro federa\u00e7\u00f5es e quatro clubes (das S\u00e9ries\u2026","rel":"","context":"Em &quot;futebol&quot;","block_context":{"text":"futebol","link":"https:\/\/blogdoprosperi.com\/?cat=53870"},"img":{"alt_text":"Ronaldo Fen\u00f4meno fora da CBF","src":"https:\/\/i0.wp.com\/blogdoprosperi.com\/wp-content\/uploads\/2022\/12\/ronaldo-fenomeno.webp?fit=1000%2C585&ssl=1&resize=350%2C200","width":350,"height":200,"srcset":"https:\/\/i0.wp.com\/blogdoprosperi.com\/wp-content\/uploads\/2022\/12\/ronaldo-fenomeno.webp?fit=1000%2C585&ssl=1&resize=350%2C200 1x, https:\/\/i0.wp.com\/blogdoprosperi.com\/wp-content\/uploads\/2022\/12\/ronaldo-fenomeno.webp?fit=1000%2C585&ssl=1&resize=525%2C300 1.5x, https:\/\/i0.wp.com\/blogdoprosperi.com\/wp-content\/uploads\/2022\/12\/ronaldo-fenomeno.webp?fit=1000%2C585&ssl=1&resize=700%2C400 2x"},"classes":[]},{"id":45900,"url":"https:\/\/blogdoprosperi.com\/?p=45900","url_meta":{"origin":35266,"position":5},"title":"Brasil vence Peru | Dorival Junior Respira e CBF Faz a Festa","author":"Luiz Ant\u00f4nio Pr\u00f3speri","date":"16 de outubro de 2024","format":false,"excerpt":"Luiz Ant\u00f4nio Pr\u00f3speri - 16 outubro (10h09) Sele\u00e7\u00e3o Brasileira vence Peru por 4 a 0 e se acalma. Diminui a tens\u00e3o. A vit\u00f3ria contra um dos mais fracos times das Eliminat\u00f3rias da Copa 2026 cabe bem no discurso do t\u00e9cnico Dorival Junior e, ao mesmo tempo, atende ao projeto pol\u00edtico\u2026","rel":"","context":"Em &quot;futebol&quot;","block_context":{"text":"futebol","link":"https:\/\/blogdoprosperi.com\/?cat=53870"},"img":{"alt_text":"","src":"https:\/\/i0.wp.com\/blogdoprosperi.com\/wp-content\/uploads\/2024\/10\/54070811890_98fe48c973_c.jpg?fit=800%2C516&ssl=1&resize=350%2C200","width":350,"height":200,"srcset":"https:\/\/i0.wp.com\/blogdoprosperi.com\/wp-content\/uploads\/2024\/10\/54070811890_98fe48c973_c.jpg?fit=800%2C516&ssl=1&resize=350%2C200 1x, https:\/\/i0.wp.com\/blogdoprosperi.com\/wp-content\/uploads\/2024\/10\/54070811890_98fe48c973_c.jpg?fit=800%2C516&ssl=1&resize=525%2C300 1.5x, https:\/\/i0.wp.com\/blogdoprosperi.com\/wp-content\/uploads\/2024\/10\/54070811890_98fe48c973_c.jpg?fit=800%2C516&ssl=1&resize=700%2C400 2x"},"classes":[]}],"jetpack_featured_media_url":"","_links":{"self":[{"href":"https:\/\/blogdoprosperi.com\/index.php?rest_route=\/wp\/v2\/posts\/35266","targetHints":{"allow":["GET"]}}],"collection":[{"href":"https:\/\/blogdoprosperi.com\/index.php?rest_route=\/wp\/v2\/posts"}],"about":[{"href":"https:\/\/blogdoprosperi.com\/index.php?rest_route=\/wp\/v2\/types\/post"}],"author":[{"embeddable":true,"href":"https:\/\/blogdoprosperi.com\/index.php?rest_route=\/wp\/v2\/users\/102107496"}],"replies":[{"embeddable":true,"href":"https:\/\/blogdoprosperi.com\/index.php?rest_route=%2Fwp%2Fv2%2Fcomments&post=35266"}],"version-history":[{"count":4,"href":"https:\/\/blogdoprosperi.com\/index.php?rest_route=\/wp\/v2\/posts\/35266\/revisions"}],"predecessor-version":[{"id":35270,"href":"https:\/\/blogdoprosperi.com\/index.php?rest_route=\/wp\/v2\/posts\/35266\/revisions\/35270"}],"wp:attachment":[{"href":"https:\/\/blogdoprosperi.com\/index.php?rest_route=%2Fwp%2Fv2%2Fmedia&parent=35266"}],"wp:term":[{"taxonomy":"category","embeddable":true,"href":"https:\/\/blogdoprosperi.com\/index.php?rest_route=%2Fwp%2Fv2%2Fcategories&post=35266"},{"taxonomy":"post_tag","embeddable":true,"href":"https:\/\/blogdoprosperi.com\/index.php?rest_route=%2Fwp%2Fv2%2Ftags&post=35266"}],"curies":[{"name":"wp","href":"https:\/\/api.w.org\/{rel}","templated":true}]}}