{"id":35329,"date":"2017-03-31T19:15:28","date_gmt":"2017-03-31T22:15:28","guid":{"rendered":"http:\/\/blogdoprosperi.com\/?p=35329"},"modified":"2017-03-31T20:13:53","modified_gmt":"2017-03-31T23:13:53","slug":"cbf-e-tv-globo-faturam-alto-com-vitorias-da-selecao-de-tite","status":"publish","type":"post","link":"https:\/\/blogdoprosperi.com\/?p=35329","title":{"rendered":"CBF e Globo faturam alto com vit\u00f3rias da Sele\u00e7\u00e3o de Tite"},"content":{"rendered":"<p><span class=\"alignnone\"><img data-recalc-dims=\"1\" loading=\"lazy\" decoding=\"async\" data-attachment-id=\"35334\" data-permalink=\"https:\/\/blogdoprosperi.com\/?attachment_id=35334\" data-orig-file=\"https:\/\/i0.wp.com\/blogdoprosperi.com\/wp-content\/uploads\/2017\/03\/neymar-marca-e-brasil-no-duelo-contra-o-paraguai-em-itaquera-1490754927629_1024x768.jpg?fit=1024%2C768&amp;ssl=1\" data-orig-size=\"1024,768\" data-comments-opened=\"1\" data-image-meta=\"{&quot;aperture&quot;:&quot;0&quot;,&quot;credit&quot;:&quot;&quot;,&quot;camera&quot;:&quot;&quot;,&quot;caption&quot;:&quot;&quot;,&quot;created_timestamp&quot;:&quot;0&quot;,&quot;copyright&quot;:&quot;&quot;,&quot;focal_length&quot;:&quot;0&quot;,&quot;iso&quot;:&quot;0&quot;,&quot;shutter_speed&quot;:&quot;0&quot;,&quot;title&quot;:&quot;&quot;,&quot;orientation&quot;:&quot;0&quot;}\" data-image-title=\"neymar-marca-e-brasil-no-duelo-contra-o-paraguai-em-itaquera-1490754927629_1024x768\" data-image-description=\"\" data-image-caption=\"\" data-large-file=\"https:\/\/i0.wp.com\/blogdoprosperi.com\/wp-content\/uploads\/2017\/03\/neymar-marca-e-brasil-no-duelo-contra-o-paraguai-em-itaquera-1490754927629_1024x768.jpg?fit=940%2C705&amp;ssl=1\" class=\"alignnone size-full wp-image-35334\" src=\"https:\/\/i0.wp.com\/blogdoprosperi.com\/wp-content\/uploads\/2017\/03\/neymar-marca-e-brasil-no-duelo-contra-o-paraguai-em-itaquera-1490754927629_1024x768.jpg?resize=940%2C705&#038;ssl=1\" alt=\"neymar-marca-e-brasil-no-duelo-contra-o-paraguai-em-itaquera-1490754927629_1024x768\" width=\"940\" height=\"705\" \/><\/span><\/p>\n<p>A CBF \u00e9 a maior beneficiada com a reviravolta da Sele\u00e7\u00e3o Brasileira, a primeira se classificar no campo ao Mundial da R\u00fassia 2018. Sem mover uma palha, apenas com a troca de Dunga por Tite, a entidade conseguiu amenizar a press\u00e3o em cima do presidente Marco Polo Del Nero, renovou contratos de patroc\u00ednios, deu um golpe nos clubes e se cacifou para vender amistosos da Sele\u00e7\u00e3o por uma fortuna. A Globo, antes cr\u00edtica da Del Nero diante dos resultados ruins da Sele\u00e7\u00e3o, tamb\u00e9m se acalmou e surfa nos altos \u00edndices de audi\u00eancia nos jogos do Brasil.<!--more--><\/p>\n<p style=\"text-align:justify;\">Do ponto de vista pol\u00edtico e de gest\u00e3o, Del Nero n\u00e3o imaginava que a simples chegada de\u00a0<a href=\"http:\/\/www.chuteirafc.com.br\/selecao-brasileira-manda-recado-aos-favoritos-na-copa-2018\/\">Tite poderia ser a sua salva\u00e7\u00e3o<\/a>. Nos tempos de Dunga, sempre era questionado nas coletivas a respeito das investiga\u00e7\u00f5es da Justi\u00e7a dos Estados Unidos e os motivos de n\u00e3o viajar para fora do Pa\u00eds nos jogos e competi\u00e7\u00f5es da Sele\u00e7\u00e3o Brasileira com medo de ser preso. No Congresso Nacional, era alvo de uma CPI capitaneada pelo senador Rom\u00e1rio (PSB-RJ). A CBF vivia sob nuvens densas e escuras.<\/p>\n<p style=\"text-align:justify;\">As nuvens amea\u00e7adoras come\u00e7aram a se dissipar a partir de agosto de 2016 quando a Sele\u00e7\u00e3o Ol\u00edmpica, supervisionada por Tite, conquistou a in\u00e9dita medalha de ouro no Jogos do Rio. E minguam cada vez mais no c\u00e9u da CBF a cada resultado expressivo do selecionado de Tite. <a href=\"http:\/\/blogdoprosperi.com\/2016\/10\/28\/podres-poderes-do-futebol-brasileiro\/\">Del Nero se fortaleceu a ponto de se livrar da CPI e, por tabela, de Rom\u00e1rio,<\/a> com ajuda do senador Romero Juc\u00e1 (PMDB-PE), aliado de primeira hora do presidente da CBF.<\/p>\n<p style=\"text-align:justify;\">Livre de Dunga e de Rom\u00e1rio, o dirigente correu atr\u00e1s do tempo perdido. A miss\u00e3o agora era n\u00e3o interferir no trabalho de Tite e resgatar o prest\u00edgio com os grandes patrocinadores da CBF. A primeira grande conquista neste sentido se deu com a renova\u00e7\u00e3o do contrato com a companhia a\u00e9rea GOL por mais quatro anos \u2013 at\u00e9 2021 \u2013, parceira da entidade desde 2013. Valores do novo acordo n\u00e3o foram revelados.<\/p>\n<p style=\"text-align:justify;\">O an\u00fancio da renova\u00e7\u00e3o do contrato foi um show de marketing.\u00a0<a href=\"http:\/\/www.chuteirafc.com.br\/opiniao-tite-ja-tem-16-intocaveis-no-grupo-da-selecao\/\">Tite teve de divulgar a convoca\u00e7\u00e3o dos 23 jogadores para as partidas contra Uruguai e Paraguai em uma coletiva de imprensa no hangar da GOL,\u00a0<\/a>no Aeroporto de Congonhas em S\u00e3o Paulo, diante de cerca de 200 jornalistas, entre brasileiros e estrangeiros, e perto de 400 convidados.<\/p>\n<p style=\"text-align:justify;\">Na cerim\u00f4nia, Del Nero, dirigentes da CBF, Tite, membros da comiss\u00e3o t\u00e9cnica e diretores da companhia a\u00e9rea desceram as escadas do\u00a0Boeing 737-800 Next Generation, avi\u00e3o oficial da Sele\u00e7\u00e3o pintado com as cores do Brasil e com o slogan \u201cVoa Canarinho\u201d.\u00a0Equipado com wi-fi e sistema de entretenimento a bordo, a aeronave tem capacidade para 177 passageiros.<\/p>\n<p style=\"text-align:justify;\"><span class=\"alignnone\"><img data-recalc-dims=\"1\" loading=\"lazy\" decoding=\"async\" data-attachment-id=\"35335\" data-permalink=\"https:\/\/blogdoprosperi.com\/?attachment_id=35335\" data-orig-file=\"https:\/\/i0.wp.com\/blogdoprosperi.com\/wp-content\/uploads\/2017\/03\/20170303122503_0.jpeg?fit=974%2C546&amp;ssl=1\" data-orig-size=\"974,546\" data-comments-opened=\"1\" data-image-meta=\"{&quot;aperture&quot;:&quot;0&quot;,&quot;credit&quot;:&quot;&quot;,&quot;camera&quot;:&quot;&quot;,&quot;caption&quot;:&quot;&quot;,&quot;created_timestamp&quot;:&quot;0&quot;,&quot;copyright&quot;:&quot;&quot;,&quot;focal_length&quot;:&quot;0&quot;,&quot;iso&quot;:&quot;0&quot;,&quot;shutter_speed&quot;:&quot;0&quot;,&quot;title&quot;:&quot;&quot;,&quot;orientation&quot;:&quot;0&quot;}\" data-image-title=\"20170303122503_0\" data-image-description=\"\" data-image-caption=\"\" data-large-file=\"https:\/\/i0.wp.com\/blogdoprosperi.com\/wp-content\/uploads\/2017\/03\/20170303122503_0.jpeg?fit=940%2C527&amp;ssl=1\" class=\"alignnone size-full wp-image-35335\" src=\"https:\/\/i0.wp.com\/blogdoprosperi.com\/wp-content\/uploads\/2017\/03\/20170303122503_0.jpeg?resize=940%2C527&#038;ssl=1\" alt=\"20170303122503_0\" width=\"940\" height=\"527\" \/><\/span><\/p>\n<p style=\"text-align:justify;\">Poucos dias depois dessa apresenta\u00e7\u00e3o, mais precisamente na tarde do jogo entre Uruguai e Brasil, dia 23\/3, em Montevid\u00e9u, Del Nero arrebanhou os presidentes das 27 federa\u00e7\u00f5es estaduais na sede da CBF e liderou um golpe contra os clubes aprovando a mudan\u00e7a dos estatutos da entidade. Antes mesmo de o\u00a0<a href=\"http:\/\/www.chuteirafc.com.br\/tite-restaura-da-selecao-com-goleada-no-uruguai\/\">time de Tite destruir os uruguaios com a vit\u00f3ria por 4 a 1<\/a>, a manobra nos bastidores estava consumada.<\/p>\n<p style=\"text-align:justify;\">Para n\u00e3o perder o controle do futebol, numa eventual rebeli\u00e3o dos clubes, Del Nero e seus pares concederam \u00e0s federa\u00e7\u00f5es mais poder de voto na elei\u00e7\u00e3o do presidente da CBF do que aos clubes. Juntas, as federa\u00e7\u00f5es teriam 27 votos, com a mudan\u00e7a passaram a ter peso tr\u00eas. Assim os 27 votos valem agora 81 votos. Os 20 clubes da S\u00e9ries A ganharam peso 2 \u2013 portanto, 40 votos. E os 20 da S\u00e9rie B, peso 1. Dessa forma os clubes n\u00e3o teriam mais que 60 votos contra os 81 das federa\u00e7\u00f5es.<\/p>\n<p style=\"text-align:justify;\">Bom lembrar que Del Nero tem direito \u00e0 reelei\u00e7\u00e3o em 2023 por mais quatro anos \u2013 at\u00e9 2027, quando completaria dez anos de mandato no comando da CBF. Como ele controla as 27 federa\u00e7\u00f5es e s\u00e3o elas que t\u00eam poder para eleger o presidente,\u00a0<a href=\"http:\/\/www.chuteirafc.com.br\/entenda-o-golpe-da-cbf-nos-clubes\/\">Del Nero n\u00e3o sai do poder t\u00e3o cedo a n\u00e3o ser que os clubes provoquem uma rebeli\u00e3o<\/a>. Ali\u00e1s, acovardados at\u00e9 este momento, dificilmente v\u00e3o contestar o dirigente.<\/p>\n<p style=\"text-align:justify;\">Quem n\u00e3o engoliu esse golpe foi deputado Otavio Leite, que entrou nesta sexta-feira (31\/3) com uma\u00a0<a href=\"http:\/\/www.chuteirafc.com.br\/opiniao-eduardo-castro-convescote-da-cbf-contra-os-clubes\/\">representa\u00e7\u00e3o no Minist\u00e9rio P\u00fablico Federal do Rio de Janeiro (MPF-RJ) contra a CBF.<\/a>\u00a0Ele alega que os clubes n\u00e3o foram convocados para participar da assembleia administrativa da CBF, do \u00faltimo 23 de mar\u00e7o, que aprovou a mudan\u00e7a dos estatutos. O deputado diz que, por lei, os clubes deveriam ter participado da assembleia.<\/p>\n<p style=\"text-align:justify;\"><strong>TV GLOBO APLAUDE<\/strong><\/p>\n<p style=\"text-align:justify;\">Enquanto Del Nero e seus pares estendem suas teias e se livram dos inc\u00f4modos, a TV Globo surfa com os jogos da Sele\u00e7\u00e3o de Tite. A emissora bateu recorde de audi\u00eancia com a transmiss\u00e3o vit\u00f3ria do Brasil por 3 a 0 contra o Paraguai, ter\u00e7a-feira no Itaquer\u00e3o.<\/p>\n<p style=\"text-align:justify;\">O jogo rendeu \u00e0 emissora 38 pontos de m\u00e9dia e 55% de share em S\u00e3o Paulo \u2013 crescimento de 11 pontos (41%), comparando com a m\u00e9dia da faixa nas quatro ter\u00e7as-feiras anteriores. O n\u00famero de TVs ligadas cresceu 6 pontos (10%).<\/p>\n<p style=\"text-align:justify;\">Segundo dados oficiais da Globo, foi a maior audi\u00eancia em jogos da Sele\u00e7\u00e3o na capital paulista desde 12 de junho de 2014, quando havia registrado 38 pontos de m\u00e9dia e 67% de participa\u00e7\u00e3o com Brasil x Cro\u00e1cia (estreia do Brasil na Copa de 2014). Fora a Copa do Mundo, desde a final da Copa Libertadores de 2012 entre Corinthians e Boca Juniors, quando marcou 48 pontos de audi\u00eancia e 75% de participa\u00e7\u00e3o, a Globo n\u00e3o era agraciada com tamanha audi\u00eancia.<\/p>\n<p style=\"text-align:justify;\">No Rio, o jogo Brasil x Paraguai registrou 39 pontos de m\u00e9dia e 57% de participa\u00e7\u00e3o \u2013 crescimento de 10 pontos (34%). O n\u00famero de TVs ligadas cresceu 9 pontos (15%).<\/p>\n<p><img data-recalc-dims=\"1\" loading=\"lazy\" decoding=\"async\" class=\"wp-image-6365 size-medium alignright\" src=\"https:\/\/i0.wp.com\/www.chuteirafc.com.br\/wp-content\/uploads\/2017\/03\/a6qgv7x90pcad6hp6yft29omq-300x188.jpg?resize=300%2C188\" alt=\"a6qgv7x90pcad6hp6yft29omq\" width=\"300\" height=\"188\" \/>Debru\u00e7ada nesses n\u00fameros fabulosos e feliz da vida com Tite, a Globo parou de criticar Marco Polo Del Nero, alvo de editoriais do Jornal Nacional quando Dunga comandava a Sele\u00e7\u00e3o e Del Nero vivia sob a espada da Justi\u00e7a Americana. A audi\u00eancia do futebol brasileiro e dos jogos da Sele\u00e7\u00e3o despencavam. Sem falar do preju\u00edzo de ter comprado os direitos da Copa das Confedera\u00e7\u00f5es, em junho agora, na R\u00fassia, que n\u00e3o ter\u00e1 a participa\u00e7\u00e3o do Brasil.\u00a0<a href=\"http:\/\/www.chuteirafc.com.br\/analise-tite\/\">O time ent\u00e3o dirigido por Dunga n\u00e3o se classificou para esta competi\u00e7\u00e3o, uma pr\u00e9via da Copa do Mundo de 2018<\/a>.<\/p>\n<p style=\"text-align:justify;\">A emissora est\u00e1 de olho na renova\u00e7\u00e3o do contrato de transmiss\u00e3o dos jogos amistosos da Sele\u00e7\u00e3o. O contrato venceu em dezembro de 2016 e a CBF, interessada em faturar mais de R$ 6 milh\u00f5es por amistoso, n\u00e3o quer dar exclusividade \u00e0 Globo. Avalia se n\u00e3o \u00e9 mais vantajoso negociar com um pool de emissoras ou fazer as transmiss\u00f5es via Facebook e YouTube.<\/p>\n<p style=\"text-align:justify;\">Como se sabe, a Globo n\u00e3o admite perder o controle das transmiss\u00f5es do futebol brasileiro, em especial da Sele\u00e7\u00e3o. Ela tem os direitos exclusivos das Eliminat\u00f3rias e da Copa de 2018 na R\u00fassia e acordo fechado com a Fifa para a Copa de 2022 no Catar.<\/p>\n<p style=\"text-align:justify;\">Se sentir prejudicada na hora de fechar os contratos, a Globo, provavelmente, vai voltar a pancadaria para cima de Del Nero, sempre com muito cuidado para n\u00e3o respingar em Tite, at\u00e9 aqui o salvador da CBF e, claro, dos \u00edndices da emissora l\u00edder de audi\u00eancia do Brasil. Como na par\u00f3dia abaixo, Del Nero e Globo bem que poderiam cantar por a\u00ed \u201cTite, Eu Te Amo\u201d.<\/p>\n<p style=\"text-align:justify;\"><div class=\"jetpack-video-wrapper\"><span class=\"embed-youtube\" style=\"text-align:center; display: block;\"><iframe loading=\"lazy\" class=\"youtube-player\" width=\"940\" height=\"529\" src=\"https:\/\/www.youtube.com\/embed\/fz5zMSnKcoU?version=3&#038;rel=1&#038;showsearch=0&#038;showinfo=1&#038;iv_load_policy=1&#038;fs=1&#038;hl=pt-BR&#038;autohide=2&#038;wmode=transparent\" allowfullscreen=\"true\" style=\"border:0;\" sandbox=\"allow-scripts allow-same-origin allow-popups allow-presentation allow-popups-to-escape-sandbox\"><\/iframe><\/span><\/div><\/p>\n<p style=\"text-align:justify;\"><a href=\"http:\/\/www.chuteirafc.com.br\">(texto publicado no CHUTEIRA FC)<\/a><\/p>\n","protected":false},"excerpt":{"rendered":"<p>A CBF \u00e9 a maior beneficiada com a reviravolta da Sele\u00e7\u00e3o Brasileira, a primeira se classificar no campo [&hellip;]<\/p>\n","protected":false},"author":102107496,"featured_media":0,"comment_status":"open","ping_status":"open","sticky":false,"template":"","format":"standard","meta":{"_coblocks_attr":"","_coblocks_dimensions":"","_coblocks_responsive_height":"","_coblocks_accordion_ie_support":"","_jetpack_newsletter_access":"","_jetpack_dont_email_post_to_subs":false,"_jetpack_newsletter_tier_id":0,"_jetpack_memberships_contains_paywalled_content":false,"_wpcom_ai_launchpad_first_post":false,"_jetpack_feature_clip_id":0,"_jetpack_memberships_contains_paid_content":false,"footnotes":"","jetpack_publicize_message":"","jetpack_publicize_feature_enabled":true,"jetpack_social_post_already_shared":false,"jetpack_social_options":{"image_generator_settings":{"template":"highway","default_image_id":0,"font":"","enabled":false},"version":2},"jetpack_post_was_ever_published":false},"categories":[53870],"tags":[789560569,370476315,789560560,4029902,568250497,789560562,1814220,593539],"class_list":["post-35329","post","type-post","status-publish","format-standard","hentry","category-futebol","tag-cbf","tag-eliminatorias-da-copa-2018","tag-futebol","tag-marco-polo-del-nero","tag-mundial-de-russia","tag-selecao-brasileira","tag-tite","tag-tv-globo"],"yoast_head":"<!-- This site is optimized with the Yoast SEO plugin v28.4 - https:\/\/yoast.com\/product\/yoast-seo-wordpress\/ -->\n<title>CBF e Globo faturam alto com vit\u00f3rias da Sele\u00e7\u00e3o de Tite - PR\u00d3SPERI NEWS<\/title>\n<meta name=\"robots\" content=\"index, follow, max-snippet:-1, max-image-preview:large, max-video-preview:-1\" \/>\n<link rel=\"canonical\" href=\"https:\/\/blogdoprosperi.com\/?p=35329\" \/>\n<meta property=\"og:locale\" content=\"pt_BR\" \/>\n<meta property=\"og:type\" content=\"article\" \/>\n<meta property=\"og:title\" content=\"CBF e Globo faturam alto com vit\u00f3rias da Sele\u00e7\u00e3o de Tite - PR\u00d3SPERI NEWS\" \/>\n<meta property=\"og:description\" content=\"A CBF \u00e9 a maior beneficiada com a reviravolta da Sele\u00e7\u00e3o Brasileira, a primeira se classificar no campo [&hellip;]\" \/>\n<meta property=\"og:url\" content=\"https:\/\/blogdoprosperi.com\/?p=35329\" \/>\n<meta property=\"og:site_name\" content=\"PR\u00d3SPERI NEWS\" \/>\n<meta property=\"article:publisher\" content=\"Luiz Pr\u00f3speri\" \/>\n<meta property=\"article:author\" content=\"Luiz Pr\u00f3speri\" \/>\n<meta property=\"article:published_time\" content=\"2017-03-31T22:15:28+00:00\" \/>\n<meta property=\"article:modified_time\" content=\"2017-03-31T23:13:53+00:00\" \/>\n<meta property=\"og:image\" content=\"https:\/\/blogdoprosperi.com\/wp-content\/uploads\/2017\/03\/neymar-marca-e-brasil-no-duelo-contra-o-paraguai-em-itaquera-1490754927629_1024x768.jpg\" \/>\n<meta name=\"author\" content=\"Luiz Ant\u00f4nio Pr\u00f3speri\" \/>\n<meta name=\"twitter:card\" content=\"summary_large_image\" \/>\n<meta name=\"twitter:creator\" content=\"@Luizprosperi\" \/>\n<meta name=\"twitter:site\" content=\"@Luizprosperi\" \/>\n<meta name=\"twitter:label1\" content=\"Escrito por\" \/>\n\t<meta name=\"twitter:data1\" content=\"Luiz Ant\u00f4nio Pr\u00f3speri\" \/>\n\t<meta name=\"twitter:label2\" content=\"Est. tempo de leitura\" \/>\n\t<meta name=\"twitter:data2\" content=\"7 minutos\" \/>\n<script type=\"application\/ld+json\" class=\"yoast-schema-graph\">{\"@context\":\"https:\\\/\\\/schema.org\",\"@graph\":[{\"@type\":\"Article\",\"@id\":\"https:\\\/\\\/blogdoprosperi.com\\\/?p=35329#article\",\"isPartOf\":{\"@id\":\"https:\\\/\\\/blogdoprosperi.com\\\/?p=35329\"},\"author\":{\"name\":\"Luiz Ant\u00f4nio Pr\u00f3speri\",\"@id\":\"https:\\\/\\\/blogdoprosperi.com\\\/#\\\/schema\\\/person\\\/38100755ce3601861ee4fab9b5aa78e9\"},\"headline\":\"CBF e Globo faturam alto com vit\u00f3rias da Sele\u00e7\u00e3o de Tite\",\"datePublished\":\"2017-03-31T22:15:28+00:00\",\"dateModified\":\"2017-03-31T23:13:53+00:00\",\"mainEntityOfPage\":{\"@id\":\"https:\\\/\\\/blogdoprosperi.com\\\/?p=35329\"},\"wordCount\":1314,\"commentCount\":0,\"publisher\":{\"@id\":\"https:\\\/\\\/blogdoprosperi.com\\\/#\\\/schema\\\/person\\\/38100755ce3601861ee4fab9b5aa78e9\"},\"image\":{\"@id\":\"https:\\\/\\\/blogdoprosperi.com\\\/?p=35329#primaryimage\"},\"thumbnailUrl\":\"https:\\\/\\\/blogdoprosperi.com\\\/wp-content\\\/uploads\\\/2017\\\/03\\\/neymar-marca-e-brasil-no-duelo-contra-o-paraguai-em-itaquera-1490754927629_1024x768.jpg\",\"keywords\":[\"CBF\",\"Eliminat\u00f3rias da Copa 2018\",\"futebol\",\"Marco Polo Del Nero\",\"Mundial de R\u00fassia\",\"Sele\u00e7\u00e3o Brasileira\",\"Tite\",\"TV Globo\"],\"articleSection\":[\"futebol\"],\"inLanguage\":\"pt-BR\",\"potentialAction\":[{\"@type\":\"CommentAction\",\"name\":\"Comment\",\"target\":[\"https:\\\/\\\/blogdoprosperi.com\\\/?p=35329#respond\"]}]},{\"@type\":\"WebPage\",\"@id\":\"https:\\\/\\\/blogdoprosperi.com\\\/?p=35329\",\"url\":\"https:\\\/\\\/blogdoprosperi.com\\\/?p=35329\",\"name\":\"CBF e Globo faturam alto com vit\u00f3rias da Sele\u00e7\u00e3o de Tite - PR\u00d3SPERI NEWS\",\"isPartOf\":{\"@id\":\"https:\\\/\\\/blogdoprosperi.com\\\/#website\"},\"primaryImageOfPage\":{\"@id\":\"https:\\\/\\\/blogdoprosperi.com\\\/?p=35329#primaryimage\"},\"image\":{\"@id\":\"https:\\\/\\\/blogdoprosperi.com\\\/?p=35329#primaryimage\"},\"thumbnailUrl\":\"https:\\\/\\\/blogdoprosperi.com\\\/wp-content\\\/uploads\\\/2017\\\/03\\\/neymar-marca-e-brasil-no-duelo-contra-o-paraguai-em-itaquera-1490754927629_1024x768.jpg\",\"datePublished\":\"2017-03-31T22:15:28+00:00\",\"dateModified\":\"2017-03-31T23:13:53+00:00\",\"breadcrumb\":{\"@id\":\"https:\\\/\\\/blogdoprosperi.com\\\/?p=35329#breadcrumb\"},\"inLanguage\":\"pt-BR\",\"potentialAction\":[{\"@type\":\"ReadAction\",\"target\":[\"https:\\\/\\\/blogdoprosperi.com\\\/?p=35329\"]}]},{\"@type\":\"ImageObject\",\"inLanguage\":\"pt-BR\",\"@id\":\"https:\\\/\\\/blogdoprosperi.com\\\/?p=35329#primaryimage\",\"url\":\"https:\\\/\\\/i0.wp.com\\\/blogdoprosperi.com\\\/wp-content\\\/uploads\\\/2017\\\/03\\\/neymar-marca-e-brasil-no-duelo-contra-o-paraguai-em-itaquera-1490754927629_1024x768.jpg?fit=1024%2C768&ssl=1\",\"contentUrl\":\"https:\\\/\\\/i0.wp.com\\\/blogdoprosperi.com\\\/wp-content\\\/uploads\\\/2017\\\/03\\\/neymar-marca-e-brasil-no-duelo-contra-o-paraguai-em-itaquera-1490754927629_1024x768.jpg?fit=1024%2C768&ssl=1\",\"width\":1024,\"height\":768},{\"@type\":\"BreadcrumbList\",\"@id\":\"https:\\\/\\\/blogdoprosperi.com\\\/?p=35329#breadcrumb\",\"itemListElement\":[{\"@type\":\"ListItem\",\"position\":1,\"name\":\"In\u00edcio\",\"item\":\"https:\\\/\\\/blogdoprosperi.com\\\/\"},{\"@type\":\"ListItem\",\"position\":2,\"name\":\"CBF e Globo faturam alto com vit\u00f3rias da Sele\u00e7\u00e3o de Tite\"}]},{\"@type\":\"WebSite\",\"@id\":\"https:\\\/\\\/blogdoprosperi.com\\\/#website\",\"url\":\"https:\\\/\\\/blogdoprosperi.com\\\/\",\"name\":\"PR\u00d3SPERI NEWS\",\"description\":\"TUDO \u00c9  FUTEBOL\",\"publisher\":{\"@id\":\"https:\\\/\\\/blogdoprosperi.com\\\/#\\\/schema\\\/person\\\/38100755ce3601861ee4fab9b5aa78e9\"},\"alternateName\":\"blogdoprosperi.com\",\"potentialAction\":[{\"@type\":\"SearchAction\",\"target\":{\"@type\":\"EntryPoint\",\"urlTemplate\":\"https:\\\/\\\/blogdoprosperi.com\\\/?s={search_term_string}\"},\"query-input\":{\"@type\":\"PropertyValueSpecification\",\"valueRequired\":true,\"valueName\":\"search_term_string\"}}],\"inLanguage\":\"pt-BR\"},{\"@type\":[\"Person\",\"Organization\"],\"@id\":\"https:\\\/\\\/blogdoprosperi.com\\\/#\\\/schema\\\/person\\\/38100755ce3601861ee4fab9b5aa78e9\",\"name\":\"Luiz Ant\u00f4nio Pr\u00f3speri\",\"pronouns\":\"ele\",\"image\":{\"@type\":\"ImageObject\",\"inLanguage\":\"pt-BR\",\"@id\":\"https:\\\/\\\/i0.wp.com\\\/blogdoprosperi.com\\\/wp-content\\\/uploads\\\/2026\\\/05\\\/cropped-8059e613-6002-42fa-961e-8e275f575d71-2-5.jpg?fit=1360%2C931&ssl=1\",\"url\":\"https:\\\/\\\/i0.wp.com\\\/blogdoprosperi.com\\\/wp-content\\\/uploads\\\/2026\\\/05\\\/cropped-8059e613-6002-42fa-961e-8e275f575d71-2-5.jpg?fit=1360%2C931&ssl=1\",\"contentUrl\":\"https:\\\/\\\/i0.wp.com\\\/blogdoprosperi.com\\\/wp-content\\\/uploads\\\/2026\\\/05\\\/cropped-8059e613-6002-42fa-961e-8e275f575d71-2-5.jpg?fit=1360%2C931&ssl=1\",\"width\":1360,\"height\":931,\"caption\":\"Luiz Ant\u00f4nio Pr\u00f3speri\"},\"logo\":{\"@id\":\"https:\\\/\\\/i0.wp.com\\\/blogdoprosperi.com\\\/wp-content\\\/uploads\\\/2026\\\/05\\\/cropped-8059e613-6002-42fa-961e-8e275f575d71-2-5.jpg?fit=1360%2C931&ssl=1\"},\"description\":\"Jornalista com carreira dedicada ao esporte. Cobriu 9 Copas do Mundo in loco, 1990 na It\u00e1lia, 1994 nos EUA, 1998 na Fran\u00e7a, 2002 na Coreia do Sul e Jap\u00e3o, 2006 na Alemanha, 2010 na \u00c1frica do Sul, 2014 no Brasil, 2018 na R\u00fassia e 2022 no Qatar. Eurocopas, 1992 na Su\u00e9cia e 1996 na Inglaterra. Copa das Confedera\u00e7\u00f5es de 2005 na Alemanha e 2009 na \u00c1frica do Sul. Rep\u00f3rter e Editor, trabalhou no Jornal da Tarde e Estad\u00e3o, de 1984 a fevereiro de 2016. Colunista, blogueiro. E comentarista de futebol na R\u00e1dio Estad\u00e3o, de 2013 a fevereiro de 2016. Jornalista respons\u00e1vel do \\\"Pr\u00f3speri News\\\" (blogdoprosperi.com).\",\"sameAs\":[\"http:\\\/\\\/blogdoprosperi.com\",\"Luiz Pr\u00f3speri\",\"@luiz_prosperi\",\"https:\\\/\\\/x.com\\\/Luizprosperi\",\"@prosperinacopa\",\"luiz.prosperi@icloud.com\"],\"url\":\"https:\\\/\\\/blogdoprosperi.com\\\/?author=102107496\"}]}<\/script>\n<!-- \/ Yoast SEO plugin. -->","yoast_head_json":{"title":"CBF e Globo faturam alto com vit\u00f3rias da Sele\u00e7\u00e3o de Tite - PR\u00d3SPERI NEWS","robots":{"index":"index","follow":"follow","max-snippet":"max-snippet:-1","max-image-preview":"max-image-preview:large","max-video-preview":"max-video-preview:-1"},"canonical":"https:\/\/blogdoprosperi.com\/?p=35329","og_locale":"pt_BR","og_type":"article","og_title":"CBF e Globo faturam alto com vit\u00f3rias da Sele\u00e7\u00e3o de Tite - PR\u00d3SPERI NEWS","og_description":"A CBF \u00e9 a maior beneficiada com a reviravolta da Sele\u00e7\u00e3o Brasileira, a primeira se classificar no campo [&hellip;]","og_url":"https:\/\/blogdoprosperi.com\/?p=35329","og_site_name":"PR\u00d3SPERI NEWS","article_publisher":"Luiz Pr\u00f3speri","article_author":"Luiz Pr\u00f3speri","article_published_time":"2017-03-31T22:15:28+00:00","article_modified_time":"2017-03-31T23:13:53+00:00","og_image":[{"url":"https:\/\/blogdoprosperi.com\/wp-content\/uploads\/2017\/03\/neymar-marca-e-brasil-no-duelo-contra-o-paraguai-em-itaquera-1490754927629_1024x768.jpg","type":"","width":"","height":""}],"author":"Luiz Ant\u00f4nio Pr\u00f3speri","twitter_card":"summary_large_image","twitter_creator":"@Luizprosperi","twitter_site":"@Luizprosperi","twitter_misc":{"Escrito por":"Luiz Ant\u00f4nio Pr\u00f3speri","Est. tempo de leitura":"7 minutos"},"schema":{"@context":"https:\/\/schema.org","@graph":[{"@type":"Article","@id":"https:\/\/blogdoprosperi.com\/?p=35329#article","isPartOf":{"@id":"https:\/\/blogdoprosperi.com\/?p=35329"},"author":{"name":"Luiz Ant\u00f4nio Pr\u00f3speri","@id":"https:\/\/blogdoprosperi.com\/#\/schema\/person\/38100755ce3601861ee4fab9b5aa78e9"},"headline":"CBF e Globo faturam alto com vit\u00f3rias da Sele\u00e7\u00e3o de Tite","datePublished":"2017-03-31T22:15:28+00:00","dateModified":"2017-03-31T23:13:53+00:00","mainEntityOfPage":{"@id":"https:\/\/blogdoprosperi.com\/?p=35329"},"wordCount":1314,"commentCount":0,"publisher":{"@id":"https:\/\/blogdoprosperi.com\/#\/schema\/person\/38100755ce3601861ee4fab9b5aa78e9"},"image":{"@id":"https:\/\/blogdoprosperi.com\/?p=35329#primaryimage"},"thumbnailUrl":"https:\/\/blogdoprosperi.com\/wp-content\/uploads\/2017\/03\/neymar-marca-e-brasil-no-duelo-contra-o-paraguai-em-itaquera-1490754927629_1024x768.jpg","keywords":["CBF","Eliminat\u00f3rias da Copa 2018","futebol","Marco Polo Del Nero","Mundial de R\u00fassia","Sele\u00e7\u00e3o Brasileira","Tite","TV Globo"],"articleSection":["futebol"],"inLanguage":"pt-BR","potentialAction":[{"@type":"CommentAction","name":"Comment","target":["https:\/\/blogdoprosperi.com\/?p=35329#respond"]}]},{"@type":"WebPage","@id":"https:\/\/blogdoprosperi.com\/?p=35329","url":"https:\/\/blogdoprosperi.com\/?p=35329","name":"CBF e Globo faturam alto com vit\u00f3rias da Sele\u00e7\u00e3o de Tite - PR\u00d3SPERI NEWS","isPartOf":{"@id":"https:\/\/blogdoprosperi.com\/#website"},"primaryImageOfPage":{"@id":"https:\/\/blogdoprosperi.com\/?p=35329#primaryimage"},"image":{"@id":"https:\/\/blogdoprosperi.com\/?p=35329#primaryimage"},"thumbnailUrl":"https:\/\/blogdoprosperi.com\/wp-content\/uploads\/2017\/03\/neymar-marca-e-brasil-no-duelo-contra-o-paraguai-em-itaquera-1490754927629_1024x768.jpg","datePublished":"2017-03-31T22:15:28+00:00","dateModified":"2017-03-31T23:13:53+00:00","breadcrumb":{"@id":"https:\/\/blogdoprosperi.com\/?p=35329#breadcrumb"},"inLanguage":"pt-BR","potentialAction":[{"@type":"ReadAction","target":["https:\/\/blogdoprosperi.com\/?p=35329"]}]},{"@type":"ImageObject","inLanguage":"pt-BR","@id":"https:\/\/blogdoprosperi.com\/?p=35329#primaryimage","url":"https:\/\/i0.wp.com\/blogdoprosperi.com\/wp-content\/uploads\/2017\/03\/neymar-marca-e-brasil-no-duelo-contra-o-paraguai-em-itaquera-1490754927629_1024x768.jpg?fit=1024%2C768&ssl=1","contentUrl":"https:\/\/i0.wp.com\/blogdoprosperi.com\/wp-content\/uploads\/2017\/03\/neymar-marca-e-brasil-no-duelo-contra-o-paraguai-em-itaquera-1490754927629_1024x768.jpg?fit=1024%2C768&ssl=1","width":1024,"height":768},{"@type":"BreadcrumbList","@id":"https:\/\/blogdoprosperi.com\/?p=35329#breadcrumb","itemListElement":[{"@type":"ListItem","position":1,"name":"In\u00edcio","item":"https:\/\/blogdoprosperi.com\/"},{"@type":"ListItem","position":2,"name":"CBF e Globo faturam alto com vit\u00f3rias da Sele\u00e7\u00e3o de Tite"}]},{"@type":"WebSite","@id":"https:\/\/blogdoprosperi.com\/#website","url":"https:\/\/blogdoprosperi.com\/","name":"PR\u00d3SPERI NEWS","description":"TUDO \u00c9  FUTEBOL","publisher":{"@id":"https:\/\/blogdoprosperi.com\/#\/schema\/person\/38100755ce3601861ee4fab9b5aa78e9"},"alternateName":"blogdoprosperi.com","potentialAction":[{"@type":"SearchAction","target":{"@type":"EntryPoint","urlTemplate":"https:\/\/blogdoprosperi.com\/?s={search_term_string}"},"query-input":{"@type":"PropertyValueSpecification","valueRequired":true,"valueName":"search_term_string"}}],"inLanguage":"pt-BR"},{"@type":["Person","Organization"],"@id":"https:\/\/blogdoprosperi.com\/#\/schema\/person\/38100755ce3601861ee4fab9b5aa78e9","name":"Luiz Ant\u00f4nio Pr\u00f3speri","pronouns":"ele","image":{"@type":"ImageObject","inLanguage":"pt-BR","@id":"https:\/\/i0.wp.com\/blogdoprosperi.com\/wp-content\/uploads\/2026\/05\/cropped-8059e613-6002-42fa-961e-8e275f575d71-2-5.jpg?fit=1360%2C931&ssl=1","url":"https:\/\/i0.wp.com\/blogdoprosperi.com\/wp-content\/uploads\/2026\/05\/cropped-8059e613-6002-42fa-961e-8e275f575d71-2-5.jpg?fit=1360%2C931&ssl=1","contentUrl":"https:\/\/i0.wp.com\/blogdoprosperi.com\/wp-content\/uploads\/2026\/05\/cropped-8059e613-6002-42fa-961e-8e275f575d71-2-5.jpg?fit=1360%2C931&ssl=1","width":1360,"height":931,"caption":"Luiz Ant\u00f4nio Pr\u00f3speri"},"logo":{"@id":"https:\/\/i0.wp.com\/blogdoprosperi.com\/wp-content\/uploads\/2026\/05\/cropped-8059e613-6002-42fa-961e-8e275f575d71-2-5.jpg?fit=1360%2C931&ssl=1"},"description":"Jornalista com carreira dedicada ao esporte. Cobriu 9 Copas do Mundo in loco, 1990 na It\u00e1lia, 1994 nos EUA, 1998 na Fran\u00e7a, 2002 na Coreia do Sul e Jap\u00e3o, 2006 na Alemanha, 2010 na \u00c1frica do Sul, 2014 no Brasil, 2018 na R\u00fassia e 2022 no Qatar. Eurocopas, 1992 na Su\u00e9cia e 1996 na Inglaterra. Copa das Confedera\u00e7\u00f5es de 2005 na Alemanha e 2009 na \u00c1frica do Sul. Rep\u00f3rter e Editor, trabalhou no Jornal da Tarde e Estad\u00e3o, de 1984 a fevereiro de 2016. Colunista, blogueiro. E comentarista de futebol na R\u00e1dio Estad\u00e3o, de 2013 a fevereiro de 2016. Jornalista respons\u00e1vel do \"Pr\u00f3speri News\" (blogdoprosperi.com).","sameAs":["http:\/\/blogdoprosperi.com","Luiz Pr\u00f3speri","@luiz_prosperi","https:\/\/x.com\/Luizprosperi","@prosperinacopa","luiz.prosperi@icloud.com"],"url":"https:\/\/blogdoprosperi.com\/?author=102107496"}]}},"jetpack_publicize_connections":[],"jetpack_likes_enabled":false,"jetpack_sharing_enabled":true,"jetpack_shortlink":"https:\/\/wp.me\/p7jvdk-9bP","jetpack-related-posts":[{"id":10867,"url":"https:\/\/blogdoprosperi.com\/?p=10867","url_meta":{"origin":35329,"position":0},"title":"Corinthians se sente tra\u00eddo por Tite e presidente rompe com a CBF","author":"Luiz Ant\u00f4nio Pr\u00f3speri","date":"15 de junho de 2016","format":false,"excerpt":"Roberto Andrade, presidente do \u00a0Corinthians, n\u00e3o explicou na entrevista coletiva desta quarta-feita o motivo de ter ficado surpreso com a decis\u00e3o de Tite assumir a Sele\u00e7\u00e3o Brasileira. \"Fiquei sabendo h\u00e1 duas horas pelo pr\u00f3prio Tite, fui surpreendido\", disse Andrade, muito irritado, por volta das 18h. A pergunta: Tite passou tr\u00eas\u2026","rel":"","context":"Em &quot;futebol&quot;","block_context":{"text":"futebol","link":"https:\/\/blogdoprosperi.com\/?cat=53870"},"img":{"alt_text":"","src":"https:\/\/i0.wp.com\/blogdoprosperi.com\/wp-content\/uploads\/2016\/06\/corinthians-edu-gaspar-tite-fotoarena.jpg?resize=350%2C200&ssl=1","width":350,"height":200,"srcset":"https:\/\/i0.wp.com\/blogdoprosperi.com\/wp-content\/uploads\/2016\/06\/corinthians-edu-gaspar-tite-fotoarena.jpg?resize=350%2C200&ssl=1 1x, https:\/\/i0.wp.com\/blogdoprosperi.com\/wp-content\/uploads\/2016\/06\/corinthians-edu-gaspar-tite-fotoarena.jpg?resize=525%2C300&ssl=1 1.5x, https:\/\/i0.wp.com\/blogdoprosperi.com\/wp-content\/uploads\/2016\/06\/corinthians-edu-gaspar-tite-fotoarena.jpg?resize=700%2C400&ssl=1 2x, https:\/\/i0.wp.com\/blogdoprosperi.com\/wp-content\/uploads\/2016\/06\/corinthians-edu-gaspar-tite-fotoarena.jpg?resize=1050%2C600&ssl=1 3x, https:\/\/i0.wp.com\/blogdoprosperi.com\/wp-content\/uploads\/2016\/06\/corinthians-edu-gaspar-tite-fotoarena.jpg?resize=1400%2C800&ssl=1 4x"},"classes":[]},{"id":802,"url":"https:\/\/blogdoprosperi.com\/?p=802","url_meta":{"origin":35329,"position":1},"title":"Sele\u00e7\u00e3o Brasileira est\u00e1 sem rumo","author":"Luiz Ant\u00f4nio Pr\u00f3speri","date":"9 de abril de 2016","format":false,"excerpt":"Gilmar Rinaldi e Dunga, felizes da vida no comando da Sele\u00e7\u00e3o \u2013 \u00a0Foto Mowa Press\u00a0 Barcelona n\u00e3o cede Neymar para a Copa Am\u00e9rica Centen\u00e1rio nos Estados Unidos,\u00a0Tite diz n\u00e3o \u00e0 CBF e Dunga e Gilmar Rinaldi desprezam cria\u00e7\u00e3o de academias de futebol que revolucionaram o futebol na Alemanha. Estacionada na\u2026","rel":"","context":"Em &quot;futebol&quot;","block_context":{"text":"futebol","link":"https:\/\/blogdoprosperi.com\/?cat=53870"},"img":{"alt_text":"dunga-gilmarrinaldi-mowa","src":"https:\/\/i0.wp.com\/blogdoprosperi.com\/wp-content\/uploads\/2016\/03\/dunga-gilmarrinaldi-mowa.jpg?resize=350%2C200&ssl=1","width":350,"height":200,"srcset":"https:\/\/i0.wp.com\/blogdoprosperi.com\/wp-content\/uploads\/2016\/03\/dunga-gilmarrinaldi-mowa.jpg?resize=350%2C200&ssl=1 1x, https:\/\/i0.wp.com\/blogdoprosperi.com\/wp-content\/uploads\/2016\/03\/dunga-gilmarrinaldi-mowa.jpg?resize=525%2C300&ssl=1 1.5x"},"classes":[]},{"id":10802,"url":"https:\/\/blogdoprosperi.com\/?p=10802","url_meta":{"origin":35329,"position":2},"title":"Tite n\u00e3o contesta Del Nero e exige autonomia total para ocupar lugar de Dunga na Sele\u00e7\u00e3o","author":"Luiz Ant\u00f4nio Pr\u00f3speri","date":"15 de junho de 2016","format":false,"excerpt":"Quem se re\u00fane por tr\u00eas horas com um dirigente de futebol n\u00e3o est\u00e1 preocupado com a idoneidade do interlocutor. Tite esteve com Marco Polo Del Nero, presidente da CBF, nesta noite de ter\u00e7a-feira \u00a0(14\/6) na sede da entidade, tratando das condi\u00e7\u00f5es para assumir a Sele\u00e7\u00e3o Brasileira. O ainda t\u00e9cnico do\u2026","rel":"","context":"Em &quot;futebol&quot;","block_context":{"text":"futebol","link":"https:\/\/blogdoprosperi.com\/?cat=53870"},"img":{"alt_text":"","src":"https:\/\/i0.wp.com\/blogdoprosperi.com\/wp-content\/uploads\/2016\/06\/a3055f102483.jpg?resize=350%2C200","width":350,"height":200},"classes":[]},{"id":39482,"url":"https:\/\/blogdoprosperi.com\/?p=39482","url_meta":{"origin":35329,"position":3},"title":"Tite deixa Sele\u00e7\u00e3o Brasileira e imprensa esportiva perde poder na sucess\u00e3o do imp\u00e9rio","author":"Luiz Ant\u00f4nio Pr\u00f3speri","date":"13 de setembro de 2022","format":false,"excerpt":"Sucess\u00e3o de Tite na Sele\u00e7\u00e3o est\u00e1 aberta. Imprensa esportiva, antes muito forte, perde poder na indica\u00e7\u00e3o do novo t\u00e9cnico","rel":"","context":"Em &quot;catar 2022&quot;","block_context":{"text":"catar 2022","link":"https:\/\/blogdoprosperi.com\/?cat=47094043"},"img":{"alt_text":"Ingresso dos jogos da Sele\u00e7\u00e3o custa caro","src":"https:\/\/i0.wp.com\/blogdoprosperi.com\/wp-content\/uploads\/2017\/09\/20170901004003_59a8d6934647d.jpg?fit=1200%2C799&ssl=1&resize=350%2C200","width":350,"height":200,"srcset":"https:\/\/i0.wp.com\/blogdoprosperi.com\/wp-content\/uploads\/2017\/09\/20170901004003_59a8d6934647d.jpg?fit=1200%2C799&ssl=1&resize=350%2C200 1x, https:\/\/i0.wp.com\/blogdoprosperi.com\/wp-content\/uploads\/2017\/09\/20170901004003_59a8d6934647d.jpg?fit=1200%2C799&ssl=1&resize=525%2C300 1.5x, https:\/\/i0.wp.com\/blogdoprosperi.com\/wp-content\/uploads\/2017\/09\/20170901004003_59a8d6934647d.jpg?fit=1200%2C799&ssl=1&resize=700%2C400 2x, https:\/\/i0.wp.com\/blogdoprosperi.com\/wp-content\/uploads\/2017\/09\/20170901004003_59a8d6934647d.jpg?fit=1200%2C799&ssl=1&resize=1050%2C600 3x"},"classes":[]},{"id":10640,"url":"https:\/\/blogdoprosperi.com\/?p=10640","url_meta":{"origin":35329,"position":4},"title":"O que muda na Sele\u00e7\u00e3o Brasileira com a troca de Dunga por Tite","author":"Luiz Ant\u00f4nio Pr\u00f3speri","date":"14 de junho de 2016","format":false,"excerpt":"Marco Polo Del Nero repete com a demiss\u00e3o de Dunga e seus assessores, confirmada na tarde desta ter\u00e7a-feira (14\/6), a mesma pr\u00e1tica de seus antecessores. Diante de fracassos contundentes e desastres da Sele\u00e7\u00e3o Brasileira, manda o treinador embora e o substitui por aquele que \u00e9, no momento, unanimidade nacional. Nada\u2026","rel":"","context":"Em &quot;futebol&quot;","block_context":{"text":"futebol","link":"https:\/\/blogdoprosperi.com\/?cat=53870"},"img":{"alt_text":"","src":"https:\/\/i0.wp.com\/blogdoprosperi.com\/wp-content\/uploads\/2016\/06\/neymar.jpg?resize=350%2C200&ssl=1","width":350,"height":200,"srcset":"https:\/\/i0.wp.com\/blogdoprosperi.com\/wp-content\/uploads\/2016\/06\/neymar.jpg?resize=350%2C200&ssl=1 1x, https:\/\/i0.wp.com\/blogdoprosperi.com\/wp-content\/uploads\/2016\/06\/neymar.jpg?resize=525%2C300&ssl=1 1.5x"},"classes":[]},{"id":40442,"url":"https:\/\/blogdoprosperi.com\/?p=40442","url_meta":{"origin":35329,"position":5},"title":"CBF escolhe sucessor de Tite s\u00f3 em janeiro","author":"Luiz Ant\u00f4nio Pr\u00f3speri","date":"9 de dezembro de 2022","format":false,"excerpt":"Ednaldo Rodrigues, presidente da CBF, aguarda at\u00e9 janeiro para definir sucessor de Tite na Sele\u00e7\u00e3o Brasileira","rel":"","context":"Em &quot;copa do mundo catar 2022&quot;","block_context":{"text":"copa do mundo catar 2022","link":"https:\/\/blogdoprosperi.com\/?cat=301049609"},"img":{"alt_text":"","src":"https:\/\/i0.wp.com\/blogdoprosperi.com\/wp-content\/uploads\/2022\/12\/pbpuyf_e.jpeg?fit=1200%2C800&ssl=1&resize=350%2C200","width":350,"height":200,"srcset":"https:\/\/i0.wp.com\/blogdoprosperi.com\/wp-content\/uploads\/2022\/12\/pbpuyf_e.jpeg?fit=1200%2C800&ssl=1&resize=350%2C200 1x, https:\/\/i0.wp.com\/blogdoprosperi.com\/wp-content\/uploads\/2022\/12\/pbpuyf_e.jpeg?fit=1200%2C800&ssl=1&resize=525%2C300 1.5x, https:\/\/i0.wp.com\/blogdoprosperi.com\/wp-content\/uploads\/2022\/12\/pbpuyf_e.jpeg?fit=1200%2C800&ssl=1&resize=700%2C400 2x, https:\/\/i0.wp.com\/blogdoprosperi.com\/wp-content\/uploads\/2022\/12\/pbpuyf_e.jpeg?fit=1200%2C800&ssl=1&resize=1050%2C600 3x"},"classes":[]}],"jetpack_featured_media_url":"","_links":{"self":[{"href":"https:\/\/blogdoprosperi.com\/index.php?rest_route=\/wp\/v2\/posts\/35329","targetHints":{"allow":["GET"]}}],"collection":[{"href":"https:\/\/blogdoprosperi.com\/index.php?rest_route=\/wp\/v2\/posts"}],"about":[{"href":"https:\/\/blogdoprosperi.com\/index.php?rest_route=\/wp\/v2\/types\/post"}],"author":[{"embeddable":true,"href":"https:\/\/blogdoprosperi.com\/index.php?rest_route=\/wp\/v2\/users\/102107496"}],"replies":[{"embeddable":true,"href":"https:\/\/blogdoprosperi.com\/index.php?rest_route=%2Fwp%2Fv2%2Fcomments&post=35329"}],"version-history":[{"count":19,"href":"https:\/\/blogdoprosperi.com\/index.php?rest_route=\/wp\/v2\/posts\/35329\/revisions"}],"predecessor-version":[{"id":35347,"href":"https:\/\/blogdoprosperi.com\/index.php?rest_route=\/wp\/v2\/posts\/35329\/revisions\/35347"}],"wp:attachment":[{"href":"https:\/\/blogdoprosperi.com\/index.php?rest_route=%2Fwp%2Fv2%2Fmedia&parent=35329"}],"wp:term":[{"taxonomy":"category","embeddable":true,"href":"https:\/\/blogdoprosperi.com\/index.php?rest_route=%2Fwp%2Fv2%2Fcategories&post=35329"},{"taxonomy":"post_tag","embeddable":true,"href":"https:\/\/blogdoprosperi.com\/index.php?rest_route=%2Fwp%2Fv2%2Ftags&post=35329"}],"curies":[{"name":"wp","href":"https:\/\/api.w.org\/{rel}","templated":true}]}}