{"id":35400,"date":"2017-04-02T22:07:29","date_gmt":"2017-04-03T01:07:29","guid":{"rendered":"http:\/\/blogdoprosperi.com\/?p=35400"},"modified":"2017-04-02T22:07:30","modified_gmt":"2017-04-03T01:07:30","slug":"sao-paulo-vence-sem-sofrer-e-palmeiras-mostra-forca-de-favorito","status":"publish","type":"post","link":"https:\/\/blogdoprosperi.com\/?p=35400","title":{"rendered":"S\u00e3o Paulo vence sem sofrer e Palmeiras mostra for\u00e7a de favorito"},"content":{"rendered":"<div class=\"post-content\">\n<p><img data-recalc-dims=\"1\" loading=\"lazy\" decoding=\"async\" class=\"wp-image-6471 size-full\" src=\"https:\/\/i0.wp.com\/www.chuteirafc.com.br\/wp-content\/uploads\/2017\/04\/622_ea2d7bc4-94c4-3b07-8665-3eb91fe34b67.jpg?resize=622%2C350\" alt=\"622_ea2d7bc4-94c4-3b07-8665-3eb91fe34b67\" width=\"622\" height=\"350\" \/><\/p>\n<p>S\u00e3o Paulo e Palmeiras, bem diferente do que apresentaram Santos e Corinthians no s\u00e1bado, encaminharam a vaga \u00e0s\u00a0<a href=\"http:\/\/www.chuteirafc.com.br\/santos-e-corinthians-em-sono-profundo\/\">semifinais do Paulist\u00e3o 2017<\/a>. Cumpriram com a obriga\u00e7\u00e3o com as vit\u00f3rias em cima do Linense e Novorizontino neste domingo (02\/4). Nada de assombroso, apenas honestos com suas torcidas. Jogaram no n\u00edvel que se tem visto at\u00e9 aqui nos Estaduais.<\/p>\n<p>Em Novo Horizonte, o Palmeiras sofreu um bocado no primeiro tempo ao propor um jogo franco e ser surpreendido com alta velocidade do advers\u00e1rio na sa\u00edda aos contra-ataques. O dono da casa rasgou o campo inimigo logo ao cinco minutos, com direito a gol perdido por Everaldo, e marcou com Roberto, aos 11.<\/p>\n<p>Depois desse baque, o time de Eduardo Baptista demorou para se reorganizar. Ansioso e precipitado na hora de tomar as decis\u00f5es, se reencontrou quando passou a trocar passes, sem alongar a bola em busca de Borja. Restabeleceu a hierarquia com o gol de empate de Dudu, aos 38, e fez o Novorizontino sofrer at\u00e9 o final.<\/p>\n<p>Na volta do segundo tempo, o time do interior repetiu a dose com a mesma intensidade do in\u00edcio da partida, sempre puxado por Roberto na ponta-direita. N\u00e3o teve for\u00e7a para manter o ritmo e levou a virada com Borja, aos 12, e caiu inerte ao Roger Guedes marcar o terceiro, aos 44.<\/p>\n<p>O que fica de li\u00e7\u00e3o ao Palmeiras \u00e9 a fragilidade defensiva no setor esquerdo. Eg\u00eddio, assim como Z\u00e9 Roberto, s\u00e3o envolvidos com extrema facilidade quando encontram atacantes velocistas pela frente. Eduardo Baptista ainda n\u00e3o encontrou um jeito de fazer a cobertura do lateral no setor esquerdo, nem mesmo quando Vitor Hugo joga. Esse ponto fr\u00e1gil do time pode ser explorado pelos advers\u00e1rios na fase aguda do campeonato.<\/p>\n<div class=\"jetpack-video-wrapper\"><span class=\"embed-youtube\" style=\"text-align:center; display: block;\"><iframe loading=\"lazy\" class=\"youtube-player\" width=\"940\" height=\"529\" src=\"https:\/\/www.youtube.com\/embed\/VG3_l6qOIvI?version=3&#038;rel=1&#038;showsearch=0&#038;showinfo=1&#038;iv_load_policy=1&#038;fs=1&#038;hl=pt-BR&#038;autohide=2&#038;wmode=transparent\" allowfullscreen=\"true\" style=\"border:0;\" sandbox=\"allow-scripts allow-same-origin allow-popups allow-presentation allow-popups-to-escape-sandbox\"><\/iframe><\/span><\/div>\n<p>De boa not\u00edcia a Baptista, o bom desempenho de Borja, cada vez mais adaptado ao futebol brasileiro. Frio, sempre pensando na frente dos marcadores, fez quase tudo certo em Novo Horizonte.<\/p>\n<p>E a m\u00e1 not\u00edcia, a expuls\u00e3o de Roger Guedes, punido por comemorar o gol subindo no alambrado. Est\u00e1 na regra que n\u00e3o pode, mas o \u00e1rbitro Flavio de Oliveira n\u00e3o levaria um pux\u00e3o de orelhas se n\u00e3o desse o cart\u00e3o ao atacante do Palmeiras.<\/p>\n<p>Sem Guedes e com a prov\u00e1vel volta de Z\u00e9 Roberto, o Palmeiras joga por um empate na pr\u00f3xima sexta-feira no Pacaembu. Apesar de brioso, Novorizontino vai ter de cavar muito a terra para buscar a vaga \u00e0s semifinais do Paulist\u00e3o. Precisa de dois gols de diferen\u00e7a, no m\u00ednimo, para decidir a classifica\u00e7\u00e3o nos p\u00eanaltis. \u00c9 bem prov\u00e1vel que Baptista possa poupar alguns titulares, de olho na partida contra o Pe\u00f1arol, dia 12, no Allianz Parque.<\/p>\n<p><strong>S\u00e3o Paulo sem sofrimento<\/strong><\/p>\n<p>No Morumbi, mesmo sem ter o mando de jogo, o S\u00e3o Paulo \u201cvisitante\u201d passou 90 minutos dentro do campo do Linense. Venceu apenas por 2 a 0 por falta de criatividade e ousadia. Fosse um pouco mais atrevido, inventivo, a goleada seria barbada. Como n\u00e3o tinha um bom articulador, com a aus\u00eancia do peruano Cueva, o time de Rogerio Ceni fez do bombardeio a\u00e9reo a sua arma preferida. Uma infinidade de cruzamentos que deram nos dois gols \u2013 um contra de Diego Felipe, em tentativa de Rodrigo Caio, e outro com Lucas Pratto, de cabe\u00e7a, em rebote da zaga.<\/p>\n<p><img data-recalc-dims=\"1\" loading=\"lazy\" decoding=\"async\" class=\"wp-image-6466 size-full\" src=\"https:\/\/i0.wp.com\/www.chuteirafc.com.br\/wp-content\/uploads\/2017\/04\/6674_crop_galeria.jpg?resize=800%2C515\" alt=\"6674_crop_galeria\" width=\"800\" height=\"515\" \/><\/p>\n<p>Ceni iniciou um jogo com uma forma\u00e7\u00e3o bem burocr\u00e1tica com Jucilei na cabe\u00e7a de \u00e1rea e dois meias com perfil de volante \u2013 Thiago Mendes e C\u00edcero \u2013 encarregados de levar a bola ao ataque. Como havia uma muralha pela frente com at\u00e9 10 jogadores do Linense, o Tricolor martelou muito pelas laterais para desmoronar a retranca. Tudo dentro da cartilha. Apenas no segundo tempo, quando vencia por 1 a 0, o novato treinador pensou em gol diferente com a estreia de Thomaz.<\/p>\n<p>De um jeito e de outro e com direito ao segundo gol no finalzinho da partida, o S\u00e3o Paulo cumpriu com sua obriga\u00e7\u00e3o. O Linense, n\u00e3o. Por decis\u00e3o do presidente do clube do interior, decis\u00e3o contestada pelos jogadores, o time \u201cmandou\u201d o jogo no Morumbi \u2013 regulamento do Paulist\u00e3o obrigava a jogar em Lins \u2013 e se preocupou apenas em se defender. De uma covardia exemplar. Caiu e agora tem de vencer por dois gols de diferen\u00e7a no m\u00ednimo para levar a decis\u00e3o aos p\u00eanaltis. Vai jogar agora sim como visitante no Morumbi no pr\u00f3ximo s\u00e1bado.<\/p>\n<p>Diz o presidente do Linense que precisava de receita, da\u00ed \u00a0jogar as duas partidas no est\u00e1dio do S\u00e3o Paulo. Conforme o combinado a renda l\u00edquida seria dividida entre os dois clubes. Com um p\u00fablico de 15.480 pagantes, a renda bruta foi de R$ 396.216,00 e a l\u00edquida, R$ 121.431.04. Assim o Linense teve direito a pouco mais de R$ 60 mil. Numa compara\u00e7\u00e3o simples, o clube faturou R$ 320 mil no jogo contra o Palmeiras na Fonte Luminosa, em Araraquara, que fica a 200km de Lins.<\/p>\n<p>\u201cSe eu falar que n\u00f3s (<em>jogadores<\/em>) concordamos com o presidente, estaria mentindo. Em Linas n\u00e3o perdemos nenhum e por isso chegamos \u00e0s quartas de final. Mas temos de acatar as ordens\u201d, disse o lateral Carleto ao final da partida.<\/p>\n<div class=\"jetpack-video-wrapper\"><span class=\"embed-youtube\" style=\"text-align:center; display: block;\"><iframe loading=\"lazy\" class=\"youtube-player\" width=\"940\" height=\"529\" src=\"https:\/\/www.youtube.com\/embed\/UFiTwBCiQNo?version=3&#038;rel=1&#038;showsearch=0&#038;showinfo=1&#038;iv_load_policy=1&#038;fs=1&#038;hl=pt-BR&#038;autohide=2&#038;wmode=transparent\" allowfullscreen=\"true\" style=\"border:0;\" sandbox=\"allow-scripts allow-same-origin allow-popups allow-presentation allow-popups-to-escape-sandbox\"><\/iframe><\/span><\/div>\n<\/div>\n<div class=\"fusion-meta-info\"><\/div>\n<div class=\"fusion-meta-info\"><a href=\"http:\/\/www.chuteirafc.com.br\">(texto publicado no CHUTEIRA FC)<\/a><\/div>\n","protected":false},"excerpt":{"rendered":"<p>S\u00e3o Paulo e Palmeiras, bem diferente do que apresentaram Santos e Corinthians no s\u00e1bado, encaminharam a vaga \u00e0s\u00a0semifinais [&hellip;]<\/p>\n","protected":false},"author":102107496,"featured_media":0,"comment_status":"open","ping_status":"open","sticky":false,"template":"","format":"standard","meta":{"_coblocks_attr":"","_coblocks_dimensions":"","_coblocks_responsive_height":"","_coblocks_accordion_ie_support":"","_jetpack_newsletter_access":"","_jetpack_dont_email_post_to_subs":false,"_jetpack_newsletter_tier_id":0,"_jetpack_memberships_contains_paywalled_content":false,"_wpcom_ai_launchpad_first_post":false,"_jetpack_feature_clip_id":0,"_jetpack_memberships_contains_paid_content":false,"footnotes":"","jetpack_publicize_message":"","jetpack_publicize_feature_enabled":true,"jetpack_social_post_already_shared":false,"jetpack_social_options":{"image_generator_settings":{"template":"highway","default_image_id":0,"font":"","enabled":false},"version":2},"jetpack_post_was_ever_published":false},"categories":[53870],"tags":[1022240,11006842,789560560,287104,488177245,26947488,1181872,1114917],"class_list":["post-35400","post","type-post","status-publish","format-standard","hentry","category-futebol","tag-borja","tag-eduardo-baptista","tag-futebol","tag-palmeiras","tag-paulistao-2017","tag-pratto","tag-rogerio-ceni","tag-spfc"],"yoast_head":"<!-- This site is optimized with the Yoast SEO plugin v28.3 - https:\/\/yoast.com\/product\/yoast-seo-wordpress\/ -->\n<title>S\u00e3o Paulo vence sem sofrer e Palmeiras mostra for\u00e7a de favorito - PR\u00d3SPERI NEWS<\/title>\n<meta name=\"robots\" content=\"index, follow, max-snippet:-1, max-image-preview:large, max-video-preview:-1\" \/>\n<link rel=\"canonical\" href=\"https:\/\/blogdoprosperi.com\/?p=35400\" \/>\n<meta property=\"og:locale\" content=\"pt_BR\" \/>\n<meta property=\"og:type\" content=\"article\" \/>\n<meta property=\"og:title\" content=\"S\u00e3o Paulo vence sem sofrer e Palmeiras mostra for\u00e7a de favorito - PR\u00d3SPERI NEWS\" \/>\n<meta property=\"og:description\" content=\"S\u00e3o Paulo e Palmeiras, bem diferente do que apresentaram Santos e Corinthians no s\u00e1bado, encaminharam a vaga \u00e0s\u00a0semifinais [&hellip;]\" \/>\n<meta property=\"og:url\" content=\"https:\/\/blogdoprosperi.com\/?p=35400\" \/>\n<meta property=\"og:site_name\" content=\"PR\u00d3SPERI NEWS\" \/>\n<meta property=\"article:publisher\" content=\"Luiz Pr\u00f3speri\" \/>\n<meta property=\"article:author\" content=\"Luiz Pr\u00f3speri\" \/>\n<meta property=\"article:published_time\" content=\"2017-04-03T01:07:29+00:00\" \/>\n<meta property=\"article:modified_time\" content=\"2017-04-03T01:07:30+00:00\" \/>\n<meta property=\"og:image\" content=\"http:\/\/www.chuteirafc.com.br\/wp-content\/uploads\/2017\/04\/622_ea2d7bc4-94c4-3b07-8665-3eb91fe34b67.jpg\" \/>\n<meta name=\"author\" content=\"Luiz Ant\u00f4nio Pr\u00f3speri\" \/>\n<meta name=\"twitter:card\" content=\"summary_large_image\" \/>\n<meta name=\"twitter:creator\" content=\"@Luizprosperi\" \/>\n<meta name=\"twitter:site\" content=\"@Luizprosperi\" \/>\n<meta name=\"twitter:label1\" content=\"Escrito por\" \/>\n\t<meta name=\"twitter:data1\" content=\"Luiz Ant\u00f4nio Pr\u00f3speri\" \/>\n\t<meta name=\"twitter:label2\" content=\"Est. tempo de leitura\" \/>\n\t<meta name=\"twitter:data2\" content=\"5 minutos\" \/>\n<script type=\"application\/ld+json\" class=\"yoast-schema-graph\">{\"@context\":\"https:\\\/\\\/schema.org\",\"@graph\":[{\"@type\":\"Article\",\"@id\":\"https:\\\/\\\/blogdoprosperi.com\\\/?p=35400#article\",\"isPartOf\":{\"@id\":\"https:\\\/\\\/blogdoprosperi.com\\\/?p=35400\"},\"author\":{\"name\":\"Luiz Ant\u00f4nio Pr\u00f3speri\",\"@id\":\"https:\\\/\\\/blogdoprosperi.com\\\/#\\\/schema\\\/person\\\/38100755ce3601861ee4fab9b5aa78e9\"},\"headline\":\"S\u00e3o Paulo vence sem sofrer e Palmeiras mostra for\u00e7a de favorito\",\"datePublished\":\"2017-04-03T01:07:29+00:00\",\"dateModified\":\"2017-04-03T01:07:30+00:00\",\"mainEntityOfPage\":{\"@id\":\"https:\\\/\\\/blogdoprosperi.com\\\/?p=35400\"},\"wordCount\":926,\"commentCount\":0,\"publisher\":{\"@id\":\"https:\\\/\\\/blogdoprosperi.com\\\/#\\\/schema\\\/person\\\/38100755ce3601861ee4fab9b5aa78e9\"},\"image\":{\"@id\":\"https:\\\/\\\/blogdoprosperi.com\\\/?p=35400#primaryimage\"},\"thumbnailUrl\":\"http:\\\/\\\/www.chuteirafc.com.br\\\/wp-content\\\/uploads\\\/2017\\\/04\\\/622_ea2d7bc4-94c4-3b07-8665-3eb91fe34b67.jpg\",\"keywords\":[\"Borja\",\"Eduardo Baptista\",\"futebol\",\"Palmeiras\",\"Paulist\u00e3o 2017\",\"Pratto\",\"Rog\u00e9rio Ceni\",\"SPFC\"],\"articleSection\":[\"futebol\"],\"inLanguage\":\"pt-BR\",\"potentialAction\":[{\"@type\":\"CommentAction\",\"name\":\"Comment\",\"target\":[\"https:\\\/\\\/blogdoprosperi.com\\\/?p=35400#respond\"]}]},{\"@type\":\"WebPage\",\"@id\":\"https:\\\/\\\/blogdoprosperi.com\\\/?p=35400\",\"url\":\"https:\\\/\\\/blogdoprosperi.com\\\/?p=35400\",\"name\":\"S\u00e3o Paulo vence sem sofrer e Palmeiras mostra for\u00e7a de favorito - PR\u00d3SPERI NEWS\",\"isPartOf\":{\"@id\":\"https:\\\/\\\/blogdoprosperi.com\\\/#website\"},\"primaryImageOfPage\":{\"@id\":\"https:\\\/\\\/blogdoprosperi.com\\\/?p=35400#primaryimage\"},\"image\":{\"@id\":\"https:\\\/\\\/blogdoprosperi.com\\\/?p=35400#primaryimage\"},\"thumbnailUrl\":\"http:\\\/\\\/www.chuteirafc.com.br\\\/wp-content\\\/uploads\\\/2017\\\/04\\\/622_ea2d7bc4-94c4-3b07-8665-3eb91fe34b67.jpg\",\"datePublished\":\"2017-04-03T01:07:29+00:00\",\"dateModified\":\"2017-04-03T01:07:30+00:00\",\"breadcrumb\":{\"@id\":\"https:\\\/\\\/blogdoprosperi.com\\\/?p=35400#breadcrumb\"},\"inLanguage\":\"pt-BR\",\"potentialAction\":[{\"@type\":\"ReadAction\",\"target\":[\"https:\\\/\\\/blogdoprosperi.com\\\/?p=35400\"]}]},{\"@type\":\"ImageObject\",\"inLanguage\":\"pt-BR\",\"@id\":\"https:\\\/\\\/blogdoprosperi.com\\\/?p=35400#primaryimage\",\"url\":\"http:\\\/\\\/www.chuteirafc.com.br\\\/wp-content\\\/uploads\\\/2017\\\/04\\\/622_ea2d7bc4-94c4-3b07-8665-3eb91fe34b67.jpg\",\"contentUrl\":\"http:\\\/\\\/www.chuteirafc.com.br\\\/wp-content\\\/uploads\\\/2017\\\/04\\\/622_ea2d7bc4-94c4-3b07-8665-3eb91fe34b67.jpg\"},{\"@type\":\"BreadcrumbList\",\"@id\":\"https:\\\/\\\/blogdoprosperi.com\\\/?p=35400#breadcrumb\",\"itemListElement\":[{\"@type\":\"ListItem\",\"position\":1,\"name\":\"In\u00edcio\",\"item\":\"https:\\\/\\\/blogdoprosperi.com\\\/\"},{\"@type\":\"ListItem\",\"position\":2,\"name\":\"S\u00e3o Paulo vence sem sofrer e Palmeiras mostra for\u00e7a de favorito\"}]},{\"@type\":\"WebSite\",\"@id\":\"https:\\\/\\\/blogdoprosperi.com\\\/#website\",\"url\":\"https:\\\/\\\/blogdoprosperi.com\\\/\",\"name\":\"PR\u00d3SPERI NEWS\",\"description\":\"TUDO \u00c9  FUTEBOL\",\"publisher\":{\"@id\":\"https:\\\/\\\/blogdoprosperi.com\\\/#\\\/schema\\\/person\\\/38100755ce3601861ee4fab9b5aa78e9\"},\"alternateName\":\"blogdoprosperi.com\",\"potentialAction\":[{\"@type\":\"SearchAction\",\"target\":{\"@type\":\"EntryPoint\",\"urlTemplate\":\"https:\\\/\\\/blogdoprosperi.com\\\/?s={search_term_string}\"},\"query-input\":{\"@type\":\"PropertyValueSpecification\",\"valueRequired\":true,\"valueName\":\"search_term_string\"}}],\"inLanguage\":\"pt-BR\"},{\"@type\":[\"Person\",\"Organization\"],\"@id\":\"https:\\\/\\\/blogdoprosperi.com\\\/#\\\/schema\\\/person\\\/38100755ce3601861ee4fab9b5aa78e9\",\"name\":\"Luiz Ant\u00f4nio Pr\u00f3speri\",\"pronouns\":\"ele\",\"image\":{\"@type\":\"ImageObject\",\"inLanguage\":\"pt-BR\",\"@id\":\"https:\\\/\\\/i0.wp.com\\\/blogdoprosperi.com\\\/wp-content\\\/uploads\\\/2026\\\/05\\\/cropped-8059e613-6002-42fa-961e-8e275f575d71-2-5.jpg?fit=1360%2C931&ssl=1\",\"url\":\"https:\\\/\\\/i0.wp.com\\\/blogdoprosperi.com\\\/wp-content\\\/uploads\\\/2026\\\/05\\\/cropped-8059e613-6002-42fa-961e-8e275f575d71-2-5.jpg?fit=1360%2C931&ssl=1\",\"contentUrl\":\"https:\\\/\\\/i0.wp.com\\\/blogdoprosperi.com\\\/wp-content\\\/uploads\\\/2026\\\/05\\\/cropped-8059e613-6002-42fa-961e-8e275f575d71-2-5.jpg?fit=1360%2C931&ssl=1\",\"width\":1360,\"height\":931,\"caption\":\"Luiz Ant\u00f4nio Pr\u00f3speri\"},\"logo\":{\"@id\":\"https:\\\/\\\/i0.wp.com\\\/blogdoprosperi.com\\\/wp-content\\\/uploads\\\/2026\\\/05\\\/cropped-8059e613-6002-42fa-961e-8e275f575d71-2-5.jpg?fit=1360%2C931&ssl=1\"},\"description\":\"Jornalista com carreira dedicada ao esporte. Cobriu 9 Copas do Mundo in loco, 1990 na It\u00e1lia, 1994 nos EUA, 1998 na Fran\u00e7a, 2002 na Coreia do Sul e Jap\u00e3o, 2006 na Alemanha, 2010 na \u00c1frica do Sul, 2014 no Brasil, 2018 na R\u00fassia e 2022 no Qatar. Eurocopas, 1992 na Su\u00e9cia e 1996 na Inglaterra. Copa das Confedera\u00e7\u00f5es de 2005 na Alemanha e 2009 na \u00c1frica do Sul. Rep\u00f3rter e Editor, trabalhou no Jornal da Tarde e Estad\u00e3o, de 1984 a fevereiro de 2016. Colunista, blogueiro. E comentarista de futebol na R\u00e1dio Estad\u00e3o, de 2013 a fevereiro de 2016. Jornalista respons\u00e1vel do \\\"Pr\u00f3speri News\\\" (blogdoprosperi.com).\",\"sameAs\":[\"http:\\\/\\\/blogdoprosperi.com\",\"Luiz Pr\u00f3speri\",\"@luiz_prosperi\",\"https:\\\/\\\/x.com\\\/Luizprosperi\",\"@prosperinacopa\",\"luiz.prosperi@icloud.com\"],\"url\":\"https:\\\/\\\/blogdoprosperi.com\\\/?author=102107496\"}]}<\/script>\n<!-- \/ Yoast SEO plugin. -->","yoast_head_json":{"title":"S\u00e3o Paulo vence sem sofrer e Palmeiras mostra for\u00e7a de favorito - PR\u00d3SPERI NEWS","robots":{"index":"index","follow":"follow","max-snippet":"max-snippet:-1","max-image-preview":"max-image-preview:large","max-video-preview":"max-video-preview:-1"},"canonical":"https:\/\/blogdoprosperi.com\/?p=35400","og_locale":"pt_BR","og_type":"article","og_title":"S\u00e3o Paulo vence sem sofrer e Palmeiras mostra for\u00e7a de favorito - PR\u00d3SPERI NEWS","og_description":"S\u00e3o Paulo e Palmeiras, bem diferente do que apresentaram Santos e Corinthians no s\u00e1bado, encaminharam a vaga \u00e0s\u00a0semifinais [&hellip;]","og_url":"https:\/\/blogdoprosperi.com\/?p=35400","og_site_name":"PR\u00d3SPERI NEWS","article_publisher":"Luiz Pr\u00f3speri","article_author":"Luiz Pr\u00f3speri","article_published_time":"2017-04-03T01:07:29+00:00","article_modified_time":"2017-04-03T01:07:30+00:00","og_image":[{"url":"http:\/\/www.chuteirafc.com.br\/wp-content\/uploads\/2017\/04\/622_ea2d7bc4-94c4-3b07-8665-3eb91fe34b67.jpg","type":"","width":"","height":""}],"author":"Luiz Ant\u00f4nio Pr\u00f3speri","twitter_card":"summary_large_image","twitter_creator":"@Luizprosperi","twitter_site":"@Luizprosperi","twitter_misc":{"Escrito por":"Luiz Ant\u00f4nio Pr\u00f3speri","Est. tempo de leitura":"5 minutos"},"schema":{"@context":"https:\/\/schema.org","@graph":[{"@type":"Article","@id":"https:\/\/blogdoprosperi.com\/?p=35400#article","isPartOf":{"@id":"https:\/\/blogdoprosperi.com\/?p=35400"},"author":{"name":"Luiz Ant\u00f4nio Pr\u00f3speri","@id":"https:\/\/blogdoprosperi.com\/#\/schema\/person\/38100755ce3601861ee4fab9b5aa78e9"},"headline":"S\u00e3o Paulo vence sem sofrer e Palmeiras mostra for\u00e7a de favorito","datePublished":"2017-04-03T01:07:29+00:00","dateModified":"2017-04-03T01:07:30+00:00","mainEntityOfPage":{"@id":"https:\/\/blogdoprosperi.com\/?p=35400"},"wordCount":926,"commentCount":0,"publisher":{"@id":"https:\/\/blogdoprosperi.com\/#\/schema\/person\/38100755ce3601861ee4fab9b5aa78e9"},"image":{"@id":"https:\/\/blogdoprosperi.com\/?p=35400#primaryimage"},"thumbnailUrl":"http:\/\/www.chuteirafc.com.br\/wp-content\/uploads\/2017\/04\/622_ea2d7bc4-94c4-3b07-8665-3eb91fe34b67.jpg","keywords":["Borja","Eduardo Baptista","futebol","Palmeiras","Paulist\u00e3o 2017","Pratto","Rog\u00e9rio Ceni","SPFC"],"articleSection":["futebol"],"inLanguage":"pt-BR","potentialAction":[{"@type":"CommentAction","name":"Comment","target":["https:\/\/blogdoprosperi.com\/?p=35400#respond"]}]},{"@type":"WebPage","@id":"https:\/\/blogdoprosperi.com\/?p=35400","url":"https:\/\/blogdoprosperi.com\/?p=35400","name":"S\u00e3o Paulo vence sem sofrer e Palmeiras mostra for\u00e7a de favorito - PR\u00d3SPERI NEWS","isPartOf":{"@id":"https:\/\/blogdoprosperi.com\/#website"},"primaryImageOfPage":{"@id":"https:\/\/blogdoprosperi.com\/?p=35400#primaryimage"},"image":{"@id":"https:\/\/blogdoprosperi.com\/?p=35400#primaryimage"},"thumbnailUrl":"http:\/\/www.chuteirafc.com.br\/wp-content\/uploads\/2017\/04\/622_ea2d7bc4-94c4-3b07-8665-3eb91fe34b67.jpg","datePublished":"2017-04-03T01:07:29+00:00","dateModified":"2017-04-03T01:07:30+00:00","breadcrumb":{"@id":"https:\/\/blogdoprosperi.com\/?p=35400#breadcrumb"},"inLanguage":"pt-BR","potentialAction":[{"@type":"ReadAction","target":["https:\/\/blogdoprosperi.com\/?p=35400"]}]},{"@type":"ImageObject","inLanguage":"pt-BR","@id":"https:\/\/blogdoprosperi.com\/?p=35400#primaryimage","url":"http:\/\/www.chuteirafc.com.br\/wp-content\/uploads\/2017\/04\/622_ea2d7bc4-94c4-3b07-8665-3eb91fe34b67.jpg","contentUrl":"http:\/\/www.chuteirafc.com.br\/wp-content\/uploads\/2017\/04\/622_ea2d7bc4-94c4-3b07-8665-3eb91fe34b67.jpg"},{"@type":"BreadcrumbList","@id":"https:\/\/blogdoprosperi.com\/?p=35400#breadcrumb","itemListElement":[{"@type":"ListItem","position":1,"name":"In\u00edcio","item":"https:\/\/blogdoprosperi.com\/"},{"@type":"ListItem","position":2,"name":"S\u00e3o Paulo vence sem sofrer e Palmeiras mostra for\u00e7a de favorito"}]},{"@type":"WebSite","@id":"https:\/\/blogdoprosperi.com\/#website","url":"https:\/\/blogdoprosperi.com\/","name":"PR\u00d3SPERI NEWS","description":"TUDO \u00c9  FUTEBOL","publisher":{"@id":"https:\/\/blogdoprosperi.com\/#\/schema\/person\/38100755ce3601861ee4fab9b5aa78e9"},"alternateName":"blogdoprosperi.com","potentialAction":[{"@type":"SearchAction","target":{"@type":"EntryPoint","urlTemplate":"https:\/\/blogdoprosperi.com\/?s={search_term_string}"},"query-input":{"@type":"PropertyValueSpecification","valueRequired":true,"valueName":"search_term_string"}}],"inLanguage":"pt-BR"},{"@type":["Person","Organization"],"@id":"https:\/\/blogdoprosperi.com\/#\/schema\/person\/38100755ce3601861ee4fab9b5aa78e9","name":"Luiz Ant\u00f4nio Pr\u00f3speri","pronouns":"ele","image":{"@type":"ImageObject","inLanguage":"pt-BR","@id":"https:\/\/i0.wp.com\/blogdoprosperi.com\/wp-content\/uploads\/2026\/05\/cropped-8059e613-6002-42fa-961e-8e275f575d71-2-5.jpg?fit=1360%2C931&ssl=1","url":"https:\/\/i0.wp.com\/blogdoprosperi.com\/wp-content\/uploads\/2026\/05\/cropped-8059e613-6002-42fa-961e-8e275f575d71-2-5.jpg?fit=1360%2C931&ssl=1","contentUrl":"https:\/\/i0.wp.com\/blogdoprosperi.com\/wp-content\/uploads\/2026\/05\/cropped-8059e613-6002-42fa-961e-8e275f575d71-2-5.jpg?fit=1360%2C931&ssl=1","width":1360,"height":931,"caption":"Luiz Ant\u00f4nio Pr\u00f3speri"},"logo":{"@id":"https:\/\/i0.wp.com\/blogdoprosperi.com\/wp-content\/uploads\/2026\/05\/cropped-8059e613-6002-42fa-961e-8e275f575d71-2-5.jpg?fit=1360%2C931&ssl=1"},"description":"Jornalista com carreira dedicada ao esporte. Cobriu 9 Copas do Mundo in loco, 1990 na It\u00e1lia, 1994 nos EUA, 1998 na Fran\u00e7a, 2002 na Coreia do Sul e Jap\u00e3o, 2006 na Alemanha, 2010 na \u00c1frica do Sul, 2014 no Brasil, 2018 na R\u00fassia e 2022 no Qatar. Eurocopas, 1992 na Su\u00e9cia e 1996 na Inglaterra. Copa das Confedera\u00e7\u00f5es de 2005 na Alemanha e 2009 na \u00c1frica do Sul. Rep\u00f3rter e Editor, trabalhou no Jornal da Tarde e Estad\u00e3o, de 1984 a fevereiro de 2016. Colunista, blogueiro. E comentarista de futebol na R\u00e1dio Estad\u00e3o, de 2013 a fevereiro de 2016. Jornalista respons\u00e1vel do \"Pr\u00f3speri News\" (blogdoprosperi.com).","sameAs":["http:\/\/blogdoprosperi.com","Luiz Pr\u00f3speri","@luiz_prosperi","https:\/\/x.com\/Luizprosperi","@prosperinacopa","luiz.prosperi@icloud.com"],"url":"https:\/\/blogdoprosperi.com\/?author=102107496"}]}},"jetpack_publicize_connections":[],"jetpack_likes_enabled":false,"jetpack_sharing_enabled":true,"jetpack_shortlink":"https:\/\/wp.me\/p7jvdk-9cY","jetpack-related-posts":[{"id":35645,"url":"https:\/\/blogdoprosperi.com\/?p=35645","url_meta":{"origin":35400,"position":0},"title":"Ponte Preta se fortalece e enche Palmeiras de d\u00favidas","author":"Luiz Ant\u00f4nio Pr\u00f3speri","date":"23 de abril de 2017","format":false,"excerpt":"Primeiro, derrubou o Santos. Depois, o Palmeiras. A Ponte Preta chega \u00e0 final do Paulist\u00e3o 2017 muito mais forte do que se imaginava. A prova definitiva se deu no Allianz Parque com 40 mil torcedores e tendo como advers\u00e1rio um time de m\u00faltiplos recursos. N\u00e3o se apequenou em nenhum momento,\u2026","rel":"","context":"Em &quot;futebol&quot;","block_context":{"text":"futebol","link":"https:\/\/blogdoprosperi.com\/?cat=53870"},"img":{"alt_text":"","src":"https:\/\/i0.wp.com\/blogdoprosperi.com\/wp-content\/uploads\/2017\/04\/pro14.jpg?fit=1200%2C800&ssl=1&resize=350%2C200","width":350,"height":200,"srcset":"https:\/\/i0.wp.com\/blogdoprosperi.com\/wp-content\/uploads\/2017\/04\/pro14.jpg?fit=1200%2C800&ssl=1&resize=350%2C200 1x, https:\/\/i0.wp.com\/blogdoprosperi.com\/wp-content\/uploads\/2017\/04\/pro14.jpg?fit=1200%2C800&ssl=1&resize=525%2C300 1.5x, https:\/\/i0.wp.com\/blogdoprosperi.com\/wp-content\/uploads\/2017\/04\/pro14.jpg?fit=1200%2C800&ssl=1&resize=700%2C400 2x, https:\/\/i0.wp.com\/blogdoprosperi.com\/wp-content\/uploads\/2017\/04\/pro14.jpg?fit=1200%2C800&ssl=1&resize=1050%2C600 3x"},"classes":[]},{"id":35796,"url":"https:\/\/blogdoprosperi.com\/?p=35796","url_meta":{"origin":35400,"position":1},"title":"Cuca volta ao Palmeiras e treinadores se mobilizam contra demiss\u00e3o de Baptista","author":"Luiz Ant\u00f4nio Pr\u00f3speri","date":"6 de maio de 2017","format":false,"excerpt":"Cuca reassumiu o comando do Palmeiras, ap\u00f3s cinco meses de sua sa\u00edda. Volta para ocupar o lugar que era de Eduardo Baptista, demitido na quinta-feira. A queda de Baptista provocou a mobiliza\u00e7\u00e3o de importantes treinadores em rep\u00fadio \u00e0 demiss\u00e3o de um jovem profissional que estava apenas h\u00e1 cinco meses no\u2026","rel":"","context":"Em &quot;futebol&quot;","block_context":{"text":"futebol","link":"https:\/\/blogdoprosperi.com\/?cat=53870"},"img":{"alt_text":"","src":"https:\/\/i0.wp.com\/blogdoprosperi.com\/wp-content\/uploads\/2016\/12\/cuca8.jpg?fit=800%2C1200&ssl=1&resize=350%2C200","width":350,"height":200,"srcset":"https:\/\/i0.wp.com\/blogdoprosperi.com\/wp-content\/uploads\/2016\/12\/cuca8.jpg?fit=800%2C1200&ssl=1&resize=350%2C200 1x, https:\/\/i0.wp.com\/blogdoprosperi.com\/wp-content\/uploads\/2016\/12\/cuca8.jpg?fit=800%2C1200&ssl=1&resize=525%2C300 1.5x, https:\/\/i0.wp.com\/blogdoprosperi.com\/wp-content\/uploads\/2016\/12\/cuca8.jpg?fit=800%2C1200&ssl=1&resize=700%2C400 2x"},"classes":[]},{"id":34969,"url":"https:\/\/blogdoprosperi.com\/?p=34969","url_meta":{"origin":35400,"position":2},"title":"Santos impressiona, Palmeiras e Corinthians n\u00e3o encantam e S\u00e3o Paulo patina na estreia","author":"Luiz Ant\u00f4nio Pr\u00f3speri","date":"6 de fevereiro de 2017","format":false,"excerpt":"Rodada de abertura do Paulist\u00e3o 2017 deixa claro a disparidade entre as quatro grandes for\u00e7as do campeonato. Santos se imp\u00f4s com uma arrojada nova proposta de jogo. Palmeiras lutou muito para vencer em casa. Corinthians deu um passo como se n\u00e3o tivesse sa\u00eddo do lugar. E o S\u00e3o Paulo\u2026. Rog\u00e9rio\u2026","rel":"","context":"Em &quot;futebol&quot;","block_context":{"text":"futebol","link":"https:\/\/blogdoprosperi.com\/?cat=53870"},"img":{"alt_text":"32571089791_bf779395d6_z","src":"https:\/\/i0.wp.com\/www.chuteirafc.com.br\/wp-content\/uploads\/2017\/02\/32571089791_bf779395d6_z.jpg?resize=350%2C200","width":350,"height":200,"srcset":"https:\/\/i0.wp.com\/www.chuteirafc.com.br\/wp-content\/uploads\/2017\/02\/32571089791_bf779395d6_z.jpg?resize=350%2C200 1x, https:\/\/i0.wp.com\/www.chuteirafc.com.br\/wp-content\/uploads\/2017\/02\/32571089791_bf779395d6_z.jpg?resize=525%2C300 1.5x"},"classes":[]},{"id":35242,"url":"https:\/\/blogdoprosperi.com\/?p=35242","url_meta":{"origin":35400,"position":3},"title":"Palmeiras aniquila S\u00e3o Paulo e manda duro recado a Rogerio Ceni","author":"Luiz Ant\u00f4nio Pr\u00f3speri","date":"11 de mar\u00e7o de 2017","format":false,"excerpt":"Palmeiras est\u00e1 de volta e mostrou que pode muito mais ao despachar o S\u00e3o Paulo por 3 a 0 no Allianz Parque diante de 36 mil torcedores. Em nenhum momento do cl\u00e1ssico deixou o advers\u00e1rio respirar. Apresentou bom repert\u00f3rio, obedi\u00eancia t\u00e1tica e um entusiasmo acima do normal. Quanto ao time\u2026","rel":"","context":"Em &quot;futebol&quot;","block_context":{"text":"futebol","link":"https:\/\/blogdoprosperi.com\/?cat=53870"},"img":{"alt_text":"imagem_2616_zybtj2tsvsrp_original","src":"https:\/\/i0.wp.com\/www.chuteirafc.com.br\/wp-content\/uploads\/2017\/03\/imagem_2616_zybTJ2TSVsRp_original.jpg?resize=350%2C200","width":350,"height":200,"srcset":"https:\/\/i0.wp.com\/www.chuteirafc.com.br\/wp-content\/uploads\/2017\/03\/imagem_2616_zybTJ2TSVsRp_original.jpg?resize=350%2C200 1x, https:\/\/i0.wp.com\/www.chuteirafc.com.br\/wp-content\/uploads\/2017\/03\/imagem_2616_zybTJ2TSVsRp_original.jpg?resize=525%2C300 1.5x, https:\/\/i0.wp.com\/www.chuteirafc.com.br\/wp-content\/uploads\/2017\/03\/imagem_2616_zybTJ2TSVsRp_original.jpg?resize=700%2C400 2x"},"classes":[]},{"id":37403,"url":"https:\/\/blogdoprosperi.com\/?p=37403","url_meta":{"origin":35400,"position":4},"title":"Palmeiras imp\u00f5e seu poder e joga S\u00e3o Paulo no atoleiro","author":"Luiz Ant\u00f4nio Pr\u00f3speri","date":"8 de mar\u00e7o de 2018","format":false,"excerpt":"Palmeiras virou a p\u00e1gina da derrota para o Corinthians ao enquadrar o S\u00e3o Paulo sem nenhum constrangimento. Venceu por 2 a 0, com folga, nesta quinta-feira (08\/3) no Allianz Parque, exibindo patente de quem pretende fazer da temporada 2018 algo marcante. Asfixiou o advers\u00e1rio do come\u00e7o ao fim, tamanha superioridade\u2026","rel":"","context":"Em &quot;futebol&quot;","block_context":{"text":"futebol","link":"https:\/\/blogdoprosperi.com\/?cat=53870"},"img":{"alt_text":"","src":"https:\/\/i0.wp.com\/blogdoprosperi.com\/wp-content\/uploads\/2018\/03\/39804970675_4091efb85e_z.jpg?fit=640%2C396&ssl=1&resize=350%2C200","width":350,"height":200,"srcset":"https:\/\/i0.wp.com\/blogdoprosperi.com\/wp-content\/uploads\/2018\/03\/39804970675_4091efb85e_z.jpg?fit=640%2C396&ssl=1&resize=350%2C200 1x, https:\/\/i0.wp.com\/blogdoprosperi.com\/wp-content\/uploads\/2018\/03\/39804970675_4091efb85e_z.jpg?fit=640%2C396&ssl=1&resize=525%2C300 1.5x"},"classes":[]},{"id":34723,"url":"https:\/\/blogdoprosperi.com\/?p=34723","url_meta":{"origin":35400,"position":5},"title":"Conhe\u00e7a Vitinho, novo lan\u00e7amento da base do Palmeiras","author":"Luiz Ant\u00f4nio Pr\u00f3speri","date":"24 de janeiro de 2017","format":false,"excerpt":"Alexandre Mattos estava empolgado na noite de 21 de junho de 2016 no Allianz Parque. Ao lado de Ra\u00fal Sanlleh\u00ed, diretor do Barcelona, em um dos camarotes da arena, o executivo do Palmeiras deitava fala\u00e7\u00e3o e elogios aos jogadores do clube paulista. L\u00e1 embaixo, no campo, Gabriel Jesus, com extrema\u2026","rel":"","context":"Em &quot;Campeonato Brasileiro&quot;","block_context":{"text":"Campeonato Brasileiro","link":"https:\/\/blogdoprosperi.com\/?cat=355071"},"img":{"alt_text":"","src":"https:\/\/i0.wp.com\/blogdoprosperi.com\/wp-content\/uploads\/2017\/01\/vitinho-chapecoense-palmeiras-amistoso-21012017_hzv2jt2bgr4s1j4zfk52hid63-1.jpg?resize=350%2C200&ssl=1","width":350,"height":200,"srcset":"https:\/\/i0.wp.com\/blogdoprosperi.com\/wp-content\/uploads\/2017\/01\/vitinho-chapecoense-palmeiras-amistoso-21012017_hzv2jt2bgr4s1j4zfk52hid63-1.jpg?resize=350%2C200&ssl=1 1x, https:\/\/i0.wp.com\/blogdoprosperi.com\/wp-content\/uploads\/2017\/01\/vitinho-chapecoense-palmeiras-amistoso-21012017_hzv2jt2bgr4s1j4zfk52hid63-1.jpg?resize=525%2C300&ssl=1 1.5x"},"classes":[]}],"jetpack_featured_media_url":"","_links":{"self":[{"href":"https:\/\/blogdoprosperi.com\/index.php?rest_route=\/wp\/v2\/posts\/35400","targetHints":{"allow":["GET"]}}],"collection":[{"href":"https:\/\/blogdoprosperi.com\/index.php?rest_route=\/wp\/v2\/posts"}],"about":[{"href":"https:\/\/blogdoprosperi.com\/index.php?rest_route=\/wp\/v2\/types\/post"}],"author":[{"embeddable":true,"href":"https:\/\/blogdoprosperi.com\/index.php?rest_route=\/wp\/v2\/users\/102107496"}],"replies":[{"embeddable":true,"href":"https:\/\/blogdoprosperi.com\/index.php?rest_route=%2Fwp%2Fv2%2Fcomments&post=35400"}],"version-history":[{"count":5,"href":"https:\/\/blogdoprosperi.com\/index.php?rest_route=\/wp\/v2\/posts\/35400\/revisions"}],"predecessor-version":[{"id":35405,"href":"https:\/\/blogdoprosperi.com\/index.php?rest_route=\/wp\/v2\/posts\/35400\/revisions\/35405"}],"wp:attachment":[{"href":"https:\/\/blogdoprosperi.com\/index.php?rest_route=%2Fwp%2Fv2%2Fmedia&parent=35400"}],"wp:term":[{"taxonomy":"category","embeddable":true,"href":"https:\/\/blogdoprosperi.com\/index.php?rest_route=%2Fwp%2Fv2%2Fcategories&post=35400"},{"taxonomy":"post_tag","embeddable":true,"href":"https:\/\/blogdoprosperi.com\/index.php?rest_route=%2Fwp%2Fv2%2Ftags&post=35400"}],"curies":[{"name":"wp","href":"https:\/\/api.w.org\/{rel}","templated":true}]}}