{"id":35406,"date":"2017-04-03T20:00:52","date_gmt":"2017-04-03T23:00:52","guid":{"rendered":"http:\/\/blogdoprosperi.com\/?p=35406"},"modified":"2017-04-03T20:18:43","modified_gmt":"2017-04-03T23:18:43","slug":"atentado-em-sao-petersburgo-coloca-em-risco-seguranca-da-copa-2018","status":"publish","type":"post","link":"https:\/\/blogdoprosperi.com\/?p=35406","title":{"rendered":"Atentado em S\u00e3o Petersburgo coloca em risco seguran\u00e7a da Copa 2018"},"content":{"rendered":"<p><span class=\"alignnone\"><img data-recalc-dims=\"1\" loading=\"lazy\" decoding=\"async\" data-attachment-id=\"35415\" data-permalink=\"https:\/\/blogdoprosperi.com\/?attachment_id=35415\" data-orig-file=\"https:\/\/i0.wp.com\/blogdoprosperi.com\/wp-content\/uploads\/2017\/04\/1491221147_937049_1491231356_noticia_normal-1.jpg?fit=980%2C611&amp;ssl=1\" data-orig-size=\"980,611\" data-comments-opened=\"1\" data-image-meta=\"{&quot;aperture&quot;:&quot;0&quot;,&quot;credit&quot;:&quot;&quot;,&quot;camera&quot;:&quot;&quot;,&quot;caption&quot;:&quot;&quot;,&quot;created_timestamp&quot;:&quot;0&quot;,&quot;copyright&quot;:&quot;&quot;,&quot;focal_length&quot;:&quot;0&quot;,&quot;iso&quot;:&quot;0&quot;,&quot;shutter_speed&quot;:&quot;0&quot;,&quot;title&quot;:&quot;&quot;,&quot;orientation&quot;:&quot;0&quot;}\" data-image-title=\"1491221147_937049_1491231356_noticia_normal-1\" data-image-description=\"\" data-image-caption=\"\" data-large-file=\"https:\/\/i0.wp.com\/blogdoprosperi.com\/wp-content\/uploads\/2017\/04\/1491221147_937049_1491231356_noticia_normal-1.jpg?fit=940%2C586&amp;ssl=1\" class=\"alignnone size-full wp-image-35415\" src=\"https:\/\/i0.wp.com\/blogdoprosperi.com\/wp-content\/uploads\/2017\/04\/1491221147_937049_1491231356_noticia_normal-1.jpg?resize=940%2C586&#038;ssl=1\" alt=\"1491221147_937049_1491231356_noticia_normal-1\" width=\"940\" height=\"586\" \/><\/span><\/p>\n<p style=\"text-align:justify;\">A pouco mais de dois meses da abertura da Copa das Confedera\u00e7\u00f5es na R\u00fassia, um atentado no metr\u00f4 de S\u00e3o Petersburgo sacudiu o pa\u00eds da Copa do Mundo de 2018 nesta segunda-feira (03\/4). At\u00e9 o fim da tarde, o governo russo contava 10 mortes e pelo menos 50 feridos. O ato terrorista, ainda sem confirma\u00e7\u00e3o oficial, provocou manifesta\u00e7\u00f5es de rep\u00fadio por parte de chefes de Estado das grandes na\u00e7\u00f5es. A Fifa se pronunciou \u00e0 m\u00eddia internacional por e-mail, quase seis horas depois das explos\u00f5es, dizendo que confia no esquema de seguran\u00e7a da Copa em implanta\u00e7\u00e3o no pa\u00eds.<!--more--><\/p>\n<p style=\"text-align:justify;\">De acordo com o comunicado, a entidade respons\u00e1vel pelo Mundial, n\u00e3o teme que o evento possa ser adiado por causa do ato no metr\u00f4. A Sele\u00e7\u00e3o Brasileira garantiu vaga no Mundial de 2018, mas n\u00e3o se classificou \u00e0 Copa das Confedera\u00e7\u00f5es, a ser disputada de 17 de junho e a 4 de julho.<br \/>\n<span id=\"more-6489\"><\/span><\/p>\n<p style=\"text-align:justify;\">\u201cCom rela\u00e7\u00e3o \u00e0s prepara\u00e7\u00f5es para a Copa das Confedera\u00e7\u00f5es e a Copa do Mundo, autoridades locais come\u00e7aram a preparar um planejamento detalhado de seguran\u00e7a, desde que o pa\u00eds foi escolhido como sede (<em>em 2012<\/em>)\u201d, diz o comunicado de imprensa.\u00a0\u201cA Fifa e o Comit\u00ea Organizador t\u00eam total confian\u00e7a nos arranjos e no conceito de seguran\u00e7a planejados para esses pr\u00f3ximos eventos. A Fifa est\u00e1 chocada e triste com os acontecimentos em S\u00e3o Petersburgo\u201d.<\/p>\n<p style=\"text-align:justify;\">S\u00e3o Petersburgo \u00e9 uma das tr\u00eas sedes da Copa das Confedera\u00e7\u00f5es, competi\u00e7\u00e3o que serve de teste ao Mundial de 2018. \u00c9 a segunda maior cidade da R\u00fassia com cerca de 5,2 milh\u00f5es de habitantes. Palco tamb\u00e9m do est\u00e1dio mais importante da Copa, em fase final de constru\u00e7\u00e3o na Ilha de Krestovsky, que ter\u00e1 capacidade para 68.134 torcedores.<\/p>\n<p style=\"text-align:justify;\"><span class=\"aligncenter\"><span class=\"alignnone\"><img data-recalc-dims=\"1\" loading=\"lazy\" decoding=\"async\" class=\"alignnone size-full wp-image-6514 aligncenter\" src=\"https:\/\/i0.wp.com\/www.chuteirafc.com.br\/wp-content\/uploads\/2017\/04\/1121549.jpeg?resize=823%2C549\" alt=\"1121549\" width=\"823\" height=\"549\" \/><\/span><\/span><\/p>\n<p style=\"text-align:justify;\">Ag\u00eancia de not\u00edcias Interfax disse que autoridades russas emitiram ordens de deten\u00e7\u00e3o contra duas pessoas que estariam envolvidas no atentado. \u201cEstamos buscando duas pessoas como suspeitas de planejar as explos\u00f5es, uma das quais colocaria o artefato no vag\u00e3o do metr\u00f4 e a outra deixaria uma bomba na esta\u00e7\u00e3o de Ploshad Vosstania\u201d, assegurou o porta-voz do governo russo. Diz ainda a ag\u00eancia que c\u00e2meras de vigil\u00e2ncia do metr\u00f4 de S\u00e3o Petersburgo captaram imagens da pessoa que supostamente colocou o artefato que explodiu. A bomba estava dentro de uma maleta que seria deixada no vag\u00e3o pelo \u201corganizador do ataque\u201d.<\/p>\n<p style=\"text-align:justify;\">Metr\u00f4 de S\u00e3o Petersburgo transporta cerca de 2 milh\u00f5es de pessoas por dia. A cidade \u00e9 uma das mais tur\u00edsticas da R\u00fassia. Segundo operadores de viagem e log\u00edstica da Copa do Mundo, vai ser a principal sede a hospedar profissionais da m\u00eddia internacional e boa parte das delega\u00e7\u00f5es das sele\u00e7\u00f5es nacionais que v\u00e3o disputar o Mundial. E, claro, receber os milhares de torcedores estrangeiros que devem desembarcar no pa\u00eds ano que vem.<\/p>\n<p style=\"text-align:justify;\">A Fifa sempre colocou em suas prioridades na organiza\u00e7\u00e3o das Copas a preocupa\u00e7\u00e3o com a seguran\u00e7a das delega\u00e7\u00f5es de futebol e cobra dos governos locais de pa\u00edses-sede um controle rigoroso. Na Copa de 2014, o governo brasileiro investiu pesado.<\/p>\n<p style=\"text-align:justify;\">\u201cOs recursos visando a seguran\u00e7a do Pa\u00eds durante a Copa do Mundo chegaram a R$ 1,9 bilh\u00e3o, al\u00e9m dos investimentos na prepara\u00e7\u00e3o de 150 mil agentes das For\u00e7as Armadas e de seguran\u00e7a p\u00fablica. Os n\u00fameros foram confirmados pelo consultor de seguran\u00e7a da Fifa, Andre Pruis. Segundo Andre, os valores s\u00e3o muito maiores dos que os da \u00faltima edi\u00e7\u00e3o do evento, na \u00c1frica do Sul, em 2010\u201d, diz nota oficial no Portal Brasil (<a href=\"http:\/\/www.brasil.gov.br\" rel=\"nofollow\">http:\/\/www.brasil.gov.br<\/a>).<\/p>\n<p style=\"text-align:justify;\">O Brasil n\u00e3o tem hist\u00f3rico de atentados terroristas ligados a movimentos internacionais. Bem diferente da R\u00fassia, que vive em tens\u00e3o pol\u00edtica na fronteira com a Ucr\u00e2nia e outros pa\u00edses pr\u00f3ximos, e tem muitos registros de racismo e viol\u00eancia no futebol. Sem falar na s\u00e9rie de problemas do presidente Vladimir Putin com o Ocidente.<\/p>\n<p style=\"text-align:justify;\">O atentado no metr\u00f4 deve provocar uma s\u00e9rie de estudos e revis\u00f5es no esquema de seguran\u00e7a da Copa de 2018.<\/p>\n<p style=\"text-align:justify;\"><div class=\"jetpack-video-wrapper\"><span class=\"embed-youtube\" style=\"text-align:center; display: block;\"><iframe loading=\"lazy\" class=\"youtube-player\" width=\"940\" height=\"529\" src=\"https:\/\/www.youtube.com\/embed\/5mRuXEbW4xk?version=3&#038;rel=1&#038;showsearch=0&#038;showinfo=1&#038;iv_load_policy=1&#038;fs=1&#038;hl=pt-BR&#038;autohide=2&#038;wmode=transparent\" allowfullscreen=\"true\" style=\"border:0;\" sandbox=\"allow-scripts allow-same-origin allow-popups allow-presentation allow-popups-to-escape-sandbox\"><\/iframe><\/span><\/div><\/p>\n<p style=\"text-align:justify;\">O Zenit e ex-jogadores do clube de S\u00e3o Petersburgo t\u00eam se solidarizado com a cidade depois do atentado, informa a EFE. Segundo o\u00a0<em>El Pa\u00eds<\/em>, da Espanha, \u201co clube da antiga capital czarista publicou uma mensagem de condol\u00eancias para as v\u00edtimas do atentado. Al\u00e9m disso, tamb\u00e9m se lembraram da cidade russa dois \u00a0ex-jogadores da equipe, o brasileiro Hulk e o belga Witsel, que agora jogam na China. Ambos escreveram no Instagram que rezam pelos afetados pela trag\u00e9dia, assim como o t\u00e9cnico portugu\u00eas Andre Vilas-Boas, que treinava at\u00e9 a temporada passada o Zenit e classificou de \u201cterr\u00edvel\u201d a trag\u00e9dia\u201d.<\/p>\n<p style=\"text-align:justify;\"><strong>Veja como a Fifa registra em seu site um breve parecer da nova arena de S\u00e3o Petersburgo:<\/strong><\/p>\n<p style=\"text-align:justify;\"><span class=\"alignnone\"><img data-recalc-dims=\"1\" loading=\"lazy\" decoding=\"async\" class=\"alignnone size-full wp-image-6521\" src=\"https:\/\/i0.wp.com\/www.chuteirafc.com.br\/wp-content\/uploads\/2017\/04\/960_eccc74c9-afbb-3135-97c5-9bfcc0a12a4f.jpg?resize=940%2C529\" alt=\"960_eccc74c9-afbb-3135-97c5-9bfcc0a12a4f\" width=\"940\" height=\"529\" \/><\/span><\/p>\n<p style=\"text-align:justify;\"><em>Hist\u00f3ria<\/em><br \/>\nEste novo est\u00e1dio ultramoderno em S\u00e3o Petersburgo est\u00e1 sendo constru\u00eddo na Ilha de Krestovsky, no local do antigo Est\u00e1dio Kirov, que no seu tempo era um dos maiores est\u00e1dios do pa\u00eds, com capacidade para 110 mil espectadores. Encarregado dos planos para a nova arena de esportes \u00e9 o famoso arquiteto japon\u00eas Kisho Kurosawa, vencedor do concurso para a sua constru\u00e7\u00e3o.<\/p>\n<p style=\"text-align:justify;\"><em>Projeto<\/em><br \/>\nO arquiteto do projeto ter\u00e1 a forma de uma nave espacial que aterrou \u00e0s margens do Golfo da Finl\u00e2ndia. O edif\u00edcio de sete andares ser\u00e1 de 56,6 metros de altura. Tecnologicamente, o est\u00e1dio ser\u00e1 um dos mais modernos do mundo. Gra\u00e7as \u00e0 sua cobertura retr\u00e1ctil e o seu campo de deslizamento, o recinto pode acomodar todos os tipos de competi\u00e7\u00f5es e eventos durante o ano: mesmo no inverno, a temperatura interna \u00e9 mantida constante a 15 graus.<\/p>\n<p style=\"text-align:justify;\"><em>Legado<\/em><br \/>\nO est\u00e1dio sediar\u00e1 Zenit St. Petersburg. No complexo esportivo todos os tipos de eventos ser\u00e3o realizados, de concertos e shows para competi\u00e7\u00f5es em uma variedade de esportes. Em 2020, o est\u00e1dio vai acolher tr\u00eas jogos da fase de grupos da Eurocopa 2020 e uma das partidas das quartas da competi\u00e7\u00e3o.<\/p>\n<p style=\"text-align:justify;\"><div class=\"jetpack-video-wrapper\"><span class=\"embed-youtube\" style=\"text-align:center; display: block;\"><iframe loading=\"lazy\" class=\"youtube-player\" width=\"940\" height=\"529\" src=\"https:\/\/www.youtube.com\/embed\/haQJed3b7-Y?version=3&#038;rel=1&#038;showsearch=0&#038;showinfo=1&#038;iv_load_policy=1&#038;fs=1&#038;hl=pt-BR&#038;autohide=2&#038;wmode=transparent\" allowfullscreen=\"true\" style=\"border:0;\" sandbox=\"allow-scripts allow-same-origin allow-popups allow-presentation allow-popups-to-escape-sandbox\"><\/iframe><\/span><\/div><\/p>\n<p><a href=\"http:\/\/www.chuteirafc.com.br\">(texto publicado no CHUTEIRA FC)<\/a><\/p>\n","protected":false},"excerpt":{"rendered":"<p>A pouco mais de dois meses da abertura da Copa das Confedera\u00e7\u00f5es na R\u00fassia, um atentado no metr\u00f4 [&hellip;]<\/p>\n","protected":false},"author":102107496,"featured_media":0,"comment_status":"open","ping_status":"open","sticky":false,"template":"","format":"standard","meta":{"_coblocks_attr":"","_coblocks_dimensions":"","_coblocks_responsive_height":"","_coblocks_accordion_ie_support":"","_jetpack_newsletter_access":"","_jetpack_dont_email_post_to_subs":false,"_jetpack_newsletter_tier_id":0,"_jetpack_memberships_contains_paywalled_content":false,"_wpcom_ai_launchpad_first_post":false,"_jetpack_feature_clip_id":0,"_jetpack_memberships_contains_paid_content":false,"footnotes":"","jetpack_publicize_message":"","jetpack_publicize_feature_enabled":true,"jetpack_social_post_already_shared":false,"jetpack_social_options":{"image_generator_settings":{"template":"highway","default_image_id":0,"font":"","enabled":false},"version":2},"jetpack_post_was_ever_published":false},"categories":[43723753,53870],"tags":[568870267,35545863,426058580,789560560,568870266,789560562],"class_list":["post-35406","post","type-post","status-publish","format-standard","hentry","category-copa-do-mundo-2018","category-futebol","tag-atentado-sao-petersburgo","tag-copa-2018","tag-copa-das-confederacoes-2017","tag-futebol","tag-mundial-da-russia-2018","tag-selecao-brasileira"],"yoast_head":"<!-- This site is optimized with the Yoast SEO plugin v28.4 - https:\/\/yoast.com\/product\/yoast-seo-wordpress\/ -->\n<title>Atentado em S\u00e3o Petersburgo coloca em risco seguran\u00e7a da Copa 2018 - PR\u00d3SPERI NEWS<\/title>\n<meta name=\"robots\" content=\"index, follow, max-snippet:-1, max-image-preview:large, max-video-preview:-1\" \/>\n<link rel=\"canonical\" href=\"https:\/\/blogdoprosperi.com\/?p=35406\" \/>\n<meta property=\"og:locale\" content=\"pt_BR\" \/>\n<meta property=\"og:type\" content=\"article\" \/>\n<meta property=\"og:title\" content=\"Atentado em S\u00e3o Petersburgo coloca em risco seguran\u00e7a da Copa 2018 - PR\u00d3SPERI NEWS\" \/>\n<meta property=\"og:description\" content=\"A pouco mais de dois meses da abertura da Copa das Confedera\u00e7\u00f5es na R\u00fassia, um atentado no metr\u00f4 [&hellip;]\" \/>\n<meta property=\"og:url\" content=\"https:\/\/blogdoprosperi.com\/?p=35406\" \/>\n<meta property=\"og:site_name\" content=\"PR\u00d3SPERI NEWS\" \/>\n<meta property=\"article:publisher\" content=\"Luiz Pr\u00f3speri\" \/>\n<meta property=\"article:author\" content=\"Luiz Pr\u00f3speri\" \/>\n<meta property=\"article:published_time\" content=\"2017-04-03T23:00:52+00:00\" \/>\n<meta property=\"article:modified_time\" content=\"2017-04-03T23:18:43+00:00\" \/>\n<meta property=\"og:image\" content=\"https:\/\/blogdoprosperi.com\/wp-content\/uploads\/2017\/04\/1491221147_937049_1491231356_noticia_normal-1.jpg\" \/>\n<meta name=\"author\" content=\"Luiz Ant\u00f4nio Pr\u00f3speri\" \/>\n<meta name=\"twitter:card\" content=\"summary_large_image\" \/>\n<meta name=\"twitter:creator\" content=\"@Luizprosperi\" \/>\n<meta name=\"twitter:site\" content=\"@Luizprosperi\" \/>\n<meta name=\"twitter:label1\" content=\"Escrito por\" \/>\n\t<meta name=\"twitter:data1\" content=\"Luiz Ant\u00f4nio Pr\u00f3speri\" \/>\n\t<meta name=\"twitter:label2\" content=\"Est. tempo de leitura\" \/>\n\t<meta name=\"twitter:data2\" content=\"5 minutos\" \/>\n<script type=\"application\/ld+json\" class=\"yoast-schema-graph\">{\"@context\":\"https:\\\/\\\/schema.org\",\"@graph\":[{\"@type\":\"Article\",\"@id\":\"https:\\\/\\\/blogdoprosperi.com\\\/?p=35406#article\",\"isPartOf\":{\"@id\":\"https:\\\/\\\/blogdoprosperi.com\\\/?p=35406\"},\"author\":{\"name\":\"Luiz Ant\u00f4nio Pr\u00f3speri\",\"@id\":\"https:\\\/\\\/blogdoprosperi.com\\\/#\\\/schema\\\/person\\\/38100755ce3601861ee4fab9b5aa78e9\"},\"headline\":\"Atentado em S\u00e3o Petersburgo coloca em risco seguran\u00e7a da Copa 2018\",\"datePublished\":\"2017-04-03T23:00:52+00:00\",\"dateModified\":\"2017-04-03T23:18:43+00:00\",\"mainEntityOfPage\":{\"@id\":\"https:\\\/\\\/blogdoprosperi.com\\\/?p=35406\"},\"wordCount\":1079,\"commentCount\":0,\"publisher\":{\"@id\":\"https:\\\/\\\/blogdoprosperi.com\\\/#\\\/schema\\\/person\\\/38100755ce3601861ee4fab9b5aa78e9\"},\"image\":{\"@id\":\"https:\\\/\\\/blogdoprosperi.com\\\/?p=35406#primaryimage\"},\"thumbnailUrl\":\"https:\\\/\\\/blogdoprosperi.com\\\/wp-content\\\/uploads\\\/2017\\\/04\\\/1491221147_937049_1491231356_noticia_normal-1.jpg\",\"keywords\":[\"atentado S\u00e3o Petersburgo\",\"Copa 2018\",\"Copa das Confedera\u00e7\u00f5es 2017\",\"futebol\",\"Mundial da R\u00fassia 2018\",\"Sele\u00e7\u00e3o Brasileira\"],\"articleSection\":[\"Copa do Mundo 2018\",\"futebol\"],\"inLanguage\":\"pt-BR\",\"potentialAction\":[{\"@type\":\"CommentAction\",\"name\":\"Comment\",\"target\":[\"https:\\\/\\\/blogdoprosperi.com\\\/?p=35406#respond\"]}]},{\"@type\":\"WebPage\",\"@id\":\"https:\\\/\\\/blogdoprosperi.com\\\/?p=35406\",\"url\":\"https:\\\/\\\/blogdoprosperi.com\\\/?p=35406\",\"name\":\"Atentado em S\u00e3o Petersburgo coloca em risco seguran\u00e7a da Copa 2018 - PR\u00d3SPERI NEWS\",\"isPartOf\":{\"@id\":\"https:\\\/\\\/blogdoprosperi.com\\\/#website\"},\"primaryImageOfPage\":{\"@id\":\"https:\\\/\\\/blogdoprosperi.com\\\/?p=35406#primaryimage\"},\"image\":{\"@id\":\"https:\\\/\\\/blogdoprosperi.com\\\/?p=35406#primaryimage\"},\"thumbnailUrl\":\"https:\\\/\\\/blogdoprosperi.com\\\/wp-content\\\/uploads\\\/2017\\\/04\\\/1491221147_937049_1491231356_noticia_normal-1.jpg\",\"datePublished\":\"2017-04-03T23:00:52+00:00\",\"dateModified\":\"2017-04-03T23:18:43+00:00\",\"breadcrumb\":{\"@id\":\"https:\\\/\\\/blogdoprosperi.com\\\/?p=35406#breadcrumb\"},\"inLanguage\":\"pt-BR\",\"potentialAction\":[{\"@type\":\"ReadAction\",\"target\":[\"https:\\\/\\\/blogdoprosperi.com\\\/?p=35406\"]}]},{\"@type\":\"ImageObject\",\"inLanguage\":\"pt-BR\",\"@id\":\"https:\\\/\\\/blogdoprosperi.com\\\/?p=35406#primaryimage\",\"url\":\"https:\\\/\\\/i0.wp.com\\\/blogdoprosperi.com\\\/wp-content\\\/uploads\\\/2017\\\/04\\\/1491221147_937049_1491231356_noticia_normal-1.jpg?fit=980%2C611&ssl=1\",\"contentUrl\":\"https:\\\/\\\/i0.wp.com\\\/blogdoprosperi.com\\\/wp-content\\\/uploads\\\/2017\\\/04\\\/1491221147_937049_1491231356_noticia_normal-1.jpg?fit=980%2C611&ssl=1\",\"width\":980,\"height\":611},{\"@type\":\"BreadcrumbList\",\"@id\":\"https:\\\/\\\/blogdoprosperi.com\\\/?p=35406#breadcrumb\",\"itemListElement\":[{\"@type\":\"ListItem\",\"position\":1,\"name\":\"In\u00edcio\",\"item\":\"https:\\\/\\\/blogdoprosperi.com\\\/\"},{\"@type\":\"ListItem\",\"position\":2,\"name\":\"Atentado em S\u00e3o Petersburgo coloca em risco seguran\u00e7a da Copa 2018\"}]},{\"@type\":\"WebSite\",\"@id\":\"https:\\\/\\\/blogdoprosperi.com\\\/#website\",\"url\":\"https:\\\/\\\/blogdoprosperi.com\\\/\",\"name\":\"PR\u00d3SPERI NEWS\",\"description\":\"TUDO \u00c9  FUTEBOL\",\"publisher\":{\"@id\":\"https:\\\/\\\/blogdoprosperi.com\\\/#\\\/schema\\\/person\\\/38100755ce3601861ee4fab9b5aa78e9\"},\"alternateName\":\"blogdoprosperi.com\",\"potentialAction\":[{\"@type\":\"SearchAction\",\"target\":{\"@type\":\"EntryPoint\",\"urlTemplate\":\"https:\\\/\\\/blogdoprosperi.com\\\/?s={search_term_string}\"},\"query-input\":{\"@type\":\"PropertyValueSpecification\",\"valueRequired\":true,\"valueName\":\"search_term_string\"}}],\"inLanguage\":\"pt-BR\"},{\"@type\":[\"Person\",\"Organization\"],\"@id\":\"https:\\\/\\\/blogdoprosperi.com\\\/#\\\/schema\\\/person\\\/38100755ce3601861ee4fab9b5aa78e9\",\"name\":\"Luiz Ant\u00f4nio Pr\u00f3speri\",\"pronouns\":\"ele\",\"image\":{\"@type\":\"ImageObject\",\"inLanguage\":\"pt-BR\",\"@id\":\"https:\\\/\\\/i0.wp.com\\\/blogdoprosperi.com\\\/wp-content\\\/uploads\\\/2026\\\/05\\\/cropped-8059e613-6002-42fa-961e-8e275f575d71-2-5.jpg?fit=1360%2C931&ssl=1\",\"url\":\"https:\\\/\\\/i0.wp.com\\\/blogdoprosperi.com\\\/wp-content\\\/uploads\\\/2026\\\/05\\\/cropped-8059e613-6002-42fa-961e-8e275f575d71-2-5.jpg?fit=1360%2C931&ssl=1\",\"contentUrl\":\"https:\\\/\\\/i0.wp.com\\\/blogdoprosperi.com\\\/wp-content\\\/uploads\\\/2026\\\/05\\\/cropped-8059e613-6002-42fa-961e-8e275f575d71-2-5.jpg?fit=1360%2C931&ssl=1\",\"width\":1360,\"height\":931,\"caption\":\"Luiz Ant\u00f4nio Pr\u00f3speri\"},\"logo\":{\"@id\":\"https:\\\/\\\/i0.wp.com\\\/blogdoprosperi.com\\\/wp-content\\\/uploads\\\/2026\\\/05\\\/cropped-8059e613-6002-42fa-961e-8e275f575d71-2-5.jpg?fit=1360%2C931&ssl=1\"},\"description\":\"Jornalista com carreira dedicada ao esporte. Cobriu 9 Copas do Mundo in loco, 1990 na It\u00e1lia, 1994 nos EUA, 1998 na Fran\u00e7a, 2002 na Coreia do Sul e Jap\u00e3o, 2006 na Alemanha, 2010 na \u00c1frica do Sul, 2014 no Brasil, 2018 na R\u00fassia e 2022 no Qatar. Eurocopas, 1992 na Su\u00e9cia e 1996 na Inglaterra. Copa das Confedera\u00e7\u00f5es de 2005 na Alemanha e 2009 na \u00c1frica do Sul. Rep\u00f3rter e Editor, trabalhou no Jornal da Tarde e Estad\u00e3o, de 1984 a fevereiro de 2016. Colunista, blogueiro. E comentarista de futebol na R\u00e1dio Estad\u00e3o, de 2013 a fevereiro de 2016. Jornalista respons\u00e1vel do \\\"Pr\u00f3speri News\\\" (blogdoprosperi.com).\",\"sameAs\":[\"http:\\\/\\\/blogdoprosperi.com\",\"Luiz Pr\u00f3speri\",\"@luiz_prosperi\",\"https:\\\/\\\/x.com\\\/Luizprosperi\",\"@prosperinacopa\",\"luiz.prosperi@icloud.com\"],\"url\":\"https:\\\/\\\/blogdoprosperi.com\\\/?author=102107496\"}]}<\/script>\n<!-- \/ Yoast SEO plugin. -->","yoast_head_json":{"title":"Atentado em S\u00e3o Petersburgo coloca em risco seguran\u00e7a da Copa 2018 - PR\u00d3SPERI NEWS","robots":{"index":"index","follow":"follow","max-snippet":"max-snippet:-1","max-image-preview":"max-image-preview:large","max-video-preview":"max-video-preview:-1"},"canonical":"https:\/\/blogdoprosperi.com\/?p=35406","og_locale":"pt_BR","og_type":"article","og_title":"Atentado em S\u00e3o Petersburgo coloca em risco seguran\u00e7a da Copa 2018 - PR\u00d3SPERI NEWS","og_description":"A pouco mais de dois meses da abertura da Copa das Confedera\u00e7\u00f5es na R\u00fassia, um atentado no metr\u00f4 [&hellip;]","og_url":"https:\/\/blogdoprosperi.com\/?p=35406","og_site_name":"PR\u00d3SPERI NEWS","article_publisher":"Luiz Pr\u00f3speri","article_author":"Luiz Pr\u00f3speri","article_published_time":"2017-04-03T23:00:52+00:00","article_modified_time":"2017-04-03T23:18:43+00:00","og_image":[{"url":"https:\/\/blogdoprosperi.com\/wp-content\/uploads\/2017\/04\/1491221147_937049_1491231356_noticia_normal-1.jpg","type":"","width":"","height":""}],"author":"Luiz Ant\u00f4nio Pr\u00f3speri","twitter_card":"summary_large_image","twitter_creator":"@Luizprosperi","twitter_site":"@Luizprosperi","twitter_misc":{"Escrito por":"Luiz Ant\u00f4nio Pr\u00f3speri","Est. tempo de leitura":"5 minutos"},"schema":{"@context":"https:\/\/schema.org","@graph":[{"@type":"Article","@id":"https:\/\/blogdoprosperi.com\/?p=35406#article","isPartOf":{"@id":"https:\/\/blogdoprosperi.com\/?p=35406"},"author":{"name":"Luiz Ant\u00f4nio Pr\u00f3speri","@id":"https:\/\/blogdoprosperi.com\/#\/schema\/person\/38100755ce3601861ee4fab9b5aa78e9"},"headline":"Atentado em S\u00e3o Petersburgo coloca em risco seguran\u00e7a da Copa 2018","datePublished":"2017-04-03T23:00:52+00:00","dateModified":"2017-04-03T23:18:43+00:00","mainEntityOfPage":{"@id":"https:\/\/blogdoprosperi.com\/?p=35406"},"wordCount":1079,"commentCount":0,"publisher":{"@id":"https:\/\/blogdoprosperi.com\/#\/schema\/person\/38100755ce3601861ee4fab9b5aa78e9"},"image":{"@id":"https:\/\/blogdoprosperi.com\/?p=35406#primaryimage"},"thumbnailUrl":"https:\/\/blogdoprosperi.com\/wp-content\/uploads\/2017\/04\/1491221147_937049_1491231356_noticia_normal-1.jpg","keywords":["atentado S\u00e3o Petersburgo","Copa 2018","Copa das Confedera\u00e7\u00f5es 2017","futebol","Mundial da R\u00fassia 2018","Sele\u00e7\u00e3o Brasileira"],"articleSection":["Copa do Mundo 2018","futebol"],"inLanguage":"pt-BR","potentialAction":[{"@type":"CommentAction","name":"Comment","target":["https:\/\/blogdoprosperi.com\/?p=35406#respond"]}]},{"@type":"WebPage","@id":"https:\/\/blogdoprosperi.com\/?p=35406","url":"https:\/\/blogdoprosperi.com\/?p=35406","name":"Atentado em S\u00e3o Petersburgo coloca em risco seguran\u00e7a da Copa 2018 - PR\u00d3SPERI NEWS","isPartOf":{"@id":"https:\/\/blogdoprosperi.com\/#website"},"primaryImageOfPage":{"@id":"https:\/\/blogdoprosperi.com\/?p=35406#primaryimage"},"image":{"@id":"https:\/\/blogdoprosperi.com\/?p=35406#primaryimage"},"thumbnailUrl":"https:\/\/blogdoprosperi.com\/wp-content\/uploads\/2017\/04\/1491221147_937049_1491231356_noticia_normal-1.jpg","datePublished":"2017-04-03T23:00:52+00:00","dateModified":"2017-04-03T23:18:43+00:00","breadcrumb":{"@id":"https:\/\/blogdoprosperi.com\/?p=35406#breadcrumb"},"inLanguage":"pt-BR","potentialAction":[{"@type":"ReadAction","target":["https:\/\/blogdoprosperi.com\/?p=35406"]}]},{"@type":"ImageObject","inLanguage":"pt-BR","@id":"https:\/\/blogdoprosperi.com\/?p=35406#primaryimage","url":"https:\/\/i0.wp.com\/blogdoprosperi.com\/wp-content\/uploads\/2017\/04\/1491221147_937049_1491231356_noticia_normal-1.jpg?fit=980%2C611&ssl=1","contentUrl":"https:\/\/i0.wp.com\/blogdoprosperi.com\/wp-content\/uploads\/2017\/04\/1491221147_937049_1491231356_noticia_normal-1.jpg?fit=980%2C611&ssl=1","width":980,"height":611},{"@type":"BreadcrumbList","@id":"https:\/\/blogdoprosperi.com\/?p=35406#breadcrumb","itemListElement":[{"@type":"ListItem","position":1,"name":"In\u00edcio","item":"https:\/\/blogdoprosperi.com\/"},{"@type":"ListItem","position":2,"name":"Atentado em S\u00e3o Petersburgo coloca em risco seguran\u00e7a da Copa 2018"}]},{"@type":"WebSite","@id":"https:\/\/blogdoprosperi.com\/#website","url":"https:\/\/blogdoprosperi.com\/","name":"PR\u00d3SPERI NEWS","description":"TUDO \u00c9  FUTEBOL","publisher":{"@id":"https:\/\/blogdoprosperi.com\/#\/schema\/person\/38100755ce3601861ee4fab9b5aa78e9"},"alternateName":"blogdoprosperi.com","potentialAction":[{"@type":"SearchAction","target":{"@type":"EntryPoint","urlTemplate":"https:\/\/blogdoprosperi.com\/?s={search_term_string}"},"query-input":{"@type":"PropertyValueSpecification","valueRequired":true,"valueName":"search_term_string"}}],"inLanguage":"pt-BR"},{"@type":["Person","Organization"],"@id":"https:\/\/blogdoprosperi.com\/#\/schema\/person\/38100755ce3601861ee4fab9b5aa78e9","name":"Luiz Ant\u00f4nio Pr\u00f3speri","pronouns":"ele","image":{"@type":"ImageObject","inLanguage":"pt-BR","@id":"https:\/\/i0.wp.com\/blogdoprosperi.com\/wp-content\/uploads\/2026\/05\/cropped-8059e613-6002-42fa-961e-8e275f575d71-2-5.jpg?fit=1360%2C931&ssl=1","url":"https:\/\/i0.wp.com\/blogdoprosperi.com\/wp-content\/uploads\/2026\/05\/cropped-8059e613-6002-42fa-961e-8e275f575d71-2-5.jpg?fit=1360%2C931&ssl=1","contentUrl":"https:\/\/i0.wp.com\/blogdoprosperi.com\/wp-content\/uploads\/2026\/05\/cropped-8059e613-6002-42fa-961e-8e275f575d71-2-5.jpg?fit=1360%2C931&ssl=1","width":1360,"height":931,"caption":"Luiz Ant\u00f4nio Pr\u00f3speri"},"logo":{"@id":"https:\/\/i0.wp.com\/blogdoprosperi.com\/wp-content\/uploads\/2026\/05\/cropped-8059e613-6002-42fa-961e-8e275f575d71-2-5.jpg?fit=1360%2C931&ssl=1"},"description":"Jornalista com carreira dedicada ao esporte. Cobriu 9 Copas do Mundo in loco, 1990 na It\u00e1lia, 1994 nos EUA, 1998 na Fran\u00e7a, 2002 na Coreia do Sul e Jap\u00e3o, 2006 na Alemanha, 2010 na \u00c1frica do Sul, 2014 no Brasil, 2018 na R\u00fassia e 2022 no Qatar. Eurocopas, 1992 na Su\u00e9cia e 1996 na Inglaterra. Copa das Confedera\u00e7\u00f5es de 2005 na Alemanha e 2009 na \u00c1frica do Sul. Rep\u00f3rter e Editor, trabalhou no Jornal da Tarde e Estad\u00e3o, de 1984 a fevereiro de 2016. Colunista, blogueiro. E comentarista de futebol na R\u00e1dio Estad\u00e3o, de 2013 a fevereiro de 2016. Jornalista respons\u00e1vel do \"Pr\u00f3speri News\" (blogdoprosperi.com).","sameAs":["http:\/\/blogdoprosperi.com","Luiz Pr\u00f3speri","@luiz_prosperi","https:\/\/x.com\/Luizprosperi","@prosperinacopa","luiz.prosperi@icloud.com"],"url":"https:\/\/blogdoprosperi.com\/?author=102107496"}]}},"jetpack_publicize_connections":[],"jetpack_likes_enabled":false,"jetpack_sharing_enabled":true,"jetpack_shortlink":"https:\/\/wp.me\/p7jvdk-9d4","jetpack-related-posts":[{"id":61389,"url":"https:\/\/blogdoprosperi.com\/?p=61389","url_meta":{"origin":35406,"position":0},"title":"Copa do Mundo \u00e0 venda: CBF e Conmebol se calam diante da proposta da Fifa","author":"Luiz Ant\u00f4nio Pr\u00f3speri","date":"29 de julho de 2026","format":false,"excerpt":"CBF e Conmebol n\u00e3o se manifestam diante do plano de a Fifa repassar os direitos comerciais da Copa do Mundo a investidores do mercado financeiro. Europeus est\u00e3o contra a Fifa.","rel":"","context":"Em &quot;CBF&quot;","block_context":{"text":"CBF","link":"https:\/\/blogdoprosperi.com\/?cat=570700"},"img":{"alt_text":"","src":"https:\/\/i0.wp.com\/blogdoprosperi.com\/wp-content\/uploads\/2026\/07\/Captura-de-Tela-2026-07-29-as-16.35.22.png?fit=1200%2C813&ssl=1&resize=350%2C200","width":350,"height":200,"srcset":"https:\/\/i0.wp.com\/blogdoprosperi.com\/wp-content\/uploads\/2026\/07\/Captura-de-Tela-2026-07-29-as-16.35.22.png?fit=1200%2C813&ssl=1&resize=350%2C200 1x, https:\/\/i0.wp.com\/blogdoprosperi.com\/wp-content\/uploads\/2026\/07\/Captura-de-Tela-2026-07-29-as-16.35.22.png?fit=1200%2C813&ssl=1&resize=525%2C300 1.5x, https:\/\/i0.wp.com\/blogdoprosperi.com\/wp-content\/uploads\/2026\/07\/Captura-de-Tela-2026-07-29-as-16.35.22.png?fit=1200%2C813&ssl=1&resize=700%2C400 2x, https:\/\/i0.wp.com\/blogdoprosperi.com\/wp-content\/uploads\/2026\/07\/Captura-de-Tela-2026-07-29-as-16.35.22.png?fit=1200%2C813&ssl=1&resize=1050%2C600 3x"},"classes":[]},{"id":37466,"url":"https:\/\/blogdoprosperi.com\/?p=37466","url_meta":{"origin":35406,"position":1},"title":"Um Di\u00e1rio Russo (4): De patinete em Moscou at\u00e9 as l\u00e1grimas de Neymar","author":"Luiz Ant\u00f4nio Pr\u00f3speri","date":"4 de julho de 2018","format":false,"excerpt":"\u00a0 Luiz Antonio Pr\u00f3speri, de Moscou \/ R\u00fassia S\u00e3o Petersburgo e Moscou (de 19 a 23\/6) Rostov-on-Don agora n\u00e3o passava de fotos na galeria do meu celular, alguns perrengues nos t\u00e1xis da vida e a estreia do\u00edda do Brasil contra Su\u00ed\u00e7a. A cidade castigada pela hist\u00f3ria n\u00e3o seria mais revisitada,\u2026","rel":"","context":"Em &quot;Copa do Mundo 2018&quot;","block_context":{"text":"Copa do Mundo 2018","link":"https:\/\/blogdoprosperi.com\/?cat=43723753"},"img":{"alt_text":"","src":"https:\/\/i0.wp.com\/blogdoprosperi.com\/wp-content\/uploads\/2018\/07\/20180627_062303-2-1-1024x622.jpg?fit=1024%2C622&ssl=1&resize=350%2C200","width":350,"height":200,"srcset":"https:\/\/i0.wp.com\/blogdoprosperi.com\/wp-content\/uploads\/2018\/07\/20180627_062303-2-1-1024x622.jpg?fit=1024%2C622&ssl=1&resize=350%2C200 1x, https:\/\/i0.wp.com\/blogdoprosperi.com\/wp-content\/uploads\/2018\/07\/20180627_062303-2-1-1024x622.jpg?fit=1024%2C622&ssl=1&resize=525%2C300 1.5x, https:\/\/i0.wp.com\/blogdoprosperi.com\/wp-content\/uploads\/2018\/07\/20180627_062303-2-1-1024x622.jpg?fit=1024%2C622&ssl=1&resize=700%2C400 2x"},"classes":[]},{"id":61485,"url":"https:\/\/blogdoprosperi.com\/?p=61485","url_meta":{"origin":35406,"position":2},"title":"URGENTE NEWS: Futebol europeu decreta boicote \u00e0 Fifa e atinge Copa do Mundo Feminina no Brasil","author":"Luiz Ant\u00f4nio Pr\u00f3speri","date":"30 de julho de 2026","format":false,"excerpt":"Primeiro ato do boicote dos europeus atinge em cheio a Copa do Mundo Feminina 2027 no Brasil, entre junho e julho. Acompanhe relato do jornal The Guardian a respeito da decis\u00e3o da Uefa: Os pa\u00edses europeus concordaram em boicotar todas as competi\u00e7\u00f5es da Fifa caso Gianni Infantino leve adiante suas\u2026","rel":"","context":"Em &quot;futebol&quot;","block_context":{"text":"futebol","link":"https:\/\/blogdoprosperi.com\/?cat=53870"},"img":{"alt_text":"","src":"https:\/\/i0.wp.com\/blogdoprosperi.com\/wp-content\/uploads\/2026\/07\/Captura-de-Tela-2026-07-30-as-13.37.41.png?fit=1200%2C837&ssl=1&resize=350%2C200","width":350,"height":200,"srcset":"https:\/\/i0.wp.com\/blogdoprosperi.com\/wp-content\/uploads\/2026\/07\/Captura-de-Tela-2026-07-30-as-13.37.41.png?fit=1200%2C837&ssl=1&resize=350%2C200 1x, https:\/\/i0.wp.com\/blogdoprosperi.com\/wp-content\/uploads\/2026\/07\/Captura-de-Tela-2026-07-30-as-13.37.41.png?fit=1200%2C837&ssl=1&resize=525%2C300 1.5x, https:\/\/i0.wp.com\/blogdoprosperi.com\/wp-content\/uploads\/2026\/07\/Captura-de-Tela-2026-07-30-as-13.37.41.png?fit=1200%2C837&ssl=1&resize=700%2C400 2x, https:\/\/i0.wp.com\/blogdoprosperi.com\/wp-content\/uploads\/2026\/07\/Captura-de-Tela-2026-07-30-as-13.37.41.png?fit=1200%2C837&ssl=1&resize=1050%2C600 3x"},"classes":[]},{"id":37492,"url":"https:\/\/blogdoprosperi.com\/?p=37492","url_meta":{"origin":35406,"position":3},"title":"Invent\u00e1rio da derrota (3): A Copa desastrada da CBF","author":"Luiz Ant\u00f4nio Pr\u00f3speri","date":"14 de julho de 2018","format":false,"excerpt":"Luiz Ant\u00f4nio Pr\u00f3speri, de Moscou \/ R\u00fassia Duas semanas depois de o Brasil conhecer seus advers\u00e1rios no sorteio dos grupos da Copa da R\u00fassia, em dezembro de 2017, a Fifa bania do futebol o senhor Marco Polo Del Nero, ent\u00e3o presidente da CBF, por 90 dias. Decis\u00e3o da Comiss\u00e3o de\u2026","rel":"","context":"Em &quot;Copa do Mundo 2018&quot;","block_context":{"text":"Copa do Mundo 2018","link":"https:\/\/blogdoprosperi.com\/?cat=43723753"},"img":{"alt_text":"Chuteira FC na Copa do Mundo 2018","src":"https:\/\/i0.wp.com\/chuteirafc.cartacapital.com.br\/wp-content\/uploads\/2017\/09\/selo_chuteira_russia18-150x150.png?resize=350%2C200","width":350,"height":200},"classes":[]},{"id":37444,"url":"https:\/\/blogdoprosperi.com\/?p=37444","url_meta":{"origin":35406,"position":4},"title":"A foto da Copa \u00e9 do brasileiro Rodrigo Villalba","author":"Luiz Ant\u00f4nio Pr\u00f3speri","date":"23 de junho de 2018","format":false,"excerpt":"Luiz Ant\u00f4nio Pr\u00f3speri, de S\u00e3o Petersburgo \/ R\u00fassia Rodrigo Villalba, 40 anos, fez a foto da Copa da R\u00fassia. Imagem flagrada na sua lente de 400 mm durante o jogo Senegal 2 x 0 Pol\u00f4nia, dia 19\/6, em Moscou, ganhou o mundo. A Fifa se apoderou da foto e n\u00e3o\u2026","rel":"","context":"Em &quot;futebol&quot;","block_context":{"text":"futebol","link":"https:\/\/blogdoprosperi.com\/?cat=53870"},"img":{"alt_text":"","src":"https:\/\/i0.wp.com\/blogdoprosperi.com\/wp-content\/uploads\/2018\/06\/dggxdnfx0aus8pr.jpg?fit=945%2C945&ssl=1&resize=350%2C200","width":350,"height":200,"srcset":"https:\/\/i0.wp.com\/blogdoprosperi.com\/wp-content\/uploads\/2018\/06\/dggxdnfx0aus8pr.jpg?fit=945%2C945&ssl=1&resize=350%2C200 1x, https:\/\/i0.wp.com\/blogdoprosperi.com\/wp-content\/uploads\/2018\/06\/dggxdnfx0aus8pr.jpg?fit=945%2C945&ssl=1&resize=525%2C300 1.5x, https:\/\/i0.wp.com\/blogdoprosperi.com\/wp-content\/uploads\/2018\/06\/dggxdnfx0aus8pr.jpg?fit=945%2C945&ssl=1&resize=700%2C400 2x"},"classes":[]},{"id":37476,"url":"https:\/\/blogdoprosperi.com\/?p=37476","url_meta":{"origin":35406,"position":5},"title":"Um Di\u00e1rio Russo (6): Sem torcida, Tom Cruise est\u00e1 na Pra\u00e7a Vermelha","author":"Luiz Ant\u00f4nio Pr\u00f3speri","date":"12 de julho de 2018","format":false,"excerpt":"Luiz Ant\u00f4nio Pr\u00f3speri, de Moscou \/ R\u00fassia Kazan, Moscou e S\u00e3o Petersburgo (30\/6 a 10\/7) Fran\u00e7a e Cro\u00e1cia est\u00e3o na final da Copa. \u00c9 bom sua gente aparecer por aqui. Dif\u00edcil trombar com um franc\u00eas e um croata na capital russa. A cidade esperava por outro desfecho.\u00a0Ruas de Moscou perderam\u2026","rel":"","context":"Em &quot;Copa do Mundo 2018&quot;","block_context":{"text":"Copa do Mundo 2018","link":"https:\/\/blogdoprosperi.com\/?cat=43723753"},"img":{"alt_text":"","src":"https:\/\/i0.wp.com\/blogdoprosperi.com\/wp-content\/uploads\/2018\/07\/20180704_124922-2.jpg?fit=650%2C488&ssl=1&resize=350%2C200","width":350,"height":200,"srcset":"https:\/\/i0.wp.com\/blogdoprosperi.com\/wp-content\/uploads\/2018\/07\/20180704_124922-2.jpg?fit=650%2C488&ssl=1&resize=350%2C200 1x, https:\/\/i0.wp.com\/blogdoprosperi.com\/wp-content\/uploads\/2018\/07\/20180704_124922-2.jpg?fit=650%2C488&ssl=1&resize=525%2C300 1.5x"},"classes":[]}],"jetpack_featured_media_url":"","_links":{"self":[{"href":"https:\/\/blogdoprosperi.com\/index.php?rest_route=\/wp\/v2\/posts\/35406","targetHints":{"allow":["GET"]}}],"collection":[{"href":"https:\/\/blogdoprosperi.com\/index.php?rest_route=\/wp\/v2\/posts"}],"about":[{"href":"https:\/\/blogdoprosperi.com\/index.php?rest_route=\/wp\/v2\/types\/post"}],"author":[{"embeddable":true,"href":"https:\/\/blogdoprosperi.com\/index.php?rest_route=\/wp\/v2\/users\/102107496"}],"replies":[{"embeddable":true,"href":"https:\/\/blogdoprosperi.com\/index.php?rest_route=%2Fwp%2Fv2%2Fcomments&post=35406"}],"version-history":[{"count":10,"href":"https:\/\/blogdoprosperi.com\/index.php?rest_route=\/wp\/v2\/posts\/35406\/revisions"}],"predecessor-version":[{"id":35413,"href":"https:\/\/blogdoprosperi.com\/index.php?rest_route=\/wp\/v2\/posts\/35406\/revisions\/35413"}],"wp:attachment":[{"href":"https:\/\/blogdoprosperi.com\/index.php?rest_route=%2Fwp%2Fv2%2Fmedia&parent=35406"}],"wp:term":[{"taxonomy":"category","embeddable":true,"href":"https:\/\/blogdoprosperi.com\/index.php?rest_route=%2Fwp%2Fv2%2Fcategories&post=35406"},{"taxonomy":"post_tag","embeddable":true,"href":"https:\/\/blogdoprosperi.com\/index.php?rest_route=%2Fwp%2Fv2%2Ftags&post=35406"}],"curies":[{"name":"wp","href":"https:\/\/api.w.org\/{rel}","templated":true}]}}