{"id":35632,"date":"2017-04-22T13:30:32","date_gmt":"2017-04-22T16:30:32","guid":{"rendered":"http:\/\/blogdoprosperi.com\/?p=35632"},"modified":"2017-04-22T13:35:27","modified_gmt":"2017-04-22T16:35:27","slug":"pottker-o-terror-dos-adversarios-da-ponte","status":"publish","type":"post","link":"https:\/\/blogdoprosperi.com\/?p=35632","title":{"rendered":"Pottker, o terror dos advers\u00e1rios da Ponte"},"content":{"rendered":"<p>William Pottker tem 23 anos, \u00e9 casado, tem sete irm\u00e3os e sustenta a fam\u00edlia inteira com o que ganha no futebol. Est\u00e1 nessa vida de boleiro desde os 11 anos quando procurou um clube para virar jogador profissional.<!--more--><\/p>\n<p>Quem acompanha esse atacante robusto, de 74 quilos, 1,80 de altura, sabe que ele foi um dos artilheiros do Brasileir\u00e3o 2016 com 14 gols anotados \u2013 dividiu a honraria com Diego Souza e Fred, gente famosa e de mais quilometragem nos gramados. Poucos sabem que Potkker j\u00e1 defendeu um clube da Arm\u00eania, outro do Jap\u00e3o e mais um de Portugal. Nada t\u00e3o intenso como nesse momento que vive na Ponte Preta, semifinalista do Paulist\u00e3o 2017, e um terror aos grandes como Santos e Palmeiras.<\/p>\n<p>Seus primeiros passos foram nas categorias de base do Figueirense. Em Santa Catarina ganhou for\u00e7a como goleador e chamou aten\u00e7\u00e3o dos agentes, sempre de olho em meninos que podem transformar p\u00f3 em ouro, mesmo sem espa\u00e7o no clube que o revelou. Era um momento em que passava por sua cabe\u00e7a buscar outro caminho fora da bola. Empres\u00e1rios insistiram prometendo que milhares de d\u00f3lares estavam \u00e0 sua espera do outro lado do Atl\u00e2ntico. Pottker acreditou. Sabia que era abra\u00e7ar a causa ou desistir de uma vez por todas. O sustento da prole de sete irm\u00e3os, da m\u00e3e, da fam\u00edlia e mais o sonho de se consagrar cobraram sua consci\u00eancia. Foi embora e fez o caminho de volta sem remorso.<\/p>\n<p>\u201cSubi para o profissional do Figueirense em 2011, com o t\u00e9cnico Jorginho. Em 2013, tive uma chance e estava meio desanimado, mas recebi a proposta curiosa do Gandzasar (clube arm\u00eanio). Na Arm\u00eania, peguei menos 10.\u00baC, menos 15.\u00baC, que foi um momento que quase me fez voltar, mas a vontade de me transferir para outro clube da Europa me fez ficar\u201d, disse em uma entrevista no ano passado. A vida na Arm\u00eania cobrou a fatura.<\/p>\n<p>Mais tarde apareceu a chance de jogar em Portugal. De novo, foi e voltou.\u00a0\u201cAcredito que em Portugal foi mais quest\u00e3o de oportunidade. Quando cheguei para assinar o contrato, havia uma comiss\u00e3o t\u00e9cnica e, ao me apresentar, j\u00e1 era outra. Vi que n\u00e3o estava sendo muito aproveitado e resolvi voltar para o Linense\u201d.<\/p>\n<p>Do Linense pulou para a Ponte Preta e, ao final do Campeonato Paulista, vai defender as cores vermelha e branca do Internacional de Porto Alegre. Conhe\u00e7a um pouco do pensamento de William Potkker, o artilheiro que virou refer\u00eancia no time de Campinas:<\/p>\n<p><strong>Espelho<\/strong><\/p>\n<p><em>\u201cO melhor jogador com quem j\u00e1 joguei foi o Loco Abreu (no Figueirense). Ele n\u00e3o era muito louco n\u00e3o, mas era um cara extrovertido, que viveu muita coisa dentro do futebol e contava v\u00e1rias hist\u00f3rias. \u00c9 um cara muito bacana. Mas me espelho muito no Hulk. N\u00e3o vou dizer que sou um cara completo, ainda sou muito novo, mas acredito que tenho muita for\u00e7a e minha principal caracter\u00edstica \u00e9 de ir para cima do advers\u00e1rio.\u201d<\/em><\/p>\n<p><strong>Sobreviv\u00eancia da fam\u00edlia<\/strong><\/p>\n<p><em>\u201cEu dependo muito disso, n\u00e3o vou dizer que mais que os outros, mas sei do que eu preciso. \u00c9\u2026 (choro) Eu sou a salva\u00e7\u00e3o da minha fam\u00edlia. Ent\u00e3o n\u00e3o tem porque eu deixar de correr, trabalhar. Minha fam\u00edlia depende de mim\u2026 Eu vejo voc\u00eas falando da minha determina\u00e7\u00e3o\u2026 N\u00e3o era para eu estar chorando, os caras v\u00e3o me zoar depois (risos). Mas eu vejo voc\u00eas falando da minha determina\u00e7\u00e3o\u2026 Me emociona. Minha fam\u00edlia depende muito de mim. Eu jamais vou deixar de correr. Pode faltar parte t\u00e9cnica, como j\u00e1 faltou, pode faltar qualquer outra coisa, mas esp\u00edrito de luta, vontade de querer fazer o melhor, isso nunca (vai faltar)\u201d,\u00a0<\/em>disse em uma coletiva de imprensa para explicar o motivo de n\u00e3o ter acertado com o Corinthians.<\/p>\n<p><em>\u201cNada vai me atrapalhar. Como vai atrapalhar um cara que precisa ajudar sete irm\u00e3os? J\u00e1 passei por coisas piores, mas jamais tirei o foco do futebol. \u00c9 a \u00fanica coisa que eu sei fazer. Se me passar uma conta, n\u00e3o sei fazer. Sa\u00ed de casa com 11 anos, querendo ajudar minha fam\u00edlia. Tenho sete irm\u00e3os, uma m\u00e3e e uma esposa que dependem de mim. Hoje estou representando um grande clube, que \u00e9 a Ponte, e minha m\u00e3e fica de barriga para cima, assistindo televis\u00e3o. Ent\u00e3o sei que tenho de continuar fazendo meu trabalho da melhor maneira poss\u00edvel\u201d<\/em>.<\/p>\n<p><strong>Paix\u00e3o<\/strong><\/p>\n<p><img data-recalc-dims=\"1\" loading=\"lazy\" decoding=\"async\" class=\" wp-image-7490     lazyloaded\" src=\"https:\/\/i0.wp.com\/cdn01.chuteirafc.cartacapital.com.br\/wp-content\/uploads\/2017\/04\/21201207\/williampotker-divulgacao-joseluissilva-715.jpg?resize=386%2C290\" alt=\"\" width=\"386\" height=\"290\" \/><\/p>\n<p><em>\u201cEu mexo com paix\u00e3o e tenho de saber lidar com isso da melhor maneira poss\u00edvel. Tenho o carinho deles (torcedores da Ponte). Ent\u00e3o, quando falaram que eu ia embora, eles sentiram tamb\u00e9m, assim como muita gente sentiu. \u00c9 respeitar o que eles sentem e procurar honrar dentro de campo. \u00c9 o m\u00ednimo que eu posso fazer\u201d.<\/em><\/p>\n<p><em>\u201cHoje dei um ponto final nesse assunto (ir para o Corinthians). Claro que v\u00e3o aparecer outras coisas. Quero deixar bem claro que, se um dia eu vier a sair, vai ser para o bem de ambas as partes. Que o torcedor n\u00e3o fique chateado. Se o Pottker mostrar bom resultado, v\u00e3o vir coisas boas tamb\u00e9m para o escudo da Ponte, que \u00e9 o mais importante. Vou dar sempre o meu melhor, pois dependo disso.<\/em><\/p>\n<p><strong>Sou o Pottker<\/strong><\/p>\n<p><em>\u201cN\u00e3o tenho porque o Pottker tirar o p\u00e9. Dependo disso, muitas pessoas precisam disso. Seria uma sacanagem muito grande comigo, com a minha fam\u00edlia, com a Ponte, com o torcedor. Ent\u00e3o o Pottker \u00e9 isso a\u00ed. N\u00e3o querendo aparecer, mas Pottker \u00e9 vontade de fazer o melhor\u201d.<\/em><\/p>\n<p><a href=\"http:\/\/chuteirafc.cartacapital.com.br\">(texto publicado no CHUTEIRA FC)<\/a><\/p>\n","protected":false},"excerpt":{"rendered":"<p>William Pottker tem 23 anos, \u00e9 casado, tem sete irm\u00e3os e sustenta a fam\u00edlia inteira com o que [&hellip;]<\/p>\n","protected":false},"author":102107496,"featured_media":35638,"comment_status":"open","ping_status":"open","sticky":false,"template":"","format":"standard","meta":{"_coblocks_attr":"","_coblocks_dimensions":"","_coblocks_responsive_height":"","_coblocks_accordion_ie_support":"","_jetpack_newsletter_access":"","_jetpack_dont_email_post_to_subs":false,"_jetpack_newsletter_tier_id":0,"_jetpack_memberships_contains_paywalled_content":false,"_wpcom_ai_launchpad_first_post":false,"_jetpack_feature_clip_id":0,"_jetpack_memberships_contains_paid_content":false,"footnotes":"","jetpack_publicize_message":"","jetpack_publicize_feature_enabled":true,"jetpack_social_post_already_shared":false,"jetpack_social_options":{"image_generator_settings":{"template":"highway","default_image_id":0,"font":"","enabled":false},"version":2},"jetpack_post_was_ever_published":false},"categories":[53870],"tags":[1058697,789560560,488177245,2089597,71656077],"class_list":["post-35632","post","type-post","status-publish","format-standard","has-post-thumbnail","hentry","category-futebol","tag-campeonato-paulista","tag-futebol","tag-paulistao-2017","tag-ponte-preta","tag-william-pottker"],"yoast_head":"<!-- This site is optimized with the Yoast SEO plugin v28.3 - https:\/\/yoast.com\/product\/yoast-seo-wordpress\/ -->\n<title>Pottker, o terror dos advers\u00e1rios da Ponte - PR\u00d3SPERI NEWS<\/title>\n<meta name=\"robots\" content=\"index, follow, max-snippet:-1, max-image-preview:large, max-video-preview:-1\" \/>\n<link rel=\"canonical\" href=\"https:\/\/blogdoprosperi.com\/?p=35632\" \/>\n<meta property=\"og:locale\" content=\"pt_BR\" \/>\n<meta property=\"og:type\" content=\"article\" \/>\n<meta property=\"og:title\" content=\"Pottker, o terror dos advers\u00e1rios da Ponte - PR\u00d3SPERI NEWS\" \/>\n<meta property=\"og:description\" content=\"William Pottker tem 23 anos, \u00e9 casado, tem sete irm\u00e3os e sustenta a fam\u00edlia inteira com o que [&hellip;]\" \/>\n<meta property=\"og:url\" content=\"https:\/\/blogdoprosperi.com\/?p=35632\" \/>\n<meta property=\"og:site_name\" content=\"PR\u00d3SPERI NEWS\" \/>\n<meta property=\"article:publisher\" content=\"Luiz Pr\u00f3speri\" \/>\n<meta property=\"article:author\" content=\"Luiz Pr\u00f3speri\" \/>\n<meta property=\"article:published_time\" content=\"2017-04-22T16:30:32+00:00\" \/>\n<meta property=\"article:modified_time\" content=\"2017-04-22T16:35:27+00:00\" \/>\n<meta property=\"og:image\" content=\"https:\/\/i0.wp.com\/blogdoprosperi.com\/wp-content\/uploads\/2017\/04\/622_5e4d139f-ec8b-3a4f-bc8e-0729d5cc7489.jpg?fit=622%2C350&ssl=1\" \/>\n\t<meta property=\"og:image:width\" content=\"622\" \/>\n\t<meta property=\"og:image:height\" content=\"350\" \/>\n\t<meta property=\"og:image:type\" content=\"image\/jpeg\" \/>\n<meta name=\"author\" content=\"Luiz Ant\u00f4nio Pr\u00f3speri\" \/>\n<meta name=\"twitter:card\" content=\"summary_large_image\" \/>\n<meta name=\"twitter:creator\" content=\"@Luizprosperi\" \/>\n<meta name=\"twitter:site\" content=\"@Luizprosperi\" \/>\n<meta name=\"twitter:label1\" content=\"Escrito por\" \/>\n\t<meta name=\"twitter:data1\" content=\"Luiz Ant\u00f4nio Pr\u00f3speri\" \/>\n\t<meta name=\"twitter:label2\" content=\"Est. tempo de leitura\" \/>\n\t<meta name=\"twitter:data2\" content=\"5 minutos\" \/>\n<script type=\"application\/ld+json\" class=\"yoast-schema-graph\">{\"@context\":\"https:\\\/\\\/schema.org\",\"@graph\":[{\"@type\":\"Article\",\"@id\":\"https:\\\/\\\/blogdoprosperi.com\\\/?p=35632#article\",\"isPartOf\":{\"@id\":\"https:\\\/\\\/blogdoprosperi.com\\\/?p=35632\"},\"author\":{\"name\":\"Luiz Ant\u00f4nio Pr\u00f3speri\",\"@id\":\"https:\\\/\\\/blogdoprosperi.com\\\/#\\\/schema\\\/person\\\/38100755ce3601861ee4fab9b5aa78e9\"},\"headline\":\"Pottker, o terror dos advers\u00e1rios da Ponte\",\"datePublished\":\"2017-04-22T16:30:32+00:00\",\"dateModified\":\"2017-04-22T16:35:27+00:00\",\"mainEntityOfPage\":{\"@id\":\"https:\\\/\\\/blogdoprosperi.com\\\/?p=35632\"},\"wordCount\":960,\"commentCount\":1,\"publisher\":{\"@id\":\"https:\\\/\\\/blogdoprosperi.com\\\/#\\\/schema\\\/person\\\/38100755ce3601861ee4fab9b5aa78e9\"},\"image\":{\"@id\":\"https:\\\/\\\/blogdoprosperi.com\\\/?p=35632#primaryimage\"},\"thumbnailUrl\":\"https:\\\/\\\/i0.wp.com\\\/blogdoprosperi.com\\\/wp-content\\\/uploads\\\/2017\\\/04\\\/622_5e4d139f-ec8b-3a4f-bc8e-0729d5cc7489.jpg?fit=622%2C350&ssl=1\",\"keywords\":[\"Campeonato Paulista\",\"futebol\",\"Paulist\u00e3o 2017\",\"Ponte Preta\",\"William Pottker\"],\"articleSection\":[\"futebol\"],\"inLanguage\":\"pt-BR\",\"potentialAction\":[{\"@type\":\"CommentAction\",\"name\":\"Comment\",\"target\":[\"https:\\\/\\\/blogdoprosperi.com\\\/?p=35632#respond\"]}]},{\"@type\":\"WebPage\",\"@id\":\"https:\\\/\\\/blogdoprosperi.com\\\/?p=35632\",\"url\":\"https:\\\/\\\/blogdoprosperi.com\\\/?p=35632\",\"name\":\"Pottker, o terror dos advers\u00e1rios da Ponte - PR\u00d3SPERI NEWS\",\"isPartOf\":{\"@id\":\"https:\\\/\\\/blogdoprosperi.com\\\/#website\"},\"primaryImageOfPage\":{\"@id\":\"https:\\\/\\\/blogdoprosperi.com\\\/?p=35632#primaryimage\"},\"image\":{\"@id\":\"https:\\\/\\\/blogdoprosperi.com\\\/?p=35632#primaryimage\"},\"thumbnailUrl\":\"https:\\\/\\\/i0.wp.com\\\/blogdoprosperi.com\\\/wp-content\\\/uploads\\\/2017\\\/04\\\/622_5e4d139f-ec8b-3a4f-bc8e-0729d5cc7489.jpg?fit=622%2C350&ssl=1\",\"datePublished\":\"2017-04-22T16:30:32+00:00\",\"dateModified\":\"2017-04-22T16:35:27+00:00\",\"breadcrumb\":{\"@id\":\"https:\\\/\\\/blogdoprosperi.com\\\/?p=35632#breadcrumb\"},\"inLanguage\":\"pt-BR\",\"potentialAction\":[{\"@type\":\"ReadAction\",\"target\":[\"https:\\\/\\\/blogdoprosperi.com\\\/?p=35632\"]}]},{\"@type\":\"ImageObject\",\"inLanguage\":\"pt-BR\",\"@id\":\"https:\\\/\\\/blogdoprosperi.com\\\/?p=35632#primaryimage\",\"url\":\"https:\\\/\\\/i0.wp.com\\\/blogdoprosperi.com\\\/wp-content\\\/uploads\\\/2017\\\/04\\\/622_5e4d139f-ec8b-3a4f-bc8e-0729d5cc7489.jpg?fit=622%2C350&ssl=1\",\"contentUrl\":\"https:\\\/\\\/i0.wp.com\\\/blogdoprosperi.com\\\/wp-content\\\/uploads\\\/2017\\\/04\\\/622_5e4d139f-ec8b-3a4f-bc8e-0729d5cc7489.jpg?fit=622%2C350&ssl=1\",\"width\":622,\"height\":350},{\"@type\":\"BreadcrumbList\",\"@id\":\"https:\\\/\\\/blogdoprosperi.com\\\/?p=35632#breadcrumb\",\"itemListElement\":[{\"@type\":\"ListItem\",\"position\":1,\"name\":\"In\u00edcio\",\"item\":\"https:\\\/\\\/blogdoprosperi.com\\\/\"},{\"@type\":\"ListItem\",\"position\":2,\"name\":\"Pottker, o terror dos advers\u00e1rios da Ponte\"}]},{\"@type\":\"WebSite\",\"@id\":\"https:\\\/\\\/blogdoprosperi.com\\\/#website\",\"url\":\"https:\\\/\\\/blogdoprosperi.com\\\/\",\"name\":\"PR\u00d3SPERI NEWS\",\"description\":\"TUDO \u00c9  FUTEBOL\",\"publisher\":{\"@id\":\"https:\\\/\\\/blogdoprosperi.com\\\/#\\\/schema\\\/person\\\/38100755ce3601861ee4fab9b5aa78e9\"},\"alternateName\":\"blogdoprosperi.com\",\"potentialAction\":[{\"@type\":\"SearchAction\",\"target\":{\"@type\":\"EntryPoint\",\"urlTemplate\":\"https:\\\/\\\/blogdoprosperi.com\\\/?s={search_term_string}\"},\"query-input\":{\"@type\":\"PropertyValueSpecification\",\"valueRequired\":true,\"valueName\":\"search_term_string\"}}],\"inLanguage\":\"pt-BR\"},{\"@type\":[\"Person\",\"Organization\"],\"@id\":\"https:\\\/\\\/blogdoprosperi.com\\\/#\\\/schema\\\/person\\\/38100755ce3601861ee4fab9b5aa78e9\",\"name\":\"Luiz Ant\u00f4nio Pr\u00f3speri\",\"pronouns\":\"ele\",\"image\":{\"@type\":\"ImageObject\",\"inLanguage\":\"pt-BR\",\"@id\":\"https:\\\/\\\/i0.wp.com\\\/blogdoprosperi.com\\\/wp-content\\\/uploads\\\/2026\\\/05\\\/cropped-8059e613-6002-42fa-961e-8e275f575d71-2-5.jpg?fit=1360%2C931&ssl=1\",\"url\":\"https:\\\/\\\/i0.wp.com\\\/blogdoprosperi.com\\\/wp-content\\\/uploads\\\/2026\\\/05\\\/cropped-8059e613-6002-42fa-961e-8e275f575d71-2-5.jpg?fit=1360%2C931&ssl=1\",\"contentUrl\":\"https:\\\/\\\/i0.wp.com\\\/blogdoprosperi.com\\\/wp-content\\\/uploads\\\/2026\\\/05\\\/cropped-8059e613-6002-42fa-961e-8e275f575d71-2-5.jpg?fit=1360%2C931&ssl=1\",\"width\":1360,\"height\":931,\"caption\":\"Luiz Ant\u00f4nio Pr\u00f3speri\"},\"logo\":{\"@id\":\"https:\\\/\\\/i0.wp.com\\\/blogdoprosperi.com\\\/wp-content\\\/uploads\\\/2026\\\/05\\\/cropped-8059e613-6002-42fa-961e-8e275f575d71-2-5.jpg?fit=1360%2C931&ssl=1\"},\"description\":\"Jornalista com carreira dedicada ao esporte. Cobriu 9 Copas do Mundo in loco, 1990 na It\u00e1lia, 1994 nos EUA, 1998 na Fran\u00e7a, 2002 na Coreia do Sul e Jap\u00e3o, 2006 na Alemanha, 2010 na \u00c1frica do Sul, 2014 no Brasil, 2018 na R\u00fassia e 2022 no Qatar. Eurocopas, 1992 na Su\u00e9cia e 1996 na Inglaterra. Copa das Confedera\u00e7\u00f5es de 2005 na Alemanha e 2009 na \u00c1frica do Sul. Rep\u00f3rter e Editor, trabalhou no Jornal da Tarde e Estad\u00e3o, de 1984 a fevereiro de 2016. Colunista, blogueiro. E comentarista de futebol na R\u00e1dio Estad\u00e3o, de 2013 a fevereiro de 2016. Jornalista respons\u00e1vel do \\\"Pr\u00f3speri News\\\" (blogdoprosperi.com).\",\"sameAs\":[\"http:\\\/\\\/blogdoprosperi.com\",\"Luiz Pr\u00f3speri\",\"@luiz_prosperi\",\"https:\\\/\\\/x.com\\\/Luizprosperi\",\"@prosperinacopa\",\"luiz.prosperi@icloud.com\"],\"url\":\"https:\\\/\\\/blogdoprosperi.com\\\/?author=102107496\"}]}<\/script>\n<!-- \/ Yoast SEO plugin. -->","yoast_head_json":{"title":"Pottker, o terror dos advers\u00e1rios da Ponte - PR\u00d3SPERI NEWS","robots":{"index":"index","follow":"follow","max-snippet":"max-snippet:-1","max-image-preview":"max-image-preview:large","max-video-preview":"max-video-preview:-1"},"canonical":"https:\/\/blogdoprosperi.com\/?p=35632","og_locale":"pt_BR","og_type":"article","og_title":"Pottker, o terror dos advers\u00e1rios da Ponte - PR\u00d3SPERI NEWS","og_description":"William Pottker tem 23 anos, \u00e9 casado, tem sete irm\u00e3os e sustenta a fam\u00edlia inteira com o que [&hellip;]","og_url":"https:\/\/blogdoprosperi.com\/?p=35632","og_site_name":"PR\u00d3SPERI NEWS","article_publisher":"Luiz Pr\u00f3speri","article_author":"Luiz Pr\u00f3speri","article_published_time":"2017-04-22T16:30:32+00:00","article_modified_time":"2017-04-22T16:35:27+00:00","og_image":[{"width":622,"height":350,"url":"https:\/\/i0.wp.com\/blogdoprosperi.com\/wp-content\/uploads\/2017\/04\/622_5e4d139f-ec8b-3a4f-bc8e-0729d5cc7489.jpg?fit=622%2C350&ssl=1","type":"image\/jpeg"}],"author":"Luiz Ant\u00f4nio Pr\u00f3speri","twitter_card":"summary_large_image","twitter_creator":"@Luizprosperi","twitter_site":"@Luizprosperi","twitter_misc":{"Escrito por":"Luiz Ant\u00f4nio Pr\u00f3speri","Est. tempo de leitura":"5 minutos"},"schema":{"@context":"https:\/\/schema.org","@graph":[{"@type":"Article","@id":"https:\/\/blogdoprosperi.com\/?p=35632#article","isPartOf":{"@id":"https:\/\/blogdoprosperi.com\/?p=35632"},"author":{"name":"Luiz Ant\u00f4nio Pr\u00f3speri","@id":"https:\/\/blogdoprosperi.com\/#\/schema\/person\/38100755ce3601861ee4fab9b5aa78e9"},"headline":"Pottker, o terror dos advers\u00e1rios da Ponte","datePublished":"2017-04-22T16:30:32+00:00","dateModified":"2017-04-22T16:35:27+00:00","mainEntityOfPage":{"@id":"https:\/\/blogdoprosperi.com\/?p=35632"},"wordCount":960,"commentCount":1,"publisher":{"@id":"https:\/\/blogdoprosperi.com\/#\/schema\/person\/38100755ce3601861ee4fab9b5aa78e9"},"image":{"@id":"https:\/\/blogdoprosperi.com\/?p=35632#primaryimage"},"thumbnailUrl":"https:\/\/i0.wp.com\/blogdoprosperi.com\/wp-content\/uploads\/2017\/04\/622_5e4d139f-ec8b-3a4f-bc8e-0729d5cc7489.jpg?fit=622%2C350&ssl=1","keywords":["Campeonato Paulista","futebol","Paulist\u00e3o 2017","Ponte Preta","William Pottker"],"articleSection":["futebol"],"inLanguage":"pt-BR","potentialAction":[{"@type":"CommentAction","name":"Comment","target":["https:\/\/blogdoprosperi.com\/?p=35632#respond"]}]},{"@type":"WebPage","@id":"https:\/\/blogdoprosperi.com\/?p=35632","url":"https:\/\/blogdoprosperi.com\/?p=35632","name":"Pottker, o terror dos advers\u00e1rios da Ponte - PR\u00d3SPERI NEWS","isPartOf":{"@id":"https:\/\/blogdoprosperi.com\/#website"},"primaryImageOfPage":{"@id":"https:\/\/blogdoprosperi.com\/?p=35632#primaryimage"},"image":{"@id":"https:\/\/blogdoprosperi.com\/?p=35632#primaryimage"},"thumbnailUrl":"https:\/\/i0.wp.com\/blogdoprosperi.com\/wp-content\/uploads\/2017\/04\/622_5e4d139f-ec8b-3a4f-bc8e-0729d5cc7489.jpg?fit=622%2C350&ssl=1","datePublished":"2017-04-22T16:30:32+00:00","dateModified":"2017-04-22T16:35:27+00:00","breadcrumb":{"@id":"https:\/\/blogdoprosperi.com\/?p=35632#breadcrumb"},"inLanguage":"pt-BR","potentialAction":[{"@type":"ReadAction","target":["https:\/\/blogdoprosperi.com\/?p=35632"]}]},{"@type":"ImageObject","inLanguage":"pt-BR","@id":"https:\/\/blogdoprosperi.com\/?p=35632#primaryimage","url":"https:\/\/i0.wp.com\/blogdoprosperi.com\/wp-content\/uploads\/2017\/04\/622_5e4d139f-ec8b-3a4f-bc8e-0729d5cc7489.jpg?fit=622%2C350&ssl=1","contentUrl":"https:\/\/i0.wp.com\/blogdoprosperi.com\/wp-content\/uploads\/2017\/04\/622_5e4d139f-ec8b-3a4f-bc8e-0729d5cc7489.jpg?fit=622%2C350&ssl=1","width":622,"height":350},{"@type":"BreadcrumbList","@id":"https:\/\/blogdoprosperi.com\/?p=35632#breadcrumb","itemListElement":[{"@type":"ListItem","position":1,"name":"In\u00edcio","item":"https:\/\/blogdoprosperi.com\/"},{"@type":"ListItem","position":2,"name":"Pottker, o terror dos advers\u00e1rios da Ponte"}]},{"@type":"WebSite","@id":"https:\/\/blogdoprosperi.com\/#website","url":"https:\/\/blogdoprosperi.com\/","name":"PR\u00d3SPERI NEWS","description":"TUDO \u00c9  FUTEBOL","publisher":{"@id":"https:\/\/blogdoprosperi.com\/#\/schema\/person\/38100755ce3601861ee4fab9b5aa78e9"},"alternateName":"blogdoprosperi.com","potentialAction":[{"@type":"SearchAction","target":{"@type":"EntryPoint","urlTemplate":"https:\/\/blogdoprosperi.com\/?s={search_term_string}"},"query-input":{"@type":"PropertyValueSpecification","valueRequired":true,"valueName":"search_term_string"}}],"inLanguage":"pt-BR"},{"@type":["Person","Organization"],"@id":"https:\/\/blogdoprosperi.com\/#\/schema\/person\/38100755ce3601861ee4fab9b5aa78e9","name":"Luiz Ant\u00f4nio Pr\u00f3speri","pronouns":"ele","image":{"@type":"ImageObject","inLanguage":"pt-BR","@id":"https:\/\/i0.wp.com\/blogdoprosperi.com\/wp-content\/uploads\/2026\/05\/cropped-8059e613-6002-42fa-961e-8e275f575d71-2-5.jpg?fit=1360%2C931&ssl=1","url":"https:\/\/i0.wp.com\/blogdoprosperi.com\/wp-content\/uploads\/2026\/05\/cropped-8059e613-6002-42fa-961e-8e275f575d71-2-5.jpg?fit=1360%2C931&ssl=1","contentUrl":"https:\/\/i0.wp.com\/blogdoprosperi.com\/wp-content\/uploads\/2026\/05\/cropped-8059e613-6002-42fa-961e-8e275f575d71-2-5.jpg?fit=1360%2C931&ssl=1","width":1360,"height":931,"caption":"Luiz Ant\u00f4nio Pr\u00f3speri"},"logo":{"@id":"https:\/\/i0.wp.com\/blogdoprosperi.com\/wp-content\/uploads\/2026\/05\/cropped-8059e613-6002-42fa-961e-8e275f575d71-2-5.jpg?fit=1360%2C931&ssl=1"},"description":"Jornalista com carreira dedicada ao esporte. Cobriu 9 Copas do Mundo in loco, 1990 na It\u00e1lia, 1994 nos EUA, 1998 na Fran\u00e7a, 2002 na Coreia do Sul e Jap\u00e3o, 2006 na Alemanha, 2010 na \u00c1frica do Sul, 2014 no Brasil, 2018 na R\u00fassia e 2022 no Qatar. Eurocopas, 1992 na Su\u00e9cia e 1996 na Inglaterra. Copa das Confedera\u00e7\u00f5es de 2005 na Alemanha e 2009 na \u00c1frica do Sul. Rep\u00f3rter e Editor, trabalhou no Jornal da Tarde e Estad\u00e3o, de 1984 a fevereiro de 2016. Colunista, blogueiro. E comentarista de futebol na R\u00e1dio Estad\u00e3o, de 2013 a fevereiro de 2016. Jornalista respons\u00e1vel do \"Pr\u00f3speri News\" (blogdoprosperi.com).","sameAs":["http:\/\/blogdoprosperi.com","Luiz Pr\u00f3speri","@luiz_prosperi","https:\/\/x.com\/Luizprosperi","@prosperinacopa","luiz.prosperi@icloud.com"],"url":"https:\/\/blogdoprosperi.com\/?author=102107496"}]}},"jetpack_publicize_connections":[],"jetpack_likes_enabled":false,"jetpack_sharing_enabled":true,"jetpack_shortlink":"https:\/\/wp.me\/p7jvdk-9gI","jetpack-related-posts":[{"id":35645,"url":"https:\/\/blogdoprosperi.com\/?p=35645","url_meta":{"origin":35632,"position":0},"title":"Ponte Preta se fortalece e enche Palmeiras de d\u00favidas","author":"Luiz Ant\u00f4nio Pr\u00f3speri","date":"23 de abril de 2017","format":false,"excerpt":"Primeiro, derrubou o Santos. Depois, o Palmeiras. A Ponte Preta chega \u00e0 final do Paulist\u00e3o 2017 muito mais forte do que se imaginava. A prova definitiva se deu no Allianz Parque com 40 mil torcedores e tendo como advers\u00e1rio um time de m\u00faltiplos recursos. N\u00e3o se apequenou em nenhum momento,\u2026","rel":"","context":"Em &quot;futebol&quot;","block_context":{"text":"futebol","link":"https:\/\/blogdoprosperi.com\/?cat=53870"},"img":{"alt_text":"","src":"https:\/\/i0.wp.com\/blogdoprosperi.com\/wp-content\/uploads\/2017\/04\/pro14.jpg?fit=1200%2C800&ssl=1&resize=350%2C200","width":350,"height":200,"srcset":"https:\/\/i0.wp.com\/blogdoprosperi.com\/wp-content\/uploads\/2017\/04\/pro14.jpg?fit=1200%2C800&ssl=1&resize=350%2C200 1x, https:\/\/i0.wp.com\/blogdoprosperi.com\/wp-content\/uploads\/2017\/04\/pro14.jpg?fit=1200%2C800&ssl=1&resize=525%2C300 1.5x, https:\/\/i0.wp.com\/blogdoprosperi.com\/wp-content\/uploads\/2017\/04\/pro14.jpg?fit=1200%2C800&ssl=1&resize=700%2C400 2x, https:\/\/i0.wp.com\/blogdoprosperi.com\/wp-content\/uploads\/2017\/04\/pro14.jpg?fit=1200%2C800&ssl=1&resize=1050%2C600 3x"},"classes":[]},{"id":22024,"url":"https:\/\/blogdoprosperi.com\/?p=22024","url_meta":{"origin":35632,"position":1},"title":"Palmeiras precisa rever urgente sua estrat\u00e9gia nos jogos no Allianz","author":"Luiz Ant\u00f4nio Pr\u00f3speri","date":"21 de agosto de 2016","format":false,"excerpt":"Palmeiras patina mais uma vez diante da Ponte Preta. Em dois jogos, fez apenas um ponto no Brasileir\u00e3o.\u00a0Ruim a um time que briga para ser campe\u00e3o. Empatar em casa contra advers\u00e1rios do escal\u00e3o intermedi\u00e1rio \u00e9 preju\u00edzo dif\u00edcil de ser recuperado. E obriga Cuca a repensar algumas estrat\u00e9gias quando voltar a\u2026","rel":"","context":"Em &quot;Campeonato Brasileiro&quot;","block_context":{"text":"Campeonato Brasileiro","link":"https:\/\/blogdoprosperi.com\/?cat=355071"},"img":{"alt_text":"","src":"https:\/\/i0.wp.com\/blogdoprosperi.com\/wp-content\/uploads\/2016\/08\/gabriel_jesus_medalha_ouro.jpg?resize=350%2C200&ssl=1","width":350,"height":200,"srcset":"https:\/\/i0.wp.com\/blogdoprosperi.com\/wp-content\/uploads\/2016\/08\/gabriel_jesus_medalha_ouro.jpg?resize=350%2C200&ssl=1 1x, https:\/\/i0.wp.com\/blogdoprosperi.com\/wp-content\/uploads\/2016\/08\/gabriel_jesus_medalha_ouro.jpg?resize=525%2C300&ssl=1 1.5x"},"classes":[]},{"id":48184,"url":"https:\/\/blogdoprosperi.com\/?p=48184","url_meta":{"origin":35632,"position":2},"title":"S\u00e3o Paulo, Um Time Invertebrado","author":"Luiz Ant\u00f4nio Pr\u00f3speri","date":"20 de fevereiro de 2025","format":false,"excerpt":"Luiz Ant\u00f4nio Pr\u00f3speri \u2013 20 fevereiro (12h31) \u2013 S\u00e3o Paulo chega \u00e0 fase de mata-mata do Paulist\u00e3o em situa\u00e7\u00e3o cr\u00edtica. No campo, tem tudo de um time invertebrado. Fora do gramado, vive crise de gest\u00e3o com sal\u00e1rios atrasados \u2013 alguns jogadores n\u00e3o recebem em dia, outros sim. Dirigentes do clube\u2026","rel":"","context":"Em &quot;futebol&quot;","block_context":{"text":"futebol","link":"https:\/\/blogdoprosperi.com\/?cat=53870"},"img":{"alt_text":"S\u00e3o Paulo, um time invertebrado","src":"https:\/\/i0.wp.com\/blogdoprosperi.com\/wp-content\/uploads\/2025\/02\/captura-de-tela-2025-02-20-as-12.31.58.png?fit=1200%2C803&ssl=1&resize=350%2C200","width":350,"height":200,"srcset":"https:\/\/i0.wp.com\/blogdoprosperi.com\/wp-content\/uploads\/2025\/02\/captura-de-tela-2025-02-20-as-12.31.58.png?fit=1200%2C803&ssl=1&resize=350%2C200 1x, https:\/\/i0.wp.com\/blogdoprosperi.com\/wp-content\/uploads\/2025\/02\/captura-de-tela-2025-02-20-as-12.31.58.png?fit=1200%2C803&ssl=1&resize=525%2C300 1.5x, https:\/\/i0.wp.com\/blogdoprosperi.com\/wp-content\/uploads\/2025\/02\/captura-de-tela-2025-02-20-as-12.31.58.png?fit=1200%2C803&ssl=1&resize=700%2C400 2x, https:\/\/i0.wp.com\/blogdoprosperi.com\/wp-content\/uploads\/2025\/02\/captura-de-tela-2025-02-20-as-12.31.58.png?fit=1200%2C803&ssl=1&resize=1050%2C600 3x"},"classes":[]},{"id":34475,"url":"https:\/\/blogdoprosperi.com\/?p=34475","url_meta":{"origin":35632,"position":3},"title":"Corinthians assusta sua torcida com \u00faltimas contrata\u00e7\u00f5es de refor\u00e7os","author":"Luiz Ant\u00f4nio Pr\u00f3speri","date":"5 de janeiro de 2017","format":false,"excerpt":"Fiel aumenta sua preocupa\u00e7\u00e3o com futuro do Corinthians. Se andava desconfiada no fim da temporada passada, com o baixo rendimento do time e a falta de op\u00e7\u00f5es no grupo de jogadores, a situa\u00e7\u00e3o se agrava neste in\u00edcio de janeiro de 2017. Tudo porque os investimentos em refor\u00e7os t\u00eam sido uma\u2026","rel":"","context":"Em &quot;futebol&quot;","block_context":{"text":"futebol","link":"https:\/\/blogdoprosperi.com\/?cat=53870"},"img":{"alt_text":"","src":"https:\/\/i0.wp.com\/blogdoprosperi.com\/wp-content\/uploads\/2017\/01\/3575201.jpg?resize=350%2C200&ssl=1","width":350,"height":200,"srcset":"https:\/\/i0.wp.com\/blogdoprosperi.com\/wp-content\/uploads\/2017\/01\/3575201.jpg?resize=350%2C200&ssl=1 1x, https:\/\/i0.wp.com\/blogdoprosperi.com\/wp-content\/uploads\/2017\/01\/3575201.jpg?resize=525%2C300&ssl=1 1.5x, https:\/\/i0.wp.com\/blogdoprosperi.com\/wp-content\/uploads\/2017\/01\/3575201.jpg?resize=700%2C400&ssl=1 2x"},"classes":[]},{"id":35361,"url":"https:\/\/blogdoprosperi.com\/?p=35361","url_meta":{"origin":35632,"position":4},"title":"Corinthians e Santos, horror e melancolia","author":"Luiz Ant\u00f4nio Pr\u00f3speri","date":"1 de abril de 2017","format":false,"excerpt":"Dif\u00edcil acreditar que o Corinthians deu apenas um chute ao gol do Botafogo de Ribeir\u00e3o Preto. Triste ainda pensar no futebol apagado do derrotado Santos diante da Ponte Preta. Dois grandes com futebol de pequenos na abertura das quartas de final do Paulist\u00e3o neste s\u00e1bado, dia da mentira. No jogo\u2026","rel":"","context":"Em &quot;futebol&quot;","block_context":{"text":"futebol","link":"https:\/\/blogdoprosperi.com\/?cat=53870"},"img":{"alt_text":"","src":"https:\/\/i0.wp.com\/blogdoprosperi.com\/wp-content\/uploads\/2017\/04\/botafogoecorinthians-1024x689.jpg?resize=350%2C200&ssl=1","width":350,"height":200,"srcset":"https:\/\/i0.wp.com\/blogdoprosperi.com\/wp-content\/uploads\/2017\/04\/botafogoecorinthians-1024x689.jpg?resize=350%2C200&ssl=1 1x, https:\/\/i0.wp.com\/blogdoprosperi.com\/wp-content\/uploads\/2017\/04\/botafogoecorinthians-1024x689.jpg?resize=525%2C300&ssl=1 1.5x, https:\/\/i0.wp.com\/blogdoprosperi.com\/wp-content\/uploads\/2017\/04\/botafogoecorinthians-1024x689.jpg?resize=700%2C400&ssl=1 2x"},"classes":[]},{"id":35503,"url":"https:\/\/blogdoprosperi.com\/?p=35503","url_meta":{"origin":35632,"position":5},"title":"Clubes querem fim da torcida \u00fanica nos cl\u00e1ssicos das semifinais do Paulist\u00e3o","author":"Luiz Ant\u00f4nio Pr\u00f3speri","date":"11 de abril de 2017","format":false,"excerpt":"Campeonato Paulista 2017 chega \u00e0s semifinais com a Federa\u00e7\u00e3o Paulista de Futebol faturando e alto e a maioria dos clubes do interior com baixa arrecada\u00e7\u00e3o. A not\u00edcia mais relevante \u00e9 que os presidentes dos clubes semifinalistas v\u00e3o pedir \u00e0s autoridades ainda nesta ter\u00e7a-feira o fim da torcida \u00fanica nessa fase\u2026","rel":"","context":"Em &quot;futebol&quot;","block_context":{"text":"futebol","link":"https:\/\/blogdoprosperi.com\/?cat=53870"},"img":{"alt_text":"","src":"https:\/\/i0.wp.com\/blogdoprosperi.com\/wp-content\/uploads\/2017\/04\/alex1605.jpg?resize=350%2C200","width":350,"height":200,"srcset":"https:\/\/i0.wp.com\/blogdoprosperi.com\/wp-content\/uploads\/2017\/04\/alex1605.jpg?resize=350%2C200 1x, https:\/\/i0.wp.com\/blogdoprosperi.com\/wp-content\/uploads\/2017\/04\/alex1605.jpg?resize=525%2C300 1.5x, https:\/\/i0.wp.com\/blogdoprosperi.com\/wp-content\/uploads\/2017\/04\/alex1605.jpg?resize=700%2C400 2x, https:\/\/i0.wp.com\/blogdoprosperi.com\/wp-content\/uploads\/2017\/04\/alex1605.jpg?resize=1050%2C600 3x, https:\/\/i0.wp.com\/blogdoprosperi.com\/wp-content\/uploads\/2017\/04\/alex1605.jpg?resize=1400%2C800 4x"},"classes":[]}],"jetpack_featured_media_url":"https:\/\/i0.wp.com\/blogdoprosperi.com\/wp-content\/uploads\/2017\/04\/622_5e4d139f-ec8b-3a4f-bc8e-0729d5cc7489.jpg?fit=622%2C350&ssl=1","_links":{"self":[{"href":"https:\/\/blogdoprosperi.com\/index.php?rest_route=\/wp\/v2\/posts\/35632","targetHints":{"allow":["GET"]}}],"collection":[{"href":"https:\/\/blogdoprosperi.com\/index.php?rest_route=\/wp\/v2\/posts"}],"about":[{"href":"https:\/\/blogdoprosperi.com\/index.php?rest_route=\/wp\/v2\/types\/post"}],"author":[{"embeddable":true,"href":"https:\/\/blogdoprosperi.com\/index.php?rest_route=\/wp\/v2\/users\/102107496"}],"replies":[{"embeddable":true,"href":"https:\/\/blogdoprosperi.com\/index.php?rest_route=%2Fwp%2Fv2%2Fcomments&post=35632"}],"version-history":[{"count":7,"href":"https:\/\/blogdoprosperi.com\/index.php?rest_route=\/wp\/v2\/posts\/35632\/revisions"}],"predecessor-version":[{"id":35640,"href":"https:\/\/blogdoprosperi.com\/index.php?rest_route=\/wp\/v2\/posts\/35632\/revisions\/35640"}],"wp:featuredmedia":[{"embeddable":true,"href":"https:\/\/blogdoprosperi.com\/index.php?rest_route=\/wp\/v2\/media\/35638"}],"wp:attachment":[{"href":"https:\/\/blogdoprosperi.com\/index.php?rest_route=%2Fwp%2Fv2%2Fmedia&parent=35632"}],"wp:term":[{"taxonomy":"category","embeddable":true,"href":"https:\/\/blogdoprosperi.com\/index.php?rest_route=%2Fwp%2Fv2%2Fcategories&post=35632"},{"taxonomy":"post_tag","embeddable":true,"href":"https:\/\/blogdoprosperi.com\/index.php?rest_route=%2Fwp%2Fv2%2Ftags&post=35632"}],"curies":[{"name":"wp","href":"https:\/\/api.w.org\/{rel}","templated":true}]}}