{"id":35645,"date":"2017-04-23T15:38:12","date_gmt":"2017-04-23T18:38:12","guid":{"rendered":"http:\/\/blogdoprosperi.com\/?p=35645"},"modified":"2017-04-23T15:38:40","modified_gmt":"2017-04-23T18:38:40","slug":"ponte-preta-se-fortalece-e-enche-palmeiras-de-duvidas","status":"publish","type":"post","link":"https:\/\/blogdoprosperi.com\/?p=35645","title":{"rendered":"Ponte Preta se fortalece e enche Palmeiras de d\u00favidas"},"content":{"rendered":"<p style=\"text-align:justify;\">Primeiro, derrubou o Santos. Depois, o Palmeiras. A Ponte Preta chega \u00e0 final do Paulist\u00e3o 2017 muito mais forte do que se imaginava. A prova definitiva se deu no Allianz Parque com 40 mil torcedores e tendo como advers\u00e1rio um time de m\u00faltiplos recursos. N\u00e3o se apequenou em nenhum momento, mesmo com a clara proposta de apenas se defender. Perdeu o jogo por 1 a 0, mas vai decidir o t\u00edtulo com o vencedor do confronto Corinthians x S\u00e3o Paulo.<!--more--><\/p>\n<p style=\"text-align:justify;\">A Ponte tem todos os motivos do mundo para acreditar que, sim, pode ser campe\u00e3.<\/p>\n<p style=\"text-align:justify;\">Suas credenciais passam por uma boa estrutura no meio \u2013 com Fernando Bob, Elton e Jadson \u2013 e um ataque solid\u00e1rio, forte e r\u00e1pido com Pottker, Clayson e Lucca. Em casa, \u00e9 quase imbat\u00edvel. Fora de seus dom\u00ednios joga com enorme confian\u00e7a. Joga como uma grande for\u00e7a, de time de S\u00e9rie A, e com a sua hist\u00f3ria e tradi\u00e7\u00e3o. N\u00e3o chegou at\u00e9 aqui por obra do acaso ou vacilo dos gigantes.<\/p>\n<p style=\"text-align:justify;\">No jogo no s\u00e1bado (22\/4), o Palmeiras precisava reverter uma desvantagem de tr\u00eas gols. Por isso, Eduardo Baptista surpreendeu ao optar por tr\u00eas zagueiros, com Felipe Melo caindo pelo setor esquerdo na linha defensiva com Edu Dracena e Mina. Dessa forma, os laterais Jean e Egidio atuaram como alas. Perfeito do ponto de vista ofensivo, mas sem ningu\u00e9m para pensar o jogo. A sa\u00edda de bola era de responsabilidade de Tch\u00ea Tch\u00ea ou uma e outra investida de Mina. Dudu e Guerra, enfiados no ataque, pouco articularam.<\/p>\n<div class=\"tiled-gallery type-rectangular tiled-gallery-unresized\" data-original-width=\"940\" data-carousel-extra='{&quot;blog_id&quot;:1,&quot;permalink&quot;:&quot;https:\\\/\\\/blogdoprosperi.com\\\/?p=35645&quot;,&quot;likes_blog_id&quot;:108082574}' itemscope itemtype=\"http:\/\/schema.org\/ImageGallery\" > <div class=\"gallery-row\" style=\"width: 940px; height: 419px;\" data-original-width=\"940\" data-original-height=\"419\" > <div class=\"gallery-group images-1\" style=\"width: 627px; height: 419px;\" data-original-width=\"627\" data-original-height=\"419\" > <div class=\"tiled-gallery-item tiled-gallery-item-large\" itemprop=\"associatedMedia\" itemscope itemtype=\"http:\/\/schema.org\/ImageObject\"> <a href=\"https:\/\/blogdoprosperi.com\/?attachment_id=35650\" border=\"0\" itemprop=\"url\"> <meta itemprop=\"width\" content=\"623\"> <meta itemprop=\"height\" content=\"415\"> <img decoding=\"async\" class=\"\" data-attachment-id=\"35650\" data-orig-file=\"https:\/\/blogdoprosperi.com\/wp-content\/uploads\/2017\/04\/pro12.jpg\" data-orig-size=\"3556,2370\" data-comments-opened=\"1\" data-image-meta=\"{&quot;aperture&quot;:&quot;3.2&quot;,&quot;credit&quot;:&quot;&quot;,&quot;camera&quot;:&quot;Canon EOS-1D X&quot;,&quot;caption&quot;:&quot;&quot;,&quot;created_timestamp&quot;:&quot;1492892181&quot;,&quot;copyright&quot;:&quot;ALEX SILVA\\\/ESTADAO&quot;,&quot;focal_length&quot;:&quot;400&quot;,&quot;iso&quot;:&quot;2000&quot;,&quot;shutter_speed&quot;:&quot;0.00125&quot;,&quot;title&quot;:&quot;&quot;,&quot;orientation&quot;:&quot;1&quot;}\" data-image-title=\"pro12\" data-image-description=\"\" data-medium-file=\"https:\/\/i0.wp.com\/blogdoprosperi.com\/wp-content\/uploads\/2017\/04\/pro12.jpg?fit=567%2C378&#038;ssl=1\" data-large-file=\"https:\/\/i0.wp.com\/blogdoprosperi.com\/wp-content\/uploads\/2017\/04\/pro12.jpg?fit=940%2C626&#038;ssl=1\" src=\"https:\/\/i0.wp.com\/blogdoprosperi.com\/wp-content\/uploads\/2017\/04\/pro12.jpg?w=623&#038;h=415&#038;ssl=1\" width=\"623\" height=\"415\" loading=\"lazy\" data-original-width=\"623\" data-original-height=\"415\" itemprop=\"http:\/\/schema.org\/image\" title=\"pro12\" alt=\"pro12\" style=\"width: 623px; height: 415px;\" \/> <\/a> <\/div> <\/div> <!-- close group --> <div class=\"gallery-group images-2\" style=\"width: 313px; height: 419px;\" data-original-width=\"313\" data-original-height=\"419\" > <div class=\"tiled-gallery-item tiled-gallery-item-large\" itemprop=\"associatedMedia\" itemscope itemtype=\"http:\/\/schema.org\/ImageObject\"> <a href=\"https:\/\/blogdoprosperi.com\/?attachment_id=35649\" border=\"0\" itemprop=\"url\"> <meta itemprop=\"width\" content=\"309\"> <meta itemprop=\"height\" content=\"206\"> <img decoding=\"async\" class=\"\" data-attachment-id=\"35649\" data-orig-file=\"https:\/\/blogdoprosperi.com\/wp-content\/uploads\/2017\/04\/pro9-2.jpg\" data-orig-size=\"5184,3456\" data-comments-opened=\"1\" data-image-meta=\"{&quot;aperture&quot;:&quot;3.5&quot;,&quot;credit&quot;:&quot;&quot;,&quot;camera&quot;:&quot;Canon EOS-1D X&quot;,&quot;caption&quot;:&quot;&quot;,&quot;created_timestamp&quot;:&quot;1492889678&quot;,&quot;copyright&quot;:&quot;ALEX SILVA\\\/ESTADAO&quot;,&quot;focal_length&quot;:&quot;400&quot;,&quot;iso&quot;:&quot;2000&quot;,&quot;shutter_speed&quot;:&quot;0.001&quot;,&quot;title&quot;:&quot;&quot;,&quot;orientation&quot;:&quot;1&quot;}\" data-image-title=\"pro9 (2)\" data-image-description=\"\" data-medium-file=\"https:\/\/i0.wp.com\/blogdoprosperi.com\/wp-content\/uploads\/2017\/04\/pro9-2.jpg?fit=567%2C378&#038;ssl=1\" data-large-file=\"https:\/\/i0.wp.com\/blogdoprosperi.com\/wp-content\/uploads\/2017\/04\/pro9-2.jpg?fit=940%2C627&#038;ssl=1\" src=\"https:\/\/i0.wp.com\/blogdoprosperi.com\/wp-content\/uploads\/2017\/04\/pro9-2.jpg?w=309&#038;h=206&#038;ssl=1\" width=\"309\" height=\"206\" loading=\"lazy\" data-original-width=\"309\" data-original-height=\"206\" itemprop=\"http:\/\/schema.org\/image\" title=\"pro9 (2)\" alt=\"pro9 (2)\" style=\"width: 309px; height: 206px;\" \/> <\/a> <\/div> <div class=\"tiled-gallery-item tiled-gallery-item-large\" itemprop=\"associatedMedia\" itemscope itemtype=\"http:\/\/schema.org\/ImageObject\"> <a href=\"https:\/\/blogdoprosperi.com\/?attachment_id=35647\" border=\"0\" itemprop=\"url\"> <meta itemprop=\"width\" content=\"309\"> <meta itemprop=\"height\" content=\"205\"> <img decoding=\"async\" class=\"\" data-attachment-id=\"35647\" data-orig-file=\"https:\/\/blogdoprosperi.com\/wp-content\/uploads\/2017\/04\/pro7-1.jpg\" data-orig-size=\"3081,2054\" data-comments-opened=\"1\" data-image-meta=\"{&quot;aperture&quot;:&quot;3.5&quot;,&quot;credit&quot;:&quot;&quot;,&quot;camera&quot;:&quot;Canon EOS-1D X&quot;,&quot;caption&quot;:&quot;&quot;,&quot;created_timestamp&quot;:&quot;1492889678&quot;,&quot;copyright&quot;:&quot;ALEX SILVA\\\/ESTADAO&quot;,&quot;focal_length&quot;:&quot;400&quot;,&quot;iso&quot;:&quot;2000&quot;,&quot;shutter_speed&quot;:&quot;0.001&quot;,&quot;title&quot;:&quot;&quot;,&quot;orientation&quot;:&quot;1&quot;}\" data-image-title=\"pro7 (1)\" data-image-description=\"\" data-medium-file=\"https:\/\/i0.wp.com\/blogdoprosperi.com\/wp-content\/uploads\/2017\/04\/pro7-1.jpg?fit=567%2C378&#038;ssl=1\" data-large-file=\"https:\/\/i0.wp.com\/blogdoprosperi.com\/wp-content\/uploads\/2017\/04\/pro7-1.jpg?fit=940%2C627&#038;ssl=1\" src=\"https:\/\/i0.wp.com\/blogdoprosperi.com\/wp-content\/uploads\/2017\/04\/pro7-1.jpg?w=309&#038;h=205&#038;ssl=1\" width=\"309\" height=\"205\" loading=\"lazy\" data-original-width=\"309\" data-original-height=\"205\" itemprop=\"http:\/\/schema.org\/image\" title=\"pro7 (1)\" alt=\"pro7 (1)\" style=\"width: 309px; height: 205px;\" \/> <\/a> <\/div> <\/div> <!-- close group --> <\/div> <!-- close row --> <div class=\"gallery-row\" style=\"width: 940px; height: 531px;\" data-original-width=\"940\" data-original-height=\"531\" > <div class=\"gallery-group images-1\" style=\"width: 940px; height: 531px;\" data-original-width=\"940\" data-original-height=\"531\" > <div class=\"tiled-gallery-item tiled-gallery-item-large\" itemprop=\"associatedMedia\" itemscope itemtype=\"http:\/\/schema.org\/ImageObject\"> <a href=\"https:\/\/blogdoprosperi.com\/?attachment_id=35638\" border=\"0\" itemprop=\"url\"> <meta itemprop=\"width\" content=\"936\"> <meta itemprop=\"height\" content=\"527\"> <img decoding=\"async\" class=\"\" data-attachment-id=\"35638\" data-orig-file=\"https:\/\/blogdoprosperi.com\/wp-content\/uploads\/2017\/04\/622_5e4d139f-ec8b-3a4f-bc8e-0729d5cc7489.jpg\" data-orig-size=\"622,350\" data-comments-opened=\"1\" data-image-meta=\"{&quot;aperture&quot;:&quot;0&quot;,&quot;credit&quot;:&quot;&quot;,&quot;camera&quot;:&quot;&quot;,&quot;caption&quot;:&quot;&quot;,&quot;created_timestamp&quot;:&quot;0&quot;,&quot;copyright&quot;:&quot;&quot;,&quot;focal_length&quot;:&quot;0&quot;,&quot;iso&quot;:&quot;0&quot;,&quot;shutter_speed&quot;:&quot;0&quot;,&quot;title&quot;:&quot;&quot;,&quot;orientation&quot;:&quot;0&quot;}\" data-image-title=\"622_5e4d139f-ec8b-3a4f-bc8e-0729d5cc7489\" data-image-description=\"\" data-medium-file=\"https:\/\/i0.wp.com\/blogdoprosperi.com\/wp-content\/uploads\/2017\/04\/622_5e4d139f-ec8b-3a4f-bc8e-0729d5cc7489.jpg?fit=622%2C350&#038;ssl=1\" data-large-file=\"https:\/\/i0.wp.com\/blogdoprosperi.com\/wp-content\/uploads\/2017\/04\/622_5e4d139f-ec8b-3a4f-bc8e-0729d5cc7489.jpg?fit=622%2C350&#038;ssl=1\" src=\"https:\/\/i0.wp.com\/blogdoprosperi.com\/wp-content\/uploads\/2017\/04\/622_5e4d139f-ec8b-3a4f-bc8e-0729d5cc7489.jpg?w=936&#038;h=527&#038;ssl=1\" width=\"936\" height=\"527\" loading=\"lazy\" data-original-width=\"936\" data-original-height=\"527\" itemprop=\"http:\/\/schema.org\/image\" title=\"622_5e4d139f-ec8b-3a4f-bc8e-0729d5cc7489\" alt=\"622_5e4d139f-ec8b-3a4f-bc8e-0729d5cc7489\" style=\"width: 936px; height: 527px;\" \/> <\/a> <\/div> <\/div> <!-- close group --> <\/div> <!-- close row --> <\/div>\n<p style=\"text-align:justify;\">Outro problema: havia pressa demais no Palmeiras. Uma ansiedade de guerreiros quando entram na batalha prontos a destruir o que encontram pelo caminho. Assim a grande \u00e1rea de Aranha virou um campo de guerra. Bolas despejadas uma atr\u00e1s da outra. Chutes, cabe\u00e7adas, corpo a corpo, falta de pontaria e, quando alcan\u00e7ava o alvo, o goleiro da Ponte se virava. Para quem precisava de muitos gols, o preju\u00edzo ficou na conta do time de Baptista.<\/p>\n<p style=\"text-align:justify;\">No segundo tempo, o Palmeiras acelerou ainda mais em busca do gol. Teve cabe\u00e7a no lugar apenas nos 15 minutos. Depois passou a jogar mais com cora\u00e7\u00e3o do que com raz\u00e3o. E seu repert\u00f3rio se resumiu aos cruzamentos na \u00e1rea de Aranha.<\/p>\n<p style=\"text-align:justify;\">O time de Campinas n\u00e3o se desesperou. Continuou na sua toada de marcar forte, suportar a press\u00e3o de mais de 39 mil pessoas, minar o advers\u00e1rio no lado emocional e fazer valer sua enorme vantagem de ter feito tr\u00eas gols no jogo de ida em casa. Era quest\u00e3o de gastar o tempo e garantir a vaga.<\/p>\n<p style=\"text-align:justify;\">Quando sofreu o gol de Felipe Melo, aos 36 minutos, a Ponte sabia que era tarde para uma rea\u00e7\u00e3o fulminante do Palmeiras. E sustentou at\u00e9 o fim.<\/p>\n<p style=\"text-align:justify;\">Ao apito final, restou o Allianz Parque aplaudir o esfor\u00e7o dos palmeirenses. Agora a press\u00e3o passa a ser a Copa Libertadores. Como no refr\u00e3o da torcida, obsess\u00e3o. O time de Eduardo Baptista e o pr\u00f3prio treinador t\u00eam de dar uma boa resposta a sua gente. Caso contr\u00e1rio, o clube vai arder.<\/p>\n<p style=\"text-align:justify;\">Mauricio Galiotte, presidente do Palmeiras, disse assim ao final da partida: \u201cO Palmeiras sai hoje do Campeonato Paulista mais forte\u201d. Torcedores est\u00e3o com a palavra.<\/p>\n<p style=\"text-align:justify;\"><div class=\"jetpack-video-wrapper\"><span class=\"embed-youtube\" style=\"text-align:center; display: block;\"><iframe loading=\"lazy\" class=\"youtube-player\" width=\"940\" height=\"529\" src=\"https:\/\/www.youtube.com\/embed\/ITgImFJ1Pg8?version=3&#038;rel=1&#038;showsearch=0&#038;showinfo=1&#038;iv_load_policy=1&#038;fs=1&#038;hl=pt-BR&#038;autohide=2&#038;wmode=transparent\" allowfullscreen=\"true\" style=\"border:0;\" sandbox=\"allow-scripts allow-same-origin allow-popups allow-presentation allow-popups-to-escape-sandbox\"><\/iframe><\/span><\/div><\/p>\n<p style=\"text-align:justify;\"><a href=\"http:\/\/chuteirafc.cartacapital.com.br\">(texto publicado no CHUTEIRA FC)<\/a><\/p>\n","protected":false},"excerpt":{"rendered":"<p>Primeiro, derrubou o Santos. Depois, o Palmeiras. A Ponte Preta chega \u00e0 final do Paulist\u00e3o 2017 muito mais [&hellip;]<\/p>\n","protected":false},"author":102107496,"featured_media":35651,"comment_status":"open","ping_status":"open","sticky":false,"template":"","format":"standard","meta":{"_coblocks_attr":"","_coblocks_dimensions":"","_coblocks_responsive_height":"","_coblocks_accordion_ie_support":"","_jetpack_newsletter_access":"","_jetpack_dont_email_post_to_subs":false,"_jetpack_newsletter_tier_id":0,"_jetpack_memberships_contains_paywalled_content":false,"_wpcom_ai_launchpad_first_post":false,"_jetpack_feature_clip_id":0,"_jetpack_memberships_contains_paid_content":false,"footnotes":"","jetpack_publicize_message":"","jetpack_publicize_feature_enabled":true,"jetpack_social_post_already_shared":false,"jetpack_social_options":{"image_generator_settings":{"template":"highway","default_image_id":0,"font":"","enabled":false},"version":2},"jetpack_post_was_ever_published":false},"categories":[53870],"tags":[11006842,789560560,287104,387179486,2089597],"class_list":["post-35645","post","type-post","status-publish","format-standard","has-post-thumbnail","hentry","category-futebol","tag-eduardo-baptista","tag-futebol","tag-palmeiras","tag-paulistao-2016","tag-ponte-preta"],"yoast_head":"<!-- This site is optimized with the Yoast SEO plugin v28.3 - https:\/\/yoast.com\/product\/yoast-seo-wordpress\/ -->\n<title>Ponte Preta se fortalece e enche Palmeiras de d\u00favidas - PR\u00d3SPERI NEWS<\/title>\n<meta name=\"robots\" content=\"index, follow, max-snippet:-1, max-image-preview:large, max-video-preview:-1\" \/>\n<link rel=\"canonical\" href=\"https:\/\/blogdoprosperi.com\/?p=35645\" \/>\n<meta property=\"og:locale\" content=\"pt_BR\" \/>\n<meta property=\"og:type\" content=\"article\" \/>\n<meta property=\"og:title\" content=\"Ponte Preta se fortalece e enche Palmeiras de d\u00favidas - PR\u00d3SPERI NEWS\" \/>\n<meta property=\"og:description\" content=\"Primeiro, derrubou o Santos. Depois, o Palmeiras. A Ponte Preta chega \u00e0 final do Paulist\u00e3o 2017 muito mais [&hellip;]\" \/>\n<meta property=\"og:url\" content=\"https:\/\/blogdoprosperi.com\/?p=35645\" \/>\n<meta property=\"og:site_name\" content=\"PR\u00d3SPERI NEWS\" \/>\n<meta property=\"article:publisher\" content=\"Luiz Pr\u00f3speri\" \/>\n<meta property=\"article:author\" content=\"Luiz Pr\u00f3speri\" \/>\n<meta property=\"article:published_time\" content=\"2017-04-23T18:38:12+00:00\" \/>\n<meta property=\"article:modified_time\" content=\"2017-04-23T18:38:40+00:00\" \/>\n<meta property=\"og:image\" content=\"https:\/\/i0.wp.com\/blogdoprosperi.com\/wp-content\/uploads\/2017\/04\/pro14.jpg?fit=4036%2C2690&ssl=1\" \/>\n\t<meta property=\"og:image:width\" content=\"4036\" \/>\n\t<meta property=\"og:image:height\" content=\"2690\" \/>\n\t<meta property=\"og:image:type\" content=\"image\/jpeg\" \/>\n<meta name=\"author\" content=\"Luiz Ant\u00f4nio Pr\u00f3speri\" \/>\n<meta name=\"twitter:card\" content=\"summary_large_image\" \/>\n<meta name=\"twitter:creator\" content=\"@Luizprosperi\" \/>\n<meta name=\"twitter:site\" content=\"@Luizprosperi\" \/>\n<meta name=\"twitter:label1\" content=\"Escrito por\" \/>\n\t<meta name=\"twitter:data1\" content=\"Luiz Ant\u00f4nio Pr\u00f3speri\" \/>\n\t<meta name=\"twitter:label2\" content=\"Est. tempo de leitura\" \/>\n\t<meta name=\"twitter:data2\" content=\"3 minutos\" \/>\n<script type=\"application\/ld+json\" class=\"yoast-schema-graph\">{\"@context\":\"https:\\\/\\\/schema.org\",\"@graph\":[{\"@type\":\"Article\",\"@id\":\"https:\\\/\\\/blogdoprosperi.com\\\/?p=35645#article\",\"isPartOf\":{\"@id\":\"https:\\\/\\\/blogdoprosperi.com\\\/?p=35645\"},\"author\":{\"name\":\"Luiz Ant\u00f4nio Pr\u00f3speri\",\"@id\":\"https:\\\/\\\/blogdoprosperi.com\\\/#\\\/schema\\\/person\\\/38100755ce3601861ee4fab9b5aa78e9\"},\"headline\":\"Ponte Preta se fortalece e enche Palmeiras de d\u00favidas\",\"datePublished\":\"2017-04-23T18:38:12+00:00\",\"dateModified\":\"2017-04-23T18:38:40+00:00\",\"mainEntityOfPage\":{\"@id\":\"https:\\\/\\\/blogdoprosperi.com\\\/?p=35645\"},\"wordCount\":589,\"commentCount\":0,\"publisher\":{\"@id\":\"https:\\\/\\\/blogdoprosperi.com\\\/#\\\/schema\\\/person\\\/38100755ce3601861ee4fab9b5aa78e9\"},\"image\":{\"@id\":\"https:\\\/\\\/blogdoprosperi.com\\\/?p=35645#primaryimage\"},\"thumbnailUrl\":\"https:\\\/\\\/i0.wp.com\\\/blogdoprosperi.com\\\/wp-content\\\/uploads\\\/2017\\\/04\\\/pro14.jpg?fit=4036%2C2690&ssl=1\",\"keywords\":[\"Eduardo Baptista\",\"futebol\",\"Palmeiras\",\"Paulist\u00e3o 2016\",\"Ponte Preta\"],\"articleSection\":[\"futebol\"],\"inLanguage\":\"pt-BR\",\"potentialAction\":[{\"@type\":\"CommentAction\",\"name\":\"Comment\",\"target\":[\"https:\\\/\\\/blogdoprosperi.com\\\/?p=35645#respond\"]}]},{\"@type\":\"WebPage\",\"@id\":\"https:\\\/\\\/blogdoprosperi.com\\\/?p=35645\",\"url\":\"https:\\\/\\\/blogdoprosperi.com\\\/?p=35645\",\"name\":\"Ponte Preta se fortalece e enche Palmeiras de d\u00favidas - PR\u00d3SPERI NEWS\",\"isPartOf\":{\"@id\":\"https:\\\/\\\/blogdoprosperi.com\\\/#website\"},\"primaryImageOfPage\":{\"@id\":\"https:\\\/\\\/blogdoprosperi.com\\\/?p=35645#primaryimage\"},\"image\":{\"@id\":\"https:\\\/\\\/blogdoprosperi.com\\\/?p=35645#primaryimage\"},\"thumbnailUrl\":\"https:\\\/\\\/i0.wp.com\\\/blogdoprosperi.com\\\/wp-content\\\/uploads\\\/2017\\\/04\\\/pro14.jpg?fit=4036%2C2690&ssl=1\",\"datePublished\":\"2017-04-23T18:38:12+00:00\",\"dateModified\":\"2017-04-23T18:38:40+00:00\",\"breadcrumb\":{\"@id\":\"https:\\\/\\\/blogdoprosperi.com\\\/?p=35645#breadcrumb\"},\"inLanguage\":\"pt-BR\",\"potentialAction\":[{\"@type\":\"ReadAction\",\"target\":[\"https:\\\/\\\/blogdoprosperi.com\\\/?p=35645\"]}]},{\"@type\":\"ImageObject\",\"inLanguage\":\"pt-BR\",\"@id\":\"https:\\\/\\\/blogdoprosperi.com\\\/?p=35645#primaryimage\",\"url\":\"https:\\\/\\\/i0.wp.com\\\/blogdoprosperi.com\\\/wp-content\\\/uploads\\\/2017\\\/04\\\/pro14.jpg?fit=4036%2C2690&ssl=1\",\"contentUrl\":\"https:\\\/\\\/i0.wp.com\\\/blogdoprosperi.com\\\/wp-content\\\/uploads\\\/2017\\\/04\\\/pro14.jpg?fit=4036%2C2690&ssl=1\",\"width\":4036,\"height\":2690},{\"@type\":\"BreadcrumbList\",\"@id\":\"https:\\\/\\\/blogdoprosperi.com\\\/?p=35645#breadcrumb\",\"itemListElement\":[{\"@type\":\"ListItem\",\"position\":1,\"name\":\"In\u00edcio\",\"item\":\"https:\\\/\\\/blogdoprosperi.com\\\/\"},{\"@type\":\"ListItem\",\"position\":2,\"name\":\"Ponte Preta se fortalece e enche Palmeiras de d\u00favidas\"}]},{\"@type\":\"WebSite\",\"@id\":\"https:\\\/\\\/blogdoprosperi.com\\\/#website\",\"url\":\"https:\\\/\\\/blogdoprosperi.com\\\/\",\"name\":\"PR\u00d3SPERI NEWS\",\"description\":\"TUDO \u00c9  FUTEBOL\",\"publisher\":{\"@id\":\"https:\\\/\\\/blogdoprosperi.com\\\/#\\\/schema\\\/person\\\/38100755ce3601861ee4fab9b5aa78e9\"},\"alternateName\":\"blogdoprosperi.com\",\"potentialAction\":[{\"@type\":\"SearchAction\",\"target\":{\"@type\":\"EntryPoint\",\"urlTemplate\":\"https:\\\/\\\/blogdoprosperi.com\\\/?s={search_term_string}\"},\"query-input\":{\"@type\":\"PropertyValueSpecification\",\"valueRequired\":true,\"valueName\":\"search_term_string\"}}],\"inLanguage\":\"pt-BR\"},{\"@type\":[\"Person\",\"Organization\"],\"@id\":\"https:\\\/\\\/blogdoprosperi.com\\\/#\\\/schema\\\/person\\\/38100755ce3601861ee4fab9b5aa78e9\",\"name\":\"Luiz Ant\u00f4nio Pr\u00f3speri\",\"pronouns\":\"ele\",\"image\":{\"@type\":\"ImageObject\",\"inLanguage\":\"pt-BR\",\"@id\":\"https:\\\/\\\/i0.wp.com\\\/blogdoprosperi.com\\\/wp-content\\\/uploads\\\/2026\\\/05\\\/cropped-8059e613-6002-42fa-961e-8e275f575d71-2-5.jpg?fit=1360%2C931&ssl=1\",\"url\":\"https:\\\/\\\/i0.wp.com\\\/blogdoprosperi.com\\\/wp-content\\\/uploads\\\/2026\\\/05\\\/cropped-8059e613-6002-42fa-961e-8e275f575d71-2-5.jpg?fit=1360%2C931&ssl=1\",\"contentUrl\":\"https:\\\/\\\/i0.wp.com\\\/blogdoprosperi.com\\\/wp-content\\\/uploads\\\/2026\\\/05\\\/cropped-8059e613-6002-42fa-961e-8e275f575d71-2-5.jpg?fit=1360%2C931&ssl=1\",\"width\":1360,\"height\":931,\"caption\":\"Luiz Ant\u00f4nio Pr\u00f3speri\"},\"logo\":{\"@id\":\"https:\\\/\\\/i0.wp.com\\\/blogdoprosperi.com\\\/wp-content\\\/uploads\\\/2026\\\/05\\\/cropped-8059e613-6002-42fa-961e-8e275f575d71-2-5.jpg?fit=1360%2C931&ssl=1\"},\"description\":\"Jornalista com carreira dedicada ao esporte. Cobriu 9 Copas do Mundo in loco, 1990 na It\u00e1lia, 1994 nos EUA, 1998 na Fran\u00e7a, 2002 na Coreia do Sul e Jap\u00e3o, 2006 na Alemanha, 2010 na \u00c1frica do Sul, 2014 no Brasil, 2018 na R\u00fassia e 2022 no Qatar. Eurocopas, 1992 na Su\u00e9cia e 1996 na Inglaterra. Copa das Confedera\u00e7\u00f5es de 2005 na Alemanha e 2009 na \u00c1frica do Sul. Rep\u00f3rter e Editor, trabalhou no Jornal da Tarde e Estad\u00e3o, de 1984 a fevereiro de 2016. Colunista, blogueiro. E comentarista de futebol na R\u00e1dio Estad\u00e3o, de 2013 a fevereiro de 2016. Jornalista respons\u00e1vel do \\\"Pr\u00f3speri News\\\" (blogdoprosperi.com).\",\"sameAs\":[\"http:\\\/\\\/blogdoprosperi.com\",\"Luiz Pr\u00f3speri\",\"@luiz_prosperi\",\"https:\\\/\\\/x.com\\\/Luizprosperi\",\"@prosperinacopa\",\"luiz.prosperi@icloud.com\"],\"url\":\"https:\\\/\\\/blogdoprosperi.com\\\/?author=102107496\"}]}<\/script>\n<!-- \/ Yoast SEO plugin. -->","yoast_head_json":{"title":"Ponte Preta se fortalece e enche Palmeiras de d\u00favidas - PR\u00d3SPERI NEWS","robots":{"index":"index","follow":"follow","max-snippet":"max-snippet:-1","max-image-preview":"max-image-preview:large","max-video-preview":"max-video-preview:-1"},"canonical":"https:\/\/blogdoprosperi.com\/?p=35645","og_locale":"pt_BR","og_type":"article","og_title":"Ponte Preta se fortalece e enche Palmeiras de d\u00favidas - PR\u00d3SPERI NEWS","og_description":"Primeiro, derrubou o Santos. Depois, o Palmeiras. A Ponte Preta chega \u00e0 final do Paulist\u00e3o 2017 muito mais [&hellip;]","og_url":"https:\/\/blogdoprosperi.com\/?p=35645","og_site_name":"PR\u00d3SPERI NEWS","article_publisher":"Luiz Pr\u00f3speri","article_author":"Luiz Pr\u00f3speri","article_published_time":"2017-04-23T18:38:12+00:00","article_modified_time":"2017-04-23T18:38:40+00:00","og_image":[{"width":4036,"height":2690,"url":"https:\/\/i0.wp.com\/blogdoprosperi.com\/wp-content\/uploads\/2017\/04\/pro14.jpg?fit=4036%2C2690&ssl=1","type":"image\/jpeg"}],"author":"Luiz Ant\u00f4nio Pr\u00f3speri","twitter_card":"summary_large_image","twitter_creator":"@Luizprosperi","twitter_site":"@Luizprosperi","twitter_misc":{"Escrito por":"Luiz Ant\u00f4nio Pr\u00f3speri","Est. tempo de leitura":"3 minutos"},"schema":{"@context":"https:\/\/schema.org","@graph":[{"@type":"Article","@id":"https:\/\/blogdoprosperi.com\/?p=35645#article","isPartOf":{"@id":"https:\/\/blogdoprosperi.com\/?p=35645"},"author":{"name":"Luiz Ant\u00f4nio Pr\u00f3speri","@id":"https:\/\/blogdoprosperi.com\/#\/schema\/person\/38100755ce3601861ee4fab9b5aa78e9"},"headline":"Ponte Preta se fortalece e enche Palmeiras de d\u00favidas","datePublished":"2017-04-23T18:38:12+00:00","dateModified":"2017-04-23T18:38:40+00:00","mainEntityOfPage":{"@id":"https:\/\/blogdoprosperi.com\/?p=35645"},"wordCount":589,"commentCount":0,"publisher":{"@id":"https:\/\/blogdoprosperi.com\/#\/schema\/person\/38100755ce3601861ee4fab9b5aa78e9"},"image":{"@id":"https:\/\/blogdoprosperi.com\/?p=35645#primaryimage"},"thumbnailUrl":"https:\/\/i0.wp.com\/blogdoprosperi.com\/wp-content\/uploads\/2017\/04\/pro14.jpg?fit=4036%2C2690&ssl=1","keywords":["Eduardo Baptista","futebol","Palmeiras","Paulist\u00e3o 2016","Ponte Preta"],"articleSection":["futebol"],"inLanguage":"pt-BR","potentialAction":[{"@type":"CommentAction","name":"Comment","target":["https:\/\/blogdoprosperi.com\/?p=35645#respond"]}]},{"@type":"WebPage","@id":"https:\/\/blogdoprosperi.com\/?p=35645","url":"https:\/\/blogdoprosperi.com\/?p=35645","name":"Ponte Preta se fortalece e enche Palmeiras de d\u00favidas - PR\u00d3SPERI NEWS","isPartOf":{"@id":"https:\/\/blogdoprosperi.com\/#website"},"primaryImageOfPage":{"@id":"https:\/\/blogdoprosperi.com\/?p=35645#primaryimage"},"image":{"@id":"https:\/\/blogdoprosperi.com\/?p=35645#primaryimage"},"thumbnailUrl":"https:\/\/i0.wp.com\/blogdoprosperi.com\/wp-content\/uploads\/2017\/04\/pro14.jpg?fit=4036%2C2690&ssl=1","datePublished":"2017-04-23T18:38:12+00:00","dateModified":"2017-04-23T18:38:40+00:00","breadcrumb":{"@id":"https:\/\/blogdoprosperi.com\/?p=35645#breadcrumb"},"inLanguage":"pt-BR","potentialAction":[{"@type":"ReadAction","target":["https:\/\/blogdoprosperi.com\/?p=35645"]}]},{"@type":"ImageObject","inLanguage":"pt-BR","@id":"https:\/\/blogdoprosperi.com\/?p=35645#primaryimage","url":"https:\/\/i0.wp.com\/blogdoprosperi.com\/wp-content\/uploads\/2017\/04\/pro14.jpg?fit=4036%2C2690&ssl=1","contentUrl":"https:\/\/i0.wp.com\/blogdoprosperi.com\/wp-content\/uploads\/2017\/04\/pro14.jpg?fit=4036%2C2690&ssl=1","width":4036,"height":2690},{"@type":"BreadcrumbList","@id":"https:\/\/blogdoprosperi.com\/?p=35645#breadcrumb","itemListElement":[{"@type":"ListItem","position":1,"name":"In\u00edcio","item":"https:\/\/blogdoprosperi.com\/"},{"@type":"ListItem","position":2,"name":"Ponte Preta se fortalece e enche Palmeiras de d\u00favidas"}]},{"@type":"WebSite","@id":"https:\/\/blogdoprosperi.com\/#website","url":"https:\/\/blogdoprosperi.com\/","name":"PR\u00d3SPERI NEWS","description":"TUDO \u00c9  FUTEBOL","publisher":{"@id":"https:\/\/blogdoprosperi.com\/#\/schema\/person\/38100755ce3601861ee4fab9b5aa78e9"},"alternateName":"blogdoprosperi.com","potentialAction":[{"@type":"SearchAction","target":{"@type":"EntryPoint","urlTemplate":"https:\/\/blogdoprosperi.com\/?s={search_term_string}"},"query-input":{"@type":"PropertyValueSpecification","valueRequired":true,"valueName":"search_term_string"}}],"inLanguage":"pt-BR"},{"@type":["Person","Organization"],"@id":"https:\/\/blogdoprosperi.com\/#\/schema\/person\/38100755ce3601861ee4fab9b5aa78e9","name":"Luiz Ant\u00f4nio Pr\u00f3speri","pronouns":"ele","image":{"@type":"ImageObject","inLanguage":"pt-BR","@id":"https:\/\/i0.wp.com\/blogdoprosperi.com\/wp-content\/uploads\/2026\/05\/cropped-8059e613-6002-42fa-961e-8e275f575d71-2-5.jpg?fit=1360%2C931&ssl=1","url":"https:\/\/i0.wp.com\/blogdoprosperi.com\/wp-content\/uploads\/2026\/05\/cropped-8059e613-6002-42fa-961e-8e275f575d71-2-5.jpg?fit=1360%2C931&ssl=1","contentUrl":"https:\/\/i0.wp.com\/blogdoprosperi.com\/wp-content\/uploads\/2026\/05\/cropped-8059e613-6002-42fa-961e-8e275f575d71-2-5.jpg?fit=1360%2C931&ssl=1","width":1360,"height":931,"caption":"Luiz Ant\u00f4nio Pr\u00f3speri"},"logo":{"@id":"https:\/\/i0.wp.com\/blogdoprosperi.com\/wp-content\/uploads\/2026\/05\/cropped-8059e613-6002-42fa-961e-8e275f575d71-2-5.jpg?fit=1360%2C931&ssl=1"},"description":"Jornalista com carreira dedicada ao esporte. Cobriu 9 Copas do Mundo in loco, 1990 na It\u00e1lia, 1994 nos EUA, 1998 na Fran\u00e7a, 2002 na Coreia do Sul e Jap\u00e3o, 2006 na Alemanha, 2010 na \u00c1frica do Sul, 2014 no Brasil, 2018 na R\u00fassia e 2022 no Qatar. Eurocopas, 1992 na Su\u00e9cia e 1996 na Inglaterra. Copa das Confedera\u00e7\u00f5es de 2005 na Alemanha e 2009 na \u00c1frica do Sul. Rep\u00f3rter e Editor, trabalhou no Jornal da Tarde e Estad\u00e3o, de 1984 a fevereiro de 2016. Colunista, blogueiro. E comentarista de futebol na R\u00e1dio Estad\u00e3o, de 2013 a fevereiro de 2016. Jornalista respons\u00e1vel do \"Pr\u00f3speri News\" (blogdoprosperi.com).","sameAs":["http:\/\/blogdoprosperi.com","Luiz Pr\u00f3speri","@luiz_prosperi","https:\/\/x.com\/Luizprosperi","@prosperinacopa","luiz.prosperi@icloud.com"],"url":"https:\/\/blogdoprosperi.com\/?author=102107496"}]}},"jetpack_publicize_connections":[],"jetpack_likes_enabled":false,"jetpack_sharing_enabled":true,"jetpack_shortlink":"https:\/\/wp.me\/p7jvdk-9gV","jetpack-related-posts":[{"id":48184,"url":"https:\/\/blogdoprosperi.com\/?p=48184","url_meta":{"origin":35645,"position":0},"title":"S\u00e3o Paulo, Um Time Invertebrado","author":"Luiz Ant\u00f4nio Pr\u00f3speri","date":"20 de fevereiro de 2025","format":false,"excerpt":"Luiz Ant\u00f4nio Pr\u00f3speri \u2013 20 fevereiro (12h31) \u2013 S\u00e3o Paulo chega \u00e0 fase de mata-mata do Paulist\u00e3o em situa\u00e7\u00e3o cr\u00edtica. No campo, tem tudo de um time invertebrado. Fora do gramado, vive crise de gest\u00e3o com sal\u00e1rios atrasados \u2013 alguns jogadores n\u00e3o recebem em dia, outros sim. Dirigentes do clube\u2026","rel":"","context":"Em &quot;futebol&quot;","block_context":{"text":"futebol","link":"https:\/\/blogdoprosperi.com\/?cat=53870"},"img":{"alt_text":"S\u00e3o Paulo, um time invertebrado","src":"https:\/\/i0.wp.com\/blogdoprosperi.com\/wp-content\/uploads\/2025\/02\/captura-de-tela-2025-02-20-as-12.31.58.png?fit=1200%2C803&ssl=1&resize=350%2C200","width":350,"height":200,"srcset":"https:\/\/i0.wp.com\/blogdoprosperi.com\/wp-content\/uploads\/2025\/02\/captura-de-tela-2025-02-20-as-12.31.58.png?fit=1200%2C803&ssl=1&resize=350%2C200 1x, https:\/\/i0.wp.com\/blogdoprosperi.com\/wp-content\/uploads\/2025\/02\/captura-de-tela-2025-02-20-as-12.31.58.png?fit=1200%2C803&ssl=1&resize=525%2C300 1.5x, https:\/\/i0.wp.com\/blogdoprosperi.com\/wp-content\/uploads\/2025\/02\/captura-de-tela-2025-02-20-as-12.31.58.png?fit=1200%2C803&ssl=1&resize=700%2C400 2x, https:\/\/i0.wp.com\/blogdoprosperi.com\/wp-content\/uploads\/2025\/02\/captura-de-tela-2025-02-20-as-12.31.58.png?fit=1200%2C803&ssl=1&resize=1050%2C600 3x"},"classes":[]},{"id":35503,"url":"https:\/\/blogdoprosperi.com\/?p=35503","url_meta":{"origin":35645,"position":1},"title":"Clubes querem fim da torcida \u00fanica nos cl\u00e1ssicos das semifinais do Paulist\u00e3o","author":"Luiz Ant\u00f4nio Pr\u00f3speri","date":"11 de abril de 2017","format":false,"excerpt":"Campeonato Paulista 2017 chega \u00e0s semifinais com a Federa\u00e7\u00e3o Paulista de Futebol faturando e alto e a maioria dos clubes do interior com baixa arrecada\u00e7\u00e3o. A not\u00edcia mais relevante \u00e9 que os presidentes dos clubes semifinalistas v\u00e3o pedir \u00e0s autoridades ainda nesta ter\u00e7a-feira o fim da torcida \u00fanica nessa fase\u2026","rel":"","context":"Em &quot;futebol&quot;","block_context":{"text":"futebol","link":"https:\/\/blogdoprosperi.com\/?cat=53870"},"img":{"alt_text":"","src":"https:\/\/i0.wp.com\/blogdoprosperi.com\/wp-content\/uploads\/2017\/04\/alex1605.jpg?resize=350%2C200","width":350,"height":200,"srcset":"https:\/\/i0.wp.com\/blogdoprosperi.com\/wp-content\/uploads\/2017\/04\/alex1605.jpg?resize=350%2C200 1x, https:\/\/i0.wp.com\/blogdoprosperi.com\/wp-content\/uploads\/2017\/04\/alex1605.jpg?resize=525%2C300 1.5x, https:\/\/i0.wp.com\/blogdoprosperi.com\/wp-content\/uploads\/2017\/04\/alex1605.jpg?resize=700%2C400 2x, https:\/\/i0.wp.com\/blogdoprosperi.com\/wp-content\/uploads\/2017\/04\/alex1605.jpg?resize=1050%2C600 3x, https:\/\/i0.wp.com\/blogdoprosperi.com\/wp-content\/uploads\/2017\/04\/alex1605.jpg?resize=1400%2C800 4x"},"classes":[]},{"id":35361,"url":"https:\/\/blogdoprosperi.com\/?p=35361","url_meta":{"origin":35645,"position":2},"title":"Corinthians e Santos, horror e melancolia","author":"Luiz Ant\u00f4nio Pr\u00f3speri","date":"1 de abril de 2017","format":false,"excerpt":"Dif\u00edcil acreditar que o Corinthians deu apenas um chute ao gol do Botafogo de Ribeir\u00e3o Preto. Triste ainda pensar no futebol apagado do derrotado Santos diante da Ponte Preta. Dois grandes com futebol de pequenos na abertura das quartas de final do Paulist\u00e3o neste s\u00e1bado, dia da mentira. No jogo\u2026","rel":"","context":"Em &quot;futebol&quot;","block_context":{"text":"futebol","link":"https:\/\/blogdoprosperi.com\/?cat=53870"},"img":{"alt_text":"","src":"https:\/\/i0.wp.com\/blogdoprosperi.com\/wp-content\/uploads\/2017\/04\/botafogoecorinthians-1024x689.jpg?resize=350%2C200&ssl=1","width":350,"height":200,"srcset":"https:\/\/i0.wp.com\/blogdoprosperi.com\/wp-content\/uploads\/2017\/04\/botafogoecorinthians-1024x689.jpg?resize=350%2C200&ssl=1 1x, https:\/\/i0.wp.com\/blogdoprosperi.com\/wp-content\/uploads\/2017\/04\/botafogoecorinthians-1024x689.jpg?resize=525%2C300&ssl=1 1.5x, https:\/\/i0.wp.com\/blogdoprosperi.com\/wp-content\/uploads\/2017\/04\/botafogoecorinthians-1024x689.jpg?resize=700%2C400&ssl=1 2x"},"classes":[]},{"id":22024,"url":"https:\/\/blogdoprosperi.com\/?p=22024","url_meta":{"origin":35645,"position":3},"title":"Palmeiras precisa rever urgente sua estrat\u00e9gia nos jogos no Allianz","author":"Luiz Ant\u00f4nio Pr\u00f3speri","date":"21 de agosto de 2016","format":false,"excerpt":"Palmeiras patina mais uma vez diante da Ponte Preta. Em dois jogos, fez apenas um ponto no Brasileir\u00e3o.\u00a0Ruim a um time que briga para ser campe\u00e3o. Empatar em casa contra advers\u00e1rios do escal\u00e3o intermedi\u00e1rio \u00e9 preju\u00edzo dif\u00edcil de ser recuperado. E obriga Cuca a repensar algumas estrat\u00e9gias quando voltar a\u2026","rel":"","context":"Em &quot;Campeonato Brasileiro&quot;","block_context":{"text":"Campeonato Brasileiro","link":"https:\/\/blogdoprosperi.com\/?cat=355071"},"img":{"alt_text":"","src":"https:\/\/i0.wp.com\/blogdoprosperi.com\/wp-content\/uploads\/2016\/08\/gabriel_jesus_medalha_ouro.jpg?resize=350%2C200&ssl=1","width":350,"height":200,"srcset":"https:\/\/i0.wp.com\/blogdoprosperi.com\/wp-content\/uploads\/2016\/08\/gabriel_jesus_medalha_ouro.jpg?resize=350%2C200&ssl=1 1x, https:\/\/i0.wp.com\/blogdoprosperi.com\/wp-content\/uploads\/2016\/08\/gabriel_jesus_medalha_ouro.jpg?resize=525%2C300&ssl=1 1.5x"},"classes":[]},{"id":33527,"url":"https:\/\/blogdoprosperi.com\/?p=33527","url_meta":{"origin":35645,"position":4},"title":"Palmeiras arrisca ao eleger Eduardo Baptista sucessor de Cuca no comando do time campe\u00e3o","author":"Luiz Ant\u00f4nio Pr\u00f3speri","date":"1 de dezembro de 2016","format":false,"excerpt":"Palmeiras come\u00e7a errado seu planejamento para 2017. Dirigentes n\u00e3o pensaram em um treinador, mesmo informados de que Cuca n\u00e3o renovaria contrato. Imaginaram, em cima do sucesso do time campe\u00e3o brasileiro e do cofre cheio de dinheiro, que treinadores bateriam \u00e0 porta do clube se oferecendo para dirigir o time. N\u00e3o\u2026","rel":"","context":"Em &quot;futebol&quot;","block_context":{"text":"futebol","link":"https:\/\/blogdoprosperi.com\/?cat=53870"},"img":{"alt_text":"","src":"https:\/\/i0.wp.com\/blogdoprosperi.com\/wp-content\/uploads\/2016\/12\/edubap1.jpg?resize=350%2C200&ssl=1","width":350,"height":200,"srcset":"https:\/\/i0.wp.com\/blogdoprosperi.com\/wp-content\/uploads\/2016\/12\/edubap1.jpg?resize=350%2C200&ssl=1 1x, https:\/\/i0.wp.com\/blogdoprosperi.com\/wp-content\/uploads\/2016\/12\/edubap1.jpg?resize=525%2C300&ssl=1 1.5x"},"classes":[]},{"id":6688,"url":"https:\/\/blogdoprosperi.com\/?p=6688","url_meta":{"origin":35645,"position":5},"title":"Cinco an\u00e1lises de futebol para voc\u00ea ler neste s\u00e1bado (21\/5) ao despertar","author":"Luiz Ant\u00f4nio Pr\u00f3speri","date":"21 de maio de 2016","format":false,"excerpt":"Fim de semana com destaque para a segunda rodada do Brasileir\u00e3o e algumas novidades. Tite decide barrar C\u00e1ssio e d\u00e1 nova chance a Walter. Depois da boa estreia contra o Atl\u00e9tico-PR, Palmeiras joga neste s\u00e1bado contra a Ponte Preta. No S\u00e3o Paulo, Bauza desdenha seus rivais do futebol paulista, ap\u00f3s\u2026","rel":"","context":"Em &quot;Champions League&quot;","block_context":{"text":"Champions League","link":"https:\/\/blogdoprosperi.com\/?cat=9107"},"img":{"alt_text":"Dudu sai do Palmeiras","src":"https:\/\/i0.wp.com\/blogdoprosperi.com\/wp-content\/uploads\/2016\/05\/dudu.jpg?resize=350%2C200&ssl=1","width":350,"height":200,"srcset":"https:\/\/i0.wp.com\/blogdoprosperi.com\/wp-content\/uploads\/2016\/05\/dudu.jpg?resize=350%2C200&ssl=1 1x, https:\/\/i0.wp.com\/blogdoprosperi.com\/wp-content\/uploads\/2016\/05\/dudu.jpg?resize=525%2C300&ssl=1 1.5x, https:\/\/i0.wp.com\/blogdoprosperi.com\/wp-content\/uploads\/2016\/05\/dudu.jpg?resize=700%2C400&ssl=1 2x"},"classes":[]}],"jetpack_featured_media_url":"https:\/\/i0.wp.com\/blogdoprosperi.com\/wp-content\/uploads\/2017\/04\/pro14.jpg?fit=4036%2C2690&ssl=1","_links":{"self":[{"href":"https:\/\/blogdoprosperi.com\/index.php?rest_route=\/wp\/v2\/posts\/35645","targetHints":{"allow":["GET"]}}],"collection":[{"href":"https:\/\/blogdoprosperi.com\/index.php?rest_route=\/wp\/v2\/posts"}],"about":[{"href":"https:\/\/blogdoprosperi.com\/index.php?rest_route=\/wp\/v2\/types\/post"}],"author":[{"embeddable":true,"href":"https:\/\/blogdoprosperi.com\/index.php?rest_route=\/wp\/v2\/users\/102107496"}],"replies":[{"embeddable":true,"href":"https:\/\/blogdoprosperi.com\/index.php?rest_route=%2Fwp%2Fv2%2Fcomments&post=35645"}],"version-history":[{"count":10,"href":"https:\/\/blogdoprosperi.com\/index.php?rest_route=\/wp\/v2\/posts\/35645\/revisions"}],"predecessor-version":[{"id":35660,"href":"https:\/\/blogdoprosperi.com\/index.php?rest_route=\/wp\/v2\/posts\/35645\/revisions\/35660"}],"wp:featuredmedia":[{"embeddable":true,"href":"https:\/\/blogdoprosperi.com\/index.php?rest_route=\/wp\/v2\/media\/35651"}],"wp:attachment":[{"href":"https:\/\/blogdoprosperi.com\/index.php?rest_route=%2Fwp%2Fv2%2Fmedia&parent=35645"}],"wp:term":[{"taxonomy":"category","embeddable":true,"href":"https:\/\/blogdoprosperi.com\/index.php?rest_route=%2Fwp%2Fv2%2Fcategories&post=35645"},{"taxonomy":"post_tag","embeddable":true,"href":"https:\/\/blogdoprosperi.com\/index.php?rest_route=%2Fwp%2Fv2%2Ftags&post=35645"}],"curies":[{"name":"wp","href":"https:\/\/api.w.org\/{rel}","templated":true}]}}