{"id":35661,"date":"2017-04-23T19:58:08","date_gmt":"2017-04-23T22:58:08","guid":{"rendered":"http:\/\/blogdoprosperi.com\/?p=35661"},"modified":"2017-04-23T20:08:29","modified_gmt":"2017-04-23T23:08:29","slug":"jo-aparece-de-novo-e-leva-corinthians-a-reviver-uma-historia-de-40-anos","status":"publish","type":"post","link":"https:\/\/blogdoprosperi.com\/?p=35661","title":{"rendered":"J\u00f4 aparece de novo e leva Corinthians a reviver uma hist\u00f3ria de 40 anos"},"content":{"rendered":"<p>Futebol \u00e9 carregado de enigmas como nenhum outro esporte. N\u00e3o fosse assim, n\u00e3o ter\u00edamos como contar a hist\u00f3ria dos confrontos entre Corinthians e S\u00e3o Paulo nas semifinais do Paulist\u00e3o 2017.<br \/>\n<!--more--><br \/>\nNo primeiro jogo, a honestidade de\u00a0Rodrigo Caio permitiu a J\u00f4 disputar o segundo cl\u00e1ssico. O S\u00e3o Paulo perdeu por 2 a 0 em casa. Teria de reverter a desvantagem no Itaquer\u00e3o. Fez um primeiro tempo correto at\u00e9 levar o gol no finalzinho. Gol de quem? J\u00f4, em posi\u00e7\u00e3o de impedimento. Gol que destro\u00e7ou o time de Rogerio Ceni do ponto de vista psicol\u00f3gico e obrigou a uma reviravolta quase imposs\u00edvel no segundo tempo. N\u00e3o deu. Conseguiu no m\u00e1ximo um empate por 1 a 1, insuficiente para alcan\u00e7ar a final do campeonato. Quem vai decidir \u00e9 o\u00a0<a href=\"http:\/\/chuteirafc.cartacapital.com.br\/ponte-se-fortalece-em-busca-da-taca\/\">Corinthians contra a Ponte Preta<\/a>, uma repeti\u00e7\u00e3o da hist\u00f3rica decis\u00e3o de 1977, um marco do futebol brasileiro escrito h\u00e1 40 anos.<\/p>\n<p>Naquela final, o Corinthians levantou a ta\u00e7a ap\u00f3s um jejum de 23 temporadas sem ser campe\u00e3o. N\u00e3o faltaram discuss\u00f5es e pol\u00eamicas. O t\u00edtulo se decidiu em tr\u00eas jogos, todos no Morumbi. No \u00faltimo, o gol foi de Bas\u00edlio. Antes do gol, atacante Rui Rei, da Ponte, havia sido expulso aos 15 minutos do primeiro tempo. Depois do campeonato, Rui Rei foi contratado pelo Corinthians.<\/p>\n<p><span class=\"aligncenter\"><span class=\"alignnone\"><img data-recalc-dims=\"1\" loading=\"lazy\" decoding=\"async\" data-attachment-id=\"35681\" data-permalink=\"https:\/\/blogdoprosperi.com\/?attachment_id=35681\" data-orig-file=\"https:\/\/i0.wp.com\/blogdoprosperi.com\/wp-content\/uploads\/2017\/04\/jc3b4-png.jpg?fit=375%2C650&amp;ssl=1\" data-orig-size=\"375,650\" data-comments-opened=\"1\" data-image-meta=\"{&quot;aperture&quot;:&quot;0&quot;,&quot;credit&quot;:&quot;&quot;,&quot;camera&quot;:&quot;&quot;,&quot;caption&quot;:&quot;&quot;,&quot;created_timestamp&quot;:&quot;0&quot;,&quot;copyright&quot;:&quot;&quot;,&quot;focal_length&quot;:&quot;0&quot;,&quot;iso&quot;:&quot;0&quot;,&quot;shutter_speed&quot;:&quot;0&quot;,&quot;title&quot;:&quot;&quot;,&quot;orientation&quot;:&quot;0&quot;}\" data-image-title=\"J\u00f4.png\" data-image-description=\"\" data-image-caption=\"\" data-large-file=\"https:\/\/i0.wp.com\/blogdoprosperi.com\/wp-content\/uploads\/2017\/04\/jc3b4-png.jpg?fit=375%2C650&amp;ssl=1\" class=\"alignnone size-full wp-image-35681 aligncenter\" src=\"https:\/\/i0.wp.com\/blogdoprosperi.com\/wp-content\/uploads\/2017\/04\/jc3b4-png.jpg?resize=375%2C650&#038;ssl=1\" alt=\"J\u00f4.png\" width=\"375\" height=\"650\" \/><\/span><\/span><\/p>\n<p style=\"text-align:justify;\">Bom essa hist\u00f3ria ser\u00e1 lembrada ao longo da semana at\u00e9 o primeiro jogo da final de 2017 no domingo. Muitas outras tamb\u00e9m entrar\u00e3o na pauta. Mas vamos voltar ao jogo no Itaquer\u00e3o.<\/p>\n<p style=\"text-align:justify;\">N\u00e3o havia outra alternativa ao S\u00e3o Paulo do que atacar e atacar no primeiro tempo. A miss\u00e3o era dura. Tinha de reverter a desvantagem de dois gols sofridos no jogo de ida no Morumbi. At\u00e9 por isso, Rogerio Ceni come\u00e7ou o cl\u00e1ssico com dois centroavantes de of\u00edcio \u2013 Lucas Pratto e Gilberto \u2013 e uma proposta de muitos cruzamentos na grande \u00e1rea de Cassio. Funcionou em parte. A maioria dos cruzamentos n\u00e3o teve um ponto final por falta de destreza dos que levantaram a bola em busca dos dois centroavantes. Gilberto e Pratto tamb\u00e9m n\u00e3o se entenderam.<\/p>\n<p style=\"text-align:justify;\">Acomodado na sua vantagem, o Corinthians aceitou a press\u00e3o. Jogou como tem feito desde o in\u00edcio da temporada. Seguro no sistema defensivo e quase fatal nos contra-ataques, sempre com a inten\u00e7\u00e3o de iludir o advers\u00e1rio. Pregou alguns sustos em Renan Ribeiro.<\/p>\n<p style=\"text-align:justify;\"><div class=\"jetpack-video-wrapper\"><span class=\"embed-youtube\" style=\"text-align:center; display: block;\"><iframe loading=\"lazy\" class=\"youtube-player\" width=\"940\" height=\"529\" src=\"https:\/\/www.youtube.com\/embed\/C-v9x6_lvaI?version=3&#038;rel=1&#038;showsearch=0&#038;showinfo=1&#038;iv_load_policy=1&#038;fs=1&#038;hl=pt-BR&#038;autohide=2&#038;wmode=transparent\" allowfullscreen=\"true\" style=\"border:0;\" sandbox=\"allow-scripts allow-same-origin allow-popups allow-presentation allow-popups-to-escape-sandbox\"><\/iframe><\/span><\/div><\/p>\n<p style=\"text-align:justify;\">Quando restavam dois minutos para o encerramento do primeiro tempo, Romero fez falta em Maicon, mas o \u00e1rbitro ignorou. Na sequ\u00eancia saiu a falta a favor do Corinthians. Jadson levantou na \u00e1rea, Pratto teria desviado a bola de rasp\u00e3o e sobrou para J\u00f4 marcar. J\u00f4 estava impedido e s\u00f3 teria condi\u00e7\u00e3o de jogo se a bola tivesse tocado de fato na cabe\u00e7a de Pratto. Lance pol\u00eamico. Lance que abalou o S\u00e3o Paulo e deixou o cl\u00e1ssico ainda mais tenso.<\/p>\n<p style=\"text-align:justify;\">No segundo tempo, Ceni buscou outras alternativas para reverter a desvantagem. Nada feito. Fiel ao jogo mi\u00fado, sem correr grandes riscos, o Corinthians cozinhou a partida e s\u00f3 levou um susto com o gol de Pratto, aos 37. Nada muito preocupante. E fechou o confronto classificado \u00e0 final.<\/p>\n<p style=\"text-align:justify;\"><a href=\"http:\/\/chuteirafc.cartacapital.com.br\/opiniao-sao-paulo-fortalece-corinthians-da-passo-atras\/\">Rogerio Ceni vai ter motivos de sobra para rechear seu discurso em cima do lance fatal de J\u00f4\u00a0<\/a>e lamentar por muito tempo a honestidade de Rodrigo Caio na primeira partida. Fabio Carille tamb\u00e9m poder\u00e1 desdenhar das for\u00e7as do futebol paulista. Dos quatro grandes, o Corinthians era o mais improv\u00e1vel finalista. Com estilo fiel aos princ\u00edpios de Tite, est\u00e1 decis\u00e3o do Paulist\u00e3o. Enquanto isso os outros tr\u00eas gigantes se debru\u00e7am no muro das lamenta\u00e7\u00f5es. E futebol segue em frente com seus enigmas.<\/p>\n<p style=\"text-align:justify;\"><a href=\"http:\/\/chuteirafc.cartacapital.com.br\">(texto publicado no CHUTEIRA FC)<\/a><\/p>\n","protected":false},"excerpt":{"rendered":"<p>Futebol \u00e9 carregado de enigmas como nenhum outro esporte. N\u00e3o fosse assim, n\u00e3o ter\u00edamos como contar a hist\u00f3ria [&hellip;]<\/p>\n","protected":false},"author":102107496,"featured_media":0,"comment_status":"open","ping_status":"open","sticky":false,"template":"","format":"standard","meta":{"_coblocks_attr":"","_coblocks_dimensions":"","_coblocks_responsive_height":"","_coblocks_accordion_ie_support":"","_jetpack_newsletter_access":"","_jetpack_dont_email_post_to_subs":false,"_jetpack_newsletter_tier_id":0,"_jetpack_memberships_contains_paywalled_content":false,"_wpcom_ai_launchpad_first_post":false,"_jetpack_feature_clip_id":0,"_jetpack_memberships_contains_paid_content":false,"footnotes":"","jetpack_publicize_message":"","jetpack_publicize_feature_enabled":true,"jetpack_social_post_already_shared":false,"jetpack_social_options":{"image_generator_settings":{"template":"highway","default_image_id":0,"font":"","enabled":false},"version":2},"jetpack_post_was_ever_published":false},"categories":[53870],"tags":[177066,789560560,21021,488177245,2089597,57801963,1181872,1114917],"class_list":["post-35661","post","type-post","status-publish","format-standard","hentry","category-futebol","tag-corinthians","tag-futebol","tag-jo","tag-paulistao-2017","tag-ponte-preta","tag-rodrigo-caio","tag-rogerio-ceni","tag-spfc"],"yoast_head":"<!-- This site is optimized with the Yoast SEO plugin v28.4 - https:\/\/yoast.com\/product\/yoast-seo-wordpress\/ -->\n<title>J\u00f4 aparece de novo e leva Corinthians a reviver uma hist\u00f3ria de 40 anos - PR\u00d3SPERI NEWS<\/title>\n<meta name=\"robots\" content=\"index, follow, max-snippet:-1, max-image-preview:large, max-video-preview:-1\" \/>\n<link rel=\"canonical\" href=\"https:\/\/blogdoprosperi.com\/?p=35661\" \/>\n<meta property=\"og:locale\" content=\"pt_BR\" \/>\n<meta property=\"og:type\" content=\"article\" \/>\n<meta property=\"og:title\" content=\"J\u00f4 aparece de novo e leva Corinthians a reviver uma hist\u00f3ria de 40 anos - PR\u00d3SPERI NEWS\" \/>\n<meta property=\"og:description\" content=\"Futebol \u00e9 carregado de enigmas como nenhum outro esporte. N\u00e3o fosse assim, n\u00e3o ter\u00edamos como contar a hist\u00f3ria [&hellip;]\" \/>\n<meta property=\"og:url\" content=\"https:\/\/blogdoprosperi.com\/?p=35661\" \/>\n<meta property=\"og:site_name\" content=\"PR\u00d3SPERI NEWS\" \/>\n<meta property=\"article:publisher\" content=\"Luiz Pr\u00f3speri\" \/>\n<meta property=\"article:author\" content=\"Luiz Pr\u00f3speri\" \/>\n<meta property=\"article:published_time\" content=\"2017-04-23T22:58:08+00:00\" \/>\n<meta property=\"article:modified_time\" content=\"2017-04-23T23:08:29+00:00\" \/>\n<meta property=\"og:image\" content=\"https:\/\/blogdoprosperi.com\/wp-content\/uploads\/2017\/04\/jc3b4-png.jpg\" \/>\n<meta name=\"author\" content=\"Luiz Ant\u00f4nio Pr\u00f3speri\" \/>\n<meta name=\"twitter:card\" content=\"summary_large_image\" \/>\n<meta name=\"twitter:creator\" content=\"@Luizprosperi\" \/>\n<meta name=\"twitter:site\" content=\"@Luizprosperi\" \/>\n<meta name=\"twitter:label1\" content=\"Escrito por\" \/>\n\t<meta name=\"twitter:data1\" content=\"Luiz Ant\u00f4nio Pr\u00f3speri\" \/>\n\t<meta name=\"twitter:label2\" content=\"Est. tempo de leitura\" \/>\n\t<meta name=\"twitter:data2\" content=\"3 minutos\" \/>\n<script type=\"application\/ld+json\" class=\"yoast-schema-graph\">{\"@context\":\"https:\\\/\\\/schema.org\",\"@graph\":[{\"@type\":\"Article\",\"@id\":\"https:\\\/\\\/blogdoprosperi.com\\\/?p=35661#article\",\"isPartOf\":{\"@id\":\"https:\\\/\\\/blogdoprosperi.com\\\/?p=35661\"},\"author\":{\"name\":\"Luiz Ant\u00f4nio Pr\u00f3speri\",\"@id\":\"https:\\\/\\\/blogdoprosperi.com\\\/#\\\/schema\\\/person\\\/38100755ce3601861ee4fab9b5aa78e9\"},\"headline\":\"J\u00f4 aparece de novo e leva Corinthians a reviver uma hist\u00f3ria de 40 anos\",\"datePublished\":\"2017-04-23T22:58:08+00:00\",\"dateModified\":\"2017-04-23T23:08:29+00:00\",\"mainEntityOfPage\":{\"@id\":\"https:\\\/\\\/blogdoprosperi.com\\\/?p=35661\"},\"wordCount\":668,\"commentCount\":0,\"publisher\":{\"@id\":\"https:\\\/\\\/blogdoprosperi.com\\\/#\\\/schema\\\/person\\\/38100755ce3601861ee4fab9b5aa78e9\"},\"image\":{\"@id\":\"https:\\\/\\\/blogdoprosperi.com\\\/?p=35661#primaryimage\"},\"thumbnailUrl\":\"https:\\\/\\\/blogdoprosperi.com\\\/wp-content\\\/uploads\\\/2017\\\/04\\\/jc3b4-png.jpg\",\"keywords\":[\"Corinthians\",\"futebol\",\"J\u00f4\",\"Paulist\u00e3o 2017\",\"Ponte Preta\",\"Rodrigo Caio\",\"Rog\u00e9rio Ceni\",\"SPFC\"],\"articleSection\":[\"futebol\"],\"inLanguage\":\"pt-BR\",\"potentialAction\":[{\"@type\":\"CommentAction\",\"name\":\"Comment\",\"target\":[\"https:\\\/\\\/blogdoprosperi.com\\\/?p=35661#respond\"]}]},{\"@type\":\"WebPage\",\"@id\":\"https:\\\/\\\/blogdoprosperi.com\\\/?p=35661\",\"url\":\"https:\\\/\\\/blogdoprosperi.com\\\/?p=35661\",\"name\":\"J\u00f4 aparece de novo e leva Corinthians a reviver uma hist\u00f3ria de 40 anos - PR\u00d3SPERI NEWS\",\"isPartOf\":{\"@id\":\"https:\\\/\\\/blogdoprosperi.com\\\/#website\"},\"primaryImageOfPage\":{\"@id\":\"https:\\\/\\\/blogdoprosperi.com\\\/?p=35661#primaryimage\"},\"image\":{\"@id\":\"https:\\\/\\\/blogdoprosperi.com\\\/?p=35661#primaryimage\"},\"thumbnailUrl\":\"https:\\\/\\\/blogdoprosperi.com\\\/wp-content\\\/uploads\\\/2017\\\/04\\\/jc3b4-png.jpg\",\"datePublished\":\"2017-04-23T22:58:08+00:00\",\"dateModified\":\"2017-04-23T23:08:29+00:00\",\"breadcrumb\":{\"@id\":\"https:\\\/\\\/blogdoprosperi.com\\\/?p=35661#breadcrumb\"},\"inLanguage\":\"pt-BR\",\"potentialAction\":[{\"@type\":\"ReadAction\",\"target\":[\"https:\\\/\\\/blogdoprosperi.com\\\/?p=35661\"]}]},{\"@type\":\"ImageObject\",\"inLanguage\":\"pt-BR\",\"@id\":\"https:\\\/\\\/blogdoprosperi.com\\\/?p=35661#primaryimage\",\"url\":\"https:\\\/\\\/i0.wp.com\\\/blogdoprosperi.com\\\/wp-content\\\/uploads\\\/2017\\\/04\\\/jc3b4-png.jpg?fit=375%2C650&ssl=1\",\"contentUrl\":\"https:\\\/\\\/i0.wp.com\\\/blogdoprosperi.com\\\/wp-content\\\/uploads\\\/2017\\\/04\\\/jc3b4-png.jpg?fit=375%2C650&ssl=1\",\"width\":375,\"height\":650},{\"@type\":\"BreadcrumbList\",\"@id\":\"https:\\\/\\\/blogdoprosperi.com\\\/?p=35661#breadcrumb\",\"itemListElement\":[{\"@type\":\"ListItem\",\"position\":1,\"name\":\"In\u00edcio\",\"item\":\"https:\\\/\\\/blogdoprosperi.com\\\/\"},{\"@type\":\"ListItem\",\"position\":2,\"name\":\"J\u00f4 aparece de novo e leva Corinthians a reviver uma hist\u00f3ria de 40 anos\"}]},{\"@type\":\"WebSite\",\"@id\":\"https:\\\/\\\/blogdoprosperi.com\\\/#website\",\"url\":\"https:\\\/\\\/blogdoprosperi.com\\\/\",\"name\":\"PR\u00d3SPERI NEWS\",\"description\":\"TUDO \u00c9  FUTEBOL\",\"publisher\":{\"@id\":\"https:\\\/\\\/blogdoprosperi.com\\\/#\\\/schema\\\/person\\\/38100755ce3601861ee4fab9b5aa78e9\"},\"alternateName\":\"blogdoprosperi.com\",\"potentialAction\":[{\"@type\":\"SearchAction\",\"target\":{\"@type\":\"EntryPoint\",\"urlTemplate\":\"https:\\\/\\\/blogdoprosperi.com\\\/?s={search_term_string}\"},\"query-input\":{\"@type\":\"PropertyValueSpecification\",\"valueRequired\":true,\"valueName\":\"search_term_string\"}}],\"inLanguage\":\"pt-BR\"},{\"@type\":[\"Person\",\"Organization\"],\"@id\":\"https:\\\/\\\/blogdoprosperi.com\\\/#\\\/schema\\\/person\\\/38100755ce3601861ee4fab9b5aa78e9\",\"name\":\"Luiz Ant\u00f4nio Pr\u00f3speri\",\"pronouns\":\"ele\",\"image\":{\"@type\":\"ImageObject\",\"inLanguage\":\"pt-BR\",\"@id\":\"https:\\\/\\\/i0.wp.com\\\/blogdoprosperi.com\\\/wp-content\\\/uploads\\\/2026\\\/05\\\/cropped-8059e613-6002-42fa-961e-8e275f575d71-2-5.jpg?fit=1360%2C931&ssl=1\",\"url\":\"https:\\\/\\\/i0.wp.com\\\/blogdoprosperi.com\\\/wp-content\\\/uploads\\\/2026\\\/05\\\/cropped-8059e613-6002-42fa-961e-8e275f575d71-2-5.jpg?fit=1360%2C931&ssl=1\",\"contentUrl\":\"https:\\\/\\\/i0.wp.com\\\/blogdoprosperi.com\\\/wp-content\\\/uploads\\\/2026\\\/05\\\/cropped-8059e613-6002-42fa-961e-8e275f575d71-2-5.jpg?fit=1360%2C931&ssl=1\",\"width\":1360,\"height\":931,\"caption\":\"Luiz Ant\u00f4nio Pr\u00f3speri\"},\"logo\":{\"@id\":\"https:\\\/\\\/i0.wp.com\\\/blogdoprosperi.com\\\/wp-content\\\/uploads\\\/2026\\\/05\\\/cropped-8059e613-6002-42fa-961e-8e275f575d71-2-5.jpg?fit=1360%2C931&ssl=1\"},\"description\":\"Jornalista com carreira dedicada ao esporte. Cobriu 9 Copas do Mundo in loco, 1990 na It\u00e1lia, 1994 nos EUA, 1998 na Fran\u00e7a, 2002 na Coreia do Sul e Jap\u00e3o, 2006 na Alemanha, 2010 na \u00c1frica do Sul, 2014 no Brasil, 2018 na R\u00fassia e 2022 no Qatar. Eurocopas, 1992 na Su\u00e9cia e 1996 na Inglaterra. Copa das Confedera\u00e7\u00f5es de 2005 na Alemanha e 2009 na \u00c1frica do Sul. Rep\u00f3rter e Editor, trabalhou no Jornal da Tarde e Estad\u00e3o, de 1984 a fevereiro de 2016. Colunista, blogueiro. E comentarista de futebol na R\u00e1dio Estad\u00e3o, de 2013 a fevereiro de 2016. Jornalista respons\u00e1vel do \\\"Pr\u00f3speri News\\\" (blogdoprosperi.com).\",\"sameAs\":[\"http:\\\/\\\/blogdoprosperi.com\",\"Luiz Pr\u00f3speri\",\"@luiz_prosperi\",\"https:\\\/\\\/x.com\\\/Luizprosperi\",\"@prosperinacopa\",\"luiz.prosperi@icloud.com\"],\"url\":\"https:\\\/\\\/blogdoprosperi.com\\\/?author=102107496\"}]}<\/script>\n<!-- \/ Yoast SEO plugin. -->","yoast_head_json":{"title":"J\u00f4 aparece de novo e leva Corinthians a reviver uma hist\u00f3ria de 40 anos - PR\u00d3SPERI NEWS","robots":{"index":"index","follow":"follow","max-snippet":"max-snippet:-1","max-image-preview":"max-image-preview:large","max-video-preview":"max-video-preview:-1"},"canonical":"https:\/\/blogdoprosperi.com\/?p=35661","og_locale":"pt_BR","og_type":"article","og_title":"J\u00f4 aparece de novo e leva Corinthians a reviver uma hist\u00f3ria de 40 anos - PR\u00d3SPERI NEWS","og_description":"Futebol \u00e9 carregado de enigmas como nenhum outro esporte. N\u00e3o fosse assim, n\u00e3o ter\u00edamos como contar a hist\u00f3ria [&hellip;]","og_url":"https:\/\/blogdoprosperi.com\/?p=35661","og_site_name":"PR\u00d3SPERI NEWS","article_publisher":"Luiz Pr\u00f3speri","article_author":"Luiz Pr\u00f3speri","article_published_time":"2017-04-23T22:58:08+00:00","article_modified_time":"2017-04-23T23:08:29+00:00","og_image":[{"url":"https:\/\/blogdoprosperi.com\/wp-content\/uploads\/2017\/04\/jc3b4-png.jpg","type":"","width":"","height":""}],"author":"Luiz Ant\u00f4nio Pr\u00f3speri","twitter_card":"summary_large_image","twitter_creator":"@Luizprosperi","twitter_site":"@Luizprosperi","twitter_misc":{"Escrito por":"Luiz Ant\u00f4nio Pr\u00f3speri","Est. tempo de leitura":"3 minutos"},"schema":{"@context":"https:\/\/schema.org","@graph":[{"@type":"Article","@id":"https:\/\/blogdoprosperi.com\/?p=35661#article","isPartOf":{"@id":"https:\/\/blogdoprosperi.com\/?p=35661"},"author":{"name":"Luiz Ant\u00f4nio Pr\u00f3speri","@id":"https:\/\/blogdoprosperi.com\/#\/schema\/person\/38100755ce3601861ee4fab9b5aa78e9"},"headline":"J\u00f4 aparece de novo e leva Corinthians a reviver uma hist\u00f3ria de 40 anos","datePublished":"2017-04-23T22:58:08+00:00","dateModified":"2017-04-23T23:08:29+00:00","mainEntityOfPage":{"@id":"https:\/\/blogdoprosperi.com\/?p=35661"},"wordCount":668,"commentCount":0,"publisher":{"@id":"https:\/\/blogdoprosperi.com\/#\/schema\/person\/38100755ce3601861ee4fab9b5aa78e9"},"image":{"@id":"https:\/\/blogdoprosperi.com\/?p=35661#primaryimage"},"thumbnailUrl":"https:\/\/blogdoprosperi.com\/wp-content\/uploads\/2017\/04\/jc3b4-png.jpg","keywords":["Corinthians","futebol","J\u00f4","Paulist\u00e3o 2017","Ponte Preta","Rodrigo Caio","Rog\u00e9rio Ceni","SPFC"],"articleSection":["futebol"],"inLanguage":"pt-BR","potentialAction":[{"@type":"CommentAction","name":"Comment","target":["https:\/\/blogdoprosperi.com\/?p=35661#respond"]}]},{"@type":"WebPage","@id":"https:\/\/blogdoprosperi.com\/?p=35661","url":"https:\/\/blogdoprosperi.com\/?p=35661","name":"J\u00f4 aparece de novo e leva Corinthians a reviver uma hist\u00f3ria de 40 anos - PR\u00d3SPERI NEWS","isPartOf":{"@id":"https:\/\/blogdoprosperi.com\/#website"},"primaryImageOfPage":{"@id":"https:\/\/blogdoprosperi.com\/?p=35661#primaryimage"},"image":{"@id":"https:\/\/blogdoprosperi.com\/?p=35661#primaryimage"},"thumbnailUrl":"https:\/\/blogdoprosperi.com\/wp-content\/uploads\/2017\/04\/jc3b4-png.jpg","datePublished":"2017-04-23T22:58:08+00:00","dateModified":"2017-04-23T23:08:29+00:00","breadcrumb":{"@id":"https:\/\/blogdoprosperi.com\/?p=35661#breadcrumb"},"inLanguage":"pt-BR","potentialAction":[{"@type":"ReadAction","target":["https:\/\/blogdoprosperi.com\/?p=35661"]}]},{"@type":"ImageObject","inLanguage":"pt-BR","@id":"https:\/\/blogdoprosperi.com\/?p=35661#primaryimage","url":"https:\/\/i0.wp.com\/blogdoprosperi.com\/wp-content\/uploads\/2017\/04\/jc3b4-png.jpg?fit=375%2C650&ssl=1","contentUrl":"https:\/\/i0.wp.com\/blogdoprosperi.com\/wp-content\/uploads\/2017\/04\/jc3b4-png.jpg?fit=375%2C650&ssl=1","width":375,"height":650},{"@type":"BreadcrumbList","@id":"https:\/\/blogdoprosperi.com\/?p=35661#breadcrumb","itemListElement":[{"@type":"ListItem","position":1,"name":"In\u00edcio","item":"https:\/\/blogdoprosperi.com\/"},{"@type":"ListItem","position":2,"name":"J\u00f4 aparece de novo e leva Corinthians a reviver uma hist\u00f3ria de 40 anos"}]},{"@type":"WebSite","@id":"https:\/\/blogdoprosperi.com\/#website","url":"https:\/\/blogdoprosperi.com\/","name":"PR\u00d3SPERI NEWS","description":"TUDO \u00c9  FUTEBOL","publisher":{"@id":"https:\/\/blogdoprosperi.com\/#\/schema\/person\/38100755ce3601861ee4fab9b5aa78e9"},"alternateName":"blogdoprosperi.com","potentialAction":[{"@type":"SearchAction","target":{"@type":"EntryPoint","urlTemplate":"https:\/\/blogdoprosperi.com\/?s={search_term_string}"},"query-input":{"@type":"PropertyValueSpecification","valueRequired":true,"valueName":"search_term_string"}}],"inLanguage":"pt-BR"},{"@type":["Person","Organization"],"@id":"https:\/\/blogdoprosperi.com\/#\/schema\/person\/38100755ce3601861ee4fab9b5aa78e9","name":"Luiz Ant\u00f4nio Pr\u00f3speri","pronouns":"ele","image":{"@type":"ImageObject","inLanguage":"pt-BR","@id":"https:\/\/i0.wp.com\/blogdoprosperi.com\/wp-content\/uploads\/2026\/05\/cropped-8059e613-6002-42fa-961e-8e275f575d71-2-5.jpg?fit=1360%2C931&ssl=1","url":"https:\/\/i0.wp.com\/blogdoprosperi.com\/wp-content\/uploads\/2026\/05\/cropped-8059e613-6002-42fa-961e-8e275f575d71-2-5.jpg?fit=1360%2C931&ssl=1","contentUrl":"https:\/\/i0.wp.com\/blogdoprosperi.com\/wp-content\/uploads\/2026\/05\/cropped-8059e613-6002-42fa-961e-8e275f575d71-2-5.jpg?fit=1360%2C931&ssl=1","width":1360,"height":931,"caption":"Luiz Ant\u00f4nio Pr\u00f3speri"},"logo":{"@id":"https:\/\/i0.wp.com\/blogdoprosperi.com\/wp-content\/uploads\/2026\/05\/cropped-8059e613-6002-42fa-961e-8e275f575d71-2-5.jpg?fit=1360%2C931&ssl=1"},"description":"Jornalista com carreira dedicada ao esporte. Cobriu 9 Copas do Mundo in loco, 1990 na It\u00e1lia, 1994 nos EUA, 1998 na Fran\u00e7a, 2002 na Coreia do Sul e Jap\u00e3o, 2006 na Alemanha, 2010 na \u00c1frica do Sul, 2014 no Brasil, 2018 na R\u00fassia e 2022 no Qatar. Eurocopas, 1992 na Su\u00e9cia e 1996 na Inglaterra. Copa das Confedera\u00e7\u00f5es de 2005 na Alemanha e 2009 na \u00c1frica do Sul. Rep\u00f3rter e Editor, trabalhou no Jornal da Tarde e Estad\u00e3o, de 1984 a fevereiro de 2016. Colunista, blogueiro. E comentarista de futebol na R\u00e1dio Estad\u00e3o, de 2013 a fevereiro de 2016. Jornalista respons\u00e1vel do \"Pr\u00f3speri News\" (blogdoprosperi.com).","sameAs":["http:\/\/blogdoprosperi.com","Luiz Pr\u00f3speri","@luiz_prosperi","https:\/\/x.com\/Luizprosperi","@prosperinacopa","luiz.prosperi@icloud.com"],"url":"https:\/\/blogdoprosperi.com\/?author=102107496"}]}},"jetpack_publicize_connections":[],"jetpack_likes_enabled":false,"jetpack_sharing_enabled":true,"jetpack_shortlink":"https:\/\/wp.me\/p7jvdk-9hb","jetpack-related-posts":[{"id":34969,"url":"https:\/\/blogdoprosperi.com\/?p=34969","url_meta":{"origin":35661,"position":0},"title":"Santos impressiona, Palmeiras e Corinthians n\u00e3o encantam e S\u00e3o Paulo patina na estreia","author":"Luiz Ant\u00f4nio Pr\u00f3speri","date":"6 de fevereiro de 2017","format":false,"excerpt":"Rodada de abertura do Paulist\u00e3o 2017 deixa claro a disparidade entre as quatro grandes for\u00e7as do campeonato. Santos se imp\u00f4s com uma arrojada nova proposta de jogo. Palmeiras lutou muito para vencer em casa. Corinthians deu um passo como se n\u00e3o tivesse sa\u00eddo do lugar. E o S\u00e3o Paulo\u2026. Rog\u00e9rio\u2026","rel":"","context":"Em &quot;futebol&quot;","block_context":{"text":"futebol","link":"https:\/\/blogdoprosperi.com\/?cat=53870"},"img":{"alt_text":"32571089791_bf779395d6_z","src":"https:\/\/i0.wp.com\/www.chuteirafc.com.br\/wp-content\/uploads\/2017\/02\/32571089791_bf779395d6_z.jpg?resize=350%2C200","width":350,"height":200,"srcset":"https:\/\/i0.wp.com\/www.chuteirafc.com.br\/wp-content\/uploads\/2017\/02\/32571089791_bf779395d6_z.jpg?resize=350%2C200 1x, https:\/\/i0.wp.com\/www.chuteirafc.com.br\/wp-content\/uploads\/2017\/02\/32571089791_bf779395d6_z.jpg?resize=525%2C300 1.5x"},"classes":[]},{"id":35589,"url":"https:\/\/blogdoprosperi.com\/?p=35589","url_meta":{"origin":35661,"position":1},"title":"Rogerio Ceni se fortalece e Carille se enfraquece na queda de Corinthians e S\u00e3o Paulo","author":"Luiz Ant\u00f4nio Pr\u00f3speri","date":"20 de abril de 2017","format":false,"excerpt":"Corinthians e S\u00e3o Paulo est\u00e3o fora da Copa do Brasil, antes mesmo das oitavas de final. Ca\u00edram de m\u00e3os dadas nos confrontos contra Internacional e Cruzeiro nesta quarta-feira. No domingo, decidem vaga \u00e0 final do Campeonato Paulista no Itaquer\u00e3o. Vai sobreviver quem assimilar com mais naturalidade o desastre que colheram\u2026","rel":"","context":"Em &quot;futebol&quot;","block_context":{"text":"futebol","link":"https:\/\/blogdoprosperi.com\/?cat=53870"},"img":{"alt_text":"Carille sem problemas no Corinthians","src":"https:\/\/i0.wp.com\/blogdoprosperi.com\/wp-content\/uploads\/2017\/04\/a3363f115083_8numj4t.jpg?resize=350%2C200","width":350,"height":200,"srcset":"https:\/\/i0.wp.com\/blogdoprosperi.com\/wp-content\/uploads\/2017\/04\/a3363f115083_8numj4t.jpg?resize=350%2C200 1x, https:\/\/i0.wp.com\/blogdoprosperi.com\/wp-content\/uploads\/2017\/04\/a3363f115083_8numj4t.jpg?resize=525%2C300 1.5x"},"classes":[]},{"id":35909,"url":"https:\/\/blogdoprosperi.com\/?p=35909","url_meta":{"origin":35661,"position":2},"title":"Rogerio Ceni rebate crit\u00e9rios de Tite na convoca\u00e7\u00e3o de Rodrigo Caio","author":"Luiz Ant\u00f4nio Pr\u00f3speri","date":"23 de maio de 2017","format":false,"excerpt":"Rogerio Ceni insinua que Tite teria convocado Rodrigo Caio para amistosos da Sele\u00e7\u00e3o Brasileira \u2013 contra Austr\u00e1lia e Argentina, em junho \u2013 por causa da honestidade demonstrada pelo jogador no caso do cart\u00e3o amarelo na pol\u00eamica com J\u00f4, do Corinthians. O t\u00e9cnico do S\u00e3o Paulo disse ainda que convocaria Rodrigo\u2026","rel":"","context":"Em &quot;futebol&quot;","block_context":{"text":"futebol","link":"https:\/\/blogdoprosperi.com\/?cat=53870"},"img":{"alt_text":"Ceni no Fortaleza EC","src":"https:\/\/i0.wp.com\/blogdoprosperi.com\/wp-content\/uploads\/2017\/05\/pro5-3.jpg?fit=1200%2C802&ssl=1&resize=350%2C200","width":350,"height":200,"srcset":"https:\/\/i0.wp.com\/blogdoprosperi.com\/wp-content\/uploads\/2017\/05\/pro5-3.jpg?fit=1200%2C802&ssl=1&resize=350%2C200 1x, https:\/\/i0.wp.com\/blogdoprosperi.com\/wp-content\/uploads\/2017\/05\/pro5-3.jpg?fit=1200%2C802&ssl=1&resize=525%2C300 1.5x, https:\/\/i0.wp.com\/blogdoprosperi.com\/wp-content\/uploads\/2017\/05\/pro5-3.jpg?fit=1200%2C802&ssl=1&resize=700%2C400 2x, https:\/\/i0.wp.com\/blogdoprosperi.com\/wp-content\/uploads\/2017\/05\/pro5-3.jpg?fit=1200%2C802&ssl=1&resize=1050%2C600 3x"},"classes":[]},{"id":35579,"url":"https:\/\/blogdoprosperi.com\/?p=35579","url_meta":{"origin":35661,"position":3},"title":"Rodrigo Caio vira ref\u00e9m de sua honestidade","author":"Luiz Ant\u00f4nio Pr\u00f3speri","date":"18 de abril de 2017","format":false,"excerpt":"Rodrigo Caio \u00e9 um jogador de condom\u00ednio, disse uma vez um dirigente do S\u00e3o Paulo Futebol Clube. Referia-se ao jogo simples e ao correto comportamento do, na \u00e9poca, volante promovido dos canteiros do clube. Ele nunca foi viril, nem quando atuou ou atua como zagueiro. \u00c9 daqueles que antes mesmo\u2026","rel":"","context":"Em &quot;futebol&quot;","block_context":{"text":"futebol","link":"https:\/\/blogdoprosperi.com\/?cat=53870"},"img":{"alt_text":"","src":"https:\/\/i0.wp.com\/blogdoprosperi.com\/wp-content\/uploads\/2017\/04\/iphmw2pp.jpg?fit=400%2C400&ssl=1&resize=350%2C200","width":350,"height":200},"classes":[]},{"id":36135,"url":"https:\/\/blogdoprosperi.com\/?p=36135","url_meta":{"origin":35661,"position":4},"title":"S\u00e3o Paulo assume ser inferior ao Corinthians e cai de novo no Itaquer\u00e3o","author":"Luiz Ant\u00f4nio Pr\u00f3speri","date":"11 de junho de 2017","format":false,"excerpt":"Quando se assume inferior ao advers\u00e1rio, \u00e9 preciso levar essa condi\u00e7\u00e3o do in\u00edcio ao fim do jogo. O S\u00e3o Paulo entendeu que deveria ser pequeno diante do Corinthians no cl\u00e1ssico neste domingo. Assumiu essa postura e, no momento que poderia surpreender, pagou caro com erros rid\u00edculos de sua trinca de\u2026","rel":"","context":"Em &quot;Campeonato Brasileiro&quot;","block_context":{"text":"Campeonato Brasileiro","link":"https:\/\/blogdoprosperi.com\/?cat=355071"},"img":{"alt_text":"","src":"https:\/\/i0.wp.com\/blogdoprosperi.com\/wp-content\/uploads\/2017\/06\/4c8bfae0-4eec-11e7-a734-5d94acdbd03b_gazeta-press-foto-1006403.jpg?fit=800%2C533&ssl=1&resize=350%2C200","width":350,"height":200,"srcset":"https:\/\/i0.wp.com\/blogdoprosperi.com\/wp-content\/uploads\/2017\/06\/4c8bfae0-4eec-11e7-a734-5d94acdbd03b_gazeta-press-foto-1006403.jpg?fit=800%2C533&ssl=1&resize=350%2C200 1x, https:\/\/i0.wp.com\/blogdoprosperi.com\/wp-content\/uploads\/2017\/06\/4c8bfae0-4eec-11e7-a734-5d94acdbd03b_gazeta-press-foto-1006403.jpg?fit=800%2C533&ssl=1&resize=525%2C300 1.5x, https:\/\/i0.wp.com\/blogdoprosperi.com\/wp-content\/uploads\/2017\/06\/4c8bfae0-4eec-11e7-a734-5d94acdbd03b_gazeta-press-foto-1006403.jpg?fit=800%2C533&ssl=1&resize=700%2C400 2x"},"classes":[]},{"id":35400,"url":"https:\/\/blogdoprosperi.com\/?p=35400","url_meta":{"origin":35661,"position":5},"title":"S\u00e3o Paulo vence sem sofrer e Palmeiras mostra for\u00e7a de favorito","author":"Luiz Ant\u00f4nio Pr\u00f3speri","date":"2 de abril de 2017","format":false,"excerpt":"S\u00e3o Paulo e Palmeiras, bem diferente do que apresentaram Santos e Corinthians no s\u00e1bado, encaminharam a vaga \u00e0s\u00a0semifinais do Paulist\u00e3o 2017. Cumpriram com a obriga\u00e7\u00e3o com as vit\u00f3rias em cima do Linense e Novorizontino neste domingo (02\/4). Nada de assombroso, apenas honestos com suas torcidas. Jogaram no n\u00edvel que se\u2026","rel":"","context":"Em &quot;futebol&quot;","block_context":{"text":"futebol","link":"https:\/\/blogdoprosperi.com\/?cat=53870"},"img":{"alt_text":"622_ea2d7bc4-94c4-3b07-8665-3eb91fe34b67","src":"https:\/\/i0.wp.com\/www.chuteirafc.com.br\/wp-content\/uploads\/2017\/04\/622_ea2d7bc4-94c4-3b07-8665-3eb91fe34b67.jpg?resize=350%2C200","width":350,"height":200,"srcset":"https:\/\/i0.wp.com\/www.chuteirafc.com.br\/wp-content\/uploads\/2017\/04\/622_ea2d7bc4-94c4-3b07-8665-3eb91fe34b67.jpg?resize=350%2C200 1x, https:\/\/i0.wp.com\/www.chuteirafc.com.br\/wp-content\/uploads\/2017\/04\/622_ea2d7bc4-94c4-3b07-8665-3eb91fe34b67.jpg?resize=525%2C300 1.5x"},"classes":[]}],"jetpack_featured_media_url":"","_links":{"self":[{"href":"https:\/\/blogdoprosperi.com\/index.php?rest_route=\/wp\/v2\/posts\/35661","targetHints":{"allow":["GET"]}}],"collection":[{"href":"https:\/\/blogdoprosperi.com\/index.php?rest_route=\/wp\/v2\/posts"}],"about":[{"href":"https:\/\/blogdoprosperi.com\/index.php?rest_route=\/wp\/v2\/types\/post"}],"author":[{"embeddable":true,"href":"https:\/\/blogdoprosperi.com\/index.php?rest_route=\/wp\/v2\/users\/102107496"}],"replies":[{"embeddable":true,"href":"https:\/\/blogdoprosperi.com\/index.php?rest_route=%2Fwp%2Fv2%2Fcomments&post=35661"}],"version-history":[{"count":21,"href":"https:\/\/blogdoprosperi.com\/index.php?rest_route=\/wp\/v2\/posts\/35661\/revisions"}],"predecessor-version":[{"id":35679,"href":"https:\/\/blogdoprosperi.com\/index.php?rest_route=\/wp\/v2\/posts\/35661\/revisions\/35679"}],"wp:attachment":[{"href":"https:\/\/blogdoprosperi.com\/index.php?rest_route=%2Fwp%2Fv2%2Fmedia&parent=35661"}],"wp:term":[{"taxonomy":"category","embeddable":true,"href":"https:\/\/blogdoprosperi.com\/index.php?rest_route=%2Fwp%2Fv2%2Fcategories&post=35661"},{"taxonomy":"post_tag","embeddable":true,"href":"https:\/\/blogdoprosperi.com\/index.php?rest_route=%2Fwp%2Fv2%2Ftags&post=35661"}],"curies":[{"name":"wp","href":"https:\/\/api.w.org\/{rel}","templated":true}]}}